{"id":119322,"date":"2018-12-04T00:00:00","date_gmt":"2018-12-04T00:00:00","guid":{"rendered":"http:\/\/kt.printandscreen.rs\/ftesa-publike-per-pergaditjen-e-zgjidhjeve-te-mencura-dhe-invoative\/"},"modified":"2024-07-30T19:07:12","modified_gmt":"2024-07-30T19:07:12","slug":"ftesa-publike-per-pergaditjen-e-zgjidhjeve-te-mencura-dhe-invoative","status":"publish","type":"post","link":"https:\/\/kt.gov.rs\/sq\/ftesa-publike-per-pergaditjen-e-zgjidhjeve-te-mencura-dhe-invoative\/","title":{"rendered":"FTESA PUBLIKE P\u00cbR P\u00cbRGADITJEN E ZGJIDHJEVE T\u00cb MEN\u00c7URA DHE INVOATIVE"},"content":{"rendered":"<p>\n\t<img decoding=\"async\" alt=\"\" src=\"https:\/\/kt.gov.rs\/wp-content\/uploads\/2024\/07\/1543913068_news_pic041218_2-4.jpg\" style=\"width: 315px; height: 230px; float: left;\" \/>Oda Ekonomike e Serbis\u00eb, n\u00eb kuad\u00ebr t\u00eb Projektit HUB SMART FACTORY, financuar nga Programi Transnacional i Danubit, DTP, shpalli thirrje publike p\u00ebr zbatimin e zgjidhjeve t\u00eb men\u00e7ura dhe inovative.<\/p>\n<p>\n\tQ\u00ebllimi i thirrjes \u00ebsht\u00eb t\u00eb p\u00ebrmir\u00ebsoj\u00eb efikasitetin e bizneseve mikro, t\u00eb vogla dhe t\u00eb mesme t\u00eb orientuara n\u00eb prodhim p\u00ebrmes futjes s\u00eb inovacioneve n\u00eb proceset e prodhimit. Kushtet q\u00eb duhet t\u00eb p\u00ebrmbushin aplikant\u00ebt jan\u00eb:<\/p>\n<p>\n\t\u2022 Aplikuesi mund t\u00eb jet\u00eb person juridik i orientuar drejt prodhimit, i vog\u00ebl apo i mes\u00ebm.<\/p>\n<p>\n\t\u2022\u00a0 Aplikacioni dor\u00ebzohet nga personi juridik vendor i regjistruar n\u00eb Republik\u00ebn e Serbis\u00eb, i cili ka vendosur bashk\u00ebpunim me nj\u00eb partner t\u00eb huaj nga i cili d\u00ebshiron t\u00eb marr\u00eb nj\u00eb zgjidhje t\u00eb zgjuar, inovative, teknologji t\u00eb re etj.<\/p>\n<p>\n\t\u2022\u00a0 Partneri i huaj me t\u00eb cilin subjekti juridik vendas ka vendosur bashk\u00ebpunim, nga i cili merr nj\u00eb zgjidhje &quot;t\u00eb zgjuar&quot;, inovacion etj. duhet t\u00eb jet\u00eb nj\u00eb person juridik i themeluar n\u00eb nj\u00eb nga vendet n\u00eb vijim: Austria, Bullgaria, Kroacia, Republika \u00c7eke, Gjermania, Hungaria, Rumania, Sllovakia, Sllovenia (ose n\u00eb fush\u00ebn e Programit Transnacional t\u00eb Danubit)<\/p>\n<p>\n\t\u2022\u00a0 Aplikuesi nuk mund t\u00eb jet\u00eb pronar i kapitalit ose n\u00eb ndonj\u00eb m\u00ebnyr\u00eb tjet\u00ebr t\u00eb lidhur me pjes\u00ebn n\u00eb pron\u00ebsi apo t\u00eb menaxhuar nga kompania e propozuar nga jasht\u00eb, nga t\u00eb cilat ai fiton nj\u00eb zgjidhje &quot;t\u00eb zgjuar&quot;.<\/p>\n<p>\n\t\u2022\u00a0 Aplikuesi mund t\u00eb aplikoj\u00eb n\u00eb thirrjen publike duke paraqitur vet\u00ebm nj\u00eb aplikim. N\u00ebse pranohen m\u00eb shum\u00eb se nj\u00eb aplikim n\u00eb em\u00ebr t\u00eb nj\u00eb aplikanti, merret parasysh vet\u00ebm aplikimi i par\u00eb i pranuar, nd\u00ebrsa t\u00eb tjer\u00ebt refuzohen.<\/p>\n<p>\n\tTeksti i ftes\u00ebs dhe formulary gjenden n\u00eb k\u00ebt\u00eb lin <a href=\"http:\/\/www.pks.rs\/ONama.aspx?id=1553&p=0&t=14%C2%A0\">http:\/\/www.pks.rs\/ONama.aspx?id=1553&p=0&t=14\u00a0<\/a>.<\/p>\n<p>\n\t\u00a0Ofertuesit paraqesin aplikimin n\u00eb gjuh\u00ebn angleze. Afati i fundit p\u00ebr dor\u00ebzimin e aplikacioneve \u00ebsht\u00eb <strong>14 dhjetor 2018.<\/strong> Tre aplikacione me numrin m\u00eb t\u00eb madh t\u00eb pikave do t\u00eb p\u00ebrzgjidhen p\u00ebr financim.<\/p>\n<p>\n\tT\u00eb gjitha pyetjet n\u00eb lidhje me thirrjen publike mund t\u00eb drejtohen n\u00eb <a href=\"mailto:projekti@pks.rs\">projekti@pks.rs<\/a><\/p>\n<p>\n\t<strong>Burimi: Oda Ekonomike e Serbis\u00eb dhe Trupi Koordinues<\/strong><\/p>\n<p>\n\t\u00a0<\/p>\n","protected":false},"excerpt":{"rendered":"<p>Oda Ekonomike e Serbis\u00eb, n\u00eb kuad\u00ebr t\u00eb Projektit HUB SMART FACTORY, financuar nga Programi Transnacional i Danubit, DTP, shpalli thirrje publike p\u00ebr zbatimin e zgjidhjeve t\u00eb men\u00e7ura dhe inovative.<\/p>\n","protected":false},"author":1,"featured_media":119327,"comment_status":"closed","ping_status":"closed","sticky":false,"template":"","format":"standard","meta":{"footnotes":""},"categories":[55],"tags":[],"class_list":["post-119322","post","type-post","status-publish","format-standard","has-post-thumbnail","hentry","category-lajme"],"yoast_head":"<!-- This site is optimized with the Yoast SEO plugin v27.5 - https:\/\/yoast.com\/product\/yoast-seo-wordpress\/ -->\n<title>FTESA PUBLIKE P\u00cbR P\u00cbRGADITJEN E ZGJIDHJEVE T\u00cb MEN\u00c7URA DHE INVOATIVE - Republika e S\u00ebrbis\u00eb Trupi Koordinues p\u00ebr komunat Bujanoc, Preshev\u00eb dhe Medvegj\u00eb<\/title>\n<meta name=\"robots\" content=\"index, follow, max-snippet:-1, max-image-preview:large, max-video-preview:-1\" \/>\n<link rel=\"canonical\" href=\"https:\/\/kt.gov.rs\/sq\/ftesa-publike-per-pergaditjen-e-zgjidhjeve-te-mencura-dhe-invoative\/\" \/>\n<meta property=\"og:locale\" content=\"sq_AL\" \/>\n<meta property=\"og:type\" content=\"article\" \/>\n<meta property=\"og:title\" content=\"FTESA PUBLIKE P\u00cbR P\u00cbRGADITJEN E ZGJIDHJEVE T\u00cb MEN\u00c7URA DHE INVOATIVE - Republika e S\u00ebrbis\u00eb Trupi Koordinues p\u00ebr komunat Bujanoc, Preshev\u00eb dhe Medvegj\u00eb\" \/>\n<meta property=\"og:description\" content=\"Oda Ekonomike e Serbis\u00eb, n\u00eb kuad\u00ebr t\u00eb Projektit HUB SMART FACTORY, financuar nga Programi Transnacional i Danubit, DTP, shpalli thirrje publike p\u00ebr zbatimin e zgjidhjeve t\u00eb men\u00e7ura dhe inovative.\" \/>\n<meta property=\"og:url\" content=\"https:\/\/kt.gov.rs\/sq\/ftesa-publike-per-pergaditjen-e-zgjidhjeve-te-mencura-dhe-invoative\/\" \/>\n<meta property=\"og:site_name\" content=\"Republika e S\u00ebrbis\u00eb Trupi Koordinues p\u00ebr komunat Bujanoc, Preshev\u00eb dhe Medvegj\u00eb\" \/>\n<meta property=\"article:publisher\" content=\"https:\/\/www.facebook.com\/SluzbaKoordinacionogTelaVladeRepublikeSrbije\" \/>\n<meta property=\"article:published_time\" content=\"2018-12-04T00:00:00+00:00\" \/>\n<meta property=\"article:modified_time\" content=\"2024-07-30T19:07:12+00:00\" \/>\n<meta property=\"og:image\" content=\"https:\/\/kt.gov.rs\/wp-content\/uploads\/2024\/07\/1543913068_news_pic041218_2-5.jpg\" \/>\n\t<meta property=\"og:image:width\" content=\"315\" \/>\n\t<meta property=\"og:image:height\" content=\"230\" \/>\n\t<meta property=\"og:image:type\" content=\"image\/jpeg\" \/>\n<meta name=\"author\" content=\"ktmin\" \/>\n<meta name=\"twitter:card\" content=\"summary_large_image\" \/>\n<meta name=\"twitter:creator\" content=\"@kt_gov\" \/>\n<meta name=\"twitter:site\" content=\"@kt_gov\" \/>\n<meta name=\"twitter:label1\" content=\"Written by\" \/>\n\t<meta name=\"twitter:data1\" content=\"ktmin\" \/>\n\t<meta name=\"twitter:label2\" content=\"Est. reading time\" \/>\n\t<meta name=\"twitter:data2\" content=\"2 minutes\" \/>\n<script type=\"application\/ld+json\" class=\"yoast-schema-graph\">{\"@context\":\"https:\\\/\\\/schema.org\",\"@graph\":[{\"@type\":\"Article\",\"@id\":\"https:\\\/\\\/kt.gov.rs\\\/sq\\\/ftesa-publike-per-pergaditjen-e-zgjidhjeve-te-mencura-dhe-invoative\\\/#article\",\"isPartOf\":{\"@id\":\"https:\\\/\\\/kt.gov.rs\\\/sq\\\/ftesa-publike-per-pergaditjen-e-zgjidhjeve-te-mencura-dhe-invoative\\\/\"},\"author\":{\"name\":\"ktmin\",\"@id\":\"https:\\\/\\\/kt.gov.rs\\\/#\\\/schema\\\/person\\\/e426459ddb4173309103390602694571\"},\"headline\":\"FTESA PUBLIKE P\u00cbR P\u00cbRGADITJEN E ZGJIDHJEVE T\u00cb MEN\u00c7URA DHE INVOATIVE\",\"datePublished\":\"2018-12-04T00:00:00+00:00\",\"dateModified\":\"2024-07-30T19:07:12+00:00\",\"mainEntityOfPage\":{\"@id\":\"https:\\\/\\\/kt.gov.rs\\\/sq\\\/ftesa-publike-per-pergaditjen-e-zgjidhjeve-te-mencura-dhe-invoative\\\/\"},\"wordCount\":489,\"publisher\":{\"@id\":\"https:\\\/\\\/kt.gov.rs\\\/#organization\"},\"image\":{\"@id\":\"https:\\\/\\\/kt.gov.rs\\\/sq\\\/ftesa-publike-per-pergaditjen-e-zgjidhjeve-te-mencura-dhe-invoative\\\/#primaryimage\"},\"thumbnailUrl\":\"https:\\\/\\\/kt.gov.rs\\\/wp-content\\\/uploads\\\/2024\\\/07\\\/1543913068_news_pic041218_2-5.jpg\",\"articleSection\":[\"Lajme\"],\"inLanguage\":\"sq-AL\"},{\"@type\":\"WebPage\",\"@id\":\"https:\\\/\\\/kt.gov.rs\\\/sq\\\/ftesa-publike-per-pergaditjen-e-zgjidhjeve-te-mencura-dhe-invoative\\\/\",\"url\":\"https:\\\/\\\/kt.gov.rs\\\/sq\\\/ftesa-publike-per-pergaditjen-e-zgjidhjeve-te-mencura-dhe-invoative\\\/\",\"name\":\"FTESA PUBLIKE P\u00cbR P\u00cbRGADITJEN E ZGJIDHJEVE T\u00cb MEN\u00c7URA DHE INVOATIVE - Republika e S\u00ebrbis\u00eb Trupi Koordinues p\u00ebr komunat Bujanoc, Preshev\u00eb dhe Medvegj\u00eb\",\"isPartOf\":{\"@id\":\"https:\\\/\\\/kt.gov.rs\\\/#website\"},\"primaryImageOfPage\":{\"@id\":\"https:\\\/\\\/kt.gov.rs\\\/sq\\\/ftesa-publike-per-pergaditjen-e-zgjidhjeve-te-mencura-dhe-invoative\\\/#primaryimage\"},\"image\":{\"@id\":\"https:\\\/\\\/kt.gov.rs\\\/sq\\\/ftesa-publike-per-pergaditjen-e-zgjidhjeve-te-mencura-dhe-invoative\\\/#primaryimage\"},\"thumbnailUrl\":\"https:\\\/\\\/kt.gov.rs\\\/wp-content\\\/uploads\\\/2024\\\/07\\\/1543913068_news_pic041218_2-5.jpg\",\"datePublished\":\"2018-12-04T00:00:00+00:00\",\"dateModified\":\"2024-07-30T19:07:12+00:00\",\"breadcrumb\":{\"@id\":\"https:\\\/\\\/kt.gov.rs\\\/sq\\\/ftesa-publike-per-pergaditjen-e-zgjidhjeve-te-mencura-dhe-invoative\\\/#breadcrumb\"},\"inLanguage\":\"sq-AL\",\"potentialAction\":[{\"@type\":\"ReadAction\",\"target\":[\"https:\\\/\\\/kt.gov.rs\\\/sq\\\/ftesa-publike-per-pergaditjen-e-zgjidhjeve-te-mencura-dhe-invoative\\\/\"]}]},{\"@type\":\"ImageObject\",\"inLanguage\":\"sq-AL\",\"@id\":\"https:\\\/\\\/kt.gov.rs\\\/sq\\\/ftesa-publike-per-pergaditjen-e-zgjidhjeve-te-mencura-dhe-invoative\\\/#primaryimage\",\"url\":\"https:\\\/\\\/kt.gov.rs\\\/wp-content\\\/uploads\\\/2024\\\/07\\\/1543913068_news_pic041218_2-5.jpg\",\"contentUrl\":\"https:\\\/\\\/kt.gov.rs\\\/wp-content\\\/uploads\\\/2024\\\/07\\\/1543913068_news_pic041218_2-5.jpg\",\"width\":315,\"height\":230},{\"@type\":\"BreadcrumbList\",\"@id\":\"https:\\\/\\\/kt.gov.rs\\\/sq\\\/ftesa-publike-per-pergaditjen-e-zgjidhjeve-te-mencura-dhe-invoative\\\/#breadcrumb\",\"itemListElement\":[{\"@type\":\"ListItem\",\"position\":1,\"name\":\"\u041f\u043e\u0447\u0435\u0442\u043d\u0430\",\"item\":\"https:\\\/\\\/kt.gov.rs\\\/sq\\\/\"},{\"@type\":\"ListItem\",\"position\":2,\"name\":\"FTESA PUBLIKE P\u00cbR P\u00cbRGADITJEN E ZGJIDHJEVE T\u00cb MEN\u00c7URA DHE INVOATIVE\"}]},{\"@type\":\"WebSite\",\"@id\":\"https:\\\/\\\/kt.gov.rs\\\/#website\",\"url\":\"https:\\\/\\\/kt.gov.rs\\\/\",\"name\":\"\u041a\u043e\u043e\u0440\u0434\u0438\u043d\u0430\u0446\u0438\u043e\u043d\u043e \u0442\u0435\u043b\u043e \u0412\u043b\u0430\u0434\u0435 \u0420\u0435\u043f\u0443\u0431\u043b\u0438\u043a\u0435 \u0421\u0440\u0431\u0438\u0458\u0435 \u0437\u0430 \u043e\u043f\u0448\u0442\u0438\u043d\u0435 \u041f\u0440\u0435\u0448\u0435\u0432\u043e, \u0411\u0443\u0458\u0430\u043d\u043e\u0432\u0430\u0446 \u0438 \u041c\u0435\u0434\u0432\u0435\u0452a\",\"description\":\"\",\"publisher\":{\"@id\":\"https:\\\/\\\/kt.gov.rs\\\/#organization\"},\"alternateName\":\"\u041a\u043e\u043e\u0440\u0434\u0438\u043d\u0430\u0446\u0438\u043e\u043d\u043e \u0442\u0435\u043b\u043e\",\"potentialAction\":[{\"@type\":\"SearchAction\",\"target\":{\"@type\":\"EntryPoint\",\"urlTemplate\":\"https:\\\/\\\/kt.gov.rs\\\/?s={search_term_string}\"},\"query-input\":{\"@type\":\"PropertyValueSpecification\",\"valueRequired\":true,\"valueName\":\"search_term_string\"}}],\"inLanguage\":\"sq-AL\"},{\"@type\":\"Organization\",\"@id\":\"https:\\\/\\\/kt.gov.rs\\\/#organization\",\"name\":\"\u041a\u043e\u043e\u0440\u0434\u0438\u043d\u0430\u0446\u0438\u043e\u043d\u043e \u0442\u0435\u043b\u043e \u0412\u043b\u0430\u0434\u0435 \u0420\u0435\u043f\u0443\u0431\u043b\u0438\u043a\u0435 \u0421\u0440\u0431\u0438\u0458\u0435 \u0437\u0430 \u043e\u043f\u0448\u0442\u0438\u043d\u0435 \u041f\u0440\u0435\u0448\u0435\u0432\u043e, \u0411\u0443\u0458\u0430\u043d\u043e\u0432\u0430\u0446 \u0438 \u041c\u0435\u0434\u0432\u0435\u0452a\",\"alternateName\":\"\u041a\u043e\u043e\u0440\u0434\u0438\u043d\u0430\u0446\u0438\u043e\u043d\u043e \u0442\u0435\u043b\u043e\",\"url\":\"https:\\\/\\\/kt.gov.rs\\\/\",\"logo\":{\"@type\":\"ImageObject\",\"inLanguage\":\"sq-AL\",\"@id\":\"https:\\\/\\\/kt.gov.rs\\\/#\\\/schema\\\/logo\\\/image\\\/\",\"url\":\"https:\\\/\\\/kt.gov.rs\\\/wp-content\\\/uploads\\\/2024\\\/12\\\/koord2.jpg\",\"contentUrl\":\"https:\\\/\\\/kt.gov.rs\\\/wp-content\\\/uploads\\\/2024\\\/12\\\/koord2.jpg\",\"width\":640,\"height\":480,\"caption\":\"\u041a\u043e\u043e\u0440\u0434\u0438\u043d\u0430\u0446\u0438\u043e\u043d\u043e \u0442\u0435\u043b\u043e \u0412\u043b\u0430\u0434\u0435 \u0420\u0435\u043f\u0443\u0431\u043b\u0438\u043a\u0435 \u0421\u0440\u0431\u0438\u0458\u0435 \u0437\u0430 \u043e\u043f\u0448\u0442\u0438\u043d\u0435 \u041f\u0440\u0435\u0448\u0435\u0432\u043e, \u0411\u0443\u0458\u0430\u043d\u043e\u0432\u0430\u0446 \u0438 \u041c\u0435\u0434\u0432\u0435\u0452a\"},\"image\":{\"@id\":\"https:\\\/\\\/kt.gov.rs\\\/#\\\/schema\\\/logo\\\/image\\\/\"},\"sameAs\":[\"https:\\\/\\\/www.facebook.com\\\/SluzbaKoordinacionogTelaVladeRepublikeSrbije\",\"https:\\\/\\\/x.com\\\/kt_gov\",\"https:\\\/\\\/www.youtube.com\\\/@koordinacionotelo\"]},{\"@type\":\"Person\",\"@id\":\"https:\\\/\\\/kt.gov.rs\\\/#\\\/schema\\\/person\\\/e426459ddb4173309103390602694571\",\"name\":\"ktmin\",\"image\":{\"@type\":\"ImageObject\",\"inLanguage\":\"sq-AL\",\"@id\":\"https:\\\/\\\/secure.gravatar.com\\\/avatar\\\/3985c961109853010c3fbc7ba30365bfba5db3dd6c525831d9c595c7525a615a?s=96&d=mm&r=g\",\"url\":\"https:\\\/\\\/secure.gravatar.com\\\/avatar\\\/3985c961109853010c3fbc7ba30365bfba5db3dd6c525831d9c595c7525a615a?s=96&d=mm&r=g\",\"contentUrl\":\"https:\\\/\\\/secure.gravatar.com\\\/avatar\\\/3985c961109853010c3fbc7ba30365bfba5db3dd6c525831d9c595c7525a615a?s=96&d=mm&r=g\",\"caption\":\"ktmin\"},\"sameAs\":[\"https:\\\/\\\/kt.gov.rs\"],\"url\":\"https:\\\/\\\/kt.gov.rs\\\/sq\\\/author\\\/ktmin\\\/\"}]}<\/script>\n<!-- \/ Yoast SEO plugin. -->","yoast_head_json":{"title":"FTESA PUBLIKE P\u00cbR P\u00cbRGADITJEN E ZGJIDHJEVE T\u00cb MEN\u00c7URA DHE INVOATIVE - Republika e S\u00ebrbis\u00eb Trupi Koordinues p\u00ebr komunat Bujanoc, Preshev\u00eb dhe Medvegj\u00eb","robots":{"index":"index","follow":"follow","max-snippet":"max-snippet:-1","max-image-preview":"max-image-preview:large","max-video-preview":"max-video-preview:-1"},"canonical":"https:\/\/kt.gov.rs\/sq\/ftesa-publike-per-pergaditjen-e-zgjidhjeve-te-mencura-dhe-invoative\/","og_locale":"sq_AL","og_type":"article","og_title":"FTESA PUBLIKE P\u00cbR P\u00cbRGADITJEN E ZGJIDHJEVE T\u00cb MEN\u00c7URA DHE INVOATIVE - Republika e S\u00ebrbis\u00eb Trupi Koordinues p\u00ebr komunat Bujanoc, Preshev\u00eb dhe Medvegj\u00eb","og_description":"Oda Ekonomike e Serbis\u00eb, n\u00eb kuad\u00ebr t\u00eb Projektit HUB SMART FACTORY, financuar nga Programi Transnacional i Danubit, DTP, shpalli thirrje publike p\u00ebr zbatimin e zgjidhjeve t\u00eb men\u00e7ura dhe inovative.","og_url":"https:\/\/kt.gov.rs\/sq\/ftesa-publike-per-pergaditjen-e-zgjidhjeve-te-mencura-dhe-invoative\/","og_site_name":"Republika e S\u00ebrbis\u00eb Trupi Koordinues p\u00ebr komunat Bujanoc, Preshev\u00eb dhe Medvegj\u00eb","article_publisher":"https:\/\/www.facebook.com\/SluzbaKoordinacionogTelaVladeRepublikeSrbije","article_published_time":"2018-12-04T00:00:00+00:00","article_modified_time":"2024-07-30T19:07:12+00:00","og_image":[{"width":315,"height":230,"url":"https:\/\/kt.gov.rs\/wp-content\/uploads\/2024\/07\/1543913068_news_pic041218_2-5.jpg","type":"image\/jpeg"}],"author":"ktmin","twitter_card":"summary_large_image","twitter_creator":"@kt_gov","twitter_site":"@kt_gov","twitter_misc":{"Written by":"ktmin","Est. reading time":"2 minutes"},"schema":{"@context":"https:\/\/schema.org","@graph":[{"@type":"Article","@id":"https:\/\/kt.gov.rs\/sq\/ftesa-publike-per-pergaditjen-e-zgjidhjeve-te-mencura-dhe-invoative\/#article","isPartOf":{"@id":"https:\/\/kt.gov.rs\/sq\/ftesa-publike-per-pergaditjen-e-zgjidhjeve-te-mencura-dhe-invoative\/"},"author":{"name":"ktmin","@id":"https:\/\/kt.gov.rs\/#\/schema\/person\/e426459ddb4173309103390602694571"},"headline":"FTESA PUBLIKE P\u00cbR P\u00cbRGADITJEN E ZGJIDHJEVE T\u00cb MEN\u00c7URA DHE INVOATIVE","datePublished":"2018-12-04T00:00:00+00:00","dateModified":"2024-07-30T19:07:12+00:00","mainEntityOfPage":{"@id":"https:\/\/kt.gov.rs\/sq\/ftesa-publike-per-pergaditjen-e-zgjidhjeve-te-mencura-dhe-invoative\/"},"wordCount":489,"publisher":{"@id":"https:\/\/kt.gov.rs\/#organization"},"image":{"@id":"https:\/\/kt.gov.rs\/sq\/ftesa-publike-per-pergaditjen-e-zgjidhjeve-te-mencura-dhe-invoative\/#primaryimage"},"thumbnailUrl":"https:\/\/kt.gov.rs\/wp-content\/uploads\/2024\/07\/1543913068_news_pic041218_2-5.jpg","articleSection":["Lajme"],"inLanguage":"sq-AL"},{"@type":"WebPage","@id":"https:\/\/kt.gov.rs\/sq\/ftesa-publike-per-pergaditjen-e-zgjidhjeve-te-mencura-dhe-invoative\/","url":"https:\/\/kt.gov.rs\/sq\/ftesa-publike-per-pergaditjen-e-zgjidhjeve-te-mencura-dhe-invoative\/","name":"FTESA PUBLIKE P\u00cbR P\u00cbRGADITJEN E ZGJIDHJEVE T\u00cb MEN\u00c7URA DHE INVOATIVE - Republika e S\u00ebrbis\u00eb Trupi Koordinues p\u00ebr komunat Bujanoc, Preshev\u00eb dhe Medvegj\u00eb","isPartOf":{"@id":"https:\/\/kt.gov.rs\/#website"},"primaryImageOfPage":{"@id":"https:\/\/kt.gov.rs\/sq\/ftesa-publike-per-pergaditjen-e-zgjidhjeve-te-mencura-dhe-invoative\/#primaryimage"},"image":{"@id":"https:\/\/kt.gov.rs\/sq\/ftesa-publike-per-pergaditjen-e-zgjidhjeve-te-mencura-dhe-invoative\/#primaryimage"},"thumbnailUrl":"https:\/\/kt.gov.rs\/wp-content\/uploads\/2024\/07\/1543913068_news_pic041218_2-5.jpg","datePublished":"2018-12-04T00:00:00+00:00","dateModified":"2024-07-30T19:07:12+00:00","breadcrumb":{"@id":"https:\/\/kt.gov.rs\/sq\/ftesa-publike-per-pergaditjen-e-zgjidhjeve-te-mencura-dhe-invoative\/#breadcrumb"},"inLanguage":"sq-AL","potentialAction":[{"@type":"ReadAction","target":["https:\/\/kt.gov.rs\/sq\/ftesa-publike-per-pergaditjen-e-zgjidhjeve-te-mencura-dhe-invoative\/"]}]},{"@type":"ImageObject","inLanguage":"sq-AL","@id":"https:\/\/kt.gov.rs\/sq\/ftesa-publike-per-pergaditjen-e-zgjidhjeve-te-mencura-dhe-invoative\/#primaryimage","url":"https:\/\/kt.gov.rs\/wp-content\/uploads\/2024\/07\/1543913068_news_pic041218_2-5.jpg","contentUrl":"https:\/\/kt.gov.rs\/wp-content\/uploads\/2024\/07\/1543913068_news_pic041218_2-5.jpg","width":315,"height":230},{"@type":"BreadcrumbList","@id":"https:\/\/kt.gov.rs\/sq\/ftesa-publike-per-pergaditjen-e-zgjidhjeve-te-mencura-dhe-invoative\/#breadcrumb","itemListElement":[{"@type":"ListItem","position":1,"name":"\u041f\u043e\u0447\u0435\u0442\u043d\u0430","item":"https:\/\/kt.gov.rs\/sq\/"},{"@type":"ListItem","position":2,"name":"FTESA PUBLIKE P\u00cbR P\u00cbRGADITJEN E ZGJIDHJEVE T\u00cb MEN\u00c7URA DHE INVOATIVE"}]},{"@type":"WebSite","@id":"https:\/\/kt.gov.rs\/#website","url":"https:\/\/kt.gov.rs\/","name":"\u041a\u043e\u043e\u0440\u0434\u0438\u043d\u0430\u0446\u0438\u043e\u043d\u043e \u0442\u0435\u043b\u043e \u0412\u043b\u0430\u0434\u0435 \u0420\u0435\u043f\u0443\u0431\u043b\u0438\u043a\u0435 \u0421\u0440\u0431\u0438\u0458\u0435 \u0437\u0430 \u043e\u043f\u0448\u0442\u0438\u043d\u0435 \u041f\u0440\u0435\u0448\u0435\u0432\u043e, \u0411\u0443\u0458\u0430\u043d\u043e\u0432\u0430\u0446 \u0438 \u041c\u0435\u0434\u0432\u0435\u0452a","description":"","publisher":{"@id":"https:\/\/kt.gov.rs\/#organization"},"alternateName":"\u041a\u043e\u043e\u0440\u0434\u0438\u043d\u0430\u0446\u0438\u043e\u043d\u043e \u0442\u0435\u043b\u043e","potentialAction":[{"@type":"SearchAction","target":{"@type":"EntryPoint","urlTemplate":"https:\/\/kt.gov.rs\/?s={search_term_string}"},"query-input":{"@type":"PropertyValueSpecification","valueRequired":true,"valueName":"search_term_string"}}],"inLanguage":"sq-AL"},{"@type":"Organization","@id":"https:\/\/kt.gov.rs\/#organization","name":"\u041a\u043e\u043e\u0440\u0434\u0438\u043d\u0430\u0446\u0438\u043e\u043d\u043e \u0442\u0435\u043b\u043e \u0412\u043b\u0430\u0434\u0435 \u0420\u0435\u043f\u0443\u0431\u043b\u0438\u043a\u0435 \u0421\u0440\u0431\u0438\u0458\u0435 \u0437\u0430 \u043e\u043f\u0448\u0442\u0438\u043d\u0435 \u041f\u0440\u0435\u0448\u0435\u0432\u043e, \u0411\u0443\u0458\u0430\u043d\u043e\u0432\u0430\u0446 \u0438 \u041c\u0435\u0434\u0432\u0435\u0452a","alternateName":"\u041a\u043e\u043e\u0440\u0434\u0438\u043d\u0430\u0446\u0438\u043e\u043d\u043e \u0442\u0435\u043b\u043e","url":"https:\/\/kt.gov.rs\/","logo":{"@type":"ImageObject","inLanguage":"sq-AL","@id":"https:\/\/kt.gov.rs\/#\/schema\/logo\/image\/","url":"https:\/\/kt.gov.rs\/wp-content\/uploads\/2024\/12\/koord2.jpg","contentUrl":"https:\/\/kt.gov.rs\/wp-content\/uploads\/2024\/12\/koord2.jpg","width":640,"height":480,"caption":"\u041a\u043e\u043e\u0440\u0434\u0438\u043d\u0430\u0446\u0438\u043e\u043d\u043e \u0442\u0435\u043b\u043e \u0412\u043b\u0430\u0434\u0435 \u0420\u0435\u043f\u0443\u0431\u043b\u0438\u043a\u0435 \u0421\u0440\u0431\u0438\u0458\u0435 \u0437\u0430 \u043e\u043f\u0448\u0442\u0438\u043d\u0435 \u041f\u0440\u0435\u0448\u0435\u0432\u043e, \u0411\u0443\u0458\u0430\u043d\u043e\u0432\u0430\u0446 \u0438 \u041c\u0435\u0434\u0432\u0435\u0452a"},"image":{"@id":"https:\/\/kt.gov.rs\/#\/schema\/logo\/image\/"},"sameAs":["https:\/\/www.facebook.com\/SluzbaKoordinacionogTelaVladeRepublikeSrbije","https:\/\/x.com\/kt_gov","https:\/\/www.youtube.com\/@koordinacionotelo"]},{"@type":"Person","@id":"https:\/\/kt.gov.rs\/#\/schema\/person\/e426459ddb4173309103390602694571","name":"ktmin","image":{"@type":"ImageObject","inLanguage":"sq-AL","@id":"https:\/\/secure.gravatar.com\/avatar\/3985c961109853010c3fbc7ba30365bfba5db3dd6c525831d9c595c7525a615a?s=96&d=mm&r=g","url":"https:\/\/secure.gravatar.com\/avatar\/3985c961109853010c3fbc7ba30365bfba5db3dd6c525831d9c595c7525a615a?s=96&d=mm&r=g","contentUrl":"https:\/\/secure.gravatar.com\/avatar\/3985c961109853010c3fbc7ba30365bfba5db3dd6c525831d9c595c7525a615a?s=96&d=mm&r=g","caption":"ktmin"},"sameAs":["https:\/\/kt.gov.rs"],"url":"https:\/\/kt.gov.rs\/sq\/author\/ktmin\/"}]}},"_links":{"self":[{"href":"https:\/\/kt.gov.rs\/sq\/wp-json\/wp\/v2\/posts\/119322","targetHints":{"allow":["GET"]}}],"collection":[{"href":"https:\/\/kt.gov.rs\/sq\/wp-json\/wp\/v2\/posts"}],"about":[{"href":"https:\/\/kt.gov.rs\/sq\/wp-json\/wp\/v2\/types\/post"}],"author":[{"embeddable":true,"href":"https:\/\/kt.gov.rs\/sq\/wp-json\/wp\/v2\/users\/1"}],"replies":[{"embeddable":true,"href":"https:\/\/kt.gov.rs\/sq\/wp-json\/wp\/v2\/comments?post=119322"}],"version-history":[{"count":1,"href":"https:\/\/kt.gov.rs\/sq\/wp-json\/wp\/v2\/posts\/119322\/revisions"}],"predecessor-version":[{"id":119326,"href":"https:\/\/kt.gov.rs\/sq\/wp-json\/wp\/v2\/posts\/119322\/revisions\/119326"}],"wp:featuredmedia":[{"embeddable":true,"href":"https:\/\/kt.gov.rs\/sq\/wp-json\/wp\/v2\/media\/119327"}],"wp:attachment":[{"href":"https:\/\/kt.gov.rs\/sq\/wp-json\/wp\/v2\/media?parent=119322"}],"wp:term":[{"taxonomy":"category","embeddable":true,"href":"https:\/\/kt.gov.rs\/sq\/wp-json\/wp\/v2\/categories?post=119322"},{"taxonomy":"post_tag","embeddable":true,"href":"https:\/\/kt.gov.rs\/sq\/wp-json\/wp\/v2\/tags?post=119322"}],"curies":[{"name":"wp","href":"https:\/\/api.w.org\/{rel}","templated":true}]}}