{"id":118753,"date":"2019-02-25T00:00:00","date_gmt":"2019-02-25T00:00:00","guid":{"rendered":"http:\/\/kt.printandscreen.rs\/perkrahja-e-eu-se-per-sipermarrjet-mikro-dhe-te-vogla-kyce-per-rritjen-e-zhvillimit-ekonomik-dhe-rritjen-e-punesimit\/"},"modified":"2024-07-30T19:06:17","modified_gmt":"2024-07-30T19:06:17","slug":"perkrahja-e-eu-se-per-sipermarrjet-mikro-dhe-te-vogla-kyce-per-rritjen-e-zhvillimit-ekonomik-dhe-rritjen-e-punesimit","status":"publish","type":"post","link":"https:\/\/kt.gov.rs\/sq\/perkrahja-e-eu-se-per-sipermarrjet-mikro-dhe-te-vogla-kyce-per-rritjen-e-zhvillimit-ekonomik-dhe-rritjen-e-punesimit\/","title":{"rendered":"P\u00cbRKRAHJA E EU-S\u00cb P\u00cbR SIP\u00cbRMARRJET MIKRO DHE T\u00cb VOGLA KY\u00c7E P\u00cbR RRITJEN E ZHVILLIMIT EKONOMIK DHE RRITJEN E PUN\u00cbSIMIT"},"content":{"rendered":"<p>\n\t<strong><img decoding=\"async\" alt=\"\" src=\"https:\/\/kt.gov.rs\/wp-content\/uploads\/2024\/07\/1551087993_25022019_1-2.jpg\" style=\"width: 315px; height: 230px; float: left;\" \/><\/strong><strong>Bujanoc \u2013<\/strong> N\u00eb Bujanoc u dor\u00ebzuan kontratat p\u00ebr 38 kompani nga Rrethi i Zaje\u00e7ari, Jabllanic\u00ebs, Nishav\u00ebs, Pirotit, P\u00e7inj\u00ebs dhe Toplic\u00ebs.<\/p>\n<p>\n\t&quot;Bashkimi Europian (BE) ofron mb\u00ebshtetje p\u00ebr nd\u00ebrmarrjet mikro dhe t\u00eb vogla q\u00eb p\u00ebrb\u00ebjn\u00eb 90 p\u00ebr qind t\u00eb t\u00eb gjitha nd\u00ebrmarrjeve dhe jan\u00eb shtylla ekonomike si n\u00eb Serbi dhe n\u00eb vendet e BE&quot;, tha shefi i Delegacionit t\u00eb Bashkimit Europian n\u00eb Serbi, Ambasadori Sem Fabrici, gjat\u00eb dh\u00ebnies kontratave mbi donacionet p\u00ebr grupin e par\u00eb prej 38 nga 106 kompani nga Serbia jugore projektet e t\u00eb cil\u00ebve jan\u00eb p\u00ebrzgjedhur p\u00ebrmes programit EU PRO.<\/p>\n<p>\n\t&quot;Duke mb\u00ebshtetur kompanit\u00eb tuaja, ne tregojm\u00eb se idet\u00eb e mira gjithmon\u00eb do t\u00eb ken\u00eb mb\u00ebshtetje dhe se ju duhet t\u00eb krijoni t\u00eb ardhmen, t\u00eb udh\u00ebheqni bizneset tuaja dhe t\u00eb pun\u00ebsoni njer\u00ebz. Bashkimi Europian \u00ebsht\u00eb k\u00ebtu p\u00ebr t&#39;ju ndihmuar p\u00ebrmes programeve tuaja t\u00eb BE-s\u00eb p\u00ebr t\u00eb realizuar idet\u00eb tuaja dhe t&#39;i shnd\u00ebrroni ato n\u00eb mund\u00ebsi biznesi &quot;, tha kreu i Delegacionit t\u00eb BE-s\u00eb p\u00ebr Sip\u00ebrmarr\u00ebsit dhe Sip\u00ebrmarr\u00ebsit, duke shtuar se Bashkimi Europian do t\u00eb vazhdoj\u00eb t\u00eb ndihmoj\u00eb k\u00ebt\u00eb pjes\u00eb t\u00eb vendit p\u00ebrmes instrumeteve politike, financiare dhe sociale. \u00a0<\/p>\n<p>\n\tBashkimi Europian ka mb\u00ebshtetur m\u00eb shum\u00eb se dy milion\u00eb euro kompanit\u00eb mikro dhe t\u00eb vogla nga juglindja dhe jugper\u00ebndimi i Serbis\u00eb, duke pasur parasysh se ato jan\u00eb \u00e7el\u00ebsi p\u00ebr arritjen e rritjes ekonomike dhe krijimit t\u00eb vendeve t\u00eb pun\u00ebs. Nd\u00ebrmarrjet, kryesisht t\u00eb angazhuara n\u00eb prodhimin e ushqimeve, mobiljeve, tekstilit dhe veshjeve, p\u00ebrpunimit t\u00eb drurit dhe metalit, do t\u00eb marrin pajisje t\u00eb reja p\u00ebr t\u00eb rritur prodhimin dhe cil\u00ebsin\u00eb e produktit, dhe n\u00eb vitin e par\u00eb ata do t\u00eb pun\u00ebsojn\u00eb 255 persona, q\u00eb do t\u00eb rris numrin prej 25%\u00a0 nga momenti i tanish\u00ebm i t\u00eb pun\u00ebsuarve.<\/p>\n<p>\n\tShefja e Zyr\u00ebs s\u00eb Kombeve t\u00eb Bashkuara p\u00ebr Sh\u00ebrbimet e Projektit (UNOPS) n\u00eb Serbi, e cila zbaton programin EU PRO-s, Mikela Telatin u tha kompanive fituese se \u00ebsht\u00eb e r\u00ebnd\u00ebsishme t\u00eb japin shembuj t\u00eb mir\u00eb n\u00eb komunitetet e tyre dhe t\u00eb promovojn\u00eb ndryshime pozitive q\u00eb kontribuojn\u00eb n\u00eb nj\u00eb jet\u00eb m\u00eb t\u00eb mir\u00eb t\u00eb qytetar\u00ebve.<\/p>\n<p>\n\t&quot;P\u00ebrmes zbatimit t\u00eb programit EU PRO-s, UNOPS-i do t\u00eb krijoj\u00eb sinergji duke promovuar sip\u00ebrmarrjen, duke zhvilluar infrastruktur\u00ebn lokale dhe ekonomike dhe kohezionin social dhe duke p\u00ebrmir\u00ebsuar cil\u00ebsin\u00eb e jet\u00ebs s\u00eb popullsis\u00eb. Ky \u00ebsht\u00eb nj\u00ebkoh\u00ebsisht edhe mandati i UNOPS -it p\u00ebr t\u00eb mb\u00ebshtetur njer\u00ebzit p\u00ebr t\u00eb krijuar nj\u00eb jet\u00eb m\u00eb t\u00eb mire, nd\u00ebrsa shtetet p\u00ebr arritur zhvillim t\u00eb q\u00ebndruesh\u00ebm\u201d, tha Mikel Telatin.<\/p>\n<p>\n\tThirrja u zhvillua n\u00eb bashk\u00ebpunim me Ministrin\u00eb e Integrimit Evropian, Ministrin\u00eb e Ekonomis\u00eb, Agjencin\u00eb e Zhvillimit t\u00eb Serbis\u00eb, agjencit\u00eb rajonale t\u00eb zhvillimit dhe odat e tregtis\u00eb, dhe mb\u00ebshtetje t\u00eb konsiderueshme u ofruan nga qeverit\u00eb lokale t\u00eb p\u00ebrfshira n\u00eb zbatimin e programeve t\u00eb EU PRO-s.<\/p>\n<p>\n\t&quot;Stimuj t\u00eb tilla t\u00eb ofruara nga Bashkimi Europian kontribuojn\u00eb n\u00eb p\u00ebrpjekjet e qeverive lokale p\u00ebr t\u00eb avansuar zhvillimin e komunave, nd\u00ebrsa jam i k\u00ebnaqur q\u00eb pes\u00eb kompani nga Bujanoci dhe Presheva kan\u00eb marr\u00eb k\u00ebt\u00eb mb\u00ebshtetje&quot;, tha Shaip Kamberi, kryetari i komun\u00ebs s\u00eb Bujanocit.<\/p>\n<p>\n\tAmbasadori i BE-s\u00eb, Sem Fabrici gjat\u00eb vizit\u00ebs s\u00eb tij n\u00eb jug t\u00eb Serbis\u00eb n\u00eb Bujanoc, u takua edhe me kryetarin e komun\u00ebs Shaip Kamberin, si dhe me kryetarin e K\u00ebshillit Komb\u00ebtar t\u00eb Pakic\u00ebs Komb\u00ebtare Shqiptare, Ragmi Mustafa, nd\u00ebrsa ka pasur \u00a0takim edhe me kryetarin e Trupit Koordinues t\u00eb Qeveris\u00eb s\u00eb Serbis\u00eb p\u00ebr Preshev\u00eb, Bujanoc dhe Medvegj\u00eb, Zoran Stankoviq.<\/p>\n<p>\n\t<strong>Burimi: Jugpress dhe Trupi Koordinues <\/strong><\/p>\n<p>\n\t\u00a0<\/p>\n","protected":false},"excerpt":{"rendered":"<p>Bujanoc \u2013\u00a0N\u00eb Bujanoc u dor\u00ebzuan kontratat p\u00ebr 38 kompani nga Rrethi i Zaje\u00e7ari, Jabllanic\u00ebs, Nishav\u00ebs, Pirotit, P\u00e7inj\u00ebs dhe Toplic\u00ebs.<\/p>\n","protected":false},"author":1,"featured_media":118758,"comment_status":"closed","ping_status":"closed","sticky":false,"template":"","format":"standard","meta":{"footnotes":""},"categories":[55],"tags":[],"class_list":["post-118753","post","type-post","status-publish","format-standard","has-post-thumbnail","hentry","category-lajme"],"yoast_head":"<!-- This site is optimized with the Yoast SEO plugin v27.5 - https:\/\/yoast.com\/product\/yoast-seo-wordpress\/ -->\n<title>P\u00cbRKRAHJA E EU-S\u00cb P\u00cbR SIP\u00cbRMARRJET MIKRO DHE T\u00cb VOGLA KY\u00c7E P\u00cbR RRITJEN E ZHVILLIMIT EKONOMIK DHE RRITJEN E PUN\u00cbSIMIT - Republika e S\u00ebrbis\u00eb Trupi Koordinues p\u00ebr komunat Bujanoc, Preshev\u00eb dhe Medvegj\u00eb<\/title>\n<meta name=\"robots\" content=\"index, follow, max-snippet:-1, max-image-preview:large, max-video-preview:-1\" \/>\n<link rel=\"canonical\" href=\"https:\/\/kt.gov.rs\/sq\/perkrahja-e-eu-se-per-sipermarrjet-mikro-dhe-te-vogla-kyce-per-rritjen-e-zhvillimit-ekonomik-dhe-rritjen-e-punesimit\/\" \/>\n<meta property=\"og:locale\" content=\"sq_AL\" \/>\n<meta property=\"og:type\" content=\"article\" \/>\n<meta property=\"og:title\" content=\"P\u00cbRKRAHJA E EU-S\u00cb P\u00cbR SIP\u00cbRMARRJET MIKRO DHE T\u00cb VOGLA KY\u00c7E P\u00cbR RRITJEN E ZHVILLIMIT EKONOMIK DHE RRITJEN E PUN\u00cbSIMIT - Republika e S\u00ebrbis\u00eb Trupi Koordinues p\u00ebr komunat Bujanoc, Preshev\u00eb dhe Medvegj\u00eb\" \/>\n<meta property=\"og:description\" content=\"Bujanoc -\u00a0N\u00eb Bujanoc u dor\u00ebzuan kontratat p\u00ebr 38 kompani nga Rrethi i Zaje\u00e7ari, Jabllanic\u00ebs, Nishav\u00ebs, Pirotit, P\u00e7inj\u00ebs dhe Toplic\u00ebs.\" \/>\n<meta property=\"og:url\" content=\"https:\/\/kt.gov.rs\/sq\/perkrahja-e-eu-se-per-sipermarrjet-mikro-dhe-te-vogla-kyce-per-rritjen-e-zhvillimit-ekonomik-dhe-rritjen-e-punesimit\/\" \/>\n<meta property=\"og:site_name\" content=\"Republika e S\u00ebrbis\u00eb Trupi Koordinues p\u00ebr komunat Bujanoc, Preshev\u00eb dhe Medvegj\u00eb\" \/>\n<meta property=\"article:publisher\" content=\"https:\/\/www.facebook.com\/SluzbaKoordinacionogTelaVladeRepublikeSrbije\" \/>\n<meta property=\"article:published_time\" content=\"2019-02-25T00:00:00+00:00\" \/>\n<meta property=\"article:modified_time\" content=\"2024-07-30T19:06:17+00:00\" \/>\n<meta property=\"og:image\" content=\"https:\/\/kt.gov.rs\/wp-content\/uploads\/2024\/07\/1551087993_25022019_1-3.jpg\" \/>\n\t<meta property=\"og:image:width\" content=\"315\" \/>\n\t<meta property=\"og:image:height\" content=\"230\" \/>\n\t<meta property=\"og:image:type\" content=\"image\/jpeg\" \/>\n<meta name=\"author\" content=\"ktmin\" \/>\n<meta name=\"twitter:card\" content=\"summary_large_image\" \/>\n<meta name=\"twitter:creator\" content=\"@kt_gov\" \/>\n<meta name=\"twitter:site\" content=\"@kt_gov\" \/>\n<meta name=\"twitter:label1\" content=\"Written by\" \/>\n\t<meta name=\"twitter:data1\" content=\"ktmin\" \/>\n\t<meta name=\"twitter:label2\" content=\"Est. reading time\" \/>\n\t<meta name=\"twitter:data2\" content=\"4 minutes\" \/>\n<script type=\"application\/ld+json\" class=\"yoast-schema-graph\">{\"@context\":\"https:\\\/\\\/schema.org\",\"@graph\":[{\"@type\":\"Article\",\"@id\":\"https:\\\/\\\/kt.gov.rs\\\/sq\\\/perkrahja-e-eu-se-per-sipermarrjet-mikro-dhe-te-vogla-kyce-per-rritjen-e-zhvillimit-ekonomik-dhe-rritjen-e-punesimit\\\/#article\",\"isPartOf\":{\"@id\":\"https:\\\/\\\/kt.gov.rs\\\/sq\\\/perkrahja-e-eu-se-per-sipermarrjet-mikro-dhe-te-vogla-kyce-per-rritjen-e-zhvillimit-ekonomik-dhe-rritjen-e-punesimit\\\/\"},\"author\":{\"name\":\"ktmin\",\"@id\":\"https:\\\/\\\/kt.gov.rs\\\/#\\\/schema\\\/person\\\/e426459ddb4173309103390602694571\"},\"headline\":\"P\u00cbRKRAHJA E EU-S\u00cb P\u00cbR SIP\u00cbRMARRJET MIKRO DHE T\u00cb VOGLA KY\u00c7E P\u00cbR RRITJEN E ZHVILLIMIT EKONOMIK DHE RRITJEN E PUN\u00cbSIMIT\",\"datePublished\":\"2019-02-25T00:00:00+00:00\",\"dateModified\":\"2024-07-30T19:06:17+00:00\",\"mainEntityOfPage\":{\"@id\":\"https:\\\/\\\/kt.gov.rs\\\/sq\\\/perkrahja-e-eu-se-per-sipermarrjet-mikro-dhe-te-vogla-kyce-per-rritjen-e-zhvillimit-ekonomik-dhe-rritjen-e-punesimit\\\/\"},\"wordCount\":891,\"publisher\":{\"@id\":\"https:\\\/\\\/kt.gov.rs\\\/#organization\"},\"image\":{\"@id\":\"https:\\\/\\\/kt.gov.rs\\\/sq\\\/perkrahja-e-eu-se-per-sipermarrjet-mikro-dhe-te-vogla-kyce-per-rritjen-e-zhvillimit-ekonomik-dhe-rritjen-e-punesimit\\\/#primaryimage\"},\"thumbnailUrl\":\"https:\\\/\\\/kt.gov.rs\\\/wp-content\\\/uploads\\\/2024\\\/07\\\/1551087993_25022019_1-3.jpg\",\"articleSection\":[\"Lajme\"],\"inLanguage\":\"sq-AL\"},{\"@type\":\"WebPage\",\"@id\":\"https:\\\/\\\/kt.gov.rs\\\/sq\\\/perkrahja-e-eu-se-per-sipermarrjet-mikro-dhe-te-vogla-kyce-per-rritjen-e-zhvillimit-ekonomik-dhe-rritjen-e-punesimit\\\/\",\"url\":\"https:\\\/\\\/kt.gov.rs\\\/sq\\\/perkrahja-e-eu-se-per-sipermarrjet-mikro-dhe-te-vogla-kyce-per-rritjen-e-zhvillimit-ekonomik-dhe-rritjen-e-punesimit\\\/\",\"name\":\"P\u00cbRKRAHJA E EU-S\u00cb P\u00cbR SIP\u00cbRMARRJET MIKRO DHE T\u00cb VOGLA KY\u00c7E P\u00cbR RRITJEN E ZHVILLIMIT EKONOMIK DHE RRITJEN E PUN\u00cbSIMIT - Republika e S\u00ebrbis\u00eb Trupi Koordinues p\u00ebr komunat Bujanoc, Preshev\u00eb dhe Medvegj\u00eb\",\"isPartOf\":{\"@id\":\"https:\\\/\\\/kt.gov.rs\\\/#website\"},\"primaryImageOfPage\":{\"@id\":\"https:\\\/\\\/kt.gov.rs\\\/sq\\\/perkrahja-e-eu-se-per-sipermarrjet-mikro-dhe-te-vogla-kyce-per-rritjen-e-zhvillimit-ekonomik-dhe-rritjen-e-punesimit\\\/#primaryimage\"},\"image\":{\"@id\":\"https:\\\/\\\/kt.gov.rs\\\/sq\\\/perkrahja-e-eu-se-per-sipermarrjet-mikro-dhe-te-vogla-kyce-per-rritjen-e-zhvillimit-ekonomik-dhe-rritjen-e-punesimit\\\/#primaryimage\"},\"thumbnailUrl\":\"https:\\\/\\\/kt.gov.rs\\\/wp-content\\\/uploads\\\/2024\\\/07\\\/1551087993_25022019_1-3.jpg\",\"datePublished\":\"2019-02-25T00:00:00+00:00\",\"dateModified\":\"2024-07-30T19:06:17+00:00\",\"breadcrumb\":{\"@id\":\"https:\\\/\\\/kt.gov.rs\\\/sq\\\/perkrahja-e-eu-se-per-sipermarrjet-mikro-dhe-te-vogla-kyce-per-rritjen-e-zhvillimit-ekonomik-dhe-rritjen-e-punesimit\\\/#breadcrumb\"},\"inLanguage\":\"sq-AL\",\"potentialAction\":[{\"@type\":\"ReadAction\",\"target\":[\"https:\\\/\\\/kt.gov.rs\\\/sq\\\/perkrahja-e-eu-se-per-sipermarrjet-mikro-dhe-te-vogla-kyce-per-rritjen-e-zhvillimit-ekonomik-dhe-rritjen-e-punesimit\\\/\"]}]},{\"@type\":\"ImageObject\",\"inLanguage\":\"sq-AL\",\"@id\":\"https:\\\/\\\/kt.gov.rs\\\/sq\\\/perkrahja-e-eu-se-per-sipermarrjet-mikro-dhe-te-vogla-kyce-per-rritjen-e-zhvillimit-ekonomik-dhe-rritjen-e-punesimit\\\/#primaryimage\",\"url\":\"https:\\\/\\\/kt.gov.rs\\\/wp-content\\\/uploads\\\/2024\\\/07\\\/1551087993_25022019_1-3.jpg\",\"contentUrl\":\"https:\\\/\\\/kt.gov.rs\\\/wp-content\\\/uploads\\\/2024\\\/07\\\/1551087993_25022019_1-3.jpg\",\"width\":315,\"height\":230},{\"@type\":\"BreadcrumbList\",\"@id\":\"https:\\\/\\\/kt.gov.rs\\\/sq\\\/perkrahja-e-eu-se-per-sipermarrjet-mikro-dhe-te-vogla-kyce-per-rritjen-e-zhvillimit-ekonomik-dhe-rritjen-e-punesimit\\\/#breadcrumb\",\"itemListElement\":[{\"@type\":\"ListItem\",\"position\":1,\"name\":\"\u041f\u043e\u0447\u0435\u0442\u043d\u0430\",\"item\":\"https:\\\/\\\/kt.gov.rs\\\/sq\\\/\"},{\"@type\":\"ListItem\",\"position\":2,\"name\":\"P\u00cbRKRAHJA E EU-S\u00cb P\u00cbR SIP\u00cbRMARRJET MIKRO DHE T\u00cb VOGLA KY\u00c7E P\u00cbR RRITJEN E ZHVILLIMIT EKONOMIK DHE RRITJEN E PUN\u00cbSIMIT\"}]},{\"@type\":\"WebSite\",\"@id\":\"https:\\\/\\\/kt.gov.rs\\\/#website\",\"url\":\"https:\\\/\\\/kt.gov.rs\\\/\",\"name\":\"\u041a\u043e\u043e\u0440\u0434\u0438\u043d\u0430\u0446\u0438\u043e\u043d\u043e \u0442\u0435\u043b\u043e \u0412\u043b\u0430\u0434\u0435 \u0420\u0435\u043f\u0443\u0431\u043b\u0438\u043a\u0435 \u0421\u0440\u0431\u0438\u0458\u0435 \u0437\u0430 \u043e\u043f\u0448\u0442\u0438\u043d\u0435 \u041f\u0440\u0435\u0448\u0435\u0432\u043e, \u0411\u0443\u0458\u0430\u043d\u043e\u0432\u0430\u0446 \u0438 \u041c\u0435\u0434\u0432\u0435\u0452a\",\"description\":\"\",\"publisher\":{\"@id\":\"https:\\\/\\\/kt.gov.rs\\\/#organization\"},\"alternateName\":\"\u041a\u043e\u043e\u0440\u0434\u0438\u043d\u0430\u0446\u0438\u043e\u043d\u043e \u0442\u0435\u043b\u043e\",\"potentialAction\":[{\"@type\":\"SearchAction\",\"target\":{\"@type\":\"EntryPoint\",\"urlTemplate\":\"https:\\\/\\\/kt.gov.rs\\\/?s={search_term_string}\"},\"query-input\":{\"@type\":\"PropertyValueSpecification\",\"valueRequired\":true,\"valueName\":\"search_term_string\"}}],\"inLanguage\":\"sq-AL\"},{\"@type\":\"Organization\",\"@id\":\"https:\\\/\\\/kt.gov.rs\\\/#organization\",\"name\":\"\u041a\u043e\u043e\u0440\u0434\u0438\u043d\u0430\u0446\u0438\u043e\u043d\u043e \u0442\u0435\u043b\u043e \u0412\u043b\u0430\u0434\u0435 \u0420\u0435\u043f\u0443\u0431\u043b\u0438\u043a\u0435 \u0421\u0440\u0431\u0438\u0458\u0435 \u0437\u0430 \u043e\u043f\u0448\u0442\u0438\u043d\u0435 \u041f\u0440\u0435\u0448\u0435\u0432\u043e, \u0411\u0443\u0458\u0430\u043d\u043e\u0432\u0430\u0446 \u0438 \u041c\u0435\u0434\u0432\u0435\u0452a\",\"alternateName\":\"\u041a\u043e\u043e\u0440\u0434\u0438\u043d\u0430\u0446\u0438\u043e\u043d\u043e \u0442\u0435\u043b\u043e\",\"url\":\"https:\\\/\\\/kt.gov.rs\\\/\",\"logo\":{\"@type\":\"ImageObject\",\"inLanguage\":\"sq-AL\",\"@id\":\"https:\\\/\\\/kt.gov.rs\\\/#\\\/schema\\\/logo\\\/image\\\/\",\"url\":\"https:\\\/\\\/kt.gov.rs\\\/wp-content\\\/uploads\\\/2024\\\/12\\\/koord2.jpg\",\"contentUrl\":\"https:\\\/\\\/kt.gov.rs\\\/wp-content\\\/uploads\\\/2024\\\/12\\\/koord2.jpg\",\"width\":640,\"height\":480,\"caption\":\"\u041a\u043e\u043e\u0440\u0434\u0438\u043d\u0430\u0446\u0438\u043e\u043d\u043e \u0442\u0435\u043b\u043e \u0412\u043b\u0430\u0434\u0435 \u0420\u0435\u043f\u0443\u0431\u043b\u0438\u043a\u0435 \u0421\u0440\u0431\u0438\u0458\u0435 \u0437\u0430 \u043e\u043f\u0448\u0442\u0438\u043d\u0435 \u041f\u0440\u0435\u0448\u0435\u0432\u043e, \u0411\u0443\u0458\u0430\u043d\u043e\u0432\u0430\u0446 \u0438 \u041c\u0435\u0434\u0432\u0435\u0452a\"},\"image\":{\"@id\":\"https:\\\/\\\/kt.gov.rs\\\/#\\\/schema\\\/logo\\\/image\\\/\"},\"sameAs\":[\"https:\\\/\\\/www.facebook.com\\\/SluzbaKoordinacionogTelaVladeRepublikeSrbije\",\"https:\\\/\\\/x.com\\\/kt_gov\",\"https:\\\/\\\/www.youtube.com\\\/@koordinacionotelo\"]},{\"@type\":\"Person\",\"@id\":\"https:\\\/\\\/kt.gov.rs\\\/#\\\/schema\\\/person\\\/e426459ddb4173309103390602694571\",\"name\":\"ktmin\",\"image\":{\"@type\":\"ImageObject\",\"inLanguage\":\"sq-AL\",\"@id\":\"https:\\\/\\\/secure.gravatar.com\\\/avatar\\\/3985c961109853010c3fbc7ba30365bfba5db3dd6c525831d9c595c7525a615a?s=96&d=mm&r=g\",\"url\":\"https:\\\/\\\/secure.gravatar.com\\\/avatar\\\/3985c961109853010c3fbc7ba30365bfba5db3dd6c525831d9c595c7525a615a?s=96&d=mm&r=g\",\"contentUrl\":\"https:\\\/\\\/secure.gravatar.com\\\/avatar\\\/3985c961109853010c3fbc7ba30365bfba5db3dd6c525831d9c595c7525a615a?s=96&d=mm&r=g\",\"caption\":\"ktmin\"},\"sameAs\":[\"https:\\\/\\\/kt.gov.rs\"],\"url\":\"https:\\\/\\\/kt.gov.rs\\\/sq\\\/author\\\/ktmin\\\/\"}]}<\/script>\n<!-- \/ Yoast SEO plugin. -->","yoast_head_json":{"title":"P\u00cbRKRAHJA E EU-S\u00cb P\u00cbR SIP\u00cbRMARRJET MIKRO DHE T\u00cb VOGLA KY\u00c7E P\u00cbR RRITJEN E ZHVILLIMIT EKONOMIK DHE RRITJEN E PUN\u00cbSIMIT - Republika e S\u00ebrbis\u00eb Trupi Koordinues p\u00ebr komunat Bujanoc, Preshev\u00eb dhe Medvegj\u00eb","robots":{"index":"index","follow":"follow","max-snippet":"max-snippet:-1","max-image-preview":"max-image-preview:large","max-video-preview":"max-video-preview:-1"},"canonical":"https:\/\/kt.gov.rs\/sq\/perkrahja-e-eu-se-per-sipermarrjet-mikro-dhe-te-vogla-kyce-per-rritjen-e-zhvillimit-ekonomik-dhe-rritjen-e-punesimit\/","og_locale":"sq_AL","og_type":"article","og_title":"P\u00cbRKRAHJA E EU-S\u00cb P\u00cbR SIP\u00cbRMARRJET MIKRO DHE T\u00cb VOGLA KY\u00c7E P\u00cbR RRITJEN E ZHVILLIMIT EKONOMIK DHE RRITJEN E PUN\u00cbSIMIT - Republika e S\u00ebrbis\u00eb Trupi Koordinues p\u00ebr komunat Bujanoc, Preshev\u00eb dhe Medvegj\u00eb","og_description":"Bujanoc -\u00a0N\u00eb Bujanoc u dor\u00ebzuan kontratat p\u00ebr 38 kompani nga Rrethi i Zaje\u00e7ari, Jabllanic\u00ebs, Nishav\u00ebs, Pirotit, P\u00e7inj\u00ebs dhe Toplic\u00ebs.","og_url":"https:\/\/kt.gov.rs\/sq\/perkrahja-e-eu-se-per-sipermarrjet-mikro-dhe-te-vogla-kyce-per-rritjen-e-zhvillimit-ekonomik-dhe-rritjen-e-punesimit\/","og_site_name":"Republika e S\u00ebrbis\u00eb Trupi Koordinues p\u00ebr komunat Bujanoc, Preshev\u00eb dhe Medvegj\u00eb","article_publisher":"https:\/\/www.facebook.com\/SluzbaKoordinacionogTelaVladeRepublikeSrbije","article_published_time":"2019-02-25T00:00:00+00:00","article_modified_time":"2024-07-30T19:06:17+00:00","og_image":[{"width":315,"height":230,"url":"https:\/\/kt.gov.rs\/wp-content\/uploads\/2024\/07\/1551087993_25022019_1-3.jpg","type":"image\/jpeg"}],"author":"ktmin","twitter_card":"summary_large_image","twitter_creator":"@kt_gov","twitter_site":"@kt_gov","twitter_misc":{"Written by":"ktmin","Est. reading time":"4 minutes"},"schema":{"@context":"https:\/\/schema.org","@graph":[{"@type":"Article","@id":"https:\/\/kt.gov.rs\/sq\/perkrahja-e-eu-se-per-sipermarrjet-mikro-dhe-te-vogla-kyce-per-rritjen-e-zhvillimit-ekonomik-dhe-rritjen-e-punesimit\/#article","isPartOf":{"@id":"https:\/\/kt.gov.rs\/sq\/perkrahja-e-eu-se-per-sipermarrjet-mikro-dhe-te-vogla-kyce-per-rritjen-e-zhvillimit-ekonomik-dhe-rritjen-e-punesimit\/"},"author":{"name":"ktmin","@id":"https:\/\/kt.gov.rs\/#\/schema\/person\/e426459ddb4173309103390602694571"},"headline":"P\u00cbRKRAHJA E EU-S\u00cb P\u00cbR SIP\u00cbRMARRJET MIKRO DHE T\u00cb VOGLA KY\u00c7E P\u00cbR RRITJEN E ZHVILLIMIT EKONOMIK DHE RRITJEN E PUN\u00cbSIMIT","datePublished":"2019-02-25T00:00:00+00:00","dateModified":"2024-07-30T19:06:17+00:00","mainEntityOfPage":{"@id":"https:\/\/kt.gov.rs\/sq\/perkrahja-e-eu-se-per-sipermarrjet-mikro-dhe-te-vogla-kyce-per-rritjen-e-zhvillimit-ekonomik-dhe-rritjen-e-punesimit\/"},"wordCount":891,"publisher":{"@id":"https:\/\/kt.gov.rs\/#organization"},"image":{"@id":"https:\/\/kt.gov.rs\/sq\/perkrahja-e-eu-se-per-sipermarrjet-mikro-dhe-te-vogla-kyce-per-rritjen-e-zhvillimit-ekonomik-dhe-rritjen-e-punesimit\/#primaryimage"},"thumbnailUrl":"https:\/\/kt.gov.rs\/wp-content\/uploads\/2024\/07\/1551087993_25022019_1-3.jpg","articleSection":["Lajme"],"inLanguage":"sq-AL"},{"@type":"WebPage","@id":"https:\/\/kt.gov.rs\/sq\/perkrahja-e-eu-se-per-sipermarrjet-mikro-dhe-te-vogla-kyce-per-rritjen-e-zhvillimit-ekonomik-dhe-rritjen-e-punesimit\/","url":"https:\/\/kt.gov.rs\/sq\/perkrahja-e-eu-se-per-sipermarrjet-mikro-dhe-te-vogla-kyce-per-rritjen-e-zhvillimit-ekonomik-dhe-rritjen-e-punesimit\/","name":"P\u00cbRKRAHJA E EU-S\u00cb P\u00cbR SIP\u00cbRMARRJET MIKRO DHE T\u00cb VOGLA KY\u00c7E P\u00cbR RRITJEN E ZHVILLIMIT EKONOMIK DHE RRITJEN E PUN\u00cbSIMIT - Republika e S\u00ebrbis\u00eb Trupi Koordinues p\u00ebr komunat Bujanoc, Preshev\u00eb dhe Medvegj\u00eb","isPartOf":{"@id":"https:\/\/kt.gov.rs\/#website"},"primaryImageOfPage":{"@id":"https:\/\/kt.gov.rs\/sq\/perkrahja-e-eu-se-per-sipermarrjet-mikro-dhe-te-vogla-kyce-per-rritjen-e-zhvillimit-ekonomik-dhe-rritjen-e-punesimit\/#primaryimage"},"image":{"@id":"https:\/\/kt.gov.rs\/sq\/perkrahja-e-eu-se-per-sipermarrjet-mikro-dhe-te-vogla-kyce-per-rritjen-e-zhvillimit-ekonomik-dhe-rritjen-e-punesimit\/#primaryimage"},"thumbnailUrl":"https:\/\/kt.gov.rs\/wp-content\/uploads\/2024\/07\/1551087993_25022019_1-3.jpg","datePublished":"2019-02-25T00:00:00+00:00","dateModified":"2024-07-30T19:06:17+00:00","breadcrumb":{"@id":"https:\/\/kt.gov.rs\/sq\/perkrahja-e-eu-se-per-sipermarrjet-mikro-dhe-te-vogla-kyce-per-rritjen-e-zhvillimit-ekonomik-dhe-rritjen-e-punesimit\/#breadcrumb"},"inLanguage":"sq-AL","potentialAction":[{"@type":"ReadAction","target":["https:\/\/kt.gov.rs\/sq\/perkrahja-e-eu-se-per-sipermarrjet-mikro-dhe-te-vogla-kyce-per-rritjen-e-zhvillimit-ekonomik-dhe-rritjen-e-punesimit\/"]}]},{"@type":"ImageObject","inLanguage":"sq-AL","@id":"https:\/\/kt.gov.rs\/sq\/perkrahja-e-eu-se-per-sipermarrjet-mikro-dhe-te-vogla-kyce-per-rritjen-e-zhvillimit-ekonomik-dhe-rritjen-e-punesimit\/#primaryimage","url":"https:\/\/kt.gov.rs\/wp-content\/uploads\/2024\/07\/1551087993_25022019_1-3.jpg","contentUrl":"https:\/\/kt.gov.rs\/wp-content\/uploads\/2024\/07\/1551087993_25022019_1-3.jpg","width":315,"height":230},{"@type":"BreadcrumbList","@id":"https:\/\/kt.gov.rs\/sq\/perkrahja-e-eu-se-per-sipermarrjet-mikro-dhe-te-vogla-kyce-per-rritjen-e-zhvillimit-ekonomik-dhe-rritjen-e-punesimit\/#breadcrumb","itemListElement":[{"@type":"ListItem","position":1,"name":"\u041f\u043e\u0447\u0435\u0442\u043d\u0430","item":"https:\/\/kt.gov.rs\/sq\/"},{"@type":"ListItem","position":2,"name":"P\u00cbRKRAHJA E EU-S\u00cb P\u00cbR SIP\u00cbRMARRJET MIKRO DHE T\u00cb VOGLA KY\u00c7E P\u00cbR RRITJEN E ZHVILLIMIT EKONOMIK DHE RRITJEN E PUN\u00cbSIMIT"}]},{"@type":"WebSite","@id":"https:\/\/kt.gov.rs\/#website","url":"https:\/\/kt.gov.rs\/","name":"\u041a\u043e\u043e\u0440\u0434\u0438\u043d\u0430\u0446\u0438\u043e\u043d\u043e \u0442\u0435\u043b\u043e \u0412\u043b\u0430\u0434\u0435 \u0420\u0435\u043f\u0443\u0431\u043b\u0438\u043a\u0435 \u0421\u0440\u0431\u0438\u0458\u0435 \u0437\u0430 \u043e\u043f\u0448\u0442\u0438\u043d\u0435 \u041f\u0440\u0435\u0448\u0435\u0432\u043e, \u0411\u0443\u0458\u0430\u043d\u043e\u0432\u0430\u0446 \u0438 \u041c\u0435\u0434\u0432\u0435\u0452a","description":"","publisher":{"@id":"https:\/\/kt.gov.rs\/#organization"},"alternateName":"\u041a\u043e\u043e\u0440\u0434\u0438\u043d\u0430\u0446\u0438\u043e\u043d\u043e \u0442\u0435\u043b\u043e","potentialAction":[{"@type":"SearchAction","target":{"@type":"EntryPoint","urlTemplate":"https:\/\/kt.gov.rs\/?s={search_term_string}"},"query-input":{"@type":"PropertyValueSpecification","valueRequired":true,"valueName":"search_term_string"}}],"inLanguage":"sq-AL"},{"@type":"Organization","@id":"https:\/\/kt.gov.rs\/#organization","name":"\u041a\u043e\u043e\u0440\u0434\u0438\u043d\u0430\u0446\u0438\u043e\u043d\u043e \u0442\u0435\u043b\u043e \u0412\u043b\u0430\u0434\u0435 \u0420\u0435\u043f\u0443\u0431\u043b\u0438\u043a\u0435 \u0421\u0440\u0431\u0438\u0458\u0435 \u0437\u0430 \u043e\u043f\u0448\u0442\u0438\u043d\u0435 \u041f\u0440\u0435\u0448\u0435\u0432\u043e, \u0411\u0443\u0458\u0430\u043d\u043e\u0432\u0430\u0446 \u0438 \u041c\u0435\u0434\u0432\u0435\u0452a","alternateName":"\u041a\u043e\u043e\u0440\u0434\u0438\u043d\u0430\u0446\u0438\u043e\u043d\u043e \u0442\u0435\u043b\u043e","url":"https:\/\/kt.gov.rs\/","logo":{"@type":"ImageObject","inLanguage":"sq-AL","@id":"https:\/\/kt.gov.rs\/#\/schema\/logo\/image\/","url":"https:\/\/kt.gov.rs\/wp-content\/uploads\/2024\/12\/koord2.jpg","contentUrl":"https:\/\/kt.gov.rs\/wp-content\/uploads\/2024\/12\/koord2.jpg","width":640,"height":480,"caption":"\u041a\u043e\u043e\u0440\u0434\u0438\u043d\u0430\u0446\u0438\u043e\u043d\u043e \u0442\u0435\u043b\u043e \u0412\u043b\u0430\u0434\u0435 \u0420\u0435\u043f\u0443\u0431\u043b\u0438\u043a\u0435 \u0421\u0440\u0431\u0438\u0458\u0435 \u0437\u0430 \u043e\u043f\u0448\u0442\u0438\u043d\u0435 \u041f\u0440\u0435\u0448\u0435\u0432\u043e, \u0411\u0443\u0458\u0430\u043d\u043e\u0432\u0430\u0446 \u0438 \u041c\u0435\u0434\u0432\u0435\u0452a"},"image":{"@id":"https:\/\/kt.gov.rs\/#\/schema\/logo\/image\/"},"sameAs":["https:\/\/www.facebook.com\/SluzbaKoordinacionogTelaVladeRepublikeSrbije","https:\/\/x.com\/kt_gov","https:\/\/www.youtube.com\/@koordinacionotelo"]},{"@type":"Person","@id":"https:\/\/kt.gov.rs\/#\/schema\/person\/e426459ddb4173309103390602694571","name":"ktmin","image":{"@type":"ImageObject","inLanguage":"sq-AL","@id":"https:\/\/secure.gravatar.com\/avatar\/3985c961109853010c3fbc7ba30365bfba5db3dd6c525831d9c595c7525a615a?s=96&d=mm&r=g","url":"https:\/\/secure.gravatar.com\/avatar\/3985c961109853010c3fbc7ba30365bfba5db3dd6c525831d9c595c7525a615a?s=96&d=mm&r=g","contentUrl":"https:\/\/secure.gravatar.com\/avatar\/3985c961109853010c3fbc7ba30365bfba5db3dd6c525831d9c595c7525a615a?s=96&d=mm&r=g","caption":"ktmin"},"sameAs":["https:\/\/kt.gov.rs"],"url":"https:\/\/kt.gov.rs\/sq\/author\/ktmin\/"}]}},"_links":{"self":[{"href":"https:\/\/kt.gov.rs\/sq\/wp-json\/wp\/v2\/posts\/118753","targetHints":{"allow":["GET"]}}],"collection":[{"href":"https:\/\/kt.gov.rs\/sq\/wp-json\/wp\/v2\/posts"}],"about":[{"href":"https:\/\/kt.gov.rs\/sq\/wp-json\/wp\/v2\/types\/post"}],"author":[{"embeddable":true,"href":"https:\/\/kt.gov.rs\/sq\/wp-json\/wp\/v2\/users\/1"}],"replies":[{"embeddable":true,"href":"https:\/\/kt.gov.rs\/sq\/wp-json\/wp\/v2\/comments?post=118753"}],"version-history":[{"count":1,"href":"https:\/\/kt.gov.rs\/sq\/wp-json\/wp\/v2\/posts\/118753\/revisions"}],"predecessor-version":[{"id":118757,"href":"https:\/\/kt.gov.rs\/sq\/wp-json\/wp\/v2\/posts\/118753\/revisions\/118757"}],"wp:featuredmedia":[{"embeddable":true,"href":"https:\/\/kt.gov.rs\/sq\/wp-json\/wp\/v2\/media\/118758"}],"wp:attachment":[{"href":"https:\/\/kt.gov.rs\/sq\/wp-json\/wp\/v2\/media?parent=118753"}],"wp:term":[{"taxonomy":"category","embeddable":true,"href":"https:\/\/kt.gov.rs\/sq\/wp-json\/wp\/v2\/categories?post=118753"},{"taxonomy":"post_tag","embeddable":true,"href":"https:\/\/kt.gov.rs\/sq\/wp-json\/wp\/v2\/tags?post=118753"}],"curies":[{"name":"wp","href":"https:\/\/api.w.org\/{rel}","templated":true}]}}