{"id":118385,"date":"2019-03-26T00:00:00","date_gmt":"2019-03-26T00:00:00","guid":{"rendered":"http:\/\/kt.printandscreen.rs\/programi-exchange-5-konkurs-per-pakot-e-ndihmes-per-njesite-e-vetqeverisjeve-lokale-ne-fushen-e-menaxhimit-te-pronesise-afati-05-04-2019\/"},"modified":"2024-07-30T19:05:41","modified_gmt":"2024-07-30T19:05:41","slug":"programi-exchange-5-konkurs-per-pakot-e-ndihmes-per-njesite-e-vetqeverisjeve-lokale-ne-fushen-e-menaxhimit-te-pronesise-afati-05-04-2019","status":"publish","type":"post","link":"https:\/\/kt.gov.rs\/sq\/programi-exchange-5-konkurs-per-pakot-e-ndihmes-per-njesite-e-vetqeverisjeve-lokale-ne-fushen-e-menaxhimit-te-pronesise-afati-05-04-2019\/","title":{"rendered":"PROGRAMI EXCHANGE 5 \u2013 KONKURS P\u00cbR PAKOT E NDIHM\u00cbS P\u00cbR NJ\u00cbSIT\u00cb E VETQEVERISJEVE LOKALE N\u00cb FUSH\u00cbN E MENAXHIMIT T\u00cb PRON\u00cbSIS\u00cb (AFATI: 05.04.2019)"},"content":{"rendered":"<p>\n\t<img decoding=\"async\" alt=\"\" src=\"https:\/\/kt.gov.rs\/wp-content\/uploads\/2024\/07\/1553597313_26032019_2-4.jpg\" style=\"width: 315px; height: 230px; float: left;\" \/>\u00cbsht\u00eb shpallur konkurs p\u00ebr Pakot e Ndihm\u00ebs n\u00eb fush\u00ebn e menaxhimit me pron\u00ebn n\u00eb kuad\u00ebr t\u00eb programit Exchange 5, i financuar nga Bashkimi Europian nga fondet IPA 2014, nd\u00ebrsa realizohet nga Ministria e Administrat\u00ebs Publike dhe Vetqeverisjes Lokale (MAPVL) n\u00eb bashk\u00ebpunim me Ministrin\u00eb e Financave, Sektorin p\u00ebr Kontraktimin dhe Financimin e Fondeve nga Fondet Bashkimi Europian dhe Konferenca e P\u00ebrhershme e Qyteteve dhe Komunave (KPQK) si partner implementues.<\/p>\n<p>\n\tPaketat mb\u00ebshtesin nj\u00ebsit\u00eb e qeverisjes vendore (NJQVL) jan\u00eb nj\u00eb grup i aktiviteteve t\u00eb p\u00ebrshtatura p\u00ebr nevojat lokale, t\u00eb cilat jan\u00eb t\u00eb dizajnuara p\u00ebr t\u00eb ndihmuar n\u00eb zgjidhjen e problemeve specifike n\u00eb fush\u00ebn e menaxhimit t\u00eb pronave, dhe se pas zbatimit t\u00eb pakos, n\u00eb baz\u00eb t\u00eb rezultateve t\u00eb arritura dhe m\u00ebsimeve t\u00eb nxjerra, t\u00eb b\u00ebhet standarde ose udh\u00ebzimet p\u00ebr sigurimin e m\u00ebtejsh\u00ebm p\u00ebr t\u00eb ndihmuar NJQVL-\u00ebt e tjera n\u00eb Serbi n\u00eb k\u00ebt\u00eb fush\u00eb.<\/p>\n<p>\n\tMund\u00ebsi p\u00ebr t\u00eb marr\u00eb pjes\u00eb n\u00eb k\u00ebt\u00eb konkurs e kan\u00eb t\u00eb gjitha qytetet dhe komunat, p\u00ebrve\u00e7 atyre NJQVL-ve q\u00eb e kan\u00eb marr\u00eb mb\u00ebshtetje n\u00ebn kuadrin e granteve dhe Exchange 5 BE shk\u00ebmbim 4 n\u00eb fush\u00ebn e menaxhimit me pronat.<\/p>\n<p>\n\tRealizimi i aktiviteteve sipas Pakos Mb\u00ebshtet\u00ebse \u00ebsht\u00eb parapar\u00eb p\u00ebr periudh\u00ebn nga maji 2019 deri n\u00eb prill 2020.<\/p>\n<p>\n\tP\u00ebr t\u00eb gjitha pyetjet shtes\u00eb ju mund t\u00eb kontaktoni KPQK- Ljiljana Jovanoviq, p\u00ebrmes telefonit 011 \/ 7357-943 ose e-mail:\u00a0<a href=\"mailto:ljiljana.jovanovic@skgo.org\">ljiljana.jovanovic@skgo.org<\/a>.<\/p>\n<p>\n\tAfati p\u00ebr konkurim n\u00eb k\u00ebt\u00eb thirrje \u00ebsht\u00eb deri <strong>m\u00eb 5 prill 2019.<\/strong><\/p>\n<p>\n\tP\u00ebr m\u00eb shum\u00eb informacione klikoni n\u00eb k\u00ebt\u00eb link.<a href=\"http:\/\/mduls.gov.rs\/obavestenja\/program-exchange-5-konkurs-za-pakete-podrske-jedinicama-lokalne-samouprave-u-oblasti-upravljanja-imovinom\/?script=lat\">http:\/\/mduls.gov.rs\/obavestenja\/program-exchange-5-konkurs-za-pakete-podrske-jedinicama-lokalne-samouprave-u-oblasti-upravljanja-imovinom\/?script=lat<\/a><\/p>\n<p>\n\t<strong>Burimi:<\/strong> Ministria e Administrat\u00ebs Publike dhe Vetqeverisjes Lokale dhe Trupi Koordinues<\/p>\n<p>\n\t\u00a0<\/p>\n","protected":false},"excerpt":{"rendered":"<p>\u00cbsht\u00eb shpallur konkurs p\u00ebr Pakot e Ndihm\u00ebs n\u00eb fush\u00ebn e menaxhimit me pron\u00ebn n\u00eb kuad\u00ebr t\u00eb programit Exchange 5, i financuar nga Bashkimi Europian nga fondet IPA 2014, nd\u00ebrsa realizohet nga Ministria e Administrat\u00ebs Publike dhe Vetqeverisjes Lokale (MAPVL) n\u00eb bashk\u00ebpunim me Ministrin\u00eb e Financave\u2026<\/p>\n","protected":false},"author":1,"featured_media":118390,"comment_status":"closed","ping_status":"closed","sticky":false,"template":"","format":"standard","meta":{"footnotes":""},"categories":[55],"tags":[],"class_list":["post-118385","post","type-post","status-publish","format-standard","has-post-thumbnail","hentry","category-lajme"],"yoast_head":"<!-- This site is optimized with the Yoast SEO plugin v27.5 - https:\/\/yoast.com\/product\/yoast-seo-wordpress\/ -->\n<title>PROGRAMI EXCHANGE 5 \u2013 KONKURS P\u00cbR PAKOT E NDIHM\u00cbS P\u00cbR NJ\u00cbSIT\u00cb E VETQEVERISJEVE LOKALE N\u00cb FUSH\u00cbN E MENAXHIMIT T\u00cb PRON\u00cbSIS\u00cb (AFATI: 05.04.2019) - Republika e S\u00ebrbis\u00eb Trupi Koordinues p\u00ebr komunat Bujanoc, Preshev\u00eb dhe Medvegj\u00eb<\/title>\n<meta name=\"robots\" content=\"index, follow, max-snippet:-1, max-image-preview:large, max-video-preview:-1\" \/>\n<link rel=\"canonical\" href=\"https:\/\/kt.gov.rs\/sq\/programi-exchange-5-konkurs-per-pakot-e-ndihmes-per-njesite-e-vetqeverisjeve-lokale-ne-fushen-e-menaxhimit-te-pronesise-afati-05-04-2019\/\" \/>\n<meta property=\"og:locale\" content=\"sq_AL\" \/>\n<meta property=\"og:type\" content=\"article\" \/>\n<meta property=\"og:title\" content=\"PROGRAMI EXCHANGE 5 \u2013 KONKURS P\u00cbR PAKOT E NDIHM\u00cbS P\u00cbR NJ\u00cbSIT\u00cb E VETQEVERISJEVE LOKALE N\u00cb FUSH\u00cbN E MENAXHIMIT T\u00cb PRON\u00cbSIS\u00cb (AFATI: 05.04.2019) - Republika e S\u00ebrbis\u00eb Trupi Koordinues p\u00ebr komunat Bujanoc, Preshev\u00eb dhe Medvegj\u00eb\" \/>\n<meta property=\"og:description\" content=\"\u00cbsht\u00eb shpallur konkurs p\u00ebr Pakot e Ndihm\u00ebs n\u00eb fush\u00ebn e menaxhimit me pron\u00ebn n\u00eb kuad\u00ebr t\u00eb programit Exchange 5, i financuar nga Bashkimi Europian nga fondet IPA 2014, nd\u00ebrsa realizohet nga Ministria e Administrat\u00ebs Publike dhe Vetqeverisjes Lokale (MAPVL) n\u00eb bashk\u00ebpunim me Ministrin\u00eb e Financave...\" \/>\n<meta property=\"og:url\" content=\"https:\/\/kt.gov.rs\/sq\/programi-exchange-5-konkurs-per-pakot-e-ndihmes-per-njesite-e-vetqeverisjeve-lokale-ne-fushen-e-menaxhimit-te-pronesise-afati-05-04-2019\/\" \/>\n<meta property=\"og:site_name\" content=\"Republika e S\u00ebrbis\u00eb Trupi Koordinues p\u00ebr komunat Bujanoc, Preshev\u00eb dhe Medvegj\u00eb\" \/>\n<meta property=\"article:publisher\" content=\"https:\/\/www.facebook.com\/SluzbaKoordinacionogTelaVladeRepublikeSrbije\" \/>\n<meta property=\"article:published_time\" content=\"2019-03-26T00:00:00+00:00\" \/>\n<meta property=\"article:modified_time\" content=\"2024-07-30T19:05:41+00:00\" \/>\n<meta property=\"og:image\" content=\"https:\/\/kt.gov.rs\/wp-content\/uploads\/2024\/07\/1553597313_26032019_2-5.jpg\" \/>\n\t<meta property=\"og:image:width\" content=\"315\" \/>\n\t<meta property=\"og:image:height\" content=\"230\" \/>\n\t<meta property=\"og:image:type\" content=\"image\/jpeg\" \/>\n<meta name=\"author\" content=\"ktmin\" \/>\n<meta name=\"twitter:card\" content=\"summary_large_image\" \/>\n<meta name=\"twitter:creator\" content=\"@kt_gov\" \/>\n<meta name=\"twitter:site\" content=\"@kt_gov\" \/>\n<meta name=\"twitter:label1\" content=\"Written by\" \/>\n\t<meta name=\"twitter:data1\" content=\"ktmin\" \/>\n\t<meta name=\"twitter:label2\" content=\"Est. reading time\" \/>\n\t<meta name=\"twitter:data2\" content=\"2 minutes\" \/>\n<script type=\"application\/ld+json\" class=\"yoast-schema-graph\">{\"@context\":\"https:\\\/\\\/schema.org\",\"@graph\":[{\"@type\":\"Article\",\"@id\":\"https:\\\/\\\/kt.gov.rs\\\/sq\\\/programi-exchange-5-konkurs-per-pakot-e-ndihmes-per-njesite-e-vetqeverisjeve-lokale-ne-fushen-e-menaxhimit-te-pronesise-afati-05-04-2019\\\/#article\",\"isPartOf\":{\"@id\":\"https:\\\/\\\/kt.gov.rs\\\/sq\\\/programi-exchange-5-konkurs-per-pakot-e-ndihmes-per-njesite-e-vetqeverisjeve-lokale-ne-fushen-e-menaxhimit-te-pronesise-afati-05-04-2019\\\/\"},\"author\":{\"name\":\"ktmin\",\"@id\":\"https:\\\/\\\/kt.gov.rs\\\/#\\\/schema\\\/person\\\/e426459ddb4173309103390602694571\"},\"headline\":\"PROGRAMI EXCHANGE 5 \u2013 KONKURS P\u00cbR PAKOT E NDIHM\u00cbS P\u00cbR NJ\u00cbSIT\u00cb E VETQEVERISJEVE LOKALE N\u00cb FUSH\u00cbN E MENAXHIMIT T\u00cb PRON\u00cbSIS\u00cb (AFATI: 05.04.2019)\",\"datePublished\":\"2019-03-26T00:00:00+00:00\",\"dateModified\":\"2024-07-30T19:05:41+00:00\",\"mainEntityOfPage\":{\"@id\":\"https:\\\/\\\/kt.gov.rs\\\/sq\\\/programi-exchange-5-konkurs-per-pakot-e-ndihmes-per-njesite-e-vetqeverisjeve-lokale-ne-fushen-e-menaxhimit-te-pronesise-afati-05-04-2019\\\/\"},\"wordCount\":422,\"publisher\":{\"@id\":\"https:\\\/\\\/kt.gov.rs\\\/#organization\"},\"image\":{\"@id\":\"https:\\\/\\\/kt.gov.rs\\\/sq\\\/programi-exchange-5-konkurs-per-pakot-e-ndihmes-per-njesite-e-vetqeverisjeve-lokale-ne-fushen-e-menaxhimit-te-pronesise-afati-05-04-2019\\\/#primaryimage\"},\"thumbnailUrl\":\"https:\\\/\\\/kt.gov.rs\\\/wp-content\\\/uploads\\\/2024\\\/07\\\/1553597313_26032019_2-5.jpg\",\"articleSection\":[\"Lajme\"],\"inLanguage\":\"sq-AL\"},{\"@type\":\"WebPage\",\"@id\":\"https:\\\/\\\/kt.gov.rs\\\/sq\\\/programi-exchange-5-konkurs-per-pakot-e-ndihmes-per-njesite-e-vetqeverisjeve-lokale-ne-fushen-e-menaxhimit-te-pronesise-afati-05-04-2019\\\/\",\"url\":\"https:\\\/\\\/kt.gov.rs\\\/sq\\\/programi-exchange-5-konkurs-per-pakot-e-ndihmes-per-njesite-e-vetqeverisjeve-lokale-ne-fushen-e-menaxhimit-te-pronesise-afati-05-04-2019\\\/\",\"name\":\"PROGRAMI EXCHANGE 5 \u2013 KONKURS P\u00cbR PAKOT E NDIHM\u00cbS P\u00cbR NJ\u00cbSIT\u00cb E VETQEVERISJEVE LOKALE N\u00cb FUSH\u00cbN E MENAXHIMIT T\u00cb PRON\u00cbSIS\u00cb (AFATI: 05.04.2019) - Republika e S\u00ebrbis\u00eb Trupi Koordinues p\u00ebr komunat Bujanoc, Preshev\u00eb dhe Medvegj\u00eb\",\"isPartOf\":{\"@id\":\"https:\\\/\\\/kt.gov.rs\\\/#website\"},\"primaryImageOfPage\":{\"@id\":\"https:\\\/\\\/kt.gov.rs\\\/sq\\\/programi-exchange-5-konkurs-per-pakot-e-ndihmes-per-njesite-e-vetqeverisjeve-lokale-ne-fushen-e-menaxhimit-te-pronesise-afati-05-04-2019\\\/#primaryimage\"},\"image\":{\"@id\":\"https:\\\/\\\/kt.gov.rs\\\/sq\\\/programi-exchange-5-konkurs-per-pakot-e-ndihmes-per-njesite-e-vetqeverisjeve-lokale-ne-fushen-e-menaxhimit-te-pronesise-afati-05-04-2019\\\/#primaryimage\"},\"thumbnailUrl\":\"https:\\\/\\\/kt.gov.rs\\\/wp-content\\\/uploads\\\/2024\\\/07\\\/1553597313_26032019_2-5.jpg\",\"datePublished\":\"2019-03-26T00:00:00+00:00\",\"dateModified\":\"2024-07-30T19:05:41+00:00\",\"breadcrumb\":{\"@id\":\"https:\\\/\\\/kt.gov.rs\\\/sq\\\/programi-exchange-5-konkurs-per-pakot-e-ndihmes-per-njesite-e-vetqeverisjeve-lokale-ne-fushen-e-menaxhimit-te-pronesise-afati-05-04-2019\\\/#breadcrumb\"},\"inLanguage\":\"sq-AL\",\"potentialAction\":[{\"@type\":\"ReadAction\",\"target\":[\"https:\\\/\\\/kt.gov.rs\\\/sq\\\/programi-exchange-5-konkurs-per-pakot-e-ndihmes-per-njesite-e-vetqeverisjeve-lokale-ne-fushen-e-menaxhimit-te-pronesise-afati-05-04-2019\\\/\"]}]},{\"@type\":\"ImageObject\",\"inLanguage\":\"sq-AL\",\"@id\":\"https:\\\/\\\/kt.gov.rs\\\/sq\\\/programi-exchange-5-konkurs-per-pakot-e-ndihmes-per-njesite-e-vetqeverisjeve-lokale-ne-fushen-e-menaxhimit-te-pronesise-afati-05-04-2019\\\/#primaryimage\",\"url\":\"https:\\\/\\\/kt.gov.rs\\\/wp-content\\\/uploads\\\/2024\\\/07\\\/1553597313_26032019_2-5.jpg\",\"contentUrl\":\"https:\\\/\\\/kt.gov.rs\\\/wp-content\\\/uploads\\\/2024\\\/07\\\/1553597313_26032019_2-5.jpg\",\"width\":315,\"height\":230},{\"@type\":\"BreadcrumbList\",\"@id\":\"https:\\\/\\\/kt.gov.rs\\\/sq\\\/programi-exchange-5-konkurs-per-pakot-e-ndihmes-per-njesite-e-vetqeverisjeve-lokale-ne-fushen-e-menaxhimit-te-pronesise-afati-05-04-2019\\\/#breadcrumb\",\"itemListElement\":[{\"@type\":\"ListItem\",\"position\":1,\"name\":\"\u041f\u043e\u0447\u0435\u0442\u043d\u0430\",\"item\":\"https:\\\/\\\/kt.gov.rs\\\/sq\\\/\"},{\"@type\":\"ListItem\",\"position\":2,\"name\":\"PROGRAMI EXCHANGE 5 \u2013 KONKURS P\u00cbR PAKOT E NDIHM\u00cbS P\u00cbR NJ\u00cbSIT\u00cb E VETQEVERISJEVE LOKALE N\u00cb FUSH\u00cbN E MENAXHIMIT T\u00cb PRON\u00cbSIS\u00cb (AFATI: 05.04.2019)\"}]},{\"@type\":\"WebSite\",\"@id\":\"https:\\\/\\\/kt.gov.rs\\\/#website\",\"url\":\"https:\\\/\\\/kt.gov.rs\\\/\",\"name\":\"\u041a\u043e\u043e\u0440\u0434\u0438\u043d\u0430\u0446\u0438\u043e\u043d\u043e \u0442\u0435\u043b\u043e \u0412\u043b\u0430\u0434\u0435 \u0420\u0435\u043f\u0443\u0431\u043b\u0438\u043a\u0435 \u0421\u0440\u0431\u0438\u0458\u0435 \u0437\u0430 \u043e\u043f\u0448\u0442\u0438\u043d\u0435 \u041f\u0440\u0435\u0448\u0435\u0432\u043e, \u0411\u0443\u0458\u0430\u043d\u043e\u0432\u0430\u0446 \u0438 \u041c\u0435\u0434\u0432\u0435\u0452a\",\"description\":\"\",\"publisher\":{\"@id\":\"https:\\\/\\\/kt.gov.rs\\\/#organization\"},\"alternateName\":\"\u041a\u043e\u043e\u0440\u0434\u0438\u043d\u0430\u0446\u0438\u043e\u043d\u043e \u0442\u0435\u043b\u043e\",\"potentialAction\":[{\"@type\":\"SearchAction\",\"target\":{\"@type\":\"EntryPoint\",\"urlTemplate\":\"https:\\\/\\\/kt.gov.rs\\\/?s={search_term_string}\"},\"query-input\":{\"@type\":\"PropertyValueSpecification\",\"valueRequired\":true,\"valueName\":\"search_term_string\"}}],\"inLanguage\":\"sq-AL\"},{\"@type\":\"Organization\",\"@id\":\"https:\\\/\\\/kt.gov.rs\\\/#organization\",\"name\":\"\u041a\u043e\u043e\u0440\u0434\u0438\u043d\u0430\u0446\u0438\u043e\u043d\u043e \u0442\u0435\u043b\u043e \u0412\u043b\u0430\u0434\u0435 \u0420\u0435\u043f\u0443\u0431\u043b\u0438\u043a\u0435 \u0421\u0440\u0431\u0438\u0458\u0435 \u0437\u0430 \u043e\u043f\u0448\u0442\u0438\u043d\u0435 \u041f\u0440\u0435\u0448\u0435\u0432\u043e, \u0411\u0443\u0458\u0430\u043d\u043e\u0432\u0430\u0446 \u0438 \u041c\u0435\u0434\u0432\u0435\u0452a\",\"alternateName\":\"\u041a\u043e\u043e\u0440\u0434\u0438\u043d\u0430\u0446\u0438\u043e\u043d\u043e \u0442\u0435\u043b\u043e\",\"url\":\"https:\\\/\\\/kt.gov.rs\\\/\",\"logo\":{\"@type\":\"ImageObject\",\"inLanguage\":\"sq-AL\",\"@id\":\"https:\\\/\\\/kt.gov.rs\\\/#\\\/schema\\\/logo\\\/image\\\/\",\"url\":\"https:\\\/\\\/kt.gov.rs\\\/wp-content\\\/uploads\\\/2024\\\/12\\\/koord2.jpg\",\"contentUrl\":\"https:\\\/\\\/kt.gov.rs\\\/wp-content\\\/uploads\\\/2024\\\/12\\\/koord2.jpg\",\"width\":640,\"height\":480,\"caption\":\"\u041a\u043e\u043e\u0440\u0434\u0438\u043d\u0430\u0446\u0438\u043e\u043d\u043e \u0442\u0435\u043b\u043e \u0412\u043b\u0430\u0434\u0435 \u0420\u0435\u043f\u0443\u0431\u043b\u0438\u043a\u0435 \u0421\u0440\u0431\u0438\u0458\u0435 \u0437\u0430 \u043e\u043f\u0448\u0442\u0438\u043d\u0435 \u041f\u0440\u0435\u0448\u0435\u0432\u043e, \u0411\u0443\u0458\u0430\u043d\u043e\u0432\u0430\u0446 \u0438 \u041c\u0435\u0434\u0432\u0435\u0452a\"},\"image\":{\"@id\":\"https:\\\/\\\/kt.gov.rs\\\/#\\\/schema\\\/logo\\\/image\\\/\"},\"sameAs\":[\"https:\\\/\\\/www.facebook.com\\\/SluzbaKoordinacionogTelaVladeRepublikeSrbije\",\"https:\\\/\\\/x.com\\\/kt_gov\",\"https:\\\/\\\/www.youtube.com\\\/@koordinacionotelo\"]},{\"@type\":\"Person\",\"@id\":\"https:\\\/\\\/kt.gov.rs\\\/#\\\/schema\\\/person\\\/e426459ddb4173309103390602694571\",\"name\":\"ktmin\",\"image\":{\"@type\":\"ImageObject\",\"inLanguage\":\"sq-AL\",\"@id\":\"https:\\\/\\\/secure.gravatar.com\\\/avatar\\\/3985c961109853010c3fbc7ba30365bfba5db3dd6c525831d9c595c7525a615a?s=96&d=mm&r=g\",\"url\":\"https:\\\/\\\/secure.gravatar.com\\\/avatar\\\/3985c961109853010c3fbc7ba30365bfba5db3dd6c525831d9c595c7525a615a?s=96&d=mm&r=g\",\"contentUrl\":\"https:\\\/\\\/secure.gravatar.com\\\/avatar\\\/3985c961109853010c3fbc7ba30365bfba5db3dd6c525831d9c595c7525a615a?s=96&d=mm&r=g\",\"caption\":\"ktmin\"},\"sameAs\":[\"https:\\\/\\\/kt.gov.rs\"],\"url\":\"https:\\\/\\\/kt.gov.rs\\\/sq\\\/author\\\/ktmin\\\/\"}]}<\/script>\n<!-- \/ Yoast SEO plugin. -->","yoast_head_json":{"title":"PROGRAMI EXCHANGE 5 \u2013 KONKURS P\u00cbR PAKOT E NDIHM\u00cbS P\u00cbR NJ\u00cbSIT\u00cb E VETQEVERISJEVE LOKALE N\u00cb FUSH\u00cbN E MENAXHIMIT T\u00cb PRON\u00cbSIS\u00cb (AFATI: 05.04.2019) - Republika e S\u00ebrbis\u00eb Trupi Koordinues p\u00ebr komunat Bujanoc, Preshev\u00eb dhe Medvegj\u00eb","robots":{"index":"index","follow":"follow","max-snippet":"max-snippet:-1","max-image-preview":"max-image-preview:large","max-video-preview":"max-video-preview:-1"},"canonical":"https:\/\/kt.gov.rs\/sq\/programi-exchange-5-konkurs-per-pakot-e-ndihmes-per-njesite-e-vetqeverisjeve-lokale-ne-fushen-e-menaxhimit-te-pronesise-afati-05-04-2019\/","og_locale":"sq_AL","og_type":"article","og_title":"PROGRAMI EXCHANGE 5 \u2013 KONKURS P\u00cbR PAKOT E NDIHM\u00cbS P\u00cbR NJ\u00cbSIT\u00cb E VETQEVERISJEVE LOKALE N\u00cb FUSH\u00cbN E MENAXHIMIT T\u00cb PRON\u00cbSIS\u00cb (AFATI: 05.04.2019) - Republika e S\u00ebrbis\u00eb Trupi Koordinues p\u00ebr komunat Bujanoc, Preshev\u00eb dhe Medvegj\u00eb","og_description":"\u00cbsht\u00eb shpallur konkurs p\u00ebr Pakot e Ndihm\u00ebs n\u00eb fush\u00ebn e menaxhimit me pron\u00ebn n\u00eb kuad\u00ebr t\u00eb programit Exchange 5, i financuar nga Bashkimi Europian nga fondet IPA 2014, nd\u00ebrsa realizohet nga Ministria e Administrat\u00ebs Publike dhe Vetqeverisjes Lokale (MAPVL) n\u00eb bashk\u00ebpunim me Ministrin\u00eb e Financave...","og_url":"https:\/\/kt.gov.rs\/sq\/programi-exchange-5-konkurs-per-pakot-e-ndihmes-per-njesite-e-vetqeverisjeve-lokale-ne-fushen-e-menaxhimit-te-pronesise-afati-05-04-2019\/","og_site_name":"Republika e S\u00ebrbis\u00eb Trupi Koordinues p\u00ebr komunat Bujanoc, Preshev\u00eb dhe Medvegj\u00eb","article_publisher":"https:\/\/www.facebook.com\/SluzbaKoordinacionogTelaVladeRepublikeSrbije","article_published_time":"2019-03-26T00:00:00+00:00","article_modified_time":"2024-07-30T19:05:41+00:00","og_image":[{"width":315,"height":230,"url":"https:\/\/kt.gov.rs\/wp-content\/uploads\/2024\/07\/1553597313_26032019_2-5.jpg","type":"image\/jpeg"}],"author":"ktmin","twitter_card":"summary_large_image","twitter_creator":"@kt_gov","twitter_site":"@kt_gov","twitter_misc":{"Written by":"ktmin","Est. reading time":"2 minutes"},"schema":{"@context":"https:\/\/schema.org","@graph":[{"@type":"Article","@id":"https:\/\/kt.gov.rs\/sq\/programi-exchange-5-konkurs-per-pakot-e-ndihmes-per-njesite-e-vetqeverisjeve-lokale-ne-fushen-e-menaxhimit-te-pronesise-afati-05-04-2019\/#article","isPartOf":{"@id":"https:\/\/kt.gov.rs\/sq\/programi-exchange-5-konkurs-per-pakot-e-ndihmes-per-njesite-e-vetqeverisjeve-lokale-ne-fushen-e-menaxhimit-te-pronesise-afati-05-04-2019\/"},"author":{"name":"ktmin","@id":"https:\/\/kt.gov.rs\/#\/schema\/person\/e426459ddb4173309103390602694571"},"headline":"PROGRAMI EXCHANGE 5 \u2013 KONKURS P\u00cbR PAKOT E NDIHM\u00cbS P\u00cbR NJ\u00cbSIT\u00cb E VETQEVERISJEVE LOKALE N\u00cb FUSH\u00cbN E MENAXHIMIT T\u00cb PRON\u00cbSIS\u00cb (AFATI: 05.04.2019)","datePublished":"2019-03-26T00:00:00+00:00","dateModified":"2024-07-30T19:05:41+00:00","mainEntityOfPage":{"@id":"https:\/\/kt.gov.rs\/sq\/programi-exchange-5-konkurs-per-pakot-e-ndihmes-per-njesite-e-vetqeverisjeve-lokale-ne-fushen-e-menaxhimit-te-pronesise-afati-05-04-2019\/"},"wordCount":422,"publisher":{"@id":"https:\/\/kt.gov.rs\/#organization"},"image":{"@id":"https:\/\/kt.gov.rs\/sq\/programi-exchange-5-konkurs-per-pakot-e-ndihmes-per-njesite-e-vetqeverisjeve-lokale-ne-fushen-e-menaxhimit-te-pronesise-afati-05-04-2019\/#primaryimage"},"thumbnailUrl":"https:\/\/kt.gov.rs\/wp-content\/uploads\/2024\/07\/1553597313_26032019_2-5.jpg","articleSection":["Lajme"],"inLanguage":"sq-AL"},{"@type":"WebPage","@id":"https:\/\/kt.gov.rs\/sq\/programi-exchange-5-konkurs-per-pakot-e-ndihmes-per-njesite-e-vetqeverisjeve-lokale-ne-fushen-e-menaxhimit-te-pronesise-afati-05-04-2019\/","url":"https:\/\/kt.gov.rs\/sq\/programi-exchange-5-konkurs-per-pakot-e-ndihmes-per-njesite-e-vetqeverisjeve-lokale-ne-fushen-e-menaxhimit-te-pronesise-afati-05-04-2019\/","name":"PROGRAMI EXCHANGE 5 \u2013 KONKURS P\u00cbR PAKOT E NDIHM\u00cbS P\u00cbR NJ\u00cbSIT\u00cb E VETQEVERISJEVE LOKALE N\u00cb FUSH\u00cbN E MENAXHIMIT T\u00cb PRON\u00cbSIS\u00cb (AFATI: 05.04.2019) - Republika e S\u00ebrbis\u00eb Trupi Koordinues p\u00ebr komunat Bujanoc, Preshev\u00eb dhe Medvegj\u00eb","isPartOf":{"@id":"https:\/\/kt.gov.rs\/#website"},"primaryImageOfPage":{"@id":"https:\/\/kt.gov.rs\/sq\/programi-exchange-5-konkurs-per-pakot-e-ndihmes-per-njesite-e-vetqeverisjeve-lokale-ne-fushen-e-menaxhimit-te-pronesise-afati-05-04-2019\/#primaryimage"},"image":{"@id":"https:\/\/kt.gov.rs\/sq\/programi-exchange-5-konkurs-per-pakot-e-ndihmes-per-njesite-e-vetqeverisjeve-lokale-ne-fushen-e-menaxhimit-te-pronesise-afati-05-04-2019\/#primaryimage"},"thumbnailUrl":"https:\/\/kt.gov.rs\/wp-content\/uploads\/2024\/07\/1553597313_26032019_2-5.jpg","datePublished":"2019-03-26T00:00:00+00:00","dateModified":"2024-07-30T19:05:41+00:00","breadcrumb":{"@id":"https:\/\/kt.gov.rs\/sq\/programi-exchange-5-konkurs-per-pakot-e-ndihmes-per-njesite-e-vetqeverisjeve-lokale-ne-fushen-e-menaxhimit-te-pronesise-afati-05-04-2019\/#breadcrumb"},"inLanguage":"sq-AL","potentialAction":[{"@type":"ReadAction","target":["https:\/\/kt.gov.rs\/sq\/programi-exchange-5-konkurs-per-pakot-e-ndihmes-per-njesite-e-vetqeverisjeve-lokale-ne-fushen-e-menaxhimit-te-pronesise-afati-05-04-2019\/"]}]},{"@type":"ImageObject","inLanguage":"sq-AL","@id":"https:\/\/kt.gov.rs\/sq\/programi-exchange-5-konkurs-per-pakot-e-ndihmes-per-njesite-e-vetqeverisjeve-lokale-ne-fushen-e-menaxhimit-te-pronesise-afati-05-04-2019\/#primaryimage","url":"https:\/\/kt.gov.rs\/wp-content\/uploads\/2024\/07\/1553597313_26032019_2-5.jpg","contentUrl":"https:\/\/kt.gov.rs\/wp-content\/uploads\/2024\/07\/1553597313_26032019_2-5.jpg","width":315,"height":230},{"@type":"BreadcrumbList","@id":"https:\/\/kt.gov.rs\/sq\/programi-exchange-5-konkurs-per-pakot-e-ndihmes-per-njesite-e-vetqeverisjeve-lokale-ne-fushen-e-menaxhimit-te-pronesise-afati-05-04-2019\/#breadcrumb","itemListElement":[{"@type":"ListItem","position":1,"name":"\u041f\u043e\u0447\u0435\u0442\u043d\u0430","item":"https:\/\/kt.gov.rs\/sq\/"},{"@type":"ListItem","position":2,"name":"PROGRAMI EXCHANGE 5 \u2013 KONKURS P\u00cbR PAKOT E NDIHM\u00cbS P\u00cbR NJ\u00cbSIT\u00cb E VETQEVERISJEVE LOKALE N\u00cb FUSH\u00cbN E MENAXHIMIT T\u00cb PRON\u00cbSIS\u00cb (AFATI: 05.04.2019)"}]},{"@type":"WebSite","@id":"https:\/\/kt.gov.rs\/#website","url":"https:\/\/kt.gov.rs\/","name":"\u041a\u043e\u043e\u0440\u0434\u0438\u043d\u0430\u0446\u0438\u043e\u043d\u043e \u0442\u0435\u043b\u043e \u0412\u043b\u0430\u0434\u0435 \u0420\u0435\u043f\u0443\u0431\u043b\u0438\u043a\u0435 \u0421\u0440\u0431\u0438\u0458\u0435 \u0437\u0430 \u043e\u043f\u0448\u0442\u0438\u043d\u0435 \u041f\u0440\u0435\u0448\u0435\u0432\u043e, \u0411\u0443\u0458\u0430\u043d\u043e\u0432\u0430\u0446 \u0438 \u041c\u0435\u0434\u0432\u0435\u0452a","description":"","publisher":{"@id":"https:\/\/kt.gov.rs\/#organization"},"alternateName":"\u041a\u043e\u043e\u0440\u0434\u0438\u043d\u0430\u0446\u0438\u043e\u043d\u043e \u0442\u0435\u043b\u043e","potentialAction":[{"@type":"SearchAction","target":{"@type":"EntryPoint","urlTemplate":"https:\/\/kt.gov.rs\/?s={search_term_string}"},"query-input":{"@type":"PropertyValueSpecification","valueRequired":true,"valueName":"search_term_string"}}],"inLanguage":"sq-AL"},{"@type":"Organization","@id":"https:\/\/kt.gov.rs\/#organization","name":"\u041a\u043e\u043e\u0440\u0434\u0438\u043d\u0430\u0446\u0438\u043e\u043d\u043e \u0442\u0435\u043b\u043e \u0412\u043b\u0430\u0434\u0435 \u0420\u0435\u043f\u0443\u0431\u043b\u0438\u043a\u0435 \u0421\u0440\u0431\u0438\u0458\u0435 \u0437\u0430 \u043e\u043f\u0448\u0442\u0438\u043d\u0435 \u041f\u0440\u0435\u0448\u0435\u0432\u043e, \u0411\u0443\u0458\u0430\u043d\u043e\u0432\u0430\u0446 \u0438 \u041c\u0435\u0434\u0432\u0435\u0452a","alternateName":"\u041a\u043e\u043e\u0440\u0434\u0438\u043d\u0430\u0446\u0438\u043e\u043d\u043e \u0442\u0435\u043b\u043e","url":"https:\/\/kt.gov.rs\/","logo":{"@type":"ImageObject","inLanguage":"sq-AL","@id":"https:\/\/kt.gov.rs\/#\/schema\/logo\/image\/","url":"https:\/\/kt.gov.rs\/wp-content\/uploads\/2024\/12\/koord2.jpg","contentUrl":"https:\/\/kt.gov.rs\/wp-content\/uploads\/2024\/12\/koord2.jpg","width":640,"height":480,"caption":"\u041a\u043e\u043e\u0440\u0434\u0438\u043d\u0430\u0446\u0438\u043e\u043d\u043e \u0442\u0435\u043b\u043e \u0412\u043b\u0430\u0434\u0435 \u0420\u0435\u043f\u0443\u0431\u043b\u0438\u043a\u0435 \u0421\u0440\u0431\u0438\u0458\u0435 \u0437\u0430 \u043e\u043f\u0448\u0442\u0438\u043d\u0435 \u041f\u0440\u0435\u0448\u0435\u0432\u043e, \u0411\u0443\u0458\u0430\u043d\u043e\u0432\u0430\u0446 \u0438 \u041c\u0435\u0434\u0432\u0435\u0452a"},"image":{"@id":"https:\/\/kt.gov.rs\/#\/schema\/logo\/image\/"},"sameAs":["https:\/\/www.facebook.com\/SluzbaKoordinacionogTelaVladeRepublikeSrbije","https:\/\/x.com\/kt_gov","https:\/\/www.youtube.com\/@koordinacionotelo"]},{"@type":"Person","@id":"https:\/\/kt.gov.rs\/#\/schema\/person\/e426459ddb4173309103390602694571","name":"ktmin","image":{"@type":"ImageObject","inLanguage":"sq-AL","@id":"https:\/\/secure.gravatar.com\/avatar\/3985c961109853010c3fbc7ba30365bfba5db3dd6c525831d9c595c7525a615a?s=96&d=mm&r=g","url":"https:\/\/secure.gravatar.com\/avatar\/3985c961109853010c3fbc7ba30365bfba5db3dd6c525831d9c595c7525a615a?s=96&d=mm&r=g","contentUrl":"https:\/\/secure.gravatar.com\/avatar\/3985c961109853010c3fbc7ba30365bfba5db3dd6c525831d9c595c7525a615a?s=96&d=mm&r=g","caption":"ktmin"},"sameAs":["https:\/\/kt.gov.rs"],"url":"https:\/\/kt.gov.rs\/sq\/author\/ktmin\/"}]}},"_links":{"self":[{"href":"https:\/\/kt.gov.rs\/sq\/wp-json\/wp\/v2\/posts\/118385","targetHints":{"allow":["GET"]}}],"collection":[{"href":"https:\/\/kt.gov.rs\/sq\/wp-json\/wp\/v2\/posts"}],"about":[{"href":"https:\/\/kt.gov.rs\/sq\/wp-json\/wp\/v2\/types\/post"}],"author":[{"embeddable":true,"href":"https:\/\/kt.gov.rs\/sq\/wp-json\/wp\/v2\/users\/1"}],"replies":[{"embeddable":true,"href":"https:\/\/kt.gov.rs\/sq\/wp-json\/wp\/v2\/comments?post=118385"}],"version-history":[{"count":1,"href":"https:\/\/kt.gov.rs\/sq\/wp-json\/wp\/v2\/posts\/118385\/revisions"}],"predecessor-version":[{"id":118389,"href":"https:\/\/kt.gov.rs\/sq\/wp-json\/wp\/v2\/posts\/118385\/revisions\/118389"}],"wp:featuredmedia":[{"embeddable":true,"href":"https:\/\/kt.gov.rs\/sq\/wp-json\/wp\/v2\/media\/118390"}],"wp:attachment":[{"href":"https:\/\/kt.gov.rs\/sq\/wp-json\/wp\/v2\/media?parent=118385"}],"wp:term":[{"taxonomy":"category","embeddable":true,"href":"https:\/\/kt.gov.rs\/sq\/wp-json\/wp\/v2\/categories?post=118385"},{"taxonomy":"post_tag","embeddable":true,"href":"https:\/\/kt.gov.rs\/sq\/wp-json\/wp\/v2\/tags?post=118385"}],"curies":[{"name":"wp","href":"https:\/\/api.w.org\/{rel}","templated":true}]}}