{"id":117774,"date":"2019-05-06T00:00:00","date_gmt":"2019-05-06T00:00:00","guid":{"rendered":"http:\/\/kt.printandscreen.rs\/konkurs-per-ndarjen-e-mjeteve-per-realizimin-e-punimeve-ne-mbrojtjen-rregullimin-dhe-shfrytezimin-e-tokes-bujqesore\/"},"modified":"2024-07-30T19:04:44","modified_gmt":"2024-07-30T19:04:44","slug":"konkurs-per-ndarjen-e-mjeteve-per-realizimin-e-punimeve-ne-mbrojtjen-rregullimin-dhe-shfrytezimin-e-tokes-bujqesore","status":"publish","type":"post","link":"https:\/\/kt.gov.rs\/sq\/konkurs-per-ndarjen-e-mjeteve-per-realizimin-e-punimeve-ne-mbrojtjen-rregullimin-dhe-shfrytezimin-e-tokes-bujqesore\/","title":{"rendered":"KONKURS P\u00cbR NDARJEN E MJETEVE P\u00cbR REALIZIMIN E PUNIMEVE N\u00cb MBROJTJEN, RREGULLIMIN DHE SHFRYT\u00cbZIMIN E TOK\u00cbS BUJQ\u00cbSORE"},"content":{"rendered":"<p>\n\t<img decoding=\"async\" alt=\"\" src=\"https:\/\/kt.gov.rs\/wp-content\/uploads\/2024\/07\/1557125754_060519_2-4.jpg\" style=\"width: 315px; height: 230px; float: left;\" \/>Ministria e Bujq\u00ebsis\u00eb, Pylltaris\u00eb dhe Menaxhimit t\u00eb Uj\u00ebrave ka shpallur konkurs p\u00ebr ndarjen e fondeve p\u00ebr ekzekutimin e punimeve p\u00ebr mbrojtjen, rregullimin dhe p\u00ebrdorimin e tok\u00ebs bujq\u00ebsore n\u00eb vitin 2019.<\/p>\n<p>\n\tMe k\u00ebt\u00eb Konkurs p\u00ebrcaktohet dokumentacioni q\u00eb duhet t\u00eb dor\u00ebzohet me k\u00ebrkes\u00ebn, kriteret e tjera p\u00ebr ushtrimin e t\u00eb drejt\u00ebs n\u00eb mjete dhe m\u00ebnyr\u00ebn e vler\u00ebsimit t\u00eb kritereve t\u00eb caktuara p\u00ebr ekzekutimin e pun\u00ebve p\u00ebr mbrojtjen, rregullimin dhe p\u00ebrdorimin e tok\u00ebs bujq\u00ebsore, dometh\u00ebn\u00eb p\u00ebr investime t\u00eb reja dhe investime t\u00eb tjera q\u00eb p\u00ebrfshijn\u00eb:<\/p>\n<p>\n\t1) punime investuese dhe punime gjeodezike-teknike;<\/p>\n<p>\n\t2) p\u00ebrmir\u00ebsimi i cil\u00ebsis\u00eb s\u00eb tok\u00ebs bujq\u00ebsore;<\/p>\n<p>\n\t3) blerjen e pajisjeve t\u00eb reja t\u00eb ujitjes;<\/p>\n<p>\n\t4) g\u00ebrmimi \/ shpimi i puseve n\u00eb funksion t\u00eb ujitjes;<\/p>\n<p>\n\t5) punime studimore k\u00ebrkimore, programe dhe projekte n\u00eb fush\u00ebn e mbrojtjes dhe shfryt\u00ebzimit t\u00eb tokave bujq\u00ebsore me r\u00ebnd\u00ebsi p\u00ebr Republik\u00ebn e Serbis\u00eb;<\/p>\n<p>\n\t6) pun\u00eb studimore dhe k\u00ebrkimore, programet dhe projektet n\u00eb fush\u00ebn e mbrojtjes dhe shfryt\u00ebzimit t\u00eb tok\u00ebs bujq\u00ebsore n\u00eb drejtim t\u00eb zbulimit t\u00eb p\u00ebrdorimit t\u00eb tok\u00ebs bujq\u00ebsore n\u00eb pron\u00ebsi t\u00eb shtetit me r\u00ebnd\u00ebsi p\u00ebr Republik\u00ebn e Serbis\u00eb;<\/p>\n<p>\n\t7) studime dhe pun\u00eb k\u00ebrkimore, programe dhe projekte n\u00eb fush\u00ebn e kultivimit t\u00eb tok\u00ebs bujq\u00ebsore me r\u00ebnd\u00ebsi p\u00ebr Republik\u00ebn e Serbis\u00eb.<\/p>\n<p>\n\t\u00a0<\/p>\n<p>\n\tP\u00ebrdoruesi i fondeve p\u00ebr pun\u00ebt p\u00ebr investime t\u00eb reja dhe investime t\u00eb tjera p\u00ebr mbrojtjen, rregullimin dhe p\u00ebrdorimin e tok\u00ebs bujq\u00ebsore mund t\u00eb jen\u00eb:<\/p>\n<p>\n\t1) nj\u00ebsit\u00eb e vet\u00ebqeverisjes lokale,<\/p>\n<p>\n\t2) personi fizik,<\/p>\n<p>\n\t3) organizatat k\u00ebrkimore shkencore: institucioni i arsimit t\u00eb lart\u00eb dhe instituti i akredituar nga Komiteti p\u00ebr Akreditimin e Organizatave K\u00ebrkimore Shkencore n\u00eb fush\u00ebn e Shkencave Bioteknologjike \u2013 Bujq\u00ebsi t\u00eb themeluara nga Republika e Serbis\u00eb,<\/p>\n<p>\n\t4) Organizata k\u00ebrkimore shkencore p\u00ebr p\u00ebrcaktimin e p\u00ebrdorimit t\u00eb tok\u00ebs bujq\u00ebsore n\u00eb pron\u00ebsi shtet\u00ebrore: nj\u00eb institut i akredituar;<\/p>\n<p>\n\t5) institucioni: shkolla e mesme profesionale n\u00eb fush\u00ebn e bujq\u00ebsis\u00eb dhe studimeve profesionale n\u00eb fush\u00ebn e bujq\u00ebsis\u00eb, e themeluar nga Republika e Serbis\u00eb,<\/p>\n<p>\n\t6) kompani;<\/p>\n<p>\n\t7) sip\u00ebrmarr\u00ebs,<\/p>\n<p>\n\t8) kooperativa bujq\u00ebsore.<\/p>\n<p>\n\tInformacione t\u00eb m\u00ebtejshme rreth konkursit mund t\u00eb gjeni n\u00eb<\/p>\n<p>\n\t<strong>Burimi: Ministria e Bujq\u00ebsis\u00eb, Pylltaris\u00eb dhe Menaxhimit t\u00eb Uj\u00ebrave dhe Trupi Koordinues <\/strong><\/p>\n<p>\n\t\u00a0<\/p>\n","protected":false},"excerpt":{"rendered":"<p>Ministria e Bujq\u00ebsis\u00eb, Pylltaris\u00eb dhe Menaxhimit t\u00eb Uj\u00ebrave ka shpallur konkurs p\u00ebr ndarjen e fondeve p\u00ebr ekzekutimin e punimeve p\u00ebr mbrojtjen, rregullimin dhe p\u00ebrdorimin e tok\u00ebs bujq\u00ebsore n\u00eb vitin 2019.<\/p>\n","protected":false},"author":1,"featured_media":117779,"comment_status":"closed","ping_status":"closed","sticky":false,"template":"","format":"standard","meta":{"footnotes":""},"categories":[55],"tags":[],"class_list":["post-117774","post","type-post","status-publish","format-standard","has-post-thumbnail","hentry","category-lajme"],"yoast_head":"<!-- This site is optimized with the Yoast SEO plugin v27.5 - https:\/\/yoast.com\/product\/yoast-seo-wordpress\/ -->\n<title>KONKURS P\u00cbR NDARJEN E MJETEVE P\u00cbR REALIZIMIN E PUNIMEVE N\u00cb MBROJTJEN, RREGULLIMIN DHE SHFRYT\u00cbZIMIN E TOK\u00cbS BUJQ\u00cbSORE - Republika e S\u00ebrbis\u00eb Trupi Koordinues p\u00ebr komunat Bujanoc, Preshev\u00eb dhe Medvegj\u00eb<\/title>\n<meta name=\"robots\" content=\"index, follow, max-snippet:-1, max-image-preview:large, max-video-preview:-1\" \/>\n<link rel=\"canonical\" href=\"https:\/\/kt.gov.rs\/sq\/konkurs-per-ndarjen-e-mjeteve-per-realizimin-e-punimeve-ne-mbrojtjen-rregullimin-dhe-shfrytezimin-e-tokes-bujqesore\/\" \/>\n<meta property=\"og:locale\" content=\"sq_AL\" \/>\n<meta property=\"og:type\" content=\"article\" \/>\n<meta property=\"og:title\" content=\"KONKURS P\u00cbR NDARJEN E MJETEVE P\u00cbR REALIZIMIN E PUNIMEVE N\u00cb MBROJTJEN, RREGULLIMIN DHE SHFRYT\u00cbZIMIN E TOK\u00cbS BUJQ\u00cbSORE - Republika e S\u00ebrbis\u00eb Trupi Koordinues p\u00ebr komunat Bujanoc, Preshev\u00eb dhe Medvegj\u00eb\" \/>\n<meta property=\"og:description\" content=\"Ministria e Bujq\u00ebsis\u00eb, Pylltaris\u00eb dhe Menaxhimit t\u00eb Uj\u00ebrave ka shpallur konkurs p\u00ebr ndarjen e fondeve p\u00ebr ekzekutimin e punimeve p\u00ebr mbrojtjen, rregullimin dhe p\u00ebrdorimin e tok\u00ebs bujq\u00ebsore n\u00eb vitin 2019.\" \/>\n<meta property=\"og:url\" content=\"https:\/\/kt.gov.rs\/sq\/konkurs-per-ndarjen-e-mjeteve-per-realizimin-e-punimeve-ne-mbrojtjen-rregullimin-dhe-shfrytezimin-e-tokes-bujqesore\/\" \/>\n<meta property=\"og:site_name\" content=\"Republika e S\u00ebrbis\u00eb Trupi Koordinues p\u00ebr komunat Bujanoc, Preshev\u00eb dhe Medvegj\u00eb\" \/>\n<meta property=\"article:publisher\" content=\"https:\/\/www.facebook.com\/SluzbaKoordinacionogTelaVladeRepublikeSrbije\" \/>\n<meta property=\"article:published_time\" content=\"2019-05-06T00:00:00+00:00\" \/>\n<meta property=\"article:modified_time\" content=\"2024-07-30T19:04:44+00:00\" \/>\n<meta property=\"og:image\" content=\"https:\/\/kt.gov.rs\/wp-content\/uploads\/2024\/07\/1557125754_060519_2-5.jpg\" \/>\n\t<meta property=\"og:image:width\" content=\"315\" \/>\n\t<meta property=\"og:image:height\" content=\"230\" \/>\n\t<meta property=\"og:image:type\" content=\"image\/jpeg\" \/>\n<meta name=\"author\" content=\"ktmin\" \/>\n<meta name=\"twitter:card\" content=\"summary_large_image\" \/>\n<meta name=\"twitter:creator\" content=\"@kt_gov\" \/>\n<meta name=\"twitter:site\" content=\"@kt_gov\" \/>\n<meta name=\"twitter:label1\" content=\"Written by\" \/>\n\t<meta name=\"twitter:data1\" content=\"ktmin\" \/>\n\t<meta name=\"twitter:label2\" content=\"Est. reading time\" \/>\n\t<meta name=\"twitter:data2\" content=\"3 minutes\" \/>\n<script type=\"application\/ld+json\" class=\"yoast-schema-graph\">{\"@context\":\"https:\\\/\\\/schema.org\",\"@graph\":[{\"@type\":\"Article\",\"@id\":\"https:\\\/\\\/kt.gov.rs\\\/sq\\\/konkurs-per-ndarjen-e-mjeteve-per-realizimin-e-punimeve-ne-mbrojtjen-rregullimin-dhe-shfrytezimin-e-tokes-bujqesore\\\/#article\",\"isPartOf\":{\"@id\":\"https:\\\/\\\/kt.gov.rs\\\/sq\\\/konkurs-per-ndarjen-e-mjeteve-per-realizimin-e-punimeve-ne-mbrojtjen-rregullimin-dhe-shfrytezimin-e-tokes-bujqesore\\\/\"},\"author\":{\"name\":\"ktmin\",\"@id\":\"https:\\\/\\\/kt.gov.rs\\\/#\\\/schema\\\/person\\\/e426459ddb4173309103390602694571\"},\"headline\":\"KONKURS P\u00cbR NDARJEN E MJETEVE P\u00cbR REALIZIMIN E PUNIMEVE N\u00cb MBROJTJEN, RREGULLIMIN DHE SHFRYT\u00cbZIMIN E TOK\u00cbS BUJQ\u00cbSORE\",\"datePublished\":\"2019-05-06T00:00:00+00:00\",\"dateModified\":\"2024-07-30T19:04:44+00:00\",\"mainEntityOfPage\":{\"@id\":\"https:\\\/\\\/kt.gov.rs\\\/sq\\\/konkurs-per-ndarjen-e-mjeteve-per-realizimin-e-punimeve-ne-mbrojtjen-rregullimin-dhe-shfrytezimin-e-tokes-bujqesore\\\/\"},\"wordCount\":587,\"publisher\":{\"@id\":\"https:\\\/\\\/kt.gov.rs\\\/#organization\"},\"image\":{\"@id\":\"https:\\\/\\\/kt.gov.rs\\\/sq\\\/konkurs-per-ndarjen-e-mjeteve-per-realizimin-e-punimeve-ne-mbrojtjen-rregullimin-dhe-shfrytezimin-e-tokes-bujqesore\\\/#primaryimage\"},\"thumbnailUrl\":\"https:\\\/\\\/kt.gov.rs\\\/wp-content\\\/uploads\\\/2024\\\/07\\\/1557125754_060519_2-5.jpg\",\"articleSection\":[\"Lajme\"],\"inLanguage\":\"sq-AL\"},{\"@type\":\"WebPage\",\"@id\":\"https:\\\/\\\/kt.gov.rs\\\/sq\\\/konkurs-per-ndarjen-e-mjeteve-per-realizimin-e-punimeve-ne-mbrojtjen-rregullimin-dhe-shfrytezimin-e-tokes-bujqesore\\\/\",\"url\":\"https:\\\/\\\/kt.gov.rs\\\/sq\\\/konkurs-per-ndarjen-e-mjeteve-per-realizimin-e-punimeve-ne-mbrojtjen-rregullimin-dhe-shfrytezimin-e-tokes-bujqesore\\\/\",\"name\":\"KONKURS P\u00cbR NDARJEN E MJETEVE P\u00cbR REALIZIMIN E PUNIMEVE N\u00cb MBROJTJEN, RREGULLIMIN DHE SHFRYT\u00cbZIMIN E TOK\u00cbS BUJQ\u00cbSORE - Republika e S\u00ebrbis\u00eb Trupi Koordinues p\u00ebr komunat Bujanoc, Preshev\u00eb dhe Medvegj\u00eb\",\"isPartOf\":{\"@id\":\"https:\\\/\\\/kt.gov.rs\\\/#website\"},\"primaryImageOfPage\":{\"@id\":\"https:\\\/\\\/kt.gov.rs\\\/sq\\\/konkurs-per-ndarjen-e-mjeteve-per-realizimin-e-punimeve-ne-mbrojtjen-rregullimin-dhe-shfrytezimin-e-tokes-bujqesore\\\/#primaryimage\"},\"image\":{\"@id\":\"https:\\\/\\\/kt.gov.rs\\\/sq\\\/konkurs-per-ndarjen-e-mjeteve-per-realizimin-e-punimeve-ne-mbrojtjen-rregullimin-dhe-shfrytezimin-e-tokes-bujqesore\\\/#primaryimage\"},\"thumbnailUrl\":\"https:\\\/\\\/kt.gov.rs\\\/wp-content\\\/uploads\\\/2024\\\/07\\\/1557125754_060519_2-5.jpg\",\"datePublished\":\"2019-05-06T00:00:00+00:00\",\"dateModified\":\"2024-07-30T19:04:44+00:00\",\"breadcrumb\":{\"@id\":\"https:\\\/\\\/kt.gov.rs\\\/sq\\\/konkurs-per-ndarjen-e-mjeteve-per-realizimin-e-punimeve-ne-mbrojtjen-rregullimin-dhe-shfrytezimin-e-tokes-bujqesore\\\/#breadcrumb\"},\"inLanguage\":\"sq-AL\",\"potentialAction\":[{\"@type\":\"ReadAction\",\"target\":[\"https:\\\/\\\/kt.gov.rs\\\/sq\\\/konkurs-per-ndarjen-e-mjeteve-per-realizimin-e-punimeve-ne-mbrojtjen-rregullimin-dhe-shfrytezimin-e-tokes-bujqesore\\\/\"]}]},{\"@type\":\"ImageObject\",\"inLanguage\":\"sq-AL\",\"@id\":\"https:\\\/\\\/kt.gov.rs\\\/sq\\\/konkurs-per-ndarjen-e-mjeteve-per-realizimin-e-punimeve-ne-mbrojtjen-rregullimin-dhe-shfrytezimin-e-tokes-bujqesore\\\/#primaryimage\",\"url\":\"https:\\\/\\\/kt.gov.rs\\\/wp-content\\\/uploads\\\/2024\\\/07\\\/1557125754_060519_2-5.jpg\",\"contentUrl\":\"https:\\\/\\\/kt.gov.rs\\\/wp-content\\\/uploads\\\/2024\\\/07\\\/1557125754_060519_2-5.jpg\",\"width\":315,\"height\":230},{\"@type\":\"BreadcrumbList\",\"@id\":\"https:\\\/\\\/kt.gov.rs\\\/sq\\\/konkurs-per-ndarjen-e-mjeteve-per-realizimin-e-punimeve-ne-mbrojtjen-rregullimin-dhe-shfrytezimin-e-tokes-bujqesore\\\/#breadcrumb\",\"itemListElement\":[{\"@type\":\"ListItem\",\"position\":1,\"name\":\"Po\u010detna\",\"item\":\"https:\\\/\\\/kt.gov.rs\\\/sq\\\/\"},{\"@type\":\"ListItem\",\"position\":2,\"name\":\"KONKURS P\u00cbR NDARJEN E MJETEVE P\u00cbR REALIZIMIN E PUNIMEVE N\u00cb MBROJTJEN, RREGULLIMIN DHE SHFRYT\u00cbZIMIN E TOK\u00cbS BUJQ\u00cbSORE\"}]},{\"@type\":\"WebSite\",\"@id\":\"https:\\\/\\\/kt.gov.rs\\\/#website\",\"url\":\"https:\\\/\\\/kt.gov.rs\\\/\",\"name\":\"Koordinaciono telo Vlade Republike Srbije za op\u0161tine Pre\u0161evo, Bujanovac i Medve\u0111a\",\"description\":\"\",\"publisher\":{\"@id\":\"https:\\\/\\\/kt.gov.rs\\\/#organization\"},\"alternateName\":\"Koordinaciono telo\",\"potentialAction\":[{\"@type\":\"SearchAction\",\"target\":{\"@type\":\"EntryPoint\",\"urlTemplate\":\"https:\\\/\\\/kt.gov.rs\\\/?s={search_term_string}\"},\"query-input\":{\"@type\":\"PropertyValueSpecification\",\"valueRequired\":true,\"valueName\":\"search_term_string\"}}],\"inLanguage\":\"sq-AL\"},{\"@type\":\"Organization\",\"@id\":\"https:\\\/\\\/kt.gov.rs\\\/#organization\",\"name\":\"Koordinaciono telo Vlade Republike Srbije za op\u0161tine Pre\u0161evo, Bujanovac i Medve\u0111a\",\"alternateName\":\"Koordinaciono telo\",\"url\":\"https:\\\/\\\/kt.gov.rs\\\/\",\"logo\":{\"@type\":\"ImageObject\",\"inLanguage\":\"sq-AL\",\"@id\":\"https:\\\/\\\/kt.gov.rs\\\/#\\\/schema\\\/logo\\\/image\\\/\",\"url\":\"https:\\\/\\\/kt.gov.rs\\\/wp-content\\\/uploads\\\/2024\\\/12\\\/koord2.jpg\",\"contentUrl\":\"https:\\\/\\\/kt.gov.rs\\\/wp-content\\\/uploads\\\/2024\\\/12\\\/koord2.jpg\",\"width\":640,\"height\":480,\"caption\":\"Koordinaciono telo Vlade Republike Srbije za op\u0161tine Pre\u0161evo, Bujanovac i Medve\u0111a\"},\"image\":{\"@id\":\"https:\\\/\\\/kt.gov.rs\\\/#\\\/schema\\\/logo\\\/image\\\/\"},\"sameAs\":[\"https:\\\/\\\/www.facebook.com\\\/SluzbaKoordinacionogTelaVladeRepublikeSrbije\",\"https:\\\/\\\/x.com\\\/kt_gov\",\"https:\\\/\\\/www.youtube.com\\\/@koordinacionotelo\"]},{\"@type\":\"Person\",\"@id\":\"https:\\\/\\\/kt.gov.rs\\\/#\\\/schema\\\/person\\\/e426459ddb4173309103390602694571\",\"name\":\"ktmin\",\"image\":{\"@type\":\"ImageObject\",\"inLanguage\":\"sq-AL\",\"@id\":\"https:\\\/\\\/secure.gravatar.com\\\/avatar\\\/3985c961109853010c3fbc7ba30365bfba5db3dd6c525831d9c595c7525a615a?s=96&d=mm&r=g\",\"url\":\"https:\\\/\\\/secure.gravatar.com\\\/avatar\\\/3985c961109853010c3fbc7ba30365bfba5db3dd6c525831d9c595c7525a615a?s=96&d=mm&r=g\",\"contentUrl\":\"https:\\\/\\\/secure.gravatar.com\\\/avatar\\\/3985c961109853010c3fbc7ba30365bfba5db3dd6c525831d9c595c7525a615a?s=96&d=mm&r=g\",\"caption\":\"ktmin\"},\"sameAs\":[\"https:\\\/\\\/kt.gov.rs\"],\"url\":\"https:\\\/\\\/kt.gov.rs\\\/sq\\\/author\\\/ktmin\\\/\"}]}<\/script>\n<!-- \/ Yoast SEO plugin. -->","yoast_head_json":{"title":"KONKURS P\u00cbR NDARJEN E MJETEVE P\u00cbR REALIZIMIN E PUNIMEVE N\u00cb MBROJTJEN, RREGULLIMIN DHE SHFRYT\u00cbZIMIN E TOK\u00cbS BUJQ\u00cbSORE - Republika e S\u00ebrbis\u00eb Trupi Koordinues p\u00ebr komunat Bujanoc, Preshev\u00eb dhe Medvegj\u00eb","robots":{"index":"index","follow":"follow","max-snippet":"max-snippet:-1","max-image-preview":"max-image-preview:large","max-video-preview":"max-video-preview:-1"},"canonical":"https:\/\/kt.gov.rs\/sq\/konkurs-per-ndarjen-e-mjeteve-per-realizimin-e-punimeve-ne-mbrojtjen-rregullimin-dhe-shfrytezimin-e-tokes-bujqesore\/","og_locale":"sq_AL","og_type":"article","og_title":"KONKURS P\u00cbR NDARJEN E MJETEVE P\u00cbR REALIZIMIN E PUNIMEVE N\u00cb MBROJTJEN, RREGULLIMIN DHE SHFRYT\u00cbZIMIN E TOK\u00cbS BUJQ\u00cbSORE - Republika e S\u00ebrbis\u00eb Trupi Koordinues p\u00ebr komunat Bujanoc, Preshev\u00eb dhe Medvegj\u00eb","og_description":"Ministria e Bujq\u00ebsis\u00eb, Pylltaris\u00eb dhe Menaxhimit t\u00eb Uj\u00ebrave ka shpallur konkurs p\u00ebr ndarjen e fondeve p\u00ebr ekzekutimin e punimeve p\u00ebr mbrojtjen, rregullimin dhe p\u00ebrdorimin e tok\u00ebs bujq\u00ebsore n\u00eb vitin 2019.","og_url":"https:\/\/kt.gov.rs\/sq\/konkurs-per-ndarjen-e-mjeteve-per-realizimin-e-punimeve-ne-mbrojtjen-rregullimin-dhe-shfrytezimin-e-tokes-bujqesore\/","og_site_name":"Republika e S\u00ebrbis\u00eb Trupi Koordinues p\u00ebr komunat Bujanoc, Preshev\u00eb dhe Medvegj\u00eb","article_publisher":"https:\/\/www.facebook.com\/SluzbaKoordinacionogTelaVladeRepublikeSrbije","article_published_time":"2019-05-06T00:00:00+00:00","article_modified_time":"2024-07-30T19:04:44+00:00","og_image":[{"width":315,"height":230,"url":"https:\/\/kt.gov.rs\/wp-content\/uploads\/2024\/07\/1557125754_060519_2-5.jpg","type":"image\/jpeg"}],"author":"ktmin","twitter_card":"summary_large_image","twitter_creator":"@kt_gov","twitter_site":"@kt_gov","twitter_misc":{"Written by":"ktmin","Est. reading time":"3 minutes"},"schema":{"@context":"https:\/\/schema.org","@graph":[{"@type":"Article","@id":"https:\/\/kt.gov.rs\/sq\/konkurs-per-ndarjen-e-mjeteve-per-realizimin-e-punimeve-ne-mbrojtjen-rregullimin-dhe-shfrytezimin-e-tokes-bujqesore\/#article","isPartOf":{"@id":"https:\/\/kt.gov.rs\/sq\/konkurs-per-ndarjen-e-mjeteve-per-realizimin-e-punimeve-ne-mbrojtjen-rregullimin-dhe-shfrytezimin-e-tokes-bujqesore\/"},"author":{"name":"ktmin","@id":"https:\/\/kt.gov.rs\/#\/schema\/person\/e426459ddb4173309103390602694571"},"headline":"KONKURS P\u00cbR NDARJEN E MJETEVE P\u00cbR REALIZIMIN E PUNIMEVE N\u00cb MBROJTJEN, RREGULLIMIN DHE SHFRYT\u00cbZIMIN E TOK\u00cbS BUJQ\u00cbSORE","datePublished":"2019-05-06T00:00:00+00:00","dateModified":"2024-07-30T19:04:44+00:00","mainEntityOfPage":{"@id":"https:\/\/kt.gov.rs\/sq\/konkurs-per-ndarjen-e-mjeteve-per-realizimin-e-punimeve-ne-mbrojtjen-rregullimin-dhe-shfrytezimin-e-tokes-bujqesore\/"},"wordCount":587,"publisher":{"@id":"https:\/\/kt.gov.rs\/#organization"},"image":{"@id":"https:\/\/kt.gov.rs\/sq\/konkurs-per-ndarjen-e-mjeteve-per-realizimin-e-punimeve-ne-mbrojtjen-rregullimin-dhe-shfrytezimin-e-tokes-bujqesore\/#primaryimage"},"thumbnailUrl":"https:\/\/kt.gov.rs\/wp-content\/uploads\/2024\/07\/1557125754_060519_2-5.jpg","articleSection":["Lajme"],"inLanguage":"sq-AL"},{"@type":"WebPage","@id":"https:\/\/kt.gov.rs\/sq\/konkurs-per-ndarjen-e-mjeteve-per-realizimin-e-punimeve-ne-mbrojtjen-rregullimin-dhe-shfrytezimin-e-tokes-bujqesore\/","url":"https:\/\/kt.gov.rs\/sq\/konkurs-per-ndarjen-e-mjeteve-per-realizimin-e-punimeve-ne-mbrojtjen-rregullimin-dhe-shfrytezimin-e-tokes-bujqesore\/","name":"KONKURS P\u00cbR NDARJEN E MJETEVE P\u00cbR REALIZIMIN E PUNIMEVE N\u00cb MBROJTJEN, RREGULLIMIN DHE SHFRYT\u00cbZIMIN E TOK\u00cbS BUJQ\u00cbSORE - Republika e S\u00ebrbis\u00eb Trupi Koordinues p\u00ebr komunat Bujanoc, Preshev\u00eb dhe Medvegj\u00eb","isPartOf":{"@id":"https:\/\/kt.gov.rs\/#website"},"primaryImageOfPage":{"@id":"https:\/\/kt.gov.rs\/sq\/konkurs-per-ndarjen-e-mjeteve-per-realizimin-e-punimeve-ne-mbrojtjen-rregullimin-dhe-shfrytezimin-e-tokes-bujqesore\/#primaryimage"},"image":{"@id":"https:\/\/kt.gov.rs\/sq\/konkurs-per-ndarjen-e-mjeteve-per-realizimin-e-punimeve-ne-mbrojtjen-rregullimin-dhe-shfrytezimin-e-tokes-bujqesore\/#primaryimage"},"thumbnailUrl":"https:\/\/kt.gov.rs\/wp-content\/uploads\/2024\/07\/1557125754_060519_2-5.jpg","datePublished":"2019-05-06T00:00:00+00:00","dateModified":"2024-07-30T19:04:44+00:00","breadcrumb":{"@id":"https:\/\/kt.gov.rs\/sq\/konkurs-per-ndarjen-e-mjeteve-per-realizimin-e-punimeve-ne-mbrojtjen-rregullimin-dhe-shfrytezimin-e-tokes-bujqesore\/#breadcrumb"},"inLanguage":"sq-AL","potentialAction":[{"@type":"ReadAction","target":["https:\/\/kt.gov.rs\/sq\/konkurs-per-ndarjen-e-mjeteve-per-realizimin-e-punimeve-ne-mbrojtjen-rregullimin-dhe-shfrytezimin-e-tokes-bujqesore\/"]}]},{"@type":"ImageObject","inLanguage":"sq-AL","@id":"https:\/\/kt.gov.rs\/sq\/konkurs-per-ndarjen-e-mjeteve-per-realizimin-e-punimeve-ne-mbrojtjen-rregullimin-dhe-shfrytezimin-e-tokes-bujqesore\/#primaryimage","url":"https:\/\/kt.gov.rs\/wp-content\/uploads\/2024\/07\/1557125754_060519_2-5.jpg","contentUrl":"https:\/\/kt.gov.rs\/wp-content\/uploads\/2024\/07\/1557125754_060519_2-5.jpg","width":315,"height":230},{"@type":"BreadcrumbList","@id":"https:\/\/kt.gov.rs\/sq\/konkurs-per-ndarjen-e-mjeteve-per-realizimin-e-punimeve-ne-mbrojtjen-rregullimin-dhe-shfrytezimin-e-tokes-bujqesore\/#breadcrumb","itemListElement":[{"@type":"ListItem","position":1,"name":"Po\u010detna","item":"https:\/\/kt.gov.rs\/sq\/"},{"@type":"ListItem","position":2,"name":"KONKURS P\u00cbR NDARJEN E MJETEVE P\u00cbR REALIZIMIN E PUNIMEVE N\u00cb MBROJTJEN, RREGULLIMIN DHE SHFRYT\u00cbZIMIN E TOK\u00cbS BUJQ\u00cbSORE"}]},{"@type":"WebSite","@id":"https:\/\/kt.gov.rs\/#website","url":"https:\/\/kt.gov.rs\/","name":"Koordinaciono telo Vlade Republike Srbije za op\u0161tine Pre\u0161evo, Bujanovac i Medve\u0111a","description":"","publisher":{"@id":"https:\/\/kt.gov.rs\/#organization"},"alternateName":"Koordinaciono telo","potentialAction":[{"@type":"SearchAction","target":{"@type":"EntryPoint","urlTemplate":"https:\/\/kt.gov.rs\/?s={search_term_string}"},"query-input":{"@type":"PropertyValueSpecification","valueRequired":true,"valueName":"search_term_string"}}],"inLanguage":"sq-AL"},{"@type":"Organization","@id":"https:\/\/kt.gov.rs\/#organization","name":"Koordinaciono telo Vlade Republike Srbije za op\u0161tine Pre\u0161evo, Bujanovac i Medve\u0111a","alternateName":"Koordinaciono telo","url":"https:\/\/kt.gov.rs\/","logo":{"@type":"ImageObject","inLanguage":"sq-AL","@id":"https:\/\/kt.gov.rs\/#\/schema\/logo\/image\/","url":"https:\/\/kt.gov.rs\/wp-content\/uploads\/2024\/12\/koord2.jpg","contentUrl":"https:\/\/kt.gov.rs\/wp-content\/uploads\/2024\/12\/koord2.jpg","width":640,"height":480,"caption":"Koordinaciono telo Vlade Republike Srbije za op\u0161tine Pre\u0161evo, Bujanovac i Medve\u0111a"},"image":{"@id":"https:\/\/kt.gov.rs\/#\/schema\/logo\/image\/"},"sameAs":["https:\/\/www.facebook.com\/SluzbaKoordinacionogTelaVladeRepublikeSrbije","https:\/\/x.com\/kt_gov","https:\/\/www.youtube.com\/@koordinacionotelo"]},{"@type":"Person","@id":"https:\/\/kt.gov.rs\/#\/schema\/person\/e426459ddb4173309103390602694571","name":"ktmin","image":{"@type":"ImageObject","inLanguage":"sq-AL","@id":"https:\/\/secure.gravatar.com\/avatar\/3985c961109853010c3fbc7ba30365bfba5db3dd6c525831d9c595c7525a615a?s=96&d=mm&r=g","url":"https:\/\/secure.gravatar.com\/avatar\/3985c961109853010c3fbc7ba30365bfba5db3dd6c525831d9c595c7525a615a?s=96&d=mm&r=g","contentUrl":"https:\/\/secure.gravatar.com\/avatar\/3985c961109853010c3fbc7ba30365bfba5db3dd6c525831d9c595c7525a615a?s=96&d=mm&r=g","caption":"ktmin"},"sameAs":["https:\/\/kt.gov.rs"],"url":"https:\/\/kt.gov.rs\/sq\/author\/ktmin\/"}]}},"_links":{"self":[{"href":"https:\/\/kt.gov.rs\/sq\/wp-json\/wp\/v2\/posts\/117774","targetHints":{"allow":["GET"]}}],"collection":[{"href":"https:\/\/kt.gov.rs\/sq\/wp-json\/wp\/v2\/posts"}],"about":[{"href":"https:\/\/kt.gov.rs\/sq\/wp-json\/wp\/v2\/types\/post"}],"author":[{"embeddable":true,"href":"https:\/\/kt.gov.rs\/sq\/wp-json\/wp\/v2\/users\/1"}],"replies":[{"embeddable":true,"href":"https:\/\/kt.gov.rs\/sq\/wp-json\/wp\/v2\/comments?post=117774"}],"version-history":[{"count":1,"href":"https:\/\/kt.gov.rs\/sq\/wp-json\/wp\/v2\/posts\/117774\/revisions"}],"predecessor-version":[{"id":117778,"href":"https:\/\/kt.gov.rs\/sq\/wp-json\/wp\/v2\/posts\/117774\/revisions\/117778"}],"wp:featuredmedia":[{"embeddable":true,"href":"https:\/\/kt.gov.rs\/sq\/wp-json\/wp\/v2\/media\/117779"}],"wp:attachment":[{"href":"https:\/\/kt.gov.rs\/sq\/wp-json\/wp\/v2\/media?parent=117774"}],"wp:term":[{"taxonomy":"category","embeddable":true,"href":"https:\/\/kt.gov.rs\/sq\/wp-json\/wp\/v2\/categories?post=117774"},{"taxonomy":"post_tag","embeddable":true,"href":"https:\/\/kt.gov.rs\/sq\/wp-json\/wp\/v2\/tags?post=117774"}],"curies":[{"name":"wp","href":"https:\/\/api.w.org\/{rel}","templated":true}]}}