{"id":117481,"date":"2019-05-23T00:00:00","date_gmt":"2019-05-23T00:00:00","guid":{"rendered":"http:\/\/kt.printandscreen.rs\/me-dizajno-gara-shperblyese-per-dizajnin-me-te-mire-te-faktures\/"},"modified":"2024-07-30T19:04:16","modified_gmt":"2024-07-30T19:04:16","slug":"me-dizajno-gara-shperblyese-per-dizajnin-me-te-mire-te-faktures","status":"publish","type":"post","link":"https:\/\/kt.gov.rs\/sq\/me-dizajno-gara-shperblyese-per-dizajnin-me-te-mire-te-faktures\/","title":{"rendered":"\u201cM\u00cb DIZAJNO\u201d GARA SHP\u00cbRBLYESE P\u00cbR DIZAJNIN M\u00cb T\u00cb MIR\u00cb T\u00cb FAKTUR\u00cbS"},"content":{"rendered":"<p>\n\t<img decoding=\"async\" alt=\"\" src=\"https:\/\/kt.gov.rs\/wp-content\/uploads\/2024\/07\/1558600860_230519_2-4.jpg\" style=\"width: 315px; height: 230px; float: left;\" \/>D\u00ebshironi t\u00eb sjellni disa ngjyra n\u00eb bot\u00ebn gri t\u00eb administrat\u00ebs?<\/p>\n<p>\n\tHartoni nj\u00eb ide dhe ndoshta zgjidhja juaj do t\u00eb sjell\u00eb ndryshimet e k\u00ebrkuara.<\/p>\n<p>\n\tN\u00ebse jeni:<\/p>\n<p>\n\t\u2022 personi kreativ<\/p>\n<p>\n\t\u2022 doni t\u00eb lini vul\u00ebn tuaj<\/p>\n<p>\n\t\u2022 ju p\u00eblqen t\u00eb vendosni standarde<\/p>\n<p>\n\tNe ju inkurajojm\u00eb t\u00eb tregoni se si e shihni pamjen e re t\u00eb faturave n\u00eb aplikacionin ton\u00eb. Konkuroni me zgjidhjet m\u00eb t\u00eb mira, fitoni nj\u00eb \u00e7mim dhe shikoni pun\u00ebn tuaj n\u00eb aplikacionin PAUSAL (https:\/\/www.pausal.rs\/)<\/p>\n<p>\n\tVizitoni dizajnirajme.pausal.rs (https:\/\/dizajnrajmeme.pausal.rs\/) dhe tregoni zgjidhjen tuaj.<\/p>\n<p>\n\t\u00c7mimet:<\/p>\n<p>\n\t\u2022 Shp\u00ebrblime n\u00eb para<\/p>\n<p>\n\t\u2022 Praktik\u00eb<\/p>\n<p>\n\t\u2022 Dhurata<\/p>\n<p>\n\t\u2022 Punimet fituese jan\u00eb t\u00eb p\u00ebrfshira n\u00eb aplikacionin PAUSAL<\/p>\n<p>\n\tAplikimet jan\u00eb t\u00eb hapura <strong>nga 20.05. deri m\u00eb 04.06.2019.<\/strong> Regjistrimi b\u00ebhet n\u00eb: http:\/\/dizajnirajme.pausal.rs\/<\/p>\n<p>\n\t<strong>Burimi: Pausal dhe Trupi Koordinues<\/strong><\/p>\n<p>\n\t\u00a0<\/p>\n","protected":false},"excerpt":{"rendered":"<p>D\u00ebshironi t\u00eb sjellni disa ngjyra n\u00eb bot\u00ebn gri t\u00eb administrat\u00ebs?<\/p>\n","protected":false},"author":1,"featured_media":117486,"comment_status":"closed","ping_status":"closed","sticky":false,"template":"","format":"standard","meta":{"footnotes":""},"categories":[55],"tags":[],"class_list":["post-117481","post","type-post","status-publish","format-standard","has-post-thumbnail","hentry","category-lajme"],"yoast_head":"<!-- This site is optimized with the Yoast SEO plugin v27.5 - https:\/\/yoast.com\/product\/yoast-seo-wordpress\/ -->\n<title>\u201cM\u00cb DIZAJNO\u201d GARA SHP\u00cbRBLYESE P\u00cbR DIZAJNIN M\u00cb T\u00cb MIR\u00cb T\u00cb FAKTUR\u00cbS - Republika e S\u00ebrbis\u00eb Trupi Koordinues p\u00ebr komunat Bujanoc, Preshev\u00eb dhe Medvegj\u00eb<\/title>\n<meta name=\"robots\" content=\"index, follow, max-snippet:-1, max-image-preview:large, max-video-preview:-1\" \/>\n<link rel=\"canonical\" href=\"https:\/\/kt.gov.rs\/sq\/me-dizajno-gara-shperblyese-per-dizajnin-me-te-mire-te-faktures\/\" \/>\n<meta property=\"og:locale\" content=\"sq_AL\" \/>\n<meta property=\"og:type\" content=\"article\" \/>\n<meta property=\"og:title\" content=\"\u201cM\u00cb DIZAJNO\u201d GARA SHP\u00cbRBLYESE P\u00cbR DIZAJNIN M\u00cb T\u00cb MIR\u00cb T\u00cb FAKTUR\u00cbS - Republika e S\u00ebrbis\u00eb Trupi Koordinues p\u00ebr komunat Bujanoc, Preshev\u00eb dhe Medvegj\u00eb\" \/>\n<meta property=\"og:description\" content=\"D\u00ebshironi t\u00eb sjellni disa ngjyra n\u00eb bot\u00ebn gri t\u00eb administrat\u00ebs?\" \/>\n<meta property=\"og:url\" content=\"https:\/\/kt.gov.rs\/sq\/me-dizajno-gara-shperblyese-per-dizajnin-me-te-mire-te-faktures\/\" \/>\n<meta property=\"og:site_name\" content=\"Republika e S\u00ebrbis\u00eb Trupi Koordinues p\u00ebr komunat Bujanoc, Preshev\u00eb dhe Medvegj\u00eb\" \/>\n<meta property=\"article:publisher\" content=\"https:\/\/www.facebook.com\/SluzbaKoordinacionogTelaVladeRepublikeSrbije\" \/>\n<meta property=\"article:published_time\" content=\"2019-05-23T00:00:00+00:00\" \/>\n<meta property=\"article:modified_time\" content=\"2024-07-30T19:04:16+00:00\" \/>\n<meta property=\"og:image\" content=\"https:\/\/kt.gov.rs\/wp-content\/uploads\/2024\/07\/1558600860_230519_2-5.jpg\" \/>\n\t<meta property=\"og:image:width\" content=\"315\" \/>\n\t<meta property=\"og:image:height\" content=\"230\" \/>\n\t<meta property=\"og:image:type\" content=\"image\/jpeg\" \/>\n<meta name=\"author\" content=\"ktmin\" \/>\n<meta name=\"twitter:card\" content=\"summary_large_image\" \/>\n<meta name=\"twitter:creator\" content=\"@kt_gov\" \/>\n<meta name=\"twitter:site\" content=\"@kt_gov\" \/>\n<meta name=\"twitter:label1\" content=\"Written by\" \/>\n\t<meta name=\"twitter:data1\" content=\"ktmin\" \/>\n\t<meta name=\"twitter:label2\" content=\"Est. reading time\" \/>\n\t<meta name=\"twitter:data2\" content=\"1 minute\" \/>\n<script type=\"application\/ld+json\" class=\"yoast-schema-graph\">{\"@context\":\"https:\\\/\\\/schema.org\",\"@graph\":[{\"@type\":\"Article\",\"@id\":\"https:\\\/\\\/kt.gov.rs\\\/sq\\\/me-dizajno-gara-shperblyese-per-dizajnin-me-te-mire-te-faktures\\\/#article\",\"isPartOf\":{\"@id\":\"https:\\\/\\\/kt.gov.rs\\\/sq\\\/me-dizajno-gara-shperblyese-per-dizajnin-me-te-mire-te-faktures\\\/\"},\"author\":{\"name\":\"ktmin\",\"@id\":\"https:\\\/\\\/kt.gov.rs\\\/#\\\/schema\\\/person\\\/e426459ddb4173309103390602694571\"},\"headline\":\"\u201cM\u00cb DIZAJNO\u201d GARA SHP\u00cbRBLYESE P\u00cbR DIZAJNIN M\u00cb T\u00cb MIR\u00cb T\u00cb FAKTUR\u00cbS\",\"datePublished\":\"2019-05-23T00:00:00+00:00\",\"dateModified\":\"2024-07-30T19:04:16+00:00\",\"mainEntityOfPage\":{\"@id\":\"https:\\\/\\\/kt.gov.rs\\\/sq\\\/me-dizajno-gara-shperblyese-per-dizajnin-me-te-mire-te-faktures\\\/\"},\"wordCount\":191,\"publisher\":{\"@id\":\"https:\\\/\\\/kt.gov.rs\\\/#organization\"},\"image\":{\"@id\":\"https:\\\/\\\/kt.gov.rs\\\/sq\\\/me-dizajno-gara-shperblyese-per-dizajnin-me-te-mire-te-faktures\\\/#primaryimage\"},\"thumbnailUrl\":\"https:\\\/\\\/kt.gov.rs\\\/wp-content\\\/uploads\\\/2024\\\/07\\\/1558600860_230519_2-5.jpg\",\"articleSection\":[\"Lajme\"],\"inLanguage\":\"sq-AL\"},{\"@type\":\"WebPage\",\"@id\":\"https:\\\/\\\/kt.gov.rs\\\/sq\\\/me-dizajno-gara-shperblyese-per-dizajnin-me-te-mire-te-faktures\\\/\",\"url\":\"https:\\\/\\\/kt.gov.rs\\\/sq\\\/me-dizajno-gara-shperblyese-per-dizajnin-me-te-mire-te-faktures\\\/\",\"name\":\"\u201cM\u00cb DIZAJNO\u201d GARA SHP\u00cbRBLYESE P\u00cbR DIZAJNIN M\u00cb T\u00cb MIR\u00cb T\u00cb FAKTUR\u00cbS - Republika e S\u00ebrbis\u00eb Trupi Koordinues p\u00ebr komunat Bujanoc, Preshev\u00eb dhe Medvegj\u00eb\",\"isPartOf\":{\"@id\":\"https:\\\/\\\/kt.gov.rs\\\/#website\"},\"primaryImageOfPage\":{\"@id\":\"https:\\\/\\\/kt.gov.rs\\\/sq\\\/me-dizajno-gara-shperblyese-per-dizajnin-me-te-mire-te-faktures\\\/#primaryimage\"},\"image\":{\"@id\":\"https:\\\/\\\/kt.gov.rs\\\/sq\\\/me-dizajno-gara-shperblyese-per-dizajnin-me-te-mire-te-faktures\\\/#primaryimage\"},\"thumbnailUrl\":\"https:\\\/\\\/kt.gov.rs\\\/wp-content\\\/uploads\\\/2024\\\/07\\\/1558600860_230519_2-5.jpg\",\"datePublished\":\"2019-05-23T00:00:00+00:00\",\"dateModified\":\"2024-07-30T19:04:16+00:00\",\"breadcrumb\":{\"@id\":\"https:\\\/\\\/kt.gov.rs\\\/sq\\\/me-dizajno-gara-shperblyese-per-dizajnin-me-te-mire-te-faktures\\\/#breadcrumb\"},\"inLanguage\":\"sq-AL\",\"potentialAction\":[{\"@type\":\"ReadAction\",\"target\":[\"https:\\\/\\\/kt.gov.rs\\\/sq\\\/me-dizajno-gara-shperblyese-per-dizajnin-me-te-mire-te-faktures\\\/\"]}]},{\"@type\":\"ImageObject\",\"inLanguage\":\"sq-AL\",\"@id\":\"https:\\\/\\\/kt.gov.rs\\\/sq\\\/me-dizajno-gara-shperblyese-per-dizajnin-me-te-mire-te-faktures\\\/#primaryimage\",\"url\":\"https:\\\/\\\/kt.gov.rs\\\/wp-content\\\/uploads\\\/2024\\\/07\\\/1558600860_230519_2-5.jpg\",\"contentUrl\":\"https:\\\/\\\/kt.gov.rs\\\/wp-content\\\/uploads\\\/2024\\\/07\\\/1558600860_230519_2-5.jpg\",\"width\":315,\"height\":230},{\"@type\":\"BreadcrumbList\",\"@id\":\"https:\\\/\\\/kt.gov.rs\\\/sq\\\/me-dizajno-gara-shperblyese-per-dizajnin-me-te-mire-te-faktures\\\/#breadcrumb\",\"itemListElement\":[{\"@type\":\"ListItem\",\"position\":1,\"name\":\"\u041f\u043e\u0447\u0435\u0442\u043d\u0430\",\"item\":\"https:\\\/\\\/kt.gov.rs\\\/sq\\\/\"},{\"@type\":\"ListItem\",\"position\":2,\"name\":\"\u201cM\u00cb DIZAJNO\u201d GARA SHP\u00cbRBLYESE P\u00cbR DIZAJNIN M\u00cb T\u00cb MIR\u00cb T\u00cb FAKTUR\u00cbS\"}]},{\"@type\":\"WebSite\",\"@id\":\"https:\\\/\\\/kt.gov.rs\\\/#website\",\"url\":\"https:\\\/\\\/kt.gov.rs\\\/\",\"name\":\"\u041a\u043e\u043e\u0440\u0434\u0438\u043d\u0430\u0446\u0438\u043e\u043d\u043e \u0442\u0435\u043b\u043e \u0412\u043b\u0430\u0434\u0435 \u0420\u0435\u043f\u0443\u0431\u043b\u0438\u043a\u0435 \u0421\u0440\u0431\u0438\u0458\u0435 \u0437\u0430 \u043e\u043f\u0448\u0442\u0438\u043d\u0435 \u041f\u0440\u0435\u0448\u0435\u0432\u043e, \u0411\u0443\u0458\u0430\u043d\u043e\u0432\u0430\u0446 \u0438 \u041c\u0435\u0434\u0432\u0435\u0452a\",\"description\":\"\",\"publisher\":{\"@id\":\"https:\\\/\\\/kt.gov.rs\\\/#organization\"},\"alternateName\":\"\u041a\u043e\u043e\u0440\u0434\u0438\u043d\u0430\u0446\u0438\u043e\u043d\u043e \u0442\u0435\u043b\u043e\",\"potentialAction\":[{\"@type\":\"SearchAction\",\"target\":{\"@type\":\"EntryPoint\",\"urlTemplate\":\"https:\\\/\\\/kt.gov.rs\\\/?s={search_term_string}\"},\"query-input\":{\"@type\":\"PropertyValueSpecification\",\"valueRequired\":true,\"valueName\":\"search_term_string\"}}],\"inLanguage\":\"sq-AL\"},{\"@type\":\"Organization\",\"@id\":\"https:\\\/\\\/kt.gov.rs\\\/#organization\",\"name\":\"\u041a\u043e\u043e\u0440\u0434\u0438\u043d\u0430\u0446\u0438\u043e\u043d\u043e \u0442\u0435\u043b\u043e \u0412\u043b\u0430\u0434\u0435 \u0420\u0435\u043f\u0443\u0431\u043b\u0438\u043a\u0435 \u0421\u0440\u0431\u0438\u0458\u0435 \u0437\u0430 \u043e\u043f\u0448\u0442\u0438\u043d\u0435 \u041f\u0440\u0435\u0448\u0435\u0432\u043e, \u0411\u0443\u0458\u0430\u043d\u043e\u0432\u0430\u0446 \u0438 \u041c\u0435\u0434\u0432\u0435\u0452a\",\"alternateName\":\"\u041a\u043e\u043e\u0440\u0434\u0438\u043d\u0430\u0446\u0438\u043e\u043d\u043e \u0442\u0435\u043b\u043e\",\"url\":\"https:\\\/\\\/kt.gov.rs\\\/\",\"logo\":{\"@type\":\"ImageObject\",\"inLanguage\":\"sq-AL\",\"@id\":\"https:\\\/\\\/kt.gov.rs\\\/#\\\/schema\\\/logo\\\/image\\\/\",\"url\":\"https:\\\/\\\/kt.gov.rs\\\/wp-content\\\/uploads\\\/2024\\\/12\\\/koord2.jpg\",\"contentUrl\":\"https:\\\/\\\/kt.gov.rs\\\/wp-content\\\/uploads\\\/2024\\\/12\\\/koord2.jpg\",\"width\":640,\"height\":480,\"caption\":\"\u041a\u043e\u043e\u0440\u0434\u0438\u043d\u0430\u0446\u0438\u043e\u043d\u043e \u0442\u0435\u043b\u043e \u0412\u043b\u0430\u0434\u0435 \u0420\u0435\u043f\u0443\u0431\u043b\u0438\u043a\u0435 \u0421\u0440\u0431\u0438\u0458\u0435 \u0437\u0430 \u043e\u043f\u0448\u0442\u0438\u043d\u0435 \u041f\u0440\u0435\u0448\u0435\u0432\u043e, \u0411\u0443\u0458\u0430\u043d\u043e\u0432\u0430\u0446 \u0438 \u041c\u0435\u0434\u0432\u0435\u0452a\"},\"image\":{\"@id\":\"https:\\\/\\\/kt.gov.rs\\\/#\\\/schema\\\/logo\\\/image\\\/\"},\"sameAs\":[\"https:\\\/\\\/www.facebook.com\\\/SluzbaKoordinacionogTelaVladeRepublikeSrbije\",\"https:\\\/\\\/x.com\\\/kt_gov\",\"https:\\\/\\\/www.youtube.com\\\/@koordinacionotelo\"]},{\"@type\":\"Person\",\"@id\":\"https:\\\/\\\/kt.gov.rs\\\/#\\\/schema\\\/person\\\/e426459ddb4173309103390602694571\",\"name\":\"ktmin\",\"image\":{\"@type\":\"ImageObject\",\"inLanguage\":\"sq-AL\",\"@id\":\"https:\\\/\\\/secure.gravatar.com\\\/avatar\\\/3985c961109853010c3fbc7ba30365bfba5db3dd6c525831d9c595c7525a615a?s=96&d=mm&r=g\",\"url\":\"https:\\\/\\\/secure.gravatar.com\\\/avatar\\\/3985c961109853010c3fbc7ba30365bfba5db3dd6c525831d9c595c7525a615a?s=96&d=mm&r=g\",\"contentUrl\":\"https:\\\/\\\/secure.gravatar.com\\\/avatar\\\/3985c961109853010c3fbc7ba30365bfba5db3dd6c525831d9c595c7525a615a?s=96&d=mm&r=g\",\"caption\":\"ktmin\"},\"sameAs\":[\"https:\\\/\\\/kt.gov.rs\"],\"url\":\"https:\\\/\\\/kt.gov.rs\\\/sq\\\/author\\\/ktmin\\\/\"}]}<\/script>\n<!-- \/ Yoast SEO plugin. -->","yoast_head_json":{"title":"\u201cM\u00cb DIZAJNO\u201d GARA SHP\u00cbRBLYESE P\u00cbR DIZAJNIN M\u00cb T\u00cb MIR\u00cb T\u00cb FAKTUR\u00cbS - Republika e S\u00ebrbis\u00eb Trupi Koordinues p\u00ebr komunat Bujanoc, Preshev\u00eb dhe Medvegj\u00eb","robots":{"index":"index","follow":"follow","max-snippet":"max-snippet:-1","max-image-preview":"max-image-preview:large","max-video-preview":"max-video-preview:-1"},"canonical":"https:\/\/kt.gov.rs\/sq\/me-dizajno-gara-shperblyese-per-dizajnin-me-te-mire-te-faktures\/","og_locale":"sq_AL","og_type":"article","og_title":"\u201cM\u00cb DIZAJNO\u201d GARA SHP\u00cbRBLYESE P\u00cbR DIZAJNIN M\u00cb T\u00cb MIR\u00cb T\u00cb FAKTUR\u00cbS - Republika e S\u00ebrbis\u00eb Trupi Koordinues p\u00ebr komunat Bujanoc, Preshev\u00eb dhe Medvegj\u00eb","og_description":"D\u00ebshironi t\u00eb sjellni disa ngjyra n\u00eb bot\u00ebn gri t\u00eb administrat\u00ebs?","og_url":"https:\/\/kt.gov.rs\/sq\/me-dizajno-gara-shperblyese-per-dizajnin-me-te-mire-te-faktures\/","og_site_name":"Republika e S\u00ebrbis\u00eb Trupi Koordinues p\u00ebr komunat Bujanoc, Preshev\u00eb dhe Medvegj\u00eb","article_publisher":"https:\/\/www.facebook.com\/SluzbaKoordinacionogTelaVladeRepublikeSrbije","article_published_time":"2019-05-23T00:00:00+00:00","article_modified_time":"2024-07-30T19:04:16+00:00","og_image":[{"width":315,"height":230,"url":"https:\/\/kt.gov.rs\/wp-content\/uploads\/2024\/07\/1558600860_230519_2-5.jpg","type":"image\/jpeg"}],"author":"ktmin","twitter_card":"summary_large_image","twitter_creator":"@kt_gov","twitter_site":"@kt_gov","twitter_misc":{"Written by":"ktmin","Est. reading time":"1 minute"},"schema":{"@context":"https:\/\/schema.org","@graph":[{"@type":"Article","@id":"https:\/\/kt.gov.rs\/sq\/me-dizajno-gara-shperblyese-per-dizajnin-me-te-mire-te-faktures\/#article","isPartOf":{"@id":"https:\/\/kt.gov.rs\/sq\/me-dizajno-gara-shperblyese-per-dizajnin-me-te-mire-te-faktures\/"},"author":{"name":"ktmin","@id":"https:\/\/kt.gov.rs\/#\/schema\/person\/e426459ddb4173309103390602694571"},"headline":"\u201cM\u00cb DIZAJNO\u201d GARA SHP\u00cbRBLYESE P\u00cbR DIZAJNIN M\u00cb T\u00cb MIR\u00cb T\u00cb FAKTUR\u00cbS","datePublished":"2019-05-23T00:00:00+00:00","dateModified":"2024-07-30T19:04:16+00:00","mainEntityOfPage":{"@id":"https:\/\/kt.gov.rs\/sq\/me-dizajno-gara-shperblyese-per-dizajnin-me-te-mire-te-faktures\/"},"wordCount":191,"publisher":{"@id":"https:\/\/kt.gov.rs\/#organization"},"image":{"@id":"https:\/\/kt.gov.rs\/sq\/me-dizajno-gara-shperblyese-per-dizajnin-me-te-mire-te-faktures\/#primaryimage"},"thumbnailUrl":"https:\/\/kt.gov.rs\/wp-content\/uploads\/2024\/07\/1558600860_230519_2-5.jpg","articleSection":["Lajme"],"inLanguage":"sq-AL"},{"@type":"WebPage","@id":"https:\/\/kt.gov.rs\/sq\/me-dizajno-gara-shperblyese-per-dizajnin-me-te-mire-te-faktures\/","url":"https:\/\/kt.gov.rs\/sq\/me-dizajno-gara-shperblyese-per-dizajnin-me-te-mire-te-faktures\/","name":"\u201cM\u00cb DIZAJNO\u201d GARA SHP\u00cbRBLYESE P\u00cbR DIZAJNIN M\u00cb T\u00cb MIR\u00cb T\u00cb FAKTUR\u00cbS - Republika e S\u00ebrbis\u00eb Trupi Koordinues p\u00ebr komunat Bujanoc, Preshev\u00eb dhe Medvegj\u00eb","isPartOf":{"@id":"https:\/\/kt.gov.rs\/#website"},"primaryImageOfPage":{"@id":"https:\/\/kt.gov.rs\/sq\/me-dizajno-gara-shperblyese-per-dizajnin-me-te-mire-te-faktures\/#primaryimage"},"image":{"@id":"https:\/\/kt.gov.rs\/sq\/me-dizajno-gara-shperblyese-per-dizajnin-me-te-mire-te-faktures\/#primaryimage"},"thumbnailUrl":"https:\/\/kt.gov.rs\/wp-content\/uploads\/2024\/07\/1558600860_230519_2-5.jpg","datePublished":"2019-05-23T00:00:00+00:00","dateModified":"2024-07-30T19:04:16+00:00","breadcrumb":{"@id":"https:\/\/kt.gov.rs\/sq\/me-dizajno-gara-shperblyese-per-dizajnin-me-te-mire-te-faktures\/#breadcrumb"},"inLanguage":"sq-AL","potentialAction":[{"@type":"ReadAction","target":["https:\/\/kt.gov.rs\/sq\/me-dizajno-gara-shperblyese-per-dizajnin-me-te-mire-te-faktures\/"]}]},{"@type":"ImageObject","inLanguage":"sq-AL","@id":"https:\/\/kt.gov.rs\/sq\/me-dizajno-gara-shperblyese-per-dizajnin-me-te-mire-te-faktures\/#primaryimage","url":"https:\/\/kt.gov.rs\/wp-content\/uploads\/2024\/07\/1558600860_230519_2-5.jpg","contentUrl":"https:\/\/kt.gov.rs\/wp-content\/uploads\/2024\/07\/1558600860_230519_2-5.jpg","width":315,"height":230},{"@type":"BreadcrumbList","@id":"https:\/\/kt.gov.rs\/sq\/me-dizajno-gara-shperblyese-per-dizajnin-me-te-mire-te-faktures\/#breadcrumb","itemListElement":[{"@type":"ListItem","position":1,"name":"\u041f\u043e\u0447\u0435\u0442\u043d\u0430","item":"https:\/\/kt.gov.rs\/sq\/"},{"@type":"ListItem","position":2,"name":"\u201cM\u00cb DIZAJNO\u201d GARA SHP\u00cbRBLYESE P\u00cbR DIZAJNIN M\u00cb T\u00cb MIR\u00cb T\u00cb FAKTUR\u00cbS"}]},{"@type":"WebSite","@id":"https:\/\/kt.gov.rs\/#website","url":"https:\/\/kt.gov.rs\/","name":"\u041a\u043e\u043e\u0440\u0434\u0438\u043d\u0430\u0446\u0438\u043e\u043d\u043e \u0442\u0435\u043b\u043e \u0412\u043b\u0430\u0434\u0435 \u0420\u0435\u043f\u0443\u0431\u043b\u0438\u043a\u0435 \u0421\u0440\u0431\u0438\u0458\u0435 \u0437\u0430 \u043e\u043f\u0448\u0442\u0438\u043d\u0435 \u041f\u0440\u0435\u0448\u0435\u0432\u043e, \u0411\u0443\u0458\u0430\u043d\u043e\u0432\u0430\u0446 \u0438 \u041c\u0435\u0434\u0432\u0435\u0452a","description":"","publisher":{"@id":"https:\/\/kt.gov.rs\/#organization"},"alternateName":"\u041a\u043e\u043e\u0440\u0434\u0438\u043d\u0430\u0446\u0438\u043e\u043d\u043e \u0442\u0435\u043b\u043e","potentialAction":[{"@type":"SearchAction","target":{"@type":"EntryPoint","urlTemplate":"https:\/\/kt.gov.rs\/?s={search_term_string}"},"query-input":{"@type":"PropertyValueSpecification","valueRequired":true,"valueName":"search_term_string"}}],"inLanguage":"sq-AL"},{"@type":"Organization","@id":"https:\/\/kt.gov.rs\/#organization","name":"\u041a\u043e\u043e\u0440\u0434\u0438\u043d\u0430\u0446\u0438\u043e\u043d\u043e \u0442\u0435\u043b\u043e \u0412\u043b\u0430\u0434\u0435 \u0420\u0435\u043f\u0443\u0431\u043b\u0438\u043a\u0435 \u0421\u0440\u0431\u0438\u0458\u0435 \u0437\u0430 \u043e\u043f\u0448\u0442\u0438\u043d\u0435 \u041f\u0440\u0435\u0448\u0435\u0432\u043e, \u0411\u0443\u0458\u0430\u043d\u043e\u0432\u0430\u0446 \u0438 \u041c\u0435\u0434\u0432\u0435\u0452a","alternateName":"\u041a\u043e\u043e\u0440\u0434\u0438\u043d\u0430\u0446\u0438\u043e\u043d\u043e \u0442\u0435\u043b\u043e","url":"https:\/\/kt.gov.rs\/","logo":{"@type":"ImageObject","inLanguage":"sq-AL","@id":"https:\/\/kt.gov.rs\/#\/schema\/logo\/image\/","url":"https:\/\/kt.gov.rs\/wp-content\/uploads\/2024\/12\/koord2.jpg","contentUrl":"https:\/\/kt.gov.rs\/wp-content\/uploads\/2024\/12\/koord2.jpg","width":640,"height":480,"caption":"\u041a\u043e\u043e\u0440\u0434\u0438\u043d\u0430\u0446\u0438\u043e\u043d\u043e \u0442\u0435\u043b\u043e \u0412\u043b\u0430\u0434\u0435 \u0420\u0435\u043f\u0443\u0431\u043b\u0438\u043a\u0435 \u0421\u0440\u0431\u0438\u0458\u0435 \u0437\u0430 \u043e\u043f\u0448\u0442\u0438\u043d\u0435 \u041f\u0440\u0435\u0448\u0435\u0432\u043e, \u0411\u0443\u0458\u0430\u043d\u043e\u0432\u0430\u0446 \u0438 \u041c\u0435\u0434\u0432\u0435\u0452a"},"image":{"@id":"https:\/\/kt.gov.rs\/#\/schema\/logo\/image\/"},"sameAs":["https:\/\/www.facebook.com\/SluzbaKoordinacionogTelaVladeRepublikeSrbije","https:\/\/x.com\/kt_gov","https:\/\/www.youtube.com\/@koordinacionotelo"]},{"@type":"Person","@id":"https:\/\/kt.gov.rs\/#\/schema\/person\/e426459ddb4173309103390602694571","name":"ktmin","image":{"@type":"ImageObject","inLanguage":"sq-AL","@id":"https:\/\/secure.gravatar.com\/avatar\/3985c961109853010c3fbc7ba30365bfba5db3dd6c525831d9c595c7525a615a?s=96&d=mm&r=g","url":"https:\/\/secure.gravatar.com\/avatar\/3985c961109853010c3fbc7ba30365bfba5db3dd6c525831d9c595c7525a615a?s=96&d=mm&r=g","contentUrl":"https:\/\/secure.gravatar.com\/avatar\/3985c961109853010c3fbc7ba30365bfba5db3dd6c525831d9c595c7525a615a?s=96&d=mm&r=g","caption":"ktmin"},"sameAs":["https:\/\/kt.gov.rs"],"url":"https:\/\/kt.gov.rs\/sq\/author\/ktmin\/"}]}},"_links":{"self":[{"href":"https:\/\/kt.gov.rs\/sq\/wp-json\/wp\/v2\/posts\/117481","targetHints":{"allow":["GET"]}}],"collection":[{"href":"https:\/\/kt.gov.rs\/sq\/wp-json\/wp\/v2\/posts"}],"about":[{"href":"https:\/\/kt.gov.rs\/sq\/wp-json\/wp\/v2\/types\/post"}],"author":[{"embeddable":true,"href":"https:\/\/kt.gov.rs\/sq\/wp-json\/wp\/v2\/users\/1"}],"replies":[{"embeddable":true,"href":"https:\/\/kt.gov.rs\/sq\/wp-json\/wp\/v2\/comments?post=117481"}],"version-history":[{"count":1,"href":"https:\/\/kt.gov.rs\/sq\/wp-json\/wp\/v2\/posts\/117481\/revisions"}],"predecessor-version":[{"id":117485,"href":"https:\/\/kt.gov.rs\/sq\/wp-json\/wp\/v2\/posts\/117481\/revisions\/117485"}],"wp:featuredmedia":[{"embeddable":true,"href":"https:\/\/kt.gov.rs\/sq\/wp-json\/wp\/v2\/media\/117486"}],"wp:attachment":[{"href":"https:\/\/kt.gov.rs\/sq\/wp-json\/wp\/v2\/media?parent=117481"}],"wp:term":[{"taxonomy":"category","embeddable":true,"href":"https:\/\/kt.gov.rs\/sq\/wp-json\/wp\/v2\/categories?post=117481"},{"taxonomy":"post_tag","embeddable":true,"href":"https:\/\/kt.gov.rs\/sq\/wp-json\/wp\/v2\/tags?post=117481"}],"curies":[{"name":"wp","href":"https:\/\/api.w.org\/{rel}","templated":true}]}}