{"id":117163,"date":"2019-07-02T00:00:00","date_gmt":"2019-07-02T00:00:00","guid":{"rendered":"http:\/\/kt.printandscreen.rs\/nxenesit-e-gjenerates-fituan-shperbime-me-te-holla\/"},"modified":"2024-07-30T19:03:44","modified_gmt":"2024-07-30T19:03:44","slug":"nxenesit-e-gjenerates-fituan-shperbime-me-te-holla","status":"publish","type":"post","link":"https:\/\/kt.gov.rs\/sq\/nxenesit-e-gjenerates-fituan-shperbime-me-te-holla\/","title":{"rendered":"NXENESIT E GJENERATES FITUAN SHPERBIME ME TE HOLLA"},"content":{"rendered":"<p>\n\t<strong><img decoding=\"async\" alt=\"\" src=\"https:\/\/kt.gov.rs\/wp-content\/uploads\/2024\/07\/1562058215_020719_3-4.jpg\" style=\"width: 315px; height: 230px; float: left;\" \/><\/strong>\u041cedvegje\u00a0 \u2013Per titullin prestigjioz ,Milica Vuleti dhe Sanja Stevnovic u shperblyen me 20.000 perkatesisht\u00a0 30.000dinare nga vetqeverisja locale e Medvegjes,ndersa shperbimin ne te holla e fituan me diplomat e tyre supeiore ,si dhe nxenes te tjere te\u00a0 shkolles qe arriten rezultate te rendesishme ne garat republikane ,egjionale dhe ne gara tjera qe I perkasin arsimit ,kultures ,artit dhe sportit.<\/p>\n<p>\n\tShperblimet vijuan edhe me notuesit te cilet fituan bileta falas per shfrytezimin e pishines olimpike.<\/p>\n<p>\n\tKryetri I komunes Nebojsha Arsiq theksoi se deri me tani shperblimet jane dhuruar ne shenimin e dites se komunes,20 majit ,dhe se pas disa arsyjeve te justifikuara vensodi qe ky gjest te organizohet ne nje dite te vecante.<\/p>\n<p>\n\t\u201cSi dhe sot\u00a0 ne mbledhjet e organixuara me prind u be edhe ndarja e biletave per ne pishine per te gjithe nxenesit e shkelqyer ne teritorin e komunes se Medvegjes , ishte logjike se me te mireve prej me te mireve ti ndajme keto shperblime modeste ne te holla .Femijet tane perpos asaj qe jane shume modest ,te zgjuar dhe te kulturuar ,mund te krenohemi edhe me dijen jashtazkonisht te madhe qe e\u00a0 marin ne bankat shkollore . Keshtu qe pervec lavdrimeve personalisht juve ,duhet te komplimentojme edhe prndet tuaj ,mesuesit dhe profesoret ,sepse pa keshillat dhe dijen e tyre ne jemi sot ketu .Deshiroj qe jut e vazhdoni\u00a0 te punoni fort sepse vetem keshtu arrihet deri te qellimi ,dhe kur te rriteni te beheni persona te mire ,e cila eshte gjeja me e rendesishme ne jete \u201d, theksoi Arsiq I cii ndau edhe shperblimet per nxenesit .<\/p>\n<p>\n\tKurse ,nxenesit e gjenerates u zgjodhen nga vendimi I fondit te ,\u00a0 \u201eMilica Velickovic\u201c, mesuese ne pension e artiti kulturor ,si dhe njeherit edhe formuluese e fondit , fituan edhe nje fotografi te Kosare Velickoviq<\/p>\n<p>\n\t<strong>Burimi: \u0408ugmedia dhe Trupi Koordinues<\/strong><\/p>\n<p>\n\t\u00a0<\/p>\n","protected":false},"excerpt":{"rendered":"<p>\u041cedvegje\u00a0 \u2013Per titullin prestigjioz ,Milica Vuleti dhe Sanja Stevnovic u shperblyen me 20.000 perkatesisht\u00a0 30.000dinare nga vetqeverisja locale e Medvegjes,ndersa shperbimin ne te holla e fituan me diplomat e tyre supeiore ,si dhe nxenes te tjere te\u00a0 shkolles qe arriten rezultate te rendesishme ne garat republikane ,egjionale dhe ne gara tjera qe I perkasin arsimit ,kultures ,artit dhe sportit.<\/p>\n","protected":false},"author":1,"featured_media":117168,"comment_status":"closed","ping_status":"closed","sticky":false,"template":"","format":"standard","meta":{"footnotes":""},"categories":[55],"tags":[],"class_list":["post-117163","post","type-post","status-publish","format-standard","has-post-thumbnail","hentry","category-lajme"],"yoast_head":"<!-- This site is optimized with the Yoast SEO plugin v27.5 - https:\/\/yoast.com\/product\/yoast-seo-wordpress\/ -->\n<title>NXENESIT E GJENERATES FITUAN SHPERBIME ME TE HOLLA - Republika e S\u00ebrbis\u00eb Trupi Koordinues p\u00ebr komunat Bujanoc, Preshev\u00eb dhe Medvegj\u00eb<\/title>\n<meta name=\"robots\" content=\"index, follow, max-snippet:-1, max-image-preview:large, max-video-preview:-1\" \/>\n<link rel=\"canonical\" href=\"https:\/\/kt.gov.rs\/sq\/nxenesit-e-gjenerates-fituan-shperbime-me-te-holla\/\" \/>\n<meta property=\"og:locale\" content=\"sq_AL\" \/>\n<meta property=\"og:type\" content=\"article\" \/>\n<meta property=\"og:title\" content=\"NXENESIT E GJENERATES FITUAN SHPERBIME ME TE HOLLA - Republika e S\u00ebrbis\u00eb Trupi Koordinues p\u00ebr komunat Bujanoc, Preshev\u00eb dhe Medvegj\u00eb\" \/>\n<meta property=\"og:description\" content=\"\u041cedvegje\u00a0 \u2013Per titullin prestigjioz ,Milica Vuleti dhe Sanja Stevnovic u shperblyen me 20.000 perkatesisht\u00a0 30.000dinare nga vetqeverisja locale e Medvegjes,ndersa shperbimin ne te holla e fituan me diplomat e tyre supeiore ,si dhe nxenes te tjere te\u00a0 shkolles qe arriten rezultate te rendesishme ne garat republikane ,egjionale dhe ne gara tjera qe I perkasin arsimit ,kultures ,artit dhe sportit.\" \/>\n<meta property=\"og:url\" content=\"https:\/\/kt.gov.rs\/sq\/nxenesit-e-gjenerates-fituan-shperbime-me-te-holla\/\" \/>\n<meta property=\"og:site_name\" content=\"Republika e S\u00ebrbis\u00eb Trupi Koordinues p\u00ebr komunat Bujanoc, Preshev\u00eb dhe Medvegj\u00eb\" \/>\n<meta property=\"article:publisher\" content=\"https:\/\/www.facebook.com\/SluzbaKoordinacionogTelaVladeRepublikeSrbije\" \/>\n<meta property=\"article:published_time\" content=\"2019-07-02T00:00:00+00:00\" \/>\n<meta property=\"article:modified_time\" content=\"2024-07-30T19:03:44+00:00\" \/>\n<meta property=\"og:image\" content=\"https:\/\/kt.gov.rs\/wp-content\/uploads\/2024\/07\/1562058215_020719_3-5.jpg\" \/>\n\t<meta property=\"og:image:width\" content=\"315\" \/>\n\t<meta property=\"og:image:height\" content=\"230\" \/>\n\t<meta property=\"og:image:type\" content=\"image\/jpeg\" \/>\n<meta name=\"author\" content=\"ktmin\" \/>\n<meta name=\"twitter:card\" content=\"summary_large_image\" \/>\n<meta name=\"twitter:creator\" content=\"@kt_gov\" \/>\n<meta name=\"twitter:site\" content=\"@kt_gov\" \/>\n<meta name=\"twitter:label1\" content=\"Written by\" \/>\n\t<meta name=\"twitter:data1\" content=\"ktmin\" \/>\n\t<meta name=\"twitter:label2\" content=\"Est. reading time\" \/>\n\t<meta name=\"twitter:data2\" content=\"2 minutes\" \/>\n<script type=\"application\/ld+json\" class=\"yoast-schema-graph\">{\"@context\":\"https:\\\/\\\/schema.org\",\"@graph\":[{\"@type\":\"Article\",\"@id\":\"https:\\\/\\\/kt.gov.rs\\\/sq\\\/nxenesit-e-gjenerates-fituan-shperbime-me-te-holla\\\/#article\",\"isPartOf\":{\"@id\":\"https:\\\/\\\/kt.gov.rs\\\/sq\\\/nxenesit-e-gjenerates-fituan-shperbime-me-te-holla\\\/\"},\"author\":{\"name\":\"ktmin\",\"@id\":\"https:\\\/\\\/kt.gov.rs\\\/#\\\/schema\\\/person\\\/e426459ddb4173309103390602694571\"},\"headline\":\"NXENESIT E GJENERATES FITUAN SHPERBIME ME TE HOLLA\",\"datePublished\":\"2019-07-02T00:00:00+00:00\",\"dateModified\":\"2024-07-30T19:03:44+00:00\",\"mainEntityOfPage\":{\"@id\":\"https:\\\/\\\/kt.gov.rs\\\/sq\\\/nxenesit-e-gjenerates-fituan-shperbime-me-te-holla\\\/\"},\"wordCount\":315,\"publisher\":{\"@id\":\"https:\\\/\\\/kt.gov.rs\\\/#organization\"},\"image\":{\"@id\":\"https:\\\/\\\/kt.gov.rs\\\/sq\\\/nxenesit-e-gjenerates-fituan-shperbime-me-te-holla\\\/#primaryimage\"},\"thumbnailUrl\":\"https:\\\/\\\/kt.gov.rs\\\/wp-content\\\/uploads\\\/2024\\\/07\\\/1562058215_020719_3-5.jpg\",\"articleSection\":[\"Lajme\"],\"inLanguage\":\"sq-AL\"},{\"@type\":\"WebPage\",\"@id\":\"https:\\\/\\\/kt.gov.rs\\\/sq\\\/nxenesit-e-gjenerates-fituan-shperbime-me-te-holla\\\/\",\"url\":\"https:\\\/\\\/kt.gov.rs\\\/sq\\\/nxenesit-e-gjenerates-fituan-shperbime-me-te-holla\\\/\",\"name\":\"NXENESIT E GJENERATES FITUAN SHPERBIME ME TE HOLLA - Republika e S\u00ebrbis\u00eb Trupi Koordinues p\u00ebr komunat Bujanoc, Preshev\u00eb dhe Medvegj\u00eb\",\"isPartOf\":{\"@id\":\"https:\\\/\\\/kt.gov.rs\\\/#website\"},\"primaryImageOfPage\":{\"@id\":\"https:\\\/\\\/kt.gov.rs\\\/sq\\\/nxenesit-e-gjenerates-fituan-shperbime-me-te-holla\\\/#primaryimage\"},\"image\":{\"@id\":\"https:\\\/\\\/kt.gov.rs\\\/sq\\\/nxenesit-e-gjenerates-fituan-shperbime-me-te-holla\\\/#primaryimage\"},\"thumbnailUrl\":\"https:\\\/\\\/kt.gov.rs\\\/wp-content\\\/uploads\\\/2024\\\/07\\\/1562058215_020719_3-5.jpg\",\"datePublished\":\"2019-07-02T00:00:00+00:00\",\"dateModified\":\"2024-07-30T19:03:44+00:00\",\"breadcrumb\":{\"@id\":\"https:\\\/\\\/kt.gov.rs\\\/sq\\\/nxenesit-e-gjenerates-fituan-shperbime-me-te-holla\\\/#breadcrumb\"},\"inLanguage\":\"sq-AL\",\"potentialAction\":[{\"@type\":\"ReadAction\",\"target\":[\"https:\\\/\\\/kt.gov.rs\\\/sq\\\/nxenesit-e-gjenerates-fituan-shperbime-me-te-holla\\\/\"]}]},{\"@type\":\"ImageObject\",\"inLanguage\":\"sq-AL\",\"@id\":\"https:\\\/\\\/kt.gov.rs\\\/sq\\\/nxenesit-e-gjenerates-fituan-shperbime-me-te-holla\\\/#primaryimage\",\"url\":\"https:\\\/\\\/kt.gov.rs\\\/wp-content\\\/uploads\\\/2024\\\/07\\\/1562058215_020719_3-5.jpg\",\"contentUrl\":\"https:\\\/\\\/kt.gov.rs\\\/wp-content\\\/uploads\\\/2024\\\/07\\\/1562058215_020719_3-5.jpg\",\"width\":315,\"height\":230},{\"@type\":\"BreadcrumbList\",\"@id\":\"https:\\\/\\\/kt.gov.rs\\\/sq\\\/nxenesit-e-gjenerates-fituan-shperbime-me-te-holla\\\/#breadcrumb\",\"itemListElement\":[{\"@type\":\"ListItem\",\"position\":1,\"name\":\"\u041f\u043e\u0447\u0435\u0442\u043d\u0430\",\"item\":\"https:\\\/\\\/kt.gov.rs\\\/sq\\\/\"},{\"@type\":\"ListItem\",\"position\":2,\"name\":\"NXENESIT E GJENERATES FITUAN SHPERBIME ME TE HOLLA\"}]},{\"@type\":\"WebSite\",\"@id\":\"https:\\\/\\\/kt.gov.rs\\\/#website\",\"url\":\"https:\\\/\\\/kt.gov.rs\\\/\",\"name\":\"\u041a\u043e\u043e\u0440\u0434\u0438\u043d\u0430\u0446\u0438\u043e\u043d\u043e \u0442\u0435\u043b\u043e \u0412\u043b\u0430\u0434\u0435 \u0420\u0435\u043f\u0443\u0431\u043b\u0438\u043a\u0435 \u0421\u0440\u0431\u0438\u0458\u0435 \u0437\u0430 \u043e\u043f\u0448\u0442\u0438\u043d\u0435 \u041f\u0440\u0435\u0448\u0435\u0432\u043e, \u0411\u0443\u0458\u0430\u043d\u043e\u0432\u0430\u0446 \u0438 \u041c\u0435\u0434\u0432\u0435\u0452a\",\"description\":\"\",\"publisher\":{\"@id\":\"https:\\\/\\\/kt.gov.rs\\\/#organization\"},\"alternateName\":\"\u041a\u043e\u043e\u0440\u0434\u0438\u043d\u0430\u0446\u0438\u043e\u043d\u043e \u0442\u0435\u043b\u043e\",\"potentialAction\":[{\"@type\":\"SearchAction\",\"target\":{\"@type\":\"EntryPoint\",\"urlTemplate\":\"https:\\\/\\\/kt.gov.rs\\\/?s={search_term_string}\"},\"query-input\":{\"@type\":\"PropertyValueSpecification\",\"valueRequired\":true,\"valueName\":\"search_term_string\"}}],\"inLanguage\":\"sq-AL\"},{\"@type\":\"Organization\",\"@id\":\"https:\\\/\\\/kt.gov.rs\\\/#organization\",\"name\":\"\u041a\u043e\u043e\u0440\u0434\u0438\u043d\u0430\u0446\u0438\u043e\u043d\u043e \u0442\u0435\u043b\u043e \u0412\u043b\u0430\u0434\u0435 \u0420\u0435\u043f\u0443\u0431\u043b\u0438\u043a\u0435 \u0421\u0440\u0431\u0438\u0458\u0435 \u0437\u0430 \u043e\u043f\u0448\u0442\u0438\u043d\u0435 \u041f\u0440\u0435\u0448\u0435\u0432\u043e, \u0411\u0443\u0458\u0430\u043d\u043e\u0432\u0430\u0446 \u0438 \u041c\u0435\u0434\u0432\u0435\u0452a\",\"alternateName\":\"\u041a\u043e\u043e\u0440\u0434\u0438\u043d\u0430\u0446\u0438\u043e\u043d\u043e \u0442\u0435\u043b\u043e\",\"url\":\"https:\\\/\\\/kt.gov.rs\\\/\",\"logo\":{\"@type\":\"ImageObject\",\"inLanguage\":\"sq-AL\",\"@id\":\"https:\\\/\\\/kt.gov.rs\\\/#\\\/schema\\\/logo\\\/image\\\/\",\"url\":\"https:\\\/\\\/kt.gov.rs\\\/wp-content\\\/uploads\\\/2024\\\/12\\\/koord2.jpg\",\"contentUrl\":\"https:\\\/\\\/kt.gov.rs\\\/wp-content\\\/uploads\\\/2024\\\/12\\\/koord2.jpg\",\"width\":640,\"height\":480,\"caption\":\"\u041a\u043e\u043e\u0440\u0434\u0438\u043d\u0430\u0446\u0438\u043e\u043d\u043e \u0442\u0435\u043b\u043e \u0412\u043b\u0430\u0434\u0435 \u0420\u0435\u043f\u0443\u0431\u043b\u0438\u043a\u0435 \u0421\u0440\u0431\u0438\u0458\u0435 \u0437\u0430 \u043e\u043f\u0448\u0442\u0438\u043d\u0435 \u041f\u0440\u0435\u0448\u0435\u0432\u043e, \u0411\u0443\u0458\u0430\u043d\u043e\u0432\u0430\u0446 \u0438 \u041c\u0435\u0434\u0432\u0435\u0452a\"},\"image\":{\"@id\":\"https:\\\/\\\/kt.gov.rs\\\/#\\\/schema\\\/logo\\\/image\\\/\"},\"sameAs\":[\"https:\\\/\\\/www.facebook.com\\\/SluzbaKoordinacionogTelaVladeRepublikeSrbije\",\"https:\\\/\\\/x.com\\\/kt_gov\",\"https:\\\/\\\/www.youtube.com\\\/@koordinacionotelo\"]},{\"@type\":\"Person\",\"@id\":\"https:\\\/\\\/kt.gov.rs\\\/#\\\/schema\\\/person\\\/e426459ddb4173309103390602694571\",\"name\":\"ktmin\",\"image\":{\"@type\":\"ImageObject\",\"inLanguage\":\"sq-AL\",\"@id\":\"https:\\\/\\\/secure.gravatar.com\\\/avatar\\\/3985c961109853010c3fbc7ba30365bfba5db3dd6c525831d9c595c7525a615a?s=96&d=mm&r=g\",\"url\":\"https:\\\/\\\/secure.gravatar.com\\\/avatar\\\/3985c961109853010c3fbc7ba30365bfba5db3dd6c525831d9c595c7525a615a?s=96&d=mm&r=g\",\"contentUrl\":\"https:\\\/\\\/secure.gravatar.com\\\/avatar\\\/3985c961109853010c3fbc7ba30365bfba5db3dd6c525831d9c595c7525a615a?s=96&d=mm&r=g\",\"caption\":\"ktmin\"},\"sameAs\":[\"https:\\\/\\\/kt.gov.rs\"],\"url\":\"https:\\\/\\\/kt.gov.rs\\\/sq\\\/author\\\/ktmin\\\/\"}]}<\/script>\n<!-- \/ Yoast SEO plugin. -->","yoast_head_json":{"title":"NXENESIT E GJENERATES FITUAN SHPERBIME ME TE HOLLA - Republika e S\u00ebrbis\u00eb Trupi Koordinues p\u00ebr komunat Bujanoc, Preshev\u00eb dhe Medvegj\u00eb","robots":{"index":"index","follow":"follow","max-snippet":"max-snippet:-1","max-image-preview":"max-image-preview:large","max-video-preview":"max-video-preview:-1"},"canonical":"https:\/\/kt.gov.rs\/sq\/nxenesit-e-gjenerates-fituan-shperbime-me-te-holla\/","og_locale":"sq_AL","og_type":"article","og_title":"NXENESIT E GJENERATES FITUAN SHPERBIME ME TE HOLLA - Republika e S\u00ebrbis\u00eb Trupi Koordinues p\u00ebr komunat Bujanoc, Preshev\u00eb dhe Medvegj\u00eb","og_description":"\u041cedvegje\u00a0 \u2013Per titullin prestigjioz ,Milica Vuleti dhe Sanja Stevnovic u shperblyen me 20.000 perkatesisht\u00a0 30.000dinare nga vetqeverisja locale e Medvegjes,ndersa shperbimin ne te holla e fituan me diplomat e tyre supeiore ,si dhe nxenes te tjere te\u00a0 shkolles qe arriten rezultate te rendesishme ne garat republikane ,egjionale dhe ne gara tjera qe I perkasin arsimit ,kultures ,artit dhe sportit.","og_url":"https:\/\/kt.gov.rs\/sq\/nxenesit-e-gjenerates-fituan-shperbime-me-te-holla\/","og_site_name":"Republika e S\u00ebrbis\u00eb Trupi Koordinues p\u00ebr komunat Bujanoc, Preshev\u00eb dhe Medvegj\u00eb","article_publisher":"https:\/\/www.facebook.com\/SluzbaKoordinacionogTelaVladeRepublikeSrbije","article_published_time":"2019-07-02T00:00:00+00:00","article_modified_time":"2024-07-30T19:03:44+00:00","og_image":[{"width":315,"height":230,"url":"https:\/\/kt.gov.rs\/wp-content\/uploads\/2024\/07\/1562058215_020719_3-5.jpg","type":"image\/jpeg"}],"author":"ktmin","twitter_card":"summary_large_image","twitter_creator":"@kt_gov","twitter_site":"@kt_gov","twitter_misc":{"Written by":"ktmin","Est. reading time":"2 minutes"},"schema":{"@context":"https:\/\/schema.org","@graph":[{"@type":"Article","@id":"https:\/\/kt.gov.rs\/sq\/nxenesit-e-gjenerates-fituan-shperbime-me-te-holla\/#article","isPartOf":{"@id":"https:\/\/kt.gov.rs\/sq\/nxenesit-e-gjenerates-fituan-shperbime-me-te-holla\/"},"author":{"name":"ktmin","@id":"https:\/\/kt.gov.rs\/#\/schema\/person\/e426459ddb4173309103390602694571"},"headline":"NXENESIT E GJENERATES FITUAN SHPERBIME ME TE HOLLA","datePublished":"2019-07-02T00:00:00+00:00","dateModified":"2024-07-30T19:03:44+00:00","mainEntityOfPage":{"@id":"https:\/\/kt.gov.rs\/sq\/nxenesit-e-gjenerates-fituan-shperbime-me-te-holla\/"},"wordCount":315,"publisher":{"@id":"https:\/\/kt.gov.rs\/#organization"},"image":{"@id":"https:\/\/kt.gov.rs\/sq\/nxenesit-e-gjenerates-fituan-shperbime-me-te-holla\/#primaryimage"},"thumbnailUrl":"https:\/\/kt.gov.rs\/wp-content\/uploads\/2024\/07\/1562058215_020719_3-5.jpg","articleSection":["Lajme"],"inLanguage":"sq-AL"},{"@type":"WebPage","@id":"https:\/\/kt.gov.rs\/sq\/nxenesit-e-gjenerates-fituan-shperbime-me-te-holla\/","url":"https:\/\/kt.gov.rs\/sq\/nxenesit-e-gjenerates-fituan-shperbime-me-te-holla\/","name":"NXENESIT E GJENERATES FITUAN SHPERBIME ME TE HOLLA - Republika e S\u00ebrbis\u00eb Trupi Koordinues p\u00ebr komunat Bujanoc, Preshev\u00eb dhe Medvegj\u00eb","isPartOf":{"@id":"https:\/\/kt.gov.rs\/#website"},"primaryImageOfPage":{"@id":"https:\/\/kt.gov.rs\/sq\/nxenesit-e-gjenerates-fituan-shperbime-me-te-holla\/#primaryimage"},"image":{"@id":"https:\/\/kt.gov.rs\/sq\/nxenesit-e-gjenerates-fituan-shperbime-me-te-holla\/#primaryimage"},"thumbnailUrl":"https:\/\/kt.gov.rs\/wp-content\/uploads\/2024\/07\/1562058215_020719_3-5.jpg","datePublished":"2019-07-02T00:00:00+00:00","dateModified":"2024-07-30T19:03:44+00:00","breadcrumb":{"@id":"https:\/\/kt.gov.rs\/sq\/nxenesit-e-gjenerates-fituan-shperbime-me-te-holla\/#breadcrumb"},"inLanguage":"sq-AL","potentialAction":[{"@type":"ReadAction","target":["https:\/\/kt.gov.rs\/sq\/nxenesit-e-gjenerates-fituan-shperbime-me-te-holla\/"]}]},{"@type":"ImageObject","inLanguage":"sq-AL","@id":"https:\/\/kt.gov.rs\/sq\/nxenesit-e-gjenerates-fituan-shperbime-me-te-holla\/#primaryimage","url":"https:\/\/kt.gov.rs\/wp-content\/uploads\/2024\/07\/1562058215_020719_3-5.jpg","contentUrl":"https:\/\/kt.gov.rs\/wp-content\/uploads\/2024\/07\/1562058215_020719_3-5.jpg","width":315,"height":230},{"@type":"BreadcrumbList","@id":"https:\/\/kt.gov.rs\/sq\/nxenesit-e-gjenerates-fituan-shperbime-me-te-holla\/#breadcrumb","itemListElement":[{"@type":"ListItem","position":1,"name":"\u041f\u043e\u0447\u0435\u0442\u043d\u0430","item":"https:\/\/kt.gov.rs\/sq\/"},{"@type":"ListItem","position":2,"name":"NXENESIT E GJENERATES FITUAN SHPERBIME ME TE HOLLA"}]},{"@type":"WebSite","@id":"https:\/\/kt.gov.rs\/#website","url":"https:\/\/kt.gov.rs\/","name":"\u041a\u043e\u043e\u0440\u0434\u0438\u043d\u0430\u0446\u0438\u043e\u043d\u043e \u0442\u0435\u043b\u043e \u0412\u043b\u0430\u0434\u0435 \u0420\u0435\u043f\u0443\u0431\u043b\u0438\u043a\u0435 \u0421\u0440\u0431\u0438\u0458\u0435 \u0437\u0430 \u043e\u043f\u0448\u0442\u0438\u043d\u0435 \u041f\u0440\u0435\u0448\u0435\u0432\u043e, \u0411\u0443\u0458\u0430\u043d\u043e\u0432\u0430\u0446 \u0438 \u041c\u0435\u0434\u0432\u0435\u0452a","description":"","publisher":{"@id":"https:\/\/kt.gov.rs\/#organization"},"alternateName":"\u041a\u043e\u043e\u0440\u0434\u0438\u043d\u0430\u0446\u0438\u043e\u043d\u043e \u0442\u0435\u043b\u043e","potentialAction":[{"@type":"SearchAction","target":{"@type":"EntryPoint","urlTemplate":"https:\/\/kt.gov.rs\/?s={search_term_string}"},"query-input":{"@type":"PropertyValueSpecification","valueRequired":true,"valueName":"search_term_string"}}],"inLanguage":"sq-AL"},{"@type":"Organization","@id":"https:\/\/kt.gov.rs\/#organization","name":"\u041a\u043e\u043e\u0440\u0434\u0438\u043d\u0430\u0446\u0438\u043e\u043d\u043e \u0442\u0435\u043b\u043e \u0412\u043b\u0430\u0434\u0435 \u0420\u0435\u043f\u0443\u0431\u043b\u0438\u043a\u0435 \u0421\u0440\u0431\u0438\u0458\u0435 \u0437\u0430 \u043e\u043f\u0448\u0442\u0438\u043d\u0435 \u041f\u0440\u0435\u0448\u0435\u0432\u043e, \u0411\u0443\u0458\u0430\u043d\u043e\u0432\u0430\u0446 \u0438 \u041c\u0435\u0434\u0432\u0435\u0452a","alternateName":"\u041a\u043e\u043e\u0440\u0434\u0438\u043d\u0430\u0446\u0438\u043e\u043d\u043e \u0442\u0435\u043b\u043e","url":"https:\/\/kt.gov.rs\/","logo":{"@type":"ImageObject","inLanguage":"sq-AL","@id":"https:\/\/kt.gov.rs\/#\/schema\/logo\/image\/","url":"https:\/\/kt.gov.rs\/wp-content\/uploads\/2024\/12\/koord2.jpg","contentUrl":"https:\/\/kt.gov.rs\/wp-content\/uploads\/2024\/12\/koord2.jpg","width":640,"height":480,"caption":"\u041a\u043e\u043e\u0440\u0434\u0438\u043d\u0430\u0446\u0438\u043e\u043d\u043e \u0442\u0435\u043b\u043e \u0412\u043b\u0430\u0434\u0435 \u0420\u0435\u043f\u0443\u0431\u043b\u0438\u043a\u0435 \u0421\u0440\u0431\u0438\u0458\u0435 \u0437\u0430 \u043e\u043f\u0448\u0442\u0438\u043d\u0435 \u041f\u0440\u0435\u0448\u0435\u0432\u043e, \u0411\u0443\u0458\u0430\u043d\u043e\u0432\u0430\u0446 \u0438 \u041c\u0435\u0434\u0432\u0435\u0452a"},"image":{"@id":"https:\/\/kt.gov.rs\/#\/schema\/logo\/image\/"},"sameAs":["https:\/\/www.facebook.com\/SluzbaKoordinacionogTelaVladeRepublikeSrbije","https:\/\/x.com\/kt_gov","https:\/\/www.youtube.com\/@koordinacionotelo"]},{"@type":"Person","@id":"https:\/\/kt.gov.rs\/#\/schema\/person\/e426459ddb4173309103390602694571","name":"ktmin","image":{"@type":"ImageObject","inLanguage":"sq-AL","@id":"https:\/\/secure.gravatar.com\/avatar\/3985c961109853010c3fbc7ba30365bfba5db3dd6c525831d9c595c7525a615a?s=96&d=mm&r=g","url":"https:\/\/secure.gravatar.com\/avatar\/3985c961109853010c3fbc7ba30365bfba5db3dd6c525831d9c595c7525a615a?s=96&d=mm&r=g","contentUrl":"https:\/\/secure.gravatar.com\/avatar\/3985c961109853010c3fbc7ba30365bfba5db3dd6c525831d9c595c7525a615a?s=96&d=mm&r=g","caption":"ktmin"},"sameAs":["https:\/\/kt.gov.rs"],"url":"https:\/\/kt.gov.rs\/sq\/author\/ktmin\/"}]}},"_links":{"self":[{"href":"https:\/\/kt.gov.rs\/sq\/wp-json\/wp\/v2\/posts\/117163","targetHints":{"allow":["GET"]}}],"collection":[{"href":"https:\/\/kt.gov.rs\/sq\/wp-json\/wp\/v2\/posts"}],"about":[{"href":"https:\/\/kt.gov.rs\/sq\/wp-json\/wp\/v2\/types\/post"}],"author":[{"embeddable":true,"href":"https:\/\/kt.gov.rs\/sq\/wp-json\/wp\/v2\/users\/1"}],"replies":[{"embeddable":true,"href":"https:\/\/kt.gov.rs\/sq\/wp-json\/wp\/v2\/comments?post=117163"}],"version-history":[{"count":1,"href":"https:\/\/kt.gov.rs\/sq\/wp-json\/wp\/v2\/posts\/117163\/revisions"}],"predecessor-version":[{"id":117167,"href":"https:\/\/kt.gov.rs\/sq\/wp-json\/wp\/v2\/posts\/117163\/revisions\/117167"}],"wp:featuredmedia":[{"embeddable":true,"href":"https:\/\/kt.gov.rs\/sq\/wp-json\/wp\/v2\/media\/117168"}],"wp:attachment":[{"href":"https:\/\/kt.gov.rs\/sq\/wp-json\/wp\/v2\/media?parent=117163"}],"wp:term":[{"taxonomy":"category","embeddable":true,"href":"https:\/\/kt.gov.rs\/sq\/wp-json\/wp\/v2\/categories?post=117163"},{"taxonomy":"post_tag","embeddable":true,"href":"https:\/\/kt.gov.rs\/sq\/wp-json\/wp\/v2\/tags?post=117163"}],"curies":[{"name":"wp","href":"https:\/\/api.w.org\/{rel}","templated":true}]}}