{"id":117115,"date":"2019-07-04T00:00:00","date_gmt":"2019-07-04T00:00:00","guid":{"rendered":"http:\/\/kt.printandscreen.rs\/konkursi-per-serbine-e-jugut-afati-21-07-2019\/"},"modified":"2024-07-30T19:03:39","modified_gmt":"2024-07-30T19:03:39","slug":"konkursi-per-serbine-e-jugut-afati-21-07-2019","status":"publish","type":"post","link":"https:\/\/kt.gov.rs\/sq\/konkursi-per-serbine-e-jugut-afati-21-07-2019\/","title":{"rendered":"KONKURSI P\u00cbR SERBIN\u00cb E JUGUT (AFATI: 21.07.2019)"},"content":{"rendered":"<p>\n\t<img decoding=\"async\" alt=\"\" src=\"https:\/\/kt.gov.rs\/wp-content\/uploads\/2024\/07\/1562231382_040719_1-4.jpg\" style=\"width: 315px; height: 230px; float: left;\" \/>Fondi p\u00ebr Serbin\u00eb e Jugut dhe partneri n\u00eb projektin \u201cPartneriteti p\u00ebr Zhvillim t\u00eb Q\u00ebndruesh\u00ebm\u201d kan\u00eb hapur nj\u00eb konkurs q\u00eb synon t\u00eb mb\u00ebshtes\u00eb organizatat e shoq\u00ebris\u00eb civile q\u00eb punojn\u00eb n\u00eb p\u00ebrmir\u00ebsimin e pozit\u00ebs s\u00eb qytetar\u00ebve si dhe ne zhvillimin <em>e <\/em>bashk\u00ebsis\u00eb<em> <\/em>t\u00eb tyre.<\/p>\n<p>\n\tKonkursi \u00ebsht\u00eb i hapur p\u00ebr organizatat e regjistruara n\u00eb pes\u00eb rajone t\u00eb Serbis\u00eb jugore- Jabllanic\u00ebs, \u00a0P\u00e7inj\u00ebs, Toplic\u00ebs, Nishav\u00ebs dhe Pirotit.<\/p>\n<p>\n\tProjekti i propozuar i pasivitetit duhet t\u00eb fokusohet n\u00eb krijimin e p\u00ebrmbajtjeve t\u00eb ndryshme q\u00eb plot\u00ebsojn\u00eb nevojat specifike t\u00eb njer\u00ebzve n\u00eb fushat e m\u00ebposhtme:<\/p>\n<p>\n\t\u2013 p\u00ebrmir\u00ebsimi i pozit\u00ebs s\u00eb t\u00eb rinjve,<\/p>\n<p>\n\t\u2013 mediat dhe interesi publik n\u00eb nivel lokal<\/p>\n<p>\n\t\u2013 pjes\u00ebmarrja e qytetar\u00ebve n\u00eb vendimmarrje n\u00eb nivel lokal<\/p>\n<p>\n\t\u2013 sip\u00ebrmarrja si nj\u00eb instrument p\u00ebr zhvillimin e komunitetit,<\/p>\n<p>\n\t\u2013 shkenca n\u00eb sh\u00ebrbim t\u00eb qytetar\u00ebve dhe<\/p>\n<p>\n\t\u2013 promovimi i identitetit t\u00eb jugut t\u00eb Serbis\u00eb.<\/p>\n<p>\n\tFondi p\u00ebr Serbin\u00eb e Jugut p\u00ebrmes k\u00ebtij konkursi d\u00ebshiron t\u00eb inkurajoj\u00eb fituesit e ardhsh\u00ebm p\u00ebr t\u00eb mobilizuar burimet lokale p\u00ebr zhvillimin <em>e <\/em><em>bashk\u00ebsis\u00eb<\/em> t\u00eb tyre. Fondi beson se ka potencial dhe kapacitet t\u00eb mjaftuesh\u00ebm n\u00eb secil\u00ebn komunitet dhe se \u00ebsht\u00eb e nevojshme p\u00ebr t\u00eb inkurajuar njer\u00ebzit (ne t\u00eb holla, pajisje, sh\u00ebrbime, hap\u00ebsir\u00eb) p\u00ebr realizimin e projekt propozimeve.<\/p>\n<p>\n\tKy konkurs \u00ebsht\u00eb q\u00eb t\u00eb promovoj\u00eb mund\u00ebsi t\u00eb barabarta, ku t\u00eb gjith\u00eb aktor\u00ebt lokal\u00eb, si bart\u00ebs t\u00eb aktiviteteve ose partner\u00ebve, mund t\u00eb arrijn\u00eb vizionin e tyre p\u00ebr p\u00ebrmir\u00ebsimin <em>e <\/em><em>bashk\u00ebsis\u00eb<\/em> n\u00eb t\u00eb cilat jetojn\u00eb.<\/p>\n<p>\n\tFondi p\u00ebr Serbin\u00eb e Jugut u krijua si rezultat i shum\u00eb viteve t\u00eb pun\u00ebs s\u00eb konsorciumit t\u00eb organizatave t\u00eb shoq\u00ebris\u00eb civile nga Nishi n\u00eb fush\u00ebn e forcimit t\u00eb ndikimit t\u00eb sektorit civil n\u00eb ndryshimet sociale n\u00eb jug t\u00eb Serbis\u00eb. Projekti &quot;Fondi p\u00ebr Serbin\u00eb e Jugut&quot; zbatohet nga Qendra p\u00ebr Media dhe Reform\u00eb Nish, Koalicioni Komb\u00ebtar p\u00ebr Decentralizimin (KKD), Proaktiv, ENECA dhe Qendra p\u00ebr Zhvillim <em>e Lidershipit<\/em>\u00a0me mb\u00ebshtetjen financiare t\u00eb Fondacionit Rockefeller (RBF).<\/p>\n<p>\n\tKonkursi \u00ebsht\u00eb i hapur deri m\u00eb 21 korrik, dhe ata t\u00eb interesuar mund t\u00eb aplikojn\u00eb n\u00eb adres\u00ebn<\/p>\n<p>\n\t<a href=\"mailto:konkurs@mediareform.rs\">konkurs@mediareform.rs<\/a>.<\/p>\n<p>\n\t<a href=\"http:\/\/mediareform.rs\/fond-za-jug-srbije\/konkurs\/\">http:\/\/mediareform.rs\/fond-za-jug-srbije\/konkurs\/<\/a><\/p>\n<p>\n\tUdh\u00ebzimet p\u00ebr aplikim, formulari i aplikimit dhe\u00a0 formulari i buxhetit jan\u00eb n\u00eb dispozicion n\u00eb <a href=\"http:\/\/mediareform.rs\/fond-za-jug-srbije\/konkurs\/\">http:\/\/mediareform.rs\/fond-za-jug-srbije\/konkurs\/<\/a><\/p>\n<p>\n\t<strong>Burimi: Fondi p\u00ebr Serbin\u00eb Jugore dhe Trupi koordinues\u00a0<\/strong><\/p>\n<p>\n\t\u00a0<\/p>\n","protected":false},"excerpt":{"rendered":"<p>Fondi p\u00ebr Serbin\u00eb e Jugut dhe partneri n\u00eb projektin \u201cPartneriteti p\u00ebr Zhvillim t\u00eb Q\u00ebndruesh\u00ebm\u201d kan\u00eb hapur nj\u00eb konkurs q\u00eb synon t\u00eb mb\u00ebshtes\u00eb organizatat e shoq\u00ebris\u00eb civile q\u00eb punojn\u00eb n\u00eb p\u00ebrmir\u00ebsimin e pozit\u00ebs s\u00eb qytetar\u00ebve si dhe ne zhvillimin\u00a0e bashk\u00ebsis\u00eb\u00a0t\u00eb tyre.<\/p>\n","protected":false},"author":1,"featured_media":117120,"comment_status":"closed","ping_status":"closed","sticky":false,"template":"","format":"standard","meta":{"footnotes":""},"categories":[55],"tags":[],"class_list":["post-117115","post","type-post","status-publish","format-standard","has-post-thumbnail","hentry","category-lajme"],"yoast_head":"<!-- This site is optimized with the Yoast SEO plugin v27.5 - https:\/\/yoast.com\/product\/yoast-seo-wordpress\/ -->\n<title>KONKURSI P\u00cbR SERBIN\u00cb E JUGUT (AFATI: 21.07.2019) - Republika e S\u00ebrbis\u00eb Trupi Koordinues p\u00ebr komunat Bujanoc, Preshev\u00eb dhe Medvegj\u00eb<\/title>\n<meta name=\"robots\" content=\"index, follow, max-snippet:-1, max-image-preview:large, max-video-preview:-1\" \/>\n<link rel=\"canonical\" href=\"https:\/\/kt.gov.rs\/sq\/konkursi-per-serbine-e-jugut-afati-21-07-2019\/\" \/>\n<meta property=\"og:locale\" content=\"sq_AL\" \/>\n<meta property=\"og:type\" content=\"article\" \/>\n<meta property=\"og:title\" content=\"KONKURSI P\u00cbR SERBIN\u00cb E JUGUT (AFATI: 21.07.2019) - Republika e S\u00ebrbis\u00eb Trupi Koordinues p\u00ebr komunat Bujanoc, Preshev\u00eb dhe Medvegj\u00eb\" \/>\n<meta property=\"og:description\" content=\"Fondi p\u00ebr Serbin\u00eb e Jugut dhe partneri n\u00eb projektin \u201cPartneriteti p\u00ebr Zhvillim t\u00eb Q\u00ebndruesh\u00ebm\u201d kan\u00eb hapur nj\u00eb konkurs q\u00eb synon t\u00eb mb\u00ebshtes\u00eb organizatat e shoq\u00ebris\u00eb civile q\u00eb punojn\u00eb n\u00eb p\u00ebrmir\u00ebsimin e pozit\u00ebs s\u00eb qytetar\u00ebve si dhe ne zhvillimin\u00a0e bashk\u00ebsis\u00eb\u00a0t\u00eb tyre.\" \/>\n<meta property=\"og:url\" content=\"https:\/\/kt.gov.rs\/sq\/konkursi-per-serbine-e-jugut-afati-21-07-2019\/\" \/>\n<meta property=\"og:site_name\" content=\"Republika e S\u00ebrbis\u00eb Trupi Koordinues p\u00ebr komunat Bujanoc, Preshev\u00eb dhe Medvegj\u00eb\" \/>\n<meta property=\"article:publisher\" content=\"https:\/\/www.facebook.com\/SluzbaKoordinacionogTelaVladeRepublikeSrbije\" \/>\n<meta property=\"article:published_time\" content=\"2019-07-04T00:00:00+00:00\" \/>\n<meta property=\"article:modified_time\" content=\"2024-07-30T19:03:39+00:00\" \/>\n<meta property=\"og:image\" content=\"https:\/\/kt.gov.rs\/wp-content\/uploads\/2024\/07\/1562231382_040719_1-5.jpg\" \/>\n\t<meta property=\"og:image:width\" content=\"315\" \/>\n\t<meta property=\"og:image:height\" content=\"230\" \/>\n\t<meta property=\"og:image:type\" content=\"image\/jpeg\" \/>\n<meta name=\"author\" content=\"ktmin\" \/>\n<meta name=\"twitter:card\" content=\"summary_large_image\" \/>\n<meta name=\"twitter:creator\" content=\"@kt_gov\" \/>\n<meta name=\"twitter:site\" content=\"@kt_gov\" \/>\n<meta name=\"twitter:label1\" content=\"Written by\" \/>\n\t<meta name=\"twitter:data1\" content=\"ktmin\" \/>\n\t<meta name=\"twitter:label2\" content=\"Est. reading time\" \/>\n\t<meta name=\"twitter:data2\" content=\"3 minutes\" \/>\n<script type=\"application\/ld+json\" class=\"yoast-schema-graph\">{\"@context\":\"https:\\\/\\\/schema.org\",\"@graph\":[{\"@type\":\"Article\",\"@id\":\"https:\\\/\\\/kt.gov.rs\\\/sq\\\/konkursi-per-serbine-e-jugut-afati-21-07-2019\\\/#article\",\"isPartOf\":{\"@id\":\"https:\\\/\\\/kt.gov.rs\\\/sq\\\/konkursi-per-serbine-e-jugut-afati-21-07-2019\\\/\"},\"author\":{\"name\":\"ktmin\",\"@id\":\"https:\\\/\\\/kt.gov.rs\\\/#\\\/schema\\\/person\\\/e426459ddb4173309103390602694571\"},\"headline\":\"KONKURSI P\u00cbR SERBIN\u00cb E JUGUT (AFATI: 21.07.2019)\",\"datePublished\":\"2019-07-04T00:00:00+00:00\",\"dateModified\":\"2024-07-30T19:03:39+00:00\",\"mainEntityOfPage\":{\"@id\":\"https:\\\/\\\/kt.gov.rs\\\/sq\\\/konkursi-per-serbine-e-jugut-afati-21-07-2019\\\/\"},\"wordCount\":595,\"publisher\":{\"@id\":\"https:\\\/\\\/kt.gov.rs\\\/#organization\"},\"image\":{\"@id\":\"https:\\\/\\\/kt.gov.rs\\\/sq\\\/konkursi-per-serbine-e-jugut-afati-21-07-2019\\\/#primaryimage\"},\"thumbnailUrl\":\"https:\\\/\\\/kt.gov.rs\\\/wp-content\\\/uploads\\\/2024\\\/07\\\/1562231382_040719_1-5.jpg\",\"articleSection\":[\"Lajme\"],\"inLanguage\":\"sq-AL\"},{\"@type\":\"WebPage\",\"@id\":\"https:\\\/\\\/kt.gov.rs\\\/sq\\\/konkursi-per-serbine-e-jugut-afati-21-07-2019\\\/\",\"url\":\"https:\\\/\\\/kt.gov.rs\\\/sq\\\/konkursi-per-serbine-e-jugut-afati-21-07-2019\\\/\",\"name\":\"KONKURSI P\u00cbR SERBIN\u00cb E JUGUT (AFATI: 21.07.2019) - Republika e S\u00ebrbis\u00eb Trupi Koordinues p\u00ebr komunat Bujanoc, Preshev\u00eb dhe Medvegj\u00eb\",\"isPartOf\":{\"@id\":\"https:\\\/\\\/kt.gov.rs\\\/#website\"},\"primaryImageOfPage\":{\"@id\":\"https:\\\/\\\/kt.gov.rs\\\/sq\\\/konkursi-per-serbine-e-jugut-afati-21-07-2019\\\/#primaryimage\"},\"image\":{\"@id\":\"https:\\\/\\\/kt.gov.rs\\\/sq\\\/konkursi-per-serbine-e-jugut-afati-21-07-2019\\\/#primaryimage\"},\"thumbnailUrl\":\"https:\\\/\\\/kt.gov.rs\\\/wp-content\\\/uploads\\\/2024\\\/07\\\/1562231382_040719_1-5.jpg\",\"datePublished\":\"2019-07-04T00:00:00+00:00\",\"dateModified\":\"2024-07-30T19:03:39+00:00\",\"breadcrumb\":{\"@id\":\"https:\\\/\\\/kt.gov.rs\\\/sq\\\/konkursi-per-serbine-e-jugut-afati-21-07-2019\\\/#breadcrumb\"},\"inLanguage\":\"sq-AL\",\"potentialAction\":[{\"@type\":\"ReadAction\",\"target\":[\"https:\\\/\\\/kt.gov.rs\\\/sq\\\/konkursi-per-serbine-e-jugut-afati-21-07-2019\\\/\"]}]},{\"@type\":\"ImageObject\",\"inLanguage\":\"sq-AL\",\"@id\":\"https:\\\/\\\/kt.gov.rs\\\/sq\\\/konkursi-per-serbine-e-jugut-afati-21-07-2019\\\/#primaryimage\",\"url\":\"https:\\\/\\\/kt.gov.rs\\\/wp-content\\\/uploads\\\/2024\\\/07\\\/1562231382_040719_1-5.jpg\",\"contentUrl\":\"https:\\\/\\\/kt.gov.rs\\\/wp-content\\\/uploads\\\/2024\\\/07\\\/1562231382_040719_1-5.jpg\",\"width\":315,\"height\":230},{\"@type\":\"BreadcrumbList\",\"@id\":\"https:\\\/\\\/kt.gov.rs\\\/sq\\\/konkursi-per-serbine-e-jugut-afati-21-07-2019\\\/#breadcrumb\",\"itemListElement\":[{\"@type\":\"ListItem\",\"position\":1,\"name\":\"\u041f\u043e\u0447\u0435\u0442\u043d\u0430\",\"item\":\"https:\\\/\\\/kt.gov.rs\\\/sq\\\/\"},{\"@type\":\"ListItem\",\"position\":2,\"name\":\"KONKURSI P\u00cbR SERBIN\u00cb E JUGUT (AFATI: 21.07.2019)\"}]},{\"@type\":\"WebSite\",\"@id\":\"https:\\\/\\\/kt.gov.rs\\\/#website\",\"url\":\"https:\\\/\\\/kt.gov.rs\\\/\",\"name\":\"\u041a\u043e\u043e\u0440\u0434\u0438\u043d\u0430\u0446\u0438\u043e\u043d\u043e \u0442\u0435\u043b\u043e \u0412\u043b\u0430\u0434\u0435 \u0420\u0435\u043f\u0443\u0431\u043b\u0438\u043a\u0435 \u0421\u0440\u0431\u0438\u0458\u0435 \u0437\u0430 \u043e\u043f\u0448\u0442\u0438\u043d\u0435 \u041f\u0440\u0435\u0448\u0435\u0432\u043e, \u0411\u0443\u0458\u0430\u043d\u043e\u0432\u0430\u0446 \u0438 \u041c\u0435\u0434\u0432\u0435\u0452a\",\"description\":\"\",\"publisher\":{\"@id\":\"https:\\\/\\\/kt.gov.rs\\\/#organization\"},\"alternateName\":\"\u041a\u043e\u043e\u0440\u0434\u0438\u043d\u0430\u0446\u0438\u043e\u043d\u043e \u0442\u0435\u043b\u043e\",\"potentialAction\":[{\"@type\":\"SearchAction\",\"target\":{\"@type\":\"EntryPoint\",\"urlTemplate\":\"https:\\\/\\\/kt.gov.rs\\\/?s={search_term_string}\"},\"query-input\":{\"@type\":\"PropertyValueSpecification\",\"valueRequired\":true,\"valueName\":\"search_term_string\"}}],\"inLanguage\":\"sq-AL\"},{\"@type\":\"Organization\",\"@id\":\"https:\\\/\\\/kt.gov.rs\\\/#organization\",\"name\":\"\u041a\u043e\u043e\u0440\u0434\u0438\u043d\u0430\u0446\u0438\u043e\u043d\u043e \u0442\u0435\u043b\u043e \u0412\u043b\u0430\u0434\u0435 \u0420\u0435\u043f\u0443\u0431\u043b\u0438\u043a\u0435 \u0421\u0440\u0431\u0438\u0458\u0435 \u0437\u0430 \u043e\u043f\u0448\u0442\u0438\u043d\u0435 \u041f\u0440\u0435\u0448\u0435\u0432\u043e, \u0411\u0443\u0458\u0430\u043d\u043e\u0432\u0430\u0446 \u0438 \u041c\u0435\u0434\u0432\u0435\u0452a\",\"alternateName\":\"\u041a\u043e\u043e\u0440\u0434\u0438\u043d\u0430\u0446\u0438\u043e\u043d\u043e \u0442\u0435\u043b\u043e\",\"url\":\"https:\\\/\\\/kt.gov.rs\\\/\",\"logo\":{\"@type\":\"ImageObject\",\"inLanguage\":\"sq-AL\",\"@id\":\"https:\\\/\\\/kt.gov.rs\\\/#\\\/schema\\\/logo\\\/image\\\/\",\"url\":\"https:\\\/\\\/kt.gov.rs\\\/wp-content\\\/uploads\\\/2024\\\/12\\\/koord2.jpg\",\"contentUrl\":\"https:\\\/\\\/kt.gov.rs\\\/wp-content\\\/uploads\\\/2024\\\/12\\\/koord2.jpg\",\"width\":640,\"height\":480,\"caption\":\"\u041a\u043e\u043e\u0440\u0434\u0438\u043d\u0430\u0446\u0438\u043e\u043d\u043e \u0442\u0435\u043b\u043e \u0412\u043b\u0430\u0434\u0435 \u0420\u0435\u043f\u0443\u0431\u043b\u0438\u043a\u0435 \u0421\u0440\u0431\u0438\u0458\u0435 \u0437\u0430 \u043e\u043f\u0448\u0442\u0438\u043d\u0435 \u041f\u0440\u0435\u0448\u0435\u0432\u043e, \u0411\u0443\u0458\u0430\u043d\u043e\u0432\u0430\u0446 \u0438 \u041c\u0435\u0434\u0432\u0435\u0452a\"},\"image\":{\"@id\":\"https:\\\/\\\/kt.gov.rs\\\/#\\\/schema\\\/logo\\\/image\\\/\"},\"sameAs\":[\"https:\\\/\\\/www.facebook.com\\\/SluzbaKoordinacionogTelaVladeRepublikeSrbije\",\"https:\\\/\\\/x.com\\\/kt_gov\",\"https:\\\/\\\/www.youtube.com\\\/@koordinacionotelo\"]},{\"@type\":\"Person\",\"@id\":\"https:\\\/\\\/kt.gov.rs\\\/#\\\/schema\\\/person\\\/e426459ddb4173309103390602694571\",\"name\":\"ktmin\",\"image\":{\"@type\":\"ImageObject\",\"inLanguage\":\"sq-AL\",\"@id\":\"https:\\\/\\\/secure.gravatar.com\\\/avatar\\\/3985c961109853010c3fbc7ba30365bfba5db3dd6c525831d9c595c7525a615a?s=96&d=mm&r=g\",\"url\":\"https:\\\/\\\/secure.gravatar.com\\\/avatar\\\/3985c961109853010c3fbc7ba30365bfba5db3dd6c525831d9c595c7525a615a?s=96&d=mm&r=g\",\"contentUrl\":\"https:\\\/\\\/secure.gravatar.com\\\/avatar\\\/3985c961109853010c3fbc7ba30365bfba5db3dd6c525831d9c595c7525a615a?s=96&d=mm&r=g\",\"caption\":\"ktmin\"},\"sameAs\":[\"https:\\\/\\\/kt.gov.rs\"],\"url\":\"https:\\\/\\\/kt.gov.rs\\\/sq\\\/author\\\/ktmin\\\/\"}]}<\/script>\n<!-- \/ Yoast SEO plugin. -->","yoast_head_json":{"title":"KONKURSI P\u00cbR SERBIN\u00cb E JUGUT (AFATI: 21.07.2019) - Republika e S\u00ebrbis\u00eb Trupi Koordinues p\u00ebr komunat Bujanoc, Preshev\u00eb dhe Medvegj\u00eb","robots":{"index":"index","follow":"follow","max-snippet":"max-snippet:-1","max-image-preview":"max-image-preview:large","max-video-preview":"max-video-preview:-1"},"canonical":"https:\/\/kt.gov.rs\/sq\/konkursi-per-serbine-e-jugut-afati-21-07-2019\/","og_locale":"sq_AL","og_type":"article","og_title":"KONKURSI P\u00cbR SERBIN\u00cb E JUGUT (AFATI: 21.07.2019) - Republika e S\u00ebrbis\u00eb Trupi Koordinues p\u00ebr komunat Bujanoc, Preshev\u00eb dhe Medvegj\u00eb","og_description":"Fondi p\u00ebr Serbin\u00eb e Jugut dhe partneri n\u00eb projektin \u201cPartneriteti p\u00ebr Zhvillim t\u00eb Q\u00ebndruesh\u00ebm\u201d kan\u00eb hapur nj\u00eb konkurs q\u00eb synon t\u00eb mb\u00ebshtes\u00eb organizatat e shoq\u00ebris\u00eb civile q\u00eb punojn\u00eb n\u00eb p\u00ebrmir\u00ebsimin e pozit\u00ebs s\u00eb qytetar\u00ebve si dhe ne zhvillimin\u00a0e bashk\u00ebsis\u00eb\u00a0t\u00eb tyre.","og_url":"https:\/\/kt.gov.rs\/sq\/konkursi-per-serbine-e-jugut-afati-21-07-2019\/","og_site_name":"Republika e S\u00ebrbis\u00eb Trupi Koordinues p\u00ebr komunat Bujanoc, Preshev\u00eb dhe Medvegj\u00eb","article_publisher":"https:\/\/www.facebook.com\/SluzbaKoordinacionogTelaVladeRepublikeSrbije","article_published_time":"2019-07-04T00:00:00+00:00","article_modified_time":"2024-07-30T19:03:39+00:00","og_image":[{"width":315,"height":230,"url":"https:\/\/kt.gov.rs\/wp-content\/uploads\/2024\/07\/1562231382_040719_1-5.jpg","type":"image\/jpeg"}],"author":"ktmin","twitter_card":"summary_large_image","twitter_creator":"@kt_gov","twitter_site":"@kt_gov","twitter_misc":{"Written by":"ktmin","Est. reading time":"3 minutes"},"schema":{"@context":"https:\/\/schema.org","@graph":[{"@type":"Article","@id":"https:\/\/kt.gov.rs\/sq\/konkursi-per-serbine-e-jugut-afati-21-07-2019\/#article","isPartOf":{"@id":"https:\/\/kt.gov.rs\/sq\/konkursi-per-serbine-e-jugut-afati-21-07-2019\/"},"author":{"name":"ktmin","@id":"https:\/\/kt.gov.rs\/#\/schema\/person\/e426459ddb4173309103390602694571"},"headline":"KONKURSI P\u00cbR SERBIN\u00cb E JUGUT (AFATI: 21.07.2019)","datePublished":"2019-07-04T00:00:00+00:00","dateModified":"2024-07-30T19:03:39+00:00","mainEntityOfPage":{"@id":"https:\/\/kt.gov.rs\/sq\/konkursi-per-serbine-e-jugut-afati-21-07-2019\/"},"wordCount":595,"publisher":{"@id":"https:\/\/kt.gov.rs\/#organization"},"image":{"@id":"https:\/\/kt.gov.rs\/sq\/konkursi-per-serbine-e-jugut-afati-21-07-2019\/#primaryimage"},"thumbnailUrl":"https:\/\/kt.gov.rs\/wp-content\/uploads\/2024\/07\/1562231382_040719_1-5.jpg","articleSection":["Lajme"],"inLanguage":"sq-AL"},{"@type":"WebPage","@id":"https:\/\/kt.gov.rs\/sq\/konkursi-per-serbine-e-jugut-afati-21-07-2019\/","url":"https:\/\/kt.gov.rs\/sq\/konkursi-per-serbine-e-jugut-afati-21-07-2019\/","name":"KONKURSI P\u00cbR SERBIN\u00cb E JUGUT (AFATI: 21.07.2019) - Republika e S\u00ebrbis\u00eb Trupi Koordinues p\u00ebr komunat Bujanoc, Preshev\u00eb dhe Medvegj\u00eb","isPartOf":{"@id":"https:\/\/kt.gov.rs\/#website"},"primaryImageOfPage":{"@id":"https:\/\/kt.gov.rs\/sq\/konkursi-per-serbine-e-jugut-afati-21-07-2019\/#primaryimage"},"image":{"@id":"https:\/\/kt.gov.rs\/sq\/konkursi-per-serbine-e-jugut-afati-21-07-2019\/#primaryimage"},"thumbnailUrl":"https:\/\/kt.gov.rs\/wp-content\/uploads\/2024\/07\/1562231382_040719_1-5.jpg","datePublished":"2019-07-04T00:00:00+00:00","dateModified":"2024-07-30T19:03:39+00:00","breadcrumb":{"@id":"https:\/\/kt.gov.rs\/sq\/konkursi-per-serbine-e-jugut-afati-21-07-2019\/#breadcrumb"},"inLanguage":"sq-AL","potentialAction":[{"@type":"ReadAction","target":["https:\/\/kt.gov.rs\/sq\/konkursi-per-serbine-e-jugut-afati-21-07-2019\/"]}]},{"@type":"ImageObject","inLanguage":"sq-AL","@id":"https:\/\/kt.gov.rs\/sq\/konkursi-per-serbine-e-jugut-afati-21-07-2019\/#primaryimage","url":"https:\/\/kt.gov.rs\/wp-content\/uploads\/2024\/07\/1562231382_040719_1-5.jpg","contentUrl":"https:\/\/kt.gov.rs\/wp-content\/uploads\/2024\/07\/1562231382_040719_1-5.jpg","width":315,"height":230},{"@type":"BreadcrumbList","@id":"https:\/\/kt.gov.rs\/sq\/konkursi-per-serbine-e-jugut-afati-21-07-2019\/#breadcrumb","itemListElement":[{"@type":"ListItem","position":1,"name":"\u041f\u043e\u0447\u0435\u0442\u043d\u0430","item":"https:\/\/kt.gov.rs\/sq\/"},{"@type":"ListItem","position":2,"name":"KONKURSI P\u00cbR SERBIN\u00cb E JUGUT (AFATI: 21.07.2019)"}]},{"@type":"WebSite","@id":"https:\/\/kt.gov.rs\/#website","url":"https:\/\/kt.gov.rs\/","name":"\u041a\u043e\u043e\u0440\u0434\u0438\u043d\u0430\u0446\u0438\u043e\u043d\u043e \u0442\u0435\u043b\u043e \u0412\u043b\u0430\u0434\u0435 \u0420\u0435\u043f\u0443\u0431\u043b\u0438\u043a\u0435 \u0421\u0440\u0431\u0438\u0458\u0435 \u0437\u0430 \u043e\u043f\u0448\u0442\u0438\u043d\u0435 \u041f\u0440\u0435\u0448\u0435\u0432\u043e, \u0411\u0443\u0458\u0430\u043d\u043e\u0432\u0430\u0446 \u0438 \u041c\u0435\u0434\u0432\u0435\u0452a","description":"","publisher":{"@id":"https:\/\/kt.gov.rs\/#organization"},"alternateName":"\u041a\u043e\u043e\u0440\u0434\u0438\u043d\u0430\u0446\u0438\u043e\u043d\u043e \u0442\u0435\u043b\u043e","potentialAction":[{"@type":"SearchAction","target":{"@type":"EntryPoint","urlTemplate":"https:\/\/kt.gov.rs\/?s={search_term_string}"},"query-input":{"@type":"PropertyValueSpecification","valueRequired":true,"valueName":"search_term_string"}}],"inLanguage":"sq-AL"},{"@type":"Organization","@id":"https:\/\/kt.gov.rs\/#organization","name":"\u041a\u043e\u043e\u0440\u0434\u0438\u043d\u0430\u0446\u0438\u043e\u043d\u043e \u0442\u0435\u043b\u043e \u0412\u043b\u0430\u0434\u0435 \u0420\u0435\u043f\u0443\u0431\u043b\u0438\u043a\u0435 \u0421\u0440\u0431\u0438\u0458\u0435 \u0437\u0430 \u043e\u043f\u0448\u0442\u0438\u043d\u0435 \u041f\u0440\u0435\u0448\u0435\u0432\u043e, \u0411\u0443\u0458\u0430\u043d\u043e\u0432\u0430\u0446 \u0438 \u041c\u0435\u0434\u0432\u0435\u0452a","alternateName":"\u041a\u043e\u043e\u0440\u0434\u0438\u043d\u0430\u0446\u0438\u043e\u043d\u043e \u0442\u0435\u043b\u043e","url":"https:\/\/kt.gov.rs\/","logo":{"@type":"ImageObject","inLanguage":"sq-AL","@id":"https:\/\/kt.gov.rs\/#\/schema\/logo\/image\/","url":"https:\/\/kt.gov.rs\/wp-content\/uploads\/2024\/12\/koord2.jpg","contentUrl":"https:\/\/kt.gov.rs\/wp-content\/uploads\/2024\/12\/koord2.jpg","width":640,"height":480,"caption":"\u041a\u043e\u043e\u0440\u0434\u0438\u043d\u0430\u0446\u0438\u043e\u043d\u043e \u0442\u0435\u043b\u043e \u0412\u043b\u0430\u0434\u0435 \u0420\u0435\u043f\u0443\u0431\u043b\u0438\u043a\u0435 \u0421\u0440\u0431\u0438\u0458\u0435 \u0437\u0430 \u043e\u043f\u0448\u0442\u0438\u043d\u0435 \u041f\u0440\u0435\u0448\u0435\u0432\u043e, \u0411\u0443\u0458\u0430\u043d\u043e\u0432\u0430\u0446 \u0438 \u041c\u0435\u0434\u0432\u0435\u0452a"},"image":{"@id":"https:\/\/kt.gov.rs\/#\/schema\/logo\/image\/"},"sameAs":["https:\/\/www.facebook.com\/SluzbaKoordinacionogTelaVladeRepublikeSrbije","https:\/\/x.com\/kt_gov","https:\/\/www.youtube.com\/@koordinacionotelo"]},{"@type":"Person","@id":"https:\/\/kt.gov.rs\/#\/schema\/person\/e426459ddb4173309103390602694571","name":"ktmin","image":{"@type":"ImageObject","inLanguage":"sq-AL","@id":"https:\/\/secure.gravatar.com\/avatar\/3985c961109853010c3fbc7ba30365bfba5db3dd6c525831d9c595c7525a615a?s=96&d=mm&r=g","url":"https:\/\/secure.gravatar.com\/avatar\/3985c961109853010c3fbc7ba30365bfba5db3dd6c525831d9c595c7525a615a?s=96&d=mm&r=g","contentUrl":"https:\/\/secure.gravatar.com\/avatar\/3985c961109853010c3fbc7ba30365bfba5db3dd6c525831d9c595c7525a615a?s=96&d=mm&r=g","caption":"ktmin"},"sameAs":["https:\/\/kt.gov.rs"],"url":"https:\/\/kt.gov.rs\/sq\/author\/ktmin\/"}]}},"_links":{"self":[{"href":"https:\/\/kt.gov.rs\/sq\/wp-json\/wp\/v2\/posts\/117115","targetHints":{"allow":["GET"]}}],"collection":[{"href":"https:\/\/kt.gov.rs\/sq\/wp-json\/wp\/v2\/posts"}],"about":[{"href":"https:\/\/kt.gov.rs\/sq\/wp-json\/wp\/v2\/types\/post"}],"author":[{"embeddable":true,"href":"https:\/\/kt.gov.rs\/sq\/wp-json\/wp\/v2\/users\/1"}],"replies":[{"embeddable":true,"href":"https:\/\/kt.gov.rs\/sq\/wp-json\/wp\/v2\/comments?post=117115"}],"version-history":[{"count":1,"href":"https:\/\/kt.gov.rs\/sq\/wp-json\/wp\/v2\/posts\/117115\/revisions"}],"predecessor-version":[{"id":117119,"href":"https:\/\/kt.gov.rs\/sq\/wp-json\/wp\/v2\/posts\/117115\/revisions\/117119"}],"wp:featuredmedia":[{"embeddable":true,"href":"https:\/\/kt.gov.rs\/sq\/wp-json\/wp\/v2\/media\/117120"}],"wp:attachment":[{"href":"https:\/\/kt.gov.rs\/sq\/wp-json\/wp\/v2\/media?parent=117115"}],"wp:term":[{"taxonomy":"category","embeddable":true,"href":"https:\/\/kt.gov.rs\/sq\/wp-json\/wp\/v2\/categories?post=117115"},{"taxonomy":"post_tag","embeddable":true,"href":"https:\/\/kt.gov.rs\/sq\/wp-json\/wp\/v2\/tags?post=117115"}],"curies":[{"name":"wp","href":"https:\/\/api.w.org\/{rel}","templated":true}]}}