{"id":116987,"date":"2019-07-17T00:00:00","date_gmt":"2019-07-17T00:00:00","guid":{"rendered":"http:\/\/kt.printandscreen.rs\/ftese-publike-per-sigurimin-e-mjeteve-per-blerjen-e-mjeteve-dhe-pajisjve-te-reja-ne-blegtori\/"},"modified":"2024-07-30T19:03:25","modified_gmt":"2024-07-30T19:03:25","slug":"ftese-publike-per-sigurimin-e-mjeteve-per-blerjen-e-mjeteve-dhe-pajisjve-te-reja-ne-blegtori","status":"publish","type":"post","link":"https:\/\/kt.gov.rs\/sq\/ftese-publike-per-sigurimin-e-mjeteve-per-blerjen-e-mjeteve-dhe-pajisjve-te-reja-ne-blegtori\/","title":{"rendered":"FTES\u00cb PUBLIKE P\u00cbR SIGURIMIN E MJETEVE P\u00cbR BLERJEN E MJETEVE DHE PAJISJVE T\u00cb REJA N\u00cb BLEGTORI"},"content":{"rendered":"<p>\n\t<img decoding=\"async\" alt=\"\" src=\"https:\/\/kt.gov.rs\/wp-content\/uploads\/2024\/07\/1563352844_170719_2-4.jpg\" style=\"width: 315px; height: 230px; float: left;\" \/>Ministria e bujq\u00ebsis\u00eb, pylltaris\u00eb dhe menaxhimit t\u00eb uj\u00ebrave, Administrata p\u00ebr pagesat bujq\u00ebsore, ka shpallur ftes\u00eb publik p\u00ebr paraqitjen e k\u00ebrkes\u00ebs p\u00ebr ushtrimin e t\u00eb drejt\u00ebs p\u00ebr nxitje p\u00ebr investime n\u00eb pron\u00ebn fizike t\u00eb nj\u00ebsis\u00eb bujq\u00ebsore p\u00ebr blerjen e makinerive dhe pajisjeve t\u00eb reja p\u00ebr p\u00ebrmir\u00ebsimin e prodhimit primar bujq\u00ebsor n\u00eb blegtorin\u00eb n\u00eb vitin 2019.<\/p>\n<p>\n\tMjet\u00ebt p\u00ebrfshijn\u00eb nxitje p\u00ebr investime n\u00eb blerjen e makinerive dhe pajisjeve t\u00eb reja p\u00ebr p\u00ebrgatitjen, shp\u00ebrndarjen dhe ruajtjen e ushqimit t\u00eb koncentruar\u00a0 t\u00eb kafsh\u00ebve; p\u00ebr manipulimin dhe shp\u00ebrndarjen e plehut t\u00eb ngurt\u00eb, gjysm\u00eb t\u00eb l\u00ebngsh\u00ebm dhe t\u00eb l\u00ebng\u00ebt; p\u00ebr matjen, drejtimin dhe kufizimin e kafsh\u00ebve; prodhimin e vez\u00ebve dhe\u00a0 p\u00ebr bletari.<\/p>\n<p>\n\tProcedura p\u00ebr ushtrimin e t\u00eb drejt\u00ebs p\u00ebr mjete fillohet me paraqitjen e k\u00ebrkes\u00ebs p\u00ebr ushtrimin e t\u00eb drejt\u00ebs p\u00ebr nxitje p\u00ebr investime n\u00eb pron\u00ebn fizike t\u00eb ekonomive bujq\u00ebsore p\u00ebr blerjen e makinerive dhe pajisjeve t\u00eb reja p\u00ebr p\u00ebrmir\u00ebsimin e prodhimit primar t\u00eb kulturave bimore n\u00eb vitin 2019 n\u00eb periudh\u00ebn prej 10 korrikut deri m\u00eb 30 gusht 2019 p\u00ebr mes\u00a0 zyr\u00ebs\u00a0 administrative t\u00eb organeve republikane t\u00eb administrat\u00ebs n\u00eb Beograd, rruga Nemanjina nr. 22-26, Beograd, ose me post\u00eb n\u00eb: Ministria e bujq\u00ebsis\u00eb, pylltaris\u00eb dhe menaxhimit t\u00eb uj\u00ebrave \u2013 Administrata p\u00ebr pagesat agrare Bulevari kralja Aleksandra nr. 84, 11050 Beograd.<\/p>\n<p>\n\tMjetet do t\u00eb p\u00ebrcaktohen n\u00eb shum\u00ebn prej 50% nga vlera e investim\u00ebve t\u00eb pranueshme t\u00eb zvog\u00ebluar nga shuma e mjet\u00ebve n\u00eb em\u00ebr t\u00eb tatimit n\u00eb vler\u00eb shtes\u00eb, gjejg\u00ebsisht n\u00eb shum\u00ebn prej 65% nga kjo vler\u00eb n\u00eb hapsirat me kushte t\u00eb v\u00ebshtira p\u00ebr pun\u00eb bujq\u00ebsore.<\/p>\n<p>\n\tP\u00ebr realizimin e t\u00eb drejt\u00ebs p\u00ebr mjete dhe p\u00ebr pages\u00ebn e mjeteve p\u00ebr investimet e realizuara, p\u00ebrcaktohet shuma e p\u00ebrgjithshme prej 420.000.000 dinar\u00eb.<\/p>\n<p>\n\tShuma totale maksimale e mjeteve q\u00eb p\u00ebrdoruesi\u00a0 mund t\u00eb realizoj n\u00eb nj\u00eb vit kalendarik \u00ebsht\u00eb 1,500,000 dinar\u00eb, me p\u00ebrjashtim t\u00eb mjeteve p\u00ebr investime n\u00eb blerjen e makinerive dhe pajisjeve t\u00eb reja p\u00ebr prodhimin e vez\u00ebve\u00a0 p\u00ebr t\u00eb cilat shuma m\u00eb e lart\u00eb e mjeteve q\u00eb nj\u00eb p\u00ebrdorues mund t\u00eb realizoj\u00eb n\u00eb nj\u00eb vit kalendarik \u00ebsht\u00eb 3.000.000 dinar\u00eb.<\/p>\n<p>\n\tInformacionet mbi ftes\u00ebn publike mund\u00eb ti merni n\u00eb\u00a0 Qendr\u00ebn e informacionit t\u00eb Ministris\u00eb s\u00eb bujq\u00ebsis\u00eb, pylltaris\u00eb dhe menaxhimit t\u00eb uj\u00ebrave: 011 \/ 260-79-60 ose 011 \/ 260-79-61, si dhe Qendr\u00ebn e kontaktit t\u00eb drejtoris\u00eb p\u00ebr pagesat bujq\u00ebsore 011 \/ 30-20-100 ose 011 \/ 30-20-101, \u00e7do dit\u00eb pune nga ora 7.30 deri n\u00eb or\u00ebn 15.30.<\/p>\n<p>\n\tTekstin e konkursit\u00a0 dhe formularin mundi ti marni n\u00eb <a href=\"http:\/\/uap.gov.rs\/pravilnici\/mere-ruralnog-razvoja\/pravilnik-o-podsticajima-za-investicije-u-fizicku-imovinu-poljoprivrednog-gazdinstva-za-nabavku-novih-masina-i-opreme-za-unapredjenje-primarne-poljoprivredne-proizvodnje-u-stocarstvu\/?lang=lat\">http:\/\/uap.gov.rs\/pravilnici\/mere-ruralnog-razvoja\/pravilnik-o-podsticajima-za-investicije-u-fizicku-imovinu-poljoprivrednog-gazdinstva-za-nabavku-novih-masina-i-opreme-za-unapredjenje-primarne-poljoprivredne-proizvodnje-u-stocarstvu\/?lang=lat<\/a><\/p>\n<p>\n\tK\u00ebrkesat p\u00eb mjete paraqiten p\u00ebr gjat\u00eb afatit kohor nga 10 korriku deri m\u00eb 30 gusht t\u00eb vitit 2019<\/p>\n<p>\n\t<strong>Burimi:Subvencione n\u00eb bujq\u00ebsi dhe Trupi koordinues<\/strong><\/p>\n<p>\n\t\u00a0<\/p>\n","protected":false},"excerpt":{"rendered":"<p>Ministria e bujq\u00ebsis\u00eb, pylltaris\u00eb dhe menaxhimit t\u00eb uj\u00ebrave, Administrata p\u00ebr pagesat bujq\u00ebsore, ka shpallur ftes\u00eb publik p\u00ebr paraqitjen e k\u00ebrkes\u00ebs p\u00ebr ushtrimin e t\u00eb drejt\u00ebs p\u00ebr nxitje p\u00ebr investime n\u00eb pron\u00ebn fizike t\u00eb nj\u00ebsis\u00eb bujq\u00ebsore p\u00ebr blerjen e makinerive\u2026<\/p>\n","protected":false},"author":1,"featured_media":116992,"comment_status":"closed","ping_status":"closed","sticky":false,"template":"","format":"standard","meta":{"footnotes":""},"categories":[55],"tags":[],"class_list":["post-116987","post","type-post","status-publish","format-standard","has-post-thumbnail","hentry","category-lajme"],"yoast_head":"<!-- This site is optimized with the Yoast SEO plugin v27.5 - https:\/\/yoast.com\/product\/yoast-seo-wordpress\/ -->\n<title>FTES\u00cb PUBLIKE P\u00cbR SIGURIMIN E MJETEVE P\u00cbR BLERJEN E MJETEVE DHE PAJISJVE T\u00cb REJA N\u00cb BLEGTORI - Republika e S\u00ebrbis\u00eb Trupi Koordinues p\u00ebr komunat Bujanoc, Preshev\u00eb dhe Medvegj\u00eb<\/title>\n<meta name=\"robots\" content=\"index, follow, max-snippet:-1, max-image-preview:large, max-video-preview:-1\" \/>\n<link rel=\"canonical\" href=\"https:\/\/kt.gov.rs\/sq\/ftese-publike-per-sigurimin-e-mjeteve-per-blerjen-e-mjeteve-dhe-pajisjve-te-reja-ne-blegtori\/\" \/>\n<meta property=\"og:locale\" content=\"sq_AL\" \/>\n<meta property=\"og:type\" content=\"article\" \/>\n<meta property=\"og:title\" content=\"FTES\u00cb PUBLIKE P\u00cbR SIGURIMIN E MJETEVE P\u00cbR BLERJEN E MJETEVE DHE PAJISJVE T\u00cb REJA N\u00cb BLEGTORI - Republika e S\u00ebrbis\u00eb Trupi Koordinues p\u00ebr komunat Bujanoc, Preshev\u00eb dhe Medvegj\u00eb\" \/>\n<meta property=\"og:description\" content=\"Ministria e bujq\u00ebsis\u00eb, pylltaris\u00eb dhe menaxhimit t\u00eb uj\u00ebrave, Administrata p\u00ebr pagesat bujq\u00ebsore, ka shpallur ftes\u00eb publik p\u00ebr paraqitjen e k\u00ebrkes\u00ebs p\u00ebr ushtrimin e t\u00eb drejt\u00ebs p\u00ebr nxitje p\u00ebr investime n\u00eb pron\u00ebn fizike t\u00eb nj\u00ebsis\u00eb bujq\u00ebsore p\u00ebr blerjen e makinerive...\" \/>\n<meta property=\"og:url\" content=\"https:\/\/kt.gov.rs\/sq\/ftese-publike-per-sigurimin-e-mjeteve-per-blerjen-e-mjeteve-dhe-pajisjve-te-reja-ne-blegtori\/\" \/>\n<meta property=\"og:site_name\" content=\"Republika e S\u00ebrbis\u00eb Trupi Koordinues p\u00ebr komunat Bujanoc, Preshev\u00eb dhe Medvegj\u00eb\" \/>\n<meta property=\"article:publisher\" content=\"https:\/\/www.facebook.com\/SluzbaKoordinacionogTelaVladeRepublikeSrbije\" \/>\n<meta property=\"article:published_time\" content=\"2019-07-17T00:00:00+00:00\" \/>\n<meta property=\"article:modified_time\" content=\"2024-07-30T19:03:25+00:00\" \/>\n<meta property=\"og:image\" content=\"https:\/\/kt.gov.rs\/wp-content\/uploads\/2024\/07\/1563352844_170719_2-5.jpg\" \/>\n\t<meta property=\"og:image:width\" content=\"315\" \/>\n\t<meta property=\"og:image:height\" content=\"230\" \/>\n\t<meta property=\"og:image:type\" content=\"image\/jpeg\" \/>\n<meta name=\"author\" content=\"ktmin\" \/>\n<meta name=\"twitter:card\" content=\"summary_large_image\" \/>\n<meta name=\"twitter:creator\" content=\"@kt_gov\" \/>\n<meta name=\"twitter:site\" content=\"@kt_gov\" \/>\n<meta name=\"twitter:label1\" content=\"Written by\" \/>\n\t<meta name=\"twitter:data1\" content=\"ktmin\" \/>\n\t<meta name=\"twitter:label2\" content=\"Est. reading time\" \/>\n\t<meta name=\"twitter:data2\" content=\"3 minutes\" \/>\n<script type=\"application\/ld+json\" class=\"yoast-schema-graph\">{\"@context\":\"https:\\\/\\\/schema.org\",\"@graph\":[{\"@type\":\"Article\",\"@id\":\"https:\\\/\\\/kt.gov.rs\\\/sq\\\/ftese-publike-per-sigurimin-e-mjeteve-per-blerjen-e-mjeteve-dhe-pajisjve-te-reja-ne-blegtori\\\/#article\",\"isPartOf\":{\"@id\":\"https:\\\/\\\/kt.gov.rs\\\/sq\\\/ftese-publike-per-sigurimin-e-mjeteve-per-blerjen-e-mjeteve-dhe-pajisjve-te-reja-ne-blegtori\\\/\"},\"author\":{\"name\":\"ktmin\",\"@id\":\"https:\\\/\\\/kt.gov.rs\\\/#\\\/schema\\\/person\\\/e426459ddb4173309103390602694571\"},\"headline\":\"FTES\u00cb PUBLIKE P\u00cbR SIGURIMIN E MJETEVE P\u00cbR BLERJEN E MJETEVE DHE PAJISJVE T\u00cb REJA N\u00cb BLEGTORI\",\"datePublished\":\"2019-07-17T00:00:00+00:00\",\"dateModified\":\"2024-07-30T19:03:25+00:00\",\"mainEntityOfPage\":{\"@id\":\"https:\\\/\\\/kt.gov.rs\\\/sq\\\/ftese-publike-per-sigurimin-e-mjeteve-per-blerjen-e-mjeteve-dhe-pajisjve-te-reja-ne-blegtori\\\/\"},\"wordCount\":715,\"publisher\":{\"@id\":\"https:\\\/\\\/kt.gov.rs\\\/#organization\"},\"image\":{\"@id\":\"https:\\\/\\\/kt.gov.rs\\\/sq\\\/ftese-publike-per-sigurimin-e-mjeteve-per-blerjen-e-mjeteve-dhe-pajisjve-te-reja-ne-blegtori\\\/#primaryimage\"},\"thumbnailUrl\":\"https:\\\/\\\/kt.gov.rs\\\/wp-content\\\/uploads\\\/2024\\\/07\\\/1563352844_170719_2-5.jpg\",\"articleSection\":[\"Lajme\"],\"inLanguage\":\"sq-AL\"},{\"@type\":\"WebPage\",\"@id\":\"https:\\\/\\\/kt.gov.rs\\\/sq\\\/ftese-publike-per-sigurimin-e-mjeteve-per-blerjen-e-mjeteve-dhe-pajisjve-te-reja-ne-blegtori\\\/\",\"url\":\"https:\\\/\\\/kt.gov.rs\\\/sq\\\/ftese-publike-per-sigurimin-e-mjeteve-per-blerjen-e-mjeteve-dhe-pajisjve-te-reja-ne-blegtori\\\/\",\"name\":\"FTES\u00cb PUBLIKE P\u00cbR SIGURIMIN E MJETEVE P\u00cbR BLERJEN E MJETEVE DHE PAJISJVE T\u00cb REJA N\u00cb BLEGTORI - Republika e S\u00ebrbis\u00eb Trupi Koordinues p\u00ebr komunat Bujanoc, Preshev\u00eb dhe Medvegj\u00eb\",\"isPartOf\":{\"@id\":\"https:\\\/\\\/kt.gov.rs\\\/#website\"},\"primaryImageOfPage\":{\"@id\":\"https:\\\/\\\/kt.gov.rs\\\/sq\\\/ftese-publike-per-sigurimin-e-mjeteve-per-blerjen-e-mjeteve-dhe-pajisjve-te-reja-ne-blegtori\\\/#primaryimage\"},\"image\":{\"@id\":\"https:\\\/\\\/kt.gov.rs\\\/sq\\\/ftese-publike-per-sigurimin-e-mjeteve-per-blerjen-e-mjeteve-dhe-pajisjve-te-reja-ne-blegtori\\\/#primaryimage\"},\"thumbnailUrl\":\"https:\\\/\\\/kt.gov.rs\\\/wp-content\\\/uploads\\\/2024\\\/07\\\/1563352844_170719_2-5.jpg\",\"datePublished\":\"2019-07-17T00:00:00+00:00\",\"dateModified\":\"2024-07-30T19:03:25+00:00\",\"breadcrumb\":{\"@id\":\"https:\\\/\\\/kt.gov.rs\\\/sq\\\/ftese-publike-per-sigurimin-e-mjeteve-per-blerjen-e-mjeteve-dhe-pajisjve-te-reja-ne-blegtori\\\/#breadcrumb\"},\"inLanguage\":\"sq-AL\",\"potentialAction\":[{\"@type\":\"ReadAction\",\"target\":[\"https:\\\/\\\/kt.gov.rs\\\/sq\\\/ftese-publike-per-sigurimin-e-mjeteve-per-blerjen-e-mjeteve-dhe-pajisjve-te-reja-ne-blegtori\\\/\"]}]},{\"@type\":\"ImageObject\",\"inLanguage\":\"sq-AL\",\"@id\":\"https:\\\/\\\/kt.gov.rs\\\/sq\\\/ftese-publike-per-sigurimin-e-mjeteve-per-blerjen-e-mjeteve-dhe-pajisjve-te-reja-ne-blegtori\\\/#primaryimage\",\"url\":\"https:\\\/\\\/kt.gov.rs\\\/wp-content\\\/uploads\\\/2024\\\/07\\\/1563352844_170719_2-5.jpg\",\"contentUrl\":\"https:\\\/\\\/kt.gov.rs\\\/wp-content\\\/uploads\\\/2024\\\/07\\\/1563352844_170719_2-5.jpg\",\"width\":315,\"height\":230},{\"@type\":\"BreadcrumbList\",\"@id\":\"https:\\\/\\\/kt.gov.rs\\\/sq\\\/ftese-publike-per-sigurimin-e-mjeteve-per-blerjen-e-mjeteve-dhe-pajisjve-te-reja-ne-blegtori\\\/#breadcrumb\",\"itemListElement\":[{\"@type\":\"ListItem\",\"position\":1,\"name\":\"\u041f\u043e\u0447\u0435\u0442\u043d\u0430\",\"item\":\"https:\\\/\\\/kt.gov.rs\\\/sq\\\/\"},{\"@type\":\"ListItem\",\"position\":2,\"name\":\"FTES\u00cb PUBLIKE P\u00cbR SIGURIMIN E MJETEVE P\u00cbR BLERJEN E MJETEVE DHE PAJISJVE T\u00cb REJA N\u00cb BLEGTORI\"}]},{\"@type\":\"WebSite\",\"@id\":\"https:\\\/\\\/kt.gov.rs\\\/#website\",\"url\":\"https:\\\/\\\/kt.gov.rs\\\/\",\"name\":\"\u041a\u043e\u043e\u0440\u0434\u0438\u043d\u0430\u0446\u0438\u043e\u043d\u043e \u0442\u0435\u043b\u043e \u0412\u043b\u0430\u0434\u0435 \u0420\u0435\u043f\u0443\u0431\u043b\u0438\u043a\u0435 \u0421\u0440\u0431\u0438\u0458\u0435 \u0437\u0430 \u043e\u043f\u0448\u0442\u0438\u043d\u0435 \u041f\u0440\u0435\u0448\u0435\u0432\u043e, \u0411\u0443\u0458\u0430\u043d\u043e\u0432\u0430\u0446 \u0438 \u041c\u0435\u0434\u0432\u0435\u0452a\",\"description\":\"\",\"publisher\":{\"@id\":\"https:\\\/\\\/kt.gov.rs\\\/#organization\"},\"alternateName\":\"\u041a\u043e\u043e\u0440\u0434\u0438\u043d\u0430\u0446\u0438\u043e\u043d\u043e \u0442\u0435\u043b\u043e\",\"potentialAction\":[{\"@type\":\"SearchAction\",\"target\":{\"@type\":\"EntryPoint\",\"urlTemplate\":\"https:\\\/\\\/kt.gov.rs\\\/?s={search_term_string}\"},\"query-input\":{\"@type\":\"PropertyValueSpecification\",\"valueRequired\":true,\"valueName\":\"search_term_string\"}}],\"inLanguage\":\"sq-AL\"},{\"@type\":\"Organization\",\"@id\":\"https:\\\/\\\/kt.gov.rs\\\/#organization\",\"name\":\"\u041a\u043e\u043e\u0440\u0434\u0438\u043d\u0430\u0446\u0438\u043e\u043d\u043e \u0442\u0435\u043b\u043e \u0412\u043b\u0430\u0434\u0435 \u0420\u0435\u043f\u0443\u0431\u043b\u0438\u043a\u0435 \u0421\u0440\u0431\u0438\u0458\u0435 \u0437\u0430 \u043e\u043f\u0448\u0442\u0438\u043d\u0435 \u041f\u0440\u0435\u0448\u0435\u0432\u043e, \u0411\u0443\u0458\u0430\u043d\u043e\u0432\u0430\u0446 \u0438 \u041c\u0435\u0434\u0432\u0435\u0452a\",\"alternateName\":\"\u041a\u043e\u043e\u0440\u0434\u0438\u043d\u0430\u0446\u0438\u043e\u043d\u043e \u0442\u0435\u043b\u043e\",\"url\":\"https:\\\/\\\/kt.gov.rs\\\/\",\"logo\":{\"@type\":\"ImageObject\",\"inLanguage\":\"sq-AL\",\"@id\":\"https:\\\/\\\/kt.gov.rs\\\/#\\\/schema\\\/logo\\\/image\\\/\",\"url\":\"https:\\\/\\\/kt.gov.rs\\\/wp-content\\\/uploads\\\/2024\\\/12\\\/koord2.jpg\",\"contentUrl\":\"https:\\\/\\\/kt.gov.rs\\\/wp-content\\\/uploads\\\/2024\\\/12\\\/koord2.jpg\",\"width\":640,\"height\":480,\"caption\":\"\u041a\u043e\u043e\u0440\u0434\u0438\u043d\u0430\u0446\u0438\u043e\u043d\u043e \u0442\u0435\u043b\u043e \u0412\u043b\u0430\u0434\u0435 \u0420\u0435\u043f\u0443\u0431\u043b\u0438\u043a\u0435 \u0421\u0440\u0431\u0438\u0458\u0435 \u0437\u0430 \u043e\u043f\u0448\u0442\u0438\u043d\u0435 \u041f\u0440\u0435\u0448\u0435\u0432\u043e, \u0411\u0443\u0458\u0430\u043d\u043e\u0432\u0430\u0446 \u0438 \u041c\u0435\u0434\u0432\u0435\u0452a\"},\"image\":{\"@id\":\"https:\\\/\\\/kt.gov.rs\\\/#\\\/schema\\\/logo\\\/image\\\/\"},\"sameAs\":[\"https:\\\/\\\/www.facebook.com\\\/SluzbaKoordinacionogTelaVladeRepublikeSrbije\",\"https:\\\/\\\/x.com\\\/kt_gov\",\"https:\\\/\\\/www.youtube.com\\\/@koordinacionotelo\"]},{\"@type\":\"Person\",\"@id\":\"https:\\\/\\\/kt.gov.rs\\\/#\\\/schema\\\/person\\\/e426459ddb4173309103390602694571\",\"name\":\"ktmin\",\"image\":{\"@type\":\"ImageObject\",\"inLanguage\":\"sq-AL\",\"@id\":\"https:\\\/\\\/secure.gravatar.com\\\/avatar\\\/3985c961109853010c3fbc7ba30365bfba5db3dd6c525831d9c595c7525a615a?s=96&d=mm&r=g\",\"url\":\"https:\\\/\\\/secure.gravatar.com\\\/avatar\\\/3985c961109853010c3fbc7ba30365bfba5db3dd6c525831d9c595c7525a615a?s=96&d=mm&r=g\",\"contentUrl\":\"https:\\\/\\\/secure.gravatar.com\\\/avatar\\\/3985c961109853010c3fbc7ba30365bfba5db3dd6c525831d9c595c7525a615a?s=96&d=mm&r=g\",\"caption\":\"ktmin\"},\"sameAs\":[\"https:\\\/\\\/kt.gov.rs\"],\"url\":\"https:\\\/\\\/kt.gov.rs\\\/sq\\\/author\\\/ktmin\\\/\"}]}<\/script>\n<!-- \/ Yoast SEO plugin. -->","yoast_head_json":{"title":"FTES\u00cb PUBLIKE P\u00cbR SIGURIMIN E MJETEVE P\u00cbR BLERJEN E MJETEVE DHE PAJISJVE T\u00cb REJA N\u00cb BLEGTORI - Republika e S\u00ebrbis\u00eb Trupi Koordinues p\u00ebr komunat Bujanoc, Preshev\u00eb dhe Medvegj\u00eb","robots":{"index":"index","follow":"follow","max-snippet":"max-snippet:-1","max-image-preview":"max-image-preview:large","max-video-preview":"max-video-preview:-1"},"canonical":"https:\/\/kt.gov.rs\/sq\/ftese-publike-per-sigurimin-e-mjeteve-per-blerjen-e-mjeteve-dhe-pajisjve-te-reja-ne-blegtori\/","og_locale":"sq_AL","og_type":"article","og_title":"FTES\u00cb PUBLIKE P\u00cbR SIGURIMIN E MJETEVE P\u00cbR BLERJEN E MJETEVE DHE PAJISJVE T\u00cb REJA N\u00cb BLEGTORI - Republika e S\u00ebrbis\u00eb Trupi Koordinues p\u00ebr komunat Bujanoc, Preshev\u00eb dhe Medvegj\u00eb","og_description":"Ministria e bujq\u00ebsis\u00eb, pylltaris\u00eb dhe menaxhimit t\u00eb uj\u00ebrave, Administrata p\u00ebr pagesat bujq\u00ebsore, ka shpallur ftes\u00eb publik p\u00ebr paraqitjen e k\u00ebrkes\u00ebs p\u00ebr ushtrimin e t\u00eb drejt\u00ebs p\u00ebr nxitje p\u00ebr investime n\u00eb pron\u00ebn fizike t\u00eb nj\u00ebsis\u00eb bujq\u00ebsore p\u00ebr blerjen e makinerive...","og_url":"https:\/\/kt.gov.rs\/sq\/ftese-publike-per-sigurimin-e-mjeteve-per-blerjen-e-mjeteve-dhe-pajisjve-te-reja-ne-blegtori\/","og_site_name":"Republika e S\u00ebrbis\u00eb Trupi Koordinues p\u00ebr komunat Bujanoc, Preshev\u00eb dhe Medvegj\u00eb","article_publisher":"https:\/\/www.facebook.com\/SluzbaKoordinacionogTelaVladeRepublikeSrbije","article_published_time":"2019-07-17T00:00:00+00:00","article_modified_time":"2024-07-30T19:03:25+00:00","og_image":[{"width":315,"height":230,"url":"https:\/\/kt.gov.rs\/wp-content\/uploads\/2024\/07\/1563352844_170719_2-5.jpg","type":"image\/jpeg"}],"author":"ktmin","twitter_card":"summary_large_image","twitter_creator":"@kt_gov","twitter_site":"@kt_gov","twitter_misc":{"Written by":"ktmin","Est. reading time":"3 minutes"},"schema":{"@context":"https:\/\/schema.org","@graph":[{"@type":"Article","@id":"https:\/\/kt.gov.rs\/sq\/ftese-publike-per-sigurimin-e-mjeteve-per-blerjen-e-mjeteve-dhe-pajisjve-te-reja-ne-blegtori\/#article","isPartOf":{"@id":"https:\/\/kt.gov.rs\/sq\/ftese-publike-per-sigurimin-e-mjeteve-per-blerjen-e-mjeteve-dhe-pajisjve-te-reja-ne-blegtori\/"},"author":{"name":"ktmin","@id":"https:\/\/kt.gov.rs\/#\/schema\/person\/e426459ddb4173309103390602694571"},"headline":"FTES\u00cb PUBLIKE P\u00cbR SIGURIMIN E MJETEVE P\u00cbR BLERJEN E MJETEVE DHE PAJISJVE T\u00cb REJA N\u00cb BLEGTORI","datePublished":"2019-07-17T00:00:00+00:00","dateModified":"2024-07-30T19:03:25+00:00","mainEntityOfPage":{"@id":"https:\/\/kt.gov.rs\/sq\/ftese-publike-per-sigurimin-e-mjeteve-per-blerjen-e-mjeteve-dhe-pajisjve-te-reja-ne-blegtori\/"},"wordCount":715,"publisher":{"@id":"https:\/\/kt.gov.rs\/#organization"},"image":{"@id":"https:\/\/kt.gov.rs\/sq\/ftese-publike-per-sigurimin-e-mjeteve-per-blerjen-e-mjeteve-dhe-pajisjve-te-reja-ne-blegtori\/#primaryimage"},"thumbnailUrl":"https:\/\/kt.gov.rs\/wp-content\/uploads\/2024\/07\/1563352844_170719_2-5.jpg","articleSection":["Lajme"],"inLanguage":"sq-AL"},{"@type":"WebPage","@id":"https:\/\/kt.gov.rs\/sq\/ftese-publike-per-sigurimin-e-mjeteve-per-blerjen-e-mjeteve-dhe-pajisjve-te-reja-ne-blegtori\/","url":"https:\/\/kt.gov.rs\/sq\/ftese-publike-per-sigurimin-e-mjeteve-per-blerjen-e-mjeteve-dhe-pajisjve-te-reja-ne-blegtori\/","name":"FTES\u00cb PUBLIKE P\u00cbR SIGURIMIN E MJETEVE P\u00cbR BLERJEN E MJETEVE DHE PAJISJVE T\u00cb REJA N\u00cb BLEGTORI - Republika e S\u00ebrbis\u00eb Trupi Koordinues p\u00ebr komunat Bujanoc, Preshev\u00eb dhe Medvegj\u00eb","isPartOf":{"@id":"https:\/\/kt.gov.rs\/#website"},"primaryImageOfPage":{"@id":"https:\/\/kt.gov.rs\/sq\/ftese-publike-per-sigurimin-e-mjeteve-per-blerjen-e-mjeteve-dhe-pajisjve-te-reja-ne-blegtori\/#primaryimage"},"image":{"@id":"https:\/\/kt.gov.rs\/sq\/ftese-publike-per-sigurimin-e-mjeteve-per-blerjen-e-mjeteve-dhe-pajisjve-te-reja-ne-blegtori\/#primaryimage"},"thumbnailUrl":"https:\/\/kt.gov.rs\/wp-content\/uploads\/2024\/07\/1563352844_170719_2-5.jpg","datePublished":"2019-07-17T00:00:00+00:00","dateModified":"2024-07-30T19:03:25+00:00","breadcrumb":{"@id":"https:\/\/kt.gov.rs\/sq\/ftese-publike-per-sigurimin-e-mjeteve-per-blerjen-e-mjeteve-dhe-pajisjve-te-reja-ne-blegtori\/#breadcrumb"},"inLanguage":"sq-AL","potentialAction":[{"@type":"ReadAction","target":["https:\/\/kt.gov.rs\/sq\/ftese-publike-per-sigurimin-e-mjeteve-per-blerjen-e-mjeteve-dhe-pajisjve-te-reja-ne-blegtori\/"]}]},{"@type":"ImageObject","inLanguage":"sq-AL","@id":"https:\/\/kt.gov.rs\/sq\/ftese-publike-per-sigurimin-e-mjeteve-per-blerjen-e-mjeteve-dhe-pajisjve-te-reja-ne-blegtori\/#primaryimage","url":"https:\/\/kt.gov.rs\/wp-content\/uploads\/2024\/07\/1563352844_170719_2-5.jpg","contentUrl":"https:\/\/kt.gov.rs\/wp-content\/uploads\/2024\/07\/1563352844_170719_2-5.jpg","width":315,"height":230},{"@type":"BreadcrumbList","@id":"https:\/\/kt.gov.rs\/sq\/ftese-publike-per-sigurimin-e-mjeteve-per-blerjen-e-mjeteve-dhe-pajisjve-te-reja-ne-blegtori\/#breadcrumb","itemListElement":[{"@type":"ListItem","position":1,"name":"\u041f\u043e\u0447\u0435\u0442\u043d\u0430","item":"https:\/\/kt.gov.rs\/sq\/"},{"@type":"ListItem","position":2,"name":"FTES\u00cb PUBLIKE P\u00cbR SIGURIMIN E MJETEVE P\u00cbR BLERJEN E MJETEVE DHE PAJISJVE T\u00cb REJA N\u00cb BLEGTORI"}]},{"@type":"WebSite","@id":"https:\/\/kt.gov.rs\/#website","url":"https:\/\/kt.gov.rs\/","name":"\u041a\u043e\u043e\u0440\u0434\u0438\u043d\u0430\u0446\u0438\u043e\u043d\u043e \u0442\u0435\u043b\u043e \u0412\u043b\u0430\u0434\u0435 \u0420\u0435\u043f\u0443\u0431\u043b\u0438\u043a\u0435 \u0421\u0440\u0431\u0438\u0458\u0435 \u0437\u0430 \u043e\u043f\u0448\u0442\u0438\u043d\u0435 \u041f\u0440\u0435\u0448\u0435\u0432\u043e, \u0411\u0443\u0458\u0430\u043d\u043e\u0432\u0430\u0446 \u0438 \u041c\u0435\u0434\u0432\u0435\u0452a","description":"","publisher":{"@id":"https:\/\/kt.gov.rs\/#organization"},"alternateName":"\u041a\u043e\u043e\u0440\u0434\u0438\u043d\u0430\u0446\u0438\u043e\u043d\u043e \u0442\u0435\u043b\u043e","potentialAction":[{"@type":"SearchAction","target":{"@type":"EntryPoint","urlTemplate":"https:\/\/kt.gov.rs\/?s={search_term_string}"},"query-input":{"@type":"PropertyValueSpecification","valueRequired":true,"valueName":"search_term_string"}}],"inLanguage":"sq-AL"},{"@type":"Organization","@id":"https:\/\/kt.gov.rs\/#organization","name":"\u041a\u043e\u043e\u0440\u0434\u0438\u043d\u0430\u0446\u0438\u043e\u043d\u043e \u0442\u0435\u043b\u043e \u0412\u043b\u0430\u0434\u0435 \u0420\u0435\u043f\u0443\u0431\u043b\u0438\u043a\u0435 \u0421\u0440\u0431\u0438\u0458\u0435 \u0437\u0430 \u043e\u043f\u0448\u0442\u0438\u043d\u0435 \u041f\u0440\u0435\u0448\u0435\u0432\u043e, \u0411\u0443\u0458\u0430\u043d\u043e\u0432\u0430\u0446 \u0438 \u041c\u0435\u0434\u0432\u0435\u0452a","alternateName":"\u041a\u043e\u043e\u0440\u0434\u0438\u043d\u0430\u0446\u0438\u043e\u043d\u043e \u0442\u0435\u043b\u043e","url":"https:\/\/kt.gov.rs\/","logo":{"@type":"ImageObject","inLanguage":"sq-AL","@id":"https:\/\/kt.gov.rs\/#\/schema\/logo\/image\/","url":"https:\/\/kt.gov.rs\/wp-content\/uploads\/2024\/12\/koord2.jpg","contentUrl":"https:\/\/kt.gov.rs\/wp-content\/uploads\/2024\/12\/koord2.jpg","width":640,"height":480,"caption":"\u041a\u043e\u043e\u0440\u0434\u0438\u043d\u0430\u0446\u0438\u043e\u043d\u043e \u0442\u0435\u043b\u043e \u0412\u043b\u0430\u0434\u0435 \u0420\u0435\u043f\u0443\u0431\u043b\u0438\u043a\u0435 \u0421\u0440\u0431\u0438\u0458\u0435 \u0437\u0430 \u043e\u043f\u0448\u0442\u0438\u043d\u0435 \u041f\u0440\u0435\u0448\u0435\u0432\u043e, \u0411\u0443\u0458\u0430\u043d\u043e\u0432\u0430\u0446 \u0438 \u041c\u0435\u0434\u0432\u0435\u0452a"},"image":{"@id":"https:\/\/kt.gov.rs\/#\/schema\/logo\/image\/"},"sameAs":["https:\/\/www.facebook.com\/SluzbaKoordinacionogTelaVladeRepublikeSrbije","https:\/\/x.com\/kt_gov","https:\/\/www.youtube.com\/@koordinacionotelo"]},{"@type":"Person","@id":"https:\/\/kt.gov.rs\/#\/schema\/person\/e426459ddb4173309103390602694571","name":"ktmin","image":{"@type":"ImageObject","inLanguage":"sq-AL","@id":"https:\/\/secure.gravatar.com\/avatar\/3985c961109853010c3fbc7ba30365bfba5db3dd6c525831d9c595c7525a615a?s=96&d=mm&r=g","url":"https:\/\/secure.gravatar.com\/avatar\/3985c961109853010c3fbc7ba30365bfba5db3dd6c525831d9c595c7525a615a?s=96&d=mm&r=g","contentUrl":"https:\/\/secure.gravatar.com\/avatar\/3985c961109853010c3fbc7ba30365bfba5db3dd6c525831d9c595c7525a615a?s=96&d=mm&r=g","caption":"ktmin"},"sameAs":["https:\/\/kt.gov.rs"],"url":"https:\/\/kt.gov.rs\/sq\/author\/ktmin\/"}]}},"_links":{"self":[{"href":"https:\/\/kt.gov.rs\/sq\/wp-json\/wp\/v2\/posts\/116987","targetHints":{"allow":["GET"]}}],"collection":[{"href":"https:\/\/kt.gov.rs\/sq\/wp-json\/wp\/v2\/posts"}],"about":[{"href":"https:\/\/kt.gov.rs\/sq\/wp-json\/wp\/v2\/types\/post"}],"author":[{"embeddable":true,"href":"https:\/\/kt.gov.rs\/sq\/wp-json\/wp\/v2\/users\/1"}],"replies":[{"embeddable":true,"href":"https:\/\/kt.gov.rs\/sq\/wp-json\/wp\/v2\/comments?post=116987"}],"version-history":[{"count":1,"href":"https:\/\/kt.gov.rs\/sq\/wp-json\/wp\/v2\/posts\/116987\/revisions"}],"predecessor-version":[{"id":116991,"href":"https:\/\/kt.gov.rs\/sq\/wp-json\/wp\/v2\/posts\/116987\/revisions\/116991"}],"wp:featuredmedia":[{"embeddable":true,"href":"https:\/\/kt.gov.rs\/sq\/wp-json\/wp\/v2\/media\/116992"}],"wp:attachment":[{"href":"https:\/\/kt.gov.rs\/sq\/wp-json\/wp\/v2\/media?parent=116987"}],"wp:term":[{"taxonomy":"category","embeddable":true,"href":"https:\/\/kt.gov.rs\/sq\/wp-json\/wp\/v2\/categories?post=116987"},{"taxonomy":"post_tag","embeddable":true,"href":"https:\/\/kt.gov.rs\/sq\/wp-json\/wp\/v2\/tags?post=116987"}],"curies":[{"name":"wp","href":"https:\/\/api.w.org\/{rel}","templated":true}]}}