{"id":116555,"date":"2019-08-14T00:00:00","date_gmt":"2019-08-14T00:00:00","guid":{"rendered":"http:\/\/kt.printandscreen.rs\/nga-sot-verifikimi-i-gjendjes-se-tatimin-ne-prone-permes-aplikacionit-mobil\/"},"modified":"2024-07-30T19:02:44","modified_gmt":"2024-07-30T19:02:44","slug":"nga-sot-verifikimi-i-gjendjes-se-tatimin-ne-prone-permes-aplikacionit-mobil","status":"publish","type":"post","link":"https:\/\/kt.gov.rs\/sq\/nga-sot-verifikimi-i-gjendjes-se-tatimin-ne-prone-permes-aplikacionit-mobil\/","title":{"rendered":"NGA SOT VERIFIKIMI I GJENDJES S\u00cb TATIMIN N\u00cb PRON\u00cb P\u00cbRMES APLIKACIONIT MOBIL"},"content":{"rendered":"<p>\n\t<img decoding=\"async\" alt=\"\" src=\"https:\/\/kt.gov.rs\/wp-content\/uploads\/2024\/07\/1565774359_140819_2-4.jpg\" style=\"width: 315px; height: 230px; float: left;\" \/>Drejtori i Zyr\u00ebs p\u00ebr Teknologji t\u00eb Informacionit dhe eUprav-\u00ebs s\u00eb Qeveris\u00eb s\u00eb Republik\u00ebs s\u00eb Serbis\u00eb, Mihailo Jovanoviq, njoftoi se, sot, p\u00ebrmes aplikacionit celular &quot;Moja LPA&quot; (administrata e taksave lokale), \u00ebsht\u00eb e mundur q\u00eb t\u00eb gjith\u00eb tatimpaguesit t\u00eb kryejn\u00eb verifikimin e centralizuar mbi gjendjen e taks\u00ebs s\u00eb pasuris\u00eb p\u00ebr t\u00eb gjith\u00eb vendin p\u00ebrmes telefon celular.<\/p>\n<p>\n\tJovanoviq shpjegoi se aplikacioni &quot;Moja LPA&quot; \u00ebsht\u00eb falas dhe \u00ebsht\u00eb n\u00eb dispozicion si p\u00ebr p\u00ebrdoruesit Android ashtu edhe p\u00ebr iOS.<\/p>\n<p>\n\tSipas tij, kjo \u00ebsht\u00eb aplikacioni i par\u00eb mobil q\u00eb zhvillohet dhe publikohet nga Zyra e Teknologjis\u00eb s\u00eb Informacionit dhe e-Qeveria dhe paraqet nj\u00eb lidhje tjet\u00ebr n\u00eb zbatimin e reform\u00ebs gjith\u00ebp\u00ebrfshir\u00ebse t\u00eb sistemit t\u00eb administrat\u00ebs publike n\u00eb sh\u00ebrbim efikas t\u00eb qytetar\u00ebve, por edhe hapi i par\u00eb n\u00eb zhvillimin e qeveris\u00eb.<\/p>\n<p>\n\tPlani yn\u00eb \u00ebsht\u00eb q\u00eb t\u00eb zhvillojm\u00eb dhe p\u00ebrmir\u00ebsojm\u00eb vazhdimisht aplikacionin, por edhe t\u00eb krijojm\u00eb nj\u00eb platform\u00eb p\u00ebrmes s\u00eb cil\u00ebs t\u00eb gjitha sh\u00ebrbimet e administrat\u00ebs publike do t\u00eb jen\u00eb t\u00eb arritshme p\u00ebrmes telefonit celular, shpjegoi ai.<\/p>\n<p>\n\tP\u00ebrmes aplikacionit t\u00eb p\u00ebrmendur celular, pyetja e statusit p\u00ebr tatimin n\u00eb pron\u00eb u mund\u00ebsua duke p\u00ebrdorur nj\u00eb em\u00ebr p\u00ebrdoruesi dhe fjal\u00ebkalim, dhe tatimpaguesi mund t\u00eb paraqes\u00eb personalisht k\u00ebrkes\u00ebn p\u00ebr emrin e p\u00ebrdoruesit dhe fjal\u00ebkalimin n\u00eb administrat\u00ebn kompetente t\u00eb taksave lokale (LPA).<\/p>\n<p>\n\tN\u00ebse nj\u00eb person \u00ebsht\u00eb nj\u00eb tatimpagues n\u00eb disa administrata tatimore lokale, \u00ebsht\u00eb e mjaftueshme t\u00eb hapni nj\u00eb llogari vet\u00ebm n\u00eb nj\u00eb. Rekomandimi p\u00ebr individ\u00ebt gjat\u00eb hapjes s\u00eb nj\u00eb llogarie \u00ebsht\u00eb q\u00eb t\u00eb kontaktojn\u00eb administrat\u00ebn tatimore vendore sipas vendbanimit, dhe personat juridik\u00eb sipas vendbanimit.<\/p>\n<p>\n\tFillimi i pun\u00ebs s\u00eb Portalit unik t\u00eb sistetmit informative t\u00eb administrat\u00ebs lokale t\u00eb lpa.gov.rs n\u00eb fillim t\u00eb k\u00ebtij viti u ka mund\u00ebsuar qytetar\u00ebve, bizneseve dhe shtetit q\u00eb t\u00eb klikojn\u00eb p\u00ebr t\u00eb marr\u00eb informacion mbi taksat e pasurive t\u00eb tyre dhe burimet e tjera publike, p\u00ebr t\u00eb paraqitur nj\u00eb vler\u00ebsim tatimor pron\u00eb e personave fizik\u00eb dhe juridik\u00eb, si dhe t\u00eb b\u00ebjn\u00eb pagesa elektronike t\u00eb detyrimeve t\u00eb b\u00ebra.<\/p>\n<p>\n\tLeht\u00ebsia e regjistrimit n\u00eb m\u00ebnyr\u00eb elektronike p\u00ebr t\u00eb p\u00ebrcaktuar taksat e pronave \u00ebsht\u00eb ve\u00e7an\u00ebrisht e r\u00ebnd\u00ebsishme p\u00ebr personat juridik\u00eb, pasi ata duhet t\u00eb p\u00ebrs\u00ebrisin k\u00ebt\u00eb proces \u00e7do vit.<\/p>\n<p>\n\tGjithashtu, fal\u00eb portalit LPA, qytetar\u00ebt tan\u00eb q\u00eb jetojn\u00eb jasht\u00eb mund t\u00eb kontrollojn\u00eb me leht\u00ebsi, shpejt dhe pa pages\u00eb detyrimet e tyre tatimore dhe t&#39;i shlyejn\u00eb ato nga kudo n\u00eb bot\u00eb.<\/p>\n<p>\n\tDeri m\u00eb tani, rreth 55,000 persona juridik\u00eb dhe 350 persona fizik\u00eb kan\u00eb p\u00ebrfunduar regjistrimin e pasurive p\u00ebrmes portalit t\u00eb LPA, nd\u00ebrsa numri i transaksioneve t\u00eb pagesave elektronike ka mb\u00ebrritur n\u00eb disa qindra.<\/p>\n<p>\n\t<strong>Burimi: RTS, Blic, Vecernje Novosti dhe Trupi Koordinues<\/strong><\/p>\n<p>\n\t\u00a0<\/p>\n","protected":false},"excerpt":{"rendered":"<p>Drejtori i Zyr\u00ebs p\u00ebr Teknologji t\u00eb Informacionit dhe eUprav-\u00ebs s\u00eb Qeveris\u00eb s\u00eb Republik\u00ebs s\u00eb Serbis\u00eb, Mihailo Jovanoviq, njoftoi se, sot, p\u00ebrmes aplikacionit celular &quot;Moja LPA&quot; (administrata e taksave lokale), \u00ebsht\u00eb e mundur q\u00eb t\u00eb gjith\u00eb tatimpaguesit t\u00eb kryejn\u00eb verifikimin e centralizuar mbi gjendjen e taks\u00ebs s\u00eb pasuris\u00eb p\u00ebr t\u00eb gjith\u00eb vendin p\u00ebrmes telefon celular.<\/p>\n","protected":false},"author":1,"featured_media":116560,"comment_status":"closed","ping_status":"closed","sticky":false,"template":"","format":"standard","meta":{"footnotes":""},"categories":[55],"tags":[],"class_list":["post-116555","post","type-post","status-publish","format-standard","has-post-thumbnail","hentry","category-lajme"],"yoast_head":"<!-- This site is optimized with the Yoast SEO plugin v27.5 - https:\/\/yoast.com\/product\/yoast-seo-wordpress\/ -->\n<title>NGA SOT VERIFIKIMI I GJENDJES S\u00cb TATIMIN N\u00cb PRON\u00cb P\u00cbRMES APLIKACIONIT MOBIL - Republika e S\u00ebrbis\u00eb Trupi Koordinues p\u00ebr komunat Bujanoc, Preshev\u00eb dhe Medvegj\u00eb<\/title>\n<meta name=\"robots\" content=\"index, follow, max-snippet:-1, max-image-preview:large, max-video-preview:-1\" \/>\n<link rel=\"canonical\" href=\"https:\/\/kt.gov.rs\/sq\/nga-sot-verifikimi-i-gjendjes-se-tatimin-ne-prone-permes-aplikacionit-mobil\/\" \/>\n<meta property=\"og:locale\" content=\"sq_AL\" \/>\n<meta property=\"og:type\" content=\"article\" \/>\n<meta property=\"og:title\" content=\"NGA SOT VERIFIKIMI I GJENDJES S\u00cb TATIMIN N\u00cb PRON\u00cb P\u00cbRMES APLIKACIONIT MOBIL - Republika e S\u00ebrbis\u00eb Trupi Koordinues p\u00ebr komunat Bujanoc, Preshev\u00eb dhe Medvegj\u00eb\" \/>\n<meta property=\"og:description\" content=\"Drejtori i Zyr\u00ebs p\u00ebr Teknologji t\u00eb Informacionit dhe eUprav-\u00ebs s\u00eb Qeveris\u00eb s\u00eb Republik\u00ebs s\u00eb Serbis\u00eb, Mihailo Jovanoviq, njoftoi se, sot, p\u00ebrmes aplikacionit celular &quot;Moja LPA&quot; (administrata e taksave lokale), \u00ebsht\u00eb e mundur q\u00eb t\u00eb gjith\u00eb tatimpaguesit t\u00eb kryejn\u00eb verifikimin e centralizuar mbi gjendjen e taks\u00ebs s\u00eb pasuris\u00eb p\u00ebr t\u00eb gjith\u00eb vendin p\u00ebrmes telefon celular.\" \/>\n<meta property=\"og:url\" content=\"https:\/\/kt.gov.rs\/sq\/nga-sot-verifikimi-i-gjendjes-se-tatimin-ne-prone-permes-aplikacionit-mobil\/\" \/>\n<meta property=\"og:site_name\" content=\"Republika e S\u00ebrbis\u00eb Trupi Koordinues p\u00ebr komunat Bujanoc, Preshev\u00eb dhe Medvegj\u00eb\" \/>\n<meta property=\"article:publisher\" content=\"https:\/\/www.facebook.com\/SluzbaKoordinacionogTelaVladeRepublikeSrbije\" \/>\n<meta property=\"article:published_time\" content=\"2019-08-14T00:00:00+00:00\" \/>\n<meta property=\"article:modified_time\" content=\"2024-07-30T19:02:44+00:00\" \/>\n<meta property=\"og:image\" content=\"https:\/\/kt.gov.rs\/wp-content\/uploads\/2024\/07\/1565774359_140819_2-5.jpg\" \/>\n\t<meta property=\"og:image:width\" content=\"315\" \/>\n\t<meta property=\"og:image:height\" content=\"230\" \/>\n\t<meta property=\"og:image:type\" content=\"image\/jpeg\" \/>\n<meta name=\"author\" content=\"ktmin\" \/>\n<meta name=\"twitter:card\" content=\"summary_large_image\" \/>\n<meta name=\"twitter:creator\" content=\"@kt_gov\" \/>\n<meta name=\"twitter:site\" content=\"@kt_gov\" \/>\n<meta name=\"twitter:label1\" content=\"Written by\" \/>\n\t<meta name=\"twitter:data1\" content=\"ktmin\" \/>\n\t<meta name=\"twitter:label2\" content=\"Est. reading time\" \/>\n\t<meta name=\"twitter:data2\" content=\"3 minutes\" \/>\n<script type=\"application\/ld+json\" class=\"yoast-schema-graph\">{\"@context\":\"https:\\\/\\\/schema.org\",\"@graph\":[{\"@type\":\"Article\",\"@id\":\"https:\\\/\\\/kt.gov.rs\\\/sq\\\/nga-sot-verifikimi-i-gjendjes-se-tatimin-ne-prone-permes-aplikacionit-mobil\\\/#article\",\"isPartOf\":{\"@id\":\"https:\\\/\\\/kt.gov.rs\\\/sq\\\/nga-sot-verifikimi-i-gjendjes-se-tatimin-ne-prone-permes-aplikacionit-mobil\\\/\"},\"author\":{\"name\":\"ktmin\",\"@id\":\"https:\\\/\\\/kt.gov.rs\\\/#\\\/schema\\\/person\\\/e426459ddb4173309103390602694571\"},\"headline\":\"NGA SOT VERIFIKIMI I GJENDJES S\u00cb TATIMIN N\u00cb PRON\u00cb P\u00cbRMES APLIKACIONIT MOBIL\",\"datePublished\":\"2019-08-14T00:00:00+00:00\",\"dateModified\":\"2024-07-30T19:02:44+00:00\",\"mainEntityOfPage\":{\"@id\":\"https:\\\/\\\/kt.gov.rs\\\/sq\\\/nga-sot-verifikimi-i-gjendjes-se-tatimin-ne-prone-permes-aplikacionit-mobil\\\/\"},\"wordCount\":700,\"publisher\":{\"@id\":\"https:\\\/\\\/kt.gov.rs\\\/#organization\"},\"image\":{\"@id\":\"https:\\\/\\\/kt.gov.rs\\\/sq\\\/nga-sot-verifikimi-i-gjendjes-se-tatimin-ne-prone-permes-aplikacionit-mobil\\\/#primaryimage\"},\"thumbnailUrl\":\"https:\\\/\\\/kt.gov.rs\\\/wp-content\\\/uploads\\\/2024\\\/07\\\/1565774359_140819_2-5.jpg\",\"articleSection\":[\"Lajme\"],\"inLanguage\":\"sq-AL\"},{\"@type\":\"WebPage\",\"@id\":\"https:\\\/\\\/kt.gov.rs\\\/sq\\\/nga-sot-verifikimi-i-gjendjes-se-tatimin-ne-prone-permes-aplikacionit-mobil\\\/\",\"url\":\"https:\\\/\\\/kt.gov.rs\\\/sq\\\/nga-sot-verifikimi-i-gjendjes-se-tatimin-ne-prone-permes-aplikacionit-mobil\\\/\",\"name\":\"NGA SOT VERIFIKIMI I GJENDJES S\u00cb TATIMIN N\u00cb PRON\u00cb P\u00cbRMES APLIKACIONIT MOBIL - Republika e S\u00ebrbis\u00eb Trupi Koordinues p\u00ebr komunat Bujanoc, Preshev\u00eb dhe Medvegj\u00eb\",\"isPartOf\":{\"@id\":\"https:\\\/\\\/kt.gov.rs\\\/#website\"},\"primaryImageOfPage\":{\"@id\":\"https:\\\/\\\/kt.gov.rs\\\/sq\\\/nga-sot-verifikimi-i-gjendjes-se-tatimin-ne-prone-permes-aplikacionit-mobil\\\/#primaryimage\"},\"image\":{\"@id\":\"https:\\\/\\\/kt.gov.rs\\\/sq\\\/nga-sot-verifikimi-i-gjendjes-se-tatimin-ne-prone-permes-aplikacionit-mobil\\\/#primaryimage\"},\"thumbnailUrl\":\"https:\\\/\\\/kt.gov.rs\\\/wp-content\\\/uploads\\\/2024\\\/07\\\/1565774359_140819_2-5.jpg\",\"datePublished\":\"2019-08-14T00:00:00+00:00\",\"dateModified\":\"2024-07-30T19:02:44+00:00\",\"breadcrumb\":{\"@id\":\"https:\\\/\\\/kt.gov.rs\\\/sq\\\/nga-sot-verifikimi-i-gjendjes-se-tatimin-ne-prone-permes-aplikacionit-mobil\\\/#breadcrumb\"},\"inLanguage\":\"sq-AL\",\"potentialAction\":[{\"@type\":\"ReadAction\",\"target\":[\"https:\\\/\\\/kt.gov.rs\\\/sq\\\/nga-sot-verifikimi-i-gjendjes-se-tatimin-ne-prone-permes-aplikacionit-mobil\\\/\"]}]},{\"@type\":\"ImageObject\",\"inLanguage\":\"sq-AL\",\"@id\":\"https:\\\/\\\/kt.gov.rs\\\/sq\\\/nga-sot-verifikimi-i-gjendjes-se-tatimin-ne-prone-permes-aplikacionit-mobil\\\/#primaryimage\",\"url\":\"https:\\\/\\\/kt.gov.rs\\\/wp-content\\\/uploads\\\/2024\\\/07\\\/1565774359_140819_2-5.jpg\",\"contentUrl\":\"https:\\\/\\\/kt.gov.rs\\\/wp-content\\\/uploads\\\/2024\\\/07\\\/1565774359_140819_2-5.jpg\",\"width\":315,\"height\":230},{\"@type\":\"BreadcrumbList\",\"@id\":\"https:\\\/\\\/kt.gov.rs\\\/sq\\\/nga-sot-verifikimi-i-gjendjes-se-tatimin-ne-prone-permes-aplikacionit-mobil\\\/#breadcrumb\",\"itemListElement\":[{\"@type\":\"ListItem\",\"position\":1,\"name\":\"\u041f\u043e\u0447\u0435\u0442\u043d\u0430\",\"item\":\"https:\\\/\\\/kt.gov.rs\\\/sq\\\/\"},{\"@type\":\"ListItem\",\"position\":2,\"name\":\"NGA SOT VERIFIKIMI I GJENDJES S\u00cb TATIMIN N\u00cb PRON\u00cb P\u00cbRMES APLIKACIONIT MOBIL\"}]},{\"@type\":\"WebSite\",\"@id\":\"https:\\\/\\\/kt.gov.rs\\\/#website\",\"url\":\"https:\\\/\\\/kt.gov.rs\\\/\",\"name\":\"\u041a\u043e\u043e\u0440\u0434\u0438\u043d\u0430\u0446\u0438\u043e\u043d\u043e \u0442\u0435\u043b\u043e \u0412\u043b\u0430\u0434\u0435 \u0420\u0435\u043f\u0443\u0431\u043b\u0438\u043a\u0435 \u0421\u0440\u0431\u0438\u0458\u0435 \u0437\u0430 \u043e\u043f\u0448\u0442\u0438\u043d\u0435 \u041f\u0440\u0435\u0448\u0435\u0432\u043e, \u0411\u0443\u0458\u0430\u043d\u043e\u0432\u0430\u0446 \u0438 \u041c\u0435\u0434\u0432\u0435\u0452a\",\"description\":\"\",\"publisher\":{\"@id\":\"https:\\\/\\\/kt.gov.rs\\\/#organization\"},\"alternateName\":\"\u041a\u043e\u043e\u0440\u0434\u0438\u043d\u0430\u0446\u0438\u043e\u043d\u043e \u0442\u0435\u043b\u043e\",\"potentialAction\":[{\"@type\":\"SearchAction\",\"target\":{\"@type\":\"EntryPoint\",\"urlTemplate\":\"https:\\\/\\\/kt.gov.rs\\\/?s={search_term_string}\"},\"query-input\":{\"@type\":\"PropertyValueSpecification\",\"valueRequired\":true,\"valueName\":\"search_term_string\"}}],\"inLanguage\":\"sq-AL\"},{\"@type\":\"Organization\",\"@id\":\"https:\\\/\\\/kt.gov.rs\\\/#organization\",\"name\":\"\u041a\u043e\u043e\u0440\u0434\u0438\u043d\u0430\u0446\u0438\u043e\u043d\u043e \u0442\u0435\u043b\u043e \u0412\u043b\u0430\u0434\u0435 \u0420\u0435\u043f\u0443\u0431\u043b\u0438\u043a\u0435 \u0421\u0440\u0431\u0438\u0458\u0435 \u0437\u0430 \u043e\u043f\u0448\u0442\u0438\u043d\u0435 \u041f\u0440\u0435\u0448\u0435\u0432\u043e, \u0411\u0443\u0458\u0430\u043d\u043e\u0432\u0430\u0446 \u0438 \u041c\u0435\u0434\u0432\u0435\u0452a\",\"alternateName\":\"\u041a\u043e\u043e\u0440\u0434\u0438\u043d\u0430\u0446\u0438\u043e\u043d\u043e \u0442\u0435\u043b\u043e\",\"url\":\"https:\\\/\\\/kt.gov.rs\\\/\",\"logo\":{\"@type\":\"ImageObject\",\"inLanguage\":\"sq-AL\",\"@id\":\"https:\\\/\\\/kt.gov.rs\\\/#\\\/schema\\\/logo\\\/image\\\/\",\"url\":\"https:\\\/\\\/kt.gov.rs\\\/wp-content\\\/uploads\\\/2024\\\/12\\\/koord2.jpg\",\"contentUrl\":\"https:\\\/\\\/kt.gov.rs\\\/wp-content\\\/uploads\\\/2024\\\/12\\\/koord2.jpg\",\"width\":640,\"height\":480,\"caption\":\"\u041a\u043e\u043e\u0440\u0434\u0438\u043d\u0430\u0446\u0438\u043e\u043d\u043e \u0442\u0435\u043b\u043e \u0412\u043b\u0430\u0434\u0435 \u0420\u0435\u043f\u0443\u0431\u043b\u0438\u043a\u0435 \u0421\u0440\u0431\u0438\u0458\u0435 \u0437\u0430 \u043e\u043f\u0448\u0442\u0438\u043d\u0435 \u041f\u0440\u0435\u0448\u0435\u0432\u043e, \u0411\u0443\u0458\u0430\u043d\u043e\u0432\u0430\u0446 \u0438 \u041c\u0435\u0434\u0432\u0435\u0452a\"},\"image\":{\"@id\":\"https:\\\/\\\/kt.gov.rs\\\/#\\\/schema\\\/logo\\\/image\\\/\"},\"sameAs\":[\"https:\\\/\\\/www.facebook.com\\\/SluzbaKoordinacionogTelaVladeRepublikeSrbije\",\"https:\\\/\\\/x.com\\\/kt_gov\",\"https:\\\/\\\/www.youtube.com\\\/@koordinacionotelo\"]},{\"@type\":\"Person\",\"@id\":\"https:\\\/\\\/kt.gov.rs\\\/#\\\/schema\\\/person\\\/e426459ddb4173309103390602694571\",\"name\":\"ktmin\",\"image\":{\"@type\":\"ImageObject\",\"inLanguage\":\"sq-AL\",\"@id\":\"https:\\\/\\\/secure.gravatar.com\\\/avatar\\\/3985c961109853010c3fbc7ba30365bfba5db3dd6c525831d9c595c7525a615a?s=96&d=mm&r=g\",\"url\":\"https:\\\/\\\/secure.gravatar.com\\\/avatar\\\/3985c961109853010c3fbc7ba30365bfba5db3dd6c525831d9c595c7525a615a?s=96&d=mm&r=g\",\"contentUrl\":\"https:\\\/\\\/secure.gravatar.com\\\/avatar\\\/3985c961109853010c3fbc7ba30365bfba5db3dd6c525831d9c595c7525a615a?s=96&d=mm&r=g\",\"caption\":\"ktmin\"},\"sameAs\":[\"https:\\\/\\\/kt.gov.rs\"],\"url\":\"https:\\\/\\\/kt.gov.rs\\\/sq\\\/author\\\/ktmin\\\/\"}]}<\/script>\n<!-- \/ Yoast SEO plugin. -->","yoast_head_json":{"title":"NGA SOT VERIFIKIMI I GJENDJES S\u00cb TATIMIN N\u00cb PRON\u00cb P\u00cbRMES APLIKACIONIT MOBIL - Republika e S\u00ebrbis\u00eb Trupi Koordinues p\u00ebr komunat Bujanoc, Preshev\u00eb dhe Medvegj\u00eb","robots":{"index":"index","follow":"follow","max-snippet":"max-snippet:-1","max-image-preview":"max-image-preview:large","max-video-preview":"max-video-preview:-1"},"canonical":"https:\/\/kt.gov.rs\/sq\/nga-sot-verifikimi-i-gjendjes-se-tatimin-ne-prone-permes-aplikacionit-mobil\/","og_locale":"sq_AL","og_type":"article","og_title":"NGA SOT VERIFIKIMI I GJENDJES S\u00cb TATIMIN N\u00cb PRON\u00cb P\u00cbRMES APLIKACIONIT MOBIL - Republika e S\u00ebrbis\u00eb Trupi Koordinues p\u00ebr komunat Bujanoc, Preshev\u00eb dhe Medvegj\u00eb","og_description":"Drejtori i Zyr\u00ebs p\u00ebr Teknologji t\u00eb Informacionit dhe eUprav-\u00ebs s\u00eb Qeveris\u00eb s\u00eb Republik\u00ebs s\u00eb Serbis\u00eb, Mihailo Jovanoviq, njoftoi se, sot, p\u00ebrmes aplikacionit celular &quot;Moja LPA&quot; (administrata e taksave lokale), \u00ebsht\u00eb e mundur q\u00eb t\u00eb gjith\u00eb tatimpaguesit t\u00eb kryejn\u00eb verifikimin e centralizuar mbi gjendjen e taks\u00ebs s\u00eb pasuris\u00eb p\u00ebr t\u00eb gjith\u00eb vendin p\u00ebrmes telefon celular.","og_url":"https:\/\/kt.gov.rs\/sq\/nga-sot-verifikimi-i-gjendjes-se-tatimin-ne-prone-permes-aplikacionit-mobil\/","og_site_name":"Republika e S\u00ebrbis\u00eb Trupi Koordinues p\u00ebr komunat Bujanoc, Preshev\u00eb dhe Medvegj\u00eb","article_publisher":"https:\/\/www.facebook.com\/SluzbaKoordinacionogTelaVladeRepublikeSrbije","article_published_time":"2019-08-14T00:00:00+00:00","article_modified_time":"2024-07-30T19:02:44+00:00","og_image":[{"width":315,"height":230,"url":"https:\/\/kt.gov.rs\/wp-content\/uploads\/2024\/07\/1565774359_140819_2-5.jpg","type":"image\/jpeg"}],"author":"ktmin","twitter_card":"summary_large_image","twitter_creator":"@kt_gov","twitter_site":"@kt_gov","twitter_misc":{"Written by":"ktmin","Est. reading time":"3 minutes"},"schema":{"@context":"https:\/\/schema.org","@graph":[{"@type":"Article","@id":"https:\/\/kt.gov.rs\/sq\/nga-sot-verifikimi-i-gjendjes-se-tatimin-ne-prone-permes-aplikacionit-mobil\/#article","isPartOf":{"@id":"https:\/\/kt.gov.rs\/sq\/nga-sot-verifikimi-i-gjendjes-se-tatimin-ne-prone-permes-aplikacionit-mobil\/"},"author":{"name":"ktmin","@id":"https:\/\/kt.gov.rs\/#\/schema\/person\/e426459ddb4173309103390602694571"},"headline":"NGA SOT VERIFIKIMI I GJENDJES S\u00cb TATIMIN N\u00cb PRON\u00cb P\u00cbRMES APLIKACIONIT MOBIL","datePublished":"2019-08-14T00:00:00+00:00","dateModified":"2024-07-30T19:02:44+00:00","mainEntityOfPage":{"@id":"https:\/\/kt.gov.rs\/sq\/nga-sot-verifikimi-i-gjendjes-se-tatimin-ne-prone-permes-aplikacionit-mobil\/"},"wordCount":700,"publisher":{"@id":"https:\/\/kt.gov.rs\/#organization"},"image":{"@id":"https:\/\/kt.gov.rs\/sq\/nga-sot-verifikimi-i-gjendjes-se-tatimin-ne-prone-permes-aplikacionit-mobil\/#primaryimage"},"thumbnailUrl":"https:\/\/kt.gov.rs\/wp-content\/uploads\/2024\/07\/1565774359_140819_2-5.jpg","articleSection":["Lajme"],"inLanguage":"sq-AL"},{"@type":"WebPage","@id":"https:\/\/kt.gov.rs\/sq\/nga-sot-verifikimi-i-gjendjes-se-tatimin-ne-prone-permes-aplikacionit-mobil\/","url":"https:\/\/kt.gov.rs\/sq\/nga-sot-verifikimi-i-gjendjes-se-tatimin-ne-prone-permes-aplikacionit-mobil\/","name":"NGA SOT VERIFIKIMI I GJENDJES S\u00cb TATIMIN N\u00cb PRON\u00cb P\u00cbRMES APLIKACIONIT MOBIL - Republika e S\u00ebrbis\u00eb Trupi Koordinues p\u00ebr komunat Bujanoc, Preshev\u00eb dhe Medvegj\u00eb","isPartOf":{"@id":"https:\/\/kt.gov.rs\/#website"},"primaryImageOfPage":{"@id":"https:\/\/kt.gov.rs\/sq\/nga-sot-verifikimi-i-gjendjes-se-tatimin-ne-prone-permes-aplikacionit-mobil\/#primaryimage"},"image":{"@id":"https:\/\/kt.gov.rs\/sq\/nga-sot-verifikimi-i-gjendjes-se-tatimin-ne-prone-permes-aplikacionit-mobil\/#primaryimage"},"thumbnailUrl":"https:\/\/kt.gov.rs\/wp-content\/uploads\/2024\/07\/1565774359_140819_2-5.jpg","datePublished":"2019-08-14T00:00:00+00:00","dateModified":"2024-07-30T19:02:44+00:00","breadcrumb":{"@id":"https:\/\/kt.gov.rs\/sq\/nga-sot-verifikimi-i-gjendjes-se-tatimin-ne-prone-permes-aplikacionit-mobil\/#breadcrumb"},"inLanguage":"sq-AL","potentialAction":[{"@type":"ReadAction","target":["https:\/\/kt.gov.rs\/sq\/nga-sot-verifikimi-i-gjendjes-se-tatimin-ne-prone-permes-aplikacionit-mobil\/"]}]},{"@type":"ImageObject","inLanguage":"sq-AL","@id":"https:\/\/kt.gov.rs\/sq\/nga-sot-verifikimi-i-gjendjes-se-tatimin-ne-prone-permes-aplikacionit-mobil\/#primaryimage","url":"https:\/\/kt.gov.rs\/wp-content\/uploads\/2024\/07\/1565774359_140819_2-5.jpg","contentUrl":"https:\/\/kt.gov.rs\/wp-content\/uploads\/2024\/07\/1565774359_140819_2-5.jpg","width":315,"height":230},{"@type":"BreadcrumbList","@id":"https:\/\/kt.gov.rs\/sq\/nga-sot-verifikimi-i-gjendjes-se-tatimin-ne-prone-permes-aplikacionit-mobil\/#breadcrumb","itemListElement":[{"@type":"ListItem","position":1,"name":"\u041f\u043e\u0447\u0435\u0442\u043d\u0430","item":"https:\/\/kt.gov.rs\/sq\/"},{"@type":"ListItem","position":2,"name":"NGA SOT VERIFIKIMI I GJENDJES S\u00cb TATIMIN N\u00cb PRON\u00cb P\u00cbRMES APLIKACIONIT MOBIL"}]},{"@type":"WebSite","@id":"https:\/\/kt.gov.rs\/#website","url":"https:\/\/kt.gov.rs\/","name":"\u041a\u043e\u043e\u0440\u0434\u0438\u043d\u0430\u0446\u0438\u043e\u043d\u043e \u0442\u0435\u043b\u043e \u0412\u043b\u0430\u0434\u0435 \u0420\u0435\u043f\u0443\u0431\u043b\u0438\u043a\u0435 \u0421\u0440\u0431\u0438\u0458\u0435 \u0437\u0430 \u043e\u043f\u0448\u0442\u0438\u043d\u0435 \u041f\u0440\u0435\u0448\u0435\u0432\u043e, \u0411\u0443\u0458\u0430\u043d\u043e\u0432\u0430\u0446 \u0438 \u041c\u0435\u0434\u0432\u0435\u0452a","description":"","publisher":{"@id":"https:\/\/kt.gov.rs\/#organization"},"alternateName":"\u041a\u043e\u043e\u0440\u0434\u0438\u043d\u0430\u0446\u0438\u043e\u043d\u043e \u0442\u0435\u043b\u043e","potentialAction":[{"@type":"SearchAction","target":{"@type":"EntryPoint","urlTemplate":"https:\/\/kt.gov.rs\/?s={search_term_string}"},"query-input":{"@type":"PropertyValueSpecification","valueRequired":true,"valueName":"search_term_string"}}],"inLanguage":"sq-AL"},{"@type":"Organization","@id":"https:\/\/kt.gov.rs\/#organization","name":"\u041a\u043e\u043e\u0440\u0434\u0438\u043d\u0430\u0446\u0438\u043e\u043d\u043e \u0442\u0435\u043b\u043e \u0412\u043b\u0430\u0434\u0435 \u0420\u0435\u043f\u0443\u0431\u043b\u0438\u043a\u0435 \u0421\u0440\u0431\u0438\u0458\u0435 \u0437\u0430 \u043e\u043f\u0448\u0442\u0438\u043d\u0435 \u041f\u0440\u0435\u0448\u0435\u0432\u043e, \u0411\u0443\u0458\u0430\u043d\u043e\u0432\u0430\u0446 \u0438 \u041c\u0435\u0434\u0432\u0435\u0452a","alternateName":"\u041a\u043e\u043e\u0440\u0434\u0438\u043d\u0430\u0446\u0438\u043e\u043d\u043e \u0442\u0435\u043b\u043e","url":"https:\/\/kt.gov.rs\/","logo":{"@type":"ImageObject","inLanguage":"sq-AL","@id":"https:\/\/kt.gov.rs\/#\/schema\/logo\/image\/","url":"https:\/\/kt.gov.rs\/wp-content\/uploads\/2024\/12\/koord2.jpg","contentUrl":"https:\/\/kt.gov.rs\/wp-content\/uploads\/2024\/12\/koord2.jpg","width":640,"height":480,"caption":"\u041a\u043e\u043e\u0440\u0434\u0438\u043d\u0430\u0446\u0438\u043e\u043d\u043e \u0442\u0435\u043b\u043e \u0412\u043b\u0430\u0434\u0435 \u0420\u0435\u043f\u0443\u0431\u043b\u0438\u043a\u0435 \u0421\u0440\u0431\u0438\u0458\u0435 \u0437\u0430 \u043e\u043f\u0448\u0442\u0438\u043d\u0435 \u041f\u0440\u0435\u0448\u0435\u0432\u043e, \u0411\u0443\u0458\u0430\u043d\u043e\u0432\u0430\u0446 \u0438 \u041c\u0435\u0434\u0432\u0435\u0452a"},"image":{"@id":"https:\/\/kt.gov.rs\/#\/schema\/logo\/image\/"},"sameAs":["https:\/\/www.facebook.com\/SluzbaKoordinacionogTelaVladeRepublikeSrbije","https:\/\/x.com\/kt_gov","https:\/\/www.youtube.com\/@koordinacionotelo"]},{"@type":"Person","@id":"https:\/\/kt.gov.rs\/#\/schema\/person\/e426459ddb4173309103390602694571","name":"ktmin","image":{"@type":"ImageObject","inLanguage":"sq-AL","@id":"https:\/\/secure.gravatar.com\/avatar\/3985c961109853010c3fbc7ba30365bfba5db3dd6c525831d9c595c7525a615a?s=96&d=mm&r=g","url":"https:\/\/secure.gravatar.com\/avatar\/3985c961109853010c3fbc7ba30365bfba5db3dd6c525831d9c595c7525a615a?s=96&d=mm&r=g","contentUrl":"https:\/\/secure.gravatar.com\/avatar\/3985c961109853010c3fbc7ba30365bfba5db3dd6c525831d9c595c7525a615a?s=96&d=mm&r=g","caption":"ktmin"},"sameAs":["https:\/\/kt.gov.rs"],"url":"https:\/\/kt.gov.rs\/sq\/author\/ktmin\/"}]}},"_links":{"self":[{"href":"https:\/\/kt.gov.rs\/sq\/wp-json\/wp\/v2\/posts\/116555","targetHints":{"allow":["GET"]}}],"collection":[{"href":"https:\/\/kt.gov.rs\/sq\/wp-json\/wp\/v2\/posts"}],"about":[{"href":"https:\/\/kt.gov.rs\/sq\/wp-json\/wp\/v2\/types\/post"}],"author":[{"embeddable":true,"href":"https:\/\/kt.gov.rs\/sq\/wp-json\/wp\/v2\/users\/1"}],"replies":[{"embeddable":true,"href":"https:\/\/kt.gov.rs\/sq\/wp-json\/wp\/v2\/comments?post=116555"}],"version-history":[{"count":1,"href":"https:\/\/kt.gov.rs\/sq\/wp-json\/wp\/v2\/posts\/116555\/revisions"}],"predecessor-version":[{"id":116559,"href":"https:\/\/kt.gov.rs\/sq\/wp-json\/wp\/v2\/posts\/116555\/revisions\/116559"}],"wp:featuredmedia":[{"embeddable":true,"href":"https:\/\/kt.gov.rs\/sq\/wp-json\/wp\/v2\/media\/116560"}],"wp:attachment":[{"href":"https:\/\/kt.gov.rs\/sq\/wp-json\/wp\/v2\/media?parent=116555"}],"wp:term":[{"taxonomy":"category","embeddable":true,"href":"https:\/\/kt.gov.rs\/sq\/wp-json\/wp\/v2\/categories?post=116555"},{"taxonomy":"post_tag","embeddable":true,"href":"https:\/\/kt.gov.rs\/sq\/wp-json\/wp\/v2\/tags?post=116555"}],"curies":[{"name":"wp","href":"https:\/\/api.w.org\/{rel}","templated":true}]}}