{"id":116451,"date":"2019-08-15T00:00:00","date_gmt":"2019-08-15T00:00:00","guid":{"rendered":"http:\/\/kt.printandscreen.rs\/libra-falas-per-84-000-nxenes-dhe-shikoni-se-kush-ka-te-drejte-t-i-merre-ato\/"},"modified":"2024-07-30T19:02:34","modified_gmt":"2024-07-30T19:02:34","slug":"libra-falas-per-84-000-nxenes-dhe-shikoni-se-kush-ka-te-drejte-t-i-merre-ato","status":"publish","type":"post","link":"https:\/\/kt.gov.rs\/sq\/libra-falas-per-84-000-nxenes-dhe-shikoni-se-kush-ka-te-drejte-t-i-merre-ato\/","title":{"rendered":"LIBRA FALAS P\u00cbR 84.000 NX\u00cbN\u00cbS, DHE SHIKONI SE KUSH KA T\u00cb DREJT\u00cb T`I MERR\u00cb ATO"},"content":{"rendered":"<p>\n\t<strong><img decoding=\"async\" alt=\"\" src=\"https:\/\/kt.gov.rs\/wp-content\/uploads\/2024\/07\/1565871095_150819_3-4.jpg\" style=\"width: 315px; height: 230px; float: left;\" \/><\/strong><strong>Beograd \u2013<\/strong> Rreth 84,000 nx\u00ebn\u00ebs do t\u00eb marrin libra shkollor\u00eb falas k\u00ebt\u00eb vit. Mesatarisht, numri i familjeve t\u00eb me t\u00eb rrezikuar social po zvog\u00eblohet, dhe shumica e kompleteve t\u00eb librave shkollor\u00eb n\u00eb t\u00eb v\u00ebrtet\u00eb shkojn\u00eb n\u00eb familje me m\u00eb shum\u00eb f\u00ebmij\u00eb, tha Vesna Nedeljkoviq nga Ministria e Arsimit.<\/p>\n<p>\n\tVitin e kaluar, rreth 84,000 nx\u00ebn\u00ebs mor\u00ebn libra shkollor\u00eb falas, dhe tani ata po hyjn\u00eb n\u00eb p\u00ebrballjen p\u00ebrfundimtare.<\/p>\n<p>\n\tVesna Nedeljkoviq theksoi se, nj\u00eb muaj m\u00eb par\u00eb, baza e informacionit Dositej u dha udh\u00ebzime shkollave se si t\u00eb plot\u00ebsojn\u00eb dhe t\u00eb futin t\u00eb dh\u00ebna p\u00ebr f\u00ebmij\u00ebt, ose prind\u00ebrit, t\u00eb cil\u00ebt plot\u00ebsojn\u00eb k\u00ebrkesat e p\u00ebrcaktuara me ligj, n\u00eb m\u00ebnyr\u00eb q\u00eb f\u00ebmij\u00ebt t\u00eb ken\u00eb t\u00eb drejt\u00eb t\u00eb librave shkollor\u00eb falas.<\/p>\n<p>\n\t&quot;Ne kemi mbledhur t\u00eb dh\u00ebna, deri m\u00eb tani kemi rreth 84,000 nx\u00ebn\u00ebs, k\u00ebshtu q\u00eb shifra \u00ebsht\u00eb n\u00eb kuad\u00ebr t\u00eb numrit t\u00eb vitit t\u00eb kaluar, por nuk e kemi mbyllur ende aplikimin, sepse ndodh q\u00eb prind\u00ebrit t\u00eb paraqesin m\u00eb von\u00eb k\u00ebrkesat. Ne gjithashtu kemi rreth 10 p\u00ebrqind m\u00eb shum\u00eb p\u00ebr bibliotekat, n\u00ebse ndodh q\u00eb p\u00ebr ndonj\u00eb arsye prindi nuk ka aplikuar me koh\u00eb n\u00eb shkoll\u00ebn e tij, at\u00ebher\u00eb ai ka mund\u00ebsin\u00eb q\u00eb ta marr\u00eb at\u00eb nga biblioteka e shkoll\u00ebs\u201d, shpjegoi Nedeljkoviq.<\/p>\n<p>\n\tSipas saj, detyra e tyre \u00ebsht\u00eb t\u00eb b\u00ebjn\u00eb prokurime publike, t\u00eb d\u00ebrgojn\u00eb m\u00eb von\u00eb botuesit n\u00eb shkolla, dhe shkollat \u200b\u200bte prind\u00ebrit.<\/p>\n<p>\n\tDuke folur p\u00ebr at\u00eb q\u00eb duhet t\u00eb kompletohet n\u00eb m\u00ebnyr\u00eb q\u00eb t\u00eb merrni nj\u00eb lib\u00ebr falas, Nedeljkoviq thot\u00eb se ligji mbi bazat e sistemit rregullon t\u00eb drejt\u00ebn q\u00eb ata mund ta b\u00ebjn\u00eb k\u00ebt\u00eb, dhe qeveria ka ndar\u00eb fonde n\u00eb buxhet.<\/p>\n<p>\n\tSa i p\u00ebrket kush ka t\u00eb drejt\u00eb, Nedeljkoviq thot\u00eb se f\u00ebmij\u00ebt nga familje t\u00eb e rrezikuara shoq\u00ebrore, p\u00ebrfitues t\u00eb ndihm\u00ebs sociale.<\/p>\n<p>\n\t&quot;Kategoria e dyt\u00eb \u00ebsht\u00eb familje me shum\u00eb an\u00ebtar\u00eb, nga t\u00eb cilat dy f\u00ebmij\u00ebt e par\u00eb duhet t\u00eb jen\u00eb n\u00eb sistemin arsimor dhe kemi f\u00ebmij\u00eb q\u00eb arsimohen n\u00eb baz\u00eb t\u00eb nj\u00eb programi t\u00eb ve\u00e7ant\u00eb, p\u00ebr t\u00eb cilin ekzistojn\u00eb libra shkollor\u00eb t\u00eb adaptuar, dmth. F\u00ebmij\u00eb me aft\u00ebsi t\u00eb kufizuara ose me invaliditet&quot;, tha ndihm\u00ebsi i ministrit.<\/p>\n<p>\n\tSi\u00e7 thot\u00eb ai, librat shkollor\u00eb jan\u00eb p\u00ebrshtatur p\u00ebr t&#39;iu p\u00ebrgjigjur nevojave t\u00eb tyre, qoft\u00eb shkrimi i Brajevit apo nj\u00eb font i zmadhuar.<\/p>\n<p>\n\t&quot;Ne b\u00ebjm\u00eb t\u00eb mundur q\u00eb k\u00ebtyre f\u00ebmij\u00ebve t`iu sigurojm\u00eb n\u00ebp\u00ebr shkolla kompjuter\u00eb q\u00eb ata mund t&#39;i p\u00ebrdorin,&quot; tha Nedeljkoviq.<\/p>\n<p>\n\tDuke folur rreth librave shkollor\u00eb dixhital, Nedeljkoviq tha se t\u00eb gjith\u00eb nx\u00ebn\u00ebsit e shkollave fillore do t\u00eb marrin falas p\u00ebrmbajtje dixhitale, q\u00eb \u00ebsht\u00eb nj\u00eb informacion dometh\u00ebn\u00ebs.<\/p>\n<p>\n\tAi shtoi se 500 shkolla n\u00eb Serbi, nga gjithsej 1,270, kan\u00eb nj\u00eb projekt \u201cshkollat e lidhura\u201d, dhe kushti ishte q\u00eb interneti t\u00eb sigurohej dhe q\u00eb shkollat \u200b\u200bt\u00eb ishin t\u00eb pajisura me kompjuter.<\/p>\n<p>\n\tT\u00eb gjith\u00eb nx\u00ebn\u00ebsit e klas\u00ebs s\u00eb par\u00eb, t\u00eb dyt\u00eb, t\u00eb pest\u00eb dhe t\u00eb gjasht\u00eb do t\u00eb marrin libra shkollor\u00eb falas, tha Nedeljkoviq.<\/p>\n<p>\n\t<strong>Burimi: Blic, Jugmedia dhe Trupi Koordinues<\/strong><\/p>\n<p>\n\t\u00a0<\/p>\n","protected":false},"excerpt":{"rendered":"<p>Beograd \u2013\u00a0Rreth 84,000 nx\u00ebn\u00ebs do t\u00eb marrin libra shkollor\u00eb falas k\u00ebt\u00eb vit. Mesatarisht, numri i familjeve t\u00eb me t\u00eb rrezikuar social po zvog\u00eblohet, dhe shumica e kompleteve t\u00eb librave shkollor\u00eb n\u00eb t\u00eb v\u00ebrtet\u00eb shkojn\u00eb n\u00eb familje me m\u00eb shum\u00eb f\u00ebmij\u00eb, tha Vesna Nedeljkoviq nga Ministria e Arsimit.<\/p>\n","protected":false},"author":1,"featured_media":116456,"comment_status":"closed","ping_status":"closed","sticky":false,"template":"","format":"standard","meta":{"footnotes":""},"categories":[55],"tags":[],"class_list":["post-116451","post","type-post","status-publish","format-standard","has-post-thumbnail","hentry","category-lajme"],"yoast_head":"<!-- This site is optimized with the Yoast SEO plugin v27.5 - https:\/\/yoast.com\/product\/yoast-seo-wordpress\/ -->\n<title>LIBRA FALAS P\u00cbR 84.000 NX\u00cbN\u00cbS, DHE SHIKONI SE KUSH KA T\u00cb DREJT\u00cb T`I MERR\u00cb ATO - Republika e S\u00ebrbis\u00eb Trupi Koordinues p\u00ebr komunat Bujanoc, Preshev\u00eb dhe Medvegj\u00eb<\/title>\n<meta name=\"robots\" content=\"index, follow, max-snippet:-1, max-image-preview:large, max-video-preview:-1\" \/>\n<link rel=\"canonical\" href=\"https:\/\/kt.gov.rs\/sq\/libra-falas-per-84-000-nxenes-dhe-shikoni-se-kush-ka-te-drejte-t-i-merre-ato\/\" \/>\n<meta property=\"og:locale\" content=\"sq_AL\" \/>\n<meta property=\"og:type\" content=\"article\" \/>\n<meta property=\"og:title\" content=\"LIBRA FALAS P\u00cbR 84.000 NX\u00cbN\u00cbS, DHE SHIKONI SE KUSH KA T\u00cb DREJT\u00cb T`I MERR\u00cb ATO - Republika e S\u00ebrbis\u00eb Trupi Koordinues p\u00ebr komunat Bujanoc, Preshev\u00eb dhe Medvegj\u00eb\" \/>\n<meta property=\"og:description\" content=\"Beograd -\u00a0Rreth 84,000 nx\u00ebn\u00ebs do t\u00eb marrin libra shkollor\u00eb falas k\u00ebt\u00eb vit. Mesatarisht, numri i familjeve t\u00eb me t\u00eb rrezikuar social po zvog\u00eblohet, dhe shumica e kompleteve t\u00eb librave shkollor\u00eb n\u00eb t\u00eb v\u00ebrtet\u00eb shkojn\u00eb n\u00eb familje me m\u00eb shum\u00eb f\u00ebmij\u00eb, tha Vesna Nedeljkoviq nga Ministria e Arsimit.\" \/>\n<meta property=\"og:url\" content=\"https:\/\/kt.gov.rs\/sq\/libra-falas-per-84-000-nxenes-dhe-shikoni-se-kush-ka-te-drejte-t-i-merre-ato\/\" \/>\n<meta property=\"og:site_name\" content=\"Republika e S\u00ebrbis\u00eb Trupi Koordinues p\u00ebr komunat Bujanoc, Preshev\u00eb dhe Medvegj\u00eb\" \/>\n<meta property=\"article:publisher\" content=\"https:\/\/www.facebook.com\/SluzbaKoordinacionogTelaVladeRepublikeSrbije\" \/>\n<meta property=\"article:published_time\" content=\"2019-08-15T00:00:00+00:00\" \/>\n<meta property=\"article:modified_time\" content=\"2024-07-30T19:02:34+00:00\" \/>\n<meta property=\"og:image\" content=\"https:\/\/kt.gov.rs\/wp-content\/uploads\/2024\/07\/1565871095_150819_3-5.jpg\" \/>\n\t<meta property=\"og:image:width\" content=\"315\" \/>\n\t<meta property=\"og:image:height\" content=\"230\" \/>\n\t<meta property=\"og:image:type\" content=\"image\/jpeg\" \/>\n<meta name=\"author\" content=\"ktmin\" \/>\n<meta name=\"twitter:card\" content=\"summary_large_image\" \/>\n<meta name=\"twitter:creator\" content=\"@kt_gov\" \/>\n<meta name=\"twitter:site\" content=\"@kt_gov\" \/>\n<meta name=\"twitter:label1\" content=\"Written by\" \/>\n\t<meta name=\"twitter:data1\" content=\"ktmin\" \/>\n\t<meta name=\"twitter:label2\" content=\"Est. reading time\" \/>\n\t<meta name=\"twitter:data2\" content=\"4 minutes\" \/>\n<script type=\"application\/ld+json\" class=\"yoast-schema-graph\">{\"@context\":\"https:\\\/\\\/schema.org\",\"@graph\":[{\"@type\":\"Article\",\"@id\":\"https:\\\/\\\/kt.gov.rs\\\/sq\\\/libra-falas-per-84-000-nxenes-dhe-shikoni-se-kush-ka-te-drejte-t-i-merre-ato\\\/#article\",\"isPartOf\":{\"@id\":\"https:\\\/\\\/kt.gov.rs\\\/sq\\\/libra-falas-per-84-000-nxenes-dhe-shikoni-se-kush-ka-te-drejte-t-i-merre-ato\\\/\"},\"author\":{\"name\":\"ktmin\",\"@id\":\"https:\\\/\\\/kt.gov.rs\\\/#\\\/schema\\\/person\\\/e426459ddb4173309103390602694571\"},\"headline\":\"LIBRA FALAS P\u00cbR 84.000 NX\u00cbN\u00cbS, DHE SHIKONI SE KUSH KA T\u00cb DREJT\u00cb T`I MERR\u00cb ATO\",\"datePublished\":\"2019-08-15T00:00:00+00:00\",\"dateModified\":\"2024-07-30T19:02:34+00:00\",\"mainEntityOfPage\":{\"@id\":\"https:\\\/\\\/kt.gov.rs\\\/sq\\\/libra-falas-per-84-000-nxenes-dhe-shikoni-se-kush-ka-te-drejte-t-i-merre-ato\\\/\"},\"wordCount\":800,\"publisher\":{\"@id\":\"https:\\\/\\\/kt.gov.rs\\\/#organization\"},\"image\":{\"@id\":\"https:\\\/\\\/kt.gov.rs\\\/sq\\\/libra-falas-per-84-000-nxenes-dhe-shikoni-se-kush-ka-te-drejte-t-i-merre-ato\\\/#primaryimage\"},\"thumbnailUrl\":\"https:\\\/\\\/kt.gov.rs\\\/wp-content\\\/uploads\\\/2024\\\/07\\\/1565871095_150819_3-5.jpg\",\"articleSection\":[\"Lajme\"],\"inLanguage\":\"sq-AL\"},{\"@type\":\"WebPage\",\"@id\":\"https:\\\/\\\/kt.gov.rs\\\/sq\\\/libra-falas-per-84-000-nxenes-dhe-shikoni-se-kush-ka-te-drejte-t-i-merre-ato\\\/\",\"url\":\"https:\\\/\\\/kt.gov.rs\\\/sq\\\/libra-falas-per-84-000-nxenes-dhe-shikoni-se-kush-ka-te-drejte-t-i-merre-ato\\\/\",\"name\":\"LIBRA FALAS P\u00cbR 84.000 NX\u00cbN\u00cbS, DHE SHIKONI SE KUSH KA T\u00cb DREJT\u00cb T`I MERR\u00cb ATO - Republika e S\u00ebrbis\u00eb Trupi Koordinues p\u00ebr komunat Bujanoc, Preshev\u00eb dhe Medvegj\u00eb\",\"isPartOf\":{\"@id\":\"https:\\\/\\\/kt.gov.rs\\\/#website\"},\"primaryImageOfPage\":{\"@id\":\"https:\\\/\\\/kt.gov.rs\\\/sq\\\/libra-falas-per-84-000-nxenes-dhe-shikoni-se-kush-ka-te-drejte-t-i-merre-ato\\\/#primaryimage\"},\"image\":{\"@id\":\"https:\\\/\\\/kt.gov.rs\\\/sq\\\/libra-falas-per-84-000-nxenes-dhe-shikoni-se-kush-ka-te-drejte-t-i-merre-ato\\\/#primaryimage\"},\"thumbnailUrl\":\"https:\\\/\\\/kt.gov.rs\\\/wp-content\\\/uploads\\\/2024\\\/07\\\/1565871095_150819_3-5.jpg\",\"datePublished\":\"2019-08-15T00:00:00+00:00\",\"dateModified\":\"2024-07-30T19:02:34+00:00\",\"breadcrumb\":{\"@id\":\"https:\\\/\\\/kt.gov.rs\\\/sq\\\/libra-falas-per-84-000-nxenes-dhe-shikoni-se-kush-ka-te-drejte-t-i-merre-ato\\\/#breadcrumb\"},\"inLanguage\":\"sq-AL\",\"potentialAction\":[{\"@type\":\"ReadAction\",\"target\":[\"https:\\\/\\\/kt.gov.rs\\\/sq\\\/libra-falas-per-84-000-nxenes-dhe-shikoni-se-kush-ka-te-drejte-t-i-merre-ato\\\/\"]}]},{\"@type\":\"ImageObject\",\"inLanguage\":\"sq-AL\",\"@id\":\"https:\\\/\\\/kt.gov.rs\\\/sq\\\/libra-falas-per-84-000-nxenes-dhe-shikoni-se-kush-ka-te-drejte-t-i-merre-ato\\\/#primaryimage\",\"url\":\"https:\\\/\\\/kt.gov.rs\\\/wp-content\\\/uploads\\\/2024\\\/07\\\/1565871095_150819_3-5.jpg\",\"contentUrl\":\"https:\\\/\\\/kt.gov.rs\\\/wp-content\\\/uploads\\\/2024\\\/07\\\/1565871095_150819_3-5.jpg\",\"width\":315,\"height\":230},{\"@type\":\"BreadcrumbList\",\"@id\":\"https:\\\/\\\/kt.gov.rs\\\/sq\\\/libra-falas-per-84-000-nxenes-dhe-shikoni-se-kush-ka-te-drejte-t-i-merre-ato\\\/#breadcrumb\",\"itemListElement\":[{\"@type\":\"ListItem\",\"position\":1,\"name\":\"\u041f\u043e\u0447\u0435\u0442\u043d\u0430\",\"item\":\"https:\\\/\\\/kt.gov.rs\\\/sq\\\/\"},{\"@type\":\"ListItem\",\"position\":2,\"name\":\"LIBRA FALAS P\u00cbR 84.000 NX\u00cbN\u00cbS, DHE SHIKONI SE KUSH KA T\u00cb DREJT\u00cb T`I MERR\u00cb ATO\"}]},{\"@type\":\"WebSite\",\"@id\":\"https:\\\/\\\/kt.gov.rs\\\/#website\",\"url\":\"https:\\\/\\\/kt.gov.rs\\\/\",\"name\":\"\u041a\u043e\u043e\u0440\u0434\u0438\u043d\u0430\u0446\u0438\u043e\u043d\u043e \u0442\u0435\u043b\u043e \u0412\u043b\u0430\u0434\u0435 \u0420\u0435\u043f\u0443\u0431\u043b\u0438\u043a\u0435 \u0421\u0440\u0431\u0438\u0458\u0435 \u0437\u0430 \u043e\u043f\u0448\u0442\u0438\u043d\u0435 \u041f\u0440\u0435\u0448\u0435\u0432\u043e, \u0411\u0443\u0458\u0430\u043d\u043e\u0432\u0430\u0446 \u0438 \u041c\u0435\u0434\u0432\u0435\u0452a\",\"description\":\"\",\"publisher\":{\"@id\":\"https:\\\/\\\/kt.gov.rs\\\/#organization\"},\"alternateName\":\"\u041a\u043e\u043e\u0440\u0434\u0438\u043d\u0430\u0446\u0438\u043e\u043d\u043e \u0442\u0435\u043b\u043e\",\"potentialAction\":[{\"@type\":\"SearchAction\",\"target\":{\"@type\":\"EntryPoint\",\"urlTemplate\":\"https:\\\/\\\/kt.gov.rs\\\/?s={search_term_string}\"},\"query-input\":{\"@type\":\"PropertyValueSpecification\",\"valueRequired\":true,\"valueName\":\"search_term_string\"}}],\"inLanguage\":\"sq-AL\"},{\"@type\":\"Organization\",\"@id\":\"https:\\\/\\\/kt.gov.rs\\\/#organization\",\"name\":\"\u041a\u043e\u043e\u0440\u0434\u0438\u043d\u0430\u0446\u0438\u043e\u043d\u043e \u0442\u0435\u043b\u043e \u0412\u043b\u0430\u0434\u0435 \u0420\u0435\u043f\u0443\u0431\u043b\u0438\u043a\u0435 \u0421\u0440\u0431\u0438\u0458\u0435 \u0437\u0430 \u043e\u043f\u0448\u0442\u0438\u043d\u0435 \u041f\u0440\u0435\u0448\u0435\u0432\u043e, \u0411\u0443\u0458\u0430\u043d\u043e\u0432\u0430\u0446 \u0438 \u041c\u0435\u0434\u0432\u0435\u0452a\",\"alternateName\":\"\u041a\u043e\u043e\u0440\u0434\u0438\u043d\u0430\u0446\u0438\u043e\u043d\u043e \u0442\u0435\u043b\u043e\",\"url\":\"https:\\\/\\\/kt.gov.rs\\\/\",\"logo\":{\"@type\":\"ImageObject\",\"inLanguage\":\"sq-AL\",\"@id\":\"https:\\\/\\\/kt.gov.rs\\\/#\\\/schema\\\/logo\\\/image\\\/\",\"url\":\"https:\\\/\\\/kt.gov.rs\\\/wp-content\\\/uploads\\\/2024\\\/12\\\/koord2.jpg\",\"contentUrl\":\"https:\\\/\\\/kt.gov.rs\\\/wp-content\\\/uploads\\\/2024\\\/12\\\/koord2.jpg\",\"width\":640,\"height\":480,\"caption\":\"\u041a\u043e\u043e\u0440\u0434\u0438\u043d\u0430\u0446\u0438\u043e\u043d\u043e \u0442\u0435\u043b\u043e \u0412\u043b\u0430\u0434\u0435 \u0420\u0435\u043f\u0443\u0431\u043b\u0438\u043a\u0435 \u0421\u0440\u0431\u0438\u0458\u0435 \u0437\u0430 \u043e\u043f\u0448\u0442\u0438\u043d\u0435 \u041f\u0440\u0435\u0448\u0435\u0432\u043e, \u0411\u0443\u0458\u0430\u043d\u043e\u0432\u0430\u0446 \u0438 \u041c\u0435\u0434\u0432\u0435\u0452a\"},\"image\":{\"@id\":\"https:\\\/\\\/kt.gov.rs\\\/#\\\/schema\\\/logo\\\/image\\\/\"},\"sameAs\":[\"https:\\\/\\\/www.facebook.com\\\/SluzbaKoordinacionogTelaVladeRepublikeSrbije\",\"https:\\\/\\\/x.com\\\/kt_gov\",\"https:\\\/\\\/www.youtube.com\\\/@koordinacionotelo\"]},{\"@type\":\"Person\",\"@id\":\"https:\\\/\\\/kt.gov.rs\\\/#\\\/schema\\\/person\\\/e426459ddb4173309103390602694571\",\"name\":\"ktmin\",\"image\":{\"@type\":\"ImageObject\",\"inLanguage\":\"sq-AL\",\"@id\":\"https:\\\/\\\/secure.gravatar.com\\\/avatar\\\/3985c961109853010c3fbc7ba30365bfba5db3dd6c525831d9c595c7525a615a?s=96&d=mm&r=g\",\"url\":\"https:\\\/\\\/secure.gravatar.com\\\/avatar\\\/3985c961109853010c3fbc7ba30365bfba5db3dd6c525831d9c595c7525a615a?s=96&d=mm&r=g\",\"contentUrl\":\"https:\\\/\\\/secure.gravatar.com\\\/avatar\\\/3985c961109853010c3fbc7ba30365bfba5db3dd6c525831d9c595c7525a615a?s=96&d=mm&r=g\",\"caption\":\"ktmin\"},\"sameAs\":[\"https:\\\/\\\/kt.gov.rs\"],\"url\":\"https:\\\/\\\/kt.gov.rs\\\/sq\\\/author\\\/ktmin\\\/\"}]}<\/script>\n<!-- \/ Yoast SEO plugin. -->","yoast_head_json":{"title":"LIBRA FALAS P\u00cbR 84.000 NX\u00cbN\u00cbS, DHE SHIKONI SE KUSH KA T\u00cb DREJT\u00cb T`I MERR\u00cb ATO - Republika e S\u00ebrbis\u00eb Trupi Koordinues p\u00ebr komunat Bujanoc, Preshev\u00eb dhe Medvegj\u00eb","robots":{"index":"index","follow":"follow","max-snippet":"max-snippet:-1","max-image-preview":"max-image-preview:large","max-video-preview":"max-video-preview:-1"},"canonical":"https:\/\/kt.gov.rs\/sq\/libra-falas-per-84-000-nxenes-dhe-shikoni-se-kush-ka-te-drejte-t-i-merre-ato\/","og_locale":"sq_AL","og_type":"article","og_title":"LIBRA FALAS P\u00cbR 84.000 NX\u00cbN\u00cbS, DHE SHIKONI SE KUSH KA T\u00cb DREJT\u00cb T`I MERR\u00cb ATO - Republika e S\u00ebrbis\u00eb Trupi Koordinues p\u00ebr komunat Bujanoc, Preshev\u00eb dhe Medvegj\u00eb","og_description":"Beograd -\u00a0Rreth 84,000 nx\u00ebn\u00ebs do t\u00eb marrin libra shkollor\u00eb falas k\u00ebt\u00eb vit. Mesatarisht, numri i familjeve t\u00eb me t\u00eb rrezikuar social po zvog\u00eblohet, dhe shumica e kompleteve t\u00eb librave shkollor\u00eb n\u00eb t\u00eb v\u00ebrtet\u00eb shkojn\u00eb n\u00eb familje me m\u00eb shum\u00eb f\u00ebmij\u00eb, tha Vesna Nedeljkoviq nga Ministria e Arsimit.","og_url":"https:\/\/kt.gov.rs\/sq\/libra-falas-per-84-000-nxenes-dhe-shikoni-se-kush-ka-te-drejte-t-i-merre-ato\/","og_site_name":"Republika e S\u00ebrbis\u00eb Trupi Koordinues p\u00ebr komunat Bujanoc, Preshev\u00eb dhe Medvegj\u00eb","article_publisher":"https:\/\/www.facebook.com\/SluzbaKoordinacionogTelaVladeRepublikeSrbije","article_published_time":"2019-08-15T00:00:00+00:00","article_modified_time":"2024-07-30T19:02:34+00:00","og_image":[{"width":315,"height":230,"url":"https:\/\/kt.gov.rs\/wp-content\/uploads\/2024\/07\/1565871095_150819_3-5.jpg","type":"image\/jpeg"}],"author":"ktmin","twitter_card":"summary_large_image","twitter_creator":"@kt_gov","twitter_site":"@kt_gov","twitter_misc":{"Written by":"ktmin","Est. reading time":"4 minutes"},"schema":{"@context":"https:\/\/schema.org","@graph":[{"@type":"Article","@id":"https:\/\/kt.gov.rs\/sq\/libra-falas-per-84-000-nxenes-dhe-shikoni-se-kush-ka-te-drejte-t-i-merre-ato\/#article","isPartOf":{"@id":"https:\/\/kt.gov.rs\/sq\/libra-falas-per-84-000-nxenes-dhe-shikoni-se-kush-ka-te-drejte-t-i-merre-ato\/"},"author":{"name":"ktmin","@id":"https:\/\/kt.gov.rs\/#\/schema\/person\/e426459ddb4173309103390602694571"},"headline":"LIBRA FALAS P\u00cbR 84.000 NX\u00cbN\u00cbS, DHE SHIKONI SE KUSH KA T\u00cb DREJT\u00cb T`I MERR\u00cb ATO","datePublished":"2019-08-15T00:00:00+00:00","dateModified":"2024-07-30T19:02:34+00:00","mainEntityOfPage":{"@id":"https:\/\/kt.gov.rs\/sq\/libra-falas-per-84-000-nxenes-dhe-shikoni-se-kush-ka-te-drejte-t-i-merre-ato\/"},"wordCount":800,"publisher":{"@id":"https:\/\/kt.gov.rs\/#organization"},"image":{"@id":"https:\/\/kt.gov.rs\/sq\/libra-falas-per-84-000-nxenes-dhe-shikoni-se-kush-ka-te-drejte-t-i-merre-ato\/#primaryimage"},"thumbnailUrl":"https:\/\/kt.gov.rs\/wp-content\/uploads\/2024\/07\/1565871095_150819_3-5.jpg","articleSection":["Lajme"],"inLanguage":"sq-AL"},{"@type":"WebPage","@id":"https:\/\/kt.gov.rs\/sq\/libra-falas-per-84-000-nxenes-dhe-shikoni-se-kush-ka-te-drejte-t-i-merre-ato\/","url":"https:\/\/kt.gov.rs\/sq\/libra-falas-per-84-000-nxenes-dhe-shikoni-se-kush-ka-te-drejte-t-i-merre-ato\/","name":"LIBRA FALAS P\u00cbR 84.000 NX\u00cbN\u00cbS, DHE SHIKONI SE KUSH KA T\u00cb DREJT\u00cb T`I MERR\u00cb ATO - Republika e S\u00ebrbis\u00eb Trupi Koordinues p\u00ebr komunat Bujanoc, Preshev\u00eb dhe Medvegj\u00eb","isPartOf":{"@id":"https:\/\/kt.gov.rs\/#website"},"primaryImageOfPage":{"@id":"https:\/\/kt.gov.rs\/sq\/libra-falas-per-84-000-nxenes-dhe-shikoni-se-kush-ka-te-drejte-t-i-merre-ato\/#primaryimage"},"image":{"@id":"https:\/\/kt.gov.rs\/sq\/libra-falas-per-84-000-nxenes-dhe-shikoni-se-kush-ka-te-drejte-t-i-merre-ato\/#primaryimage"},"thumbnailUrl":"https:\/\/kt.gov.rs\/wp-content\/uploads\/2024\/07\/1565871095_150819_3-5.jpg","datePublished":"2019-08-15T00:00:00+00:00","dateModified":"2024-07-30T19:02:34+00:00","breadcrumb":{"@id":"https:\/\/kt.gov.rs\/sq\/libra-falas-per-84-000-nxenes-dhe-shikoni-se-kush-ka-te-drejte-t-i-merre-ato\/#breadcrumb"},"inLanguage":"sq-AL","potentialAction":[{"@type":"ReadAction","target":["https:\/\/kt.gov.rs\/sq\/libra-falas-per-84-000-nxenes-dhe-shikoni-se-kush-ka-te-drejte-t-i-merre-ato\/"]}]},{"@type":"ImageObject","inLanguage":"sq-AL","@id":"https:\/\/kt.gov.rs\/sq\/libra-falas-per-84-000-nxenes-dhe-shikoni-se-kush-ka-te-drejte-t-i-merre-ato\/#primaryimage","url":"https:\/\/kt.gov.rs\/wp-content\/uploads\/2024\/07\/1565871095_150819_3-5.jpg","contentUrl":"https:\/\/kt.gov.rs\/wp-content\/uploads\/2024\/07\/1565871095_150819_3-5.jpg","width":315,"height":230},{"@type":"BreadcrumbList","@id":"https:\/\/kt.gov.rs\/sq\/libra-falas-per-84-000-nxenes-dhe-shikoni-se-kush-ka-te-drejte-t-i-merre-ato\/#breadcrumb","itemListElement":[{"@type":"ListItem","position":1,"name":"\u041f\u043e\u0447\u0435\u0442\u043d\u0430","item":"https:\/\/kt.gov.rs\/sq\/"},{"@type":"ListItem","position":2,"name":"LIBRA FALAS P\u00cbR 84.000 NX\u00cbN\u00cbS, DHE SHIKONI SE KUSH KA T\u00cb DREJT\u00cb T`I MERR\u00cb ATO"}]},{"@type":"WebSite","@id":"https:\/\/kt.gov.rs\/#website","url":"https:\/\/kt.gov.rs\/","name":"\u041a\u043e\u043e\u0440\u0434\u0438\u043d\u0430\u0446\u0438\u043e\u043d\u043e \u0442\u0435\u043b\u043e \u0412\u043b\u0430\u0434\u0435 \u0420\u0435\u043f\u0443\u0431\u043b\u0438\u043a\u0435 \u0421\u0440\u0431\u0438\u0458\u0435 \u0437\u0430 \u043e\u043f\u0448\u0442\u0438\u043d\u0435 \u041f\u0440\u0435\u0448\u0435\u0432\u043e, \u0411\u0443\u0458\u0430\u043d\u043e\u0432\u0430\u0446 \u0438 \u041c\u0435\u0434\u0432\u0435\u0452a","description":"","publisher":{"@id":"https:\/\/kt.gov.rs\/#organization"},"alternateName":"\u041a\u043e\u043e\u0440\u0434\u0438\u043d\u0430\u0446\u0438\u043e\u043d\u043e \u0442\u0435\u043b\u043e","potentialAction":[{"@type":"SearchAction","target":{"@type":"EntryPoint","urlTemplate":"https:\/\/kt.gov.rs\/?s={search_term_string}"},"query-input":{"@type":"PropertyValueSpecification","valueRequired":true,"valueName":"search_term_string"}}],"inLanguage":"sq-AL"},{"@type":"Organization","@id":"https:\/\/kt.gov.rs\/#organization","name":"\u041a\u043e\u043e\u0440\u0434\u0438\u043d\u0430\u0446\u0438\u043e\u043d\u043e \u0442\u0435\u043b\u043e \u0412\u043b\u0430\u0434\u0435 \u0420\u0435\u043f\u0443\u0431\u043b\u0438\u043a\u0435 \u0421\u0440\u0431\u0438\u0458\u0435 \u0437\u0430 \u043e\u043f\u0448\u0442\u0438\u043d\u0435 \u041f\u0440\u0435\u0448\u0435\u0432\u043e, \u0411\u0443\u0458\u0430\u043d\u043e\u0432\u0430\u0446 \u0438 \u041c\u0435\u0434\u0432\u0435\u0452a","alternateName":"\u041a\u043e\u043e\u0440\u0434\u0438\u043d\u0430\u0446\u0438\u043e\u043d\u043e \u0442\u0435\u043b\u043e","url":"https:\/\/kt.gov.rs\/","logo":{"@type":"ImageObject","inLanguage":"sq-AL","@id":"https:\/\/kt.gov.rs\/#\/schema\/logo\/image\/","url":"https:\/\/kt.gov.rs\/wp-content\/uploads\/2024\/12\/koord2.jpg","contentUrl":"https:\/\/kt.gov.rs\/wp-content\/uploads\/2024\/12\/koord2.jpg","width":640,"height":480,"caption":"\u041a\u043e\u043e\u0440\u0434\u0438\u043d\u0430\u0446\u0438\u043e\u043d\u043e \u0442\u0435\u043b\u043e \u0412\u043b\u0430\u0434\u0435 \u0420\u0435\u043f\u0443\u0431\u043b\u0438\u043a\u0435 \u0421\u0440\u0431\u0438\u0458\u0435 \u0437\u0430 \u043e\u043f\u0448\u0442\u0438\u043d\u0435 \u041f\u0440\u0435\u0448\u0435\u0432\u043e, \u0411\u0443\u0458\u0430\u043d\u043e\u0432\u0430\u0446 \u0438 \u041c\u0435\u0434\u0432\u0435\u0452a"},"image":{"@id":"https:\/\/kt.gov.rs\/#\/schema\/logo\/image\/"},"sameAs":["https:\/\/www.facebook.com\/SluzbaKoordinacionogTelaVladeRepublikeSrbije","https:\/\/x.com\/kt_gov","https:\/\/www.youtube.com\/@koordinacionotelo"]},{"@type":"Person","@id":"https:\/\/kt.gov.rs\/#\/schema\/person\/e426459ddb4173309103390602694571","name":"ktmin","image":{"@type":"ImageObject","inLanguage":"sq-AL","@id":"https:\/\/secure.gravatar.com\/avatar\/3985c961109853010c3fbc7ba30365bfba5db3dd6c525831d9c595c7525a615a?s=96&d=mm&r=g","url":"https:\/\/secure.gravatar.com\/avatar\/3985c961109853010c3fbc7ba30365bfba5db3dd6c525831d9c595c7525a615a?s=96&d=mm&r=g","contentUrl":"https:\/\/secure.gravatar.com\/avatar\/3985c961109853010c3fbc7ba30365bfba5db3dd6c525831d9c595c7525a615a?s=96&d=mm&r=g","caption":"ktmin"},"sameAs":["https:\/\/kt.gov.rs"],"url":"https:\/\/kt.gov.rs\/sq\/author\/ktmin\/"}]}},"_links":{"self":[{"href":"https:\/\/kt.gov.rs\/sq\/wp-json\/wp\/v2\/posts\/116451","targetHints":{"allow":["GET"]}}],"collection":[{"href":"https:\/\/kt.gov.rs\/sq\/wp-json\/wp\/v2\/posts"}],"about":[{"href":"https:\/\/kt.gov.rs\/sq\/wp-json\/wp\/v2\/types\/post"}],"author":[{"embeddable":true,"href":"https:\/\/kt.gov.rs\/sq\/wp-json\/wp\/v2\/users\/1"}],"replies":[{"embeddable":true,"href":"https:\/\/kt.gov.rs\/sq\/wp-json\/wp\/v2\/comments?post=116451"}],"version-history":[{"count":1,"href":"https:\/\/kt.gov.rs\/sq\/wp-json\/wp\/v2\/posts\/116451\/revisions"}],"predecessor-version":[{"id":116455,"href":"https:\/\/kt.gov.rs\/sq\/wp-json\/wp\/v2\/posts\/116451\/revisions\/116455"}],"wp:featuredmedia":[{"embeddable":true,"href":"https:\/\/kt.gov.rs\/sq\/wp-json\/wp\/v2\/media\/116456"}],"wp:attachment":[{"href":"https:\/\/kt.gov.rs\/sq\/wp-json\/wp\/v2\/media?parent=116451"}],"wp:term":[{"taxonomy":"category","embeddable":true,"href":"https:\/\/kt.gov.rs\/sq\/wp-json\/wp\/v2\/categories?post=116451"},{"taxonomy":"post_tag","embeddable":true,"href":"https:\/\/kt.gov.rs\/sq\/wp-json\/wp\/v2\/tags?post=116451"}],"curies":[{"name":"wp","href":"https:\/\/api.w.org\/{rel}","templated":true}]}}