{"id":115962,"date":"2019-09-19T00:00:00","date_gmt":"2019-09-19T00:00:00","guid":{"rendered":"http:\/\/kt.printandscreen.rs\/fondi-per-lokal-ka-ndare-490-milione-dinare-per-qytetet-dhe-komunat\/"},"modified":"2024-07-30T18:10:52","modified_gmt":"2024-07-30T18:10:52","slug":"fondi-per-lokal-ka-ndare-490-milione-dinare-per-qytetet-dhe-komunat","status":"publish","type":"post","link":"https:\/\/kt.gov.rs\/sq\/fondi-per-lokal-ka-ndare-490-milione-dinare-per-qytetet-dhe-komunat\/","title":{"rendered":"FONDI P\u00cbR LOKAL KA NDAR\u00cb 490 MILION\u00cb DINAR\u00cb P\u00cbR QYTETET DHE KOMUNAT"},"content":{"rendered":"<p>\n\t<strong><img decoding=\"async\" alt=\"\" src=\"https:\/\/kt.gov.rs\/wp-content\/uploads\/2024\/07\/1568885030_19092019_5-4.jpg\" style=\"width: 315px; height: 230px; float: left;\" \/><\/strong><strong>Beograd \u2013<\/strong> Ministria e Administrimit t\u00eb Shtetit dhe Vet\u00ebqeverisjes Lokale ka ndar\u00eb 490 milion dinar\u00eb p\u00ebr 77 projekte t\u00eb qyteteve dhe komunave k\u00ebt\u00eb vit n\u00eb Fondin Lokal, dhe \u00ebsht\u00eb planifikuar q\u00eb k\u00ebto fonde t\u00eb jen\u00eb edhe m\u00eb t\u00eb larta vitin e ardhsh\u00ebm, tha ministri i administrat\u00ebs shtet\u00ebrore dhe vet\u00ebqeverisjes lokale, Branko Ruzhiq.<\/p>\n<p>\n\t&quot;Fondet p\u00ebr Fondin Lokal po rriten nga viti n\u00eb vit. K\u00ebt\u00eb vit, si\u00e7 ishte premtuar, ne siguruam 50 p\u00ebrqind m\u00eb shum\u00eb para sesa n\u00eb vitin 2018, &quot;tha Ruzhiq.<\/p>\n<p>\n\tAi sqaroi se Fondi mb\u00ebshteti projekte p\u00ebr nj\u00eb infrastruktur\u00eb m\u00eb t\u00eb mir\u00eb, zhvillimin e e qeverisjes, organizimin e kulturave, turizmit dhe ngjarje t\u00eb tjera, si dhe veprime parandaluese p\u00ebr t\u00eb zvog\u00ebluar rrezikun e ndryshimit t\u00eb klim\u00ebs, si dhe fatkeq\u00ebsi natyrore dhe t\u00eb tjera.<\/p>\n<p>\n\t&quot;Jam i k\u00ebnaqur q\u00eb k\u00ebt\u00eb vit ne ishim n\u00eb gjendje t&#39;u p\u00ebrgjigjen k\u00ebrkesave dhe nevojave t\u00eb qyteteve dhe komunave dhe t&#39;i ndihmojm\u00eb ata t\u00eb financojn\u00eb projekte q\u00eb do t\u00eb p\u00ebrmir\u00ebsojn\u00eb cil\u00ebsin\u00eb e jet\u00ebs s\u00eb qytetar\u00ebve n\u00eb nivelin lokal&quot;, tha ministri.<\/p>\n<p>\n\tFondi p\u00ebr themelimin \u00ebsht\u00eb rreth 490 milion RSD k\u00ebt\u00eb vit, dhe gjithsej 77 projekte jan\u00eb miratuara. Fondet jan\u00eb aprovuar p\u00ebr kat\u00ebr grupe projektesh:<\/p>\n<p>\n\tP\u00ebr 33 projekte t\u00eb infrastruktur\u00ebs p\u00ebr t\u00eb cilat ato p\u00ebrmir\u00ebsojn\u00eb cil\u00ebsin\u00eb e jet\u00ebs dhe kontribuojn\u00eb n\u00eb zhvillimin ekonomik lokal dhe pun\u00ebsimin \u2013 nd\u00ebrtimin dhe rind\u00ebrtimin e infrastruktur\u00ebs komunale, shkollore, parashkollore, objekteve kulturore dhe sportive, si dhe nd\u00ebrtesat e institucioneve vendore, pastaj rregullimin e parqeve, tregjeve, shesheve dhe ndri\u00e7imit \u2013 rreth 356 miliona dinar\u00eb (disa prej tyre jan\u00eb nd\u00ebrtimi i strehimoreve p\u00ebr qen dhe endacak\u00eb n\u00eb Novi Pazar, rregullimi i parter\u00ebve pran\u00eb Muzeut Komb\u00ebtar n\u00eb Uzhic\u00eb, nd\u00ebrtimi i nj\u00eb ure mbi lumin Ib\u00ebr n\u00eb fshatin Rvati n\u00eb komun\u00ebn Rashka, rind\u00ebrtimi i Shkolla e Diellit n\u00eb Kurshumli, vazhdimin e nd\u00ebrtimit t\u00eb Institucionit Parashkollor G\u00ebzimi Yn\u00eb n\u00eb Bllac\u2026.)<\/p>\n<p>\n\tP\u00ebr 14 projekte E-uprav\u00ebs q\u00eb kontribuojn\u00eb n\u00eb prezantimin m\u00eb t\u00eb shpejt\u00eb t\u00eb E-uprav\u00ebs dhe teknologjive moderne t\u00eb informacionit p\u00ebr t\u00eb p\u00ebrmir\u00ebsuar dhe modernizuar pun\u00ebn e qeverive lokale dhe ofrimin e sh\u00ebrbimeve m\u00eb t\u00eb mira p\u00ebr qytetar\u00ebt, si dhe kushtet teknike p\u00ebr lidhje elektronike me shtetin dhe organet dhe organizatat e tjera \u2013 rreth 48 milion dinar\u00eb ( futja e sistemit t\u00eb e-seancave n\u00eb Kikind, p\u00ebrmir\u00ebsimi i sistemit t\u00eb mbledhjes elektronike n\u00eb Sent\u00eb, p\u00ebrmir\u00ebsimi dhe modernizimi i pun\u00ebs n\u00eb administrat\u00ebn komunale n\u00eb Medvegj\u00eb etj.)<\/p>\n<p>\n\tP\u00ebr 22 projekte t\u00eb organizimit manifestimeve sportive, kulutore, turistike dhe ngjarjeve tjera t\u00eb tjera me r\u00ebnd\u00ebsi t\u00eb ve\u00e7ant\u00eb p\u00ebr qytetar\u00ebt n\u00eb territorin e saj \u2013 rreth 48 milion dinar\u00eb (Panairi Etno n\u00eb Topoll\u00eb, Driningrad n\u00eb Bajina Bashta, Vera e Vllasin\u00ebs, Kupusijada n\u00eb M\u00ebr\u00e7ajevc, Belmuzhijada)<\/p>\n<p>\n\tP\u00ebr 8 projekte t\u00eb veprimit parandalues \u200b\u200bp\u00ebr t\u00eb zvog\u00ebluar rrezikun e ndryshimit t\u00eb klim\u00ebs, si dhe fatkeq\u00ebsi natyrore dhe t\u00eb tjera, t\u00eb gjitha me q\u00ebllim t\u00eb mbrojtjes s\u00eb pron\u00ebs s\u00eb qeverive lokale dhe qytetar\u00ebve \u2013 34 milion dinar\u00eb (P\u00ebr mb\u00ebshtetjen e interesave t\u00eb pron\u00ebs dhe bujq\u00ebsis\u00eb, komunat Bogatiq, Aleksandrovc, Zhitishte, etj.) Bllac\u00eb, Meroshina, Veliko Gradisht\u00eb dhe qytetet Pozharevc dhe \u00c7a\u00e7ak).<\/p>\n<p>\n\t<strong>Burimi: Biznis Telegraf dhe Trupi Koordinues <\/strong><\/p>\n<p>\n\t\u00a0<\/p>\n","protected":false},"excerpt":{"rendered":"<p>Beograd \u2013\u00a0Ministria e Administrimit t\u00eb Shtetit dhe Vet\u00ebqeverisjes Lokale ka ndar\u00eb 490 milion dinar\u00eb p\u00ebr 77 projekte t\u00eb qyteteve dhe komunave k\u00ebt\u00eb vit n\u00eb Fondin Lokal, dhe \u00ebsht\u00eb planifikuar q\u00eb k\u00ebto fonde t\u00eb jen\u00eb edhe m\u00eb t\u00eb larta vitin e ardhsh\u00ebm, tha ministri i administrat\u00ebs shtet\u00ebrore dhe vet\u00ebqeverisjes lokale, Branko Ruzhiq.<\/p>\n","protected":false},"author":1,"featured_media":115967,"comment_status":"closed","ping_status":"closed","sticky":false,"template":"","format":"standard","meta":{"footnotes":""},"categories":[55],"tags":[],"class_list":["post-115962","post","type-post","status-publish","format-standard","has-post-thumbnail","hentry","category-lajme"],"yoast_head":"<!-- This site is optimized with the Yoast SEO plugin v27.5 - https:\/\/yoast.com\/product\/yoast-seo-wordpress\/ -->\n<title>FONDI P\u00cbR LOKAL KA NDAR\u00cb 490 MILION\u00cb DINAR\u00cb P\u00cbR QYTETET DHE KOMUNAT - Republika e S\u00ebrbis\u00eb Trupi Koordinues p\u00ebr komunat Bujanoc, Preshev\u00eb dhe Medvegj\u00eb<\/title>\n<meta name=\"robots\" content=\"index, follow, max-snippet:-1, max-image-preview:large, max-video-preview:-1\" \/>\n<link rel=\"canonical\" href=\"https:\/\/kt.gov.rs\/sq\/fondi-per-lokal-ka-ndare-490-milione-dinare-per-qytetet-dhe-komunat\/\" \/>\n<meta property=\"og:locale\" content=\"sq_AL\" \/>\n<meta property=\"og:type\" content=\"article\" \/>\n<meta property=\"og:title\" content=\"FONDI P\u00cbR LOKAL KA NDAR\u00cb 490 MILION\u00cb DINAR\u00cb P\u00cbR QYTETET DHE KOMUNAT - Republika e S\u00ebrbis\u00eb Trupi Koordinues p\u00ebr komunat Bujanoc, Preshev\u00eb dhe Medvegj\u00eb\" \/>\n<meta property=\"og:description\" content=\"Beograd -\u00a0Ministria e Administrimit t\u00eb Shtetit dhe Vet\u00ebqeverisjes Lokale ka ndar\u00eb 490 milion dinar\u00eb p\u00ebr 77 projekte t\u00eb qyteteve dhe komunave k\u00ebt\u00eb vit n\u00eb Fondin Lokal, dhe \u00ebsht\u00eb planifikuar q\u00eb k\u00ebto fonde t\u00eb jen\u00eb edhe m\u00eb t\u00eb larta vitin e ardhsh\u00ebm, tha ministri i administrat\u00ebs shtet\u00ebrore dhe vet\u00ebqeverisjes lokale, Branko Ruzhiq.\" \/>\n<meta property=\"og:url\" content=\"https:\/\/kt.gov.rs\/sq\/fondi-per-lokal-ka-ndare-490-milione-dinare-per-qytetet-dhe-komunat\/\" \/>\n<meta property=\"og:site_name\" content=\"Republika e S\u00ebrbis\u00eb Trupi Koordinues p\u00ebr komunat Bujanoc, Preshev\u00eb dhe Medvegj\u00eb\" \/>\n<meta property=\"article:publisher\" content=\"https:\/\/www.facebook.com\/SluzbaKoordinacionogTelaVladeRepublikeSrbije\" \/>\n<meta property=\"article:published_time\" content=\"2019-09-19T00:00:00+00:00\" \/>\n<meta property=\"article:modified_time\" content=\"2024-07-30T18:10:52+00:00\" \/>\n<meta property=\"og:image\" content=\"https:\/\/kt.gov.rs\/wp-content\/uploads\/2024\/07\/1568885030_19092019_5-5.jpg\" \/>\n\t<meta property=\"og:image:width\" content=\"315\" \/>\n\t<meta property=\"og:image:height\" content=\"230\" \/>\n\t<meta property=\"og:image:type\" content=\"image\/jpeg\" \/>\n<meta name=\"author\" content=\"ktmin\" \/>\n<meta name=\"twitter:card\" content=\"summary_large_image\" \/>\n<meta name=\"twitter:creator\" content=\"@kt_gov\" \/>\n<meta name=\"twitter:site\" content=\"@kt_gov\" \/>\n<meta name=\"twitter:label1\" content=\"Written by\" \/>\n\t<meta name=\"twitter:data1\" content=\"ktmin\" \/>\n\t<meta name=\"twitter:label2\" content=\"Est. reading time\" \/>\n\t<meta name=\"twitter:data2\" content=\"4 minutes\" \/>\n<script type=\"application\/ld+json\" class=\"yoast-schema-graph\">{\"@context\":\"https:\\\/\\\/schema.org\",\"@graph\":[{\"@type\":\"Article\",\"@id\":\"https:\\\/\\\/kt.gov.rs\\\/sq\\\/fondi-per-lokal-ka-ndare-490-milione-dinare-per-qytetet-dhe-komunat\\\/#article\",\"isPartOf\":{\"@id\":\"https:\\\/\\\/kt.gov.rs\\\/sq\\\/fondi-per-lokal-ka-ndare-490-milione-dinare-per-qytetet-dhe-komunat\\\/\"},\"author\":{\"name\":\"ktmin\",\"@id\":\"https:\\\/\\\/kt.gov.rs\\\/#\\\/schema\\\/person\\\/e426459ddb4173309103390602694571\"},\"headline\":\"FONDI P\u00cbR LOKAL KA NDAR\u00cb 490 MILION\u00cb DINAR\u00cb P\u00cbR QYTETET DHE KOMUNAT\",\"datePublished\":\"2019-09-19T00:00:00+00:00\",\"dateModified\":\"2024-07-30T18:10:52+00:00\",\"mainEntityOfPage\":{\"@id\":\"https:\\\/\\\/kt.gov.rs\\\/sq\\\/fondi-per-lokal-ka-ndare-490-milione-dinare-per-qytetet-dhe-komunat\\\/\"},\"wordCount\":784,\"publisher\":{\"@id\":\"https:\\\/\\\/kt.gov.rs\\\/#organization\"},\"image\":{\"@id\":\"https:\\\/\\\/kt.gov.rs\\\/sq\\\/fondi-per-lokal-ka-ndare-490-milione-dinare-per-qytetet-dhe-komunat\\\/#primaryimage\"},\"thumbnailUrl\":\"https:\\\/\\\/kt.gov.rs\\\/wp-content\\\/uploads\\\/2024\\\/07\\\/1568885030_19092019_5-5.jpg\",\"articleSection\":[\"Lajme\"],\"inLanguage\":\"sq-AL\"},{\"@type\":\"WebPage\",\"@id\":\"https:\\\/\\\/kt.gov.rs\\\/sq\\\/fondi-per-lokal-ka-ndare-490-milione-dinare-per-qytetet-dhe-komunat\\\/\",\"url\":\"https:\\\/\\\/kt.gov.rs\\\/sq\\\/fondi-per-lokal-ka-ndare-490-milione-dinare-per-qytetet-dhe-komunat\\\/\",\"name\":\"FONDI P\u00cbR LOKAL KA NDAR\u00cb 490 MILION\u00cb DINAR\u00cb P\u00cbR QYTETET DHE KOMUNAT - Republika e S\u00ebrbis\u00eb Trupi Koordinues p\u00ebr komunat Bujanoc, Preshev\u00eb dhe Medvegj\u00eb\",\"isPartOf\":{\"@id\":\"https:\\\/\\\/kt.gov.rs\\\/#website\"},\"primaryImageOfPage\":{\"@id\":\"https:\\\/\\\/kt.gov.rs\\\/sq\\\/fondi-per-lokal-ka-ndare-490-milione-dinare-per-qytetet-dhe-komunat\\\/#primaryimage\"},\"image\":{\"@id\":\"https:\\\/\\\/kt.gov.rs\\\/sq\\\/fondi-per-lokal-ka-ndare-490-milione-dinare-per-qytetet-dhe-komunat\\\/#primaryimage\"},\"thumbnailUrl\":\"https:\\\/\\\/kt.gov.rs\\\/wp-content\\\/uploads\\\/2024\\\/07\\\/1568885030_19092019_5-5.jpg\",\"datePublished\":\"2019-09-19T00:00:00+00:00\",\"dateModified\":\"2024-07-30T18:10:52+00:00\",\"breadcrumb\":{\"@id\":\"https:\\\/\\\/kt.gov.rs\\\/sq\\\/fondi-per-lokal-ka-ndare-490-milione-dinare-per-qytetet-dhe-komunat\\\/#breadcrumb\"},\"inLanguage\":\"sq-AL\",\"potentialAction\":[{\"@type\":\"ReadAction\",\"target\":[\"https:\\\/\\\/kt.gov.rs\\\/sq\\\/fondi-per-lokal-ka-ndare-490-milione-dinare-per-qytetet-dhe-komunat\\\/\"]}]},{\"@type\":\"ImageObject\",\"inLanguage\":\"sq-AL\",\"@id\":\"https:\\\/\\\/kt.gov.rs\\\/sq\\\/fondi-per-lokal-ka-ndare-490-milione-dinare-per-qytetet-dhe-komunat\\\/#primaryimage\",\"url\":\"https:\\\/\\\/kt.gov.rs\\\/wp-content\\\/uploads\\\/2024\\\/07\\\/1568885030_19092019_5-5.jpg\",\"contentUrl\":\"https:\\\/\\\/kt.gov.rs\\\/wp-content\\\/uploads\\\/2024\\\/07\\\/1568885030_19092019_5-5.jpg\",\"width\":315,\"height\":230},{\"@type\":\"BreadcrumbList\",\"@id\":\"https:\\\/\\\/kt.gov.rs\\\/sq\\\/fondi-per-lokal-ka-ndare-490-milione-dinare-per-qytetet-dhe-komunat\\\/#breadcrumb\",\"itemListElement\":[{\"@type\":\"ListItem\",\"position\":1,\"name\":\"\u041f\u043e\u0447\u0435\u0442\u043d\u0430\",\"item\":\"https:\\\/\\\/kt.gov.rs\\\/sq\\\/\"},{\"@type\":\"ListItem\",\"position\":2,\"name\":\"FONDI P\u00cbR LOKAL KA NDAR\u00cb 490 MILION\u00cb DINAR\u00cb P\u00cbR QYTETET DHE KOMUNAT\"}]},{\"@type\":\"WebSite\",\"@id\":\"https:\\\/\\\/kt.gov.rs\\\/#website\",\"url\":\"https:\\\/\\\/kt.gov.rs\\\/\",\"name\":\"\u041a\u043e\u043e\u0440\u0434\u0438\u043d\u0430\u0446\u0438\u043e\u043d\u043e \u0442\u0435\u043b\u043e \u0412\u043b\u0430\u0434\u0435 \u0420\u0435\u043f\u0443\u0431\u043b\u0438\u043a\u0435 \u0421\u0440\u0431\u0438\u0458\u0435 \u0437\u0430 \u043e\u043f\u0448\u0442\u0438\u043d\u0435 \u041f\u0440\u0435\u0448\u0435\u0432\u043e, \u0411\u0443\u0458\u0430\u043d\u043e\u0432\u0430\u0446 \u0438 \u041c\u0435\u0434\u0432\u0435\u0452a\",\"description\":\"\",\"publisher\":{\"@id\":\"https:\\\/\\\/kt.gov.rs\\\/#organization\"},\"alternateName\":\"\u041a\u043e\u043e\u0440\u0434\u0438\u043d\u0430\u0446\u0438\u043e\u043d\u043e \u0442\u0435\u043b\u043e\",\"potentialAction\":[{\"@type\":\"SearchAction\",\"target\":{\"@type\":\"EntryPoint\",\"urlTemplate\":\"https:\\\/\\\/kt.gov.rs\\\/?s={search_term_string}\"},\"query-input\":{\"@type\":\"PropertyValueSpecification\",\"valueRequired\":true,\"valueName\":\"search_term_string\"}}],\"inLanguage\":\"sq-AL\"},{\"@type\":\"Organization\",\"@id\":\"https:\\\/\\\/kt.gov.rs\\\/#organization\",\"name\":\"\u041a\u043e\u043e\u0440\u0434\u0438\u043d\u0430\u0446\u0438\u043e\u043d\u043e \u0442\u0435\u043b\u043e \u0412\u043b\u0430\u0434\u0435 \u0420\u0435\u043f\u0443\u0431\u043b\u0438\u043a\u0435 \u0421\u0440\u0431\u0438\u0458\u0435 \u0437\u0430 \u043e\u043f\u0448\u0442\u0438\u043d\u0435 \u041f\u0440\u0435\u0448\u0435\u0432\u043e, \u0411\u0443\u0458\u0430\u043d\u043e\u0432\u0430\u0446 \u0438 \u041c\u0435\u0434\u0432\u0435\u0452a\",\"alternateName\":\"\u041a\u043e\u043e\u0440\u0434\u0438\u043d\u0430\u0446\u0438\u043e\u043d\u043e \u0442\u0435\u043b\u043e\",\"url\":\"https:\\\/\\\/kt.gov.rs\\\/\",\"logo\":{\"@type\":\"ImageObject\",\"inLanguage\":\"sq-AL\",\"@id\":\"https:\\\/\\\/kt.gov.rs\\\/#\\\/schema\\\/logo\\\/image\\\/\",\"url\":\"https:\\\/\\\/kt.gov.rs\\\/wp-content\\\/uploads\\\/2024\\\/12\\\/koord2.jpg\",\"contentUrl\":\"https:\\\/\\\/kt.gov.rs\\\/wp-content\\\/uploads\\\/2024\\\/12\\\/koord2.jpg\",\"width\":640,\"height\":480,\"caption\":\"\u041a\u043e\u043e\u0440\u0434\u0438\u043d\u0430\u0446\u0438\u043e\u043d\u043e \u0442\u0435\u043b\u043e \u0412\u043b\u0430\u0434\u0435 \u0420\u0435\u043f\u0443\u0431\u043b\u0438\u043a\u0435 \u0421\u0440\u0431\u0438\u0458\u0435 \u0437\u0430 \u043e\u043f\u0448\u0442\u0438\u043d\u0435 \u041f\u0440\u0435\u0448\u0435\u0432\u043e, \u0411\u0443\u0458\u0430\u043d\u043e\u0432\u0430\u0446 \u0438 \u041c\u0435\u0434\u0432\u0435\u0452a\"},\"image\":{\"@id\":\"https:\\\/\\\/kt.gov.rs\\\/#\\\/schema\\\/logo\\\/image\\\/\"},\"sameAs\":[\"https:\\\/\\\/www.facebook.com\\\/SluzbaKoordinacionogTelaVladeRepublikeSrbije\",\"https:\\\/\\\/x.com\\\/kt_gov\",\"https:\\\/\\\/www.youtube.com\\\/@koordinacionotelo\"]},{\"@type\":\"Person\",\"@id\":\"https:\\\/\\\/kt.gov.rs\\\/#\\\/schema\\\/person\\\/e426459ddb4173309103390602694571\",\"name\":\"ktmin\",\"image\":{\"@type\":\"ImageObject\",\"inLanguage\":\"sq-AL\",\"@id\":\"https:\\\/\\\/secure.gravatar.com\\\/avatar\\\/3985c961109853010c3fbc7ba30365bfba5db3dd6c525831d9c595c7525a615a?s=96&d=mm&r=g\",\"url\":\"https:\\\/\\\/secure.gravatar.com\\\/avatar\\\/3985c961109853010c3fbc7ba30365bfba5db3dd6c525831d9c595c7525a615a?s=96&d=mm&r=g\",\"contentUrl\":\"https:\\\/\\\/secure.gravatar.com\\\/avatar\\\/3985c961109853010c3fbc7ba30365bfba5db3dd6c525831d9c595c7525a615a?s=96&d=mm&r=g\",\"caption\":\"ktmin\"},\"sameAs\":[\"https:\\\/\\\/kt.gov.rs\"],\"url\":\"https:\\\/\\\/kt.gov.rs\\\/sq\\\/author\\\/ktmin\\\/\"}]}<\/script>\n<!-- \/ Yoast SEO plugin. -->","yoast_head_json":{"title":"FONDI P\u00cbR LOKAL KA NDAR\u00cb 490 MILION\u00cb DINAR\u00cb P\u00cbR QYTETET DHE KOMUNAT - Republika e S\u00ebrbis\u00eb Trupi Koordinues p\u00ebr komunat Bujanoc, Preshev\u00eb dhe Medvegj\u00eb","robots":{"index":"index","follow":"follow","max-snippet":"max-snippet:-1","max-image-preview":"max-image-preview:large","max-video-preview":"max-video-preview:-1"},"canonical":"https:\/\/kt.gov.rs\/sq\/fondi-per-lokal-ka-ndare-490-milione-dinare-per-qytetet-dhe-komunat\/","og_locale":"sq_AL","og_type":"article","og_title":"FONDI P\u00cbR LOKAL KA NDAR\u00cb 490 MILION\u00cb DINAR\u00cb P\u00cbR QYTETET DHE KOMUNAT - Republika e S\u00ebrbis\u00eb Trupi Koordinues p\u00ebr komunat Bujanoc, Preshev\u00eb dhe Medvegj\u00eb","og_description":"Beograd -\u00a0Ministria e Administrimit t\u00eb Shtetit dhe Vet\u00ebqeverisjes Lokale ka ndar\u00eb 490 milion dinar\u00eb p\u00ebr 77 projekte t\u00eb qyteteve dhe komunave k\u00ebt\u00eb vit n\u00eb Fondin Lokal, dhe \u00ebsht\u00eb planifikuar q\u00eb k\u00ebto fonde t\u00eb jen\u00eb edhe m\u00eb t\u00eb larta vitin e ardhsh\u00ebm, tha ministri i administrat\u00ebs shtet\u00ebrore dhe vet\u00ebqeverisjes lokale, Branko Ruzhiq.","og_url":"https:\/\/kt.gov.rs\/sq\/fondi-per-lokal-ka-ndare-490-milione-dinare-per-qytetet-dhe-komunat\/","og_site_name":"Republika e S\u00ebrbis\u00eb Trupi Koordinues p\u00ebr komunat Bujanoc, Preshev\u00eb dhe Medvegj\u00eb","article_publisher":"https:\/\/www.facebook.com\/SluzbaKoordinacionogTelaVladeRepublikeSrbije","article_published_time":"2019-09-19T00:00:00+00:00","article_modified_time":"2024-07-30T18:10:52+00:00","og_image":[{"width":315,"height":230,"url":"https:\/\/kt.gov.rs\/wp-content\/uploads\/2024\/07\/1568885030_19092019_5-5.jpg","type":"image\/jpeg"}],"author":"ktmin","twitter_card":"summary_large_image","twitter_creator":"@kt_gov","twitter_site":"@kt_gov","twitter_misc":{"Written by":"ktmin","Est. reading time":"4 minutes"},"schema":{"@context":"https:\/\/schema.org","@graph":[{"@type":"Article","@id":"https:\/\/kt.gov.rs\/sq\/fondi-per-lokal-ka-ndare-490-milione-dinare-per-qytetet-dhe-komunat\/#article","isPartOf":{"@id":"https:\/\/kt.gov.rs\/sq\/fondi-per-lokal-ka-ndare-490-milione-dinare-per-qytetet-dhe-komunat\/"},"author":{"name":"ktmin","@id":"https:\/\/kt.gov.rs\/#\/schema\/person\/e426459ddb4173309103390602694571"},"headline":"FONDI P\u00cbR LOKAL KA NDAR\u00cb 490 MILION\u00cb DINAR\u00cb P\u00cbR QYTETET DHE KOMUNAT","datePublished":"2019-09-19T00:00:00+00:00","dateModified":"2024-07-30T18:10:52+00:00","mainEntityOfPage":{"@id":"https:\/\/kt.gov.rs\/sq\/fondi-per-lokal-ka-ndare-490-milione-dinare-per-qytetet-dhe-komunat\/"},"wordCount":784,"publisher":{"@id":"https:\/\/kt.gov.rs\/#organization"},"image":{"@id":"https:\/\/kt.gov.rs\/sq\/fondi-per-lokal-ka-ndare-490-milione-dinare-per-qytetet-dhe-komunat\/#primaryimage"},"thumbnailUrl":"https:\/\/kt.gov.rs\/wp-content\/uploads\/2024\/07\/1568885030_19092019_5-5.jpg","articleSection":["Lajme"],"inLanguage":"sq-AL"},{"@type":"WebPage","@id":"https:\/\/kt.gov.rs\/sq\/fondi-per-lokal-ka-ndare-490-milione-dinare-per-qytetet-dhe-komunat\/","url":"https:\/\/kt.gov.rs\/sq\/fondi-per-lokal-ka-ndare-490-milione-dinare-per-qytetet-dhe-komunat\/","name":"FONDI P\u00cbR LOKAL KA NDAR\u00cb 490 MILION\u00cb DINAR\u00cb P\u00cbR QYTETET DHE KOMUNAT - Republika e S\u00ebrbis\u00eb Trupi Koordinues p\u00ebr komunat Bujanoc, Preshev\u00eb dhe Medvegj\u00eb","isPartOf":{"@id":"https:\/\/kt.gov.rs\/#website"},"primaryImageOfPage":{"@id":"https:\/\/kt.gov.rs\/sq\/fondi-per-lokal-ka-ndare-490-milione-dinare-per-qytetet-dhe-komunat\/#primaryimage"},"image":{"@id":"https:\/\/kt.gov.rs\/sq\/fondi-per-lokal-ka-ndare-490-milione-dinare-per-qytetet-dhe-komunat\/#primaryimage"},"thumbnailUrl":"https:\/\/kt.gov.rs\/wp-content\/uploads\/2024\/07\/1568885030_19092019_5-5.jpg","datePublished":"2019-09-19T00:00:00+00:00","dateModified":"2024-07-30T18:10:52+00:00","breadcrumb":{"@id":"https:\/\/kt.gov.rs\/sq\/fondi-per-lokal-ka-ndare-490-milione-dinare-per-qytetet-dhe-komunat\/#breadcrumb"},"inLanguage":"sq-AL","potentialAction":[{"@type":"ReadAction","target":["https:\/\/kt.gov.rs\/sq\/fondi-per-lokal-ka-ndare-490-milione-dinare-per-qytetet-dhe-komunat\/"]}]},{"@type":"ImageObject","inLanguage":"sq-AL","@id":"https:\/\/kt.gov.rs\/sq\/fondi-per-lokal-ka-ndare-490-milione-dinare-per-qytetet-dhe-komunat\/#primaryimage","url":"https:\/\/kt.gov.rs\/wp-content\/uploads\/2024\/07\/1568885030_19092019_5-5.jpg","contentUrl":"https:\/\/kt.gov.rs\/wp-content\/uploads\/2024\/07\/1568885030_19092019_5-5.jpg","width":315,"height":230},{"@type":"BreadcrumbList","@id":"https:\/\/kt.gov.rs\/sq\/fondi-per-lokal-ka-ndare-490-milione-dinare-per-qytetet-dhe-komunat\/#breadcrumb","itemListElement":[{"@type":"ListItem","position":1,"name":"\u041f\u043e\u0447\u0435\u0442\u043d\u0430","item":"https:\/\/kt.gov.rs\/sq\/"},{"@type":"ListItem","position":2,"name":"FONDI P\u00cbR LOKAL KA NDAR\u00cb 490 MILION\u00cb DINAR\u00cb P\u00cbR QYTETET DHE KOMUNAT"}]},{"@type":"WebSite","@id":"https:\/\/kt.gov.rs\/#website","url":"https:\/\/kt.gov.rs\/","name":"\u041a\u043e\u043e\u0440\u0434\u0438\u043d\u0430\u0446\u0438\u043e\u043d\u043e \u0442\u0435\u043b\u043e \u0412\u043b\u0430\u0434\u0435 \u0420\u0435\u043f\u0443\u0431\u043b\u0438\u043a\u0435 \u0421\u0440\u0431\u0438\u0458\u0435 \u0437\u0430 \u043e\u043f\u0448\u0442\u0438\u043d\u0435 \u041f\u0440\u0435\u0448\u0435\u0432\u043e, \u0411\u0443\u0458\u0430\u043d\u043e\u0432\u0430\u0446 \u0438 \u041c\u0435\u0434\u0432\u0435\u0452a","description":"","publisher":{"@id":"https:\/\/kt.gov.rs\/#organization"},"alternateName":"\u041a\u043e\u043e\u0440\u0434\u0438\u043d\u0430\u0446\u0438\u043e\u043d\u043e \u0442\u0435\u043b\u043e","potentialAction":[{"@type":"SearchAction","target":{"@type":"EntryPoint","urlTemplate":"https:\/\/kt.gov.rs\/?s={search_term_string}"},"query-input":{"@type":"PropertyValueSpecification","valueRequired":true,"valueName":"search_term_string"}}],"inLanguage":"sq-AL"},{"@type":"Organization","@id":"https:\/\/kt.gov.rs\/#organization","name":"\u041a\u043e\u043e\u0440\u0434\u0438\u043d\u0430\u0446\u0438\u043e\u043d\u043e \u0442\u0435\u043b\u043e \u0412\u043b\u0430\u0434\u0435 \u0420\u0435\u043f\u0443\u0431\u043b\u0438\u043a\u0435 \u0421\u0440\u0431\u0438\u0458\u0435 \u0437\u0430 \u043e\u043f\u0448\u0442\u0438\u043d\u0435 \u041f\u0440\u0435\u0448\u0435\u0432\u043e, \u0411\u0443\u0458\u0430\u043d\u043e\u0432\u0430\u0446 \u0438 \u041c\u0435\u0434\u0432\u0435\u0452a","alternateName":"\u041a\u043e\u043e\u0440\u0434\u0438\u043d\u0430\u0446\u0438\u043e\u043d\u043e \u0442\u0435\u043b\u043e","url":"https:\/\/kt.gov.rs\/","logo":{"@type":"ImageObject","inLanguage":"sq-AL","@id":"https:\/\/kt.gov.rs\/#\/schema\/logo\/image\/","url":"https:\/\/kt.gov.rs\/wp-content\/uploads\/2024\/12\/koord2.jpg","contentUrl":"https:\/\/kt.gov.rs\/wp-content\/uploads\/2024\/12\/koord2.jpg","width":640,"height":480,"caption":"\u041a\u043e\u043e\u0440\u0434\u0438\u043d\u0430\u0446\u0438\u043e\u043d\u043e \u0442\u0435\u043b\u043e \u0412\u043b\u0430\u0434\u0435 \u0420\u0435\u043f\u0443\u0431\u043b\u0438\u043a\u0435 \u0421\u0440\u0431\u0438\u0458\u0435 \u0437\u0430 \u043e\u043f\u0448\u0442\u0438\u043d\u0435 \u041f\u0440\u0435\u0448\u0435\u0432\u043e, \u0411\u0443\u0458\u0430\u043d\u043e\u0432\u0430\u0446 \u0438 \u041c\u0435\u0434\u0432\u0435\u0452a"},"image":{"@id":"https:\/\/kt.gov.rs\/#\/schema\/logo\/image\/"},"sameAs":["https:\/\/www.facebook.com\/SluzbaKoordinacionogTelaVladeRepublikeSrbije","https:\/\/x.com\/kt_gov","https:\/\/www.youtube.com\/@koordinacionotelo"]},{"@type":"Person","@id":"https:\/\/kt.gov.rs\/#\/schema\/person\/e426459ddb4173309103390602694571","name":"ktmin","image":{"@type":"ImageObject","inLanguage":"sq-AL","@id":"https:\/\/secure.gravatar.com\/avatar\/3985c961109853010c3fbc7ba30365bfba5db3dd6c525831d9c595c7525a615a?s=96&d=mm&r=g","url":"https:\/\/secure.gravatar.com\/avatar\/3985c961109853010c3fbc7ba30365bfba5db3dd6c525831d9c595c7525a615a?s=96&d=mm&r=g","contentUrl":"https:\/\/secure.gravatar.com\/avatar\/3985c961109853010c3fbc7ba30365bfba5db3dd6c525831d9c595c7525a615a?s=96&d=mm&r=g","caption":"ktmin"},"sameAs":["https:\/\/kt.gov.rs"],"url":"https:\/\/kt.gov.rs\/sq\/author\/ktmin\/"}]}},"_links":{"self":[{"href":"https:\/\/kt.gov.rs\/sq\/wp-json\/wp\/v2\/posts\/115962","targetHints":{"allow":["GET"]}}],"collection":[{"href":"https:\/\/kt.gov.rs\/sq\/wp-json\/wp\/v2\/posts"}],"about":[{"href":"https:\/\/kt.gov.rs\/sq\/wp-json\/wp\/v2\/types\/post"}],"author":[{"embeddable":true,"href":"https:\/\/kt.gov.rs\/sq\/wp-json\/wp\/v2\/users\/1"}],"replies":[{"embeddable":true,"href":"https:\/\/kt.gov.rs\/sq\/wp-json\/wp\/v2\/comments?post=115962"}],"version-history":[{"count":1,"href":"https:\/\/kt.gov.rs\/sq\/wp-json\/wp\/v2\/posts\/115962\/revisions"}],"predecessor-version":[{"id":115966,"href":"https:\/\/kt.gov.rs\/sq\/wp-json\/wp\/v2\/posts\/115962\/revisions\/115966"}],"wp:featuredmedia":[{"embeddable":true,"href":"https:\/\/kt.gov.rs\/sq\/wp-json\/wp\/v2\/media\/115967"}],"wp:attachment":[{"href":"https:\/\/kt.gov.rs\/sq\/wp-json\/wp\/v2\/media?parent=115962"}],"wp:term":[{"taxonomy":"category","embeddable":true,"href":"https:\/\/kt.gov.rs\/sq\/wp-json\/wp\/v2\/categories?post=115962"},{"taxonomy":"post_tag","embeddable":true,"href":"https:\/\/kt.gov.rs\/sq\/wp-json\/wp\/v2\/tags?post=115962"}],"curies":[{"name":"wp","href":"https:\/\/api.w.org\/{rel}","templated":true}]}}