{"id":115935,"date":"2019-09-25T00:00:00","date_gmt":"2019-09-25T00:00:00","guid":{"rendered":"http:\/\/kt.printandscreen.rs\/konkurs-per-ndarjen-e-bursave-per-nxenesit-e-shkollave-te-mesme-ne-territorin-e-komunes-se-bujanocit-per-periudhen-e-vitit-shkollor-2019-2020\/"},"modified":"2024-07-30T18:10:50","modified_gmt":"2024-07-30T18:10:50","slug":"konkurs-per-ndarjen-e-bursave-per-nxenesit-e-shkollave-te-mesme-ne-territorin-e-komunes-se-bujanocit-per-periudhen-e-vitit-shkollor-2019-2020","status":"publish","type":"post","link":"https:\/\/kt.gov.rs\/sq\/konkurs-per-ndarjen-e-bursave-per-nxenesit-e-shkollave-te-mesme-ne-territorin-e-komunes-se-bujanocit-per-periudhen-e-vitit-shkollor-2019-2020\/","title":{"rendered":"KONKURS P\u00cbR NDARJEN E BURSAVE P\u00cbR NX\u00cbN\u00cbSIT E SHKOLLAVE T\u00cb MESME N\u00cb TERRITORIN E KOMUN\u00cbS S\u00cb  BUJANOCIT P\u00cbR PERIUDH\u00cbN E VITIT SHKOLLOR 2019\/2020"},"content":{"rendered":"<p>\n\t<img decoding=\"async\" alt=\"\" src=\"https:\/\/kt.gov.rs\/wp-content\/uploads\/2024\/07\/1569320882_24092019\u0432news_pic01top-10.jpg\" style=\"width: 640px; height: 343px;\" \/><\/p>\n<p>\n\tN\u00eb baz\u00eb t\u00eb Konkluzionit t\u00eb Qeveris\u00eb 05 nr 401-4733\/2019 t\u00eb dat\u00ebs 16 maj 2019, Sh\u00ebrbimi i Trupit Koordinues i Qeveris\u00eb s\u00eb Republik\u00ebs s\u00eb Serbis\u00eb p\u00ebr komunat Preshev\u00eb, Bujanoc dhe Medvegj\u00eb (n\u00eb tekstin e m\u00ebtejsh\u00ebm Sh\u00ebrbimi i Trupit Koordinues) shpall<\/p>\n<p>\n\t\u00a0<\/p>\n<p align=\"center\">\n\t<strong>K\u00a0 O\u00a0 N\u00a0 K\u00a0 U\u00a0 R\u00a0 S<\/strong><\/p>\n<p align=\"center\">\n\t<strong>p\u00ebr ndarjen e bursave p\u00ebr nx\u00ebn\u00ebsit e shkollave t\u00eb mesme n\u00eb territorin e komun\u00ebs s\u00eb\u00a0 Bujanocit p\u00ebr periudh\u00ebn e vitit shkollor 2019\/2020<\/strong><\/p>\n<p>\n\t\u00a0<\/p>\n<p>\n\t<strong>I \u2013<\/strong> <strong>NUMRI I SHFYT\u00cbZUESVE DHE KUSHTET E KONKURSIT<\/strong><\/p>\n<p>\n\tP\u00ebr nx\u00ebn\u00ebsit e shkollave t\u00eb mesme n\u00eb territorin e komunave Bujanoc, Preshev\u00eb dhe Vraj\u00eb, themelues i t\u00eb cilave \u00ebsht\u00eb Republika e Serbis\u00eb ose nj\u00ebsia e vetqeverisjes lokale, Sh\u00ebrbimi i Trupit Koordinues p\u00ebr nx\u00ebn\u00ebsit e shkollave t\u00eb mesme ndan\u00eb burs\u00eb n\u00eb vler\u00eb mujore prej 6.000 dinar\u00ebve, p\u00ebr periudh\u00ebn shkollore nga 1 shtatori deri m\u00eb 31 dhjetor t\u00eb vitit 2019. Po n\u00ebse sigurohen mjete n\u00eb buxhetin p\u00ebr vitin 2020, Sh\u00ebrbimi i Trupit Koordinues do t\u00eb vazhdoj\u00eb dh\u00ebnien e bursave deri n\u00eb mbarimin e vitit shkollor 2019\/2020.<\/p>\n<p>\n\tKushtet e p\u00ebrgjithshme jan\u00eb, q\u00eb nx\u00ebn\u00ebsit t\u00eb ken\u00eb shtet\u00ebsi t\u00eb Republik\u00ebs s\u00eb Serbis\u00eb <strong>dhe vendbanim n\u00eb komun\u00ebn e Bujanocit<\/strong> dhe p\u00ebr her\u00eb t\u00eb par\u00eb t\u00eb vitit shkollor 2019\/2020, t\u00eb ken\u00eb regjistruar vitin e par\u00eb, dyt\u00eb, tret\u00eb dhe t\u00eb kat\u00ebrt n\u00eb nj\u00ebrat nga shkollat e mesme t\u00eb themeluara me vendimin e Ministris\u00eb s\u00eb Arsimit t\u00eb Republik\u00ebs s\u00eb Serbis\u00eb, q\u00eb gjat\u00eb shkollimit t\u00eb m\u00ebparsh\u00ebm t\u00eb ken\u00eb arritur sukses t\u00eb shk\u00eblqyesh\u00ebm ose shum\u00eb t\u00eb mir\u00eb dhe q\u00eb gjat\u00eb shkollimit t\u00eb m\u00ebparsh\u00ebm t\u00eb mos ken\u00eb p\u00ebrs\u00ebritur asnj\u00eb vit shkollor.<\/p>\n<p>\n\tN\u00eb konkursin mbi ndarjen e bursave p\u00ebr nx\u00ebn\u00ebsit e shkollave t\u00eb mesme mund t\u00eb paraqiten nx\u00ebn\u00ebsit e vitit t\u00eb I t\u00eb shkoll\u00ebs s\u00eb mesme t\u00eb cil\u00ebt n\u00eb t\u00eb gjitha vitet nga klasa e V deri n\u00eb klas\u00ebn e VIII t\u00eb shkoll\u00ebs fillore kan\u00eb arritur sukses t\u00eb shk\u00eblqyesh\u00ebm ose shum\u00eb t\u00eb mir\u00eb (nga 3,50 deri 5), p\u00ebrkat\u00ebsisht nx\u00ebn\u00ebsit nga viti i II deri n\u00eb vitin e IV t\u00eb shkoll\u00ebs s\u00eb mesme t\u00eb cil\u00ebt n\u00eb t\u00eb gjitha vitet e m\u00ebparshme t\u00eb shkoll\u00ebs s\u00eb mesme kan\u00eb arritur sukses t\u00eb shk\u00eblqyesh\u00ebm ose shum\u00eb t\u00eb mir\u00eb (nga 3,50 deri 5) dhe t\u00eb cil\u00ebt kan\u00eb pasur sjellje shembullore (5).<\/p>\n<p>\n\t<strong><u>Bursa do t`i fitojn\u00eb vet\u00ebm ata nx\u00ebn\u00ebs t\u00eb cil\u00ebt ndjekin vitin shkollor 2019\/2020 n\u00eb shkollat n\u00eb territorin e Bujanocit, Preshev\u00ebs dhe Vraj\u00ebs dhe n\u00eb momentin e dor\u00ebzimit t\u00eb lutjes kan\u00eb vendbanim n\u00eb territorin e Bujanocit.<\/u><\/strong><\/p>\n<p>\n\tNx\u00ebn\u00ebsit t\u00eb cil\u00ebt vet\u00ebm se kan\u00eb realizuar t\u00eb drejt\u00ebn n\u00eb nj\u00ebr\u00ebn nga bursat p\u00ebr nx\u00ebn\u00ebs nga buxheti i Republik\u00ebs s\u00eb Serbis\u00eb nuk kan\u00eb t\u00eb drejt\u00eb p\u00ebr shfryt\u00ebzimin e burs\u00ebs s\u00eb Sh\u00ebrbimit t\u00eb Trupit Koordinues, nd\u00ebrsa n\u00ebse nd\u00ebrkoh\u00eb fitojn\u00eb t\u00eb drejt\u00ebn e ndonj\u00eb burseje tjet\u00ebr, jan\u00eb t\u00eb detyruar q\u00eb t\u00eb p\u00ebrcaktohen p\u00ebr nj\u00ebr\u00ebn nga bursat e ndara<strong>. <\/strong>Sh\u00ebrbimi i Trupit Koordinues ka t\u00eb drejt\u00ebn q\u00eb t\u00eb verifikoj kandidat\u00ebt e bursave se a kan\u00eb arritur t\u00eb drejt\u00ebn p\u00ebr burs\u00eb nga ndonj\u00eb organ tjet\u00ebr shtet\u00ebror i cili financohet nga buxheti i Republik\u00ebs s\u00eb Serbis\u00eb ose vetqeverisjes lokale.<\/p>\n<p>\n\tSh\u00ebrbimi i Trupit Koordinues n\u00eb p\u00ebrputhje me buxhetin p\u00ebr vitin 2019, ka n\u00eb dispozicion t\u00eb mjeteve financiare p\u00ebr <strong>300 bursa.<\/strong><\/p>\n<p>\n\tSh\u00ebrbimi i Trupit Koordinues numrin prej <strong>300 bursave n\u00eb dispozicion <\/strong>do t`ia ndaj\u00eb nx\u00ebn\u00ebsve: nga komuna e Bujanocit <strong>4<\/strong><strong>1,5<\/strong><strong>%,<\/strong> p\u00ebrkat\u00ebsisht <strong>12<\/strong><strong>4<\/strong><strong> bursa,<\/strong> nga komuna e Preshev\u00ebs <strong>3<\/strong><strong>8,5<\/strong><strong>%,<\/strong> p\u00ebrkat\u00ebsisht <strong>11<\/strong><strong>6<\/strong><strong> bursa<\/strong> dhe nga komuna e Medvegj\u00ebs <strong>2<\/strong><strong>0<\/strong><strong>%,<\/strong> p\u00ebrkat\u00ebsisht <strong>6<\/strong><strong>0<\/strong><strong> bursa.<\/strong> N\u00eb rast se nj\u00ebra nga komunat nuk do t\u00eb ket\u00eb numrin e mjaftuesh\u00ebm t\u00eb bursist\u00ebve p\u00ebr kuot\u00ebn e cila \u00ebsht\u00eb p\u00ebrcaktuar paraprakisht, vendet e lira do t`i barten dhe n\u00eb m\u00ebnyr\u00eb t\u00eb barabart\u00eb t`i ndahen komunave tjera sipas p\u00ebrqindjeve paraprakisht t\u00eb p\u00ebrcaktuara.<\/p>\n<p>\n\t\u00a0<\/p>\n<p>\n\t<strong>II \u2013 <\/strong><strong>DOKUMENTET E NEVOJSHME<\/strong><strong> P\u00cbR PARAQITJE N\u00cb KONKURS<\/strong><\/p>\n<ul style=\"list-style-type:circle;\">\n<li>\n\t\tAplikacioni i plot\u00ebsuar p\u00ebr ndarjen e burs\u00ebs n\u00eb formularin e Sh\u00ebrbimit t\u00eb Trupit Koordinues i bashkangjitur n\u00eb konkurs <strong>(formulari Sh\u00ebrbimi i Trupit Koordinues num\u00ebr 1),<\/strong><\/li>\n<li>\n\t\tV\u00ebrtetimi t\u00eb cilin e v\u00ebrteton shkolla n\u00eb t\u00eb cil\u00ebn nx\u00ebn\u00ebsi e ndjek m\u00ebsimin,<strong> me t\u00eb dh\u00ebnurat e obligueshme <\/strong>mbi regjistrimin n\u00eb nj\u00ebrin nga vitet e shkoll\u00ebs s\u00eb mesme n\u00eb territorin e komunave Bujanoc, Preshev\u00eb dhe Vraj\u00eb t\u00eb vitit shkollor 2019\/2020, <strong>suksesin e arritur<\/strong> n\u00eb vitin e m\u00ebparsh\u00ebm dhe t\u00eb dh\u00ebn\u00ebn se kur p\u00ebr her\u00eb t\u00eb par\u00eb ka regjistruar vitin e par\u00eb t\u00eb shkoll\u00ebs s\u00eb mesme <strong>(formulari i Sh\u00ebrbimit t\u00eb Trupit Koordinues num\u00ebr 2)<\/strong><\/li>\n<li>\n\t\tKopjet e v\u00ebrtetuara t\u00eb d\u00ebftesave p\u00ebr t\u00eb gjitha vitet shkollore t\u00eb p\u00ebrfunduara <strong>(p\u00ebr nx\u00ebn\u00ebsit e vitit t\u00eb par\u00eb t\u00eb shkoll\u00ebs s\u00eb mesme kopja e v\u00ebrtetuar e d\u00ebftesave nga klasa V deri n\u00eb klas\u00ebn e VIII t\u00eb shkoll\u00ebs fillore, si d\u00ebshmi i suksesit t\u00eb arritur n\u00eb shkoll\u00ebn fillore n\u00eb t\u00eb cil\u00ebn kandidati e ka kryer. P\u00ebr nx\u00ebn\u00ebsit e vitit t\u00eb dyt\u00eb, tret\u00eb dhe kat\u00ebrt t\u00eb shkoll\u00ebs s\u00eb mesme kopjet e v\u00ebrtetuara t\u00eb d\u00ebftesave rreth suskesit t\u00eb arritur n\u00eb t\u00eb gjitha vitet e shkoll\u00ebs s\u00eb mesme, t\u00eb cil\u00ebn e l\u00ebshon shkolla e mesme n\u00eb t\u00eb cil\u00ebn kandidati ndjek m\u00ebsimin), <\/strong><\/li>\n<li>\n\t\t\u00c7ertifikata e vdekjes nga libri am\u00ebz i t\u00eb vdekurve, n\u00ebse nuk kan\u00eb nj\u00ebrin apo t\u00eb dy prind\u00ebrit dhe v\u00ebrtetimin mbi kujdestarin\u00eb <strong>(origjinalin t\u00eb cilin e jep organi kompetent i administrat\u00ebs komunale ose kopjen e v\u00ebrtetuar t\u00eb cil\u00ebn e v\u00ebrteton noteri),<\/strong><\/li>\n<li>\n\t\tV\u00ebrtetimi i t\u00eb ardhurave mesatare mujore p\u00ebr \u00e7do an\u00ebtar\u00eb t\u00eb familjes t\u00eb nx\u00ebn\u00ebsit <strong>(formulari i Sh\u00ebrbimit t\u00eb Trupit Koordinues me num\u00ebr 4) <\/strong>t\u00eb cilin e v\u00ebrteton organi n\u00eb komun\u00ebn e vendbanimit, dhe i cili l\u00ebshohet n\u00eb baz\u00eb t\u00eb deklarat\u00ebs t\u00eb dh\u00ebn\u00eb rreth an\u00ebtar\u00ebve t\u00eb familjes n\u00eb prani t\u00eb dy d\u00ebshmitar\u00ebve dhe d\u00ebshmive t\u00eb duhura rreth t\u00eb ardhurave t\u00eb arritura t\u00eb familjes p\u00ebr periudh\u00ebn nga 1 janar deri n\u00eb 30 qershor t\u00eb vitit 2019 <strong>(formulari i Sh\u00ebrbimit t\u00eb Trupit Koordinues me num\u00ebr 3).<\/strong><\/li>\n<li>\n\t\t<strong>T\u00eb dh\u00ebnat e lexuara elektronike t\u00eb let\u00ebrnjoftimit apo fotokopjen e let\u00ebrnjoftimit t\u00eb vjet\u00ebr me afat e nx\u00ebn\u00ebsit,<\/strong> p\u00ebrkat\u00ebsisht t\u00eb dh\u00ebnat e shtypura nga let\u00ebrnjoftimi elektronik apo fotokopja e let\u00ebrnjoftimit t\u00eb vjet\u00ebr me afat e prindit apo kujdestarit po n\u00ebse nx\u00ebn\u00ebsi ka m\u00eb pak se 16 vjet,<\/li>\n<li>\n\t\t<strong>Kat\u00ebr shembuj t\u00eb Kontrat\u00ebt mbi Burs\u00eb<\/strong> t\u00eb cilat jan\u00eb t\u00eb plot\u00ebsuara n\u00eb m\u00ebnyr\u00eb t\u00eb rregullt dhe t\u00eb n\u00ebnshkruar nga ana e nx\u00ebn\u00ebsit dhe prindit apo kujdestarit t\u00eb nx\u00ebn\u00ebsit.\u00a0\u00a0<\/li>\n<\/ul>\n<p>\n\t<strong>Dokumentet e konkursit nuk kthehen.<\/strong><\/p>\n<p>\n\t<strong>Dokumentet e theksuara, konkretisht d\u00ebshmit, l\u00ebshohen dhe v\u00ebrtetohen nga sh\u00ebrbimet p\u00ebrkat\u00ebse, t\u00eb cilat jan\u00eb:<\/strong><\/p>\n<ul>\n<li>\n\t\t<strong>formularin e Sh\u00ebrbimit t\u00eb Trupit Koordinues me num\u00ebr 2,<\/strong> e v\u00ebrteton shkolla e mesme t\u00eb cil\u00ebn nx\u00ebn\u00ebsi e ndjek m\u00ebsimin,<\/li>\n<\/ul>\n<ul>\n<li>\n\t\t<strong>formularin e Sh\u00ebrbimit t\u00eb Trupit Koordinues me num\u00ebr 3 dhe 4, <\/strong>e v\u00ebrteton organi kompetent i administrat\u00ebs komunale n\u00eb komun\u00ebn e vendbanimit,<\/li>\n<\/ul>\n<ul>\n<li>\n\t\t<strong>kopjet e d\u00ebftesave<\/strong> i v\u00ebrteton noteri<\/li>\n<\/ul>\n<ul>\n<li>\n\t\t<strong>\u00e7ertifikat\u00ebn e vdekjes nga libri am\u00ebz i vdekjes<\/strong>, n\u00ebse nuk kan\u00eb nj\u00ebrin apo t\u00eb dy prind\u00ebrit dhe v\u00ebrtetimin mbi kujdestarin\u00eb e l\u00ebshon organi kompetent i administrat\u00ebs komunale, nd\u00ebrsa kopjen e v\u00ebrteton noteri<\/li>\n<\/ul>\n<ul>\n<li>\n\t\t<strong>shembullin e Kontrat\u00ebs<\/strong> <strong>mbi Burs\u00eb<\/strong> mund ta merrni n\u00eb ueb faqen e Trupit Koordinues n\u00eb adres\u00ebn <a href=\"http:\/\/www.kt.gov.rs\/\">www.kt.gov.rs<\/a> ose nx\u00ebn\u00ebsit e shkollave t\u00eb mesme nga komuna e Bujanocit shembullin e kontrat\u00ebs mund ta marrin n\u00eb zyr\u00ebn e Sh\u00ebrbimit t\u00eb Trupit Koordinues n\u00eb Bujanoc (rruga Karagjorgje Petroviq 115).<\/li>\n<\/ul>\n<p>\n\t<strong>V\u00cbREJTJE: <u>T\u00eb gjitha dokumentet e nevojshme p\u00ebr paraqitje n\u00eb konkurs duhet t\u00eb jen\u00eb t\u00eb plot\u00ebsuara n\u00eb m\u00ebnyr\u00eb t\u00eb rregullt dhe me shkrim t\u00eb lexuesh\u00ebm. \u00cbsht\u00eb e nevojshme q\u00eb kandidati, numrin e llogaris\u00eb bankare dhe emrin dhe adres\u00ebn e sakt\u00eb t\u00eb bank\u00ebs ta sh\u00ebnoj n\u00eb shembullin e kontrat\u00ebs mbi mburs\u00eb dhe n\u00eb formularin e paraqitjes p\u00ebr ndarjen e burs\u00ebs p\u00ebr nx\u00ebn\u00ebs (formulari i Sh\u00ebrbimit t\u00eb Trupit Koordinues nr 1) me rastin e dor\u00ebzimit t\u00eb dokumentacionit t\u00eb konkursit.<\/u><\/strong><\/p>\n<p>\n\t\u00a0<\/p>\n<p>\n\t<strong>III<\/strong><strong> \u2013 <\/strong><strong>AFATI I PARAQITJES DHE DOR\u00cbZIMIT T\u00cb DOKUMENTACIONIT<\/strong><\/p>\n<p>\n\t<strong>Afati p\u00ebr paraqitje n\u00eb konkurs \u00ebsht\u00eb prej 25 shtatorit deri m\u00eb 11 tetor 2019, deri n\u00eb ora 15:30.<\/strong><\/p>\n<p>\n\tLutjet p\u00ebr ndarjen e burs\u00ebs dhe dokumentet me cilat d\u00ebshmohet p\u00ebrmbushja e kushteve, dor\u00ebzohen n\u00eb zarfin e mbyllur. N\u00eb an\u00ebn e pasme t\u00eb zarfit \u00ebsht\u00eb e domosdoshme t\u00eb sh\u00ebnohet emri dhe mbiemri i aplikuesit t\u00eb lutjes dhe adresa e aplikuesit t\u00eb lutjes. N\u00eb pjes\u00ebn e p\u00ebrparme t\u00eb zarfin duhet t\u00eb sh\u00ebnoni v\u00ebrejtjen: <strong>ZA KONKURS ZA <\/strong><strong>DODELU STIPENDIJA U\u010cENICIMA SREDNJIH \u0160KOLA NA PODRU\u010cJU OP\u0160TINE BUJANOVAC ZA PERIOD \u0160KOLSKE 2019\/2020 GODINE \u2013 NE OTVARATI PRE ISTEKA ROKA ZA KONKURISANJE<\/strong><\/p>\n<p>\n\tP\u00ebr nx\u00ebn\u00ebsit e shkollave t\u00eb mesme nga komuna Bujanocit, paraqitjet dor\u00ebzohen n\u00eb zyr\u00ebn e Sh\u00ebrbimit t\u00eb Trupit Koordinues n\u00eb Bujanoc (rruga Karagjorgje Petroviq 115). Organi i cili pranon lutjen, t\u00eb nj\u00ebjt\u00ebn e vulos si dhe sh\u00ebnon dat\u00ebn se kur \u00ebsht\u00eb dor\u00ebzuar lutja.<\/p>\n<p>\n\t<strong>Dokumentacioni i konkursit i cili nuk dor\u00ebzohet me koh\u00eb dhe i cili nuk \u00ebsht\u00eb i kompletuar nuk do t\u00eb merret n\u00eb shqyrtim. <\/strong><\/p>\n<p>\n\t\u00a0<\/p>\n<p>\n\t<strong>IV \u2013 NDARJA E BURS\u00cbS<\/strong><\/p>\n<p>\n\tKomisioni i formuar me vendimin e u.d s\u00eb drejtoresh\u00ebs s\u00eb Sh\u00ebrbimit t\u00eb Trupit Koordinues do t\u00eb p\u00ebrpiloj\u00eb ranglistat e posa\u00e7me t\u00eb kandidat\u00ebve n\u00eb nivel komunash.<\/p>\n<p>\n\t<strong>Kriteret p\u00ebr p\u00ebrpilimin e ranglist\u00ebs jan\u00eb:<\/strong><\/p>\n<ul>\n<li>\n\t\tnx\u00ebn\u00ebsve t\u00eb cil\u00ebve t\u00eb dy prind\u00ebrit i kan\u00eb vdekur <strong>30<\/strong><strong> poena<\/strong>;,<\/li>\n<li>\n\t\tnx\u00ebn\u00ebsve t\u00eb cil\u00ebve nj\u00ebri nga prind\u00ebrit i ka vdekur\u00a0 <strong>25<\/strong><strong> poena<\/strong>;<\/li>\n<li>\n\t\tnx\u00ebn\u00ebsit t\u00eb cil\u00ebt jetojn\u00eb n\u00eb familjet t\u00eb cilat kan\u00eb t\u00eb ardhura mujore p\u00ebr antar\u00eb nga 0 \u2013 15.000,00 dinar\u00eb <strong>20 poena;<\/strong><\/li>\n<li>\n\t\tnx\u00ebn\u00ebsit t\u00eb cil\u00ebt jetojn\u00eb n\u00eb familjet t\u00eb cilat kan\u00eb t\u00eb ardhura mujore p\u00ebr antar\u00eb nga 15.001,00 dhe m\u00eb shum\u00eb dinar\u00eb <strong>15 poena;<\/strong><\/li>\n<li>\n\t\tp\u00ebr sukses t\u00eb shk\u00eblqyesh\u00ebm n\u00eb vitin e m\u00ebparsh\u00ebm <strong>15 poena;<\/strong><\/li>\n<li>\n\t\tp\u00ebr sukses shum\u00eb t\u00eb mir\u00eb n\u00eb vitin e m\u00ebparsh\u00ebm <strong>10 poena;<\/strong><\/li>\n<\/ul>\n<p>\n\tN\u00eb rast se dy apo m\u00eb shum\u00eb kandidat\u00eb e kan\u00eb numrin e njejt\u00eb t\u00eb poenave, Komisioni do t`i jap\u00eb p\u00ebrparsi kandidatit i cili ka mesatar\u00ebn m\u00eb t\u00eb lart\u00eb n\u00eb vitin e kaluar t\u00eb p\u00ebrfunduar.<\/p>\n<p>\n\tN\u00eb rast se ka dy apo m\u00eb shum\u00eb kandidat\u00eb t\u00eb cil\u00ebt kan\u00eb mesatar\u00ebn e njet\u00eb p\u00ebr vitin e kaluar t\u00eb p\u00ebrfunduar, Komisioni do t`i jap\u00eb p\u00ebrparsi atij kandidati i cili e ka not\u00ebn mesatare gjat\u00eb shkollimit t\u00eb kaluar (mblidhen mesataret e gjitha viteve t\u00eb kaluara dhe pjes\u00ebtohen me numrin e viteve t\u00eb shkollimit).<\/p>\n<p>\n\tKomisioni do t`i shqyrtoj\u00eb t\u00eb gjithat lutjet e arritura n\u00eb koh\u00eb, do t`i vler\u00ebsoj t\u00eb gjitha lutjet t\u00eb cilat p\u00ebrmbushin kushtet e konkursit dhe do t\u00eb p\u00ebrpiloj <strong>ranglist\u00ebn preliminare <\/strong>t\u00eb nx\u00ebn\u00ebsve cil\u00ebt do t\u00eb fitojn\u00eb burs\u00ebn n\u00eb baz\u00eb t\u00eb numrit t\u00eb poenave dhe n\u00eb p\u00ebrputhje me kriteret. N\u00eb baz\u00eb t\u00eb rang list\u00ebs s\u00eb p\u00ebrcaktuar, Komisioni do t\u00eb sjell\u00eb Vendim mbi Zgjedhjen e Bursist\u00ebve t\u00eb cilin e n\u00ebnshkruan kryetari i Komisionit.<\/p>\n<p>\n\tKandidat\u00ebt p\u00ebr ndarjen e bursave t\u00eb cil\u00ebt nuk jan\u00eb t\u00eb p\u00ebrzgjedhur n\u00eb Vendimin mbi Ndarjen e Bursave, kan\u00eb t\u00eb drejt\u00eb n\u00eb ankes\u00eb n\u00eb afat prej 15 dit\u00ebve nga dita e pranimit t\u00eb Vendimit t\u00eb Zgjedhjes s\u00eb Bursist\u00ebve, nd\u00ebrsa n\u00eb p\u00ebrputhje me nenin 32 dhe 147 t\u00eb Ligjit mbi Procedur\u00ebn e P\u00ebrgjithshme Admnistrative. Ankesa i parashtrohet u.d s\u00eb drejtoresh\u00ebs s\u00eb Sh\u00ebrbimit t\u00eb Trupit Koordinues t\u00eb Qeveris\u00eb s\u00eb Republik\u00ebs s\u00eb Serbis\u00eb p\u00ebr komunat Preshev\u00eb, Bujanoc dhe Medvegj\u00eb, p\u00ebrmes Komisionit. N\u00eb ankes\u00eb duhet t\u00eb theksohen arsyet p\u00ebr parashtrimin e ankes\u00ebs dhe arsyeshm\u00ebria, p\u00ebrkat\u00ebsisht me t\u00eb duhen t\u00eb dor\u00ebzohet edhe dokumentacioni i duhur d\u00ebshmues. Ankesa e cila nuk \u00ebsht\u00eb d\u00ebrguar me koh\u00eb apo e cila \u00ebsht\u00eb d\u00ebrguar nga ana e personit t\u00eb paautorizuar do t\u00eb hidhet posht\u00eb. Mbi ankes\u00ebn vendos u.d s\u00eb drejtoresh\u00ebs s\u00eb Sh\u00ebrbmit t\u00eb Trupit Koordinues, n\u00eb afat prej 15 dit\u00ebve nga dita e pranimit t\u00eb ankes\u00ebs. Vendimi i u.d s\u00eb drejtoresh\u00ebs s\u00eb Sh\u00ebrbimit t\u00eb Trupit Koordinues \u00ebsht\u00eb p\u00ebrfundimtar n\u00eb procedur\u00ebn administrative.<\/p>\n<p>\n\t<strong>Rang listat p\u00ebrfundimtare pas vendosjes n\u00eb baz\u00eb t\u00eb ankesave, do t\u00eb vendosen n\u00eb zyr\u00ebn e Trupit Koordinues n\u00eb Bujanoc, tabelat e shpalljes t\u00eb shkollave t\u00eb mesme dhe n\u00eb ueb faqen e Trupit Koordinues (<a href=\"http:\/\/www.kt.gov.rs\/\">www.kt.gov.rs<\/a>).<\/strong><\/p>\n<p>\n\tN\u00eb baz\u00eb t\u00eb rang list\u00ebs p\u00ebrfundimtare mbi ndarjes e bursave t\u00eb nx\u00ebn\u00ebsve, pas vendimarrjes rreth ankesave, nx\u00ebn\u00ebsit, p\u00ebrkat\u00ebsisht prindi apo kujdestari i nx\u00ebn\u00ebsit n\u00ebnshkruan kontrat\u00eb mbi ndarjen e burs\u00ebs me Sh\u00ebrbimin e Trupit Koordinues, me t\u00eb cil\u00ebn rregullohen ngusht\u00eb t\u00eb drejtat dhe detyrimet n\u00eb lidhje me shfryt\u00ebzimin e burs\u00ebs. Bursa ndahet pa detyrimin p\u00ebr t`u kthyer.<\/p>\n<p>\n\tShfryt\u00ebzuesit t\u00eb burs\u00ebs i pezullohet pagesa e burs\u00ebs s\u00eb miratuar n\u00eb rast t\u00eb dh\u00ebnave \u00a0jo t\u00eb sakta t\u00eb treguara, kur n\u00eb t\u00eb njejt\u00ebn koh\u00eb merr burs\u00eb, kredi ose ndonj\u00eb form\u00eb t\u00eb njejt\u00eb t\u00eb p\u00ebrfitimit n\u00eb baza tjetra nga buxheti i Republik\u00ebs s\u00eb Serbis\u00eb ose vetqeverisjeve lokale, kur t\u00eb humb t\u00eb drejt\u00ebn e finansimit t\u00eb shkollimit nga buxheti ose heq\u00eb dor\u00eb nga shkollimi i rregullt.<\/p>\n<p>\n\tPas p\u00ebrfundimit t\u00eb konkursit shembujt e kontrat\u00ebs Sh\u00ebrbimi i Trupit Koordinues do t`ia dor\u00ebzoj shkollave dhe komunave.<\/p>\n<p>\n\t\u00a0<\/p>\n<p>\n\t<strong>V<\/strong> <strong>SHUMA E BURSAVE DHE PAGESA<\/strong><\/p>\n<p>\n\tBursa paguhet n\u00eb nj\u00eb shum\u00eb neto prej 6.000 dinar\u00eb p\u00ebr muajt shtator, tetor, n\u00ebntor dhe dhjetor t\u00eb vitit 2019, dhe n\u00ebse sigurohen mjete n\u00eb buxhetin p\u00ebr vitin 2020, at\u00ebher\u00eb do t\u00eb paguhen n\u00eb kontinuitet deri n\u00eb fund t\u00eb vitit shkollor 2019\/2020.<\/p>\n<p>\n\t<strong>V\u00cbREJTJE: Bursat paguhen n\u00eb xhirollogarin\u00eb bankare t\u00eb prind\u00ebrit apo kujdestarit t\u00eb nx\u00ebn\u00ebsit.<\/strong><\/p>\n<p>\n\t\u00a0<\/p>\n<p>\n\t<strong>VI \u2013<\/strong> <strong>FORMULAR\u00cbT E KONKURSIT<\/strong><\/p>\n<p>\n\tFormular\u00ebt p\u00ebr k\u00ebt\u00eb konkurs mund t\u00eb merren n\u00eb vendin ku edhe dor\u00ebzohen lutjet, mir\u00ebpo mund t\u00eb merren edhe n\u00eb ueb faqen e Trupit Koordinues n\u00eb adres\u00ebn: <a href=\"http:\/\/www.kt.gov.rs\/\">www.kt.gov.rs<\/a>.<\/p>\n<p>\n\tInformacionet shtes\u00eb mund t\u00eb merren duke d\u00ebrguar pyetjet n\u00eb fax 011\/21-20-909 ose n\u00eb e-mail: <a href=\"mailto:office@kt.gov.rs\">office@kt.gov.rs<\/a>, <a href=\"mailto:goran.gavrilovic@kt.gov.rs\">goran.gavrilovic@kt.gov.rs<\/a>, <a href=\"mailto:milutin.jovanovic@kt.gov.rs\">milutin.jovanovic@kt.gov.rs<\/a> ose me dor\u00ebzimin e pyetjeve personalisht ku dor\u00ebzohen lutjet apo me post\u00eb t\u00eb rekomanduar n\u00eb adres\u00ebn:\u00a0<\/p>\n<p>\n\t<strong>Sh\u00ebrbimi i Trupit Koordinues i Qeveris\u00eb s\u00eb Republik\u00ebs s\u00eb Serbis\u00eb p\u00ebr komunat Preshev\u00eb, Bujanoc dhe Medvegj\u00eb, Bulevar Mihajlla Pupina 2, 11070 Novi Beograd.<\/strong><\/p>\n<p>\n\t\u00a0<\/p>\n<p>\n\t<strong>Dokumentacioni:<\/strong><\/p>\n<p>\n\t<a href=\"http:\/\/www.kt.gov.rs\/media\/test\/press\/konkursi-p-r-bursat-e-nx-n-s-ve_2019_bujanovac_alb.pdf\" target=\"_blank\" rel=\"noopener\">Teksti i konkursit<\/a><\/p>\n<p>\n\t<a href=\"http:\/\/www.kt.gov.rs\/media\/test\/press\/02_obracaz-prijave-za-stipendiju_obrazac-1_2019_srb.doc\" target=\"_blank\" rel=\"noopener\">Formulari i paraqitjes p\u00ebr burs\u00eb \u2013 Formulari 1<\/a><\/p>\n<p>\n\t<a href=\"http:\/\/www.kt.gov.rs\/media\/test\/press\/03_uverenje-iz-skole_obrazac-2_2019_srb.doc\" target=\"_blank\" rel=\"noopener\">V\u00ebrtetimi nga shkolla \u2013 Formulari 2<\/a><\/p>\n<p>\n\t<a href=\"http:\/\/www.kt.gov.rs\/media\/test\/press\/04_izjava_obrazac-3_2019_srb.doc\" target=\"_blank\" rel=\"noopener\">Deklarata \u2013 Formulari 3<\/a><\/p>\n<p>\n\t<a href=\"http:\/\/www.kt.gov.rs\/media\/test\/press\/05_uverenje-o-prosecnom-mesecnom-primanju_obrazac-4_2019_srb.doc\" target=\"_blank\" rel=\"noopener\">V\u00ebrtetimi mbi t\u00eb ardhurat mesatare mujore \u2013 Formulari 4<\/a><\/p>\n<p>\n\t<a href=\"http:\/\/www.kt.gov.rs\/media\/test\/press\/udh-zimet-p-r-plot-simin-e-kontrat-s-mbi-burs-2019-alb.pdf\" target=\"_blank\" rel=\"noopener\">Udh\u00ebzimet p\u00ebr plot\u00ebsimin e Kontrat\u00ebs mbi burse<\/a><\/p>\n<p>\n\t<a href=\"http:\/\/www.kt.gov.rs\/media\/test\/press\/07_obrazac-ugovora-o-stipendiranju-2019_srb.pdf\" target=\"_blank\" rel=\"noopener\">Kontrata mbi burs\u00eb p\u00ebr plot\u00ebsim<\/a><\/p>\n<p>\n\t\u00a0<\/p>\n<p>\n\t<img decoding=\"async\" alt=\"\" src=\"https:\/\/kt.gov.rs\/wp-content\/uploads\/2024\/07\/1569321217_24092019\u0432news_pic02top-5.jpg\" style=\"width: 640px; height: 343px;\" \/><\/p>\n<p>\n\t<strong>Burimi: <\/strong>Trupi Koordinues i Qeveris\u00eb s\u00eb Republi\u00ebs s\u00eb S\u00ebrbis\u00eb<\/p>\n<p>\n\t\u00a0<\/p>\n","protected":false},"excerpt":{"rendered":"<p>N\u00eb baz\u00eb t\u00eb Konkluzionit t\u00eb Qeveris\u00eb 05 nr 401-4733\/2019 t\u00eb dat\u00ebs 16 maj 2019, Sh\u00ebrbimi i Trupit Koordinues i Qeveris\u00eb s\u00eb Republik\u00ebs s\u00eb Serbis\u00eb p\u00ebr komunat Preshev\u00eb, Bujanoc dhe Medvegj\u00eb (n\u00eb tekstin e m\u00ebtejsh\u00ebm Sh\u00ebrbimi i Trupit Koordinues) shpall\u2026<\/p>\n","protected":false},"author":1,"featured_media":115943,"comment_status":"closed","ping_status":"closed","sticky":false,"template":"","format":"standard","meta":{"footnotes":""},"categories":[55],"tags":[],"class_list":["post-115935","post","type-post","status-publish","format-standard","has-post-thumbnail","hentry","category-lajme"],"yoast_head":"<!-- This site is optimized with the Yoast SEO plugin v27.5 - https:\/\/yoast.com\/product\/yoast-seo-wordpress\/ -->\n<title>KONKURS P\u00cbR NDARJEN E BURSAVE P\u00cbR NX\u00cbN\u00cbSIT E SHKOLLAVE T\u00cb MESME N\u00cb TERRITORIN E KOMUN\u00cbS S\u00cb BUJANOCIT P\u00cbR PERIUDH\u00cbN E VITIT SHKOLLOR 2019\/2020 - Republika e S\u00ebrbis\u00eb Trupi Koordinues p\u00ebr komunat Bujanoc, Preshev\u00eb dhe Medvegj\u00eb<\/title>\n<meta name=\"robots\" content=\"index, follow, max-snippet:-1, max-image-preview:large, max-video-preview:-1\" \/>\n<link rel=\"canonical\" href=\"https:\/\/kt.gov.rs\/sq\/konkurs-per-ndarjen-e-bursave-per-nxenesit-e-shkollave-te-mesme-ne-territorin-e-komunes-se-bujanocit-per-periudhen-e-vitit-shkollor-2019-2020\/\" \/>\n<meta property=\"og:locale\" content=\"sq_AL\" \/>\n<meta property=\"og:type\" content=\"article\" \/>\n<meta property=\"og:title\" content=\"KONKURS P\u00cbR NDARJEN E BURSAVE P\u00cbR NX\u00cbN\u00cbSIT E SHKOLLAVE T\u00cb MESME N\u00cb TERRITORIN E KOMUN\u00cbS S\u00cb BUJANOCIT P\u00cbR PERIUDH\u00cbN E VITIT SHKOLLOR 2019\/2020 - Republika e S\u00ebrbis\u00eb Trupi Koordinues p\u00ebr komunat Bujanoc, Preshev\u00eb dhe Medvegj\u00eb\" \/>\n<meta property=\"og:description\" content=\"N\u00eb baz\u00eb t\u00eb Konkluzionit t\u00eb Qeveris\u00eb 05 nr 401-4733\/2019 t\u00eb dat\u00ebs 16 maj 2019, Sh\u00ebrbimi i Trupit Koordinues i Qeveris\u00eb s\u00eb Republik\u00ebs s\u00eb Serbis\u00eb p\u00ebr komunat Preshev\u00eb, Bujanoc dhe Medvegj\u00eb (n\u00eb tekstin e m\u00ebtejsh\u00ebm Sh\u00ebrbimi i Trupit Koordinues) shpall...\" \/>\n<meta property=\"og:url\" content=\"https:\/\/kt.gov.rs\/sq\/konkurs-per-ndarjen-e-bursave-per-nxenesit-e-shkollave-te-mesme-ne-territorin-e-komunes-se-bujanocit-per-periudhen-e-vitit-shkollor-2019-2020\/\" \/>\n<meta property=\"og:site_name\" content=\"Republika e S\u00ebrbis\u00eb Trupi Koordinues p\u00ebr komunat Bujanoc, Preshev\u00eb dhe Medvegj\u00eb\" \/>\n<meta property=\"article:publisher\" content=\"https:\/\/www.facebook.com\/SluzbaKoordinacionogTelaVladeRepublikeSrbije\" \/>\n<meta property=\"article:published_time\" content=\"2019-09-25T00:00:00+00:00\" \/>\n<meta property=\"article:modified_time\" content=\"2024-07-30T18:10:50+00:00\" \/>\n<meta property=\"og:image\" content=\"https:\/\/kt.gov.rs\/wp-content\/uploads\/2024\/07\/1569320882_24092019\u0432news_pic01top-11.jpg\" \/>\n\t<meta property=\"og:image:width\" content=\"640\" \/>\n\t<meta property=\"og:image:height\" content=\"343\" \/>\n\t<meta property=\"og:image:type\" content=\"image\/jpeg\" \/>\n<meta name=\"author\" content=\"ktmin\" \/>\n<meta name=\"twitter:card\" content=\"summary_large_image\" \/>\n<meta name=\"twitter:creator\" content=\"@kt_gov\" \/>\n<meta name=\"twitter:site\" content=\"@kt_gov\" \/>\n<meta name=\"twitter:label1\" content=\"Written by\" \/>\n\t<meta name=\"twitter:data1\" content=\"ktmin\" \/>\n\t<meta name=\"twitter:label2\" content=\"Est. reading time\" \/>\n\t<meta name=\"twitter:data2\" content=\"18 minutes\" \/>\n<script type=\"application\/ld+json\" class=\"yoast-schema-graph\">{\"@context\":\"https:\\\/\\\/schema.org\",\"@graph\":[{\"@type\":\"Article\",\"@id\":\"https:\\\/\\\/kt.gov.rs\\\/sq\\\/konkurs-per-ndarjen-e-bursave-per-nxenesit-e-shkollave-te-mesme-ne-territorin-e-komunes-se-bujanocit-per-periudhen-e-vitit-shkollor-2019-2020\\\/#article\",\"isPartOf\":{\"@id\":\"https:\\\/\\\/kt.gov.rs\\\/sq\\\/konkurs-per-ndarjen-e-bursave-per-nxenesit-e-shkollave-te-mesme-ne-territorin-e-komunes-se-bujanocit-per-periudhen-e-vitit-shkollor-2019-2020\\\/\"},\"author\":{\"name\":\"ktmin\",\"@id\":\"https:\\\/\\\/kt.gov.rs\\\/#\\\/schema\\\/person\\\/e426459ddb4173309103390602694571\"},\"headline\":\"KONKURS P\u00cbR NDARJEN E BURSAVE P\u00cbR NX\u00cbN\u00cbSIT E SHKOLLAVE T\u00cb MESME N\u00cb TERRITORIN E KOMUN\u00cbS S\u00cb BUJANOCIT P\u00cbR PERIUDH\u00cbN E VITIT SHKOLLOR 2019\\\/2020\",\"datePublished\":\"2019-09-25T00:00:00+00:00\",\"dateModified\":\"2024-07-30T18:10:50+00:00\",\"mainEntityOfPage\":{\"@id\":\"https:\\\/\\\/kt.gov.rs\\\/sq\\\/konkurs-per-ndarjen-e-bursave-per-nxenesit-e-shkollave-te-mesme-ne-territorin-e-komunes-se-bujanocit-per-periudhen-e-vitit-shkollor-2019-2020\\\/\"},\"wordCount\":3678,\"publisher\":{\"@id\":\"https:\\\/\\\/kt.gov.rs\\\/#organization\"},\"image\":{\"@id\":\"https:\\\/\\\/kt.gov.rs\\\/sq\\\/konkurs-per-ndarjen-e-bursave-per-nxenesit-e-shkollave-te-mesme-ne-territorin-e-komunes-se-bujanocit-per-periudhen-e-vitit-shkollor-2019-2020\\\/#primaryimage\"},\"thumbnailUrl\":\"https:\\\/\\\/kt.gov.rs\\\/wp-content\\\/uploads\\\/2024\\\/07\\\/1569320882_24092019\u0432news_pic01top-11.jpg\",\"articleSection\":[\"Lajme\"],\"inLanguage\":\"sq-AL\"},{\"@type\":\"WebPage\",\"@id\":\"https:\\\/\\\/kt.gov.rs\\\/sq\\\/konkurs-per-ndarjen-e-bursave-per-nxenesit-e-shkollave-te-mesme-ne-territorin-e-komunes-se-bujanocit-per-periudhen-e-vitit-shkollor-2019-2020\\\/\",\"url\":\"https:\\\/\\\/kt.gov.rs\\\/sq\\\/konkurs-per-ndarjen-e-bursave-per-nxenesit-e-shkollave-te-mesme-ne-territorin-e-komunes-se-bujanocit-per-periudhen-e-vitit-shkollor-2019-2020\\\/\",\"name\":\"KONKURS P\u00cbR NDARJEN E BURSAVE P\u00cbR NX\u00cbN\u00cbSIT E SHKOLLAVE T\u00cb MESME N\u00cb TERRITORIN E KOMUN\u00cbS S\u00cb BUJANOCIT P\u00cbR PERIUDH\u00cbN E VITIT SHKOLLOR 2019\\\/2020 - Republika e S\u00ebrbis\u00eb Trupi Koordinues p\u00ebr komunat Bujanoc, Preshev\u00eb dhe Medvegj\u00eb\",\"isPartOf\":{\"@id\":\"https:\\\/\\\/kt.gov.rs\\\/#website\"},\"primaryImageOfPage\":{\"@id\":\"https:\\\/\\\/kt.gov.rs\\\/sq\\\/konkurs-per-ndarjen-e-bursave-per-nxenesit-e-shkollave-te-mesme-ne-territorin-e-komunes-se-bujanocit-per-periudhen-e-vitit-shkollor-2019-2020\\\/#primaryimage\"},\"image\":{\"@id\":\"https:\\\/\\\/kt.gov.rs\\\/sq\\\/konkurs-per-ndarjen-e-bursave-per-nxenesit-e-shkollave-te-mesme-ne-territorin-e-komunes-se-bujanocit-per-periudhen-e-vitit-shkollor-2019-2020\\\/#primaryimage\"},\"thumbnailUrl\":\"https:\\\/\\\/kt.gov.rs\\\/wp-content\\\/uploads\\\/2024\\\/07\\\/1569320882_24092019\u0432news_pic01top-11.jpg\",\"datePublished\":\"2019-09-25T00:00:00+00:00\",\"dateModified\":\"2024-07-30T18:10:50+00:00\",\"breadcrumb\":{\"@id\":\"https:\\\/\\\/kt.gov.rs\\\/sq\\\/konkurs-per-ndarjen-e-bursave-per-nxenesit-e-shkollave-te-mesme-ne-territorin-e-komunes-se-bujanocit-per-periudhen-e-vitit-shkollor-2019-2020\\\/#breadcrumb\"},\"inLanguage\":\"sq-AL\",\"potentialAction\":[{\"@type\":\"ReadAction\",\"target\":[\"https:\\\/\\\/kt.gov.rs\\\/sq\\\/konkurs-per-ndarjen-e-bursave-per-nxenesit-e-shkollave-te-mesme-ne-territorin-e-komunes-se-bujanocit-per-periudhen-e-vitit-shkollor-2019-2020\\\/\"]}]},{\"@type\":\"ImageObject\",\"inLanguage\":\"sq-AL\",\"@id\":\"https:\\\/\\\/kt.gov.rs\\\/sq\\\/konkurs-per-ndarjen-e-bursave-per-nxenesit-e-shkollave-te-mesme-ne-territorin-e-komunes-se-bujanocit-per-periudhen-e-vitit-shkollor-2019-2020\\\/#primaryimage\",\"url\":\"https:\\\/\\\/kt.gov.rs\\\/wp-content\\\/uploads\\\/2024\\\/07\\\/1569320882_24092019\u0432news_pic01top-11.jpg\",\"contentUrl\":\"https:\\\/\\\/kt.gov.rs\\\/wp-content\\\/uploads\\\/2024\\\/07\\\/1569320882_24092019\u0432news_pic01top-11.jpg\",\"width\":640,\"height\":343},{\"@type\":\"BreadcrumbList\",\"@id\":\"https:\\\/\\\/kt.gov.rs\\\/sq\\\/konkurs-per-ndarjen-e-bursave-per-nxenesit-e-shkollave-te-mesme-ne-territorin-e-komunes-se-bujanocit-per-periudhen-e-vitit-shkollor-2019-2020\\\/#breadcrumb\",\"itemListElement\":[{\"@type\":\"ListItem\",\"position\":1,\"name\":\"\u041f\u043e\u0447\u0435\u0442\u043d\u0430\",\"item\":\"https:\\\/\\\/kt.gov.rs\\\/sq\\\/\"},{\"@type\":\"ListItem\",\"position\":2,\"name\":\"KONKURS P\u00cbR NDARJEN E BURSAVE P\u00cbR NX\u00cbN\u00cbSIT E SHKOLLAVE T\u00cb MESME N\u00cb TERRITORIN E KOMUN\u00cbS S\u00cb BUJANOCIT P\u00cbR PERIUDH\u00cbN E VITIT SHKOLLOR 2019\\\/2020\"}]},{\"@type\":\"WebSite\",\"@id\":\"https:\\\/\\\/kt.gov.rs\\\/#website\",\"url\":\"https:\\\/\\\/kt.gov.rs\\\/\",\"name\":\"\u041a\u043e\u043e\u0440\u0434\u0438\u043d\u0430\u0446\u0438\u043e\u043d\u043e \u0442\u0435\u043b\u043e \u0412\u043b\u0430\u0434\u0435 \u0420\u0435\u043f\u0443\u0431\u043b\u0438\u043a\u0435 \u0421\u0440\u0431\u0438\u0458\u0435 \u0437\u0430 \u043e\u043f\u0448\u0442\u0438\u043d\u0435 \u041f\u0440\u0435\u0448\u0435\u0432\u043e, \u0411\u0443\u0458\u0430\u043d\u043e\u0432\u0430\u0446 \u0438 \u041c\u0435\u0434\u0432\u0435\u0452a\",\"description\":\"\",\"publisher\":{\"@id\":\"https:\\\/\\\/kt.gov.rs\\\/#organization\"},\"alternateName\":\"\u041a\u043e\u043e\u0440\u0434\u0438\u043d\u0430\u0446\u0438\u043e\u043d\u043e \u0442\u0435\u043b\u043e\",\"potentialAction\":[{\"@type\":\"SearchAction\",\"target\":{\"@type\":\"EntryPoint\",\"urlTemplate\":\"https:\\\/\\\/kt.gov.rs\\\/?s={search_term_string}\"},\"query-input\":{\"@type\":\"PropertyValueSpecification\",\"valueRequired\":true,\"valueName\":\"search_term_string\"}}],\"inLanguage\":\"sq-AL\"},{\"@type\":\"Organization\",\"@id\":\"https:\\\/\\\/kt.gov.rs\\\/#organization\",\"name\":\"\u041a\u043e\u043e\u0440\u0434\u0438\u043d\u0430\u0446\u0438\u043e\u043d\u043e \u0442\u0435\u043b\u043e \u0412\u043b\u0430\u0434\u0435 \u0420\u0435\u043f\u0443\u0431\u043b\u0438\u043a\u0435 \u0421\u0440\u0431\u0438\u0458\u0435 \u0437\u0430 \u043e\u043f\u0448\u0442\u0438\u043d\u0435 \u041f\u0440\u0435\u0448\u0435\u0432\u043e, \u0411\u0443\u0458\u0430\u043d\u043e\u0432\u0430\u0446 \u0438 \u041c\u0435\u0434\u0432\u0435\u0452a\",\"alternateName\":\"\u041a\u043e\u043e\u0440\u0434\u0438\u043d\u0430\u0446\u0438\u043e\u043d\u043e \u0442\u0435\u043b\u043e\",\"url\":\"https:\\\/\\\/kt.gov.rs\\\/\",\"logo\":{\"@type\":\"ImageObject\",\"inLanguage\":\"sq-AL\",\"@id\":\"https:\\\/\\\/kt.gov.rs\\\/#\\\/schema\\\/logo\\\/image\\\/\",\"url\":\"https:\\\/\\\/kt.gov.rs\\\/wp-content\\\/uploads\\\/2024\\\/12\\\/koord2.jpg\",\"contentUrl\":\"https:\\\/\\\/kt.gov.rs\\\/wp-content\\\/uploads\\\/2024\\\/12\\\/koord2.jpg\",\"width\":640,\"height\":480,\"caption\":\"\u041a\u043e\u043e\u0440\u0434\u0438\u043d\u0430\u0446\u0438\u043e\u043d\u043e \u0442\u0435\u043b\u043e \u0412\u043b\u0430\u0434\u0435 \u0420\u0435\u043f\u0443\u0431\u043b\u0438\u043a\u0435 \u0421\u0440\u0431\u0438\u0458\u0435 \u0437\u0430 \u043e\u043f\u0448\u0442\u0438\u043d\u0435 \u041f\u0440\u0435\u0448\u0435\u0432\u043e, \u0411\u0443\u0458\u0430\u043d\u043e\u0432\u0430\u0446 \u0438 \u041c\u0435\u0434\u0432\u0435\u0452a\"},\"image\":{\"@id\":\"https:\\\/\\\/kt.gov.rs\\\/#\\\/schema\\\/logo\\\/image\\\/\"},\"sameAs\":[\"https:\\\/\\\/www.facebook.com\\\/SluzbaKoordinacionogTelaVladeRepublikeSrbije\",\"https:\\\/\\\/x.com\\\/kt_gov\",\"https:\\\/\\\/www.youtube.com\\\/@koordinacionotelo\"]},{\"@type\":\"Person\",\"@id\":\"https:\\\/\\\/kt.gov.rs\\\/#\\\/schema\\\/person\\\/e426459ddb4173309103390602694571\",\"name\":\"ktmin\",\"image\":{\"@type\":\"ImageObject\",\"inLanguage\":\"sq-AL\",\"@id\":\"https:\\\/\\\/secure.gravatar.com\\\/avatar\\\/3985c961109853010c3fbc7ba30365bfba5db3dd6c525831d9c595c7525a615a?s=96&d=mm&r=g\",\"url\":\"https:\\\/\\\/secure.gravatar.com\\\/avatar\\\/3985c961109853010c3fbc7ba30365bfba5db3dd6c525831d9c595c7525a615a?s=96&d=mm&r=g\",\"contentUrl\":\"https:\\\/\\\/secure.gravatar.com\\\/avatar\\\/3985c961109853010c3fbc7ba30365bfba5db3dd6c525831d9c595c7525a615a?s=96&d=mm&r=g\",\"caption\":\"ktmin\"},\"sameAs\":[\"https:\\\/\\\/kt.gov.rs\"],\"url\":\"https:\\\/\\\/kt.gov.rs\\\/sq\\\/author\\\/ktmin\\\/\"}]}<\/script>\n<!-- \/ Yoast SEO plugin. -->","yoast_head_json":{"title":"KONKURS P\u00cbR NDARJEN E BURSAVE P\u00cbR NX\u00cbN\u00cbSIT E SHKOLLAVE T\u00cb MESME N\u00cb TERRITORIN E KOMUN\u00cbS S\u00cb BUJANOCIT P\u00cbR PERIUDH\u00cbN E VITIT SHKOLLOR 2019\/2020 - Republika e S\u00ebrbis\u00eb Trupi Koordinues p\u00ebr komunat Bujanoc, Preshev\u00eb dhe Medvegj\u00eb","robots":{"index":"index","follow":"follow","max-snippet":"max-snippet:-1","max-image-preview":"max-image-preview:large","max-video-preview":"max-video-preview:-1"},"canonical":"https:\/\/kt.gov.rs\/sq\/konkurs-per-ndarjen-e-bursave-per-nxenesit-e-shkollave-te-mesme-ne-territorin-e-komunes-se-bujanocit-per-periudhen-e-vitit-shkollor-2019-2020\/","og_locale":"sq_AL","og_type":"article","og_title":"KONKURS P\u00cbR NDARJEN E BURSAVE P\u00cbR NX\u00cbN\u00cbSIT E SHKOLLAVE T\u00cb MESME N\u00cb TERRITORIN E KOMUN\u00cbS S\u00cb BUJANOCIT P\u00cbR PERIUDH\u00cbN E VITIT SHKOLLOR 2019\/2020 - Republika e S\u00ebrbis\u00eb Trupi Koordinues p\u00ebr komunat Bujanoc, Preshev\u00eb dhe Medvegj\u00eb","og_description":"N\u00eb baz\u00eb t\u00eb Konkluzionit t\u00eb Qeveris\u00eb 05 nr 401-4733\/2019 t\u00eb dat\u00ebs 16 maj 2019, Sh\u00ebrbimi i Trupit Koordinues i Qeveris\u00eb s\u00eb Republik\u00ebs s\u00eb Serbis\u00eb p\u00ebr komunat Preshev\u00eb, Bujanoc dhe Medvegj\u00eb (n\u00eb tekstin e m\u00ebtejsh\u00ebm Sh\u00ebrbimi i Trupit Koordinues) shpall...","og_url":"https:\/\/kt.gov.rs\/sq\/konkurs-per-ndarjen-e-bursave-per-nxenesit-e-shkollave-te-mesme-ne-territorin-e-komunes-se-bujanocit-per-periudhen-e-vitit-shkollor-2019-2020\/","og_site_name":"Republika e S\u00ebrbis\u00eb Trupi Koordinues p\u00ebr komunat Bujanoc, Preshev\u00eb dhe Medvegj\u00eb","article_publisher":"https:\/\/www.facebook.com\/SluzbaKoordinacionogTelaVladeRepublikeSrbije","article_published_time":"2019-09-25T00:00:00+00:00","article_modified_time":"2024-07-30T18:10:50+00:00","og_image":[{"width":640,"height":343,"url":"https:\/\/kt.gov.rs\/wp-content\/uploads\/2024\/07\/1569320882_24092019\u0432news_pic01top-11.jpg","type":"image\/jpeg"}],"author":"ktmin","twitter_card":"summary_large_image","twitter_creator":"@kt_gov","twitter_site":"@kt_gov","twitter_misc":{"Written by":"ktmin","Est. reading time":"18 minutes"},"schema":{"@context":"https:\/\/schema.org","@graph":[{"@type":"Article","@id":"https:\/\/kt.gov.rs\/sq\/konkurs-per-ndarjen-e-bursave-per-nxenesit-e-shkollave-te-mesme-ne-territorin-e-komunes-se-bujanocit-per-periudhen-e-vitit-shkollor-2019-2020\/#article","isPartOf":{"@id":"https:\/\/kt.gov.rs\/sq\/konkurs-per-ndarjen-e-bursave-per-nxenesit-e-shkollave-te-mesme-ne-territorin-e-komunes-se-bujanocit-per-periudhen-e-vitit-shkollor-2019-2020\/"},"author":{"name":"ktmin","@id":"https:\/\/kt.gov.rs\/#\/schema\/person\/e426459ddb4173309103390602694571"},"headline":"KONKURS P\u00cbR NDARJEN E BURSAVE P\u00cbR NX\u00cbN\u00cbSIT E SHKOLLAVE T\u00cb MESME N\u00cb TERRITORIN E KOMUN\u00cbS S\u00cb BUJANOCIT P\u00cbR PERIUDH\u00cbN E VITIT SHKOLLOR 2019\/2020","datePublished":"2019-09-25T00:00:00+00:00","dateModified":"2024-07-30T18:10:50+00:00","mainEntityOfPage":{"@id":"https:\/\/kt.gov.rs\/sq\/konkurs-per-ndarjen-e-bursave-per-nxenesit-e-shkollave-te-mesme-ne-territorin-e-komunes-se-bujanocit-per-periudhen-e-vitit-shkollor-2019-2020\/"},"wordCount":3678,"publisher":{"@id":"https:\/\/kt.gov.rs\/#organization"},"image":{"@id":"https:\/\/kt.gov.rs\/sq\/konkurs-per-ndarjen-e-bursave-per-nxenesit-e-shkollave-te-mesme-ne-territorin-e-komunes-se-bujanocit-per-periudhen-e-vitit-shkollor-2019-2020\/#primaryimage"},"thumbnailUrl":"https:\/\/kt.gov.rs\/wp-content\/uploads\/2024\/07\/1569320882_24092019\u0432news_pic01top-11.jpg","articleSection":["Lajme"],"inLanguage":"sq-AL"},{"@type":"WebPage","@id":"https:\/\/kt.gov.rs\/sq\/konkurs-per-ndarjen-e-bursave-per-nxenesit-e-shkollave-te-mesme-ne-territorin-e-komunes-se-bujanocit-per-periudhen-e-vitit-shkollor-2019-2020\/","url":"https:\/\/kt.gov.rs\/sq\/konkurs-per-ndarjen-e-bursave-per-nxenesit-e-shkollave-te-mesme-ne-territorin-e-komunes-se-bujanocit-per-periudhen-e-vitit-shkollor-2019-2020\/","name":"KONKURS P\u00cbR NDARJEN E BURSAVE P\u00cbR NX\u00cbN\u00cbSIT E SHKOLLAVE T\u00cb MESME N\u00cb TERRITORIN E KOMUN\u00cbS S\u00cb BUJANOCIT P\u00cbR PERIUDH\u00cbN E VITIT SHKOLLOR 2019\/2020 - Republika e S\u00ebrbis\u00eb Trupi Koordinues p\u00ebr komunat Bujanoc, Preshev\u00eb dhe Medvegj\u00eb","isPartOf":{"@id":"https:\/\/kt.gov.rs\/#website"},"primaryImageOfPage":{"@id":"https:\/\/kt.gov.rs\/sq\/konkurs-per-ndarjen-e-bursave-per-nxenesit-e-shkollave-te-mesme-ne-territorin-e-komunes-se-bujanocit-per-periudhen-e-vitit-shkollor-2019-2020\/#primaryimage"},"image":{"@id":"https:\/\/kt.gov.rs\/sq\/konkurs-per-ndarjen-e-bursave-per-nxenesit-e-shkollave-te-mesme-ne-territorin-e-komunes-se-bujanocit-per-periudhen-e-vitit-shkollor-2019-2020\/#primaryimage"},"thumbnailUrl":"https:\/\/kt.gov.rs\/wp-content\/uploads\/2024\/07\/1569320882_24092019\u0432news_pic01top-11.jpg","datePublished":"2019-09-25T00:00:00+00:00","dateModified":"2024-07-30T18:10:50+00:00","breadcrumb":{"@id":"https:\/\/kt.gov.rs\/sq\/konkurs-per-ndarjen-e-bursave-per-nxenesit-e-shkollave-te-mesme-ne-territorin-e-komunes-se-bujanocit-per-periudhen-e-vitit-shkollor-2019-2020\/#breadcrumb"},"inLanguage":"sq-AL","potentialAction":[{"@type":"ReadAction","target":["https:\/\/kt.gov.rs\/sq\/konkurs-per-ndarjen-e-bursave-per-nxenesit-e-shkollave-te-mesme-ne-territorin-e-komunes-se-bujanocit-per-periudhen-e-vitit-shkollor-2019-2020\/"]}]},{"@type":"ImageObject","inLanguage":"sq-AL","@id":"https:\/\/kt.gov.rs\/sq\/konkurs-per-ndarjen-e-bursave-per-nxenesit-e-shkollave-te-mesme-ne-territorin-e-komunes-se-bujanocit-per-periudhen-e-vitit-shkollor-2019-2020\/#primaryimage","url":"https:\/\/kt.gov.rs\/wp-content\/uploads\/2024\/07\/1569320882_24092019\u0432news_pic01top-11.jpg","contentUrl":"https:\/\/kt.gov.rs\/wp-content\/uploads\/2024\/07\/1569320882_24092019\u0432news_pic01top-11.jpg","width":640,"height":343},{"@type":"BreadcrumbList","@id":"https:\/\/kt.gov.rs\/sq\/konkurs-per-ndarjen-e-bursave-per-nxenesit-e-shkollave-te-mesme-ne-territorin-e-komunes-se-bujanocit-per-periudhen-e-vitit-shkollor-2019-2020\/#breadcrumb","itemListElement":[{"@type":"ListItem","position":1,"name":"\u041f\u043e\u0447\u0435\u0442\u043d\u0430","item":"https:\/\/kt.gov.rs\/sq\/"},{"@type":"ListItem","position":2,"name":"KONKURS P\u00cbR NDARJEN E BURSAVE P\u00cbR NX\u00cbN\u00cbSIT E SHKOLLAVE T\u00cb MESME N\u00cb TERRITORIN E KOMUN\u00cbS S\u00cb BUJANOCIT P\u00cbR PERIUDH\u00cbN E VITIT SHKOLLOR 2019\/2020"}]},{"@type":"WebSite","@id":"https:\/\/kt.gov.rs\/#website","url":"https:\/\/kt.gov.rs\/","name":"\u041a\u043e\u043e\u0440\u0434\u0438\u043d\u0430\u0446\u0438\u043e\u043d\u043e \u0442\u0435\u043b\u043e \u0412\u043b\u0430\u0434\u0435 \u0420\u0435\u043f\u0443\u0431\u043b\u0438\u043a\u0435 \u0421\u0440\u0431\u0438\u0458\u0435 \u0437\u0430 \u043e\u043f\u0448\u0442\u0438\u043d\u0435 \u041f\u0440\u0435\u0448\u0435\u0432\u043e, \u0411\u0443\u0458\u0430\u043d\u043e\u0432\u0430\u0446 \u0438 \u041c\u0435\u0434\u0432\u0435\u0452a","description":"","publisher":{"@id":"https:\/\/kt.gov.rs\/#organization"},"alternateName":"\u041a\u043e\u043e\u0440\u0434\u0438\u043d\u0430\u0446\u0438\u043e\u043d\u043e \u0442\u0435\u043b\u043e","potentialAction":[{"@type":"SearchAction","target":{"@type":"EntryPoint","urlTemplate":"https:\/\/kt.gov.rs\/?s={search_term_string}"},"query-input":{"@type":"PropertyValueSpecification","valueRequired":true,"valueName":"search_term_string"}}],"inLanguage":"sq-AL"},{"@type":"Organization","@id":"https:\/\/kt.gov.rs\/#organization","name":"\u041a\u043e\u043e\u0440\u0434\u0438\u043d\u0430\u0446\u0438\u043e\u043d\u043e \u0442\u0435\u043b\u043e \u0412\u043b\u0430\u0434\u0435 \u0420\u0435\u043f\u0443\u0431\u043b\u0438\u043a\u0435 \u0421\u0440\u0431\u0438\u0458\u0435 \u0437\u0430 \u043e\u043f\u0448\u0442\u0438\u043d\u0435 \u041f\u0440\u0435\u0448\u0435\u0432\u043e, \u0411\u0443\u0458\u0430\u043d\u043e\u0432\u0430\u0446 \u0438 \u041c\u0435\u0434\u0432\u0435\u0452a","alternateName":"\u041a\u043e\u043e\u0440\u0434\u0438\u043d\u0430\u0446\u0438\u043e\u043d\u043e \u0442\u0435\u043b\u043e","url":"https:\/\/kt.gov.rs\/","logo":{"@type":"ImageObject","inLanguage":"sq-AL","@id":"https:\/\/kt.gov.rs\/#\/schema\/logo\/image\/","url":"https:\/\/kt.gov.rs\/wp-content\/uploads\/2024\/12\/koord2.jpg","contentUrl":"https:\/\/kt.gov.rs\/wp-content\/uploads\/2024\/12\/koord2.jpg","width":640,"height":480,"caption":"\u041a\u043e\u043e\u0440\u0434\u0438\u043d\u0430\u0446\u0438\u043e\u043d\u043e \u0442\u0435\u043b\u043e \u0412\u043b\u0430\u0434\u0435 \u0420\u0435\u043f\u0443\u0431\u043b\u0438\u043a\u0435 \u0421\u0440\u0431\u0438\u0458\u0435 \u0437\u0430 \u043e\u043f\u0448\u0442\u0438\u043d\u0435 \u041f\u0440\u0435\u0448\u0435\u0432\u043e, \u0411\u0443\u0458\u0430\u043d\u043e\u0432\u0430\u0446 \u0438 \u041c\u0435\u0434\u0432\u0435\u0452a"},"image":{"@id":"https:\/\/kt.gov.rs\/#\/schema\/logo\/image\/"},"sameAs":["https:\/\/www.facebook.com\/SluzbaKoordinacionogTelaVladeRepublikeSrbije","https:\/\/x.com\/kt_gov","https:\/\/www.youtube.com\/@koordinacionotelo"]},{"@type":"Person","@id":"https:\/\/kt.gov.rs\/#\/schema\/person\/e426459ddb4173309103390602694571","name":"ktmin","image":{"@type":"ImageObject","inLanguage":"sq-AL","@id":"https:\/\/secure.gravatar.com\/avatar\/3985c961109853010c3fbc7ba30365bfba5db3dd6c525831d9c595c7525a615a?s=96&d=mm&r=g","url":"https:\/\/secure.gravatar.com\/avatar\/3985c961109853010c3fbc7ba30365bfba5db3dd6c525831d9c595c7525a615a?s=96&d=mm&r=g","contentUrl":"https:\/\/secure.gravatar.com\/avatar\/3985c961109853010c3fbc7ba30365bfba5db3dd6c525831d9c595c7525a615a?s=96&d=mm&r=g","caption":"ktmin"},"sameAs":["https:\/\/kt.gov.rs"],"url":"https:\/\/kt.gov.rs\/sq\/author\/ktmin\/"}]}},"_links":{"self":[{"href":"https:\/\/kt.gov.rs\/sq\/wp-json\/wp\/v2\/posts\/115935","targetHints":{"allow":["GET"]}}],"collection":[{"href":"https:\/\/kt.gov.rs\/sq\/wp-json\/wp\/v2\/posts"}],"about":[{"href":"https:\/\/kt.gov.rs\/sq\/wp-json\/wp\/v2\/types\/post"}],"author":[{"embeddable":true,"href":"https:\/\/kt.gov.rs\/sq\/wp-json\/wp\/v2\/users\/1"}],"replies":[{"embeddable":true,"href":"https:\/\/kt.gov.rs\/sq\/wp-json\/wp\/v2\/comments?post=115935"}],"version-history":[{"count":1,"href":"https:\/\/kt.gov.rs\/sq\/wp-json\/wp\/v2\/posts\/115935\/revisions"}],"predecessor-version":[{"id":115942,"href":"https:\/\/kt.gov.rs\/sq\/wp-json\/wp\/v2\/posts\/115935\/revisions\/115942"}],"wp:featuredmedia":[{"embeddable":true,"href":"https:\/\/kt.gov.rs\/sq\/wp-json\/wp\/v2\/media\/115943"}],"wp:attachment":[{"href":"https:\/\/kt.gov.rs\/sq\/wp-json\/wp\/v2\/media?parent=115935"}],"wp:term":[{"taxonomy":"category","embeddable":true,"href":"https:\/\/kt.gov.rs\/sq\/wp-json\/wp\/v2\/categories?post=115935"},{"taxonomy":"post_tag","embeddable":true,"href":"https:\/\/kt.gov.rs\/sq\/wp-json\/wp\/v2\/tags?post=115935"}],"curies":[{"name":"wp","href":"https:\/\/api.w.org\/{rel}","templated":true}]}}