{"id":115376,"date":"2019-11-04T00:00:00","date_gmt":"2019-11-04T00:00:00","guid":{"rendered":"http:\/\/kt.printandscreen.rs\/ftese-per-dorezimin-e-propozim-projekteve-perfshirje-aktive-e-te-rinjeve-me-invaliditet-hendikep-ne-aktivitetet-e-shoqerise-civile-afati-20-nentor-2019\/"},"modified":"2024-07-30T18:09:22","modified_gmt":"2024-07-30T18:09:22","slug":"ftese-per-dorezimin-e-propozim-projekteve-perfshirje-aktive-e-te-rinjeve-me-invaliditet-hendikep-ne-aktivitetet-e-shoqerise-civile-afati-20-nentor-2019","status":"publish","type":"post","link":"https:\/\/kt.gov.rs\/sq\/ftese-per-dorezimin-e-propozim-projekteve-perfshirje-aktive-e-te-rinjeve-me-invaliditet-hendikep-ne-aktivitetet-e-shoqerise-civile-afati-20-nentor-2019\/","title":{"rendered":"FTES\u00cb P\u00cbR DOR\u00cbZIMIN E PROPOZIM PROJEKTEVE: \u201cP\u00cbRFSHIRJE AKTIVE E T\u00cb RINJ\u00cbVE ME INVALIDITET\/HENDIKEP N\u00cb AKTIVITETET E SHOQ\u00cbRIS\u00cb CIVILE\u201d (AFATI:20 N\u00cbNTOR 2019)"},"content":{"rendered":"<p>\n\t<img decoding=\"async\" alt=\"\" src=\"https:\/\/kt.gov.rs\/wp-content\/uploads\/2024\/07\/1572863706_041119_2-4.jpg\" style=\"width: 315px; height: 230px; float: left;\" \/>Forumi i t\u00eb Rinj\u00ebve me Aft\u00ebsis\u00eb t\u00eb Kufizuara dhe Shoqata e Student\u00ebve me Aft\u00ebsi t\u00eb Kufizuara shpallin thirrje p\u00ebr propozime p\u00ebr organizatat e shoq\u00ebris\u00eb civile q\u00eb punojn\u00eb me t\u00eb rinjt\u00eb, si pjes\u00eb e Konkursit &quot;P\u00ebrfshirja aktive e t\u00eb rinjve me aft\u00ebsi t\u00eb kufizuara \/ hendikep n\u00eb aktivitetet e shoq\u00ebris\u00eb civile&quot;.<\/p>\n<p>\n\tThirrja \u00ebsht\u00eb publikuar si pjes\u00eb e projektit &quot;Edukimi dixhital dhe mediatik i t\u00eb rinjve me aft\u00ebsi t\u00eb kufizuara \/ handikep&quot;. Projekti \u00ebsht\u00eb duke u implementuar nga Forumi p\u00ebr Rini me Aft\u00ebsi t\u00eb Kufizuara, n\u00eb partneritet me Shoqat\u00ebn e Student\u00ebve me Aft\u00ebsi t\u00eb Kufizuara, Shoqat\u00ebn e t\u00eb Rinjve t\u00eb Serbis\u00eb dhe Grupin Secons p\u00ebr Iniciativ\u00ebn e Zhvillimit. Bashk\u00ebpun\u00ebtor\u00ebt e projektit p\u00ebrfshijn\u00eb Ministrin\u00eb e Rinis\u00eb dhe Sportit dhe Ekipin e P\u00ebrfshirjes Sociale dhe Uljen e Varf\u00ebris\u00eb t\u00eb Qeveris\u00eb s\u00eb Serbis\u00eb. Projekti u mb\u00ebshtet nga Bashkimi Evropian si pjes\u00eb e Programit t\u00eb Shoq\u00ebris\u00eb Civile dhe Media p\u00ebr 2016-2017\u201d.<\/p>\n<p>\n\tQ\u00ebllimi i p\u00ebrgjithsh\u00ebm i konkursit \u00ebsht\u00eb t\u00eb p\u00ebrmir\u00ebsoj\u00eb pjes\u00ebmarrjen qytetare t\u00eb t\u00eb rinjve me aft\u00ebsi t\u00eb kufizuara \/ aft\u00ebsi t\u00eb kufizuara n\u00eb komunitetin lokal p\u00ebrmes p\u00ebrdorimit edukimit dixhital dhe t\u00eb mediave.<\/p>\n<p>\n\tAktivitetet e projekteve t\u00eb mb\u00ebshtetura mund t\u00eb zbatohen n\u00eb nj\u00eb ose m\u00eb shum\u00eb nj\u00ebsi t\u00eb vet\u00ebqeverisjes lokale n\u00eb Republik\u00ebn e Serbis\u00eb.<\/p>\n<p>\n\tAfati i fundit p\u00ebr dor\u00ebzimin e projekt propozimeve \u00ebsht\u00eb deri <strong>m\u00eb 22 n\u00ebntor 2019.<\/strong><\/p>\n<p>\n\tInformacione t\u00eb holl\u00ebsishme mbi kushtet dhe m\u00ebnyr\u00ebn e paraqitjes s\u00eb propozimeve t\u00eb projektit, si dhe formularin e aplikimit, mund t\u00eb gjenden n\u00eb http:\/\/fmi.rs\/?p=7733<\/p>\n<p>\n\tP\u00ebr \u00e7do informacion shtes\u00eb mund t\u00eb kontaktoni Forumin e Rinis\u00eb me Aft\u00ebsi t\u00eb Kufizuara duke d\u00ebrguar nj\u00eb email n\u00eb aplikacionin@fmi.rs dhe n\u00eb numrin 011 3220632.<\/p>\n<p>\n\t<strong>Burimi: Forumi i t\u00eb Rinj\u00ebve me Invaliditet dhe Trupi Koordinues\u00a0<\/strong><\/p>\n<p>\n\t\u00a0<\/p>\n","protected":false},"excerpt":{"rendered":"<p>Forumi i t\u00eb Rinj\u00ebve me Aft\u00ebsis\u00eb t\u00eb Kufizuara dhe Shoqata e Student\u00ebve me Aft\u00ebsi t\u00eb Kufizuara shpallin thirrje p\u00ebr propozime p\u00ebr organizatat e shoq\u00ebris\u00eb civile q\u00eb punojn\u00eb me t\u00eb rinjt\u00eb, si pjes\u00eb e Konkursit &quot;P\u00ebrfshirja aktive e t\u00eb rinjve me aft\u00ebsi t\u00eb kufizuara \/ hendikep n\u00eb aktivitetet e shoq\u00ebris\u00eb civile&quot;.<\/p>\n","protected":false},"author":1,"featured_media":115381,"comment_status":"closed","ping_status":"closed","sticky":false,"template":"","format":"standard","meta":{"footnotes":""},"categories":[55],"tags":[],"class_list":["post-115376","post","type-post","status-publish","format-standard","has-post-thumbnail","hentry","category-lajme"],"yoast_head":"<!-- This site is optimized with the Yoast SEO plugin v27.5 - https:\/\/yoast.com\/product\/yoast-seo-wordpress\/ -->\n<title>FTES\u00cb P\u00cbR DOR\u00cbZIMIN E PROPOZIM PROJEKTEVE: \u201cP\u00cbRFSHIRJE AKTIVE E T\u00cb RINJ\u00cbVE ME INVALIDITET\/HENDIKEP N\u00cb AKTIVITETET E SHOQ\u00cbRIS\u00cb CIVILE\u201d (AFATI:20 N\u00cbNTOR 2019) - Republika e S\u00ebrbis\u00eb Trupi Koordinues p\u00ebr komunat Bujanoc, Preshev\u00eb dhe Medvegj\u00eb<\/title>\n<meta name=\"robots\" content=\"index, follow, max-snippet:-1, max-image-preview:large, max-video-preview:-1\" \/>\n<link rel=\"canonical\" href=\"https:\/\/kt.gov.rs\/sq\/ftese-per-dorezimin-e-propozim-projekteve-perfshirje-aktive-e-te-rinjeve-me-invaliditet-hendikep-ne-aktivitetet-e-shoqerise-civile-afati-20-nentor-2019\/\" \/>\n<meta property=\"og:locale\" content=\"sq_AL\" \/>\n<meta property=\"og:type\" content=\"article\" \/>\n<meta property=\"og:title\" content=\"FTES\u00cb P\u00cbR DOR\u00cbZIMIN E PROPOZIM PROJEKTEVE: \u201cP\u00cbRFSHIRJE AKTIVE E T\u00cb RINJ\u00cbVE ME INVALIDITET\/HENDIKEP N\u00cb AKTIVITETET E SHOQ\u00cbRIS\u00cb CIVILE\u201d (AFATI:20 N\u00cbNTOR 2019) - Republika e S\u00ebrbis\u00eb Trupi Koordinues p\u00ebr komunat Bujanoc, Preshev\u00eb dhe Medvegj\u00eb\" \/>\n<meta property=\"og:description\" content=\"Forumi i t\u00eb Rinj\u00ebve me Aft\u00ebsis\u00eb t\u00eb Kufizuara dhe Shoqata e Student\u00ebve me Aft\u00ebsi t\u00eb Kufizuara shpallin thirrje p\u00ebr propozime p\u00ebr organizatat e shoq\u00ebris\u00eb civile q\u00eb punojn\u00eb me t\u00eb rinjt\u00eb, si pjes\u00eb e Konkursit &quot;P\u00ebrfshirja aktive e t\u00eb rinjve me aft\u00ebsi t\u00eb kufizuara \/ hendikep n\u00eb aktivitetet e shoq\u00ebris\u00eb civile&quot;.\" \/>\n<meta property=\"og:url\" content=\"https:\/\/kt.gov.rs\/sq\/ftese-per-dorezimin-e-propozim-projekteve-perfshirje-aktive-e-te-rinjeve-me-invaliditet-hendikep-ne-aktivitetet-e-shoqerise-civile-afati-20-nentor-2019\/\" \/>\n<meta property=\"og:site_name\" content=\"Republika e S\u00ebrbis\u00eb Trupi Koordinues p\u00ebr komunat Bujanoc, Preshev\u00eb dhe Medvegj\u00eb\" \/>\n<meta property=\"article:publisher\" content=\"https:\/\/www.facebook.com\/SluzbaKoordinacionogTelaVladeRepublikeSrbije\" \/>\n<meta property=\"article:published_time\" content=\"2019-11-04T00:00:00+00:00\" \/>\n<meta property=\"article:modified_time\" content=\"2024-07-30T18:09:22+00:00\" \/>\n<meta property=\"og:image\" content=\"https:\/\/kt.gov.rs\/wp-content\/uploads\/2024\/07\/1572863706_041119_2-5.jpg\" \/>\n\t<meta property=\"og:image:width\" content=\"315\" \/>\n\t<meta property=\"og:image:height\" content=\"230\" \/>\n\t<meta property=\"og:image:type\" content=\"image\/jpeg\" \/>\n<meta name=\"author\" content=\"ktmin\" \/>\n<meta name=\"twitter:card\" content=\"summary_large_image\" \/>\n<meta name=\"twitter:creator\" content=\"@kt_gov\" \/>\n<meta name=\"twitter:site\" content=\"@kt_gov\" \/>\n<meta name=\"twitter:label1\" content=\"Written by\" \/>\n\t<meta name=\"twitter:data1\" content=\"ktmin\" \/>\n\t<meta name=\"twitter:label2\" content=\"Est. reading time\" \/>\n\t<meta name=\"twitter:data2\" content=\"2 minutes\" \/>\n<script type=\"application\/ld+json\" class=\"yoast-schema-graph\">{\"@context\":\"https:\\\/\\\/schema.org\",\"@graph\":[{\"@type\":\"Article\",\"@id\":\"https:\\\/\\\/kt.gov.rs\\\/sq\\\/ftese-per-dorezimin-e-propozim-projekteve-perfshirje-aktive-e-te-rinjeve-me-invaliditet-hendikep-ne-aktivitetet-e-shoqerise-civile-afati-20-nentor-2019\\\/#article\",\"isPartOf\":{\"@id\":\"https:\\\/\\\/kt.gov.rs\\\/sq\\\/ftese-per-dorezimin-e-propozim-projekteve-perfshirje-aktive-e-te-rinjeve-me-invaliditet-hendikep-ne-aktivitetet-e-shoqerise-civile-afati-20-nentor-2019\\\/\"},\"author\":{\"name\":\"ktmin\",\"@id\":\"https:\\\/\\\/kt.gov.rs\\\/#\\\/schema\\\/person\\\/e426459ddb4173309103390602694571\"},\"headline\":\"FTES\u00cb P\u00cbR DOR\u00cbZIMIN E PROPOZIM PROJEKTEVE: \u201cP\u00cbRFSHIRJE AKTIVE E T\u00cb RINJ\u00cbVE ME INVALIDITET\\\/HENDIKEP N\u00cb AKTIVITETET E SHOQ\u00cbRIS\u00cb CIVILE\u201d (AFATI:20 N\u00cbNTOR 2019)\",\"datePublished\":\"2019-11-04T00:00:00+00:00\",\"dateModified\":\"2024-07-30T18:09:22+00:00\",\"mainEntityOfPage\":{\"@id\":\"https:\\\/\\\/kt.gov.rs\\\/sq\\\/ftese-per-dorezimin-e-propozim-projekteve-perfshirje-aktive-e-te-rinjeve-me-invaliditet-hendikep-ne-aktivitetet-e-shoqerise-civile-afati-20-nentor-2019\\\/\"},\"wordCount\":479,\"publisher\":{\"@id\":\"https:\\\/\\\/kt.gov.rs\\\/#organization\"},\"image\":{\"@id\":\"https:\\\/\\\/kt.gov.rs\\\/sq\\\/ftese-per-dorezimin-e-propozim-projekteve-perfshirje-aktive-e-te-rinjeve-me-invaliditet-hendikep-ne-aktivitetet-e-shoqerise-civile-afati-20-nentor-2019\\\/#primaryimage\"},\"thumbnailUrl\":\"https:\\\/\\\/kt.gov.rs\\\/wp-content\\\/uploads\\\/2024\\\/07\\\/1572863706_041119_2-5.jpg\",\"articleSection\":[\"Lajme\"],\"inLanguage\":\"sq-AL\"},{\"@type\":\"WebPage\",\"@id\":\"https:\\\/\\\/kt.gov.rs\\\/sq\\\/ftese-per-dorezimin-e-propozim-projekteve-perfshirje-aktive-e-te-rinjeve-me-invaliditet-hendikep-ne-aktivitetet-e-shoqerise-civile-afati-20-nentor-2019\\\/\",\"url\":\"https:\\\/\\\/kt.gov.rs\\\/sq\\\/ftese-per-dorezimin-e-propozim-projekteve-perfshirje-aktive-e-te-rinjeve-me-invaliditet-hendikep-ne-aktivitetet-e-shoqerise-civile-afati-20-nentor-2019\\\/\",\"name\":\"FTES\u00cb P\u00cbR DOR\u00cbZIMIN E PROPOZIM PROJEKTEVE: \u201cP\u00cbRFSHIRJE AKTIVE E T\u00cb RINJ\u00cbVE ME INVALIDITET\\\/HENDIKEP N\u00cb AKTIVITETET E SHOQ\u00cbRIS\u00cb CIVILE\u201d (AFATI:20 N\u00cbNTOR 2019) - Republika e S\u00ebrbis\u00eb Trupi Koordinues p\u00ebr komunat Bujanoc, Preshev\u00eb dhe Medvegj\u00eb\",\"isPartOf\":{\"@id\":\"https:\\\/\\\/kt.gov.rs\\\/#website\"},\"primaryImageOfPage\":{\"@id\":\"https:\\\/\\\/kt.gov.rs\\\/sq\\\/ftese-per-dorezimin-e-propozim-projekteve-perfshirje-aktive-e-te-rinjeve-me-invaliditet-hendikep-ne-aktivitetet-e-shoqerise-civile-afati-20-nentor-2019\\\/#primaryimage\"},\"image\":{\"@id\":\"https:\\\/\\\/kt.gov.rs\\\/sq\\\/ftese-per-dorezimin-e-propozim-projekteve-perfshirje-aktive-e-te-rinjeve-me-invaliditet-hendikep-ne-aktivitetet-e-shoqerise-civile-afati-20-nentor-2019\\\/#primaryimage\"},\"thumbnailUrl\":\"https:\\\/\\\/kt.gov.rs\\\/wp-content\\\/uploads\\\/2024\\\/07\\\/1572863706_041119_2-5.jpg\",\"datePublished\":\"2019-11-04T00:00:00+00:00\",\"dateModified\":\"2024-07-30T18:09:22+00:00\",\"breadcrumb\":{\"@id\":\"https:\\\/\\\/kt.gov.rs\\\/sq\\\/ftese-per-dorezimin-e-propozim-projekteve-perfshirje-aktive-e-te-rinjeve-me-invaliditet-hendikep-ne-aktivitetet-e-shoqerise-civile-afati-20-nentor-2019\\\/#breadcrumb\"},\"inLanguage\":\"sq-AL\",\"potentialAction\":[{\"@type\":\"ReadAction\",\"target\":[\"https:\\\/\\\/kt.gov.rs\\\/sq\\\/ftese-per-dorezimin-e-propozim-projekteve-perfshirje-aktive-e-te-rinjeve-me-invaliditet-hendikep-ne-aktivitetet-e-shoqerise-civile-afati-20-nentor-2019\\\/\"]}]},{\"@type\":\"ImageObject\",\"inLanguage\":\"sq-AL\",\"@id\":\"https:\\\/\\\/kt.gov.rs\\\/sq\\\/ftese-per-dorezimin-e-propozim-projekteve-perfshirje-aktive-e-te-rinjeve-me-invaliditet-hendikep-ne-aktivitetet-e-shoqerise-civile-afati-20-nentor-2019\\\/#primaryimage\",\"url\":\"https:\\\/\\\/kt.gov.rs\\\/wp-content\\\/uploads\\\/2024\\\/07\\\/1572863706_041119_2-5.jpg\",\"contentUrl\":\"https:\\\/\\\/kt.gov.rs\\\/wp-content\\\/uploads\\\/2024\\\/07\\\/1572863706_041119_2-5.jpg\",\"width\":315,\"height\":230},{\"@type\":\"BreadcrumbList\",\"@id\":\"https:\\\/\\\/kt.gov.rs\\\/sq\\\/ftese-per-dorezimin-e-propozim-projekteve-perfshirje-aktive-e-te-rinjeve-me-invaliditet-hendikep-ne-aktivitetet-e-shoqerise-civile-afati-20-nentor-2019\\\/#breadcrumb\",\"itemListElement\":[{\"@type\":\"ListItem\",\"position\":1,\"name\":\"\u041f\u043e\u0447\u0435\u0442\u043d\u0430\",\"item\":\"https:\\\/\\\/kt.gov.rs\\\/sq\\\/\"},{\"@type\":\"ListItem\",\"position\":2,\"name\":\"FTES\u00cb P\u00cbR DOR\u00cbZIMIN E PROPOZIM PROJEKTEVE: \u201cP\u00cbRFSHIRJE AKTIVE E T\u00cb RINJ\u00cbVE ME INVALIDITET\\\/HENDIKEP N\u00cb AKTIVITETET E SHOQ\u00cbRIS\u00cb CIVILE\u201d (AFATI:20 N\u00cbNTOR 2019)\"}]},{\"@type\":\"WebSite\",\"@id\":\"https:\\\/\\\/kt.gov.rs\\\/#website\",\"url\":\"https:\\\/\\\/kt.gov.rs\\\/\",\"name\":\"\u041a\u043e\u043e\u0440\u0434\u0438\u043d\u0430\u0446\u0438\u043e\u043d\u043e \u0442\u0435\u043b\u043e \u0412\u043b\u0430\u0434\u0435 \u0420\u0435\u043f\u0443\u0431\u043b\u0438\u043a\u0435 \u0421\u0440\u0431\u0438\u0458\u0435 \u0437\u0430 \u043e\u043f\u0448\u0442\u0438\u043d\u0435 \u041f\u0440\u0435\u0448\u0435\u0432\u043e, \u0411\u0443\u0458\u0430\u043d\u043e\u0432\u0430\u0446 \u0438 \u041c\u0435\u0434\u0432\u0435\u0452a\",\"description\":\"\",\"publisher\":{\"@id\":\"https:\\\/\\\/kt.gov.rs\\\/#organization\"},\"alternateName\":\"\u041a\u043e\u043e\u0440\u0434\u0438\u043d\u0430\u0446\u0438\u043e\u043d\u043e \u0442\u0435\u043b\u043e\",\"potentialAction\":[{\"@type\":\"SearchAction\",\"target\":{\"@type\":\"EntryPoint\",\"urlTemplate\":\"https:\\\/\\\/kt.gov.rs\\\/?s={search_term_string}\"},\"query-input\":{\"@type\":\"PropertyValueSpecification\",\"valueRequired\":true,\"valueName\":\"search_term_string\"}}],\"inLanguage\":\"sq-AL\"},{\"@type\":\"Organization\",\"@id\":\"https:\\\/\\\/kt.gov.rs\\\/#organization\",\"name\":\"\u041a\u043e\u043e\u0440\u0434\u0438\u043d\u0430\u0446\u0438\u043e\u043d\u043e \u0442\u0435\u043b\u043e \u0412\u043b\u0430\u0434\u0435 \u0420\u0435\u043f\u0443\u0431\u043b\u0438\u043a\u0435 \u0421\u0440\u0431\u0438\u0458\u0435 \u0437\u0430 \u043e\u043f\u0448\u0442\u0438\u043d\u0435 \u041f\u0440\u0435\u0448\u0435\u0432\u043e, \u0411\u0443\u0458\u0430\u043d\u043e\u0432\u0430\u0446 \u0438 \u041c\u0435\u0434\u0432\u0435\u0452a\",\"alternateName\":\"\u041a\u043e\u043e\u0440\u0434\u0438\u043d\u0430\u0446\u0438\u043e\u043d\u043e \u0442\u0435\u043b\u043e\",\"url\":\"https:\\\/\\\/kt.gov.rs\\\/\",\"logo\":{\"@type\":\"ImageObject\",\"inLanguage\":\"sq-AL\",\"@id\":\"https:\\\/\\\/kt.gov.rs\\\/#\\\/schema\\\/logo\\\/image\\\/\",\"url\":\"https:\\\/\\\/kt.gov.rs\\\/wp-content\\\/uploads\\\/2024\\\/12\\\/koord2.jpg\",\"contentUrl\":\"https:\\\/\\\/kt.gov.rs\\\/wp-content\\\/uploads\\\/2024\\\/12\\\/koord2.jpg\",\"width\":640,\"height\":480,\"caption\":\"\u041a\u043e\u043e\u0440\u0434\u0438\u043d\u0430\u0446\u0438\u043e\u043d\u043e \u0442\u0435\u043b\u043e \u0412\u043b\u0430\u0434\u0435 \u0420\u0435\u043f\u0443\u0431\u043b\u0438\u043a\u0435 \u0421\u0440\u0431\u0438\u0458\u0435 \u0437\u0430 \u043e\u043f\u0448\u0442\u0438\u043d\u0435 \u041f\u0440\u0435\u0448\u0435\u0432\u043e, \u0411\u0443\u0458\u0430\u043d\u043e\u0432\u0430\u0446 \u0438 \u041c\u0435\u0434\u0432\u0435\u0452a\"},\"image\":{\"@id\":\"https:\\\/\\\/kt.gov.rs\\\/#\\\/schema\\\/logo\\\/image\\\/\"},\"sameAs\":[\"https:\\\/\\\/www.facebook.com\\\/SluzbaKoordinacionogTelaVladeRepublikeSrbije\",\"https:\\\/\\\/x.com\\\/kt_gov\",\"https:\\\/\\\/www.youtube.com\\\/@koordinacionotelo\"]},{\"@type\":\"Person\",\"@id\":\"https:\\\/\\\/kt.gov.rs\\\/#\\\/schema\\\/person\\\/e426459ddb4173309103390602694571\",\"name\":\"ktmin\",\"image\":{\"@type\":\"ImageObject\",\"inLanguage\":\"sq-AL\",\"@id\":\"https:\\\/\\\/secure.gravatar.com\\\/avatar\\\/3985c961109853010c3fbc7ba30365bfba5db3dd6c525831d9c595c7525a615a?s=96&d=mm&r=g\",\"url\":\"https:\\\/\\\/secure.gravatar.com\\\/avatar\\\/3985c961109853010c3fbc7ba30365bfba5db3dd6c525831d9c595c7525a615a?s=96&d=mm&r=g\",\"contentUrl\":\"https:\\\/\\\/secure.gravatar.com\\\/avatar\\\/3985c961109853010c3fbc7ba30365bfba5db3dd6c525831d9c595c7525a615a?s=96&d=mm&r=g\",\"caption\":\"ktmin\"},\"sameAs\":[\"https:\\\/\\\/kt.gov.rs\"],\"url\":\"https:\\\/\\\/kt.gov.rs\\\/sq\\\/author\\\/ktmin\\\/\"}]}<\/script>\n<!-- \/ Yoast SEO plugin. -->","yoast_head_json":{"title":"FTES\u00cb P\u00cbR DOR\u00cbZIMIN E PROPOZIM PROJEKTEVE: \u201cP\u00cbRFSHIRJE AKTIVE E T\u00cb RINJ\u00cbVE ME INVALIDITET\/HENDIKEP N\u00cb AKTIVITETET E SHOQ\u00cbRIS\u00cb CIVILE\u201d (AFATI:20 N\u00cbNTOR 2019) - Republika e S\u00ebrbis\u00eb Trupi Koordinues p\u00ebr komunat Bujanoc, Preshev\u00eb dhe Medvegj\u00eb","robots":{"index":"index","follow":"follow","max-snippet":"max-snippet:-1","max-image-preview":"max-image-preview:large","max-video-preview":"max-video-preview:-1"},"canonical":"https:\/\/kt.gov.rs\/sq\/ftese-per-dorezimin-e-propozim-projekteve-perfshirje-aktive-e-te-rinjeve-me-invaliditet-hendikep-ne-aktivitetet-e-shoqerise-civile-afati-20-nentor-2019\/","og_locale":"sq_AL","og_type":"article","og_title":"FTES\u00cb P\u00cbR DOR\u00cbZIMIN E PROPOZIM PROJEKTEVE: \u201cP\u00cbRFSHIRJE AKTIVE E T\u00cb RINJ\u00cbVE ME INVALIDITET\/HENDIKEP N\u00cb AKTIVITETET E SHOQ\u00cbRIS\u00cb CIVILE\u201d (AFATI:20 N\u00cbNTOR 2019) - Republika e S\u00ebrbis\u00eb Trupi Koordinues p\u00ebr komunat Bujanoc, Preshev\u00eb dhe Medvegj\u00eb","og_description":"Forumi i t\u00eb Rinj\u00ebve me Aft\u00ebsis\u00eb t\u00eb Kufizuara dhe Shoqata e Student\u00ebve me Aft\u00ebsi t\u00eb Kufizuara shpallin thirrje p\u00ebr propozime p\u00ebr organizatat e shoq\u00ebris\u00eb civile q\u00eb punojn\u00eb me t\u00eb rinjt\u00eb, si pjes\u00eb e Konkursit &quot;P\u00ebrfshirja aktive e t\u00eb rinjve me aft\u00ebsi t\u00eb kufizuara \/ hendikep n\u00eb aktivitetet e shoq\u00ebris\u00eb civile&quot;.","og_url":"https:\/\/kt.gov.rs\/sq\/ftese-per-dorezimin-e-propozim-projekteve-perfshirje-aktive-e-te-rinjeve-me-invaliditet-hendikep-ne-aktivitetet-e-shoqerise-civile-afati-20-nentor-2019\/","og_site_name":"Republika e S\u00ebrbis\u00eb Trupi Koordinues p\u00ebr komunat Bujanoc, Preshev\u00eb dhe Medvegj\u00eb","article_publisher":"https:\/\/www.facebook.com\/SluzbaKoordinacionogTelaVladeRepublikeSrbije","article_published_time":"2019-11-04T00:00:00+00:00","article_modified_time":"2024-07-30T18:09:22+00:00","og_image":[{"width":315,"height":230,"url":"https:\/\/kt.gov.rs\/wp-content\/uploads\/2024\/07\/1572863706_041119_2-5.jpg","type":"image\/jpeg"}],"author":"ktmin","twitter_card":"summary_large_image","twitter_creator":"@kt_gov","twitter_site":"@kt_gov","twitter_misc":{"Written by":"ktmin","Est. reading time":"2 minutes"},"schema":{"@context":"https:\/\/schema.org","@graph":[{"@type":"Article","@id":"https:\/\/kt.gov.rs\/sq\/ftese-per-dorezimin-e-propozim-projekteve-perfshirje-aktive-e-te-rinjeve-me-invaliditet-hendikep-ne-aktivitetet-e-shoqerise-civile-afati-20-nentor-2019\/#article","isPartOf":{"@id":"https:\/\/kt.gov.rs\/sq\/ftese-per-dorezimin-e-propozim-projekteve-perfshirje-aktive-e-te-rinjeve-me-invaliditet-hendikep-ne-aktivitetet-e-shoqerise-civile-afati-20-nentor-2019\/"},"author":{"name":"ktmin","@id":"https:\/\/kt.gov.rs\/#\/schema\/person\/e426459ddb4173309103390602694571"},"headline":"FTES\u00cb P\u00cbR DOR\u00cbZIMIN E PROPOZIM PROJEKTEVE: \u201cP\u00cbRFSHIRJE AKTIVE E T\u00cb RINJ\u00cbVE ME INVALIDITET\/HENDIKEP N\u00cb AKTIVITETET E SHOQ\u00cbRIS\u00cb CIVILE\u201d (AFATI:20 N\u00cbNTOR 2019)","datePublished":"2019-11-04T00:00:00+00:00","dateModified":"2024-07-30T18:09:22+00:00","mainEntityOfPage":{"@id":"https:\/\/kt.gov.rs\/sq\/ftese-per-dorezimin-e-propozim-projekteve-perfshirje-aktive-e-te-rinjeve-me-invaliditet-hendikep-ne-aktivitetet-e-shoqerise-civile-afati-20-nentor-2019\/"},"wordCount":479,"publisher":{"@id":"https:\/\/kt.gov.rs\/#organization"},"image":{"@id":"https:\/\/kt.gov.rs\/sq\/ftese-per-dorezimin-e-propozim-projekteve-perfshirje-aktive-e-te-rinjeve-me-invaliditet-hendikep-ne-aktivitetet-e-shoqerise-civile-afati-20-nentor-2019\/#primaryimage"},"thumbnailUrl":"https:\/\/kt.gov.rs\/wp-content\/uploads\/2024\/07\/1572863706_041119_2-5.jpg","articleSection":["Lajme"],"inLanguage":"sq-AL"},{"@type":"WebPage","@id":"https:\/\/kt.gov.rs\/sq\/ftese-per-dorezimin-e-propozim-projekteve-perfshirje-aktive-e-te-rinjeve-me-invaliditet-hendikep-ne-aktivitetet-e-shoqerise-civile-afati-20-nentor-2019\/","url":"https:\/\/kt.gov.rs\/sq\/ftese-per-dorezimin-e-propozim-projekteve-perfshirje-aktive-e-te-rinjeve-me-invaliditet-hendikep-ne-aktivitetet-e-shoqerise-civile-afati-20-nentor-2019\/","name":"FTES\u00cb P\u00cbR DOR\u00cbZIMIN E PROPOZIM PROJEKTEVE: \u201cP\u00cbRFSHIRJE AKTIVE E T\u00cb RINJ\u00cbVE ME INVALIDITET\/HENDIKEP N\u00cb AKTIVITETET E SHOQ\u00cbRIS\u00cb CIVILE\u201d (AFATI:20 N\u00cbNTOR 2019) - Republika e S\u00ebrbis\u00eb Trupi Koordinues p\u00ebr komunat Bujanoc, Preshev\u00eb dhe Medvegj\u00eb","isPartOf":{"@id":"https:\/\/kt.gov.rs\/#website"},"primaryImageOfPage":{"@id":"https:\/\/kt.gov.rs\/sq\/ftese-per-dorezimin-e-propozim-projekteve-perfshirje-aktive-e-te-rinjeve-me-invaliditet-hendikep-ne-aktivitetet-e-shoqerise-civile-afati-20-nentor-2019\/#primaryimage"},"image":{"@id":"https:\/\/kt.gov.rs\/sq\/ftese-per-dorezimin-e-propozim-projekteve-perfshirje-aktive-e-te-rinjeve-me-invaliditet-hendikep-ne-aktivitetet-e-shoqerise-civile-afati-20-nentor-2019\/#primaryimage"},"thumbnailUrl":"https:\/\/kt.gov.rs\/wp-content\/uploads\/2024\/07\/1572863706_041119_2-5.jpg","datePublished":"2019-11-04T00:00:00+00:00","dateModified":"2024-07-30T18:09:22+00:00","breadcrumb":{"@id":"https:\/\/kt.gov.rs\/sq\/ftese-per-dorezimin-e-propozim-projekteve-perfshirje-aktive-e-te-rinjeve-me-invaliditet-hendikep-ne-aktivitetet-e-shoqerise-civile-afati-20-nentor-2019\/#breadcrumb"},"inLanguage":"sq-AL","potentialAction":[{"@type":"ReadAction","target":["https:\/\/kt.gov.rs\/sq\/ftese-per-dorezimin-e-propozim-projekteve-perfshirje-aktive-e-te-rinjeve-me-invaliditet-hendikep-ne-aktivitetet-e-shoqerise-civile-afati-20-nentor-2019\/"]}]},{"@type":"ImageObject","inLanguage":"sq-AL","@id":"https:\/\/kt.gov.rs\/sq\/ftese-per-dorezimin-e-propozim-projekteve-perfshirje-aktive-e-te-rinjeve-me-invaliditet-hendikep-ne-aktivitetet-e-shoqerise-civile-afati-20-nentor-2019\/#primaryimage","url":"https:\/\/kt.gov.rs\/wp-content\/uploads\/2024\/07\/1572863706_041119_2-5.jpg","contentUrl":"https:\/\/kt.gov.rs\/wp-content\/uploads\/2024\/07\/1572863706_041119_2-5.jpg","width":315,"height":230},{"@type":"BreadcrumbList","@id":"https:\/\/kt.gov.rs\/sq\/ftese-per-dorezimin-e-propozim-projekteve-perfshirje-aktive-e-te-rinjeve-me-invaliditet-hendikep-ne-aktivitetet-e-shoqerise-civile-afati-20-nentor-2019\/#breadcrumb","itemListElement":[{"@type":"ListItem","position":1,"name":"\u041f\u043e\u0447\u0435\u0442\u043d\u0430","item":"https:\/\/kt.gov.rs\/sq\/"},{"@type":"ListItem","position":2,"name":"FTES\u00cb P\u00cbR DOR\u00cbZIMIN E PROPOZIM PROJEKTEVE: \u201cP\u00cbRFSHIRJE AKTIVE E T\u00cb RINJ\u00cbVE ME INVALIDITET\/HENDIKEP N\u00cb AKTIVITETET E SHOQ\u00cbRIS\u00cb CIVILE\u201d (AFATI:20 N\u00cbNTOR 2019)"}]},{"@type":"WebSite","@id":"https:\/\/kt.gov.rs\/#website","url":"https:\/\/kt.gov.rs\/","name":"\u041a\u043e\u043e\u0440\u0434\u0438\u043d\u0430\u0446\u0438\u043e\u043d\u043e \u0442\u0435\u043b\u043e \u0412\u043b\u0430\u0434\u0435 \u0420\u0435\u043f\u0443\u0431\u043b\u0438\u043a\u0435 \u0421\u0440\u0431\u0438\u0458\u0435 \u0437\u0430 \u043e\u043f\u0448\u0442\u0438\u043d\u0435 \u041f\u0440\u0435\u0448\u0435\u0432\u043e, \u0411\u0443\u0458\u0430\u043d\u043e\u0432\u0430\u0446 \u0438 \u041c\u0435\u0434\u0432\u0435\u0452a","description":"","publisher":{"@id":"https:\/\/kt.gov.rs\/#organization"},"alternateName":"\u041a\u043e\u043e\u0440\u0434\u0438\u043d\u0430\u0446\u0438\u043e\u043d\u043e \u0442\u0435\u043b\u043e","potentialAction":[{"@type":"SearchAction","target":{"@type":"EntryPoint","urlTemplate":"https:\/\/kt.gov.rs\/?s={search_term_string}"},"query-input":{"@type":"PropertyValueSpecification","valueRequired":true,"valueName":"search_term_string"}}],"inLanguage":"sq-AL"},{"@type":"Organization","@id":"https:\/\/kt.gov.rs\/#organization","name":"\u041a\u043e\u043e\u0440\u0434\u0438\u043d\u0430\u0446\u0438\u043e\u043d\u043e \u0442\u0435\u043b\u043e \u0412\u043b\u0430\u0434\u0435 \u0420\u0435\u043f\u0443\u0431\u043b\u0438\u043a\u0435 \u0421\u0440\u0431\u0438\u0458\u0435 \u0437\u0430 \u043e\u043f\u0448\u0442\u0438\u043d\u0435 \u041f\u0440\u0435\u0448\u0435\u0432\u043e, \u0411\u0443\u0458\u0430\u043d\u043e\u0432\u0430\u0446 \u0438 \u041c\u0435\u0434\u0432\u0435\u0452a","alternateName":"\u041a\u043e\u043e\u0440\u0434\u0438\u043d\u0430\u0446\u0438\u043e\u043d\u043e \u0442\u0435\u043b\u043e","url":"https:\/\/kt.gov.rs\/","logo":{"@type":"ImageObject","inLanguage":"sq-AL","@id":"https:\/\/kt.gov.rs\/#\/schema\/logo\/image\/","url":"https:\/\/kt.gov.rs\/wp-content\/uploads\/2024\/12\/koord2.jpg","contentUrl":"https:\/\/kt.gov.rs\/wp-content\/uploads\/2024\/12\/koord2.jpg","width":640,"height":480,"caption":"\u041a\u043e\u043e\u0440\u0434\u0438\u043d\u0430\u0446\u0438\u043e\u043d\u043e \u0442\u0435\u043b\u043e \u0412\u043b\u0430\u0434\u0435 \u0420\u0435\u043f\u0443\u0431\u043b\u0438\u043a\u0435 \u0421\u0440\u0431\u0438\u0458\u0435 \u0437\u0430 \u043e\u043f\u0448\u0442\u0438\u043d\u0435 \u041f\u0440\u0435\u0448\u0435\u0432\u043e, \u0411\u0443\u0458\u0430\u043d\u043e\u0432\u0430\u0446 \u0438 \u041c\u0435\u0434\u0432\u0435\u0452a"},"image":{"@id":"https:\/\/kt.gov.rs\/#\/schema\/logo\/image\/"},"sameAs":["https:\/\/www.facebook.com\/SluzbaKoordinacionogTelaVladeRepublikeSrbije","https:\/\/x.com\/kt_gov","https:\/\/www.youtube.com\/@koordinacionotelo"]},{"@type":"Person","@id":"https:\/\/kt.gov.rs\/#\/schema\/person\/e426459ddb4173309103390602694571","name":"ktmin","image":{"@type":"ImageObject","inLanguage":"sq-AL","@id":"https:\/\/secure.gravatar.com\/avatar\/3985c961109853010c3fbc7ba30365bfba5db3dd6c525831d9c595c7525a615a?s=96&d=mm&r=g","url":"https:\/\/secure.gravatar.com\/avatar\/3985c961109853010c3fbc7ba30365bfba5db3dd6c525831d9c595c7525a615a?s=96&d=mm&r=g","contentUrl":"https:\/\/secure.gravatar.com\/avatar\/3985c961109853010c3fbc7ba30365bfba5db3dd6c525831d9c595c7525a615a?s=96&d=mm&r=g","caption":"ktmin"},"sameAs":["https:\/\/kt.gov.rs"],"url":"https:\/\/kt.gov.rs\/sq\/author\/ktmin\/"}]}},"_links":{"self":[{"href":"https:\/\/kt.gov.rs\/sq\/wp-json\/wp\/v2\/posts\/115376","targetHints":{"allow":["GET"]}}],"collection":[{"href":"https:\/\/kt.gov.rs\/sq\/wp-json\/wp\/v2\/posts"}],"about":[{"href":"https:\/\/kt.gov.rs\/sq\/wp-json\/wp\/v2\/types\/post"}],"author":[{"embeddable":true,"href":"https:\/\/kt.gov.rs\/sq\/wp-json\/wp\/v2\/users\/1"}],"replies":[{"embeddable":true,"href":"https:\/\/kt.gov.rs\/sq\/wp-json\/wp\/v2\/comments?post=115376"}],"version-history":[{"count":1,"href":"https:\/\/kt.gov.rs\/sq\/wp-json\/wp\/v2\/posts\/115376\/revisions"}],"predecessor-version":[{"id":115380,"href":"https:\/\/kt.gov.rs\/sq\/wp-json\/wp\/v2\/posts\/115376\/revisions\/115380"}],"wp:featuredmedia":[{"embeddable":true,"href":"https:\/\/kt.gov.rs\/sq\/wp-json\/wp\/v2\/media\/115381"}],"wp:attachment":[{"href":"https:\/\/kt.gov.rs\/sq\/wp-json\/wp\/v2\/media?parent=115376"}],"wp:term":[{"taxonomy":"category","embeddable":true,"href":"https:\/\/kt.gov.rs\/sq\/wp-json\/wp\/v2\/categories?post=115376"},{"taxonomy":"post_tag","embeddable":true,"href":"https:\/\/kt.gov.rs\/sq\/wp-json\/wp\/v2\/tags?post=115376"}],"curies":[{"name":"wp","href":"https:\/\/api.w.org\/{rel}","templated":true}]}}