{"id":115336,"date":"2019-11-12T00:00:00","date_gmt":"2019-11-12T00:00:00","guid":{"rendered":"http:\/\/kt.printandscreen.rs\/praqka-konferenca-mbi-trendet-ne-komunikim-per-qytetaret-aktiv\/"},"modified":"2024-07-30T18:09:18","modified_gmt":"2024-07-30T18:09:18","slug":"praqka-konferenca-mbi-trendet-ne-komunikim-per-qytetaret-aktiv","status":"publish","type":"post","link":"https:\/\/kt.gov.rs\/sq\/praqka-konferenca-mbi-trendet-ne-komunikim-per-qytetaret-aktiv\/","title":{"rendered":"PRAQKA: KONFERENCA MBI TRENDET N\u00cb KOMUNIKIM P\u00cbR QYTETAR\u00cbT AKTIV"},"content":{"rendered":"<p>\n\t<img decoding=\"async\" alt=\"\" src=\"https:\/\/kt.gov.rs\/wp-content\/uploads\/2024\/07\/1573563327_121119_4-4.jpg\" style=\"width: 315px; height: 230px; float: left;\" \/>Iniciativat e Qytetar\u00ebve organizojn\u00eb konferenc\u00ebn e kat\u00ebrt \u201cPraqka\u201d, \u00a0nga 14 deri n\u00eb 15 n\u00ebntor 2019, n\u00eb Beograd.<\/p>\n<p>\n\tFrym\u00ebzuar nga tregimi rreth Davidit dhe Goliatit, me d\u00ebshir\u00ebn p\u00ebr t\u00eb t\u00ebrhequr v\u00ebmendjen p\u00ebr faktin se &quot;arm\u00ebt e vogla por vdekjeprur\u00ebse&quot; jan\u00eb t\u00eb mjaftueshme p\u00ebr t\u00eb luftuar &quot;problemet e m\u00ebdha&quot;, u krijua Praqka, nj\u00eb konferenc\u00eb unike n\u00eb rajon, kushtuar zbatimit t\u00eb PR n\u00eb sektorin jofitimprur\u00ebs.<\/p>\n<p>\n\tPRAQKA e k\u00ebtij viti do t\u00eb trajtoj\u00eb Ndryshimin dhe Zbatimin: Komunikimi nuk \u00ebsht\u00eb sfida dhe pengesa e vetme me t\u00eb cil\u00ebn p\u00ebrballemi si shoq\u00ebri civile. Polarizimi n\u00eb rritje, konteksti politik, ngushtimi i hap\u00ebsir\u00ebs p\u00ebr pun\u00ebn e shoqat\u00ebs, fushatat e shpeshta kund\u00ebr shoq\u00ebris\u00eb civile, po ndikojn\u00eb n\u00eb krijimin e nj\u00eb imazhi t\u00eb keq t\u00eb pun\u00ebs son\u00eb n\u00eb publik. P\u00ebr t&#39;u marr\u00eb me k\u00ebto probleme, duhet t\u00eb jemi sa m\u00eb krijues dhe inovator\u00eb, t\u00eb gatsh\u00ebm t\u00eb dalim jasht\u00eb korniz\u00ebs s\u00eb vendosur dhe t\u00eb shkojm\u00eb nj\u00eb hap m\u00eb tej kur b\u00ebhet fjal\u00eb p\u00ebr komunikimin e aktiviteteve tona.<\/p>\n<p>\n\tMund t\u00eb lexoni m\u00eb shum\u00eb rreth konferenc\u00ebs n\u00eb faqen e internetit t\u00eb Iniciativave t\u00eb Qytetar\u00ebve.w<a href=\"https:\/\/www.gradjanske.org\/trendovi-u-komunikacijama-za-aktivne-gradjane-cetvrta-pracka-konferencija\/\">https:\/\/www.gradjanske.org\/trendovi-u-komunikacijama-za-aktivne-gradjane-cetvrta-pracka-konferencija\/<\/a><\/p>\n<p>\n\t<strong>Burimi: \u201cIniciativat Qytetare\u201d dhe Trupi Koordinues <\/strong><\/p>\n<p>\n\t\u00a0<\/p>\n","protected":false},"excerpt":{"rendered":"<p>Iniciativat e Qytetar\u00ebve organizojn\u00eb konferenc\u00ebn e kat\u00ebrt \u201cPraqka\u201d, \u00a0nga 14 deri n\u00eb 15 n\u00ebntor 2019, n\u00eb Beograd.<\/p>\n","protected":false},"author":1,"featured_media":115341,"comment_status":"closed","ping_status":"closed","sticky":false,"template":"","format":"standard","meta":{"footnotes":""},"categories":[55],"tags":[],"class_list":["post-115336","post","type-post","status-publish","format-standard","has-post-thumbnail","hentry","category-lajme"],"yoast_head":"<!-- This site is optimized with the Yoast SEO plugin v27.5 - https:\/\/yoast.com\/product\/yoast-seo-wordpress\/ -->\n<title>PRAQKA: KONFERENCA MBI TRENDET N\u00cb KOMUNIKIM P\u00cbR QYTETAR\u00cbT AKTIV - Republika e S\u00ebrbis\u00eb Trupi Koordinues p\u00ebr komunat Bujanoc, Preshev\u00eb dhe Medvegj\u00eb<\/title>\n<meta name=\"robots\" content=\"index, follow, max-snippet:-1, max-image-preview:large, max-video-preview:-1\" \/>\n<link rel=\"canonical\" href=\"https:\/\/kt.gov.rs\/sq\/praqka-konferenca-mbi-trendet-ne-komunikim-per-qytetaret-aktiv\/\" \/>\n<meta property=\"og:locale\" content=\"sq_AL\" \/>\n<meta property=\"og:type\" content=\"article\" \/>\n<meta property=\"og:title\" content=\"PRAQKA: KONFERENCA MBI TRENDET N\u00cb KOMUNIKIM P\u00cbR QYTETAR\u00cbT AKTIV - Republika e S\u00ebrbis\u00eb Trupi Koordinues p\u00ebr komunat Bujanoc, Preshev\u00eb dhe Medvegj\u00eb\" \/>\n<meta property=\"og:description\" content=\"Iniciativat e Qytetar\u00ebve organizojn\u00eb konferenc\u00ebn e kat\u00ebrt \u201cPraqka\u201d, \u00a0nga 14 deri n\u00eb 15 n\u00ebntor 2019, n\u00eb Beograd.\" \/>\n<meta property=\"og:url\" content=\"https:\/\/kt.gov.rs\/sq\/praqka-konferenca-mbi-trendet-ne-komunikim-per-qytetaret-aktiv\/\" \/>\n<meta property=\"og:site_name\" content=\"Republika e S\u00ebrbis\u00eb Trupi Koordinues p\u00ebr komunat Bujanoc, Preshev\u00eb dhe Medvegj\u00eb\" \/>\n<meta property=\"article:publisher\" content=\"https:\/\/www.facebook.com\/SluzbaKoordinacionogTelaVladeRepublikeSrbije\" \/>\n<meta property=\"article:published_time\" content=\"2019-11-12T00:00:00+00:00\" \/>\n<meta property=\"article:modified_time\" content=\"2024-07-30T18:09:18+00:00\" \/>\n<meta property=\"og:image\" content=\"https:\/\/kt.gov.rs\/wp-content\/uploads\/2024\/07\/1573563327_121119_4-5.jpg\" \/>\n\t<meta property=\"og:image:width\" content=\"315\" \/>\n\t<meta property=\"og:image:height\" content=\"230\" \/>\n\t<meta property=\"og:image:type\" content=\"image\/jpeg\" \/>\n<meta name=\"author\" content=\"ktmin\" \/>\n<meta name=\"twitter:card\" content=\"summary_large_image\" \/>\n<meta name=\"twitter:creator\" content=\"@kt_gov\" \/>\n<meta name=\"twitter:site\" content=\"@kt_gov\" \/>\n<meta name=\"twitter:label1\" content=\"Written by\" \/>\n\t<meta name=\"twitter:data1\" content=\"ktmin\" \/>\n\t<meta name=\"twitter:label2\" content=\"Est. reading time\" \/>\n\t<meta name=\"twitter:data2\" content=\"2 minutes\" \/>\n<script type=\"application\/ld+json\" class=\"yoast-schema-graph\">{\"@context\":\"https:\\\/\\\/schema.org\",\"@graph\":[{\"@type\":\"Article\",\"@id\":\"https:\\\/\\\/kt.gov.rs\\\/sq\\\/praqka-konferenca-mbi-trendet-ne-komunikim-per-qytetaret-aktiv\\\/#article\",\"isPartOf\":{\"@id\":\"https:\\\/\\\/kt.gov.rs\\\/sq\\\/praqka-konferenca-mbi-trendet-ne-komunikim-per-qytetaret-aktiv\\\/\"},\"author\":{\"name\":\"ktmin\",\"@id\":\"https:\\\/\\\/kt.gov.rs\\\/#\\\/schema\\\/person\\\/e426459ddb4173309103390602694571\"},\"headline\":\"PRAQKA: KONFERENCA MBI TRENDET N\u00cb KOMUNIKIM P\u00cbR QYTETAR\u00cbT AKTIV\",\"datePublished\":\"2019-11-12T00:00:00+00:00\",\"dateModified\":\"2024-07-30T18:09:18+00:00\",\"mainEntityOfPage\":{\"@id\":\"https:\\\/\\\/kt.gov.rs\\\/sq\\\/praqka-konferenca-mbi-trendet-ne-komunikim-per-qytetaret-aktiv\\\/\"},\"wordCount\":318,\"publisher\":{\"@id\":\"https:\\\/\\\/kt.gov.rs\\\/#organization\"},\"image\":{\"@id\":\"https:\\\/\\\/kt.gov.rs\\\/sq\\\/praqka-konferenca-mbi-trendet-ne-komunikim-per-qytetaret-aktiv\\\/#primaryimage\"},\"thumbnailUrl\":\"https:\\\/\\\/kt.gov.rs\\\/wp-content\\\/uploads\\\/2024\\\/07\\\/1573563327_121119_4-5.jpg\",\"articleSection\":[\"Lajme\"],\"inLanguage\":\"sq-AL\"},{\"@type\":\"WebPage\",\"@id\":\"https:\\\/\\\/kt.gov.rs\\\/sq\\\/praqka-konferenca-mbi-trendet-ne-komunikim-per-qytetaret-aktiv\\\/\",\"url\":\"https:\\\/\\\/kt.gov.rs\\\/sq\\\/praqka-konferenca-mbi-trendet-ne-komunikim-per-qytetaret-aktiv\\\/\",\"name\":\"PRAQKA: KONFERENCA MBI TRENDET N\u00cb KOMUNIKIM P\u00cbR QYTETAR\u00cbT AKTIV - Republika e S\u00ebrbis\u00eb Trupi Koordinues p\u00ebr komunat Bujanoc, Preshev\u00eb dhe Medvegj\u00eb\",\"isPartOf\":{\"@id\":\"https:\\\/\\\/kt.gov.rs\\\/#website\"},\"primaryImageOfPage\":{\"@id\":\"https:\\\/\\\/kt.gov.rs\\\/sq\\\/praqka-konferenca-mbi-trendet-ne-komunikim-per-qytetaret-aktiv\\\/#primaryimage\"},\"image\":{\"@id\":\"https:\\\/\\\/kt.gov.rs\\\/sq\\\/praqka-konferenca-mbi-trendet-ne-komunikim-per-qytetaret-aktiv\\\/#primaryimage\"},\"thumbnailUrl\":\"https:\\\/\\\/kt.gov.rs\\\/wp-content\\\/uploads\\\/2024\\\/07\\\/1573563327_121119_4-5.jpg\",\"datePublished\":\"2019-11-12T00:00:00+00:00\",\"dateModified\":\"2024-07-30T18:09:18+00:00\",\"breadcrumb\":{\"@id\":\"https:\\\/\\\/kt.gov.rs\\\/sq\\\/praqka-konferenca-mbi-trendet-ne-komunikim-per-qytetaret-aktiv\\\/#breadcrumb\"},\"inLanguage\":\"sq-AL\",\"potentialAction\":[{\"@type\":\"ReadAction\",\"target\":[\"https:\\\/\\\/kt.gov.rs\\\/sq\\\/praqka-konferenca-mbi-trendet-ne-komunikim-per-qytetaret-aktiv\\\/\"]}]},{\"@type\":\"ImageObject\",\"inLanguage\":\"sq-AL\",\"@id\":\"https:\\\/\\\/kt.gov.rs\\\/sq\\\/praqka-konferenca-mbi-trendet-ne-komunikim-per-qytetaret-aktiv\\\/#primaryimage\",\"url\":\"https:\\\/\\\/kt.gov.rs\\\/wp-content\\\/uploads\\\/2024\\\/07\\\/1573563327_121119_4-5.jpg\",\"contentUrl\":\"https:\\\/\\\/kt.gov.rs\\\/wp-content\\\/uploads\\\/2024\\\/07\\\/1573563327_121119_4-5.jpg\",\"width\":315,\"height\":230},{\"@type\":\"BreadcrumbList\",\"@id\":\"https:\\\/\\\/kt.gov.rs\\\/sq\\\/praqka-konferenca-mbi-trendet-ne-komunikim-per-qytetaret-aktiv\\\/#breadcrumb\",\"itemListElement\":[{\"@type\":\"ListItem\",\"position\":1,\"name\":\"\u041f\u043e\u0447\u0435\u0442\u043d\u0430\",\"item\":\"https:\\\/\\\/kt.gov.rs\\\/sq\\\/\"},{\"@type\":\"ListItem\",\"position\":2,\"name\":\"PRAQKA: KONFERENCA MBI TRENDET N\u00cb KOMUNIKIM P\u00cbR QYTETAR\u00cbT AKTIV\"}]},{\"@type\":\"WebSite\",\"@id\":\"https:\\\/\\\/kt.gov.rs\\\/#website\",\"url\":\"https:\\\/\\\/kt.gov.rs\\\/\",\"name\":\"\u041a\u043e\u043e\u0440\u0434\u0438\u043d\u0430\u0446\u0438\u043e\u043d\u043e \u0442\u0435\u043b\u043e \u0412\u043b\u0430\u0434\u0435 \u0420\u0435\u043f\u0443\u0431\u043b\u0438\u043a\u0435 \u0421\u0440\u0431\u0438\u0458\u0435 \u0437\u0430 \u043e\u043f\u0448\u0442\u0438\u043d\u0435 \u041f\u0440\u0435\u0448\u0435\u0432\u043e, \u0411\u0443\u0458\u0430\u043d\u043e\u0432\u0430\u0446 \u0438 \u041c\u0435\u0434\u0432\u0435\u0452a\",\"description\":\"\",\"publisher\":{\"@id\":\"https:\\\/\\\/kt.gov.rs\\\/#organization\"},\"alternateName\":\"\u041a\u043e\u043e\u0440\u0434\u0438\u043d\u0430\u0446\u0438\u043e\u043d\u043e \u0442\u0435\u043b\u043e\",\"potentialAction\":[{\"@type\":\"SearchAction\",\"target\":{\"@type\":\"EntryPoint\",\"urlTemplate\":\"https:\\\/\\\/kt.gov.rs\\\/?s={search_term_string}\"},\"query-input\":{\"@type\":\"PropertyValueSpecification\",\"valueRequired\":true,\"valueName\":\"search_term_string\"}}],\"inLanguage\":\"sq-AL\"},{\"@type\":\"Organization\",\"@id\":\"https:\\\/\\\/kt.gov.rs\\\/#organization\",\"name\":\"\u041a\u043e\u043e\u0440\u0434\u0438\u043d\u0430\u0446\u0438\u043e\u043d\u043e \u0442\u0435\u043b\u043e \u0412\u043b\u0430\u0434\u0435 \u0420\u0435\u043f\u0443\u0431\u043b\u0438\u043a\u0435 \u0421\u0440\u0431\u0438\u0458\u0435 \u0437\u0430 \u043e\u043f\u0448\u0442\u0438\u043d\u0435 \u041f\u0440\u0435\u0448\u0435\u0432\u043e, \u0411\u0443\u0458\u0430\u043d\u043e\u0432\u0430\u0446 \u0438 \u041c\u0435\u0434\u0432\u0435\u0452a\",\"alternateName\":\"\u041a\u043e\u043e\u0440\u0434\u0438\u043d\u0430\u0446\u0438\u043e\u043d\u043e \u0442\u0435\u043b\u043e\",\"url\":\"https:\\\/\\\/kt.gov.rs\\\/\",\"logo\":{\"@type\":\"ImageObject\",\"inLanguage\":\"sq-AL\",\"@id\":\"https:\\\/\\\/kt.gov.rs\\\/#\\\/schema\\\/logo\\\/image\\\/\",\"url\":\"https:\\\/\\\/kt.gov.rs\\\/wp-content\\\/uploads\\\/2024\\\/12\\\/koord2.jpg\",\"contentUrl\":\"https:\\\/\\\/kt.gov.rs\\\/wp-content\\\/uploads\\\/2024\\\/12\\\/koord2.jpg\",\"width\":640,\"height\":480,\"caption\":\"\u041a\u043e\u043e\u0440\u0434\u0438\u043d\u0430\u0446\u0438\u043e\u043d\u043e \u0442\u0435\u043b\u043e \u0412\u043b\u0430\u0434\u0435 \u0420\u0435\u043f\u0443\u0431\u043b\u0438\u043a\u0435 \u0421\u0440\u0431\u0438\u0458\u0435 \u0437\u0430 \u043e\u043f\u0448\u0442\u0438\u043d\u0435 \u041f\u0440\u0435\u0448\u0435\u0432\u043e, \u0411\u0443\u0458\u0430\u043d\u043e\u0432\u0430\u0446 \u0438 \u041c\u0435\u0434\u0432\u0435\u0452a\"},\"image\":{\"@id\":\"https:\\\/\\\/kt.gov.rs\\\/#\\\/schema\\\/logo\\\/image\\\/\"},\"sameAs\":[\"https:\\\/\\\/www.facebook.com\\\/SluzbaKoordinacionogTelaVladeRepublikeSrbije\",\"https:\\\/\\\/x.com\\\/kt_gov\",\"https:\\\/\\\/www.youtube.com\\\/@koordinacionotelo\"]},{\"@type\":\"Person\",\"@id\":\"https:\\\/\\\/kt.gov.rs\\\/#\\\/schema\\\/person\\\/e426459ddb4173309103390602694571\",\"name\":\"ktmin\",\"image\":{\"@type\":\"ImageObject\",\"inLanguage\":\"sq-AL\",\"@id\":\"https:\\\/\\\/secure.gravatar.com\\\/avatar\\\/3985c961109853010c3fbc7ba30365bfba5db3dd6c525831d9c595c7525a615a?s=96&d=mm&r=g\",\"url\":\"https:\\\/\\\/secure.gravatar.com\\\/avatar\\\/3985c961109853010c3fbc7ba30365bfba5db3dd6c525831d9c595c7525a615a?s=96&d=mm&r=g\",\"contentUrl\":\"https:\\\/\\\/secure.gravatar.com\\\/avatar\\\/3985c961109853010c3fbc7ba30365bfba5db3dd6c525831d9c595c7525a615a?s=96&d=mm&r=g\",\"caption\":\"ktmin\"},\"sameAs\":[\"https:\\\/\\\/kt.gov.rs\"],\"url\":\"https:\\\/\\\/kt.gov.rs\\\/sq\\\/author\\\/ktmin\\\/\"}]}<\/script>\n<!-- \/ Yoast SEO plugin. -->","yoast_head_json":{"title":"PRAQKA: KONFERENCA MBI TRENDET N\u00cb KOMUNIKIM P\u00cbR QYTETAR\u00cbT AKTIV - Republika e S\u00ebrbis\u00eb Trupi Koordinues p\u00ebr komunat Bujanoc, Preshev\u00eb dhe Medvegj\u00eb","robots":{"index":"index","follow":"follow","max-snippet":"max-snippet:-1","max-image-preview":"max-image-preview:large","max-video-preview":"max-video-preview:-1"},"canonical":"https:\/\/kt.gov.rs\/sq\/praqka-konferenca-mbi-trendet-ne-komunikim-per-qytetaret-aktiv\/","og_locale":"sq_AL","og_type":"article","og_title":"PRAQKA: KONFERENCA MBI TRENDET N\u00cb KOMUNIKIM P\u00cbR QYTETAR\u00cbT AKTIV - Republika e S\u00ebrbis\u00eb Trupi Koordinues p\u00ebr komunat Bujanoc, Preshev\u00eb dhe Medvegj\u00eb","og_description":"Iniciativat e Qytetar\u00ebve organizojn\u00eb konferenc\u00ebn e kat\u00ebrt \u201cPraqka\u201d, \u00a0nga 14 deri n\u00eb 15 n\u00ebntor 2019, n\u00eb Beograd.","og_url":"https:\/\/kt.gov.rs\/sq\/praqka-konferenca-mbi-trendet-ne-komunikim-per-qytetaret-aktiv\/","og_site_name":"Republika e S\u00ebrbis\u00eb Trupi Koordinues p\u00ebr komunat Bujanoc, Preshev\u00eb dhe Medvegj\u00eb","article_publisher":"https:\/\/www.facebook.com\/SluzbaKoordinacionogTelaVladeRepublikeSrbije","article_published_time":"2019-11-12T00:00:00+00:00","article_modified_time":"2024-07-30T18:09:18+00:00","og_image":[{"width":315,"height":230,"url":"https:\/\/kt.gov.rs\/wp-content\/uploads\/2024\/07\/1573563327_121119_4-5.jpg","type":"image\/jpeg"}],"author":"ktmin","twitter_card":"summary_large_image","twitter_creator":"@kt_gov","twitter_site":"@kt_gov","twitter_misc":{"Written by":"ktmin","Est. reading time":"2 minutes"},"schema":{"@context":"https:\/\/schema.org","@graph":[{"@type":"Article","@id":"https:\/\/kt.gov.rs\/sq\/praqka-konferenca-mbi-trendet-ne-komunikim-per-qytetaret-aktiv\/#article","isPartOf":{"@id":"https:\/\/kt.gov.rs\/sq\/praqka-konferenca-mbi-trendet-ne-komunikim-per-qytetaret-aktiv\/"},"author":{"name":"ktmin","@id":"https:\/\/kt.gov.rs\/#\/schema\/person\/e426459ddb4173309103390602694571"},"headline":"PRAQKA: KONFERENCA MBI TRENDET N\u00cb KOMUNIKIM P\u00cbR QYTETAR\u00cbT AKTIV","datePublished":"2019-11-12T00:00:00+00:00","dateModified":"2024-07-30T18:09:18+00:00","mainEntityOfPage":{"@id":"https:\/\/kt.gov.rs\/sq\/praqka-konferenca-mbi-trendet-ne-komunikim-per-qytetaret-aktiv\/"},"wordCount":318,"publisher":{"@id":"https:\/\/kt.gov.rs\/#organization"},"image":{"@id":"https:\/\/kt.gov.rs\/sq\/praqka-konferenca-mbi-trendet-ne-komunikim-per-qytetaret-aktiv\/#primaryimage"},"thumbnailUrl":"https:\/\/kt.gov.rs\/wp-content\/uploads\/2024\/07\/1573563327_121119_4-5.jpg","articleSection":["Lajme"],"inLanguage":"sq-AL"},{"@type":"WebPage","@id":"https:\/\/kt.gov.rs\/sq\/praqka-konferenca-mbi-trendet-ne-komunikim-per-qytetaret-aktiv\/","url":"https:\/\/kt.gov.rs\/sq\/praqka-konferenca-mbi-trendet-ne-komunikim-per-qytetaret-aktiv\/","name":"PRAQKA: KONFERENCA MBI TRENDET N\u00cb KOMUNIKIM P\u00cbR QYTETAR\u00cbT AKTIV - Republika e S\u00ebrbis\u00eb Trupi Koordinues p\u00ebr komunat Bujanoc, Preshev\u00eb dhe Medvegj\u00eb","isPartOf":{"@id":"https:\/\/kt.gov.rs\/#website"},"primaryImageOfPage":{"@id":"https:\/\/kt.gov.rs\/sq\/praqka-konferenca-mbi-trendet-ne-komunikim-per-qytetaret-aktiv\/#primaryimage"},"image":{"@id":"https:\/\/kt.gov.rs\/sq\/praqka-konferenca-mbi-trendet-ne-komunikim-per-qytetaret-aktiv\/#primaryimage"},"thumbnailUrl":"https:\/\/kt.gov.rs\/wp-content\/uploads\/2024\/07\/1573563327_121119_4-5.jpg","datePublished":"2019-11-12T00:00:00+00:00","dateModified":"2024-07-30T18:09:18+00:00","breadcrumb":{"@id":"https:\/\/kt.gov.rs\/sq\/praqka-konferenca-mbi-trendet-ne-komunikim-per-qytetaret-aktiv\/#breadcrumb"},"inLanguage":"sq-AL","potentialAction":[{"@type":"ReadAction","target":["https:\/\/kt.gov.rs\/sq\/praqka-konferenca-mbi-trendet-ne-komunikim-per-qytetaret-aktiv\/"]}]},{"@type":"ImageObject","inLanguage":"sq-AL","@id":"https:\/\/kt.gov.rs\/sq\/praqka-konferenca-mbi-trendet-ne-komunikim-per-qytetaret-aktiv\/#primaryimage","url":"https:\/\/kt.gov.rs\/wp-content\/uploads\/2024\/07\/1573563327_121119_4-5.jpg","contentUrl":"https:\/\/kt.gov.rs\/wp-content\/uploads\/2024\/07\/1573563327_121119_4-5.jpg","width":315,"height":230},{"@type":"BreadcrumbList","@id":"https:\/\/kt.gov.rs\/sq\/praqka-konferenca-mbi-trendet-ne-komunikim-per-qytetaret-aktiv\/#breadcrumb","itemListElement":[{"@type":"ListItem","position":1,"name":"\u041f\u043e\u0447\u0435\u0442\u043d\u0430","item":"https:\/\/kt.gov.rs\/sq\/"},{"@type":"ListItem","position":2,"name":"PRAQKA: KONFERENCA MBI TRENDET N\u00cb KOMUNIKIM P\u00cbR QYTETAR\u00cbT AKTIV"}]},{"@type":"WebSite","@id":"https:\/\/kt.gov.rs\/#website","url":"https:\/\/kt.gov.rs\/","name":"\u041a\u043e\u043e\u0440\u0434\u0438\u043d\u0430\u0446\u0438\u043e\u043d\u043e \u0442\u0435\u043b\u043e \u0412\u043b\u0430\u0434\u0435 \u0420\u0435\u043f\u0443\u0431\u043b\u0438\u043a\u0435 \u0421\u0440\u0431\u0438\u0458\u0435 \u0437\u0430 \u043e\u043f\u0448\u0442\u0438\u043d\u0435 \u041f\u0440\u0435\u0448\u0435\u0432\u043e, \u0411\u0443\u0458\u0430\u043d\u043e\u0432\u0430\u0446 \u0438 \u041c\u0435\u0434\u0432\u0435\u0452a","description":"","publisher":{"@id":"https:\/\/kt.gov.rs\/#organization"},"alternateName":"\u041a\u043e\u043e\u0440\u0434\u0438\u043d\u0430\u0446\u0438\u043e\u043d\u043e \u0442\u0435\u043b\u043e","potentialAction":[{"@type":"SearchAction","target":{"@type":"EntryPoint","urlTemplate":"https:\/\/kt.gov.rs\/?s={search_term_string}"},"query-input":{"@type":"PropertyValueSpecification","valueRequired":true,"valueName":"search_term_string"}}],"inLanguage":"sq-AL"},{"@type":"Organization","@id":"https:\/\/kt.gov.rs\/#organization","name":"\u041a\u043e\u043e\u0440\u0434\u0438\u043d\u0430\u0446\u0438\u043e\u043d\u043e \u0442\u0435\u043b\u043e \u0412\u043b\u0430\u0434\u0435 \u0420\u0435\u043f\u0443\u0431\u043b\u0438\u043a\u0435 \u0421\u0440\u0431\u0438\u0458\u0435 \u0437\u0430 \u043e\u043f\u0448\u0442\u0438\u043d\u0435 \u041f\u0440\u0435\u0448\u0435\u0432\u043e, \u0411\u0443\u0458\u0430\u043d\u043e\u0432\u0430\u0446 \u0438 \u041c\u0435\u0434\u0432\u0435\u0452a","alternateName":"\u041a\u043e\u043e\u0440\u0434\u0438\u043d\u0430\u0446\u0438\u043e\u043d\u043e \u0442\u0435\u043b\u043e","url":"https:\/\/kt.gov.rs\/","logo":{"@type":"ImageObject","inLanguage":"sq-AL","@id":"https:\/\/kt.gov.rs\/#\/schema\/logo\/image\/","url":"https:\/\/kt.gov.rs\/wp-content\/uploads\/2024\/12\/koord2.jpg","contentUrl":"https:\/\/kt.gov.rs\/wp-content\/uploads\/2024\/12\/koord2.jpg","width":640,"height":480,"caption":"\u041a\u043e\u043e\u0440\u0434\u0438\u043d\u0430\u0446\u0438\u043e\u043d\u043e \u0442\u0435\u043b\u043e \u0412\u043b\u0430\u0434\u0435 \u0420\u0435\u043f\u0443\u0431\u043b\u0438\u043a\u0435 \u0421\u0440\u0431\u0438\u0458\u0435 \u0437\u0430 \u043e\u043f\u0448\u0442\u0438\u043d\u0435 \u041f\u0440\u0435\u0448\u0435\u0432\u043e, \u0411\u0443\u0458\u0430\u043d\u043e\u0432\u0430\u0446 \u0438 \u041c\u0435\u0434\u0432\u0435\u0452a"},"image":{"@id":"https:\/\/kt.gov.rs\/#\/schema\/logo\/image\/"},"sameAs":["https:\/\/www.facebook.com\/SluzbaKoordinacionogTelaVladeRepublikeSrbije","https:\/\/x.com\/kt_gov","https:\/\/www.youtube.com\/@koordinacionotelo"]},{"@type":"Person","@id":"https:\/\/kt.gov.rs\/#\/schema\/person\/e426459ddb4173309103390602694571","name":"ktmin","image":{"@type":"ImageObject","inLanguage":"sq-AL","@id":"https:\/\/secure.gravatar.com\/avatar\/3985c961109853010c3fbc7ba30365bfba5db3dd6c525831d9c595c7525a615a?s=96&d=mm&r=g","url":"https:\/\/secure.gravatar.com\/avatar\/3985c961109853010c3fbc7ba30365bfba5db3dd6c525831d9c595c7525a615a?s=96&d=mm&r=g","contentUrl":"https:\/\/secure.gravatar.com\/avatar\/3985c961109853010c3fbc7ba30365bfba5db3dd6c525831d9c595c7525a615a?s=96&d=mm&r=g","caption":"ktmin"},"sameAs":["https:\/\/kt.gov.rs"],"url":"https:\/\/kt.gov.rs\/sq\/author\/ktmin\/"}]}},"_links":{"self":[{"href":"https:\/\/kt.gov.rs\/sq\/wp-json\/wp\/v2\/posts\/115336","targetHints":{"allow":["GET"]}}],"collection":[{"href":"https:\/\/kt.gov.rs\/sq\/wp-json\/wp\/v2\/posts"}],"about":[{"href":"https:\/\/kt.gov.rs\/sq\/wp-json\/wp\/v2\/types\/post"}],"author":[{"embeddable":true,"href":"https:\/\/kt.gov.rs\/sq\/wp-json\/wp\/v2\/users\/1"}],"replies":[{"embeddable":true,"href":"https:\/\/kt.gov.rs\/sq\/wp-json\/wp\/v2\/comments?post=115336"}],"version-history":[{"count":1,"href":"https:\/\/kt.gov.rs\/sq\/wp-json\/wp\/v2\/posts\/115336\/revisions"}],"predecessor-version":[{"id":115340,"href":"https:\/\/kt.gov.rs\/sq\/wp-json\/wp\/v2\/posts\/115336\/revisions\/115340"}],"wp:featuredmedia":[{"embeddable":true,"href":"https:\/\/kt.gov.rs\/sq\/wp-json\/wp\/v2\/media\/115341"}],"wp:attachment":[{"href":"https:\/\/kt.gov.rs\/sq\/wp-json\/wp\/v2\/media?parent=115336"}],"wp:term":[{"taxonomy":"category","embeddable":true,"href":"https:\/\/kt.gov.rs\/sq\/wp-json\/wp\/v2\/categories?post=115336"},{"taxonomy":"post_tag","embeddable":true,"href":"https:\/\/kt.gov.rs\/sq\/wp-json\/wp\/v2\/tags?post=115336"}],"curies":[{"name":"wp","href":"https:\/\/api.w.org\/{rel}","templated":true}]}}