{"id":114490,"date":"2020-02-06T00:00:00","date_gmt":"2020-02-06T00:00:00","guid":{"rendered":"http:\/\/kt.printandscreen.rs\/jane-hapur-tre-konkurse-per-fondacionin-per-shoqeri-te-hapur-te-serbise-afati-2-mars-2020\/"},"modified":"2024-07-30T18:07:54","modified_gmt":"2024-07-30T18:07:54","slug":"jane-hapur-tre-konkurse-per-fondacionin-per-shoqeri-te-hapur-te-serbise-afati-2-mars-2020","status":"publish","type":"post","link":"https:\/\/kt.gov.rs\/sq\/jane-hapur-tre-konkurse-per-fondacionin-per-shoqeri-te-hapur-te-serbise-afati-2-mars-2020\/","title":{"rendered":"JAN\u00cb HAPUR TRE KONKURSE P\u00cbR FONDACIONIN P\u00cbR SHOQ\u00cbRI T\u00cb HAPUR T\u00cb SERBIS\u00cb (AFATI: 2 MARS 2020)"},"content":{"rendered":"<p>\n\t<img decoding=\"async\" alt=\"\" src=\"https:\/\/kt.gov.rs\/wp-content\/uploads\/2024\/07\/1580986289_060220_2-4.jpg\" style=\"width: 315px; height: 230px; float: left;\" \/>Fondacioni i Shoq\u00ebris\u00eb s\u00eb Hapur, Serbia ka shpallur tre konkursa p\u00ebr p\u00ebrkrahje t\u00eb projekteve.<\/p>\n<p>\n\tAfati i fundit p\u00ebr dor\u00ebzimin e projekteve <strong>\u00ebsht\u00eb 2 mars 2020.<\/strong><\/p>\n<p>\n\tKonkurset u shpall\u00ebn n\u00eb programet &quot;Aktivizmi i qytetar\u00ebve dhe demokratizimi&quot;, &quot;Integriteti publik dhe antikorrupsioni&quot; dhe &quot;Pakicat etnike dhe p\u00ebrfshirja e rom\u00ebve&quot;. Shuma totale e fondeve t\u00eb caktuara p\u00ebr financimin e projekteve t\u00eb mbledhura p\u00ebrmes konkursit \u00ebsht\u00eb 1,100,000 dallar\u00eb amerikan.<\/p>\n<p>\n\t&quot;Projektet mund t\u00eb paraqiten nga organizata dhe institucione t\u00eb shoq\u00ebris\u00eb civile (shoqatat e qytetar\u00ebve, grupet qytetare joformale, akter\u00ebt e kultur\u00ebs s\u00eb pavarur dhe arteve, institucionet akademike, organizatat think-tank, sindikatat, media, etj.), k\u00ebshillat e pakicave komb\u00ebtare, organet shtet\u00ebrore dhe lokale, institucionet etj. \u201d, \u00ebsht\u00eb theksuar nga Fondacioni.<\/p>\n<p>\n\tAplikanti duhet t\u00eb jet\u00eb i regjistruar ose me vendbanim n\u00eb Republik\u00ebn e Serbis\u00eb.<\/p>\n<p>\n\tPrioritet do t&#39;i jepet projekteve q\u00eb komunikojn\u00eb drejtp\u00ebrdrejt dhe qart\u00eb me qytetar\u00ebt, bazohen n\u00eb qasje dhe metodologji inovative dhe krijuese, dhe nd\u00ebrlidhen horizontale me aktor\u00ebt e tjer\u00eb t\u00eb shoq\u00ebris\u00eb civile.<\/p>\n<p>\n\tGjat\u00eb konkursit do t\u00eb organizohen pun\u00ebtori informative p\u00ebr pjes\u00ebmarr\u00ebsit e interesuar n\u00eb konkurs, p\u00ebrkat\u00ebsisht:<\/p>\n<p>\n\t\u2013 11 shkurt 2020 n\u00eb Novi Sad n\u00eb Qendr\u00ebn Mediale t\u00eb Vojvodin\u00ebs, Sutjeska 2 \/ hyrja 8 \/ SPENS \u2013 nga ora 12 deri n\u00eb 14;<\/p>\n<p>\n\t<strong>\u2013 12 shkurt 2020 n\u00eb Nish n\u00eb Qendr\u00ebn Media dhe Reforma, Obrenoviceva 38 \u2013 nga ora 12.00 deri n\u00eb or\u00ebn 14.00;<\/strong><\/p>\n<p>\n\t\u2013 13 shkurt 2020 n\u00eb Beograd n\u00eb Media Center, Terazije 3 \u2013 nga ora 12 deri n\u00eb 14.<\/p>\n<p>\n\tInformacione m\u00eb t\u00eb holl\u00ebsishme p\u00ebr tender\u00ebt, si dhe dokumentacionin e tenderit, jan\u00eb n\u00eb dispozicion n\u00eb faqen e internetit t\u00eb Fondacionit t\u00eb Shoq\u00ebris\u00eb s\u00eb Hapur t\u00eb Serbis\u00eb <a href=\"http:\/\/xn--cdaaa.fosserbia.org\/sr\/konkursi\/konkurs-za-podr%C5%A1ku-projektima.html\">http:\/\/www.fosserbia.org\/sr\/konkursi\/konkurs-za-podr%C5%A1ku-projektima.html<\/a><\/p>\n<p>\n\t<strong>Burimi: Fondacioni p\u00ebr Shoq\u00ebri t\u00eb Hapur, Serbia dhe Trupi Koordinues <\/strong><\/p>\n<p>\n\t\u00a0<\/p>\n","protected":false},"excerpt":{"rendered":"<p>Fondacioni i Shoq\u00ebris\u00eb s\u00eb Hapur, Serbia ka shpallur tre konkursa p\u00ebr p\u00ebrkrahje t\u00eb projekteve.<\/p>\n","protected":false},"author":1,"featured_media":114495,"comment_status":"closed","ping_status":"closed","sticky":false,"template":"","format":"standard","meta":{"footnotes":""},"categories":[55],"tags":[],"class_list":["post-114490","post","type-post","status-publish","format-standard","has-post-thumbnail","hentry","category-lajme"],"yoast_head":"<!-- This site is optimized with the Yoast SEO plugin v27.5 - https:\/\/yoast.com\/product\/yoast-seo-wordpress\/ -->\n<title>JAN\u00cb HAPUR TRE KONKURSE P\u00cbR FONDACIONIN P\u00cbR SHOQ\u00cbRI T\u00cb HAPUR T\u00cb SERBIS\u00cb (AFATI: 2 MARS 2020) - Republika e S\u00ebrbis\u00eb Trupi Koordinues p\u00ebr komunat Bujanoc, Preshev\u00eb dhe Medvegj\u00eb<\/title>\n<meta name=\"robots\" content=\"index, follow, max-snippet:-1, max-image-preview:large, max-video-preview:-1\" \/>\n<link rel=\"canonical\" href=\"https:\/\/kt.gov.rs\/sq\/jane-hapur-tre-konkurse-per-fondacionin-per-shoqeri-te-hapur-te-serbise-afati-2-mars-2020\/\" \/>\n<meta property=\"og:locale\" content=\"sq_AL\" \/>\n<meta property=\"og:type\" content=\"article\" \/>\n<meta property=\"og:title\" content=\"JAN\u00cb HAPUR TRE KONKURSE P\u00cbR FONDACIONIN P\u00cbR SHOQ\u00cbRI T\u00cb HAPUR T\u00cb SERBIS\u00cb (AFATI: 2 MARS 2020) - Republika e S\u00ebrbis\u00eb Trupi Koordinues p\u00ebr komunat Bujanoc, Preshev\u00eb dhe Medvegj\u00eb\" \/>\n<meta property=\"og:description\" content=\"Fondacioni i Shoq\u00ebris\u00eb s\u00eb Hapur, Serbia ka shpallur tre konkursa p\u00ebr p\u00ebrkrahje t\u00eb projekteve.\" \/>\n<meta property=\"og:url\" content=\"https:\/\/kt.gov.rs\/sq\/jane-hapur-tre-konkurse-per-fondacionin-per-shoqeri-te-hapur-te-serbise-afati-2-mars-2020\/\" \/>\n<meta property=\"og:site_name\" content=\"Republika e S\u00ebrbis\u00eb Trupi Koordinues p\u00ebr komunat Bujanoc, Preshev\u00eb dhe Medvegj\u00eb\" \/>\n<meta property=\"article:publisher\" content=\"https:\/\/www.facebook.com\/SluzbaKoordinacionogTelaVladeRepublikeSrbije\" \/>\n<meta property=\"article:published_time\" content=\"2020-02-06T00:00:00+00:00\" \/>\n<meta property=\"article:modified_time\" content=\"2024-07-30T18:07:54+00:00\" \/>\n<meta property=\"og:image\" content=\"https:\/\/kt.gov.rs\/wp-content\/uploads\/2024\/07\/1580986289_060220_2-5.jpg\" \/>\n\t<meta property=\"og:image:width\" content=\"315\" \/>\n\t<meta property=\"og:image:height\" content=\"230\" \/>\n\t<meta property=\"og:image:type\" content=\"image\/jpeg\" \/>\n<meta name=\"author\" content=\"ktmin\" \/>\n<meta name=\"twitter:card\" content=\"summary_large_image\" \/>\n<meta name=\"twitter:creator\" content=\"@kt_gov\" \/>\n<meta name=\"twitter:site\" content=\"@kt_gov\" \/>\n<meta name=\"twitter:label1\" content=\"Written by\" \/>\n\t<meta name=\"twitter:data1\" content=\"ktmin\" \/>\n\t<meta name=\"twitter:label2\" content=\"Est. reading time\" \/>\n\t<meta name=\"twitter:data2\" content=\"2 minutes\" \/>\n<script type=\"application\/ld+json\" class=\"yoast-schema-graph\">{\"@context\":\"https:\\\/\\\/schema.org\",\"@graph\":[{\"@type\":\"Article\",\"@id\":\"https:\\\/\\\/kt.gov.rs\\\/sq\\\/jane-hapur-tre-konkurse-per-fondacionin-per-shoqeri-te-hapur-te-serbise-afati-2-mars-2020\\\/#article\",\"isPartOf\":{\"@id\":\"https:\\\/\\\/kt.gov.rs\\\/sq\\\/jane-hapur-tre-konkurse-per-fondacionin-per-shoqeri-te-hapur-te-serbise-afati-2-mars-2020\\\/\"},\"author\":{\"name\":\"ktmin\",\"@id\":\"https:\\\/\\\/kt.gov.rs\\\/#\\\/schema\\\/person\\\/e426459ddb4173309103390602694571\"},\"headline\":\"JAN\u00cb HAPUR TRE KONKURSE P\u00cbR FONDACIONIN P\u00cbR SHOQ\u00cbRI T\u00cb HAPUR T\u00cb SERBIS\u00cb (AFATI: 2 MARS 2020)\",\"datePublished\":\"2020-02-06T00:00:00+00:00\",\"dateModified\":\"2024-07-30T18:07:54+00:00\",\"mainEntityOfPage\":{\"@id\":\"https:\\\/\\\/kt.gov.rs\\\/sq\\\/jane-hapur-tre-konkurse-per-fondacionin-per-shoqeri-te-hapur-te-serbise-afati-2-mars-2020\\\/\"},\"wordCount\":417,\"publisher\":{\"@id\":\"https:\\\/\\\/kt.gov.rs\\\/#organization\"},\"image\":{\"@id\":\"https:\\\/\\\/kt.gov.rs\\\/sq\\\/jane-hapur-tre-konkurse-per-fondacionin-per-shoqeri-te-hapur-te-serbise-afati-2-mars-2020\\\/#primaryimage\"},\"thumbnailUrl\":\"https:\\\/\\\/kt.gov.rs\\\/wp-content\\\/uploads\\\/2024\\\/07\\\/1580986289_060220_2-5.jpg\",\"articleSection\":[\"Lajme\"],\"inLanguage\":\"sq-AL\"},{\"@type\":\"WebPage\",\"@id\":\"https:\\\/\\\/kt.gov.rs\\\/sq\\\/jane-hapur-tre-konkurse-per-fondacionin-per-shoqeri-te-hapur-te-serbise-afati-2-mars-2020\\\/\",\"url\":\"https:\\\/\\\/kt.gov.rs\\\/sq\\\/jane-hapur-tre-konkurse-per-fondacionin-per-shoqeri-te-hapur-te-serbise-afati-2-mars-2020\\\/\",\"name\":\"JAN\u00cb HAPUR TRE KONKURSE P\u00cbR FONDACIONIN P\u00cbR SHOQ\u00cbRI T\u00cb HAPUR T\u00cb SERBIS\u00cb (AFATI: 2 MARS 2020) - Republika e S\u00ebrbis\u00eb Trupi Koordinues p\u00ebr komunat Bujanoc, Preshev\u00eb dhe Medvegj\u00eb\",\"isPartOf\":{\"@id\":\"https:\\\/\\\/kt.gov.rs\\\/#website\"},\"primaryImageOfPage\":{\"@id\":\"https:\\\/\\\/kt.gov.rs\\\/sq\\\/jane-hapur-tre-konkurse-per-fondacionin-per-shoqeri-te-hapur-te-serbise-afati-2-mars-2020\\\/#primaryimage\"},\"image\":{\"@id\":\"https:\\\/\\\/kt.gov.rs\\\/sq\\\/jane-hapur-tre-konkurse-per-fondacionin-per-shoqeri-te-hapur-te-serbise-afati-2-mars-2020\\\/#primaryimage\"},\"thumbnailUrl\":\"https:\\\/\\\/kt.gov.rs\\\/wp-content\\\/uploads\\\/2024\\\/07\\\/1580986289_060220_2-5.jpg\",\"datePublished\":\"2020-02-06T00:00:00+00:00\",\"dateModified\":\"2024-07-30T18:07:54+00:00\",\"breadcrumb\":{\"@id\":\"https:\\\/\\\/kt.gov.rs\\\/sq\\\/jane-hapur-tre-konkurse-per-fondacionin-per-shoqeri-te-hapur-te-serbise-afati-2-mars-2020\\\/#breadcrumb\"},\"inLanguage\":\"sq-AL\",\"potentialAction\":[{\"@type\":\"ReadAction\",\"target\":[\"https:\\\/\\\/kt.gov.rs\\\/sq\\\/jane-hapur-tre-konkurse-per-fondacionin-per-shoqeri-te-hapur-te-serbise-afati-2-mars-2020\\\/\"]}]},{\"@type\":\"ImageObject\",\"inLanguage\":\"sq-AL\",\"@id\":\"https:\\\/\\\/kt.gov.rs\\\/sq\\\/jane-hapur-tre-konkurse-per-fondacionin-per-shoqeri-te-hapur-te-serbise-afati-2-mars-2020\\\/#primaryimage\",\"url\":\"https:\\\/\\\/kt.gov.rs\\\/wp-content\\\/uploads\\\/2024\\\/07\\\/1580986289_060220_2-5.jpg\",\"contentUrl\":\"https:\\\/\\\/kt.gov.rs\\\/wp-content\\\/uploads\\\/2024\\\/07\\\/1580986289_060220_2-5.jpg\",\"width\":315,\"height\":230},{\"@type\":\"BreadcrumbList\",\"@id\":\"https:\\\/\\\/kt.gov.rs\\\/sq\\\/jane-hapur-tre-konkurse-per-fondacionin-per-shoqeri-te-hapur-te-serbise-afati-2-mars-2020\\\/#breadcrumb\",\"itemListElement\":[{\"@type\":\"ListItem\",\"position\":1,\"name\":\"\u041f\u043e\u0447\u0435\u0442\u043d\u0430\",\"item\":\"https:\\\/\\\/kt.gov.rs\\\/sq\\\/\"},{\"@type\":\"ListItem\",\"position\":2,\"name\":\"JAN\u00cb HAPUR TRE KONKURSE P\u00cbR FONDACIONIN P\u00cbR SHOQ\u00cbRI T\u00cb HAPUR T\u00cb SERBIS\u00cb (AFATI: 2 MARS 2020)\"}]},{\"@type\":\"WebSite\",\"@id\":\"https:\\\/\\\/kt.gov.rs\\\/#website\",\"url\":\"https:\\\/\\\/kt.gov.rs\\\/\",\"name\":\"\u041a\u043e\u043e\u0440\u0434\u0438\u043d\u0430\u0446\u0438\u043e\u043d\u043e \u0442\u0435\u043b\u043e \u0412\u043b\u0430\u0434\u0435 \u0420\u0435\u043f\u0443\u0431\u043b\u0438\u043a\u0435 \u0421\u0440\u0431\u0438\u0458\u0435 \u0437\u0430 \u043e\u043f\u0448\u0442\u0438\u043d\u0435 \u041f\u0440\u0435\u0448\u0435\u0432\u043e, \u0411\u0443\u0458\u0430\u043d\u043e\u0432\u0430\u0446 \u0438 \u041c\u0435\u0434\u0432\u0435\u0452a\",\"description\":\"\",\"publisher\":{\"@id\":\"https:\\\/\\\/kt.gov.rs\\\/#organization\"},\"alternateName\":\"\u041a\u043e\u043e\u0440\u0434\u0438\u043d\u0430\u0446\u0438\u043e\u043d\u043e \u0442\u0435\u043b\u043e\",\"potentialAction\":[{\"@type\":\"SearchAction\",\"target\":{\"@type\":\"EntryPoint\",\"urlTemplate\":\"https:\\\/\\\/kt.gov.rs\\\/?s={search_term_string}\"},\"query-input\":{\"@type\":\"PropertyValueSpecification\",\"valueRequired\":true,\"valueName\":\"search_term_string\"}}],\"inLanguage\":\"sq-AL\"},{\"@type\":\"Organization\",\"@id\":\"https:\\\/\\\/kt.gov.rs\\\/#organization\",\"name\":\"\u041a\u043e\u043e\u0440\u0434\u0438\u043d\u0430\u0446\u0438\u043e\u043d\u043e \u0442\u0435\u043b\u043e \u0412\u043b\u0430\u0434\u0435 \u0420\u0435\u043f\u0443\u0431\u043b\u0438\u043a\u0435 \u0421\u0440\u0431\u0438\u0458\u0435 \u0437\u0430 \u043e\u043f\u0448\u0442\u0438\u043d\u0435 \u041f\u0440\u0435\u0448\u0435\u0432\u043e, \u0411\u0443\u0458\u0430\u043d\u043e\u0432\u0430\u0446 \u0438 \u041c\u0435\u0434\u0432\u0435\u0452a\",\"alternateName\":\"\u041a\u043e\u043e\u0440\u0434\u0438\u043d\u0430\u0446\u0438\u043e\u043d\u043e \u0442\u0435\u043b\u043e\",\"url\":\"https:\\\/\\\/kt.gov.rs\\\/\",\"logo\":{\"@type\":\"ImageObject\",\"inLanguage\":\"sq-AL\",\"@id\":\"https:\\\/\\\/kt.gov.rs\\\/#\\\/schema\\\/logo\\\/image\\\/\",\"url\":\"https:\\\/\\\/kt.gov.rs\\\/wp-content\\\/uploads\\\/2024\\\/12\\\/koord2.jpg\",\"contentUrl\":\"https:\\\/\\\/kt.gov.rs\\\/wp-content\\\/uploads\\\/2024\\\/12\\\/koord2.jpg\",\"width\":640,\"height\":480,\"caption\":\"\u041a\u043e\u043e\u0440\u0434\u0438\u043d\u0430\u0446\u0438\u043e\u043d\u043e \u0442\u0435\u043b\u043e \u0412\u043b\u0430\u0434\u0435 \u0420\u0435\u043f\u0443\u0431\u043b\u0438\u043a\u0435 \u0421\u0440\u0431\u0438\u0458\u0435 \u0437\u0430 \u043e\u043f\u0448\u0442\u0438\u043d\u0435 \u041f\u0440\u0435\u0448\u0435\u0432\u043e, \u0411\u0443\u0458\u0430\u043d\u043e\u0432\u0430\u0446 \u0438 \u041c\u0435\u0434\u0432\u0435\u0452a\"},\"image\":{\"@id\":\"https:\\\/\\\/kt.gov.rs\\\/#\\\/schema\\\/logo\\\/image\\\/\"},\"sameAs\":[\"https:\\\/\\\/www.facebook.com\\\/SluzbaKoordinacionogTelaVladeRepublikeSrbije\",\"https:\\\/\\\/x.com\\\/kt_gov\",\"https:\\\/\\\/www.youtube.com\\\/@koordinacionotelo\"]},{\"@type\":\"Person\",\"@id\":\"https:\\\/\\\/kt.gov.rs\\\/#\\\/schema\\\/person\\\/e426459ddb4173309103390602694571\",\"name\":\"ktmin\",\"image\":{\"@type\":\"ImageObject\",\"inLanguage\":\"sq-AL\",\"@id\":\"https:\\\/\\\/secure.gravatar.com\\\/avatar\\\/3985c961109853010c3fbc7ba30365bfba5db3dd6c525831d9c595c7525a615a?s=96&d=mm&r=g\",\"url\":\"https:\\\/\\\/secure.gravatar.com\\\/avatar\\\/3985c961109853010c3fbc7ba30365bfba5db3dd6c525831d9c595c7525a615a?s=96&d=mm&r=g\",\"contentUrl\":\"https:\\\/\\\/secure.gravatar.com\\\/avatar\\\/3985c961109853010c3fbc7ba30365bfba5db3dd6c525831d9c595c7525a615a?s=96&d=mm&r=g\",\"caption\":\"ktmin\"},\"sameAs\":[\"https:\\\/\\\/kt.gov.rs\"],\"url\":\"https:\\\/\\\/kt.gov.rs\\\/sq\\\/author\\\/ktmin\\\/\"}]}<\/script>\n<!-- \/ Yoast SEO plugin. -->","yoast_head_json":{"title":"JAN\u00cb HAPUR TRE KONKURSE P\u00cbR FONDACIONIN P\u00cbR SHOQ\u00cbRI T\u00cb HAPUR T\u00cb SERBIS\u00cb (AFATI: 2 MARS 2020) - Republika e S\u00ebrbis\u00eb Trupi Koordinues p\u00ebr komunat Bujanoc, Preshev\u00eb dhe Medvegj\u00eb","robots":{"index":"index","follow":"follow","max-snippet":"max-snippet:-1","max-image-preview":"max-image-preview:large","max-video-preview":"max-video-preview:-1"},"canonical":"https:\/\/kt.gov.rs\/sq\/jane-hapur-tre-konkurse-per-fondacionin-per-shoqeri-te-hapur-te-serbise-afati-2-mars-2020\/","og_locale":"sq_AL","og_type":"article","og_title":"JAN\u00cb HAPUR TRE KONKURSE P\u00cbR FONDACIONIN P\u00cbR SHOQ\u00cbRI T\u00cb HAPUR T\u00cb SERBIS\u00cb (AFATI: 2 MARS 2020) - Republika e S\u00ebrbis\u00eb Trupi Koordinues p\u00ebr komunat Bujanoc, Preshev\u00eb dhe Medvegj\u00eb","og_description":"Fondacioni i Shoq\u00ebris\u00eb s\u00eb Hapur, Serbia ka shpallur tre konkursa p\u00ebr p\u00ebrkrahje t\u00eb projekteve.","og_url":"https:\/\/kt.gov.rs\/sq\/jane-hapur-tre-konkurse-per-fondacionin-per-shoqeri-te-hapur-te-serbise-afati-2-mars-2020\/","og_site_name":"Republika e S\u00ebrbis\u00eb Trupi Koordinues p\u00ebr komunat Bujanoc, Preshev\u00eb dhe Medvegj\u00eb","article_publisher":"https:\/\/www.facebook.com\/SluzbaKoordinacionogTelaVladeRepublikeSrbije","article_published_time":"2020-02-06T00:00:00+00:00","article_modified_time":"2024-07-30T18:07:54+00:00","og_image":[{"width":315,"height":230,"url":"https:\/\/kt.gov.rs\/wp-content\/uploads\/2024\/07\/1580986289_060220_2-5.jpg","type":"image\/jpeg"}],"author":"ktmin","twitter_card":"summary_large_image","twitter_creator":"@kt_gov","twitter_site":"@kt_gov","twitter_misc":{"Written by":"ktmin","Est. reading time":"2 minutes"},"schema":{"@context":"https:\/\/schema.org","@graph":[{"@type":"Article","@id":"https:\/\/kt.gov.rs\/sq\/jane-hapur-tre-konkurse-per-fondacionin-per-shoqeri-te-hapur-te-serbise-afati-2-mars-2020\/#article","isPartOf":{"@id":"https:\/\/kt.gov.rs\/sq\/jane-hapur-tre-konkurse-per-fondacionin-per-shoqeri-te-hapur-te-serbise-afati-2-mars-2020\/"},"author":{"name":"ktmin","@id":"https:\/\/kt.gov.rs\/#\/schema\/person\/e426459ddb4173309103390602694571"},"headline":"JAN\u00cb HAPUR TRE KONKURSE P\u00cbR FONDACIONIN P\u00cbR SHOQ\u00cbRI T\u00cb HAPUR T\u00cb SERBIS\u00cb (AFATI: 2 MARS 2020)","datePublished":"2020-02-06T00:00:00+00:00","dateModified":"2024-07-30T18:07:54+00:00","mainEntityOfPage":{"@id":"https:\/\/kt.gov.rs\/sq\/jane-hapur-tre-konkurse-per-fondacionin-per-shoqeri-te-hapur-te-serbise-afati-2-mars-2020\/"},"wordCount":417,"publisher":{"@id":"https:\/\/kt.gov.rs\/#organization"},"image":{"@id":"https:\/\/kt.gov.rs\/sq\/jane-hapur-tre-konkurse-per-fondacionin-per-shoqeri-te-hapur-te-serbise-afati-2-mars-2020\/#primaryimage"},"thumbnailUrl":"https:\/\/kt.gov.rs\/wp-content\/uploads\/2024\/07\/1580986289_060220_2-5.jpg","articleSection":["Lajme"],"inLanguage":"sq-AL"},{"@type":"WebPage","@id":"https:\/\/kt.gov.rs\/sq\/jane-hapur-tre-konkurse-per-fondacionin-per-shoqeri-te-hapur-te-serbise-afati-2-mars-2020\/","url":"https:\/\/kt.gov.rs\/sq\/jane-hapur-tre-konkurse-per-fondacionin-per-shoqeri-te-hapur-te-serbise-afati-2-mars-2020\/","name":"JAN\u00cb HAPUR TRE KONKURSE P\u00cbR FONDACIONIN P\u00cbR SHOQ\u00cbRI T\u00cb HAPUR T\u00cb SERBIS\u00cb (AFATI: 2 MARS 2020) - Republika e S\u00ebrbis\u00eb Trupi Koordinues p\u00ebr komunat Bujanoc, Preshev\u00eb dhe Medvegj\u00eb","isPartOf":{"@id":"https:\/\/kt.gov.rs\/#website"},"primaryImageOfPage":{"@id":"https:\/\/kt.gov.rs\/sq\/jane-hapur-tre-konkurse-per-fondacionin-per-shoqeri-te-hapur-te-serbise-afati-2-mars-2020\/#primaryimage"},"image":{"@id":"https:\/\/kt.gov.rs\/sq\/jane-hapur-tre-konkurse-per-fondacionin-per-shoqeri-te-hapur-te-serbise-afati-2-mars-2020\/#primaryimage"},"thumbnailUrl":"https:\/\/kt.gov.rs\/wp-content\/uploads\/2024\/07\/1580986289_060220_2-5.jpg","datePublished":"2020-02-06T00:00:00+00:00","dateModified":"2024-07-30T18:07:54+00:00","breadcrumb":{"@id":"https:\/\/kt.gov.rs\/sq\/jane-hapur-tre-konkurse-per-fondacionin-per-shoqeri-te-hapur-te-serbise-afati-2-mars-2020\/#breadcrumb"},"inLanguage":"sq-AL","potentialAction":[{"@type":"ReadAction","target":["https:\/\/kt.gov.rs\/sq\/jane-hapur-tre-konkurse-per-fondacionin-per-shoqeri-te-hapur-te-serbise-afati-2-mars-2020\/"]}]},{"@type":"ImageObject","inLanguage":"sq-AL","@id":"https:\/\/kt.gov.rs\/sq\/jane-hapur-tre-konkurse-per-fondacionin-per-shoqeri-te-hapur-te-serbise-afati-2-mars-2020\/#primaryimage","url":"https:\/\/kt.gov.rs\/wp-content\/uploads\/2024\/07\/1580986289_060220_2-5.jpg","contentUrl":"https:\/\/kt.gov.rs\/wp-content\/uploads\/2024\/07\/1580986289_060220_2-5.jpg","width":315,"height":230},{"@type":"BreadcrumbList","@id":"https:\/\/kt.gov.rs\/sq\/jane-hapur-tre-konkurse-per-fondacionin-per-shoqeri-te-hapur-te-serbise-afati-2-mars-2020\/#breadcrumb","itemListElement":[{"@type":"ListItem","position":1,"name":"\u041f\u043e\u0447\u0435\u0442\u043d\u0430","item":"https:\/\/kt.gov.rs\/sq\/"},{"@type":"ListItem","position":2,"name":"JAN\u00cb HAPUR TRE KONKURSE P\u00cbR FONDACIONIN P\u00cbR SHOQ\u00cbRI T\u00cb HAPUR T\u00cb SERBIS\u00cb (AFATI: 2 MARS 2020)"}]},{"@type":"WebSite","@id":"https:\/\/kt.gov.rs\/#website","url":"https:\/\/kt.gov.rs\/","name":"\u041a\u043e\u043e\u0440\u0434\u0438\u043d\u0430\u0446\u0438\u043e\u043d\u043e \u0442\u0435\u043b\u043e \u0412\u043b\u0430\u0434\u0435 \u0420\u0435\u043f\u0443\u0431\u043b\u0438\u043a\u0435 \u0421\u0440\u0431\u0438\u0458\u0435 \u0437\u0430 \u043e\u043f\u0448\u0442\u0438\u043d\u0435 \u041f\u0440\u0435\u0448\u0435\u0432\u043e, \u0411\u0443\u0458\u0430\u043d\u043e\u0432\u0430\u0446 \u0438 \u041c\u0435\u0434\u0432\u0435\u0452a","description":"","publisher":{"@id":"https:\/\/kt.gov.rs\/#organization"},"alternateName":"\u041a\u043e\u043e\u0440\u0434\u0438\u043d\u0430\u0446\u0438\u043e\u043d\u043e \u0442\u0435\u043b\u043e","potentialAction":[{"@type":"SearchAction","target":{"@type":"EntryPoint","urlTemplate":"https:\/\/kt.gov.rs\/?s={search_term_string}"},"query-input":{"@type":"PropertyValueSpecification","valueRequired":true,"valueName":"search_term_string"}}],"inLanguage":"sq-AL"},{"@type":"Organization","@id":"https:\/\/kt.gov.rs\/#organization","name":"\u041a\u043e\u043e\u0440\u0434\u0438\u043d\u0430\u0446\u0438\u043e\u043d\u043e \u0442\u0435\u043b\u043e \u0412\u043b\u0430\u0434\u0435 \u0420\u0435\u043f\u0443\u0431\u043b\u0438\u043a\u0435 \u0421\u0440\u0431\u0438\u0458\u0435 \u0437\u0430 \u043e\u043f\u0448\u0442\u0438\u043d\u0435 \u041f\u0440\u0435\u0448\u0435\u0432\u043e, \u0411\u0443\u0458\u0430\u043d\u043e\u0432\u0430\u0446 \u0438 \u041c\u0435\u0434\u0432\u0435\u0452a","alternateName":"\u041a\u043e\u043e\u0440\u0434\u0438\u043d\u0430\u0446\u0438\u043e\u043d\u043e \u0442\u0435\u043b\u043e","url":"https:\/\/kt.gov.rs\/","logo":{"@type":"ImageObject","inLanguage":"sq-AL","@id":"https:\/\/kt.gov.rs\/#\/schema\/logo\/image\/","url":"https:\/\/kt.gov.rs\/wp-content\/uploads\/2024\/12\/koord2.jpg","contentUrl":"https:\/\/kt.gov.rs\/wp-content\/uploads\/2024\/12\/koord2.jpg","width":640,"height":480,"caption":"\u041a\u043e\u043e\u0440\u0434\u0438\u043d\u0430\u0446\u0438\u043e\u043d\u043e \u0442\u0435\u043b\u043e \u0412\u043b\u0430\u0434\u0435 \u0420\u0435\u043f\u0443\u0431\u043b\u0438\u043a\u0435 \u0421\u0440\u0431\u0438\u0458\u0435 \u0437\u0430 \u043e\u043f\u0448\u0442\u0438\u043d\u0435 \u041f\u0440\u0435\u0448\u0435\u0432\u043e, \u0411\u0443\u0458\u0430\u043d\u043e\u0432\u0430\u0446 \u0438 \u041c\u0435\u0434\u0432\u0435\u0452a"},"image":{"@id":"https:\/\/kt.gov.rs\/#\/schema\/logo\/image\/"},"sameAs":["https:\/\/www.facebook.com\/SluzbaKoordinacionogTelaVladeRepublikeSrbije","https:\/\/x.com\/kt_gov","https:\/\/www.youtube.com\/@koordinacionotelo"]},{"@type":"Person","@id":"https:\/\/kt.gov.rs\/#\/schema\/person\/e426459ddb4173309103390602694571","name":"ktmin","image":{"@type":"ImageObject","inLanguage":"sq-AL","@id":"https:\/\/secure.gravatar.com\/avatar\/3985c961109853010c3fbc7ba30365bfba5db3dd6c525831d9c595c7525a615a?s=96&d=mm&r=g","url":"https:\/\/secure.gravatar.com\/avatar\/3985c961109853010c3fbc7ba30365bfba5db3dd6c525831d9c595c7525a615a?s=96&d=mm&r=g","contentUrl":"https:\/\/secure.gravatar.com\/avatar\/3985c961109853010c3fbc7ba30365bfba5db3dd6c525831d9c595c7525a615a?s=96&d=mm&r=g","caption":"ktmin"},"sameAs":["https:\/\/kt.gov.rs"],"url":"https:\/\/kt.gov.rs\/sq\/author\/ktmin\/"}]}},"_links":{"self":[{"href":"https:\/\/kt.gov.rs\/sq\/wp-json\/wp\/v2\/posts\/114490","targetHints":{"allow":["GET"]}}],"collection":[{"href":"https:\/\/kt.gov.rs\/sq\/wp-json\/wp\/v2\/posts"}],"about":[{"href":"https:\/\/kt.gov.rs\/sq\/wp-json\/wp\/v2\/types\/post"}],"author":[{"embeddable":true,"href":"https:\/\/kt.gov.rs\/sq\/wp-json\/wp\/v2\/users\/1"}],"replies":[{"embeddable":true,"href":"https:\/\/kt.gov.rs\/sq\/wp-json\/wp\/v2\/comments?post=114490"}],"version-history":[{"count":1,"href":"https:\/\/kt.gov.rs\/sq\/wp-json\/wp\/v2\/posts\/114490\/revisions"}],"predecessor-version":[{"id":114494,"href":"https:\/\/kt.gov.rs\/sq\/wp-json\/wp\/v2\/posts\/114490\/revisions\/114494"}],"wp:featuredmedia":[{"embeddable":true,"href":"https:\/\/kt.gov.rs\/sq\/wp-json\/wp\/v2\/media\/114495"}],"wp:attachment":[{"href":"https:\/\/kt.gov.rs\/sq\/wp-json\/wp\/v2\/media?parent=114490"}],"wp:term":[{"taxonomy":"category","embeddable":true,"href":"https:\/\/kt.gov.rs\/sq\/wp-json\/wp\/v2\/categories?post=114490"},{"taxonomy":"post_tag","embeddable":true,"href":"https:\/\/kt.gov.rs\/sq\/wp-json\/wp\/v2\/tags?post=114490"}],"curies":[{"name":"wp","href":"https:\/\/api.w.org\/{rel}","templated":true}]}}