{"id":114290,"date":"2020-02-18T00:00:00","date_gmt":"2020-02-18T00:00:00","guid":{"rendered":"http:\/\/kt.printandscreen.rs\/eshte-publikuar-hulumtim-diskriminimi-ne-tregun-e-punes\/"},"modified":"2024-07-30T18:07:35","modified_gmt":"2024-07-30T18:07:35","slug":"eshte-publikuar-hulumtim-diskriminimi-ne-tregun-e-punes","status":"publish","type":"post","link":"https:\/\/kt.gov.rs\/sq\/eshte-publikuar-hulumtim-diskriminimi-ne-tregun-e-punes\/","title":{"rendered":"\u00cbSHT\u00cb PUBLIKUAR HULUMTIM \u201cDISKRIMINIMI N\u00cb TREGUN E PUN\u00cbS\u201d"},"content":{"rendered":"<p>\n\t<img decoding=\"async\" alt=\"\" src=\"https:\/\/kt.gov.rs\/wp-content\/uploads\/2024\/07\/1582034491_18022020_1-4.jpg\" style=\"width: 315px; height: 230px; float: left;\" \/>Komisionerja p\u00ebr mbrojtjen e barazis\u00eb Brankica Jankoviq koh\u00ebt e fundit prezantoi nj\u00eb raport special p\u00ebr diskriminimin n\u00eb pun\u00eb dhe pun\u00ebsim dhe nj\u00eb studim mbi diskriminimin n\u00eb tregun e pun\u00ebs, t\u00eb cilat u p\u00ebrgatit\u00ebn p\u00ebr t\u00eb sh\u00ebnuar p\u00ebrvjetorin e 10-t\u00eb t\u00eb institucionit. Ajo vuri n\u00eb dukje se fusha e pun\u00ebs dhe pun\u00ebsimit ka qen\u00eb n\u00eb krye t\u00eb list\u00ebs s\u00eb ankesave p\u00ebr dhjet\u00eb vjet, e cila ishte nj\u00eb nxitje p\u00ebr t\u00eb prodhuar nj\u00eb analiz\u00eb gjith\u00ebp\u00ebrfshir\u00ebse p\u00ebr t\u00eb identifikuar \u00e7\u00ebshtjet kryesore q\u00eb \u00e7ojn\u00eb n\u00eb shkelje t\u00eb s\u00eb drejt\u00ebs p\u00ebr pun\u00eb t\u00eb dinjitetshme, pag\u00ebdhe trajtim t\u00eb barabart\u00eb n\u00eb k\u00ebt\u00eb fush\u00eb dhe udh\u00ebzimet e p\u00ebrcaktuara p\u00ebr adresimin e tyre. Ky raport \u00ebsht\u00eb dor\u00ebzuar n\u00eb Parlamentin e Republik\u00ebs s\u00eb Serbis\u00eb n\u00eb dhjetor 2019.<\/p>\n<p>\n\t<a href=\"http:\/\/ravnopravnost-5bcf.kxcdn.com\/%C3%ABp-content\/uploads\/2020\/01\/diskriminacija-na-trzistu-rada-FINAL.pdf\" target=\"_blank\" rel=\"noopener\">\u0418\u0441\u0442\u0440\u0430\u0436\u0438\u0432\u0430\u045a\u0435 \u201e\u0414\u0438\u0441\u043a\u0440\u0438\u043c\u0438\u043d\u0430\u0446\u0438\u0458\u0430 \u043d\u0430 \u0442\u0440\u0436\u0438\u0448\u0442\u0443 \u0440\u0430\u0434\u0430\u201c<\/a><\/p>\n<p>\n\tAjo u implementua n\u00eb periudh\u00ebn korrik-shtator 2019, n\u00eb kuad\u00ebr t\u00eb projektit &quot;P\u00ebrfshirja e Rom\u00ebve dhe grupeve t\u00eb tjera t\u00eb margjinalizuara&quot;, i implementuar nga Bashk\u00ebpunimi Gjerman p\u00ebr Zhvillim (GIZ) n\u00eb Serbi. Me k\u00ebt\u00eb hulumtim jan\u00eb p\u00ebrfshir\u00eb 1112 t\u00eb anketuar, nga t\u00eb cil\u00ebt 96 ishin pun\u00ebdh\u00ebn\u00ebs, 513 ishin t\u00eb pun\u00ebsuar dhe 503 ishin t\u00eb papun\u00eb. Publikimi paraqet rezultatet e nj\u00eb ekzaminimi t\u00eb perceptimeve, q\u00ebndrimeve dhe njohurive t\u00eb pun\u00ebdh\u00ebn\u00ebsve, punonj\u00ebsve dhe t\u00eb papun\u00ebve p\u00ebr diskriminimin n\u00eb t\u00eb gjitha fazat e pun\u00ebs. K\u00ebto q\u00ebndrime dhe perceptime t\u00eb t\u00eb anketuarve thellojn\u00eb njohurit\u00eb mbi p\u00ebrhapjen e diskriminimit n\u00eb pun\u00eb dhe n\u00eb procesin e pun\u00ebsimit t\u00eb marr\u00eb p\u00ebrmes sondazheve t\u00eb opinionit publik dhe p\u00ebrmes praktik\u00ebs s\u00eb Komisioneres p\u00ebr Mbrojtjen e Barazis\u00eb.<\/p>\n<p>\n\tSondazhi tregoi se t\u00eb anketuarit kan\u00eb nj\u00eb perceptim se diskriminimi \u00ebsht\u00eb shum\u00eb i lart\u00eb, si\u00e7 thuhet nga 92% e pun\u00ebdh\u00ebn\u00ebsve, 86% e t\u00eb papun\u00ebve dhe 84% e t\u00eb pun\u00ebsuarve. Nga ana tjet\u00ebr, rreth nj\u00eb e treta e t\u00eb anketuarve p\u00ebrjetuan p\u00ebrvoj\u00eb personale t\u00eb diskriminimit n\u00eb kuptimin e tij t\u00eb v\u00ebrtet\u00eb t\u00eb trajtimit t\u00eb pabarabart\u00eb p\u00ebr shkak t\u00eb nj\u00eb tipari personal. Ata p\u00ebrmendin an\u00ebtar\u00ebsimin n\u00eb organizatat politike, mosh\u00ebn, gjinin\u00eb, statusin martesor dhe familjar, si arsyet m\u00eb t\u00eb zakonshme p\u00ebr k\u00ebt\u00eb.<\/p>\n<p>\n\tKomisioneri prezantoi rekomandimet m\u00eb t\u00eb r\u00ebnd\u00ebsishme q\u00eb rrjedhin nga raportet dhe k\u00ebrkimet q\u00eb synojn\u00eb p\u00ebrmir\u00ebsimin e statusit t\u00eb sa m\u00eb shum\u00eb aktor\u00ebve n\u00eb tregun e pun\u00ebs \u2013 pun\u00ebdh\u00ebn\u00ebsit, sindikatat dhe institucionet \u2013 me q\u00ebllim t\u00eb p\u00ebrmir\u00ebsimit t\u00eb situat\u00ebs p\u00ebrmes respektimit t\u00eb t\u00eb drejtave t\u00eb njeriut p\u00ebr t\u00eb gjith\u00eb, ve\u00e7an\u00ebrisht kategorit\u00eb e cenueshme sociale t\u00eb popullat\u00ebs. n\u00eb fush\u00ebn e pun\u00ebs dhe pun\u00ebsimit, rriti standardin e jetes\u00ebs s\u00eb qytetar\u00ebve dhe uli ndjenj\u00ebn e pafuqis\u00eb s\u00eb p\u00ebrgjithshme. Raporti gjithashtu thekson se \u00ebsht\u00eb e nevojshme t\u00eb sigurohen mekanizma m\u00eb efektiv\u00eb t\u00eb kontrollit t\u00eb pajtueshm\u00ebris\u00eb, si dhe p\u00ebr trajtimin e mosmarr\u00ebveshjeve t\u00eb pun\u00ebs, duke promovuar n\u00eb t\u00eb nj\u00ebjt\u00ebn koh\u00eb nj\u00eb model t\u00eb biznesit t\u00eb p\u00ebrgjegjsh\u00ebm shoq\u00ebror, p\u00ebrfshirjen, barazin\u00eb dhe mosdiskriminimin.<\/p>\n<p>\n\tBotimi i Diskriminimit t\u00eb Tregut t\u00eb Pun\u00ebs \u00ebsht\u00eb n\u00eb dispozicion n\u00eb <a href=\"http:\/\/ravnopravnost-5bcf.kxcdn.com\/%C3%ABp-content\/uploads\/2020\/01\/diskriminacija-na-trzistu-rada-FINAL.pdf\">http:\/\/ravnopravnost-5bcf.kxcdn.com\/wp-content\/uploads\/2020\/01\/diskriminacija-na-trzistu-rada-FINAL.pdf<\/a><\/p>\n<p>\n\t<strong>Burimi: \u00a0<\/strong><a href=\"http:\/\/ravnopravnost.gov.rs\/predstavljeni-izvestaj-i-istrazivanje-rs\/\" target=\"_blank\" rel=\"noopener\"><strong>ravnopravnost.gov.rs<\/strong><\/a><strong>\u00a0dhe Trupi Koordinues\u00a0<\/strong><\/p>\n<p>\n\t\u00a0<\/p>\n","protected":false},"excerpt":{"rendered":"<p>Komisionerja p\u00ebr mbrojtjen e barazis\u00eb Brankica Jankoviq koh\u00ebt e fundit prezantoi nj\u00eb raport special p\u00ebr diskriminimin n\u00eb pun\u00eb dhe pun\u00ebsim dhe nj\u00eb studim mbi diskriminimin n\u00eb tregun e pun\u00ebs, t\u00eb cilat u p\u00ebrgatit\u00ebn p\u00ebr t\u00eb sh\u00ebnuar p\u00ebrvjetorin e 10-t\u00eb t\u00eb institucionit.<\/p>\n","protected":false},"author":1,"featured_media":114295,"comment_status":"closed","ping_status":"closed","sticky":false,"template":"","format":"standard","meta":{"footnotes":""},"categories":[55],"tags":[],"class_list":["post-114290","post","type-post","status-publish","format-standard","has-post-thumbnail","hentry","category-lajme"],"yoast_head":"<!-- This site is optimized with the Yoast SEO plugin v27.5 - https:\/\/yoast.com\/product\/yoast-seo-wordpress\/ -->\n<title>\u00cbSHT\u00cb PUBLIKUAR HULUMTIM \u201cDISKRIMINIMI N\u00cb TREGUN E PUN\u00cbS\u201d - Republika e S\u00ebrbis\u00eb Trupi Koordinues p\u00ebr komunat Bujanoc, Preshev\u00eb dhe Medvegj\u00eb<\/title>\n<meta name=\"robots\" content=\"index, follow, max-snippet:-1, max-image-preview:large, max-video-preview:-1\" \/>\n<link rel=\"canonical\" href=\"https:\/\/kt.gov.rs\/sq\/eshte-publikuar-hulumtim-diskriminimi-ne-tregun-e-punes\/\" \/>\n<meta property=\"og:locale\" content=\"sq_AL\" \/>\n<meta property=\"og:type\" content=\"article\" \/>\n<meta property=\"og:title\" content=\"\u00cbSHT\u00cb PUBLIKUAR HULUMTIM \u201cDISKRIMINIMI N\u00cb TREGUN E PUN\u00cbS\u201d - Republika e S\u00ebrbis\u00eb Trupi Koordinues p\u00ebr komunat Bujanoc, Preshev\u00eb dhe Medvegj\u00eb\" \/>\n<meta property=\"og:description\" content=\"Komisionerja p\u00ebr mbrojtjen e barazis\u00eb Brankica Jankoviq koh\u00ebt e fundit prezantoi nj\u00eb raport special p\u00ebr diskriminimin n\u00eb pun\u00eb dhe pun\u00ebsim dhe nj\u00eb studim mbi diskriminimin n\u00eb tregun e pun\u00ebs, t\u00eb cilat u p\u00ebrgatit\u00ebn p\u00ebr t\u00eb sh\u00ebnuar p\u00ebrvjetorin e 10-t\u00eb t\u00eb institucionit.\" \/>\n<meta property=\"og:url\" content=\"https:\/\/kt.gov.rs\/sq\/eshte-publikuar-hulumtim-diskriminimi-ne-tregun-e-punes\/\" \/>\n<meta property=\"og:site_name\" content=\"Republika e S\u00ebrbis\u00eb Trupi Koordinues p\u00ebr komunat Bujanoc, Preshev\u00eb dhe Medvegj\u00eb\" \/>\n<meta property=\"article:publisher\" content=\"https:\/\/www.facebook.com\/SluzbaKoordinacionogTelaVladeRepublikeSrbije\" \/>\n<meta property=\"article:published_time\" content=\"2020-02-18T00:00:00+00:00\" \/>\n<meta property=\"article:modified_time\" content=\"2024-07-30T18:07:35+00:00\" \/>\n<meta property=\"og:image\" content=\"https:\/\/kt.gov.rs\/wp-content\/uploads\/2024\/07\/1582034491_18022020_1-5.jpg\" \/>\n\t<meta property=\"og:image:width\" content=\"315\" \/>\n\t<meta property=\"og:image:height\" content=\"230\" \/>\n\t<meta property=\"og:image:type\" content=\"image\/jpeg\" \/>\n<meta name=\"author\" content=\"ktmin\" \/>\n<meta name=\"twitter:card\" content=\"summary_large_image\" \/>\n<meta name=\"twitter:creator\" content=\"@kt_gov\" \/>\n<meta name=\"twitter:site\" content=\"@kt_gov\" \/>\n<meta name=\"twitter:label1\" content=\"Written by\" \/>\n\t<meta name=\"twitter:data1\" content=\"ktmin\" \/>\n\t<meta name=\"twitter:label2\" content=\"Est. reading time\" \/>\n\t<meta name=\"twitter:data2\" content=\"4 minutes\" \/>\n<script type=\"application\/ld+json\" class=\"yoast-schema-graph\">{\"@context\":\"https:\\\/\\\/schema.org\",\"@graph\":[{\"@type\":\"Article\",\"@id\":\"https:\\\/\\\/kt.gov.rs\\\/sq\\\/eshte-publikuar-hulumtim-diskriminimi-ne-tregun-e-punes\\\/#article\",\"isPartOf\":{\"@id\":\"https:\\\/\\\/kt.gov.rs\\\/sq\\\/eshte-publikuar-hulumtim-diskriminimi-ne-tregun-e-punes\\\/\"},\"author\":{\"name\":\"ktmin\",\"@id\":\"https:\\\/\\\/kt.gov.rs\\\/#\\\/schema\\\/person\\\/e426459ddb4173309103390602694571\"},\"headline\":\"\u00cbSHT\u00cb PUBLIKUAR HULUMTIM \u201cDISKRIMINIMI N\u00cb TREGUN E PUN\u00cbS\u201d\",\"datePublished\":\"2020-02-18T00:00:00+00:00\",\"dateModified\":\"2024-07-30T18:07:35+00:00\",\"mainEntityOfPage\":{\"@id\":\"https:\\\/\\\/kt.gov.rs\\\/sq\\\/eshte-publikuar-hulumtim-diskriminimi-ne-tregun-e-punes\\\/\"},\"wordCount\":830,\"publisher\":{\"@id\":\"https:\\\/\\\/kt.gov.rs\\\/#organization\"},\"image\":{\"@id\":\"https:\\\/\\\/kt.gov.rs\\\/sq\\\/eshte-publikuar-hulumtim-diskriminimi-ne-tregun-e-punes\\\/#primaryimage\"},\"thumbnailUrl\":\"https:\\\/\\\/kt.gov.rs\\\/wp-content\\\/uploads\\\/2024\\\/07\\\/1582034491_18022020_1-5.jpg\",\"articleSection\":[\"Lajme\"],\"inLanguage\":\"sq-AL\"},{\"@type\":\"WebPage\",\"@id\":\"https:\\\/\\\/kt.gov.rs\\\/sq\\\/eshte-publikuar-hulumtim-diskriminimi-ne-tregun-e-punes\\\/\",\"url\":\"https:\\\/\\\/kt.gov.rs\\\/sq\\\/eshte-publikuar-hulumtim-diskriminimi-ne-tregun-e-punes\\\/\",\"name\":\"\u00cbSHT\u00cb PUBLIKUAR HULUMTIM \u201cDISKRIMINIMI N\u00cb TREGUN E PUN\u00cbS\u201d - Republika e S\u00ebrbis\u00eb Trupi Koordinues p\u00ebr komunat Bujanoc, Preshev\u00eb dhe Medvegj\u00eb\",\"isPartOf\":{\"@id\":\"https:\\\/\\\/kt.gov.rs\\\/#website\"},\"primaryImageOfPage\":{\"@id\":\"https:\\\/\\\/kt.gov.rs\\\/sq\\\/eshte-publikuar-hulumtim-diskriminimi-ne-tregun-e-punes\\\/#primaryimage\"},\"image\":{\"@id\":\"https:\\\/\\\/kt.gov.rs\\\/sq\\\/eshte-publikuar-hulumtim-diskriminimi-ne-tregun-e-punes\\\/#primaryimage\"},\"thumbnailUrl\":\"https:\\\/\\\/kt.gov.rs\\\/wp-content\\\/uploads\\\/2024\\\/07\\\/1582034491_18022020_1-5.jpg\",\"datePublished\":\"2020-02-18T00:00:00+00:00\",\"dateModified\":\"2024-07-30T18:07:35+00:00\",\"breadcrumb\":{\"@id\":\"https:\\\/\\\/kt.gov.rs\\\/sq\\\/eshte-publikuar-hulumtim-diskriminimi-ne-tregun-e-punes\\\/#breadcrumb\"},\"inLanguage\":\"sq-AL\",\"potentialAction\":[{\"@type\":\"ReadAction\",\"target\":[\"https:\\\/\\\/kt.gov.rs\\\/sq\\\/eshte-publikuar-hulumtim-diskriminimi-ne-tregun-e-punes\\\/\"]}]},{\"@type\":\"ImageObject\",\"inLanguage\":\"sq-AL\",\"@id\":\"https:\\\/\\\/kt.gov.rs\\\/sq\\\/eshte-publikuar-hulumtim-diskriminimi-ne-tregun-e-punes\\\/#primaryimage\",\"url\":\"https:\\\/\\\/kt.gov.rs\\\/wp-content\\\/uploads\\\/2024\\\/07\\\/1582034491_18022020_1-5.jpg\",\"contentUrl\":\"https:\\\/\\\/kt.gov.rs\\\/wp-content\\\/uploads\\\/2024\\\/07\\\/1582034491_18022020_1-5.jpg\",\"width\":315,\"height\":230},{\"@type\":\"BreadcrumbList\",\"@id\":\"https:\\\/\\\/kt.gov.rs\\\/sq\\\/eshte-publikuar-hulumtim-diskriminimi-ne-tregun-e-punes\\\/#breadcrumb\",\"itemListElement\":[{\"@type\":\"ListItem\",\"position\":1,\"name\":\"\u041f\u043e\u0447\u0435\u0442\u043d\u0430\",\"item\":\"https:\\\/\\\/kt.gov.rs\\\/sq\\\/\"},{\"@type\":\"ListItem\",\"position\":2,\"name\":\"\u00cbSHT\u00cb PUBLIKUAR HULUMTIM \u201cDISKRIMINIMI N\u00cb TREGUN E PUN\u00cbS\u201d\"}]},{\"@type\":\"WebSite\",\"@id\":\"https:\\\/\\\/kt.gov.rs\\\/#website\",\"url\":\"https:\\\/\\\/kt.gov.rs\\\/\",\"name\":\"\u041a\u043e\u043e\u0440\u0434\u0438\u043d\u0430\u0446\u0438\u043e\u043d\u043e \u0442\u0435\u043b\u043e \u0412\u043b\u0430\u0434\u0435 \u0420\u0435\u043f\u0443\u0431\u043b\u0438\u043a\u0435 \u0421\u0440\u0431\u0438\u0458\u0435 \u0437\u0430 \u043e\u043f\u0448\u0442\u0438\u043d\u0435 \u041f\u0440\u0435\u0448\u0435\u0432\u043e, \u0411\u0443\u0458\u0430\u043d\u043e\u0432\u0430\u0446 \u0438 \u041c\u0435\u0434\u0432\u0435\u0452a\",\"description\":\"\",\"publisher\":{\"@id\":\"https:\\\/\\\/kt.gov.rs\\\/#organization\"},\"alternateName\":\"\u041a\u043e\u043e\u0440\u0434\u0438\u043d\u0430\u0446\u0438\u043e\u043d\u043e \u0442\u0435\u043b\u043e\",\"potentialAction\":[{\"@type\":\"SearchAction\",\"target\":{\"@type\":\"EntryPoint\",\"urlTemplate\":\"https:\\\/\\\/kt.gov.rs\\\/?s={search_term_string}\"},\"query-input\":{\"@type\":\"PropertyValueSpecification\",\"valueRequired\":true,\"valueName\":\"search_term_string\"}}],\"inLanguage\":\"sq-AL\"},{\"@type\":\"Organization\",\"@id\":\"https:\\\/\\\/kt.gov.rs\\\/#organization\",\"name\":\"\u041a\u043e\u043e\u0440\u0434\u0438\u043d\u0430\u0446\u0438\u043e\u043d\u043e \u0442\u0435\u043b\u043e \u0412\u043b\u0430\u0434\u0435 \u0420\u0435\u043f\u0443\u0431\u043b\u0438\u043a\u0435 \u0421\u0440\u0431\u0438\u0458\u0435 \u0437\u0430 \u043e\u043f\u0448\u0442\u0438\u043d\u0435 \u041f\u0440\u0435\u0448\u0435\u0432\u043e, \u0411\u0443\u0458\u0430\u043d\u043e\u0432\u0430\u0446 \u0438 \u041c\u0435\u0434\u0432\u0435\u0452a\",\"alternateName\":\"\u041a\u043e\u043e\u0440\u0434\u0438\u043d\u0430\u0446\u0438\u043e\u043d\u043e \u0442\u0435\u043b\u043e\",\"url\":\"https:\\\/\\\/kt.gov.rs\\\/\",\"logo\":{\"@type\":\"ImageObject\",\"inLanguage\":\"sq-AL\",\"@id\":\"https:\\\/\\\/kt.gov.rs\\\/#\\\/schema\\\/logo\\\/image\\\/\",\"url\":\"https:\\\/\\\/kt.gov.rs\\\/wp-content\\\/uploads\\\/2024\\\/12\\\/koord2.jpg\",\"contentUrl\":\"https:\\\/\\\/kt.gov.rs\\\/wp-content\\\/uploads\\\/2024\\\/12\\\/koord2.jpg\",\"width\":640,\"height\":480,\"caption\":\"\u041a\u043e\u043e\u0440\u0434\u0438\u043d\u0430\u0446\u0438\u043e\u043d\u043e \u0442\u0435\u043b\u043e \u0412\u043b\u0430\u0434\u0435 \u0420\u0435\u043f\u0443\u0431\u043b\u0438\u043a\u0435 \u0421\u0440\u0431\u0438\u0458\u0435 \u0437\u0430 \u043e\u043f\u0448\u0442\u0438\u043d\u0435 \u041f\u0440\u0435\u0448\u0435\u0432\u043e, \u0411\u0443\u0458\u0430\u043d\u043e\u0432\u0430\u0446 \u0438 \u041c\u0435\u0434\u0432\u0435\u0452a\"},\"image\":{\"@id\":\"https:\\\/\\\/kt.gov.rs\\\/#\\\/schema\\\/logo\\\/image\\\/\"},\"sameAs\":[\"https:\\\/\\\/www.facebook.com\\\/SluzbaKoordinacionogTelaVladeRepublikeSrbije\",\"https:\\\/\\\/x.com\\\/kt_gov\",\"https:\\\/\\\/www.youtube.com\\\/@koordinacionotelo\"]},{\"@type\":\"Person\",\"@id\":\"https:\\\/\\\/kt.gov.rs\\\/#\\\/schema\\\/person\\\/e426459ddb4173309103390602694571\",\"name\":\"ktmin\",\"image\":{\"@type\":\"ImageObject\",\"inLanguage\":\"sq-AL\",\"@id\":\"https:\\\/\\\/secure.gravatar.com\\\/avatar\\\/3985c961109853010c3fbc7ba30365bfba5db3dd6c525831d9c595c7525a615a?s=96&d=mm&r=g\",\"url\":\"https:\\\/\\\/secure.gravatar.com\\\/avatar\\\/3985c961109853010c3fbc7ba30365bfba5db3dd6c525831d9c595c7525a615a?s=96&d=mm&r=g\",\"contentUrl\":\"https:\\\/\\\/secure.gravatar.com\\\/avatar\\\/3985c961109853010c3fbc7ba30365bfba5db3dd6c525831d9c595c7525a615a?s=96&d=mm&r=g\",\"caption\":\"ktmin\"},\"sameAs\":[\"https:\\\/\\\/kt.gov.rs\"],\"url\":\"https:\\\/\\\/kt.gov.rs\\\/sq\\\/author\\\/ktmin\\\/\"}]}<\/script>\n<!-- \/ Yoast SEO plugin. -->","yoast_head_json":{"title":"\u00cbSHT\u00cb PUBLIKUAR HULUMTIM \u201cDISKRIMINIMI N\u00cb TREGUN E PUN\u00cbS\u201d - Republika e S\u00ebrbis\u00eb Trupi Koordinues p\u00ebr komunat Bujanoc, Preshev\u00eb dhe Medvegj\u00eb","robots":{"index":"index","follow":"follow","max-snippet":"max-snippet:-1","max-image-preview":"max-image-preview:large","max-video-preview":"max-video-preview:-1"},"canonical":"https:\/\/kt.gov.rs\/sq\/eshte-publikuar-hulumtim-diskriminimi-ne-tregun-e-punes\/","og_locale":"sq_AL","og_type":"article","og_title":"\u00cbSHT\u00cb PUBLIKUAR HULUMTIM \u201cDISKRIMINIMI N\u00cb TREGUN E PUN\u00cbS\u201d - Republika e S\u00ebrbis\u00eb Trupi Koordinues p\u00ebr komunat Bujanoc, Preshev\u00eb dhe Medvegj\u00eb","og_description":"Komisionerja p\u00ebr mbrojtjen e barazis\u00eb Brankica Jankoviq koh\u00ebt e fundit prezantoi nj\u00eb raport special p\u00ebr diskriminimin n\u00eb pun\u00eb dhe pun\u00ebsim dhe nj\u00eb studim mbi diskriminimin n\u00eb tregun e pun\u00ebs, t\u00eb cilat u p\u00ebrgatit\u00ebn p\u00ebr t\u00eb sh\u00ebnuar p\u00ebrvjetorin e 10-t\u00eb t\u00eb institucionit.","og_url":"https:\/\/kt.gov.rs\/sq\/eshte-publikuar-hulumtim-diskriminimi-ne-tregun-e-punes\/","og_site_name":"Republika e S\u00ebrbis\u00eb Trupi Koordinues p\u00ebr komunat Bujanoc, Preshev\u00eb dhe Medvegj\u00eb","article_publisher":"https:\/\/www.facebook.com\/SluzbaKoordinacionogTelaVladeRepublikeSrbije","article_published_time":"2020-02-18T00:00:00+00:00","article_modified_time":"2024-07-30T18:07:35+00:00","og_image":[{"width":315,"height":230,"url":"https:\/\/kt.gov.rs\/wp-content\/uploads\/2024\/07\/1582034491_18022020_1-5.jpg","type":"image\/jpeg"}],"author":"ktmin","twitter_card":"summary_large_image","twitter_creator":"@kt_gov","twitter_site":"@kt_gov","twitter_misc":{"Written by":"ktmin","Est. reading time":"4 minutes"},"schema":{"@context":"https:\/\/schema.org","@graph":[{"@type":"Article","@id":"https:\/\/kt.gov.rs\/sq\/eshte-publikuar-hulumtim-diskriminimi-ne-tregun-e-punes\/#article","isPartOf":{"@id":"https:\/\/kt.gov.rs\/sq\/eshte-publikuar-hulumtim-diskriminimi-ne-tregun-e-punes\/"},"author":{"name":"ktmin","@id":"https:\/\/kt.gov.rs\/#\/schema\/person\/e426459ddb4173309103390602694571"},"headline":"\u00cbSHT\u00cb PUBLIKUAR HULUMTIM \u201cDISKRIMINIMI N\u00cb TREGUN E PUN\u00cbS\u201d","datePublished":"2020-02-18T00:00:00+00:00","dateModified":"2024-07-30T18:07:35+00:00","mainEntityOfPage":{"@id":"https:\/\/kt.gov.rs\/sq\/eshte-publikuar-hulumtim-diskriminimi-ne-tregun-e-punes\/"},"wordCount":830,"publisher":{"@id":"https:\/\/kt.gov.rs\/#organization"},"image":{"@id":"https:\/\/kt.gov.rs\/sq\/eshte-publikuar-hulumtim-diskriminimi-ne-tregun-e-punes\/#primaryimage"},"thumbnailUrl":"https:\/\/kt.gov.rs\/wp-content\/uploads\/2024\/07\/1582034491_18022020_1-5.jpg","articleSection":["Lajme"],"inLanguage":"sq-AL"},{"@type":"WebPage","@id":"https:\/\/kt.gov.rs\/sq\/eshte-publikuar-hulumtim-diskriminimi-ne-tregun-e-punes\/","url":"https:\/\/kt.gov.rs\/sq\/eshte-publikuar-hulumtim-diskriminimi-ne-tregun-e-punes\/","name":"\u00cbSHT\u00cb PUBLIKUAR HULUMTIM \u201cDISKRIMINIMI N\u00cb TREGUN E PUN\u00cbS\u201d - Republika e S\u00ebrbis\u00eb Trupi Koordinues p\u00ebr komunat Bujanoc, Preshev\u00eb dhe Medvegj\u00eb","isPartOf":{"@id":"https:\/\/kt.gov.rs\/#website"},"primaryImageOfPage":{"@id":"https:\/\/kt.gov.rs\/sq\/eshte-publikuar-hulumtim-diskriminimi-ne-tregun-e-punes\/#primaryimage"},"image":{"@id":"https:\/\/kt.gov.rs\/sq\/eshte-publikuar-hulumtim-diskriminimi-ne-tregun-e-punes\/#primaryimage"},"thumbnailUrl":"https:\/\/kt.gov.rs\/wp-content\/uploads\/2024\/07\/1582034491_18022020_1-5.jpg","datePublished":"2020-02-18T00:00:00+00:00","dateModified":"2024-07-30T18:07:35+00:00","breadcrumb":{"@id":"https:\/\/kt.gov.rs\/sq\/eshte-publikuar-hulumtim-diskriminimi-ne-tregun-e-punes\/#breadcrumb"},"inLanguage":"sq-AL","potentialAction":[{"@type":"ReadAction","target":["https:\/\/kt.gov.rs\/sq\/eshte-publikuar-hulumtim-diskriminimi-ne-tregun-e-punes\/"]}]},{"@type":"ImageObject","inLanguage":"sq-AL","@id":"https:\/\/kt.gov.rs\/sq\/eshte-publikuar-hulumtim-diskriminimi-ne-tregun-e-punes\/#primaryimage","url":"https:\/\/kt.gov.rs\/wp-content\/uploads\/2024\/07\/1582034491_18022020_1-5.jpg","contentUrl":"https:\/\/kt.gov.rs\/wp-content\/uploads\/2024\/07\/1582034491_18022020_1-5.jpg","width":315,"height":230},{"@type":"BreadcrumbList","@id":"https:\/\/kt.gov.rs\/sq\/eshte-publikuar-hulumtim-diskriminimi-ne-tregun-e-punes\/#breadcrumb","itemListElement":[{"@type":"ListItem","position":1,"name":"\u041f\u043e\u0447\u0435\u0442\u043d\u0430","item":"https:\/\/kt.gov.rs\/sq\/"},{"@type":"ListItem","position":2,"name":"\u00cbSHT\u00cb PUBLIKUAR HULUMTIM \u201cDISKRIMINIMI N\u00cb TREGUN E PUN\u00cbS\u201d"}]},{"@type":"WebSite","@id":"https:\/\/kt.gov.rs\/#website","url":"https:\/\/kt.gov.rs\/","name":"\u041a\u043e\u043e\u0440\u0434\u0438\u043d\u0430\u0446\u0438\u043e\u043d\u043e \u0442\u0435\u043b\u043e \u0412\u043b\u0430\u0434\u0435 \u0420\u0435\u043f\u0443\u0431\u043b\u0438\u043a\u0435 \u0421\u0440\u0431\u0438\u0458\u0435 \u0437\u0430 \u043e\u043f\u0448\u0442\u0438\u043d\u0435 \u041f\u0440\u0435\u0448\u0435\u0432\u043e, \u0411\u0443\u0458\u0430\u043d\u043e\u0432\u0430\u0446 \u0438 \u041c\u0435\u0434\u0432\u0435\u0452a","description":"","publisher":{"@id":"https:\/\/kt.gov.rs\/#organization"},"alternateName":"\u041a\u043e\u043e\u0440\u0434\u0438\u043d\u0430\u0446\u0438\u043e\u043d\u043e \u0442\u0435\u043b\u043e","potentialAction":[{"@type":"SearchAction","target":{"@type":"EntryPoint","urlTemplate":"https:\/\/kt.gov.rs\/?s={search_term_string}"},"query-input":{"@type":"PropertyValueSpecification","valueRequired":true,"valueName":"search_term_string"}}],"inLanguage":"sq-AL"},{"@type":"Organization","@id":"https:\/\/kt.gov.rs\/#organization","name":"\u041a\u043e\u043e\u0440\u0434\u0438\u043d\u0430\u0446\u0438\u043e\u043d\u043e \u0442\u0435\u043b\u043e \u0412\u043b\u0430\u0434\u0435 \u0420\u0435\u043f\u0443\u0431\u043b\u0438\u043a\u0435 \u0421\u0440\u0431\u0438\u0458\u0435 \u0437\u0430 \u043e\u043f\u0448\u0442\u0438\u043d\u0435 \u041f\u0440\u0435\u0448\u0435\u0432\u043e, \u0411\u0443\u0458\u0430\u043d\u043e\u0432\u0430\u0446 \u0438 \u041c\u0435\u0434\u0432\u0435\u0452a","alternateName":"\u041a\u043e\u043e\u0440\u0434\u0438\u043d\u0430\u0446\u0438\u043e\u043d\u043e \u0442\u0435\u043b\u043e","url":"https:\/\/kt.gov.rs\/","logo":{"@type":"ImageObject","inLanguage":"sq-AL","@id":"https:\/\/kt.gov.rs\/#\/schema\/logo\/image\/","url":"https:\/\/kt.gov.rs\/wp-content\/uploads\/2024\/12\/koord2.jpg","contentUrl":"https:\/\/kt.gov.rs\/wp-content\/uploads\/2024\/12\/koord2.jpg","width":640,"height":480,"caption":"\u041a\u043e\u043e\u0440\u0434\u0438\u043d\u0430\u0446\u0438\u043e\u043d\u043e \u0442\u0435\u043b\u043e \u0412\u043b\u0430\u0434\u0435 \u0420\u0435\u043f\u0443\u0431\u043b\u0438\u043a\u0435 \u0421\u0440\u0431\u0438\u0458\u0435 \u0437\u0430 \u043e\u043f\u0448\u0442\u0438\u043d\u0435 \u041f\u0440\u0435\u0448\u0435\u0432\u043e, \u0411\u0443\u0458\u0430\u043d\u043e\u0432\u0430\u0446 \u0438 \u041c\u0435\u0434\u0432\u0435\u0452a"},"image":{"@id":"https:\/\/kt.gov.rs\/#\/schema\/logo\/image\/"},"sameAs":["https:\/\/www.facebook.com\/SluzbaKoordinacionogTelaVladeRepublikeSrbije","https:\/\/x.com\/kt_gov","https:\/\/www.youtube.com\/@koordinacionotelo"]},{"@type":"Person","@id":"https:\/\/kt.gov.rs\/#\/schema\/person\/e426459ddb4173309103390602694571","name":"ktmin","image":{"@type":"ImageObject","inLanguage":"sq-AL","@id":"https:\/\/secure.gravatar.com\/avatar\/3985c961109853010c3fbc7ba30365bfba5db3dd6c525831d9c595c7525a615a?s=96&d=mm&r=g","url":"https:\/\/secure.gravatar.com\/avatar\/3985c961109853010c3fbc7ba30365bfba5db3dd6c525831d9c595c7525a615a?s=96&d=mm&r=g","contentUrl":"https:\/\/secure.gravatar.com\/avatar\/3985c961109853010c3fbc7ba30365bfba5db3dd6c525831d9c595c7525a615a?s=96&d=mm&r=g","caption":"ktmin"},"sameAs":["https:\/\/kt.gov.rs"],"url":"https:\/\/kt.gov.rs\/sq\/author\/ktmin\/"}]}},"_links":{"self":[{"href":"https:\/\/kt.gov.rs\/sq\/wp-json\/wp\/v2\/posts\/114290","targetHints":{"allow":["GET"]}}],"collection":[{"href":"https:\/\/kt.gov.rs\/sq\/wp-json\/wp\/v2\/posts"}],"about":[{"href":"https:\/\/kt.gov.rs\/sq\/wp-json\/wp\/v2\/types\/post"}],"author":[{"embeddable":true,"href":"https:\/\/kt.gov.rs\/sq\/wp-json\/wp\/v2\/users\/1"}],"replies":[{"embeddable":true,"href":"https:\/\/kt.gov.rs\/sq\/wp-json\/wp\/v2\/comments?post=114290"}],"version-history":[{"count":1,"href":"https:\/\/kt.gov.rs\/sq\/wp-json\/wp\/v2\/posts\/114290\/revisions"}],"predecessor-version":[{"id":114294,"href":"https:\/\/kt.gov.rs\/sq\/wp-json\/wp\/v2\/posts\/114290\/revisions\/114294"}],"wp:featuredmedia":[{"embeddable":true,"href":"https:\/\/kt.gov.rs\/sq\/wp-json\/wp\/v2\/media\/114295"}],"wp:attachment":[{"href":"https:\/\/kt.gov.rs\/sq\/wp-json\/wp\/v2\/media?parent=114290"}],"wp:term":[{"taxonomy":"category","embeddable":true,"href":"https:\/\/kt.gov.rs\/sq\/wp-json\/wp\/v2\/categories?post=114290"},{"taxonomy":"post_tag","embeddable":true,"href":"https:\/\/kt.gov.rs\/sq\/wp-json\/wp\/v2\/tags?post=114290"}],"curies":[{"name":"wp","href":"https:\/\/api.w.org\/{rel}","templated":true}]}}