{"id":114274,"date":"2020-02-24T00:00:00","date_gmt":"2020-02-24T00:00:00","guid":{"rendered":"http:\/\/kt.printandscreen.rs\/perkrahja-e-realizimit-te-planeve-aksionare-te-punesimit-ne-vitin-2020\/"},"modified":"2024-07-30T18:07:33","modified_gmt":"2024-07-30T18:07:33","slug":"perkrahja-e-realizimit-te-planeve-aksionare-te-punesimit-ne-vitin-2020","status":"publish","type":"post","link":"https:\/\/kt.gov.rs\/sq\/perkrahja-e-realizimit-te-planeve-aksionare-te-punesimit-ne-vitin-2020\/","title":{"rendered":"P\u00cbRKRAHJA E REALIZIMIT T\u00cb PLANEVE AKSIONARE T\u00cb PUN\u00cbSIMIT N\u00cb VITIN 2020"},"content":{"rendered":"<p>\n\t<img decoding=\"async\" alt=\"\" src=\"https:\/\/kt.gov.rs\/wp-content\/uploads\/2024\/07\/1582540803_24022020_1-4.jpg\" style=\"width: 315px; height: 230px; float: left;\" \/><\/p>\n<p>\n\tP\u00ebr t\u00eb forcuar m\u00eb tej bashk\u00ebpunimin me nj\u00ebsit\u00eb e qeverisjes vendore, shk\u00ebmbimin e p\u00ebrvojave midis nj\u00ebsive t\u00eb qeverisjes vendore dhe k\u00ebshillave lokale t\u00eb pun\u00ebsimit p\u00ebr procesin e p\u00ebrgatitjes dhe zbatimit t\u00eb planeve lokale t\u00eb veprimit t\u00eb pun\u00ebsimit (LAPZ), si dhe informacione mbi problemet dhe pengesat e mundshme, n\u00eb janar dhe shkurt 2020, dy takime rajonale u mbajt\u00ebn n\u00eb Novi Sad dhe Kralev\u00eb. Takimet u organizuan n\u00eb bashk\u00ebpunim me Ministrin\u00eb e Pun\u00ebs, Pun\u00ebsimit, \u00e7\u00ebshtjeve Veterane dhe Sociale (MRESBSP), Sh\u00ebrbimin Komb\u00ebtar t\u00eb Pun\u00ebsimit (SHKP) dhe Konferenc\u00ebn e P\u00ebrhershme t\u00eb qyteteve dhe komunave (SCTM).<\/p>\n<p>\n\tGjat\u00eb takimeve rajonale, pjes\u00ebmarr\u00ebsve \u2013 p\u00ebrfaq\u00ebsuesit e qeverive lokale, an\u00ebtar\u00ebt e k\u00ebshillave lokale t\u00eb pun\u00ebsimit dhe bashk\u00ebpun\u00ebtor\u00ebt e SHKP \u2013 u prezantuan me Planin Komb\u00ebtar t\u00eb Veprimit t\u00eb Pun\u00ebsimit p\u00ebr vitin 2020 (<a href=\"http:\/\/socijalnoukljucivanje.gov.rs\/sr\/%D1%83%D1%81%D0%B2%D0%BE%D1%98%D0%B5%D0%BD-%D0%BD%D0%B0%D1%86%D0%B8%D0%BE%D0%BD%D0%B0%D0%BB%D0%BD%D0%B8-%D0%B0%D0%BA%D1%86%D0%B8%D0%BE%D0%B1%D0%B8-%D0%BF%D0%BB%D0%B0%D0%BD-%D0%B7%D0%B0%D0%BF%D0%BE%20-3\/\">http:\/\/socijalnoukljucivanje.gov.rs\/sr\/\u0443\u0441\u0432\u043e\u0458\u0435\u043d-\u043d\u0430\u0446\u0438\u043e\u043d\u0430\u043b\u043d\u0438-\u0430\u043a\u0446\u0438\u043e\u0431\u0438-\u043f\u043b\u0430\u043d-\u0437\u0430\u043f\u043e -3\/<\/a>\u00a0)\u00a0, miratuar nga Qeveria e Republik\u00ebs s\u00eb Serbis\u00eb m\u00eb 26 dhjetor 2019. Informacion shtes\u00eb u siguruan p\u00ebr masat aktive t\u00eb politik\u00ebs s\u00eb pun\u00ebsimit q\u00eb mund t\u00eb financohen n\u00eb vitin 2020 duke bashkuar fondet e identifikuara n\u00eb Planin Financiar t\u00eb Sh\u00ebrbimit Komb\u00ebtar t\u00eb Pun\u00ebsimit dhe ato t\u00eb alokuara n\u00eb buxhetet e nj\u00ebsive t\u00eb qeverisjes vendore, me q\u00ebllim zbatimin e suksessh\u00ebm t\u00eb p\u00ebrbashk\u00ebt t\u00eb masave aktive t\u00eb politik\u00ebs s\u00eb pun\u00ebsimit q\u00eb kontribuojn\u00eb n\u00eb avancimin kushtet lokale t\u00eb tregut t\u00eb pun\u00ebs.<\/p>\n<p>\n\tP\u00ebr m\u00eb tep\u00ebr, u paraqit Sh\u00ebrbimi Analitik i Nj\u00ebsive t\u00eb Vet\u00ebqeverisjes Lokale, i cili \u00ebsht\u00eb n\u00eb dispozicion n\u00eb faqen e internetit t\u00eb Sekretariatit Republikan p\u00ebr Politik\u00eb Publike (RSJP), d.m.th aft\u00ebsin\u00eb p\u00ebr t\u00eb k\u00ebrkuar n\u00eb k\u00ebt\u00eb baz\u00eb t\u00eb dh\u00ebnash dhe p\u00ebr t\u00eb marr\u00eb t\u00eb dh\u00ebna p\u00ebrkat\u00ebse t\u00eb r\u00ebnd\u00ebsishme p\u00ebr planifikimin e politikave publike n\u00eb nivelin e NJQV-ve.<\/p>\n<p>\n\tN\u00eb dy takimet rajonale, mor\u00ebn pjes\u00eb 150 p\u00ebrfaq\u00ebsues t\u00eb NJVL-ve, deg\u00ebt dhe Drejtoria e SHKP-s\u00eb, MPMS-s\u00eb, institucione t\u00eb tjera dhe donator bashk\u00ebpunim me SHKP.<\/p>\n<p>\n\tT\u00eb pranishmit u njoftuan me t\u00eb rejat q\u00eb Ligji i Sistemit t\u00eb Planifikimit t\u00eb cilat i ka sjellur n\u00eb procesin e p\u00ebrgatitjes s\u00eb Planit Komb\u00ebtar t\u00eb Veprimit p\u00ebr Pun\u00ebsimin p\u00ebr vitin 2020. U ngrit pyetja n\u00ebse ishte e nevojshme mbajtja e seanc\u00ebs publike gjat\u00eb p\u00ebrgatitjes s\u00eb LAPZ-it, p\u00ebr t\u00eb cil\u00ebn u informua se Ministria e Pun\u00ebs dhe Politik\u00ebs Sociale nuk ka marr\u00eb ende nj\u00eb p\u00ebrgjigje nga RSJP, por duke pasur parasysh afatet e shkurtra, ky vit nuk do t\u00eb ishte i mundur.<\/p>\n<p>\n\t\u00cbsht\u00eb parashtruar edhe \u00e7\u00ebshtja e zbatimit t\u00eb programit t\u00eb praktikant\u00ebve n\u00eb sektorin publik u ngrit dhe u vu n\u00eb dukje problemi i sigurimit t\u00eb mentor\u00ebve n\u00eb komunitete t\u00eb vogla, si dhe p\u00ebr pun\u00ebdh\u00ebn\u00ebsit e vegj\u00ebl q\u00eb kan\u00eb nevoj\u00eb p\u00ebr praktikant\u00eb, por duke qen\u00eb se ata kan\u00eb nj\u00eb num\u00ebr t\u00eb vog\u00ebl t\u00eb pun\u00ebsuarve, ato nuk mund t\u00eb sigurojn\u00eb gjithmon\u00eb mentor\u00eb sipas kushteve t\u00eb ftes\u00ebs publike t\u00eb SHKP-s\u00eb. Si p\u00ebrgjigje, u theksua se do t\u00eb nd\u00ebrmerret nj\u00eb Analiz\u00eb e zbatimit t\u00eb programeve t\u00eb praktik\u00ebs profesionale n\u00eb sektorin publik dhe privat n\u00eb periudh\u00ebn e ardhshme, me q\u00ebllim q\u00eb t\u00eb krahasohet efektiviteti i programeve n\u00eb var\u00ebsi t\u00eb sektorit n\u00eb t\u00eb cilin zbatohen \u00e7do ndryshim n\u00eb program.<\/p>\n<p>\n\tMiratimi i Strategjis\u00eb s\u00eb Pun\u00ebsimit p\u00ebr periudh\u00ebn 2021-2026 u njoftua n\u00eb takime. me nj\u00eb plan komb\u00ebtar tre-vje\u00e7ar t\u00eb veprimit t\u00eb pun\u00ebsimit p\u00ebr t\u00eb zbatuar strategjin\u00eb, dhe \u00ebsht\u00eb planifikuar q\u00eb d\u00ebgjimet publike t\u00eb organizohen nga qyteti.<\/p>\n<p>\n\tMe mb\u00ebshtetjen e SCTM, do t\u00eb ofrohen trajnime p\u00ebr an\u00ebtar\u00ebt e LSZ-s\u00eb dhe punonj\u00ebsit n\u00eb administratat lokale q\u00eb marrin pjes\u00eb n\u00eb zhvillimin e LAPZ-s\u00eb, n\u00eb p\u00ebrputhje me nevojat e aktor\u00ebve lokal\u00eb.<\/p>\n<p>\n\tKy aktivitet u implementua n\u00eb kuad\u00ebr t\u00eb projektit &quot;Mb\u00ebshtetje Institucionale p\u00ebr SCTM \u2013 Faza e Tret\u00eb&quot;, mb\u00ebshtetur nga Qeveria e Zvicr\u00ebs.<\/p>\n<p>\n\tShkarkoni prezantimet e paraqitura n\u00eb takimet rajonale:<\/p>\n<p>\n\tPrezantimi i SHNP \u2013 Masat e politik\u00ebs aktive t\u00eb pun\u00ebsimit t\u00eb cil\u00ebt bashk\u00ebfinancohen n\u00eb vitin 2020 <a href=\"http:\/\/www.skgo.org\/storage\/app\/media\/uploaded-files\/Prezentacija%20LAPZ%20za%202020%20godinu%20NSZ.pdf\">http:\/\/www.skgo.org\/storage\/app\/media\/uploaded-files\/Prezentacija%20LAPZ%20za%202020%20godinu%20NSZ.pdf<\/a><\/p>\n<p>\n\tPrezantimi MRZBSP \u2013 Plani aksionar nacional i pun\u00ebsimit p\u00ebr vitin 2020 <a href=\"http:\/\/xn--cdaaa.skgo.org\/storage\/app\/media\/uploaded-files\/rezentacija%20NAPZ%202020%20MRZBSP.pdf\">http:\/\/www.skgo.org\/storage\/app\/media\/uploaded-files\/rezentacija%20NAPZ%202020%20MRZBSP.pdf<\/a><\/p>\n<p>\n\t<strong>Burimi:\u00a0<\/strong><a href=\"http:\/\/www.skgo.org\/\"><strong>www.skgo.org<\/strong><\/a><strong>\u00a0dhe Trupi Koordinues<\/strong><\/p>\n<p>\n\t\u00a0<\/p>\n","protected":false},"excerpt":{"rendered":"<p>P\u00ebr t\u00eb forcuar m\u00eb tej bashk\u00ebpunimin me nj\u00ebsit\u00eb e qeverisjes vendore, shk\u00ebmbimin e p\u00ebrvojave midis nj\u00ebsive t\u00eb qeverisjes vendore dhe k\u00ebshillave lokale t\u00eb pun\u00ebsimit p\u00ebr procesin e p\u00ebrgatitjes dhe zbatimit t\u00eb planeve lokale t\u00eb veprimit t\u00eb pun\u00ebsimit (LAPZ), si dhe informacione mbi\u2026<\/p>\n","protected":false},"author":1,"featured_media":114279,"comment_status":"closed","ping_status":"closed","sticky":false,"template":"","format":"standard","meta":{"footnotes":""},"categories":[55],"tags":[],"class_list":["post-114274","post","type-post","status-publish","format-standard","has-post-thumbnail","hentry","category-lajme"],"yoast_head":"<!-- This site is optimized with the Yoast SEO plugin v27.5 - https:\/\/yoast.com\/product\/yoast-seo-wordpress\/ -->\n<title>P\u00cbRKRAHJA E REALIZIMIT T\u00cb PLANEVE AKSIONARE T\u00cb PUN\u00cbSIMIT N\u00cb VITIN 2020 - Republika e S\u00ebrbis\u00eb Trupi Koordinues p\u00ebr komunat Bujanoc, Preshev\u00eb dhe Medvegj\u00eb<\/title>\n<meta name=\"robots\" content=\"index, follow, max-snippet:-1, max-image-preview:large, max-video-preview:-1\" \/>\n<link rel=\"canonical\" href=\"https:\/\/kt.gov.rs\/sq\/perkrahja-e-realizimit-te-planeve-aksionare-te-punesimit-ne-vitin-2020\/\" \/>\n<meta property=\"og:locale\" content=\"sq_AL\" \/>\n<meta property=\"og:type\" content=\"article\" \/>\n<meta property=\"og:title\" content=\"P\u00cbRKRAHJA E REALIZIMIT T\u00cb PLANEVE AKSIONARE T\u00cb PUN\u00cbSIMIT N\u00cb VITIN 2020 - Republika e S\u00ebrbis\u00eb Trupi Koordinues p\u00ebr komunat Bujanoc, Preshev\u00eb dhe Medvegj\u00eb\" \/>\n<meta property=\"og:description\" content=\"P\u00ebr t\u00eb forcuar m\u00eb tej bashk\u00ebpunimin me nj\u00ebsit\u00eb e qeverisjes vendore, shk\u00ebmbimin e p\u00ebrvojave midis nj\u00ebsive t\u00eb qeverisjes vendore dhe k\u00ebshillave lokale t\u00eb pun\u00ebsimit p\u00ebr procesin e p\u00ebrgatitjes dhe zbatimit t\u00eb planeve lokale t\u00eb veprimit t\u00eb pun\u00ebsimit (LAPZ), si dhe informacione mbi...\" \/>\n<meta property=\"og:url\" content=\"https:\/\/kt.gov.rs\/sq\/perkrahja-e-realizimit-te-planeve-aksionare-te-punesimit-ne-vitin-2020\/\" \/>\n<meta property=\"og:site_name\" content=\"Republika e S\u00ebrbis\u00eb Trupi Koordinues p\u00ebr komunat Bujanoc, Preshev\u00eb dhe Medvegj\u00eb\" \/>\n<meta property=\"article:publisher\" content=\"https:\/\/www.facebook.com\/SluzbaKoordinacionogTelaVladeRepublikeSrbije\" \/>\n<meta property=\"article:published_time\" content=\"2020-02-24T00:00:00+00:00\" \/>\n<meta property=\"article:modified_time\" content=\"2024-07-30T18:07:33+00:00\" \/>\n<meta property=\"og:image\" content=\"https:\/\/kt.gov.rs\/wp-content\/uploads\/2024\/07\/1582540803_24022020_1-5.jpg\" \/>\n\t<meta property=\"og:image:width\" content=\"315\" \/>\n\t<meta property=\"og:image:height\" content=\"230\" \/>\n\t<meta property=\"og:image:type\" content=\"image\/jpeg\" \/>\n<meta name=\"author\" content=\"ktmin\" \/>\n<meta name=\"twitter:card\" content=\"summary_large_image\" \/>\n<meta name=\"twitter:creator\" content=\"@kt_gov\" \/>\n<meta name=\"twitter:site\" content=\"@kt_gov\" \/>\n<meta name=\"twitter:label1\" content=\"Written by\" \/>\n\t<meta name=\"twitter:data1\" content=\"ktmin\" \/>\n\t<meta name=\"twitter:label2\" content=\"Est. reading time\" \/>\n\t<meta name=\"twitter:data2\" content=\"5 minutes\" \/>\n<script type=\"application\/ld+json\" class=\"yoast-schema-graph\">{\"@context\":\"https:\\\/\\\/schema.org\",\"@graph\":[{\"@type\":\"Article\",\"@id\":\"https:\\\/\\\/kt.gov.rs\\\/sq\\\/perkrahja-e-realizimit-te-planeve-aksionare-te-punesimit-ne-vitin-2020\\\/#article\",\"isPartOf\":{\"@id\":\"https:\\\/\\\/kt.gov.rs\\\/sq\\\/perkrahja-e-realizimit-te-planeve-aksionare-te-punesimit-ne-vitin-2020\\\/\"},\"author\":{\"name\":\"ktmin\",\"@id\":\"https:\\\/\\\/kt.gov.rs\\\/#\\\/schema\\\/person\\\/e426459ddb4173309103390602694571\"},\"headline\":\"P\u00cbRKRAHJA E REALIZIMIT T\u00cb PLANEVE AKSIONARE T\u00cb PUN\u00cbSIMIT N\u00cb VITIN 2020\",\"datePublished\":\"2020-02-24T00:00:00+00:00\",\"dateModified\":\"2024-07-30T18:07:33+00:00\",\"mainEntityOfPage\":{\"@id\":\"https:\\\/\\\/kt.gov.rs\\\/sq\\\/perkrahja-e-realizimit-te-planeve-aksionare-te-punesimit-ne-vitin-2020\\\/\"},\"wordCount\":1059,\"publisher\":{\"@id\":\"https:\\\/\\\/kt.gov.rs\\\/#organization\"},\"image\":{\"@id\":\"https:\\\/\\\/kt.gov.rs\\\/sq\\\/perkrahja-e-realizimit-te-planeve-aksionare-te-punesimit-ne-vitin-2020\\\/#primaryimage\"},\"thumbnailUrl\":\"https:\\\/\\\/kt.gov.rs\\\/wp-content\\\/uploads\\\/2024\\\/07\\\/1582540803_24022020_1-5.jpg\",\"articleSection\":[\"Lajme\"],\"inLanguage\":\"sq-AL\"},{\"@type\":\"WebPage\",\"@id\":\"https:\\\/\\\/kt.gov.rs\\\/sq\\\/perkrahja-e-realizimit-te-planeve-aksionare-te-punesimit-ne-vitin-2020\\\/\",\"url\":\"https:\\\/\\\/kt.gov.rs\\\/sq\\\/perkrahja-e-realizimit-te-planeve-aksionare-te-punesimit-ne-vitin-2020\\\/\",\"name\":\"P\u00cbRKRAHJA E REALIZIMIT T\u00cb PLANEVE AKSIONARE T\u00cb PUN\u00cbSIMIT N\u00cb VITIN 2020 - Republika e S\u00ebrbis\u00eb Trupi Koordinues p\u00ebr komunat Bujanoc, Preshev\u00eb dhe Medvegj\u00eb\",\"isPartOf\":{\"@id\":\"https:\\\/\\\/kt.gov.rs\\\/#website\"},\"primaryImageOfPage\":{\"@id\":\"https:\\\/\\\/kt.gov.rs\\\/sq\\\/perkrahja-e-realizimit-te-planeve-aksionare-te-punesimit-ne-vitin-2020\\\/#primaryimage\"},\"image\":{\"@id\":\"https:\\\/\\\/kt.gov.rs\\\/sq\\\/perkrahja-e-realizimit-te-planeve-aksionare-te-punesimit-ne-vitin-2020\\\/#primaryimage\"},\"thumbnailUrl\":\"https:\\\/\\\/kt.gov.rs\\\/wp-content\\\/uploads\\\/2024\\\/07\\\/1582540803_24022020_1-5.jpg\",\"datePublished\":\"2020-02-24T00:00:00+00:00\",\"dateModified\":\"2024-07-30T18:07:33+00:00\",\"breadcrumb\":{\"@id\":\"https:\\\/\\\/kt.gov.rs\\\/sq\\\/perkrahja-e-realizimit-te-planeve-aksionare-te-punesimit-ne-vitin-2020\\\/#breadcrumb\"},\"inLanguage\":\"sq-AL\",\"potentialAction\":[{\"@type\":\"ReadAction\",\"target\":[\"https:\\\/\\\/kt.gov.rs\\\/sq\\\/perkrahja-e-realizimit-te-planeve-aksionare-te-punesimit-ne-vitin-2020\\\/\"]}]},{\"@type\":\"ImageObject\",\"inLanguage\":\"sq-AL\",\"@id\":\"https:\\\/\\\/kt.gov.rs\\\/sq\\\/perkrahja-e-realizimit-te-planeve-aksionare-te-punesimit-ne-vitin-2020\\\/#primaryimage\",\"url\":\"https:\\\/\\\/kt.gov.rs\\\/wp-content\\\/uploads\\\/2024\\\/07\\\/1582540803_24022020_1-5.jpg\",\"contentUrl\":\"https:\\\/\\\/kt.gov.rs\\\/wp-content\\\/uploads\\\/2024\\\/07\\\/1582540803_24022020_1-5.jpg\",\"width\":315,\"height\":230},{\"@type\":\"BreadcrumbList\",\"@id\":\"https:\\\/\\\/kt.gov.rs\\\/sq\\\/perkrahja-e-realizimit-te-planeve-aksionare-te-punesimit-ne-vitin-2020\\\/#breadcrumb\",\"itemListElement\":[{\"@type\":\"ListItem\",\"position\":1,\"name\":\"\u041f\u043e\u0447\u0435\u0442\u043d\u0430\",\"item\":\"https:\\\/\\\/kt.gov.rs\\\/sq\\\/\"},{\"@type\":\"ListItem\",\"position\":2,\"name\":\"P\u00cbRKRAHJA E REALIZIMIT T\u00cb PLANEVE AKSIONARE T\u00cb PUN\u00cbSIMIT N\u00cb VITIN 2020\"}]},{\"@type\":\"WebSite\",\"@id\":\"https:\\\/\\\/kt.gov.rs\\\/#website\",\"url\":\"https:\\\/\\\/kt.gov.rs\\\/\",\"name\":\"\u041a\u043e\u043e\u0440\u0434\u0438\u043d\u0430\u0446\u0438\u043e\u043d\u043e \u0442\u0435\u043b\u043e \u0412\u043b\u0430\u0434\u0435 \u0420\u0435\u043f\u0443\u0431\u043b\u0438\u043a\u0435 \u0421\u0440\u0431\u0438\u0458\u0435 \u0437\u0430 \u043e\u043f\u0448\u0442\u0438\u043d\u0435 \u041f\u0440\u0435\u0448\u0435\u0432\u043e, \u0411\u0443\u0458\u0430\u043d\u043e\u0432\u0430\u0446 \u0438 \u041c\u0435\u0434\u0432\u0435\u0452a\",\"description\":\"\",\"publisher\":{\"@id\":\"https:\\\/\\\/kt.gov.rs\\\/#organization\"},\"alternateName\":\"\u041a\u043e\u043e\u0440\u0434\u0438\u043d\u0430\u0446\u0438\u043e\u043d\u043e \u0442\u0435\u043b\u043e\",\"potentialAction\":[{\"@type\":\"SearchAction\",\"target\":{\"@type\":\"EntryPoint\",\"urlTemplate\":\"https:\\\/\\\/kt.gov.rs\\\/?s={search_term_string}\"},\"query-input\":{\"@type\":\"PropertyValueSpecification\",\"valueRequired\":true,\"valueName\":\"search_term_string\"}}],\"inLanguage\":\"sq-AL\"},{\"@type\":\"Organization\",\"@id\":\"https:\\\/\\\/kt.gov.rs\\\/#organization\",\"name\":\"\u041a\u043e\u043e\u0440\u0434\u0438\u043d\u0430\u0446\u0438\u043e\u043d\u043e \u0442\u0435\u043b\u043e \u0412\u043b\u0430\u0434\u0435 \u0420\u0435\u043f\u0443\u0431\u043b\u0438\u043a\u0435 \u0421\u0440\u0431\u0438\u0458\u0435 \u0437\u0430 \u043e\u043f\u0448\u0442\u0438\u043d\u0435 \u041f\u0440\u0435\u0448\u0435\u0432\u043e, \u0411\u0443\u0458\u0430\u043d\u043e\u0432\u0430\u0446 \u0438 \u041c\u0435\u0434\u0432\u0435\u0452a\",\"alternateName\":\"\u041a\u043e\u043e\u0440\u0434\u0438\u043d\u0430\u0446\u0438\u043e\u043d\u043e \u0442\u0435\u043b\u043e\",\"url\":\"https:\\\/\\\/kt.gov.rs\\\/\",\"logo\":{\"@type\":\"ImageObject\",\"inLanguage\":\"sq-AL\",\"@id\":\"https:\\\/\\\/kt.gov.rs\\\/#\\\/schema\\\/logo\\\/image\\\/\",\"url\":\"https:\\\/\\\/kt.gov.rs\\\/wp-content\\\/uploads\\\/2024\\\/12\\\/koord2.jpg\",\"contentUrl\":\"https:\\\/\\\/kt.gov.rs\\\/wp-content\\\/uploads\\\/2024\\\/12\\\/koord2.jpg\",\"width\":640,\"height\":480,\"caption\":\"\u041a\u043e\u043e\u0440\u0434\u0438\u043d\u0430\u0446\u0438\u043e\u043d\u043e \u0442\u0435\u043b\u043e \u0412\u043b\u0430\u0434\u0435 \u0420\u0435\u043f\u0443\u0431\u043b\u0438\u043a\u0435 \u0421\u0440\u0431\u0438\u0458\u0435 \u0437\u0430 \u043e\u043f\u0448\u0442\u0438\u043d\u0435 \u041f\u0440\u0435\u0448\u0435\u0432\u043e, \u0411\u0443\u0458\u0430\u043d\u043e\u0432\u0430\u0446 \u0438 \u041c\u0435\u0434\u0432\u0435\u0452a\"},\"image\":{\"@id\":\"https:\\\/\\\/kt.gov.rs\\\/#\\\/schema\\\/logo\\\/image\\\/\"},\"sameAs\":[\"https:\\\/\\\/www.facebook.com\\\/SluzbaKoordinacionogTelaVladeRepublikeSrbije\",\"https:\\\/\\\/x.com\\\/kt_gov\",\"https:\\\/\\\/www.youtube.com\\\/@koordinacionotelo\"]},{\"@type\":\"Person\",\"@id\":\"https:\\\/\\\/kt.gov.rs\\\/#\\\/schema\\\/person\\\/e426459ddb4173309103390602694571\",\"name\":\"ktmin\",\"image\":{\"@type\":\"ImageObject\",\"inLanguage\":\"sq-AL\",\"@id\":\"https:\\\/\\\/secure.gravatar.com\\\/avatar\\\/3985c961109853010c3fbc7ba30365bfba5db3dd6c525831d9c595c7525a615a?s=96&d=mm&r=g\",\"url\":\"https:\\\/\\\/secure.gravatar.com\\\/avatar\\\/3985c961109853010c3fbc7ba30365bfba5db3dd6c525831d9c595c7525a615a?s=96&d=mm&r=g\",\"contentUrl\":\"https:\\\/\\\/secure.gravatar.com\\\/avatar\\\/3985c961109853010c3fbc7ba30365bfba5db3dd6c525831d9c595c7525a615a?s=96&d=mm&r=g\",\"caption\":\"ktmin\"},\"sameAs\":[\"https:\\\/\\\/kt.gov.rs\"],\"url\":\"https:\\\/\\\/kt.gov.rs\\\/sq\\\/author\\\/ktmin\\\/\"}]}<\/script>\n<!-- \/ Yoast SEO plugin. -->","yoast_head_json":{"title":"P\u00cbRKRAHJA E REALIZIMIT T\u00cb PLANEVE AKSIONARE T\u00cb PUN\u00cbSIMIT N\u00cb VITIN 2020 - Republika e S\u00ebrbis\u00eb Trupi Koordinues p\u00ebr komunat Bujanoc, Preshev\u00eb dhe Medvegj\u00eb","robots":{"index":"index","follow":"follow","max-snippet":"max-snippet:-1","max-image-preview":"max-image-preview:large","max-video-preview":"max-video-preview:-1"},"canonical":"https:\/\/kt.gov.rs\/sq\/perkrahja-e-realizimit-te-planeve-aksionare-te-punesimit-ne-vitin-2020\/","og_locale":"sq_AL","og_type":"article","og_title":"P\u00cbRKRAHJA E REALIZIMIT T\u00cb PLANEVE AKSIONARE T\u00cb PUN\u00cbSIMIT N\u00cb VITIN 2020 - Republika e S\u00ebrbis\u00eb Trupi Koordinues p\u00ebr komunat Bujanoc, Preshev\u00eb dhe Medvegj\u00eb","og_description":"P\u00ebr t\u00eb forcuar m\u00eb tej bashk\u00ebpunimin me nj\u00ebsit\u00eb e qeverisjes vendore, shk\u00ebmbimin e p\u00ebrvojave midis nj\u00ebsive t\u00eb qeverisjes vendore dhe k\u00ebshillave lokale t\u00eb pun\u00ebsimit p\u00ebr procesin e p\u00ebrgatitjes dhe zbatimit t\u00eb planeve lokale t\u00eb veprimit t\u00eb pun\u00ebsimit (LAPZ), si dhe informacione mbi...","og_url":"https:\/\/kt.gov.rs\/sq\/perkrahja-e-realizimit-te-planeve-aksionare-te-punesimit-ne-vitin-2020\/","og_site_name":"Republika e S\u00ebrbis\u00eb Trupi Koordinues p\u00ebr komunat Bujanoc, Preshev\u00eb dhe Medvegj\u00eb","article_publisher":"https:\/\/www.facebook.com\/SluzbaKoordinacionogTelaVladeRepublikeSrbije","article_published_time":"2020-02-24T00:00:00+00:00","article_modified_time":"2024-07-30T18:07:33+00:00","og_image":[{"width":315,"height":230,"url":"https:\/\/kt.gov.rs\/wp-content\/uploads\/2024\/07\/1582540803_24022020_1-5.jpg","type":"image\/jpeg"}],"author":"ktmin","twitter_card":"summary_large_image","twitter_creator":"@kt_gov","twitter_site":"@kt_gov","twitter_misc":{"Written by":"ktmin","Est. reading time":"5 minutes"},"schema":{"@context":"https:\/\/schema.org","@graph":[{"@type":"Article","@id":"https:\/\/kt.gov.rs\/sq\/perkrahja-e-realizimit-te-planeve-aksionare-te-punesimit-ne-vitin-2020\/#article","isPartOf":{"@id":"https:\/\/kt.gov.rs\/sq\/perkrahja-e-realizimit-te-planeve-aksionare-te-punesimit-ne-vitin-2020\/"},"author":{"name":"ktmin","@id":"https:\/\/kt.gov.rs\/#\/schema\/person\/e426459ddb4173309103390602694571"},"headline":"P\u00cbRKRAHJA E REALIZIMIT T\u00cb PLANEVE AKSIONARE T\u00cb PUN\u00cbSIMIT N\u00cb VITIN 2020","datePublished":"2020-02-24T00:00:00+00:00","dateModified":"2024-07-30T18:07:33+00:00","mainEntityOfPage":{"@id":"https:\/\/kt.gov.rs\/sq\/perkrahja-e-realizimit-te-planeve-aksionare-te-punesimit-ne-vitin-2020\/"},"wordCount":1059,"publisher":{"@id":"https:\/\/kt.gov.rs\/#organization"},"image":{"@id":"https:\/\/kt.gov.rs\/sq\/perkrahja-e-realizimit-te-planeve-aksionare-te-punesimit-ne-vitin-2020\/#primaryimage"},"thumbnailUrl":"https:\/\/kt.gov.rs\/wp-content\/uploads\/2024\/07\/1582540803_24022020_1-5.jpg","articleSection":["Lajme"],"inLanguage":"sq-AL"},{"@type":"WebPage","@id":"https:\/\/kt.gov.rs\/sq\/perkrahja-e-realizimit-te-planeve-aksionare-te-punesimit-ne-vitin-2020\/","url":"https:\/\/kt.gov.rs\/sq\/perkrahja-e-realizimit-te-planeve-aksionare-te-punesimit-ne-vitin-2020\/","name":"P\u00cbRKRAHJA E REALIZIMIT T\u00cb PLANEVE AKSIONARE T\u00cb PUN\u00cbSIMIT N\u00cb VITIN 2020 - Republika e S\u00ebrbis\u00eb Trupi Koordinues p\u00ebr komunat Bujanoc, Preshev\u00eb dhe Medvegj\u00eb","isPartOf":{"@id":"https:\/\/kt.gov.rs\/#website"},"primaryImageOfPage":{"@id":"https:\/\/kt.gov.rs\/sq\/perkrahja-e-realizimit-te-planeve-aksionare-te-punesimit-ne-vitin-2020\/#primaryimage"},"image":{"@id":"https:\/\/kt.gov.rs\/sq\/perkrahja-e-realizimit-te-planeve-aksionare-te-punesimit-ne-vitin-2020\/#primaryimage"},"thumbnailUrl":"https:\/\/kt.gov.rs\/wp-content\/uploads\/2024\/07\/1582540803_24022020_1-5.jpg","datePublished":"2020-02-24T00:00:00+00:00","dateModified":"2024-07-30T18:07:33+00:00","breadcrumb":{"@id":"https:\/\/kt.gov.rs\/sq\/perkrahja-e-realizimit-te-planeve-aksionare-te-punesimit-ne-vitin-2020\/#breadcrumb"},"inLanguage":"sq-AL","potentialAction":[{"@type":"ReadAction","target":["https:\/\/kt.gov.rs\/sq\/perkrahja-e-realizimit-te-planeve-aksionare-te-punesimit-ne-vitin-2020\/"]}]},{"@type":"ImageObject","inLanguage":"sq-AL","@id":"https:\/\/kt.gov.rs\/sq\/perkrahja-e-realizimit-te-planeve-aksionare-te-punesimit-ne-vitin-2020\/#primaryimage","url":"https:\/\/kt.gov.rs\/wp-content\/uploads\/2024\/07\/1582540803_24022020_1-5.jpg","contentUrl":"https:\/\/kt.gov.rs\/wp-content\/uploads\/2024\/07\/1582540803_24022020_1-5.jpg","width":315,"height":230},{"@type":"BreadcrumbList","@id":"https:\/\/kt.gov.rs\/sq\/perkrahja-e-realizimit-te-planeve-aksionare-te-punesimit-ne-vitin-2020\/#breadcrumb","itemListElement":[{"@type":"ListItem","position":1,"name":"\u041f\u043e\u0447\u0435\u0442\u043d\u0430","item":"https:\/\/kt.gov.rs\/sq\/"},{"@type":"ListItem","position":2,"name":"P\u00cbRKRAHJA E REALIZIMIT T\u00cb PLANEVE AKSIONARE T\u00cb PUN\u00cbSIMIT N\u00cb VITIN 2020"}]},{"@type":"WebSite","@id":"https:\/\/kt.gov.rs\/#website","url":"https:\/\/kt.gov.rs\/","name":"\u041a\u043e\u043e\u0440\u0434\u0438\u043d\u0430\u0446\u0438\u043e\u043d\u043e \u0442\u0435\u043b\u043e \u0412\u043b\u0430\u0434\u0435 \u0420\u0435\u043f\u0443\u0431\u043b\u0438\u043a\u0435 \u0421\u0440\u0431\u0438\u0458\u0435 \u0437\u0430 \u043e\u043f\u0448\u0442\u0438\u043d\u0435 \u041f\u0440\u0435\u0448\u0435\u0432\u043e, \u0411\u0443\u0458\u0430\u043d\u043e\u0432\u0430\u0446 \u0438 \u041c\u0435\u0434\u0432\u0435\u0452a","description":"","publisher":{"@id":"https:\/\/kt.gov.rs\/#organization"},"alternateName":"\u041a\u043e\u043e\u0440\u0434\u0438\u043d\u0430\u0446\u0438\u043e\u043d\u043e \u0442\u0435\u043b\u043e","potentialAction":[{"@type":"SearchAction","target":{"@type":"EntryPoint","urlTemplate":"https:\/\/kt.gov.rs\/?s={search_term_string}"},"query-input":{"@type":"PropertyValueSpecification","valueRequired":true,"valueName":"search_term_string"}}],"inLanguage":"sq-AL"},{"@type":"Organization","@id":"https:\/\/kt.gov.rs\/#organization","name":"\u041a\u043e\u043e\u0440\u0434\u0438\u043d\u0430\u0446\u0438\u043e\u043d\u043e \u0442\u0435\u043b\u043e \u0412\u043b\u0430\u0434\u0435 \u0420\u0435\u043f\u0443\u0431\u043b\u0438\u043a\u0435 \u0421\u0440\u0431\u0438\u0458\u0435 \u0437\u0430 \u043e\u043f\u0448\u0442\u0438\u043d\u0435 \u041f\u0440\u0435\u0448\u0435\u0432\u043e, \u0411\u0443\u0458\u0430\u043d\u043e\u0432\u0430\u0446 \u0438 \u041c\u0435\u0434\u0432\u0435\u0452a","alternateName":"\u041a\u043e\u043e\u0440\u0434\u0438\u043d\u0430\u0446\u0438\u043e\u043d\u043e \u0442\u0435\u043b\u043e","url":"https:\/\/kt.gov.rs\/","logo":{"@type":"ImageObject","inLanguage":"sq-AL","@id":"https:\/\/kt.gov.rs\/#\/schema\/logo\/image\/","url":"https:\/\/kt.gov.rs\/wp-content\/uploads\/2024\/12\/koord2.jpg","contentUrl":"https:\/\/kt.gov.rs\/wp-content\/uploads\/2024\/12\/koord2.jpg","width":640,"height":480,"caption":"\u041a\u043e\u043e\u0440\u0434\u0438\u043d\u0430\u0446\u0438\u043e\u043d\u043e \u0442\u0435\u043b\u043e \u0412\u043b\u0430\u0434\u0435 \u0420\u0435\u043f\u0443\u0431\u043b\u0438\u043a\u0435 \u0421\u0440\u0431\u0438\u0458\u0435 \u0437\u0430 \u043e\u043f\u0448\u0442\u0438\u043d\u0435 \u041f\u0440\u0435\u0448\u0435\u0432\u043e, \u0411\u0443\u0458\u0430\u043d\u043e\u0432\u0430\u0446 \u0438 \u041c\u0435\u0434\u0432\u0435\u0452a"},"image":{"@id":"https:\/\/kt.gov.rs\/#\/schema\/logo\/image\/"},"sameAs":["https:\/\/www.facebook.com\/SluzbaKoordinacionogTelaVladeRepublikeSrbije","https:\/\/x.com\/kt_gov","https:\/\/www.youtube.com\/@koordinacionotelo"]},{"@type":"Person","@id":"https:\/\/kt.gov.rs\/#\/schema\/person\/e426459ddb4173309103390602694571","name":"ktmin","image":{"@type":"ImageObject","inLanguage":"sq-AL","@id":"https:\/\/secure.gravatar.com\/avatar\/3985c961109853010c3fbc7ba30365bfba5db3dd6c525831d9c595c7525a615a?s=96&d=mm&r=g","url":"https:\/\/secure.gravatar.com\/avatar\/3985c961109853010c3fbc7ba30365bfba5db3dd6c525831d9c595c7525a615a?s=96&d=mm&r=g","contentUrl":"https:\/\/secure.gravatar.com\/avatar\/3985c961109853010c3fbc7ba30365bfba5db3dd6c525831d9c595c7525a615a?s=96&d=mm&r=g","caption":"ktmin"},"sameAs":["https:\/\/kt.gov.rs"],"url":"https:\/\/kt.gov.rs\/sq\/author\/ktmin\/"}]}},"_links":{"self":[{"href":"https:\/\/kt.gov.rs\/sq\/wp-json\/wp\/v2\/posts\/114274","targetHints":{"allow":["GET"]}}],"collection":[{"href":"https:\/\/kt.gov.rs\/sq\/wp-json\/wp\/v2\/posts"}],"about":[{"href":"https:\/\/kt.gov.rs\/sq\/wp-json\/wp\/v2\/types\/post"}],"author":[{"embeddable":true,"href":"https:\/\/kt.gov.rs\/sq\/wp-json\/wp\/v2\/users\/1"}],"replies":[{"embeddable":true,"href":"https:\/\/kt.gov.rs\/sq\/wp-json\/wp\/v2\/comments?post=114274"}],"version-history":[{"count":1,"href":"https:\/\/kt.gov.rs\/sq\/wp-json\/wp\/v2\/posts\/114274\/revisions"}],"predecessor-version":[{"id":114278,"href":"https:\/\/kt.gov.rs\/sq\/wp-json\/wp\/v2\/posts\/114274\/revisions\/114278"}],"wp:featuredmedia":[{"embeddable":true,"href":"https:\/\/kt.gov.rs\/sq\/wp-json\/wp\/v2\/media\/114279"}],"wp:attachment":[{"href":"https:\/\/kt.gov.rs\/sq\/wp-json\/wp\/v2\/media?parent=114274"}],"wp:term":[{"taxonomy":"category","embeddable":true,"href":"https:\/\/kt.gov.rs\/sq\/wp-json\/wp\/v2\/categories?post=114274"},{"taxonomy":"post_tag","embeddable":true,"href":"https:\/\/kt.gov.rs\/sq\/wp-json\/wp\/v2\/tags?post=114274"}],"curies":[{"name":"wp","href":"https:\/\/api.w.org\/{rel}","templated":true}]}}