{"id":113954,"date":"2020-03-19T00:00:00","date_gmt":"2020-03-19T00:00:00","guid":{"rendered":"http:\/\/kt.printandscreen.rs\/tregu-i-bujanocit-me-frekuence-te-pergjysmuar-kete-te-hene\/"},"modified":"2024-07-30T18:07:02","modified_gmt":"2024-07-30T18:07:02","slug":"tregu-i-bujanocit-me-frekuence-te-pergjysmuar-kete-te-hene","status":"publish","type":"post","link":"https:\/\/kt.gov.rs\/sq\/tregu-i-bujanocit-me-frekuence-te-pergjysmuar-kete-te-hene\/","title":{"rendered":"TREGU I BUJANOCIT ME FREKUENC\u00cb T\u00cb P\u00cbRGJYSMUAR K\u00cbT\u00cb T\u00cb H\u00cbN\u00cb"},"content":{"rendered":"<p>\n\t<strong><img decoding=\"async\" alt=\"\" src=\"https:\/\/kt.gov.rs\/wp-content\/uploads\/2024\/07\/1584620267_190320_3-6.jpg\" style=\"width: 315px; height: 230px; float: left;\" \/><\/strong>Bujanoc \u2013 Pavar\u00ebsisht motit t\u00eb mir\u00eb, ka m\u00eb pak bler\u00ebs dhe shit\u00ebs n\u00eb treg t\u00eb h\u00ebn\u00ebn n\u00eb Bujanoc.<\/p>\n<p>\n\tGjendja e jasht\u00ebzakonshme ka b\u00ebr\u00eb t\u00eb vet\u00ebn, k\u00ebshtu q\u00eb rruga Kral Milutin nuk \u00ebsht\u00eb e gjall\u00eb si zakonisht.<\/p>\n<p>\n\t&quot;Njer\u00ebzit vijn\u00eb, blejn\u00eb at\u00eb q\u00eb u nevojiten dhe ikin, askush nuk q\u00ebndron. Ne gjithashtu e soll\u00ebm mallin n\u00eb treg k\u00ebt\u00eb t\u00eb h\u00ebn\u00eb, duhet ta b\u00ebjm\u00eb, e gjith\u00eb familja jeton n\u00eb at\u00eb q\u00eb prodhojm\u00eb dhe shesim &quot;, thot\u00eb shit\u00ebsja nga Rakovci, duke shtuar se ka pasur nj\u00eb r\u00ebnie t\u00eb dukshme t\u00eb qarkullimit, edhe pse ajo nuk rriti \u00e7mimet e perimeve dhe djathit q\u00eb ajo shet.<\/p>\n<p>\n\tShit\u00ebsit e frutave thon\u00eb t\u00eb nj\u00ebjt\u00ebn gj\u00eb.<\/p>\n<p>\n\tFrutat dhe perimet n\u00eb dit\u00ebn e par\u00eb t\u00eb gjendjes s\u00eb jasht\u00ebzakonshme p\u00ebr shkak t\u00eb virusit korona, megjithat\u00eb, nuk jan\u00eb n\u00eb plan t\u00eb par\u00eb t\u00eb bler\u00ebsve k\u00ebt\u00eb t\u00eb h\u00ebn\u00eb, por p\u00ebr k\u00ebt\u00eb arsye jan\u00eb turma m\u00eb e madhe n\u00eb sportelet me produkte sanitare dhe higjienike.<\/p>\n<p>\n\tReporteri jon\u00eb, i cili viziton tregun \u00e7do t\u00eb h\u00ebn\u00eb, vuri n\u00eb dukje se nuk ka shum\u00eb shit\u00ebs t\u00eb p\u00ebrhersh\u00ebm sot, nd\u00ebrsa edhe \u00e7mimet n\u00eb shtande jan\u00eb t\u00eb zakonshme.<\/p>\n<p>\n\tKryetari i Bujanocit, Shaip Kamberi, ka planifikuar nj\u00eb seanc\u00eb n\u00eb ora 12, t\u00eb Shtabit Komunal p\u00ebr Situata t\u00eb Jasht\u00ebzakonshme t\u00eb cil\u00ebn e kryeson, dhe ai ka njoftuar disa nga masat q\u00eb do t\u00eb merren n\u00eb gjendjen e jasht\u00ebzakonshme n\u00eb Bujanoc.<\/p>\n<p>\n\t<strong>Burimi: Bujanova\u00e7ke dhe Trupi Koordinues\u00a0<\/strong><\/p>\n<p>\n\t\u00a0<\/p>\n","protected":false},"excerpt":{"rendered":"<p>Bujanoc \u2013 Pavar\u00ebsisht motit t\u00eb mir\u00eb, ka m\u00eb pak bler\u00ebs dhe shit\u00ebs n\u00eb treg t\u00eb h\u00ebn\u00ebn n\u00eb Bujanoc.<\/p>\n","protected":false},"author":1,"featured_media":113959,"comment_status":"closed","ping_status":"closed","sticky":false,"template":"","format":"standard","meta":{"footnotes":""},"categories":[55],"tags":[],"class_list":["post-113954","post","type-post","status-publish","format-standard","has-post-thumbnail","hentry","category-lajme"],"yoast_head":"<!-- This site is optimized with the Yoast SEO plugin v27.5 - https:\/\/yoast.com\/product\/yoast-seo-wordpress\/ -->\n<title>TREGU I BUJANOCIT ME FREKUENC\u00cb T\u00cb P\u00cbRGJYSMUAR K\u00cbT\u00cb T\u00cb H\u00cbN\u00cb - Republika e S\u00ebrbis\u00eb Trupi Koordinues p\u00ebr komunat Bujanoc, Preshev\u00eb dhe Medvegj\u00eb<\/title>\n<meta name=\"robots\" content=\"index, follow, max-snippet:-1, max-image-preview:large, max-video-preview:-1\" \/>\n<link rel=\"canonical\" href=\"https:\/\/kt.gov.rs\/sq\/tregu-i-bujanocit-me-frekuence-te-pergjysmuar-kete-te-hene\/\" \/>\n<meta property=\"og:locale\" content=\"sq_AL\" \/>\n<meta property=\"og:type\" content=\"article\" \/>\n<meta property=\"og:title\" content=\"TREGU I BUJANOCIT ME FREKUENC\u00cb T\u00cb P\u00cbRGJYSMUAR K\u00cbT\u00cb T\u00cb H\u00cbN\u00cb - Republika e S\u00ebrbis\u00eb Trupi Koordinues p\u00ebr komunat Bujanoc, Preshev\u00eb dhe Medvegj\u00eb\" \/>\n<meta property=\"og:description\" content=\"Bujanoc - Pavar\u00ebsisht motit t\u00eb mir\u00eb, ka m\u00eb pak bler\u00ebs dhe shit\u00ebs n\u00eb treg t\u00eb h\u00ebn\u00ebn n\u00eb Bujanoc.\" \/>\n<meta property=\"og:url\" content=\"https:\/\/kt.gov.rs\/sq\/tregu-i-bujanocit-me-frekuence-te-pergjysmuar-kete-te-hene\/\" \/>\n<meta property=\"og:site_name\" content=\"Republika e S\u00ebrbis\u00eb Trupi Koordinues p\u00ebr komunat Bujanoc, Preshev\u00eb dhe Medvegj\u00eb\" \/>\n<meta property=\"article:publisher\" content=\"https:\/\/www.facebook.com\/SluzbaKoordinacionogTelaVladeRepublikeSrbije\" \/>\n<meta property=\"article:published_time\" content=\"2020-03-19T00:00:00+00:00\" \/>\n<meta property=\"article:modified_time\" content=\"2024-07-30T18:07:02+00:00\" \/>\n<meta property=\"og:image\" content=\"https:\/\/kt.gov.rs\/wp-content\/uploads\/2024\/07\/1584620267_190320_3-7.jpg\" \/>\n\t<meta property=\"og:image:width\" content=\"315\" \/>\n\t<meta property=\"og:image:height\" content=\"230\" \/>\n\t<meta property=\"og:image:type\" content=\"image\/jpeg\" \/>\n<meta name=\"author\" content=\"ktmin\" \/>\n<meta name=\"twitter:card\" content=\"summary_large_image\" \/>\n<meta name=\"twitter:creator\" content=\"@kt_gov\" \/>\n<meta name=\"twitter:site\" content=\"@kt_gov\" \/>\n<meta name=\"twitter:label1\" content=\"Written by\" \/>\n\t<meta name=\"twitter:data1\" content=\"ktmin\" \/>\n\t<meta name=\"twitter:label2\" content=\"Est. reading time\" \/>\n\t<meta name=\"twitter:data2\" content=\"2 minutes\" \/>\n<script type=\"application\/ld+json\" class=\"yoast-schema-graph\">{\"@context\":\"https:\\\/\\\/schema.org\",\"@graph\":[{\"@type\":\"Article\",\"@id\":\"https:\\\/\\\/kt.gov.rs\\\/sq\\\/tregu-i-bujanocit-me-frekuence-te-pergjysmuar-kete-te-hene\\\/#article\",\"isPartOf\":{\"@id\":\"https:\\\/\\\/kt.gov.rs\\\/sq\\\/tregu-i-bujanocit-me-frekuence-te-pergjysmuar-kete-te-hene\\\/\"},\"author\":{\"name\":\"ktmin\",\"@id\":\"https:\\\/\\\/kt.gov.rs\\\/#\\\/schema\\\/person\\\/e426459ddb4173309103390602694571\"},\"headline\":\"TREGU I BUJANOCIT ME FREKUENC\u00cb T\u00cb P\u00cbRGJYSMUAR K\u00cbT\u00cb T\u00cb H\u00cbN\u00cb\",\"datePublished\":\"2020-03-19T00:00:00+00:00\",\"dateModified\":\"2024-07-30T18:07:02+00:00\",\"mainEntityOfPage\":{\"@id\":\"https:\\\/\\\/kt.gov.rs\\\/sq\\\/tregu-i-bujanocit-me-frekuence-te-pergjysmuar-kete-te-hene\\\/\"},\"wordCount\":389,\"publisher\":{\"@id\":\"https:\\\/\\\/kt.gov.rs\\\/#organization\"},\"image\":{\"@id\":\"https:\\\/\\\/kt.gov.rs\\\/sq\\\/tregu-i-bujanocit-me-frekuence-te-pergjysmuar-kete-te-hene\\\/#primaryimage\"},\"thumbnailUrl\":\"https:\\\/\\\/kt.gov.rs\\\/wp-content\\\/uploads\\\/2024\\\/07\\\/1584620267_190320_3-7.jpg\",\"articleSection\":[\"Lajme\"],\"inLanguage\":\"sq-AL\"},{\"@type\":\"WebPage\",\"@id\":\"https:\\\/\\\/kt.gov.rs\\\/sq\\\/tregu-i-bujanocit-me-frekuence-te-pergjysmuar-kete-te-hene\\\/\",\"url\":\"https:\\\/\\\/kt.gov.rs\\\/sq\\\/tregu-i-bujanocit-me-frekuence-te-pergjysmuar-kete-te-hene\\\/\",\"name\":\"TREGU I BUJANOCIT ME FREKUENC\u00cb T\u00cb P\u00cbRGJYSMUAR K\u00cbT\u00cb T\u00cb H\u00cbN\u00cb - Republika e S\u00ebrbis\u00eb Trupi Koordinues p\u00ebr komunat Bujanoc, Preshev\u00eb dhe Medvegj\u00eb\",\"isPartOf\":{\"@id\":\"https:\\\/\\\/kt.gov.rs\\\/#website\"},\"primaryImageOfPage\":{\"@id\":\"https:\\\/\\\/kt.gov.rs\\\/sq\\\/tregu-i-bujanocit-me-frekuence-te-pergjysmuar-kete-te-hene\\\/#primaryimage\"},\"image\":{\"@id\":\"https:\\\/\\\/kt.gov.rs\\\/sq\\\/tregu-i-bujanocit-me-frekuence-te-pergjysmuar-kete-te-hene\\\/#primaryimage\"},\"thumbnailUrl\":\"https:\\\/\\\/kt.gov.rs\\\/wp-content\\\/uploads\\\/2024\\\/07\\\/1584620267_190320_3-7.jpg\",\"datePublished\":\"2020-03-19T00:00:00+00:00\",\"dateModified\":\"2024-07-30T18:07:02+00:00\",\"breadcrumb\":{\"@id\":\"https:\\\/\\\/kt.gov.rs\\\/sq\\\/tregu-i-bujanocit-me-frekuence-te-pergjysmuar-kete-te-hene\\\/#breadcrumb\"},\"inLanguage\":\"sq-AL\",\"potentialAction\":[{\"@type\":\"ReadAction\",\"target\":[\"https:\\\/\\\/kt.gov.rs\\\/sq\\\/tregu-i-bujanocit-me-frekuence-te-pergjysmuar-kete-te-hene\\\/\"]}]},{\"@type\":\"ImageObject\",\"inLanguage\":\"sq-AL\",\"@id\":\"https:\\\/\\\/kt.gov.rs\\\/sq\\\/tregu-i-bujanocit-me-frekuence-te-pergjysmuar-kete-te-hene\\\/#primaryimage\",\"url\":\"https:\\\/\\\/kt.gov.rs\\\/wp-content\\\/uploads\\\/2024\\\/07\\\/1584620267_190320_3-7.jpg\",\"contentUrl\":\"https:\\\/\\\/kt.gov.rs\\\/wp-content\\\/uploads\\\/2024\\\/07\\\/1584620267_190320_3-7.jpg\",\"width\":315,\"height\":230},{\"@type\":\"BreadcrumbList\",\"@id\":\"https:\\\/\\\/kt.gov.rs\\\/sq\\\/tregu-i-bujanocit-me-frekuence-te-pergjysmuar-kete-te-hene\\\/#breadcrumb\",\"itemListElement\":[{\"@type\":\"ListItem\",\"position\":1,\"name\":\"Po\u010detna\",\"item\":\"https:\\\/\\\/kt.gov.rs\\\/sq\\\/\"},{\"@type\":\"ListItem\",\"position\":2,\"name\":\"TREGU I BUJANOCIT ME FREKUENC\u00cb T\u00cb P\u00cbRGJYSMUAR K\u00cbT\u00cb T\u00cb H\u00cbN\u00cb\"}]},{\"@type\":\"WebSite\",\"@id\":\"https:\\\/\\\/kt.gov.rs\\\/#website\",\"url\":\"https:\\\/\\\/kt.gov.rs\\\/\",\"name\":\"Koordinaciono telo Vlade Republike Srbije za op\u0161tine Pre\u0161evo, Bujanovac i Medve\u0111a\",\"description\":\"\",\"publisher\":{\"@id\":\"https:\\\/\\\/kt.gov.rs\\\/#organization\"},\"alternateName\":\"Koordinaciono telo\",\"potentialAction\":[{\"@type\":\"SearchAction\",\"target\":{\"@type\":\"EntryPoint\",\"urlTemplate\":\"https:\\\/\\\/kt.gov.rs\\\/?s={search_term_string}\"},\"query-input\":{\"@type\":\"PropertyValueSpecification\",\"valueRequired\":true,\"valueName\":\"search_term_string\"}}],\"inLanguage\":\"sq-AL\"},{\"@type\":\"Organization\",\"@id\":\"https:\\\/\\\/kt.gov.rs\\\/#organization\",\"name\":\"Koordinaciono telo Vlade Republike Srbije za op\u0161tine Pre\u0161evo, Bujanovac i Medve\u0111a\",\"alternateName\":\"Koordinaciono telo\",\"url\":\"https:\\\/\\\/kt.gov.rs\\\/\",\"logo\":{\"@type\":\"ImageObject\",\"inLanguage\":\"sq-AL\",\"@id\":\"https:\\\/\\\/kt.gov.rs\\\/#\\\/schema\\\/logo\\\/image\\\/\",\"url\":\"https:\\\/\\\/kt.gov.rs\\\/wp-content\\\/uploads\\\/2024\\\/12\\\/koord2.jpg\",\"contentUrl\":\"https:\\\/\\\/kt.gov.rs\\\/wp-content\\\/uploads\\\/2024\\\/12\\\/koord2.jpg\",\"width\":640,\"height\":480,\"caption\":\"Koordinaciono telo Vlade Republike Srbije za op\u0161tine Pre\u0161evo, Bujanovac i Medve\u0111a\"},\"image\":{\"@id\":\"https:\\\/\\\/kt.gov.rs\\\/#\\\/schema\\\/logo\\\/image\\\/\"},\"sameAs\":[\"https:\\\/\\\/www.facebook.com\\\/SluzbaKoordinacionogTelaVladeRepublikeSrbije\",\"https:\\\/\\\/x.com\\\/kt_gov\",\"https:\\\/\\\/www.youtube.com\\\/@koordinacionotelo\"]},{\"@type\":\"Person\",\"@id\":\"https:\\\/\\\/kt.gov.rs\\\/#\\\/schema\\\/person\\\/e426459ddb4173309103390602694571\",\"name\":\"ktmin\",\"image\":{\"@type\":\"ImageObject\",\"inLanguage\":\"sq-AL\",\"@id\":\"https:\\\/\\\/secure.gravatar.com\\\/avatar\\\/3985c961109853010c3fbc7ba30365bfba5db3dd6c525831d9c595c7525a615a?s=96&d=mm&r=g\",\"url\":\"https:\\\/\\\/secure.gravatar.com\\\/avatar\\\/3985c961109853010c3fbc7ba30365bfba5db3dd6c525831d9c595c7525a615a?s=96&d=mm&r=g\",\"contentUrl\":\"https:\\\/\\\/secure.gravatar.com\\\/avatar\\\/3985c961109853010c3fbc7ba30365bfba5db3dd6c525831d9c595c7525a615a?s=96&d=mm&r=g\",\"caption\":\"ktmin\"},\"sameAs\":[\"https:\\\/\\\/kt.gov.rs\"],\"url\":\"https:\\\/\\\/kt.gov.rs\\\/sq\\\/author\\\/ktmin\\\/\"}]}<\/script>\n<!-- \/ Yoast SEO plugin. -->","yoast_head_json":{"title":"TREGU I BUJANOCIT ME FREKUENC\u00cb T\u00cb P\u00cbRGJYSMUAR K\u00cbT\u00cb T\u00cb H\u00cbN\u00cb - Republika e S\u00ebrbis\u00eb Trupi Koordinues p\u00ebr komunat Bujanoc, Preshev\u00eb dhe Medvegj\u00eb","robots":{"index":"index","follow":"follow","max-snippet":"max-snippet:-1","max-image-preview":"max-image-preview:large","max-video-preview":"max-video-preview:-1"},"canonical":"https:\/\/kt.gov.rs\/sq\/tregu-i-bujanocit-me-frekuence-te-pergjysmuar-kete-te-hene\/","og_locale":"sq_AL","og_type":"article","og_title":"TREGU I BUJANOCIT ME FREKUENC\u00cb T\u00cb P\u00cbRGJYSMUAR K\u00cbT\u00cb T\u00cb H\u00cbN\u00cb - Republika e S\u00ebrbis\u00eb Trupi Koordinues p\u00ebr komunat Bujanoc, Preshev\u00eb dhe Medvegj\u00eb","og_description":"Bujanoc - Pavar\u00ebsisht motit t\u00eb mir\u00eb, ka m\u00eb pak bler\u00ebs dhe shit\u00ebs n\u00eb treg t\u00eb h\u00ebn\u00ebn n\u00eb Bujanoc.","og_url":"https:\/\/kt.gov.rs\/sq\/tregu-i-bujanocit-me-frekuence-te-pergjysmuar-kete-te-hene\/","og_site_name":"Republika e S\u00ebrbis\u00eb Trupi Koordinues p\u00ebr komunat Bujanoc, Preshev\u00eb dhe Medvegj\u00eb","article_publisher":"https:\/\/www.facebook.com\/SluzbaKoordinacionogTelaVladeRepublikeSrbije","article_published_time":"2020-03-19T00:00:00+00:00","article_modified_time":"2024-07-30T18:07:02+00:00","og_image":[{"width":315,"height":230,"url":"https:\/\/kt.gov.rs\/wp-content\/uploads\/2024\/07\/1584620267_190320_3-7.jpg","type":"image\/jpeg"}],"author":"ktmin","twitter_card":"summary_large_image","twitter_creator":"@kt_gov","twitter_site":"@kt_gov","twitter_misc":{"Written by":"ktmin","Est. reading time":"2 minutes"},"schema":{"@context":"https:\/\/schema.org","@graph":[{"@type":"Article","@id":"https:\/\/kt.gov.rs\/sq\/tregu-i-bujanocit-me-frekuence-te-pergjysmuar-kete-te-hene\/#article","isPartOf":{"@id":"https:\/\/kt.gov.rs\/sq\/tregu-i-bujanocit-me-frekuence-te-pergjysmuar-kete-te-hene\/"},"author":{"name":"ktmin","@id":"https:\/\/kt.gov.rs\/#\/schema\/person\/e426459ddb4173309103390602694571"},"headline":"TREGU I BUJANOCIT ME FREKUENC\u00cb T\u00cb P\u00cbRGJYSMUAR K\u00cbT\u00cb T\u00cb H\u00cbN\u00cb","datePublished":"2020-03-19T00:00:00+00:00","dateModified":"2024-07-30T18:07:02+00:00","mainEntityOfPage":{"@id":"https:\/\/kt.gov.rs\/sq\/tregu-i-bujanocit-me-frekuence-te-pergjysmuar-kete-te-hene\/"},"wordCount":389,"publisher":{"@id":"https:\/\/kt.gov.rs\/#organization"},"image":{"@id":"https:\/\/kt.gov.rs\/sq\/tregu-i-bujanocit-me-frekuence-te-pergjysmuar-kete-te-hene\/#primaryimage"},"thumbnailUrl":"https:\/\/kt.gov.rs\/wp-content\/uploads\/2024\/07\/1584620267_190320_3-7.jpg","articleSection":["Lajme"],"inLanguage":"sq-AL"},{"@type":"WebPage","@id":"https:\/\/kt.gov.rs\/sq\/tregu-i-bujanocit-me-frekuence-te-pergjysmuar-kete-te-hene\/","url":"https:\/\/kt.gov.rs\/sq\/tregu-i-bujanocit-me-frekuence-te-pergjysmuar-kete-te-hene\/","name":"TREGU I BUJANOCIT ME FREKUENC\u00cb T\u00cb P\u00cbRGJYSMUAR K\u00cbT\u00cb T\u00cb H\u00cbN\u00cb - Republika e S\u00ebrbis\u00eb Trupi Koordinues p\u00ebr komunat Bujanoc, Preshev\u00eb dhe Medvegj\u00eb","isPartOf":{"@id":"https:\/\/kt.gov.rs\/#website"},"primaryImageOfPage":{"@id":"https:\/\/kt.gov.rs\/sq\/tregu-i-bujanocit-me-frekuence-te-pergjysmuar-kete-te-hene\/#primaryimage"},"image":{"@id":"https:\/\/kt.gov.rs\/sq\/tregu-i-bujanocit-me-frekuence-te-pergjysmuar-kete-te-hene\/#primaryimage"},"thumbnailUrl":"https:\/\/kt.gov.rs\/wp-content\/uploads\/2024\/07\/1584620267_190320_3-7.jpg","datePublished":"2020-03-19T00:00:00+00:00","dateModified":"2024-07-30T18:07:02+00:00","breadcrumb":{"@id":"https:\/\/kt.gov.rs\/sq\/tregu-i-bujanocit-me-frekuence-te-pergjysmuar-kete-te-hene\/#breadcrumb"},"inLanguage":"sq-AL","potentialAction":[{"@type":"ReadAction","target":["https:\/\/kt.gov.rs\/sq\/tregu-i-bujanocit-me-frekuence-te-pergjysmuar-kete-te-hene\/"]}]},{"@type":"ImageObject","inLanguage":"sq-AL","@id":"https:\/\/kt.gov.rs\/sq\/tregu-i-bujanocit-me-frekuence-te-pergjysmuar-kete-te-hene\/#primaryimage","url":"https:\/\/kt.gov.rs\/wp-content\/uploads\/2024\/07\/1584620267_190320_3-7.jpg","contentUrl":"https:\/\/kt.gov.rs\/wp-content\/uploads\/2024\/07\/1584620267_190320_3-7.jpg","width":315,"height":230},{"@type":"BreadcrumbList","@id":"https:\/\/kt.gov.rs\/sq\/tregu-i-bujanocit-me-frekuence-te-pergjysmuar-kete-te-hene\/#breadcrumb","itemListElement":[{"@type":"ListItem","position":1,"name":"Po\u010detna","item":"https:\/\/kt.gov.rs\/sq\/"},{"@type":"ListItem","position":2,"name":"TREGU I BUJANOCIT ME FREKUENC\u00cb T\u00cb P\u00cbRGJYSMUAR K\u00cbT\u00cb T\u00cb H\u00cbN\u00cb"}]},{"@type":"WebSite","@id":"https:\/\/kt.gov.rs\/#website","url":"https:\/\/kt.gov.rs\/","name":"Koordinaciono telo Vlade Republike Srbije za op\u0161tine Pre\u0161evo, Bujanovac i Medve\u0111a","description":"","publisher":{"@id":"https:\/\/kt.gov.rs\/#organization"},"alternateName":"Koordinaciono telo","potentialAction":[{"@type":"SearchAction","target":{"@type":"EntryPoint","urlTemplate":"https:\/\/kt.gov.rs\/?s={search_term_string}"},"query-input":{"@type":"PropertyValueSpecification","valueRequired":true,"valueName":"search_term_string"}}],"inLanguage":"sq-AL"},{"@type":"Organization","@id":"https:\/\/kt.gov.rs\/#organization","name":"Koordinaciono telo Vlade Republike Srbije za op\u0161tine Pre\u0161evo, Bujanovac i Medve\u0111a","alternateName":"Koordinaciono telo","url":"https:\/\/kt.gov.rs\/","logo":{"@type":"ImageObject","inLanguage":"sq-AL","@id":"https:\/\/kt.gov.rs\/#\/schema\/logo\/image\/","url":"https:\/\/kt.gov.rs\/wp-content\/uploads\/2024\/12\/koord2.jpg","contentUrl":"https:\/\/kt.gov.rs\/wp-content\/uploads\/2024\/12\/koord2.jpg","width":640,"height":480,"caption":"Koordinaciono telo Vlade Republike Srbije za op\u0161tine Pre\u0161evo, Bujanovac i Medve\u0111a"},"image":{"@id":"https:\/\/kt.gov.rs\/#\/schema\/logo\/image\/"},"sameAs":["https:\/\/www.facebook.com\/SluzbaKoordinacionogTelaVladeRepublikeSrbije","https:\/\/x.com\/kt_gov","https:\/\/www.youtube.com\/@koordinacionotelo"]},{"@type":"Person","@id":"https:\/\/kt.gov.rs\/#\/schema\/person\/e426459ddb4173309103390602694571","name":"ktmin","image":{"@type":"ImageObject","inLanguage":"sq-AL","@id":"https:\/\/secure.gravatar.com\/avatar\/3985c961109853010c3fbc7ba30365bfba5db3dd6c525831d9c595c7525a615a?s=96&d=mm&r=g","url":"https:\/\/secure.gravatar.com\/avatar\/3985c961109853010c3fbc7ba30365bfba5db3dd6c525831d9c595c7525a615a?s=96&d=mm&r=g","contentUrl":"https:\/\/secure.gravatar.com\/avatar\/3985c961109853010c3fbc7ba30365bfba5db3dd6c525831d9c595c7525a615a?s=96&d=mm&r=g","caption":"ktmin"},"sameAs":["https:\/\/kt.gov.rs"],"url":"https:\/\/kt.gov.rs\/sq\/author\/ktmin\/"}]}},"_links":{"self":[{"href":"https:\/\/kt.gov.rs\/sq\/wp-json\/wp\/v2\/posts\/113954","targetHints":{"allow":["GET"]}}],"collection":[{"href":"https:\/\/kt.gov.rs\/sq\/wp-json\/wp\/v2\/posts"}],"about":[{"href":"https:\/\/kt.gov.rs\/sq\/wp-json\/wp\/v2\/types\/post"}],"author":[{"embeddable":true,"href":"https:\/\/kt.gov.rs\/sq\/wp-json\/wp\/v2\/users\/1"}],"replies":[{"embeddable":true,"href":"https:\/\/kt.gov.rs\/sq\/wp-json\/wp\/v2\/comments?post=113954"}],"version-history":[{"count":1,"href":"https:\/\/kt.gov.rs\/sq\/wp-json\/wp\/v2\/posts\/113954\/revisions"}],"predecessor-version":[{"id":113958,"href":"https:\/\/kt.gov.rs\/sq\/wp-json\/wp\/v2\/posts\/113954\/revisions\/113958"}],"wp:featuredmedia":[{"embeddable":true,"href":"https:\/\/kt.gov.rs\/sq\/wp-json\/wp\/v2\/media\/113959"}],"wp:attachment":[{"href":"https:\/\/kt.gov.rs\/sq\/wp-json\/wp\/v2\/media?parent=113954"}],"wp:term":[{"taxonomy":"category","embeddable":true,"href":"https:\/\/kt.gov.rs\/sq\/wp-json\/wp\/v2\/categories?post=113954"},{"taxonomy":"post_tag","embeddable":true,"href":"https:\/\/kt.gov.rs\/sq\/wp-json\/wp\/v2\/tags?post=113954"}],"curies":[{"name":"wp","href":"https:\/\/api.w.org\/{rel}","templated":true}]}}