{"id":113810,"date":"2020-03-24T00:00:00","date_gmt":"2020-03-24T00:00:00","guid":{"rendered":"http:\/\/kt.printandscreen.rs\/si-deri-te-leja-per-qarkullim-udhezime-per-pronaret-e-kafsheve-dhe-bleteve\/"},"modified":"2024-07-30T18:06:48","modified_gmt":"2024-07-30T18:06:48","slug":"si-deri-te-leja-per-qarkullim-udhezime-per-pronaret-e-kafsheve-dhe-bleteve","status":"publish","type":"post","link":"https:\/\/kt.gov.rs\/sq\/si-deri-te-leja-per-qarkullim-udhezime-per-pronaret-e-kafsheve-dhe-bleteve\/","title":{"rendered":"SI DERI TE LEJA P\u00cbR QARKULLIM: UDH\u00cbZIME P\u00cbR PRONAR\u00cbT E KAFSH\u00cbVE DHE BLET\u00cbVE"},"content":{"rendered":"<p>\n\t<strong><img decoding=\"async\" alt=\"\" src=\"https:\/\/kt.gov.rs\/wp-content\/uploads\/2024\/07\/1585059030_240320_6-4.jpg\" style=\"width: 315px; height: 230px; float: left;\" \/><\/strong>Beograd \u2013 N\u00eb rast se aktivitetet e nevojshme n\u00eb fush\u00ebn e blegtoris\u00eb kryhen gjat\u00eb periudh\u00ebs s\u00eb ndalimit t\u00eb l\u00ebvizjes (17: 00-05:00), \u00e7do fermer \u00ebsht\u00eb i detyruar t\u00eb paraqes\u00eb nj\u00eb k\u00ebrkes\u00eb p\u00ebr autorizim l\u00ebvizjeje pran\u00eb Sektorit t\u00eb Inspektimit Bujq\u00ebsor.<\/p>\n<p>\n\tAdresa e Internetit p\u00ebr paraqitjen e nj\u00eb aplikacioni p\u00ebr miratimin e l\u00ebvizjes elektronike p\u00ebr fermer\u00ebt n\u00eb fush\u00ebn e blegtoris\u00eb \u00ebsht\u00eb: http:\/\/stocarstvo.registar-uzb.rs\/<\/p>\n<p>\n\tMinistria e Bujq\u00ebsis\u00eb, Pylltaris\u00eb dhe Menaxhimit t\u00eb Uj\u00ebrave ka mund\u00ebsaur q\u00eb fermer\u00ebt t\u00eb k\u00ebrkojn\u00eb leje l\u00ebvizjeje nga \u00e7do kompjuter ose pajisje tjet\u00ebr. Leja e l\u00ebvizjes do t\u00eb jet\u00eb e vlefshme vet\u00ebm p\u00ebr dit\u00ebn e caktuar nga 17:00 deri n\u00eb 5:00 t\u00eb m\u00ebngjesit. Afati i p\u00ebrgjigjes s\u00eb k\u00ebrkes\u00ebs \u00ebsht\u00eb deri n\u00eb 48 or\u00eb pas marrjes s\u00eb k\u00ebrkes\u00ebs.<\/p>\n<p>\n\tN\u00eb aplikimin elektronik t\u00eb p\u00ebrmendur, \u00ebsht\u00eb e nevojshme t\u00eb plot\u00ebsoni t\u00eb gjitha fushat e k\u00ebrkuara n\u00eb m\u00ebnyr\u00eb q\u00eb t\u00eb merrni nj\u00eb leje p\u00ebr l\u00ebvizje n\u00eb m\u00ebnyr\u00eb q\u00eb t\u00eb kryeni pun\u00eb n\u00eb blegtori (mjelja e kafsh\u00ebve sht\u00ebpiake dhe punimet n\u00eb vendodhjen e koshereve).<\/p>\n<p>\n\t\u00c7do person q\u00eb ka marr\u00eb nj\u00eb leje pune gjat\u00eb ndalimit t\u00eb qarkullimit do t\u00eb jet\u00eb i detyryar t\u00eb mbante me vete nj\u00eb urdh\u00ebr pune.<\/p>\n<p>\n\tList\u00ebn e informacione t\u00eb cilat duhet t`i p\u00ebrmbaj urdh\u00ebri mund ta merrni n\u00eb \u2013\u00a0<a href=\"http:\/\/www.minpolj.gov.rs\/%C3%ABpcontent\/uploads\/datoteke\/razno\/%D0%A0%D0%B0%D0%B4%D0%BD%D0%B8%20%D0%BD%D0%B0%D0%BB%D0%BE%D0%B3.docx\"><strong>\u043e\u0432\u0434\u0435.<\/strong><\/a><\/p>\n<p>\n\t<strong>Burimi: Ministria e Bujq\u00ebsis\u00eb, Pylltaris\u00eb dhe Menaxhimit t\u00eb Uj\u00ebrave dhe Trupi Koordinues <\/strong><\/p>\n<p>\n\t\u00a0<\/p>\n","protected":false},"excerpt":{"rendered":"<p>Beograd \u2013 N\u00eb rast se aktivitetet e nevojshme n\u00eb fush\u00ebn e blegtoris\u00eb kryhen gjat\u00eb periudh\u00ebs s\u00eb ndalimit t\u00eb l\u00ebvizjes (17: 00-05:00), \u00e7do fermer \u00ebsht\u00eb i detyruar t\u00eb paraqes\u00eb nj\u00eb k\u00ebrkes\u00eb p\u00ebr autorizim l\u00ebvizjeje pran\u00eb Sektorit t\u00eb Inspektimit Bujq\u00ebsor.<\/p>\n","protected":false},"author":1,"featured_media":113815,"comment_status":"closed","ping_status":"closed","sticky":false,"template":"","format":"standard","meta":{"footnotes":""},"categories":[55],"tags":[],"class_list":["post-113810","post","type-post","status-publish","format-standard","has-post-thumbnail","hentry","category-lajme"],"yoast_head":"<!-- This site is optimized with the Yoast SEO plugin v27.5 - https:\/\/yoast.com\/product\/yoast-seo-wordpress\/ -->\n<title>SI DERI TE LEJA P\u00cbR QARKULLIM: UDH\u00cbZIME P\u00cbR PRONAR\u00cbT E KAFSH\u00cbVE DHE BLET\u00cbVE - Republika e S\u00ebrbis\u00eb Trupi Koordinues p\u00ebr komunat Bujanoc, Preshev\u00eb dhe Medvegj\u00eb<\/title>\n<meta name=\"robots\" content=\"index, follow, max-snippet:-1, max-image-preview:large, max-video-preview:-1\" \/>\n<link rel=\"canonical\" href=\"https:\/\/kt.gov.rs\/sq\/si-deri-te-leja-per-qarkullim-udhezime-per-pronaret-e-kafsheve-dhe-bleteve\/\" \/>\n<meta property=\"og:locale\" content=\"sq_AL\" \/>\n<meta property=\"og:type\" content=\"article\" \/>\n<meta property=\"og:title\" content=\"SI DERI TE LEJA P\u00cbR QARKULLIM: UDH\u00cbZIME P\u00cbR PRONAR\u00cbT E KAFSH\u00cbVE DHE BLET\u00cbVE - Republika e S\u00ebrbis\u00eb Trupi Koordinues p\u00ebr komunat Bujanoc, Preshev\u00eb dhe Medvegj\u00eb\" \/>\n<meta property=\"og:description\" content=\"Beograd - N\u00eb rast se aktivitetet e nevojshme n\u00eb fush\u00ebn e blegtoris\u00eb kryhen gjat\u00eb periudh\u00ebs s\u00eb ndalimit t\u00eb l\u00ebvizjes (17: 00-05:00), \u00e7do fermer \u00ebsht\u00eb i detyruar t\u00eb paraqes\u00eb nj\u00eb k\u00ebrkes\u00eb p\u00ebr autorizim l\u00ebvizjeje pran\u00eb Sektorit t\u00eb Inspektimit Bujq\u00ebsor.\" \/>\n<meta property=\"og:url\" content=\"https:\/\/kt.gov.rs\/sq\/si-deri-te-leja-per-qarkullim-udhezime-per-pronaret-e-kafsheve-dhe-bleteve\/\" \/>\n<meta property=\"og:site_name\" content=\"Republika e S\u00ebrbis\u00eb Trupi Koordinues p\u00ebr komunat Bujanoc, Preshev\u00eb dhe Medvegj\u00eb\" \/>\n<meta property=\"article:publisher\" content=\"https:\/\/www.facebook.com\/SluzbaKoordinacionogTelaVladeRepublikeSrbije\" \/>\n<meta property=\"article:published_time\" content=\"2020-03-24T00:00:00+00:00\" \/>\n<meta property=\"article:modified_time\" content=\"2024-07-30T18:06:48+00:00\" \/>\n<meta property=\"og:image\" content=\"https:\/\/kt.gov.rs\/wp-content\/uploads\/2024\/07\/1585059030_240320_6-5.jpg\" \/>\n\t<meta property=\"og:image:width\" content=\"315\" \/>\n\t<meta property=\"og:image:height\" content=\"230\" \/>\n\t<meta property=\"og:image:type\" content=\"image\/jpeg\" \/>\n<meta name=\"author\" content=\"ktmin\" \/>\n<meta name=\"twitter:card\" content=\"summary_large_image\" \/>\n<meta name=\"twitter:creator\" content=\"@kt_gov\" \/>\n<meta name=\"twitter:site\" content=\"@kt_gov\" \/>\n<meta name=\"twitter:label1\" content=\"Written by\" \/>\n\t<meta name=\"twitter:data1\" content=\"ktmin\" \/>\n\t<meta name=\"twitter:label2\" content=\"Est. reading time\" \/>\n\t<meta name=\"twitter:data2\" content=\"2 minutes\" \/>\n<script type=\"application\/ld+json\" class=\"yoast-schema-graph\">{\"@context\":\"https:\\\/\\\/schema.org\",\"@graph\":[{\"@type\":\"Article\",\"@id\":\"https:\\\/\\\/kt.gov.rs\\\/sq\\\/si-deri-te-leja-per-qarkullim-udhezime-per-pronaret-e-kafsheve-dhe-bleteve\\\/#article\",\"isPartOf\":{\"@id\":\"https:\\\/\\\/kt.gov.rs\\\/sq\\\/si-deri-te-leja-per-qarkullim-udhezime-per-pronaret-e-kafsheve-dhe-bleteve\\\/\"},\"author\":{\"name\":\"ktmin\",\"@id\":\"https:\\\/\\\/kt.gov.rs\\\/#\\\/schema\\\/person\\\/e426459ddb4173309103390602694571\"},\"headline\":\"SI DERI TE LEJA P\u00cbR QARKULLIM: UDH\u00cbZIME P\u00cbR PRONAR\u00cbT E KAFSH\u00cbVE DHE BLET\u00cbVE\",\"datePublished\":\"2020-03-24T00:00:00+00:00\",\"dateModified\":\"2024-07-30T18:06:48+00:00\",\"mainEntityOfPage\":{\"@id\":\"https:\\\/\\\/kt.gov.rs\\\/sq\\\/si-deri-te-leja-per-qarkullim-udhezime-per-pronaret-e-kafsheve-dhe-bleteve\\\/\"},\"wordCount\":389,\"publisher\":{\"@id\":\"https:\\\/\\\/kt.gov.rs\\\/#organization\"},\"image\":{\"@id\":\"https:\\\/\\\/kt.gov.rs\\\/sq\\\/si-deri-te-leja-per-qarkullim-udhezime-per-pronaret-e-kafsheve-dhe-bleteve\\\/#primaryimage\"},\"thumbnailUrl\":\"https:\\\/\\\/kt.gov.rs\\\/wp-content\\\/uploads\\\/2024\\\/07\\\/1585059030_240320_6-5.jpg\",\"articleSection\":[\"Lajme\"],\"inLanguage\":\"sq-AL\"},{\"@type\":\"WebPage\",\"@id\":\"https:\\\/\\\/kt.gov.rs\\\/sq\\\/si-deri-te-leja-per-qarkullim-udhezime-per-pronaret-e-kafsheve-dhe-bleteve\\\/\",\"url\":\"https:\\\/\\\/kt.gov.rs\\\/sq\\\/si-deri-te-leja-per-qarkullim-udhezime-per-pronaret-e-kafsheve-dhe-bleteve\\\/\",\"name\":\"SI DERI TE LEJA P\u00cbR QARKULLIM: UDH\u00cbZIME P\u00cbR PRONAR\u00cbT E KAFSH\u00cbVE DHE BLET\u00cbVE - Republika e S\u00ebrbis\u00eb Trupi Koordinues p\u00ebr komunat Bujanoc, Preshev\u00eb dhe Medvegj\u00eb\",\"isPartOf\":{\"@id\":\"https:\\\/\\\/kt.gov.rs\\\/#website\"},\"primaryImageOfPage\":{\"@id\":\"https:\\\/\\\/kt.gov.rs\\\/sq\\\/si-deri-te-leja-per-qarkullim-udhezime-per-pronaret-e-kafsheve-dhe-bleteve\\\/#primaryimage\"},\"image\":{\"@id\":\"https:\\\/\\\/kt.gov.rs\\\/sq\\\/si-deri-te-leja-per-qarkullim-udhezime-per-pronaret-e-kafsheve-dhe-bleteve\\\/#primaryimage\"},\"thumbnailUrl\":\"https:\\\/\\\/kt.gov.rs\\\/wp-content\\\/uploads\\\/2024\\\/07\\\/1585059030_240320_6-5.jpg\",\"datePublished\":\"2020-03-24T00:00:00+00:00\",\"dateModified\":\"2024-07-30T18:06:48+00:00\",\"breadcrumb\":{\"@id\":\"https:\\\/\\\/kt.gov.rs\\\/sq\\\/si-deri-te-leja-per-qarkullim-udhezime-per-pronaret-e-kafsheve-dhe-bleteve\\\/#breadcrumb\"},\"inLanguage\":\"sq-AL\",\"potentialAction\":[{\"@type\":\"ReadAction\",\"target\":[\"https:\\\/\\\/kt.gov.rs\\\/sq\\\/si-deri-te-leja-per-qarkullim-udhezime-per-pronaret-e-kafsheve-dhe-bleteve\\\/\"]}]},{\"@type\":\"ImageObject\",\"inLanguage\":\"sq-AL\",\"@id\":\"https:\\\/\\\/kt.gov.rs\\\/sq\\\/si-deri-te-leja-per-qarkullim-udhezime-per-pronaret-e-kafsheve-dhe-bleteve\\\/#primaryimage\",\"url\":\"https:\\\/\\\/kt.gov.rs\\\/wp-content\\\/uploads\\\/2024\\\/07\\\/1585059030_240320_6-5.jpg\",\"contentUrl\":\"https:\\\/\\\/kt.gov.rs\\\/wp-content\\\/uploads\\\/2024\\\/07\\\/1585059030_240320_6-5.jpg\",\"width\":315,\"height\":230},{\"@type\":\"BreadcrumbList\",\"@id\":\"https:\\\/\\\/kt.gov.rs\\\/sq\\\/si-deri-te-leja-per-qarkullim-udhezime-per-pronaret-e-kafsheve-dhe-bleteve\\\/#breadcrumb\",\"itemListElement\":[{\"@type\":\"ListItem\",\"position\":1,\"name\":\"\u041f\u043e\u0447\u0435\u0442\u043d\u0430\",\"item\":\"https:\\\/\\\/kt.gov.rs\\\/sq\\\/\"},{\"@type\":\"ListItem\",\"position\":2,\"name\":\"SI DERI TE LEJA P\u00cbR QARKULLIM: UDH\u00cbZIME P\u00cbR PRONAR\u00cbT E KAFSH\u00cbVE DHE BLET\u00cbVE\"}]},{\"@type\":\"WebSite\",\"@id\":\"https:\\\/\\\/kt.gov.rs\\\/#website\",\"url\":\"https:\\\/\\\/kt.gov.rs\\\/\",\"name\":\"\u041a\u043e\u043e\u0440\u0434\u0438\u043d\u0430\u0446\u0438\u043e\u043d\u043e \u0442\u0435\u043b\u043e \u0412\u043b\u0430\u0434\u0435 \u0420\u0435\u043f\u0443\u0431\u043b\u0438\u043a\u0435 \u0421\u0440\u0431\u0438\u0458\u0435 \u0437\u0430 \u043e\u043f\u0448\u0442\u0438\u043d\u0435 \u041f\u0440\u0435\u0448\u0435\u0432\u043e, \u0411\u0443\u0458\u0430\u043d\u043e\u0432\u0430\u0446 \u0438 \u041c\u0435\u0434\u0432\u0435\u0452a\",\"description\":\"\",\"publisher\":{\"@id\":\"https:\\\/\\\/kt.gov.rs\\\/#organization\"},\"alternateName\":\"\u041a\u043e\u043e\u0440\u0434\u0438\u043d\u0430\u0446\u0438\u043e\u043d\u043e \u0442\u0435\u043b\u043e\",\"potentialAction\":[{\"@type\":\"SearchAction\",\"target\":{\"@type\":\"EntryPoint\",\"urlTemplate\":\"https:\\\/\\\/kt.gov.rs\\\/?s={search_term_string}\"},\"query-input\":{\"@type\":\"PropertyValueSpecification\",\"valueRequired\":true,\"valueName\":\"search_term_string\"}}],\"inLanguage\":\"sq-AL\"},{\"@type\":\"Organization\",\"@id\":\"https:\\\/\\\/kt.gov.rs\\\/#organization\",\"name\":\"\u041a\u043e\u043e\u0440\u0434\u0438\u043d\u0430\u0446\u0438\u043e\u043d\u043e \u0442\u0435\u043b\u043e \u0412\u043b\u0430\u0434\u0435 \u0420\u0435\u043f\u0443\u0431\u043b\u0438\u043a\u0435 \u0421\u0440\u0431\u0438\u0458\u0435 \u0437\u0430 \u043e\u043f\u0448\u0442\u0438\u043d\u0435 \u041f\u0440\u0435\u0448\u0435\u0432\u043e, \u0411\u0443\u0458\u0430\u043d\u043e\u0432\u0430\u0446 \u0438 \u041c\u0435\u0434\u0432\u0435\u0452a\",\"alternateName\":\"\u041a\u043e\u043e\u0440\u0434\u0438\u043d\u0430\u0446\u0438\u043e\u043d\u043e \u0442\u0435\u043b\u043e\",\"url\":\"https:\\\/\\\/kt.gov.rs\\\/\",\"logo\":{\"@type\":\"ImageObject\",\"inLanguage\":\"sq-AL\",\"@id\":\"https:\\\/\\\/kt.gov.rs\\\/#\\\/schema\\\/logo\\\/image\\\/\",\"url\":\"https:\\\/\\\/kt.gov.rs\\\/wp-content\\\/uploads\\\/2024\\\/12\\\/koord2.jpg\",\"contentUrl\":\"https:\\\/\\\/kt.gov.rs\\\/wp-content\\\/uploads\\\/2024\\\/12\\\/koord2.jpg\",\"width\":640,\"height\":480,\"caption\":\"\u041a\u043e\u043e\u0440\u0434\u0438\u043d\u0430\u0446\u0438\u043e\u043d\u043e \u0442\u0435\u043b\u043e \u0412\u043b\u0430\u0434\u0435 \u0420\u0435\u043f\u0443\u0431\u043b\u0438\u043a\u0435 \u0421\u0440\u0431\u0438\u0458\u0435 \u0437\u0430 \u043e\u043f\u0448\u0442\u0438\u043d\u0435 \u041f\u0440\u0435\u0448\u0435\u0432\u043e, \u0411\u0443\u0458\u0430\u043d\u043e\u0432\u0430\u0446 \u0438 \u041c\u0435\u0434\u0432\u0435\u0452a\"},\"image\":{\"@id\":\"https:\\\/\\\/kt.gov.rs\\\/#\\\/schema\\\/logo\\\/image\\\/\"},\"sameAs\":[\"https:\\\/\\\/www.facebook.com\\\/SluzbaKoordinacionogTelaVladeRepublikeSrbije\",\"https:\\\/\\\/x.com\\\/kt_gov\",\"https:\\\/\\\/www.youtube.com\\\/@koordinacionotelo\"]},{\"@type\":\"Person\",\"@id\":\"https:\\\/\\\/kt.gov.rs\\\/#\\\/schema\\\/person\\\/e426459ddb4173309103390602694571\",\"name\":\"ktmin\",\"image\":{\"@type\":\"ImageObject\",\"inLanguage\":\"sq-AL\",\"@id\":\"https:\\\/\\\/secure.gravatar.com\\\/avatar\\\/3985c961109853010c3fbc7ba30365bfba5db3dd6c525831d9c595c7525a615a?s=96&d=mm&r=g\",\"url\":\"https:\\\/\\\/secure.gravatar.com\\\/avatar\\\/3985c961109853010c3fbc7ba30365bfba5db3dd6c525831d9c595c7525a615a?s=96&d=mm&r=g\",\"contentUrl\":\"https:\\\/\\\/secure.gravatar.com\\\/avatar\\\/3985c961109853010c3fbc7ba30365bfba5db3dd6c525831d9c595c7525a615a?s=96&d=mm&r=g\",\"caption\":\"ktmin\"},\"sameAs\":[\"https:\\\/\\\/kt.gov.rs\"],\"url\":\"https:\\\/\\\/kt.gov.rs\\\/sq\\\/author\\\/ktmin\\\/\"}]}<\/script>\n<!-- \/ Yoast SEO plugin. -->","yoast_head_json":{"title":"SI DERI TE LEJA P\u00cbR QARKULLIM: UDH\u00cbZIME P\u00cbR PRONAR\u00cbT E KAFSH\u00cbVE DHE BLET\u00cbVE - Republika e S\u00ebrbis\u00eb Trupi Koordinues p\u00ebr komunat Bujanoc, Preshev\u00eb dhe Medvegj\u00eb","robots":{"index":"index","follow":"follow","max-snippet":"max-snippet:-1","max-image-preview":"max-image-preview:large","max-video-preview":"max-video-preview:-1"},"canonical":"https:\/\/kt.gov.rs\/sq\/si-deri-te-leja-per-qarkullim-udhezime-per-pronaret-e-kafsheve-dhe-bleteve\/","og_locale":"sq_AL","og_type":"article","og_title":"SI DERI TE LEJA P\u00cbR QARKULLIM: UDH\u00cbZIME P\u00cbR PRONAR\u00cbT E KAFSH\u00cbVE DHE BLET\u00cbVE - Republika e S\u00ebrbis\u00eb Trupi Koordinues p\u00ebr komunat Bujanoc, Preshev\u00eb dhe Medvegj\u00eb","og_description":"Beograd - N\u00eb rast se aktivitetet e nevojshme n\u00eb fush\u00ebn e blegtoris\u00eb kryhen gjat\u00eb periudh\u00ebs s\u00eb ndalimit t\u00eb l\u00ebvizjes (17: 00-05:00), \u00e7do fermer \u00ebsht\u00eb i detyruar t\u00eb paraqes\u00eb nj\u00eb k\u00ebrkes\u00eb p\u00ebr autorizim l\u00ebvizjeje pran\u00eb Sektorit t\u00eb Inspektimit Bujq\u00ebsor.","og_url":"https:\/\/kt.gov.rs\/sq\/si-deri-te-leja-per-qarkullim-udhezime-per-pronaret-e-kafsheve-dhe-bleteve\/","og_site_name":"Republika e S\u00ebrbis\u00eb Trupi Koordinues p\u00ebr komunat Bujanoc, Preshev\u00eb dhe Medvegj\u00eb","article_publisher":"https:\/\/www.facebook.com\/SluzbaKoordinacionogTelaVladeRepublikeSrbije","article_published_time":"2020-03-24T00:00:00+00:00","article_modified_time":"2024-07-30T18:06:48+00:00","og_image":[{"width":315,"height":230,"url":"https:\/\/kt.gov.rs\/wp-content\/uploads\/2024\/07\/1585059030_240320_6-5.jpg","type":"image\/jpeg"}],"author":"ktmin","twitter_card":"summary_large_image","twitter_creator":"@kt_gov","twitter_site":"@kt_gov","twitter_misc":{"Written by":"ktmin","Est. reading time":"2 minutes"},"schema":{"@context":"https:\/\/schema.org","@graph":[{"@type":"Article","@id":"https:\/\/kt.gov.rs\/sq\/si-deri-te-leja-per-qarkullim-udhezime-per-pronaret-e-kafsheve-dhe-bleteve\/#article","isPartOf":{"@id":"https:\/\/kt.gov.rs\/sq\/si-deri-te-leja-per-qarkullim-udhezime-per-pronaret-e-kafsheve-dhe-bleteve\/"},"author":{"name":"ktmin","@id":"https:\/\/kt.gov.rs\/#\/schema\/person\/e426459ddb4173309103390602694571"},"headline":"SI DERI TE LEJA P\u00cbR QARKULLIM: UDH\u00cbZIME P\u00cbR PRONAR\u00cbT E KAFSH\u00cbVE DHE BLET\u00cbVE","datePublished":"2020-03-24T00:00:00+00:00","dateModified":"2024-07-30T18:06:48+00:00","mainEntityOfPage":{"@id":"https:\/\/kt.gov.rs\/sq\/si-deri-te-leja-per-qarkullim-udhezime-per-pronaret-e-kafsheve-dhe-bleteve\/"},"wordCount":389,"publisher":{"@id":"https:\/\/kt.gov.rs\/#organization"},"image":{"@id":"https:\/\/kt.gov.rs\/sq\/si-deri-te-leja-per-qarkullim-udhezime-per-pronaret-e-kafsheve-dhe-bleteve\/#primaryimage"},"thumbnailUrl":"https:\/\/kt.gov.rs\/wp-content\/uploads\/2024\/07\/1585059030_240320_6-5.jpg","articleSection":["Lajme"],"inLanguage":"sq-AL"},{"@type":"WebPage","@id":"https:\/\/kt.gov.rs\/sq\/si-deri-te-leja-per-qarkullim-udhezime-per-pronaret-e-kafsheve-dhe-bleteve\/","url":"https:\/\/kt.gov.rs\/sq\/si-deri-te-leja-per-qarkullim-udhezime-per-pronaret-e-kafsheve-dhe-bleteve\/","name":"SI DERI TE LEJA P\u00cbR QARKULLIM: UDH\u00cbZIME P\u00cbR PRONAR\u00cbT E KAFSH\u00cbVE DHE BLET\u00cbVE - Republika e S\u00ebrbis\u00eb Trupi Koordinues p\u00ebr komunat Bujanoc, Preshev\u00eb dhe Medvegj\u00eb","isPartOf":{"@id":"https:\/\/kt.gov.rs\/#website"},"primaryImageOfPage":{"@id":"https:\/\/kt.gov.rs\/sq\/si-deri-te-leja-per-qarkullim-udhezime-per-pronaret-e-kafsheve-dhe-bleteve\/#primaryimage"},"image":{"@id":"https:\/\/kt.gov.rs\/sq\/si-deri-te-leja-per-qarkullim-udhezime-per-pronaret-e-kafsheve-dhe-bleteve\/#primaryimage"},"thumbnailUrl":"https:\/\/kt.gov.rs\/wp-content\/uploads\/2024\/07\/1585059030_240320_6-5.jpg","datePublished":"2020-03-24T00:00:00+00:00","dateModified":"2024-07-30T18:06:48+00:00","breadcrumb":{"@id":"https:\/\/kt.gov.rs\/sq\/si-deri-te-leja-per-qarkullim-udhezime-per-pronaret-e-kafsheve-dhe-bleteve\/#breadcrumb"},"inLanguage":"sq-AL","potentialAction":[{"@type":"ReadAction","target":["https:\/\/kt.gov.rs\/sq\/si-deri-te-leja-per-qarkullim-udhezime-per-pronaret-e-kafsheve-dhe-bleteve\/"]}]},{"@type":"ImageObject","inLanguage":"sq-AL","@id":"https:\/\/kt.gov.rs\/sq\/si-deri-te-leja-per-qarkullim-udhezime-per-pronaret-e-kafsheve-dhe-bleteve\/#primaryimage","url":"https:\/\/kt.gov.rs\/wp-content\/uploads\/2024\/07\/1585059030_240320_6-5.jpg","contentUrl":"https:\/\/kt.gov.rs\/wp-content\/uploads\/2024\/07\/1585059030_240320_6-5.jpg","width":315,"height":230},{"@type":"BreadcrumbList","@id":"https:\/\/kt.gov.rs\/sq\/si-deri-te-leja-per-qarkullim-udhezime-per-pronaret-e-kafsheve-dhe-bleteve\/#breadcrumb","itemListElement":[{"@type":"ListItem","position":1,"name":"\u041f\u043e\u0447\u0435\u0442\u043d\u0430","item":"https:\/\/kt.gov.rs\/sq\/"},{"@type":"ListItem","position":2,"name":"SI DERI TE LEJA P\u00cbR QARKULLIM: UDH\u00cbZIME P\u00cbR PRONAR\u00cbT E KAFSH\u00cbVE DHE BLET\u00cbVE"}]},{"@type":"WebSite","@id":"https:\/\/kt.gov.rs\/#website","url":"https:\/\/kt.gov.rs\/","name":"\u041a\u043e\u043e\u0440\u0434\u0438\u043d\u0430\u0446\u0438\u043e\u043d\u043e \u0442\u0435\u043b\u043e \u0412\u043b\u0430\u0434\u0435 \u0420\u0435\u043f\u0443\u0431\u043b\u0438\u043a\u0435 \u0421\u0440\u0431\u0438\u0458\u0435 \u0437\u0430 \u043e\u043f\u0448\u0442\u0438\u043d\u0435 \u041f\u0440\u0435\u0448\u0435\u0432\u043e, \u0411\u0443\u0458\u0430\u043d\u043e\u0432\u0430\u0446 \u0438 \u041c\u0435\u0434\u0432\u0435\u0452a","description":"","publisher":{"@id":"https:\/\/kt.gov.rs\/#organization"},"alternateName":"\u041a\u043e\u043e\u0440\u0434\u0438\u043d\u0430\u0446\u0438\u043e\u043d\u043e \u0442\u0435\u043b\u043e","potentialAction":[{"@type":"SearchAction","target":{"@type":"EntryPoint","urlTemplate":"https:\/\/kt.gov.rs\/?s={search_term_string}"},"query-input":{"@type":"PropertyValueSpecification","valueRequired":true,"valueName":"search_term_string"}}],"inLanguage":"sq-AL"},{"@type":"Organization","@id":"https:\/\/kt.gov.rs\/#organization","name":"\u041a\u043e\u043e\u0440\u0434\u0438\u043d\u0430\u0446\u0438\u043e\u043d\u043e \u0442\u0435\u043b\u043e \u0412\u043b\u0430\u0434\u0435 \u0420\u0435\u043f\u0443\u0431\u043b\u0438\u043a\u0435 \u0421\u0440\u0431\u0438\u0458\u0435 \u0437\u0430 \u043e\u043f\u0448\u0442\u0438\u043d\u0435 \u041f\u0440\u0435\u0448\u0435\u0432\u043e, \u0411\u0443\u0458\u0430\u043d\u043e\u0432\u0430\u0446 \u0438 \u041c\u0435\u0434\u0432\u0435\u0452a","alternateName":"\u041a\u043e\u043e\u0440\u0434\u0438\u043d\u0430\u0446\u0438\u043e\u043d\u043e \u0442\u0435\u043b\u043e","url":"https:\/\/kt.gov.rs\/","logo":{"@type":"ImageObject","inLanguage":"sq-AL","@id":"https:\/\/kt.gov.rs\/#\/schema\/logo\/image\/","url":"https:\/\/kt.gov.rs\/wp-content\/uploads\/2024\/12\/koord2.jpg","contentUrl":"https:\/\/kt.gov.rs\/wp-content\/uploads\/2024\/12\/koord2.jpg","width":640,"height":480,"caption":"\u041a\u043e\u043e\u0440\u0434\u0438\u043d\u0430\u0446\u0438\u043e\u043d\u043e \u0442\u0435\u043b\u043e \u0412\u043b\u0430\u0434\u0435 \u0420\u0435\u043f\u0443\u0431\u043b\u0438\u043a\u0435 \u0421\u0440\u0431\u0438\u0458\u0435 \u0437\u0430 \u043e\u043f\u0448\u0442\u0438\u043d\u0435 \u041f\u0440\u0435\u0448\u0435\u0432\u043e, \u0411\u0443\u0458\u0430\u043d\u043e\u0432\u0430\u0446 \u0438 \u041c\u0435\u0434\u0432\u0435\u0452a"},"image":{"@id":"https:\/\/kt.gov.rs\/#\/schema\/logo\/image\/"},"sameAs":["https:\/\/www.facebook.com\/SluzbaKoordinacionogTelaVladeRepublikeSrbije","https:\/\/x.com\/kt_gov","https:\/\/www.youtube.com\/@koordinacionotelo"]},{"@type":"Person","@id":"https:\/\/kt.gov.rs\/#\/schema\/person\/e426459ddb4173309103390602694571","name":"ktmin","image":{"@type":"ImageObject","inLanguage":"sq-AL","@id":"https:\/\/secure.gravatar.com\/avatar\/3985c961109853010c3fbc7ba30365bfba5db3dd6c525831d9c595c7525a615a?s=96&d=mm&r=g","url":"https:\/\/secure.gravatar.com\/avatar\/3985c961109853010c3fbc7ba30365bfba5db3dd6c525831d9c595c7525a615a?s=96&d=mm&r=g","contentUrl":"https:\/\/secure.gravatar.com\/avatar\/3985c961109853010c3fbc7ba30365bfba5db3dd6c525831d9c595c7525a615a?s=96&d=mm&r=g","caption":"ktmin"},"sameAs":["https:\/\/kt.gov.rs"],"url":"https:\/\/kt.gov.rs\/sq\/author\/ktmin\/"}]}},"_links":{"self":[{"href":"https:\/\/kt.gov.rs\/sq\/wp-json\/wp\/v2\/posts\/113810","targetHints":{"allow":["GET"]}}],"collection":[{"href":"https:\/\/kt.gov.rs\/sq\/wp-json\/wp\/v2\/posts"}],"about":[{"href":"https:\/\/kt.gov.rs\/sq\/wp-json\/wp\/v2\/types\/post"}],"author":[{"embeddable":true,"href":"https:\/\/kt.gov.rs\/sq\/wp-json\/wp\/v2\/users\/1"}],"replies":[{"embeddable":true,"href":"https:\/\/kt.gov.rs\/sq\/wp-json\/wp\/v2\/comments?post=113810"}],"version-history":[{"count":1,"href":"https:\/\/kt.gov.rs\/sq\/wp-json\/wp\/v2\/posts\/113810\/revisions"}],"predecessor-version":[{"id":113814,"href":"https:\/\/kt.gov.rs\/sq\/wp-json\/wp\/v2\/posts\/113810\/revisions\/113814"}],"wp:featuredmedia":[{"embeddable":true,"href":"https:\/\/kt.gov.rs\/sq\/wp-json\/wp\/v2\/media\/113815"}],"wp:attachment":[{"href":"https:\/\/kt.gov.rs\/sq\/wp-json\/wp\/v2\/media?parent=113810"}],"wp:term":[{"taxonomy":"category","embeddable":true,"href":"https:\/\/kt.gov.rs\/sq\/wp-json\/wp\/v2\/categories?post=113810"},{"taxonomy":"post_tag","embeddable":true,"href":"https:\/\/kt.gov.rs\/sq\/wp-json\/wp\/v2\/tags?post=113810"}],"curies":[{"name":"wp","href":"https:\/\/api.w.org\/{rel}","templated":true}]}}