{"id":113458,"date":"2020-04-03T00:00:00","date_gmt":"2020-04-03T00:00:00","guid":{"rendered":"http:\/\/kt.printandscreen.rs\/spitali-specila-ne-banje-te-bujanocit-behet-karantine-per-te-kthyerit-nga-jashte-shtetit\/"},"modified":"2024-07-30T18:06:14","modified_gmt":"2024-07-30T18:06:14","slug":"spitali-specila-ne-banje-te-bujanocit-behet-karantine-per-te-kthyerit-nga-jashte-shtetit","status":"publish","type":"post","link":"https:\/\/kt.gov.rs\/sq\/spitali-specila-ne-banje-te-bujanocit-behet-karantine-per-te-kthyerit-nga-jashte-shtetit\/","title":{"rendered":"SPITALI SPECILA N\u00cb BANJ\u00cb T\u00cb BUJANOCIT B\u00cbHET KARANTIN\u00cb P\u00cbR T\u00cb KTHYERIT NGA JASHT\u00cb SHTETIT"},"content":{"rendered":"<p>\n\t<strong><img decoding=\"async\" alt=\"\" src=\"https:\/\/kt.gov.rs\/wp-content\/uploads\/2024\/07\/1585915137_030420_5-4.jpg\" style=\"width: 315px; height: 230px; float: left;\" \/><\/strong><strong>Preshev\u00eb, Bujanoc \u2013<\/strong> Spitali special n\u00eb Banj\u00eb t\u00eb Bujanocit \u00ebsht\u00eb \u00ebsht\u00eb sh\u00ebndrruar n\u00eb karantin\u00eb p\u00ebr ata q\u00eb vijn\u00eb n\u00eb Preshev\u00eb dhe Bujanoc nga jasht\u00eb dhe do t\u00eb vendosen atje derisa t\u00eb vijn\u00eb rezultatet e testeve p\u00ebr virusin korona. Aktualisht, nuk ka njer\u00ebz t\u00eb karantizuar sepse testet e t\u00eb gjith\u00eb personave q\u00eb ishin atje ishin negativ\u00eb, tha shefi teknik i Spitalit Special Marijan Tomiq.<\/p>\n<p>\n\tMe vendim t\u00eb Qeveris\u00eb s\u00eb Serbis\u00eb, spitali n\u00eb Banj\u00eb t\u00eb Bujanocit \u00ebsht\u00eb b\u00ebr\u00eb karanin\u00eb p\u00ebr t\u00eb gjith\u00eb qytetar\u00ebt e Serbis\u00eb q\u00eb hyjn\u00eb n\u00eb vend, zakonisht n\u00eb vendkalimin kufitar t\u00eb Preshev\u00ebs, por edhe n\u00eb vendkalimet e tjera.<\/p>\n<p>\n\t&quot;Ato do t\u00eb vendosen me udh\u00ebzim t\u00eb inspektorit kufitar sanitar. Mostrimi b\u00ebhet n\u00eb Spitalin Special, vijn\u00eb ekipe nga Instituti i Sh\u00ebndetit Publik n\u00eb Vraj\u00eb. T\u00eb gjith\u00eb ata q\u00eb jan\u00eb negativ\u00eb p\u00ebr n\u00eb virusin korona shkojn\u00eb n\u00eb izolim n\u00eb sht\u00ebpi p\u00ebr 28 dit\u00eb, nd\u00ebrsa ata q\u00eb dalin pozitiv udh\u00ebzohen n\u00eb institucioneve t\u00eb tjera t\u00eb kujdesit sh\u00ebndet\u00ebsor &quot;, tha Tomiq.<\/p>\n<p>\n\tSpitali Special ka 180 shtret\u00ebr dhe, sipas Tomiq, \u00ebsht\u00eb siguruar edhe mbik\u00ebqyrje e vazhdueshme mjek\u00ebsore, ushqim dhe siguri.<\/p>\n<p>\n\t<strong>Burimi: Juzhne Vesti dhe Trupi Koordinues <\/strong><\/p>\n<p>\n\t\u00a0<\/p>\n","protected":false},"excerpt":{"rendered":"<p>Preshev\u00eb, Bujanoc \u2013\u00a0Spitali special n\u00eb Banj\u00eb t\u00eb Bujanocit \u00ebsht\u00eb \u00ebsht\u00eb sh\u00ebndrruar n\u00eb karantin\u00eb p\u00ebr ata q\u00eb vijn\u00eb n\u00eb Preshev\u00eb dhe Bujanoc nga jasht\u00eb dhe do t\u00eb vendosen atje derisa t\u00eb vijn\u00eb rezultatet e testeve p\u00ebr virusin korona.<\/p>\n","protected":false},"author":1,"featured_media":113463,"comment_status":"closed","ping_status":"closed","sticky":false,"template":"","format":"standard","meta":{"footnotes":""},"categories":[55],"tags":[],"class_list":["post-113458","post","type-post","status-publish","format-standard","has-post-thumbnail","hentry","category-lajme"],"yoast_head":"<!-- This site is optimized with the Yoast SEO plugin v27.5 - https:\/\/yoast.com\/product\/yoast-seo-wordpress\/ -->\n<title>SPITALI SPECILA N\u00cb BANJ\u00cb T\u00cb BUJANOCIT B\u00cbHET KARANTIN\u00cb P\u00cbR T\u00cb KTHYERIT NGA JASHT\u00cb SHTETIT - Republika e S\u00ebrbis\u00eb Trupi Koordinues p\u00ebr komunat Bujanoc, Preshev\u00eb dhe Medvegj\u00eb<\/title>\n<meta name=\"robots\" content=\"index, follow, max-snippet:-1, max-image-preview:large, max-video-preview:-1\" \/>\n<link rel=\"canonical\" href=\"https:\/\/kt.gov.rs\/sq\/spitali-specila-ne-banje-te-bujanocit-behet-karantine-per-te-kthyerit-nga-jashte-shtetit\/\" \/>\n<meta property=\"og:locale\" content=\"sq_AL\" \/>\n<meta property=\"og:type\" content=\"article\" \/>\n<meta property=\"og:title\" content=\"SPITALI SPECILA N\u00cb BANJ\u00cb T\u00cb BUJANOCIT B\u00cbHET KARANTIN\u00cb P\u00cbR T\u00cb KTHYERIT NGA JASHT\u00cb SHTETIT - Republika e S\u00ebrbis\u00eb Trupi Koordinues p\u00ebr komunat Bujanoc, Preshev\u00eb dhe Medvegj\u00eb\" \/>\n<meta property=\"og:description\" content=\"Preshev\u00eb, Bujanoc -\u00a0Spitali special n\u00eb Banj\u00eb t\u00eb Bujanocit \u00ebsht\u00eb \u00ebsht\u00eb sh\u00ebndrruar n\u00eb karantin\u00eb p\u00ebr ata q\u00eb vijn\u00eb n\u00eb Preshev\u00eb dhe Bujanoc nga jasht\u00eb dhe do t\u00eb vendosen atje derisa t\u00eb vijn\u00eb rezultatet e testeve p\u00ebr virusin korona.\" \/>\n<meta property=\"og:url\" content=\"https:\/\/kt.gov.rs\/sq\/spitali-specila-ne-banje-te-bujanocit-behet-karantine-per-te-kthyerit-nga-jashte-shtetit\/\" \/>\n<meta property=\"og:site_name\" content=\"Republika e S\u00ebrbis\u00eb Trupi Koordinues p\u00ebr komunat Bujanoc, Preshev\u00eb dhe Medvegj\u00eb\" \/>\n<meta property=\"article:publisher\" content=\"https:\/\/www.facebook.com\/SluzbaKoordinacionogTelaVladeRepublikeSrbije\" \/>\n<meta property=\"article:published_time\" content=\"2020-04-03T00:00:00+00:00\" \/>\n<meta property=\"article:modified_time\" content=\"2024-07-30T18:06:14+00:00\" \/>\n<meta property=\"og:image\" content=\"https:\/\/kt.gov.rs\/wp-content\/uploads\/2024\/07\/1585915137_030420_5-5.jpg\" \/>\n\t<meta property=\"og:image:width\" content=\"315\" \/>\n\t<meta property=\"og:image:height\" content=\"230\" \/>\n\t<meta property=\"og:image:type\" content=\"image\/jpeg\" \/>\n<meta name=\"author\" content=\"ktmin\" \/>\n<meta name=\"twitter:card\" content=\"summary_large_image\" \/>\n<meta name=\"twitter:creator\" content=\"@kt_gov\" \/>\n<meta name=\"twitter:site\" content=\"@kt_gov\" \/>\n<meta name=\"twitter:label1\" content=\"Written by\" \/>\n\t<meta name=\"twitter:data1\" content=\"ktmin\" \/>\n\t<meta name=\"twitter:label2\" content=\"Est. reading time\" \/>\n\t<meta name=\"twitter:data2\" content=\"1 minute\" \/>\n<script type=\"application\/ld+json\" class=\"yoast-schema-graph\">{\"@context\":\"https:\\\/\\\/schema.org\",\"@graph\":[{\"@type\":\"Article\",\"@id\":\"https:\\\/\\\/kt.gov.rs\\\/sq\\\/spitali-specila-ne-banje-te-bujanocit-behet-karantine-per-te-kthyerit-nga-jashte-shtetit\\\/#article\",\"isPartOf\":{\"@id\":\"https:\\\/\\\/kt.gov.rs\\\/sq\\\/spitali-specila-ne-banje-te-bujanocit-behet-karantine-per-te-kthyerit-nga-jashte-shtetit\\\/\"},\"author\":{\"name\":\"ktmin\",\"@id\":\"https:\\\/\\\/kt.gov.rs\\\/#\\\/schema\\\/person\\\/e426459ddb4173309103390602694571\"},\"headline\":\"SPITALI SPECILA N\u00cb BANJ\u00cb T\u00cb BUJANOCIT B\u00cbHET KARANTIN\u00cb P\u00cbR T\u00cb KTHYERIT NGA JASHT\u00cb SHTETIT\",\"datePublished\":\"2020-04-03T00:00:00+00:00\",\"dateModified\":\"2024-07-30T18:06:14+00:00\",\"mainEntityOfPage\":{\"@id\":\"https:\\\/\\\/kt.gov.rs\\\/sq\\\/spitali-specila-ne-banje-te-bujanocit-behet-karantine-per-te-kthyerit-nga-jashte-shtetit\\\/\"},\"wordCount\":304,\"publisher\":{\"@id\":\"https:\\\/\\\/kt.gov.rs\\\/#organization\"},\"image\":{\"@id\":\"https:\\\/\\\/kt.gov.rs\\\/sq\\\/spitali-specila-ne-banje-te-bujanocit-behet-karantine-per-te-kthyerit-nga-jashte-shtetit\\\/#primaryimage\"},\"thumbnailUrl\":\"https:\\\/\\\/kt.gov.rs\\\/wp-content\\\/uploads\\\/2024\\\/07\\\/1585915137_030420_5-5.jpg\",\"articleSection\":[\"Lajme\"],\"inLanguage\":\"sq-AL\"},{\"@type\":\"WebPage\",\"@id\":\"https:\\\/\\\/kt.gov.rs\\\/sq\\\/spitali-specila-ne-banje-te-bujanocit-behet-karantine-per-te-kthyerit-nga-jashte-shtetit\\\/\",\"url\":\"https:\\\/\\\/kt.gov.rs\\\/sq\\\/spitali-specila-ne-banje-te-bujanocit-behet-karantine-per-te-kthyerit-nga-jashte-shtetit\\\/\",\"name\":\"SPITALI SPECILA N\u00cb BANJ\u00cb T\u00cb BUJANOCIT B\u00cbHET KARANTIN\u00cb P\u00cbR T\u00cb KTHYERIT NGA JASHT\u00cb SHTETIT - Republika e S\u00ebrbis\u00eb Trupi Koordinues p\u00ebr komunat Bujanoc, Preshev\u00eb dhe Medvegj\u00eb\",\"isPartOf\":{\"@id\":\"https:\\\/\\\/kt.gov.rs\\\/#website\"},\"primaryImageOfPage\":{\"@id\":\"https:\\\/\\\/kt.gov.rs\\\/sq\\\/spitali-specila-ne-banje-te-bujanocit-behet-karantine-per-te-kthyerit-nga-jashte-shtetit\\\/#primaryimage\"},\"image\":{\"@id\":\"https:\\\/\\\/kt.gov.rs\\\/sq\\\/spitali-specila-ne-banje-te-bujanocit-behet-karantine-per-te-kthyerit-nga-jashte-shtetit\\\/#primaryimage\"},\"thumbnailUrl\":\"https:\\\/\\\/kt.gov.rs\\\/wp-content\\\/uploads\\\/2024\\\/07\\\/1585915137_030420_5-5.jpg\",\"datePublished\":\"2020-04-03T00:00:00+00:00\",\"dateModified\":\"2024-07-30T18:06:14+00:00\",\"breadcrumb\":{\"@id\":\"https:\\\/\\\/kt.gov.rs\\\/sq\\\/spitali-specila-ne-banje-te-bujanocit-behet-karantine-per-te-kthyerit-nga-jashte-shtetit\\\/#breadcrumb\"},\"inLanguage\":\"sq-AL\",\"potentialAction\":[{\"@type\":\"ReadAction\",\"target\":[\"https:\\\/\\\/kt.gov.rs\\\/sq\\\/spitali-specila-ne-banje-te-bujanocit-behet-karantine-per-te-kthyerit-nga-jashte-shtetit\\\/\"]}]},{\"@type\":\"ImageObject\",\"inLanguage\":\"sq-AL\",\"@id\":\"https:\\\/\\\/kt.gov.rs\\\/sq\\\/spitali-specila-ne-banje-te-bujanocit-behet-karantine-per-te-kthyerit-nga-jashte-shtetit\\\/#primaryimage\",\"url\":\"https:\\\/\\\/kt.gov.rs\\\/wp-content\\\/uploads\\\/2024\\\/07\\\/1585915137_030420_5-5.jpg\",\"contentUrl\":\"https:\\\/\\\/kt.gov.rs\\\/wp-content\\\/uploads\\\/2024\\\/07\\\/1585915137_030420_5-5.jpg\",\"width\":315,\"height\":230},{\"@type\":\"BreadcrumbList\",\"@id\":\"https:\\\/\\\/kt.gov.rs\\\/sq\\\/spitali-specila-ne-banje-te-bujanocit-behet-karantine-per-te-kthyerit-nga-jashte-shtetit\\\/#breadcrumb\",\"itemListElement\":[{\"@type\":\"ListItem\",\"position\":1,\"name\":\"\u041f\u043e\u0447\u0435\u0442\u043d\u0430\",\"item\":\"https:\\\/\\\/kt.gov.rs\\\/sq\\\/\"},{\"@type\":\"ListItem\",\"position\":2,\"name\":\"SPITALI SPECILA N\u00cb BANJ\u00cb T\u00cb BUJANOCIT B\u00cbHET KARANTIN\u00cb P\u00cbR T\u00cb KTHYERIT NGA JASHT\u00cb SHTETIT\"}]},{\"@type\":\"WebSite\",\"@id\":\"https:\\\/\\\/kt.gov.rs\\\/#website\",\"url\":\"https:\\\/\\\/kt.gov.rs\\\/\",\"name\":\"\u041a\u043e\u043e\u0440\u0434\u0438\u043d\u0430\u0446\u0438\u043e\u043d\u043e \u0442\u0435\u043b\u043e \u0412\u043b\u0430\u0434\u0435 \u0420\u0435\u043f\u0443\u0431\u043b\u0438\u043a\u0435 \u0421\u0440\u0431\u0438\u0458\u0435 \u0437\u0430 \u043e\u043f\u0448\u0442\u0438\u043d\u0435 \u041f\u0440\u0435\u0448\u0435\u0432\u043e, \u0411\u0443\u0458\u0430\u043d\u043e\u0432\u0430\u0446 \u0438 \u041c\u0435\u0434\u0432\u0435\u0452a\",\"description\":\"\",\"publisher\":{\"@id\":\"https:\\\/\\\/kt.gov.rs\\\/#organization\"},\"alternateName\":\"\u041a\u043e\u043e\u0440\u0434\u0438\u043d\u0430\u0446\u0438\u043e\u043d\u043e \u0442\u0435\u043b\u043e\",\"potentialAction\":[{\"@type\":\"SearchAction\",\"target\":{\"@type\":\"EntryPoint\",\"urlTemplate\":\"https:\\\/\\\/kt.gov.rs\\\/?s={search_term_string}\"},\"query-input\":{\"@type\":\"PropertyValueSpecification\",\"valueRequired\":true,\"valueName\":\"search_term_string\"}}],\"inLanguage\":\"sq-AL\"},{\"@type\":\"Organization\",\"@id\":\"https:\\\/\\\/kt.gov.rs\\\/#organization\",\"name\":\"\u041a\u043e\u043e\u0440\u0434\u0438\u043d\u0430\u0446\u0438\u043e\u043d\u043e \u0442\u0435\u043b\u043e \u0412\u043b\u0430\u0434\u0435 \u0420\u0435\u043f\u0443\u0431\u043b\u0438\u043a\u0435 \u0421\u0440\u0431\u0438\u0458\u0435 \u0437\u0430 \u043e\u043f\u0448\u0442\u0438\u043d\u0435 \u041f\u0440\u0435\u0448\u0435\u0432\u043e, \u0411\u0443\u0458\u0430\u043d\u043e\u0432\u0430\u0446 \u0438 \u041c\u0435\u0434\u0432\u0435\u0452a\",\"alternateName\":\"\u041a\u043e\u043e\u0440\u0434\u0438\u043d\u0430\u0446\u0438\u043e\u043d\u043e \u0442\u0435\u043b\u043e\",\"url\":\"https:\\\/\\\/kt.gov.rs\\\/\",\"logo\":{\"@type\":\"ImageObject\",\"inLanguage\":\"sq-AL\",\"@id\":\"https:\\\/\\\/kt.gov.rs\\\/#\\\/schema\\\/logo\\\/image\\\/\",\"url\":\"https:\\\/\\\/kt.gov.rs\\\/wp-content\\\/uploads\\\/2024\\\/12\\\/koord2.jpg\",\"contentUrl\":\"https:\\\/\\\/kt.gov.rs\\\/wp-content\\\/uploads\\\/2024\\\/12\\\/koord2.jpg\",\"width\":640,\"height\":480,\"caption\":\"\u041a\u043e\u043e\u0440\u0434\u0438\u043d\u0430\u0446\u0438\u043e\u043d\u043e \u0442\u0435\u043b\u043e \u0412\u043b\u0430\u0434\u0435 \u0420\u0435\u043f\u0443\u0431\u043b\u0438\u043a\u0435 \u0421\u0440\u0431\u0438\u0458\u0435 \u0437\u0430 \u043e\u043f\u0448\u0442\u0438\u043d\u0435 \u041f\u0440\u0435\u0448\u0435\u0432\u043e, \u0411\u0443\u0458\u0430\u043d\u043e\u0432\u0430\u0446 \u0438 \u041c\u0435\u0434\u0432\u0435\u0452a\"},\"image\":{\"@id\":\"https:\\\/\\\/kt.gov.rs\\\/#\\\/schema\\\/logo\\\/image\\\/\"},\"sameAs\":[\"https:\\\/\\\/www.facebook.com\\\/SluzbaKoordinacionogTelaVladeRepublikeSrbije\",\"https:\\\/\\\/x.com\\\/kt_gov\",\"https:\\\/\\\/www.youtube.com\\\/@koordinacionotelo\"]},{\"@type\":\"Person\",\"@id\":\"https:\\\/\\\/kt.gov.rs\\\/#\\\/schema\\\/person\\\/e426459ddb4173309103390602694571\",\"name\":\"ktmin\",\"image\":{\"@type\":\"ImageObject\",\"inLanguage\":\"sq-AL\",\"@id\":\"https:\\\/\\\/secure.gravatar.com\\\/avatar\\\/3985c961109853010c3fbc7ba30365bfba5db3dd6c525831d9c595c7525a615a?s=96&d=mm&r=g\",\"url\":\"https:\\\/\\\/secure.gravatar.com\\\/avatar\\\/3985c961109853010c3fbc7ba30365bfba5db3dd6c525831d9c595c7525a615a?s=96&d=mm&r=g\",\"contentUrl\":\"https:\\\/\\\/secure.gravatar.com\\\/avatar\\\/3985c961109853010c3fbc7ba30365bfba5db3dd6c525831d9c595c7525a615a?s=96&d=mm&r=g\",\"caption\":\"ktmin\"},\"sameAs\":[\"https:\\\/\\\/kt.gov.rs\"],\"url\":\"https:\\\/\\\/kt.gov.rs\\\/sq\\\/author\\\/ktmin\\\/\"}]}<\/script>\n<!-- \/ Yoast SEO plugin. -->","yoast_head_json":{"title":"SPITALI SPECILA N\u00cb BANJ\u00cb T\u00cb BUJANOCIT B\u00cbHET KARANTIN\u00cb P\u00cbR T\u00cb KTHYERIT NGA JASHT\u00cb SHTETIT - Republika e S\u00ebrbis\u00eb Trupi Koordinues p\u00ebr komunat Bujanoc, Preshev\u00eb dhe Medvegj\u00eb","robots":{"index":"index","follow":"follow","max-snippet":"max-snippet:-1","max-image-preview":"max-image-preview:large","max-video-preview":"max-video-preview:-1"},"canonical":"https:\/\/kt.gov.rs\/sq\/spitali-specila-ne-banje-te-bujanocit-behet-karantine-per-te-kthyerit-nga-jashte-shtetit\/","og_locale":"sq_AL","og_type":"article","og_title":"SPITALI SPECILA N\u00cb BANJ\u00cb T\u00cb BUJANOCIT B\u00cbHET KARANTIN\u00cb P\u00cbR T\u00cb KTHYERIT NGA JASHT\u00cb SHTETIT - Republika e S\u00ebrbis\u00eb Trupi Koordinues p\u00ebr komunat Bujanoc, Preshev\u00eb dhe Medvegj\u00eb","og_description":"Preshev\u00eb, Bujanoc -\u00a0Spitali special n\u00eb Banj\u00eb t\u00eb Bujanocit \u00ebsht\u00eb \u00ebsht\u00eb sh\u00ebndrruar n\u00eb karantin\u00eb p\u00ebr ata q\u00eb vijn\u00eb n\u00eb Preshev\u00eb dhe Bujanoc nga jasht\u00eb dhe do t\u00eb vendosen atje derisa t\u00eb vijn\u00eb rezultatet e testeve p\u00ebr virusin korona.","og_url":"https:\/\/kt.gov.rs\/sq\/spitali-specila-ne-banje-te-bujanocit-behet-karantine-per-te-kthyerit-nga-jashte-shtetit\/","og_site_name":"Republika e S\u00ebrbis\u00eb Trupi Koordinues p\u00ebr komunat Bujanoc, Preshev\u00eb dhe Medvegj\u00eb","article_publisher":"https:\/\/www.facebook.com\/SluzbaKoordinacionogTelaVladeRepublikeSrbije","article_published_time":"2020-04-03T00:00:00+00:00","article_modified_time":"2024-07-30T18:06:14+00:00","og_image":[{"width":315,"height":230,"url":"https:\/\/kt.gov.rs\/wp-content\/uploads\/2024\/07\/1585915137_030420_5-5.jpg","type":"image\/jpeg"}],"author":"ktmin","twitter_card":"summary_large_image","twitter_creator":"@kt_gov","twitter_site":"@kt_gov","twitter_misc":{"Written by":"ktmin","Est. reading time":"1 minute"},"schema":{"@context":"https:\/\/schema.org","@graph":[{"@type":"Article","@id":"https:\/\/kt.gov.rs\/sq\/spitali-specila-ne-banje-te-bujanocit-behet-karantine-per-te-kthyerit-nga-jashte-shtetit\/#article","isPartOf":{"@id":"https:\/\/kt.gov.rs\/sq\/spitali-specila-ne-banje-te-bujanocit-behet-karantine-per-te-kthyerit-nga-jashte-shtetit\/"},"author":{"name":"ktmin","@id":"https:\/\/kt.gov.rs\/#\/schema\/person\/e426459ddb4173309103390602694571"},"headline":"SPITALI SPECILA N\u00cb BANJ\u00cb T\u00cb BUJANOCIT B\u00cbHET KARANTIN\u00cb P\u00cbR T\u00cb KTHYERIT NGA JASHT\u00cb SHTETIT","datePublished":"2020-04-03T00:00:00+00:00","dateModified":"2024-07-30T18:06:14+00:00","mainEntityOfPage":{"@id":"https:\/\/kt.gov.rs\/sq\/spitali-specila-ne-banje-te-bujanocit-behet-karantine-per-te-kthyerit-nga-jashte-shtetit\/"},"wordCount":304,"publisher":{"@id":"https:\/\/kt.gov.rs\/#organization"},"image":{"@id":"https:\/\/kt.gov.rs\/sq\/spitali-specila-ne-banje-te-bujanocit-behet-karantine-per-te-kthyerit-nga-jashte-shtetit\/#primaryimage"},"thumbnailUrl":"https:\/\/kt.gov.rs\/wp-content\/uploads\/2024\/07\/1585915137_030420_5-5.jpg","articleSection":["Lajme"],"inLanguage":"sq-AL"},{"@type":"WebPage","@id":"https:\/\/kt.gov.rs\/sq\/spitali-specila-ne-banje-te-bujanocit-behet-karantine-per-te-kthyerit-nga-jashte-shtetit\/","url":"https:\/\/kt.gov.rs\/sq\/spitali-specila-ne-banje-te-bujanocit-behet-karantine-per-te-kthyerit-nga-jashte-shtetit\/","name":"SPITALI SPECILA N\u00cb BANJ\u00cb T\u00cb BUJANOCIT B\u00cbHET KARANTIN\u00cb P\u00cbR T\u00cb KTHYERIT NGA JASHT\u00cb SHTETIT - Republika e S\u00ebrbis\u00eb Trupi Koordinues p\u00ebr komunat Bujanoc, Preshev\u00eb dhe Medvegj\u00eb","isPartOf":{"@id":"https:\/\/kt.gov.rs\/#website"},"primaryImageOfPage":{"@id":"https:\/\/kt.gov.rs\/sq\/spitali-specila-ne-banje-te-bujanocit-behet-karantine-per-te-kthyerit-nga-jashte-shtetit\/#primaryimage"},"image":{"@id":"https:\/\/kt.gov.rs\/sq\/spitali-specila-ne-banje-te-bujanocit-behet-karantine-per-te-kthyerit-nga-jashte-shtetit\/#primaryimage"},"thumbnailUrl":"https:\/\/kt.gov.rs\/wp-content\/uploads\/2024\/07\/1585915137_030420_5-5.jpg","datePublished":"2020-04-03T00:00:00+00:00","dateModified":"2024-07-30T18:06:14+00:00","breadcrumb":{"@id":"https:\/\/kt.gov.rs\/sq\/spitali-specila-ne-banje-te-bujanocit-behet-karantine-per-te-kthyerit-nga-jashte-shtetit\/#breadcrumb"},"inLanguage":"sq-AL","potentialAction":[{"@type":"ReadAction","target":["https:\/\/kt.gov.rs\/sq\/spitali-specila-ne-banje-te-bujanocit-behet-karantine-per-te-kthyerit-nga-jashte-shtetit\/"]}]},{"@type":"ImageObject","inLanguage":"sq-AL","@id":"https:\/\/kt.gov.rs\/sq\/spitali-specila-ne-banje-te-bujanocit-behet-karantine-per-te-kthyerit-nga-jashte-shtetit\/#primaryimage","url":"https:\/\/kt.gov.rs\/wp-content\/uploads\/2024\/07\/1585915137_030420_5-5.jpg","contentUrl":"https:\/\/kt.gov.rs\/wp-content\/uploads\/2024\/07\/1585915137_030420_5-5.jpg","width":315,"height":230},{"@type":"BreadcrumbList","@id":"https:\/\/kt.gov.rs\/sq\/spitali-specila-ne-banje-te-bujanocit-behet-karantine-per-te-kthyerit-nga-jashte-shtetit\/#breadcrumb","itemListElement":[{"@type":"ListItem","position":1,"name":"\u041f\u043e\u0447\u0435\u0442\u043d\u0430","item":"https:\/\/kt.gov.rs\/sq\/"},{"@type":"ListItem","position":2,"name":"SPITALI SPECILA N\u00cb BANJ\u00cb T\u00cb BUJANOCIT B\u00cbHET KARANTIN\u00cb P\u00cbR T\u00cb KTHYERIT NGA JASHT\u00cb SHTETIT"}]},{"@type":"WebSite","@id":"https:\/\/kt.gov.rs\/#website","url":"https:\/\/kt.gov.rs\/","name":"\u041a\u043e\u043e\u0440\u0434\u0438\u043d\u0430\u0446\u0438\u043e\u043d\u043e \u0442\u0435\u043b\u043e \u0412\u043b\u0430\u0434\u0435 \u0420\u0435\u043f\u0443\u0431\u043b\u0438\u043a\u0435 \u0421\u0440\u0431\u0438\u0458\u0435 \u0437\u0430 \u043e\u043f\u0448\u0442\u0438\u043d\u0435 \u041f\u0440\u0435\u0448\u0435\u0432\u043e, \u0411\u0443\u0458\u0430\u043d\u043e\u0432\u0430\u0446 \u0438 \u041c\u0435\u0434\u0432\u0435\u0452a","description":"","publisher":{"@id":"https:\/\/kt.gov.rs\/#organization"},"alternateName":"\u041a\u043e\u043e\u0440\u0434\u0438\u043d\u0430\u0446\u0438\u043e\u043d\u043e \u0442\u0435\u043b\u043e","potentialAction":[{"@type":"SearchAction","target":{"@type":"EntryPoint","urlTemplate":"https:\/\/kt.gov.rs\/?s={search_term_string}"},"query-input":{"@type":"PropertyValueSpecification","valueRequired":true,"valueName":"search_term_string"}}],"inLanguage":"sq-AL"},{"@type":"Organization","@id":"https:\/\/kt.gov.rs\/#organization","name":"\u041a\u043e\u043e\u0440\u0434\u0438\u043d\u0430\u0446\u0438\u043e\u043d\u043e \u0442\u0435\u043b\u043e \u0412\u043b\u0430\u0434\u0435 \u0420\u0435\u043f\u0443\u0431\u043b\u0438\u043a\u0435 \u0421\u0440\u0431\u0438\u0458\u0435 \u0437\u0430 \u043e\u043f\u0448\u0442\u0438\u043d\u0435 \u041f\u0440\u0435\u0448\u0435\u0432\u043e, \u0411\u0443\u0458\u0430\u043d\u043e\u0432\u0430\u0446 \u0438 \u041c\u0435\u0434\u0432\u0435\u0452a","alternateName":"\u041a\u043e\u043e\u0440\u0434\u0438\u043d\u0430\u0446\u0438\u043e\u043d\u043e \u0442\u0435\u043b\u043e","url":"https:\/\/kt.gov.rs\/","logo":{"@type":"ImageObject","inLanguage":"sq-AL","@id":"https:\/\/kt.gov.rs\/#\/schema\/logo\/image\/","url":"https:\/\/kt.gov.rs\/wp-content\/uploads\/2024\/12\/koord2.jpg","contentUrl":"https:\/\/kt.gov.rs\/wp-content\/uploads\/2024\/12\/koord2.jpg","width":640,"height":480,"caption":"\u041a\u043e\u043e\u0440\u0434\u0438\u043d\u0430\u0446\u0438\u043e\u043d\u043e \u0442\u0435\u043b\u043e \u0412\u043b\u0430\u0434\u0435 \u0420\u0435\u043f\u0443\u0431\u043b\u0438\u043a\u0435 \u0421\u0440\u0431\u0438\u0458\u0435 \u0437\u0430 \u043e\u043f\u0448\u0442\u0438\u043d\u0435 \u041f\u0440\u0435\u0448\u0435\u0432\u043e, \u0411\u0443\u0458\u0430\u043d\u043e\u0432\u0430\u0446 \u0438 \u041c\u0435\u0434\u0432\u0435\u0452a"},"image":{"@id":"https:\/\/kt.gov.rs\/#\/schema\/logo\/image\/"},"sameAs":["https:\/\/www.facebook.com\/SluzbaKoordinacionogTelaVladeRepublikeSrbije","https:\/\/x.com\/kt_gov","https:\/\/www.youtube.com\/@koordinacionotelo"]},{"@type":"Person","@id":"https:\/\/kt.gov.rs\/#\/schema\/person\/e426459ddb4173309103390602694571","name":"ktmin","image":{"@type":"ImageObject","inLanguage":"sq-AL","@id":"https:\/\/secure.gravatar.com\/avatar\/3985c961109853010c3fbc7ba30365bfba5db3dd6c525831d9c595c7525a615a?s=96&d=mm&r=g","url":"https:\/\/secure.gravatar.com\/avatar\/3985c961109853010c3fbc7ba30365bfba5db3dd6c525831d9c595c7525a615a?s=96&d=mm&r=g","contentUrl":"https:\/\/secure.gravatar.com\/avatar\/3985c961109853010c3fbc7ba30365bfba5db3dd6c525831d9c595c7525a615a?s=96&d=mm&r=g","caption":"ktmin"},"sameAs":["https:\/\/kt.gov.rs"],"url":"https:\/\/kt.gov.rs\/sq\/author\/ktmin\/"}]}},"_links":{"self":[{"href":"https:\/\/kt.gov.rs\/sq\/wp-json\/wp\/v2\/posts\/113458","targetHints":{"allow":["GET"]}}],"collection":[{"href":"https:\/\/kt.gov.rs\/sq\/wp-json\/wp\/v2\/posts"}],"about":[{"href":"https:\/\/kt.gov.rs\/sq\/wp-json\/wp\/v2\/types\/post"}],"author":[{"embeddable":true,"href":"https:\/\/kt.gov.rs\/sq\/wp-json\/wp\/v2\/users\/1"}],"replies":[{"embeddable":true,"href":"https:\/\/kt.gov.rs\/sq\/wp-json\/wp\/v2\/comments?post=113458"}],"version-history":[{"count":1,"href":"https:\/\/kt.gov.rs\/sq\/wp-json\/wp\/v2\/posts\/113458\/revisions"}],"predecessor-version":[{"id":113462,"href":"https:\/\/kt.gov.rs\/sq\/wp-json\/wp\/v2\/posts\/113458\/revisions\/113462"}],"wp:featuredmedia":[{"embeddable":true,"href":"https:\/\/kt.gov.rs\/sq\/wp-json\/wp\/v2\/media\/113463"}],"wp:attachment":[{"href":"https:\/\/kt.gov.rs\/sq\/wp-json\/wp\/v2\/media?parent=113458"}],"wp:term":[{"taxonomy":"category","embeddable":true,"href":"https:\/\/kt.gov.rs\/sq\/wp-json\/wp\/v2\/categories?post=113458"},{"taxonomy":"post_tag","embeddable":true,"href":"https:\/\/kt.gov.rs\/sq\/wp-json\/wp\/v2\/tags?post=113458"}],"curies":[{"name":"wp","href":"https:\/\/api.w.org\/{rel}","templated":true}]}}