{"id":113354,"date":"2020-04-06T00:00:00","date_gmt":"2020-04-06T00:00:00","guid":{"rendered":"http:\/\/kt.printandscreen.rs\/ndihme-personave-te-rrezikuar-sociale-dhe-punetoreve-shendetesore-permes-platformes-se-internetit\/"},"modified":"2024-07-30T18:06:04","modified_gmt":"2024-07-30T18:06:04","slug":"ndihme-personave-te-rrezikuar-sociale-dhe-punetoreve-shendetesore-permes-platformes-se-internetit","status":"publish","type":"post","link":"https:\/\/kt.gov.rs\/sq\/ndihme-personave-te-rrezikuar-sociale-dhe-punetoreve-shendetesore-permes-platformes-se-internetit\/","title":{"rendered":"NDIHM\u00cb PERSONAVE T\u00cb RREZIKUAR SOCIAL\u00cb DHE PUN\u00cbTOR\u00cbVE SH\u00cbNDET\u00cbSOR\u00cb P\u00cbRMES PLATFORM\u00cbS S\u00cb INTERNETIT"},"content":{"rendered":"<p>\n\t<strong><img decoding=\"async\" alt=\"\" src=\"https:\/\/kt.gov.rs\/wp-content\/uploads\/2024\/07\/1586174350_060420_4-4.jpg\" style=\"width: 315px; height: 230px; float: left;\" \/>Preshev\u00eb, Bujanoc<\/strong><strong>\u2013<\/strong>Nj\u00eb platform\u00eb unike ku donator\u00ebt mund t\u00eb shohin cilat jan\u00eb nevojat e banor\u00ebve t\u00eb komunave m\u00eb t\u00eb rrezikuara n\u00eb Serbi,\u00ebsht\u00eb n\u00eb dispozicion n\u00eb internet, dhe me k\u00ebrkim t\u00eb thjesht\u00eb, donator\u00ebt mund t\u00eb zgjedhin nj\u00eb vet\u00ebqeverisje lokale ose institucion q\u00eb ata duan t\u00eb ndihmojn\u00eb dhe komunikojn\u00eb me autoritetet.<\/p>\n<p>\n\tPlatforma u nis \u00a0nga Aleanca Komb\u00ebtare p\u00ebr Zhvillimin Ekonomik Lokal dhe nd\u00ebr komunat e para q\u00eb kontaktuan ishin ato t\u00eb pazhvilluara nga jugu i S\u00ebrbis-Bella Pallanka,Babushnica, Aleksinca, Dimitrovgradi,Lebani dhe Vllasotinca.<\/p>\n<p>\n\t&quot;Nevojat e para tashm\u00eb tejkalojn\u00eb 80 milion. K\u00ebto jan\u00eb komuna me nj\u00eb num\u00ebr t\u00eb madh t\u00eb familjeve t\u00eb moshuara dhe familjeve n\u00eb rrethana t\u00eb v\u00ebshtira financiare. Puna e vullnetar\u00ebve dhe e qendrave t\u00eb kontaktit nuk \u00ebsht\u00eb e mjaftueshme dhe fondet e donator\u00ebve do t\u00eb sigurojn\u00eb pako ushqimore dhe higjienike p\u00ebr familjet me t\u00eb ardhura n\u00ebn mesatare, &quot;tha NALED.<\/p>\n<p>\n\tSipas tyre, fokusi i platform\u00ebs \u00ebsht\u00eb pik\u00ebrisht te komunat e pazhvilluara pasi kjo ndihm\u00eb \u00ebsht\u00eb m\u00eb e nevojshme, nd\u00ebrsa Drejtoresha Ekzekutive e NALED Violleta Jovanoviq thot\u00eb se k\u00ebshtu lidhen vet\u00ebqeverisjet lokale, institucionet e kujdesit sh\u00ebndet\u00ebsor dhe kompanit\u00eb me p\u00ebrgjegj\u00ebsi shoq\u00ebrore dhe individ\u00ebt.<\/p>\n<p>\n\tT\u00eb gjith\u00eb personat juridik\u00eb dhe fizik\u00eb dhe organizatat nd\u00ebrkomb\u00ebtare mund t\u00eb b\u00ebjn\u00eb, p\u00ebrmes nj\u00eb k\u00ebrkimi t\u00eb thjesht\u00eb, t\u00eb shohin dhe p\u00ebrzgjedhin \u00a0vet\u00ebqeverisjen lokale ose institucionin q\u00eb d\u00ebshirojn\u00eb t\u00eb ndihmojn\u00eb, pas s\u00eb cil\u00ebs ata do t\u00eb ridrejtohen tek personat kontaktues dhe do t\u00eb njoftohen p\u00ebr hapat e m\u00ebtejsh\u00ebm. Thirrja u d\u00ebrgua gjithashtu njer\u00ebzve n\u00eb diaspor\u00eb q\u00eb jan\u00eb nga komunat e prekura.<\/p>\n<p>\n\tNALED u kontaktua edhe nga vet\u00ebqeverisjet lokale t\u00eb Pirotit,Vranj\u00ebs, Bujanocit dhe Preshev\u00ebs, t\u00eb cil\u00ebt k\u00ebrkuan ila\u00e7e dhe pajisje mjek\u00ebsore.<\/p>\n<p>\n\t\u201cNdihma \u00ebsht\u00eb e dedikuar p\u00ebr Sht\u00ebpia\u00a0e\u00a0sh\u00ebndetit dhe \u00a0\u00a0pun\u00ebtor\u00ebt sh\u00ebndet\u00ebsor\u00eb\u00a0 q\u00eb jan\u00eb n\u00eb vijat e para, si dhe p\u00ebr punonj\u00ebsit e nd\u00ebrmarrjeve publike q\u00eb duhet t\u00eb shkojn\u00eb p\u00ebr t\u00eb punuar gjat\u00eb gjendjes s\u00eb jasht\u00ebzakonshme&quot;, tha \u00a0Jovanoviq.<\/p>\n<p>\n\tKomunat e pazhvilluara gjithashtu kan\u00eb nevoj\u00eb p\u00ebr kompjuter\u00eb p\u00ebr t\u00eb mund\u00ebsuar punonj\u00ebsve t\u00eb administrat\u00ebs publike t\u00eb punojn\u00eb nga sht\u00ebpia dhe NALED i ka d\u00ebrguar Qeveris\u00eb s\u00eb Serbis\u00eb nj\u00eb iniciativ\u00eb p\u00ebr krijimin e nj\u00eb fondi p\u00ebr t\u00eb mb\u00ebshtetur komunat dhe qytetet n\u00eb nevoj\u00eb.<\/p>\n<p>\n\t<strong>Burimi: Juzne vesti dhe Trupi koordinues<\/strong><\/p>\n<p>\n\t\u00a0<\/p>\n","protected":false},"excerpt":{"rendered":"<p>Preshev\u00eb, Bujanoc-Nj\u00eb platform\u00eb unike ku donator\u00ebt mund t\u00eb shohin cilat jan\u00eb nevojat e banor\u00ebve t\u00eb komunave m\u00eb t\u00eb rrezikuara n\u00eb Serbi,\u00ebsht\u00eb n\u00eb dispozicion n\u00eb internet, dhe me k\u00ebrkim t\u00eb thjesht\u00eb, donator\u00ebt mund t\u00eb zgjedhin nj\u00eb vet\u00ebqeverisje lokale ose institucion q\u00eb ata duan t\u00eb ndihmojn\u00eb dhe komunikojn\u00eb me autoritetet.<\/p>\n","protected":false},"author":1,"featured_media":113359,"comment_status":"closed","ping_status":"closed","sticky":false,"template":"","format":"standard","meta":{"footnotes":""},"categories":[55],"tags":[],"class_list":["post-113354","post","type-post","status-publish","format-standard","has-post-thumbnail","hentry","category-lajme"],"yoast_head":"<!-- This site is optimized with the Yoast SEO plugin v27.5 - https:\/\/yoast.com\/product\/yoast-seo-wordpress\/ -->\n<title>NDIHM\u00cb PERSONAVE T\u00cb RREZIKUAR SOCIAL\u00cb DHE PUN\u00cbTOR\u00cbVE SH\u00cbNDET\u00cbSOR\u00cb P\u00cbRMES PLATFORM\u00cbS S\u00cb INTERNETIT - Republika e S\u00ebrbis\u00eb Trupi Koordinues p\u00ebr komunat Bujanoc, Preshev\u00eb dhe Medvegj\u00eb<\/title>\n<meta name=\"robots\" content=\"index, follow, max-snippet:-1, max-image-preview:large, max-video-preview:-1\" \/>\n<link rel=\"canonical\" href=\"https:\/\/kt.gov.rs\/sq\/ndihme-personave-te-rrezikuar-sociale-dhe-punetoreve-shendetesore-permes-platformes-se-internetit\/\" \/>\n<meta property=\"og:locale\" content=\"sq_AL\" \/>\n<meta property=\"og:type\" content=\"article\" \/>\n<meta property=\"og:title\" content=\"NDIHM\u00cb PERSONAVE T\u00cb RREZIKUAR SOCIAL\u00cb DHE PUN\u00cbTOR\u00cbVE SH\u00cbNDET\u00cbSOR\u00cb P\u00cbRMES PLATFORM\u00cbS S\u00cb INTERNETIT - Republika e S\u00ebrbis\u00eb Trupi Koordinues p\u00ebr komunat Bujanoc, Preshev\u00eb dhe Medvegj\u00eb\" \/>\n<meta property=\"og:description\" content=\"Preshev\u00eb, Bujanoc-Nj\u00eb platform\u00eb unike ku donator\u00ebt mund t\u00eb shohin cilat jan\u00eb nevojat e banor\u00ebve t\u00eb komunave m\u00eb t\u00eb rrezikuara n\u00eb Serbi,\u00ebsht\u00eb n\u00eb dispozicion n\u00eb internet, dhe me k\u00ebrkim t\u00eb thjesht\u00eb, donator\u00ebt mund t\u00eb zgjedhin nj\u00eb vet\u00ebqeverisje lokale ose institucion q\u00eb ata duan t\u00eb ndihmojn\u00eb dhe komunikojn\u00eb me autoritetet.\" \/>\n<meta property=\"og:url\" content=\"https:\/\/kt.gov.rs\/sq\/ndihme-personave-te-rrezikuar-sociale-dhe-punetoreve-shendetesore-permes-platformes-se-internetit\/\" \/>\n<meta property=\"og:site_name\" content=\"Republika e S\u00ebrbis\u00eb Trupi Koordinues p\u00ebr komunat Bujanoc, Preshev\u00eb dhe Medvegj\u00eb\" \/>\n<meta property=\"article:publisher\" content=\"https:\/\/www.facebook.com\/SluzbaKoordinacionogTelaVladeRepublikeSrbije\" \/>\n<meta property=\"article:published_time\" content=\"2020-04-06T00:00:00+00:00\" \/>\n<meta property=\"article:modified_time\" content=\"2024-07-30T18:06:04+00:00\" \/>\n<meta property=\"og:image\" content=\"https:\/\/kt.gov.rs\/wp-content\/uploads\/2024\/07\/1586174350_060420_4-5.jpg\" \/>\n\t<meta property=\"og:image:width\" content=\"315\" \/>\n\t<meta property=\"og:image:height\" content=\"230\" \/>\n\t<meta property=\"og:image:type\" content=\"image\/jpeg\" \/>\n<meta name=\"author\" content=\"ktmin\" \/>\n<meta name=\"twitter:card\" content=\"summary_large_image\" \/>\n<meta name=\"twitter:creator\" content=\"@kt_gov\" \/>\n<meta name=\"twitter:site\" content=\"@kt_gov\" \/>\n<meta name=\"twitter:label1\" content=\"Written by\" \/>\n\t<meta name=\"twitter:data1\" content=\"ktmin\" \/>\n\t<meta name=\"twitter:label2\" content=\"Est. reading time\" \/>\n\t<meta name=\"twitter:data2\" content=\"3 minutes\" \/>\n<script type=\"application\/ld+json\" class=\"yoast-schema-graph\">{\"@context\":\"https:\\\/\\\/schema.org\",\"@graph\":[{\"@type\":\"Article\",\"@id\":\"https:\\\/\\\/kt.gov.rs\\\/sq\\\/ndihme-personave-te-rrezikuar-sociale-dhe-punetoreve-shendetesore-permes-platformes-se-internetit\\\/#article\",\"isPartOf\":{\"@id\":\"https:\\\/\\\/kt.gov.rs\\\/sq\\\/ndihme-personave-te-rrezikuar-sociale-dhe-punetoreve-shendetesore-permes-platformes-se-internetit\\\/\"},\"author\":{\"name\":\"ktmin\",\"@id\":\"https:\\\/\\\/kt.gov.rs\\\/#\\\/schema\\\/person\\\/e426459ddb4173309103390602694571\"},\"headline\":\"NDIHM\u00cb PERSONAVE T\u00cb RREZIKUAR SOCIAL\u00cb DHE PUN\u00cbTOR\u00cbVE SH\u00cbNDET\u00cbSOR\u00cb P\u00cbRMES PLATFORM\u00cbS S\u00cb INTERNETIT\",\"datePublished\":\"2020-04-06T00:00:00+00:00\",\"dateModified\":\"2024-07-30T18:06:04+00:00\",\"mainEntityOfPage\":{\"@id\":\"https:\\\/\\\/kt.gov.rs\\\/sq\\\/ndihme-personave-te-rrezikuar-sociale-dhe-punetoreve-shendetesore-permes-platformes-se-internetit\\\/\"},\"wordCount\":614,\"publisher\":{\"@id\":\"https:\\\/\\\/kt.gov.rs\\\/#organization\"},\"image\":{\"@id\":\"https:\\\/\\\/kt.gov.rs\\\/sq\\\/ndihme-personave-te-rrezikuar-sociale-dhe-punetoreve-shendetesore-permes-platformes-se-internetit\\\/#primaryimage\"},\"thumbnailUrl\":\"https:\\\/\\\/kt.gov.rs\\\/wp-content\\\/uploads\\\/2024\\\/07\\\/1586174350_060420_4-5.jpg\",\"articleSection\":[\"Lajme\"],\"inLanguage\":\"sq-AL\"},{\"@type\":\"WebPage\",\"@id\":\"https:\\\/\\\/kt.gov.rs\\\/sq\\\/ndihme-personave-te-rrezikuar-sociale-dhe-punetoreve-shendetesore-permes-platformes-se-internetit\\\/\",\"url\":\"https:\\\/\\\/kt.gov.rs\\\/sq\\\/ndihme-personave-te-rrezikuar-sociale-dhe-punetoreve-shendetesore-permes-platformes-se-internetit\\\/\",\"name\":\"NDIHM\u00cb PERSONAVE T\u00cb RREZIKUAR SOCIAL\u00cb DHE PUN\u00cbTOR\u00cbVE SH\u00cbNDET\u00cbSOR\u00cb P\u00cbRMES PLATFORM\u00cbS S\u00cb INTERNETIT - Republika e S\u00ebrbis\u00eb Trupi Koordinues p\u00ebr komunat Bujanoc, Preshev\u00eb dhe Medvegj\u00eb\",\"isPartOf\":{\"@id\":\"https:\\\/\\\/kt.gov.rs\\\/#website\"},\"primaryImageOfPage\":{\"@id\":\"https:\\\/\\\/kt.gov.rs\\\/sq\\\/ndihme-personave-te-rrezikuar-sociale-dhe-punetoreve-shendetesore-permes-platformes-se-internetit\\\/#primaryimage\"},\"image\":{\"@id\":\"https:\\\/\\\/kt.gov.rs\\\/sq\\\/ndihme-personave-te-rrezikuar-sociale-dhe-punetoreve-shendetesore-permes-platformes-se-internetit\\\/#primaryimage\"},\"thumbnailUrl\":\"https:\\\/\\\/kt.gov.rs\\\/wp-content\\\/uploads\\\/2024\\\/07\\\/1586174350_060420_4-5.jpg\",\"datePublished\":\"2020-04-06T00:00:00+00:00\",\"dateModified\":\"2024-07-30T18:06:04+00:00\",\"breadcrumb\":{\"@id\":\"https:\\\/\\\/kt.gov.rs\\\/sq\\\/ndihme-personave-te-rrezikuar-sociale-dhe-punetoreve-shendetesore-permes-platformes-se-internetit\\\/#breadcrumb\"},\"inLanguage\":\"sq-AL\",\"potentialAction\":[{\"@type\":\"ReadAction\",\"target\":[\"https:\\\/\\\/kt.gov.rs\\\/sq\\\/ndihme-personave-te-rrezikuar-sociale-dhe-punetoreve-shendetesore-permes-platformes-se-internetit\\\/\"]}]},{\"@type\":\"ImageObject\",\"inLanguage\":\"sq-AL\",\"@id\":\"https:\\\/\\\/kt.gov.rs\\\/sq\\\/ndihme-personave-te-rrezikuar-sociale-dhe-punetoreve-shendetesore-permes-platformes-se-internetit\\\/#primaryimage\",\"url\":\"https:\\\/\\\/kt.gov.rs\\\/wp-content\\\/uploads\\\/2024\\\/07\\\/1586174350_060420_4-5.jpg\",\"contentUrl\":\"https:\\\/\\\/kt.gov.rs\\\/wp-content\\\/uploads\\\/2024\\\/07\\\/1586174350_060420_4-5.jpg\",\"width\":315,\"height\":230},{\"@type\":\"BreadcrumbList\",\"@id\":\"https:\\\/\\\/kt.gov.rs\\\/sq\\\/ndihme-personave-te-rrezikuar-sociale-dhe-punetoreve-shendetesore-permes-platformes-se-internetit\\\/#breadcrumb\",\"itemListElement\":[{\"@type\":\"ListItem\",\"position\":1,\"name\":\"\u041f\u043e\u0447\u0435\u0442\u043d\u0430\",\"item\":\"https:\\\/\\\/kt.gov.rs\\\/sq\\\/\"},{\"@type\":\"ListItem\",\"position\":2,\"name\":\"NDIHM\u00cb PERSONAVE T\u00cb RREZIKUAR SOCIAL\u00cb DHE PUN\u00cbTOR\u00cbVE SH\u00cbNDET\u00cbSOR\u00cb P\u00cbRMES PLATFORM\u00cbS S\u00cb INTERNETIT\"}]},{\"@type\":\"WebSite\",\"@id\":\"https:\\\/\\\/kt.gov.rs\\\/#website\",\"url\":\"https:\\\/\\\/kt.gov.rs\\\/\",\"name\":\"\u041a\u043e\u043e\u0440\u0434\u0438\u043d\u0430\u0446\u0438\u043e\u043d\u043e \u0442\u0435\u043b\u043e \u0412\u043b\u0430\u0434\u0435 \u0420\u0435\u043f\u0443\u0431\u043b\u0438\u043a\u0435 \u0421\u0440\u0431\u0438\u0458\u0435 \u0437\u0430 \u043e\u043f\u0448\u0442\u0438\u043d\u0435 \u041f\u0440\u0435\u0448\u0435\u0432\u043e, \u0411\u0443\u0458\u0430\u043d\u043e\u0432\u0430\u0446 \u0438 \u041c\u0435\u0434\u0432\u0435\u0452a\",\"description\":\"\",\"publisher\":{\"@id\":\"https:\\\/\\\/kt.gov.rs\\\/#organization\"},\"alternateName\":\"\u041a\u043e\u043e\u0440\u0434\u0438\u043d\u0430\u0446\u0438\u043e\u043d\u043e \u0442\u0435\u043b\u043e\",\"potentialAction\":[{\"@type\":\"SearchAction\",\"target\":{\"@type\":\"EntryPoint\",\"urlTemplate\":\"https:\\\/\\\/kt.gov.rs\\\/?s={search_term_string}\"},\"query-input\":{\"@type\":\"PropertyValueSpecification\",\"valueRequired\":true,\"valueName\":\"search_term_string\"}}],\"inLanguage\":\"sq-AL\"},{\"@type\":\"Organization\",\"@id\":\"https:\\\/\\\/kt.gov.rs\\\/#organization\",\"name\":\"\u041a\u043e\u043e\u0440\u0434\u0438\u043d\u0430\u0446\u0438\u043e\u043d\u043e \u0442\u0435\u043b\u043e \u0412\u043b\u0430\u0434\u0435 \u0420\u0435\u043f\u0443\u0431\u043b\u0438\u043a\u0435 \u0421\u0440\u0431\u0438\u0458\u0435 \u0437\u0430 \u043e\u043f\u0448\u0442\u0438\u043d\u0435 \u041f\u0440\u0435\u0448\u0435\u0432\u043e, \u0411\u0443\u0458\u0430\u043d\u043e\u0432\u0430\u0446 \u0438 \u041c\u0435\u0434\u0432\u0435\u0452a\",\"alternateName\":\"\u041a\u043e\u043e\u0440\u0434\u0438\u043d\u0430\u0446\u0438\u043e\u043d\u043e \u0442\u0435\u043b\u043e\",\"url\":\"https:\\\/\\\/kt.gov.rs\\\/\",\"logo\":{\"@type\":\"ImageObject\",\"inLanguage\":\"sq-AL\",\"@id\":\"https:\\\/\\\/kt.gov.rs\\\/#\\\/schema\\\/logo\\\/image\\\/\",\"url\":\"https:\\\/\\\/kt.gov.rs\\\/wp-content\\\/uploads\\\/2024\\\/12\\\/koord2.jpg\",\"contentUrl\":\"https:\\\/\\\/kt.gov.rs\\\/wp-content\\\/uploads\\\/2024\\\/12\\\/koord2.jpg\",\"width\":640,\"height\":480,\"caption\":\"\u041a\u043e\u043e\u0440\u0434\u0438\u043d\u0430\u0446\u0438\u043e\u043d\u043e \u0442\u0435\u043b\u043e \u0412\u043b\u0430\u0434\u0435 \u0420\u0435\u043f\u0443\u0431\u043b\u0438\u043a\u0435 \u0421\u0440\u0431\u0438\u0458\u0435 \u0437\u0430 \u043e\u043f\u0448\u0442\u0438\u043d\u0435 \u041f\u0440\u0435\u0448\u0435\u0432\u043e, \u0411\u0443\u0458\u0430\u043d\u043e\u0432\u0430\u0446 \u0438 \u041c\u0435\u0434\u0432\u0435\u0452a\"},\"image\":{\"@id\":\"https:\\\/\\\/kt.gov.rs\\\/#\\\/schema\\\/logo\\\/image\\\/\"},\"sameAs\":[\"https:\\\/\\\/www.facebook.com\\\/SluzbaKoordinacionogTelaVladeRepublikeSrbije\",\"https:\\\/\\\/x.com\\\/kt_gov\",\"https:\\\/\\\/www.youtube.com\\\/@koordinacionotelo\"]},{\"@type\":\"Person\",\"@id\":\"https:\\\/\\\/kt.gov.rs\\\/#\\\/schema\\\/person\\\/e426459ddb4173309103390602694571\",\"name\":\"ktmin\",\"image\":{\"@type\":\"ImageObject\",\"inLanguage\":\"sq-AL\",\"@id\":\"https:\\\/\\\/secure.gravatar.com\\\/avatar\\\/3985c961109853010c3fbc7ba30365bfba5db3dd6c525831d9c595c7525a615a?s=96&d=mm&r=g\",\"url\":\"https:\\\/\\\/secure.gravatar.com\\\/avatar\\\/3985c961109853010c3fbc7ba30365bfba5db3dd6c525831d9c595c7525a615a?s=96&d=mm&r=g\",\"contentUrl\":\"https:\\\/\\\/secure.gravatar.com\\\/avatar\\\/3985c961109853010c3fbc7ba30365bfba5db3dd6c525831d9c595c7525a615a?s=96&d=mm&r=g\",\"caption\":\"ktmin\"},\"sameAs\":[\"https:\\\/\\\/kt.gov.rs\"],\"url\":\"https:\\\/\\\/kt.gov.rs\\\/sq\\\/author\\\/ktmin\\\/\"}]}<\/script>\n<!-- \/ Yoast SEO plugin. -->","yoast_head_json":{"title":"NDIHM\u00cb PERSONAVE T\u00cb RREZIKUAR SOCIAL\u00cb DHE PUN\u00cbTOR\u00cbVE SH\u00cbNDET\u00cbSOR\u00cb P\u00cbRMES PLATFORM\u00cbS S\u00cb INTERNETIT - Republika e S\u00ebrbis\u00eb Trupi Koordinues p\u00ebr komunat Bujanoc, Preshev\u00eb dhe Medvegj\u00eb","robots":{"index":"index","follow":"follow","max-snippet":"max-snippet:-1","max-image-preview":"max-image-preview:large","max-video-preview":"max-video-preview:-1"},"canonical":"https:\/\/kt.gov.rs\/sq\/ndihme-personave-te-rrezikuar-sociale-dhe-punetoreve-shendetesore-permes-platformes-se-internetit\/","og_locale":"sq_AL","og_type":"article","og_title":"NDIHM\u00cb PERSONAVE T\u00cb RREZIKUAR SOCIAL\u00cb DHE PUN\u00cbTOR\u00cbVE SH\u00cbNDET\u00cbSOR\u00cb P\u00cbRMES PLATFORM\u00cbS S\u00cb INTERNETIT - Republika e S\u00ebrbis\u00eb Trupi Koordinues p\u00ebr komunat Bujanoc, Preshev\u00eb dhe Medvegj\u00eb","og_description":"Preshev\u00eb, Bujanoc-Nj\u00eb platform\u00eb unike ku donator\u00ebt mund t\u00eb shohin cilat jan\u00eb nevojat e banor\u00ebve t\u00eb komunave m\u00eb t\u00eb rrezikuara n\u00eb Serbi,\u00ebsht\u00eb n\u00eb dispozicion n\u00eb internet, dhe me k\u00ebrkim t\u00eb thjesht\u00eb, donator\u00ebt mund t\u00eb zgjedhin nj\u00eb vet\u00ebqeverisje lokale ose institucion q\u00eb ata duan t\u00eb ndihmojn\u00eb dhe komunikojn\u00eb me autoritetet.","og_url":"https:\/\/kt.gov.rs\/sq\/ndihme-personave-te-rrezikuar-sociale-dhe-punetoreve-shendetesore-permes-platformes-se-internetit\/","og_site_name":"Republika e S\u00ebrbis\u00eb Trupi Koordinues p\u00ebr komunat Bujanoc, Preshev\u00eb dhe Medvegj\u00eb","article_publisher":"https:\/\/www.facebook.com\/SluzbaKoordinacionogTelaVladeRepublikeSrbije","article_published_time":"2020-04-06T00:00:00+00:00","article_modified_time":"2024-07-30T18:06:04+00:00","og_image":[{"width":315,"height":230,"url":"https:\/\/kt.gov.rs\/wp-content\/uploads\/2024\/07\/1586174350_060420_4-5.jpg","type":"image\/jpeg"}],"author":"ktmin","twitter_card":"summary_large_image","twitter_creator":"@kt_gov","twitter_site":"@kt_gov","twitter_misc":{"Written by":"ktmin","Est. reading time":"3 minutes"},"schema":{"@context":"https:\/\/schema.org","@graph":[{"@type":"Article","@id":"https:\/\/kt.gov.rs\/sq\/ndihme-personave-te-rrezikuar-sociale-dhe-punetoreve-shendetesore-permes-platformes-se-internetit\/#article","isPartOf":{"@id":"https:\/\/kt.gov.rs\/sq\/ndihme-personave-te-rrezikuar-sociale-dhe-punetoreve-shendetesore-permes-platformes-se-internetit\/"},"author":{"name":"ktmin","@id":"https:\/\/kt.gov.rs\/#\/schema\/person\/e426459ddb4173309103390602694571"},"headline":"NDIHM\u00cb PERSONAVE T\u00cb RREZIKUAR SOCIAL\u00cb DHE PUN\u00cbTOR\u00cbVE SH\u00cbNDET\u00cbSOR\u00cb P\u00cbRMES PLATFORM\u00cbS S\u00cb INTERNETIT","datePublished":"2020-04-06T00:00:00+00:00","dateModified":"2024-07-30T18:06:04+00:00","mainEntityOfPage":{"@id":"https:\/\/kt.gov.rs\/sq\/ndihme-personave-te-rrezikuar-sociale-dhe-punetoreve-shendetesore-permes-platformes-se-internetit\/"},"wordCount":614,"publisher":{"@id":"https:\/\/kt.gov.rs\/#organization"},"image":{"@id":"https:\/\/kt.gov.rs\/sq\/ndihme-personave-te-rrezikuar-sociale-dhe-punetoreve-shendetesore-permes-platformes-se-internetit\/#primaryimage"},"thumbnailUrl":"https:\/\/kt.gov.rs\/wp-content\/uploads\/2024\/07\/1586174350_060420_4-5.jpg","articleSection":["Lajme"],"inLanguage":"sq-AL"},{"@type":"WebPage","@id":"https:\/\/kt.gov.rs\/sq\/ndihme-personave-te-rrezikuar-sociale-dhe-punetoreve-shendetesore-permes-platformes-se-internetit\/","url":"https:\/\/kt.gov.rs\/sq\/ndihme-personave-te-rrezikuar-sociale-dhe-punetoreve-shendetesore-permes-platformes-se-internetit\/","name":"NDIHM\u00cb PERSONAVE T\u00cb RREZIKUAR SOCIAL\u00cb DHE PUN\u00cbTOR\u00cbVE SH\u00cbNDET\u00cbSOR\u00cb P\u00cbRMES PLATFORM\u00cbS S\u00cb INTERNETIT - Republika e S\u00ebrbis\u00eb Trupi Koordinues p\u00ebr komunat Bujanoc, Preshev\u00eb dhe Medvegj\u00eb","isPartOf":{"@id":"https:\/\/kt.gov.rs\/#website"},"primaryImageOfPage":{"@id":"https:\/\/kt.gov.rs\/sq\/ndihme-personave-te-rrezikuar-sociale-dhe-punetoreve-shendetesore-permes-platformes-se-internetit\/#primaryimage"},"image":{"@id":"https:\/\/kt.gov.rs\/sq\/ndihme-personave-te-rrezikuar-sociale-dhe-punetoreve-shendetesore-permes-platformes-se-internetit\/#primaryimage"},"thumbnailUrl":"https:\/\/kt.gov.rs\/wp-content\/uploads\/2024\/07\/1586174350_060420_4-5.jpg","datePublished":"2020-04-06T00:00:00+00:00","dateModified":"2024-07-30T18:06:04+00:00","breadcrumb":{"@id":"https:\/\/kt.gov.rs\/sq\/ndihme-personave-te-rrezikuar-sociale-dhe-punetoreve-shendetesore-permes-platformes-se-internetit\/#breadcrumb"},"inLanguage":"sq-AL","potentialAction":[{"@type":"ReadAction","target":["https:\/\/kt.gov.rs\/sq\/ndihme-personave-te-rrezikuar-sociale-dhe-punetoreve-shendetesore-permes-platformes-se-internetit\/"]}]},{"@type":"ImageObject","inLanguage":"sq-AL","@id":"https:\/\/kt.gov.rs\/sq\/ndihme-personave-te-rrezikuar-sociale-dhe-punetoreve-shendetesore-permes-platformes-se-internetit\/#primaryimage","url":"https:\/\/kt.gov.rs\/wp-content\/uploads\/2024\/07\/1586174350_060420_4-5.jpg","contentUrl":"https:\/\/kt.gov.rs\/wp-content\/uploads\/2024\/07\/1586174350_060420_4-5.jpg","width":315,"height":230},{"@type":"BreadcrumbList","@id":"https:\/\/kt.gov.rs\/sq\/ndihme-personave-te-rrezikuar-sociale-dhe-punetoreve-shendetesore-permes-platformes-se-internetit\/#breadcrumb","itemListElement":[{"@type":"ListItem","position":1,"name":"\u041f\u043e\u0447\u0435\u0442\u043d\u0430","item":"https:\/\/kt.gov.rs\/sq\/"},{"@type":"ListItem","position":2,"name":"NDIHM\u00cb PERSONAVE T\u00cb RREZIKUAR SOCIAL\u00cb DHE PUN\u00cbTOR\u00cbVE SH\u00cbNDET\u00cbSOR\u00cb P\u00cbRMES PLATFORM\u00cbS S\u00cb INTERNETIT"}]},{"@type":"WebSite","@id":"https:\/\/kt.gov.rs\/#website","url":"https:\/\/kt.gov.rs\/","name":"\u041a\u043e\u043e\u0440\u0434\u0438\u043d\u0430\u0446\u0438\u043e\u043d\u043e \u0442\u0435\u043b\u043e \u0412\u043b\u0430\u0434\u0435 \u0420\u0435\u043f\u0443\u0431\u043b\u0438\u043a\u0435 \u0421\u0440\u0431\u0438\u0458\u0435 \u0437\u0430 \u043e\u043f\u0448\u0442\u0438\u043d\u0435 \u041f\u0440\u0435\u0448\u0435\u0432\u043e, \u0411\u0443\u0458\u0430\u043d\u043e\u0432\u0430\u0446 \u0438 \u041c\u0435\u0434\u0432\u0435\u0452a","description":"","publisher":{"@id":"https:\/\/kt.gov.rs\/#organization"},"alternateName":"\u041a\u043e\u043e\u0440\u0434\u0438\u043d\u0430\u0446\u0438\u043e\u043d\u043e \u0442\u0435\u043b\u043e","potentialAction":[{"@type":"SearchAction","target":{"@type":"EntryPoint","urlTemplate":"https:\/\/kt.gov.rs\/?s={search_term_string}"},"query-input":{"@type":"PropertyValueSpecification","valueRequired":true,"valueName":"search_term_string"}}],"inLanguage":"sq-AL"},{"@type":"Organization","@id":"https:\/\/kt.gov.rs\/#organization","name":"\u041a\u043e\u043e\u0440\u0434\u0438\u043d\u0430\u0446\u0438\u043e\u043d\u043e \u0442\u0435\u043b\u043e \u0412\u043b\u0430\u0434\u0435 \u0420\u0435\u043f\u0443\u0431\u043b\u0438\u043a\u0435 \u0421\u0440\u0431\u0438\u0458\u0435 \u0437\u0430 \u043e\u043f\u0448\u0442\u0438\u043d\u0435 \u041f\u0440\u0435\u0448\u0435\u0432\u043e, \u0411\u0443\u0458\u0430\u043d\u043e\u0432\u0430\u0446 \u0438 \u041c\u0435\u0434\u0432\u0435\u0452a","alternateName":"\u041a\u043e\u043e\u0440\u0434\u0438\u043d\u0430\u0446\u0438\u043e\u043d\u043e \u0442\u0435\u043b\u043e","url":"https:\/\/kt.gov.rs\/","logo":{"@type":"ImageObject","inLanguage":"sq-AL","@id":"https:\/\/kt.gov.rs\/#\/schema\/logo\/image\/","url":"https:\/\/kt.gov.rs\/wp-content\/uploads\/2024\/12\/koord2.jpg","contentUrl":"https:\/\/kt.gov.rs\/wp-content\/uploads\/2024\/12\/koord2.jpg","width":640,"height":480,"caption":"\u041a\u043e\u043e\u0440\u0434\u0438\u043d\u0430\u0446\u0438\u043e\u043d\u043e \u0442\u0435\u043b\u043e \u0412\u043b\u0430\u0434\u0435 \u0420\u0435\u043f\u0443\u0431\u043b\u0438\u043a\u0435 \u0421\u0440\u0431\u0438\u0458\u0435 \u0437\u0430 \u043e\u043f\u0448\u0442\u0438\u043d\u0435 \u041f\u0440\u0435\u0448\u0435\u0432\u043e, \u0411\u0443\u0458\u0430\u043d\u043e\u0432\u0430\u0446 \u0438 \u041c\u0435\u0434\u0432\u0435\u0452a"},"image":{"@id":"https:\/\/kt.gov.rs\/#\/schema\/logo\/image\/"},"sameAs":["https:\/\/www.facebook.com\/SluzbaKoordinacionogTelaVladeRepublikeSrbije","https:\/\/x.com\/kt_gov","https:\/\/www.youtube.com\/@koordinacionotelo"]},{"@type":"Person","@id":"https:\/\/kt.gov.rs\/#\/schema\/person\/e426459ddb4173309103390602694571","name":"ktmin","image":{"@type":"ImageObject","inLanguage":"sq-AL","@id":"https:\/\/secure.gravatar.com\/avatar\/3985c961109853010c3fbc7ba30365bfba5db3dd6c525831d9c595c7525a615a?s=96&d=mm&r=g","url":"https:\/\/secure.gravatar.com\/avatar\/3985c961109853010c3fbc7ba30365bfba5db3dd6c525831d9c595c7525a615a?s=96&d=mm&r=g","contentUrl":"https:\/\/secure.gravatar.com\/avatar\/3985c961109853010c3fbc7ba30365bfba5db3dd6c525831d9c595c7525a615a?s=96&d=mm&r=g","caption":"ktmin"},"sameAs":["https:\/\/kt.gov.rs"],"url":"https:\/\/kt.gov.rs\/sq\/author\/ktmin\/"}]}},"_links":{"self":[{"href":"https:\/\/kt.gov.rs\/sq\/wp-json\/wp\/v2\/posts\/113354","targetHints":{"allow":["GET"]}}],"collection":[{"href":"https:\/\/kt.gov.rs\/sq\/wp-json\/wp\/v2\/posts"}],"about":[{"href":"https:\/\/kt.gov.rs\/sq\/wp-json\/wp\/v2\/types\/post"}],"author":[{"embeddable":true,"href":"https:\/\/kt.gov.rs\/sq\/wp-json\/wp\/v2\/users\/1"}],"replies":[{"embeddable":true,"href":"https:\/\/kt.gov.rs\/sq\/wp-json\/wp\/v2\/comments?post=113354"}],"version-history":[{"count":1,"href":"https:\/\/kt.gov.rs\/sq\/wp-json\/wp\/v2\/posts\/113354\/revisions"}],"predecessor-version":[{"id":113358,"href":"https:\/\/kt.gov.rs\/sq\/wp-json\/wp\/v2\/posts\/113354\/revisions\/113358"}],"wp:featuredmedia":[{"embeddable":true,"href":"https:\/\/kt.gov.rs\/sq\/wp-json\/wp\/v2\/media\/113359"}],"wp:attachment":[{"href":"https:\/\/kt.gov.rs\/sq\/wp-json\/wp\/v2\/media?parent=113354"}],"wp:term":[{"taxonomy":"category","embeddable":true,"href":"https:\/\/kt.gov.rs\/sq\/wp-json\/wp\/v2\/categories?post=113354"},{"taxonomy":"post_tag","embeddable":true,"href":"https:\/\/kt.gov.rs\/sq\/wp-json\/wp\/v2\/tags?post=113354"}],"curies":[{"name":"wp","href":"https:\/\/api.w.org\/{rel}","templated":true}]}}