{"id":113338,"date":"2020-04-09T00:00:00","date_gmt":"2020-04-09T00:00:00","guid":{"rendered":"http:\/\/kt.printandscreen.rs\/masa-te-reja-te-qeverise-se-republikes-se-serbise-jane-vendosur-ne-kuader-te-gjendjes-se-jashtezakonshme\/"},"modified":"2024-07-30T18:06:00","modified_gmt":"2024-07-30T18:06:00","slug":"masa-te-reja-te-qeverise-se-republikes-se-serbise-jane-vendosur-ne-kuader-te-gjendjes-se-jashtezakonshme","status":"publish","type":"post","link":"https:\/\/kt.gov.rs\/sq\/masa-te-reja-te-qeverise-se-republikes-se-serbise-jane-vendosur-ne-kuader-te-gjendjes-se-jashtezakonshme\/","title":{"rendered":"MASA T\u00cb REJA T\u00cb QEVERIS\u00cb S\u00cb REPUBLIK\u00cbS S\u00cb SERBIS\u00cb JAN\u00cb VENDOSUR N\u00cb KUAD\u00cbR T\u00cb GJENDJES S\u00cb JASHT\u00cbZAKONSHME"},"content":{"rendered":"<p>\n\t<strong><img decoding=\"async\" alt=\"\" src=\"https:\/\/kt.gov.rs\/wp-content\/uploads\/2024\/07\/1586420518_090420_1-4.jpg\" style=\"width: 315px; height: 230px; float: left;\" \/><\/strong>Beograd \u2013 Qeveria e Republik\u00ebs s\u00eb Serbis\u00eb m\u00eb 8 prill 2020, miratoi masat m\u00eb t\u00eb fundit n\u00eb kuad\u00ebr t\u00eb gjendjes s\u00eb jasht\u00ebzakonshme n\u00eb lidhje me shtetin e ndalimit, p\u00ebrkat\u00ebsisht ndalimin e l\u00ebvizjes n\u00eb Republik\u00ebn e Serbis\u00eb:<\/p>\n<p>\n\t\u2013 Ndalimi i l\u00ebvizjes \u00ebsht\u00eb shtr\u00ebnguar. Do t\u00eb zgjas\u00eb nga dita e premte e 10 prillit n\u00eb ora 17, deri t\u00eb dit\u00ebn e hen\u00eb t\u00eb 13 prillit, n\u00eb ora 5.<\/p>\n<p>\n\t\u2013 Ndalimi nuk vlen p\u00ebr punonj\u00ebsit e bankave, pasi bankat do t\u00eb punojn\u00eb gjithashtu gjat\u00eb fundjavave, n\u00eb m\u00ebnyr\u00eb q\u00eb t\u00eb mos ket\u00eb vonesa n\u00eb pagimin e pensioneve.<\/p>\n<p>\n\t\u2013 P\u00ebrjashtim b\u00ebjn\u00eb fermer\u00ebt q\u00eb do t\u00eb jen\u00eb n\u00eb gjendje t\u00eb dalin dhe t\u00eb punojn\u00eb tok\u00ebn e tyre.<\/p>\n<p>\n\t\u2013 Ndalimi i l\u00ebvizjes nuk do t\u00eb vlej\u00eb p\u00ebr pensionist\u00ebt t\u00eb premten e 10 prillit nga ora 4 deri n\u00eb ora 8, kur ata do t\u00eb jen\u00eb n\u00eb gjendje t\u00eb dalin p\u00ebr blerje n\u00ebp\u00ebr shitore.<\/p>\n<p>\n\t\u2013 M\u00eb 10 prill fillon pagesa e t\u00eb dy pjes\u00ebve t\u00eb pensioneve, me nj\u00eb mb\u00ebshtetje financiare t\u00eb nj\u00ebhershme prej 4,000 dinar\u00ebsh.<\/p>\n<p>\n\t\u2013 Pronar\u00ebt e kafsh\u00ebve sht\u00ebpiake do t\u00eb jen\u00eb n\u00eb gjendje t\u00eb ecin me kafsh\u00ebt sht\u00ebpiake mbr\u00ebmjet e s\u00eb premtes, shtun\u00ebs dhe dieles nga 23 deri n\u00eb 01:00, por vet\u00ebm 20 minuta n\u00eb 200 metra larg vendbanimit t\u00eb tyre, duke iu n\u00ebnshtruar masave t\u00eb tjera t\u00eb grumbullimit. Ecja \u00ebsht\u00eb gjithashtu e mundur n\u00eb m\u00ebngjeset e t\u00eb shtun\u00ebs dhe dieles nga 8 ora \u00a0e m\u00ebngjesit deri n\u00eb ora 10 t\u00eb m\u00ebngjesit.<\/p>\n<p>\n\tKryeministrja e Republik\u00ebs s\u00eb Serbis\u00eb, Ana Brnabiq, tha se po shqyrtohet mbyllja e epiqendrave t\u00eb infektimit gjegj\u00ebsisht Beogradit, Nishit dhe Novi Pazarit, m\u00eb pas mbylljen e kompanive t\u00eb m\u00ebdha p\u00ebr shtat\u00eb ose 14 dit\u00eb, mir\u00ebpo \u201c\u00ebsht\u00eb e v\u00ebshtir\u00eb t\u00eb p\u00ebrmbahemi dhe kjo \u00ebsht\u00eb arsyeja pse ne nuk po marrim masa t\u00eb tilla&quot;, tha ajo.<\/p>\n<p>\n\t<strong>Burimi: <u>danubeogradu.rs<\/u> dhe Trupi Koordinues <\/strong><\/p>\n<p>\n\t\u00a0<\/p>\n","protected":false},"excerpt":{"rendered":"<p>Beograd \u2013 Qeveria e Republik\u00ebs s\u00eb Serbis\u00eb m\u00eb 8 prill 2020, miratoi masat m\u00eb t\u00eb fundit n\u00eb kuad\u00ebr t\u00eb gjendjes s\u00eb jasht\u00ebzakonshme n\u00eb lidhje me shtetin e ndalimit, p\u00ebrkat\u00ebsisht ndalimin e l\u00ebvizjes n\u00eb Republik\u00ebn e Serbis\u00eb:<\/p>\n","protected":false},"author":1,"featured_media":113343,"comment_status":"closed","ping_status":"closed","sticky":false,"template":"","format":"standard","meta":{"footnotes":""},"categories":[55],"tags":[],"class_list":["post-113338","post","type-post","status-publish","format-standard","has-post-thumbnail","hentry","category-lajme"],"yoast_head":"<!-- This site is optimized with the Yoast SEO plugin v27.5 - https:\/\/yoast.com\/product\/yoast-seo-wordpress\/ -->\n<title>MASA T\u00cb REJA T\u00cb QEVERIS\u00cb S\u00cb REPUBLIK\u00cbS S\u00cb SERBIS\u00cb JAN\u00cb VENDOSUR N\u00cb KUAD\u00cbR T\u00cb GJENDJES S\u00cb JASHT\u00cbZAKONSHME - Republika e S\u00ebrbis\u00eb Trupi Koordinues p\u00ebr komunat Bujanoc, Preshev\u00eb dhe Medvegj\u00eb<\/title>\n<meta name=\"robots\" content=\"index, follow, max-snippet:-1, max-image-preview:large, max-video-preview:-1\" \/>\n<link rel=\"canonical\" href=\"https:\/\/kt.gov.rs\/sq\/masa-te-reja-te-qeverise-se-republikes-se-serbise-jane-vendosur-ne-kuader-te-gjendjes-se-jashtezakonshme\/\" \/>\n<meta property=\"og:locale\" content=\"sq_AL\" \/>\n<meta property=\"og:type\" content=\"article\" \/>\n<meta property=\"og:title\" content=\"MASA T\u00cb REJA T\u00cb QEVERIS\u00cb S\u00cb REPUBLIK\u00cbS S\u00cb SERBIS\u00cb JAN\u00cb VENDOSUR N\u00cb KUAD\u00cbR T\u00cb GJENDJES S\u00cb JASHT\u00cbZAKONSHME - Republika e S\u00ebrbis\u00eb Trupi Koordinues p\u00ebr komunat Bujanoc, Preshev\u00eb dhe Medvegj\u00eb\" \/>\n<meta property=\"og:description\" content=\"Beograd - Qeveria e Republik\u00ebs s\u00eb Serbis\u00eb m\u00eb 8 prill 2020, miratoi masat m\u00eb t\u00eb fundit n\u00eb kuad\u00ebr t\u00eb gjendjes s\u00eb jasht\u00ebzakonshme n\u00eb lidhje me shtetin e ndalimit, p\u00ebrkat\u00ebsisht ndalimin e l\u00ebvizjes n\u00eb Republik\u00ebn e Serbis\u00eb:\" \/>\n<meta property=\"og:url\" content=\"https:\/\/kt.gov.rs\/sq\/masa-te-reja-te-qeverise-se-republikes-se-serbise-jane-vendosur-ne-kuader-te-gjendjes-se-jashtezakonshme\/\" \/>\n<meta property=\"og:site_name\" content=\"Republika e S\u00ebrbis\u00eb Trupi Koordinues p\u00ebr komunat Bujanoc, Preshev\u00eb dhe Medvegj\u00eb\" \/>\n<meta property=\"article:publisher\" content=\"https:\/\/www.facebook.com\/SluzbaKoordinacionogTelaVladeRepublikeSrbije\" \/>\n<meta property=\"article:published_time\" content=\"2020-04-09T00:00:00+00:00\" \/>\n<meta property=\"article:modified_time\" content=\"2024-07-30T18:06:00+00:00\" \/>\n<meta property=\"og:image\" content=\"https:\/\/kt.gov.rs\/wp-content\/uploads\/2024\/07\/1586420518_090420_1-5.jpg\" \/>\n\t<meta property=\"og:image:width\" content=\"315\" \/>\n\t<meta property=\"og:image:height\" content=\"230\" \/>\n\t<meta property=\"og:image:type\" content=\"image\/jpeg\" \/>\n<meta name=\"author\" content=\"ktmin\" \/>\n<meta name=\"twitter:card\" content=\"summary_large_image\" \/>\n<meta name=\"twitter:creator\" content=\"@kt_gov\" \/>\n<meta name=\"twitter:site\" content=\"@kt_gov\" \/>\n<meta name=\"twitter:label1\" content=\"Written by\" \/>\n\t<meta name=\"twitter:data1\" content=\"ktmin\" \/>\n\t<meta name=\"twitter:label2\" content=\"Est. reading time\" \/>\n\t<meta name=\"twitter:data2\" content=\"2 minutes\" \/>\n<script type=\"application\/ld+json\" class=\"yoast-schema-graph\">{\"@context\":\"https:\\\/\\\/schema.org\",\"@graph\":[{\"@type\":\"Article\",\"@id\":\"https:\\\/\\\/kt.gov.rs\\\/sq\\\/masa-te-reja-te-qeverise-se-republikes-se-serbise-jane-vendosur-ne-kuader-te-gjendjes-se-jashtezakonshme\\\/#article\",\"isPartOf\":{\"@id\":\"https:\\\/\\\/kt.gov.rs\\\/sq\\\/masa-te-reja-te-qeverise-se-republikes-se-serbise-jane-vendosur-ne-kuader-te-gjendjes-se-jashtezakonshme\\\/\"},\"author\":{\"name\":\"ktmin\",\"@id\":\"https:\\\/\\\/kt.gov.rs\\\/#\\\/schema\\\/person\\\/e426459ddb4173309103390602694571\"},\"headline\":\"MASA T\u00cb REJA T\u00cb QEVERIS\u00cb S\u00cb REPUBLIK\u00cbS S\u00cb SERBIS\u00cb JAN\u00cb VENDOSUR N\u00cb KUAD\u00cbR T\u00cb GJENDJES S\u00cb JASHT\u00cbZAKONSHME\",\"datePublished\":\"2020-04-09T00:00:00+00:00\",\"dateModified\":\"2024-07-30T18:06:00+00:00\",\"mainEntityOfPage\":{\"@id\":\"https:\\\/\\\/kt.gov.rs\\\/sq\\\/masa-te-reja-te-qeverise-se-republikes-se-serbise-jane-vendosur-ne-kuader-te-gjendjes-se-jashtezakonshme\\\/\"},\"wordCount\":476,\"publisher\":{\"@id\":\"https:\\\/\\\/kt.gov.rs\\\/#organization\"},\"image\":{\"@id\":\"https:\\\/\\\/kt.gov.rs\\\/sq\\\/masa-te-reja-te-qeverise-se-republikes-se-serbise-jane-vendosur-ne-kuader-te-gjendjes-se-jashtezakonshme\\\/#primaryimage\"},\"thumbnailUrl\":\"https:\\\/\\\/kt.gov.rs\\\/wp-content\\\/uploads\\\/2024\\\/07\\\/1586420518_090420_1-5.jpg\",\"articleSection\":[\"Lajme\"],\"inLanguage\":\"sq-AL\"},{\"@type\":\"WebPage\",\"@id\":\"https:\\\/\\\/kt.gov.rs\\\/sq\\\/masa-te-reja-te-qeverise-se-republikes-se-serbise-jane-vendosur-ne-kuader-te-gjendjes-se-jashtezakonshme\\\/\",\"url\":\"https:\\\/\\\/kt.gov.rs\\\/sq\\\/masa-te-reja-te-qeverise-se-republikes-se-serbise-jane-vendosur-ne-kuader-te-gjendjes-se-jashtezakonshme\\\/\",\"name\":\"MASA T\u00cb REJA T\u00cb QEVERIS\u00cb S\u00cb REPUBLIK\u00cbS S\u00cb SERBIS\u00cb JAN\u00cb VENDOSUR N\u00cb KUAD\u00cbR T\u00cb GJENDJES S\u00cb JASHT\u00cbZAKONSHME - Republika e S\u00ebrbis\u00eb Trupi Koordinues p\u00ebr komunat Bujanoc, Preshev\u00eb dhe Medvegj\u00eb\",\"isPartOf\":{\"@id\":\"https:\\\/\\\/kt.gov.rs\\\/#website\"},\"primaryImageOfPage\":{\"@id\":\"https:\\\/\\\/kt.gov.rs\\\/sq\\\/masa-te-reja-te-qeverise-se-republikes-se-serbise-jane-vendosur-ne-kuader-te-gjendjes-se-jashtezakonshme\\\/#primaryimage\"},\"image\":{\"@id\":\"https:\\\/\\\/kt.gov.rs\\\/sq\\\/masa-te-reja-te-qeverise-se-republikes-se-serbise-jane-vendosur-ne-kuader-te-gjendjes-se-jashtezakonshme\\\/#primaryimage\"},\"thumbnailUrl\":\"https:\\\/\\\/kt.gov.rs\\\/wp-content\\\/uploads\\\/2024\\\/07\\\/1586420518_090420_1-5.jpg\",\"datePublished\":\"2020-04-09T00:00:00+00:00\",\"dateModified\":\"2024-07-30T18:06:00+00:00\",\"breadcrumb\":{\"@id\":\"https:\\\/\\\/kt.gov.rs\\\/sq\\\/masa-te-reja-te-qeverise-se-republikes-se-serbise-jane-vendosur-ne-kuader-te-gjendjes-se-jashtezakonshme\\\/#breadcrumb\"},\"inLanguage\":\"sq-AL\",\"potentialAction\":[{\"@type\":\"ReadAction\",\"target\":[\"https:\\\/\\\/kt.gov.rs\\\/sq\\\/masa-te-reja-te-qeverise-se-republikes-se-serbise-jane-vendosur-ne-kuader-te-gjendjes-se-jashtezakonshme\\\/\"]}]},{\"@type\":\"ImageObject\",\"inLanguage\":\"sq-AL\",\"@id\":\"https:\\\/\\\/kt.gov.rs\\\/sq\\\/masa-te-reja-te-qeverise-se-republikes-se-serbise-jane-vendosur-ne-kuader-te-gjendjes-se-jashtezakonshme\\\/#primaryimage\",\"url\":\"https:\\\/\\\/kt.gov.rs\\\/wp-content\\\/uploads\\\/2024\\\/07\\\/1586420518_090420_1-5.jpg\",\"contentUrl\":\"https:\\\/\\\/kt.gov.rs\\\/wp-content\\\/uploads\\\/2024\\\/07\\\/1586420518_090420_1-5.jpg\",\"width\":315,\"height\":230},{\"@type\":\"BreadcrumbList\",\"@id\":\"https:\\\/\\\/kt.gov.rs\\\/sq\\\/masa-te-reja-te-qeverise-se-republikes-se-serbise-jane-vendosur-ne-kuader-te-gjendjes-se-jashtezakonshme\\\/#breadcrumb\",\"itemListElement\":[{\"@type\":\"ListItem\",\"position\":1,\"name\":\"\u041f\u043e\u0447\u0435\u0442\u043d\u0430\",\"item\":\"https:\\\/\\\/kt.gov.rs\\\/sq\\\/\"},{\"@type\":\"ListItem\",\"position\":2,\"name\":\"MASA T\u00cb REJA T\u00cb QEVERIS\u00cb S\u00cb REPUBLIK\u00cbS S\u00cb SERBIS\u00cb JAN\u00cb VENDOSUR N\u00cb KUAD\u00cbR T\u00cb GJENDJES S\u00cb JASHT\u00cbZAKONSHME\"}]},{\"@type\":\"WebSite\",\"@id\":\"https:\\\/\\\/kt.gov.rs\\\/#website\",\"url\":\"https:\\\/\\\/kt.gov.rs\\\/\",\"name\":\"\u041a\u043e\u043e\u0440\u0434\u0438\u043d\u0430\u0446\u0438\u043e\u043d\u043e \u0442\u0435\u043b\u043e \u0412\u043b\u0430\u0434\u0435 \u0420\u0435\u043f\u0443\u0431\u043b\u0438\u043a\u0435 \u0421\u0440\u0431\u0438\u0458\u0435 \u0437\u0430 \u043e\u043f\u0448\u0442\u0438\u043d\u0435 \u041f\u0440\u0435\u0448\u0435\u0432\u043e, \u0411\u0443\u0458\u0430\u043d\u043e\u0432\u0430\u0446 \u0438 \u041c\u0435\u0434\u0432\u0435\u0452a\",\"description\":\"\",\"publisher\":{\"@id\":\"https:\\\/\\\/kt.gov.rs\\\/#organization\"},\"alternateName\":\"\u041a\u043e\u043e\u0440\u0434\u0438\u043d\u0430\u0446\u0438\u043e\u043d\u043e \u0442\u0435\u043b\u043e\",\"potentialAction\":[{\"@type\":\"SearchAction\",\"target\":{\"@type\":\"EntryPoint\",\"urlTemplate\":\"https:\\\/\\\/kt.gov.rs\\\/?s={search_term_string}\"},\"query-input\":{\"@type\":\"PropertyValueSpecification\",\"valueRequired\":true,\"valueName\":\"search_term_string\"}}],\"inLanguage\":\"sq-AL\"},{\"@type\":\"Organization\",\"@id\":\"https:\\\/\\\/kt.gov.rs\\\/#organization\",\"name\":\"\u041a\u043e\u043e\u0440\u0434\u0438\u043d\u0430\u0446\u0438\u043e\u043d\u043e \u0442\u0435\u043b\u043e \u0412\u043b\u0430\u0434\u0435 \u0420\u0435\u043f\u0443\u0431\u043b\u0438\u043a\u0435 \u0421\u0440\u0431\u0438\u0458\u0435 \u0437\u0430 \u043e\u043f\u0448\u0442\u0438\u043d\u0435 \u041f\u0440\u0435\u0448\u0435\u0432\u043e, \u0411\u0443\u0458\u0430\u043d\u043e\u0432\u0430\u0446 \u0438 \u041c\u0435\u0434\u0432\u0435\u0452a\",\"alternateName\":\"\u041a\u043e\u043e\u0440\u0434\u0438\u043d\u0430\u0446\u0438\u043e\u043d\u043e \u0442\u0435\u043b\u043e\",\"url\":\"https:\\\/\\\/kt.gov.rs\\\/\",\"logo\":{\"@type\":\"ImageObject\",\"inLanguage\":\"sq-AL\",\"@id\":\"https:\\\/\\\/kt.gov.rs\\\/#\\\/schema\\\/logo\\\/image\\\/\",\"url\":\"https:\\\/\\\/kt.gov.rs\\\/wp-content\\\/uploads\\\/2024\\\/12\\\/koord2.jpg\",\"contentUrl\":\"https:\\\/\\\/kt.gov.rs\\\/wp-content\\\/uploads\\\/2024\\\/12\\\/koord2.jpg\",\"width\":640,\"height\":480,\"caption\":\"\u041a\u043e\u043e\u0440\u0434\u0438\u043d\u0430\u0446\u0438\u043e\u043d\u043e \u0442\u0435\u043b\u043e \u0412\u043b\u0430\u0434\u0435 \u0420\u0435\u043f\u0443\u0431\u043b\u0438\u043a\u0435 \u0421\u0440\u0431\u0438\u0458\u0435 \u0437\u0430 \u043e\u043f\u0448\u0442\u0438\u043d\u0435 \u041f\u0440\u0435\u0448\u0435\u0432\u043e, \u0411\u0443\u0458\u0430\u043d\u043e\u0432\u0430\u0446 \u0438 \u041c\u0435\u0434\u0432\u0435\u0452a\"},\"image\":{\"@id\":\"https:\\\/\\\/kt.gov.rs\\\/#\\\/schema\\\/logo\\\/image\\\/\"},\"sameAs\":[\"https:\\\/\\\/www.facebook.com\\\/SluzbaKoordinacionogTelaVladeRepublikeSrbije\",\"https:\\\/\\\/x.com\\\/kt_gov\",\"https:\\\/\\\/www.youtube.com\\\/@koordinacionotelo\"]},{\"@type\":\"Person\",\"@id\":\"https:\\\/\\\/kt.gov.rs\\\/#\\\/schema\\\/person\\\/e426459ddb4173309103390602694571\",\"name\":\"ktmin\",\"image\":{\"@type\":\"ImageObject\",\"inLanguage\":\"sq-AL\",\"@id\":\"https:\\\/\\\/secure.gravatar.com\\\/avatar\\\/3985c961109853010c3fbc7ba30365bfba5db3dd6c525831d9c595c7525a615a?s=96&d=mm&r=g\",\"url\":\"https:\\\/\\\/secure.gravatar.com\\\/avatar\\\/3985c961109853010c3fbc7ba30365bfba5db3dd6c525831d9c595c7525a615a?s=96&d=mm&r=g\",\"contentUrl\":\"https:\\\/\\\/secure.gravatar.com\\\/avatar\\\/3985c961109853010c3fbc7ba30365bfba5db3dd6c525831d9c595c7525a615a?s=96&d=mm&r=g\",\"caption\":\"ktmin\"},\"sameAs\":[\"https:\\\/\\\/kt.gov.rs\"],\"url\":\"https:\\\/\\\/kt.gov.rs\\\/sq\\\/author\\\/ktmin\\\/\"}]}<\/script>\n<!-- \/ Yoast SEO plugin. -->","yoast_head_json":{"title":"MASA T\u00cb REJA T\u00cb QEVERIS\u00cb S\u00cb REPUBLIK\u00cbS S\u00cb SERBIS\u00cb JAN\u00cb VENDOSUR N\u00cb KUAD\u00cbR T\u00cb GJENDJES S\u00cb JASHT\u00cbZAKONSHME - Republika e S\u00ebrbis\u00eb Trupi Koordinues p\u00ebr komunat Bujanoc, Preshev\u00eb dhe Medvegj\u00eb","robots":{"index":"index","follow":"follow","max-snippet":"max-snippet:-1","max-image-preview":"max-image-preview:large","max-video-preview":"max-video-preview:-1"},"canonical":"https:\/\/kt.gov.rs\/sq\/masa-te-reja-te-qeverise-se-republikes-se-serbise-jane-vendosur-ne-kuader-te-gjendjes-se-jashtezakonshme\/","og_locale":"sq_AL","og_type":"article","og_title":"MASA T\u00cb REJA T\u00cb QEVERIS\u00cb S\u00cb REPUBLIK\u00cbS S\u00cb SERBIS\u00cb JAN\u00cb VENDOSUR N\u00cb KUAD\u00cbR T\u00cb GJENDJES S\u00cb JASHT\u00cbZAKONSHME - Republika e S\u00ebrbis\u00eb Trupi Koordinues p\u00ebr komunat Bujanoc, Preshev\u00eb dhe Medvegj\u00eb","og_description":"Beograd - Qeveria e Republik\u00ebs s\u00eb Serbis\u00eb m\u00eb 8 prill 2020, miratoi masat m\u00eb t\u00eb fundit n\u00eb kuad\u00ebr t\u00eb gjendjes s\u00eb jasht\u00ebzakonshme n\u00eb lidhje me shtetin e ndalimit, p\u00ebrkat\u00ebsisht ndalimin e l\u00ebvizjes n\u00eb Republik\u00ebn e Serbis\u00eb:","og_url":"https:\/\/kt.gov.rs\/sq\/masa-te-reja-te-qeverise-se-republikes-se-serbise-jane-vendosur-ne-kuader-te-gjendjes-se-jashtezakonshme\/","og_site_name":"Republika e S\u00ebrbis\u00eb Trupi Koordinues p\u00ebr komunat Bujanoc, Preshev\u00eb dhe Medvegj\u00eb","article_publisher":"https:\/\/www.facebook.com\/SluzbaKoordinacionogTelaVladeRepublikeSrbije","article_published_time":"2020-04-09T00:00:00+00:00","article_modified_time":"2024-07-30T18:06:00+00:00","og_image":[{"width":315,"height":230,"url":"https:\/\/kt.gov.rs\/wp-content\/uploads\/2024\/07\/1586420518_090420_1-5.jpg","type":"image\/jpeg"}],"author":"ktmin","twitter_card":"summary_large_image","twitter_creator":"@kt_gov","twitter_site":"@kt_gov","twitter_misc":{"Written by":"ktmin","Est. reading time":"2 minutes"},"schema":{"@context":"https:\/\/schema.org","@graph":[{"@type":"Article","@id":"https:\/\/kt.gov.rs\/sq\/masa-te-reja-te-qeverise-se-republikes-se-serbise-jane-vendosur-ne-kuader-te-gjendjes-se-jashtezakonshme\/#article","isPartOf":{"@id":"https:\/\/kt.gov.rs\/sq\/masa-te-reja-te-qeverise-se-republikes-se-serbise-jane-vendosur-ne-kuader-te-gjendjes-se-jashtezakonshme\/"},"author":{"name":"ktmin","@id":"https:\/\/kt.gov.rs\/#\/schema\/person\/e426459ddb4173309103390602694571"},"headline":"MASA T\u00cb REJA T\u00cb QEVERIS\u00cb S\u00cb REPUBLIK\u00cbS S\u00cb SERBIS\u00cb JAN\u00cb VENDOSUR N\u00cb KUAD\u00cbR T\u00cb GJENDJES S\u00cb JASHT\u00cbZAKONSHME","datePublished":"2020-04-09T00:00:00+00:00","dateModified":"2024-07-30T18:06:00+00:00","mainEntityOfPage":{"@id":"https:\/\/kt.gov.rs\/sq\/masa-te-reja-te-qeverise-se-republikes-se-serbise-jane-vendosur-ne-kuader-te-gjendjes-se-jashtezakonshme\/"},"wordCount":476,"publisher":{"@id":"https:\/\/kt.gov.rs\/#organization"},"image":{"@id":"https:\/\/kt.gov.rs\/sq\/masa-te-reja-te-qeverise-se-republikes-se-serbise-jane-vendosur-ne-kuader-te-gjendjes-se-jashtezakonshme\/#primaryimage"},"thumbnailUrl":"https:\/\/kt.gov.rs\/wp-content\/uploads\/2024\/07\/1586420518_090420_1-5.jpg","articleSection":["Lajme"],"inLanguage":"sq-AL"},{"@type":"WebPage","@id":"https:\/\/kt.gov.rs\/sq\/masa-te-reja-te-qeverise-se-republikes-se-serbise-jane-vendosur-ne-kuader-te-gjendjes-se-jashtezakonshme\/","url":"https:\/\/kt.gov.rs\/sq\/masa-te-reja-te-qeverise-se-republikes-se-serbise-jane-vendosur-ne-kuader-te-gjendjes-se-jashtezakonshme\/","name":"MASA T\u00cb REJA T\u00cb QEVERIS\u00cb S\u00cb REPUBLIK\u00cbS S\u00cb SERBIS\u00cb JAN\u00cb VENDOSUR N\u00cb KUAD\u00cbR T\u00cb GJENDJES S\u00cb JASHT\u00cbZAKONSHME - Republika e S\u00ebrbis\u00eb Trupi Koordinues p\u00ebr komunat Bujanoc, Preshev\u00eb dhe Medvegj\u00eb","isPartOf":{"@id":"https:\/\/kt.gov.rs\/#website"},"primaryImageOfPage":{"@id":"https:\/\/kt.gov.rs\/sq\/masa-te-reja-te-qeverise-se-republikes-se-serbise-jane-vendosur-ne-kuader-te-gjendjes-se-jashtezakonshme\/#primaryimage"},"image":{"@id":"https:\/\/kt.gov.rs\/sq\/masa-te-reja-te-qeverise-se-republikes-se-serbise-jane-vendosur-ne-kuader-te-gjendjes-se-jashtezakonshme\/#primaryimage"},"thumbnailUrl":"https:\/\/kt.gov.rs\/wp-content\/uploads\/2024\/07\/1586420518_090420_1-5.jpg","datePublished":"2020-04-09T00:00:00+00:00","dateModified":"2024-07-30T18:06:00+00:00","breadcrumb":{"@id":"https:\/\/kt.gov.rs\/sq\/masa-te-reja-te-qeverise-se-republikes-se-serbise-jane-vendosur-ne-kuader-te-gjendjes-se-jashtezakonshme\/#breadcrumb"},"inLanguage":"sq-AL","potentialAction":[{"@type":"ReadAction","target":["https:\/\/kt.gov.rs\/sq\/masa-te-reja-te-qeverise-se-republikes-se-serbise-jane-vendosur-ne-kuader-te-gjendjes-se-jashtezakonshme\/"]}]},{"@type":"ImageObject","inLanguage":"sq-AL","@id":"https:\/\/kt.gov.rs\/sq\/masa-te-reja-te-qeverise-se-republikes-se-serbise-jane-vendosur-ne-kuader-te-gjendjes-se-jashtezakonshme\/#primaryimage","url":"https:\/\/kt.gov.rs\/wp-content\/uploads\/2024\/07\/1586420518_090420_1-5.jpg","contentUrl":"https:\/\/kt.gov.rs\/wp-content\/uploads\/2024\/07\/1586420518_090420_1-5.jpg","width":315,"height":230},{"@type":"BreadcrumbList","@id":"https:\/\/kt.gov.rs\/sq\/masa-te-reja-te-qeverise-se-republikes-se-serbise-jane-vendosur-ne-kuader-te-gjendjes-se-jashtezakonshme\/#breadcrumb","itemListElement":[{"@type":"ListItem","position":1,"name":"\u041f\u043e\u0447\u0435\u0442\u043d\u0430","item":"https:\/\/kt.gov.rs\/sq\/"},{"@type":"ListItem","position":2,"name":"MASA T\u00cb REJA T\u00cb QEVERIS\u00cb S\u00cb REPUBLIK\u00cbS S\u00cb SERBIS\u00cb JAN\u00cb VENDOSUR N\u00cb KUAD\u00cbR T\u00cb GJENDJES S\u00cb JASHT\u00cbZAKONSHME"}]},{"@type":"WebSite","@id":"https:\/\/kt.gov.rs\/#website","url":"https:\/\/kt.gov.rs\/","name":"\u041a\u043e\u043e\u0440\u0434\u0438\u043d\u0430\u0446\u0438\u043e\u043d\u043e \u0442\u0435\u043b\u043e \u0412\u043b\u0430\u0434\u0435 \u0420\u0435\u043f\u0443\u0431\u043b\u0438\u043a\u0435 \u0421\u0440\u0431\u0438\u0458\u0435 \u0437\u0430 \u043e\u043f\u0448\u0442\u0438\u043d\u0435 \u041f\u0440\u0435\u0448\u0435\u0432\u043e, \u0411\u0443\u0458\u0430\u043d\u043e\u0432\u0430\u0446 \u0438 \u041c\u0435\u0434\u0432\u0435\u0452a","description":"","publisher":{"@id":"https:\/\/kt.gov.rs\/#organization"},"alternateName":"\u041a\u043e\u043e\u0440\u0434\u0438\u043d\u0430\u0446\u0438\u043e\u043d\u043e \u0442\u0435\u043b\u043e","potentialAction":[{"@type":"SearchAction","target":{"@type":"EntryPoint","urlTemplate":"https:\/\/kt.gov.rs\/?s={search_term_string}"},"query-input":{"@type":"PropertyValueSpecification","valueRequired":true,"valueName":"search_term_string"}}],"inLanguage":"sq-AL"},{"@type":"Organization","@id":"https:\/\/kt.gov.rs\/#organization","name":"\u041a\u043e\u043e\u0440\u0434\u0438\u043d\u0430\u0446\u0438\u043e\u043d\u043e \u0442\u0435\u043b\u043e \u0412\u043b\u0430\u0434\u0435 \u0420\u0435\u043f\u0443\u0431\u043b\u0438\u043a\u0435 \u0421\u0440\u0431\u0438\u0458\u0435 \u0437\u0430 \u043e\u043f\u0448\u0442\u0438\u043d\u0435 \u041f\u0440\u0435\u0448\u0435\u0432\u043e, \u0411\u0443\u0458\u0430\u043d\u043e\u0432\u0430\u0446 \u0438 \u041c\u0435\u0434\u0432\u0435\u0452a","alternateName":"\u041a\u043e\u043e\u0440\u0434\u0438\u043d\u0430\u0446\u0438\u043e\u043d\u043e \u0442\u0435\u043b\u043e","url":"https:\/\/kt.gov.rs\/","logo":{"@type":"ImageObject","inLanguage":"sq-AL","@id":"https:\/\/kt.gov.rs\/#\/schema\/logo\/image\/","url":"https:\/\/kt.gov.rs\/wp-content\/uploads\/2024\/12\/koord2.jpg","contentUrl":"https:\/\/kt.gov.rs\/wp-content\/uploads\/2024\/12\/koord2.jpg","width":640,"height":480,"caption":"\u041a\u043e\u043e\u0440\u0434\u0438\u043d\u0430\u0446\u0438\u043e\u043d\u043e \u0442\u0435\u043b\u043e \u0412\u043b\u0430\u0434\u0435 \u0420\u0435\u043f\u0443\u0431\u043b\u0438\u043a\u0435 \u0421\u0440\u0431\u0438\u0458\u0435 \u0437\u0430 \u043e\u043f\u0448\u0442\u0438\u043d\u0435 \u041f\u0440\u0435\u0448\u0435\u0432\u043e, \u0411\u0443\u0458\u0430\u043d\u043e\u0432\u0430\u0446 \u0438 \u041c\u0435\u0434\u0432\u0435\u0452a"},"image":{"@id":"https:\/\/kt.gov.rs\/#\/schema\/logo\/image\/"},"sameAs":["https:\/\/www.facebook.com\/SluzbaKoordinacionogTelaVladeRepublikeSrbije","https:\/\/x.com\/kt_gov","https:\/\/www.youtube.com\/@koordinacionotelo"]},{"@type":"Person","@id":"https:\/\/kt.gov.rs\/#\/schema\/person\/e426459ddb4173309103390602694571","name":"ktmin","image":{"@type":"ImageObject","inLanguage":"sq-AL","@id":"https:\/\/secure.gravatar.com\/avatar\/3985c961109853010c3fbc7ba30365bfba5db3dd6c525831d9c595c7525a615a?s=96&d=mm&r=g","url":"https:\/\/secure.gravatar.com\/avatar\/3985c961109853010c3fbc7ba30365bfba5db3dd6c525831d9c595c7525a615a?s=96&d=mm&r=g","contentUrl":"https:\/\/secure.gravatar.com\/avatar\/3985c961109853010c3fbc7ba30365bfba5db3dd6c525831d9c595c7525a615a?s=96&d=mm&r=g","caption":"ktmin"},"sameAs":["https:\/\/kt.gov.rs"],"url":"https:\/\/kt.gov.rs\/sq\/author\/ktmin\/"}]}},"_links":{"self":[{"href":"https:\/\/kt.gov.rs\/sq\/wp-json\/wp\/v2\/posts\/113338","targetHints":{"allow":["GET"]}}],"collection":[{"href":"https:\/\/kt.gov.rs\/sq\/wp-json\/wp\/v2\/posts"}],"about":[{"href":"https:\/\/kt.gov.rs\/sq\/wp-json\/wp\/v2\/types\/post"}],"author":[{"embeddable":true,"href":"https:\/\/kt.gov.rs\/sq\/wp-json\/wp\/v2\/users\/1"}],"replies":[{"embeddable":true,"href":"https:\/\/kt.gov.rs\/sq\/wp-json\/wp\/v2\/comments?post=113338"}],"version-history":[{"count":1,"href":"https:\/\/kt.gov.rs\/sq\/wp-json\/wp\/v2\/posts\/113338\/revisions"}],"predecessor-version":[{"id":113342,"href":"https:\/\/kt.gov.rs\/sq\/wp-json\/wp\/v2\/posts\/113338\/revisions\/113342"}],"wp:featuredmedia":[{"embeddable":true,"href":"https:\/\/kt.gov.rs\/sq\/wp-json\/wp\/v2\/media\/113343"}],"wp:attachment":[{"href":"https:\/\/kt.gov.rs\/sq\/wp-json\/wp\/v2\/media?parent=113338"}],"wp:term":[{"taxonomy":"category","embeddable":true,"href":"https:\/\/kt.gov.rs\/sq\/wp-json\/wp\/v2\/categories?post=113338"},{"taxonomy":"post_tag","embeddable":true,"href":"https:\/\/kt.gov.rs\/sq\/wp-json\/wp\/v2\/tags?post=113338"}],"curies":[{"name":"wp","href":"https:\/\/api.w.org\/{rel}","templated":true}]}}