{"id":113322,"date":"2020-04-09T00:00:00","date_gmt":"2020-04-09T00:00:00","guid":{"rendered":"http:\/\/kt.printandscreen.rs\/eshte-publikuar-analiza-e-disponueshmeria-e-sherimve-dhe-masave-te-perkrahes-per-femijet-nga-nacionaliteti-rom-ne-nivelin-lokal\/"},"modified":"2024-07-30T18:05:58","modified_gmt":"2024-07-30T18:05:58","slug":"eshte-publikuar-analiza-e-disponueshmeria-e-sherimve-dhe-masave-te-perkrahes-per-femijet-nga-nacionaliteti-rom-ne-nivelin-lokal","status":"publish","type":"post","link":"https:\/\/kt.gov.rs\/sq\/eshte-publikuar-analiza-e-disponueshmeria-e-sherimve-dhe-masave-te-perkrahes-per-femijet-nga-nacionaliteti-rom-ne-nivelin-lokal\/","title":{"rendered":"\u00cbSHT\u00cb PUBLIKUAR ANALIZA E \u201cDISPONUESHM\u00cbRIA E SH\u00cbRIMVE DHE MASAVE T\u00cb P\u00cbRKRAHES P\u00cbR F\u00cbMIJ\u00cbT NGA NACIONALITETI ROM N\u00cb NIVELIN LOKAL\u201d"},"content":{"rendered":"<p>\n\t<img decoding=\"async\" alt=\"\" src=\"https:\/\/kt.gov.rs\/wp-content\/uploads\/2024\/07\/1586420605_090420_3-4.jpg\" style=\"width: 315px; height: 230px; float: left;\" \/>Ekipi i P\u00ebrfshirjes Sociale dhe Uljes s\u00eb Varf\u00ebris\u00eb s\u00eb Qeveris\u00eb s\u00eb Republik\u00ebs s\u00eb Serbis\u00eb ka publikuar analiz\u00ebn &quot;Disponueshm\u00ebria e sh\u00ebrbimeve dhe masat mb\u00ebshtet\u00ebse p\u00ebr f\u00ebmij\u00ebt rom\u00eb n\u00eb nivelin lokal&quot;. Analiza p\u00ebrfshin sh\u00ebrbime t\u00eb disponueshme p\u00ebr f\u00ebmij\u00ebt n\u00ebn 18 vje\u00e7 n\u00eb fush\u00ebn e kujdesit shoq\u00ebror, arsimor dhe sh\u00ebndet\u00ebsor, si dhe sh\u00ebrbime \/ masa q\u00eb parandalojn\u00eb diskriminimin ndaj f\u00ebmij\u00ebve rom\u00eb.<\/p>\n<p>\n\tSi nj\u00eb nga kontributet p\u00ebr monitorimin e zbatimit t\u00eb Strategjis\u00eb p\u00ebr P\u00ebrfshirjen Sociale t\u00eb Rom\u00ebve n\u00eb Republik\u00ebn e Serbis\u00eb p\u00ebr periudh\u00ebn 2016-2025, Ekipi i P\u00ebrfshirjes Sociale dhe Ulja e Varf\u00ebris\u00eb, n\u00eb bashk\u00ebpunim me K\u00ebshillin p\u00ebr t\u00eb Drejtat e F\u00ebmij\u00ebve t\u00eb Qeveris\u00eb s\u00eb Republik\u00ebs s\u00eb Serbis\u00eb, filluan p\u00ebrgatitjen e k\u00ebsaj analize, me q\u00ebllim t\u00eb p\u00ebrgjigjjes s\u00eb \u00e7\u00ebshtjeve kryesore t\u00eb m\u00ebposhtme:<\/p>\n<p>\n\t\u2022 A ofron kuadri strategjik dhe ligjor n\u00eb Republik\u00ebn e Serbis\u00eb nj\u00eb baz\u00eb p\u00ebr p\u00ebrmir\u00ebsimin e pozit\u00ebs s\u00eb f\u00ebmij\u00ebve rom\u00eb?<\/p>\n<p>\n\t\u2022 Cilat jan\u00eb parakushtet p\u00ebr p\u00ebrmbushjen e p\u00ebrpar\u00ebsive strategjike dhe ligjore n\u00eb nivelin lokal p\u00ebr p\u00ebrmir\u00ebsimin e statusit t\u00eb f\u00ebmij\u00ebve rom\u00eb?<\/p>\n<p>\n\t\u2022 Cilat jan\u00eb sfidat dhe kapacitetet kryesore p\u00ebr zhvillimin, zbatimin dhe monitorimin e sh\u00ebrbimeve dhe masave p\u00ebr f\u00ebmij\u00ebt rom\u00eb n\u00eb nivelin lokal?<\/p>\n<p>\n\tBazuar n\u00eb nj\u00eb analiz\u00eb t\u00eb p\u00ebrmbajtjes s\u00eb dokumenteve p\u00ebrkat\u00ebse n\u00eb nivel komb\u00ebtar dhe lokal, dhe bazuar n\u00eb hulumtime me p\u00ebrfaq\u00ebsuesit e organizatave t\u00eb shoq\u00ebris\u00eb civile, jan\u00eb dh\u00ebn\u00eb rekomandime p\u00ebr t\u00eb p\u00ebrmir\u00ebsuar disponueshm\u00ebrin\u00eb e masave mb\u00ebshtet\u00ebse p\u00ebr f\u00ebmij\u00ebt rom\u00eb n\u00eb nivelin lokal, p\u00ebr t\u00eb siguruar nj\u00eb zbatim m\u00eb efektiv t\u00eb orientimeve strategjike komb\u00ebtare dhe p\u00ebr t\u00eb p\u00ebrmir\u00ebsuar pozicionin e f\u00ebmij\u00ebve nga nacionaliteti rom n\u00eb Republik\u00ebn e Serbis\u00eb.<\/p>\n<p>\n\tKjo analiz\u00eb p\u00ebrshkruan aspektet kryesore q\u00eb ndikojn\u00eb n\u00eb disponueshm\u00ebrin\u00eb e sh\u00ebrbimeve dhe monitorimin e efekteve t\u00eb zbatimit t\u00eb masave mb\u00ebshtet\u00ebse, kryesisht n\u00eb nivelin lokal.<\/p>\n<p>\n\tNj\u00eb analiz\u00eb e &quot;Disponueshm\u00ebris\u00eb s\u00eb sh\u00ebrbimeve dhe masave mb\u00ebshtet\u00ebse p\u00ebr f\u00ebmij\u00ebt rom\u00eb n\u00eb nivelin lokal&quot; \u00ebsht\u00eb n\u00eb dispozicion n\u00eb <a href=\"http:\/\/socijalnoukljucivanje.gov.rs\/%C3%ABp-content\/uploads\/2020\/04\/Dostupnost_usluga_i_mera_podske_za_decu_romske_nacionalnosti_na_lokalnom_nivou.pdf\">http:\/\/socijalnoukljucivanje.gov.rs\/wp-content\/uploads\/2020\/04\/Dostupnost_usluga_i_mera_podske_za_decu_romske_nacionalnosti_na_lokalnom_nivou.pdf<\/a><\/p>\n<p>\n\t<strong>Burimi: Ekipi i P\u00ebrfshirjes Sociale dhe Uljen e Varf\u00ebris\u00eb i Qeveria e Republik\u00ebs s\u00eb Serbis\u00eb dhe Trupi Koordinues<\/strong><\/p>\n<p>\n\t\u00a0<\/p>\n","protected":false},"excerpt":{"rendered":"<p>Ekipi i P\u00ebrfshirjes Sociale dhe Uljes s\u00eb Varf\u00ebris\u00eb s\u00eb Qeveris\u00eb s\u00eb Republik\u00ebs s\u00eb Serbis\u00eb ka publikuar analiz\u00ebn &quot;Disponueshm\u00ebria e sh\u00ebrbimeve dhe masat mb\u00ebshtet\u00ebse p\u00ebr f\u00ebmij\u00ebt rom\u00eb n\u00eb nivelin lokal&quot;.<\/p>\n","protected":false},"author":1,"featured_media":113327,"comment_status":"closed","ping_status":"closed","sticky":false,"template":"","format":"standard","meta":{"footnotes":""},"categories":[55],"tags":[],"class_list":["post-113322","post","type-post","status-publish","format-standard","has-post-thumbnail","hentry","category-lajme"],"yoast_head":"<!-- This site is optimized with the Yoast SEO plugin v27.5 - https:\/\/yoast.com\/product\/yoast-seo-wordpress\/ -->\n<title>\u00cbSHT\u00cb PUBLIKUAR ANALIZA E \u201cDISPONUESHM\u00cbRIA E SH\u00cbRIMVE DHE MASAVE T\u00cb P\u00cbRKRAHES P\u00cbR F\u00cbMIJ\u00cbT NGA NACIONALITETI ROM N\u00cb NIVELIN LOKAL\u201d - Republika e S\u00ebrbis\u00eb Trupi Koordinues p\u00ebr komunat Bujanoc, Preshev\u00eb dhe Medvegj\u00eb<\/title>\n<meta name=\"robots\" content=\"index, follow, max-snippet:-1, max-image-preview:large, max-video-preview:-1\" \/>\n<link rel=\"canonical\" href=\"https:\/\/kt.gov.rs\/sq\/eshte-publikuar-analiza-e-disponueshmeria-e-sherimve-dhe-masave-te-perkrahes-per-femijet-nga-nacionaliteti-rom-ne-nivelin-lokal\/\" \/>\n<meta property=\"og:locale\" content=\"sq_AL\" \/>\n<meta property=\"og:type\" content=\"article\" \/>\n<meta property=\"og:title\" content=\"\u00cbSHT\u00cb PUBLIKUAR ANALIZA E \u201cDISPONUESHM\u00cbRIA E SH\u00cbRIMVE DHE MASAVE T\u00cb P\u00cbRKRAHES P\u00cbR F\u00cbMIJ\u00cbT NGA NACIONALITETI ROM N\u00cb NIVELIN LOKAL\u201d - Republika e S\u00ebrbis\u00eb Trupi Koordinues p\u00ebr komunat Bujanoc, Preshev\u00eb dhe Medvegj\u00eb\" \/>\n<meta property=\"og:description\" content=\"Ekipi i P\u00ebrfshirjes Sociale dhe Uljes s\u00eb Varf\u00ebris\u00eb s\u00eb Qeveris\u00eb s\u00eb Republik\u00ebs s\u00eb Serbis\u00eb ka publikuar analiz\u00ebn &quot;Disponueshm\u00ebria e sh\u00ebrbimeve dhe masat mb\u00ebshtet\u00ebse p\u00ebr f\u00ebmij\u00ebt rom\u00eb n\u00eb nivelin lokal&quot;.\" \/>\n<meta property=\"og:url\" content=\"https:\/\/kt.gov.rs\/sq\/eshte-publikuar-analiza-e-disponueshmeria-e-sherimve-dhe-masave-te-perkrahes-per-femijet-nga-nacionaliteti-rom-ne-nivelin-lokal\/\" \/>\n<meta property=\"og:site_name\" content=\"Republika e S\u00ebrbis\u00eb Trupi Koordinues p\u00ebr komunat Bujanoc, Preshev\u00eb dhe Medvegj\u00eb\" \/>\n<meta property=\"article:publisher\" content=\"https:\/\/www.facebook.com\/SluzbaKoordinacionogTelaVladeRepublikeSrbije\" \/>\n<meta property=\"article:published_time\" content=\"2020-04-09T00:00:00+00:00\" \/>\n<meta property=\"article:modified_time\" content=\"2024-07-30T18:05:58+00:00\" \/>\n<meta property=\"og:image\" content=\"https:\/\/kt.gov.rs\/wp-content\/uploads\/2024\/07\/1586420605_090420_3-5.jpg\" \/>\n\t<meta property=\"og:image:width\" content=\"315\" \/>\n\t<meta property=\"og:image:height\" content=\"230\" \/>\n\t<meta property=\"og:image:type\" content=\"image\/jpeg\" \/>\n<meta name=\"author\" content=\"ktmin\" \/>\n<meta name=\"twitter:card\" content=\"summary_large_image\" \/>\n<meta name=\"twitter:creator\" content=\"@kt_gov\" \/>\n<meta name=\"twitter:site\" content=\"@kt_gov\" \/>\n<meta name=\"twitter:label1\" content=\"Written by\" \/>\n\t<meta name=\"twitter:data1\" content=\"ktmin\" \/>\n\t<meta name=\"twitter:label2\" content=\"Est. reading time\" \/>\n\t<meta name=\"twitter:data2\" content=\"3 minutes\" \/>\n<script type=\"application\/ld+json\" class=\"yoast-schema-graph\">{\"@context\":\"https:\\\/\\\/schema.org\",\"@graph\":[{\"@type\":\"Article\",\"@id\":\"https:\\\/\\\/kt.gov.rs\\\/sq\\\/eshte-publikuar-analiza-e-disponueshmeria-e-sherimve-dhe-masave-te-perkrahes-per-femijet-nga-nacionaliteti-rom-ne-nivelin-lokal\\\/#article\",\"isPartOf\":{\"@id\":\"https:\\\/\\\/kt.gov.rs\\\/sq\\\/eshte-publikuar-analiza-e-disponueshmeria-e-sherimve-dhe-masave-te-perkrahes-per-femijet-nga-nacionaliteti-rom-ne-nivelin-lokal\\\/\"},\"author\":{\"name\":\"ktmin\",\"@id\":\"https:\\\/\\\/kt.gov.rs\\\/#\\\/schema\\\/person\\\/e426459ddb4173309103390602694571\"},\"headline\":\"\u00cbSHT\u00cb PUBLIKUAR ANALIZA E \u201cDISPONUESHM\u00cbRIA E SH\u00cbRIMVE DHE MASAVE T\u00cb P\u00cbRKRAHES P\u00cbR F\u00cbMIJ\u00cbT NGA NACIONALITETI ROM N\u00cb NIVELIN LOKAL\u201d\",\"datePublished\":\"2020-04-09T00:00:00+00:00\",\"dateModified\":\"2024-07-30T18:05:58+00:00\",\"mainEntityOfPage\":{\"@id\":\"https:\\\/\\\/kt.gov.rs\\\/sq\\\/eshte-publikuar-analiza-e-disponueshmeria-e-sherimve-dhe-masave-te-perkrahes-per-femijet-nga-nacionaliteti-rom-ne-nivelin-lokal\\\/\"},\"wordCount\":654,\"publisher\":{\"@id\":\"https:\\\/\\\/kt.gov.rs\\\/#organization\"},\"image\":{\"@id\":\"https:\\\/\\\/kt.gov.rs\\\/sq\\\/eshte-publikuar-analiza-e-disponueshmeria-e-sherimve-dhe-masave-te-perkrahes-per-femijet-nga-nacionaliteti-rom-ne-nivelin-lokal\\\/#primaryimage\"},\"thumbnailUrl\":\"https:\\\/\\\/kt.gov.rs\\\/wp-content\\\/uploads\\\/2024\\\/07\\\/1586420605_090420_3-5.jpg\",\"articleSection\":[\"Lajme\"],\"inLanguage\":\"sq-AL\"},{\"@type\":\"WebPage\",\"@id\":\"https:\\\/\\\/kt.gov.rs\\\/sq\\\/eshte-publikuar-analiza-e-disponueshmeria-e-sherimve-dhe-masave-te-perkrahes-per-femijet-nga-nacionaliteti-rom-ne-nivelin-lokal\\\/\",\"url\":\"https:\\\/\\\/kt.gov.rs\\\/sq\\\/eshte-publikuar-analiza-e-disponueshmeria-e-sherimve-dhe-masave-te-perkrahes-per-femijet-nga-nacionaliteti-rom-ne-nivelin-lokal\\\/\",\"name\":\"\u00cbSHT\u00cb PUBLIKUAR ANALIZA E \u201cDISPONUESHM\u00cbRIA E SH\u00cbRIMVE DHE MASAVE T\u00cb P\u00cbRKRAHES P\u00cbR F\u00cbMIJ\u00cbT NGA NACIONALITETI ROM N\u00cb NIVELIN LOKAL\u201d - Republika e S\u00ebrbis\u00eb Trupi Koordinues p\u00ebr komunat Bujanoc, Preshev\u00eb dhe Medvegj\u00eb\",\"isPartOf\":{\"@id\":\"https:\\\/\\\/kt.gov.rs\\\/#website\"},\"primaryImageOfPage\":{\"@id\":\"https:\\\/\\\/kt.gov.rs\\\/sq\\\/eshte-publikuar-analiza-e-disponueshmeria-e-sherimve-dhe-masave-te-perkrahes-per-femijet-nga-nacionaliteti-rom-ne-nivelin-lokal\\\/#primaryimage\"},\"image\":{\"@id\":\"https:\\\/\\\/kt.gov.rs\\\/sq\\\/eshte-publikuar-analiza-e-disponueshmeria-e-sherimve-dhe-masave-te-perkrahes-per-femijet-nga-nacionaliteti-rom-ne-nivelin-lokal\\\/#primaryimage\"},\"thumbnailUrl\":\"https:\\\/\\\/kt.gov.rs\\\/wp-content\\\/uploads\\\/2024\\\/07\\\/1586420605_090420_3-5.jpg\",\"datePublished\":\"2020-04-09T00:00:00+00:00\",\"dateModified\":\"2024-07-30T18:05:58+00:00\",\"breadcrumb\":{\"@id\":\"https:\\\/\\\/kt.gov.rs\\\/sq\\\/eshte-publikuar-analiza-e-disponueshmeria-e-sherimve-dhe-masave-te-perkrahes-per-femijet-nga-nacionaliteti-rom-ne-nivelin-lokal\\\/#breadcrumb\"},\"inLanguage\":\"sq-AL\",\"potentialAction\":[{\"@type\":\"ReadAction\",\"target\":[\"https:\\\/\\\/kt.gov.rs\\\/sq\\\/eshte-publikuar-analiza-e-disponueshmeria-e-sherimve-dhe-masave-te-perkrahes-per-femijet-nga-nacionaliteti-rom-ne-nivelin-lokal\\\/\"]}]},{\"@type\":\"ImageObject\",\"inLanguage\":\"sq-AL\",\"@id\":\"https:\\\/\\\/kt.gov.rs\\\/sq\\\/eshte-publikuar-analiza-e-disponueshmeria-e-sherimve-dhe-masave-te-perkrahes-per-femijet-nga-nacionaliteti-rom-ne-nivelin-lokal\\\/#primaryimage\",\"url\":\"https:\\\/\\\/kt.gov.rs\\\/wp-content\\\/uploads\\\/2024\\\/07\\\/1586420605_090420_3-5.jpg\",\"contentUrl\":\"https:\\\/\\\/kt.gov.rs\\\/wp-content\\\/uploads\\\/2024\\\/07\\\/1586420605_090420_3-5.jpg\",\"width\":315,\"height\":230},{\"@type\":\"BreadcrumbList\",\"@id\":\"https:\\\/\\\/kt.gov.rs\\\/sq\\\/eshte-publikuar-analiza-e-disponueshmeria-e-sherimve-dhe-masave-te-perkrahes-per-femijet-nga-nacionaliteti-rom-ne-nivelin-lokal\\\/#breadcrumb\",\"itemListElement\":[{\"@type\":\"ListItem\",\"position\":1,\"name\":\"\u041f\u043e\u0447\u0435\u0442\u043d\u0430\",\"item\":\"https:\\\/\\\/kt.gov.rs\\\/sq\\\/\"},{\"@type\":\"ListItem\",\"position\":2,\"name\":\"\u00cbSHT\u00cb PUBLIKUAR ANALIZA E \u201cDISPONUESHM\u00cbRIA E SH\u00cbRIMVE DHE MASAVE T\u00cb P\u00cbRKRAHES P\u00cbR F\u00cbMIJ\u00cbT NGA NACIONALITETI ROM N\u00cb NIVELIN LOKAL\u201d\"}]},{\"@type\":\"WebSite\",\"@id\":\"https:\\\/\\\/kt.gov.rs\\\/#website\",\"url\":\"https:\\\/\\\/kt.gov.rs\\\/\",\"name\":\"\u041a\u043e\u043e\u0440\u0434\u0438\u043d\u0430\u0446\u0438\u043e\u043d\u043e \u0442\u0435\u043b\u043e \u0412\u043b\u0430\u0434\u0435 \u0420\u0435\u043f\u0443\u0431\u043b\u0438\u043a\u0435 \u0421\u0440\u0431\u0438\u0458\u0435 \u0437\u0430 \u043e\u043f\u0448\u0442\u0438\u043d\u0435 \u041f\u0440\u0435\u0448\u0435\u0432\u043e, \u0411\u0443\u0458\u0430\u043d\u043e\u0432\u0430\u0446 \u0438 \u041c\u0435\u0434\u0432\u0435\u0452a\",\"description\":\"\",\"publisher\":{\"@id\":\"https:\\\/\\\/kt.gov.rs\\\/#organization\"},\"alternateName\":\"\u041a\u043e\u043e\u0440\u0434\u0438\u043d\u0430\u0446\u0438\u043e\u043d\u043e \u0442\u0435\u043b\u043e\",\"potentialAction\":[{\"@type\":\"SearchAction\",\"target\":{\"@type\":\"EntryPoint\",\"urlTemplate\":\"https:\\\/\\\/kt.gov.rs\\\/?s={search_term_string}\"},\"query-input\":{\"@type\":\"PropertyValueSpecification\",\"valueRequired\":true,\"valueName\":\"search_term_string\"}}],\"inLanguage\":\"sq-AL\"},{\"@type\":\"Organization\",\"@id\":\"https:\\\/\\\/kt.gov.rs\\\/#organization\",\"name\":\"\u041a\u043e\u043e\u0440\u0434\u0438\u043d\u0430\u0446\u0438\u043e\u043d\u043e \u0442\u0435\u043b\u043e \u0412\u043b\u0430\u0434\u0435 \u0420\u0435\u043f\u0443\u0431\u043b\u0438\u043a\u0435 \u0421\u0440\u0431\u0438\u0458\u0435 \u0437\u0430 \u043e\u043f\u0448\u0442\u0438\u043d\u0435 \u041f\u0440\u0435\u0448\u0435\u0432\u043e, \u0411\u0443\u0458\u0430\u043d\u043e\u0432\u0430\u0446 \u0438 \u041c\u0435\u0434\u0432\u0435\u0452a\",\"alternateName\":\"\u041a\u043e\u043e\u0440\u0434\u0438\u043d\u0430\u0446\u0438\u043e\u043d\u043e \u0442\u0435\u043b\u043e\",\"url\":\"https:\\\/\\\/kt.gov.rs\\\/\",\"logo\":{\"@type\":\"ImageObject\",\"inLanguage\":\"sq-AL\",\"@id\":\"https:\\\/\\\/kt.gov.rs\\\/#\\\/schema\\\/logo\\\/image\\\/\",\"url\":\"https:\\\/\\\/kt.gov.rs\\\/wp-content\\\/uploads\\\/2024\\\/12\\\/koord2.jpg\",\"contentUrl\":\"https:\\\/\\\/kt.gov.rs\\\/wp-content\\\/uploads\\\/2024\\\/12\\\/koord2.jpg\",\"width\":640,\"height\":480,\"caption\":\"\u041a\u043e\u043e\u0440\u0434\u0438\u043d\u0430\u0446\u0438\u043e\u043d\u043e \u0442\u0435\u043b\u043e \u0412\u043b\u0430\u0434\u0435 \u0420\u0435\u043f\u0443\u0431\u043b\u0438\u043a\u0435 \u0421\u0440\u0431\u0438\u0458\u0435 \u0437\u0430 \u043e\u043f\u0448\u0442\u0438\u043d\u0435 \u041f\u0440\u0435\u0448\u0435\u0432\u043e, \u0411\u0443\u0458\u0430\u043d\u043e\u0432\u0430\u0446 \u0438 \u041c\u0435\u0434\u0432\u0435\u0452a\"},\"image\":{\"@id\":\"https:\\\/\\\/kt.gov.rs\\\/#\\\/schema\\\/logo\\\/image\\\/\"},\"sameAs\":[\"https:\\\/\\\/www.facebook.com\\\/SluzbaKoordinacionogTelaVladeRepublikeSrbije\",\"https:\\\/\\\/x.com\\\/kt_gov\",\"https:\\\/\\\/www.youtube.com\\\/@koordinacionotelo\"]},{\"@type\":\"Person\",\"@id\":\"https:\\\/\\\/kt.gov.rs\\\/#\\\/schema\\\/person\\\/e426459ddb4173309103390602694571\",\"name\":\"ktmin\",\"image\":{\"@type\":\"ImageObject\",\"inLanguage\":\"sq-AL\",\"@id\":\"https:\\\/\\\/secure.gravatar.com\\\/avatar\\\/3985c961109853010c3fbc7ba30365bfba5db3dd6c525831d9c595c7525a615a?s=96&d=mm&r=g\",\"url\":\"https:\\\/\\\/secure.gravatar.com\\\/avatar\\\/3985c961109853010c3fbc7ba30365bfba5db3dd6c525831d9c595c7525a615a?s=96&d=mm&r=g\",\"contentUrl\":\"https:\\\/\\\/secure.gravatar.com\\\/avatar\\\/3985c961109853010c3fbc7ba30365bfba5db3dd6c525831d9c595c7525a615a?s=96&d=mm&r=g\",\"caption\":\"ktmin\"},\"sameAs\":[\"https:\\\/\\\/kt.gov.rs\"],\"url\":\"https:\\\/\\\/kt.gov.rs\\\/sq\\\/author\\\/ktmin\\\/\"}]}<\/script>\n<!-- \/ Yoast SEO plugin. -->","yoast_head_json":{"title":"\u00cbSHT\u00cb PUBLIKUAR ANALIZA E \u201cDISPONUESHM\u00cbRIA E SH\u00cbRIMVE DHE MASAVE T\u00cb P\u00cbRKRAHES P\u00cbR F\u00cbMIJ\u00cbT NGA NACIONALITETI ROM N\u00cb NIVELIN LOKAL\u201d - Republika e S\u00ebrbis\u00eb Trupi Koordinues p\u00ebr komunat Bujanoc, Preshev\u00eb dhe Medvegj\u00eb","robots":{"index":"index","follow":"follow","max-snippet":"max-snippet:-1","max-image-preview":"max-image-preview:large","max-video-preview":"max-video-preview:-1"},"canonical":"https:\/\/kt.gov.rs\/sq\/eshte-publikuar-analiza-e-disponueshmeria-e-sherimve-dhe-masave-te-perkrahes-per-femijet-nga-nacionaliteti-rom-ne-nivelin-lokal\/","og_locale":"sq_AL","og_type":"article","og_title":"\u00cbSHT\u00cb PUBLIKUAR ANALIZA E \u201cDISPONUESHM\u00cbRIA E SH\u00cbRIMVE DHE MASAVE T\u00cb P\u00cbRKRAHES P\u00cbR F\u00cbMIJ\u00cbT NGA NACIONALITETI ROM N\u00cb NIVELIN LOKAL\u201d - Republika e S\u00ebrbis\u00eb Trupi Koordinues p\u00ebr komunat Bujanoc, Preshev\u00eb dhe Medvegj\u00eb","og_description":"Ekipi i P\u00ebrfshirjes Sociale dhe Uljes s\u00eb Varf\u00ebris\u00eb s\u00eb Qeveris\u00eb s\u00eb Republik\u00ebs s\u00eb Serbis\u00eb ka publikuar analiz\u00ebn &quot;Disponueshm\u00ebria e sh\u00ebrbimeve dhe masat mb\u00ebshtet\u00ebse p\u00ebr f\u00ebmij\u00ebt rom\u00eb n\u00eb nivelin lokal&quot;.","og_url":"https:\/\/kt.gov.rs\/sq\/eshte-publikuar-analiza-e-disponueshmeria-e-sherimve-dhe-masave-te-perkrahes-per-femijet-nga-nacionaliteti-rom-ne-nivelin-lokal\/","og_site_name":"Republika e S\u00ebrbis\u00eb Trupi Koordinues p\u00ebr komunat Bujanoc, Preshev\u00eb dhe Medvegj\u00eb","article_publisher":"https:\/\/www.facebook.com\/SluzbaKoordinacionogTelaVladeRepublikeSrbije","article_published_time":"2020-04-09T00:00:00+00:00","article_modified_time":"2024-07-30T18:05:58+00:00","og_image":[{"width":315,"height":230,"url":"https:\/\/kt.gov.rs\/wp-content\/uploads\/2024\/07\/1586420605_090420_3-5.jpg","type":"image\/jpeg"}],"author":"ktmin","twitter_card":"summary_large_image","twitter_creator":"@kt_gov","twitter_site":"@kt_gov","twitter_misc":{"Written by":"ktmin","Est. reading time":"3 minutes"},"schema":{"@context":"https:\/\/schema.org","@graph":[{"@type":"Article","@id":"https:\/\/kt.gov.rs\/sq\/eshte-publikuar-analiza-e-disponueshmeria-e-sherimve-dhe-masave-te-perkrahes-per-femijet-nga-nacionaliteti-rom-ne-nivelin-lokal\/#article","isPartOf":{"@id":"https:\/\/kt.gov.rs\/sq\/eshte-publikuar-analiza-e-disponueshmeria-e-sherimve-dhe-masave-te-perkrahes-per-femijet-nga-nacionaliteti-rom-ne-nivelin-lokal\/"},"author":{"name":"ktmin","@id":"https:\/\/kt.gov.rs\/#\/schema\/person\/e426459ddb4173309103390602694571"},"headline":"\u00cbSHT\u00cb PUBLIKUAR ANALIZA E \u201cDISPONUESHM\u00cbRIA E SH\u00cbRIMVE DHE MASAVE T\u00cb P\u00cbRKRAHES P\u00cbR F\u00cbMIJ\u00cbT NGA NACIONALITETI ROM N\u00cb NIVELIN LOKAL\u201d","datePublished":"2020-04-09T00:00:00+00:00","dateModified":"2024-07-30T18:05:58+00:00","mainEntityOfPage":{"@id":"https:\/\/kt.gov.rs\/sq\/eshte-publikuar-analiza-e-disponueshmeria-e-sherimve-dhe-masave-te-perkrahes-per-femijet-nga-nacionaliteti-rom-ne-nivelin-lokal\/"},"wordCount":654,"publisher":{"@id":"https:\/\/kt.gov.rs\/#organization"},"image":{"@id":"https:\/\/kt.gov.rs\/sq\/eshte-publikuar-analiza-e-disponueshmeria-e-sherimve-dhe-masave-te-perkrahes-per-femijet-nga-nacionaliteti-rom-ne-nivelin-lokal\/#primaryimage"},"thumbnailUrl":"https:\/\/kt.gov.rs\/wp-content\/uploads\/2024\/07\/1586420605_090420_3-5.jpg","articleSection":["Lajme"],"inLanguage":"sq-AL"},{"@type":"WebPage","@id":"https:\/\/kt.gov.rs\/sq\/eshte-publikuar-analiza-e-disponueshmeria-e-sherimve-dhe-masave-te-perkrahes-per-femijet-nga-nacionaliteti-rom-ne-nivelin-lokal\/","url":"https:\/\/kt.gov.rs\/sq\/eshte-publikuar-analiza-e-disponueshmeria-e-sherimve-dhe-masave-te-perkrahes-per-femijet-nga-nacionaliteti-rom-ne-nivelin-lokal\/","name":"\u00cbSHT\u00cb PUBLIKUAR ANALIZA E \u201cDISPONUESHM\u00cbRIA E SH\u00cbRIMVE DHE MASAVE T\u00cb P\u00cbRKRAHES P\u00cbR F\u00cbMIJ\u00cbT NGA NACIONALITETI ROM N\u00cb NIVELIN LOKAL\u201d - Republika e S\u00ebrbis\u00eb Trupi Koordinues p\u00ebr komunat Bujanoc, Preshev\u00eb dhe Medvegj\u00eb","isPartOf":{"@id":"https:\/\/kt.gov.rs\/#website"},"primaryImageOfPage":{"@id":"https:\/\/kt.gov.rs\/sq\/eshte-publikuar-analiza-e-disponueshmeria-e-sherimve-dhe-masave-te-perkrahes-per-femijet-nga-nacionaliteti-rom-ne-nivelin-lokal\/#primaryimage"},"image":{"@id":"https:\/\/kt.gov.rs\/sq\/eshte-publikuar-analiza-e-disponueshmeria-e-sherimve-dhe-masave-te-perkrahes-per-femijet-nga-nacionaliteti-rom-ne-nivelin-lokal\/#primaryimage"},"thumbnailUrl":"https:\/\/kt.gov.rs\/wp-content\/uploads\/2024\/07\/1586420605_090420_3-5.jpg","datePublished":"2020-04-09T00:00:00+00:00","dateModified":"2024-07-30T18:05:58+00:00","breadcrumb":{"@id":"https:\/\/kt.gov.rs\/sq\/eshte-publikuar-analiza-e-disponueshmeria-e-sherimve-dhe-masave-te-perkrahes-per-femijet-nga-nacionaliteti-rom-ne-nivelin-lokal\/#breadcrumb"},"inLanguage":"sq-AL","potentialAction":[{"@type":"ReadAction","target":["https:\/\/kt.gov.rs\/sq\/eshte-publikuar-analiza-e-disponueshmeria-e-sherimve-dhe-masave-te-perkrahes-per-femijet-nga-nacionaliteti-rom-ne-nivelin-lokal\/"]}]},{"@type":"ImageObject","inLanguage":"sq-AL","@id":"https:\/\/kt.gov.rs\/sq\/eshte-publikuar-analiza-e-disponueshmeria-e-sherimve-dhe-masave-te-perkrahes-per-femijet-nga-nacionaliteti-rom-ne-nivelin-lokal\/#primaryimage","url":"https:\/\/kt.gov.rs\/wp-content\/uploads\/2024\/07\/1586420605_090420_3-5.jpg","contentUrl":"https:\/\/kt.gov.rs\/wp-content\/uploads\/2024\/07\/1586420605_090420_3-5.jpg","width":315,"height":230},{"@type":"BreadcrumbList","@id":"https:\/\/kt.gov.rs\/sq\/eshte-publikuar-analiza-e-disponueshmeria-e-sherimve-dhe-masave-te-perkrahes-per-femijet-nga-nacionaliteti-rom-ne-nivelin-lokal\/#breadcrumb","itemListElement":[{"@type":"ListItem","position":1,"name":"\u041f\u043e\u0447\u0435\u0442\u043d\u0430","item":"https:\/\/kt.gov.rs\/sq\/"},{"@type":"ListItem","position":2,"name":"\u00cbSHT\u00cb PUBLIKUAR ANALIZA E \u201cDISPONUESHM\u00cbRIA E SH\u00cbRIMVE DHE MASAVE T\u00cb P\u00cbRKRAHES P\u00cbR F\u00cbMIJ\u00cbT NGA NACIONALITETI ROM N\u00cb NIVELIN LOKAL\u201d"}]},{"@type":"WebSite","@id":"https:\/\/kt.gov.rs\/#website","url":"https:\/\/kt.gov.rs\/","name":"\u041a\u043e\u043e\u0440\u0434\u0438\u043d\u0430\u0446\u0438\u043e\u043d\u043e \u0442\u0435\u043b\u043e \u0412\u043b\u0430\u0434\u0435 \u0420\u0435\u043f\u0443\u0431\u043b\u0438\u043a\u0435 \u0421\u0440\u0431\u0438\u0458\u0435 \u0437\u0430 \u043e\u043f\u0448\u0442\u0438\u043d\u0435 \u041f\u0440\u0435\u0448\u0435\u0432\u043e, \u0411\u0443\u0458\u0430\u043d\u043e\u0432\u0430\u0446 \u0438 \u041c\u0435\u0434\u0432\u0435\u0452a","description":"","publisher":{"@id":"https:\/\/kt.gov.rs\/#organization"},"alternateName":"\u041a\u043e\u043e\u0440\u0434\u0438\u043d\u0430\u0446\u0438\u043e\u043d\u043e \u0442\u0435\u043b\u043e","potentialAction":[{"@type":"SearchAction","target":{"@type":"EntryPoint","urlTemplate":"https:\/\/kt.gov.rs\/?s={search_term_string}"},"query-input":{"@type":"PropertyValueSpecification","valueRequired":true,"valueName":"search_term_string"}}],"inLanguage":"sq-AL"},{"@type":"Organization","@id":"https:\/\/kt.gov.rs\/#organization","name":"\u041a\u043e\u043e\u0440\u0434\u0438\u043d\u0430\u0446\u0438\u043e\u043d\u043e \u0442\u0435\u043b\u043e \u0412\u043b\u0430\u0434\u0435 \u0420\u0435\u043f\u0443\u0431\u043b\u0438\u043a\u0435 \u0421\u0440\u0431\u0438\u0458\u0435 \u0437\u0430 \u043e\u043f\u0448\u0442\u0438\u043d\u0435 \u041f\u0440\u0435\u0448\u0435\u0432\u043e, \u0411\u0443\u0458\u0430\u043d\u043e\u0432\u0430\u0446 \u0438 \u041c\u0435\u0434\u0432\u0435\u0452a","alternateName":"\u041a\u043e\u043e\u0440\u0434\u0438\u043d\u0430\u0446\u0438\u043e\u043d\u043e \u0442\u0435\u043b\u043e","url":"https:\/\/kt.gov.rs\/","logo":{"@type":"ImageObject","inLanguage":"sq-AL","@id":"https:\/\/kt.gov.rs\/#\/schema\/logo\/image\/","url":"https:\/\/kt.gov.rs\/wp-content\/uploads\/2024\/12\/koord2.jpg","contentUrl":"https:\/\/kt.gov.rs\/wp-content\/uploads\/2024\/12\/koord2.jpg","width":640,"height":480,"caption":"\u041a\u043e\u043e\u0440\u0434\u0438\u043d\u0430\u0446\u0438\u043e\u043d\u043e \u0442\u0435\u043b\u043e \u0412\u043b\u0430\u0434\u0435 \u0420\u0435\u043f\u0443\u0431\u043b\u0438\u043a\u0435 \u0421\u0440\u0431\u0438\u0458\u0435 \u0437\u0430 \u043e\u043f\u0448\u0442\u0438\u043d\u0435 \u041f\u0440\u0435\u0448\u0435\u0432\u043e, \u0411\u0443\u0458\u0430\u043d\u043e\u0432\u0430\u0446 \u0438 \u041c\u0435\u0434\u0432\u0435\u0452a"},"image":{"@id":"https:\/\/kt.gov.rs\/#\/schema\/logo\/image\/"},"sameAs":["https:\/\/www.facebook.com\/SluzbaKoordinacionogTelaVladeRepublikeSrbije","https:\/\/x.com\/kt_gov","https:\/\/www.youtube.com\/@koordinacionotelo"]},{"@type":"Person","@id":"https:\/\/kt.gov.rs\/#\/schema\/person\/e426459ddb4173309103390602694571","name":"ktmin","image":{"@type":"ImageObject","inLanguage":"sq-AL","@id":"https:\/\/secure.gravatar.com\/avatar\/3985c961109853010c3fbc7ba30365bfba5db3dd6c525831d9c595c7525a615a?s=96&d=mm&r=g","url":"https:\/\/secure.gravatar.com\/avatar\/3985c961109853010c3fbc7ba30365bfba5db3dd6c525831d9c595c7525a615a?s=96&d=mm&r=g","contentUrl":"https:\/\/secure.gravatar.com\/avatar\/3985c961109853010c3fbc7ba30365bfba5db3dd6c525831d9c595c7525a615a?s=96&d=mm&r=g","caption":"ktmin"},"sameAs":["https:\/\/kt.gov.rs"],"url":"https:\/\/kt.gov.rs\/sq\/author\/ktmin\/"}]}},"_links":{"self":[{"href":"https:\/\/kt.gov.rs\/sq\/wp-json\/wp\/v2\/posts\/113322","targetHints":{"allow":["GET"]}}],"collection":[{"href":"https:\/\/kt.gov.rs\/sq\/wp-json\/wp\/v2\/posts"}],"about":[{"href":"https:\/\/kt.gov.rs\/sq\/wp-json\/wp\/v2\/types\/post"}],"author":[{"embeddable":true,"href":"https:\/\/kt.gov.rs\/sq\/wp-json\/wp\/v2\/users\/1"}],"replies":[{"embeddable":true,"href":"https:\/\/kt.gov.rs\/sq\/wp-json\/wp\/v2\/comments?post=113322"}],"version-history":[{"count":1,"href":"https:\/\/kt.gov.rs\/sq\/wp-json\/wp\/v2\/posts\/113322\/revisions"}],"predecessor-version":[{"id":113326,"href":"https:\/\/kt.gov.rs\/sq\/wp-json\/wp\/v2\/posts\/113322\/revisions\/113326"}],"wp:featuredmedia":[{"embeddable":true,"href":"https:\/\/kt.gov.rs\/sq\/wp-json\/wp\/v2\/media\/113327"}],"wp:attachment":[{"href":"https:\/\/kt.gov.rs\/sq\/wp-json\/wp\/v2\/media?parent=113322"}],"wp:term":[{"taxonomy":"category","embeddable":true,"href":"https:\/\/kt.gov.rs\/sq\/wp-json\/wp\/v2\/categories?post=113322"},{"taxonomy":"post_tag","embeddable":true,"href":"https:\/\/kt.gov.rs\/sq\/wp-json\/wp\/v2\/tags?post=113322"}],"curies":[{"name":"wp","href":"https:\/\/api.w.org\/{rel}","templated":true}]}}