{"id":113314,"date":"2020-04-08T00:00:00","date_gmt":"2020-04-08T00:00:00","guid":{"rendered":"http:\/\/kt.printandscreen.rs\/banja-e-bujanocit-behet-spital-i-perkohshem-arrijne-respiratoret\/"},"modified":"2024-07-30T18:05:58","modified_gmt":"2024-07-30T18:05:58","slug":"banja-e-bujanocit-behet-spital-i-perkohshem-arrijne-respiratoret","status":"publish","type":"post","link":"https:\/\/kt.gov.rs\/sq\/banja-e-bujanocit-behet-spital-i-perkohshem-arrijne-respiratoret\/","title":{"rendered":"BANJA E BUJANOCIT B\u00cbHET SPITAL I P\u00cbRKOHSH\u00cbM, ARRIJN\u00cb RESPIRATOR\u00cbT"},"content":{"rendered":"<p>\n\t<strong><img decoding=\"async\" alt=\"\" src=\"https:\/\/kt.gov.rs\/wp-content\/uploads\/2024\/07\/1586338202_080420_4-4.jpg\" style=\"width: 315px; height: 230px; float: left;\" \/><\/strong><strong>Bujanoc<\/strong>-Spitali i specializuar Banja e Bujanoc do t\u00eb sh\u00ebndrrohet n\u00eb nj\u00eb spital t\u00eb p\u00ebrkohsh\u00ebm p\u00ebr n\u00eb t\u00eb cilin do t\u00eb vendosen t\u00eb infektuarit me koronavirus.<\/p>\n<p>\n\tKapacitetet e k\u00ebtij enti m\u00eb nuk do t\u00eb p\u00ebrdoren vet\u00ebm p\u00ebr t\u00eb izoluarit e kthyer nga shtetet e tjera ose p\u00ebr karantin\u00eb afatshkurt\u00ebr, por Spitali i specializuar \u00ebsht\u00eb duke u p\u00ebrgatitur intensivisht p\u00ebr pranimin e pacient\u00ebve t\u00eb diagnostikuar me COVID-19, sipas modelit nga Panairi i Beogradit dhe Salla e Sportit \u201c\u00c7air\u201d n\u00eb Nish.\u00a0<\/p>\n<p>\n\tTekniku kryesor mjek\u00ebsor n\u00eb kete institucion, Marjan Tomic, nuk ka mundur ta konfirmoj\u00eb, por fakti \u00ebsht\u00eb se Banja e Bujanocit po furnizohet \u00e7do dit\u00eb me pajisje mbrojt\u00ebse dhe madje edhe respirator\u00eb.<\/p>\n<p>\n\t\u00a0<\/p>\n<p>\n\tN\u00eb Spitalin e specializuar jan\u00eb duke ardhur paisje. Sot do t\u00eb furnizohemi me nj\u00eb respirator, nd\u00ebrkoh\u00eb kemi paralajm\u00ebrime se do t\u00eb arrijn\u00eb edhe disa t\u00eb tjer\u00eb. Jemi duke u \u00a0p\u00ebrgatitur dhe po presim udh\u00ebzime t\u00eb m\u00ebtejshme nga ministria \u2013 thot\u00eb Tomiq.\u00a0<\/p>\n<p>\n\tRidedikimi i Banj\u00ebs s\u00eb Bujanocit mund t\u00eb nd\u00ebrlidhet me nj\u00eb vendim t\u00eb Qeveris\u00eb s\u00eb Serbis\u00eb me t\u00eb cilin \u00ebsht\u00eb ndaluar trajtimi i pacienteve n\u00eb kushte sht\u00ebpiake, k\u00ebshtu q\u00eb t\u00eb gjith\u00eb pacient\u00ebt e infektuar me virusin korona do t\u00eb trajtohen n\u00eb spitale. Ata pa simptoma ose me nj\u00eb gjendje t\u00eb but\u00eb klinike do t\u00eb trajtohen n\u00eb spitalet e p\u00ebrkohshme, nd\u00ebrkaq pacient\u00ebt me gjendje m\u00eb t\u00eb r\u00ebnduar klinike n\u00eb spitalet kovid.\u00a0<\/p>\n<p>\n\tP\u00ebrndryshe, aktualisht n\u00eb Banj\u00ebn e Bujanocit nuk ka asnj\u00eb qytetar t\u00eb izoluar, dhe q\u00eb nga 26 marsi, kur Qeveria e Serbis\u00eb mori vendim p\u00ebr krijimin e nj\u00eb karantine n\u00eb k\u00ebt\u00eb Spital kan\u00eb q\u00ebndruar 15 persona t\u00eb kthyer nga shtetet e tjera, rezultatet e t\u00eb cil\u00ebve pas testimit \u00a0kan\u00eb dal\u00eb negativ n\u00eb virusin korona, por q\u00eb m\u00eb pas u d\u00ebrguan n\u00eb vetizolim. Nuk dihet n\u00ebse Spitali i specializuar n\u00eb Banj\u00eb t\u00eb Bujanocit do t\u00eb sh\u00ebrbej ende edhe p\u00ebr karantinim.<\/p>\n<p>\n\tKpaciteti i k\u00ebtij Spitali \u00ebsht\u00eb 180 shtret\u00ebr.<\/p>\n<p>\n\tDeri t\u00eb mart\u00ebn n\u00eb\u00a0 Bujanoc\u00a0 jan\u00eb konfirmuar tri raste t\u00eb infektimit me COVID 19, nd\u00ebrsa n\u00eb vetizolim jan\u00eb 1144 qytetar\u00eb.<\/p>\n<p>\n\t<strong>Burimi: Bujanova\u00e7ke dhe Trupi Koordinues<\/strong><\/p>\n<p>\n\t\u00a0<\/p>\n","protected":false},"excerpt":{"rendered":"<p>Bujanoc-Spitali i specializuar Banja e Bujanoc do t\u00eb sh\u00ebndrrohet n\u00eb nj\u00eb spital t\u00eb p\u00ebrkohsh\u00ebm p\u00ebr n\u00eb t\u00eb cilin do t\u00eb vendosen t\u00eb infektuarit me koronavirus.<\/p>\n","protected":false},"author":1,"featured_media":113319,"comment_status":"closed","ping_status":"closed","sticky":false,"template":"","format":"standard","meta":{"footnotes":""},"categories":[55],"tags":[],"class_list":["post-113314","post","type-post","status-publish","format-standard","has-post-thumbnail","hentry","category-lajme"],"yoast_head":"<!-- This site is optimized with the Yoast SEO plugin v27.5 - https:\/\/yoast.com\/product\/yoast-seo-wordpress\/ -->\n<title>BANJA E BUJANOCIT B\u00cbHET SPITAL I P\u00cbRKOHSH\u00cbM, ARRIJN\u00cb RESPIRATOR\u00cbT - Republika e S\u00ebrbis\u00eb Trupi Koordinues p\u00ebr komunat Bujanoc, Preshev\u00eb dhe Medvegj\u00eb<\/title>\n<meta name=\"robots\" content=\"index, follow, max-snippet:-1, max-image-preview:large, max-video-preview:-1\" \/>\n<link rel=\"canonical\" href=\"https:\/\/kt.gov.rs\/sq\/banja-e-bujanocit-behet-spital-i-perkohshem-arrijne-respiratoret\/\" \/>\n<meta property=\"og:locale\" content=\"sq_AL\" \/>\n<meta property=\"og:type\" content=\"article\" \/>\n<meta property=\"og:title\" content=\"BANJA E BUJANOCIT B\u00cbHET SPITAL I P\u00cbRKOHSH\u00cbM, ARRIJN\u00cb RESPIRATOR\u00cbT - Republika e S\u00ebrbis\u00eb Trupi Koordinues p\u00ebr komunat Bujanoc, Preshev\u00eb dhe Medvegj\u00eb\" \/>\n<meta property=\"og:description\" content=\"Bujanoc-Spitali i specializuar Banja e Bujanoc do t\u00eb sh\u00ebndrrohet n\u00eb nj\u00eb spital t\u00eb p\u00ebrkohsh\u00ebm p\u00ebr n\u00eb t\u00eb cilin do t\u00eb vendosen t\u00eb infektuarit me koronavirus.\" \/>\n<meta property=\"og:url\" content=\"https:\/\/kt.gov.rs\/sq\/banja-e-bujanocit-behet-spital-i-perkohshem-arrijne-respiratoret\/\" \/>\n<meta property=\"og:site_name\" content=\"Republika e S\u00ebrbis\u00eb Trupi Koordinues p\u00ebr komunat Bujanoc, Preshev\u00eb dhe Medvegj\u00eb\" \/>\n<meta property=\"article:publisher\" content=\"https:\/\/www.facebook.com\/SluzbaKoordinacionogTelaVladeRepublikeSrbije\" \/>\n<meta property=\"article:published_time\" content=\"2020-04-08T00:00:00+00:00\" \/>\n<meta property=\"article:modified_time\" content=\"2024-07-30T18:05:58+00:00\" \/>\n<meta property=\"og:image\" content=\"https:\/\/kt.gov.rs\/wp-content\/uploads\/2024\/07\/1586338202_080420_4-5.jpg\" \/>\n\t<meta property=\"og:image:width\" content=\"315\" \/>\n\t<meta property=\"og:image:height\" content=\"230\" \/>\n\t<meta property=\"og:image:type\" content=\"image\/jpeg\" \/>\n<meta name=\"author\" content=\"ktmin\" \/>\n<meta name=\"twitter:card\" content=\"summary_large_image\" \/>\n<meta name=\"twitter:creator\" content=\"@kt_gov\" \/>\n<meta name=\"twitter:site\" content=\"@kt_gov\" \/>\n<meta name=\"twitter:label1\" content=\"Written by\" \/>\n\t<meta name=\"twitter:data1\" content=\"ktmin\" \/>\n\t<meta name=\"twitter:label2\" content=\"Est. reading time\" \/>\n\t<meta name=\"twitter:data2\" content=\"3 minutes\" \/>\n<script type=\"application\/ld+json\" class=\"yoast-schema-graph\">{\"@context\":\"https:\\\/\\\/schema.org\",\"@graph\":[{\"@type\":\"Article\",\"@id\":\"https:\\\/\\\/kt.gov.rs\\\/sq\\\/banja-e-bujanocit-behet-spital-i-perkohshem-arrijne-respiratoret\\\/#article\",\"isPartOf\":{\"@id\":\"https:\\\/\\\/kt.gov.rs\\\/sq\\\/banja-e-bujanocit-behet-spital-i-perkohshem-arrijne-respiratoret\\\/\"},\"author\":{\"name\":\"ktmin\",\"@id\":\"https:\\\/\\\/kt.gov.rs\\\/#\\\/schema\\\/person\\\/e426459ddb4173309103390602694571\"},\"headline\":\"BANJA E BUJANOCIT B\u00cbHET SPITAL I P\u00cbRKOHSH\u00cbM, ARRIJN\u00cb RESPIRATOR\u00cbT\",\"datePublished\":\"2020-04-08T00:00:00+00:00\",\"dateModified\":\"2024-07-30T18:05:58+00:00\",\"mainEntityOfPage\":{\"@id\":\"https:\\\/\\\/kt.gov.rs\\\/sq\\\/banja-e-bujanocit-behet-spital-i-perkohshem-arrijne-respiratoret\\\/\"},\"wordCount\":525,\"publisher\":{\"@id\":\"https:\\\/\\\/kt.gov.rs\\\/#organization\"},\"image\":{\"@id\":\"https:\\\/\\\/kt.gov.rs\\\/sq\\\/banja-e-bujanocit-behet-spital-i-perkohshem-arrijne-respiratoret\\\/#primaryimage\"},\"thumbnailUrl\":\"https:\\\/\\\/kt.gov.rs\\\/wp-content\\\/uploads\\\/2024\\\/07\\\/1586338202_080420_4-5.jpg\",\"articleSection\":[\"Lajme\"],\"inLanguage\":\"sq-AL\"},{\"@type\":\"WebPage\",\"@id\":\"https:\\\/\\\/kt.gov.rs\\\/sq\\\/banja-e-bujanocit-behet-spital-i-perkohshem-arrijne-respiratoret\\\/\",\"url\":\"https:\\\/\\\/kt.gov.rs\\\/sq\\\/banja-e-bujanocit-behet-spital-i-perkohshem-arrijne-respiratoret\\\/\",\"name\":\"BANJA E BUJANOCIT B\u00cbHET SPITAL I P\u00cbRKOHSH\u00cbM, ARRIJN\u00cb RESPIRATOR\u00cbT - Republika e S\u00ebrbis\u00eb Trupi Koordinues p\u00ebr komunat Bujanoc, Preshev\u00eb dhe Medvegj\u00eb\",\"isPartOf\":{\"@id\":\"https:\\\/\\\/kt.gov.rs\\\/#website\"},\"primaryImageOfPage\":{\"@id\":\"https:\\\/\\\/kt.gov.rs\\\/sq\\\/banja-e-bujanocit-behet-spital-i-perkohshem-arrijne-respiratoret\\\/#primaryimage\"},\"image\":{\"@id\":\"https:\\\/\\\/kt.gov.rs\\\/sq\\\/banja-e-bujanocit-behet-spital-i-perkohshem-arrijne-respiratoret\\\/#primaryimage\"},\"thumbnailUrl\":\"https:\\\/\\\/kt.gov.rs\\\/wp-content\\\/uploads\\\/2024\\\/07\\\/1586338202_080420_4-5.jpg\",\"datePublished\":\"2020-04-08T00:00:00+00:00\",\"dateModified\":\"2024-07-30T18:05:58+00:00\",\"breadcrumb\":{\"@id\":\"https:\\\/\\\/kt.gov.rs\\\/sq\\\/banja-e-bujanocit-behet-spital-i-perkohshem-arrijne-respiratoret\\\/#breadcrumb\"},\"inLanguage\":\"sq-AL\",\"potentialAction\":[{\"@type\":\"ReadAction\",\"target\":[\"https:\\\/\\\/kt.gov.rs\\\/sq\\\/banja-e-bujanocit-behet-spital-i-perkohshem-arrijne-respiratoret\\\/\"]}]},{\"@type\":\"ImageObject\",\"inLanguage\":\"sq-AL\",\"@id\":\"https:\\\/\\\/kt.gov.rs\\\/sq\\\/banja-e-bujanocit-behet-spital-i-perkohshem-arrijne-respiratoret\\\/#primaryimage\",\"url\":\"https:\\\/\\\/kt.gov.rs\\\/wp-content\\\/uploads\\\/2024\\\/07\\\/1586338202_080420_4-5.jpg\",\"contentUrl\":\"https:\\\/\\\/kt.gov.rs\\\/wp-content\\\/uploads\\\/2024\\\/07\\\/1586338202_080420_4-5.jpg\",\"width\":315,\"height\":230},{\"@type\":\"BreadcrumbList\",\"@id\":\"https:\\\/\\\/kt.gov.rs\\\/sq\\\/banja-e-bujanocit-behet-spital-i-perkohshem-arrijne-respiratoret\\\/#breadcrumb\",\"itemListElement\":[{\"@type\":\"ListItem\",\"position\":1,\"name\":\"\u041f\u043e\u0447\u0435\u0442\u043d\u0430\",\"item\":\"https:\\\/\\\/kt.gov.rs\\\/sq\\\/\"},{\"@type\":\"ListItem\",\"position\":2,\"name\":\"BANJA E BUJANOCIT B\u00cbHET SPITAL I P\u00cbRKOHSH\u00cbM, ARRIJN\u00cb RESPIRATOR\u00cbT\"}]},{\"@type\":\"WebSite\",\"@id\":\"https:\\\/\\\/kt.gov.rs\\\/#website\",\"url\":\"https:\\\/\\\/kt.gov.rs\\\/\",\"name\":\"\u041a\u043e\u043e\u0440\u0434\u0438\u043d\u0430\u0446\u0438\u043e\u043d\u043e \u0442\u0435\u043b\u043e \u0412\u043b\u0430\u0434\u0435 \u0420\u0435\u043f\u0443\u0431\u043b\u0438\u043a\u0435 \u0421\u0440\u0431\u0438\u0458\u0435 \u0437\u0430 \u043e\u043f\u0448\u0442\u0438\u043d\u0435 \u041f\u0440\u0435\u0448\u0435\u0432\u043e, \u0411\u0443\u0458\u0430\u043d\u043e\u0432\u0430\u0446 \u0438 \u041c\u0435\u0434\u0432\u0435\u0452a\",\"description\":\"\",\"publisher\":{\"@id\":\"https:\\\/\\\/kt.gov.rs\\\/#organization\"},\"alternateName\":\"\u041a\u043e\u043e\u0440\u0434\u0438\u043d\u0430\u0446\u0438\u043e\u043d\u043e \u0442\u0435\u043b\u043e\",\"potentialAction\":[{\"@type\":\"SearchAction\",\"target\":{\"@type\":\"EntryPoint\",\"urlTemplate\":\"https:\\\/\\\/kt.gov.rs\\\/?s={search_term_string}\"},\"query-input\":{\"@type\":\"PropertyValueSpecification\",\"valueRequired\":true,\"valueName\":\"search_term_string\"}}],\"inLanguage\":\"sq-AL\"},{\"@type\":\"Organization\",\"@id\":\"https:\\\/\\\/kt.gov.rs\\\/#organization\",\"name\":\"\u041a\u043e\u043e\u0440\u0434\u0438\u043d\u0430\u0446\u0438\u043e\u043d\u043e \u0442\u0435\u043b\u043e \u0412\u043b\u0430\u0434\u0435 \u0420\u0435\u043f\u0443\u0431\u043b\u0438\u043a\u0435 \u0421\u0440\u0431\u0438\u0458\u0435 \u0437\u0430 \u043e\u043f\u0448\u0442\u0438\u043d\u0435 \u041f\u0440\u0435\u0448\u0435\u0432\u043e, \u0411\u0443\u0458\u0430\u043d\u043e\u0432\u0430\u0446 \u0438 \u041c\u0435\u0434\u0432\u0435\u0452a\",\"alternateName\":\"\u041a\u043e\u043e\u0440\u0434\u0438\u043d\u0430\u0446\u0438\u043e\u043d\u043e \u0442\u0435\u043b\u043e\",\"url\":\"https:\\\/\\\/kt.gov.rs\\\/\",\"logo\":{\"@type\":\"ImageObject\",\"inLanguage\":\"sq-AL\",\"@id\":\"https:\\\/\\\/kt.gov.rs\\\/#\\\/schema\\\/logo\\\/image\\\/\",\"url\":\"https:\\\/\\\/kt.gov.rs\\\/wp-content\\\/uploads\\\/2024\\\/12\\\/koord2.jpg\",\"contentUrl\":\"https:\\\/\\\/kt.gov.rs\\\/wp-content\\\/uploads\\\/2024\\\/12\\\/koord2.jpg\",\"width\":640,\"height\":480,\"caption\":\"\u041a\u043e\u043e\u0440\u0434\u0438\u043d\u0430\u0446\u0438\u043e\u043d\u043e \u0442\u0435\u043b\u043e \u0412\u043b\u0430\u0434\u0435 \u0420\u0435\u043f\u0443\u0431\u043b\u0438\u043a\u0435 \u0421\u0440\u0431\u0438\u0458\u0435 \u0437\u0430 \u043e\u043f\u0448\u0442\u0438\u043d\u0435 \u041f\u0440\u0435\u0448\u0435\u0432\u043e, \u0411\u0443\u0458\u0430\u043d\u043e\u0432\u0430\u0446 \u0438 \u041c\u0435\u0434\u0432\u0435\u0452a\"},\"image\":{\"@id\":\"https:\\\/\\\/kt.gov.rs\\\/#\\\/schema\\\/logo\\\/image\\\/\"},\"sameAs\":[\"https:\\\/\\\/www.facebook.com\\\/SluzbaKoordinacionogTelaVladeRepublikeSrbije\",\"https:\\\/\\\/x.com\\\/kt_gov\",\"https:\\\/\\\/www.youtube.com\\\/@koordinacionotelo\"]},{\"@type\":\"Person\",\"@id\":\"https:\\\/\\\/kt.gov.rs\\\/#\\\/schema\\\/person\\\/e426459ddb4173309103390602694571\",\"name\":\"ktmin\",\"image\":{\"@type\":\"ImageObject\",\"inLanguage\":\"sq-AL\",\"@id\":\"https:\\\/\\\/secure.gravatar.com\\\/avatar\\\/3985c961109853010c3fbc7ba30365bfba5db3dd6c525831d9c595c7525a615a?s=96&d=mm&r=g\",\"url\":\"https:\\\/\\\/secure.gravatar.com\\\/avatar\\\/3985c961109853010c3fbc7ba30365bfba5db3dd6c525831d9c595c7525a615a?s=96&d=mm&r=g\",\"contentUrl\":\"https:\\\/\\\/secure.gravatar.com\\\/avatar\\\/3985c961109853010c3fbc7ba30365bfba5db3dd6c525831d9c595c7525a615a?s=96&d=mm&r=g\",\"caption\":\"ktmin\"},\"sameAs\":[\"https:\\\/\\\/kt.gov.rs\"],\"url\":\"https:\\\/\\\/kt.gov.rs\\\/sq\\\/author\\\/ktmin\\\/\"}]}<\/script>\n<!-- \/ Yoast SEO plugin. -->","yoast_head_json":{"title":"BANJA E BUJANOCIT B\u00cbHET SPITAL I P\u00cbRKOHSH\u00cbM, ARRIJN\u00cb RESPIRATOR\u00cbT - Republika e S\u00ebrbis\u00eb Trupi Koordinues p\u00ebr komunat Bujanoc, Preshev\u00eb dhe Medvegj\u00eb","robots":{"index":"index","follow":"follow","max-snippet":"max-snippet:-1","max-image-preview":"max-image-preview:large","max-video-preview":"max-video-preview:-1"},"canonical":"https:\/\/kt.gov.rs\/sq\/banja-e-bujanocit-behet-spital-i-perkohshem-arrijne-respiratoret\/","og_locale":"sq_AL","og_type":"article","og_title":"BANJA E BUJANOCIT B\u00cbHET SPITAL I P\u00cbRKOHSH\u00cbM, ARRIJN\u00cb RESPIRATOR\u00cbT - Republika e S\u00ebrbis\u00eb Trupi Koordinues p\u00ebr komunat Bujanoc, Preshev\u00eb dhe Medvegj\u00eb","og_description":"Bujanoc-Spitali i specializuar Banja e Bujanoc do t\u00eb sh\u00ebndrrohet n\u00eb nj\u00eb spital t\u00eb p\u00ebrkohsh\u00ebm p\u00ebr n\u00eb t\u00eb cilin do t\u00eb vendosen t\u00eb infektuarit me koronavirus.","og_url":"https:\/\/kt.gov.rs\/sq\/banja-e-bujanocit-behet-spital-i-perkohshem-arrijne-respiratoret\/","og_site_name":"Republika e S\u00ebrbis\u00eb Trupi Koordinues p\u00ebr komunat Bujanoc, Preshev\u00eb dhe Medvegj\u00eb","article_publisher":"https:\/\/www.facebook.com\/SluzbaKoordinacionogTelaVladeRepublikeSrbije","article_published_time":"2020-04-08T00:00:00+00:00","article_modified_time":"2024-07-30T18:05:58+00:00","og_image":[{"width":315,"height":230,"url":"https:\/\/kt.gov.rs\/wp-content\/uploads\/2024\/07\/1586338202_080420_4-5.jpg","type":"image\/jpeg"}],"author":"ktmin","twitter_card":"summary_large_image","twitter_creator":"@kt_gov","twitter_site":"@kt_gov","twitter_misc":{"Written by":"ktmin","Est. reading time":"3 minutes"},"schema":{"@context":"https:\/\/schema.org","@graph":[{"@type":"Article","@id":"https:\/\/kt.gov.rs\/sq\/banja-e-bujanocit-behet-spital-i-perkohshem-arrijne-respiratoret\/#article","isPartOf":{"@id":"https:\/\/kt.gov.rs\/sq\/banja-e-bujanocit-behet-spital-i-perkohshem-arrijne-respiratoret\/"},"author":{"name":"ktmin","@id":"https:\/\/kt.gov.rs\/#\/schema\/person\/e426459ddb4173309103390602694571"},"headline":"BANJA E BUJANOCIT B\u00cbHET SPITAL I P\u00cbRKOHSH\u00cbM, ARRIJN\u00cb RESPIRATOR\u00cbT","datePublished":"2020-04-08T00:00:00+00:00","dateModified":"2024-07-30T18:05:58+00:00","mainEntityOfPage":{"@id":"https:\/\/kt.gov.rs\/sq\/banja-e-bujanocit-behet-spital-i-perkohshem-arrijne-respiratoret\/"},"wordCount":525,"publisher":{"@id":"https:\/\/kt.gov.rs\/#organization"},"image":{"@id":"https:\/\/kt.gov.rs\/sq\/banja-e-bujanocit-behet-spital-i-perkohshem-arrijne-respiratoret\/#primaryimage"},"thumbnailUrl":"https:\/\/kt.gov.rs\/wp-content\/uploads\/2024\/07\/1586338202_080420_4-5.jpg","articleSection":["Lajme"],"inLanguage":"sq-AL"},{"@type":"WebPage","@id":"https:\/\/kt.gov.rs\/sq\/banja-e-bujanocit-behet-spital-i-perkohshem-arrijne-respiratoret\/","url":"https:\/\/kt.gov.rs\/sq\/banja-e-bujanocit-behet-spital-i-perkohshem-arrijne-respiratoret\/","name":"BANJA E BUJANOCIT B\u00cbHET SPITAL I P\u00cbRKOHSH\u00cbM, ARRIJN\u00cb RESPIRATOR\u00cbT - Republika e S\u00ebrbis\u00eb Trupi Koordinues p\u00ebr komunat Bujanoc, Preshev\u00eb dhe Medvegj\u00eb","isPartOf":{"@id":"https:\/\/kt.gov.rs\/#website"},"primaryImageOfPage":{"@id":"https:\/\/kt.gov.rs\/sq\/banja-e-bujanocit-behet-spital-i-perkohshem-arrijne-respiratoret\/#primaryimage"},"image":{"@id":"https:\/\/kt.gov.rs\/sq\/banja-e-bujanocit-behet-spital-i-perkohshem-arrijne-respiratoret\/#primaryimage"},"thumbnailUrl":"https:\/\/kt.gov.rs\/wp-content\/uploads\/2024\/07\/1586338202_080420_4-5.jpg","datePublished":"2020-04-08T00:00:00+00:00","dateModified":"2024-07-30T18:05:58+00:00","breadcrumb":{"@id":"https:\/\/kt.gov.rs\/sq\/banja-e-bujanocit-behet-spital-i-perkohshem-arrijne-respiratoret\/#breadcrumb"},"inLanguage":"sq-AL","potentialAction":[{"@type":"ReadAction","target":["https:\/\/kt.gov.rs\/sq\/banja-e-bujanocit-behet-spital-i-perkohshem-arrijne-respiratoret\/"]}]},{"@type":"ImageObject","inLanguage":"sq-AL","@id":"https:\/\/kt.gov.rs\/sq\/banja-e-bujanocit-behet-spital-i-perkohshem-arrijne-respiratoret\/#primaryimage","url":"https:\/\/kt.gov.rs\/wp-content\/uploads\/2024\/07\/1586338202_080420_4-5.jpg","contentUrl":"https:\/\/kt.gov.rs\/wp-content\/uploads\/2024\/07\/1586338202_080420_4-5.jpg","width":315,"height":230},{"@type":"BreadcrumbList","@id":"https:\/\/kt.gov.rs\/sq\/banja-e-bujanocit-behet-spital-i-perkohshem-arrijne-respiratoret\/#breadcrumb","itemListElement":[{"@type":"ListItem","position":1,"name":"\u041f\u043e\u0447\u0435\u0442\u043d\u0430","item":"https:\/\/kt.gov.rs\/sq\/"},{"@type":"ListItem","position":2,"name":"BANJA E BUJANOCIT B\u00cbHET SPITAL I P\u00cbRKOHSH\u00cbM, ARRIJN\u00cb RESPIRATOR\u00cbT"}]},{"@type":"WebSite","@id":"https:\/\/kt.gov.rs\/#website","url":"https:\/\/kt.gov.rs\/","name":"\u041a\u043e\u043e\u0440\u0434\u0438\u043d\u0430\u0446\u0438\u043e\u043d\u043e \u0442\u0435\u043b\u043e \u0412\u043b\u0430\u0434\u0435 \u0420\u0435\u043f\u0443\u0431\u043b\u0438\u043a\u0435 \u0421\u0440\u0431\u0438\u0458\u0435 \u0437\u0430 \u043e\u043f\u0448\u0442\u0438\u043d\u0435 \u041f\u0440\u0435\u0448\u0435\u0432\u043e, \u0411\u0443\u0458\u0430\u043d\u043e\u0432\u0430\u0446 \u0438 \u041c\u0435\u0434\u0432\u0435\u0452a","description":"","publisher":{"@id":"https:\/\/kt.gov.rs\/#organization"},"alternateName":"\u041a\u043e\u043e\u0440\u0434\u0438\u043d\u0430\u0446\u0438\u043e\u043d\u043e \u0442\u0435\u043b\u043e","potentialAction":[{"@type":"SearchAction","target":{"@type":"EntryPoint","urlTemplate":"https:\/\/kt.gov.rs\/?s={search_term_string}"},"query-input":{"@type":"PropertyValueSpecification","valueRequired":true,"valueName":"search_term_string"}}],"inLanguage":"sq-AL"},{"@type":"Organization","@id":"https:\/\/kt.gov.rs\/#organization","name":"\u041a\u043e\u043e\u0440\u0434\u0438\u043d\u0430\u0446\u0438\u043e\u043d\u043e \u0442\u0435\u043b\u043e \u0412\u043b\u0430\u0434\u0435 \u0420\u0435\u043f\u0443\u0431\u043b\u0438\u043a\u0435 \u0421\u0440\u0431\u0438\u0458\u0435 \u0437\u0430 \u043e\u043f\u0448\u0442\u0438\u043d\u0435 \u041f\u0440\u0435\u0448\u0435\u0432\u043e, \u0411\u0443\u0458\u0430\u043d\u043e\u0432\u0430\u0446 \u0438 \u041c\u0435\u0434\u0432\u0435\u0452a","alternateName":"\u041a\u043e\u043e\u0440\u0434\u0438\u043d\u0430\u0446\u0438\u043e\u043d\u043e \u0442\u0435\u043b\u043e","url":"https:\/\/kt.gov.rs\/","logo":{"@type":"ImageObject","inLanguage":"sq-AL","@id":"https:\/\/kt.gov.rs\/#\/schema\/logo\/image\/","url":"https:\/\/kt.gov.rs\/wp-content\/uploads\/2024\/12\/koord2.jpg","contentUrl":"https:\/\/kt.gov.rs\/wp-content\/uploads\/2024\/12\/koord2.jpg","width":640,"height":480,"caption":"\u041a\u043e\u043e\u0440\u0434\u0438\u043d\u0430\u0446\u0438\u043e\u043d\u043e \u0442\u0435\u043b\u043e \u0412\u043b\u0430\u0434\u0435 \u0420\u0435\u043f\u0443\u0431\u043b\u0438\u043a\u0435 \u0421\u0440\u0431\u0438\u0458\u0435 \u0437\u0430 \u043e\u043f\u0448\u0442\u0438\u043d\u0435 \u041f\u0440\u0435\u0448\u0435\u0432\u043e, \u0411\u0443\u0458\u0430\u043d\u043e\u0432\u0430\u0446 \u0438 \u041c\u0435\u0434\u0432\u0435\u0452a"},"image":{"@id":"https:\/\/kt.gov.rs\/#\/schema\/logo\/image\/"},"sameAs":["https:\/\/www.facebook.com\/SluzbaKoordinacionogTelaVladeRepublikeSrbije","https:\/\/x.com\/kt_gov","https:\/\/www.youtube.com\/@koordinacionotelo"]},{"@type":"Person","@id":"https:\/\/kt.gov.rs\/#\/schema\/person\/e426459ddb4173309103390602694571","name":"ktmin","image":{"@type":"ImageObject","inLanguage":"sq-AL","@id":"https:\/\/secure.gravatar.com\/avatar\/3985c961109853010c3fbc7ba30365bfba5db3dd6c525831d9c595c7525a615a?s=96&d=mm&r=g","url":"https:\/\/secure.gravatar.com\/avatar\/3985c961109853010c3fbc7ba30365bfba5db3dd6c525831d9c595c7525a615a?s=96&d=mm&r=g","contentUrl":"https:\/\/secure.gravatar.com\/avatar\/3985c961109853010c3fbc7ba30365bfba5db3dd6c525831d9c595c7525a615a?s=96&d=mm&r=g","caption":"ktmin"},"sameAs":["https:\/\/kt.gov.rs"],"url":"https:\/\/kt.gov.rs\/sq\/author\/ktmin\/"}]}},"_links":{"self":[{"href":"https:\/\/kt.gov.rs\/sq\/wp-json\/wp\/v2\/posts\/113314","targetHints":{"allow":["GET"]}}],"collection":[{"href":"https:\/\/kt.gov.rs\/sq\/wp-json\/wp\/v2\/posts"}],"about":[{"href":"https:\/\/kt.gov.rs\/sq\/wp-json\/wp\/v2\/types\/post"}],"author":[{"embeddable":true,"href":"https:\/\/kt.gov.rs\/sq\/wp-json\/wp\/v2\/users\/1"}],"replies":[{"embeddable":true,"href":"https:\/\/kt.gov.rs\/sq\/wp-json\/wp\/v2\/comments?post=113314"}],"version-history":[{"count":1,"href":"https:\/\/kt.gov.rs\/sq\/wp-json\/wp\/v2\/posts\/113314\/revisions"}],"predecessor-version":[{"id":113318,"href":"https:\/\/kt.gov.rs\/sq\/wp-json\/wp\/v2\/posts\/113314\/revisions\/113318"}],"wp:featuredmedia":[{"embeddable":true,"href":"https:\/\/kt.gov.rs\/sq\/wp-json\/wp\/v2\/media\/113319"}],"wp:attachment":[{"href":"https:\/\/kt.gov.rs\/sq\/wp-json\/wp\/v2\/media?parent=113314"}],"wp:term":[{"taxonomy":"category","embeddable":true,"href":"https:\/\/kt.gov.rs\/sq\/wp-json\/wp\/v2\/categories?post=113314"},{"taxonomy":"post_tag","embeddable":true,"href":"https:\/\/kt.gov.rs\/sq\/wp-json\/wp\/v2\/tags?post=113314"}],"curies":[{"name":"wp","href":"https:\/\/api.w.org\/{rel}","templated":true}]}}