{"id":113306,"date":"2020-04-08T00:00:00","date_gmt":"2020-04-08T00:00:00","guid":{"rendered":"http:\/\/kt.printandscreen.rs\/pacientet-e-konfirmuar-me-covid-19-nuk-mund-te-trajtohen-me-ne-izolim-shtepiak\/"},"modified":"2024-07-30T18:05:57","modified_gmt":"2024-07-30T18:05:57","slug":"pacientet-e-konfirmuar-me-covid-19-nuk-mund-te-trajtohen-me-ne-izolim-shtepiak","status":"publish","type":"post","link":"https:\/\/kt.gov.rs\/sq\/pacientet-e-konfirmuar-me-covid-19-nuk-mund-te-trajtohen-me-ne-izolim-shtepiak\/","title":{"rendered":"PACIENT\u00cbT E KONFIRMUAR ME COVID 19 NUK MUND T\u00cb TRAJTOHEN M\u00cb N\u00cb IZOLIM SHT\u00cbPIAK"},"content":{"rendered":"<p>\n\t<strong><img decoding=\"async\" alt=\"\" src=\"https:\/\/kt.gov.rs\/wp-content\/uploads\/2024\/07\/1586337639_080420_1-4.jpg\" style=\"width: 315px; height: 230px; float: left;\" \/><\/strong><strong>Beograd-<\/strong>Pacient\u00ebt e konfirmuar me COVID 19 nuk mund t\u00eb trajtohen m\u00eb <em>n\u00eb izolim sht\u00ebpiak<\/em> . Sipas udh\u00ebzimeve t\u00eb fundit nga vet\u00ebqeverisjet lokale t\u00eb marra nga shteti, pacient\u00ebt me k\u00ebt\u00eb s\u00ebmundje ngjit\u00ebse duhet t\u00eb l\u00ebvizin nga izolimi sht\u00ebpiak n\u00eb spitale t\u00eb destinuara n\u00eb Beograd, Novi Sad dhe Nish, nga ku, pas trageteve, n\u00eb var\u00ebsi t\u00eb statusit t\u00eb tyre sh\u00ebndet\u00ebsor, ata mund t\u00eb referohen dhe n\u00eb spitalet Kovid.<\/p>\n<p>\n\tVet\u00ebqeverisjet lokale jan\u00eb t\u00eb detyruara t\u00eb ndjekin k\u00ebt\u00eb udh\u00ebzim, t\u00eb cilin e mor\u00ebn nga Ministria e Sh\u00ebndet\u00ebsis\u00eb dhe Instituti &quot;Dr Milan Jovanoviq Batut&quot;.<\/p>\n<p>\n\t&quot;Kjo, sipas vendimit t\u00eb Qeveris\u00eb, vlen p\u00ebr t\u00eb gjith\u00eb t\u00eb diagnostikuar me COVID 19 Arsyeja p\u00ebr t\u00eb marr\u00eb nj\u00eb vendim kaq t\u00eb r\u00ebnd\u00ebsish\u00ebm p\u00ebr ndalimin e p\u00ebrhapjes s\u00eb infeksionit t\u00eb virusit korona \u00ebsht\u00eb e dyfisht\u00eb: arsyeja e par\u00eb \u00ebsht\u00eb se pacient\u00ebt me COVID 19 t\u00eb provuar, t\u00eb cil\u00ebt jan\u00eb n\u00eb n\u00eb sht\u00ebpi, mund t\u00eb p\u00ebrhap\u00eb infeksionin te an\u00ebtar\u00ebt e familjes s\u00eb tyre dhe mjedisin, dhe arsyeja e dyt\u00eb \u00ebsht\u00eb paparashikueshm\u00ebria e vet\u00eb s\u00ebmundjes, sepse edhe n\u00eb pacient\u00ebt me simptoma t\u00eb buta, s\u00ebmundja mund t\u00eb p\u00ebrkeq\u00ebsohet, gj\u00eb q\u00eb mund t\u00eb rrezikoj\u00eb jet\u00ebn e pacientit &quot;, tha Dr. Verica Jovanoviq <em>drejtoresha e Institutit<\/em>\u00a0\u00a0 &quot; Dr Milan Jovanoviq Batut &quot;<\/p>\n<p>\n\tVendimi, si\u00e7 tha Dr. Jovanovi\u00e7,vlen p\u00ebr t\u00eb gjith\u00eb ata q\u00eb diagnostikohen q\u00eb nuk jan\u00eb n\u00eb spitale , por zbatimi i tij, megjithat\u00eb, do t\u00eb p\u00ebrshtatet n\u00eb koh\u00ebn e diagnostikimit dhe gjendjen specifike sh\u00ebndet\u00ebsore t\u00eb secilit pacient.<\/p>\n<p>\n\t<strong>Burimi: Ve\u00e7ernje Novosti dhe Trupi Koordinues<\/strong><\/p>\n<p>\n\t\u00a0<\/p>\n","protected":false},"excerpt":{"rendered":"<p>Beograd-Pacient\u00ebt e konfirmuar me COVID 19 nuk mund t\u00eb trajtohen m\u00eb\u00a0n\u00eb izolim sht\u00ebpiak\u00a0. Sipas udh\u00ebzimeve t\u00eb fundit nga vet\u00ebqeverisjet lokale t\u00eb marra nga shteti, pacient\u00ebt me k\u00ebt\u00eb s\u00ebmundje ngjit\u00ebse\u2026<\/p>\n","protected":false},"author":1,"featured_media":113311,"comment_status":"closed","ping_status":"closed","sticky":false,"template":"","format":"standard","meta":{"footnotes":""},"categories":[55],"tags":[],"class_list":["post-113306","post","type-post","status-publish","format-standard","has-post-thumbnail","hentry","category-lajme"],"yoast_head":"<!-- This site is optimized with the Yoast SEO plugin v27.5 - https:\/\/yoast.com\/product\/yoast-seo-wordpress\/ -->\n<title>PACIENT\u00cbT E KONFIRMUAR ME COVID 19 NUK MUND T\u00cb TRAJTOHEN M\u00cb N\u00cb IZOLIM SHT\u00cbPIAK - Republika e S\u00ebrbis\u00eb Trupi Koordinues p\u00ebr komunat Bujanoc, Preshev\u00eb dhe Medvegj\u00eb<\/title>\n<meta name=\"robots\" content=\"index, follow, max-snippet:-1, max-image-preview:large, max-video-preview:-1\" \/>\n<link rel=\"canonical\" href=\"https:\/\/kt.gov.rs\/sq\/pacientet-e-konfirmuar-me-covid-19-nuk-mund-te-trajtohen-me-ne-izolim-shtepiak\/\" \/>\n<meta property=\"og:locale\" content=\"sq_AL\" \/>\n<meta property=\"og:type\" content=\"article\" \/>\n<meta property=\"og:title\" content=\"PACIENT\u00cbT E KONFIRMUAR ME COVID 19 NUK MUND T\u00cb TRAJTOHEN M\u00cb N\u00cb IZOLIM SHT\u00cbPIAK - Republika e S\u00ebrbis\u00eb Trupi Koordinues p\u00ebr komunat Bujanoc, Preshev\u00eb dhe Medvegj\u00eb\" \/>\n<meta property=\"og:description\" content=\"Beograd-Pacient\u00ebt e konfirmuar me COVID 19 nuk mund t\u00eb trajtohen m\u00eb\u00a0n\u00eb izolim sht\u00ebpiak\u00a0. Sipas udh\u00ebzimeve t\u00eb fundit nga vet\u00ebqeverisjet lokale t\u00eb marra nga shteti, pacient\u00ebt me k\u00ebt\u00eb s\u00ebmundje ngjit\u00ebse...\" \/>\n<meta property=\"og:url\" content=\"https:\/\/kt.gov.rs\/sq\/pacientet-e-konfirmuar-me-covid-19-nuk-mund-te-trajtohen-me-ne-izolim-shtepiak\/\" \/>\n<meta property=\"og:site_name\" content=\"Republika e S\u00ebrbis\u00eb Trupi Koordinues p\u00ebr komunat Bujanoc, Preshev\u00eb dhe Medvegj\u00eb\" \/>\n<meta property=\"article:publisher\" content=\"https:\/\/www.facebook.com\/SluzbaKoordinacionogTelaVladeRepublikeSrbije\" \/>\n<meta property=\"article:published_time\" content=\"2020-04-08T00:00:00+00:00\" \/>\n<meta property=\"article:modified_time\" content=\"2024-07-30T18:05:57+00:00\" \/>\n<meta property=\"og:image\" content=\"https:\/\/kt.gov.rs\/wp-content\/uploads\/2024\/07\/1586337639_080420_1-5.jpg\" \/>\n\t<meta property=\"og:image:width\" content=\"315\" \/>\n\t<meta property=\"og:image:height\" content=\"230\" \/>\n\t<meta property=\"og:image:type\" content=\"image\/jpeg\" \/>\n<meta name=\"author\" content=\"ktmin\" \/>\n<meta name=\"twitter:card\" content=\"summary_large_image\" \/>\n<meta name=\"twitter:creator\" content=\"@kt_gov\" \/>\n<meta name=\"twitter:site\" content=\"@kt_gov\" \/>\n<meta name=\"twitter:label1\" content=\"Written by\" \/>\n\t<meta name=\"twitter:data1\" content=\"ktmin\" \/>\n\t<meta name=\"twitter:label2\" content=\"Est. reading time\" \/>\n\t<meta name=\"twitter:data2\" content=\"2 minutes\" \/>\n<script type=\"application\/ld+json\" class=\"yoast-schema-graph\">{\"@context\":\"https:\\\/\\\/schema.org\",\"@graph\":[{\"@type\":\"Article\",\"@id\":\"https:\\\/\\\/kt.gov.rs\\\/sq\\\/pacientet-e-konfirmuar-me-covid-19-nuk-mund-te-trajtohen-me-ne-izolim-shtepiak\\\/#article\",\"isPartOf\":{\"@id\":\"https:\\\/\\\/kt.gov.rs\\\/sq\\\/pacientet-e-konfirmuar-me-covid-19-nuk-mund-te-trajtohen-me-ne-izolim-shtepiak\\\/\"},\"author\":{\"name\":\"ktmin\",\"@id\":\"https:\\\/\\\/kt.gov.rs\\\/#\\\/schema\\\/person\\\/e426459ddb4173309103390602694571\"},\"headline\":\"PACIENT\u00cbT E KONFIRMUAR ME COVID 19 NUK MUND T\u00cb TRAJTOHEN M\u00cb N\u00cb IZOLIM SHT\u00cbPIAK\",\"datePublished\":\"2020-04-08T00:00:00+00:00\",\"dateModified\":\"2024-07-30T18:05:57+00:00\",\"mainEntityOfPage\":{\"@id\":\"https:\\\/\\\/kt.gov.rs\\\/sq\\\/pacientet-e-konfirmuar-me-covid-19-nuk-mund-te-trajtohen-me-ne-izolim-shtepiak\\\/\"},\"wordCount\":414,\"publisher\":{\"@id\":\"https:\\\/\\\/kt.gov.rs\\\/#organization\"},\"image\":{\"@id\":\"https:\\\/\\\/kt.gov.rs\\\/sq\\\/pacientet-e-konfirmuar-me-covid-19-nuk-mund-te-trajtohen-me-ne-izolim-shtepiak\\\/#primaryimage\"},\"thumbnailUrl\":\"https:\\\/\\\/kt.gov.rs\\\/wp-content\\\/uploads\\\/2024\\\/07\\\/1586337639_080420_1-5.jpg\",\"articleSection\":[\"Lajme\"],\"inLanguage\":\"sq-AL\"},{\"@type\":\"WebPage\",\"@id\":\"https:\\\/\\\/kt.gov.rs\\\/sq\\\/pacientet-e-konfirmuar-me-covid-19-nuk-mund-te-trajtohen-me-ne-izolim-shtepiak\\\/\",\"url\":\"https:\\\/\\\/kt.gov.rs\\\/sq\\\/pacientet-e-konfirmuar-me-covid-19-nuk-mund-te-trajtohen-me-ne-izolim-shtepiak\\\/\",\"name\":\"PACIENT\u00cbT E KONFIRMUAR ME COVID 19 NUK MUND T\u00cb TRAJTOHEN M\u00cb N\u00cb IZOLIM SHT\u00cbPIAK - Republika e S\u00ebrbis\u00eb Trupi Koordinues p\u00ebr komunat Bujanoc, Preshev\u00eb dhe Medvegj\u00eb\",\"isPartOf\":{\"@id\":\"https:\\\/\\\/kt.gov.rs\\\/#website\"},\"primaryImageOfPage\":{\"@id\":\"https:\\\/\\\/kt.gov.rs\\\/sq\\\/pacientet-e-konfirmuar-me-covid-19-nuk-mund-te-trajtohen-me-ne-izolim-shtepiak\\\/#primaryimage\"},\"image\":{\"@id\":\"https:\\\/\\\/kt.gov.rs\\\/sq\\\/pacientet-e-konfirmuar-me-covid-19-nuk-mund-te-trajtohen-me-ne-izolim-shtepiak\\\/#primaryimage\"},\"thumbnailUrl\":\"https:\\\/\\\/kt.gov.rs\\\/wp-content\\\/uploads\\\/2024\\\/07\\\/1586337639_080420_1-5.jpg\",\"datePublished\":\"2020-04-08T00:00:00+00:00\",\"dateModified\":\"2024-07-30T18:05:57+00:00\",\"breadcrumb\":{\"@id\":\"https:\\\/\\\/kt.gov.rs\\\/sq\\\/pacientet-e-konfirmuar-me-covid-19-nuk-mund-te-trajtohen-me-ne-izolim-shtepiak\\\/#breadcrumb\"},\"inLanguage\":\"sq-AL\",\"potentialAction\":[{\"@type\":\"ReadAction\",\"target\":[\"https:\\\/\\\/kt.gov.rs\\\/sq\\\/pacientet-e-konfirmuar-me-covid-19-nuk-mund-te-trajtohen-me-ne-izolim-shtepiak\\\/\"]}]},{\"@type\":\"ImageObject\",\"inLanguage\":\"sq-AL\",\"@id\":\"https:\\\/\\\/kt.gov.rs\\\/sq\\\/pacientet-e-konfirmuar-me-covid-19-nuk-mund-te-trajtohen-me-ne-izolim-shtepiak\\\/#primaryimage\",\"url\":\"https:\\\/\\\/kt.gov.rs\\\/wp-content\\\/uploads\\\/2024\\\/07\\\/1586337639_080420_1-5.jpg\",\"contentUrl\":\"https:\\\/\\\/kt.gov.rs\\\/wp-content\\\/uploads\\\/2024\\\/07\\\/1586337639_080420_1-5.jpg\",\"width\":315,\"height\":230},{\"@type\":\"BreadcrumbList\",\"@id\":\"https:\\\/\\\/kt.gov.rs\\\/sq\\\/pacientet-e-konfirmuar-me-covid-19-nuk-mund-te-trajtohen-me-ne-izolim-shtepiak\\\/#breadcrumb\",\"itemListElement\":[{\"@type\":\"ListItem\",\"position\":1,\"name\":\"\u041f\u043e\u0447\u0435\u0442\u043d\u0430\",\"item\":\"https:\\\/\\\/kt.gov.rs\\\/sq\\\/\"},{\"@type\":\"ListItem\",\"position\":2,\"name\":\"PACIENT\u00cbT E KONFIRMUAR ME COVID 19 NUK MUND T\u00cb TRAJTOHEN M\u00cb N\u00cb IZOLIM SHT\u00cbPIAK\"}]},{\"@type\":\"WebSite\",\"@id\":\"https:\\\/\\\/kt.gov.rs\\\/#website\",\"url\":\"https:\\\/\\\/kt.gov.rs\\\/\",\"name\":\"\u041a\u043e\u043e\u0440\u0434\u0438\u043d\u0430\u0446\u0438\u043e\u043d\u043e \u0442\u0435\u043b\u043e \u0412\u043b\u0430\u0434\u0435 \u0420\u0435\u043f\u0443\u0431\u043b\u0438\u043a\u0435 \u0421\u0440\u0431\u0438\u0458\u0435 \u0437\u0430 \u043e\u043f\u0448\u0442\u0438\u043d\u0435 \u041f\u0440\u0435\u0448\u0435\u0432\u043e, \u0411\u0443\u0458\u0430\u043d\u043e\u0432\u0430\u0446 \u0438 \u041c\u0435\u0434\u0432\u0435\u0452a\",\"description\":\"\",\"publisher\":{\"@id\":\"https:\\\/\\\/kt.gov.rs\\\/#organization\"},\"alternateName\":\"\u041a\u043e\u043e\u0440\u0434\u0438\u043d\u0430\u0446\u0438\u043e\u043d\u043e \u0442\u0435\u043b\u043e\",\"potentialAction\":[{\"@type\":\"SearchAction\",\"target\":{\"@type\":\"EntryPoint\",\"urlTemplate\":\"https:\\\/\\\/kt.gov.rs\\\/?s={search_term_string}\"},\"query-input\":{\"@type\":\"PropertyValueSpecification\",\"valueRequired\":true,\"valueName\":\"search_term_string\"}}],\"inLanguage\":\"sq-AL\"},{\"@type\":\"Organization\",\"@id\":\"https:\\\/\\\/kt.gov.rs\\\/#organization\",\"name\":\"\u041a\u043e\u043e\u0440\u0434\u0438\u043d\u0430\u0446\u0438\u043e\u043d\u043e \u0442\u0435\u043b\u043e \u0412\u043b\u0430\u0434\u0435 \u0420\u0435\u043f\u0443\u0431\u043b\u0438\u043a\u0435 \u0421\u0440\u0431\u0438\u0458\u0435 \u0437\u0430 \u043e\u043f\u0448\u0442\u0438\u043d\u0435 \u041f\u0440\u0435\u0448\u0435\u0432\u043e, \u0411\u0443\u0458\u0430\u043d\u043e\u0432\u0430\u0446 \u0438 \u041c\u0435\u0434\u0432\u0435\u0452a\",\"alternateName\":\"\u041a\u043e\u043e\u0440\u0434\u0438\u043d\u0430\u0446\u0438\u043e\u043d\u043e \u0442\u0435\u043b\u043e\",\"url\":\"https:\\\/\\\/kt.gov.rs\\\/\",\"logo\":{\"@type\":\"ImageObject\",\"inLanguage\":\"sq-AL\",\"@id\":\"https:\\\/\\\/kt.gov.rs\\\/#\\\/schema\\\/logo\\\/image\\\/\",\"url\":\"https:\\\/\\\/kt.gov.rs\\\/wp-content\\\/uploads\\\/2024\\\/12\\\/koord2.jpg\",\"contentUrl\":\"https:\\\/\\\/kt.gov.rs\\\/wp-content\\\/uploads\\\/2024\\\/12\\\/koord2.jpg\",\"width\":640,\"height\":480,\"caption\":\"\u041a\u043e\u043e\u0440\u0434\u0438\u043d\u0430\u0446\u0438\u043e\u043d\u043e \u0442\u0435\u043b\u043e \u0412\u043b\u0430\u0434\u0435 \u0420\u0435\u043f\u0443\u0431\u043b\u0438\u043a\u0435 \u0421\u0440\u0431\u0438\u0458\u0435 \u0437\u0430 \u043e\u043f\u0448\u0442\u0438\u043d\u0435 \u041f\u0440\u0435\u0448\u0435\u0432\u043e, \u0411\u0443\u0458\u0430\u043d\u043e\u0432\u0430\u0446 \u0438 \u041c\u0435\u0434\u0432\u0435\u0452a\"},\"image\":{\"@id\":\"https:\\\/\\\/kt.gov.rs\\\/#\\\/schema\\\/logo\\\/image\\\/\"},\"sameAs\":[\"https:\\\/\\\/www.facebook.com\\\/SluzbaKoordinacionogTelaVladeRepublikeSrbije\",\"https:\\\/\\\/x.com\\\/kt_gov\",\"https:\\\/\\\/www.youtube.com\\\/@koordinacionotelo\"]},{\"@type\":\"Person\",\"@id\":\"https:\\\/\\\/kt.gov.rs\\\/#\\\/schema\\\/person\\\/e426459ddb4173309103390602694571\",\"name\":\"ktmin\",\"image\":{\"@type\":\"ImageObject\",\"inLanguage\":\"sq-AL\",\"@id\":\"https:\\\/\\\/secure.gravatar.com\\\/avatar\\\/3985c961109853010c3fbc7ba30365bfba5db3dd6c525831d9c595c7525a615a?s=96&d=mm&r=g\",\"url\":\"https:\\\/\\\/secure.gravatar.com\\\/avatar\\\/3985c961109853010c3fbc7ba30365bfba5db3dd6c525831d9c595c7525a615a?s=96&d=mm&r=g\",\"contentUrl\":\"https:\\\/\\\/secure.gravatar.com\\\/avatar\\\/3985c961109853010c3fbc7ba30365bfba5db3dd6c525831d9c595c7525a615a?s=96&d=mm&r=g\",\"caption\":\"ktmin\"},\"sameAs\":[\"https:\\\/\\\/kt.gov.rs\"],\"url\":\"https:\\\/\\\/kt.gov.rs\\\/sq\\\/author\\\/ktmin\\\/\"}]}<\/script>\n<!-- \/ Yoast SEO plugin. -->","yoast_head_json":{"title":"PACIENT\u00cbT E KONFIRMUAR ME COVID 19 NUK MUND T\u00cb TRAJTOHEN M\u00cb N\u00cb IZOLIM SHT\u00cbPIAK - Republika e S\u00ebrbis\u00eb Trupi Koordinues p\u00ebr komunat Bujanoc, Preshev\u00eb dhe Medvegj\u00eb","robots":{"index":"index","follow":"follow","max-snippet":"max-snippet:-1","max-image-preview":"max-image-preview:large","max-video-preview":"max-video-preview:-1"},"canonical":"https:\/\/kt.gov.rs\/sq\/pacientet-e-konfirmuar-me-covid-19-nuk-mund-te-trajtohen-me-ne-izolim-shtepiak\/","og_locale":"sq_AL","og_type":"article","og_title":"PACIENT\u00cbT E KONFIRMUAR ME COVID 19 NUK MUND T\u00cb TRAJTOHEN M\u00cb N\u00cb IZOLIM SHT\u00cbPIAK - Republika e S\u00ebrbis\u00eb Trupi Koordinues p\u00ebr komunat Bujanoc, Preshev\u00eb dhe Medvegj\u00eb","og_description":"Beograd-Pacient\u00ebt e konfirmuar me COVID 19 nuk mund t\u00eb trajtohen m\u00eb\u00a0n\u00eb izolim sht\u00ebpiak\u00a0. Sipas udh\u00ebzimeve t\u00eb fundit nga vet\u00ebqeverisjet lokale t\u00eb marra nga shteti, pacient\u00ebt me k\u00ebt\u00eb s\u00ebmundje ngjit\u00ebse...","og_url":"https:\/\/kt.gov.rs\/sq\/pacientet-e-konfirmuar-me-covid-19-nuk-mund-te-trajtohen-me-ne-izolim-shtepiak\/","og_site_name":"Republika e S\u00ebrbis\u00eb Trupi Koordinues p\u00ebr komunat Bujanoc, Preshev\u00eb dhe Medvegj\u00eb","article_publisher":"https:\/\/www.facebook.com\/SluzbaKoordinacionogTelaVladeRepublikeSrbije","article_published_time":"2020-04-08T00:00:00+00:00","article_modified_time":"2024-07-30T18:05:57+00:00","og_image":[{"width":315,"height":230,"url":"https:\/\/kt.gov.rs\/wp-content\/uploads\/2024\/07\/1586337639_080420_1-5.jpg","type":"image\/jpeg"}],"author":"ktmin","twitter_card":"summary_large_image","twitter_creator":"@kt_gov","twitter_site":"@kt_gov","twitter_misc":{"Written by":"ktmin","Est. reading time":"2 minutes"},"schema":{"@context":"https:\/\/schema.org","@graph":[{"@type":"Article","@id":"https:\/\/kt.gov.rs\/sq\/pacientet-e-konfirmuar-me-covid-19-nuk-mund-te-trajtohen-me-ne-izolim-shtepiak\/#article","isPartOf":{"@id":"https:\/\/kt.gov.rs\/sq\/pacientet-e-konfirmuar-me-covid-19-nuk-mund-te-trajtohen-me-ne-izolim-shtepiak\/"},"author":{"name":"ktmin","@id":"https:\/\/kt.gov.rs\/#\/schema\/person\/e426459ddb4173309103390602694571"},"headline":"PACIENT\u00cbT E KONFIRMUAR ME COVID 19 NUK MUND T\u00cb TRAJTOHEN M\u00cb N\u00cb IZOLIM SHT\u00cbPIAK","datePublished":"2020-04-08T00:00:00+00:00","dateModified":"2024-07-30T18:05:57+00:00","mainEntityOfPage":{"@id":"https:\/\/kt.gov.rs\/sq\/pacientet-e-konfirmuar-me-covid-19-nuk-mund-te-trajtohen-me-ne-izolim-shtepiak\/"},"wordCount":414,"publisher":{"@id":"https:\/\/kt.gov.rs\/#organization"},"image":{"@id":"https:\/\/kt.gov.rs\/sq\/pacientet-e-konfirmuar-me-covid-19-nuk-mund-te-trajtohen-me-ne-izolim-shtepiak\/#primaryimage"},"thumbnailUrl":"https:\/\/kt.gov.rs\/wp-content\/uploads\/2024\/07\/1586337639_080420_1-5.jpg","articleSection":["Lajme"],"inLanguage":"sq-AL"},{"@type":"WebPage","@id":"https:\/\/kt.gov.rs\/sq\/pacientet-e-konfirmuar-me-covid-19-nuk-mund-te-trajtohen-me-ne-izolim-shtepiak\/","url":"https:\/\/kt.gov.rs\/sq\/pacientet-e-konfirmuar-me-covid-19-nuk-mund-te-trajtohen-me-ne-izolim-shtepiak\/","name":"PACIENT\u00cbT E KONFIRMUAR ME COVID 19 NUK MUND T\u00cb TRAJTOHEN M\u00cb N\u00cb IZOLIM SHT\u00cbPIAK - Republika e S\u00ebrbis\u00eb Trupi Koordinues p\u00ebr komunat Bujanoc, Preshev\u00eb dhe Medvegj\u00eb","isPartOf":{"@id":"https:\/\/kt.gov.rs\/#website"},"primaryImageOfPage":{"@id":"https:\/\/kt.gov.rs\/sq\/pacientet-e-konfirmuar-me-covid-19-nuk-mund-te-trajtohen-me-ne-izolim-shtepiak\/#primaryimage"},"image":{"@id":"https:\/\/kt.gov.rs\/sq\/pacientet-e-konfirmuar-me-covid-19-nuk-mund-te-trajtohen-me-ne-izolim-shtepiak\/#primaryimage"},"thumbnailUrl":"https:\/\/kt.gov.rs\/wp-content\/uploads\/2024\/07\/1586337639_080420_1-5.jpg","datePublished":"2020-04-08T00:00:00+00:00","dateModified":"2024-07-30T18:05:57+00:00","breadcrumb":{"@id":"https:\/\/kt.gov.rs\/sq\/pacientet-e-konfirmuar-me-covid-19-nuk-mund-te-trajtohen-me-ne-izolim-shtepiak\/#breadcrumb"},"inLanguage":"sq-AL","potentialAction":[{"@type":"ReadAction","target":["https:\/\/kt.gov.rs\/sq\/pacientet-e-konfirmuar-me-covid-19-nuk-mund-te-trajtohen-me-ne-izolim-shtepiak\/"]}]},{"@type":"ImageObject","inLanguage":"sq-AL","@id":"https:\/\/kt.gov.rs\/sq\/pacientet-e-konfirmuar-me-covid-19-nuk-mund-te-trajtohen-me-ne-izolim-shtepiak\/#primaryimage","url":"https:\/\/kt.gov.rs\/wp-content\/uploads\/2024\/07\/1586337639_080420_1-5.jpg","contentUrl":"https:\/\/kt.gov.rs\/wp-content\/uploads\/2024\/07\/1586337639_080420_1-5.jpg","width":315,"height":230},{"@type":"BreadcrumbList","@id":"https:\/\/kt.gov.rs\/sq\/pacientet-e-konfirmuar-me-covid-19-nuk-mund-te-trajtohen-me-ne-izolim-shtepiak\/#breadcrumb","itemListElement":[{"@type":"ListItem","position":1,"name":"\u041f\u043e\u0447\u0435\u0442\u043d\u0430","item":"https:\/\/kt.gov.rs\/sq\/"},{"@type":"ListItem","position":2,"name":"PACIENT\u00cbT E KONFIRMUAR ME COVID 19 NUK MUND T\u00cb TRAJTOHEN M\u00cb N\u00cb IZOLIM SHT\u00cbPIAK"}]},{"@type":"WebSite","@id":"https:\/\/kt.gov.rs\/#website","url":"https:\/\/kt.gov.rs\/","name":"\u041a\u043e\u043e\u0440\u0434\u0438\u043d\u0430\u0446\u0438\u043e\u043d\u043e \u0442\u0435\u043b\u043e \u0412\u043b\u0430\u0434\u0435 \u0420\u0435\u043f\u0443\u0431\u043b\u0438\u043a\u0435 \u0421\u0440\u0431\u0438\u0458\u0435 \u0437\u0430 \u043e\u043f\u0448\u0442\u0438\u043d\u0435 \u041f\u0440\u0435\u0448\u0435\u0432\u043e, \u0411\u0443\u0458\u0430\u043d\u043e\u0432\u0430\u0446 \u0438 \u041c\u0435\u0434\u0432\u0435\u0452a","description":"","publisher":{"@id":"https:\/\/kt.gov.rs\/#organization"},"alternateName":"\u041a\u043e\u043e\u0440\u0434\u0438\u043d\u0430\u0446\u0438\u043e\u043d\u043e \u0442\u0435\u043b\u043e","potentialAction":[{"@type":"SearchAction","target":{"@type":"EntryPoint","urlTemplate":"https:\/\/kt.gov.rs\/?s={search_term_string}"},"query-input":{"@type":"PropertyValueSpecification","valueRequired":true,"valueName":"search_term_string"}}],"inLanguage":"sq-AL"},{"@type":"Organization","@id":"https:\/\/kt.gov.rs\/#organization","name":"\u041a\u043e\u043e\u0440\u0434\u0438\u043d\u0430\u0446\u0438\u043e\u043d\u043e \u0442\u0435\u043b\u043e \u0412\u043b\u0430\u0434\u0435 \u0420\u0435\u043f\u0443\u0431\u043b\u0438\u043a\u0435 \u0421\u0440\u0431\u0438\u0458\u0435 \u0437\u0430 \u043e\u043f\u0448\u0442\u0438\u043d\u0435 \u041f\u0440\u0435\u0448\u0435\u0432\u043e, \u0411\u0443\u0458\u0430\u043d\u043e\u0432\u0430\u0446 \u0438 \u041c\u0435\u0434\u0432\u0435\u0452a","alternateName":"\u041a\u043e\u043e\u0440\u0434\u0438\u043d\u0430\u0446\u0438\u043e\u043d\u043e \u0442\u0435\u043b\u043e","url":"https:\/\/kt.gov.rs\/","logo":{"@type":"ImageObject","inLanguage":"sq-AL","@id":"https:\/\/kt.gov.rs\/#\/schema\/logo\/image\/","url":"https:\/\/kt.gov.rs\/wp-content\/uploads\/2024\/12\/koord2.jpg","contentUrl":"https:\/\/kt.gov.rs\/wp-content\/uploads\/2024\/12\/koord2.jpg","width":640,"height":480,"caption":"\u041a\u043e\u043e\u0440\u0434\u0438\u043d\u0430\u0446\u0438\u043e\u043d\u043e \u0442\u0435\u043b\u043e \u0412\u043b\u0430\u0434\u0435 \u0420\u0435\u043f\u0443\u0431\u043b\u0438\u043a\u0435 \u0421\u0440\u0431\u0438\u0458\u0435 \u0437\u0430 \u043e\u043f\u0448\u0442\u0438\u043d\u0435 \u041f\u0440\u0435\u0448\u0435\u0432\u043e, \u0411\u0443\u0458\u0430\u043d\u043e\u0432\u0430\u0446 \u0438 \u041c\u0435\u0434\u0432\u0435\u0452a"},"image":{"@id":"https:\/\/kt.gov.rs\/#\/schema\/logo\/image\/"},"sameAs":["https:\/\/www.facebook.com\/SluzbaKoordinacionogTelaVladeRepublikeSrbije","https:\/\/x.com\/kt_gov","https:\/\/www.youtube.com\/@koordinacionotelo"]},{"@type":"Person","@id":"https:\/\/kt.gov.rs\/#\/schema\/person\/e426459ddb4173309103390602694571","name":"ktmin","image":{"@type":"ImageObject","inLanguage":"sq-AL","@id":"https:\/\/secure.gravatar.com\/avatar\/3985c961109853010c3fbc7ba30365bfba5db3dd6c525831d9c595c7525a615a?s=96&d=mm&r=g","url":"https:\/\/secure.gravatar.com\/avatar\/3985c961109853010c3fbc7ba30365bfba5db3dd6c525831d9c595c7525a615a?s=96&d=mm&r=g","contentUrl":"https:\/\/secure.gravatar.com\/avatar\/3985c961109853010c3fbc7ba30365bfba5db3dd6c525831d9c595c7525a615a?s=96&d=mm&r=g","caption":"ktmin"},"sameAs":["https:\/\/kt.gov.rs"],"url":"https:\/\/kt.gov.rs\/sq\/author\/ktmin\/"}]}},"_links":{"self":[{"href":"https:\/\/kt.gov.rs\/sq\/wp-json\/wp\/v2\/posts\/113306","targetHints":{"allow":["GET"]}}],"collection":[{"href":"https:\/\/kt.gov.rs\/sq\/wp-json\/wp\/v2\/posts"}],"about":[{"href":"https:\/\/kt.gov.rs\/sq\/wp-json\/wp\/v2\/types\/post"}],"author":[{"embeddable":true,"href":"https:\/\/kt.gov.rs\/sq\/wp-json\/wp\/v2\/users\/1"}],"replies":[{"embeddable":true,"href":"https:\/\/kt.gov.rs\/sq\/wp-json\/wp\/v2\/comments?post=113306"}],"version-history":[{"count":1,"href":"https:\/\/kt.gov.rs\/sq\/wp-json\/wp\/v2\/posts\/113306\/revisions"}],"predecessor-version":[{"id":113310,"href":"https:\/\/kt.gov.rs\/sq\/wp-json\/wp\/v2\/posts\/113306\/revisions\/113310"}],"wp:featuredmedia":[{"embeddable":true,"href":"https:\/\/kt.gov.rs\/sq\/wp-json\/wp\/v2\/media\/113311"}],"wp:attachment":[{"href":"https:\/\/kt.gov.rs\/sq\/wp-json\/wp\/v2\/media?parent=113306"}],"wp:term":[{"taxonomy":"category","embeddable":true,"href":"https:\/\/kt.gov.rs\/sq\/wp-json\/wp\/v2\/categories?post=113306"},{"taxonomy":"post_tag","embeddable":true,"href":"https:\/\/kt.gov.rs\/sq\/wp-json\/wp\/v2\/tags?post=113306"}],"curies":[{"name":"wp","href":"https:\/\/api.w.org\/{rel}","templated":true}]}}