{"id":113298,"date":"2020-04-08T00:00:00","date_gmt":"2020-04-08T00:00:00","guid":{"rendered":"http:\/\/kt.printandscreen.rs\/sfida-e-covid-19-thirrje-per-inovacion-ne-kohe-krize-afatet-10-dhe-24-prill-2020\/"},"modified":"2024-07-30T18:05:56","modified_gmt":"2024-07-30T18:05:56","slug":"sfida-e-covid-19-thirrje-per-inovacion-ne-kohe-krize-afatet-10-dhe-24-prill-2020","status":"publish","type":"post","link":"https:\/\/kt.gov.rs\/sq\/sfida-e-covid-19-thirrje-per-inovacion-ne-kohe-krize-afatet-10-dhe-24-prill-2020\/","title":{"rendered":"SFIDA E COVID-19: THIRRJE P\u00cbR INOVACION N\u00cb KOH\u00cb KRIZE (AFATET 10 DHE 24 PRILL 2020)"},"content":{"rendered":"<p>\n\t<img decoding=\"async\" alt=\"\" src=\"https:\/\/kt.gov.rs\/wp-content\/uploads\/2024\/07\/1586337880_080420_3-4.jpg\" style=\"width: 315px; height: 230px; float: left;\" \/>Programi i Kombeve t\u00eb Bashkuara p\u00ebr Zhvillim, n\u00eb bashk\u00ebpunim me Organizat\u00ebn Bot\u00ebrore t\u00eb Sh\u00ebndetit, <em>ka shpallur thirrje publike<\/em>\u00a0\u00a0\u00a0 p\u00ebr zgjidhje Inovative ose replikim t\u00eb zgjidhjeve ekzistuese t\u00eb p\u00ebrdorura n\u00eb pjes\u00eb t\u00eb tjera t\u00eb bot\u00ebs me q\u00ebllim t\u00eb mbrojtjes s\u00eb ofruesve t\u00eb sh\u00ebrbimeve mjek\u00ebsore dhe kujdestar\u00ebve nga koronavirusi, duke eleminuar pasojat e infeksionit dhe zvog\u00eblimi i rrezikut t\u00eb transmetimit t\u00eb virusit.<\/p>\n<p>\n\tProgrami i Kombeve t\u00eb Bashkuara p\u00ebr Zhvillim (UNDP) n\u00eb Serbi fton personat juridik\u00eb t\u00eb propozojn\u00eb m\u00ebnyra t\u00eb reja p\u00ebr prodhimin ose blerjen e produkteve inovative, zgjidhje teknologjike dhe\u00a0 <em>zinxhir\u00ebve t\u00eb vlerave<\/em>\u00a0 p\u00ebr prodhimin ose blerjen:<\/p>\n<p>\n\t1. Pajisjet mbrojt\u00ebse personale \u2013 PMP (maska, doreza, ,etj.) p\u00ebr t\u00eb mb\u00ebshtetur\u00a0 ofruesit e sh\u00ebrbimeve\u00a0 dhe komunitetet m\u00eb t\u00eb preksh\u00ebm;<\/p>\n<p>\n\t2.Pajisjet mjek\u00ebsore, si\u00e7 jan\u00eb respirator\u00ebt \/ ventilator\u00ebt;<\/p>\n<p>\n\t3. Komplete t\u00eb testimit t\u00eb koronavirusit:<\/p>\n<p>\n\t4. Pajisjet p\u00ebr p\u00ebrmir\u00ebsimin e procesit t\u00eb administrimit t\u00eb mbetjeve mjek\u00ebsore t\u00eb rrezikshme infektive.<\/p>\n<p>\n\tQ\u00ebllimi i sfid\u00ebs nuk \u00ebsht\u00eb vet\u00ebm stimulimi i prodhimit n\u00eb sektorin privat, por edhe stimulimi i inovacionit dhe nd\u00ebrmarr\u00ebsis\u00eb n\u00eb koh\u00eb krizash. Finalist\u00ebt ose projektet e zgjedhura q\u00eb konsiderohen t\u00eb jen\u00eb gati p\u00ebr zbatim do t&#39;u jepet mund\u00ebsia e bashk\u00ebfinancimit t\u00eb shpenzimeve e zbatimit t\u00eb tyre.<\/p>\n<p>\n\tAfatet jan\u00eb:<\/p>\n<p>\n\tAfati i par\u00eb: 10 prill 2020.<\/p>\n<p>\n\tAfati i dyt\u00eb: 24 prill 2020.<\/p>\n<p>\n\tJu lutemi lexoni thirrjen e plot\u00eb n\u00eb <a href=\"https:\/\/www.undp.org\/content\/dam\/serbia\/downloads\/SR_Covid19%20Izazov_WHO&UNDP.pdf\">https:\/\/www.undp.org\/content\/dam\/serbia\/downloads\/SR_Covid19%20Izazov_WHO&UNDP.pdf<\/a>, si dhe udh\u00ebzimet e Organizat\u00ebs Bot\u00ebrore t\u00eb Sh\u00ebndet\u00ebsis\u00eb (OBSH) p\u00ebr specifikimin e paket\u00ebs kund\u00ebr COVID- 19 n\u00eb <a href=\"https:\/\/www.undp.org\/content\/dam\/serbia\/downloads\/Covid%2019-v4_WHO%20&%20UNDP.pdf\">https:\/\/www.undp.org\/content\/dam\/serbia\/downloads\/Covid%2019-v4_WHO%20&%20UNDP.pdf<\/a>\u00a0.\u00a0<\/p>\n<p>\n\t<em>Aplikimi<\/em>\u00a0do t\u00eb\u00a0<em>b\u00ebhet online n\u00eb\u00a0 <\/em><a href=\"https:\/\/forms.office.com\/Pages\/ResponsePage.aspx?id=Xtvls0QpN0iZ9XSIrOVDGRYvBYNedMNGsaREo-h4Eu5URTE5V0JVMFlDRDNPUFM0RjFSUkFQUkJZVS4u\">https:\/\/forms.office.com\/Pages\/ResponsePage.aspx?<\/a><\/p>\n<p>\n\t<strong>Burimi: UNDP dhe Trupi Koordinues<\/strong><\/p>\n<p>\n\t\u00a0<\/p>\n","protected":false},"excerpt":{"rendered":"<p>Programi i Kombeve t\u00eb Bashkuara p\u00ebr Zhvillim, n\u00eb bashk\u00ebpunim me Organizat\u00ebn Bot\u00ebrore t\u00eb Sh\u00ebndetit,\u00a0ka shpallur thirrje publike\u00a0\u00a0\u00a0 p\u00ebr zgjidhje Inovative ose replikim t\u00eb zgjidhjeve ekzistuese t\u00eb p\u00ebrdorura n\u00eb pjes\u00eb t\u00eb tjera t\u00eb bot\u00ebs me q\u00ebllim t\u00eb mbrojtjes s\u00eb ofruesve\u2026<\/p>\n","protected":false},"author":1,"featured_media":113303,"comment_status":"closed","ping_status":"closed","sticky":false,"template":"","format":"standard","meta":{"footnotes":""},"categories":[55],"tags":[],"class_list":["post-113298","post","type-post","status-publish","format-standard","has-post-thumbnail","hentry","category-lajme"],"yoast_head":"<!-- This site is optimized with the Yoast SEO plugin v27.5 - https:\/\/yoast.com\/product\/yoast-seo-wordpress\/ -->\n<title>SFIDA E COVID-19: THIRRJE P\u00cbR INOVACION N\u00cb KOH\u00cb KRIZE (AFATET 10 DHE 24 PRILL 2020) - Republika e S\u00ebrbis\u00eb Trupi Koordinues p\u00ebr komunat Bujanoc, Preshev\u00eb dhe Medvegj\u00eb<\/title>\n<meta name=\"robots\" content=\"index, follow, max-snippet:-1, max-image-preview:large, max-video-preview:-1\" \/>\n<link rel=\"canonical\" href=\"https:\/\/kt.gov.rs\/sq\/sfida-e-covid-19-thirrje-per-inovacion-ne-kohe-krize-afatet-10-dhe-24-prill-2020\/\" \/>\n<meta property=\"og:locale\" content=\"sq_AL\" \/>\n<meta property=\"og:type\" content=\"article\" \/>\n<meta property=\"og:title\" content=\"SFIDA E COVID-19: THIRRJE P\u00cbR INOVACION N\u00cb KOH\u00cb KRIZE (AFATET 10 DHE 24 PRILL 2020) - Republika e S\u00ebrbis\u00eb Trupi Koordinues p\u00ebr komunat Bujanoc, Preshev\u00eb dhe Medvegj\u00eb\" \/>\n<meta property=\"og:description\" content=\"Programi i Kombeve t\u00eb Bashkuara p\u00ebr Zhvillim, n\u00eb bashk\u00ebpunim me Organizat\u00ebn Bot\u00ebrore t\u00eb Sh\u00ebndetit,\u00a0ka shpallur thirrje publike\u00a0\u00a0\u00a0 p\u00ebr zgjidhje Inovative ose replikim t\u00eb zgjidhjeve ekzistuese t\u00eb p\u00ebrdorura n\u00eb pjes\u00eb t\u00eb tjera t\u00eb bot\u00ebs me q\u00ebllim t\u00eb mbrojtjes s\u00eb ofruesve...\" \/>\n<meta property=\"og:url\" content=\"https:\/\/kt.gov.rs\/sq\/sfida-e-covid-19-thirrje-per-inovacion-ne-kohe-krize-afatet-10-dhe-24-prill-2020\/\" \/>\n<meta property=\"og:site_name\" content=\"Republika e S\u00ebrbis\u00eb Trupi Koordinues p\u00ebr komunat Bujanoc, Preshev\u00eb dhe Medvegj\u00eb\" \/>\n<meta property=\"article:publisher\" content=\"https:\/\/www.facebook.com\/SluzbaKoordinacionogTelaVladeRepublikeSrbije\" \/>\n<meta property=\"article:published_time\" content=\"2020-04-08T00:00:00+00:00\" \/>\n<meta property=\"article:modified_time\" content=\"2024-07-30T18:05:56+00:00\" \/>\n<meta property=\"og:image\" content=\"https:\/\/kt.gov.rs\/wp-content\/uploads\/2024\/07\/1586337880_080420_3-5.jpg\" \/>\n\t<meta property=\"og:image:width\" content=\"315\" \/>\n\t<meta property=\"og:image:height\" content=\"230\" \/>\n\t<meta property=\"og:image:type\" content=\"image\/jpeg\" \/>\n<meta name=\"author\" content=\"ktmin\" \/>\n<meta name=\"twitter:card\" content=\"summary_large_image\" \/>\n<meta name=\"twitter:creator\" content=\"@kt_gov\" \/>\n<meta name=\"twitter:site\" content=\"@kt_gov\" \/>\n<meta name=\"twitter:label1\" content=\"Written by\" \/>\n\t<meta name=\"twitter:data1\" content=\"ktmin\" \/>\n\t<meta name=\"twitter:label2\" content=\"Est. reading time\" \/>\n\t<meta name=\"twitter:data2\" content=\"2 minutes\" \/>\n<script type=\"application\/ld+json\" class=\"yoast-schema-graph\">{\"@context\":\"https:\\\/\\\/schema.org\",\"@graph\":[{\"@type\":\"Article\",\"@id\":\"https:\\\/\\\/kt.gov.rs\\\/sq\\\/sfida-e-covid-19-thirrje-per-inovacion-ne-kohe-krize-afatet-10-dhe-24-prill-2020\\\/#article\",\"isPartOf\":{\"@id\":\"https:\\\/\\\/kt.gov.rs\\\/sq\\\/sfida-e-covid-19-thirrje-per-inovacion-ne-kohe-krize-afatet-10-dhe-24-prill-2020\\\/\"},\"author\":{\"name\":\"ktmin\",\"@id\":\"https:\\\/\\\/kt.gov.rs\\\/#\\\/schema\\\/person\\\/e426459ddb4173309103390602694571\"},\"headline\":\"SFIDA E COVID-19: THIRRJE P\u00cbR INOVACION N\u00cb KOH\u00cb KRIZE (AFATET 10 DHE 24 PRILL 2020)\",\"datePublished\":\"2020-04-08T00:00:00+00:00\",\"dateModified\":\"2024-07-30T18:05:56+00:00\",\"mainEntityOfPage\":{\"@id\":\"https:\\\/\\\/kt.gov.rs\\\/sq\\\/sfida-e-covid-19-thirrje-per-inovacion-ne-kohe-krize-afatet-10-dhe-24-prill-2020\\\/\"},\"wordCount\":439,\"publisher\":{\"@id\":\"https:\\\/\\\/kt.gov.rs\\\/#organization\"},\"image\":{\"@id\":\"https:\\\/\\\/kt.gov.rs\\\/sq\\\/sfida-e-covid-19-thirrje-per-inovacion-ne-kohe-krize-afatet-10-dhe-24-prill-2020\\\/#primaryimage\"},\"thumbnailUrl\":\"https:\\\/\\\/kt.gov.rs\\\/wp-content\\\/uploads\\\/2024\\\/07\\\/1586337880_080420_3-5.jpg\",\"articleSection\":[\"Lajme\"],\"inLanguage\":\"sq-AL\"},{\"@type\":\"WebPage\",\"@id\":\"https:\\\/\\\/kt.gov.rs\\\/sq\\\/sfida-e-covid-19-thirrje-per-inovacion-ne-kohe-krize-afatet-10-dhe-24-prill-2020\\\/\",\"url\":\"https:\\\/\\\/kt.gov.rs\\\/sq\\\/sfida-e-covid-19-thirrje-per-inovacion-ne-kohe-krize-afatet-10-dhe-24-prill-2020\\\/\",\"name\":\"SFIDA E COVID-19: THIRRJE P\u00cbR INOVACION N\u00cb KOH\u00cb KRIZE (AFATET 10 DHE 24 PRILL 2020) - Republika e S\u00ebrbis\u00eb Trupi Koordinues p\u00ebr komunat Bujanoc, Preshev\u00eb dhe Medvegj\u00eb\",\"isPartOf\":{\"@id\":\"https:\\\/\\\/kt.gov.rs\\\/#website\"},\"primaryImageOfPage\":{\"@id\":\"https:\\\/\\\/kt.gov.rs\\\/sq\\\/sfida-e-covid-19-thirrje-per-inovacion-ne-kohe-krize-afatet-10-dhe-24-prill-2020\\\/#primaryimage\"},\"image\":{\"@id\":\"https:\\\/\\\/kt.gov.rs\\\/sq\\\/sfida-e-covid-19-thirrje-per-inovacion-ne-kohe-krize-afatet-10-dhe-24-prill-2020\\\/#primaryimage\"},\"thumbnailUrl\":\"https:\\\/\\\/kt.gov.rs\\\/wp-content\\\/uploads\\\/2024\\\/07\\\/1586337880_080420_3-5.jpg\",\"datePublished\":\"2020-04-08T00:00:00+00:00\",\"dateModified\":\"2024-07-30T18:05:56+00:00\",\"breadcrumb\":{\"@id\":\"https:\\\/\\\/kt.gov.rs\\\/sq\\\/sfida-e-covid-19-thirrje-per-inovacion-ne-kohe-krize-afatet-10-dhe-24-prill-2020\\\/#breadcrumb\"},\"inLanguage\":\"sq-AL\",\"potentialAction\":[{\"@type\":\"ReadAction\",\"target\":[\"https:\\\/\\\/kt.gov.rs\\\/sq\\\/sfida-e-covid-19-thirrje-per-inovacion-ne-kohe-krize-afatet-10-dhe-24-prill-2020\\\/\"]}]},{\"@type\":\"ImageObject\",\"inLanguage\":\"sq-AL\",\"@id\":\"https:\\\/\\\/kt.gov.rs\\\/sq\\\/sfida-e-covid-19-thirrje-per-inovacion-ne-kohe-krize-afatet-10-dhe-24-prill-2020\\\/#primaryimage\",\"url\":\"https:\\\/\\\/kt.gov.rs\\\/wp-content\\\/uploads\\\/2024\\\/07\\\/1586337880_080420_3-5.jpg\",\"contentUrl\":\"https:\\\/\\\/kt.gov.rs\\\/wp-content\\\/uploads\\\/2024\\\/07\\\/1586337880_080420_3-5.jpg\",\"width\":315,\"height\":230},{\"@type\":\"BreadcrumbList\",\"@id\":\"https:\\\/\\\/kt.gov.rs\\\/sq\\\/sfida-e-covid-19-thirrje-per-inovacion-ne-kohe-krize-afatet-10-dhe-24-prill-2020\\\/#breadcrumb\",\"itemListElement\":[{\"@type\":\"ListItem\",\"position\":1,\"name\":\"\u041f\u043e\u0447\u0435\u0442\u043d\u0430\",\"item\":\"https:\\\/\\\/kt.gov.rs\\\/sq\\\/\"},{\"@type\":\"ListItem\",\"position\":2,\"name\":\"SFIDA E COVID-19: THIRRJE P\u00cbR INOVACION N\u00cb KOH\u00cb KRIZE (AFATET 10 DHE 24 PRILL 2020)\"}]},{\"@type\":\"WebSite\",\"@id\":\"https:\\\/\\\/kt.gov.rs\\\/#website\",\"url\":\"https:\\\/\\\/kt.gov.rs\\\/\",\"name\":\"\u041a\u043e\u043e\u0440\u0434\u0438\u043d\u0430\u0446\u0438\u043e\u043d\u043e \u0442\u0435\u043b\u043e \u0412\u043b\u0430\u0434\u0435 \u0420\u0435\u043f\u0443\u0431\u043b\u0438\u043a\u0435 \u0421\u0440\u0431\u0438\u0458\u0435 \u0437\u0430 \u043e\u043f\u0448\u0442\u0438\u043d\u0435 \u041f\u0440\u0435\u0448\u0435\u0432\u043e, \u0411\u0443\u0458\u0430\u043d\u043e\u0432\u0430\u0446 \u0438 \u041c\u0435\u0434\u0432\u0435\u0452a\",\"description\":\"\",\"publisher\":{\"@id\":\"https:\\\/\\\/kt.gov.rs\\\/#organization\"},\"alternateName\":\"\u041a\u043e\u043e\u0440\u0434\u0438\u043d\u0430\u0446\u0438\u043e\u043d\u043e \u0442\u0435\u043b\u043e\",\"potentialAction\":[{\"@type\":\"SearchAction\",\"target\":{\"@type\":\"EntryPoint\",\"urlTemplate\":\"https:\\\/\\\/kt.gov.rs\\\/?s={search_term_string}\"},\"query-input\":{\"@type\":\"PropertyValueSpecification\",\"valueRequired\":true,\"valueName\":\"search_term_string\"}}],\"inLanguage\":\"sq-AL\"},{\"@type\":\"Organization\",\"@id\":\"https:\\\/\\\/kt.gov.rs\\\/#organization\",\"name\":\"\u041a\u043e\u043e\u0440\u0434\u0438\u043d\u0430\u0446\u0438\u043e\u043d\u043e \u0442\u0435\u043b\u043e \u0412\u043b\u0430\u0434\u0435 \u0420\u0435\u043f\u0443\u0431\u043b\u0438\u043a\u0435 \u0421\u0440\u0431\u0438\u0458\u0435 \u0437\u0430 \u043e\u043f\u0448\u0442\u0438\u043d\u0435 \u041f\u0440\u0435\u0448\u0435\u0432\u043e, \u0411\u0443\u0458\u0430\u043d\u043e\u0432\u0430\u0446 \u0438 \u041c\u0435\u0434\u0432\u0435\u0452a\",\"alternateName\":\"\u041a\u043e\u043e\u0440\u0434\u0438\u043d\u0430\u0446\u0438\u043e\u043d\u043e \u0442\u0435\u043b\u043e\",\"url\":\"https:\\\/\\\/kt.gov.rs\\\/\",\"logo\":{\"@type\":\"ImageObject\",\"inLanguage\":\"sq-AL\",\"@id\":\"https:\\\/\\\/kt.gov.rs\\\/#\\\/schema\\\/logo\\\/image\\\/\",\"url\":\"https:\\\/\\\/kt.gov.rs\\\/wp-content\\\/uploads\\\/2024\\\/12\\\/koord2.jpg\",\"contentUrl\":\"https:\\\/\\\/kt.gov.rs\\\/wp-content\\\/uploads\\\/2024\\\/12\\\/koord2.jpg\",\"width\":640,\"height\":480,\"caption\":\"\u041a\u043e\u043e\u0440\u0434\u0438\u043d\u0430\u0446\u0438\u043e\u043d\u043e \u0442\u0435\u043b\u043e \u0412\u043b\u0430\u0434\u0435 \u0420\u0435\u043f\u0443\u0431\u043b\u0438\u043a\u0435 \u0421\u0440\u0431\u0438\u0458\u0435 \u0437\u0430 \u043e\u043f\u0448\u0442\u0438\u043d\u0435 \u041f\u0440\u0435\u0448\u0435\u0432\u043e, \u0411\u0443\u0458\u0430\u043d\u043e\u0432\u0430\u0446 \u0438 \u041c\u0435\u0434\u0432\u0435\u0452a\"},\"image\":{\"@id\":\"https:\\\/\\\/kt.gov.rs\\\/#\\\/schema\\\/logo\\\/image\\\/\"},\"sameAs\":[\"https:\\\/\\\/www.facebook.com\\\/SluzbaKoordinacionogTelaVladeRepublikeSrbije\",\"https:\\\/\\\/x.com\\\/kt_gov\",\"https:\\\/\\\/www.youtube.com\\\/@koordinacionotelo\"]},{\"@type\":\"Person\",\"@id\":\"https:\\\/\\\/kt.gov.rs\\\/#\\\/schema\\\/person\\\/e426459ddb4173309103390602694571\",\"name\":\"ktmin\",\"image\":{\"@type\":\"ImageObject\",\"inLanguage\":\"sq-AL\",\"@id\":\"https:\\\/\\\/secure.gravatar.com\\\/avatar\\\/3985c961109853010c3fbc7ba30365bfba5db3dd6c525831d9c595c7525a615a?s=96&d=mm&r=g\",\"url\":\"https:\\\/\\\/secure.gravatar.com\\\/avatar\\\/3985c961109853010c3fbc7ba30365bfba5db3dd6c525831d9c595c7525a615a?s=96&d=mm&r=g\",\"contentUrl\":\"https:\\\/\\\/secure.gravatar.com\\\/avatar\\\/3985c961109853010c3fbc7ba30365bfba5db3dd6c525831d9c595c7525a615a?s=96&d=mm&r=g\",\"caption\":\"ktmin\"},\"sameAs\":[\"https:\\\/\\\/kt.gov.rs\"],\"url\":\"https:\\\/\\\/kt.gov.rs\\\/sq\\\/author\\\/ktmin\\\/\"}]}<\/script>\n<!-- \/ Yoast SEO plugin. -->","yoast_head_json":{"title":"SFIDA E COVID-19: THIRRJE P\u00cbR INOVACION N\u00cb KOH\u00cb KRIZE (AFATET 10 DHE 24 PRILL 2020) - Republika e S\u00ebrbis\u00eb Trupi Koordinues p\u00ebr komunat Bujanoc, Preshev\u00eb dhe Medvegj\u00eb","robots":{"index":"index","follow":"follow","max-snippet":"max-snippet:-1","max-image-preview":"max-image-preview:large","max-video-preview":"max-video-preview:-1"},"canonical":"https:\/\/kt.gov.rs\/sq\/sfida-e-covid-19-thirrje-per-inovacion-ne-kohe-krize-afatet-10-dhe-24-prill-2020\/","og_locale":"sq_AL","og_type":"article","og_title":"SFIDA E COVID-19: THIRRJE P\u00cbR INOVACION N\u00cb KOH\u00cb KRIZE (AFATET 10 DHE 24 PRILL 2020) - Republika e S\u00ebrbis\u00eb Trupi Koordinues p\u00ebr komunat Bujanoc, Preshev\u00eb dhe Medvegj\u00eb","og_description":"Programi i Kombeve t\u00eb Bashkuara p\u00ebr Zhvillim, n\u00eb bashk\u00ebpunim me Organizat\u00ebn Bot\u00ebrore t\u00eb Sh\u00ebndetit,\u00a0ka shpallur thirrje publike\u00a0\u00a0\u00a0 p\u00ebr zgjidhje Inovative ose replikim t\u00eb zgjidhjeve ekzistuese t\u00eb p\u00ebrdorura n\u00eb pjes\u00eb t\u00eb tjera t\u00eb bot\u00ebs me q\u00ebllim t\u00eb mbrojtjes s\u00eb ofruesve...","og_url":"https:\/\/kt.gov.rs\/sq\/sfida-e-covid-19-thirrje-per-inovacion-ne-kohe-krize-afatet-10-dhe-24-prill-2020\/","og_site_name":"Republika e S\u00ebrbis\u00eb Trupi Koordinues p\u00ebr komunat Bujanoc, Preshev\u00eb dhe Medvegj\u00eb","article_publisher":"https:\/\/www.facebook.com\/SluzbaKoordinacionogTelaVladeRepublikeSrbije","article_published_time":"2020-04-08T00:00:00+00:00","article_modified_time":"2024-07-30T18:05:56+00:00","og_image":[{"width":315,"height":230,"url":"https:\/\/kt.gov.rs\/wp-content\/uploads\/2024\/07\/1586337880_080420_3-5.jpg","type":"image\/jpeg"}],"author":"ktmin","twitter_card":"summary_large_image","twitter_creator":"@kt_gov","twitter_site":"@kt_gov","twitter_misc":{"Written by":"ktmin","Est. reading time":"2 minutes"},"schema":{"@context":"https:\/\/schema.org","@graph":[{"@type":"Article","@id":"https:\/\/kt.gov.rs\/sq\/sfida-e-covid-19-thirrje-per-inovacion-ne-kohe-krize-afatet-10-dhe-24-prill-2020\/#article","isPartOf":{"@id":"https:\/\/kt.gov.rs\/sq\/sfida-e-covid-19-thirrje-per-inovacion-ne-kohe-krize-afatet-10-dhe-24-prill-2020\/"},"author":{"name":"ktmin","@id":"https:\/\/kt.gov.rs\/#\/schema\/person\/e426459ddb4173309103390602694571"},"headline":"SFIDA E COVID-19: THIRRJE P\u00cbR INOVACION N\u00cb KOH\u00cb KRIZE (AFATET 10 DHE 24 PRILL 2020)","datePublished":"2020-04-08T00:00:00+00:00","dateModified":"2024-07-30T18:05:56+00:00","mainEntityOfPage":{"@id":"https:\/\/kt.gov.rs\/sq\/sfida-e-covid-19-thirrje-per-inovacion-ne-kohe-krize-afatet-10-dhe-24-prill-2020\/"},"wordCount":439,"publisher":{"@id":"https:\/\/kt.gov.rs\/#organization"},"image":{"@id":"https:\/\/kt.gov.rs\/sq\/sfida-e-covid-19-thirrje-per-inovacion-ne-kohe-krize-afatet-10-dhe-24-prill-2020\/#primaryimage"},"thumbnailUrl":"https:\/\/kt.gov.rs\/wp-content\/uploads\/2024\/07\/1586337880_080420_3-5.jpg","articleSection":["Lajme"],"inLanguage":"sq-AL"},{"@type":"WebPage","@id":"https:\/\/kt.gov.rs\/sq\/sfida-e-covid-19-thirrje-per-inovacion-ne-kohe-krize-afatet-10-dhe-24-prill-2020\/","url":"https:\/\/kt.gov.rs\/sq\/sfida-e-covid-19-thirrje-per-inovacion-ne-kohe-krize-afatet-10-dhe-24-prill-2020\/","name":"SFIDA E COVID-19: THIRRJE P\u00cbR INOVACION N\u00cb KOH\u00cb KRIZE (AFATET 10 DHE 24 PRILL 2020) - Republika e S\u00ebrbis\u00eb Trupi Koordinues p\u00ebr komunat Bujanoc, Preshev\u00eb dhe Medvegj\u00eb","isPartOf":{"@id":"https:\/\/kt.gov.rs\/#website"},"primaryImageOfPage":{"@id":"https:\/\/kt.gov.rs\/sq\/sfida-e-covid-19-thirrje-per-inovacion-ne-kohe-krize-afatet-10-dhe-24-prill-2020\/#primaryimage"},"image":{"@id":"https:\/\/kt.gov.rs\/sq\/sfida-e-covid-19-thirrje-per-inovacion-ne-kohe-krize-afatet-10-dhe-24-prill-2020\/#primaryimage"},"thumbnailUrl":"https:\/\/kt.gov.rs\/wp-content\/uploads\/2024\/07\/1586337880_080420_3-5.jpg","datePublished":"2020-04-08T00:00:00+00:00","dateModified":"2024-07-30T18:05:56+00:00","breadcrumb":{"@id":"https:\/\/kt.gov.rs\/sq\/sfida-e-covid-19-thirrje-per-inovacion-ne-kohe-krize-afatet-10-dhe-24-prill-2020\/#breadcrumb"},"inLanguage":"sq-AL","potentialAction":[{"@type":"ReadAction","target":["https:\/\/kt.gov.rs\/sq\/sfida-e-covid-19-thirrje-per-inovacion-ne-kohe-krize-afatet-10-dhe-24-prill-2020\/"]}]},{"@type":"ImageObject","inLanguage":"sq-AL","@id":"https:\/\/kt.gov.rs\/sq\/sfida-e-covid-19-thirrje-per-inovacion-ne-kohe-krize-afatet-10-dhe-24-prill-2020\/#primaryimage","url":"https:\/\/kt.gov.rs\/wp-content\/uploads\/2024\/07\/1586337880_080420_3-5.jpg","contentUrl":"https:\/\/kt.gov.rs\/wp-content\/uploads\/2024\/07\/1586337880_080420_3-5.jpg","width":315,"height":230},{"@type":"BreadcrumbList","@id":"https:\/\/kt.gov.rs\/sq\/sfida-e-covid-19-thirrje-per-inovacion-ne-kohe-krize-afatet-10-dhe-24-prill-2020\/#breadcrumb","itemListElement":[{"@type":"ListItem","position":1,"name":"\u041f\u043e\u0447\u0435\u0442\u043d\u0430","item":"https:\/\/kt.gov.rs\/sq\/"},{"@type":"ListItem","position":2,"name":"SFIDA E COVID-19: THIRRJE P\u00cbR INOVACION N\u00cb KOH\u00cb KRIZE (AFATET 10 DHE 24 PRILL 2020)"}]},{"@type":"WebSite","@id":"https:\/\/kt.gov.rs\/#website","url":"https:\/\/kt.gov.rs\/","name":"\u041a\u043e\u043e\u0440\u0434\u0438\u043d\u0430\u0446\u0438\u043e\u043d\u043e \u0442\u0435\u043b\u043e \u0412\u043b\u0430\u0434\u0435 \u0420\u0435\u043f\u0443\u0431\u043b\u0438\u043a\u0435 \u0421\u0440\u0431\u0438\u0458\u0435 \u0437\u0430 \u043e\u043f\u0448\u0442\u0438\u043d\u0435 \u041f\u0440\u0435\u0448\u0435\u0432\u043e, \u0411\u0443\u0458\u0430\u043d\u043e\u0432\u0430\u0446 \u0438 \u041c\u0435\u0434\u0432\u0435\u0452a","description":"","publisher":{"@id":"https:\/\/kt.gov.rs\/#organization"},"alternateName":"\u041a\u043e\u043e\u0440\u0434\u0438\u043d\u0430\u0446\u0438\u043e\u043d\u043e \u0442\u0435\u043b\u043e","potentialAction":[{"@type":"SearchAction","target":{"@type":"EntryPoint","urlTemplate":"https:\/\/kt.gov.rs\/?s={search_term_string}"},"query-input":{"@type":"PropertyValueSpecification","valueRequired":true,"valueName":"search_term_string"}}],"inLanguage":"sq-AL"},{"@type":"Organization","@id":"https:\/\/kt.gov.rs\/#organization","name":"\u041a\u043e\u043e\u0440\u0434\u0438\u043d\u0430\u0446\u0438\u043e\u043d\u043e \u0442\u0435\u043b\u043e \u0412\u043b\u0430\u0434\u0435 \u0420\u0435\u043f\u0443\u0431\u043b\u0438\u043a\u0435 \u0421\u0440\u0431\u0438\u0458\u0435 \u0437\u0430 \u043e\u043f\u0448\u0442\u0438\u043d\u0435 \u041f\u0440\u0435\u0448\u0435\u0432\u043e, \u0411\u0443\u0458\u0430\u043d\u043e\u0432\u0430\u0446 \u0438 \u041c\u0435\u0434\u0432\u0435\u0452a","alternateName":"\u041a\u043e\u043e\u0440\u0434\u0438\u043d\u0430\u0446\u0438\u043e\u043d\u043e \u0442\u0435\u043b\u043e","url":"https:\/\/kt.gov.rs\/","logo":{"@type":"ImageObject","inLanguage":"sq-AL","@id":"https:\/\/kt.gov.rs\/#\/schema\/logo\/image\/","url":"https:\/\/kt.gov.rs\/wp-content\/uploads\/2024\/12\/koord2.jpg","contentUrl":"https:\/\/kt.gov.rs\/wp-content\/uploads\/2024\/12\/koord2.jpg","width":640,"height":480,"caption":"\u041a\u043e\u043e\u0440\u0434\u0438\u043d\u0430\u0446\u0438\u043e\u043d\u043e \u0442\u0435\u043b\u043e \u0412\u043b\u0430\u0434\u0435 \u0420\u0435\u043f\u0443\u0431\u043b\u0438\u043a\u0435 \u0421\u0440\u0431\u0438\u0458\u0435 \u0437\u0430 \u043e\u043f\u0448\u0442\u0438\u043d\u0435 \u041f\u0440\u0435\u0448\u0435\u0432\u043e, \u0411\u0443\u0458\u0430\u043d\u043e\u0432\u0430\u0446 \u0438 \u041c\u0435\u0434\u0432\u0435\u0452a"},"image":{"@id":"https:\/\/kt.gov.rs\/#\/schema\/logo\/image\/"},"sameAs":["https:\/\/www.facebook.com\/SluzbaKoordinacionogTelaVladeRepublikeSrbije","https:\/\/x.com\/kt_gov","https:\/\/www.youtube.com\/@koordinacionotelo"]},{"@type":"Person","@id":"https:\/\/kt.gov.rs\/#\/schema\/person\/e426459ddb4173309103390602694571","name":"ktmin","image":{"@type":"ImageObject","inLanguage":"sq-AL","@id":"https:\/\/secure.gravatar.com\/avatar\/3985c961109853010c3fbc7ba30365bfba5db3dd6c525831d9c595c7525a615a?s=96&d=mm&r=g","url":"https:\/\/secure.gravatar.com\/avatar\/3985c961109853010c3fbc7ba30365bfba5db3dd6c525831d9c595c7525a615a?s=96&d=mm&r=g","contentUrl":"https:\/\/secure.gravatar.com\/avatar\/3985c961109853010c3fbc7ba30365bfba5db3dd6c525831d9c595c7525a615a?s=96&d=mm&r=g","caption":"ktmin"},"sameAs":["https:\/\/kt.gov.rs"],"url":"https:\/\/kt.gov.rs\/sq\/author\/ktmin\/"}]}},"_links":{"self":[{"href":"https:\/\/kt.gov.rs\/sq\/wp-json\/wp\/v2\/posts\/113298","targetHints":{"allow":["GET"]}}],"collection":[{"href":"https:\/\/kt.gov.rs\/sq\/wp-json\/wp\/v2\/posts"}],"about":[{"href":"https:\/\/kt.gov.rs\/sq\/wp-json\/wp\/v2\/types\/post"}],"author":[{"embeddable":true,"href":"https:\/\/kt.gov.rs\/sq\/wp-json\/wp\/v2\/users\/1"}],"replies":[{"embeddable":true,"href":"https:\/\/kt.gov.rs\/sq\/wp-json\/wp\/v2\/comments?post=113298"}],"version-history":[{"count":1,"href":"https:\/\/kt.gov.rs\/sq\/wp-json\/wp\/v2\/posts\/113298\/revisions"}],"predecessor-version":[{"id":113302,"href":"https:\/\/kt.gov.rs\/sq\/wp-json\/wp\/v2\/posts\/113298\/revisions\/113302"}],"wp:featuredmedia":[{"embeddable":true,"href":"https:\/\/kt.gov.rs\/sq\/wp-json\/wp\/v2\/media\/113303"}],"wp:attachment":[{"href":"https:\/\/kt.gov.rs\/sq\/wp-json\/wp\/v2\/media?parent=113298"}],"wp:term":[{"taxonomy":"category","embeddable":true,"href":"https:\/\/kt.gov.rs\/sq\/wp-json\/wp\/v2\/categories?post=113298"},{"taxonomy":"post_tag","embeddable":true,"href":"https:\/\/kt.gov.rs\/sq\/wp-json\/wp\/v2\/tags?post=113298"}],"curies":[{"name":"wp","href":"https:\/\/api.w.org\/{rel}","templated":true}]}}