{"id":113290,"date":"2020-04-08T00:00:00","date_gmt":"2020-04-08T00:00:00","guid":{"rendered":"http:\/\/kt.printandscreen.rs\/medvegje-njoftimi-i-leshimit-te-lejeve-te-qarkullimit-gjate-ores-policore\/"},"modified":"2024-07-30T18:05:55","modified_gmt":"2024-07-30T18:05:55","slug":"medvegje-njoftimi-i-leshimit-te-lejeve-te-qarkullimit-gjate-ores-policore","status":"publish","type":"post","link":"https:\/\/kt.gov.rs\/sq\/medvegje-njoftimi-i-leshimit-te-lejeve-te-qarkullimit-gjate-ores-policore\/","title":{"rendered":"MEDVEGJ\u00cb: NJOFTIMI I L\u00cbSHIMIT T\u00cb LEJEVE  T\u00cb QARKULLIMIT GJAT\u00cb OR\u00cbS POLICORE"},"content":{"rendered":"<p>\n\t<img decoding=\"async\" alt=\"\" src=\"https:\/\/kt.gov.rs\/wp-content\/uploads\/2024\/07\/1586338256_080420_5-4.jpg\" style=\"width: 315px; height: 230px; float: left;\" \/>Medvegj\u00eb \u2013\u00a0Qytetar\u00ebt e Komun\u00ebs s\u00eb Medvegj\u00ebs, t\u00eb cil\u00ebt duhet t\u00eb marrin lejen e qarkullimit gjat\u00eb or\u00ebs policore,duhet t\u00eb kontaktojn\u00eb vet\u00ebqeverisjen lokale t\u00eb komun\u00ebs s\u00eb Medvegj\u00ebs dhe t\u00eb paraqesin dokumentet e nevojshme q\u00eb konfirmojn\u00eb arsyen e l\u00ebshimit t\u00eb lejes.<\/p>\n<p>\n\tK\u00ebrkesat p\u00ebr l\u00ebvizjet zbatohen p\u00ebr personat q\u00eb kan\u00eb nevoj\u00eb p\u00ebr nj\u00eb sh\u00ebrbim t\u00eb ndihm\u00ebs n\u00eb sht\u00ebpi (sh\u00ebrbim p\u00ebr mbrojtjen sociale, por edhe ndihm\u00eb t\u00eb dakorduar drejtp\u00ebrdrejt midis dy individ\u00ebve), si dhe p\u00ebr prind\u00ebrit q\u00eb, n\u00eb baz\u00eb t\u00eb nj\u00eb vendimi gjyq\u00ebsor t\u00eb form\u00ebs s\u00eb prer\u00eb, rregullojn\u00eb t\u00eb shohin nj\u00eb f\u00ebmij\u00eb (duke marr\u00eb p\u00ebrsip\u00ebr dhe duke u kthyer nga nj\u00eb prind) n\u00eb koh\u00ebn e hyrjes gjat\u00eb or\u00ebs policore dhe atyre u duhet leje e qarkullimit.<\/p>\n<p>\n\tK\u00ebrkesa p\u00ebr l\u00ebvizje duhet t\u00eb p\u00ebrmbaj\u00eb informacionin e m\u00ebposht\u00ebm: emrin dhe mbiemrin, numrin personal, llojin e sh\u00ebrbimit t\u00eb ofruar nga personi, ose n\u00ebse b\u00ebhet fjal\u00eb p\u00ebr marrjen e f\u00ebmij\u00ebs\u00a0 dhe kthimin e f\u00ebmij\u00ebs te prindi, sipas p\u00ebrfundimit vendimi i gjykat\u00ebs, numri i vendimit t\u00eb gjykat\u00ebs.<\/p>\n<p>\n\tPas kontrollit, Komuna e Medvegj\u00ebs do t&#39;i paraqes\u00eb k\u00ebrkesat Ministris\u00eb s\u00eb Pun\u00ebs,\u00a0Pun\u00ebsimit,\u00a0\u00e7\u00ebshtjeve Veterane dhe Sociale\u00a0 e cila pas verifikimit, do do t\u00eb dor\u00ebzoj\u00eb ato n\u00eb Ministrin\u00eb e Brendshme p\u00ebr l\u00ebshimin e lejes.<\/p>\n<p>\n\tK\u00ebrkesat duhet t&#39;i paraqiten Administrat\u00ebs Komunale t\u00eb Medvegj\u00ebs me shkrim me post\u00eb t\u00eb rregullt ose n\u00eb m\u00ebnyr\u00eb elektronike.<\/p>\n<p>\n\tP\u00ebr t\u00eb gjitha informacionet mund t\u00eb kontaktoni:<\/p>\n<p>\n\t-me post\u00eb: Administrat\u00ebs Komunale t\u00eb Medvegj\u00ebs, Krala Milana 48, 16420 Medvegj\u00eb<\/p>\n<p>\n\t\u2013 e-mail: pisarnica@medvedja.org.rs<\/p>\n<p>\n\t\u2013 me telefon: 016 \/ 891-138.<\/p>\n<p>\n\t<strong>Burimi: Info Qendra Jug dhe Trupi Koordinues<\/strong><\/p>\n<p>\n\t\u00a0<\/p>\n","protected":false},"excerpt":{"rendered":"<p>Medvegj\u00eb \u2013\u00a0Qytetar\u00ebt e Komun\u00ebs s\u00eb Medvegj\u00ebs, t\u00eb cil\u00ebt duhet t\u00eb marrin lejen e qarkullimit gjat\u00eb or\u00ebs policore,duhet t\u00eb kontaktojn\u00eb vet\u00ebqeverisjen lokale t\u00eb komun\u00ebs s\u00eb Medvegj\u00ebs dhe t\u00eb paraqesin dokumentet e nevojshme q\u00eb konfirmojn\u00eb arsyen e l\u00ebshimit t\u00eb lejes\u2026<\/p>\n","protected":false},"author":1,"featured_media":113295,"comment_status":"closed","ping_status":"closed","sticky":false,"template":"","format":"standard","meta":{"footnotes":""},"categories":[55],"tags":[],"class_list":["post-113290","post","type-post","status-publish","format-standard","has-post-thumbnail","hentry","category-lajme"],"yoast_head":"<!-- This site is optimized with the Yoast SEO plugin v27.5 - https:\/\/yoast.com\/product\/yoast-seo-wordpress\/ -->\n<title>MEDVEGJ\u00cb: NJOFTIMI I L\u00cbSHIMIT T\u00cb LEJEVE T\u00cb QARKULLIMIT GJAT\u00cb OR\u00cbS POLICORE - Republika e S\u00ebrbis\u00eb Trupi Koordinues p\u00ebr komunat Bujanoc, Preshev\u00eb dhe Medvegj\u00eb<\/title>\n<meta name=\"robots\" content=\"index, follow, max-snippet:-1, max-image-preview:large, max-video-preview:-1\" \/>\n<link rel=\"canonical\" href=\"https:\/\/kt.gov.rs\/sq\/medvegje-njoftimi-i-leshimit-te-lejeve-te-qarkullimit-gjate-ores-policore\/\" \/>\n<meta property=\"og:locale\" content=\"sq_AL\" \/>\n<meta property=\"og:type\" content=\"article\" \/>\n<meta property=\"og:title\" content=\"MEDVEGJ\u00cb: NJOFTIMI I L\u00cbSHIMIT T\u00cb LEJEVE T\u00cb QARKULLIMIT GJAT\u00cb OR\u00cbS POLICORE - Republika e S\u00ebrbis\u00eb Trupi Koordinues p\u00ebr komunat Bujanoc, Preshev\u00eb dhe Medvegj\u00eb\" \/>\n<meta property=\"og:description\" content=\"Medvegj\u00eb -\u00a0Qytetar\u00ebt e Komun\u00ebs s\u00eb Medvegj\u00ebs, t\u00eb cil\u00ebt duhet t\u00eb marrin lejen e qarkullimit gjat\u00eb or\u00ebs policore,duhet t\u00eb kontaktojn\u00eb vet\u00ebqeverisjen lokale t\u00eb komun\u00ebs s\u00eb Medvegj\u00ebs dhe t\u00eb paraqesin dokumentet e nevojshme q\u00eb konfirmojn\u00eb arsyen e l\u00ebshimit t\u00eb lejes...\" \/>\n<meta property=\"og:url\" content=\"https:\/\/kt.gov.rs\/sq\/medvegje-njoftimi-i-leshimit-te-lejeve-te-qarkullimit-gjate-ores-policore\/\" \/>\n<meta property=\"og:site_name\" content=\"Republika e S\u00ebrbis\u00eb Trupi Koordinues p\u00ebr komunat Bujanoc, Preshev\u00eb dhe Medvegj\u00eb\" \/>\n<meta property=\"article:publisher\" content=\"https:\/\/www.facebook.com\/SluzbaKoordinacionogTelaVladeRepublikeSrbije\" \/>\n<meta property=\"article:published_time\" content=\"2020-04-08T00:00:00+00:00\" \/>\n<meta property=\"article:modified_time\" content=\"2024-07-30T18:05:55+00:00\" \/>\n<meta property=\"og:image\" content=\"https:\/\/kt.gov.rs\/wp-content\/uploads\/2024\/07\/1586338256_080420_5-5.jpg\" \/>\n\t<meta property=\"og:image:width\" content=\"315\" \/>\n\t<meta property=\"og:image:height\" content=\"230\" \/>\n\t<meta property=\"og:image:type\" content=\"image\/jpeg\" \/>\n<meta name=\"author\" content=\"ktmin\" \/>\n<meta name=\"twitter:card\" content=\"summary_large_image\" \/>\n<meta name=\"twitter:creator\" content=\"@kt_gov\" \/>\n<meta name=\"twitter:site\" content=\"@kt_gov\" \/>\n<meta name=\"twitter:label1\" content=\"Written by\" \/>\n\t<meta name=\"twitter:data1\" content=\"ktmin\" \/>\n\t<meta name=\"twitter:label2\" content=\"Est. reading time\" \/>\n\t<meta name=\"twitter:data2\" content=\"2 minutes\" \/>\n<script type=\"application\/ld+json\" class=\"yoast-schema-graph\">{\"@context\":\"https:\\\/\\\/schema.org\",\"@graph\":[{\"@type\":\"Article\",\"@id\":\"https:\\\/\\\/kt.gov.rs\\\/sq\\\/medvegje-njoftimi-i-leshimit-te-lejeve-te-qarkullimit-gjate-ores-policore\\\/#article\",\"isPartOf\":{\"@id\":\"https:\\\/\\\/kt.gov.rs\\\/sq\\\/medvegje-njoftimi-i-leshimit-te-lejeve-te-qarkullimit-gjate-ores-policore\\\/\"},\"author\":{\"name\":\"ktmin\",\"@id\":\"https:\\\/\\\/kt.gov.rs\\\/#\\\/schema\\\/person\\\/e426459ddb4173309103390602694571\"},\"headline\":\"MEDVEGJ\u00cb: NJOFTIMI I L\u00cbSHIMIT T\u00cb LEJEVE T\u00cb QARKULLIMIT GJAT\u00cb OR\u00cbS POLICORE\",\"datePublished\":\"2020-04-08T00:00:00+00:00\",\"dateModified\":\"2024-07-30T18:05:55+00:00\",\"mainEntityOfPage\":{\"@id\":\"https:\\\/\\\/kt.gov.rs\\\/sq\\\/medvegje-njoftimi-i-leshimit-te-lejeve-te-qarkullimit-gjate-ores-policore\\\/\"},\"wordCount\":447,\"publisher\":{\"@id\":\"https:\\\/\\\/kt.gov.rs\\\/#organization\"},\"image\":{\"@id\":\"https:\\\/\\\/kt.gov.rs\\\/sq\\\/medvegje-njoftimi-i-leshimit-te-lejeve-te-qarkullimit-gjate-ores-policore\\\/#primaryimage\"},\"thumbnailUrl\":\"https:\\\/\\\/kt.gov.rs\\\/wp-content\\\/uploads\\\/2024\\\/07\\\/1586338256_080420_5-5.jpg\",\"articleSection\":[\"Lajme\"],\"inLanguage\":\"sq-AL\"},{\"@type\":\"WebPage\",\"@id\":\"https:\\\/\\\/kt.gov.rs\\\/sq\\\/medvegje-njoftimi-i-leshimit-te-lejeve-te-qarkullimit-gjate-ores-policore\\\/\",\"url\":\"https:\\\/\\\/kt.gov.rs\\\/sq\\\/medvegje-njoftimi-i-leshimit-te-lejeve-te-qarkullimit-gjate-ores-policore\\\/\",\"name\":\"MEDVEGJ\u00cb: NJOFTIMI I L\u00cbSHIMIT T\u00cb LEJEVE T\u00cb QARKULLIMIT GJAT\u00cb OR\u00cbS POLICORE - Republika e S\u00ebrbis\u00eb Trupi Koordinues p\u00ebr komunat Bujanoc, Preshev\u00eb dhe Medvegj\u00eb\",\"isPartOf\":{\"@id\":\"https:\\\/\\\/kt.gov.rs\\\/#website\"},\"primaryImageOfPage\":{\"@id\":\"https:\\\/\\\/kt.gov.rs\\\/sq\\\/medvegje-njoftimi-i-leshimit-te-lejeve-te-qarkullimit-gjate-ores-policore\\\/#primaryimage\"},\"image\":{\"@id\":\"https:\\\/\\\/kt.gov.rs\\\/sq\\\/medvegje-njoftimi-i-leshimit-te-lejeve-te-qarkullimit-gjate-ores-policore\\\/#primaryimage\"},\"thumbnailUrl\":\"https:\\\/\\\/kt.gov.rs\\\/wp-content\\\/uploads\\\/2024\\\/07\\\/1586338256_080420_5-5.jpg\",\"datePublished\":\"2020-04-08T00:00:00+00:00\",\"dateModified\":\"2024-07-30T18:05:55+00:00\",\"breadcrumb\":{\"@id\":\"https:\\\/\\\/kt.gov.rs\\\/sq\\\/medvegje-njoftimi-i-leshimit-te-lejeve-te-qarkullimit-gjate-ores-policore\\\/#breadcrumb\"},\"inLanguage\":\"sq-AL\",\"potentialAction\":[{\"@type\":\"ReadAction\",\"target\":[\"https:\\\/\\\/kt.gov.rs\\\/sq\\\/medvegje-njoftimi-i-leshimit-te-lejeve-te-qarkullimit-gjate-ores-policore\\\/\"]}]},{\"@type\":\"ImageObject\",\"inLanguage\":\"sq-AL\",\"@id\":\"https:\\\/\\\/kt.gov.rs\\\/sq\\\/medvegje-njoftimi-i-leshimit-te-lejeve-te-qarkullimit-gjate-ores-policore\\\/#primaryimage\",\"url\":\"https:\\\/\\\/kt.gov.rs\\\/wp-content\\\/uploads\\\/2024\\\/07\\\/1586338256_080420_5-5.jpg\",\"contentUrl\":\"https:\\\/\\\/kt.gov.rs\\\/wp-content\\\/uploads\\\/2024\\\/07\\\/1586338256_080420_5-5.jpg\",\"width\":315,\"height\":230},{\"@type\":\"BreadcrumbList\",\"@id\":\"https:\\\/\\\/kt.gov.rs\\\/sq\\\/medvegje-njoftimi-i-leshimit-te-lejeve-te-qarkullimit-gjate-ores-policore\\\/#breadcrumb\",\"itemListElement\":[{\"@type\":\"ListItem\",\"position\":1,\"name\":\"\u041f\u043e\u0447\u0435\u0442\u043d\u0430\",\"item\":\"https:\\\/\\\/kt.gov.rs\\\/sq\\\/\"},{\"@type\":\"ListItem\",\"position\":2,\"name\":\"MEDVEGJ\u00cb: NJOFTIMI I L\u00cbSHIMIT T\u00cb LEJEVE T\u00cb QARKULLIMIT GJAT\u00cb OR\u00cbS POLICORE\"}]},{\"@type\":\"WebSite\",\"@id\":\"https:\\\/\\\/kt.gov.rs\\\/#website\",\"url\":\"https:\\\/\\\/kt.gov.rs\\\/\",\"name\":\"\u041a\u043e\u043e\u0440\u0434\u0438\u043d\u0430\u0446\u0438\u043e\u043d\u043e \u0442\u0435\u043b\u043e \u0412\u043b\u0430\u0434\u0435 \u0420\u0435\u043f\u0443\u0431\u043b\u0438\u043a\u0435 \u0421\u0440\u0431\u0438\u0458\u0435 \u0437\u0430 \u043e\u043f\u0448\u0442\u0438\u043d\u0435 \u041f\u0440\u0435\u0448\u0435\u0432\u043e, \u0411\u0443\u0458\u0430\u043d\u043e\u0432\u0430\u0446 \u0438 \u041c\u0435\u0434\u0432\u0435\u0452a\",\"description\":\"\",\"publisher\":{\"@id\":\"https:\\\/\\\/kt.gov.rs\\\/#organization\"},\"alternateName\":\"\u041a\u043e\u043e\u0440\u0434\u0438\u043d\u0430\u0446\u0438\u043e\u043d\u043e \u0442\u0435\u043b\u043e\",\"potentialAction\":[{\"@type\":\"SearchAction\",\"target\":{\"@type\":\"EntryPoint\",\"urlTemplate\":\"https:\\\/\\\/kt.gov.rs\\\/?s={search_term_string}\"},\"query-input\":{\"@type\":\"PropertyValueSpecification\",\"valueRequired\":true,\"valueName\":\"search_term_string\"}}],\"inLanguage\":\"sq-AL\"},{\"@type\":\"Organization\",\"@id\":\"https:\\\/\\\/kt.gov.rs\\\/#organization\",\"name\":\"\u041a\u043e\u043e\u0440\u0434\u0438\u043d\u0430\u0446\u0438\u043e\u043d\u043e \u0442\u0435\u043b\u043e \u0412\u043b\u0430\u0434\u0435 \u0420\u0435\u043f\u0443\u0431\u043b\u0438\u043a\u0435 \u0421\u0440\u0431\u0438\u0458\u0435 \u0437\u0430 \u043e\u043f\u0448\u0442\u0438\u043d\u0435 \u041f\u0440\u0435\u0448\u0435\u0432\u043e, \u0411\u0443\u0458\u0430\u043d\u043e\u0432\u0430\u0446 \u0438 \u041c\u0435\u0434\u0432\u0435\u0452a\",\"alternateName\":\"\u041a\u043e\u043e\u0440\u0434\u0438\u043d\u0430\u0446\u0438\u043e\u043d\u043e \u0442\u0435\u043b\u043e\",\"url\":\"https:\\\/\\\/kt.gov.rs\\\/\",\"logo\":{\"@type\":\"ImageObject\",\"inLanguage\":\"sq-AL\",\"@id\":\"https:\\\/\\\/kt.gov.rs\\\/#\\\/schema\\\/logo\\\/image\\\/\",\"url\":\"https:\\\/\\\/kt.gov.rs\\\/wp-content\\\/uploads\\\/2024\\\/12\\\/koord2.jpg\",\"contentUrl\":\"https:\\\/\\\/kt.gov.rs\\\/wp-content\\\/uploads\\\/2024\\\/12\\\/koord2.jpg\",\"width\":640,\"height\":480,\"caption\":\"\u041a\u043e\u043e\u0440\u0434\u0438\u043d\u0430\u0446\u0438\u043e\u043d\u043e \u0442\u0435\u043b\u043e \u0412\u043b\u0430\u0434\u0435 \u0420\u0435\u043f\u0443\u0431\u043b\u0438\u043a\u0435 \u0421\u0440\u0431\u0438\u0458\u0435 \u0437\u0430 \u043e\u043f\u0448\u0442\u0438\u043d\u0435 \u041f\u0440\u0435\u0448\u0435\u0432\u043e, \u0411\u0443\u0458\u0430\u043d\u043e\u0432\u0430\u0446 \u0438 \u041c\u0435\u0434\u0432\u0435\u0452a\"},\"image\":{\"@id\":\"https:\\\/\\\/kt.gov.rs\\\/#\\\/schema\\\/logo\\\/image\\\/\"},\"sameAs\":[\"https:\\\/\\\/www.facebook.com\\\/SluzbaKoordinacionogTelaVladeRepublikeSrbije\",\"https:\\\/\\\/x.com\\\/kt_gov\",\"https:\\\/\\\/www.youtube.com\\\/@koordinacionotelo\"]},{\"@type\":\"Person\",\"@id\":\"https:\\\/\\\/kt.gov.rs\\\/#\\\/schema\\\/person\\\/e426459ddb4173309103390602694571\",\"name\":\"ktmin\",\"image\":{\"@type\":\"ImageObject\",\"inLanguage\":\"sq-AL\",\"@id\":\"https:\\\/\\\/secure.gravatar.com\\\/avatar\\\/3985c961109853010c3fbc7ba30365bfba5db3dd6c525831d9c595c7525a615a?s=96&d=mm&r=g\",\"url\":\"https:\\\/\\\/secure.gravatar.com\\\/avatar\\\/3985c961109853010c3fbc7ba30365bfba5db3dd6c525831d9c595c7525a615a?s=96&d=mm&r=g\",\"contentUrl\":\"https:\\\/\\\/secure.gravatar.com\\\/avatar\\\/3985c961109853010c3fbc7ba30365bfba5db3dd6c525831d9c595c7525a615a?s=96&d=mm&r=g\",\"caption\":\"ktmin\"},\"sameAs\":[\"https:\\\/\\\/kt.gov.rs\"],\"url\":\"https:\\\/\\\/kt.gov.rs\\\/sq\\\/author\\\/ktmin\\\/\"}]}<\/script>\n<!-- \/ Yoast SEO plugin. -->","yoast_head_json":{"title":"MEDVEGJ\u00cb: NJOFTIMI I L\u00cbSHIMIT T\u00cb LEJEVE T\u00cb QARKULLIMIT GJAT\u00cb OR\u00cbS POLICORE - Republika e S\u00ebrbis\u00eb Trupi Koordinues p\u00ebr komunat Bujanoc, Preshev\u00eb dhe Medvegj\u00eb","robots":{"index":"index","follow":"follow","max-snippet":"max-snippet:-1","max-image-preview":"max-image-preview:large","max-video-preview":"max-video-preview:-1"},"canonical":"https:\/\/kt.gov.rs\/sq\/medvegje-njoftimi-i-leshimit-te-lejeve-te-qarkullimit-gjate-ores-policore\/","og_locale":"sq_AL","og_type":"article","og_title":"MEDVEGJ\u00cb: NJOFTIMI I L\u00cbSHIMIT T\u00cb LEJEVE T\u00cb QARKULLIMIT GJAT\u00cb OR\u00cbS POLICORE - Republika e S\u00ebrbis\u00eb Trupi Koordinues p\u00ebr komunat Bujanoc, Preshev\u00eb dhe Medvegj\u00eb","og_description":"Medvegj\u00eb -\u00a0Qytetar\u00ebt e Komun\u00ebs s\u00eb Medvegj\u00ebs, t\u00eb cil\u00ebt duhet t\u00eb marrin lejen e qarkullimit gjat\u00eb or\u00ebs policore,duhet t\u00eb kontaktojn\u00eb vet\u00ebqeverisjen lokale t\u00eb komun\u00ebs s\u00eb Medvegj\u00ebs dhe t\u00eb paraqesin dokumentet e nevojshme q\u00eb konfirmojn\u00eb arsyen e l\u00ebshimit t\u00eb lejes...","og_url":"https:\/\/kt.gov.rs\/sq\/medvegje-njoftimi-i-leshimit-te-lejeve-te-qarkullimit-gjate-ores-policore\/","og_site_name":"Republika e S\u00ebrbis\u00eb Trupi Koordinues p\u00ebr komunat Bujanoc, Preshev\u00eb dhe Medvegj\u00eb","article_publisher":"https:\/\/www.facebook.com\/SluzbaKoordinacionogTelaVladeRepublikeSrbije","article_published_time":"2020-04-08T00:00:00+00:00","article_modified_time":"2024-07-30T18:05:55+00:00","og_image":[{"width":315,"height":230,"url":"https:\/\/kt.gov.rs\/wp-content\/uploads\/2024\/07\/1586338256_080420_5-5.jpg","type":"image\/jpeg"}],"author":"ktmin","twitter_card":"summary_large_image","twitter_creator":"@kt_gov","twitter_site":"@kt_gov","twitter_misc":{"Written by":"ktmin","Est. reading time":"2 minutes"},"schema":{"@context":"https:\/\/schema.org","@graph":[{"@type":"Article","@id":"https:\/\/kt.gov.rs\/sq\/medvegje-njoftimi-i-leshimit-te-lejeve-te-qarkullimit-gjate-ores-policore\/#article","isPartOf":{"@id":"https:\/\/kt.gov.rs\/sq\/medvegje-njoftimi-i-leshimit-te-lejeve-te-qarkullimit-gjate-ores-policore\/"},"author":{"name":"ktmin","@id":"https:\/\/kt.gov.rs\/#\/schema\/person\/e426459ddb4173309103390602694571"},"headline":"MEDVEGJ\u00cb: NJOFTIMI I L\u00cbSHIMIT T\u00cb LEJEVE T\u00cb QARKULLIMIT GJAT\u00cb OR\u00cbS POLICORE","datePublished":"2020-04-08T00:00:00+00:00","dateModified":"2024-07-30T18:05:55+00:00","mainEntityOfPage":{"@id":"https:\/\/kt.gov.rs\/sq\/medvegje-njoftimi-i-leshimit-te-lejeve-te-qarkullimit-gjate-ores-policore\/"},"wordCount":447,"publisher":{"@id":"https:\/\/kt.gov.rs\/#organization"},"image":{"@id":"https:\/\/kt.gov.rs\/sq\/medvegje-njoftimi-i-leshimit-te-lejeve-te-qarkullimit-gjate-ores-policore\/#primaryimage"},"thumbnailUrl":"https:\/\/kt.gov.rs\/wp-content\/uploads\/2024\/07\/1586338256_080420_5-5.jpg","articleSection":["Lajme"],"inLanguage":"sq-AL"},{"@type":"WebPage","@id":"https:\/\/kt.gov.rs\/sq\/medvegje-njoftimi-i-leshimit-te-lejeve-te-qarkullimit-gjate-ores-policore\/","url":"https:\/\/kt.gov.rs\/sq\/medvegje-njoftimi-i-leshimit-te-lejeve-te-qarkullimit-gjate-ores-policore\/","name":"MEDVEGJ\u00cb: NJOFTIMI I L\u00cbSHIMIT T\u00cb LEJEVE T\u00cb QARKULLIMIT GJAT\u00cb OR\u00cbS POLICORE - Republika e S\u00ebrbis\u00eb Trupi Koordinues p\u00ebr komunat Bujanoc, Preshev\u00eb dhe Medvegj\u00eb","isPartOf":{"@id":"https:\/\/kt.gov.rs\/#website"},"primaryImageOfPage":{"@id":"https:\/\/kt.gov.rs\/sq\/medvegje-njoftimi-i-leshimit-te-lejeve-te-qarkullimit-gjate-ores-policore\/#primaryimage"},"image":{"@id":"https:\/\/kt.gov.rs\/sq\/medvegje-njoftimi-i-leshimit-te-lejeve-te-qarkullimit-gjate-ores-policore\/#primaryimage"},"thumbnailUrl":"https:\/\/kt.gov.rs\/wp-content\/uploads\/2024\/07\/1586338256_080420_5-5.jpg","datePublished":"2020-04-08T00:00:00+00:00","dateModified":"2024-07-30T18:05:55+00:00","breadcrumb":{"@id":"https:\/\/kt.gov.rs\/sq\/medvegje-njoftimi-i-leshimit-te-lejeve-te-qarkullimit-gjate-ores-policore\/#breadcrumb"},"inLanguage":"sq-AL","potentialAction":[{"@type":"ReadAction","target":["https:\/\/kt.gov.rs\/sq\/medvegje-njoftimi-i-leshimit-te-lejeve-te-qarkullimit-gjate-ores-policore\/"]}]},{"@type":"ImageObject","inLanguage":"sq-AL","@id":"https:\/\/kt.gov.rs\/sq\/medvegje-njoftimi-i-leshimit-te-lejeve-te-qarkullimit-gjate-ores-policore\/#primaryimage","url":"https:\/\/kt.gov.rs\/wp-content\/uploads\/2024\/07\/1586338256_080420_5-5.jpg","contentUrl":"https:\/\/kt.gov.rs\/wp-content\/uploads\/2024\/07\/1586338256_080420_5-5.jpg","width":315,"height":230},{"@type":"BreadcrumbList","@id":"https:\/\/kt.gov.rs\/sq\/medvegje-njoftimi-i-leshimit-te-lejeve-te-qarkullimit-gjate-ores-policore\/#breadcrumb","itemListElement":[{"@type":"ListItem","position":1,"name":"\u041f\u043e\u0447\u0435\u0442\u043d\u0430","item":"https:\/\/kt.gov.rs\/sq\/"},{"@type":"ListItem","position":2,"name":"MEDVEGJ\u00cb: NJOFTIMI I L\u00cbSHIMIT T\u00cb LEJEVE T\u00cb QARKULLIMIT GJAT\u00cb OR\u00cbS POLICORE"}]},{"@type":"WebSite","@id":"https:\/\/kt.gov.rs\/#website","url":"https:\/\/kt.gov.rs\/","name":"\u041a\u043e\u043e\u0440\u0434\u0438\u043d\u0430\u0446\u0438\u043e\u043d\u043e \u0442\u0435\u043b\u043e \u0412\u043b\u0430\u0434\u0435 \u0420\u0435\u043f\u0443\u0431\u043b\u0438\u043a\u0435 \u0421\u0440\u0431\u0438\u0458\u0435 \u0437\u0430 \u043e\u043f\u0448\u0442\u0438\u043d\u0435 \u041f\u0440\u0435\u0448\u0435\u0432\u043e, \u0411\u0443\u0458\u0430\u043d\u043e\u0432\u0430\u0446 \u0438 \u041c\u0435\u0434\u0432\u0435\u0452a","description":"","publisher":{"@id":"https:\/\/kt.gov.rs\/#organization"},"alternateName":"\u041a\u043e\u043e\u0440\u0434\u0438\u043d\u0430\u0446\u0438\u043e\u043d\u043e \u0442\u0435\u043b\u043e","potentialAction":[{"@type":"SearchAction","target":{"@type":"EntryPoint","urlTemplate":"https:\/\/kt.gov.rs\/?s={search_term_string}"},"query-input":{"@type":"PropertyValueSpecification","valueRequired":true,"valueName":"search_term_string"}}],"inLanguage":"sq-AL"},{"@type":"Organization","@id":"https:\/\/kt.gov.rs\/#organization","name":"\u041a\u043e\u043e\u0440\u0434\u0438\u043d\u0430\u0446\u0438\u043e\u043d\u043e \u0442\u0435\u043b\u043e \u0412\u043b\u0430\u0434\u0435 \u0420\u0435\u043f\u0443\u0431\u043b\u0438\u043a\u0435 \u0421\u0440\u0431\u0438\u0458\u0435 \u0437\u0430 \u043e\u043f\u0448\u0442\u0438\u043d\u0435 \u041f\u0440\u0435\u0448\u0435\u0432\u043e, \u0411\u0443\u0458\u0430\u043d\u043e\u0432\u0430\u0446 \u0438 \u041c\u0435\u0434\u0432\u0435\u0452a","alternateName":"\u041a\u043e\u043e\u0440\u0434\u0438\u043d\u0430\u0446\u0438\u043e\u043d\u043e \u0442\u0435\u043b\u043e","url":"https:\/\/kt.gov.rs\/","logo":{"@type":"ImageObject","inLanguage":"sq-AL","@id":"https:\/\/kt.gov.rs\/#\/schema\/logo\/image\/","url":"https:\/\/kt.gov.rs\/wp-content\/uploads\/2024\/12\/koord2.jpg","contentUrl":"https:\/\/kt.gov.rs\/wp-content\/uploads\/2024\/12\/koord2.jpg","width":640,"height":480,"caption":"\u041a\u043e\u043e\u0440\u0434\u0438\u043d\u0430\u0446\u0438\u043e\u043d\u043e \u0442\u0435\u043b\u043e \u0412\u043b\u0430\u0434\u0435 \u0420\u0435\u043f\u0443\u0431\u043b\u0438\u043a\u0435 \u0421\u0440\u0431\u0438\u0458\u0435 \u0437\u0430 \u043e\u043f\u0448\u0442\u0438\u043d\u0435 \u041f\u0440\u0435\u0448\u0435\u0432\u043e, \u0411\u0443\u0458\u0430\u043d\u043e\u0432\u0430\u0446 \u0438 \u041c\u0435\u0434\u0432\u0435\u0452a"},"image":{"@id":"https:\/\/kt.gov.rs\/#\/schema\/logo\/image\/"},"sameAs":["https:\/\/www.facebook.com\/SluzbaKoordinacionogTelaVladeRepublikeSrbije","https:\/\/x.com\/kt_gov","https:\/\/www.youtube.com\/@koordinacionotelo"]},{"@type":"Person","@id":"https:\/\/kt.gov.rs\/#\/schema\/person\/e426459ddb4173309103390602694571","name":"ktmin","image":{"@type":"ImageObject","inLanguage":"sq-AL","@id":"https:\/\/secure.gravatar.com\/avatar\/3985c961109853010c3fbc7ba30365bfba5db3dd6c525831d9c595c7525a615a?s=96&d=mm&r=g","url":"https:\/\/secure.gravatar.com\/avatar\/3985c961109853010c3fbc7ba30365bfba5db3dd6c525831d9c595c7525a615a?s=96&d=mm&r=g","contentUrl":"https:\/\/secure.gravatar.com\/avatar\/3985c961109853010c3fbc7ba30365bfba5db3dd6c525831d9c595c7525a615a?s=96&d=mm&r=g","caption":"ktmin"},"sameAs":["https:\/\/kt.gov.rs"],"url":"https:\/\/kt.gov.rs\/sq\/author\/ktmin\/"}]}},"_links":{"self":[{"href":"https:\/\/kt.gov.rs\/sq\/wp-json\/wp\/v2\/posts\/113290","targetHints":{"allow":["GET"]}}],"collection":[{"href":"https:\/\/kt.gov.rs\/sq\/wp-json\/wp\/v2\/posts"}],"about":[{"href":"https:\/\/kt.gov.rs\/sq\/wp-json\/wp\/v2\/types\/post"}],"author":[{"embeddable":true,"href":"https:\/\/kt.gov.rs\/sq\/wp-json\/wp\/v2\/users\/1"}],"replies":[{"embeddable":true,"href":"https:\/\/kt.gov.rs\/sq\/wp-json\/wp\/v2\/comments?post=113290"}],"version-history":[{"count":1,"href":"https:\/\/kt.gov.rs\/sq\/wp-json\/wp\/v2\/posts\/113290\/revisions"}],"predecessor-version":[{"id":113294,"href":"https:\/\/kt.gov.rs\/sq\/wp-json\/wp\/v2\/posts\/113290\/revisions\/113294"}],"wp:featuredmedia":[{"embeddable":true,"href":"https:\/\/kt.gov.rs\/sq\/wp-json\/wp\/v2\/media\/113295"}],"wp:attachment":[{"href":"https:\/\/kt.gov.rs\/sq\/wp-json\/wp\/v2\/media?parent=113290"}],"wp:term":[{"taxonomy":"category","embeddable":true,"href":"https:\/\/kt.gov.rs\/sq\/wp-json\/wp\/v2\/categories?post=113290"},{"taxonomy":"post_tag","embeddable":true,"href":"https:\/\/kt.gov.rs\/sq\/wp-json\/wp\/v2\/tags?post=113290"}],"curies":[{"name":"wp","href":"https:\/\/api.w.org\/{rel}","templated":true}]}}