{"id":113266,"date":"2020-04-10T00:00:00","date_gmt":"2020-04-10T00:00:00","guid":{"rendered":"http:\/\/kt.printandscreen.rs\/ue-konkursi-per-gazetare-te-rinj-ambicioz-afati-13-korrik-2020\/"},"modified":"2024-07-30T18:05:53","modified_gmt":"2024-07-30T18:05:53","slug":"ue-konkursi-per-gazetare-te-rinj-ambicioz-afati-13-korrik-2020","status":"publish","type":"post","link":"https:\/\/kt.gov.rs\/sq\/ue-konkursi-per-gazetare-te-rinj-ambicioz-afati-13-korrik-2020\/","title":{"rendered":"UE KONKURSI P\u00cbR GAZETAR\u00cb T\u00cb RINJ AMBICIOZ (AFATI: 13 KORRIK 2020)"},"content":{"rendered":"<p>\n\t<strong><img decoding=\"async\" alt=\"\" src=\"https:\/\/kt.gov.rs\/wp-content\/uploads\/2024\/07\/1586506998_100420_1-4.jpg\" style=\"width: 315px; height: 230px; float: left;\" \/><\/strong><strong>Bruksel \u2013<\/strong> Komisioni Evropian ka shpallur konkursin p\u00ebr gazetar\u00eb t\u00eb rinj q\u00eb aspirojn\u00eb si pjes\u00eb e programit Youth4Regions.<\/p>\n<p>\n\tYouth4Regions \u00ebsht\u00eb nj\u00eb program q\u00eb u mund\u00ebson student\u00ebve t\u00eb gazetaris\u00eb dhe gazetar\u00ebve t\u00eb rinj t\u00eb zbulojn\u00eb se \u00e7far\u00eb gjith\u00e7ka b\u00ebn BE-ja p\u00ebr rajonin e tyre.<\/p>\n<p>\n\tKonkursi do t\u00eb zgjedh\u00eb gjithsej 33 pjes\u00ebmarr\u00ebs t\u00eb cil\u00ebt do t\u00eb marrin nj\u00eb ftes\u00eb p\u00ebr t\u00eb udh\u00ebtuar n\u00eb Bruksel gjat\u00eb Jav\u00ebs Evropiane t\u00eb Rajonit dhe Qyteteve, t\u00eb planifikuar p\u00ebr tetor 2020, ku ata do t\u00eb marrin pjes\u00eb n\u00eb trajnime, mentorim dhe gazetar\u00eb t\u00eb njohur n\u00eb redaksit\u00eb dhe vizitat institucionet e BE-s\u00eb dhe media.<\/p>\n<p>\n\tPjes\u00ebmarr\u00ebsit e suksessh\u00ebm do t\u00eb ken\u00eb mund\u00ebsin\u00eb t\u00eb fitojn\u00eb \u00e7mimin Megalizzi \u2013 Niedzielski p\u00ebr Gazetar\u00ebt e Rinj. Konkurrenca \u00ebsht\u00eb e hapur p\u00ebr pjes\u00ebmarr\u00ebs nga shtetet an\u00ebtare t\u00eb BE-s\u00eb, vendet fqinje dhe vendet kandidate.<\/p>\n<p>\n\tStudimi i kryer nga ish pjes\u00ebmarr\u00ebs t\u00eb programit tregoi se 18% e t\u00eb anketuarve kan\u00eb marr\u00eb nj\u00eb ofert\u00eb pune fal\u00eb programit, nd\u00ebrsa 97% mendojn\u00eb se programi i ndihmoi ata t\u00eb thellojn\u00eb njohurit\u00eb e tyre p\u00ebr politik\u00ebn e BE dhe rajonit.<\/p>\n<p>\n\tFormulari i aplikimit dhe kushtet e konkursit jan\u00eb n\u00eb dispozicion n\u00eb https:\/\/ec.europa.eu\/regional_policy\/en\/policy\/communication\/youth4regions deri m\u00eb 13 korrik 2020.<\/p>\n<p>\n\t<strong>Burimi: Komisioni Evropian dhe Trupi Koordinues <\/strong><\/p>\n<p>\n\t\u00a0<\/p>\n","protected":false},"excerpt":{"rendered":"<p>Bruksel \u2013\u00a0Komisioni Evropian ka shpallur konkursin p\u00ebr gazetar\u00eb t\u00eb rinj q\u00eb aspirojn\u00eb si pjes\u00eb e programit Youth4Regions.<\/p>\n","protected":false},"author":1,"featured_media":113271,"comment_status":"closed","ping_status":"closed","sticky":false,"template":"","format":"standard","meta":{"footnotes":""},"categories":[55],"tags":[],"class_list":["post-113266","post","type-post","status-publish","format-standard","has-post-thumbnail","hentry","category-lajme"],"yoast_head":"<!-- This site is optimized with the Yoast SEO plugin v27.5 - https:\/\/yoast.com\/product\/yoast-seo-wordpress\/ -->\n<title>UE KONKURSI P\u00cbR GAZETAR\u00cb T\u00cb RINJ AMBICIOZ (AFATI: 13 KORRIK 2020) - Republika e S\u00ebrbis\u00eb Trupi Koordinues p\u00ebr komunat Bujanoc, Preshev\u00eb dhe Medvegj\u00eb<\/title>\n<meta name=\"robots\" content=\"index, follow, max-snippet:-1, max-image-preview:large, max-video-preview:-1\" \/>\n<link rel=\"canonical\" href=\"https:\/\/kt.gov.rs\/sq\/ue-konkursi-per-gazetare-te-rinj-ambicioz-afati-13-korrik-2020\/\" \/>\n<meta property=\"og:locale\" content=\"sq_AL\" \/>\n<meta property=\"og:type\" content=\"article\" \/>\n<meta property=\"og:title\" content=\"UE KONKURSI P\u00cbR GAZETAR\u00cb T\u00cb RINJ AMBICIOZ (AFATI: 13 KORRIK 2020) - Republika e S\u00ebrbis\u00eb Trupi Koordinues p\u00ebr komunat Bujanoc, Preshev\u00eb dhe Medvegj\u00eb\" \/>\n<meta property=\"og:description\" content=\"Bruksel -\u00a0Komisioni Evropian ka shpallur konkursin p\u00ebr gazetar\u00eb t\u00eb rinj q\u00eb aspirojn\u00eb si pjes\u00eb e programit Youth4Regions.\" \/>\n<meta property=\"og:url\" content=\"https:\/\/kt.gov.rs\/sq\/ue-konkursi-per-gazetare-te-rinj-ambicioz-afati-13-korrik-2020\/\" \/>\n<meta property=\"og:site_name\" content=\"Republika e S\u00ebrbis\u00eb Trupi Koordinues p\u00ebr komunat Bujanoc, Preshev\u00eb dhe Medvegj\u00eb\" \/>\n<meta property=\"article:publisher\" content=\"https:\/\/www.facebook.com\/SluzbaKoordinacionogTelaVladeRepublikeSrbije\" \/>\n<meta property=\"article:published_time\" content=\"2020-04-10T00:00:00+00:00\" \/>\n<meta property=\"article:modified_time\" content=\"2024-07-30T18:05:53+00:00\" \/>\n<meta property=\"og:image\" content=\"https:\/\/kt.gov.rs\/wp-content\/uploads\/2024\/07\/1586506998_100420_1-5.jpg\" \/>\n\t<meta property=\"og:image:width\" content=\"315\" \/>\n\t<meta property=\"og:image:height\" content=\"230\" \/>\n\t<meta property=\"og:image:type\" content=\"image\/jpeg\" \/>\n<meta name=\"author\" content=\"ktmin\" \/>\n<meta name=\"twitter:card\" content=\"summary_large_image\" \/>\n<meta name=\"twitter:creator\" content=\"@kt_gov\" \/>\n<meta name=\"twitter:site\" content=\"@kt_gov\" \/>\n<meta name=\"twitter:label1\" content=\"Written by\" \/>\n\t<meta name=\"twitter:data1\" content=\"ktmin\" \/>\n\t<meta name=\"twitter:label2\" content=\"Est. reading time\" \/>\n\t<meta name=\"twitter:data2\" content=\"2 minutes\" \/>\n<script type=\"application\/ld+json\" class=\"yoast-schema-graph\">{\"@context\":\"https:\\\/\\\/schema.org\",\"@graph\":[{\"@type\":\"Article\",\"@id\":\"https:\\\/\\\/kt.gov.rs\\\/sq\\\/ue-konkursi-per-gazetare-te-rinj-ambicioz-afati-13-korrik-2020\\\/#article\",\"isPartOf\":{\"@id\":\"https:\\\/\\\/kt.gov.rs\\\/sq\\\/ue-konkursi-per-gazetare-te-rinj-ambicioz-afati-13-korrik-2020\\\/\"},\"author\":{\"name\":\"ktmin\",\"@id\":\"https:\\\/\\\/kt.gov.rs\\\/#\\\/schema\\\/person\\\/e426459ddb4173309103390602694571\"},\"headline\":\"UE KONKURSI P\u00cbR GAZETAR\u00cb T\u00cb RINJ AMBICIOZ (AFATI: 13 KORRIK 2020)\",\"datePublished\":\"2020-04-10T00:00:00+00:00\",\"dateModified\":\"2024-07-30T18:05:53+00:00\",\"mainEntityOfPage\":{\"@id\":\"https:\\\/\\\/kt.gov.rs\\\/sq\\\/ue-konkursi-per-gazetare-te-rinj-ambicioz-afati-13-korrik-2020\\\/\"},\"wordCount\":327,\"publisher\":{\"@id\":\"https:\\\/\\\/kt.gov.rs\\\/#organization\"},\"image\":{\"@id\":\"https:\\\/\\\/kt.gov.rs\\\/sq\\\/ue-konkursi-per-gazetare-te-rinj-ambicioz-afati-13-korrik-2020\\\/#primaryimage\"},\"thumbnailUrl\":\"https:\\\/\\\/kt.gov.rs\\\/wp-content\\\/uploads\\\/2024\\\/07\\\/1586506998_100420_1-5.jpg\",\"articleSection\":[\"Lajme\"],\"inLanguage\":\"sq-AL\"},{\"@type\":\"WebPage\",\"@id\":\"https:\\\/\\\/kt.gov.rs\\\/sq\\\/ue-konkursi-per-gazetare-te-rinj-ambicioz-afati-13-korrik-2020\\\/\",\"url\":\"https:\\\/\\\/kt.gov.rs\\\/sq\\\/ue-konkursi-per-gazetare-te-rinj-ambicioz-afati-13-korrik-2020\\\/\",\"name\":\"UE KONKURSI P\u00cbR GAZETAR\u00cb T\u00cb RINJ AMBICIOZ (AFATI: 13 KORRIK 2020) - Republika e S\u00ebrbis\u00eb Trupi Koordinues p\u00ebr komunat Bujanoc, Preshev\u00eb dhe Medvegj\u00eb\",\"isPartOf\":{\"@id\":\"https:\\\/\\\/kt.gov.rs\\\/#website\"},\"primaryImageOfPage\":{\"@id\":\"https:\\\/\\\/kt.gov.rs\\\/sq\\\/ue-konkursi-per-gazetare-te-rinj-ambicioz-afati-13-korrik-2020\\\/#primaryimage\"},\"image\":{\"@id\":\"https:\\\/\\\/kt.gov.rs\\\/sq\\\/ue-konkursi-per-gazetare-te-rinj-ambicioz-afati-13-korrik-2020\\\/#primaryimage\"},\"thumbnailUrl\":\"https:\\\/\\\/kt.gov.rs\\\/wp-content\\\/uploads\\\/2024\\\/07\\\/1586506998_100420_1-5.jpg\",\"datePublished\":\"2020-04-10T00:00:00+00:00\",\"dateModified\":\"2024-07-30T18:05:53+00:00\",\"breadcrumb\":{\"@id\":\"https:\\\/\\\/kt.gov.rs\\\/sq\\\/ue-konkursi-per-gazetare-te-rinj-ambicioz-afati-13-korrik-2020\\\/#breadcrumb\"},\"inLanguage\":\"sq-AL\",\"potentialAction\":[{\"@type\":\"ReadAction\",\"target\":[\"https:\\\/\\\/kt.gov.rs\\\/sq\\\/ue-konkursi-per-gazetare-te-rinj-ambicioz-afati-13-korrik-2020\\\/\"]}]},{\"@type\":\"ImageObject\",\"inLanguage\":\"sq-AL\",\"@id\":\"https:\\\/\\\/kt.gov.rs\\\/sq\\\/ue-konkursi-per-gazetare-te-rinj-ambicioz-afati-13-korrik-2020\\\/#primaryimage\",\"url\":\"https:\\\/\\\/kt.gov.rs\\\/wp-content\\\/uploads\\\/2024\\\/07\\\/1586506998_100420_1-5.jpg\",\"contentUrl\":\"https:\\\/\\\/kt.gov.rs\\\/wp-content\\\/uploads\\\/2024\\\/07\\\/1586506998_100420_1-5.jpg\",\"width\":315,\"height\":230},{\"@type\":\"BreadcrumbList\",\"@id\":\"https:\\\/\\\/kt.gov.rs\\\/sq\\\/ue-konkursi-per-gazetare-te-rinj-ambicioz-afati-13-korrik-2020\\\/#breadcrumb\",\"itemListElement\":[{\"@type\":\"ListItem\",\"position\":1,\"name\":\"\u041f\u043e\u0447\u0435\u0442\u043d\u0430\",\"item\":\"https:\\\/\\\/kt.gov.rs\\\/sq\\\/\"},{\"@type\":\"ListItem\",\"position\":2,\"name\":\"UE KONKURSI P\u00cbR GAZETAR\u00cb T\u00cb RINJ AMBICIOZ (AFATI: 13 KORRIK 2020)\"}]},{\"@type\":\"WebSite\",\"@id\":\"https:\\\/\\\/kt.gov.rs\\\/#website\",\"url\":\"https:\\\/\\\/kt.gov.rs\\\/\",\"name\":\"\u041a\u043e\u043e\u0440\u0434\u0438\u043d\u0430\u0446\u0438\u043e\u043d\u043e \u0442\u0435\u043b\u043e \u0412\u043b\u0430\u0434\u0435 \u0420\u0435\u043f\u0443\u0431\u043b\u0438\u043a\u0435 \u0421\u0440\u0431\u0438\u0458\u0435 \u0437\u0430 \u043e\u043f\u0448\u0442\u0438\u043d\u0435 \u041f\u0440\u0435\u0448\u0435\u0432\u043e, \u0411\u0443\u0458\u0430\u043d\u043e\u0432\u0430\u0446 \u0438 \u041c\u0435\u0434\u0432\u0435\u0452a\",\"description\":\"\",\"publisher\":{\"@id\":\"https:\\\/\\\/kt.gov.rs\\\/#organization\"},\"alternateName\":\"\u041a\u043e\u043e\u0440\u0434\u0438\u043d\u0430\u0446\u0438\u043e\u043d\u043e \u0442\u0435\u043b\u043e\",\"potentialAction\":[{\"@type\":\"SearchAction\",\"target\":{\"@type\":\"EntryPoint\",\"urlTemplate\":\"https:\\\/\\\/kt.gov.rs\\\/?s={search_term_string}\"},\"query-input\":{\"@type\":\"PropertyValueSpecification\",\"valueRequired\":true,\"valueName\":\"search_term_string\"}}],\"inLanguage\":\"sq-AL\"},{\"@type\":\"Organization\",\"@id\":\"https:\\\/\\\/kt.gov.rs\\\/#organization\",\"name\":\"\u041a\u043e\u043e\u0440\u0434\u0438\u043d\u0430\u0446\u0438\u043e\u043d\u043e \u0442\u0435\u043b\u043e \u0412\u043b\u0430\u0434\u0435 \u0420\u0435\u043f\u0443\u0431\u043b\u0438\u043a\u0435 \u0421\u0440\u0431\u0438\u0458\u0435 \u0437\u0430 \u043e\u043f\u0448\u0442\u0438\u043d\u0435 \u041f\u0440\u0435\u0448\u0435\u0432\u043e, \u0411\u0443\u0458\u0430\u043d\u043e\u0432\u0430\u0446 \u0438 \u041c\u0435\u0434\u0432\u0435\u0452a\",\"alternateName\":\"\u041a\u043e\u043e\u0440\u0434\u0438\u043d\u0430\u0446\u0438\u043e\u043d\u043e \u0442\u0435\u043b\u043e\",\"url\":\"https:\\\/\\\/kt.gov.rs\\\/\",\"logo\":{\"@type\":\"ImageObject\",\"inLanguage\":\"sq-AL\",\"@id\":\"https:\\\/\\\/kt.gov.rs\\\/#\\\/schema\\\/logo\\\/image\\\/\",\"url\":\"https:\\\/\\\/kt.gov.rs\\\/wp-content\\\/uploads\\\/2024\\\/12\\\/koord2.jpg\",\"contentUrl\":\"https:\\\/\\\/kt.gov.rs\\\/wp-content\\\/uploads\\\/2024\\\/12\\\/koord2.jpg\",\"width\":640,\"height\":480,\"caption\":\"\u041a\u043e\u043e\u0440\u0434\u0438\u043d\u0430\u0446\u0438\u043e\u043d\u043e \u0442\u0435\u043b\u043e \u0412\u043b\u0430\u0434\u0435 \u0420\u0435\u043f\u0443\u0431\u043b\u0438\u043a\u0435 \u0421\u0440\u0431\u0438\u0458\u0435 \u0437\u0430 \u043e\u043f\u0448\u0442\u0438\u043d\u0435 \u041f\u0440\u0435\u0448\u0435\u0432\u043e, \u0411\u0443\u0458\u0430\u043d\u043e\u0432\u0430\u0446 \u0438 \u041c\u0435\u0434\u0432\u0435\u0452a\"},\"image\":{\"@id\":\"https:\\\/\\\/kt.gov.rs\\\/#\\\/schema\\\/logo\\\/image\\\/\"},\"sameAs\":[\"https:\\\/\\\/www.facebook.com\\\/SluzbaKoordinacionogTelaVladeRepublikeSrbije\",\"https:\\\/\\\/x.com\\\/kt_gov\",\"https:\\\/\\\/www.youtube.com\\\/@koordinacionotelo\"]},{\"@type\":\"Person\",\"@id\":\"https:\\\/\\\/kt.gov.rs\\\/#\\\/schema\\\/person\\\/e426459ddb4173309103390602694571\",\"name\":\"ktmin\",\"image\":{\"@type\":\"ImageObject\",\"inLanguage\":\"sq-AL\",\"@id\":\"https:\\\/\\\/secure.gravatar.com\\\/avatar\\\/3985c961109853010c3fbc7ba30365bfba5db3dd6c525831d9c595c7525a615a?s=96&d=mm&r=g\",\"url\":\"https:\\\/\\\/secure.gravatar.com\\\/avatar\\\/3985c961109853010c3fbc7ba30365bfba5db3dd6c525831d9c595c7525a615a?s=96&d=mm&r=g\",\"contentUrl\":\"https:\\\/\\\/secure.gravatar.com\\\/avatar\\\/3985c961109853010c3fbc7ba30365bfba5db3dd6c525831d9c595c7525a615a?s=96&d=mm&r=g\",\"caption\":\"ktmin\"},\"sameAs\":[\"https:\\\/\\\/kt.gov.rs\"],\"url\":\"https:\\\/\\\/kt.gov.rs\\\/sq\\\/author\\\/ktmin\\\/\"}]}<\/script>\n<!-- \/ Yoast SEO plugin. -->","yoast_head_json":{"title":"UE KONKURSI P\u00cbR GAZETAR\u00cb T\u00cb RINJ AMBICIOZ (AFATI: 13 KORRIK 2020) - Republika e S\u00ebrbis\u00eb Trupi Koordinues p\u00ebr komunat Bujanoc, Preshev\u00eb dhe Medvegj\u00eb","robots":{"index":"index","follow":"follow","max-snippet":"max-snippet:-1","max-image-preview":"max-image-preview:large","max-video-preview":"max-video-preview:-1"},"canonical":"https:\/\/kt.gov.rs\/sq\/ue-konkursi-per-gazetare-te-rinj-ambicioz-afati-13-korrik-2020\/","og_locale":"sq_AL","og_type":"article","og_title":"UE KONKURSI P\u00cbR GAZETAR\u00cb T\u00cb RINJ AMBICIOZ (AFATI: 13 KORRIK 2020) - Republika e S\u00ebrbis\u00eb Trupi Koordinues p\u00ebr komunat Bujanoc, Preshev\u00eb dhe Medvegj\u00eb","og_description":"Bruksel -\u00a0Komisioni Evropian ka shpallur konkursin p\u00ebr gazetar\u00eb t\u00eb rinj q\u00eb aspirojn\u00eb si pjes\u00eb e programit Youth4Regions.","og_url":"https:\/\/kt.gov.rs\/sq\/ue-konkursi-per-gazetare-te-rinj-ambicioz-afati-13-korrik-2020\/","og_site_name":"Republika e S\u00ebrbis\u00eb Trupi Koordinues p\u00ebr komunat Bujanoc, Preshev\u00eb dhe Medvegj\u00eb","article_publisher":"https:\/\/www.facebook.com\/SluzbaKoordinacionogTelaVladeRepublikeSrbije","article_published_time":"2020-04-10T00:00:00+00:00","article_modified_time":"2024-07-30T18:05:53+00:00","og_image":[{"width":315,"height":230,"url":"https:\/\/kt.gov.rs\/wp-content\/uploads\/2024\/07\/1586506998_100420_1-5.jpg","type":"image\/jpeg"}],"author":"ktmin","twitter_card":"summary_large_image","twitter_creator":"@kt_gov","twitter_site":"@kt_gov","twitter_misc":{"Written by":"ktmin","Est. reading time":"2 minutes"},"schema":{"@context":"https:\/\/schema.org","@graph":[{"@type":"Article","@id":"https:\/\/kt.gov.rs\/sq\/ue-konkursi-per-gazetare-te-rinj-ambicioz-afati-13-korrik-2020\/#article","isPartOf":{"@id":"https:\/\/kt.gov.rs\/sq\/ue-konkursi-per-gazetare-te-rinj-ambicioz-afati-13-korrik-2020\/"},"author":{"name":"ktmin","@id":"https:\/\/kt.gov.rs\/#\/schema\/person\/e426459ddb4173309103390602694571"},"headline":"UE KONKURSI P\u00cbR GAZETAR\u00cb T\u00cb RINJ AMBICIOZ (AFATI: 13 KORRIK 2020)","datePublished":"2020-04-10T00:00:00+00:00","dateModified":"2024-07-30T18:05:53+00:00","mainEntityOfPage":{"@id":"https:\/\/kt.gov.rs\/sq\/ue-konkursi-per-gazetare-te-rinj-ambicioz-afati-13-korrik-2020\/"},"wordCount":327,"publisher":{"@id":"https:\/\/kt.gov.rs\/#organization"},"image":{"@id":"https:\/\/kt.gov.rs\/sq\/ue-konkursi-per-gazetare-te-rinj-ambicioz-afati-13-korrik-2020\/#primaryimage"},"thumbnailUrl":"https:\/\/kt.gov.rs\/wp-content\/uploads\/2024\/07\/1586506998_100420_1-5.jpg","articleSection":["Lajme"],"inLanguage":"sq-AL"},{"@type":"WebPage","@id":"https:\/\/kt.gov.rs\/sq\/ue-konkursi-per-gazetare-te-rinj-ambicioz-afati-13-korrik-2020\/","url":"https:\/\/kt.gov.rs\/sq\/ue-konkursi-per-gazetare-te-rinj-ambicioz-afati-13-korrik-2020\/","name":"UE KONKURSI P\u00cbR GAZETAR\u00cb T\u00cb RINJ AMBICIOZ (AFATI: 13 KORRIK 2020) - Republika e S\u00ebrbis\u00eb Trupi Koordinues p\u00ebr komunat Bujanoc, Preshev\u00eb dhe Medvegj\u00eb","isPartOf":{"@id":"https:\/\/kt.gov.rs\/#website"},"primaryImageOfPage":{"@id":"https:\/\/kt.gov.rs\/sq\/ue-konkursi-per-gazetare-te-rinj-ambicioz-afati-13-korrik-2020\/#primaryimage"},"image":{"@id":"https:\/\/kt.gov.rs\/sq\/ue-konkursi-per-gazetare-te-rinj-ambicioz-afati-13-korrik-2020\/#primaryimage"},"thumbnailUrl":"https:\/\/kt.gov.rs\/wp-content\/uploads\/2024\/07\/1586506998_100420_1-5.jpg","datePublished":"2020-04-10T00:00:00+00:00","dateModified":"2024-07-30T18:05:53+00:00","breadcrumb":{"@id":"https:\/\/kt.gov.rs\/sq\/ue-konkursi-per-gazetare-te-rinj-ambicioz-afati-13-korrik-2020\/#breadcrumb"},"inLanguage":"sq-AL","potentialAction":[{"@type":"ReadAction","target":["https:\/\/kt.gov.rs\/sq\/ue-konkursi-per-gazetare-te-rinj-ambicioz-afati-13-korrik-2020\/"]}]},{"@type":"ImageObject","inLanguage":"sq-AL","@id":"https:\/\/kt.gov.rs\/sq\/ue-konkursi-per-gazetare-te-rinj-ambicioz-afati-13-korrik-2020\/#primaryimage","url":"https:\/\/kt.gov.rs\/wp-content\/uploads\/2024\/07\/1586506998_100420_1-5.jpg","contentUrl":"https:\/\/kt.gov.rs\/wp-content\/uploads\/2024\/07\/1586506998_100420_1-5.jpg","width":315,"height":230},{"@type":"BreadcrumbList","@id":"https:\/\/kt.gov.rs\/sq\/ue-konkursi-per-gazetare-te-rinj-ambicioz-afati-13-korrik-2020\/#breadcrumb","itemListElement":[{"@type":"ListItem","position":1,"name":"\u041f\u043e\u0447\u0435\u0442\u043d\u0430","item":"https:\/\/kt.gov.rs\/sq\/"},{"@type":"ListItem","position":2,"name":"UE KONKURSI P\u00cbR GAZETAR\u00cb T\u00cb RINJ AMBICIOZ (AFATI: 13 KORRIK 2020)"}]},{"@type":"WebSite","@id":"https:\/\/kt.gov.rs\/#website","url":"https:\/\/kt.gov.rs\/","name":"\u041a\u043e\u043e\u0440\u0434\u0438\u043d\u0430\u0446\u0438\u043e\u043d\u043e \u0442\u0435\u043b\u043e \u0412\u043b\u0430\u0434\u0435 \u0420\u0435\u043f\u0443\u0431\u043b\u0438\u043a\u0435 \u0421\u0440\u0431\u0438\u0458\u0435 \u0437\u0430 \u043e\u043f\u0448\u0442\u0438\u043d\u0435 \u041f\u0440\u0435\u0448\u0435\u0432\u043e, \u0411\u0443\u0458\u0430\u043d\u043e\u0432\u0430\u0446 \u0438 \u041c\u0435\u0434\u0432\u0435\u0452a","description":"","publisher":{"@id":"https:\/\/kt.gov.rs\/#organization"},"alternateName":"\u041a\u043e\u043e\u0440\u0434\u0438\u043d\u0430\u0446\u0438\u043e\u043d\u043e \u0442\u0435\u043b\u043e","potentialAction":[{"@type":"SearchAction","target":{"@type":"EntryPoint","urlTemplate":"https:\/\/kt.gov.rs\/?s={search_term_string}"},"query-input":{"@type":"PropertyValueSpecification","valueRequired":true,"valueName":"search_term_string"}}],"inLanguage":"sq-AL"},{"@type":"Organization","@id":"https:\/\/kt.gov.rs\/#organization","name":"\u041a\u043e\u043e\u0440\u0434\u0438\u043d\u0430\u0446\u0438\u043e\u043d\u043e \u0442\u0435\u043b\u043e \u0412\u043b\u0430\u0434\u0435 \u0420\u0435\u043f\u0443\u0431\u043b\u0438\u043a\u0435 \u0421\u0440\u0431\u0438\u0458\u0435 \u0437\u0430 \u043e\u043f\u0448\u0442\u0438\u043d\u0435 \u041f\u0440\u0435\u0448\u0435\u0432\u043e, \u0411\u0443\u0458\u0430\u043d\u043e\u0432\u0430\u0446 \u0438 \u041c\u0435\u0434\u0432\u0435\u0452a","alternateName":"\u041a\u043e\u043e\u0440\u0434\u0438\u043d\u0430\u0446\u0438\u043e\u043d\u043e \u0442\u0435\u043b\u043e","url":"https:\/\/kt.gov.rs\/","logo":{"@type":"ImageObject","inLanguage":"sq-AL","@id":"https:\/\/kt.gov.rs\/#\/schema\/logo\/image\/","url":"https:\/\/kt.gov.rs\/wp-content\/uploads\/2024\/12\/koord2.jpg","contentUrl":"https:\/\/kt.gov.rs\/wp-content\/uploads\/2024\/12\/koord2.jpg","width":640,"height":480,"caption":"\u041a\u043e\u043e\u0440\u0434\u0438\u043d\u0430\u0446\u0438\u043e\u043d\u043e \u0442\u0435\u043b\u043e \u0412\u043b\u0430\u0434\u0435 \u0420\u0435\u043f\u0443\u0431\u043b\u0438\u043a\u0435 \u0421\u0440\u0431\u0438\u0458\u0435 \u0437\u0430 \u043e\u043f\u0448\u0442\u0438\u043d\u0435 \u041f\u0440\u0435\u0448\u0435\u0432\u043e, \u0411\u0443\u0458\u0430\u043d\u043e\u0432\u0430\u0446 \u0438 \u041c\u0435\u0434\u0432\u0435\u0452a"},"image":{"@id":"https:\/\/kt.gov.rs\/#\/schema\/logo\/image\/"},"sameAs":["https:\/\/www.facebook.com\/SluzbaKoordinacionogTelaVladeRepublikeSrbije","https:\/\/x.com\/kt_gov","https:\/\/www.youtube.com\/@koordinacionotelo"]},{"@type":"Person","@id":"https:\/\/kt.gov.rs\/#\/schema\/person\/e426459ddb4173309103390602694571","name":"ktmin","image":{"@type":"ImageObject","inLanguage":"sq-AL","@id":"https:\/\/secure.gravatar.com\/avatar\/3985c961109853010c3fbc7ba30365bfba5db3dd6c525831d9c595c7525a615a?s=96&d=mm&r=g","url":"https:\/\/secure.gravatar.com\/avatar\/3985c961109853010c3fbc7ba30365bfba5db3dd6c525831d9c595c7525a615a?s=96&d=mm&r=g","contentUrl":"https:\/\/secure.gravatar.com\/avatar\/3985c961109853010c3fbc7ba30365bfba5db3dd6c525831d9c595c7525a615a?s=96&d=mm&r=g","caption":"ktmin"},"sameAs":["https:\/\/kt.gov.rs"],"url":"https:\/\/kt.gov.rs\/sq\/author\/ktmin\/"}]}},"_links":{"self":[{"href":"https:\/\/kt.gov.rs\/sq\/wp-json\/wp\/v2\/posts\/113266","targetHints":{"allow":["GET"]}}],"collection":[{"href":"https:\/\/kt.gov.rs\/sq\/wp-json\/wp\/v2\/posts"}],"about":[{"href":"https:\/\/kt.gov.rs\/sq\/wp-json\/wp\/v2\/types\/post"}],"author":[{"embeddable":true,"href":"https:\/\/kt.gov.rs\/sq\/wp-json\/wp\/v2\/users\/1"}],"replies":[{"embeddable":true,"href":"https:\/\/kt.gov.rs\/sq\/wp-json\/wp\/v2\/comments?post=113266"}],"version-history":[{"count":1,"href":"https:\/\/kt.gov.rs\/sq\/wp-json\/wp\/v2\/posts\/113266\/revisions"}],"predecessor-version":[{"id":113270,"href":"https:\/\/kt.gov.rs\/sq\/wp-json\/wp\/v2\/posts\/113266\/revisions\/113270"}],"wp:featuredmedia":[{"embeddable":true,"href":"https:\/\/kt.gov.rs\/sq\/wp-json\/wp\/v2\/media\/113271"}],"wp:attachment":[{"href":"https:\/\/kt.gov.rs\/sq\/wp-json\/wp\/v2\/media?parent=113266"}],"wp:term":[{"taxonomy":"category","embeddable":true,"href":"https:\/\/kt.gov.rs\/sq\/wp-json\/wp\/v2\/categories?post=113266"},{"taxonomy":"post_tag","embeddable":true,"href":"https:\/\/kt.gov.rs\/sq\/wp-json\/wp\/v2\/tags?post=113266"}],"curies":[{"name":"wp","href":"https:\/\/api.w.org\/{rel}","templated":true}]}}