{"id":113250,"date":"2020-04-10T00:00:00","date_gmt":"2020-04-10T00:00:00","guid":{"rendered":"http:\/\/kt.printandscreen.rs\/zyra-per-situata-te-jashtezakonshme-paralajmron-te-gjithe-qytetaret-qe-te-mos-djegin-lashtat\/"},"modified":"2024-07-30T18:05:52","modified_gmt":"2024-07-30T18:05:52","slug":"zyra-per-situata-te-jashtezakonshme-paralajmron-te-gjithe-qytetaret-qe-te-mos-djegin-lashtat","status":"publish","type":"post","link":"https:\/\/kt.gov.rs\/sq\/zyra-per-situata-te-jashtezakonshme-paralajmron-te-gjithe-qytetaret-qe-te-mos-djegin-lashtat\/","title":{"rendered":"ZYRA P\u00cbR SITUATA T\u00cb JASHT\u00cbZAKONSHME PARALAJMRON T\u00cb GJITH\u00cb QYTETAR\u00cbT Q\u00cb T\u00cb MOS DJEGIN LASHTAT"},"content":{"rendered":"<p>\n\t<strong><img decoding=\"async\" alt=\"\" src=\"https:\/\/kt.gov.rs\/wp-content\/uploads\/2024\/07\/1586507113_100420_3-4.jpg\" style=\"width: 315px; height: 230px; float: left;\" \/><\/strong><strong>Vraj\u00eb \u2013<\/strong> Me rastin e zjarreve t\u00eb djesh\u00ebm t\u00eb regjistruar n\u00eb 15 lokacione n\u00eb Rrethin e P\u00e7inj\u00ebs, dhe me q\u00ebllim t\u00eb sigurimit t\u00eb nj\u00eb niveli t\u00eb caktuar t\u00eb siguris\u00eb nga zjarri dhe shmangien e pasojave t\u00eb mundshme, Zyra e Menaxhimit t\u00eb Emergjencave e pran\u00eb kabinetit t\u00eb kryetarit t\u00eb Qytetit t\u00eb Vraj\u00ebs paralajm\u00ebron t\u00eb gjith\u00eb qytetar\u00ebt q\u00eb t\u00eb mos djegin lasht\u00ebn, dhe se l\u00ebnd\u00ebt e l\u00ebngshme t\u00eb lehta p\u00ebr djegie, karburantet si dhe substancat t\u00eb tjera t\u00eb hudhen n\u00eb mbeturina sipas rregullave.<\/p>\n<p>\n\tDjegia e t\u00eb lashtave, mbeturinave dhe mbeturinave t\u00eb bim\u00ebve \u00ebsht\u00eb e ndaluar me Ligjin p\u00ebr mbrojtjen nga zjarri. Ndalohet zjarri n\u00eb pyll dhe n\u00eb nj\u00eb distanc\u00eb prej 200 metra nga pylli, p\u00ebrve\u00e7 n\u00eb disa zona t\u00eb caktuara t\u00eb sh\u00ebnuara. Personi q\u00eb shkakton zjarrin \u00ebsht\u00eb i detyruar t`ia kompenzoj\u00eb nj\u00ebsit p\u00ebr parandalimin e zjarreve dhe shp\u00ebtimit kostot e nd\u00ebrhyrjes, n\u00eb p\u00ebrputhje me nj\u00eb rregullore t\u00eb ve\u00e7ant\u00eb.<\/p>\n<p>\n\tDuke marr\u00eb parasysh gjendjen e shpallur t\u00eb jasht\u00ebzakonshme, d\u00ebnimet jan\u00eb shum\u00eb m\u00eb t\u00eb ashpra. N\u00ebse p\u00ebrcaktohet se pronat bujq\u00ebsore jan\u00eb djegur, amviseria humbet t\u00eb drejt\u00ebn e stimujve n\u00eb bujq\u00ebsi p\u00ebr nj\u00eb periudh\u00eb tre vje\u00e7are. N\u00ebse v\u00ebreni nj\u00eb zjarr, \u00ebsht\u00eb e nevojshme q\u00eb menj\u00ebher\u00eb t\u00eb njoftoni nj\u00ebsitin e zjarr\u00ebfik\u00ebsve n\u00eb 193.<\/p>\n<p>\n\t<strong>Burimi: RTV Ritam dhe Trupi Koordinues\u00a0<\/strong><\/p>\n<p>\n\t\u00a0<\/p>\n","protected":false},"excerpt":{"rendered":"<p>Vraj\u00eb \u2013\u00a0Me rastin e zjarreve t\u00eb djesh\u00ebm t\u00eb regjistruar n\u00eb 15 lokacione n\u00eb Rrethin e P\u00e7inj\u00ebs, dhe me q\u00ebllim t\u00eb sigurimit t\u00eb nj\u00eb niveli t\u00eb caktuar t\u00eb siguris\u00eb nga zjarri dhe shmangien e pasojave t\u00eb mundshme\u2026<\/p>\n","protected":false},"author":1,"featured_media":113255,"comment_status":"closed","ping_status":"closed","sticky":false,"template":"","format":"standard","meta":{"footnotes":""},"categories":[55],"tags":[],"class_list":["post-113250","post","type-post","status-publish","format-standard","has-post-thumbnail","hentry","category-lajme"],"yoast_head":"<!-- This site is optimized with the Yoast SEO plugin v27.5 - https:\/\/yoast.com\/product\/yoast-seo-wordpress\/ -->\n<title>ZYRA P\u00cbR SITUATA T\u00cb JASHT\u00cbZAKONSHME PARALAJMRON T\u00cb GJITH\u00cb QYTETAR\u00cbT Q\u00cb T\u00cb MOS DJEGIN LASHTAT - Republika e S\u00ebrbis\u00eb Trupi Koordinues p\u00ebr komunat Bujanoc, Preshev\u00eb dhe Medvegj\u00eb<\/title>\n<meta name=\"robots\" content=\"index, follow, max-snippet:-1, max-image-preview:large, max-video-preview:-1\" \/>\n<link rel=\"canonical\" href=\"https:\/\/kt.gov.rs\/sq\/zyra-per-situata-te-jashtezakonshme-paralajmron-te-gjithe-qytetaret-qe-te-mos-djegin-lashtat\/\" \/>\n<meta property=\"og:locale\" content=\"sq_AL\" \/>\n<meta property=\"og:type\" content=\"article\" \/>\n<meta property=\"og:title\" content=\"ZYRA P\u00cbR SITUATA T\u00cb JASHT\u00cbZAKONSHME PARALAJMRON T\u00cb GJITH\u00cb QYTETAR\u00cbT Q\u00cb T\u00cb MOS DJEGIN LASHTAT - Republika e S\u00ebrbis\u00eb Trupi Koordinues p\u00ebr komunat Bujanoc, Preshev\u00eb dhe Medvegj\u00eb\" \/>\n<meta property=\"og:description\" content=\"Vraj\u00eb -\u00a0Me rastin e zjarreve t\u00eb djesh\u00ebm t\u00eb regjistruar n\u00eb 15 lokacione n\u00eb Rrethin e P\u00e7inj\u00ebs, dhe me q\u00ebllim t\u00eb sigurimit t\u00eb nj\u00eb niveli t\u00eb caktuar t\u00eb siguris\u00eb nga zjarri dhe shmangien e pasojave t\u00eb mundshme...\" \/>\n<meta property=\"og:url\" content=\"https:\/\/kt.gov.rs\/sq\/zyra-per-situata-te-jashtezakonshme-paralajmron-te-gjithe-qytetaret-qe-te-mos-djegin-lashtat\/\" \/>\n<meta property=\"og:site_name\" content=\"Republika e S\u00ebrbis\u00eb Trupi Koordinues p\u00ebr komunat Bujanoc, Preshev\u00eb dhe Medvegj\u00eb\" \/>\n<meta property=\"article:publisher\" content=\"https:\/\/www.facebook.com\/SluzbaKoordinacionogTelaVladeRepublikeSrbije\" \/>\n<meta property=\"article:published_time\" content=\"2020-04-10T00:00:00+00:00\" \/>\n<meta property=\"article:modified_time\" content=\"2024-07-30T18:05:52+00:00\" \/>\n<meta property=\"og:image\" content=\"https:\/\/kt.gov.rs\/wp-content\/uploads\/2024\/07\/1586507113_100420_3-5.jpg\" \/>\n\t<meta property=\"og:image:width\" content=\"315\" \/>\n\t<meta property=\"og:image:height\" content=\"230\" \/>\n\t<meta property=\"og:image:type\" content=\"image\/jpeg\" \/>\n<meta name=\"author\" content=\"ktmin\" \/>\n<meta name=\"twitter:card\" content=\"summary_large_image\" \/>\n<meta name=\"twitter:creator\" content=\"@kt_gov\" \/>\n<meta name=\"twitter:site\" content=\"@kt_gov\" \/>\n<meta name=\"twitter:label1\" content=\"Written by\" \/>\n\t<meta name=\"twitter:data1\" content=\"ktmin\" \/>\n\t<meta name=\"twitter:label2\" content=\"Est. reading time\" \/>\n\t<meta name=\"twitter:data2\" content=\"2 minutes\" \/>\n<script type=\"application\/ld+json\" class=\"yoast-schema-graph\">{\"@context\":\"https:\\\/\\\/schema.org\",\"@graph\":[{\"@type\":\"Article\",\"@id\":\"https:\\\/\\\/kt.gov.rs\\\/sq\\\/zyra-per-situata-te-jashtezakonshme-paralajmron-te-gjithe-qytetaret-qe-te-mos-djegin-lashtat\\\/#article\",\"isPartOf\":{\"@id\":\"https:\\\/\\\/kt.gov.rs\\\/sq\\\/zyra-per-situata-te-jashtezakonshme-paralajmron-te-gjithe-qytetaret-qe-te-mos-djegin-lashtat\\\/\"},\"author\":{\"name\":\"ktmin\",\"@id\":\"https:\\\/\\\/kt.gov.rs\\\/#\\\/schema\\\/person\\\/e426459ddb4173309103390602694571\"},\"headline\":\"ZYRA P\u00cbR SITUATA T\u00cb JASHT\u00cbZAKONSHME PARALAJMRON T\u00cb GJITH\u00cb QYTETAR\u00cbT Q\u00cb T\u00cb MOS DJEGIN LASHTAT\",\"datePublished\":\"2020-04-10T00:00:00+00:00\",\"dateModified\":\"2024-07-30T18:05:52+00:00\",\"mainEntityOfPage\":{\"@id\":\"https:\\\/\\\/kt.gov.rs\\\/sq\\\/zyra-per-situata-te-jashtezakonshme-paralajmron-te-gjithe-qytetaret-qe-te-mos-djegin-lashtat\\\/\"},\"wordCount\":356,\"publisher\":{\"@id\":\"https:\\\/\\\/kt.gov.rs\\\/#organization\"},\"image\":{\"@id\":\"https:\\\/\\\/kt.gov.rs\\\/sq\\\/zyra-per-situata-te-jashtezakonshme-paralajmron-te-gjithe-qytetaret-qe-te-mos-djegin-lashtat\\\/#primaryimage\"},\"thumbnailUrl\":\"https:\\\/\\\/kt.gov.rs\\\/wp-content\\\/uploads\\\/2024\\\/07\\\/1586507113_100420_3-5.jpg\",\"articleSection\":[\"Lajme\"],\"inLanguage\":\"sq-AL\"},{\"@type\":\"WebPage\",\"@id\":\"https:\\\/\\\/kt.gov.rs\\\/sq\\\/zyra-per-situata-te-jashtezakonshme-paralajmron-te-gjithe-qytetaret-qe-te-mos-djegin-lashtat\\\/\",\"url\":\"https:\\\/\\\/kt.gov.rs\\\/sq\\\/zyra-per-situata-te-jashtezakonshme-paralajmron-te-gjithe-qytetaret-qe-te-mos-djegin-lashtat\\\/\",\"name\":\"ZYRA P\u00cbR SITUATA T\u00cb JASHT\u00cbZAKONSHME PARALAJMRON T\u00cb GJITH\u00cb QYTETAR\u00cbT Q\u00cb T\u00cb MOS DJEGIN LASHTAT - Republika e S\u00ebrbis\u00eb Trupi Koordinues p\u00ebr komunat Bujanoc, Preshev\u00eb dhe Medvegj\u00eb\",\"isPartOf\":{\"@id\":\"https:\\\/\\\/kt.gov.rs\\\/#website\"},\"primaryImageOfPage\":{\"@id\":\"https:\\\/\\\/kt.gov.rs\\\/sq\\\/zyra-per-situata-te-jashtezakonshme-paralajmron-te-gjithe-qytetaret-qe-te-mos-djegin-lashtat\\\/#primaryimage\"},\"image\":{\"@id\":\"https:\\\/\\\/kt.gov.rs\\\/sq\\\/zyra-per-situata-te-jashtezakonshme-paralajmron-te-gjithe-qytetaret-qe-te-mos-djegin-lashtat\\\/#primaryimage\"},\"thumbnailUrl\":\"https:\\\/\\\/kt.gov.rs\\\/wp-content\\\/uploads\\\/2024\\\/07\\\/1586507113_100420_3-5.jpg\",\"datePublished\":\"2020-04-10T00:00:00+00:00\",\"dateModified\":\"2024-07-30T18:05:52+00:00\",\"breadcrumb\":{\"@id\":\"https:\\\/\\\/kt.gov.rs\\\/sq\\\/zyra-per-situata-te-jashtezakonshme-paralajmron-te-gjithe-qytetaret-qe-te-mos-djegin-lashtat\\\/#breadcrumb\"},\"inLanguage\":\"sq-AL\",\"potentialAction\":[{\"@type\":\"ReadAction\",\"target\":[\"https:\\\/\\\/kt.gov.rs\\\/sq\\\/zyra-per-situata-te-jashtezakonshme-paralajmron-te-gjithe-qytetaret-qe-te-mos-djegin-lashtat\\\/\"]}]},{\"@type\":\"ImageObject\",\"inLanguage\":\"sq-AL\",\"@id\":\"https:\\\/\\\/kt.gov.rs\\\/sq\\\/zyra-per-situata-te-jashtezakonshme-paralajmron-te-gjithe-qytetaret-qe-te-mos-djegin-lashtat\\\/#primaryimage\",\"url\":\"https:\\\/\\\/kt.gov.rs\\\/wp-content\\\/uploads\\\/2024\\\/07\\\/1586507113_100420_3-5.jpg\",\"contentUrl\":\"https:\\\/\\\/kt.gov.rs\\\/wp-content\\\/uploads\\\/2024\\\/07\\\/1586507113_100420_3-5.jpg\",\"width\":315,\"height\":230},{\"@type\":\"BreadcrumbList\",\"@id\":\"https:\\\/\\\/kt.gov.rs\\\/sq\\\/zyra-per-situata-te-jashtezakonshme-paralajmron-te-gjithe-qytetaret-qe-te-mos-djegin-lashtat\\\/#breadcrumb\",\"itemListElement\":[{\"@type\":\"ListItem\",\"position\":1,\"name\":\"\u041f\u043e\u0447\u0435\u0442\u043d\u0430\",\"item\":\"https:\\\/\\\/kt.gov.rs\\\/sq\\\/\"},{\"@type\":\"ListItem\",\"position\":2,\"name\":\"ZYRA P\u00cbR SITUATA T\u00cb JASHT\u00cbZAKONSHME PARALAJMRON T\u00cb GJITH\u00cb QYTETAR\u00cbT Q\u00cb T\u00cb MOS DJEGIN LASHTAT\"}]},{\"@type\":\"WebSite\",\"@id\":\"https:\\\/\\\/kt.gov.rs\\\/#website\",\"url\":\"https:\\\/\\\/kt.gov.rs\\\/\",\"name\":\"\u041a\u043e\u043e\u0440\u0434\u0438\u043d\u0430\u0446\u0438\u043e\u043d\u043e \u0442\u0435\u043b\u043e \u0412\u043b\u0430\u0434\u0435 \u0420\u0435\u043f\u0443\u0431\u043b\u0438\u043a\u0435 \u0421\u0440\u0431\u0438\u0458\u0435 \u0437\u0430 \u043e\u043f\u0448\u0442\u0438\u043d\u0435 \u041f\u0440\u0435\u0448\u0435\u0432\u043e, \u0411\u0443\u0458\u0430\u043d\u043e\u0432\u0430\u0446 \u0438 \u041c\u0435\u0434\u0432\u0435\u0452a\",\"description\":\"\",\"publisher\":{\"@id\":\"https:\\\/\\\/kt.gov.rs\\\/#organization\"},\"alternateName\":\"\u041a\u043e\u043e\u0440\u0434\u0438\u043d\u0430\u0446\u0438\u043e\u043d\u043e \u0442\u0435\u043b\u043e\",\"potentialAction\":[{\"@type\":\"SearchAction\",\"target\":{\"@type\":\"EntryPoint\",\"urlTemplate\":\"https:\\\/\\\/kt.gov.rs\\\/?s={search_term_string}\"},\"query-input\":{\"@type\":\"PropertyValueSpecification\",\"valueRequired\":true,\"valueName\":\"search_term_string\"}}],\"inLanguage\":\"sq-AL\"},{\"@type\":\"Organization\",\"@id\":\"https:\\\/\\\/kt.gov.rs\\\/#organization\",\"name\":\"\u041a\u043e\u043e\u0440\u0434\u0438\u043d\u0430\u0446\u0438\u043e\u043d\u043e \u0442\u0435\u043b\u043e \u0412\u043b\u0430\u0434\u0435 \u0420\u0435\u043f\u0443\u0431\u043b\u0438\u043a\u0435 \u0421\u0440\u0431\u0438\u0458\u0435 \u0437\u0430 \u043e\u043f\u0448\u0442\u0438\u043d\u0435 \u041f\u0440\u0435\u0448\u0435\u0432\u043e, \u0411\u0443\u0458\u0430\u043d\u043e\u0432\u0430\u0446 \u0438 \u041c\u0435\u0434\u0432\u0435\u0452a\",\"alternateName\":\"\u041a\u043e\u043e\u0440\u0434\u0438\u043d\u0430\u0446\u0438\u043e\u043d\u043e \u0442\u0435\u043b\u043e\",\"url\":\"https:\\\/\\\/kt.gov.rs\\\/\",\"logo\":{\"@type\":\"ImageObject\",\"inLanguage\":\"sq-AL\",\"@id\":\"https:\\\/\\\/kt.gov.rs\\\/#\\\/schema\\\/logo\\\/image\\\/\",\"url\":\"https:\\\/\\\/kt.gov.rs\\\/wp-content\\\/uploads\\\/2024\\\/12\\\/koord2.jpg\",\"contentUrl\":\"https:\\\/\\\/kt.gov.rs\\\/wp-content\\\/uploads\\\/2024\\\/12\\\/koord2.jpg\",\"width\":640,\"height\":480,\"caption\":\"\u041a\u043e\u043e\u0440\u0434\u0438\u043d\u0430\u0446\u0438\u043e\u043d\u043e \u0442\u0435\u043b\u043e \u0412\u043b\u0430\u0434\u0435 \u0420\u0435\u043f\u0443\u0431\u043b\u0438\u043a\u0435 \u0421\u0440\u0431\u0438\u0458\u0435 \u0437\u0430 \u043e\u043f\u0448\u0442\u0438\u043d\u0435 \u041f\u0440\u0435\u0448\u0435\u0432\u043e, \u0411\u0443\u0458\u0430\u043d\u043e\u0432\u0430\u0446 \u0438 \u041c\u0435\u0434\u0432\u0435\u0452a\"},\"image\":{\"@id\":\"https:\\\/\\\/kt.gov.rs\\\/#\\\/schema\\\/logo\\\/image\\\/\"},\"sameAs\":[\"https:\\\/\\\/www.facebook.com\\\/SluzbaKoordinacionogTelaVladeRepublikeSrbije\",\"https:\\\/\\\/x.com\\\/kt_gov\",\"https:\\\/\\\/www.youtube.com\\\/@koordinacionotelo\"]},{\"@type\":\"Person\",\"@id\":\"https:\\\/\\\/kt.gov.rs\\\/#\\\/schema\\\/person\\\/e426459ddb4173309103390602694571\",\"name\":\"ktmin\",\"image\":{\"@type\":\"ImageObject\",\"inLanguage\":\"sq-AL\",\"@id\":\"https:\\\/\\\/secure.gravatar.com\\\/avatar\\\/3985c961109853010c3fbc7ba30365bfba5db3dd6c525831d9c595c7525a615a?s=96&d=mm&r=g\",\"url\":\"https:\\\/\\\/secure.gravatar.com\\\/avatar\\\/3985c961109853010c3fbc7ba30365bfba5db3dd6c525831d9c595c7525a615a?s=96&d=mm&r=g\",\"contentUrl\":\"https:\\\/\\\/secure.gravatar.com\\\/avatar\\\/3985c961109853010c3fbc7ba30365bfba5db3dd6c525831d9c595c7525a615a?s=96&d=mm&r=g\",\"caption\":\"ktmin\"},\"sameAs\":[\"https:\\\/\\\/kt.gov.rs\"],\"url\":\"https:\\\/\\\/kt.gov.rs\\\/sq\\\/author\\\/ktmin\\\/\"}]}<\/script>\n<!-- \/ Yoast SEO plugin. -->","yoast_head_json":{"title":"ZYRA P\u00cbR SITUATA T\u00cb JASHT\u00cbZAKONSHME PARALAJMRON T\u00cb GJITH\u00cb QYTETAR\u00cbT Q\u00cb T\u00cb MOS DJEGIN LASHTAT - Republika e S\u00ebrbis\u00eb Trupi Koordinues p\u00ebr komunat Bujanoc, Preshev\u00eb dhe Medvegj\u00eb","robots":{"index":"index","follow":"follow","max-snippet":"max-snippet:-1","max-image-preview":"max-image-preview:large","max-video-preview":"max-video-preview:-1"},"canonical":"https:\/\/kt.gov.rs\/sq\/zyra-per-situata-te-jashtezakonshme-paralajmron-te-gjithe-qytetaret-qe-te-mos-djegin-lashtat\/","og_locale":"sq_AL","og_type":"article","og_title":"ZYRA P\u00cbR SITUATA T\u00cb JASHT\u00cbZAKONSHME PARALAJMRON T\u00cb GJITH\u00cb QYTETAR\u00cbT Q\u00cb T\u00cb MOS DJEGIN LASHTAT - Republika e S\u00ebrbis\u00eb Trupi Koordinues p\u00ebr komunat Bujanoc, Preshev\u00eb dhe Medvegj\u00eb","og_description":"Vraj\u00eb -\u00a0Me rastin e zjarreve t\u00eb djesh\u00ebm t\u00eb regjistruar n\u00eb 15 lokacione n\u00eb Rrethin e P\u00e7inj\u00ebs, dhe me q\u00ebllim t\u00eb sigurimit t\u00eb nj\u00eb niveli t\u00eb caktuar t\u00eb siguris\u00eb nga zjarri dhe shmangien e pasojave t\u00eb mundshme...","og_url":"https:\/\/kt.gov.rs\/sq\/zyra-per-situata-te-jashtezakonshme-paralajmron-te-gjithe-qytetaret-qe-te-mos-djegin-lashtat\/","og_site_name":"Republika e S\u00ebrbis\u00eb Trupi Koordinues p\u00ebr komunat Bujanoc, Preshev\u00eb dhe Medvegj\u00eb","article_publisher":"https:\/\/www.facebook.com\/SluzbaKoordinacionogTelaVladeRepublikeSrbije","article_published_time":"2020-04-10T00:00:00+00:00","article_modified_time":"2024-07-30T18:05:52+00:00","og_image":[{"width":315,"height":230,"url":"https:\/\/kt.gov.rs\/wp-content\/uploads\/2024\/07\/1586507113_100420_3-5.jpg","type":"image\/jpeg"}],"author":"ktmin","twitter_card":"summary_large_image","twitter_creator":"@kt_gov","twitter_site":"@kt_gov","twitter_misc":{"Written by":"ktmin","Est. reading time":"2 minutes"},"schema":{"@context":"https:\/\/schema.org","@graph":[{"@type":"Article","@id":"https:\/\/kt.gov.rs\/sq\/zyra-per-situata-te-jashtezakonshme-paralajmron-te-gjithe-qytetaret-qe-te-mos-djegin-lashtat\/#article","isPartOf":{"@id":"https:\/\/kt.gov.rs\/sq\/zyra-per-situata-te-jashtezakonshme-paralajmron-te-gjithe-qytetaret-qe-te-mos-djegin-lashtat\/"},"author":{"name":"ktmin","@id":"https:\/\/kt.gov.rs\/#\/schema\/person\/e426459ddb4173309103390602694571"},"headline":"ZYRA P\u00cbR SITUATA T\u00cb JASHT\u00cbZAKONSHME PARALAJMRON T\u00cb GJITH\u00cb QYTETAR\u00cbT Q\u00cb T\u00cb MOS DJEGIN LASHTAT","datePublished":"2020-04-10T00:00:00+00:00","dateModified":"2024-07-30T18:05:52+00:00","mainEntityOfPage":{"@id":"https:\/\/kt.gov.rs\/sq\/zyra-per-situata-te-jashtezakonshme-paralajmron-te-gjithe-qytetaret-qe-te-mos-djegin-lashtat\/"},"wordCount":356,"publisher":{"@id":"https:\/\/kt.gov.rs\/#organization"},"image":{"@id":"https:\/\/kt.gov.rs\/sq\/zyra-per-situata-te-jashtezakonshme-paralajmron-te-gjithe-qytetaret-qe-te-mos-djegin-lashtat\/#primaryimage"},"thumbnailUrl":"https:\/\/kt.gov.rs\/wp-content\/uploads\/2024\/07\/1586507113_100420_3-5.jpg","articleSection":["Lajme"],"inLanguage":"sq-AL"},{"@type":"WebPage","@id":"https:\/\/kt.gov.rs\/sq\/zyra-per-situata-te-jashtezakonshme-paralajmron-te-gjithe-qytetaret-qe-te-mos-djegin-lashtat\/","url":"https:\/\/kt.gov.rs\/sq\/zyra-per-situata-te-jashtezakonshme-paralajmron-te-gjithe-qytetaret-qe-te-mos-djegin-lashtat\/","name":"ZYRA P\u00cbR SITUATA T\u00cb JASHT\u00cbZAKONSHME PARALAJMRON T\u00cb GJITH\u00cb QYTETAR\u00cbT Q\u00cb T\u00cb MOS DJEGIN LASHTAT - Republika e S\u00ebrbis\u00eb Trupi Koordinues p\u00ebr komunat Bujanoc, Preshev\u00eb dhe Medvegj\u00eb","isPartOf":{"@id":"https:\/\/kt.gov.rs\/#website"},"primaryImageOfPage":{"@id":"https:\/\/kt.gov.rs\/sq\/zyra-per-situata-te-jashtezakonshme-paralajmron-te-gjithe-qytetaret-qe-te-mos-djegin-lashtat\/#primaryimage"},"image":{"@id":"https:\/\/kt.gov.rs\/sq\/zyra-per-situata-te-jashtezakonshme-paralajmron-te-gjithe-qytetaret-qe-te-mos-djegin-lashtat\/#primaryimage"},"thumbnailUrl":"https:\/\/kt.gov.rs\/wp-content\/uploads\/2024\/07\/1586507113_100420_3-5.jpg","datePublished":"2020-04-10T00:00:00+00:00","dateModified":"2024-07-30T18:05:52+00:00","breadcrumb":{"@id":"https:\/\/kt.gov.rs\/sq\/zyra-per-situata-te-jashtezakonshme-paralajmron-te-gjithe-qytetaret-qe-te-mos-djegin-lashtat\/#breadcrumb"},"inLanguage":"sq-AL","potentialAction":[{"@type":"ReadAction","target":["https:\/\/kt.gov.rs\/sq\/zyra-per-situata-te-jashtezakonshme-paralajmron-te-gjithe-qytetaret-qe-te-mos-djegin-lashtat\/"]}]},{"@type":"ImageObject","inLanguage":"sq-AL","@id":"https:\/\/kt.gov.rs\/sq\/zyra-per-situata-te-jashtezakonshme-paralajmron-te-gjithe-qytetaret-qe-te-mos-djegin-lashtat\/#primaryimage","url":"https:\/\/kt.gov.rs\/wp-content\/uploads\/2024\/07\/1586507113_100420_3-5.jpg","contentUrl":"https:\/\/kt.gov.rs\/wp-content\/uploads\/2024\/07\/1586507113_100420_3-5.jpg","width":315,"height":230},{"@type":"BreadcrumbList","@id":"https:\/\/kt.gov.rs\/sq\/zyra-per-situata-te-jashtezakonshme-paralajmron-te-gjithe-qytetaret-qe-te-mos-djegin-lashtat\/#breadcrumb","itemListElement":[{"@type":"ListItem","position":1,"name":"\u041f\u043e\u0447\u0435\u0442\u043d\u0430","item":"https:\/\/kt.gov.rs\/sq\/"},{"@type":"ListItem","position":2,"name":"ZYRA P\u00cbR SITUATA T\u00cb JASHT\u00cbZAKONSHME PARALAJMRON T\u00cb GJITH\u00cb QYTETAR\u00cbT Q\u00cb T\u00cb MOS DJEGIN LASHTAT"}]},{"@type":"WebSite","@id":"https:\/\/kt.gov.rs\/#website","url":"https:\/\/kt.gov.rs\/","name":"\u041a\u043e\u043e\u0440\u0434\u0438\u043d\u0430\u0446\u0438\u043e\u043d\u043e \u0442\u0435\u043b\u043e \u0412\u043b\u0430\u0434\u0435 \u0420\u0435\u043f\u0443\u0431\u043b\u0438\u043a\u0435 \u0421\u0440\u0431\u0438\u0458\u0435 \u0437\u0430 \u043e\u043f\u0448\u0442\u0438\u043d\u0435 \u041f\u0440\u0435\u0448\u0435\u0432\u043e, \u0411\u0443\u0458\u0430\u043d\u043e\u0432\u0430\u0446 \u0438 \u041c\u0435\u0434\u0432\u0435\u0452a","description":"","publisher":{"@id":"https:\/\/kt.gov.rs\/#organization"},"alternateName":"\u041a\u043e\u043e\u0440\u0434\u0438\u043d\u0430\u0446\u0438\u043e\u043d\u043e \u0442\u0435\u043b\u043e","potentialAction":[{"@type":"SearchAction","target":{"@type":"EntryPoint","urlTemplate":"https:\/\/kt.gov.rs\/?s={search_term_string}"},"query-input":{"@type":"PropertyValueSpecification","valueRequired":true,"valueName":"search_term_string"}}],"inLanguage":"sq-AL"},{"@type":"Organization","@id":"https:\/\/kt.gov.rs\/#organization","name":"\u041a\u043e\u043e\u0440\u0434\u0438\u043d\u0430\u0446\u0438\u043e\u043d\u043e \u0442\u0435\u043b\u043e \u0412\u043b\u0430\u0434\u0435 \u0420\u0435\u043f\u0443\u0431\u043b\u0438\u043a\u0435 \u0421\u0440\u0431\u0438\u0458\u0435 \u0437\u0430 \u043e\u043f\u0448\u0442\u0438\u043d\u0435 \u041f\u0440\u0435\u0448\u0435\u0432\u043e, \u0411\u0443\u0458\u0430\u043d\u043e\u0432\u0430\u0446 \u0438 \u041c\u0435\u0434\u0432\u0435\u0452a","alternateName":"\u041a\u043e\u043e\u0440\u0434\u0438\u043d\u0430\u0446\u0438\u043e\u043d\u043e \u0442\u0435\u043b\u043e","url":"https:\/\/kt.gov.rs\/","logo":{"@type":"ImageObject","inLanguage":"sq-AL","@id":"https:\/\/kt.gov.rs\/#\/schema\/logo\/image\/","url":"https:\/\/kt.gov.rs\/wp-content\/uploads\/2024\/12\/koord2.jpg","contentUrl":"https:\/\/kt.gov.rs\/wp-content\/uploads\/2024\/12\/koord2.jpg","width":640,"height":480,"caption":"\u041a\u043e\u043e\u0440\u0434\u0438\u043d\u0430\u0446\u0438\u043e\u043d\u043e \u0442\u0435\u043b\u043e \u0412\u043b\u0430\u0434\u0435 \u0420\u0435\u043f\u0443\u0431\u043b\u0438\u043a\u0435 \u0421\u0440\u0431\u0438\u0458\u0435 \u0437\u0430 \u043e\u043f\u0448\u0442\u0438\u043d\u0435 \u041f\u0440\u0435\u0448\u0435\u0432\u043e, \u0411\u0443\u0458\u0430\u043d\u043e\u0432\u0430\u0446 \u0438 \u041c\u0435\u0434\u0432\u0435\u0452a"},"image":{"@id":"https:\/\/kt.gov.rs\/#\/schema\/logo\/image\/"},"sameAs":["https:\/\/www.facebook.com\/SluzbaKoordinacionogTelaVladeRepublikeSrbije","https:\/\/x.com\/kt_gov","https:\/\/www.youtube.com\/@koordinacionotelo"]},{"@type":"Person","@id":"https:\/\/kt.gov.rs\/#\/schema\/person\/e426459ddb4173309103390602694571","name":"ktmin","image":{"@type":"ImageObject","inLanguage":"sq-AL","@id":"https:\/\/secure.gravatar.com\/avatar\/3985c961109853010c3fbc7ba30365bfba5db3dd6c525831d9c595c7525a615a?s=96&d=mm&r=g","url":"https:\/\/secure.gravatar.com\/avatar\/3985c961109853010c3fbc7ba30365bfba5db3dd6c525831d9c595c7525a615a?s=96&d=mm&r=g","contentUrl":"https:\/\/secure.gravatar.com\/avatar\/3985c961109853010c3fbc7ba30365bfba5db3dd6c525831d9c595c7525a615a?s=96&d=mm&r=g","caption":"ktmin"},"sameAs":["https:\/\/kt.gov.rs"],"url":"https:\/\/kt.gov.rs\/sq\/author\/ktmin\/"}]}},"_links":{"self":[{"href":"https:\/\/kt.gov.rs\/sq\/wp-json\/wp\/v2\/posts\/113250","targetHints":{"allow":["GET"]}}],"collection":[{"href":"https:\/\/kt.gov.rs\/sq\/wp-json\/wp\/v2\/posts"}],"about":[{"href":"https:\/\/kt.gov.rs\/sq\/wp-json\/wp\/v2\/types\/post"}],"author":[{"embeddable":true,"href":"https:\/\/kt.gov.rs\/sq\/wp-json\/wp\/v2\/users\/1"}],"replies":[{"embeddable":true,"href":"https:\/\/kt.gov.rs\/sq\/wp-json\/wp\/v2\/comments?post=113250"}],"version-history":[{"count":1,"href":"https:\/\/kt.gov.rs\/sq\/wp-json\/wp\/v2\/posts\/113250\/revisions"}],"predecessor-version":[{"id":113254,"href":"https:\/\/kt.gov.rs\/sq\/wp-json\/wp\/v2\/posts\/113250\/revisions\/113254"}],"wp:featuredmedia":[{"embeddable":true,"href":"https:\/\/kt.gov.rs\/sq\/wp-json\/wp\/v2\/media\/113255"}],"wp:attachment":[{"href":"https:\/\/kt.gov.rs\/sq\/wp-json\/wp\/v2\/media?parent=113250"}],"wp:term":[{"taxonomy":"category","embeddable":true,"href":"https:\/\/kt.gov.rs\/sq\/wp-json\/wp\/v2\/categories?post=113250"},{"taxonomy":"post_tag","embeddable":true,"href":"https:\/\/kt.gov.rs\/sq\/wp-json\/wp\/v2\/tags?post=113250"}],"curies":[{"name":"wp","href":"https:\/\/api.w.org\/{rel}","templated":true}]}}