{"id":113234,"date":"2020-04-13T00:00:00","date_gmt":"2020-04-13T00:00:00","guid":{"rendered":"http:\/\/kt.printandscreen.rs\/si-do-te-festohen-pashket-kishat-e-mbyllura-per-besimtaret-liturgjia-ne-tv\/"},"modified":"2024-07-30T18:05:50","modified_gmt":"2024-07-30T18:05:50","slug":"si-do-te-festohen-pashket-kishat-e-mbyllura-per-besimtaret-liturgjia-ne-tv","status":"publish","type":"post","link":"https:\/\/kt.gov.rs\/sq\/si-do-te-festohen-pashket-kishat-e-mbyllura-per-besimtaret-liturgjia-ne-tv\/","title":{"rendered":"SI DO T\u00cb FESTOHEN PASHK\u00cbT: KISHAT E MBYLLURA P\u00cbR BESIMTAR\u00cbT, LITURGJIA N\u00cb TV"},"content":{"rendered":"<p>\n\t<strong><img decoding=\"async\" alt=\"\" src=\"https:\/\/kt.gov.rs\/wp-content\/uploads\/2024\/07\/1586763582_130420_1-4.jpg\" style=\"width: 315px; height: 230px; float: left;\" \/><\/strong><strong>Beograd \u2013<\/strong> Besimtar\u00ebt e Kish\u00ebs Ortodokse Serbe Pashk\u00ebt e ardhshme, e cila bie n\u00eb 19 Prill, p\u00ebr her\u00eb t\u00eb par\u00eb do t`i presin pa shkuar n\u00eb kish\u00eb p\u00ebr ndalimin e l\u00ebvizjes ditore p\u00ebr t\u00ebr\u00eb fundjav\u00ebn p\u00ebr shkak t\u00eb epidemis\u00eb s\u00eb vazhdueshme t\u00eb koronavirusit.<\/p>\n<p>\n\tOra policore, e cili fillon n\u00eb ora 17 t\u00eb premten dhe do t\u00eb zgjas\u00eb deri n\u00eb or\u00ebn 5 t\u00eb dit\u00ebs s\u00eb h\u00ebn\u00eb, do t\u00eb vazhdoj\u00eb t\u00eb zbatohet n\u00eb jav\u00ebn e ardhshme, q\u00eb do t\u00eb thot\u00eb se njer\u00ebzit do ta kalojn\u00eb Pashk\u00ebt Ortodokse jav\u00ebn tjet\u00ebr n\u00eb sht\u00ebpit\u00eb e tyre. K\u00ebt\u00eb e b\u00ebri t\u00eb ditur Presidenti i Republik\u00ebs s\u00eb Serbis\u00eb, Aleksandar Vu\u00e7iq, kur tha se qytetar\u00ebt duhet t\u00eb p\u00ebrgatiten p\u00ebr faktin se nuk do ket\u00eb tubime familjare p\u00ebr Pashk\u00ebt.<\/p>\n<p>\n\tMegjith\u00ebse SPC ende nuk ka udh\u00ebzuar zyrtarisht udh\u00ebzime se si besimtar\u00ebt do ta festojn\u00eb fest\u00ebn e Pashk\u00ebve p\u00ebr shkak t\u00eb situat\u00ebs s\u00eb re, nj\u00eb p\u00ebrfaq\u00ebsues i SPC\u00a0 deklaroi se besimtar\u00ebt do t\u00eb ken\u00eb mund\u00ebsin\u00eb p\u00ebr t\u00eb ndjekur liturgjin\u00eb e Pashk\u00ebve nga sht\u00ebpit\u00eb e tyre n\u00eb nj\u00eb nga kanalet e RTS dhe TV Hram, nd\u00ebrsa Kungimin e Shenjt\u00eb do t\u00eb jet\u00eb n\u00eb gjendje t\u00eb performoj\u00eb n\u00eb sht\u00ebpin\u00eb e tyre t\u00eb Premten e Madhe deri n\u00eb ora 17 pasdite ose t\u00eb h\u00ebn\u00ebn, dit\u00ebn e dyt\u00eb t\u00eb Pashk\u00ebve, dometh\u00ebn\u00eb n\u00eb nj\u00eb koh\u00eb kur ora policore nuk \u00ebsht\u00eb n\u00eb fuqi.<\/p>\n<p>\n\t&quot;T\u00eb Premten e Madhe, besimtar\u00ebt do t\u00eb jen\u00eb n\u00eb gjendje t\u00eb marrin pjes\u00eb n\u00eb sh\u00ebrbim, por do t\u00eb duhet t&#39;u binden masave t\u00eb Qeveris\u00eb s\u00eb Republik\u00ebs s\u00eb Serbis\u00eb. Dy besimtar\u00eb do t\u00eb jen\u00eb n\u00eb gjendje t\u00eb hyjn\u00eb n\u00eb kish\u00eb dhe ata do t\u00eb ndrrohen. Ata do t\u00eb jen\u00eb n\u00eb gjendje t\u00eb jen\u00eb n\u00eb portin e kish\u00ebs ose tempullit, t\u00eb v\u00ebzhgojn\u00eb masa n\u00eb distanc\u00eb prej dy metrash dhe t\u00eb mos b\u00ebjn\u00eb turma. Nj\u00eb prift gjithashtu do t\u00eb em\u00ebrohet t\u00eb kontrolloj\u00eb n\u00ebse masat po ndiqen dhe policia do t\u00eb jet\u00eb n\u00eb gjendje ta kontrolloj\u00eb at\u00eb. E nj\u00ebjta gj\u00eb do t\u00eb jet\u00eb e vlefshme p\u00ebr liturgjit\u00eb q\u00eb do t\u00eb sh\u00ebrbehen p\u00ebr t\u00eb dit\u00ebn e h\u00ebn\u00eb dhe t\u00eb mart\u00eb t\u00eb Pashk\u00ebve, &quot;tha p\u00ebrfaq\u00ebsues i SPC.<\/p>\n<p>\n\t\u00a0Ai shtoi se besimtar\u00ebt do t\u00eb duhet t\u00eb veshin maska \u200b\u200bmbrojt\u00ebse dhe doreza dhe se ata q\u00eb nuk i veshin do t\u00eb kthehen.<\/p>\n<p>\n\t\u201cP\u00ebr Pashk\u00ebt do t\u00eb ket\u00eb edhe liturgji mesnate n\u00eb nj\u00eb prej kanaleve t\u00eb RTS dhe TV Hram. Liturgjia do t\u00eb jet\u00eb pa pranin\u00eb e besimtar\u00ebve dhe do t\u00eb sh\u00ebrbehet aty ku banojn\u00eb prift\u00ebrinjt\u00eb, n\u00eb portin e kish\u00ebs, si dhe n\u00eb manastiret ku banojn\u00eb murgjit \u201d, tha p\u00ebrfaq\u00ebsuesi i SPC.<\/p>\n<p>\n\t<strong>Burimi: OK Radio dhe Trupi Koordinues <\/strong><\/p>\n<p>\n\t\u00a0<\/p>\n","protected":false},"excerpt":{"rendered":"<p>Beograd \u2013\u00a0Besimtar\u00ebt e Kish\u00ebs Ortodokse Serbe Pashk\u00ebt e ardhshme, e cila bie n\u00eb 19 Prill, p\u00ebr her\u00eb t\u00eb par\u00eb do t`i presin pa shkuar n\u00eb kish\u00eb p\u00ebr ndalimin e l\u00ebvizjes ditore p\u00ebr t\u00ebr\u00eb fundjav\u00ebn p\u00ebr shkak t\u00eb epidemis\u00eb s\u00eb vazhdueshme t\u00eb koronavirusit.<\/p>\n","protected":false},"author":1,"featured_media":113239,"comment_status":"closed","ping_status":"closed","sticky":false,"template":"","format":"standard","meta":{"footnotes":""},"categories":[55],"tags":[],"class_list":["post-113234","post","type-post","status-publish","format-standard","has-post-thumbnail","hentry","category-lajme"],"yoast_head":"<!-- This site is optimized with the Yoast SEO plugin v27.5 - https:\/\/yoast.com\/product\/yoast-seo-wordpress\/ -->\n<title>SI DO T\u00cb FESTOHEN PASHK\u00cbT: KISHAT E MBYLLURA P\u00cbR BESIMTAR\u00cbT, LITURGJIA N\u00cb TV - Republika e S\u00ebrbis\u00eb Trupi Koordinues p\u00ebr komunat Bujanoc, Preshev\u00eb dhe Medvegj\u00eb<\/title>\n<meta name=\"robots\" content=\"index, follow, max-snippet:-1, max-image-preview:large, max-video-preview:-1\" \/>\n<link rel=\"canonical\" href=\"https:\/\/kt.gov.rs\/sq\/si-do-te-festohen-pashket-kishat-e-mbyllura-per-besimtaret-liturgjia-ne-tv\/\" \/>\n<meta property=\"og:locale\" content=\"sq_AL\" \/>\n<meta property=\"og:type\" content=\"article\" \/>\n<meta property=\"og:title\" content=\"SI DO T\u00cb FESTOHEN PASHK\u00cbT: KISHAT E MBYLLURA P\u00cbR BESIMTAR\u00cbT, LITURGJIA N\u00cb TV - Republika e S\u00ebrbis\u00eb Trupi Koordinues p\u00ebr komunat Bujanoc, Preshev\u00eb dhe Medvegj\u00eb\" \/>\n<meta property=\"og:description\" content=\"Beograd -\u00a0Besimtar\u00ebt e Kish\u00ebs Ortodokse Serbe Pashk\u00ebt e ardhshme, e cila bie n\u00eb 19 Prill, p\u00ebr her\u00eb t\u00eb par\u00eb do t`i presin pa shkuar n\u00eb kish\u00eb p\u00ebr ndalimin e l\u00ebvizjes ditore p\u00ebr t\u00ebr\u00eb fundjav\u00ebn p\u00ebr shkak t\u00eb epidemis\u00eb s\u00eb vazhdueshme t\u00eb koronavirusit.\" \/>\n<meta property=\"og:url\" content=\"https:\/\/kt.gov.rs\/sq\/si-do-te-festohen-pashket-kishat-e-mbyllura-per-besimtaret-liturgjia-ne-tv\/\" \/>\n<meta property=\"og:site_name\" content=\"Republika e S\u00ebrbis\u00eb Trupi Koordinues p\u00ebr komunat Bujanoc, Preshev\u00eb dhe Medvegj\u00eb\" \/>\n<meta property=\"article:publisher\" content=\"https:\/\/www.facebook.com\/SluzbaKoordinacionogTelaVladeRepublikeSrbije\" \/>\n<meta property=\"article:published_time\" content=\"2020-04-13T00:00:00+00:00\" \/>\n<meta property=\"article:modified_time\" content=\"2024-07-30T18:05:50+00:00\" \/>\n<meta property=\"og:image\" content=\"https:\/\/kt.gov.rs\/wp-content\/uploads\/2024\/07\/1586763582_130420_1-5.jpg\" \/>\n\t<meta property=\"og:image:width\" content=\"315\" \/>\n\t<meta property=\"og:image:height\" content=\"230\" \/>\n\t<meta property=\"og:image:type\" content=\"image\/jpeg\" \/>\n<meta name=\"author\" content=\"ktmin\" \/>\n<meta name=\"twitter:card\" content=\"summary_large_image\" \/>\n<meta name=\"twitter:creator\" content=\"@kt_gov\" \/>\n<meta name=\"twitter:site\" content=\"@kt_gov\" \/>\n<meta name=\"twitter:label1\" content=\"Written by\" \/>\n\t<meta name=\"twitter:data1\" content=\"ktmin\" \/>\n\t<meta name=\"twitter:label2\" content=\"Est. reading time\" \/>\n\t<meta name=\"twitter:data2\" content=\"4 minutes\" \/>\n<script type=\"application\/ld+json\" class=\"yoast-schema-graph\">{\"@context\":\"https:\\\/\\\/schema.org\",\"@graph\":[{\"@type\":\"Article\",\"@id\":\"https:\\\/\\\/kt.gov.rs\\\/sq\\\/si-do-te-festohen-pashket-kishat-e-mbyllura-per-besimtaret-liturgjia-ne-tv\\\/#article\",\"isPartOf\":{\"@id\":\"https:\\\/\\\/kt.gov.rs\\\/sq\\\/si-do-te-festohen-pashket-kishat-e-mbyllura-per-besimtaret-liturgjia-ne-tv\\\/\"},\"author\":{\"name\":\"ktmin\",\"@id\":\"https:\\\/\\\/kt.gov.rs\\\/#\\\/schema\\\/person\\\/e426459ddb4173309103390602694571\"},\"headline\":\"SI DO T\u00cb FESTOHEN PASHK\u00cbT: KISHAT E MBYLLURA P\u00cbR BESIMTAR\u00cbT, LITURGJIA N\u00cb TV\",\"datePublished\":\"2020-04-13T00:00:00+00:00\",\"dateModified\":\"2024-07-30T18:05:50+00:00\",\"mainEntityOfPage\":{\"@id\":\"https:\\\/\\\/kt.gov.rs\\\/sq\\\/si-do-te-festohen-pashket-kishat-e-mbyllura-per-besimtaret-liturgjia-ne-tv\\\/\"},\"wordCount\":728,\"publisher\":{\"@id\":\"https:\\\/\\\/kt.gov.rs\\\/#organization\"},\"image\":{\"@id\":\"https:\\\/\\\/kt.gov.rs\\\/sq\\\/si-do-te-festohen-pashket-kishat-e-mbyllura-per-besimtaret-liturgjia-ne-tv\\\/#primaryimage\"},\"thumbnailUrl\":\"https:\\\/\\\/kt.gov.rs\\\/wp-content\\\/uploads\\\/2024\\\/07\\\/1586763582_130420_1-5.jpg\",\"articleSection\":[\"Lajme\"],\"inLanguage\":\"sq-AL\"},{\"@type\":\"WebPage\",\"@id\":\"https:\\\/\\\/kt.gov.rs\\\/sq\\\/si-do-te-festohen-pashket-kishat-e-mbyllura-per-besimtaret-liturgjia-ne-tv\\\/\",\"url\":\"https:\\\/\\\/kt.gov.rs\\\/sq\\\/si-do-te-festohen-pashket-kishat-e-mbyllura-per-besimtaret-liturgjia-ne-tv\\\/\",\"name\":\"SI DO T\u00cb FESTOHEN PASHK\u00cbT: KISHAT E MBYLLURA P\u00cbR BESIMTAR\u00cbT, LITURGJIA N\u00cb TV - Republika e S\u00ebrbis\u00eb Trupi Koordinues p\u00ebr komunat Bujanoc, Preshev\u00eb dhe Medvegj\u00eb\",\"isPartOf\":{\"@id\":\"https:\\\/\\\/kt.gov.rs\\\/#website\"},\"primaryImageOfPage\":{\"@id\":\"https:\\\/\\\/kt.gov.rs\\\/sq\\\/si-do-te-festohen-pashket-kishat-e-mbyllura-per-besimtaret-liturgjia-ne-tv\\\/#primaryimage\"},\"image\":{\"@id\":\"https:\\\/\\\/kt.gov.rs\\\/sq\\\/si-do-te-festohen-pashket-kishat-e-mbyllura-per-besimtaret-liturgjia-ne-tv\\\/#primaryimage\"},\"thumbnailUrl\":\"https:\\\/\\\/kt.gov.rs\\\/wp-content\\\/uploads\\\/2024\\\/07\\\/1586763582_130420_1-5.jpg\",\"datePublished\":\"2020-04-13T00:00:00+00:00\",\"dateModified\":\"2024-07-30T18:05:50+00:00\",\"breadcrumb\":{\"@id\":\"https:\\\/\\\/kt.gov.rs\\\/sq\\\/si-do-te-festohen-pashket-kishat-e-mbyllura-per-besimtaret-liturgjia-ne-tv\\\/#breadcrumb\"},\"inLanguage\":\"sq-AL\",\"potentialAction\":[{\"@type\":\"ReadAction\",\"target\":[\"https:\\\/\\\/kt.gov.rs\\\/sq\\\/si-do-te-festohen-pashket-kishat-e-mbyllura-per-besimtaret-liturgjia-ne-tv\\\/\"]}]},{\"@type\":\"ImageObject\",\"inLanguage\":\"sq-AL\",\"@id\":\"https:\\\/\\\/kt.gov.rs\\\/sq\\\/si-do-te-festohen-pashket-kishat-e-mbyllura-per-besimtaret-liturgjia-ne-tv\\\/#primaryimage\",\"url\":\"https:\\\/\\\/kt.gov.rs\\\/wp-content\\\/uploads\\\/2024\\\/07\\\/1586763582_130420_1-5.jpg\",\"contentUrl\":\"https:\\\/\\\/kt.gov.rs\\\/wp-content\\\/uploads\\\/2024\\\/07\\\/1586763582_130420_1-5.jpg\",\"width\":315,\"height\":230},{\"@type\":\"BreadcrumbList\",\"@id\":\"https:\\\/\\\/kt.gov.rs\\\/sq\\\/si-do-te-festohen-pashket-kishat-e-mbyllura-per-besimtaret-liturgjia-ne-tv\\\/#breadcrumb\",\"itemListElement\":[{\"@type\":\"ListItem\",\"position\":1,\"name\":\"\u041f\u043e\u0447\u0435\u0442\u043d\u0430\",\"item\":\"https:\\\/\\\/kt.gov.rs\\\/sq\\\/\"},{\"@type\":\"ListItem\",\"position\":2,\"name\":\"SI DO T\u00cb FESTOHEN PASHK\u00cbT: KISHAT E MBYLLURA P\u00cbR BESIMTAR\u00cbT, LITURGJIA N\u00cb TV\"}]},{\"@type\":\"WebSite\",\"@id\":\"https:\\\/\\\/kt.gov.rs\\\/#website\",\"url\":\"https:\\\/\\\/kt.gov.rs\\\/\",\"name\":\"\u041a\u043e\u043e\u0440\u0434\u0438\u043d\u0430\u0446\u0438\u043e\u043d\u043e \u0442\u0435\u043b\u043e \u0412\u043b\u0430\u0434\u0435 \u0420\u0435\u043f\u0443\u0431\u043b\u0438\u043a\u0435 \u0421\u0440\u0431\u0438\u0458\u0435 \u0437\u0430 \u043e\u043f\u0448\u0442\u0438\u043d\u0435 \u041f\u0440\u0435\u0448\u0435\u0432\u043e, \u0411\u0443\u0458\u0430\u043d\u043e\u0432\u0430\u0446 \u0438 \u041c\u0435\u0434\u0432\u0435\u0452a\",\"description\":\"\",\"publisher\":{\"@id\":\"https:\\\/\\\/kt.gov.rs\\\/#organization\"},\"alternateName\":\"\u041a\u043e\u043e\u0440\u0434\u0438\u043d\u0430\u0446\u0438\u043e\u043d\u043e \u0442\u0435\u043b\u043e\",\"potentialAction\":[{\"@type\":\"SearchAction\",\"target\":{\"@type\":\"EntryPoint\",\"urlTemplate\":\"https:\\\/\\\/kt.gov.rs\\\/?s={search_term_string}\"},\"query-input\":{\"@type\":\"PropertyValueSpecification\",\"valueRequired\":true,\"valueName\":\"search_term_string\"}}],\"inLanguage\":\"sq-AL\"},{\"@type\":\"Organization\",\"@id\":\"https:\\\/\\\/kt.gov.rs\\\/#organization\",\"name\":\"\u041a\u043e\u043e\u0440\u0434\u0438\u043d\u0430\u0446\u0438\u043e\u043d\u043e \u0442\u0435\u043b\u043e \u0412\u043b\u0430\u0434\u0435 \u0420\u0435\u043f\u0443\u0431\u043b\u0438\u043a\u0435 \u0421\u0440\u0431\u0438\u0458\u0435 \u0437\u0430 \u043e\u043f\u0448\u0442\u0438\u043d\u0435 \u041f\u0440\u0435\u0448\u0435\u0432\u043e, \u0411\u0443\u0458\u0430\u043d\u043e\u0432\u0430\u0446 \u0438 \u041c\u0435\u0434\u0432\u0435\u0452a\",\"alternateName\":\"\u041a\u043e\u043e\u0440\u0434\u0438\u043d\u0430\u0446\u0438\u043e\u043d\u043e \u0442\u0435\u043b\u043e\",\"url\":\"https:\\\/\\\/kt.gov.rs\\\/\",\"logo\":{\"@type\":\"ImageObject\",\"inLanguage\":\"sq-AL\",\"@id\":\"https:\\\/\\\/kt.gov.rs\\\/#\\\/schema\\\/logo\\\/image\\\/\",\"url\":\"https:\\\/\\\/kt.gov.rs\\\/wp-content\\\/uploads\\\/2024\\\/12\\\/koord2.jpg\",\"contentUrl\":\"https:\\\/\\\/kt.gov.rs\\\/wp-content\\\/uploads\\\/2024\\\/12\\\/koord2.jpg\",\"width\":640,\"height\":480,\"caption\":\"\u041a\u043e\u043e\u0440\u0434\u0438\u043d\u0430\u0446\u0438\u043e\u043d\u043e \u0442\u0435\u043b\u043e \u0412\u043b\u0430\u0434\u0435 \u0420\u0435\u043f\u0443\u0431\u043b\u0438\u043a\u0435 \u0421\u0440\u0431\u0438\u0458\u0435 \u0437\u0430 \u043e\u043f\u0448\u0442\u0438\u043d\u0435 \u041f\u0440\u0435\u0448\u0435\u0432\u043e, \u0411\u0443\u0458\u0430\u043d\u043e\u0432\u0430\u0446 \u0438 \u041c\u0435\u0434\u0432\u0435\u0452a\"},\"image\":{\"@id\":\"https:\\\/\\\/kt.gov.rs\\\/#\\\/schema\\\/logo\\\/image\\\/\"},\"sameAs\":[\"https:\\\/\\\/www.facebook.com\\\/SluzbaKoordinacionogTelaVladeRepublikeSrbije\",\"https:\\\/\\\/x.com\\\/kt_gov\",\"https:\\\/\\\/www.youtube.com\\\/@koordinacionotelo\"]},{\"@type\":\"Person\",\"@id\":\"https:\\\/\\\/kt.gov.rs\\\/#\\\/schema\\\/person\\\/e426459ddb4173309103390602694571\",\"name\":\"ktmin\",\"image\":{\"@type\":\"ImageObject\",\"inLanguage\":\"sq-AL\",\"@id\":\"https:\\\/\\\/secure.gravatar.com\\\/avatar\\\/3985c961109853010c3fbc7ba30365bfba5db3dd6c525831d9c595c7525a615a?s=96&d=mm&r=g\",\"url\":\"https:\\\/\\\/secure.gravatar.com\\\/avatar\\\/3985c961109853010c3fbc7ba30365bfba5db3dd6c525831d9c595c7525a615a?s=96&d=mm&r=g\",\"contentUrl\":\"https:\\\/\\\/secure.gravatar.com\\\/avatar\\\/3985c961109853010c3fbc7ba30365bfba5db3dd6c525831d9c595c7525a615a?s=96&d=mm&r=g\",\"caption\":\"ktmin\"},\"sameAs\":[\"https:\\\/\\\/kt.gov.rs\"],\"url\":\"https:\\\/\\\/kt.gov.rs\\\/sq\\\/author\\\/ktmin\\\/\"}]}<\/script>\n<!-- \/ Yoast SEO plugin. -->","yoast_head_json":{"title":"SI DO T\u00cb FESTOHEN PASHK\u00cbT: KISHAT E MBYLLURA P\u00cbR BESIMTAR\u00cbT, LITURGJIA N\u00cb TV - Republika e S\u00ebrbis\u00eb Trupi Koordinues p\u00ebr komunat Bujanoc, Preshev\u00eb dhe Medvegj\u00eb","robots":{"index":"index","follow":"follow","max-snippet":"max-snippet:-1","max-image-preview":"max-image-preview:large","max-video-preview":"max-video-preview:-1"},"canonical":"https:\/\/kt.gov.rs\/sq\/si-do-te-festohen-pashket-kishat-e-mbyllura-per-besimtaret-liturgjia-ne-tv\/","og_locale":"sq_AL","og_type":"article","og_title":"SI DO T\u00cb FESTOHEN PASHK\u00cbT: KISHAT E MBYLLURA P\u00cbR BESIMTAR\u00cbT, LITURGJIA N\u00cb TV - Republika e S\u00ebrbis\u00eb Trupi Koordinues p\u00ebr komunat Bujanoc, Preshev\u00eb dhe Medvegj\u00eb","og_description":"Beograd -\u00a0Besimtar\u00ebt e Kish\u00ebs Ortodokse Serbe Pashk\u00ebt e ardhshme, e cila bie n\u00eb 19 Prill, p\u00ebr her\u00eb t\u00eb par\u00eb do t`i presin pa shkuar n\u00eb kish\u00eb p\u00ebr ndalimin e l\u00ebvizjes ditore p\u00ebr t\u00ebr\u00eb fundjav\u00ebn p\u00ebr shkak t\u00eb epidemis\u00eb s\u00eb vazhdueshme t\u00eb koronavirusit.","og_url":"https:\/\/kt.gov.rs\/sq\/si-do-te-festohen-pashket-kishat-e-mbyllura-per-besimtaret-liturgjia-ne-tv\/","og_site_name":"Republika e S\u00ebrbis\u00eb Trupi Koordinues p\u00ebr komunat Bujanoc, Preshev\u00eb dhe Medvegj\u00eb","article_publisher":"https:\/\/www.facebook.com\/SluzbaKoordinacionogTelaVladeRepublikeSrbije","article_published_time":"2020-04-13T00:00:00+00:00","article_modified_time":"2024-07-30T18:05:50+00:00","og_image":[{"width":315,"height":230,"url":"https:\/\/kt.gov.rs\/wp-content\/uploads\/2024\/07\/1586763582_130420_1-5.jpg","type":"image\/jpeg"}],"author":"ktmin","twitter_card":"summary_large_image","twitter_creator":"@kt_gov","twitter_site":"@kt_gov","twitter_misc":{"Written by":"ktmin","Est. reading time":"4 minutes"},"schema":{"@context":"https:\/\/schema.org","@graph":[{"@type":"Article","@id":"https:\/\/kt.gov.rs\/sq\/si-do-te-festohen-pashket-kishat-e-mbyllura-per-besimtaret-liturgjia-ne-tv\/#article","isPartOf":{"@id":"https:\/\/kt.gov.rs\/sq\/si-do-te-festohen-pashket-kishat-e-mbyllura-per-besimtaret-liturgjia-ne-tv\/"},"author":{"name":"ktmin","@id":"https:\/\/kt.gov.rs\/#\/schema\/person\/e426459ddb4173309103390602694571"},"headline":"SI DO T\u00cb FESTOHEN PASHK\u00cbT: KISHAT E MBYLLURA P\u00cbR BESIMTAR\u00cbT, LITURGJIA N\u00cb TV","datePublished":"2020-04-13T00:00:00+00:00","dateModified":"2024-07-30T18:05:50+00:00","mainEntityOfPage":{"@id":"https:\/\/kt.gov.rs\/sq\/si-do-te-festohen-pashket-kishat-e-mbyllura-per-besimtaret-liturgjia-ne-tv\/"},"wordCount":728,"publisher":{"@id":"https:\/\/kt.gov.rs\/#organization"},"image":{"@id":"https:\/\/kt.gov.rs\/sq\/si-do-te-festohen-pashket-kishat-e-mbyllura-per-besimtaret-liturgjia-ne-tv\/#primaryimage"},"thumbnailUrl":"https:\/\/kt.gov.rs\/wp-content\/uploads\/2024\/07\/1586763582_130420_1-5.jpg","articleSection":["Lajme"],"inLanguage":"sq-AL"},{"@type":"WebPage","@id":"https:\/\/kt.gov.rs\/sq\/si-do-te-festohen-pashket-kishat-e-mbyllura-per-besimtaret-liturgjia-ne-tv\/","url":"https:\/\/kt.gov.rs\/sq\/si-do-te-festohen-pashket-kishat-e-mbyllura-per-besimtaret-liturgjia-ne-tv\/","name":"SI DO T\u00cb FESTOHEN PASHK\u00cbT: KISHAT E MBYLLURA P\u00cbR BESIMTAR\u00cbT, LITURGJIA N\u00cb TV - Republika e S\u00ebrbis\u00eb Trupi Koordinues p\u00ebr komunat Bujanoc, Preshev\u00eb dhe Medvegj\u00eb","isPartOf":{"@id":"https:\/\/kt.gov.rs\/#website"},"primaryImageOfPage":{"@id":"https:\/\/kt.gov.rs\/sq\/si-do-te-festohen-pashket-kishat-e-mbyllura-per-besimtaret-liturgjia-ne-tv\/#primaryimage"},"image":{"@id":"https:\/\/kt.gov.rs\/sq\/si-do-te-festohen-pashket-kishat-e-mbyllura-per-besimtaret-liturgjia-ne-tv\/#primaryimage"},"thumbnailUrl":"https:\/\/kt.gov.rs\/wp-content\/uploads\/2024\/07\/1586763582_130420_1-5.jpg","datePublished":"2020-04-13T00:00:00+00:00","dateModified":"2024-07-30T18:05:50+00:00","breadcrumb":{"@id":"https:\/\/kt.gov.rs\/sq\/si-do-te-festohen-pashket-kishat-e-mbyllura-per-besimtaret-liturgjia-ne-tv\/#breadcrumb"},"inLanguage":"sq-AL","potentialAction":[{"@type":"ReadAction","target":["https:\/\/kt.gov.rs\/sq\/si-do-te-festohen-pashket-kishat-e-mbyllura-per-besimtaret-liturgjia-ne-tv\/"]}]},{"@type":"ImageObject","inLanguage":"sq-AL","@id":"https:\/\/kt.gov.rs\/sq\/si-do-te-festohen-pashket-kishat-e-mbyllura-per-besimtaret-liturgjia-ne-tv\/#primaryimage","url":"https:\/\/kt.gov.rs\/wp-content\/uploads\/2024\/07\/1586763582_130420_1-5.jpg","contentUrl":"https:\/\/kt.gov.rs\/wp-content\/uploads\/2024\/07\/1586763582_130420_1-5.jpg","width":315,"height":230},{"@type":"BreadcrumbList","@id":"https:\/\/kt.gov.rs\/sq\/si-do-te-festohen-pashket-kishat-e-mbyllura-per-besimtaret-liturgjia-ne-tv\/#breadcrumb","itemListElement":[{"@type":"ListItem","position":1,"name":"\u041f\u043e\u0447\u0435\u0442\u043d\u0430","item":"https:\/\/kt.gov.rs\/sq\/"},{"@type":"ListItem","position":2,"name":"SI DO T\u00cb FESTOHEN PASHK\u00cbT: KISHAT E MBYLLURA P\u00cbR BESIMTAR\u00cbT, LITURGJIA N\u00cb TV"}]},{"@type":"WebSite","@id":"https:\/\/kt.gov.rs\/#website","url":"https:\/\/kt.gov.rs\/","name":"\u041a\u043e\u043e\u0440\u0434\u0438\u043d\u0430\u0446\u0438\u043e\u043d\u043e \u0442\u0435\u043b\u043e \u0412\u043b\u0430\u0434\u0435 \u0420\u0435\u043f\u0443\u0431\u043b\u0438\u043a\u0435 \u0421\u0440\u0431\u0438\u0458\u0435 \u0437\u0430 \u043e\u043f\u0448\u0442\u0438\u043d\u0435 \u041f\u0440\u0435\u0448\u0435\u0432\u043e, \u0411\u0443\u0458\u0430\u043d\u043e\u0432\u0430\u0446 \u0438 \u041c\u0435\u0434\u0432\u0435\u0452a","description":"","publisher":{"@id":"https:\/\/kt.gov.rs\/#organization"},"alternateName":"\u041a\u043e\u043e\u0440\u0434\u0438\u043d\u0430\u0446\u0438\u043e\u043d\u043e \u0442\u0435\u043b\u043e","potentialAction":[{"@type":"SearchAction","target":{"@type":"EntryPoint","urlTemplate":"https:\/\/kt.gov.rs\/?s={search_term_string}"},"query-input":{"@type":"PropertyValueSpecification","valueRequired":true,"valueName":"search_term_string"}}],"inLanguage":"sq-AL"},{"@type":"Organization","@id":"https:\/\/kt.gov.rs\/#organization","name":"\u041a\u043e\u043e\u0440\u0434\u0438\u043d\u0430\u0446\u0438\u043e\u043d\u043e \u0442\u0435\u043b\u043e \u0412\u043b\u0430\u0434\u0435 \u0420\u0435\u043f\u0443\u0431\u043b\u0438\u043a\u0435 \u0421\u0440\u0431\u0438\u0458\u0435 \u0437\u0430 \u043e\u043f\u0448\u0442\u0438\u043d\u0435 \u041f\u0440\u0435\u0448\u0435\u0432\u043e, \u0411\u0443\u0458\u0430\u043d\u043e\u0432\u0430\u0446 \u0438 \u041c\u0435\u0434\u0432\u0435\u0452a","alternateName":"\u041a\u043e\u043e\u0440\u0434\u0438\u043d\u0430\u0446\u0438\u043e\u043d\u043e \u0442\u0435\u043b\u043e","url":"https:\/\/kt.gov.rs\/","logo":{"@type":"ImageObject","inLanguage":"sq-AL","@id":"https:\/\/kt.gov.rs\/#\/schema\/logo\/image\/","url":"https:\/\/kt.gov.rs\/wp-content\/uploads\/2024\/12\/koord2.jpg","contentUrl":"https:\/\/kt.gov.rs\/wp-content\/uploads\/2024\/12\/koord2.jpg","width":640,"height":480,"caption":"\u041a\u043e\u043e\u0440\u0434\u0438\u043d\u0430\u0446\u0438\u043e\u043d\u043e \u0442\u0435\u043b\u043e \u0412\u043b\u0430\u0434\u0435 \u0420\u0435\u043f\u0443\u0431\u043b\u0438\u043a\u0435 \u0421\u0440\u0431\u0438\u0458\u0435 \u0437\u0430 \u043e\u043f\u0448\u0442\u0438\u043d\u0435 \u041f\u0440\u0435\u0448\u0435\u0432\u043e, \u0411\u0443\u0458\u0430\u043d\u043e\u0432\u0430\u0446 \u0438 \u041c\u0435\u0434\u0432\u0435\u0452a"},"image":{"@id":"https:\/\/kt.gov.rs\/#\/schema\/logo\/image\/"},"sameAs":["https:\/\/www.facebook.com\/SluzbaKoordinacionogTelaVladeRepublikeSrbije","https:\/\/x.com\/kt_gov","https:\/\/www.youtube.com\/@koordinacionotelo"]},{"@type":"Person","@id":"https:\/\/kt.gov.rs\/#\/schema\/person\/e426459ddb4173309103390602694571","name":"ktmin","image":{"@type":"ImageObject","inLanguage":"sq-AL","@id":"https:\/\/secure.gravatar.com\/avatar\/3985c961109853010c3fbc7ba30365bfba5db3dd6c525831d9c595c7525a615a?s=96&d=mm&r=g","url":"https:\/\/secure.gravatar.com\/avatar\/3985c961109853010c3fbc7ba30365bfba5db3dd6c525831d9c595c7525a615a?s=96&d=mm&r=g","contentUrl":"https:\/\/secure.gravatar.com\/avatar\/3985c961109853010c3fbc7ba30365bfba5db3dd6c525831d9c595c7525a615a?s=96&d=mm&r=g","caption":"ktmin"},"sameAs":["https:\/\/kt.gov.rs"],"url":"https:\/\/kt.gov.rs\/sq\/author\/ktmin\/"}]}},"_links":{"self":[{"href":"https:\/\/kt.gov.rs\/sq\/wp-json\/wp\/v2\/posts\/113234","targetHints":{"allow":["GET"]}}],"collection":[{"href":"https:\/\/kt.gov.rs\/sq\/wp-json\/wp\/v2\/posts"}],"about":[{"href":"https:\/\/kt.gov.rs\/sq\/wp-json\/wp\/v2\/types\/post"}],"author":[{"embeddable":true,"href":"https:\/\/kt.gov.rs\/sq\/wp-json\/wp\/v2\/users\/1"}],"replies":[{"embeddable":true,"href":"https:\/\/kt.gov.rs\/sq\/wp-json\/wp\/v2\/comments?post=113234"}],"version-history":[{"count":1,"href":"https:\/\/kt.gov.rs\/sq\/wp-json\/wp\/v2\/posts\/113234\/revisions"}],"predecessor-version":[{"id":113238,"href":"https:\/\/kt.gov.rs\/sq\/wp-json\/wp\/v2\/posts\/113234\/revisions\/113238"}],"wp:featuredmedia":[{"embeddable":true,"href":"https:\/\/kt.gov.rs\/sq\/wp-json\/wp\/v2\/media\/113239"}],"wp:attachment":[{"href":"https:\/\/kt.gov.rs\/sq\/wp-json\/wp\/v2\/media?parent=113234"}],"wp:term":[{"taxonomy":"category","embeddable":true,"href":"https:\/\/kt.gov.rs\/sq\/wp-json\/wp\/v2\/categories?post=113234"},{"taxonomy":"post_tag","embeddable":true,"href":"https:\/\/kt.gov.rs\/sq\/wp-json\/wp\/v2\/tags?post=113234"}],"curies":[{"name":"wp","href":"https:\/\/api.w.org\/{rel}","templated":true}]}}