{"id":113210,"date":"2020-04-09T00:00:00","date_gmt":"2020-04-09T00:00:00","guid":{"rendered":"http:\/\/kt.printandscreen.rs\/arrijne-30-0000-teste-ne-koronavirus-per-gjithe-jugun-e-serbise\/"},"modified":"2024-07-30T18:05:49","modified_gmt":"2024-07-30T18:05:49","slug":"arrijne-30-0000-teste-ne-koronavirus-per-gjithe-jugun-e-serbise","status":"publish","type":"post","link":"https:\/\/kt.gov.rs\/sq\/arrijne-30-0000-teste-ne-koronavirus-per-gjithe-jugun-e-serbise\/","title":{"rendered":"ARRIJN\u00cb 30.0000 TESTE N\u00cb KORONAVIRUS P\u00cbR GJITH\u00cb JUGUN E SERBIS\u00cb"},"content":{"rendered":"<p>\n\t<strong><img decoding=\"async\" alt=\"\" src=\"https:\/\/kt.gov.rs\/wp-content\/uploads\/2024\/07\/1586421852_090420_4-4.jpg\" style=\"width: 315px; height: 230px; float: left;\" \/><\/strong><strong>Preshev\u00eb, Bujanoc, Medvegj\u00eb \u2013<\/strong> Nga 90,000 teste t\u00eb virusit korona t\u00eb blera nga Serbia, 30,000 do t\u00eb synohen p\u00ebr banor\u00ebt e jugut t\u00eb Serbis\u00eb dhe do t\u00eb d\u00ebrgohen n\u00eb Nish.<\/p>\n<p>\n\tP\u00ebr t\u00eb analizuar sa m\u00eb shum\u00eb mostra t\u00eb jet\u00eb e mundur, Qeveria ka njoftuar nd\u00ebrtimin e nj\u00eb laboratori montues n\u00eb Nish, por ata thon\u00eb, se ai do t\u00eb p\u00ebrfundoj\u00eb brenda 45 dit\u00ebve.<\/p>\n<p>\n\tN\u00eb Nish, mostrat aktualisht jan\u00eb duke u analizuar n\u00eb Institutin e Veterinaris\u00eb dhe Institutin e Sh\u00ebndetit Publik.<\/p>\n<p>\n\tMinistri i Bujq\u00ebsis\u00eb, Branislav Nedimoviq tha se kapaciteti laborator\u00ebve t\u00eb p\u00ebrmendur, t\u00eb cil\u00ebt vendi yn\u00eb do t\u00eb marr\u00eb nga Kina, \u00ebsht\u00eb e barabart\u00eb me kapacitetin aktual aktual t\u00eb Serbis\u00eb p\u00ebr testimin e koronavirusit.<\/p>\n<p>\n\tAi theksoi se n\u00eb dit\u00ebt e m\u00ebparshme kemi arritur t\u00eb rrisim vazhdimisht numrin e testuar dhe kapacitetin e laborator\u00ebve tan\u00eb, por q\u00eb ka kufij p\u00ebrtej t\u00eb cil\u00ebve as njer\u00ebzit dhe as makinat nuk mund t\u00eb jen\u00eb m\u00eb, dhe kjo \u00ebsht\u00eb arsyeja pse ky donacion nga partner\u00ebt kinez\u00eb \u00ebsht\u00eb shum\u00eb i r\u00ebnd\u00ebsish\u00ebm.<\/p>\n<p>\n\t&quot;Faleminderit p\u00ebr t\u00eb gjith\u00eb ata q\u00eb na dhuruan teste n\u00eb dit\u00ebt e kaluara, dhe n\u00eb dy ose tre dit\u00ebt e ardhshme ata gjithashtu do t\u00eb dor\u00ebzojn\u00eb robot\u00eb n\u00eb laborator\u00ebt tan\u00eb n\u00eb m\u00ebnyr\u00eb q\u00eb, sa m\u00eb shum\u00eb q\u00eb t\u00eb jet\u00eb e mundur, t\u00eb mund t\u00eb zvog\u00eblojm\u00eb rrezikun e p\u00ebrpunimit t\u00eb k\u00ebtyre testeve&quot;, tha Nedimovic.<\/p>\n<p>\n\tMinistri tha se ishte gjetur nj\u00eb lokacion n\u00eb Nish, ku do t\u00eb nd\u00ebrtohej nj\u00eb laborator, duke theksuar se do t\u00eb duheshin 45 dit\u00eb.<\/p>\n<p>\n\tSipas tij, laborator\u00ebt e rinj nuk jan\u00eb t\u00eb p\u00ebrkohsh\u00ebm, por do t\u00eb mb\u00ebshtesin sigurin\u00eb dhe sh\u00ebndetin e Serbis\u00eb, dhe mbase bujq\u00ebsin\u00eb.<\/p>\n<p>\n\t<strong>Burimi: Jugmedia dhe Trupi Koordinues<\/strong><\/p>\n<p>\n\t\u00a0<\/p>\n","protected":false},"excerpt":{"rendered":"<p>Preshev\u00eb, Bujanoc, Medvegj\u00eb \u2013\u00a0Nga 90,000 teste t\u00eb virusit korona t\u00eb blera nga Serbia, 30,000 do t\u00eb synohen p\u00ebr banor\u00ebt e jugut t\u00eb Serbis\u00eb dhe do t\u00eb d\u00ebrgohen n\u00eb Nish.<\/p>\n","protected":false},"author":1,"featured_media":113215,"comment_status":"closed","ping_status":"closed","sticky":false,"template":"","format":"standard","meta":{"footnotes":""},"categories":[55],"tags":[],"class_list":["post-113210","post","type-post","status-publish","format-standard","has-post-thumbnail","hentry","category-lajme"],"yoast_head":"<!-- This site is optimized with the Yoast SEO plugin v27.5 - https:\/\/yoast.com\/product\/yoast-seo-wordpress\/ -->\n<title>ARRIJN\u00cb 30.0000 TESTE N\u00cb KORONAVIRUS P\u00cbR GJITH\u00cb JUGUN E SERBIS\u00cb - Republika e S\u00ebrbis\u00eb Trupi Koordinues p\u00ebr komunat Bujanoc, Preshev\u00eb dhe Medvegj\u00eb<\/title>\n<meta name=\"robots\" content=\"index, follow, max-snippet:-1, max-image-preview:large, max-video-preview:-1\" \/>\n<link rel=\"canonical\" href=\"https:\/\/kt.gov.rs\/sq\/arrijne-30-0000-teste-ne-koronavirus-per-gjithe-jugun-e-serbise\/\" \/>\n<meta property=\"og:locale\" content=\"sq_AL\" \/>\n<meta property=\"og:type\" content=\"article\" \/>\n<meta property=\"og:title\" content=\"ARRIJN\u00cb 30.0000 TESTE N\u00cb KORONAVIRUS P\u00cbR GJITH\u00cb JUGUN E SERBIS\u00cb - Republika e S\u00ebrbis\u00eb Trupi Koordinues p\u00ebr komunat Bujanoc, Preshev\u00eb dhe Medvegj\u00eb\" \/>\n<meta property=\"og:description\" content=\"Preshev\u00eb, Bujanoc, Medvegj\u00eb -\u00a0Nga 90,000 teste t\u00eb virusit korona t\u00eb blera nga Serbia, 30,000 do t\u00eb synohen p\u00ebr banor\u00ebt e jugut t\u00eb Serbis\u00eb dhe do t\u00eb d\u00ebrgohen n\u00eb Nish.\" \/>\n<meta property=\"og:url\" content=\"https:\/\/kt.gov.rs\/sq\/arrijne-30-0000-teste-ne-koronavirus-per-gjithe-jugun-e-serbise\/\" \/>\n<meta property=\"og:site_name\" content=\"Republika e S\u00ebrbis\u00eb Trupi Koordinues p\u00ebr komunat Bujanoc, Preshev\u00eb dhe Medvegj\u00eb\" \/>\n<meta property=\"article:publisher\" content=\"https:\/\/www.facebook.com\/SluzbaKoordinacionogTelaVladeRepublikeSrbije\" \/>\n<meta property=\"article:published_time\" content=\"2020-04-09T00:00:00+00:00\" \/>\n<meta property=\"article:modified_time\" content=\"2024-07-30T18:05:49+00:00\" \/>\n<meta property=\"og:image\" content=\"https:\/\/kt.gov.rs\/wp-content\/uploads\/2024\/07\/1586421852_090420_4-5.jpg\" \/>\n\t<meta property=\"og:image:width\" content=\"315\" \/>\n\t<meta property=\"og:image:height\" content=\"230\" \/>\n\t<meta property=\"og:image:type\" content=\"image\/jpeg\" \/>\n<meta name=\"author\" content=\"ktmin\" \/>\n<meta name=\"twitter:card\" content=\"summary_large_image\" \/>\n<meta name=\"twitter:creator\" content=\"@kt_gov\" \/>\n<meta name=\"twitter:site\" content=\"@kt_gov\" \/>\n<meta name=\"twitter:label1\" content=\"Written by\" \/>\n\t<meta name=\"twitter:data1\" content=\"ktmin\" \/>\n\t<meta name=\"twitter:label2\" content=\"Est. reading time\" \/>\n\t<meta name=\"twitter:data2\" content=\"2 minutes\" \/>\n<script type=\"application\/ld+json\" class=\"yoast-schema-graph\">{\"@context\":\"https:\\\/\\\/schema.org\",\"@graph\":[{\"@type\":\"Article\",\"@id\":\"https:\\\/\\\/kt.gov.rs\\\/sq\\\/arrijne-30-0000-teste-ne-koronavirus-per-gjithe-jugun-e-serbise\\\/#article\",\"isPartOf\":{\"@id\":\"https:\\\/\\\/kt.gov.rs\\\/sq\\\/arrijne-30-0000-teste-ne-koronavirus-per-gjithe-jugun-e-serbise\\\/\"},\"author\":{\"name\":\"ktmin\",\"@id\":\"https:\\\/\\\/kt.gov.rs\\\/#\\\/schema\\\/person\\\/e426459ddb4173309103390602694571\"},\"headline\":\"ARRIJN\u00cb 30.0000 TESTE N\u00cb KORONAVIRUS P\u00cbR GJITH\u00cb JUGUN E SERBIS\u00cb\",\"datePublished\":\"2020-04-09T00:00:00+00:00\",\"dateModified\":\"2024-07-30T18:05:49+00:00\",\"mainEntityOfPage\":{\"@id\":\"https:\\\/\\\/kt.gov.rs\\\/sq\\\/arrijne-30-0000-teste-ne-koronavirus-per-gjithe-jugun-e-serbise\\\/\"},\"wordCount\":434,\"publisher\":{\"@id\":\"https:\\\/\\\/kt.gov.rs\\\/#organization\"},\"image\":{\"@id\":\"https:\\\/\\\/kt.gov.rs\\\/sq\\\/arrijne-30-0000-teste-ne-koronavirus-per-gjithe-jugun-e-serbise\\\/#primaryimage\"},\"thumbnailUrl\":\"https:\\\/\\\/kt.gov.rs\\\/wp-content\\\/uploads\\\/2024\\\/07\\\/1586421852_090420_4-5.jpg\",\"articleSection\":[\"Lajme\"],\"inLanguage\":\"sq-AL\"},{\"@type\":\"WebPage\",\"@id\":\"https:\\\/\\\/kt.gov.rs\\\/sq\\\/arrijne-30-0000-teste-ne-koronavirus-per-gjithe-jugun-e-serbise\\\/\",\"url\":\"https:\\\/\\\/kt.gov.rs\\\/sq\\\/arrijne-30-0000-teste-ne-koronavirus-per-gjithe-jugun-e-serbise\\\/\",\"name\":\"ARRIJN\u00cb 30.0000 TESTE N\u00cb KORONAVIRUS P\u00cbR GJITH\u00cb JUGUN E SERBIS\u00cb - Republika e S\u00ebrbis\u00eb Trupi Koordinues p\u00ebr komunat Bujanoc, Preshev\u00eb dhe Medvegj\u00eb\",\"isPartOf\":{\"@id\":\"https:\\\/\\\/kt.gov.rs\\\/#website\"},\"primaryImageOfPage\":{\"@id\":\"https:\\\/\\\/kt.gov.rs\\\/sq\\\/arrijne-30-0000-teste-ne-koronavirus-per-gjithe-jugun-e-serbise\\\/#primaryimage\"},\"image\":{\"@id\":\"https:\\\/\\\/kt.gov.rs\\\/sq\\\/arrijne-30-0000-teste-ne-koronavirus-per-gjithe-jugun-e-serbise\\\/#primaryimage\"},\"thumbnailUrl\":\"https:\\\/\\\/kt.gov.rs\\\/wp-content\\\/uploads\\\/2024\\\/07\\\/1586421852_090420_4-5.jpg\",\"datePublished\":\"2020-04-09T00:00:00+00:00\",\"dateModified\":\"2024-07-30T18:05:49+00:00\",\"breadcrumb\":{\"@id\":\"https:\\\/\\\/kt.gov.rs\\\/sq\\\/arrijne-30-0000-teste-ne-koronavirus-per-gjithe-jugun-e-serbise\\\/#breadcrumb\"},\"inLanguage\":\"sq-AL\",\"potentialAction\":[{\"@type\":\"ReadAction\",\"target\":[\"https:\\\/\\\/kt.gov.rs\\\/sq\\\/arrijne-30-0000-teste-ne-koronavirus-per-gjithe-jugun-e-serbise\\\/\"]}]},{\"@type\":\"ImageObject\",\"inLanguage\":\"sq-AL\",\"@id\":\"https:\\\/\\\/kt.gov.rs\\\/sq\\\/arrijne-30-0000-teste-ne-koronavirus-per-gjithe-jugun-e-serbise\\\/#primaryimage\",\"url\":\"https:\\\/\\\/kt.gov.rs\\\/wp-content\\\/uploads\\\/2024\\\/07\\\/1586421852_090420_4-5.jpg\",\"contentUrl\":\"https:\\\/\\\/kt.gov.rs\\\/wp-content\\\/uploads\\\/2024\\\/07\\\/1586421852_090420_4-5.jpg\",\"width\":315,\"height\":230},{\"@type\":\"BreadcrumbList\",\"@id\":\"https:\\\/\\\/kt.gov.rs\\\/sq\\\/arrijne-30-0000-teste-ne-koronavirus-per-gjithe-jugun-e-serbise\\\/#breadcrumb\",\"itemListElement\":[{\"@type\":\"ListItem\",\"position\":1,\"name\":\"\u041f\u043e\u0447\u0435\u0442\u043d\u0430\",\"item\":\"https:\\\/\\\/kt.gov.rs\\\/sq\\\/\"},{\"@type\":\"ListItem\",\"position\":2,\"name\":\"ARRIJN\u00cb 30.0000 TESTE N\u00cb KORONAVIRUS P\u00cbR GJITH\u00cb JUGUN E SERBIS\u00cb\"}]},{\"@type\":\"WebSite\",\"@id\":\"https:\\\/\\\/kt.gov.rs\\\/#website\",\"url\":\"https:\\\/\\\/kt.gov.rs\\\/\",\"name\":\"\u041a\u043e\u043e\u0440\u0434\u0438\u043d\u0430\u0446\u0438\u043e\u043d\u043e \u0442\u0435\u043b\u043e \u0412\u043b\u0430\u0434\u0435 \u0420\u0435\u043f\u0443\u0431\u043b\u0438\u043a\u0435 \u0421\u0440\u0431\u0438\u0458\u0435 \u0437\u0430 \u043e\u043f\u0448\u0442\u0438\u043d\u0435 \u041f\u0440\u0435\u0448\u0435\u0432\u043e, \u0411\u0443\u0458\u0430\u043d\u043e\u0432\u0430\u0446 \u0438 \u041c\u0435\u0434\u0432\u0435\u0452a\",\"description\":\"\",\"publisher\":{\"@id\":\"https:\\\/\\\/kt.gov.rs\\\/#organization\"},\"alternateName\":\"\u041a\u043e\u043e\u0440\u0434\u0438\u043d\u0430\u0446\u0438\u043e\u043d\u043e \u0442\u0435\u043b\u043e\",\"potentialAction\":[{\"@type\":\"SearchAction\",\"target\":{\"@type\":\"EntryPoint\",\"urlTemplate\":\"https:\\\/\\\/kt.gov.rs\\\/?s={search_term_string}\"},\"query-input\":{\"@type\":\"PropertyValueSpecification\",\"valueRequired\":true,\"valueName\":\"search_term_string\"}}],\"inLanguage\":\"sq-AL\"},{\"@type\":\"Organization\",\"@id\":\"https:\\\/\\\/kt.gov.rs\\\/#organization\",\"name\":\"\u041a\u043e\u043e\u0440\u0434\u0438\u043d\u0430\u0446\u0438\u043e\u043d\u043e \u0442\u0435\u043b\u043e \u0412\u043b\u0430\u0434\u0435 \u0420\u0435\u043f\u0443\u0431\u043b\u0438\u043a\u0435 \u0421\u0440\u0431\u0438\u0458\u0435 \u0437\u0430 \u043e\u043f\u0448\u0442\u0438\u043d\u0435 \u041f\u0440\u0435\u0448\u0435\u0432\u043e, \u0411\u0443\u0458\u0430\u043d\u043e\u0432\u0430\u0446 \u0438 \u041c\u0435\u0434\u0432\u0435\u0452a\",\"alternateName\":\"\u041a\u043e\u043e\u0440\u0434\u0438\u043d\u0430\u0446\u0438\u043e\u043d\u043e \u0442\u0435\u043b\u043e\",\"url\":\"https:\\\/\\\/kt.gov.rs\\\/\",\"logo\":{\"@type\":\"ImageObject\",\"inLanguage\":\"sq-AL\",\"@id\":\"https:\\\/\\\/kt.gov.rs\\\/#\\\/schema\\\/logo\\\/image\\\/\",\"url\":\"https:\\\/\\\/kt.gov.rs\\\/wp-content\\\/uploads\\\/2024\\\/12\\\/koord2.jpg\",\"contentUrl\":\"https:\\\/\\\/kt.gov.rs\\\/wp-content\\\/uploads\\\/2024\\\/12\\\/koord2.jpg\",\"width\":640,\"height\":480,\"caption\":\"\u041a\u043e\u043e\u0440\u0434\u0438\u043d\u0430\u0446\u0438\u043e\u043d\u043e \u0442\u0435\u043b\u043e \u0412\u043b\u0430\u0434\u0435 \u0420\u0435\u043f\u0443\u0431\u043b\u0438\u043a\u0435 \u0421\u0440\u0431\u0438\u0458\u0435 \u0437\u0430 \u043e\u043f\u0448\u0442\u0438\u043d\u0435 \u041f\u0440\u0435\u0448\u0435\u0432\u043e, \u0411\u0443\u0458\u0430\u043d\u043e\u0432\u0430\u0446 \u0438 \u041c\u0435\u0434\u0432\u0435\u0452a\"},\"image\":{\"@id\":\"https:\\\/\\\/kt.gov.rs\\\/#\\\/schema\\\/logo\\\/image\\\/\"},\"sameAs\":[\"https:\\\/\\\/www.facebook.com\\\/SluzbaKoordinacionogTelaVladeRepublikeSrbije\",\"https:\\\/\\\/x.com\\\/kt_gov\",\"https:\\\/\\\/www.youtube.com\\\/@koordinacionotelo\"]},{\"@type\":\"Person\",\"@id\":\"https:\\\/\\\/kt.gov.rs\\\/#\\\/schema\\\/person\\\/e426459ddb4173309103390602694571\",\"name\":\"ktmin\",\"image\":{\"@type\":\"ImageObject\",\"inLanguage\":\"sq-AL\",\"@id\":\"https:\\\/\\\/secure.gravatar.com\\\/avatar\\\/3985c961109853010c3fbc7ba30365bfba5db3dd6c525831d9c595c7525a615a?s=96&d=mm&r=g\",\"url\":\"https:\\\/\\\/secure.gravatar.com\\\/avatar\\\/3985c961109853010c3fbc7ba30365bfba5db3dd6c525831d9c595c7525a615a?s=96&d=mm&r=g\",\"contentUrl\":\"https:\\\/\\\/secure.gravatar.com\\\/avatar\\\/3985c961109853010c3fbc7ba30365bfba5db3dd6c525831d9c595c7525a615a?s=96&d=mm&r=g\",\"caption\":\"ktmin\"},\"sameAs\":[\"https:\\\/\\\/kt.gov.rs\"],\"url\":\"https:\\\/\\\/kt.gov.rs\\\/sq\\\/author\\\/ktmin\\\/\"}]}<\/script>\n<!-- \/ Yoast SEO plugin. -->","yoast_head_json":{"title":"ARRIJN\u00cb 30.0000 TESTE N\u00cb KORONAVIRUS P\u00cbR GJITH\u00cb JUGUN E SERBIS\u00cb - Republika e S\u00ebrbis\u00eb Trupi Koordinues p\u00ebr komunat Bujanoc, Preshev\u00eb dhe Medvegj\u00eb","robots":{"index":"index","follow":"follow","max-snippet":"max-snippet:-1","max-image-preview":"max-image-preview:large","max-video-preview":"max-video-preview:-1"},"canonical":"https:\/\/kt.gov.rs\/sq\/arrijne-30-0000-teste-ne-koronavirus-per-gjithe-jugun-e-serbise\/","og_locale":"sq_AL","og_type":"article","og_title":"ARRIJN\u00cb 30.0000 TESTE N\u00cb KORONAVIRUS P\u00cbR GJITH\u00cb JUGUN E SERBIS\u00cb - Republika e S\u00ebrbis\u00eb Trupi Koordinues p\u00ebr komunat Bujanoc, Preshev\u00eb dhe Medvegj\u00eb","og_description":"Preshev\u00eb, Bujanoc, Medvegj\u00eb -\u00a0Nga 90,000 teste t\u00eb virusit korona t\u00eb blera nga Serbia, 30,000 do t\u00eb synohen p\u00ebr banor\u00ebt e jugut t\u00eb Serbis\u00eb dhe do t\u00eb d\u00ebrgohen n\u00eb Nish.","og_url":"https:\/\/kt.gov.rs\/sq\/arrijne-30-0000-teste-ne-koronavirus-per-gjithe-jugun-e-serbise\/","og_site_name":"Republika e S\u00ebrbis\u00eb Trupi Koordinues p\u00ebr komunat Bujanoc, Preshev\u00eb dhe Medvegj\u00eb","article_publisher":"https:\/\/www.facebook.com\/SluzbaKoordinacionogTelaVladeRepublikeSrbije","article_published_time":"2020-04-09T00:00:00+00:00","article_modified_time":"2024-07-30T18:05:49+00:00","og_image":[{"width":315,"height":230,"url":"https:\/\/kt.gov.rs\/wp-content\/uploads\/2024\/07\/1586421852_090420_4-5.jpg","type":"image\/jpeg"}],"author":"ktmin","twitter_card":"summary_large_image","twitter_creator":"@kt_gov","twitter_site":"@kt_gov","twitter_misc":{"Written by":"ktmin","Est. reading time":"2 minutes"},"schema":{"@context":"https:\/\/schema.org","@graph":[{"@type":"Article","@id":"https:\/\/kt.gov.rs\/sq\/arrijne-30-0000-teste-ne-koronavirus-per-gjithe-jugun-e-serbise\/#article","isPartOf":{"@id":"https:\/\/kt.gov.rs\/sq\/arrijne-30-0000-teste-ne-koronavirus-per-gjithe-jugun-e-serbise\/"},"author":{"name":"ktmin","@id":"https:\/\/kt.gov.rs\/#\/schema\/person\/e426459ddb4173309103390602694571"},"headline":"ARRIJN\u00cb 30.0000 TESTE N\u00cb KORONAVIRUS P\u00cbR GJITH\u00cb JUGUN E SERBIS\u00cb","datePublished":"2020-04-09T00:00:00+00:00","dateModified":"2024-07-30T18:05:49+00:00","mainEntityOfPage":{"@id":"https:\/\/kt.gov.rs\/sq\/arrijne-30-0000-teste-ne-koronavirus-per-gjithe-jugun-e-serbise\/"},"wordCount":434,"publisher":{"@id":"https:\/\/kt.gov.rs\/#organization"},"image":{"@id":"https:\/\/kt.gov.rs\/sq\/arrijne-30-0000-teste-ne-koronavirus-per-gjithe-jugun-e-serbise\/#primaryimage"},"thumbnailUrl":"https:\/\/kt.gov.rs\/wp-content\/uploads\/2024\/07\/1586421852_090420_4-5.jpg","articleSection":["Lajme"],"inLanguage":"sq-AL"},{"@type":"WebPage","@id":"https:\/\/kt.gov.rs\/sq\/arrijne-30-0000-teste-ne-koronavirus-per-gjithe-jugun-e-serbise\/","url":"https:\/\/kt.gov.rs\/sq\/arrijne-30-0000-teste-ne-koronavirus-per-gjithe-jugun-e-serbise\/","name":"ARRIJN\u00cb 30.0000 TESTE N\u00cb KORONAVIRUS P\u00cbR GJITH\u00cb JUGUN E SERBIS\u00cb - Republika e S\u00ebrbis\u00eb Trupi Koordinues p\u00ebr komunat Bujanoc, Preshev\u00eb dhe Medvegj\u00eb","isPartOf":{"@id":"https:\/\/kt.gov.rs\/#website"},"primaryImageOfPage":{"@id":"https:\/\/kt.gov.rs\/sq\/arrijne-30-0000-teste-ne-koronavirus-per-gjithe-jugun-e-serbise\/#primaryimage"},"image":{"@id":"https:\/\/kt.gov.rs\/sq\/arrijne-30-0000-teste-ne-koronavirus-per-gjithe-jugun-e-serbise\/#primaryimage"},"thumbnailUrl":"https:\/\/kt.gov.rs\/wp-content\/uploads\/2024\/07\/1586421852_090420_4-5.jpg","datePublished":"2020-04-09T00:00:00+00:00","dateModified":"2024-07-30T18:05:49+00:00","breadcrumb":{"@id":"https:\/\/kt.gov.rs\/sq\/arrijne-30-0000-teste-ne-koronavirus-per-gjithe-jugun-e-serbise\/#breadcrumb"},"inLanguage":"sq-AL","potentialAction":[{"@type":"ReadAction","target":["https:\/\/kt.gov.rs\/sq\/arrijne-30-0000-teste-ne-koronavirus-per-gjithe-jugun-e-serbise\/"]}]},{"@type":"ImageObject","inLanguage":"sq-AL","@id":"https:\/\/kt.gov.rs\/sq\/arrijne-30-0000-teste-ne-koronavirus-per-gjithe-jugun-e-serbise\/#primaryimage","url":"https:\/\/kt.gov.rs\/wp-content\/uploads\/2024\/07\/1586421852_090420_4-5.jpg","contentUrl":"https:\/\/kt.gov.rs\/wp-content\/uploads\/2024\/07\/1586421852_090420_4-5.jpg","width":315,"height":230},{"@type":"BreadcrumbList","@id":"https:\/\/kt.gov.rs\/sq\/arrijne-30-0000-teste-ne-koronavirus-per-gjithe-jugun-e-serbise\/#breadcrumb","itemListElement":[{"@type":"ListItem","position":1,"name":"\u041f\u043e\u0447\u0435\u0442\u043d\u0430","item":"https:\/\/kt.gov.rs\/sq\/"},{"@type":"ListItem","position":2,"name":"ARRIJN\u00cb 30.0000 TESTE N\u00cb KORONAVIRUS P\u00cbR GJITH\u00cb JUGUN E SERBIS\u00cb"}]},{"@type":"WebSite","@id":"https:\/\/kt.gov.rs\/#website","url":"https:\/\/kt.gov.rs\/","name":"\u041a\u043e\u043e\u0440\u0434\u0438\u043d\u0430\u0446\u0438\u043e\u043d\u043e \u0442\u0435\u043b\u043e \u0412\u043b\u0430\u0434\u0435 \u0420\u0435\u043f\u0443\u0431\u043b\u0438\u043a\u0435 \u0421\u0440\u0431\u0438\u0458\u0435 \u0437\u0430 \u043e\u043f\u0448\u0442\u0438\u043d\u0435 \u041f\u0440\u0435\u0448\u0435\u0432\u043e, \u0411\u0443\u0458\u0430\u043d\u043e\u0432\u0430\u0446 \u0438 \u041c\u0435\u0434\u0432\u0435\u0452a","description":"","publisher":{"@id":"https:\/\/kt.gov.rs\/#organization"},"alternateName":"\u041a\u043e\u043e\u0440\u0434\u0438\u043d\u0430\u0446\u0438\u043e\u043d\u043e \u0442\u0435\u043b\u043e","potentialAction":[{"@type":"SearchAction","target":{"@type":"EntryPoint","urlTemplate":"https:\/\/kt.gov.rs\/?s={search_term_string}"},"query-input":{"@type":"PropertyValueSpecification","valueRequired":true,"valueName":"search_term_string"}}],"inLanguage":"sq-AL"},{"@type":"Organization","@id":"https:\/\/kt.gov.rs\/#organization","name":"\u041a\u043e\u043e\u0440\u0434\u0438\u043d\u0430\u0446\u0438\u043e\u043d\u043e \u0442\u0435\u043b\u043e \u0412\u043b\u0430\u0434\u0435 \u0420\u0435\u043f\u0443\u0431\u043b\u0438\u043a\u0435 \u0421\u0440\u0431\u0438\u0458\u0435 \u0437\u0430 \u043e\u043f\u0448\u0442\u0438\u043d\u0435 \u041f\u0440\u0435\u0448\u0435\u0432\u043e, \u0411\u0443\u0458\u0430\u043d\u043e\u0432\u0430\u0446 \u0438 \u041c\u0435\u0434\u0432\u0435\u0452a","alternateName":"\u041a\u043e\u043e\u0440\u0434\u0438\u043d\u0430\u0446\u0438\u043e\u043d\u043e \u0442\u0435\u043b\u043e","url":"https:\/\/kt.gov.rs\/","logo":{"@type":"ImageObject","inLanguage":"sq-AL","@id":"https:\/\/kt.gov.rs\/#\/schema\/logo\/image\/","url":"https:\/\/kt.gov.rs\/wp-content\/uploads\/2024\/12\/koord2.jpg","contentUrl":"https:\/\/kt.gov.rs\/wp-content\/uploads\/2024\/12\/koord2.jpg","width":640,"height":480,"caption":"\u041a\u043e\u043e\u0440\u0434\u0438\u043d\u0430\u0446\u0438\u043e\u043d\u043e \u0442\u0435\u043b\u043e \u0412\u043b\u0430\u0434\u0435 \u0420\u0435\u043f\u0443\u0431\u043b\u0438\u043a\u0435 \u0421\u0440\u0431\u0438\u0458\u0435 \u0437\u0430 \u043e\u043f\u0448\u0442\u0438\u043d\u0435 \u041f\u0440\u0435\u0448\u0435\u0432\u043e, \u0411\u0443\u0458\u0430\u043d\u043e\u0432\u0430\u0446 \u0438 \u041c\u0435\u0434\u0432\u0435\u0452a"},"image":{"@id":"https:\/\/kt.gov.rs\/#\/schema\/logo\/image\/"},"sameAs":["https:\/\/www.facebook.com\/SluzbaKoordinacionogTelaVladeRepublikeSrbije","https:\/\/x.com\/kt_gov","https:\/\/www.youtube.com\/@koordinacionotelo"]},{"@type":"Person","@id":"https:\/\/kt.gov.rs\/#\/schema\/person\/e426459ddb4173309103390602694571","name":"ktmin","image":{"@type":"ImageObject","inLanguage":"sq-AL","@id":"https:\/\/secure.gravatar.com\/avatar\/3985c961109853010c3fbc7ba30365bfba5db3dd6c525831d9c595c7525a615a?s=96&d=mm&r=g","url":"https:\/\/secure.gravatar.com\/avatar\/3985c961109853010c3fbc7ba30365bfba5db3dd6c525831d9c595c7525a615a?s=96&d=mm&r=g","contentUrl":"https:\/\/secure.gravatar.com\/avatar\/3985c961109853010c3fbc7ba30365bfba5db3dd6c525831d9c595c7525a615a?s=96&d=mm&r=g","caption":"ktmin"},"sameAs":["https:\/\/kt.gov.rs"],"url":"https:\/\/kt.gov.rs\/sq\/author\/ktmin\/"}]}},"_links":{"self":[{"href":"https:\/\/kt.gov.rs\/sq\/wp-json\/wp\/v2\/posts\/113210","targetHints":{"allow":["GET"]}}],"collection":[{"href":"https:\/\/kt.gov.rs\/sq\/wp-json\/wp\/v2\/posts"}],"about":[{"href":"https:\/\/kt.gov.rs\/sq\/wp-json\/wp\/v2\/types\/post"}],"author":[{"embeddable":true,"href":"https:\/\/kt.gov.rs\/sq\/wp-json\/wp\/v2\/users\/1"}],"replies":[{"embeddable":true,"href":"https:\/\/kt.gov.rs\/sq\/wp-json\/wp\/v2\/comments?post=113210"}],"version-history":[{"count":1,"href":"https:\/\/kt.gov.rs\/sq\/wp-json\/wp\/v2\/posts\/113210\/revisions"}],"predecessor-version":[{"id":113214,"href":"https:\/\/kt.gov.rs\/sq\/wp-json\/wp\/v2\/posts\/113210\/revisions\/113214"}],"wp:featuredmedia":[{"embeddable":true,"href":"https:\/\/kt.gov.rs\/sq\/wp-json\/wp\/v2\/media\/113215"}],"wp:attachment":[{"href":"https:\/\/kt.gov.rs\/sq\/wp-json\/wp\/v2\/media?parent=113210"}],"wp:term":[{"taxonomy":"category","embeddable":true,"href":"https:\/\/kt.gov.rs\/sq\/wp-json\/wp\/v2\/categories?post=113210"},{"taxonomy":"post_tag","embeddable":true,"href":"https:\/\/kt.gov.rs\/sq\/wp-json\/wp\/v2\/tags?post=113210"}],"curies":[{"name":"wp","href":"https:\/\/api.w.org\/{rel}","templated":true}]}}