{"id":113202,"date":"2020-04-09T00:00:00","date_gmt":"2020-04-09T00:00:00","guid":{"rendered":"http:\/\/kt.printandscreen.rs\/diaspora-dhe-sipermarresit-shqiptar-ndajne-mbi-500-pako-te-ndihmave\/"},"modified":"2024-07-30T18:05:48","modified_gmt":"2024-07-30T18:05:48","slug":"diaspora-dhe-sipermarresit-shqiptar-ndajne-mbi-500-pako-te-ndihmave","status":"publish","type":"post","link":"https:\/\/kt.gov.rs\/sq\/diaspora-dhe-sipermarresit-shqiptar-ndajne-mbi-500-pako-te-ndihmave\/","title":{"rendered":"DIASPORA DHE SIP\u00cbRMARR\u00cbSIT SHQIPTAR NDAJN\u00cb MBI 500 PAKO T\u00cb NDIHMAVE"},"content":{"rendered":"<p>\n\t<strong><img decoding=\"async\" alt=\"\" src=\"https:\/\/kt.gov.rs\/wp-content\/uploads\/2024\/07\/1586421919_090420_5-4.jpg\" style=\"width: 315px; height: 230px; float: left;\" \/><\/strong><\/p>\n<p>\n\tPreshev\u00eb, Bujanoc \u2013 N\u00eb nj\u00eb aksion t\u00eb organizuar nga an\u00ebtar\u00eb t\u00eb shumt\u00eb t\u00eb diaspor\u00ebs shqiptare dhe biznesmen\u00eb vendas, mbi 500 amvis\u00ebri n\u00eb Bujanoc dhe Preshev\u00eb mor\u00ebn pako me ushqim thelb\u00ebsor dhe produkte higjiene p\u00ebr t\u00eb ndihmuar n\u00eb gjendjen e jasht\u00ebzakonshme p\u00ebr shkak t\u00eb virusit pandemik korona.<\/p>\n<p>\n\tP\u00ebrpar\u00ebsi u jepen familjeve, an\u00ebtar\u00ebt e t\u00eb cil\u00ebve nuk mund t\u00eb l\u00ebvizin dhe socialisht t\u00eb rrezikuar.<\/p>\n<p>\n\t&quot;Aksioni zgjat nj\u00ebzet dit\u00eb. Raundi i par\u00eb i ndarjes, sipas nj\u00eb liste q\u00eb kemi b\u00ebr\u00eb me ndihm\u00ebn e komuniteteve lokale, ka p\u00ebrfunduar dhe cikli i dyt\u00eb do t\u00eb filloj\u00eb &quot;, tha biznesmeni vendas dhe nj\u00eb nga organizator\u00ebt e aksionit, Nexhat Behluli.<\/p>\n<p>\n\tAi shton se vlera e paket\u00ebs \u00ebsht\u00eb rreth 5,000 dinar\u00eb, por se paraja jan\u00eb problemi m\u00eb i vog\u00ebl:<\/p>\n<p>\n\t&quot;Problemi m\u00eb i madh \u00ebsht\u00eb shp\u00ebrndarja e ndihm\u00ebs, si p\u00ebr shkak t\u00eb or\u00ebs policore dhe frik\u00ebs s\u00eb justifikuar te njer\u00ebzit nga infeksioni. Sidoqoft\u00eb, kemi arritur t\u00eb p\u00ebrfundojm\u00eb raundin e par\u00eb dhe tani fillojm\u00eb nga fillimi \u201d, thot\u00eb Behluli.<\/p>\n<p>\n\tJav\u00ebn e kaluar, komuna e Bujanocit shp\u00ebrndau 141 pako ndihme p\u00ebr t\u00eb 28 bashk\u00ebsit\u00eb lokale, p\u00ebr t\u00eb cilat u ndan\u00eb 500,000 dinar\u00eb.<\/p>\n<p>\n\t<strong>Burimi: Bujanova\u00e7ke dhe Trupi Koordinues<\/strong><\/p>\n<p>\n\t\u00a0<\/p>\n","protected":false},"excerpt":{"rendered":"<p>Preshev\u00eb, Bujanoc \u2013 N\u00eb nj\u00eb aksion t\u00eb organizuar nga an\u00ebtar\u00eb t\u00eb shumt\u00eb t\u00eb diaspor\u00ebs shqiptare dhe biznesmen\u00eb vendas, mbi 500 amvis\u00ebri n\u00eb Bujanoc dhe Preshev\u00eb mor\u00ebn pako me ushqim thelb\u00ebsor dhe produkte higjiene p\u00ebr t\u00eb ndihmuar n\u00eb gjendjen e jasht\u00ebzakonshme p\u00ebr shkak t\u00eb virusit pandemik korona.<\/p>\n","protected":false},"author":1,"featured_media":113207,"comment_status":"closed","ping_status":"closed","sticky":false,"template":"","format":"standard","meta":{"footnotes":""},"categories":[55],"tags":[],"class_list":["post-113202","post","type-post","status-publish","format-standard","has-post-thumbnail","hentry","category-lajme"],"yoast_head":"<!-- This site is optimized with the Yoast SEO plugin v27.5 - https:\/\/yoast.com\/product\/yoast-seo-wordpress\/ -->\n<title>DIASPORA DHE SIP\u00cbRMARR\u00cbSIT SHQIPTAR NDAJN\u00cb MBI 500 PAKO T\u00cb NDIHMAVE - Republika e S\u00ebrbis\u00eb Trupi Koordinues p\u00ebr komunat Bujanoc, Preshev\u00eb dhe Medvegj\u00eb<\/title>\n<meta name=\"robots\" content=\"index, follow, max-snippet:-1, max-image-preview:large, max-video-preview:-1\" \/>\n<link rel=\"canonical\" href=\"https:\/\/kt.gov.rs\/sq\/diaspora-dhe-sipermarresit-shqiptar-ndajne-mbi-500-pako-te-ndihmave\/\" \/>\n<meta property=\"og:locale\" content=\"sq_AL\" \/>\n<meta property=\"og:type\" content=\"article\" \/>\n<meta property=\"og:title\" content=\"DIASPORA DHE SIP\u00cbRMARR\u00cbSIT SHQIPTAR NDAJN\u00cb MBI 500 PAKO T\u00cb NDIHMAVE - Republika e S\u00ebrbis\u00eb Trupi Koordinues p\u00ebr komunat Bujanoc, Preshev\u00eb dhe Medvegj\u00eb\" \/>\n<meta property=\"og:description\" content=\"Preshev\u00eb, Bujanoc - N\u00eb nj\u00eb aksion t\u00eb organizuar nga an\u00ebtar\u00eb t\u00eb shumt\u00eb t\u00eb diaspor\u00ebs shqiptare dhe biznesmen\u00eb vendas, mbi 500 amvis\u00ebri n\u00eb Bujanoc dhe Preshev\u00eb mor\u00ebn pako me ushqim thelb\u00ebsor dhe produkte higjiene p\u00ebr t\u00eb ndihmuar n\u00eb gjendjen e jasht\u00ebzakonshme p\u00ebr shkak t\u00eb virusit pandemik korona.\" \/>\n<meta property=\"og:url\" content=\"https:\/\/kt.gov.rs\/sq\/diaspora-dhe-sipermarresit-shqiptar-ndajne-mbi-500-pako-te-ndihmave\/\" \/>\n<meta property=\"og:site_name\" content=\"Republika e S\u00ebrbis\u00eb Trupi Koordinues p\u00ebr komunat Bujanoc, Preshev\u00eb dhe Medvegj\u00eb\" \/>\n<meta property=\"article:publisher\" content=\"https:\/\/www.facebook.com\/SluzbaKoordinacionogTelaVladeRepublikeSrbije\" \/>\n<meta property=\"article:published_time\" content=\"2020-04-09T00:00:00+00:00\" \/>\n<meta property=\"article:modified_time\" content=\"2024-07-30T18:05:48+00:00\" \/>\n<meta property=\"og:image\" content=\"https:\/\/kt.gov.rs\/wp-content\/uploads\/2024\/07\/1586421919_090420_5-5.jpg\" \/>\n\t<meta property=\"og:image:width\" content=\"315\" \/>\n\t<meta property=\"og:image:height\" content=\"230\" \/>\n\t<meta property=\"og:image:type\" content=\"image\/jpeg\" \/>\n<meta name=\"author\" content=\"ktmin\" \/>\n<meta name=\"twitter:card\" content=\"summary_large_image\" \/>\n<meta name=\"twitter:creator\" content=\"@kt_gov\" \/>\n<meta name=\"twitter:site\" content=\"@kt_gov\" \/>\n<meta name=\"twitter:label1\" content=\"Written by\" \/>\n\t<meta name=\"twitter:data1\" content=\"ktmin\" \/>\n\t<meta name=\"twitter:label2\" content=\"Est. reading time\" \/>\n\t<meta name=\"twitter:data2\" content=\"1 minute\" \/>\n<script type=\"application\/ld+json\" class=\"yoast-schema-graph\">{\"@context\":\"https:\\\/\\\/schema.org\",\"@graph\":[{\"@type\":\"Article\",\"@id\":\"https:\\\/\\\/kt.gov.rs\\\/sq\\\/diaspora-dhe-sipermarresit-shqiptar-ndajne-mbi-500-pako-te-ndihmave\\\/#article\",\"isPartOf\":{\"@id\":\"https:\\\/\\\/kt.gov.rs\\\/sq\\\/diaspora-dhe-sipermarresit-shqiptar-ndajne-mbi-500-pako-te-ndihmave\\\/\"},\"author\":{\"name\":\"ktmin\",\"@id\":\"https:\\\/\\\/kt.gov.rs\\\/#\\\/schema\\\/person\\\/e426459ddb4173309103390602694571\"},\"headline\":\"DIASPORA DHE SIP\u00cbRMARR\u00cbSIT SHQIPTAR NDAJN\u00cb MBI 500 PAKO T\u00cb NDIHMAVE\",\"datePublished\":\"2020-04-09T00:00:00+00:00\",\"dateModified\":\"2024-07-30T18:05:48+00:00\",\"mainEntityOfPage\":{\"@id\":\"https:\\\/\\\/kt.gov.rs\\\/sq\\\/diaspora-dhe-sipermarresit-shqiptar-ndajne-mbi-500-pako-te-ndihmave\\\/\"},\"wordCount\":310,\"publisher\":{\"@id\":\"https:\\\/\\\/kt.gov.rs\\\/#organization\"},\"image\":{\"@id\":\"https:\\\/\\\/kt.gov.rs\\\/sq\\\/diaspora-dhe-sipermarresit-shqiptar-ndajne-mbi-500-pako-te-ndihmave\\\/#primaryimage\"},\"thumbnailUrl\":\"https:\\\/\\\/kt.gov.rs\\\/wp-content\\\/uploads\\\/2024\\\/07\\\/1586421919_090420_5-5.jpg\",\"articleSection\":[\"Lajme\"],\"inLanguage\":\"sq-AL\"},{\"@type\":\"WebPage\",\"@id\":\"https:\\\/\\\/kt.gov.rs\\\/sq\\\/diaspora-dhe-sipermarresit-shqiptar-ndajne-mbi-500-pako-te-ndihmave\\\/\",\"url\":\"https:\\\/\\\/kt.gov.rs\\\/sq\\\/diaspora-dhe-sipermarresit-shqiptar-ndajne-mbi-500-pako-te-ndihmave\\\/\",\"name\":\"DIASPORA DHE SIP\u00cbRMARR\u00cbSIT SHQIPTAR NDAJN\u00cb MBI 500 PAKO T\u00cb NDIHMAVE - Republika e S\u00ebrbis\u00eb Trupi Koordinues p\u00ebr komunat Bujanoc, Preshev\u00eb dhe Medvegj\u00eb\",\"isPartOf\":{\"@id\":\"https:\\\/\\\/kt.gov.rs\\\/#website\"},\"primaryImageOfPage\":{\"@id\":\"https:\\\/\\\/kt.gov.rs\\\/sq\\\/diaspora-dhe-sipermarresit-shqiptar-ndajne-mbi-500-pako-te-ndihmave\\\/#primaryimage\"},\"image\":{\"@id\":\"https:\\\/\\\/kt.gov.rs\\\/sq\\\/diaspora-dhe-sipermarresit-shqiptar-ndajne-mbi-500-pako-te-ndihmave\\\/#primaryimage\"},\"thumbnailUrl\":\"https:\\\/\\\/kt.gov.rs\\\/wp-content\\\/uploads\\\/2024\\\/07\\\/1586421919_090420_5-5.jpg\",\"datePublished\":\"2020-04-09T00:00:00+00:00\",\"dateModified\":\"2024-07-30T18:05:48+00:00\",\"breadcrumb\":{\"@id\":\"https:\\\/\\\/kt.gov.rs\\\/sq\\\/diaspora-dhe-sipermarresit-shqiptar-ndajne-mbi-500-pako-te-ndihmave\\\/#breadcrumb\"},\"inLanguage\":\"sq-AL\",\"potentialAction\":[{\"@type\":\"ReadAction\",\"target\":[\"https:\\\/\\\/kt.gov.rs\\\/sq\\\/diaspora-dhe-sipermarresit-shqiptar-ndajne-mbi-500-pako-te-ndihmave\\\/\"]}]},{\"@type\":\"ImageObject\",\"inLanguage\":\"sq-AL\",\"@id\":\"https:\\\/\\\/kt.gov.rs\\\/sq\\\/diaspora-dhe-sipermarresit-shqiptar-ndajne-mbi-500-pako-te-ndihmave\\\/#primaryimage\",\"url\":\"https:\\\/\\\/kt.gov.rs\\\/wp-content\\\/uploads\\\/2024\\\/07\\\/1586421919_090420_5-5.jpg\",\"contentUrl\":\"https:\\\/\\\/kt.gov.rs\\\/wp-content\\\/uploads\\\/2024\\\/07\\\/1586421919_090420_5-5.jpg\",\"width\":315,\"height\":230},{\"@type\":\"BreadcrumbList\",\"@id\":\"https:\\\/\\\/kt.gov.rs\\\/sq\\\/diaspora-dhe-sipermarresit-shqiptar-ndajne-mbi-500-pako-te-ndihmave\\\/#breadcrumb\",\"itemListElement\":[{\"@type\":\"ListItem\",\"position\":1,\"name\":\"\u041f\u043e\u0447\u0435\u0442\u043d\u0430\",\"item\":\"https:\\\/\\\/kt.gov.rs\\\/sq\\\/\"},{\"@type\":\"ListItem\",\"position\":2,\"name\":\"DIASPORA DHE SIP\u00cbRMARR\u00cbSIT SHQIPTAR NDAJN\u00cb MBI 500 PAKO T\u00cb NDIHMAVE\"}]},{\"@type\":\"WebSite\",\"@id\":\"https:\\\/\\\/kt.gov.rs\\\/#website\",\"url\":\"https:\\\/\\\/kt.gov.rs\\\/\",\"name\":\"\u041a\u043e\u043e\u0440\u0434\u0438\u043d\u0430\u0446\u0438\u043e\u043d\u043e \u0442\u0435\u043b\u043e \u0412\u043b\u0430\u0434\u0435 \u0420\u0435\u043f\u0443\u0431\u043b\u0438\u043a\u0435 \u0421\u0440\u0431\u0438\u0458\u0435 \u0437\u0430 \u043e\u043f\u0448\u0442\u0438\u043d\u0435 \u041f\u0440\u0435\u0448\u0435\u0432\u043e, \u0411\u0443\u0458\u0430\u043d\u043e\u0432\u0430\u0446 \u0438 \u041c\u0435\u0434\u0432\u0435\u0452a\",\"description\":\"\",\"publisher\":{\"@id\":\"https:\\\/\\\/kt.gov.rs\\\/#organization\"},\"alternateName\":\"\u041a\u043e\u043e\u0440\u0434\u0438\u043d\u0430\u0446\u0438\u043e\u043d\u043e \u0442\u0435\u043b\u043e\",\"potentialAction\":[{\"@type\":\"SearchAction\",\"target\":{\"@type\":\"EntryPoint\",\"urlTemplate\":\"https:\\\/\\\/kt.gov.rs\\\/?s={search_term_string}\"},\"query-input\":{\"@type\":\"PropertyValueSpecification\",\"valueRequired\":true,\"valueName\":\"search_term_string\"}}],\"inLanguage\":\"sq-AL\"},{\"@type\":\"Organization\",\"@id\":\"https:\\\/\\\/kt.gov.rs\\\/#organization\",\"name\":\"\u041a\u043e\u043e\u0440\u0434\u0438\u043d\u0430\u0446\u0438\u043e\u043d\u043e \u0442\u0435\u043b\u043e \u0412\u043b\u0430\u0434\u0435 \u0420\u0435\u043f\u0443\u0431\u043b\u0438\u043a\u0435 \u0421\u0440\u0431\u0438\u0458\u0435 \u0437\u0430 \u043e\u043f\u0448\u0442\u0438\u043d\u0435 \u041f\u0440\u0435\u0448\u0435\u0432\u043e, \u0411\u0443\u0458\u0430\u043d\u043e\u0432\u0430\u0446 \u0438 \u041c\u0435\u0434\u0432\u0435\u0452a\",\"alternateName\":\"\u041a\u043e\u043e\u0440\u0434\u0438\u043d\u0430\u0446\u0438\u043e\u043d\u043e \u0442\u0435\u043b\u043e\",\"url\":\"https:\\\/\\\/kt.gov.rs\\\/\",\"logo\":{\"@type\":\"ImageObject\",\"inLanguage\":\"sq-AL\",\"@id\":\"https:\\\/\\\/kt.gov.rs\\\/#\\\/schema\\\/logo\\\/image\\\/\",\"url\":\"https:\\\/\\\/kt.gov.rs\\\/wp-content\\\/uploads\\\/2024\\\/12\\\/koord2.jpg\",\"contentUrl\":\"https:\\\/\\\/kt.gov.rs\\\/wp-content\\\/uploads\\\/2024\\\/12\\\/koord2.jpg\",\"width\":640,\"height\":480,\"caption\":\"\u041a\u043e\u043e\u0440\u0434\u0438\u043d\u0430\u0446\u0438\u043e\u043d\u043e \u0442\u0435\u043b\u043e \u0412\u043b\u0430\u0434\u0435 \u0420\u0435\u043f\u0443\u0431\u043b\u0438\u043a\u0435 \u0421\u0440\u0431\u0438\u0458\u0435 \u0437\u0430 \u043e\u043f\u0448\u0442\u0438\u043d\u0435 \u041f\u0440\u0435\u0448\u0435\u0432\u043e, \u0411\u0443\u0458\u0430\u043d\u043e\u0432\u0430\u0446 \u0438 \u041c\u0435\u0434\u0432\u0435\u0452a\"},\"image\":{\"@id\":\"https:\\\/\\\/kt.gov.rs\\\/#\\\/schema\\\/logo\\\/image\\\/\"},\"sameAs\":[\"https:\\\/\\\/www.facebook.com\\\/SluzbaKoordinacionogTelaVladeRepublikeSrbije\",\"https:\\\/\\\/x.com\\\/kt_gov\",\"https:\\\/\\\/www.youtube.com\\\/@koordinacionotelo\"]},{\"@type\":\"Person\",\"@id\":\"https:\\\/\\\/kt.gov.rs\\\/#\\\/schema\\\/person\\\/e426459ddb4173309103390602694571\",\"name\":\"ktmin\",\"image\":{\"@type\":\"ImageObject\",\"inLanguage\":\"sq-AL\",\"@id\":\"https:\\\/\\\/secure.gravatar.com\\\/avatar\\\/3985c961109853010c3fbc7ba30365bfba5db3dd6c525831d9c595c7525a615a?s=96&d=mm&r=g\",\"url\":\"https:\\\/\\\/secure.gravatar.com\\\/avatar\\\/3985c961109853010c3fbc7ba30365bfba5db3dd6c525831d9c595c7525a615a?s=96&d=mm&r=g\",\"contentUrl\":\"https:\\\/\\\/secure.gravatar.com\\\/avatar\\\/3985c961109853010c3fbc7ba30365bfba5db3dd6c525831d9c595c7525a615a?s=96&d=mm&r=g\",\"caption\":\"ktmin\"},\"sameAs\":[\"https:\\\/\\\/kt.gov.rs\"],\"url\":\"https:\\\/\\\/kt.gov.rs\\\/sq\\\/author\\\/ktmin\\\/\"}]}<\/script>\n<!-- \/ Yoast SEO plugin. -->","yoast_head_json":{"title":"DIASPORA DHE SIP\u00cbRMARR\u00cbSIT SHQIPTAR NDAJN\u00cb MBI 500 PAKO T\u00cb NDIHMAVE - Republika e S\u00ebrbis\u00eb Trupi Koordinues p\u00ebr komunat Bujanoc, Preshev\u00eb dhe Medvegj\u00eb","robots":{"index":"index","follow":"follow","max-snippet":"max-snippet:-1","max-image-preview":"max-image-preview:large","max-video-preview":"max-video-preview:-1"},"canonical":"https:\/\/kt.gov.rs\/sq\/diaspora-dhe-sipermarresit-shqiptar-ndajne-mbi-500-pako-te-ndihmave\/","og_locale":"sq_AL","og_type":"article","og_title":"DIASPORA DHE SIP\u00cbRMARR\u00cbSIT SHQIPTAR NDAJN\u00cb MBI 500 PAKO T\u00cb NDIHMAVE - Republika e S\u00ebrbis\u00eb Trupi Koordinues p\u00ebr komunat Bujanoc, Preshev\u00eb dhe Medvegj\u00eb","og_description":"Preshev\u00eb, Bujanoc - N\u00eb nj\u00eb aksion t\u00eb organizuar nga an\u00ebtar\u00eb t\u00eb shumt\u00eb t\u00eb diaspor\u00ebs shqiptare dhe biznesmen\u00eb vendas, mbi 500 amvis\u00ebri n\u00eb Bujanoc dhe Preshev\u00eb mor\u00ebn pako me ushqim thelb\u00ebsor dhe produkte higjiene p\u00ebr t\u00eb ndihmuar n\u00eb gjendjen e jasht\u00ebzakonshme p\u00ebr shkak t\u00eb virusit pandemik korona.","og_url":"https:\/\/kt.gov.rs\/sq\/diaspora-dhe-sipermarresit-shqiptar-ndajne-mbi-500-pako-te-ndihmave\/","og_site_name":"Republika e S\u00ebrbis\u00eb Trupi Koordinues p\u00ebr komunat Bujanoc, Preshev\u00eb dhe Medvegj\u00eb","article_publisher":"https:\/\/www.facebook.com\/SluzbaKoordinacionogTelaVladeRepublikeSrbije","article_published_time":"2020-04-09T00:00:00+00:00","article_modified_time":"2024-07-30T18:05:48+00:00","og_image":[{"width":315,"height":230,"url":"https:\/\/kt.gov.rs\/wp-content\/uploads\/2024\/07\/1586421919_090420_5-5.jpg","type":"image\/jpeg"}],"author":"ktmin","twitter_card":"summary_large_image","twitter_creator":"@kt_gov","twitter_site":"@kt_gov","twitter_misc":{"Written by":"ktmin","Est. reading time":"1 minute"},"schema":{"@context":"https:\/\/schema.org","@graph":[{"@type":"Article","@id":"https:\/\/kt.gov.rs\/sq\/diaspora-dhe-sipermarresit-shqiptar-ndajne-mbi-500-pako-te-ndihmave\/#article","isPartOf":{"@id":"https:\/\/kt.gov.rs\/sq\/diaspora-dhe-sipermarresit-shqiptar-ndajne-mbi-500-pako-te-ndihmave\/"},"author":{"name":"ktmin","@id":"https:\/\/kt.gov.rs\/#\/schema\/person\/e426459ddb4173309103390602694571"},"headline":"DIASPORA DHE SIP\u00cbRMARR\u00cbSIT SHQIPTAR NDAJN\u00cb MBI 500 PAKO T\u00cb NDIHMAVE","datePublished":"2020-04-09T00:00:00+00:00","dateModified":"2024-07-30T18:05:48+00:00","mainEntityOfPage":{"@id":"https:\/\/kt.gov.rs\/sq\/diaspora-dhe-sipermarresit-shqiptar-ndajne-mbi-500-pako-te-ndihmave\/"},"wordCount":310,"publisher":{"@id":"https:\/\/kt.gov.rs\/#organization"},"image":{"@id":"https:\/\/kt.gov.rs\/sq\/diaspora-dhe-sipermarresit-shqiptar-ndajne-mbi-500-pako-te-ndihmave\/#primaryimage"},"thumbnailUrl":"https:\/\/kt.gov.rs\/wp-content\/uploads\/2024\/07\/1586421919_090420_5-5.jpg","articleSection":["Lajme"],"inLanguage":"sq-AL"},{"@type":"WebPage","@id":"https:\/\/kt.gov.rs\/sq\/diaspora-dhe-sipermarresit-shqiptar-ndajne-mbi-500-pako-te-ndihmave\/","url":"https:\/\/kt.gov.rs\/sq\/diaspora-dhe-sipermarresit-shqiptar-ndajne-mbi-500-pako-te-ndihmave\/","name":"DIASPORA DHE SIP\u00cbRMARR\u00cbSIT SHQIPTAR NDAJN\u00cb MBI 500 PAKO T\u00cb NDIHMAVE - Republika e S\u00ebrbis\u00eb Trupi Koordinues p\u00ebr komunat Bujanoc, Preshev\u00eb dhe Medvegj\u00eb","isPartOf":{"@id":"https:\/\/kt.gov.rs\/#website"},"primaryImageOfPage":{"@id":"https:\/\/kt.gov.rs\/sq\/diaspora-dhe-sipermarresit-shqiptar-ndajne-mbi-500-pako-te-ndihmave\/#primaryimage"},"image":{"@id":"https:\/\/kt.gov.rs\/sq\/diaspora-dhe-sipermarresit-shqiptar-ndajne-mbi-500-pako-te-ndihmave\/#primaryimage"},"thumbnailUrl":"https:\/\/kt.gov.rs\/wp-content\/uploads\/2024\/07\/1586421919_090420_5-5.jpg","datePublished":"2020-04-09T00:00:00+00:00","dateModified":"2024-07-30T18:05:48+00:00","breadcrumb":{"@id":"https:\/\/kt.gov.rs\/sq\/diaspora-dhe-sipermarresit-shqiptar-ndajne-mbi-500-pako-te-ndihmave\/#breadcrumb"},"inLanguage":"sq-AL","potentialAction":[{"@type":"ReadAction","target":["https:\/\/kt.gov.rs\/sq\/diaspora-dhe-sipermarresit-shqiptar-ndajne-mbi-500-pako-te-ndihmave\/"]}]},{"@type":"ImageObject","inLanguage":"sq-AL","@id":"https:\/\/kt.gov.rs\/sq\/diaspora-dhe-sipermarresit-shqiptar-ndajne-mbi-500-pako-te-ndihmave\/#primaryimage","url":"https:\/\/kt.gov.rs\/wp-content\/uploads\/2024\/07\/1586421919_090420_5-5.jpg","contentUrl":"https:\/\/kt.gov.rs\/wp-content\/uploads\/2024\/07\/1586421919_090420_5-5.jpg","width":315,"height":230},{"@type":"BreadcrumbList","@id":"https:\/\/kt.gov.rs\/sq\/diaspora-dhe-sipermarresit-shqiptar-ndajne-mbi-500-pako-te-ndihmave\/#breadcrumb","itemListElement":[{"@type":"ListItem","position":1,"name":"\u041f\u043e\u0447\u0435\u0442\u043d\u0430","item":"https:\/\/kt.gov.rs\/sq\/"},{"@type":"ListItem","position":2,"name":"DIASPORA DHE SIP\u00cbRMARR\u00cbSIT SHQIPTAR NDAJN\u00cb MBI 500 PAKO T\u00cb NDIHMAVE"}]},{"@type":"WebSite","@id":"https:\/\/kt.gov.rs\/#website","url":"https:\/\/kt.gov.rs\/","name":"\u041a\u043e\u043e\u0440\u0434\u0438\u043d\u0430\u0446\u0438\u043e\u043d\u043e \u0442\u0435\u043b\u043e \u0412\u043b\u0430\u0434\u0435 \u0420\u0435\u043f\u0443\u0431\u043b\u0438\u043a\u0435 \u0421\u0440\u0431\u0438\u0458\u0435 \u0437\u0430 \u043e\u043f\u0448\u0442\u0438\u043d\u0435 \u041f\u0440\u0435\u0448\u0435\u0432\u043e, \u0411\u0443\u0458\u0430\u043d\u043e\u0432\u0430\u0446 \u0438 \u041c\u0435\u0434\u0432\u0435\u0452a","description":"","publisher":{"@id":"https:\/\/kt.gov.rs\/#organization"},"alternateName":"\u041a\u043e\u043e\u0440\u0434\u0438\u043d\u0430\u0446\u0438\u043e\u043d\u043e \u0442\u0435\u043b\u043e","potentialAction":[{"@type":"SearchAction","target":{"@type":"EntryPoint","urlTemplate":"https:\/\/kt.gov.rs\/?s={search_term_string}"},"query-input":{"@type":"PropertyValueSpecification","valueRequired":true,"valueName":"search_term_string"}}],"inLanguage":"sq-AL"},{"@type":"Organization","@id":"https:\/\/kt.gov.rs\/#organization","name":"\u041a\u043e\u043e\u0440\u0434\u0438\u043d\u0430\u0446\u0438\u043e\u043d\u043e \u0442\u0435\u043b\u043e \u0412\u043b\u0430\u0434\u0435 \u0420\u0435\u043f\u0443\u0431\u043b\u0438\u043a\u0435 \u0421\u0440\u0431\u0438\u0458\u0435 \u0437\u0430 \u043e\u043f\u0448\u0442\u0438\u043d\u0435 \u041f\u0440\u0435\u0448\u0435\u0432\u043e, \u0411\u0443\u0458\u0430\u043d\u043e\u0432\u0430\u0446 \u0438 \u041c\u0435\u0434\u0432\u0435\u0452a","alternateName":"\u041a\u043e\u043e\u0440\u0434\u0438\u043d\u0430\u0446\u0438\u043e\u043d\u043e \u0442\u0435\u043b\u043e","url":"https:\/\/kt.gov.rs\/","logo":{"@type":"ImageObject","inLanguage":"sq-AL","@id":"https:\/\/kt.gov.rs\/#\/schema\/logo\/image\/","url":"https:\/\/kt.gov.rs\/wp-content\/uploads\/2024\/12\/koord2.jpg","contentUrl":"https:\/\/kt.gov.rs\/wp-content\/uploads\/2024\/12\/koord2.jpg","width":640,"height":480,"caption":"\u041a\u043e\u043e\u0440\u0434\u0438\u043d\u0430\u0446\u0438\u043e\u043d\u043e \u0442\u0435\u043b\u043e \u0412\u043b\u0430\u0434\u0435 \u0420\u0435\u043f\u0443\u0431\u043b\u0438\u043a\u0435 \u0421\u0440\u0431\u0438\u0458\u0435 \u0437\u0430 \u043e\u043f\u0448\u0442\u0438\u043d\u0435 \u041f\u0440\u0435\u0448\u0435\u0432\u043e, \u0411\u0443\u0458\u0430\u043d\u043e\u0432\u0430\u0446 \u0438 \u041c\u0435\u0434\u0432\u0435\u0452a"},"image":{"@id":"https:\/\/kt.gov.rs\/#\/schema\/logo\/image\/"},"sameAs":["https:\/\/www.facebook.com\/SluzbaKoordinacionogTelaVladeRepublikeSrbije","https:\/\/x.com\/kt_gov","https:\/\/www.youtube.com\/@koordinacionotelo"]},{"@type":"Person","@id":"https:\/\/kt.gov.rs\/#\/schema\/person\/e426459ddb4173309103390602694571","name":"ktmin","image":{"@type":"ImageObject","inLanguage":"sq-AL","@id":"https:\/\/secure.gravatar.com\/avatar\/3985c961109853010c3fbc7ba30365bfba5db3dd6c525831d9c595c7525a615a?s=96&d=mm&r=g","url":"https:\/\/secure.gravatar.com\/avatar\/3985c961109853010c3fbc7ba30365bfba5db3dd6c525831d9c595c7525a615a?s=96&d=mm&r=g","contentUrl":"https:\/\/secure.gravatar.com\/avatar\/3985c961109853010c3fbc7ba30365bfba5db3dd6c525831d9c595c7525a615a?s=96&d=mm&r=g","caption":"ktmin"},"sameAs":["https:\/\/kt.gov.rs"],"url":"https:\/\/kt.gov.rs\/sq\/author\/ktmin\/"}]}},"_links":{"self":[{"href":"https:\/\/kt.gov.rs\/sq\/wp-json\/wp\/v2\/posts\/113202","targetHints":{"allow":["GET"]}}],"collection":[{"href":"https:\/\/kt.gov.rs\/sq\/wp-json\/wp\/v2\/posts"}],"about":[{"href":"https:\/\/kt.gov.rs\/sq\/wp-json\/wp\/v2\/types\/post"}],"author":[{"embeddable":true,"href":"https:\/\/kt.gov.rs\/sq\/wp-json\/wp\/v2\/users\/1"}],"replies":[{"embeddable":true,"href":"https:\/\/kt.gov.rs\/sq\/wp-json\/wp\/v2\/comments?post=113202"}],"version-history":[{"count":1,"href":"https:\/\/kt.gov.rs\/sq\/wp-json\/wp\/v2\/posts\/113202\/revisions"}],"predecessor-version":[{"id":113206,"href":"https:\/\/kt.gov.rs\/sq\/wp-json\/wp\/v2\/posts\/113202\/revisions\/113206"}],"wp:featuredmedia":[{"embeddable":true,"href":"https:\/\/kt.gov.rs\/sq\/wp-json\/wp\/v2\/media\/113207"}],"wp:attachment":[{"href":"https:\/\/kt.gov.rs\/sq\/wp-json\/wp\/v2\/media?parent=113202"}],"wp:term":[{"taxonomy":"category","embeddable":true,"href":"https:\/\/kt.gov.rs\/sq\/wp-json\/wp\/v2\/categories?post=113202"},{"taxonomy":"post_tag","embeddable":true,"href":"https:\/\/kt.gov.rs\/sq\/wp-json\/wp\/v2\/tags?post=113202"}],"curies":[{"name":"wp","href":"https:\/\/api.w.org\/{rel}","templated":true}]}}