{"id":113170,"date":"2020-04-14T00:00:00","date_gmt":"2020-04-14T00:00:00","guid":{"rendered":"http:\/\/kt.printandscreen.rs\/korona-rrezikon-mbijeteswn-e-mediave-lokale-nw-serbi\/"},"modified":"2024-07-30T18:05:45","modified_gmt":"2024-07-30T18:05:45","slug":"korona-rrezikon-mbijeteswn-e-mediave-lokale-nw-serbi","status":"publish","type":"post","link":"https:\/\/kt.gov.rs\/sq\/korona-rrezikon-mbijeteswn-e-mediave-lokale-nw-serbi\/","title":{"rendered":"KORONA RREZIKON MBIJETESWN E MEDIAVE LOKALE NW SERBI"},"content":{"rendered":"<p>\n\t<strong><img decoding=\"async\" alt=\"\" src=\"https:\/\/kt.gov.rs\/wp-content\/uploads\/2024\/07\/1586854676_140420_1-4.jpg\" style=\"width: 315px; height: 230px; float: left;\" \/><\/strong><\/p>\n<p>\n\t<strong>Vraj\u00eb \u2013 <\/strong>Nj\u00eb studim i kryer nga Shoqata Afariste e Asociacionit t\u00eb Mediave Lokale dhe t\u00eb Pavarura \u201cLokal Press\u201d, n\u00eb fillim t\u00eb prillit tregoi se pandemia e virusit korona dhe nj\u00eb gjendje e jasht\u00ebzakonshme e shpallur n\u00eb p\u00ebrgjigje t\u00eb epidemis\u00eb po rrezikon t\u00eb k\u00ebrc\u00ebnojn\u00eb mbijetes\u00ebn e mediave lokale n\u00eb Serbi n\u00eb muajt e ardhsh\u00ebm.<\/p>\n<p>\n\tVet\u00ebm 10 p\u00ebrqind e mediave lokale t\u00eb anketuara than\u00eb se nuk mund t\u00eb mbijetojn\u00eb p\u00ebr tre muajt e ardhsh\u00ebm pa ndihm\u00ebn e shtetit ose donator\u00ebve, nd\u00ebrsa 30% than\u00eb se kishin mjete p\u00ebr t\u00eb mbajtur pun\u00ebn e tyre vet\u00ebm p\u00ebr muajin tjet\u00ebr.<\/p>\n<p>\n\tRreth dy t\u00eb tretat e t\u00eb anketuarve konfirmuan q\u00eb mbijetesa e sht\u00ebpis\u00eb s\u00eb tyre u vu n\u00eb dyshim seriozisht.<\/p>\n<p>\n\tT\u00eb dh\u00ebnat m\u00eb t\u00eb k\u00ebqija jan\u00eb n\u00eb mediat elektronike, ku rreth 87% e t\u00eb anketuarve pranojn\u00eb se mbijetesa e tyre \u00ebsht\u00eb n\u00eb rrezik, e ndjekur nga mediat e shtypura 77% dhe m\u00eb fund ato online 64% t\u00eb cil\u00ebt, p\u00ebr momentin, jan\u00eb m\u00eb pak t\u00eb prekura.<\/p>\n<p>\n\tArsyet m\u00eb t\u00eb zakonshme p\u00ebr likuiditet t\u00eb ul\u00ebt jan\u00eb ulja e shitjeve t\u00eb inventarit, anulimi i kontratave t\u00eb reklamuesve dhe vonesat dhe mos pagesa e fondeve t\u00eb dhurimit.<\/p>\n<p>\n\tN\u00eb p\u00ebrpjekjen p\u00ebr t&#39;u p\u00ebrshtatur me situat\u00ebn e re, mediat e shtypura lokale po shkojn\u00eb drejt kufizimeve q\u00eb rezultojn\u00eb n\u00eb nd\u00ebrprerje t\u00eb shtypit ose faqe t\u00eb zvog\u00ebluara, dhe madje 47% e t\u00eb anketuarve ndaluan s\u00eb botuari informacione n\u00eb form\u00ebn e shtypur dhe kaluan n\u00eb form\u00ebn online dhe publikimin PDF.<\/p>\n<p>\n\tNj\u00eb situat\u00eb e ngjashme \u00ebsht\u00eb me televizionet lokale dhe radio stacionet q\u00eb kan\u00eb zvog\u00ebluar numrin e mediave, anuluan shfaqjet individuale ose kan\u00eb vazhduar t\u00eb tregtojn\u00eb vet\u00ebm informacione p\u00ebr sh\u00ebrbimin (37%).<\/p>\n<p>\n\tGjysma e portaleve lokale q\u00eb mor\u00ebn pjes\u00eb n\u00eb anketim than\u00eb q\u00eb, p\u00ebr momentin, ata vazhdojn\u00eb t\u00eb punojn\u00eb me t\u00eb nj\u00ebjtin rit\u00ebm, nd\u00ebrsa 20% zvog\u00ebluan numrin informacioneve t\u00eb prodhuara, 8% filluan t\u00eb botojn\u00eb vet\u00ebm informacione p\u00ebr sh\u00ebrbimin, dhe 16% kaluan n\u00eb informacion p\u00ebrmes rrjetet sociale.<\/p>\n<p>\n\tMedia lokale jo vet\u00ebm q\u00eb rrezikohet nga mbijetesa ekonomike p\u00ebr shkak t\u00eb munges\u00ebs s\u00eb parave, por gjithashtu mundohet edhe nga marrja e informacionit n\u00eb koh\u00eb dhe e v\u00ebrtet\u00eb.<\/p>\n<p>\n\tPak m\u00eb pak se gjysma (41%) e redaktuesve dhe gazetar\u00ebve t\u00eb anketuar deklaruan se q\u00eb nga prezantimi i gjendjes s\u00eb jasht\u00ebzakonshme, informacioni nga institucionet vendore ka qen\u00eb m\u00eb i v\u00ebshtir\u00eb p\u00ebr tu arritur.<\/p>\n<p>\n\tP\u00ebr m\u00eb tep\u00ebr, m\u00eb shum\u00eb se gjysma (54.6%) e t\u00eb anketuarve theksuan se institucionet lokale favorizojn\u00eb media t\u00eb caktuara kur vendosin informacion.<\/p>\n<p>\n\tMediat lokale kan\u00eb ankesat m\u00eb t\u00eb m\u00ebdha n\u00eb lidhje me informacionin lidhur me spitalet, qendrat klinike dhe qendrat sh\u00ebndet\u00ebsore, t\u00eb cilat, thon\u00eb ata, nuk po arrijn\u00eb t\u00eb marrin informacione q\u00eb jan\u00eb n\u00eb dispozicion lokal p\u00ebr qytetar\u00ebt dhe q\u00eb jan\u00eb relevante p\u00ebr momentin.<\/p>\n<p>\n\tSondazhi i kryer nga Shoqata e Biznesit e Asociacioneve t\u00eb Media Lokale dhe t\u00eb Pavarura &quot;Lokal Press&quot; p\u00ebrfshiu 46 an\u00ebtar\u00eb t\u00eb mediave lokale t\u00eb asociacioneve.<\/p>\n<p>\n\t<strong>Burimi: OK Radio dhe Trupi Koordinues<\/strong><\/p>\n<p>\n\t\u00a0<\/p>\n","protected":false},"excerpt":{"rendered":"<p>Vraj\u00eb \u2013\u00a0Nj\u00eb studim i kryer nga Shoqata Afariste e Asociacionit t\u00eb Mediave Lokale dhe t\u00eb Pavarura \u201cLokal Press\u201d, n\u00eb fillim t\u00eb prillit tregoi se pandemia e virusit korona dhe nj\u00eb gjendje e jasht\u00ebzakonshme e shpallur n\u00eb p\u00ebrgjigje t\u00eb epidemis\u00eb po rrezikon t\u00eb k\u00ebrc\u00ebnojn\u00eb mbijetes\u00ebn e mediave lokale n\u00eb Serbi n\u00eb muajt e ardhsh\u00ebm.<\/p>\n","protected":false},"author":1,"featured_media":113175,"comment_status":"closed","ping_status":"closed","sticky":false,"template":"","format":"standard","meta":{"footnotes":""},"categories":[55],"tags":[],"class_list":["post-113170","post","type-post","status-publish","format-standard","has-post-thumbnail","hentry","category-lajme"],"yoast_head":"<!-- This site is optimized with the Yoast SEO plugin v27.5 - https:\/\/yoast.com\/product\/yoast-seo-wordpress\/ -->\n<title>KORONA RREZIKON MBIJETESWN E MEDIAVE LOKALE NW SERBI - Republika e S\u00ebrbis\u00eb Trupi Koordinues p\u00ebr komunat Bujanoc, Preshev\u00eb dhe Medvegj\u00eb<\/title>\n<meta name=\"robots\" content=\"index, follow, max-snippet:-1, max-image-preview:large, max-video-preview:-1\" \/>\n<link rel=\"canonical\" href=\"https:\/\/kt.gov.rs\/sq\/korona-rrezikon-mbijeteswn-e-mediave-lokale-nw-serbi\/\" \/>\n<meta property=\"og:locale\" content=\"sq_AL\" \/>\n<meta property=\"og:type\" content=\"article\" \/>\n<meta property=\"og:title\" content=\"KORONA RREZIKON MBIJETESWN E MEDIAVE LOKALE NW SERBI - Republika e S\u00ebrbis\u00eb Trupi Koordinues p\u00ebr komunat Bujanoc, Preshev\u00eb dhe Medvegj\u00eb\" \/>\n<meta property=\"og:description\" content=\"Vraj\u00eb -\u00a0Nj\u00eb studim i kryer nga Shoqata Afariste e Asociacionit t\u00eb Mediave Lokale dhe t\u00eb Pavarura \u201cLokal Press\u201d, n\u00eb fillim t\u00eb prillit tregoi se pandemia e virusit korona dhe nj\u00eb gjendje e jasht\u00ebzakonshme e shpallur n\u00eb p\u00ebrgjigje t\u00eb epidemis\u00eb po rrezikon t\u00eb k\u00ebrc\u00ebnojn\u00eb mbijetes\u00ebn e mediave lokale n\u00eb Serbi n\u00eb muajt e ardhsh\u00ebm.\" \/>\n<meta property=\"og:url\" content=\"https:\/\/kt.gov.rs\/sq\/korona-rrezikon-mbijeteswn-e-mediave-lokale-nw-serbi\/\" \/>\n<meta property=\"og:site_name\" content=\"Republika e S\u00ebrbis\u00eb Trupi Koordinues p\u00ebr komunat Bujanoc, Preshev\u00eb dhe Medvegj\u00eb\" \/>\n<meta property=\"article:publisher\" content=\"https:\/\/www.facebook.com\/SluzbaKoordinacionogTelaVladeRepublikeSrbije\" \/>\n<meta property=\"article:published_time\" content=\"2020-04-14T00:00:00+00:00\" \/>\n<meta property=\"article:modified_time\" content=\"2024-07-30T18:05:45+00:00\" \/>\n<meta property=\"og:image\" content=\"https:\/\/kt.gov.rs\/wp-content\/uploads\/2024\/07\/1586854676_140420_1-5.jpg\" \/>\n\t<meta property=\"og:image:width\" content=\"315\" \/>\n\t<meta property=\"og:image:height\" content=\"230\" \/>\n\t<meta property=\"og:image:type\" content=\"image\/jpeg\" \/>\n<meta name=\"author\" content=\"ktmin\" \/>\n<meta name=\"twitter:card\" content=\"summary_large_image\" \/>\n<meta name=\"twitter:creator\" content=\"@kt_gov\" \/>\n<meta name=\"twitter:site\" content=\"@kt_gov\" \/>\n<meta name=\"twitter:label1\" content=\"Written by\" \/>\n\t<meta name=\"twitter:data1\" content=\"ktmin\" \/>\n\t<meta name=\"twitter:label2\" content=\"Est. reading time\" \/>\n\t<meta name=\"twitter:data2\" content=\"4 minutes\" \/>\n<script type=\"application\/ld+json\" class=\"yoast-schema-graph\">{\"@context\":\"https:\\\/\\\/schema.org\",\"@graph\":[{\"@type\":\"Article\",\"@id\":\"https:\\\/\\\/kt.gov.rs\\\/sq\\\/korona-rrezikon-mbijeteswn-e-mediave-lokale-nw-serbi\\\/#article\",\"isPartOf\":{\"@id\":\"https:\\\/\\\/kt.gov.rs\\\/sq\\\/korona-rrezikon-mbijeteswn-e-mediave-lokale-nw-serbi\\\/\"},\"author\":{\"name\":\"ktmin\",\"@id\":\"https:\\\/\\\/kt.gov.rs\\\/#\\\/schema\\\/person\\\/e426459ddb4173309103390602694571\"},\"headline\":\"KORONA RREZIKON MBIJETESWN E MEDIAVE LOKALE NW SERBI\",\"datePublished\":\"2020-04-14T00:00:00+00:00\",\"dateModified\":\"2024-07-30T18:05:45+00:00\",\"mainEntityOfPage\":{\"@id\":\"https:\\\/\\\/kt.gov.rs\\\/sq\\\/korona-rrezikon-mbijeteswn-e-mediave-lokale-nw-serbi\\\/\"},\"wordCount\":715,\"publisher\":{\"@id\":\"https:\\\/\\\/kt.gov.rs\\\/#organization\"},\"image\":{\"@id\":\"https:\\\/\\\/kt.gov.rs\\\/sq\\\/korona-rrezikon-mbijeteswn-e-mediave-lokale-nw-serbi\\\/#primaryimage\"},\"thumbnailUrl\":\"https:\\\/\\\/kt.gov.rs\\\/wp-content\\\/uploads\\\/2024\\\/07\\\/1586854676_140420_1-5.jpg\",\"articleSection\":[\"Lajme\"],\"inLanguage\":\"sq-AL\"},{\"@type\":\"WebPage\",\"@id\":\"https:\\\/\\\/kt.gov.rs\\\/sq\\\/korona-rrezikon-mbijeteswn-e-mediave-lokale-nw-serbi\\\/\",\"url\":\"https:\\\/\\\/kt.gov.rs\\\/sq\\\/korona-rrezikon-mbijeteswn-e-mediave-lokale-nw-serbi\\\/\",\"name\":\"KORONA RREZIKON MBIJETESWN E MEDIAVE LOKALE NW SERBI - Republika e S\u00ebrbis\u00eb Trupi Koordinues p\u00ebr komunat Bujanoc, Preshev\u00eb dhe Medvegj\u00eb\",\"isPartOf\":{\"@id\":\"https:\\\/\\\/kt.gov.rs\\\/#website\"},\"primaryImageOfPage\":{\"@id\":\"https:\\\/\\\/kt.gov.rs\\\/sq\\\/korona-rrezikon-mbijeteswn-e-mediave-lokale-nw-serbi\\\/#primaryimage\"},\"image\":{\"@id\":\"https:\\\/\\\/kt.gov.rs\\\/sq\\\/korona-rrezikon-mbijeteswn-e-mediave-lokale-nw-serbi\\\/#primaryimage\"},\"thumbnailUrl\":\"https:\\\/\\\/kt.gov.rs\\\/wp-content\\\/uploads\\\/2024\\\/07\\\/1586854676_140420_1-5.jpg\",\"datePublished\":\"2020-04-14T00:00:00+00:00\",\"dateModified\":\"2024-07-30T18:05:45+00:00\",\"breadcrumb\":{\"@id\":\"https:\\\/\\\/kt.gov.rs\\\/sq\\\/korona-rrezikon-mbijeteswn-e-mediave-lokale-nw-serbi\\\/#breadcrumb\"},\"inLanguage\":\"sq-AL\",\"potentialAction\":[{\"@type\":\"ReadAction\",\"target\":[\"https:\\\/\\\/kt.gov.rs\\\/sq\\\/korona-rrezikon-mbijeteswn-e-mediave-lokale-nw-serbi\\\/\"]}]},{\"@type\":\"ImageObject\",\"inLanguage\":\"sq-AL\",\"@id\":\"https:\\\/\\\/kt.gov.rs\\\/sq\\\/korona-rrezikon-mbijeteswn-e-mediave-lokale-nw-serbi\\\/#primaryimage\",\"url\":\"https:\\\/\\\/kt.gov.rs\\\/wp-content\\\/uploads\\\/2024\\\/07\\\/1586854676_140420_1-5.jpg\",\"contentUrl\":\"https:\\\/\\\/kt.gov.rs\\\/wp-content\\\/uploads\\\/2024\\\/07\\\/1586854676_140420_1-5.jpg\",\"width\":315,\"height\":230},{\"@type\":\"BreadcrumbList\",\"@id\":\"https:\\\/\\\/kt.gov.rs\\\/sq\\\/korona-rrezikon-mbijeteswn-e-mediave-lokale-nw-serbi\\\/#breadcrumb\",\"itemListElement\":[{\"@type\":\"ListItem\",\"position\":1,\"name\":\"\u041f\u043e\u0447\u0435\u0442\u043d\u0430\",\"item\":\"https:\\\/\\\/kt.gov.rs\\\/sq\\\/\"},{\"@type\":\"ListItem\",\"position\":2,\"name\":\"KORONA RREZIKON MBIJETESWN E MEDIAVE LOKALE NW SERBI\"}]},{\"@type\":\"WebSite\",\"@id\":\"https:\\\/\\\/kt.gov.rs\\\/#website\",\"url\":\"https:\\\/\\\/kt.gov.rs\\\/\",\"name\":\"\u041a\u043e\u043e\u0440\u0434\u0438\u043d\u0430\u0446\u0438\u043e\u043d\u043e \u0442\u0435\u043b\u043e \u0412\u043b\u0430\u0434\u0435 \u0420\u0435\u043f\u0443\u0431\u043b\u0438\u043a\u0435 \u0421\u0440\u0431\u0438\u0458\u0435 \u0437\u0430 \u043e\u043f\u0448\u0442\u0438\u043d\u0435 \u041f\u0440\u0435\u0448\u0435\u0432\u043e, \u0411\u0443\u0458\u0430\u043d\u043e\u0432\u0430\u0446 \u0438 \u041c\u0435\u0434\u0432\u0435\u0452a\",\"description\":\"\",\"publisher\":{\"@id\":\"https:\\\/\\\/kt.gov.rs\\\/#organization\"},\"alternateName\":\"\u041a\u043e\u043e\u0440\u0434\u0438\u043d\u0430\u0446\u0438\u043e\u043d\u043e \u0442\u0435\u043b\u043e\",\"potentialAction\":[{\"@type\":\"SearchAction\",\"target\":{\"@type\":\"EntryPoint\",\"urlTemplate\":\"https:\\\/\\\/kt.gov.rs\\\/?s={search_term_string}\"},\"query-input\":{\"@type\":\"PropertyValueSpecification\",\"valueRequired\":true,\"valueName\":\"search_term_string\"}}],\"inLanguage\":\"sq-AL\"},{\"@type\":\"Organization\",\"@id\":\"https:\\\/\\\/kt.gov.rs\\\/#organization\",\"name\":\"\u041a\u043e\u043e\u0440\u0434\u0438\u043d\u0430\u0446\u0438\u043e\u043d\u043e \u0442\u0435\u043b\u043e \u0412\u043b\u0430\u0434\u0435 \u0420\u0435\u043f\u0443\u0431\u043b\u0438\u043a\u0435 \u0421\u0440\u0431\u0438\u0458\u0435 \u0437\u0430 \u043e\u043f\u0448\u0442\u0438\u043d\u0435 \u041f\u0440\u0435\u0448\u0435\u0432\u043e, \u0411\u0443\u0458\u0430\u043d\u043e\u0432\u0430\u0446 \u0438 \u041c\u0435\u0434\u0432\u0435\u0452a\",\"alternateName\":\"\u041a\u043e\u043e\u0440\u0434\u0438\u043d\u0430\u0446\u0438\u043e\u043d\u043e \u0442\u0435\u043b\u043e\",\"url\":\"https:\\\/\\\/kt.gov.rs\\\/\",\"logo\":{\"@type\":\"ImageObject\",\"inLanguage\":\"sq-AL\",\"@id\":\"https:\\\/\\\/kt.gov.rs\\\/#\\\/schema\\\/logo\\\/image\\\/\",\"url\":\"https:\\\/\\\/kt.gov.rs\\\/wp-content\\\/uploads\\\/2024\\\/12\\\/koord2.jpg\",\"contentUrl\":\"https:\\\/\\\/kt.gov.rs\\\/wp-content\\\/uploads\\\/2024\\\/12\\\/koord2.jpg\",\"width\":640,\"height\":480,\"caption\":\"\u041a\u043e\u043e\u0440\u0434\u0438\u043d\u0430\u0446\u0438\u043e\u043d\u043e \u0442\u0435\u043b\u043e \u0412\u043b\u0430\u0434\u0435 \u0420\u0435\u043f\u0443\u0431\u043b\u0438\u043a\u0435 \u0421\u0440\u0431\u0438\u0458\u0435 \u0437\u0430 \u043e\u043f\u0448\u0442\u0438\u043d\u0435 \u041f\u0440\u0435\u0448\u0435\u0432\u043e, \u0411\u0443\u0458\u0430\u043d\u043e\u0432\u0430\u0446 \u0438 \u041c\u0435\u0434\u0432\u0435\u0452a\"},\"image\":{\"@id\":\"https:\\\/\\\/kt.gov.rs\\\/#\\\/schema\\\/logo\\\/image\\\/\"},\"sameAs\":[\"https:\\\/\\\/www.facebook.com\\\/SluzbaKoordinacionogTelaVladeRepublikeSrbije\",\"https:\\\/\\\/x.com\\\/kt_gov\",\"https:\\\/\\\/www.youtube.com\\\/@koordinacionotelo\"]},{\"@type\":\"Person\",\"@id\":\"https:\\\/\\\/kt.gov.rs\\\/#\\\/schema\\\/person\\\/e426459ddb4173309103390602694571\",\"name\":\"ktmin\",\"image\":{\"@type\":\"ImageObject\",\"inLanguage\":\"sq-AL\",\"@id\":\"https:\\\/\\\/secure.gravatar.com\\\/avatar\\\/3985c961109853010c3fbc7ba30365bfba5db3dd6c525831d9c595c7525a615a?s=96&d=mm&r=g\",\"url\":\"https:\\\/\\\/secure.gravatar.com\\\/avatar\\\/3985c961109853010c3fbc7ba30365bfba5db3dd6c525831d9c595c7525a615a?s=96&d=mm&r=g\",\"contentUrl\":\"https:\\\/\\\/secure.gravatar.com\\\/avatar\\\/3985c961109853010c3fbc7ba30365bfba5db3dd6c525831d9c595c7525a615a?s=96&d=mm&r=g\",\"caption\":\"ktmin\"},\"sameAs\":[\"https:\\\/\\\/kt.gov.rs\"],\"url\":\"https:\\\/\\\/kt.gov.rs\\\/sq\\\/author\\\/ktmin\\\/\"}]}<\/script>\n<!-- \/ Yoast SEO plugin. -->","yoast_head_json":{"title":"KORONA RREZIKON MBIJETESWN E MEDIAVE LOKALE NW SERBI - Republika e S\u00ebrbis\u00eb Trupi Koordinues p\u00ebr komunat Bujanoc, Preshev\u00eb dhe Medvegj\u00eb","robots":{"index":"index","follow":"follow","max-snippet":"max-snippet:-1","max-image-preview":"max-image-preview:large","max-video-preview":"max-video-preview:-1"},"canonical":"https:\/\/kt.gov.rs\/sq\/korona-rrezikon-mbijeteswn-e-mediave-lokale-nw-serbi\/","og_locale":"sq_AL","og_type":"article","og_title":"KORONA RREZIKON MBIJETESWN E MEDIAVE LOKALE NW SERBI - Republika e S\u00ebrbis\u00eb Trupi Koordinues p\u00ebr komunat Bujanoc, Preshev\u00eb dhe Medvegj\u00eb","og_description":"Vraj\u00eb -\u00a0Nj\u00eb studim i kryer nga Shoqata Afariste e Asociacionit t\u00eb Mediave Lokale dhe t\u00eb Pavarura \u201cLokal Press\u201d, n\u00eb fillim t\u00eb prillit tregoi se pandemia e virusit korona dhe nj\u00eb gjendje e jasht\u00ebzakonshme e shpallur n\u00eb p\u00ebrgjigje t\u00eb epidemis\u00eb po rrezikon t\u00eb k\u00ebrc\u00ebnojn\u00eb mbijetes\u00ebn e mediave lokale n\u00eb Serbi n\u00eb muajt e ardhsh\u00ebm.","og_url":"https:\/\/kt.gov.rs\/sq\/korona-rrezikon-mbijeteswn-e-mediave-lokale-nw-serbi\/","og_site_name":"Republika e S\u00ebrbis\u00eb Trupi Koordinues p\u00ebr komunat Bujanoc, Preshev\u00eb dhe Medvegj\u00eb","article_publisher":"https:\/\/www.facebook.com\/SluzbaKoordinacionogTelaVladeRepublikeSrbije","article_published_time":"2020-04-14T00:00:00+00:00","article_modified_time":"2024-07-30T18:05:45+00:00","og_image":[{"width":315,"height":230,"url":"https:\/\/kt.gov.rs\/wp-content\/uploads\/2024\/07\/1586854676_140420_1-5.jpg","type":"image\/jpeg"}],"author":"ktmin","twitter_card":"summary_large_image","twitter_creator":"@kt_gov","twitter_site":"@kt_gov","twitter_misc":{"Written by":"ktmin","Est. reading time":"4 minutes"},"schema":{"@context":"https:\/\/schema.org","@graph":[{"@type":"Article","@id":"https:\/\/kt.gov.rs\/sq\/korona-rrezikon-mbijeteswn-e-mediave-lokale-nw-serbi\/#article","isPartOf":{"@id":"https:\/\/kt.gov.rs\/sq\/korona-rrezikon-mbijeteswn-e-mediave-lokale-nw-serbi\/"},"author":{"name":"ktmin","@id":"https:\/\/kt.gov.rs\/#\/schema\/person\/e426459ddb4173309103390602694571"},"headline":"KORONA RREZIKON MBIJETESWN E MEDIAVE LOKALE NW SERBI","datePublished":"2020-04-14T00:00:00+00:00","dateModified":"2024-07-30T18:05:45+00:00","mainEntityOfPage":{"@id":"https:\/\/kt.gov.rs\/sq\/korona-rrezikon-mbijeteswn-e-mediave-lokale-nw-serbi\/"},"wordCount":715,"publisher":{"@id":"https:\/\/kt.gov.rs\/#organization"},"image":{"@id":"https:\/\/kt.gov.rs\/sq\/korona-rrezikon-mbijeteswn-e-mediave-lokale-nw-serbi\/#primaryimage"},"thumbnailUrl":"https:\/\/kt.gov.rs\/wp-content\/uploads\/2024\/07\/1586854676_140420_1-5.jpg","articleSection":["Lajme"],"inLanguage":"sq-AL"},{"@type":"WebPage","@id":"https:\/\/kt.gov.rs\/sq\/korona-rrezikon-mbijeteswn-e-mediave-lokale-nw-serbi\/","url":"https:\/\/kt.gov.rs\/sq\/korona-rrezikon-mbijeteswn-e-mediave-lokale-nw-serbi\/","name":"KORONA RREZIKON MBIJETESWN E MEDIAVE LOKALE NW SERBI - Republika e S\u00ebrbis\u00eb Trupi Koordinues p\u00ebr komunat Bujanoc, Preshev\u00eb dhe Medvegj\u00eb","isPartOf":{"@id":"https:\/\/kt.gov.rs\/#website"},"primaryImageOfPage":{"@id":"https:\/\/kt.gov.rs\/sq\/korona-rrezikon-mbijeteswn-e-mediave-lokale-nw-serbi\/#primaryimage"},"image":{"@id":"https:\/\/kt.gov.rs\/sq\/korona-rrezikon-mbijeteswn-e-mediave-lokale-nw-serbi\/#primaryimage"},"thumbnailUrl":"https:\/\/kt.gov.rs\/wp-content\/uploads\/2024\/07\/1586854676_140420_1-5.jpg","datePublished":"2020-04-14T00:00:00+00:00","dateModified":"2024-07-30T18:05:45+00:00","breadcrumb":{"@id":"https:\/\/kt.gov.rs\/sq\/korona-rrezikon-mbijeteswn-e-mediave-lokale-nw-serbi\/#breadcrumb"},"inLanguage":"sq-AL","potentialAction":[{"@type":"ReadAction","target":["https:\/\/kt.gov.rs\/sq\/korona-rrezikon-mbijeteswn-e-mediave-lokale-nw-serbi\/"]}]},{"@type":"ImageObject","inLanguage":"sq-AL","@id":"https:\/\/kt.gov.rs\/sq\/korona-rrezikon-mbijeteswn-e-mediave-lokale-nw-serbi\/#primaryimage","url":"https:\/\/kt.gov.rs\/wp-content\/uploads\/2024\/07\/1586854676_140420_1-5.jpg","contentUrl":"https:\/\/kt.gov.rs\/wp-content\/uploads\/2024\/07\/1586854676_140420_1-5.jpg","width":315,"height":230},{"@type":"BreadcrumbList","@id":"https:\/\/kt.gov.rs\/sq\/korona-rrezikon-mbijeteswn-e-mediave-lokale-nw-serbi\/#breadcrumb","itemListElement":[{"@type":"ListItem","position":1,"name":"\u041f\u043e\u0447\u0435\u0442\u043d\u0430","item":"https:\/\/kt.gov.rs\/sq\/"},{"@type":"ListItem","position":2,"name":"KORONA RREZIKON MBIJETESWN E MEDIAVE LOKALE NW SERBI"}]},{"@type":"WebSite","@id":"https:\/\/kt.gov.rs\/#website","url":"https:\/\/kt.gov.rs\/","name":"\u041a\u043e\u043e\u0440\u0434\u0438\u043d\u0430\u0446\u0438\u043e\u043d\u043e \u0442\u0435\u043b\u043e \u0412\u043b\u0430\u0434\u0435 \u0420\u0435\u043f\u0443\u0431\u043b\u0438\u043a\u0435 \u0421\u0440\u0431\u0438\u0458\u0435 \u0437\u0430 \u043e\u043f\u0448\u0442\u0438\u043d\u0435 \u041f\u0440\u0435\u0448\u0435\u0432\u043e, \u0411\u0443\u0458\u0430\u043d\u043e\u0432\u0430\u0446 \u0438 \u041c\u0435\u0434\u0432\u0435\u0452a","description":"","publisher":{"@id":"https:\/\/kt.gov.rs\/#organization"},"alternateName":"\u041a\u043e\u043e\u0440\u0434\u0438\u043d\u0430\u0446\u0438\u043e\u043d\u043e \u0442\u0435\u043b\u043e","potentialAction":[{"@type":"SearchAction","target":{"@type":"EntryPoint","urlTemplate":"https:\/\/kt.gov.rs\/?s={search_term_string}"},"query-input":{"@type":"PropertyValueSpecification","valueRequired":true,"valueName":"search_term_string"}}],"inLanguage":"sq-AL"},{"@type":"Organization","@id":"https:\/\/kt.gov.rs\/#organization","name":"\u041a\u043e\u043e\u0440\u0434\u0438\u043d\u0430\u0446\u0438\u043e\u043d\u043e \u0442\u0435\u043b\u043e \u0412\u043b\u0430\u0434\u0435 \u0420\u0435\u043f\u0443\u0431\u043b\u0438\u043a\u0435 \u0421\u0440\u0431\u0438\u0458\u0435 \u0437\u0430 \u043e\u043f\u0448\u0442\u0438\u043d\u0435 \u041f\u0440\u0435\u0448\u0435\u0432\u043e, \u0411\u0443\u0458\u0430\u043d\u043e\u0432\u0430\u0446 \u0438 \u041c\u0435\u0434\u0432\u0435\u0452a","alternateName":"\u041a\u043e\u043e\u0440\u0434\u0438\u043d\u0430\u0446\u0438\u043e\u043d\u043e \u0442\u0435\u043b\u043e","url":"https:\/\/kt.gov.rs\/","logo":{"@type":"ImageObject","inLanguage":"sq-AL","@id":"https:\/\/kt.gov.rs\/#\/schema\/logo\/image\/","url":"https:\/\/kt.gov.rs\/wp-content\/uploads\/2024\/12\/koord2.jpg","contentUrl":"https:\/\/kt.gov.rs\/wp-content\/uploads\/2024\/12\/koord2.jpg","width":640,"height":480,"caption":"\u041a\u043e\u043e\u0440\u0434\u0438\u043d\u0430\u0446\u0438\u043e\u043d\u043e \u0442\u0435\u043b\u043e \u0412\u043b\u0430\u0434\u0435 \u0420\u0435\u043f\u0443\u0431\u043b\u0438\u043a\u0435 \u0421\u0440\u0431\u0438\u0458\u0435 \u0437\u0430 \u043e\u043f\u0448\u0442\u0438\u043d\u0435 \u041f\u0440\u0435\u0448\u0435\u0432\u043e, \u0411\u0443\u0458\u0430\u043d\u043e\u0432\u0430\u0446 \u0438 \u041c\u0435\u0434\u0432\u0435\u0452a"},"image":{"@id":"https:\/\/kt.gov.rs\/#\/schema\/logo\/image\/"},"sameAs":["https:\/\/www.facebook.com\/SluzbaKoordinacionogTelaVladeRepublikeSrbije","https:\/\/x.com\/kt_gov","https:\/\/www.youtube.com\/@koordinacionotelo"]},{"@type":"Person","@id":"https:\/\/kt.gov.rs\/#\/schema\/person\/e426459ddb4173309103390602694571","name":"ktmin","image":{"@type":"ImageObject","inLanguage":"sq-AL","@id":"https:\/\/secure.gravatar.com\/avatar\/3985c961109853010c3fbc7ba30365bfba5db3dd6c525831d9c595c7525a615a?s=96&d=mm&r=g","url":"https:\/\/secure.gravatar.com\/avatar\/3985c961109853010c3fbc7ba30365bfba5db3dd6c525831d9c595c7525a615a?s=96&d=mm&r=g","contentUrl":"https:\/\/secure.gravatar.com\/avatar\/3985c961109853010c3fbc7ba30365bfba5db3dd6c525831d9c595c7525a615a?s=96&d=mm&r=g","caption":"ktmin"},"sameAs":["https:\/\/kt.gov.rs"],"url":"https:\/\/kt.gov.rs\/sq\/author\/ktmin\/"}]}},"_links":{"self":[{"href":"https:\/\/kt.gov.rs\/sq\/wp-json\/wp\/v2\/posts\/113170","targetHints":{"allow":["GET"]}}],"collection":[{"href":"https:\/\/kt.gov.rs\/sq\/wp-json\/wp\/v2\/posts"}],"about":[{"href":"https:\/\/kt.gov.rs\/sq\/wp-json\/wp\/v2\/types\/post"}],"author":[{"embeddable":true,"href":"https:\/\/kt.gov.rs\/sq\/wp-json\/wp\/v2\/users\/1"}],"replies":[{"embeddable":true,"href":"https:\/\/kt.gov.rs\/sq\/wp-json\/wp\/v2\/comments?post=113170"}],"version-history":[{"count":1,"href":"https:\/\/kt.gov.rs\/sq\/wp-json\/wp\/v2\/posts\/113170\/revisions"}],"predecessor-version":[{"id":113174,"href":"https:\/\/kt.gov.rs\/sq\/wp-json\/wp\/v2\/posts\/113170\/revisions\/113174"}],"wp:featuredmedia":[{"embeddable":true,"href":"https:\/\/kt.gov.rs\/sq\/wp-json\/wp\/v2\/media\/113175"}],"wp:attachment":[{"href":"https:\/\/kt.gov.rs\/sq\/wp-json\/wp\/v2\/media?parent=113170"}],"wp:term":[{"taxonomy":"category","embeddable":true,"href":"https:\/\/kt.gov.rs\/sq\/wp-json\/wp\/v2\/categories?post=113170"},{"taxonomy":"post_tag","embeddable":true,"href":"https:\/\/kt.gov.rs\/sq\/wp-json\/wp\/v2\/tags?post=113170"}],"curies":[{"name":"wp","href":"https:\/\/api.w.org\/{rel}","templated":true}]}}