{"id":113162,"date":"2020-04-14T00:00:00","date_gmt":"2020-04-14T00:00:00","guid":{"rendered":"http:\/\/kt.printandscreen.rs\/eshte-hapur-konkurs-solidariteti-para-se-gjithash-afati-20-prill-2020\/"},"modified":"2024-07-30T18:05:44","modified_gmt":"2024-07-30T18:05:44","slug":"eshte-hapur-konkurs-solidariteti-para-se-gjithash-afati-20-prill-2020","status":"publish","type":"post","link":"https:\/\/kt.gov.rs\/sq\/eshte-hapur-konkurs-solidariteti-para-se-gjithash-afati-20-prill-2020\/","title":{"rendered":"\u00cbSHT\u00cb HAPUR KONKURS \u201cSOLIDARITETI PARA S\u00cb GJITHASH\u201d (AFATI: 20 PRILL 2020)"},"content":{"rendered":"<p>\n\t<img decoding=\"async\" alt=\"\" src=\"https:\/\/kt.gov.rs\/wp-content\/uploads\/2024\/07\/1586854736_140420_2-4.jpg\" style=\"width: 315px; height: 230px; float: left;\" \/><\/p>\n<p>\n\tFondacioni Ana dhe Vlade Divac, me mb\u00ebshtetjen e Fondit t\u00eb Demokracis\u00eb Ballkanike dhe Ambasad\u00ebs s\u00eb Mbret\u00ebris\u00eb s\u00eb Norvegjis\u00eb n\u00eb Republik\u00ebn e Serbis\u00eb, do t\u00eb mb\u00ebshtesin, me nj\u00eb total prej 1,850,000 dinar\u00eb, shoqatat lokale t\u00eb qytetar\u00ebve, grupet informale t\u00eb aktivist\u00ebve dhe mediat n\u00eb zbatimin e projekteve q\u00eb do t\u00eb ndihmojn\u00eb komunitetet t\u00eb shprehin solidaritetin e tyre qytetar gjat\u00eb kriz\u00ebs n\u00eb Serbi t\u00eb shkaktuar nga koronavirusi.<\/p>\n<p>\n\tP\u00ebrmes zbatimit t\u00eb projektit, p\u00ebrfituesit e fondeve do t\u00eb promovojn\u00eb solidaritetin, do t\u00eb inkurajojn\u00eb t\u00eb tjer\u00ebt q\u00eb t\u00eb marrin pjes\u00eb aktive n\u00eb ndihm\u00eb t\u00eb komunitetit n\u00eb t\u00eb cilin ata jetojn\u00eb dhe t\u00eb ndihmojn\u00eb m\u00eb t\u00eb prekurit n\u00eb k\u00ebt\u00eb kriz\u00eb.<\/p>\n<p>\n\tKy lloj stimulimi do t\u00eb ndihmoj\u00eb gjithashtu n\u00eb realizimin e nismave t\u00eb filluara ose t\u00eb reja q\u00eb do t\u00eb ken\u00eb nj\u00eb ndikim t\u00eb gjer\u00eb n\u00eb komunitet dhe do t&#39;i ndihmojn\u00eb qytetar\u00ebt t\u00eb merren me kriz\u00ebn me p\u00ebrgjegj\u00ebsi dhe solidaritet.<\/p>\n<p>\n\tT\u00eb interesuarit mund t\u00eb informohen n\u00eb ueb faqen zyrtare \u00a0<a href=\"https:\/\/www.divac.com\/solidarnostpresvega\">https:\/\/<\/a><a href=\"https:\/\/www.divac.com\/solidarnostpresvega\">www<\/a><a href=\"https:\/\/www.divac.com\/solidarnostpresvega\">.divac.com\/solidarnostpresvega<\/a>, ku mund ta merrni formularin p\u00ebr propozim projekt dhe m\u00eb tej t\u00eb konkuroni duke d\u00ebrguar projektin n\u00eb e-mail\u00a0<a href=\"mailto:solidarnost@divac.com\">solidarnost@divac.com<\/a><\/p>\n<p>\n\tKonkursi \u00ebsht\u00eb i hapur deri <strong>m\u00eb 20 prill n\u00eb ora 16,<\/strong> nd\u00ebrsa projektet duhet q\u00eb t\u00eb realizohen deri m\u00eb 15 qershor 2020.<\/p>\n<p>\n\t<strong>Burimi: Fondacioa Ana dhe Vlade Divac dhe Trupi Koordinues<\/strong><\/p>\n<p>\n\t\u00a0<\/p>\n","protected":false},"excerpt":{"rendered":"<p>Fondacioni Ana dhe Vlade Divac, me mb\u00ebshtetjen e Fondit t\u00eb Demokracis\u00eb Ballkanike dhe Ambasad\u00ebs s\u00eb Mbret\u00ebris\u00eb s\u00eb Norvegjis\u00eb n\u00eb Republik\u00ebn e Serbis\u00eb, do t\u00eb mb\u00ebshtesin, me nj\u00eb total prej 1,850,000 dinar\u00eb, shoqatat lokale t\u00eb qytetar\u00ebve, grupet informale t\u00eb aktivist\u00ebve dhe mediat n\u00eb zbatimin e projekteve q\u00eb do t\u00eb ndihmojn\u00eb komunitetet t\u00eb shprehin solidaritetin e tyre qytetar gjat\u00eb kriz\u00ebs n\u00eb Serbi t\u00eb shkaktuar nga koronavirusi.<\/p>\n","protected":false},"author":1,"featured_media":113167,"comment_status":"closed","ping_status":"closed","sticky":false,"template":"","format":"standard","meta":{"footnotes":""},"categories":[55],"tags":[],"class_list":["post-113162","post","type-post","status-publish","format-standard","has-post-thumbnail","hentry","category-lajme"],"yoast_head":"<!-- This site is optimized with the Yoast SEO plugin v27.5 - https:\/\/yoast.com\/product\/yoast-seo-wordpress\/ -->\n<title>\u00cbSHT\u00cb HAPUR KONKURS \u201cSOLIDARITETI PARA S\u00cb GJITHASH\u201d (AFATI: 20 PRILL 2020) - Republika e S\u00ebrbis\u00eb Trupi Koordinues p\u00ebr komunat Bujanoc, Preshev\u00eb dhe Medvegj\u00eb<\/title>\n<meta name=\"robots\" content=\"index, follow, max-snippet:-1, max-image-preview:large, max-video-preview:-1\" \/>\n<link rel=\"canonical\" href=\"https:\/\/kt.gov.rs\/sq\/eshte-hapur-konkurs-solidariteti-para-se-gjithash-afati-20-prill-2020\/\" \/>\n<meta property=\"og:locale\" content=\"sq_AL\" \/>\n<meta property=\"og:type\" content=\"article\" \/>\n<meta property=\"og:title\" content=\"\u00cbSHT\u00cb HAPUR KONKURS \u201cSOLIDARITETI PARA S\u00cb GJITHASH\u201d (AFATI: 20 PRILL 2020) - Republika e S\u00ebrbis\u00eb Trupi Koordinues p\u00ebr komunat Bujanoc, Preshev\u00eb dhe Medvegj\u00eb\" \/>\n<meta property=\"og:description\" content=\"Fondacioni Ana dhe Vlade Divac, me mb\u00ebshtetjen e Fondit t\u00eb Demokracis\u00eb Ballkanike dhe Ambasad\u00ebs s\u00eb Mbret\u00ebris\u00eb s\u00eb Norvegjis\u00eb n\u00eb Republik\u00ebn e Serbis\u00eb, do t\u00eb mb\u00ebshtesin, me nj\u00eb total prej 1,850,000 dinar\u00eb, shoqatat lokale t\u00eb qytetar\u00ebve, grupet informale t\u00eb aktivist\u00ebve dhe mediat n\u00eb zbatimin e projekteve q\u00eb do t\u00eb ndihmojn\u00eb komunitetet t\u00eb shprehin solidaritetin e tyre qytetar gjat\u00eb kriz\u00ebs n\u00eb Serbi t\u00eb shkaktuar nga koronavirusi.\" \/>\n<meta property=\"og:url\" content=\"https:\/\/kt.gov.rs\/sq\/eshte-hapur-konkurs-solidariteti-para-se-gjithash-afati-20-prill-2020\/\" \/>\n<meta property=\"og:site_name\" content=\"Republika e S\u00ebrbis\u00eb Trupi Koordinues p\u00ebr komunat Bujanoc, Preshev\u00eb dhe Medvegj\u00eb\" \/>\n<meta property=\"article:publisher\" content=\"https:\/\/www.facebook.com\/SluzbaKoordinacionogTelaVladeRepublikeSrbije\" \/>\n<meta property=\"article:published_time\" content=\"2020-04-14T00:00:00+00:00\" \/>\n<meta property=\"article:modified_time\" content=\"2024-07-30T18:05:44+00:00\" \/>\n<meta property=\"og:image\" content=\"https:\/\/kt.gov.rs\/wp-content\/uploads\/2024\/07\/1586854736_140420_2-5.jpg\" \/>\n\t<meta property=\"og:image:width\" content=\"315\" \/>\n\t<meta property=\"og:image:height\" content=\"230\" \/>\n\t<meta property=\"og:image:type\" content=\"image\/jpeg\" \/>\n<meta name=\"author\" content=\"ktmin\" \/>\n<meta name=\"twitter:card\" content=\"summary_large_image\" \/>\n<meta name=\"twitter:creator\" content=\"@kt_gov\" \/>\n<meta name=\"twitter:site\" content=\"@kt_gov\" \/>\n<meta name=\"twitter:label1\" content=\"Written by\" \/>\n\t<meta name=\"twitter:data1\" content=\"ktmin\" \/>\n\t<meta name=\"twitter:label2\" content=\"Est. reading time\" \/>\n\t<meta name=\"twitter:data2\" content=\"2 minutes\" \/>\n<script type=\"application\/ld+json\" class=\"yoast-schema-graph\">{\"@context\":\"https:\\\/\\\/schema.org\",\"@graph\":[{\"@type\":\"Article\",\"@id\":\"https:\\\/\\\/kt.gov.rs\\\/sq\\\/eshte-hapur-konkurs-solidariteti-para-se-gjithash-afati-20-prill-2020\\\/#article\",\"isPartOf\":{\"@id\":\"https:\\\/\\\/kt.gov.rs\\\/sq\\\/eshte-hapur-konkurs-solidariteti-para-se-gjithash-afati-20-prill-2020\\\/\"},\"author\":{\"name\":\"ktmin\",\"@id\":\"https:\\\/\\\/kt.gov.rs\\\/#\\\/schema\\\/person\\\/e426459ddb4173309103390602694571\"},\"headline\":\"\u00cbSHT\u00cb HAPUR KONKURS \u201cSOLIDARITETI PARA S\u00cb GJITHASH\u201d (AFATI: 20 PRILL 2020)\",\"datePublished\":\"2020-04-14T00:00:00+00:00\",\"dateModified\":\"2024-07-30T18:05:44+00:00\",\"mainEntityOfPage\":{\"@id\":\"https:\\\/\\\/kt.gov.rs\\\/sq\\\/eshte-hapur-konkurs-solidariteti-para-se-gjithash-afati-20-prill-2020\\\/\"},\"wordCount\":324,\"publisher\":{\"@id\":\"https:\\\/\\\/kt.gov.rs\\\/#organization\"},\"image\":{\"@id\":\"https:\\\/\\\/kt.gov.rs\\\/sq\\\/eshte-hapur-konkurs-solidariteti-para-se-gjithash-afati-20-prill-2020\\\/#primaryimage\"},\"thumbnailUrl\":\"https:\\\/\\\/kt.gov.rs\\\/wp-content\\\/uploads\\\/2024\\\/07\\\/1586854736_140420_2-5.jpg\",\"articleSection\":[\"Lajme\"],\"inLanguage\":\"sq-AL\"},{\"@type\":\"WebPage\",\"@id\":\"https:\\\/\\\/kt.gov.rs\\\/sq\\\/eshte-hapur-konkurs-solidariteti-para-se-gjithash-afati-20-prill-2020\\\/\",\"url\":\"https:\\\/\\\/kt.gov.rs\\\/sq\\\/eshte-hapur-konkurs-solidariteti-para-se-gjithash-afati-20-prill-2020\\\/\",\"name\":\"\u00cbSHT\u00cb HAPUR KONKURS \u201cSOLIDARITETI PARA S\u00cb GJITHASH\u201d (AFATI: 20 PRILL 2020) - Republika e S\u00ebrbis\u00eb Trupi Koordinues p\u00ebr komunat Bujanoc, Preshev\u00eb dhe Medvegj\u00eb\",\"isPartOf\":{\"@id\":\"https:\\\/\\\/kt.gov.rs\\\/#website\"},\"primaryImageOfPage\":{\"@id\":\"https:\\\/\\\/kt.gov.rs\\\/sq\\\/eshte-hapur-konkurs-solidariteti-para-se-gjithash-afati-20-prill-2020\\\/#primaryimage\"},\"image\":{\"@id\":\"https:\\\/\\\/kt.gov.rs\\\/sq\\\/eshte-hapur-konkurs-solidariteti-para-se-gjithash-afati-20-prill-2020\\\/#primaryimage\"},\"thumbnailUrl\":\"https:\\\/\\\/kt.gov.rs\\\/wp-content\\\/uploads\\\/2024\\\/07\\\/1586854736_140420_2-5.jpg\",\"datePublished\":\"2020-04-14T00:00:00+00:00\",\"dateModified\":\"2024-07-30T18:05:44+00:00\",\"breadcrumb\":{\"@id\":\"https:\\\/\\\/kt.gov.rs\\\/sq\\\/eshte-hapur-konkurs-solidariteti-para-se-gjithash-afati-20-prill-2020\\\/#breadcrumb\"},\"inLanguage\":\"sq-AL\",\"potentialAction\":[{\"@type\":\"ReadAction\",\"target\":[\"https:\\\/\\\/kt.gov.rs\\\/sq\\\/eshte-hapur-konkurs-solidariteti-para-se-gjithash-afati-20-prill-2020\\\/\"]}]},{\"@type\":\"ImageObject\",\"inLanguage\":\"sq-AL\",\"@id\":\"https:\\\/\\\/kt.gov.rs\\\/sq\\\/eshte-hapur-konkurs-solidariteti-para-se-gjithash-afati-20-prill-2020\\\/#primaryimage\",\"url\":\"https:\\\/\\\/kt.gov.rs\\\/wp-content\\\/uploads\\\/2024\\\/07\\\/1586854736_140420_2-5.jpg\",\"contentUrl\":\"https:\\\/\\\/kt.gov.rs\\\/wp-content\\\/uploads\\\/2024\\\/07\\\/1586854736_140420_2-5.jpg\",\"width\":315,\"height\":230},{\"@type\":\"BreadcrumbList\",\"@id\":\"https:\\\/\\\/kt.gov.rs\\\/sq\\\/eshte-hapur-konkurs-solidariteti-para-se-gjithash-afati-20-prill-2020\\\/#breadcrumb\",\"itemListElement\":[{\"@type\":\"ListItem\",\"position\":1,\"name\":\"\u041f\u043e\u0447\u0435\u0442\u043d\u0430\",\"item\":\"https:\\\/\\\/kt.gov.rs\\\/sq\\\/\"},{\"@type\":\"ListItem\",\"position\":2,\"name\":\"\u00cbSHT\u00cb HAPUR KONKURS \u201cSOLIDARITETI PARA S\u00cb GJITHASH\u201d (AFATI: 20 PRILL 2020)\"}]},{\"@type\":\"WebSite\",\"@id\":\"https:\\\/\\\/kt.gov.rs\\\/#website\",\"url\":\"https:\\\/\\\/kt.gov.rs\\\/\",\"name\":\"\u041a\u043e\u043e\u0440\u0434\u0438\u043d\u0430\u0446\u0438\u043e\u043d\u043e \u0442\u0435\u043b\u043e \u0412\u043b\u0430\u0434\u0435 \u0420\u0435\u043f\u0443\u0431\u043b\u0438\u043a\u0435 \u0421\u0440\u0431\u0438\u0458\u0435 \u0437\u0430 \u043e\u043f\u0448\u0442\u0438\u043d\u0435 \u041f\u0440\u0435\u0448\u0435\u0432\u043e, \u0411\u0443\u0458\u0430\u043d\u043e\u0432\u0430\u0446 \u0438 \u041c\u0435\u0434\u0432\u0435\u0452a\",\"description\":\"\",\"publisher\":{\"@id\":\"https:\\\/\\\/kt.gov.rs\\\/#organization\"},\"alternateName\":\"\u041a\u043e\u043e\u0440\u0434\u0438\u043d\u0430\u0446\u0438\u043e\u043d\u043e \u0442\u0435\u043b\u043e\",\"potentialAction\":[{\"@type\":\"SearchAction\",\"target\":{\"@type\":\"EntryPoint\",\"urlTemplate\":\"https:\\\/\\\/kt.gov.rs\\\/?s={search_term_string}\"},\"query-input\":{\"@type\":\"PropertyValueSpecification\",\"valueRequired\":true,\"valueName\":\"search_term_string\"}}],\"inLanguage\":\"sq-AL\"},{\"@type\":\"Organization\",\"@id\":\"https:\\\/\\\/kt.gov.rs\\\/#organization\",\"name\":\"\u041a\u043e\u043e\u0440\u0434\u0438\u043d\u0430\u0446\u0438\u043e\u043d\u043e \u0442\u0435\u043b\u043e \u0412\u043b\u0430\u0434\u0435 \u0420\u0435\u043f\u0443\u0431\u043b\u0438\u043a\u0435 \u0421\u0440\u0431\u0438\u0458\u0435 \u0437\u0430 \u043e\u043f\u0448\u0442\u0438\u043d\u0435 \u041f\u0440\u0435\u0448\u0435\u0432\u043e, \u0411\u0443\u0458\u0430\u043d\u043e\u0432\u0430\u0446 \u0438 \u041c\u0435\u0434\u0432\u0435\u0452a\",\"alternateName\":\"\u041a\u043e\u043e\u0440\u0434\u0438\u043d\u0430\u0446\u0438\u043e\u043d\u043e \u0442\u0435\u043b\u043e\",\"url\":\"https:\\\/\\\/kt.gov.rs\\\/\",\"logo\":{\"@type\":\"ImageObject\",\"inLanguage\":\"sq-AL\",\"@id\":\"https:\\\/\\\/kt.gov.rs\\\/#\\\/schema\\\/logo\\\/image\\\/\",\"url\":\"https:\\\/\\\/kt.gov.rs\\\/wp-content\\\/uploads\\\/2024\\\/12\\\/koord2.jpg\",\"contentUrl\":\"https:\\\/\\\/kt.gov.rs\\\/wp-content\\\/uploads\\\/2024\\\/12\\\/koord2.jpg\",\"width\":640,\"height\":480,\"caption\":\"\u041a\u043e\u043e\u0440\u0434\u0438\u043d\u0430\u0446\u0438\u043e\u043d\u043e \u0442\u0435\u043b\u043e \u0412\u043b\u0430\u0434\u0435 \u0420\u0435\u043f\u0443\u0431\u043b\u0438\u043a\u0435 \u0421\u0440\u0431\u0438\u0458\u0435 \u0437\u0430 \u043e\u043f\u0448\u0442\u0438\u043d\u0435 \u041f\u0440\u0435\u0448\u0435\u0432\u043e, \u0411\u0443\u0458\u0430\u043d\u043e\u0432\u0430\u0446 \u0438 \u041c\u0435\u0434\u0432\u0435\u0452a\"},\"image\":{\"@id\":\"https:\\\/\\\/kt.gov.rs\\\/#\\\/schema\\\/logo\\\/image\\\/\"},\"sameAs\":[\"https:\\\/\\\/www.facebook.com\\\/SluzbaKoordinacionogTelaVladeRepublikeSrbije\",\"https:\\\/\\\/x.com\\\/kt_gov\",\"https:\\\/\\\/www.youtube.com\\\/@koordinacionotelo\"]},{\"@type\":\"Person\",\"@id\":\"https:\\\/\\\/kt.gov.rs\\\/#\\\/schema\\\/person\\\/e426459ddb4173309103390602694571\",\"name\":\"ktmin\",\"image\":{\"@type\":\"ImageObject\",\"inLanguage\":\"sq-AL\",\"@id\":\"https:\\\/\\\/secure.gravatar.com\\\/avatar\\\/3985c961109853010c3fbc7ba30365bfba5db3dd6c525831d9c595c7525a615a?s=96&d=mm&r=g\",\"url\":\"https:\\\/\\\/secure.gravatar.com\\\/avatar\\\/3985c961109853010c3fbc7ba30365bfba5db3dd6c525831d9c595c7525a615a?s=96&d=mm&r=g\",\"contentUrl\":\"https:\\\/\\\/secure.gravatar.com\\\/avatar\\\/3985c961109853010c3fbc7ba30365bfba5db3dd6c525831d9c595c7525a615a?s=96&d=mm&r=g\",\"caption\":\"ktmin\"},\"sameAs\":[\"https:\\\/\\\/kt.gov.rs\"],\"url\":\"https:\\\/\\\/kt.gov.rs\\\/sq\\\/author\\\/ktmin\\\/\"}]}<\/script>\n<!-- \/ Yoast SEO plugin. -->","yoast_head_json":{"title":"\u00cbSHT\u00cb HAPUR KONKURS \u201cSOLIDARITETI PARA S\u00cb GJITHASH\u201d (AFATI: 20 PRILL 2020) - Republika e S\u00ebrbis\u00eb Trupi Koordinues p\u00ebr komunat Bujanoc, Preshev\u00eb dhe Medvegj\u00eb","robots":{"index":"index","follow":"follow","max-snippet":"max-snippet:-1","max-image-preview":"max-image-preview:large","max-video-preview":"max-video-preview:-1"},"canonical":"https:\/\/kt.gov.rs\/sq\/eshte-hapur-konkurs-solidariteti-para-se-gjithash-afati-20-prill-2020\/","og_locale":"sq_AL","og_type":"article","og_title":"\u00cbSHT\u00cb HAPUR KONKURS \u201cSOLIDARITETI PARA S\u00cb GJITHASH\u201d (AFATI: 20 PRILL 2020) - Republika e S\u00ebrbis\u00eb Trupi Koordinues p\u00ebr komunat Bujanoc, Preshev\u00eb dhe Medvegj\u00eb","og_description":"Fondacioni Ana dhe Vlade Divac, me mb\u00ebshtetjen e Fondit t\u00eb Demokracis\u00eb Ballkanike dhe Ambasad\u00ebs s\u00eb Mbret\u00ebris\u00eb s\u00eb Norvegjis\u00eb n\u00eb Republik\u00ebn e Serbis\u00eb, do t\u00eb mb\u00ebshtesin, me nj\u00eb total prej 1,850,000 dinar\u00eb, shoqatat lokale t\u00eb qytetar\u00ebve, grupet informale t\u00eb aktivist\u00ebve dhe mediat n\u00eb zbatimin e projekteve q\u00eb do t\u00eb ndihmojn\u00eb komunitetet t\u00eb shprehin solidaritetin e tyre qytetar gjat\u00eb kriz\u00ebs n\u00eb Serbi t\u00eb shkaktuar nga koronavirusi.","og_url":"https:\/\/kt.gov.rs\/sq\/eshte-hapur-konkurs-solidariteti-para-se-gjithash-afati-20-prill-2020\/","og_site_name":"Republika e S\u00ebrbis\u00eb Trupi Koordinues p\u00ebr komunat Bujanoc, Preshev\u00eb dhe Medvegj\u00eb","article_publisher":"https:\/\/www.facebook.com\/SluzbaKoordinacionogTelaVladeRepublikeSrbije","article_published_time":"2020-04-14T00:00:00+00:00","article_modified_time":"2024-07-30T18:05:44+00:00","og_image":[{"width":315,"height":230,"url":"https:\/\/kt.gov.rs\/wp-content\/uploads\/2024\/07\/1586854736_140420_2-5.jpg","type":"image\/jpeg"}],"author":"ktmin","twitter_card":"summary_large_image","twitter_creator":"@kt_gov","twitter_site":"@kt_gov","twitter_misc":{"Written by":"ktmin","Est. reading time":"2 minutes"},"schema":{"@context":"https:\/\/schema.org","@graph":[{"@type":"Article","@id":"https:\/\/kt.gov.rs\/sq\/eshte-hapur-konkurs-solidariteti-para-se-gjithash-afati-20-prill-2020\/#article","isPartOf":{"@id":"https:\/\/kt.gov.rs\/sq\/eshte-hapur-konkurs-solidariteti-para-se-gjithash-afati-20-prill-2020\/"},"author":{"name":"ktmin","@id":"https:\/\/kt.gov.rs\/#\/schema\/person\/e426459ddb4173309103390602694571"},"headline":"\u00cbSHT\u00cb HAPUR KONKURS \u201cSOLIDARITETI PARA S\u00cb GJITHASH\u201d (AFATI: 20 PRILL 2020)","datePublished":"2020-04-14T00:00:00+00:00","dateModified":"2024-07-30T18:05:44+00:00","mainEntityOfPage":{"@id":"https:\/\/kt.gov.rs\/sq\/eshte-hapur-konkurs-solidariteti-para-se-gjithash-afati-20-prill-2020\/"},"wordCount":324,"publisher":{"@id":"https:\/\/kt.gov.rs\/#organization"},"image":{"@id":"https:\/\/kt.gov.rs\/sq\/eshte-hapur-konkurs-solidariteti-para-se-gjithash-afati-20-prill-2020\/#primaryimage"},"thumbnailUrl":"https:\/\/kt.gov.rs\/wp-content\/uploads\/2024\/07\/1586854736_140420_2-5.jpg","articleSection":["Lajme"],"inLanguage":"sq-AL"},{"@type":"WebPage","@id":"https:\/\/kt.gov.rs\/sq\/eshte-hapur-konkurs-solidariteti-para-se-gjithash-afati-20-prill-2020\/","url":"https:\/\/kt.gov.rs\/sq\/eshte-hapur-konkurs-solidariteti-para-se-gjithash-afati-20-prill-2020\/","name":"\u00cbSHT\u00cb HAPUR KONKURS \u201cSOLIDARITETI PARA S\u00cb GJITHASH\u201d (AFATI: 20 PRILL 2020) - Republika e S\u00ebrbis\u00eb Trupi Koordinues p\u00ebr komunat Bujanoc, Preshev\u00eb dhe Medvegj\u00eb","isPartOf":{"@id":"https:\/\/kt.gov.rs\/#website"},"primaryImageOfPage":{"@id":"https:\/\/kt.gov.rs\/sq\/eshte-hapur-konkurs-solidariteti-para-se-gjithash-afati-20-prill-2020\/#primaryimage"},"image":{"@id":"https:\/\/kt.gov.rs\/sq\/eshte-hapur-konkurs-solidariteti-para-se-gjithash-afati-20-prill-2020\/#primaryimage"},"thumbnailUrl":"https:\/\/kt.gov.rs\/wp-content\/uploads\/2024\/07\/1586854736_140420_2-5.jpg","datePublished":"2020-04-14T00:00:00+00:00","dateModified":"2024-07-30T18:05:44+00:00","breadcrumb":{"@id":"https:\/\/kt.gov.rs\/sq\/eshte-hapur-konkurs-solidariteti-para-se-gjithash-afati-20-prill-2020\/#breadcrumb"},"inLanguage":"sq-AL","potentialAction":[{"@type":"ReadAction","target":["https:\/\/kt.gov.rs\/sq\/eshte-hapur-konkurs-solidariteti-para-se-gjithash-afati-20-prill-2020\/"]}]},{"@type":"ImageObject","inLanguage":"sq-AL","@id":"https:\/\/kt.gov.rs\/sq\/eshte-hapur-konkurs-solidariteti-para-se-gjithash-afati-20-prill-2020\/#primaryimage","url":"https:\/\/kt.gov.rs\/wp-content\/uploads\/2024\/07\/1586854736_140420_2-5.jpg","contentUrl":"https:\/\/kt.gov.rs\/wp-content\/uploads\/2024\/07\/1586854736_140420_2-5.jpg","width":315,"height":230},{"@type":"BreadcrumbList","@id":"https:\/\/kt.gov.rs\/sq\/eshte-hapur-konkurs-solidariteti-para-se-gjithash-afati-20-prill-2020\/#breadcrumb","itemListElement":[{"@type":"ListItem","position":1,"name":"\u041f\u043e\u0447\u0435\u0442\u043d\u0430","item":"https:\/\/kt.gov.rs\/sq\/"},{"@type":"ListItem","position":2,"name":"\u00cbSHT\u00cb HAPUR KONKURS \u201cSOLIDARITETI PARA S\u00cb GJITHASH\u201d (AFATI: 20 PRILL 2020)"}]},{"@type":"WebSite","@id":"https:\/\/kt.gov.rs\/#website","url":"https:\/\/kt.gov.rs\/","name":"\u041a\u043e\u043e\u0440\u0434\u0438\u043d\u0430\u0446\u0438\u043e\u043d\u043e \u0442\u0435\u043b\u043e \u0412\u043b\u0430\u0434\u0435 \u0420\u0435\u043f\u0443\u0431\u043b\u0438\u043a\u0435 \u0421\u0440\u0431\u0438\u0458\u0435 \u0437\u0430 \u043e\u043f\u0448\u0442\u0438\u043d\u0435 \u041f\u0440\u0435\u0448\u0435\u0432\u043e, \u0411\u0443\u0458\u0430\u043d\u043e\u0432\u0430\u0446 \u0438 \u041c\u0435\u0434\u0432\u0435\u0452a","description":"","publisher":{"@id":"https:\/\/kt.gov.rs\/#organization"},"alternateName":"\u041a\u043e\u043e\u0440\u0434\u0438\u043d\u0430\u0446\u0438\u043e\u043d\u043e \u0442\u0435\u043b\u043e","potentialAction":[{"@type":"SearchAction","target":{"@type":"EntryPoint","urlTemplate":"https:\/\/kt.gov.rs\/?s={search_term_string}"},"query-input":{"@type":"PropertyValueSpecification","valueRequired":true,"valueName":"search_term_string"}}],"inLanguage":"sq-AL"},{"@type":"Organization","@id":"https:\/\/kt.gov.rs\/#organization","name":"\u041a\u043e\u043e\u0440\u0434\u0438\u043d\u0430\u0446\u0438\u043e\u043d\u043e \u0442\u0435\u043b\u043e \u0412\u043b\u0430\u0434\u0435 \u0420\u0435\u043f\u0443\u0431\u043b\u0438\u043a\u0435 \u0421\u0440\u0431\u0438\u0458\u0435 \u0437\u0430 \u043e\u043f\u0448\u0442\u0438\u043d\u0435 \u041f\u0440\u0435\u0448\u0435\u0432\u043e, \u0411\u0443\u0458\u0430\u043d\u043e\u0432\u0430\u0446 \u0438 \u041c\u0435\u0434\u0432\u0435\u0452a","alternateName":"\u041a\u043e\u043e\u0440\u0434\u0438\u043d\u0430\u0446\u0438\u043e\u043d\u043e \u0442\u0435\u043b\u043e","url":"https:\/\/kt.gov.rs\/","logo":{"@type":"ImageObject","inLanguage":"sq-AL","@id":"https:\/\/kt.gov.rs\/#\/schema\/logo\/image\/","url":"https:\/\/kt.gov.rs\/wp-content\/uploads\/2024\/12\/koord2.jpg","contentUrl":"https:\/\/kt.gov.rs\/wp-content\/uploads\/2024\/12\/koord2.jpg","width":640,"height":480,"caption":"\u041a\u043e\u043e\u0440\u0434\u0438\u043d\u0430\u0446\u0438\u043e\u043d\u043e \u0442\u0435\u043b\u043e \u0412\u043b\u0430\u0434\u0435 \u0420\u0435\u043f\u0443\u0431\u043b\u0438\u043a\u0435 \u0421\u0440\u0431\u0438\u0458\u0435 \u0437\u0430 \u043e\u043f\u0448\u0442\u0438\u043d\u0435 \u041f\u0440\u0435\u0448\u0435\u0432\u043e, \u0411\u0443\u0458\u0430\u043d\u043e\u0432\u0430\u0446 \u0438 \u041c\u0435\u0434\u0432\u0435\u0452a"},"image":{"@id":"https:\/\/kt.gov.rs\/#\/schema\/logo\/image\/"},"sameAs":["https:\/\/www.facebook.com\/SluzbaKoordinacionogTelaVladeRepublikeSrbije","https:\/\/x.com\/kt_gov","https:\/\/www.youtube.com\/@koordinacionotelo"]},{"@type":"Person","@id":"https:\/\/kt.gov.rs\/#\/schema\/person\/e426459ddb4173309103390602694571","name":"ktmin","image":{"@type":"ImageObject","inLanguage":"sq-AL","@id":"https:\/\/secure.gravatar.com\/avatar\/3985c961109853010c3fbc7ba30365bfba5db3dd6c525831d9c595c7525a615a?s=96&d=mm&r=g","url":"https:\/\/secure.gravatar.com\/avatar\/3985c961109853010c3fbc7ba30365bfba5db3dd6c525831d9c595c7525a615a?s=96&d=mm&r=g","contentUrl":"https:\/\/secure.gravatar.com\/avatar\/3985c961109853010c3fbc7ba30365bfba5db3dd6c525831d9c595c7525a615a?s=96&d=mm&r=g","caption":"ktmin"},"sameAs":["https:\/\/kt.gov.rs"],"url":"https:\/\/kt.gov.rs\/sq\/author\/ktmin\/"}]}},"_links":{"self":[{"href":"https:\/\/kt.gov.rs\/sq\/wp-json\/wp\/v2\/posts\/113162","targetHints":{"allow":["GET"]}}],"collection":[{"href":"https:\/\/kt.gov.rs\/sq\/wp-json\/wp\/v2\/posts"}],"about":[{"href":"https:\/\/kt.gov.rs\/sq\/wp-json\/wp\/v2\/types\/post"}],"author":[{"embeddable":true,"href":"https:\/\/kt.gov.rs\/sq\/wp-json\/wp\/v2\/users\/1"}],"replies":[{"embeddable":true,"href":"https:\/\/kt.gov.rs\/sq\/wp-json\/wp\/v2\/comments?post=113162"}],"version-history":[{"count":1,"href":"https:\/\/kt.gov.rs\/sq\/wp-json\/wp\/v2\/posts\/113162\/revisions"}],"predecessor-version":[{"id":113166,"href":"https:\/\/kt.gov.rs\/sq\/wp-json\/wp\/v2\/posts\/113162\/revisions\/113166"}],"wp:featuredmedia":[{"embeddable":true,"href":"https:\/\/kt.gov.rs\/sq\/wp-json\/wp\/v2\/media\/113167"}],"wp:attachment":[{"href":"https:\/\/kt.gov.rs\/sq\/wp-json\/wp\/v2\/media?parent=113162"}],"wp:term":[{"taxonomy":"category","embeddable":true,"href":"https:\/\/kt.gov.rs\/sq\/wp-json\/wp\/v2\/categories?post=113162"},{"taxonomy":"post_tag","embeddable":true,"href":"https:\/\/kt.gov.rs\/sq\/wp-json\/wp\/v2\/tags?post=113162"}],"curies":[{"name":"wp","href":"https:\/\/api.w.org\/{rel}","templated":true}]}}