{"id":113154,"date":"2020-04-16T00:00:00","date_gmt":"2020-04-16T00:00:00","guid":{"rendered":"http:\/\/kt.printandscreen.rs\/organizata-per-zhvillim-dhe-demokraci-ndihmon-kompanite-private-te-marrin-fonde-shteterore\/"},"modified":"2024-07-30T18:05:44","modified_gmt":"2024-07-30T18:05:44","slug":"organizata-per-zhvillim-dhe-demokraci-ndihmon-kompanite-private-te-marrin-fonde-shteterore","status":"publish","type":"post","link":"https:\/\/kt.gov.rs\/sq\/organizata-per-zhvillim-dhe-demokraci-ndihmon-kompanite-private-te-marrin-fonde-shteterore\/","title":{"rendered":"ORGANIZATA P\u00cbR ZHVILLIM DHE DEMOKRACI NDIHMON KOMPANIT\u00cb PRIVATE T\u00cb MARRIN FONDE SHTET\u00cbRORE"},"content":{"rendered":"<p>\n\t<strong><img decoding=\"async\" alt=\"\" src=\"https:\/\/kt.gov.rs\/wp-content\/uploads\/2024\/07\/1587031217_160420_4-4.jpg\" style=\"width: 315px; height: 230px; float: left;\" \/><\/strong><\/p>\n<p>\n\t<strong>Preshev\u00eb, Bujanoc- <\/strong>Organizata p\u00ebr Zhvillim dhe Demokraci n\u00eb Bujanoc, ka filluar Programin e p\u00ebrkrahjes\u00a0 p\u00ebr nd\u00ebrmarrjet mikro, e vogla dhe t\u00eb mesme n\u00eb komunat e Bujanocit dhe Preshev\u00ebs p\u00ebr t\u00eb aplikuar p\u00ebr paketat e ndihm\u00ebs shtet\u00ebrore.<\/p>\n<p>\n\tOrganizata ka formuar nj\u00eb ekip profesional vullnetar\u00ebsh, t\u00eb cil\u00ebt do t\u00eb ofrojn\u00eb k\u00ebshilla dhe ndihm\u00eb falas n\u00eb lidhje me leht\u00ebsimet tatimore dhe ndihmat financiare p\u00ebr nd\u00ebrmarr\u00ebsit.<\/p>\n<p>\n\tNdihma mund t\u00eb k\u00ebrkohet n\u00eb dy m\u00ebnyra:<\/p>\n<p>\n\tp\u00ebrmes telefonit n\u00eb numrin\u00a00631785420 dit\u00ebve t\u00eb pun\u00ebs nga\u00a0ora 11:00\u00a0deri n\u00eb\u00a0ora 14:00,<\/p>\n<p>\n\tsi dhe p\u00ebrmes email adres\u00ebs:\u00a0biznispomoccovid19@gmail.com<\/p>\n<p>\n\tAjo q\u00eb nevoitet \u00ebsht\u00eb q\u00eb t\u00eb interesuarit para se t\u00eb kontaktojn\u00eb ekipin p\u00ebr ndihm\u00eb, duhet t\u00eb p\u00ebrgatisin numrin personal t\u00eb biznesit.\u00a0<\/p>\n<p>\n\tN\u00eb k\u00ebt\u00eb m\u00ebnyr\u00eb ORD Bujanoc synon t\u2019i ndihmoj\u00eb nd\u00ebrmarr\u00ebsit, t\u00eb zvogloj\u00eb pasojat ekonomike t\u00eb shkaktuara nga pandemia dhe gjendja e jasht\u00ebzakonshme <em>n\u00eb jugun e Serbis\u00eb.<\/em><\/p>\n<p>\n\t<strong>Burimi: Bujanova\u00e7ke dhe Trupi Koordinues<\/strong><\/p>\n<p>\n\t\u00a0<\/p>\n","protected":false},"excerpt":{"rendered":"<p>Preshev\u00eb, Bujanoc-\u00a0Organizata p\u00ebr Zhvillim dhe Demokraci n\u00eb Bujanoc, ka filluar Programin e p\u00ebrkrahjes\u00a0 p\u00ebr nd\u00ebrmarrjet mikro, e vogla dhe t\u00eb mesme n\u00eb komunat e Bujanocit dhe Preshev\u00ebs p\u00ebr t\u00eb aplikuar p\u00ebr paketat e ndihm\u00ebs shtet\u00ebrore.<\/p>\n","protected":false},"author":1,"featured_media":113159,"comment_status":"closed","ping_status":"closed","sticky":false,"template":"","format":"standard","meta":{"footnotes":""},"categories":[55],"tags":[],"class_list":["post-113154","post","type-post","status-publish","format-standard","has-post-thumbnail","hentry","category-lajme"],"yoast_head":"<!-- This site is optimized with the Yoast SEO plugin v27.5 - https:\/\/yoast.com\/product\/yoast-seo-wordpress\/ -->\n<title>ORGANIZATA P\u00cbR ZHVILLIM DHE DEMOKRACI NDIHMON KOMPANIT\u00cb PRIVATE T\u00cb MARRIN FONDE SHTET\u00cbRORE - Republika e S\u00ebrbis\u00eb Trupi Koordinues p\u00ebr komunat Bujanoc, Preshev\u00eb dhe Medvegj\u00eb<\/title>\n<meta name=\"robots\" content=\"index, follow, max-snippet:-1, max-image-preview:large, max-video-preview:-1\" \/>\n<link rel=\"canonical\" href=\"https:\/\/kt.gov.rs\/sq\/organizata-per-zhvillim-dhe-demokraci-ndihmon-kompanite-private-te-marrin-fonde-shteterore\/\" \/>\n<meta property=\"og:locale\" content=\"sq_AL\" \/>\n<meta property=\"og:type\" content=\"article\" \/>\n<meta property=\"og:title\" content=\"ORGANIZATA P\u00cbR ZHVILLIM DHE DEMOKRACI NDIHMON KOMPANIT\u00cb PRIVATE T\u00cb MARRIN FONDE SHTET\u00cbRORE - Republika e S\u00ebrbis\u00eb Trupi Koordinues p\u00ebr komunat Bujanoc, Preshev\u00eb dhe Medvegj\u00eb\" \/>\n<meta property=\"og:description\" content=\"Preshev\u00eb, Bujanoc-\u00a0Organizata p\u00ebr Zhvillim dhe Demokraci n\u00eb Bujanoc, ka filluar Programin e p\u00ebrkrahjes\u00a0 p\u00ebr nd\u00ebrmarrjet mikro, e vogla dhe t\u00eb mesme n\u00eb komunat e Bujanocit dhe Preshev\u00ebs p\u00ebr t\u00eb aplikuar p\u00ebr paketat e ndihm\u00ebs shtet\u00ebrore.\" \/>\n<meta property=\"og:url\" content=\"https:\/\/kt.gov.rs\/sq\/organizata-per-zhvillim-dhe-demokraci-ndihmon-kompanite-private-te-marrin-fonde-shteterore\/\" \/>\n<meta property=\"og:site_name\" content=\"Republika e S\u00ebrbis\u00eb Trupi Koordinues p\u00ebr komunat Bujanoc, Preshev\u00eb dhe Medvegj\u00eb\" \/>\n<meta property=\"article:publisher\" content=\"https:\/\/www.facebook.com\/SluzbaKoordinacionogTelaVladeRepublikeSrbije\" \/>\n<meta property=\"article:published_time\" content=\"2020-04-16T00:00:00+00:00\" \/>\n<meta property=\"article:modified_time\" content=\"2024-07-30T18:05:44+00:00\" \/>\n<meta property=\"og:image\" content=\"https:\/\/kt.gov.rs\/wp-content\/uploads\/2024\/07\/1587031217_160420_4-5.jpg\" \/>\n\t<meta property=\"og:image:width\" content=\"315\" \/>\n\t<meta property=\"og:image:height\" content=\"230\" \/>\n\t<meta property=\"og:image:type\" content=\"image\/jpeg\" \/>\n<meta name=\"author\" content=\"ktmin\" \/>\n<meta name=\"twitter:card\" content=\"summary_large_image\" \/>\n<meta name=\"twitter:creator\" content=\"@kt_gov\" \/>\n<meta name=\"twitter:site\" content=\"@kt_gov\" \/>\n<meta name=\"twitter:label1\" content=\"Written by\" \/>\n\t<meta name=\"twitter:data1\" content=\"ktmin\" \/>\n\t<meta name=\"twitter:label2\" content=\"Est. reading time\" \/>\n\t<meta name=\"twitter:data2\" content=\"1 minute\" \/>\n<script type=\"application\/ld+json\" class=\"yoast-schema-graph\">{\"@context\":\"https:\\\/\\\/schema.org\",\"@graph\":[{\"@type\":\"Article\",\"@id\":\"https:\\\/\\\/kt.gov.rs\\\/sq\\\/organizata-per-zhvillim-dhe-demokraci-ndihmon-kompanite-private-te-marrin-fonde-shteterore\\\/#article\",\"isPartOf\":{\"@id\":\"https:\\\/\\\/kt.gov.rs\\\/sq\\\/organizata-per-zhvillim-dhe-demokraci-ndihmon-kompanite-private-te-marrin-fonde-shteterore\\\/\"},\"author\":{\"name\":\"ktmin\",\"@id\":\"https:\\\/\\\/kt.gov.rs\\\/#\\\/schema\\\/person\\\/e426459ddb4173309103390602694571\"},\"headline\":\"ORGANIZATA P\u00cbR ZHVILLIM DHE DEMOKRACI NDIHMON KOMPANIT\u00cb PRIVATE T\u00cb MARRIN FONDE SHTET\u00cbRORE\",\"datePublished\":\"2020-04-16T00:00:00+00:00\",\"dateModified\":\"2024-07-30T18:05:44+00:00\",\"mainEntityOfPage\":{\"@id\":\"https:\\\/\\\/kt.gov.rs\\\/sq\\\/organizata-per-zhvillim-dhe-demokraci-ndihmon-kompanite-private-te-marrin-fonde-shteterore\\\/\"},\"wordCount\":261,\"publisher\":{\"@id\":\"https:\\\/\\\/kt.gov.rs\\\/#organization\"},\"image\":{\"@id\":\"https:\\\/\\\/kt.gov.rs\\\/sq\\\/organizata-per-zhvillim-dhe-demokraci-ndihmon-kompanite-private-te-marrin-fonde-shteterore\\\/#primaryimage\"},\"thumbnailUrl\":\"https:\\\/\\\/kt.gov.rs\\\/wp-content\\\/uploads\\\/2024\\\/07\\\/1587031217_160420_4-5.jpg\",\"articleSection\":[\"Lajme\"],\"inLanguage\":\"sq-AL\"},{\"@type\":\"WebPage\",\"@id\":\"https:\\\/\\\/kt.gov.rs\\\/sq\\\/organizata-per-zhvillim-dhe-demokraci-ndihmon-kompanite-private-te-marrin-fonde-shteterore\\\/\",\"url\":\"https:\\\/\\\/kt.gov.rs\\\/sq\\\/organizata-per-zhvillim-dhe-demokraci-ndihmon-kompanite-private-te-marrin-fonde-shteterore\\\/\",\"name\":\"ORGANIZATA P\u00cbR ZHVILLIM DHE DEMOKRACI NDIHMON KOMPANIT\u00cb PRIVATE T\u00cb MARRIN FONDE SHTET\u00cbRORE - Republika e S\u00ebrbis\u00eb Trupi Koordinues p\u00ebr komunat Bujanoc, Preshev\u00eb dhe Medvegj\u00eb\",\"isPartOf\":{\"@id\":\"https:\\\/\\\/kt.gov.rs\\\/#website\"},\"primaryImageOfPage\":{\"@id\":\"https:\\\/\\\/kt.gov.rs\\\/sq\\\/organizata-per-zhvillim-dhe-demokraci-ndihmon-kompanite-private-te-marrin-fonde-shteterore\\\/#primaryimage\"},\"image\":{\"@id\":\"https:\\\/\\\/kt.gov.rs\\\/sq\\\/organizata-per-zhvillim-dhe-demokraci-ndihmon-kompanite-private-te-marrin-fonde-shteterore\\\/#primaryimage\"},\"thumbnailUrl\":\"https:\\\/\\\/kt.gov.rs\\\/wp-content\\\/uploads\\\/2024\\\/07\\\/1587031217_160420_4-5.jpg\",\"datePublished\":\"2020-04-16T00:00:00+00:00\",\"dateModified\":\"2024-07-30T18:05:44+00:00\",\"breadcrumb\":{\"@id\":\"https:\\\/\\\/kt.gov.rs\\\/sq\\\/organizata-per-zhvillim-dhe-demokraci-ndihmon-kompanite-private-te-marrin-fonde-shteterore\\\/#breadcrumb\"},\"inLanguage\":\"sq-AL\",\"potentialAction\":[{\"@type\":\"ReadAction\",\"target\":[\"https:\\\/\\\/kt.gov.rs\\\/sq\\\/organizata-per-zhvillim-dhe-demokraci-ndihmon-kompanite-private-te-marrin-fonde-shteterore\\\/\"]}]},{\"@type\":\"ImageObject\",\"inLanguage\":\"sq-AL\",\"@id\":\"https:\\\/\\\/kt.gov.rs\\\/sq\\\/organizata-per-zhvillim-dhe-demokraci-ndihmon-kompanite-private-te-marrin-fonde-shteterore\\\/#primaryimage\",\"url\":\"https:\\\/\\\/kt.gov.rs\\\/wp-content\\\/uploads\\\/2024\\\/07\\\/1587031217_160420_4-5.jpg\",\"contentUrl\":\"https:\\\/\\\/kt.gov.rs\\\/wp-content\\\/uploads\\\/2024\\\/07\\\/1587031217_160420_4-5.jpg\",\"width\":315,\"height\":230},{\"@type\":\"BreadcrumbList\",\"@id\":\"https:\\\/\\\/kt.gov.rs\\\/sq\\\/organizata-per-zhvillim-dhe-demokraci-ndihmon-kompanite-private-te-marrin-fonde-shteterore\\\/#breadcrumb\",\"itemListElement\":[{\"@type\":\"ListItem\",\"position\":1,\"name\":\"\u041f\u043e\u0447\u0435\u0442\u043d\u0430\",\"item\":\"https:\\\/\\\/kt.gov.rs\\\/sq\\\/\"},{\"@type\":\"ListItem\",\"position\":2,\"name\":\"ORGANIZATA P\u00cbR ZHVILLIM DHE DEMOKRACI NDIHMON KOMPANIT\u00cb PRIVATE T\u00cb MARRIN FONDE SHTET\u00cbRORE\"}]},{\"@type\":\"WebSite\",\"@id\":\"https:\\\/\\\/kt.gov.rs\\\/#website\",\"url\":\"https:\\\/\\\/kt.gov.rs\\\/\",\"name\":\"\u041a\u043e\u043e\u0440\u0434\u0438\u043d\u0430\u0446\u0438\u043e\u043d\u043e \u0442\u0435\u043b\u043e \u0412\u043b\u0430\u0434\u0435 \u0420\u0435\u043f\u0443\u0431\u043b\u0438\u043a\u0435 \u0421\u0440\u0431\u0438\u0458\u0435 \u0437\u0430 \u043e\u043f\u0448\u0442\u0438\u043d\u0435 \u041f\u0440\u0435\u0448\u0435\u0432\u043e, \u0411\u0443\u0458\u0430\u043d\u043e\u0432\u0430\u0446 \u0438 \u041c\u0435\u0434\u0432\u0435\u0452a\",\"description\":\"\",\"publisher\":{\"@id\":\"https:\\\/\\\/kt.gov.rs\\\/#organization\"},\"alternateName\":\"\u041a\u043e\u043e\u0440\u0434\u0438\u043d\u0430\u0446\u0438\u043e\u043d\u043e \u0442\u0435\u043b\u043e\",\"potentialAction\":[{\"@type\":\"SearchAction\",\"target\":{\"@type\":\"EntryPoint\",\"urlTemplate\":\"https:\\\/\\\/kt.gov.rs\\\/?s={search_term_string}\"},\"query-input\":{\"@type\":\"PropertyValueSpecification\",\"valueRequired\":true,\"valueName\":\"search_term_string\"}}],\"inLanguage\":\"sq-AL\"},{\"@type\":\"Organization\",\"@id\":\"https:\\\/\\\/kt.gov.rs\\\/#organization\",\"name\":\"\u041a\u043e\u043e\u0440\u0434\u0438\u043d\u0430\u0446\u0438\u043e\u043d\u043e \u0442\u0435\u043b\u043e \u0412\u043b\u0430\u0434\u0435 \u0420\u0435\u043f\u0443\u0431\u043b\u0438\u043a\u0435 \u0421\u0440\u0431\u0438\u0458\u0435 \u0437\u0430 \u043e\u043f\u0448\u0442\u0438\u043d\u0435 \u041f\u0440\u0435\u0448\u0435\u0432\u043e, \u0411\u0443\u0458\u0430\u043d\u043e\u0432\u0430\u0446 \u0438 \u041c\u0435\u0434\u0432\u0435\u0452a\",\"alternateName\":\"\u041a\u043e\u043e\u0440\u0434\u0438\u043d\u0430\u0446\u0438\u043e\u043d\u043e \u0442\u0435\u043b\u043e\",\"url\":\"https:\\\/\\\/kt.gov.rs\\\/\",\"logo\":{\"@type\":\"ImageObject\",\"inLanguage\":\"sq-AL\",\"@id\":\"https:\\\/\\\/kt.gov.rs\\\/#\\\/schema\\\/logo\\\/image\\\/\",\"url\":\"https:\\\/\\\/kt.gov.rs\\\/wp-content\\\/uploads\\\/2024\\\/12\\\/koord2.jpg\",\"contentUrl\":\"https:\\\/\\\/kt.gov.rs\\\/wp-content\\\/uploads\\\/2024\\\/12\\\/koord2.jpg\",\"width\":640,\"height\":480,\"caption\":\"\u041a\u043e\u043e\u0440\u0434\u0438\u043d\u0430\u0446\u0438\u043e\u043d\u043e \u0442\u0435\u043b\u043e \u0412\u043b\u0430\u0434\u0435 \u0420\u0435\u043f\u0443\u0431\u043b\u0438\u043a\u0435 \u0421\u0440\u0431\u0438\u0458\u0435 \u0437\u0430 \u043e\u043f\u0448\u0442\u0438\u043d\u0435 \u041f\u0440\u0435\u0448\u0435\u0432\u043e, \u0411\u0443\u0458\u0430\u043d\u043e\u0432\u0430\u0446 \u0438 \u041c\u0435\u0434\u0432\u0435\u0452a\"},\"image\":{\"@id\":\"https:\\\/\\\/kt.gov.rs\\\/#\\\/schema\\\/logo\\\/image\\\/\"},\"sameAs\":[\"https:\\\/\\\/www.facebook.com\\\/SluzbaKoordinacionogTelaVladeRepublikeSrbije\",\"https:\\\/\\\/x.com\\\/kt_gov\",\"https:\\\/\\\/www.youtube.com\\\/@koordinacionotelo\"]},{\"@type\":\"Person\",\"@id\":\"https:\\\/\\\/kt.gov.rs\\\/#\\\/schema\\\/person\\\/e426459ddb4173309103390602694571\",\"name\":\"ktmin\",\"image\":{\"@type\":\"ImageObject\",\"inLanguage\":\"sq-AL\",\"@id\":\"https:\\\/\\\/secure.gravatar.com\\\/avatar\\\/3985c961109853010c3fbc7ba30365bfba5db3dd6c525831d9c595c7525a615a?s=96&d=mm&r=g\",\"url\":\"https:\\\/\\\/secure.gravatar.com\\\/avatar\\\/3985c961109853010c3fbc7ba30365bfba5db3dd6c525831d9c595c7525a615a?s=96&d=mm&r=g\",\"contentUrl\":\"https:\\\/\\\/secure.gravatar.com\\\/avatar\\\/3985c961109853010c3fbc7ba30365bfba5db3dd6c525831d9c595c7525a615a?s=96&d=mm&r=g\",\"caption\":\"ktmin\"},\"sameAs\":[\"https:\\\/\\\/kt.gov.rs\"],\"url\":\"https:\\\/\\\/kt.gov.rs\\\/sq\\\/author\\\/ktmin\\\/\"}]}<\/script>\n<!-- \/ Yoast SEO plugin. -->","yoast_head_json":{"title":"ORGANIZATA P\u00cbR ZHVILLIM DHE DEMOKRACI NDIHMON KOMPANIT\u00cb PRIVATE T\u00cb MARRIN FONDE SHTET\u00cbRORE - Republika e S\u00ebrbis\u00eb Trupi Koordinues p\u00ebr komunat Bujanoc, Preshev\u00eb dhe Medvegj\u00eb","robots":{"index":"index","follow":"follow","max-snippet":"max-snippet:-1","max-image-preview":"max-image-preview:large","max-video-preview":"max-video-preview:-1"},"canonical":"https:\/\/kt.gov.rs\/sq\/organizata-per-zhvillim-dhe-demokraci-ndihmon-kompanite-private-te-marrin-fonde-shteterore\/","og_locale":"sq_AL","og_type":"article","og_title":"ORGANIZATA P\u00cbR ZHVILLIM DHE DEMOKRACI NDIHMON KOMPANIT\u00cb PRIVATE T\u00cb MARRIN FONDE SHTET\u00cbRORE - Republika e S\u00ebrbis\u00eb Trupi Koordinues p\u00ebr komunat Bujanoc, Preshev\u00eb dhe Medvegj\u00eb","og_description":"Preshev\u00eb, Bujanoc-\u00a0Organizata p\u00ebr Zhvillim dhe Demokraci n\u00eb Bujanoc, ka filluar Programin e p\u00ebrkrahjes\u00a0 p\u00ebr nd\u00ebrmarrjet mikro, e vogla dhe t\u00eb mesme n\u00eb komunat e Bujanocit dhe Preshev\u00ebs p\u00ebr t\u00eb aplikuar p\u00ebr paketat e ndihm\u00ebs shtet\u00ebrore.","og_url":"https:\/\/kt.gov.rs\/sq\/organizata-per-zhvillim-dhe-demokraci-ndihmon-kompanite-private-te-marrin-fonde-shteterore\/","og_site_name":"Republika e S\u00ebrbis\u00eb Trupi Koordinues p\u00ebr komunat Bujanoc, Preshev\u00eb dhe Medvegj\u00eb","article_publisher":"https:\/\/www.facebook.com\/SluzbaKoordinacionogTelaVladeRepublikeSrbije","article_published_time":"2020-04-16T00:00:00+00:00","article_modified_time":"2024-07-30T18:05:44+00:00","og_image":[{"width":315,"height":230,"url":"https:\/\/kt.gov.rs\/wp-content\/uploads\/2024\/07\/1587031217_160420_4-5.jpg","type":"image\/jpeg"}],"author":"ktmin","twitter_card":"summary_large_image","twitter_creator":"@kt_gov","twitter_site":"@kt_gov","twitter_misc":{"Written by":"ktmin","Est. reading time":"1 minute"},"schema":{"@context":"https:\/\/schema.org","@graph":[{"@type":"Article","@id":"https:\/\/kt.gov.rs\/sq\/organizata-per-zhvillim-dhe-demokraci-ndihmon-kompanite-private-te-marrin-fonde-shteterore\/#article","isPartOf":{"@id":"https:\/\/kt.gov.rs\/sq\/organizata-per-zhvillim-dhe-demokraci-ndihmon-kompanite-private-te-marrin-fonde-shteterore\/"},"author":{"name":"ktmin","@id":"https:\/\/kt.gov.rs\/#\/schema\/person\/e426459ddb4173309103390602694571"},"headline":"ORGANIZATA P\u00cbR ZHVILLIM DHE DEMOKRACI NDIHMON KOMPANIT\u00cb PRIVATE T\u00cb MARRIN FONDE SHTET\u00cbRORE","datePublished":"2020-04-16T00:00:00+00:00","dateModified":"2024-07-30T18:05:44+00:00","mainEntityOfPage":{"@id":"https:\/\/kt.gov.rs\/sq\/organizata-per-zhvillim-dhe-demokraci-ndihmon-kompanite-private-te-marrin-fonde-shteterore\/"},"wordCount":261,"publisher":{"@id":"https:\/\/kt.gov.rs\/#organization"},"image":{"@id":"https:\/\/kt.gov.rs\/sq\/organizata-per-zhvillim-dhe-demokraci-ndihmon-kompanite-private-te-marrin-fonde-shteterore\/#primaryimage"},"thumbnailUrl":"https:\/\/kt.gov.rs\/wp-content\/uploads\/2024\/07\/1587031217_160420_4-5.jpg","articleSection":["Lajme"],"inLanguage":"sq-AL"},{"@type":"WebPage","@id":"https:\/\/kt.gov.rs\/sq\/organizata-per-zhvillim-dhe-demokraci-ndihmon-kompanite-private-te-marrin-fonde-shteterore\/","url":"https:\/\/kt.gov.rs\/sq\/organizata-per-zhvillim-dhe-demokraci-ndihmon-kompanite-private-te-marrin-fonde-shteterore\/","name":"ORGANIZATA P\u00cbR ZHVILLIM DHE DEMOKRACI NDIHMON KOMPANIT\u00cb PRIVATE T\u00cb MARRIN FONDE SHTET\u00cbRORE - Republika e S\u00ebrbis\u00eb Trupi Koordinues p\u00ebr komunat Bujanoc, Preshev\u00eb dhe Medvegj\u00eb","isPartOf":{"@id":"https:\/\/kt.gov.rs\/#website"},"primaryImageOfPage":{"@id":"https:\/\/kt.gov.rs\/sq\/organizata-per-zhvillim-dhe-demokraci-ndihmon-kompanite-private-te-marrin-fonde-shteterore\/#primaryimage"},"image":{"@id":"https:\/\/kt.gov.rs\/sq\/organizata-per-zhvillim-dhe-demokraci-ndihmon-kompanite-private-te-marrin-fonde-shteterore\/#primaryimage"},"thumbnailUrl":"https:\/\/kt.gov.rs\/wp-content\/uploads\/2024\/07\/1587031217_160420_4-5.jpg","datePublished":"2020-04-16T00:00:00+00:00","dateModified":"2024-07-30T18:05:44+00:00","breadcrumb":{"@id":"https:\/\/kt.gov.rs\/sq\/organizata-per-zhvillim-dhe-demokraci-ndihmon-kompanite-private-te-marrin-fonde-shteterore\/#breadcrumb"},"inLanguage":"sq-AL","potentialAction":[{"@type":"ReadAction","target":["https:\/\/kt.gov.rs\/sq\/organizata-per-zhvillim-dhe-demokraci-ndihmon-kompanite-private-te-marrin-fonde-shteterore\/"]}]},{"@type":"ImageObject","inLanguage":"sq-AL","@id":"https:\/\/kt.gov.rs\/sq\/organizata-per-zhvillim-dhe-demokraci-ndihmon-kompanite-private-te-marrin-fonde-shteterore\/#primaryimage","url":"https:\/\/kt.gov.rs\/wp-content\/uploads\/2024\/07\/1587031217_160420_4-5.jpg","contentUrl":"https:\/\/kt.gov.rs\/wp-content\/uploads\/2024\/07\/1587031217_160420_4-5.jpg","width":315,"height":230},{"@type":"BreadcrumbList","@id":"https:\/\/kt.gov.rs\/sq\/organizata-per-zhvillim-dhe-demokraci-ndihmon-kompanite-private-te-marrin-fonde-shteterore\/#breadcrumb","itemListElement":[{"@type":"ListItem","position":1,"name":"\u041f\u043e\u0447\u0435\u0442\u043d\u0430","item":"https:\/\/kt.gov.rs\/sq\/"},{"@type":"ListItem","position":2,"name":"ORGANIZATA P\u00cbR ZHVILLIM DHE DEMOKRACI NDIHMON KOMPANIT\u00cb PRIVATE T\u00cb MARRIN FONDE SHTET\u00cbRORE"}]},{"@type":"WebSite","@id":"https:\/\/kt.gov.rs\/#website","url":"https:\/\/kt.gov.rs\/","name":"\u041a\u043e\u043e\u0440\u0434\u0438\u043d\u0430\u0446\u0438\u043e\u043d\u043e \u0442\u0435\u043b\u043e \u0412\u043b\u0430\u0434\u0435 \u0420\u0435\u043f\u0443\u0431\u043b\u0438\u043a\u0435 \u0421\u0440\u0431\u0438\u0458\u0435 \u0437\u0430 \u043e\u043f\u0448\u0442\u0438\u043d\u0435 \u041f\u0440\u0435\u0448\u0435\u0432\u043e, \u0411\u0443\u0458\u0430\u043d\u043e\u0432\u0430\u0446 \u0438 \u041c\u0435\u0434\u0432\u0435\u0452a","description":"","publisher":{"@id":"https:\/\/kt.gov.rs\/#organization"},"alternateName":"\u041a\u043e\u043e\u0440\u0434\u0438\u043d\u0430\u0446\u0438\u043e\u043d\u043e \u0442\u0435\u043b\u043e","potentialAction":[{"@type":"SearchAction","target":{"@type":"EntryPoint","urlTemplate":"https:\/\/kt.gov.rs\/?s={search_term_string}"},"query-input":{"@type":"PropertyValueSpecification","valueRequired":true,"valueName":"search_term_string"}}],"inLanguage":"sq-AL"},{"@type":"Organization","@id":"https:\/\/kt.gov.rs\/#organization","name":"\u041a\u043e\u043e\u0440\u0434\u0438\u043d\u0430\u0446\u0438\u043e\u043d\u043e \u0442\u0435\u043b\u043e \u0412\u043b\u0430\u0434\u0435 \u0420\u0435\u043f\u0443\u0431\u043b\u0438\u043a\u0435 \u0421\u0440\u0431\u0438\u0458\u0435 \u0437\u0430 \u043e\u043f\u0448\u0442\u0438\u043d\u0435 \u041f\u0440\u0435\u0448\u0435\u0432\u043e, \u0411\u0443\u0458\u0430\u043d\u043e\u0432\u0430\u0446 \u0438 \u041c\u0435\u0434\u0432\u0435\u0452a","alternateName":"\u041a\u043e\u043e\u0440\u0434\u0438\u043d\u0430\u0446\u0438\u043e\u043d\u043e \u0442\u0435\u043b\u043e","url":"https:\/\/kt.gov.rs\/","logo":{"@type":"ImageObject","inLanguage":"sq-AL","@id":"https:\/\/kt.gov.rs\/#\/schema\/logo\/image\/","url":"https:\/\/kt.gov.rs\/wp-content\/uploads\/2024\/12\/koord2.jpg","contentUrl":"https:\/\/kt.gov.rs\/wp-content\/uploads\/2024\/12\/koord2.jpg","width":640,"height":480,"caption":"\u041a\u043e\u043e\u0440\u0434\u0438\u043d\u0430\u0446\u0438\u043e\u043d\u043e \u0442\u0435\u043b\u043e \u0412\u043b\u0430\u0434\u0435 \u0420\u0435\u043f\u0443\u0431\u043b\u0438\u043a\u0435 \u0421\u0440\u0431\u0438\u0458\u0435 \u0437\u0430 \u043e\u043f\u0448\u0442\u0438\u043d\u0435 \u041f\u0440\u0435\u0448\u0435\u0432\u043e, \u0411\u0443\u0458\u0430\u043d\u043e\u0432\u0430\u0446 \u0438 \u041c\u0435\u0434\u0432\u0435\u0452a"},"image":{"@id":"https:\/\/kt.gov.rs\/#\/schema\/logo\/image\/"},"sameAs":["https:\/\/www.facebook.com\/SluzbaKoordinacionogTelaVladeRepublikeSrbije","https:\/\/x.com\/kt_gov","https:\/\/www.youtube.com\/@koordinacionotelo"]},{"@type":"Person","@id":"https:\/\/kt.gov.rs\/#\/schema\/person\/e426459ddb4173309103390602694571","name":"ktmin","image":{"@type":"ImageObject","inLanguage":"sq-AL","@id":"https:\/\/secure.gravatar.com\/avatar\/3985c961109853010c3fbc7ba30365bfba5db3dd6c525831d9c595c7525a615a?s=96&d=mm&r=g","url":"https:\/\/secure.gravatar.com\/avatar\/3985c961109853010c3fbc7ba30365bfba5db3dd6c525831d9c595c7525a615a?s=96&d=mm&r=g","contentUrl":"https:\/\/secure.gravatar.com\/avatar\/3985c961109853010c3fbc7ba30365bfba5db3dd6c525831d9c595c7525a615a?s=96&d=mm&r=g","caption":"ktmin"},"sameAs":["https:\/\/kt.gov.rs"],"url":"https:\/\/kt.gov.rs\/sq\/author\/ktmin\/"}]}},"_links":{"self":[{"href":"https:\/\/kt.gov.rs\/sq\/wp-json\/wp\/v2\/posts\/113154","targetHints":{"allow":["GET"]}}],"collection":[{"href":"https:\/\/kt.gov.rs\/sq\/wp-json\/wp\/v2\/posts"}],"about":[{"href":"https:\/\/kt.gov.rs\/sq\/wp-json\/wp\/v2\/types\/post"}],"author":[{"embeddable":true,"href":"https:\/\/kt.gov.rs\/sq\/wp-json\/wp\/v2\/users\/1"}],"replies":[{"embeddable":true,"href":"https:\/\/kt.gov.rs\/sq\/wp-json\/wp\/v2\/comments?post=113154"}],"version-history":[{"count":1,"href":"https:\/\/kt.gov.rs\/sq\/wp-json\/wp\/v2\/posts\/113154\/revisions"}],"predecessor-version":[{"id":113158,"href":"https:\/\/kt.gov.rs\/sq\/wp-json\/wp\/v2\/posts\/113154\/revisions\/113158"}],"wp:featuredmedia":[{"embeddable":true,"href":"https:\/\/kt.gov.rs\/sq\/wp-json\/wp\/v2\/media\/113159"}],"wp:attachment":[{"href":"https:\/\/kt.gov.rs\/sq\/wp-json\/wp\/v2\/media?parent=113154"}],"wp:term":[{"taxonomy":"category","embeddable":true,"href":"https:\/\/kt.gov.rs\/sq\/wp-json\/wp\/v2\/categories?post=113154"},{"taxonomy":"post_tag","embeddable":true,"href":"https:\/\/kt.gov.rs\/sq\/wp-json\/wp\/v2\/tags?post=113154"}],"curies":[{"name":"wp","href":"https:\/\/api.w.org\/{rel}","templated":true}]}}