{"id":113146,"date":"2020-04-16T00:00:00","date_gmt":"2020-04-16T00:00:00","guid":{"rendered":"http:\/\/kt.printandscreen.rs\/situata-ne-medvegje-eshte-e-qendrueshme\/"},"modified":"2024-07-30T18:05:43","modified_gmt":"2024-07-30T18:05:43","slug":"situata-ne-medvegje-eshte-e-qendrueshme","status":"publish","type":"post","link":"https:\/\/kt.gov.rs\/sq\/situata-ne-medvegje-eshte-e-qendrueshme\/","title":{"rendered":"SITUATA N\u00cb MEDVEGJ\u00cb \u00cbSHT\u00cb E Q\u00cbNDRUESHME"},"content":{"rendered":"<p>\n\t<strong><img decoding=\"async\" alt=\"\" src=\"https:\/\/kt.gov.rs\/wp-content\/uploads\/2024\/07\/1587031140_160420_3-4.jpg\" style=\"width: 315px; height: 230px; float: left;\" \/><\/strong><\/p>\n<p>\n\t<strong>Medvegj\u00eb \u2013<\/strong> Goran Ivanoviq, n\u00ebnkryetari i Komun\u00ebs s\u00eb Medvegj\u00ebs dhe Z\u00ebvend\u00ebs i komandantit t\u00eb Shtabit p\u00ebr situata t\u00eb jasht\u00ebzakonshme tha se situata n\u00eb Medvegj\u00eb \u00ebsht\u00eb e q\u00ebndrueshme.<\/p>\n<p>\n\t\u00a0\u201cNe kemi pasur dy raste pozitive dhe p\u00ebr fat t\u00eb keq nj\u00eb person ka nd\u00ebrruar jet\u00eb. Ata q\u00eb kan\u00eb qen\u00eb n\u00eb kontakt me ta rreth 35 persona jan\u00eb\u00a0\u00a0 n\u00eb vetizolim\u00a0 , por deri m\u00eb tani asnj\u00eb prej tyre nuk ka raportuar t\u00eb ket\u00eb probleme me frym\u00ebmarrjen. P\u00ebrve\u00e7 tyre, jan\u00eb 65 vet\u00eb\u00a0 n\u00eb vetizolim \u00a0dhe jan\u00eb ata q\u00eb kan\u00eb ardhur nga jasht\u00eb.<\/p>\n<p>\n\tIvanoviq ka th\u00ebn\u00eb se kalimi administrative n\u00eb Mutivod\u00eb drejt Kosov\u00ebs e Metohis\u00eb funksionon, por q\u00eb njer\u00ebzit i shmangen k\u00ebsaj, sepse t\u00eb gjith\u00eb ata q\u00eb kalojn\u00eb p\u00ebrmes tij vendosen n\u00eb vetizolim.<\/p>\n<p>\n\t\u00a0&quot; Kalimi nuk ka ndonj\u00eb intensitet, pasi nj\u00eb automjet her\u00eb pas here kalon n\u00ebp\u00ebr t\u00eb,&quot; tha Ivanoviq.<\/p>\n<p>\n\tSipas tij, t\u00eb gjitha masat e nevojshme jan\u00eb duke u zbatuar n\u00eb komun\u00ebn e Mevde\u0111a me vullnetar\u00eb,\u00a0 institucione, Sht\u00ebpin\u00eb e sh\u00ebndetit\u00a0, Kryqin e Kuq si dhe me Qendr\u00ebn p\u00ebr Pun\u00eb Sociale.<\/p>\n<p>\n\t&quot;K\u00ebto jan\u00eb t\u00eb gjitha aktivitetet p\u00ebr p\u00ebrmir\u00ebsimin e standardit jet\u00ebsor t\u00eb qytetar\u00ebve, vullnetar\u00ebt dalin n\u00eb terren duke mbajtur ushqim dhe ndihm\u00eb. Ne jemi nj\u00eb qytet me m\u00eb pak se 5.000 banor\u00eb, nd\u00ebrsa qytetar\u00ebt mbi mosh\u00ebn 70 vje\u00e7 nuk mund t\u00eb dalin jasht\u00eb, k\u00ebshtu q\u00eb ne p\u00ebrpiqemi t\u00eb plot\u00ebsojm\u00eb nevojat e tyre. Ne gjithashtu dezinfektuam rrug\u00ebt dhe institucionet publike, nd\u00ebrtesat,\u00a0 sportelet\u00a0e post\u00ebs\u00a0 dhe shkollat. Do gj\u00eb \u00ebsht\u00eb praktikisht e gatshme t\u00eb filloj\u00eb pun\u00ebn menj\u00ebher\u00eb pasi kjo t\u00eb ndalet. Do t\u00eb doja t\u00eb fal\u00ebnderoja t\u00eb gjitha bizneset dhe kish\u00ebn q\u00eb na ndihmuan t\u00eb dhurojm\u00eb disa pako p\u00ebr t\u00eb moshuarit, &quot;tha Ivanoviq.<\/p>\n<p>\n\tDuke pasur parasysh faktin se komuna e Medvegj\u00ebs mbulon nj\u00eb zon\u00eb t\u00eb madhe, problemi yn\u00eb m\u00eb i madh \u00ebsht\u00eb se si t\u00eb arrijm\u00eb tek familjet e moshuara.<\/p>\n<p>\n\t&quot;Nuk ka shum\u00eb banor\u00eb n\u00eb 524 kilometra katror\u00eb, ku shumica e familjeve jan\u00eb t\u00eb moshuar , dhe transporti publik \u00ebsht\u00eb nd\u00ebrprer\u00eb dhe tani ata nuk kan\u00eb mund\u00ebsin\u00eb e transportit. Kjo \u00ebsht\u00eb arsyeja pse pushteti lokal me vullnetar\u00ebt e tij \u00ebsht\u00eb k\u00ebtu p\u00ebr t\u00eb p\u00ebrmbushur nevojat e tyre, &quot;tha Ivanoviq.<\/p>\n<p>\n\t<strong>Burimi: Jugpress dhe Trupi Koordinues<\/strong><\/p>\n<p>\n\t\u00a0<\/p>\n","protected":false},"excerpt":{"rendered":"<p>Medvegj\u00eb \u2013\u00a0Goran Ivanoviq, n\u00ebnkryetari i Komun\u00ebs s\u00eb Medvegj\u00ebs dhe\u00a0Z\u00ebvend\u00ebs i komandantit t\u00eb Shtabit\u00a0p\u00ebr situata t\u00eb jasht\u00ebzakonshme tha se situata n\u00eb Medvegj\u00eb \u00ebsht\u00eb e q\u00ebndrueshme.<\/p>\n","protected":false},"author":1,"featured_media":113151,"comment_status":"closed","ping_status":"closed","sticky":false,"template":"","format":"standard","meta":{"footnotes":""},"categories":[55],"tags":[],"class_list":["post-113146","post","type-post","status-publish","format-standard","has-post-thumbnail","hentry","category-lajme"],"yoast_head":"<!-- This site is optimized with the Yoast SEO plugin v27.5 - https:\/\/yoast.com\/product\/yoast-seo-wordpress\/ -->\n<title>SITUATA N\u00cb MEDVEGJ\u00cb \u00cbSHT\u00cb E Q\u00cbNDRUESHME - Republika e S\u00ebrbis\u00eb Trupi Koordinues p\u00ebr komunat Bujanoc, Preshev\u00eb dhe Medvegj\u00eb<\/title>\n<meta name=\"robots\" content=\"index, follow, max-snippet:-1, max-image-preview:large, max-video-preview:-1\" \/>\n<link rel=\"canonical\" href=\"https:\/\/kt.gov.rs\/sq\/situata-ne-medvegje-eshte-e-qendrueshme\/\" \/>\n<meta property=\"og:locale\" content=\"sq_AL\" \/>\n<meta property=\"og:type\" content=\"article\" \/>\n<meta property=\"og:title\" content=\"SITUATA N\u00cb MEDVEGJ\u00cb \u00cbSHT\u00cb E Q\u00cbNDRUESHME - Republika e S\u00ebrbis\u00eb Trupi Koordinues p\u00ebr komunat Bujanoc, Preshev\u00eb dhe Medvegj\u00eb\" \/>\n<meta property=\"og:description\" content=\"Medvegj\u00eb \u2013\u00a0Goran Ivanoviq, n\u00ebnkryetari i Komun\u00ebs s\u00eb Medvegj\u00ebs dhe\u00a0Z\u00ebvend\u00ebs i komandantit t\u00eb Shtabit\u00a0p\u00ebr situata t\u00eb jasht\u00ebzakonshme tha se situata n\u00eb Medvegj\u00eb \u00ebsht\u00eb e q\u00ebndrueshme.\" \/>\n<meta property=\"og:url\" content=\"https:\/\/kt.gov.rs\/sq\/situata-ne-medvegje-eshte-e-qendrueshme\/\" \/>\n<meta property=\"og:site_name\" content=\"Republika e S\u00ebrbis\u00eb Trupi Koordinues p\u00ebr komunat Bujanoc, Preshev\u00eb dhe Medvegj\u00eb\" \/>\n<meta property=\"article:publisher\" content=\"https:\/\/www.facebook.com\/SluzbaKoordinacionogTelaVladeRepublikeSrbije\" \/>\n<meta property=\"article:published_time\" content=\"2020-04-16T00:00:00+00:00\" \/>\n<meta property=\"article:modified_time\" content=\"2024-07-30T18:05:43+00:00\" \/>\n<meta property=\"og:image\" content=\"https:\/\/kt.gov.rs\/wp-content\/uploads\/2024\/07\/1587031140_160420_3-5.jpg\" \/>\n\t<meta property=\"og:image:width\" content=\"315\" \/>\n\t<meta property=\"og:image:height\" content=\"230\" \/>\n\t<meta property=\"og:image:type\" content=\"image\/jpeg\" \/>\n<meta name=\"author\" content=\"ktmin\" \/>\n<meta name=\"twitter:card\" content=\"summary_large_image\" \/>\n<meta name=\"twitter:creator\" content=\"@kt_gov\" \/>\n<meta name=\"twitter:site\" content=\"@kt_gov\" \/>\n<meta name=\"twitter:label1\" content=\"Written by\" \/>\n\t<meta name=\"twitter:data1\" content=\"ktmin\" \/>\n\t<meta name=\"twitter:label2\" content=\"Est. reading time\" \/>\n\t<meta name=\"twitter:data2\" content=\"3 minutes\" \/>\n<script type=\"application\/ld+json\" class=\"yoast-schema-graph\">{\"@context\":\"https:\\\/\\\/schema.org\",\"@graph\":[{\"@type\":\"Article\",\"@id\":\"https:\\\/\\\/kt.gov.rs\\\/sq\\\/situata-ne-medvegje-eshte-e-qendrueshme\\\/#article\",\"isPartOf\":{\"@id\":\"https:\\\/\\\/kt.gov.rs\\\/sq\\\/situata-ne-medvegje-eshte-e-qendrueshme\\\/\"},\"author\":{\"name\":\"ktmin\",\"@id\":\"https:\\\/\\\/kt.gov.rs\\\/#\\\/schema\\\/person\\\/e426459ddb4173309103390602694571\"},\"headline\":\"SITUATA N\u00cb MEDVEGJ\u00cb \u00cbSHT\u00cb E Q\u00cbNDRUESHME\",\"datePublished\":\"2020-04-16T00:00:00+00:00\",\"dateModified\":\"2024-07-30T18:05:43+00:00\",\"mainEntityOfPage\":{\"@id\":\"https:\\\/\\\/kt.gov.rs\\\/sq\\\/situata-ne-medvegje-eshte-e-qendrueshme\\\/\"},\"wordCount\":573,\"publisher\":{\"@id\":\"https:\\\/\\\/kt.gov.rs\\\/#organization\"},\"image\":{\"@id\":\"https:\\\/\\\/kt.gov.rs\\\/sq\\\/situata-ne-medvegje-eshte-e-qendrueshme\\\/#primaryimage\"},\"thumbnailUrl\":\"https:\\\/\\\/kt.gov.rs\\\/wp-content\\\/uploads\\\/2024\\\/07\\\/1587031140_160420_3-5.jpg\",\"articleSection\":[\"Lajme\"],\"inLanguage\":\"sq-AL\"},{\"@type\":\"WebPage\",\"@id\":\"https:\\\/\\\/kt.gov.rs\\\/sq\\\/situata-ne-medvegje-eshte-e-qendrueshme\\\/\",\"url\":\"https:\\\/\\\/kt.gov.rs\\\/sq\\\/situata-ne-medvegje-eshte-e-qendrueshme\\\/\",\"name\":\"SITUATA N\u00cb MEDVEGJ\u00cb \u00cbSHT\u00cb E Q\u00cbNDRUESHME - Republika e S\u00ebrbis\u00eb Trupi Koordinues p\u00ebr komunat Bujanoc, Preshev\u00eb dhe Medvegj\u00eb\",\"isPartOf\":{\"@id\":\"https:\\\/\\\/kt.gov.rs\\\/#website\"},\"primaryImageOfPage\":{\"@id\":\"https:\\\/\\\/kt.gov.rs\\\/sq\\\/situata-ne-medvegje-eshte-e-qendrueshme\\\/#primaryimage\"},\"image\":{\"@id\":\"https:\\\/\\\/kt.gov.rs\\\/sq\\\/situata-ne-medvegje-eshte-e-qendrueshme\\\/#primaryimage\"},\"thumbnailUrl\":\"https:\\\/\\\/kt.gov.rs\\\/wp-content\\\/uploads\\\/2024\\\/07\\\/1587031140_160420_3-5.jpg\",\"datePublished\":\"2020-04-16T00:00:00+00:00\",\"dateModified\":\"2024-07-30T18:05:43+00:00\",\"breadcrumb\":{\"@id\":\"https:\\\/\\\/kt.gov.rs\\\/sq\\\/situata-ne-medvegje-eshte-e-qendrueshme\\\/#breadcrumb\"},\"inLanguage\":\"sq-AL\",\"potentialAction\":[{\"@type\":\"ReadAction\",\"target\":[\"https:\\\/\\\/kt.gov.rs\\\/sq\\\/situata-ne-medvegje-eshte-e-qendrueshme\\\/\"]}]},{\"@type\":\"ImageObject\",\"inLanguage\":\"sq-AL\",\"@id\":\"https:\\\/\\\/kt.gov.rs\\\/sq\\\/situata-ne-medvegje-eshte-e-qendrueshme\\\/#primaryimage\",\"url\":\"https:\\\/\\\/kt.gov.rs\\\/wp-content\\\/uploads\\\/2024\\\/07\\\/1587031140_160420_3-5.jpg\",\"contentUrl\":\"https:\\\/\\\/kt.gov.rs\\\/wp-content\\\/uploads\\\/2024\\\/07\\\/1587031140_160420_3-5.jpg\",\"width\":315,\"height\":230},{\"@type\":\"BreadcrumbList\",\"@id\":\"https:\\\/\\\/kt.gov.rs\\\/sq\\\/situata-ne-medvegje-eshte-e-qendrueshme\\\/#breadcrumb\",\"itemListElement\":[{\"@type\":\"ListItem\",\"position\":1,\"name\":\"\u041f\u043e\u0447\u0435\u0442\u043d\u0430\",\"item\":\"https:\\\/\\\/kt.gov.rs\\\/sq\\\/\"},{\"@type\":\"ListItem\",\"position\":2,\"name\":\"SITUATA N\u00cb MEDVEGJ\u00cb \u00cbSHT\u00cb E Q\u00cbNDRUESHME\"}]},{\"@type\":\"WebSite\",\"@id\":\"https:\\\/\\\/kt.gov.rs\\\/#website\",\"url\":\"https:\\\/\\\/kt.gov.rs\\\/\",\"name\":\"\u041a\u043e\u043e\u0440\u0434\u0438\u043d\u0430\u0446\u0438\u043e\u043d\u043e \u0442\u0435\u043b\u043e \u0412\u043b\u0430\u0434\u0435 \u0420\u0435\u043f\u0443\u0431\u043b\u0438\u043a\u0435 \u0421\u0440\u0431\u0438\u0458\u0435 \u0437\u0430 \u043e\u043f\u0448\u0442\u0438\u043d\u0435 \u041f\u0440\u0435\u0448\u0435\u0432\u043e, \u0411\u0443\u0458\u0430\u043d\u043e\u0432\u0430\u0446 \u0438 \u041c\u0435\u0434\u0432\u0435\u0452a\",\"description\":\"\",\"publisher\":{\"@id\":\"https:\\\/\\\/kt.gov.rs\\\/#organization\"},\"alternateName\":\"\u041a\u043e\u043e\u0440\u0434\u0438\u043d\u0430\u0446\u0438\u043e\u043d\u043e \u0442\u0435\u043b\u043e\",\"potentialAction\":[{\"@type\":\"SearchAction\",\"target\":{\"@type\":\"EntryPoint\",\"urlTemplate\":\"https:\\\/\\\/kt.gov.rs\\\/?s={search_term_string}\"},\"query-input\":{\"@type\":\"PropertyValueSpecification\",\"valueRequired\":true,\"valueName\":\"search_term_string\"}}],\"inLanguage\":\"sq-AL\"},{\"@type\":\"Organization\",\"@id\":\"https:\\\/\\\/kt.gov.rs\\\/#organization\",\"name\":\"\u041a\u043e\u043e\u0440\u0434\u0438\u043d\u0430\u0446\u0438\u043e\u043d\u043e \u0442\u0435\u043b\u043e \u0412\u043b\u0430\u0434\u0435 \u0420\u0435\u043f\u0443\u0431\u043b\u0438\u043a\u0435 \u0421\u0440\u0431\u0438\u0458\u0435 \u0437\u0430 \u043e\u043f\u0448\u0442\u0438\u043d\u0435 \u041f\u0440\u0435\u0448\u0435\u0432\u043e, \u0411\u0443\u0458\u0430\u043d\u043e\u0432\u0430\u0446 \u0438 \u041c\u0435\u0434\u0432\u0435\u0452a\",\"alternateName\":\"\u041a\u043e\u043e\u0440\u0434\u0438\u043d\u0430\u0446\u0438\u043e\u043d\u043e \u0442\u0435\u043b\u043e\",\"url\":\"https:\\\/\\\/kt.gov.rs\\\/\",\"logo\":{\"@type\":\"ImageObject\",\"inLanguage\":\"sq-AL\",\"@id\":\"https:\\\/\\\/kt.gov.rs\\\/#\\\/schema\\\/logo\\\/image\\\/\",\"url\":\"https:\\\/\\\/kt.gov.rs\\\/wp-content\\\/uploads\\\/2024\\\/12\\\/koord2.jpg\",\"contentUrl\":\"https:\\\/\\\/kt.gov.rs\\\/wp-content\\\/uploads\\\/2024\\\/12\\\/koord2.jpg\",\"width\":640,\"height\":480,\"caption\":\"\u041a\u043e\u043e\u0440\u0434\u0438\u043d\u0430\u0446\u0438\u043e\u043d\u043e \u0442\u0435\u043b\u043e \u0412\u043b\u0430\u0434\u0435 \u0420\u0435\u043f\u0443\u0431\u043b\u0438\u043a\u0435 \u0421\u0440\u0431\u0438\u0458\u0435 \u0437\u0430 \u043e\u043f\u0448\u0442\u0438\u043d\u0435 \u041f\u0440\u0435\u0448\u0435\u0432\u043e, \u0411\u0443\u0458\u0430\u043d\u043e\u0432\u0430\u0446 \u0438 \u041c\u0435\u0434\u0432\u0435\u0452a\"},\"image\":{\"@id\":\"https:\\\/\\\/kt.gov.rs\\\/#\\\/schema\\\/logo\\\/image\\\/\"},\"sameAs\":[\"https:\\\/\\\/www.facebook.com\\\/SluzbaKoordinacionogTelaVladeRepublikeSrbije\",\"https:\\\/\\\/x.com\\\/kt_gov\",\"https:\\\/\\\/www.youtube.com\\\/@koordinacionotelo\"]},{\"@type\":\"Person\",\"@id\":\"https:\\\/\\\/kt.gov.rs\\\/#\\\/schema\\\/person\\\/e426459ddb4173309103390602694571\",\"name\":\"ktmin\",\"image\":{\"@type\":\"ImageObject\",\"inLanguage\":\"sq-AL\",\"@id\":\"https:\\\/\\\/secure.gravatar.com\\\/avatar\\\/3985c961109853010c3fbc7ba30365bfba5db3dd6c525831d9c595c7525a615a?s=96&d=mm&r=g\",\"url\":\"https:\\\/\\\/secure.gravatar.com\\\/avatar\\\/3985c961109853010c3fbc7ba30365bfba5db3dd6c525831d9c595c7525a615a?s=96&d=mm&r=g\",\"contentUrl\":\"https:\\\/\\\/secure.gravatar.com\\\/avatar\\\/3985c961109853010c3fbc7ba30365bfba5db3dd6c525831d9c595c7525a615a?s=96&d=mm&r=g\",\"caption\":\"ktmin\"},\"sameAs\":[\"https:\\\/\\\/kt.gov.rs\"],\"url\":\"https:\\\/\\\/kt.gov.rs\\\/sq\\\/author\\\/ktmin\\\/\"}]}<\/script>\n<!-- \/ Yoast SEO plugin. -->","yoast_head_json":{"title":"SITUATA N\u00cb MEDVEGJ\u00cb \u00cbSHT\u00cb E Q\u00cbNDRUESHME - Republika e S\u00ebrbis\u00eb Trupi Koordinues p\u00ebr komunat Bujanoc, Preshev\u00eb dhe Medvegj\u00eb","robots":{"index":"index","follow":"follow","max-snippet":"max-snippet:-1","max-image-preview":"max-image-preview:large","max-video-preview":"max-video-preview:-1"},"canonical":"https:\/\/kt.gov.rs\/sq\/situata-ne-medvegje-eshte-e-qendrueshme\/","og_locale":"sq_AL","og_type":"article","og_title":"SITUATA N\u00cb MEDVEGJ\u00cb \u00cbSHT\u00cb E Q\u00cbNDRUESHME - Republika e S\u00ebrbis\u00eb Trupi Koordinues p\u00ebr komunat Bujanoc, Preshev\u00eb dhe Medvegj\u00eb","og_description":"Medvegj\u00eb \u2013\u00a0Goran Ivanoviq, n\u00ebnkryetari i Komun\u00ebs s\u00eb Medvegj\u00ebs dhe\u00a0Z\u00ebvend\u00ebs i komandantit t\u00eb Shtabit\u00a0p\u00ebr situata t\u00eb jasht\u00ebzakonshme tha se situata n\u00eb Medvegj\u00eb \u00ebsht\u00eb e q\u00ebndrueshme.","og_url":"https:\/\/kt.gov.rs\/sq\/situata-ne-medvegje-eshte-e-qendrueshme\/","og_site_name":"Republika e S\u00ebrbis\u00eb Trupi Koordinues p\u00ebr komunat Bujanoc, Preshev\u00eb dhe Medvegj\u00eb","article_publisher":"https:\/\/www.facebook.com\/SluzbaKoordinacionogTelaVladeRepublikeSrbije","article_published_time":"2020-04-16T00:00:00+00:00","article_modified_time":"2024-07-30T18:05:43+00:00","og_image":[{"width":315,"height":230,"url":"https:\/\/kt.gov.rs\/wp-content\/uploads\/2024\/07\/1587031140_160420_3-5.jpg","type":"image\/jpeg"}],"author":"ktmin","twitter_card":"summary_large_image","twitter_creator":"@kt_gov","twitter_site":"@kt_gov","twitter_misc":{"Written by":"ktmin","Est. reading time":"3 minutes"},"schema":{"@context":"https:\/\/schema.org","@graph":[{"@type":"Article","@id":"https:\/\/kt.gov.rs\/sq\/situata-ne-medvegje-eshte-e-qendrueshme\/#article","isPartOf":{"@id":"https:\/\/kt.gov.rs\/sq\/situata-ne-medvegje-eshte-e-qendrueshme\/"},"author":{"name":"ktmin","@id":"https:\/\/kt.gov.rs\/#\/schema\/person\/e426459ddb4173309103390602694571"},"headline":"SITUATA N\u00cb MEDVEGJ\u00cb \u00cbSHT\u00cb E Q\u00cbNDRUESHME","datePublished":"2020-04-16T00:00:00+00:00","dateModified":"2024-07-30T18:05:43+00:00","mainEntityOfPage":{"@id":"https:\/\/kt.gov.rs\/sq\/situata-ne-medvegje-eshte-e-qendrueshme\/"},"wordCount":573,"publisher":{"@id":"https:\/\/kt.gov.rs\/#organization"},"image":{"@id":"https:\/\/kt.gov.rs\/sq\/situata-ne-medvegje-eshte-e-qendrueshme\/#primaryimage"},"thumbnailUrl":"https:\/\/kt.gov.rs\/wp-content\/uploads\/2024\/07\/1587031140_160420_3-5.jpg","articleSection":["Lajme"],"inLanguage":"sq-AL"},{"@type":"WebPage","@id":"https:\/\/kt.gov.rs\/sq\/situata-ne-medvegje-eshte-e-qendrueshme\/","url":"https:\/\/kt.gov.rs\/sq\/situata-ne-medvegje-eshte-e-qendrueshme\/","name":"SITUATA N\u00cb MEDVEGJ\u00cb \u00cbSHT\u00cb E Q\u00cbNDRUESHME - Republika e S\u00ebrbis\u00eb Trupi Koordinues p\u00ebr komunat Bujanoc, Preshev\u00eb dhe Medvegj\u00eb","isPartOf":{"@id":"https:\/\/kt.gov.rs\/#website"},"primaryImageOfPage":{"@id":"https:\/\/kt.gov.rs\/sq\/situata-ne-medvegje-eshte-e-qendrueshme\/#primaryimage"},"image":{"@id":"https:\/\/kt.gov.rs\/sq\/situata-ne-medvegje-eshte-e-qendrueshme\/#primaryimage"},"thumbnailUrl":"https:\/\/kt.gov.rs\/wp-content\/uploads\/2024\/07\/1587031140_160420_3-5.jpg","datePublished":"2020-04-16T00:00:00+00:00","dateModified":"2024-07-30T18:05:43+00:00","breadcrumb":{"@id":"https:\/\/kt.gov.rs\/sq\/situata-ne-medvegje-eshte-e-qendrueshme\/#breadcrumb"},"inLanguage":"sq-AL","potentialAction":[{"@type":"ReadAction","target":["https:\/\/kt.gov.rs\/sq\/situata-ne-medvegje-eshte-e-qendrueshme\/"]}]},{"@type":"ImageObject","inLanguage":"sq-AL","@id":"https:\/\/kt.gov.rs\/sq\/situata-ne-medvegje-eshte-e-qendrueshme\/#primaryimage","url":"https:\/\/kt.gov.rs\/wp-content\/uploads\/2024\/07\/1587031140_160420_3-5.jpg","contentUrl":"https:\/\/kt.gov.rs\/wp-content\/uploads\/2024\/07\/1587031140_160420_3-5.jpg","width":315,"height":230},{"@type":"BreadcrumbList","@id":"https:\/\/kt.gov.rs\/sq\/situata-ne-medvegje-eshte-e-qendrueshme\/#breadcrumb","itemListElement":[{"@type":"ListItem","position":1,"name":"\u041f\u043e\u0447\u0435\u0442\u043d\u0430","item":"https:\/\/kt.gov.rs\/sq\/"},{"@type":"ListItem","position":2,"name":"SITUATA N\u00cb MEDVEGJ\u00cb \u00cbSHT\u00cb E Q\u00cbNDRUESHME"}]},{"@type":"WebSite","@id":"https:\/\/kt.gov.rs\/#website","url":"https:\/\/kt.gov.rs\/","name":"\u041a\u043e\u043e\u0440\u0434\u0438\u043d\u0430\u0446\u0438\u043e\u043d\u043e \u0442\u0435\u043b\u043e \u0412\u043b\u0430\u0434\u0435 \u0420\u0435\u043f\u0443\u0431\u043b\u0438\u043a\u0435 \u0421\u0440\u0431\u0438\u0458\u0435 \u0437\u0430 \u043e\u043f\u0448\u0442\u0438\u043d\u0435 \u041f\u0440\u0435\u0448\u0435\u0432\u043e, \u0411\u0443\u0458\u0430\u043d\u043e\u0432\u0430\u0446 \u0438 \u041c\u0435\u0434\u0432\u0435\u0452a","description":"","publisher":{"@id":"https:\/\/kt.gov.rs\/#organization"},"alternateName":"\u041a\u043e\u043e\u0440\u0434\u0438\u043d\u0430\u0446\u0438\u043e\u043d\u043e \u0442\u0435\u043b\u043e","potentialAction":[{"@type":"SearchAction","target":{"@type":"EntryPoint","urlTemplate":"https:\/\/kt.gov.rs\/?s={search_term_string}"},"query-input":{"@type":"PropertyValueSpecification","valueRequired":true,"valueName":"search_term_string"}}],"inLanguage":"sq-AL"},{"@type":"Organization","@id":"https:\/\/kt.gov.rs\/#organization","name":"\u041a\u043e\u043e\u0440\u0434\u0438\u043d\u0430\u0446\u0438\u043e\u043d\u043e \u0442\u0435\u043b\u043e \u0412\u043b\u0430\u0434\u0435 \u0420\u0435\u043f\u0443\u0431\u043b\u0438\u043a\u0435 \u0421\u0440\u0431\u0438\u0458\u0435 \u0437\u0430 \u043e\u043f\u0448\u0442\u0438\u043d\u0435 \u041f\u0440\u0435\u0448\u0435\u0432\u043e, \u0411\u0443\u0458\u0430\u043d\u043e\u0432\u0430\u0446 \u0438 \u041c\u0435\u0434\u0432\u0435\u0452a","alternateName":"\u041a\u043e\u043e\u0440\u0434\u0438\u043d\u0430\u0446\u0438\u043e\u043d\u043e \u0442\u0435\u043b\u043e","url":"https:\/\/kt.gov.rs\/","logo":{"@type":"ImageObject","inLanguage":"sq-AL","@id":"https:\/\/kt.gov.rs\/#\/schema\/logo\/image\/","url":"https:\/\/kt.gov.rs\/wp-content\/uploads\/2024\/12\/koord2.jpg","contentUrl":"https:\/\/kt.gov.rs\/wp-content\/uploads\/2024\/12\/koord2.jpg","width":640,"height":480,"caption":"\u041a\u043e\u043e\u0440\u0434\u0438\u043d\u0430\u0446\u0438\u043e\u043d\u043e \u0442\u0435\u043b\u043e \u0412\u043b\u0430\u0434\u0435 \u0420\u0435\u043f\u0443\u0431\u043b\u0438\u043a\u0435 \u0421\u0440\u0431\u0438\u0458\u0435 \u0437\u0430 \u043e\u043f\u0448\u0442\u0438\u043d\u0435 \u041f\u0440\u0435\u0448\u0435\u0432\u043e, \u0411\u0443\u0458\u0430\u043d\u043e\u0432\u0430\u0446 \u0438 \u041c\u0435\u0434\u0432\u0435\u0452a"},"image":{"@id":"https:\/\/kt.gov.rs\/#\/schema\/logo\/image\/"},"sameAs":["https:\/\/www.facebook.com\/SluzbaKoordinacionogTelaVladeRepublikeSrbije","https:\/\/x.com\/kt_gov","https:\/\/www.youtube.com\/@koordinacionotelo"]},{"@type":"Person","@id":"https:\/\/kt.gov.rs\/#\/schema\/person\/e426459ddb4173309103390602694571","name":"ktmin","image":{"@type":"ImageObject","inLanguage":"sq-AL","@id":"https:\/\/secure.gravatar.com\/avatar\/3985c961109853010c3fbc7ba30365bfba5db3dd6c525831d9c595c7525a615a?s=96&d=mm&r=g","url":"https:\/\/secure.gravatar.com\/avatar\/3985c961109853010c3fbc7ba30365bfba5db3dd6c525831d9c595c7525a615a?s=96&d=mm&r=g","contentUrl":"https:\/\/secure.gravatar.com\/avatar\/3985c961109853010c3fbc7ba30365bfba5db3dd6c525831d9c595c7525a615a?s=96&d=mm&r=g","caption":"ktmin"},"sameAs":["https:\/\/kt.gov.rs"],"url":"https:\/\/kt.gov.rs\/sq\/author\/ktmin\/"}]}},"_links":{"self":[{"href":"https:\/\/kt.gov.rs\/sq\/wp-json\/wp\/v2\/posts\/113146","targetHints":{"allow":["GET"]}}],"collection":[{"href":"https:\/\/kt.gov.rs\/sq\/wp-json\/wp\/v2\/posts"}],"about":[{"href":"https:\/\/kt.gov.rs\/sq\/wp-json\/wp\/v2\/types\/post"}],"author":[{"embeddable":true,"href":"https:\/\/kt.gov.rs\/sq\/wp-json\/wp\/v2\/users\/1"}],"replies":[{"embeddable":true,"href":"https:\/\/kt.gov.rs\/sq\/wp-json\/wp\/v2\/comments?post=113146"}],"version-history":[{"count":1,"href":"https:\/\/kt.gov.rs\/sq\/wp-json\/wp\/v2\/posts\/113146\/revisions"}],"predecessor-version":[{"id":113150,"href":"https:\/\/kt.gov.rs\/sq\/wp-json\/wp\/v2\/posts\/113146\/revisions\/113150"}],"wp:featuredmedia":[{"embeddable":true,"href":"https:\/\/kt.gov.rs\/sq\/wp-json\/wp\/v2\/media\/113151"}],"wp:attachment":[{"href":"https:\/\/kt.gov.rs\/sq\/wp-json\/wp\/v2\/media?parent=113146"}],"wp:term":[{"taxonomy":"category","embeddable":true,"href":"https:\/\/kt.gov.rs\/sq\/wp-json\/wp\/v2\/categories?post=113146"},{"taxonomy":"post_tag","embeddable":true,"href":"https:\/\/kt.gov.rs\/sq\/wp-json\/wp\/v2\/tags?post=113146"}],"curies":[{"name":"wp","href":"https:\/\/api.w.org\/{rel}","templated":true}]}}