{"id":113138,"date":"2020-04-16T00:00:00","date_gmt":"2020-04-16T00:00:00","guid":{"rendered":"http:\/\/kt.printandscreen.rs\/projekti-arritja-e-zhvillimit-te-qendrueshem-duke-menduar-mundemi-online\/"},"modified":"2024-07-30T18:05:42","modified_gmt":"2024-07-30T18:05:42","slug":"projekti-arritja-e-zhvillimit-te-qendrueshem-duke-menduar-mundemi-online","status":"publish","type":"post","link":"https:\/\/kt.gov.rs\/sq\/projekti-arritja-e-zhvillimit-te-qendrueshem-duke-menduar-mundemi-online\/","title":{"rendered":"PROJEKTI \u201cARRITJA E ZHVILLIMIT T\u00cb Q\u00cbNDRUESH\u00cbM DUKE MENDUAR \u201c-MUNDEMI ONLINE!"},"content":{"rendered":"<p>\n\t<img decoding=\"async\" alt=\"\" src=\"https:\/\/kt.gov.rs\/wp-content\/uploads\/2024\/07\/1587024819_160420_2-4.jpg\" style=\"width: 315px; height: 230px; float: left;\" \/><\/p>\n<p>\n\tAktivitetet e projektit &quot;Arritja e zhvillimit t\u00eb q\u00ebndruesh\u00ebm duke menduar&quot; jan\u00eb p\u00ebrshtatur p\u00ebr nevojat n\u00eb internet.\u00a0 Jan\u00eb gjetur zgjidhje alternative\u00a0 si\u00e7 jan\u00eb platformat n\u00eb internet dhe mjetet e komunikimit.<\/p>\n<p>\n\tEdukimi p\u00ebr zhvillimin e q\u00ebndruesh\u00ebm duket t\u00eb jet\u00eb m\u00eb i r\u00ebnd\u00ebsish\u00ebm tani se kurr\u00eb m\u00eb par\u00eb. Shum\u00eb nga proceset negative q\u00eb ndodhin n\u00eb natyr\u00eb jan\u00eb rezultat i veprimtarive njer\u00ebzore. Nd\u00ebrgjegj\u00ebsimi p\u00ebr t\u00eb pasur nj\u00eb p\u00ebrgjegj\u00ebsi ndaj mjedisit dhe t\u00eb gjitha qenieve t\u00eb tjera q\u00eb jan\u00eb pjes\u00eb e tij \u00ebsht\u00eb i pazhvilluar n\u00eb shumic\u00ebn e njer\u00ebzve. Prandaj, theksi duhet t\u00eb vihet n\u00eb arsim dhe forcimin e vet\u00ebdijes mjedisore n\u00eb t\u00eb ardhmen.<\/p>\n<p>\n\tIdeja e projektit \u00ebsht\u00eb t\u00eb zhvilloj\u00eb or\u00ebt n\u00eb pes\u00eb shkolla t\u00eb mesme profesionale, si pjes\u00eb e arsimit qytetar\u00a0 n\u00eb pes\u00eb tema t\u00eb zhvillimit t\u00eb q\u00ebndruesh\u00ebm.Pas or\u00ebve t\u00eb m\u00ebsimit, nx\u00ebn\u00ebsit do t\u00eb hartojn\u00eb dhe organizojn\u00eb fushata p\u00ebr t\u00eb promovuar nj\u00eb problem n\u00eb lidhje me tem\u00ebn e tyre. T\u00eb gjitha aktivitetet do t\u00eb jen\u00eb online \u2013or\u00ebt\u00a0 n\u00eb Google\u00a0\u00a0 dhe Zoom, nd\u00ebrsa fushatat do t\u00eb publikohen dhe shp\u00ebrndahen n\u00eb faqen e internetit dhe rrjetet sociale.<\/p>\n<p>\n\tPunimet\u00a0m\u00eb\u00a0t\u00eb\u00a0mira\u00a0t\u00eb nx\u00ebn\u00ebsve do t\u00eb publikohen n\u00eb faqen ton\u00eb t\u00eb internetit dhe rrjetet. Ne d\u00ebshirojm\u00eb t\u00eb shohim se si t\u00eb rinjt\u00eb mendojn\u00eb p\u00ebr \u00e7\u00ebshtjet e zhvillimit t\u00eb q\u00ebndruesh\u00ebm. T\u00eb gjith\u00eb duhet ta ndryshojm\u00eb bot\u00ebn s\u00eb bashku, dhe t\u00eb gjith\u00eb duhet t\u00eb fillojn\u00eb nga zakonet dhe zgjedhjet e tyre.<\/p>\n<p>\n\tRegjistrohu p\u00ebr nj\u00eb gazet\u00eb t\u00eb edukimit qytetar q\u00eb p\u00ebrmban shembujt dhe sugjerimet p\u00ebr zhvillimin e or\u00ebve n\u00eb arsimin qytetar n\u00eb shkollat fillore dhe t\u00eb mesme. P\u00ebr m\u00eb tep\u00ebr, n\u00eb buletinin mund t\u00eb gjeni disa materiale m\u00ebsimore, si dhe disa lidhje t\u00eb dobishme, lajme dhe m\u00eb shum\u00eb. Ju mund t\u00eb regjistroheni n\u00eb <a href=\"https:\/\/gradjanske.civicatalyst.org\/rcgvnewsletter\">https:\/\/gradjanske.civicatalyst.org\/rcgvnewsletter<\/a><\/p>\n<p>\n\tProjekti &quot;Arritja e zhvillimit t\u00eb q\u00ebndruesh\u00ebm duke menduar &quot; mb\u00ebshtetet nga Ministria e arsimit, shkenc\u00ebs dhe zhvillimit teknologjik<\/p>\n<p>\n\t<strong>Burimi: Iniciativa Qytetare dhe Trupi Koordinues<\/strong><\/p>\n<p>\n\t\u00a0<\/p>\n","protected":false},"excerpt":{"rendered":"<p>Aktivitetet e projektit &quot;Arritja e zhvillimit t\u00eb q\u00ebndruesh\u00ebm duke menduar&quot; jan\u00eb p\u00ebrshtatur p\u00ebr nevojat n\u00eb internet.\u00a0 Jan\u00eb gjetur zgjidhje alternative\u00a0 si\u00e7 jan\u00eb platformat n\u00eb internet dhe mjetet e komunikimit.<\/p>\n","protected":false},"author":1,"featured_media":113143,"comment_status":"closed","ping_status":"closed","sticky":false,"template":"","format":"standard","meta":{"footnotes":""},"categories":[55],"tags":[],"class_list":["post-113138","post","type-post","status-publish","format-standard","has-post-thumbnail","hentry","category-lajme"],"yoast_head":"<!-- This site is optimized with the Yoast SEO plugin v27.5 - https:\/\/yoast.com\/product\/yoast-seo-wordpress\/ -->\n<title>PROJEKTI &quot;ARRITJA E ZHVILLIMIT T\u00cb Q\u00cbNDRUESH\u00cbM DUKE MENDUAR &quot;-MUNDEMI ONLINE! - Republika e S\u00ebrbis\u00eb Trupi Koordinues p\u00ebr komunat Bujanoc, Preshev\u00eb dhe Medvegj\u00eb<\/title>\n<meta name=\"robots\" content=\"index, follow, max-snippet:-1, max-image-preview:large, max-video-preview:-1\" \/>\n<link rel=\"canonical\" href=\"https:\/\/kt.gov.rs\/sq\/projekti-arritja-e-zhvillimit-te-qendrueshem-duke-menduar-mundemi-online\/\" \/>\n<meta property=\"og:locale\" content=\"sq_AL\" \/>\n<meta property=\"og:type\" content=\"article\" \/>\n<meta property=\"og:title\" content=\"PROJEKTI &quot;ARRITJA E ZHVILLIMIT T\u00cb Q\u00cbNDRUESH\u00cbM DUKE MENDUAR &quot;-MUNDEMI ONLINE! - Republika e S\u00ebrbis\u00eb Trupi Koordinues p\u00ebr komunat Bujanoc, Preshev\u00eb dhe Medvegj\u00eb\" \/>\n<meta property=\"og:description\" content=\"Aktivitetet e projektit &quot;Arritja e zhvillimit t\u00eb q\u00ebndruesh\u00ebm duke menduar&quot; jan\u00eb p\u00ebrshtatur p\u00ebr nevojat n\u00eb internet.\u00a0 Jan\u00eb gjetur zgjidhje alternative\u00a0 si\u00e7 jan\u00eb platformat n\u00eb internet dhe mjetet e komunikimit.\" \/>\n<meta property=\"og:url\" content=\"https:\/\/kt.gov.rs\/sq\/projekti-arritja-e-zhvillimit-te-qendrueshem-duke-menduar-mundemi-online\/\" \/>\n<meta property=\"og:site_name\" content=\"Republika e S\u00ebrbis\u00eb Trupi Koordinues p\u00ebr komunat Bujanoc, Preshev\u00eb dhe Medvegj\u00eb\" \/>\n<meta property=\"article:publisher\" content=\"https:\/\/www.facebook.com\/SluzbaKoordinacionogTelaVladeRepublikeSrbije\" \/>\n<meta property=\"article:published_time\" content=\"2020-04-16T00:00:00+00:00\" \/>\n<meta property=\"article:modified_time\" content=\"2024-07-30T18:05:42+00:00\" \/>\n<meta property=\"og:image\" content=\"https:\/\/kt.gov.rs\/wp-content\/uploads\/2024\/07\/1587024819_160420_2-5.jpg\" \/>\n\t<meta property=\"og:image:width\" content=\"315\" \/>\n\t<meta property=\"og:image:height\" content=\"230\" \/>\n\t<meta property=\"og:image:type\" content=\"image\/jpeg\" \/>\n<meta name=\"author\" content=\"ktmin\" \/>\n<meta name=\"twitter:card\" content=\"summary_large_image\" \/>\n<meta name=\"twitter:creator\" content=\"@kt_gov\" \/>\n<meta name=\"twitter:site\" content=\"@kt_gov\" \/>\n<meta name=\"twitter:label1\" content=\"Written by\" \/>\n\t<meta name=\"twitter:data1\" content=\"ktmin\" \/>\n\t<meta name=\"twitter:label2\" content=\"Est. reading time\" \/>\n\t<meta name=\"twitter:data2\" content=\"3 minutes\" \/>\n<script type=\"application\/ld+json\" class=\"yoast-schema-graph\">{\"@context\":\"https:\\\/\\\/schema.org\",\"@graph\":[{\"@type\":\"Article\",\"@id\":\"https:\\\/\\\/kt.gov.rs\\\/sq\\\/projekti-arritja-e-zhvillimit-te-qendrueshem-duke-menduar-mundemi-online\\\/#article\",\"isPartOf\":{\"@id\":\"https:\\\/\\\/kt.gov.rs\\\/sq\\\/projekti-arritja-e-zhvillimit-te-qendrueshem-duke-menduar-mundemi-online\\\/\"},\"author\":{\"name\":\"ktmin\",\"@id\":\"https:\\\/\\\/kt.gov.rs\\\/#\\\/schema\\\/person\\\/e426459ddb4173309103390602694571\"},\"headline\":\"PROJEKTI \u201cARRITJA E ZHVILLIMIT T\u00cb Q\u00cbNDRUESH\u00cbM DUKE MENDUAR \u201c-MUNDEMI ONLINE!\",\"datePublished\":\"2020-04-16T00:00:00+00:00\",\"dateModified\":\"2024-07-30T18:05:42+00:00\",\"mainEntityOfPage\":{\"@id\":\"https:\\\/\\\/kt.gov.rs\\\/sq\\\/projekti-arritja-e-zhvillimit-te-qendrueshem-duke-menduar-mundemi-online\\\/\"},\"wordCount\":524,\"publisher\":{\"@id\":\"https:\\\/\\\/kt.gov.rs\\\/#organization\"},\"image\":{\"@id\":\"https:\\\/\\\/kt.gov.rs\\\/sq\\\/projekti-arritja-e-zhvillimit-te-qendrueshem-duke-menduar-mundemi-online\\\/#primaryimage\"},\"thumbnailUrl\":\"https:\\\/\\\/kt.gov.rs\\\/wp-content\\\/uploads\\\/2024\\\/07\\\/1587024819_160420_2-5.jpg\",\"articleSection\":[\"Lajme\"],\"inLanguage\":\"sq-AL\"},{\"@type\":\"WebPage\",\"@id\":\"https:\\\/\\\/kt.gov.rs\\\/sq\\\/projekti-arritja-e-zhvillimit-te-qendrueshem-duke-menduar-mundemi-online\\\/\",\"url\":\"https:\\\/\\\/kt.gov.rs\\\/sq\\\/projekti-arritja-e-zhvillimit-te-qendrueshem-duke-menduar-mundemi-online\\\/\",\"name\":\"PROJEKTI \\\"ARRITJA E ZHVILLIMIT T\u00cb Q\u00cbNDRUESH\u00cbM DUKE MENDUAR \\\"-MUNDEMI ONLINE! - Republika e S\u00ebrbis\u00eb Trupi Koordinues p\u00ebr komunat Bujanoc, Preshev\u00eb dhe Medvegj\u00eb\",\"isPartOf\":{\"@id\":\"https:\\\/\\\/kt.gov.rs\\\/#website\"},\"primaryImageOfPage\":{\"@id\":\"https:\\\/\\\/kt.gov.rs\\\/sq\\\/projekti-arritja-e-zhvillimit-te-qendrueshem-duke-menduar-mundemi-online\\\/#primaryimage\"},\"image\":{\"@id\":\"https:\\\/\\\/kt.gov.rs\\\/sq\\\/projekti-arritja-e-zhvillimit-te-qendrueshem-duke-menduar-mundemi-online\\\/#primaryimage\"},\"thumbnailUrl\":\"https:\\\/\\\/kt.gov.rs\\\/wp-content\\\/uploads\\\/2024\\\/07\\\/1587024819_160420_2-5.jpg\",\"datePublished\":\"2020-04-16T00:00:00+00:00\",\"dateModified\":\"2024-07-30T18:05:42+00:00\",\"breadcrumb\":{\"@id\":\"https:\\\/\\\/kt.gov.rs\\\/sq\\\/projekti-arritja-e-zhvillimit-te-qendrueshem-duke-menduar-mundemi-online\\\/#breadcrumb\"},\"inLanguage\":\"sq-AL\",\"potentialAction\":[{\"@type\":\"ReadAction\",\"target\":[\"https:\\\/\\\/kt.gov.rs\\\/sq\\\/projekti-arritja-e-zhvillimit-te-qendrueshem-duke-menduar-mundemi-online\\\/\"]}]},{\"@type\":\"ImageObject\",\"inLanguage\":\"sq-AL\",\"@id\":\"https:\\\/\\\/kt.gov.rs\\\/sq\\\/projekti-arritja-e-zhvillimit-te-qendrueshem-duke-menduar-mundemi-online\\\/#primaryimage\",\"url\":\"https:\\\/\\\/kt.gov.rs\\\/wp-content\\\/uploads\\\/2024\\\/07\\\/1587024819_160420_2-5.jpg\",\"contentUrl\":\"https:\\\/\\\/kt.gov.rs\\\/wp-content\\\/uploads\\\/2024\\\/07\\\/1587024819_160420_2-5.jpg\",\"width\":315,\"height\":230},{\"@type\":\"BreadcrumbList\",\"@id\":\"https:\\\/\\\/kt.gov.rs\\\/sq\\\/projekti-arritja-e-zhvillimit-te-qendrueshem-duke-menduar-mundemi-online\\\/#breadcrumb\",\"itemListElement\":[{\"@type\":\"ListItem\",\"position\":1,\"name\":\"\u041f\u043e\u0447\u0435\u0442\u043d\u0430\",\"item\":\"https:\\\/\\\/kt.gov.rs\\\/sq\\\/\"},{\"@type\":\"ListItem\",\"position\":2,\"name\":\"PROJEKTI \u201cARRITJA E ZHVILLIMIT T\u00cb Q\u00cbNDRUESH\u00cbM DUKE MENDUAR \u201c-MUNDEMI ONLINE!\"}]},{\"@type\":\"WebSite\",\"@id\":\"https:\\\/\\\/kt.gov.rs\\\/#website\",\"url\":\"https:\\\/\\\/kt.gov.rs\\\/\",\"name\":\"\u041a\u043e\u043e\u0440\u0434\u0438\u043d\u0430\u0446\u0438\u043e\u043d\u043e \u0442\u0435\u043b\u043e \u0412\u043b\u0430\u0434\u0435 \u0420\u0435\u043f\u0443\u0431\u043b\u0438\u043a\u0435 \u0421\u0440\u0431\u0438\u0458\u0435 \u0437\u0430 \u043e\u043f\u0448\u0442\u0438\u043d\u0435 \u041f\u0440\u0435\u0448\u0435\u0432\u043e, \u0411\u0443\u0458\u0430\u043d\u043e\u0432\u0430\u0446 \u0438 \u041c\u0435\u0434\u0432\u0435\u0452a\",\"description\":\"\",\"publisher\":{\"@id\":\"https:\\\/\\\/kt.gov.rs\\\/#organization\"},\"alternateName\":\"\u041a\u043e\u043e\u0440\u0434\u0438\u043d\u0430\u0446\u0438\u043e\u043d\u043e \u0442\u0435\u043b\u043e\",\"potentialAction\":[{\"@type\":\"SearchAction\",\"target\":{\"@type\":\"EntryPoint\",\"urlTemplate\":\"https:\\\/\\\/kt.gov.rs\\\/?s={search_term_string}\"},\"query-input\":{\"@type\":\"PropertyValueSpecification\",\"valueRequired\":true,\"valueName\":\"search_term_string\"}}],\"inLanguage\":\"sq-AL\"},{\"@type\":\"Organization\",\"@id\":\"https:\\\/\\\/kt.gov.rs\\\/#organization\",\"name\":\"\u041a\u043e\u043e\u0440\u0434\u0438\u043d\u0430\u0446\u0438\u043e\u043d\u043e \u0442\u0435\u043b\u043e \u0412\u043b\u0430\u0434\u0435 \u0420\u0435\u043f\u0443\u0431\u043b\u0438\u043a\u0435 \u0421\u0440\u0431\u0438\u0458\u0435 \u0437\u0430 \u043e\u043f\u0448\u0442\u0438\u043d\u0435 \u041f\u0440\u0435\u0448\u0435\u0432\u043e, \u0411\u0443\u0458\u0430\u043d\u043e\u0432\u0430\u0446 \u0438 \u041c\u0435\u0434\u0432\u0435\u0452a\",\"alternateName\":\"\u041a\u043e\u043e\u0440\u0434\u0438\u043d\u0430\u0446\u0438\u043e\u043d\u043e \u0442\u0435\u043b\u043e\",\"url\":\"https:\\\/\\\/kt.gov.rs\\\/\",\"logo\":{\"@type\":\"ImageObject\",\"inLanguage\":\"sq-AL\",\"@id\":\"https:\\\/\\\/kt.gov.rs\\\/#\\\/schema\\\/logo\\\/image\\\/\",\"url\":\"https:\\\/\\\/kt.gov.rs\\\/wp-content\\\/uploads\\\/2024\\\/12\\\/koord2.jpg\",\"contentUrl\":\"https:\\\/\\\/kt.gov.rs\\\/wp-content\\\/uploads\\\/2024\\\/12\\\/koord2.jpg\",\"width\":640,\"height\":480,\"caption\":\"\u041a\u043e\u043e\u0440\u0434\u0438\u043d\u0430\u0446\u0438\u043e\u043d\u043e \u0442\u0435\u043b\u043e \u0412\u043b\u0430\u0434\u0435 \u0420\u0435\u043f\u0443\u0431\u043b\u0438\u043a\u0435 \u0421\u0440\u0431\u0438\u0458\u0435 \u0437\u0430 \u043e\u043f\u0448\u0442\u0438\u043d\u0435 \u041f\u0440\u0435\u0448\u0435\u0432\u043e, \u0411\u0443\u0458\u0430\u043d\u043e\u0432\u0430\u0446 \u0438 \u041c\u0435\u0434\u0432\u0435\u0452a\"},\"image\":{\"@id\":\"https:\\\/\\\/kt.gov.rs\\\/#\\\/schema\\\/logo\\\/image\\\/\"},\"sameAs\":[\"https:\\\/\\\/www.facebook.com\\\/SluzbaKoordinacionogTelaVladeRepublikeSrbije\",\"https:\\\/\\\/x.com\\\/kt_gov\",\"https:\\\/\\\/www.youtube.com\\\/@koordinacionotelo\"]},{\"@type\":\"Person\",\"@id\":\"https:\\\/\\\/kt.gov.rs\\\/#\\\/schema\\\/person\\\/e426459ddb4173309103390602694571\",\"name\":\"ktmin\",\"image\":{\"@type\":\"ImageObject\",\"inLanguage\":\"sq-AL\",\"@id\":\"https:\\\/\\\/secure.gravatar.com\\\/avatar\\\/3985c961109853010c3fbc7ba30365bfba5db3dd6c525831d9c595c7525a615a?s=96&d=mm&r=g\",\"url\":\"https:\\\/\\\/secure.gravatar.com\\\/avatar\\\/3985c961109853010c3fbc7ba30365bfba5db3dd6c525831d9c595c7525a615a?s=96&d=mm&r=g\",\"contentUrl\":\"https:\\\/\\\/secure.gravatar.com\\\/avatar\\\/3985c961109853010c3fbc7ba30365bfba5db3dd6c525831d9c595c7525a615a?s=96&d=mm&r=g\",\"caption\":\"ktmin\"},\"sameAs\":[\"https:\\\/\\\/kt.gov.rs\"],\"url\":\"https:\\\/\\\/kt.gov.rs\\\/sq\\\/author\\\/ktmin\\\/\"}]}<\/script>\n<!-- \/ Yoast SEO plugin. -->","yoast_head_json":{"title":"PROJEKTI \"ARRITJA E ZHVILLIMIT T\u00cb Q\u00cbNDRUESH\u00cbM DUKE MENDUAR \"-MUNDEMI ONLINE! - Republika e S\u00ebrbis\u00eb Trupi Koordinues p\u00ebr komunat Bujanoc, Preshev\u00eb dhe Medvegj\u00eb","robots":{"index":"index","follow":"follow","max-snippet":"max-snippet:-1","max-image-preview":"max-image-preview:large","max-video-preview":"max-video-preview:-1"},"canonical":"https:\/\/kt.gov.rs\/sq\/projekti-arritja-e-zhvillimit-te-qendrueshem-duke-menduar-mundemi-online\/","og_locale":"sq_AL","og_type":"article","og_title":"PROJEKTI \"ARRITJA E ZHVILLIMIT T\u00cb Q\u00cbNDRUESH\u00cbM DUKE MENDUAR \"-MUNDEMI ONLINE! - Republika e S\u00ebrbis\u00eb Trupi Koordinues p\u00ebr komunat Bujanoc, Preshev\u00eb dhe Medvegj\u00eb","og_description":"Aktivitetet e projektit &quot;Arritja e zhvillimit t\u00eb q\u00ebndruesh\u00ebm duke menduar&quot; jan\u00eb p\u00ebrshtatur p\u00ebr nevojat n\u00eb internet.\u00a0 Jan\u00eb gjetur zgjidhje alternative\u00a0 si\u00e7 jan\u00eb platformat n\u00eb internet dhe mjetet e komunikimit.","og_url":"https:\/\/kt.gov.rs\/sq\/projekti-arritja-e-zhvillimit-te-qendrueshem-duke-menduar-mundemi-online\/","og_site_name":"Republika e S\u00ebrbis\u00eb Trupi Koordinues p\u00ebr komunat Bujanoc, Preshev\u00eb dhe Medvegj\u00eb","article_publisher":"https:\/\/www.facebook.com\/SluzbaKoordinacionogTelaVladeRepublikeSrbije","article_published_time":"2020-04-16T00:00:00+00:00","article_modified_time":"2024-07-30T18:05:42+00:00","og_image":[{"width":315,"height":230,"url":"https:\/\/kt.gov.rs\/wp-content\/uploads\/2024\/07\/1587024819_160420_2-5.jpg","type":"image\/jpeg"}],"author":"ktmin","twitter_card":"summary_large_image","twitter_creator":"@kt_gov","twitter_site":"@kt_gov","twitter_misc":{"Written by":"ktmin","Est. reading time":"3 minutes"},"schema":{"@context":"https:\/\/schema.org","@graph":[{"@type":"Article","@id":"https:\/\/kt.gov.rs\/sq\/projekti-arritja-e-zhvillimit-te-qendrueshem-duke-menduar-mundemi-online\/#article","isPartOf":{"@id":"https:\/\/kt.gov.rs\/sq\/projekti-arritja-e-zhvillimit-te-qendrueshem-duke-menduar-mundemi-online\/"},"author":{"name":"ktmin","@id":"https:\/\/kt.gov.rs\/#\/schema\/person\/e426459ddb4173309103390602694571"},"headline":"PROJEKTI \u201cARRITJA E ZHVILLIMIT T\u00cb Q\u00cbNDRUESH\u00cbM DUKE MENDUAR \u201c-MUNDEMI ONLINE!","datePublished":"2020-04-16T00:00:00+00:00","dateModified":"2024-07-30T18:05:42+00:00","mainEntityOfPage":{"@id":"https:\/\/kt.gov.rs\/sq\/projekti-arritja-e-zhvillimit-te-qendrueshem-duke-menduar-mundemi-online\/"},"wordCount":524,"publisher":{"@id":"https:\/\/kt.gov.rs\/#organization"},"image":{"@id":"https:\/\/kt.gov.rs\/sq\/projekti-arritja-e-zhvillimit-te-qendrueshem-duke-menduar-mundemi-online\/#primaryimage"},"thumbnailUrl":"https:\/\/kt.gov.rs\/wp-content\/uploads\/2024\/07\/1587024819_160420_2-5.jpg","articleSection":["Lajme"],"inLanguage":"sq-AL"},{"@type":"WebPage","@id":"https:\/\/kt.gov.rs\/sq\/projekti-arritja-e-zhvillimit-te-qendrueshem-duke-menduar-mundemi-online\/","url":"https:\/\/kt.gov.rs\/sq\/projekti-arritja-e-zhvillimit-te-qendrueshem-duke-menduar-mundemi-online\/","name":"PROJEKTI \"ARRITJA E ZHVILLIMIT T\u00cb Q\u00cbNDRUESH\u00cbM DUKE MENDUAR \"-MUNDEMI ONLINE! - Republika e S\u00ebrbis\u00eb Trupi Koordinues p\u00ebr komunat Bujanoc, Preshev\u00eb dhe Medvegj\u00eb","isPartOf":{"@id":"https:\/\/kt.gov.rs\/#website"},"primaryImageOfPage":{"@id":"https:\/\/kt.gov.rs\/sq\/projekti-arritja-e-zhvillimit-te-qendrueshem-duke-menduar-mundemi-online\/#primaryimage"},"image":{"@id":"https:\/\/kt.gov.rs\/sq\/projekti-arritja-e-zhvillimit-te-qendrueshem-duke-menduar-mundemi-online\/#primaryimage"},"thumbnailUrl":"https:\/\/kt.gov.rs\/wp-content\/uploads\/2024\/07\/1587024819_160420_2-5.jpg","datePublished":"2020-04-16T00:00:00+00:00","dateModified":"2024-07-30T18:05:42+00:00","breadcrumb":{"@id":"https:\/\/kt.gov.rs\/sq\/projekti-arritja-e-zhvillimit-te-qendrueshem-duke-menduar-mundemi-online\/#breadcrumb"},"inLanguage":"sq-AL","potentialAction":[{"@type":"ReadAction","target":["https:\/\/kt.gov.rs\/sq\/projekti-arritja-e-zhvillimit-te-qendrueshem-duke-menduar-mundemi-online\/"]}]},{"@type":"ImageObject","inLanguage":"sq-AL","@id":"https:\/\/kt.gov.rs\/sq\/projekti-arritja-e-zhvillimit-te-qendrueshem-duke-menduar-mundemi-online\/#primaryimage","url":"https:\/\/kt.gov.rs\/wp-content\/uploads\/2024\/07\/1587024819_160420_2-5.jpg","contentUrl":"https:\/\/kt.gov.rs\/wp-content\/uploads\/2024\/07\/1587024819_160420_2-5.jpg","width":315,"height":230},{"@type":"BreadcrumbList","@id":"https:\/\/kt.gov.rs\/sq\/projekti-arritja-e-zhvillimit-te-qendrueshem-duke-menduar-mundemi-online\/#breadcrumb","itemListElement":[{"@type":"ListItem","position":1,"name":"\u041f\u043e\u0447\u0435\u0442\u043d\u0430","item":"https:\/\/kt.gov.rs\/sq\/"},{"@type":"ListItem","position":2,"name":"PROJEKTI \u201cARRITJA E ZHVILLIMIT T\u00cb Q\u00cbNDRUESH\u00cbM DUKE MENDUAR \u201c-MUNDEMI ONLINE!"}]},{"@type":"WebSite","@id":"https:\/\/kt.gov.rs\/#website","url":"https:\/\/kt.gov.rs\/","name":"\u041a\u043e\u043e\u0440\u0434\u0438\u043d\u0430\u0446\u0438\u043e\u043d\u043e \u0442\u0435\u043b\u043e \u0412\u043b\u0430\u0434\u0435 \u0420\u0435\u043f\u0443\u0431\u043b\u0438\u043a\u0435 \u0421\u0440\u0431\u0438\u0458\u0435 \u0437\u0430 \u043e\u043f\u0448\u0442\u0438\u043d\u0435 \u041f\u0440\u0435\u0448\u0435\u0432\u043e, \u0411\u0443\u0458\u0430\u043d\u043e\u0432\u0430\u0446 \u0438 \u041c\u0435\u0434\u0432\u0435\u0452a","description":"","publisher":{"@id":"https:\/\/kt.gov.rs\/#organization"},"alternateName":"\u041a\u043e\u043e\u0440\u0434\u0438\u043d\u0430\u0446\u0438\u043e\u043d\u043e \u0442\u0435\u043b\u043e","potentialAction":[{"@type":"SearchAction","target":{"@type":"EntryPoint","urlTemplate":"https:\/\/kt.gov.rs\/?s={search_term_string}"},"query-input":{"@type":"PropertyValueSpecification","valueRequired":true,"valueName":"search_term_string"}}],"inLanguage":"sq-AL"},{"@type":"Organization","@id":"https:\/\/kt.gov.rs\/#organization","name":"\u041a\u043e\u043e\u0440\u0434\u0438\u043d\u0430\u0446\u0438\u043e\u043d\u043e \u0442\u0435\u043b\u043e \u0412\u043b\u0430\u0434\u0435 \u0420\u0435\u043f\u0443\u0431\u043b\u0438\u043a\u0435 \u0421\u0440\u0431\u0438\u0458\u0435 \u0437\u0430 \u043e\u043f\u0448\u0442\u0438\u043d\u0435 \u041f\u0440\u0435\u0448\u0435\u0432\u043e, \u0411\u0443\u0458\u0430\u043d\u043e\u0432\u0430\u0446 \u0438 \u041c\u0435\u0434\u0432\u0435\u0452a","alternateName":"\u041a\u043e\u043e\u0440\u0434\u0438\u043d\u0430\u0446\u0438\u043e\u043d\u043e \u0442\u0435\u043b\u043e","url":"https:\/\/kt.gov.rs\/","logo":{"@type":"ImageObject","inLanguage":"sq-AL","@id":"https:\/\/kt.gov.rs\/#\/schema\/logo\/image\/","url":"https:\/\/kt.gov.rs\/wp-content\/uploads\/2024\/12\/koord2.jpg","contentUrl":"https:\/\/kt.gov.rs\/wp-content\/uploads\/2024\/12\/koord2.jpg","width":640,"height":480,"caption":"\u041a\u043e\u043e\u0440\u0434\u0438\u043d\u0430\u0446\u0438\u043e\u043d\u043e \u0442\u0435\u043b\u043e \u0412\u043b\u0430\u0434\u0435 \u0420\u0435\u043f\u0443\u0431\u043b\u0438\u043a\u0435 \u0421\u0440\u0431\u0438\u0458\u0435 \u0437\u0430 \u043e\u043f\u0448\u0442\u0438\u043d\u0435 \u041f\u0440\u0435\u0448\u0435\u0432\u043e, \u0411\u0443\u0458\u0430\u043d\u043e\u0432\u0430\u0446 \u0438 \u041c\u0435\u0434\u0432\u0435\u0452a"},"image":{"@id":"https:\/\/kt.gov.rs\/#\/schema\/logo\/image\/"},"sameAs":["https:\/\/www.facebook.com\/SluzbaKoordinacionogTelaVladeRepublikeSrbije","https:\/\/x.com\/kt_gov","https:\/\/www.youtube.com\/@koordinacionotelo"]},{"@type":"Person","@id":"https:\/\/kt.gov.rs\/#\/schema\/person\/e426459ddb4173309103390602694571","name":"ktmin","image":{"@type":"ImageObject","inLanguage":"sq-AL","@id":"https:\/\/secure.gravatar.com\/avatar\/3985c961109853010c3fbc7ba30365bfba5db3dd6c525831d9c595c7525a615a?s=96&d=mm&r=g","url":"https:\/\/secure.gravatar.com\/avatar\/3985c961109853010c3fbc7ba30365bfba5db3dd6c525831d9c595c7525a615a?s=96&d=mm&r=g","contentUrl":"https:\/\/secure.gravatar.com\/avatar\/3985c961109853010c3fbc7ba30365bfba5db3dd6c525831d9c595c7525a615a?s=96&d=mm&r=g","caption":"ktmin"},"sameAs":["https:\/\/kt.gov.rs"],"url":"https:\/\/kt.gov.rs\/sq\/author\/ktmin\/"}]}},"_links":{"self":[{"href":"https:\/\/kt.gov.rs\/sq\/wp-json\/wp\/v2\/posts\/113138","targetHints":{"allow":["GET"]}}],"collection":[{"href":"https:\/\/kt.gov.rs\/sq\/wp-json\/wp\/v2\/posts"}],"about":[{"href":"https:\/\/kt.gov.rs\/sq\/wp-json\/wp\/v2\/types\/post"}],"author":[{"embeddable":true,"href":"https:\/\/kt.gov.rs\/sq\/wp-json\/wp\/v2\/users\/1"}],"replies":[{"embeddable":true,"href":"https:\/\/kt.gov.rs\/sq\/wp-json\/wp\/v2\/comments?post=113138"}],"version-history":[{"count":1,"href":"https:\/\/kt.gov.rs\/sq\/wp-json\/wp\/v2\/posts\/113138\/revisions"}],"predecessor-version":[{"id":113142,"href":"https:\/\/kt.gov.rs\/sq\/wp-json\/wp\/v2\/posts\/113138\/revisions\/113142"}],"wp:featuredmedia":[{"embeddable":true,"href":"https:\/\/kt.gov.rs\/sq\/wp-json\/wp\/v2\/media\/113143"}],"wp:attachment":[{"href":"https:\/\/kt.gov.rs\/sq\/wp-json\/wp\/v2\/media?parent=113138"}],"wp:term":[{"taxonomy":"category","embeddable":true,"href":"https:\/\/kt.gov.rs\/sq\/wp-json\/wp\/v2\/categories?post=113138"},{"taxonomy":"post_tag","embeddable":true,"href":"https:\/\/kt.gov.rs\/sq\/wp-json\/wp\/v2\/tags?post=113138"}],"curies":[{"name":"wp","href":"https:\/\/api.w.org\/{rel}","templated":true}]}}