{"id":113098,"date":"2020-04-22T00:00:00","date_gmt":"2020-04-22T00:00:00","guid":{"rendered":"http:\/\/kt.printandscreen.rs\/a-na-ka-mesuar-karantina-qe-te-punojme-nga-shtepia\/"},"modified":"2024-07-30T18:05:35","modified_gmt":"2024-07-30T18:05:35","slug":"a-na-ka-mesuar-karantina-qe-te-punojme-nga-shtepia","status":"publish","type":"post","link":"https:\/\/kt.gov.rs\/sq\/a-na-ka-mesuar-karantina-qe-te-punojme-nga-shtepia\/","title":{"rendered":"A NA KA M\u00cbSUAR KARANTINA Q\u00cb T\u00cb PUNOJM\u00cb NGA SHT\u00cbPIA?"},"content":{"rendered":"<p>\n\t<img decoding=\"async\" alt=\"\" src=\"https:\/\/kt.gov.rs\/wp-content\/uploads\/2024\/07\/1587543417_220420_3-4.jpg\" style=\"width: 315px; height: 230px; float: left;\" \/><\/p>\n<p>\n\tQendra e Hulumtimit t\u00eb Politikave kryen hulumtime n\u00eb internet: A na ka m\u00ebsuar karantina t\u00eb punojm\u00eb nga sht\u00ebpia?<\/p>\n<p>\n\tShum\u00eb prej nesh kan\u00eb hyr\u00eb n\u00eb transformimin dixhital t\u00eb Serbis\u00eb duke u b\u00ebr\u00eb papritur sht\u00ebpia e tyre zyre. P\u00ebrpara jush \u00ebsht\u00eb nj\u00eb studim n\u00eb t\u00eb cilin ne duam t\u00eb zbulojm\u00eb se si jeni gjindur: Cila \u00ebsht\u00eb koha juaj e pun\u00ebs? A keni arritur t\u00eb organizoheni dhe t\u00eb p\u00ebrqendroheni n\u00eb pun\u00eb? \u00c7far\u00eb t\u00eb mungon, kafja me koleg\u00ebt dhe kontakti i ngusht\u00eb apo lidhja e mir\u00eb n\u00eb internet, softveri dhe njohuria p\u00ebr mjeteve n\u00eb internet?<\/p>\n<p>\n\tN\u00eb m\u00ebnyr\u00eb q\u00eb t\u00eb mos e b\u00ebjm\u00eb k\u00ebt\u00eb pun\u00eb transformim gjat\u00eb COVID 19 thjesht nj\u00eb eksperiment jo t\u00eb d\u00ebshiruar, ju ftojm\u00eb t\u00eb merrni pjes\u00eb n\u00eb nj\u00eb studim n\u00eb t\u00eb cilin d\u00ebshirojm\u00eb t\u00eb hedhim drit\u00eb n\u00eb infrastruktur\u00ebn ton\u00eb dhe aft\u00ebsit\u00eb e pun\u00ebdh\u00ebn\u00ebsve p\u00ebr nj\u00eb transformim t\u00eb till\u00eb, dhe t\u00eb kuptojm\u00eb se cilat aft\u00ebsi na mungojn\u00eb dhe \u00e7far\u00eb na mungon. Q\u00ebllimi \u00ebsht\u00eb t\u00eb nxjerrim m\u00ebsime dhe t\u00eb b\u00ebjm\u00eb rekomandime q\u00eb ndihmojn\u00eb punonj\u00ebsit, pun\u00ebdh\u00ebn\u00ebsit dhe politik\u00eb-b\u00ebr\u00ebsit q\u00eb t\u00eb p\u00ebrmbushin m\u00eb mir\u00eb t\u00eb ardhmen. Ky hulumtim \u00ebsht\u00eb realizuar nga Qendra p\u00ebr Hulumtime t\u00eb Politikave, organizat\u00eb jofitimprur\u00ebse dhe joqeveritare q\u00eb shikon t\u00eb ardhmen e pun\u00ebs dhe p\u00ebrfaq\u00ebson vlerat e pun\u00ebsimit t\u00eb duhur dhe t\u00eb jet\u00ebs.<\/p>\n<p>\n\tPjes\u00ebmarrja n\u00eb studim \u00ebsht\u00eb mbi baza vullnetare. P\u00ebrfundimi i sondazhit zgjat 10 minuta, \u00ebsht\u00eb anonim dhe p\u00ebrgjigjet tuaja jan\u00eb plot\u00ebsisht konfidenciale dhe do t\u00eb p\u00ebrdoren n\u00eb m\u00ebnyr\u00eb t\u00eb p\u00ebrmbledhur p\u00ebr q\u00ebllime k\u00ebrkimore.<\/p>\n<p>\n\t\u0410nket\u00ebn mund ta gjeni n\u00eb k\u00ebt n\u00eb linkw <a href=\"https:\/\/docs.google.com\/forms\/d\/e\/1FAIpQLSfPsvQXvA1Nr6UfN3Zlm0ofhlPfIl_4sKHYCqSOaMBEiZLMAw\/viewform\">https:\/\/docs.google.com\/forms\/d\/e\/1FAIpQLSfPsvQXvA1Nr6UfN3Zlm0ofhlPfIl_4sKHYCqSOaMBEiZLMAw\/viewform<\/a><\/p>\n<p>\n\t<strong>Burimi: Qendra p\u00ebr Hulumtimin e Politikave Publike dhe\u00a0 Trupi Koordinues<\/strong><\/p>\n<p>\n\t\u00a0<\/p>\n","protected":false},"excerpt":{"rendered":"<p>Qendra e Hulumtimit t\u00eb Politikave kryen hulumtime n\u00eb internet: A na ka m\u00ebsuar karantina t\u00eb punojm\u00eb nga sht\u00ebpia?<\/p>\n","protected":false},"author":1,"featured_media":113103,"comment_status":"closed","ping_status":"closed","sticky":false,"template":"","format":"standard","meta":{"footnotes":""},"categories":[55],"tags":[],"class_list":["post-113098","post","type-post","status-publish","format-standard","has-post-thumbnail","hentry","category-lajme"],"yoast_head":"<!-- This site is optimized with the Yoast SEO plugin v27.5 - https:\/\/yoast.com\/product\/yoast-seo-wordpress\/ -->\n<title>A NA KA M\u00cbSUAR KARANTINA Q\u00cb T\u00cb PUNOJM\u00cb NGA SHT\u00cbPIA? - Republika e S\u00ebrbis\u00eb Trupi Koordinues p\u00ebr komunat Bujanoc, Preshev\u00eb dhe Medvegj\u00eb<\/title>\n<meta name=\"robots\" content=\"index, follow, max-snippet:-1, max-image-preview:large, max-video-preview:-1\" \/>\n<link rel=\"canonical\" href=\"https:\/\/kt.gov.rs\/sq\/a-na-ka-mesuar-karantina-qe-te-punojme-nga-shtepia\/\" \/>\n<meta property=\"og:locale\" content=\"sq_AL\" \/>\n<meta property=\"og:type\" content=\"article\" \/>\n<meta property=\"og:title\" content=\"A NA KA M\u00cbSUAR KARANTINA Q\u00cb T\u00cb PUNOJM\u00cb NGA SHT\u00cbPIA? - Republika e S\u00ebrbis\u00eb Trupi Koordinues p\u00ebr komunat Bujanoc, Preshev\u00eb dhe Medvegj\u00eb\" \/>\n<meta property=\"og:description\" content=\"Qendra e Hulumtimit t\u00eb Politikave kryen hulumtime n\u00eb internet: A na ka m\u00ebsuar karantina t\u00eb punojm\u00eb nga sht\u00ebpia?\" \/>\n<meta property=\"og:url\" content=\"https:\/\/kt.gov.rs\/sq\/a-na-ka-mesuar-karantina-qe-te-punojme-nga-shtepia\/\" \/>\n<meta property=\"og:site_name\" content=\"Republika e S\u00ebrbis\u00eb Trupi Koordinues p\u00ebr komunat Bujanoc, Preshev\u00eb dhe Medvegj\u00eb\" \/>\n<meta property=\"article:publisher\" content=\"https:\/\/www.facebook.com\/SluzbaKoordinacionogTelaVladeRepublikeSrbije\" \/>\n<meta property=\"article:published_time\" content=\"2020-04-22T00:00:00+00:00\" \/>\n<meta property=\"article:modified_time\" content=\"2024-07-30T18:05:35+00:00\" \/>\n<meta property=\"og:image\" content=\"https:\/\/kt.gov.rs\/wp-content\/uploads\/2024\/07\/1587543417_220420_3-5.jpg\" \/>\n\t<meta property=\"og:image:width\" content=\"315\" \/>\n\t<meta property=\"og:image:height\" content=\"230\" \/>\n\t<meta property=\"og:image:type\" content=\"image\/jpeg\" \/>\n<meta name=\"author\" content=\"ktmin\" \/>\n<meta name=\"twitter:card\" content=\"summary_large_image\" \/>\n<meta name=\"twitter:creator\" content=\"@kt_gov\" \/>\n<meta name=\"twitter:site\" content=\"@kt_gov\" \/>\n<meta name=\"twitter:label1\" content=\"Written by\" \/>\n\t<meta name=\"twitter:data1\" content=\"ktmin\" \/>\n\t<meta name=\"twitter:label2\" content=\"Est. reading time\" \/>\n\t<meta name=\"twitter:data2\" content=\"2 minutes\" \/>\n<script type=\"application\/ld+json\" class=\"yoast-schema-graph\">{\"@context\":\"https:\\\/\\\/schema.org\",\"@graph\":[{\"@type\":\"Article\",\"@id\":\"https:\\\/\\\/kt.gov.rs\\\/sq\\\/a-na-ka-mesuar-karantina-qe-te-punojme-nga-shtepia\\\/#article\",\"isPartOf\":{\"@id\":\"https:\\\/\\\/kt.gov.rs\\\/sq\\\/a-na-ka-mesuar-karantina-qe-te-punojme-nga-shtepia\\\/\"},\"author\":{\"name\":\"ktmin\",\"@id\":\"https:\\\/\\\/kt.gov.rs\\\/#\\\/schema\\\/person\\\/e426459ddb4173309103390602694571\"},\"headline\":\"A NA KA M\u00cbSUAR KARANTINA Q\u00cb T\u00cb PUNOJM\u00cb NGA SHT\u00cbPIA?\",\"datePublished\":\"2020-04-22T00:00:00+00:00\",\"dateModified\":\"2024-07-30T18:05:35+00:00\",\"mainEntityOfPage\":{\"@id\":\"https:\\\/\\\/kt.gov.rs\\\/sq\\\/a-na-ka-mesuar-karantina-qe-te-punojme-nga-shtepia\\\/\"},\"wordCount\":475,\"publisher\":{\"@id\":\"https:\\\/\\\/kt.gov.rs\\\/#organization\"},\"image\":{\"@id\":\"https:\\\/\\\/kt.gov.rs\\\/sq\\\/a-na-ka-mesuar-karantina-qe-te-punojme-nga-shtepia\\\/#primaryimage\"},\"thumbnailUrl\":\"https:\\\/\\\/kt.gov.rs\\\/wp-content\\\/uploads\\\/2024\\\/07\\\/1587543417_220420_3-5.jpg\",\"articleSection\":[\"Lajme\"],\"inLanguage\":\"sq-AL\"},{\"@type\":\"WebPage\",\"@id\":\"https:\\\/\\\/kt.gov.rs\\\/sq\\\/a-na-ka-mesuar-karantina-qe-te-punojme-nga-shtepia\\\/\",\"url\":\"https:\\\/\\\/kt.gov.rs\\\/sq\\\/a-na-ka-mesuar-karantina-qe-te-punojme-nga-shtepia\\\/\",\"name\":\"A NA KA M\u00cbSUAR KARANTINA Q\u00cb T\u00cb PUNOJM\u00cb NGA SHT\u00cbPIA? - Republika e S\u00ebrbis\u00eb Trupi Koordinues p\u00ebr komunat Bujanoc, Preshev\u00eb dhe Medvegj\u00eb\",\"isPartOf\":{\"@id\":\"https:\\\/\\\/kt.gov.rs\\\/#website\"},\"primaryImageOfPage\":{\"@id\":\"https:\\\/\\\/kt.gov.rs\\\/sq\\\/a-na-ka-mesuar-karantina-qe-te-punojme-nga-shtepia\\\/#primaryimage\"},\"image\":{\"@id\":\"https:\\\/\\\/kt.gov.rs\\\/sq\\\/a-na-ka-mesuar-karantina-qe-te-punojme-nga-shtepia\\\/#primaryimage\"},\"thumbnailUrl\":\"https:\\\/\\\/kt.gov.rs\\\/wp-content\\\/uploads\\\/2024\\\/07\\\/1587543417_220420_3-5.jpg\",\"datePublished\":\"2020-04-22T00:00:00+00:00\",\"dateModified\":\"2024-07-30T18:05:35+00:00\",\"breadcrumb\":{\"@id\":\"https:\\\/\\\/kt.gov.rs\\\/sq\\\/a-na-ka-mesuar-karantina-qe-te-punojme-nga-shtepia\\\/#breadcrumb\"},\"inLanguage\":\"sq-AL\",\"potentialAction\":[{\"@type\":\"ReadAction\",\"target\":[\"https:\\\/\\\/kt.gov.rs\\\/sq\\\/a-na-ka-mesuar-karantina-qe-te-punojme-nga-shtepia\\\/\"]}]},{\"@type\":\"ImageObject\",\"inLanguage\":\"sq-AL\",\"@id\":\"https:\\\/\\\/kt.gov.rs\\\/sq\\\/a-na-ka-mesuar-karantina-qe-te-punojme-nga-shtepia\\\/#primaryimage\",\"url\":\"https:\\\/\\\/kt.gov.rs\\\/wp-content\\\/uploads\\\/2024\\\/07\\\/1587543417_220420_3-5.jpg\",\"contentUrl\":\"https:\\\/\\\/kt.gov.rs\\\/wp-content\\\/uploads\\\/2024\\\/07\\\/1587543417_220420_3-5.jpg\",\"width\":315,\"height\":230},{\"@type\":\"BreadcrumbList\",\"@id\":\"https:\\\/\\\/kt.gov.rs\\\/sq\\\/a-na-ka-mesuar-karantina-qe-te-punojme-nga-shtepia\\\/#breadcrumb\",\"itemListElement\":[{\"@type\":\"ListItem\",\"position\":1,\"name\":\"\u041f\u043e\u0447\u0435\u0442\u043d\u0430\",\"item\":\"https:\\\/\\\/kt.gov.rs\\\/sq\\\/\"},{\"@type\":\"ListItem\",\"position\":2,\"name\":\"A NA KA M\u00cbSUAR KARANTINA Q\u00cb T\u00cb PUNOJM\u00cb NGA SHT\u00cbPIA?\"}]},{\"@type\":\"WebSite\",\"@id\":\"https:\\\/\\\/kt.gov.rs\\\/#website\",\"url\":\"https:\\\/\\\/kt.gov.rs\\\/\",\"name\":\"\u041a\u043e\u043e\u0440\u0434\u0438\u043d\u0430\u0446\u0438\u043e\u043d\u043e \u0442\u0435\u043b\u043e \u0412\u043b\u0430\u0434\u0435 \u0420\u0435\u043f\u0443\u0431\u043b\u0438\u043a\u0435 \u0421\u0440\u0431\u0438\u0458\u0435 \u0437\u0430 \u043e\u043f\u0448\u0442\u0438\u043d\u0435 \u041f\u0440\u0435\u0448\u0435\u0432\u043e, \u0411\u0443\u0458\u0430\u043d\u043e\u0432\u0430\u0446 \u0438 \u041c\u0435\u0434\u0432\u0435\u0452a\",\"description\":\"\",\"publisher\":{\"@id\":\"https:\\\/\\\/kt.gov.rs\\\/#organization\"},\"alternateName\":\"\u041a\u043e\u043e\u0440\u0434\u0438\u043d\u0430\u0446\u0438\u043e\u043d\u043e \u0442\u0435\u043b\u043e\",\"potentialAction\":[{\"@type\":\"SearchAction\",\"target\":{\"@type\":\"EntryPoint\",\"urlTemplate\":\"https:\\\/\\\/kt.gov.rs\\\/?s={search_term_string}\"},\"query-input\":{\"@type\":\"PropertyValueSpecification\",\"valueRequired\":true,\"valueName\":\"search_term_string\"}}],\"inLanguage\":\"sq-AL\"},{\"@type\":\"Organization\",\"@id\":\"https:\\\/\\\/kt.gov.rs\\\/#organization\",\"name\":\"\u041a\u043e\u043e\u0440\u0434\u0438\u043d\u0430\u0446\u0438\u043e\u043d\u043e \u0442\u0435\u043b\u043e \u0412\u043b\u0430\u0434\u0435 \u0420\u0435\u043f\u0443\u0431\u043b\u0438\u043a\u0435 \u0421\u0440\u0431\u0438\u0458\u0435 \u0437\u0430 \u043e\u043f\u0448\u0442\u0438\u043d\u0435 \u041f\u0440\u0435\u0448\u0435\u0432\u043e, \u0411\u0443\u0458\u0430\u043d\u043e\u0432\u0430\u0446 \u0438 \u041c\u0435\u0434\u0432\u0435\u0452a\",\"alternateName\":\"\u041a\u043e\u043e\u0440\u0434\u0438\u043d\u0430\u0446\u0438\u043e\u043d\u043e \u0442\u0435\u043b\u043e\",\"url\":\"https:\\\/\\\/kt.gov.rs\\\/\",\"logo\":{\"@type\":\"ImageObject\",\"inLanguage\":\"sq-AL\",\"@id\":\"https:\\\/\\\/kt.gov.rs\\\/#\\\/schema\\\/logo\\\/image\\\/\",\"url\":\"https:\\\/\\\/kt.gov.rs\\\/wp-content\\\/uploads\\\/2024\\\/12\\\/koord2.jpg\",\"contentUrl\":\"https:\\\/\\\/kt.gov.rs\\\/wp-content\\\/uploads\\\/2024\\\/12\\\/koord2.jpg\",\"width\":640,\"height\":480,\"caption\":\"\u041a\u043e\u043e\u0440\u0434\u0438\u043d\u0430\u0446\u0438\u043e\u043d\u043e \u0442\u0435\u043b\u043e \u0412\u043b\u0430\u0434\u0435 \u0420\u0435\u043f\u0443\u0431\u043b\u0438\u043a\u0435 \u0421\u0440\u0431\u0438\u0458\u0435 \u0437\u0430 \u043e\u043f\u0448\u0442\u0438\u043d\u0435 \u041f\u0440\u0435\u0448\u0435\u0432\u043e, \u0411\u0443\u0458\u0430\u043d\u043e\u0432\u0430\u0446 \u0438 \u041c\u0435\u0434\u0432\u0435\u0452a\"},\"image\":{\"@id\":\"https:\\\/\\\/kt.gov.rs\\\/#\\\/schema\\\/logo\\\/image\\\/\"},\"sameAs\":[\"https:\\\/\\\/www.facebook.com\\\/SluzbaKoordinacionogTelaVladeRepublikeSrbije\",\"https:\\\/\\\/x.com\\\/kt_gov\",\"https:\\\/\\\/www.youtube.com\\\/@koordinacionotelo\"]},{\"@type\":\"Person\",\"@id\":\"https:\\\/\\\/kt.gov.rs\\\/#\\\/schema\\\/person\\\/e426459ddb4173309103390602694571\",\"name\":\"ktmin\",\"image\":{\"@type\":\"ImageObject\",\"inLanguage\":\"sq-AL\",\"@id\":\"https:\\\/\\\/secure.gravatar.com\\\/avatar\\\/3985c961109853010c3fbc7ba30365bfba5db3dd6c525831d9c595c7525a615a?s=96&d=mm&r=g\",\"url\":\"https:\\\/\\\/secure.gravatar.com\\\/avatar\\\/3985c961109853010c3fbc7ba30365bfba5db3dd6c525831d9c595c7525a615a?s=96&d=mm&r=g\",\"contentUrl\":\"https:\\\/\\\/secure.gravatar.com\\\/avatar\\\/3985c961109853010c3fbc7ba30365bfba5db3dd6c525831d9c595c7525a615a?s=96&d=mm&r=g\",\"caption\":\"ktmin\"},\"sameAs\":[\"https:\\\/\\\/kt.gov.rs\"],\"url\":\"https:\\\/\\\/kt.gov.rs\\\/sq\\\/author\\\/ktmin\\\/\"}]}<\/script>\n<!-- \/ Yoast SEO plugin. -->","yoast_head_json":{"title":"A NA KA M\u00cbSUAR KARANTINA Q\u00cb T\u00cb PUNOJM\u00cb NGA SHT\u00cbPIA? - Republika e S\u00ebrbis\u00eb Trupi Koordinues p\u00ebr komunat Bujanoc, Preshev\u00eb dhe Medvegj\u00eb","robots":{"index":"index","follow":"follow","max-snippet":"max-snippet:-1","max-image-preview":"max-image-preview:large","max-video-preview":"max-video-preview:-1"},"canonical":"https:\/\/kt.gov.rs\/sq\/a-na-ka-mesuar-karantina-qe-te-punojme-nga-shtepia\/","og_locale":"sq_AL","og_type":"article","og_title":"A NA KA M\u00cbSUAR KARANTINA Q\u00cb T\u00cb PUNOJM\u00cb NGA SHT\u00cbPIA? - Republika e S\u00ebrbis\u00eb Trupi Koordinues p\u00ebr komunat Bujanoc, Preshev\u00eb dhe Medvegj\u00eb","og_description":"Qendra e Hulumtimit t\u00eb Politikave kryen hulumtime n\u00eb internet: A na ka m\u00ebsuar karantina t\u00eb punojm\u00eb nga sht\u00ebpia?","og_url":"https:\/\/kt.gov.rs\/sq\/a-na-ka-mesuar-karantina-qe-te-punojme-nga-shtepia\/","og_site_name":"Republika e S\u00ebrbis\u00eb Trupi Koordinues p\u00ebr komunat Bujanoc, Preshev\u00eb dhe Medvegj\u00eb","article_publisher":"https:\/\/www.facebook.com\/SluzbaKoordinacionogTelaVladeRepublikeSrbije","article_published_time":"2020-04-22T00:00:00+00:00","article_modified_time":"2024-07-30T18:05:35+00:00","og_image":[{"width":315,"height":230,"url":"https:\/\/kt.gov.rs\/wp-content\/uploads\/2024\/07\/1587543417_220420_3-5.jpg","type":"image\/jpeg"}],"author":"ktmin","twitter_card":"summary_large_image","twitter_creator":"@kt_gov","twitter_site":"@kt_gov","twitter_misc":{"Written by":"ktmin","Est. reading time":"2 minutes"},"schema":{"@context":"https:\/\/schema.org","@graph":[{"@type":"Article","@id":"https:\/\/kt.gov.rs\/sq\/a-na-ka-mesuar-karantina-qe-te-punojme-nga-shtepia\/#article","isPartOf":{"@id":"https:\/\/kt.gov.rs\/sq\/a-na-ka-mesuar-karantina-qe-te-punojme-nga-shtepia\/"},"author":{"name":"ktmin","@id":"https:\/\/kt.gov.rs\/#\/schema\/person\/e426459ddb4173309103390602694571"},"headline":"A NA KA M\u00cbSUAR KARANTINA Q\u00cb T\u00cb PUNOJM\u00cb NGA SHT\u00cbPIA?","datePublished":"2020-04-22T00:00:00+00:00","dateModified":"2024-07-30T18:05:35+00:00","mainEntityOfPage":{"@id":"https:\/\/kt.gov.rs\/sq\/a-na-ka-mesuar-karantina-qe-te-punojme-nga-shtepia\/"},"wordCount":475,"publisher":{"@id":"https:\/\/kt.gov.rs\/#organization"},"image":{"@id":"https:\/\/kt.gov.rs\/sq\/a-na-ka-mesuar-karantina-qe-te-punojme-nga-shtepia\/#primaryimage"},"thumbnailUrl":"https:\/\/kt.gov.rs\/wp-content\/uploads\/2024\/07\/1587543417_220420_3-5.jpg","articleSection":["Lajme"],"inLanguage":"sq-AL"},{"@type":"WebPage","@id":"https:\/\/kt.gov.rs\/sq\/a-na-ka-mesuar-karantina-qe-te-punojme-nga-shtepia\/","url":"https:\/\/kt.gov.rs\/sq\/a-na-ka-mesuar-karantina-qe-te-punojme-nga-shtepia\/","name":"A NA KA M\u00cbSUAR KARANTINA Q\u00cb T\u00cb PUNOJM\u00cb NGA SHT\u00cbPIA? - Republika e S\u00ebrbis\u00eb Trupi Koordinues p\u00ebr komunat Bujanoc, Preshev\u00eb dhe Medvegj\u00eb","isPartOf":{"@id":"https:\/\/kt.gov.rs\/#website"},"primaryImageOfPage":{"@id":"https:\/\/kt.gov.rs\/sq\/a-na-ka-mesuar-karantina-qe-te-punojme-nga-shtepia\/#primaryimage"},"image":{"@id":"https:\/\/kt.gov.rs\/sq\/a-na-ka-mesuar-karantina-qe-te-punojme-nga-shtepia\/#primaryimage"},"thumbnailUrl":"https:\/\/kt.gov.rs\/wp-content\/uploads\/2024\/07\/1587543417_220420_3-5.jpg","datePublished":"2020-04-22T00:00:00+00:00","dateModified":"2024-07-30T18:05:35+00:00","breadcrumb":{"@id":"https:\/\/kt.gov.rs\/sq\/a-na-ka-mesuar-karantina-qe-te-punojme-nga-shtepia\/#breadcrumb"},"inLanguage":"sq-AL","potentialAction":[{"@type":"ReadAction","target":["https:\/\/kt.gov.rs\/sq\/a-na-ka-mesuar-karantina-qe-te-punojme-nga-shtepia\/"]}]},{"@type":"ImageObject","inLanguage":"sq-AL","@id":"https:\/\/kt.gov.rs\/sq\/a-na-ka-mesuar-karantina-qe-te-punojme-nga-shtepia\/#primaryimage","url":"https:\/\/kt.gov.rs\/wp-content\/uploads\/2024\/07\/1587543417_220420_3-5.jpg","contentUrl":"https:\/\/kt.gov.rs\/wp-content\/uploads\/2024\/07\/1587543417_220420_3-5.jpg","width":315,"height":230},{"@type":"BreadcrumbList","@id":"https:\/\/kt.gov.rs\/sq\/a-na-ka-mesuar-karantina-qe-te-punojme-nga-shtepia\/#breadcrumb","itemListElement":[{"@type":"ListItem","position":1,"name":"\u041f\u043e\u0447\u0435\u0442\u043d\u0430","item":"https:\/\/kt.gov.rs\/sq\/"},{"@type":"ListItem","position":2,"name":"A NA KA M\u00cbSUAR KARANTINA Q\u00cb T\u00cb PUNOJM\u00cb NGA SHT\u00cbPIA?"}]},{"@type":"WebSite","@id":"https:\/\/kt.gov.rs\/#website","url":"https:\/\/kt.gov.rs\/","name":"\u041a\u043e\u043e\u0440\u0434\u0438\u043d\u0430\u0446\u0438\u043e\u043d\u043e \u0442\u0435\u043b\u043e \u0412\u043b\u0430\u0434\u0435 \u0420\u0435\u043f\u0443\u0431\u043b\u0438\u043a\u0435 \u0421\u0440\u0431\u0438\u0458\u0435 \u0437\u0430 \u043e\u043f\u0448\u0442\u0438\u043d\u0435 \u041f\u0440\u0435\u0448\u0435\u0432\u043e, \u0411\u0443\u0458\u0430\u043d\u043e\u0432\u0430\u0446 \u0438 \u041c\u0435\u0434\u0432\u0435\u0452a","description":"","publisher":{"@id":"https:\/\/kt.gov.rs\/#organization"},"alternateName":"\u041a\u043e\u043e\u0440\u0434\u0438\u043d\u0430\u0446\u0438\u043e\u043d\u043e \u0442\u0435\u043b\u043e","potentialAction":[{"@type":"SearchAction","target":{"@type":"EntryPoint","urlTemplate":"https:\/\/kt.gov.rs\/?s={search_term_string}"},"query-input":{"@type":"PropertyValueSpecification","valueRequired":true,"valueName":"search_term_string"}}],"inLanguage":"sq-AL"},{"@type":"Organization","@id":"https:\/\/kt.gov.rs\/#organization","name":"\u041a\u043e\u043e\u0440\u0434\u0438\u043d\u0430\u0446\u0438\u043e\u043d\u043e \u0442\u0435\u043b\u043e \u0412\u043b\u0430\u0434\u0435 \u0420\u0435\u043f\u0443\u0431\u043b\u0438\u043a\u0435 \u0421\u0440\u0431\u0438\u0458\u0435 \u0437\u0430 \u043e\u043f\u0448\u0442\u0438\u043d\u0435 \u041f\u0440\u0435\u0448\u0435\u0432\u043e, \u0411\u0443\u0458\u0430\u043d\u043e\u0432\u0430\u0446 \u0438 \u041c\u0435\u0434\u0432\u0435\u0452a","alternateName":"\u041a\u043e\u043e\u0440\u0434\u0438\u043d\u0430\u0446\u0438\u043e\u043d\u043e \u0442\u0435\u043b\u043e","url":"https:\/\/kt.gov.rs\/","logo":{"@type":"ImageObject","inLanguage":"sq-AL","@id":"https:\/\/kt.gov.rs\/#\/schema\/logo\/image\/","url":"https:\/\/kt.gov.rs\/wp-content\/uploads\/2024\/12\/koord2.jpg","contentUrl":"https:\/\/kt.gov.rs\/wp-content\/uploads\/2024\/12\/koord2.jpg","width":640,"height":480,"caption":"\u041a\u043e\u043e\u0440\u0434\u0438\u043d\u0430\u0446\u0438\u043e\u043d\u043e \u0442\u0435\u043b\u043e \u0412\u043b\u0430\u0434\u0435 \u0420\u0435\u043f\u0443\u0431\u043b\u0438\u043a\u0435 \u0421\u0440\u0431\u0438\u0458\u0435 \u0437\u0430 \u043e\u043f\u0448\u0442\u0438\u043d\u0435 \u041f\u0440\u0435\u0448\u0435\u0432\u043e, \u0411\u0443\u0458\u0430\u043d\u043e\u0432\u0430\u0446 \u0438 \u041c\u0435\u0434\u0432\u0435\u0452a"},"image":{"@id":"https:\/\/kt.gov.rs\/#\/schema\/logo\/image\/"},"sameAs":["https:\/\/www.facebook.com\/SluzbaKoordinacionogTelaVladeRepublikeSrbije","https:\/\/x.com\/kt_gov","https:\/\/www.youtube.com\/@koordinacionotelo"]},{"@type":"Person","@id":"https:\/\/kt.gov.rs\/#\/schema\/person\/e426459ddb4173309103390602694571","name":"ktmin","image":{"@type":"ImageObject","inLanguage":"sq-AL","@id":"https:\/\/secure.gravatar.com\/avatar\/3985c961109853010c3fbc7ba30365bfba5db3dd6c525831d9c595c7525a615a?s=96&d=mm&r=g","url":"https:\/\/secure.gravatar.com\/avatar\/3985c961109853010c3fbc7ba30365bfba5db3dd6c525831d9c595c7525a615a?s=96&d=mm&r=g","contentUrl":"https:\/\/secure.gravatar.com\/avatar\/3985c961109853010c3fbc7ba30365bfba5db3dd6c525831d9c595c7525a615a?s=96&d=mm&r=g","caption":"ktmin"},"sameAs":["https:\/\/kt.gov.rs"],"url":"https:\/\/kt.gov.rs\/sq\/author\/ktmin\/"}]}},"_links":{"self":[{"href":"https:\/\/kt.gov.rs\/sq\/wp-json\/wp\/v2\/posts\/113098","targetHints":{"allow":["GET"]}}],"collection":[{"href":"https:\/\/kt.gov.rs\/sq\/wp-json\/wp\/v2\/posts"}],"about":[{"href":"https:\/\/kt.gov.rs\/sq\/wp-json\/wp\/v2\/types\/post"}],"author":[{"embeddable":true,"href":"https:\/\/kt.gov.rs\/sq\/wp-json\/wp\/v2\/users\/1"}],"replies":[{"embeddable":true,"href":"https:\/\/kt.gov.rs\/sq\/wp-json\/wp\/v2\/comments?post=113098"}],"version-history":[{"count":1,"href":"https:\/\/kt.gov.rs\/sq\/wp-json\/wp\/v2\/posts\/113098\/revisions"}],"predecessor-version":[{"id":113102,"href":"https:\/\/kt.gov.rs\/sq\/wp-json\/wp\/v2\/posts\/113098\/revisions\/113102"}],"wp:featuredmedia":[{"embeddable":true,"href":"https:\/\/kt.gov.rs\/sq\/wp-json\/wp\/v2\/media\/113103"}],"wp:attachment":[{"href":"https:\/\/kt.gov.rs\/sq\/wp-json\/wp\/v2\/media?parent=113098"}],"wp:term":[{"taxonomy":"category","embeddable":true,"href":"https:\/\/kt.gov.rs\/sq\/wp-json\/wp\/v2\/categories?post=113098"},{"taxonomy":"post_tag","embeddable":true,"href":"https:\/\/kt.gov.rs\/sq\/wp-json\/wp\/v2\/tags?post=113098"}],"curies":[{"name":"wp","href":"https:\/\/api.w.org\/{rel}","templated":true}]}}