{"id":113074,"date":"2020-04-21T00:00:00","date_gmt":"2020-04-21T00:00:00","guid":{"rendered":"http:\/\/kt.printandscreen.rs\/nga-sot-qeveria-e-republikes-se-serbise-ka-zbutur-masat\/"},"modified":"2024-07-30T18:05:32","modified_gmt":"2024-07-30T18:05:32","slug":"nga-sot-qeveria-e-republikes-se-serbise-ka-zbutur-masat","status":"publish","type":"post","link":"https:\/\/kt.gov.rs\/sq\/nga-sot-qeveria-e-republikes-se-serbise-ka-zbutur-masat\/","title":{"rendered":"NGA SOT QEVERIA E REPUBLIK\u00cbS S\u00cb SERBIS\u00cb KA ZBUTUR MASAT"},"content":{"rendered":"<p>\n\t<img decoding=\"async\" alt=\"\" src=\"https:\/\/kt.gov.rs\/wp-content\/uploads\/2024\/07\/1587458361_210420_1v-4.jpg\" style=\"width: 640px; height: 347px;\" \/><\/p>\n<p>\n\t<strong>Beograd \u2013 <\/strong>Qeveria e Republik\u00ebs s\u00eb Serbis\u00eb ka miratuar masa t\u00eb reja p\u00ebr t\u00eb leht\u00ebsuar masat e caktuara p\u00ebr t\u00eb parandaluar p\u00ebrhapjen koronavirusin q\u00eb hyjn\u00eb n\u00eb fuqi t\u00eb mart\u00ebn, m\u00eb 21 prill 2020.<\/p>\n<p>\n\tN\u00eb p\u00ebrputhje me situat\u00ebn epidemiologjike dhe mendimin e profesionit, u mor\u00ebn vendimet e m\u00ebposhtme:<\/p>\n<p>\n\tOra policore \u00a0do t\u00eb zgjas\u00eb nga ora 18 deri n\u00eb 5 t\u00eb m\u00ebngjesit, n\u00eb vend t\u00eb or\u00ebs 17:00 si m\u00eb par\u00eb.<\/p>\n<p>\n\tQytetar\u00ebt mbi mosh\u00ebn 65 vje\u00e7 do t\u00eb jen\u00eb n\u00eb gjendje t\u00eb b\u00ebjn\u00eb nj\u00eb sh\u00ebtitje gjysm\u00eb ore t\u00eb mart\u00ebn, t\u00eb premten dhe t\u00eb diel\u00ebn. Ata do t\u00eb jen\u00eb n\u00eb gjendje t\u00eb p\u00ebrdorin gjysm\u00eb ore e tyre p\u00ebr sh\u00ebtitje n\u00eb periudh\u00ebn nga ora 18 deri n\u00eb 1, m\u00eb s\u00eb shumti 600 metra nga vendi i vendbanimit.<\/p>\n<p>\n\tPun\u00ebdh\u00ebn\u00ebsve iu \u00ebsht\u00eb lejuar t\u00eb ofrojn\u00eb sh\u00ebrbime t\u00eb tilla si automekanike dhe vulkanizer\u00ebve, k\u00ebpucar\u00ebve, rrobaqep\u00ebs\u00ebve, pastrues\u00ebve kimik, shkolla t\u00eb trajnimit t\u00eb shofer\u00ebve, si dhe pun\u00ebdh\u00ebn\u00ebs n\u00eb fush\u00ebn e tregtis\u00eb me pakic\u00eb \u2013 shitoret e librave, shit\u00ebsit e automjeteve me motor, bi\u00e7ikleta, nautika, mallra teknike, materialet nd\u00ebrtimore.<\/p>\n<p>\n\tTregjet e gjelb\u00ebrta (brenda dhe jasht\u00eb) jan\u00eb rihapur, me zbatimin e t\u00eb gjitha masave paraprake.<\/p>\n<p>\n\tQeveria e Republik\u00ebs s\u00eb Serbis\u00eb ka ftuar pun\u00ebdh\u00ebn\u00ebsit n\u00eb fush\u00ebn e nd\u00ebrtimit (t\u00eb m\u00ebdha dhe t\u00eb vogla) q\u00eb t\u00eb vazhdojn\u00eb t\u00eb punojn\u00eb me kapacitet t\u00eb plot\u00eb nga sot.<\/p>\n<p>\n\tT\u00eb gjith\u00eb pun\u00ebdh\u00ebn\u00ebsit u k\u00ebrkohet t\u00eb pajisin pun\u00ebtor\u00ebt pajisje mbrojt\u00ebse (maska, doreza dhe dezinfektues) dhe puna duhet t\u00eb kryhet me distanc\u00ebn e k\u00ebrkuar.<\/p>\n<p>\n\tPun\u00ebdh\u00ebn\u00ebsit k\u00ebrkohet t\u00eb hartojn\u00eb nj\u00eb plan t\u00eb ve\u00e7ant\u00eb t\u00eb masave emergjente nd\u00ebrsa punonj\u00ebsit k\u00ebrkohet t\u00eb zbatojn\u00eb.<\/p>\n<p>\n\tAta q\u00eb nuk jan\u00eb n\u00eb gjendje t\u00eb vazhdojn\u00eb pun\u00ebn e tyre jan\u00eb objektet e t\u00eb cilave p\u00ebrfshin mbledhjen e nj\u00eb numri t\u00eb madh njer\u00ebzish, si\u00e7 jan\u00eb pun\u00ebtorit\u00eb e aktiviteteve t\u00eb ndryshme t\u00eb vendosura n\u00eb qendrat tregtare.<\/p>\n<p>\n\tPuna ende nuk lejohet n\u00eb aktivitete q\u00eb p\u00ebrfshijn\u00eb kontakt t\u00eb ngusht\u00eb fizik, k\u00ebshtu q\u00eb sallonet e parukeris\u00eb, sallonet e bukuris\u00eb, palestrat dhe qendrat e fitnesit mbeten t\u00eb mbyllura.<\/p>\n<p>\n\t\u00cbsht\u00eb e r\u00ebnd\u00ebsishme t\u00eb theksohet edhe nj\u00eb her\u00eb se puna n\u00eb objekte dhe aktivitete q\u00eb lejohen nga sot mund t\u00eb kryhen vet\u00ebm duke respektuar t\u00eb gjitha masat e mbrojtjes dhe p\u00ebrdorimin e dezinfektuesve dhe pajisjeve mbrojt\u00ebse \u2013 maska dhe doreza.<\/p>\n<p>\n\t<strong>Burimi: danubeogradu.rs dhe Trupi Koordinues<\/strong><\/p>\n<p>\n\t\u00a0<\/p>\n","protected":false},"excerpt":{"rendered":"<p>Beograd \u2013\u00a0Qeveria e Republik\u00ebs s\u00eb Serbis\u00eb ka miratuar masa t\u00eb reja p\u00ebr t\u00eb leht\u00ebsuar masat e caktuara p\u00ebr t\u00eb parandaluar p\u00ebrhapjen koronavirusin q\u00eb hyjn\u00eb n\u00eb fuqi t\u00eb mart\u00ebn, m\u00eb 21 prill 2020.<\/p>\n","protected":false},"author":1,"featured_media":113079,"comment_status":"closed","ping_status":"closed","sticky":false,"template":"","format":"standard","meta":{"footnotes":""},"categories":[55],"tags":[],"class_list":["post-113074","post","type-post","status-publish","format-standard","has-post-thumbnail","hentry","category-lajme"],"yoast_head":"<!-- This site is optimized with the Yoast SEO plugin v27.5 - https:\/\/yoast.com\/product\/yoast-seo-wordpress\/ -->\n<title>NGA SOT QEVERIA E REPUBLIK\u00cbS S\u00cb SERBIS\u00cb KA ZBUTUR MASAT - Republika e S\u00ebrbis\u00eb Trupi Koordinues p\u00ebr komunat Bujanoc, Preshev\u00eb dhe Medvegj\u00eb<\/title>\n<meta name=\"robots\" content=\"index, follow, max-snippet:-1, max-image-preview:large, max-video-preview:-1\" \/>\n<link rel=\"canonical\" href=\"https:\/\/kt.gov.rs\/sq\/nga-sot-qeveria-e-republikes-se-serbise-ka-zbutur-masat\/\" \/>\n<meta property=\"og:locale\" content=\"sq_AL\" \/>\n<meta property=\"og:type\" content=\"article\" \/>\n<meta property=\"og:title\" content=\"NGA SOT QEVERIA E REPUBLIK\u00cbS S\u00cb SERBIS\u00cb KA ZBUTUR MASAT - Republika e S\u00ebrbis\u00eb Trupi Koordinues p\u00ebr komunat Bujanoc, Preshev\u00eb dhe Medvegj\u00eb\" \/>\n<meta property=\"og:description\" content=\"Beograd \u2013\u00a0Qeveria e Republik\u00ebs s\u00eb Serbis\u00eb ka miratuar masa t\u00eb reja p\u00ebr t\u00eb leht\u00ebsuar masat e caktuara p\u00ebr t\u00eb parandaluar p\u00ebrhapjen koronavirusin q\u00eb hyjn\u00eb n\u00eb fuqi t\u00eb mart\u00ebn, m\u00eb 21 prill 2020.\" \/>\n<meta property=\"og:url\" content=\"https:\/\/kt.gov.rs\/sq\/nga-sot-qeveria-e-republikes-se-serbise-ka-zbutur-masat\/\" \/>\n<meta property=\"og:site_name\" content=\"Republika e S\u00ebrbis\u00eb Trupi Koordinues p\u00ebr komunat Bujanoc, Preshev\u00eb dhe Medvegj\u00eb\" \/>\n<meta property=\"article:publisher\" content=\"https:\/\/www.facebook.com\/SluzbaKoordinacionogTelaVladeRepublikeSrbije\" \/>\n<meta property=\"article:published_time\" content=\"2020-04-21T00:00:00+00:00\" \/>\n<meta property=\"article:modified_time\" content=\"2024-07-30T18:05:32+00:00\" \/>\n<meta property=\"og:image\" content=\"https:\/\/kt.gov.rs\/wp-content\/uploads\/2024\/07\/1587458361_210420_1v-5.jpg\" \/>\n\t<meta property=\"og:image:width\" content=\"640\" \/>\n\t<meta property=\"og:image:height\" content=\"347\" \/>\n\t<meta property=\"og:image:type\" content=\"image\/jpeg\" \/>\n<meta name=\"author\" content=\"ktmin\" \/>\n<meta name=\"twitter:card\" content=\"summary_large_image\" \/>\n<meta name=\"twitter:creator\" content=\"@kt_gov\" \/>\n<meta name=\"twitter:site\" content=\"@kt_gov\" \/>\n<meta name=\"twitter:label1\" content=\"Written by\" \/>\n\t<meta name=\"twitter:data1\" content=\"ktmin\" \/>\n\t<meta name=\"twitter:label2\" content=\"Est. reading time\" \/>\n\t<meta name=\"twitter:data2\" content=\"3 minutes\" \/>\n<script type=\"application\/ld+json\" class=\"yoast-schema-graph\">{\"@context\":\"https:\\\/\\\/schema.org\",\"@graph\":[{\"@type\":\"Article\",\"@id\":\"https:\\\/\\\/kt.gov.rs\\\/sq\\\/nga-sot-qeveria-e-republikes-se-serbise-ka-zbutur-masat\\\/#article\",\"isPartOf\":{\"@id\":\"https:\\\/\\\/kt.gov.rs\\\/sq\\\/nga-sot-qeveria-e-republikes-se-serbise-ka-zbutur-masat\\\/\"},\"author\":{\"name\":\"ktmin\",\"@id\":\"https:\\\/\\\/kt.gov.rs\\\/#\\\/schema\\\/person\\\/e426459ddb4173309103390602694571\"},\"headline\":\"NGA SOT QEVERIA E REPUBLIK\u00cbS S\u00cb SERBIS\u00cb KA ZBUTUR MASAT\",\"datePublished\":\"2020-04-21T00:00:00+00:00\",\"dateModified\":\"2024-07-30T18:05:32+00:00\",\"mainEntityOfPage\":{\"@id\":\"https:\\\/\\\/kt.gov.rs\\\/sq\\\/nga-sot-qeveria-e-republikes-se-serbise-ka-zbutur-masat\\\/\"},\"wordCount\":625,\"publisher\":{\"@id\":\"https:\\\/\\\/kt.gov.rs\\\/#organization\"},\"image\":{\"@id\":\"https:\\\/\\\/kt.gov.rs\\\/sq\\\/nga-sot-qeveria-e-republikes-se-serbise-ka-zbutur-masat\\\/#primaryimage\"},\"thumbnailUrl\":\"https:\\\/\\\/kt.gov.rs\\\/wp-content\\\/uploads\\\/2024\\\/07\\\/1587458361_210420_1v-5.jpg\",\"articleSection\":[\"Lajme\"],\"inLanguage\":\"sq-AL\"},{\"@type\":\"WebPage\",\"@id\":\"https:\\\/\\\/kt.gov.rs\\\/sq\\\/nga-sot-qeveria-e-republikes-se-serbise-ka-zbutur-masat\\\/\",\"url\":\"https:\\\/\\\/kt.gov.rs\\\/sq\\\/nga-sot-qeveria-e-republikes-se-serbise-ka-zbutur-masat\\\/\",\"name\":\"NGA SOT QEVERIA E REPUBLIK\u00cbS S\u00cb SERBIS\u00cb KA ZBUTUR MASAT - Republika e S\u00ebrbis\u00eb Trupi Koordinues p\u00ebr komunat Bujanoc, Preshev\u00eb dhe Medvegj\u00eb\",\"isPartOf\":{\"@id\":\"https:\\\/\\\/kt.gov.rs\\\/#website\"},\"primaryImageOfPage\":{\"@id\":\"https:\\\/\\\/kt.gov.rs\\\/sq\\\/nga-sot-qeveria-e-republikes-se-serbise-ka-zbutur-masat\\\/#primaryimage\"},\"image\":{\"@id\":\"https:\\\/\\\/kt.gov.rs\\\/sq\\\/nga-sot-qeveria-e-republikes-se-serbise-ka-zbutur-masat\\\/#primaryimage\"},\"thumbnailUrl\":\"https:\\\/\\\/kt.gov.rs\\\/wp-content\\\/uploads\\\/2024\\\/07\\\/1587458361_210420_1v-5.jpg\",\"datePublished\":\"2020-04-21T00:00:00+00:00\",\"dateModified\":\"2024-07-30T18:05:32+00:00\",\"breadcrumb\":{\"@id\":\"https:\\\/\\\/kt.gov.rs\\\/sq\\\/nga-sot-qeveria-e-republikes-se-serbise-ka-zbutur-masat\\\/#breadcrumb\"},\"inLanguage\":\"sq-AL\",\"potentialAction\":[{\"@type\":\"ReadAction\",\"target\":[\"https:\\\/\\\/kt.gov.rs\\\/sq\\\/nga-sot-qeveria-e-republikes-se-serbise-ka-zbutur-masat\\\/\"]}]},{\"@type\":\"ImageObject\",\"inLanguage\":\"sq-AL\",\"@id\":\"https:\\\/\\\/kt.gov.rs\\\/sq\\\/nga-sot-qeveria-e-republikes-se-serbise-ka-zbutur-masat\\\/#primaryimage\",\"url\":\"https:\\\/\\\/kt.gov.rs\\\/wp-content\\\/uploads\\\/2024\\\/07\\\/1587458361_210420_1v-5.jpg\",\"contentUrl\":\"https:\\\/\\\/kt.gov.rs\\\/wp-content\\\/uploads\\\/2024\\\/07\\\/1587458361_210420_1v-5.jpg\",\"width\":640,\"height\":347},{\"@type\":\"BreadcrumbList\",\"@id\":\"https:\\\/\\\/kt.gov.rs\\\/sq\\\/nga-sot-qeveria-e-republikes-se-serbise-ka-zbutur-masat\\\/#breadcrumb\",\"itemListElement\":[{\"@type\":\"ListItem\",\"position\":1,\"name\":\"\u041f\u043e\u0447\u0435\u0442\u043d\u0430\",\"item\":\"https:\\\/\\\/kt.gov.rs\\\/sq\\\/\"},{\"@type\":\"ListItem\",\"position\":2,\"name\":\"NGA SOT QEVERIA E REPUBLIK\u00cbS S\u00cb SERBIS\u00cb KA ZBUTUR MASAT\"}]},{\"@type\":\"WebSite\",\"@id\":\"https:\\\/\\\/kt.gov.rs\\\/#website\",\"url\":\"https:\\\/\\\/kt.gov.rs\\\/\",\"name\":\"\u041a\u043e\u043e\u0440\u0434\u0438\u043d\u0430\u0446\u0438\u043e\u043d\u043e \u0442\u0435\u043b\u043e \u0412\u043b\u0430\u0434\u0435 \u0420\u0435\u043f\u0443\u0431\u043b\u0438\u043a\u0435 \u0421\u0440\u0431\u0438\u0458\u0435 \u0437\u0430 \u043e\u043f\u0448\u0442\u0438\u043d\u0435 \u041f\u0440\u0435\u0448\u0435\u0432\u043e, \u0411\u0443\u0458\u0430\u043d\u043e\u0432\u0430\u0446 \u0438 \u041c\u0435\u0434\u0432\u0435\u0452a\",\"description\":\"\",\"publisher\":{\"@id\":\"https:\\\/\\\/kt.gov.rs\\\/#organization\"},\"alternateName\":\"\u041a\u043e\u043e\u0440\u0434\u0438\u043d\u0430\u0446\u0438\u043e\u043d\u043e \u0442\u0435\u043b\u043e\",\"potentialAction\":[{\"@type\":\"SearchAction\",\"target\":{\"@type\":\"EntryPoint\",\"urlTemplate\":\"https:\\\/\\\/kt.gov.rs\\\/?s={search_term_string}\"},\"query-input\":{\"@type\":\"PropertyValueSpecification\",\"valueRequired\":true,\"valueName\":\"search_term_string\"}}],\"inLanguage\":\"sq-AL\"},{\"@type\":\"Organization\",\"@id\":\"https:\\\/\\\/kt.gov.rs\\\/#organization\",\"name\":\"\u041a\u043e\u043e\u0440\u0434\u0438\u043d\u0430\u0446\u0438\u043e\u043d\u043e \u0442\u0435\u043b\u043e \u0412\u043b\u0430\u0434\u0435 \u0420\u0435\u043f\u0443\u0431\u043b\u0438\u043a\u0435 \u0421\u0440\u0431\u0438\u0458\u0435 \u0437\u0430 \u043e\u043f\u0448\u0442\u0438\u043d\u0435 \u041f\u0440\u0435\u0448\u0435\u0432\u043e, \u0411\u0443\u0458\u0430\u043d\u043e\u0432\u0430\u0446 \u0438 \u041c\u0435\u0434\u0432\u0435\u0452a\",\"alternateName\":\"\u041a\u043e\u043e\u0440\u0434\u0438\u043d\u0430\u0446\u0438\u043e\u043d\u043e \u0442\u0435\u043b\u043e\",\"url\":\"https:\\\/\\\/kt.gov.rs\\\/\",\"logo\":{\"@type\":\"ImageObject\",\"inLanguage\":\"sq-AL\",\"@id\":\"https:\\\/\\\/kt.gov.rs\\\/#\\\/schema\\\/logo\\\/image\\\/\",\"url\":\"https:\\\/\\\/kt.gov.rs\\\/wp-content\\\/uploads\\\/2024\\\/12\\\/koord2.jpg\",\"contentUrl\":\"https:\\\/\\\/kt.gov.rs\\\/wp-content\\\/uploads\\\/2024\\\/12\\\/koord2.jpg\",\"width\":640,\"height\":480,\"caption\":\"\u041a\u043e\u043e\u0440\u0434\u0438\u043d\u0430\u0446\u0438\u043e\u043d\u043e \u0442\u0435\u043b\u043e \u0412\u043b\u0430\u0434\u0435 \u0420\u0435\u043f\u0443\u0431\u043b\u0438\u043a\u0435 \u0421\u0440\u0431\u0438\u0458\u0435 \u0437\u0430 \u043e\u043f\u0448\u0442\u0438\u043d\u0435 \u041f\u0440\u0435\u0448\u0435\u0432\u043e, \u0411\u0443\u0458\u0430\u043d\u043e\u0432\u0430\u0446 \u0438 \u041c\u0435\u0434\u0432\u0435\u0452a\"},\"image\":{\"@id\":\"https:\\\/\\\/kt.gov.rs\\\/#\\\/schema\\\/logo\\\/image\\\/\"},\"sameAs\":[\"https:\\\/\\\/www.facebook.com\\\/SluzbaKoordinacionogTelaVladeRepublikeSrbije\",\"https:\\\/\\\/x.com\\\/kt_gov\",\"https:\\\/\\\/www.youtube.com\\\/@koordinacionotelo\"]},{\"@type\":\"Person\",\"@id\":\"https:\\\/\\\/kt.gov.rs\\\/#\\\/schema\\\/person\\\/e426459ddb4173309103390602694571\",\"name\":\"ktmin\",\"image\":{\"@type\":\"ImageObject\",\"inLanguage\":\"sq-AL\",\"@id\":\"https:\\\/\\\/secure.gravatar.com\\\/avatar\\\/3985c961109853010c3fbc7ba30365bfba5db3dd6c525831d9c595c7525a615a?s=96&d=mm&r=g\",\"url\":\"https:\\\/\\\/secure.gravatar.com\\\/avatar\\\/3985c961109853010c3fbc7ba30365bfba5db3dd6c525831d9c595c7525a615a?s=96&d=mm&r=g\",\"contentUrl\":\"https:\\\/\\\/secure.gravatar.com\\\/avatar\\\/3985c961109853010c3fbc7ba30365bfba5db3dd6c525831d9c595c7525a615a?s=96&d=mm&r=g\",\"caption\":\"ktmin\"},\"sameAs\":[\"https:\\\/\\\/kt.gov.rs\"],\"url\":\"https:\\\/\\\/kt.gov.rs\\\/sq\\\/author\\\/ktmin\\\/\"}]}<\/script>\n<!-- \/ Yoast SEO plugin. -->","yoast_head_json":{"title":"NGA SOT QEVERIA E REPUBLIK\u00cbS S\u00cb SERBIS\u00cb KA ZBUTUR MASAT - Republika e S\u00ebrbis\u00eb Trupi Koordinues p\u00ebr komunat Bujanoc, Preshev\u00eb dhe Medvegj\u00eb","robots":{"index":"index","follow":"follow","max-snippet":"max-snippet:-1","max-image-preview":"max-image-preview:large","max-video-preview":"max-video-preview:-1"},"canonical":"https:\/\/kt.gov.rs\/sq\/nga-sot-qeveria-e-republikes-se-serbise-ka-zbutur-masat\/","og_locale":"sq_AL","og_type":"article","og_title":"NGA SOT QEVERIA E REPUBLIK\u00cbS S\u00cb SERBIS\u00cb KA ZBUTUR MASAT - Republika e S\u00ebrbis\u00eb Trupi Koordinues p\u00ebr komunat Bujanoc, Preshev\u00eb dhe Medvegj\u00eb","og_description":"Beograd \u2013\u00a0Qeveria e Republik\u00ebs s\u00eb Serbis\u00eb ka miratuar masa t\u00eb reja p\u00ebr t\u00eb leht\u00ebsuar masat e caktuara p\u00ebr t\u00eb parandaluar p\u00ebrhapjen koronavirusin q\u00eb hyjn\u00eb n\u00eb fuqi t\u00eb mart\u00ebn, m\u00eb 21 prill 2020.","og_url":"https:\/\/kt.gov.rs\/sq\/nga-sot-qeveria-e-republikes-se-serbise-ka-zbutur-masat\/","og_site_name":"Republika e S\u00ebrbis\u00eb Trupi Koordinues p\u00ebr komunat Bujanoc, Preshev\u00eb dhe Medvegj\u00eb","article_publisher":"https:\/\/www.facebook.com\/SluzbaKoordinacionogTelaVladeRepublikeSrbije","article_published_time":"2020-04-21T00:00:00+00:00","article_modified_time":"2024-07-30T18:05:32+00:00","og_image":[{"width":640,"height":347,"url":"https:\/\/kt.gov.rs\/wp-content\/uploads\/2024\/07\/1587458361_210420_1v-5.jpg","type":"image\/jpeg"}],"author":"ktmin","twitter_card":"summary_large_image","twitter_creator":"@kt_gov","twitter_site":"@kt_gov","twitter_misc":{"Written by":"ktmin","Est. reading time":"3 minutes"},"schema":{"@context":"https:\/\/schema.org","@graph":[{"@type":"Article","@id":"https:\/\/kt.gov.rs\/sq\/nga-sot-qeveria-e-republikes-se-serbise-ka-zbutur-masat\/#article","isPartOf":{"@id":"https:\/\/kt.gov.rs\/sq\/nga-sot-qeveria-e-republikes-se-serbise-ka-zbutur-masat\/"},"author":{"name":"ktmin","@id":"https:\/\/kt.gov.rs\/#\/schema\/person\/e426459ddb4173309103390602694571"},"headline":"NGA SOT QEVERIA E REPUBLIK\u00cbS S\u00cb SERBIS\u00cb KA ZBUTUR MASAT","datePublished":"2020-04-21T00:00:00+00:00","dateModified":"2024-07-30T18:05:32+00:00","mainEntityOfPage":{"@id":"https:\/\/kt.gov.rs\/sq\/nga-sot-qeveria-e-republikes-se-serbise-ka-zbutur-masat\/"},"wordCount":625,"publisher":{"@id":"https:\/\/kt.gov.rs\/#organization"},"image":{"@id":"https:\/\/kt.gov.rs\/sq\/nga-sot-qeveria-e-republikes-se-serbise-ka-zbutur-masat\/#primaryimage"},"thumbnailUrl":"https:\/\/kt.gov.rs\/wp-content\/uploads\/2024\/07\/1587458361_210420_1v-5.jpg","articleSection":["Lajme"],"inLanguage":"sq-AL"},{"@type":"WebPage","@id":"https:\/\/kt.gov.rs\/sq\/nga-sot-qeveria-e-republikes-se-serbise-ka-zbutur-masat\/","url":"https:\/\/kt.gov.rs\/sq\/nga-sot-qeveria-e-republikes-se-serbise-ka-zbutur-masat\/","name":"NGA SOT QEVERIA E REPUBLIK\u00cbS S\u00cb SERBIS\u00cb KA ZBUTUR MASAT - Republika e S\u00ebrbis\u00eb Trupi Koordinues p\u00ebr komunat Bujanoc, Preshev\u00eb dhe Medvegj\u00eb","isPartOf":{"@id":"https:\/\/kt.gov.rs\/#website"},"primaryImageOfPage":{"@id":"https:\/\/kt.gov.rs\/sq\/nga-sot-qeveria-e-republikes-se-serbise-ka-zbutur-masat\/#primaryimage"},"image":{"@id":"https:\/\/kt.gov.rs\/sq\/nga-sot-qeveria-e-republikes-se-serbise-ka-zbutur-masat\/#primaryimage"},"thumbnailUrl":"https:\/\/kt.gov.rs\/wp-content\/uploads\/2024\/07\/1587458361_210420_1v-5.jpg","datePublished":"2020-04-21T00:00:00+00:00","dateModified":"2024-07-30T18:05:32+00:00","breadcrumb":{"@id":"https:\/\/kt.gov.rs\/sq\/nga-sot-qeveria-e-republikes-se-serbise-ka-zbutur-masat\/#breadcrumb"},"inLanguage":"sq-AL","potentialAction":[{"@type":"ReadAction","target":["https:\/\/kt.gov.rs\/sq\/nga-sot-qeveria-e-republikes-se-serbise-ka-zbutur-masat\/"]}]},{"@type":"ImageObject","inLanguage":"sq-AL","@id":"https:\/\/kt.gov.rs\/sq\/nga-sot-qeveria-e-republikes-se-serbise-ka-zbutur-masat\/#primaryimage","url":"https:\/\/kt.gov.rs\/wp-content\/uploads\/2024\/07\/1587458361_210420_1v-5.jpg","contentUrl":"https:\/\/kt.gov.rs\/wp-content\/uploads\/2024\/07\/1587458361_210420_1v-5.jpg","width":640,"height":347},{"@type":"BreadcrumbList","@id":"https:\/\/kt.gov.rs\/sq\/nga-sot-qeveria-e-republikes-se-serbise-ka-zbutur-masat\/#breadcrumb","itemListElement":[{"@type":"ListItem","position":1,"name":"\u041f\u043e\u0447\u0435\u0442\u043d\u0430","item":"https:\/\/kt.gov.rs\/sq\/"},{"@type":"ListItem","position":2,"name":"NGA SOT QEVERIA E REPUBLIK\u00cbS S\u00cb SERBIS\u00cb KA ZBUTUR MASAT"}]},{"@type":"WebSite","@id":"https:\/\/kt.gov.rs\/#website","url":"https:\/\/kt.gov.rs\/","name":"\u041a\u043e\u043e\u0440\u0434\u0438\u043d\u0430\u0446\u0438\u043e\u043d\u043e \u0442\u0435\u043b\u043e \u0412\u043b\u0430\u0434\u0435 \u0420\u0435\u043f\u0443\u0431\u043b\u0438\u043a\u0435 \u0421\u0440\u0431\u0438\u0458\u0435 \u0437\u0430 \u043e\u043f\u0448\u0442\u0438\u043d\u0435 \u041f\u0440\u0435\u0448\u0435\u0432\u043e, \u0411\u0443\u0458\u0430\u043d\u043e\u0432\u0430\u0446 \u0438 \u041c\u0435\u0434\u0432\u0435\u0452a","description":"","publisher":{"@id":"https:\/\/kt.gov.rs\/#organization"},"alternateName":"\u041a\u043e\u043e\u0440\u0434\u0438\u043d\u0430\u0446\u0438\u043e\u043d\u043e \u0442\u0435\u043b\u043e","potentialAction":[{"@type":"SearchAction","target":{"@type":"EntryPoint","urlTemplate":"https:\/\/kt.gov.rs\/?s={search_term_string}"},"query-input":{"@type":"PropertyValueSpecification","valueRequired":true,"valueName":"search_term_string"}}],"inLanguage":"sq-AL"},{"@type":"Organization","@id":"https:\/\/kt.gov.rs\/#organization","name":"\u041a\u043e\u043e\u0440\u0434\u0438\u043d\u0430\u0446\u0438\u043e\u043d\u043e \u0442\u0435\u043b\u043e \u0412\u043b\u0430\u0434\u0435 \u0420\u0435\u043f\u0443\u0431\u043b\u0438\u043a\u0435 \u0421\u0440\u0431\u0438\u0458\u0435 \u0437\u0430 \u043e\u043f\u0448\u0442\u0438\u043d\u0435 \u041f\u0440\u0435\u0448\u0435\u0432\u043e, \u0411\u0443\u0458\u0430\u043d\u043e\u0432\u0430\u0446 \u0438 \u041c\u0435\u0434\u0432\u0435\u0452a","alternateName":"\u041a\u043e\u043e\u0440\u0434\u0438\u043d\u0430\u0446\u0438\u043e\u043d\u043e \u0442\u0435\u043b\u043e","url":"https:\/\/kt.gov.rs\/","logo":{"@type":"ImageObject","inLanguage":"sq-AL","@id":"https:\/\/kt.gov.rs\/#\/schema\/logo\/image\/","url":"https:\/\/kt.gov.rs\/wp-content\/uploads\/2024\/12\/koord2.jpg","contentUrl":"https:\/\/kt.gov.rs\/wp-content\/uploads\/2024\/12\/koord2.jpg","width":640,"height":480,"caption":"\u041a\u043e\u043e\u0440\u0434\u0438\u043d\u0430\u0446\u0438\u043e\u043d\u043e \u0442\u0435\u043b\u043e \u0412\u043b\u0430\u0434\u0435 \u0420\u0435\u043f\u0443\u0431\u043b\u0438\u043a\u0435 \u0421\u0440\u0431\u0438\u0458\u0435 \u0437\u0430 \u043e\u043f\u0448\u0442\u0438\u043d\u0435 \u041f\u0440\u0435\u0448\u0435\u0432\u043e, \u0411\u0443\u0458\u0430\u043d\u043e\u0432\u0430\u0446 \u0438 \u041c\u0435\u0434\u0432\u0435\u0452a"},"image":{"@id":"https:\/\/kt.gov.rs\/#\/schema\/logo\/image\/"},"sameAs":["https:\/\/www.facebook.com\/SluzbaKoordinacionogTelaVladeRepublikeSrbije","https:\/\/x.com\/kt_gov","https:\/\/www.youtube.com\/@koordinacionotelo"]},{"@type":"Person","@id":"https:\/\/kt.gov.rs\/#\/schema\/person\/e426459ddb4173309103390602694571","name":"ktmin","image":{"@type":"ImageObject","inLanguage":"sq-AL","@id":"https:\/\/secure.gravatar.com\/avatar\/3985c961109853010c3fbc7ba30365bfba5db3dd6c525831d9c595c7525a615a?s=96&d=mm&r=g","url":"https:\/\/secure.gravatar.com\/avatar\/3985c961109853010c3fbc7ba30365bfba5db3dd6c525831d9c595c7525a615a?s=96&d=mm&r=g","contentUrl":"https:\/\/secure.gravatar.com\/avatar\/3985c961109853010c3fbc7ba30365bfba5db3dd6c525831d9c595c7525a615a?s=96&d=mm&r=g","caption":"ktmin"},"sameAs":["https:\/\/kt.gov.rs"],"url":"https:\/\/kt.gov.rs\/sq\/author\/ktmin\/"}]}},"_links":{"self":[{"href":"https:\/\/kt.gov.rs\/sq\/wp-json\/wp\/v2\/posts\/113074","targetHints":{"allow":["GET"]}}],"collection":[{"href":"https:\/\/kt.gov.rs\/sq\/wp-json\/wp\/v2\/posts"}],"about":[{"href":"https:\/\/kt.gov.rs\/sq\/wp-json\/wp\/v2\/types\/post"}],"author":[{"embeddable":true,"href":"https:\/\/kt.gov.rs\/sq\/wp-json\/wp\/v2\/users\/1"}],"replies":[{"embeddable":true,"href":"https:\/\/kt.gov.rs\/sq\/wp-json\/wp\/v2\/comments?post=113074"}],"version-history":[{"count":1,"href":"https:\/\/kt.gov.rs\/sq\/wp-json\/wp\/v2\/posts\/113074\/revisions"}],"predecessor-version":[{"id":113078,"href":"https:\/\/kt.gov.rs\/sq\/wp-json\/wp\/v2\/posts\/113074\/revisions\/113078"}],"wp:featuredmedia":[{"embeddable":true,"href":"https:\/\/kt.gov.rs\/sq\/wp-json\/wp\/v2\/media\/113079"}],"wp:attachment":[{"href":"https:\/\/kt.gov.rs\/sq\/wp-json\/wp\/v2\/media?parent=113074"}],"wp:term":[{"taxonomy":"category","embeddable":true,"href":"https:\/\/kt.gov.rs\/sq\/wp-json\/wp\/v2\/categories?post=113074"},{"taxonomy":"post_tag","embeddable":true,"href":"https:\/\/kt.gov.rs\/sq\/wp-json\/wp\/v2\/tags?post=113074"}],"curies":[{"name":"wp","href":"https:\/\/api.w.org\/{rel}","templated":true}]}}