{"id":113066,"date":"2020-04-21T00:00:00","date_gmt":"2020-04-21T00:00:00","guid":{"rendered":"http:\/\/kt.printandscreen.rs\/nga-sot-jane-te-qasura-kredite-per-bujqit-dhe-ndihma-ne-te-holla\/"},"modified":"2024-07-30T18:05:31","modified_gmt":"2024-07-30T18:05:31","slug":"nga-sot-jane-te-qasura-kredite-per-bujqit-dhe-ndihma-ne-te-holla","status":"publish","type":"post","link":"https:\/\/kt.gov.rs\/sq\/nga-sot-jane-te-qasura-kredite-per-bujqit-dhe-ndihma-ne-te-holla\/","title":{"rendered":"NGA SOT JAN\u00cb T\u00cb QASURA KREDIT\u00cb P\u00cbR BUJQIT DHE NDIHMA N\u00cb T\u00cb HOLLA"},"content":{"rendered":"<p>\n\t<strong><img decoding=\"async\" alt=\"\" src=\"https:\/\/kt.gov.rs\/wp-content\/uploads\/2024\/07\/1587458501_210420_2-4.jpg\" style=\"width: 315px; height: 230px; float: left;\" \/><\/strong><\/p>\n<p>\n\t<strong>Beograd \u2013<\/strong> Qeveria e Republik\u00ebs s\u00eb Serbis\u00eb ka miratuar Vendimin p\u00ebr P\u00ebrcaktimin e Skem\u00ebs s\u00eb Garancis\u00eb, si mas\u00eb e mb\u00ebshtetjes s\u00eb ekonomis\u00eb p\u00ebr zbutjen e pasojave t\u00eb pandemis\u00eb COVID-19, si dhe Vendimin p\u00ebr Ndihm\u00ebn Financiare p\u00ebr fermat dhe rregulloren p\u00ebr ndihm\u00ebn financiare p\u00ebr fermat p\u00ebrmes qasjes s\u00eb leht\u00ebsuar p\u00ebr p\u00ebrdorimin e kredis\u00eb n\u00eb kushtet e v\u00ebshtira ekonomike Covide-19.<\/p>\n<p>\n\tSipas ministrit t\u00eb financave t\u00eb Republik\u00ebs s\u00eb Serbis\u00eb, Sinisha Malli, me miratimin e k\u00ebtyre vendimeve, Programi i Masave Ekonomike p\u00ebr Mb\u00ebshtetjen e Ekonomis\u00eb ka p\u00ebrfunduar.<\/p>\n<p>\n\t\u00a0N\u00ebp\u00ebrmjet Autoritetit t\u00eb Pagesave Agrare, 2.6 miliard\u00eb dinar\u00eb kan\u00eb qen\u00eb n\u00eb dispozicion t\u00eb fermer\u00ebve tan\u00eb q\u00eb nga e marta p\u00ebr t\u00eb leht\u00ebsuar efektet e kriz\u00ebs s\u00eb shkaktuar nga virusi korona.<\/p>\n<p>\n\t\u00a0Pronari i ferm\u00eb tregtare familjare, i cili \u00ebsht\u00eb e regjistruar n\u00eb Regjistrin e pronave bujq\u00ebsore dhe \u00ebsht\u00eb n\u00eb gjendje aktive, ka t\u00eb drejt\u00eb n\u00eb pagimin e ndihm\u00ebs financiare.<\/p>\n<p>\n\t\u00a0P\u00ebrve\u00e7 gjendjes s\u00eb p\u00ebrgjithshme, \u00ebsht\u00eb e nevojshme q\u00eb aplikanti n\u00eb Regjist\u00ebr t\u00eb ket\u00eb zona t\u00eb regjistruara n\u00ebn kultivim t\u00eb perimeve n\u00eb nj\u00eb zon\u00eb t\u00eb mbrojtur, ose t\u00eb jet\u00eb pronar i nj\u00eb kafshe (lope, deles ose dhis\u00eb) e cila \u00ebsht\u00eb e sh\u00ebnuar dhe regjistruar n\u00eb baz\u00ebn e t\u00eb dh\u00ebnave qendrore p\u00ebr etiketimin e kafsh\u00ebve.<\/p>\n<p>\n\tPronar\u00ebt e koshereve t\u00eb sh\u00ebnuara dhe t\u00eb regjistruara t\u00eb blet\u00ebve, pavar\u00ebsisht n\u00ebse jan\u00eb mbajt\u00ebs ose an\u00ebtar\u00eb t\u00eb ferm\u00ebs, gjithashtu kan\u00eb t\u00eb drejt\u00eb p\u00ebr ndihm\u00eb financiare, me kusht q\u00eb t\u00eb jen\u00eb 70 vje\u00e7 ose m\u00eb t\u00eb vjet\u00ebr n\u00eb vitin 2020.<\/p>\n<p>\n\t\u00a0<\/p>\n<p>\n\tShuma e ndihm\u00ebs s\u00eb nj\u00ebhershme n\u00eb sasi absolute t\u00eb parave p\u00ebrcaktohet nga nj\u00ebsia e zon\u00ebs s\u00eb regjistruar, ose nga kreu i bag\u00ebtive ose numri i koshereve, si m\u00eb posht\u00eb:<\/p>\n<p>\n\t\u00a0\u2013 25 dinar\u00eb p\u00ebr met\u00ebr katror t\u00eb zon\u00ebs s\u00eb regjistruar n\u00ebn perime q\u00eb rriten n\u00eb zon\u00ebn e mbrojtur, nd\u00ebrsa maksimum 90,000 dinar\u00eb;<\/p>\n<p>\n\t\u00a0\u2013 3000 dinar\u00eb p\u00ebr nj\u00eb lop\u00eb, nd\u00ebrsa maksimum 30,000 dinar\u00eb;<\/p>\n<p>\n\t\u00a0\u2013 500 dinar\u00eb p\u00ebr nj\u00eb dele ose dhije, nd\u00ebrsa maksimum 20,000 dinar\u00eb;<\/p>\n<p>\n\t\u00a0\u2013 800 dinar\u00eb p\u00ebr nj\u00eb koshere blet\u00ebsh, nd\u00ebrsa maksimum 20,000 dinar\u00eb.<\/p>\n<p>\n\tP\u00ebr realizimin e k\u00ebtij vendimi\u00a0jan\u00eb caktuar mjetet prej 1,150,000,000 dinar\u00ebve.<\/p>\n<p>\n\t\u00a0Pagesa e ndihm\u00ebs financiare p\u00ebr familjet bujq\u00ebsore b\u00ebhet nga Ministria e Financave \u2013 Drejtoria e Thesarit, bazuar n\u00eb t\u00eb dh\u00ebnat e paraqitura t\u00eb Ministris\u00eb s\u00eb Bujq\u00ebsis\u00eb, Pylltaris\u00eb dhe Menaxhimit t\u00eb Uj\u00ebrave \u2013 Drejtoria e Pagesave Agrare.<\/p>\n<p>\n\tRregullorja p\u00ebr mb\u00ebshtetjen financiare t\u00eb pronave bujq\u00ebsore p\u00ebrmes qasjes s\u00eb leht\u00ebsuar n\u00eb p\u00ebrdorimin e kredis\u00eb n\u00eb kushte t\u00eb v\u00ebshtira ekonomike p\u00ebr shkak t\u00eb s\u00ebmundjes COVID-19 e shkaktuar nga virusi SARS-CoV-2, p\u00ebrmes subvencionimit t\u00eb nj\u00eb pjese t\u00eb interesit, leht\u00ebsoi qasjen n\u00eb p\u00ebrdorimin e kredis\u00eb, p\u00ebr:<\/p>\n<p>\n\t\u00a0\u2013 zhvillimin e blegtoris\u00eb, i cili p\u00ebrfshin blerjen e kafsh\u00ebve dhe premin\u00eb e sigurimit t\u00eb kafsh\u00ebve, t\u00eb parashikuar n\u00eb k\u00ebt\u00eb rregullore;<\/p>\n<p>\n\t\u00a0\u2013 zhvillimin e bujq\u00ebsis\u00eb s\u00eb punueshme, kultivimit t\u00eb frutave, vreshtaris\u00eb, bim\u00ebve dhe lul\u00ebve<\/p>\n<p>\n\t\u00a0\u2013 investime n\u00eb makineri dhe pajisje bujq\u00ebsore;<\/p>\n<p>\n\t\u00a0\u2013 blerjen e ushqimit t\u00eb kafsh\u00ebve;<\/p>\n<p>\n\t\u00a0\u2013 investimet n\u00eb lloje t\u00eb caktuara t\u00eb makinerive dhe pajisjeve t\u00eb p\u00ebrdorura n\u00eb prodhimin e t\u00eb korrave;<\/p>\n<p>\n\t\u00a0\u2013 likuiditeti.<\/p>\n<p>\n\t\u00a0Personi fizik dhe nj\u00eb sip\u00ebrmarr\u00ebs mund t\u00eb ushtrojn\u00eb t\u00eb drejt\u00ebn p\u00ebr mb\u00ebshtetje kredie me kusht q\u00eb shuma e p\u00ebrgjithshme e kredis\u00eb t\u00eb jet\u00eb deri n\u00eb 6,000,000 RSD, nd\u00ebrsa personi juridik fiton mb\u00ebshtetje kredie me kusht q\u00eb shuma e p\u00ebrgjithshme e kredis\u00eb t\u00eb varet deri n\u00eb 18,000,000 dinar\u00eb.<\/p>\n<p>\n\t\u00a0Shuma e kredis\u00eb s\u00eb likuiditetit \u00ebsht\u00eb deri n\u00eb 3,000,000 dinar\u00eb.<\/p>\n<p>\n\tFondet p\u00ebr zbatimin e k\u00ebtij vendimi u p\u00ebrcaktuan n\u00eb shum\u00ebn totale prej 1.450,000,000 dinar\u00eb, u njoftua n\u00eb faqen e internetit t\u00eb Drejtoris\u00eb s\u00eb Pagesave Agrare t\u00eb Ministris\u00eb s\u00eb Bujq\u00ebsis\u00eb, Pylltaris\u00eb dhe Menaxhimit t\u00eb Uj\u00ebrave.<\/p>\n<p>\n\t<strong>Burimi: OK Radio dhe Trupi Koordinues<\/strong><\/p>\n<p>\n\t\u00a0<\/p>\n<p>\n\t\u00a0<\/p>\n","protected":false},"excerpt":{"rendered":"<p>Beograd \u2013\u00a0Qeveria e Republik\u00ebs s\u00eb Serbis\u00eb ka miratuar Vendimin p\u00ebr P\u00ebrcaktimin e Skem\u00ebs s\u00eb Garancis\u00eb, si mas\u00eb e mb\u00ebshtetjes s\u00eb ekonomis\u00eb p\u00ebr zbutjen e pasojave t\u00eb pandemis\u00eb COVID-19, si dhe Vendimin p\u00ebr Ndihm\u00ebn Financiare p\u00ebr fermat dhe rregulloren p\u00ebr ndihm\u00ebn financiare p\u00ebr fermat p\u00ebrmes qasjes s\u00eb leht\u00ebsuar p\u00ebr p\u00ebrdorimin e kredis\u00eb n\u00eb kushtet e v\u00ebshtira ekonomike Covide-19.<\/p>\n","protected":false},"author":1,"featured_media":113071,"comment_status":"closed","ping_status":"closed","sticky":false,"template":"","format":"standard","meta":{"footnotes":""},"categories":[55],"tags":[],"class_list":["post-113066","post","type-post","status-publish","format-standard","has-post-thumbnail","hentry","category-lajme"],"yoast_head":"<!-- This site is optimized with the Yoast SEO plugin v27.5 - https:\/\/yoast.com\/product\/yoast-seo-wordpress\/ -->\n<title>NGA SOT JAN\u00cb T\u00cb QASURA KREDIT\u00cb P\u00cbR BUJQIT DHE NDIHMA N\u00cb T\u00cb HOLLA - Republika e S\u00ebrbis\u00eb Trupi Koordinues p\u00ebr komunat Bujanoc, Preshev\u00eb dhe Medvegj\u00eb<\/title>\n<meta name=\"robots\" content=\"index, follow, max-snippet:-1, max-image-preview:large, max-video-preview:-1\" \/>\n<link rel=\"canonical\" href=\"https:\/\/kt.gov.rs\/sq\/nga-sot-jane-te-qasura-kredite-per-bujqit-dhe-ndihma-ne-te-holla\/\" \/>\n<meta property=\"og:locale\" content=\"sq_AL\" \/>\n<meta property=\"og:type\" content=\"article\" \/>\n<meta property=\"og:title\" content=\"NGA SOT JAN\u00cb T\u00cb QASURA KREDIT\u00cb P\u00cbR BUJQIT DHE NDIHMA N\u00cb T\u00cb HOLLA - Republika e S\u00ebrbis\u00eb Trupi Koordinues p\u00ebr komunat Bujanoc, Preshev\u00eb dhe Medvegj\u00eb\" \/>\n<meta property=\"og:description\" content=\"Beograd -\u00a0Qeveria e Republik\u00ebs s\u00eb Serbis\u00eb ka miratuar Vendimin p\u00ebr P\u00ebrcaktimin e Skem\u00ebs s\u00eb Garancis\u00eb, si mas\u00eb e mb\u00ebshtetjes s\u00eb ekonomis\u00eb p\u00ebr zbutjen e pasojave t\u00eb pandemis\u00eb COVID-19, si dhe Vendimin p\u00ebr Ndihm\u00ebn Financiare p\u00ebr fermat dhe rregulloren p\u00ebr ndihm\u00ebn financiare p\u00ebr fermat p\u00ebrmes qasjes s\u00eb leht\u00ebsuar p\u00ebr p\u00ebrdorimin e kredis\u00eb n\u00eb kushtet e v\u00ebshtira ekonomike Covide-19.\" \/>\n<meta property=\"og:url\" content=\"https:\/\/kt.gov.rs\/sq\/nga-sot-jane-te-qasura-kredite-per-bujqit-dhe-ndihma-ne-te-holla\/\" \/>\n<meta property=\"og:site_name\" content=\"Republika e S\u00ebrbis\u00eb Trupi Koordinues p\u00ebr komunat Bujanoc, Preshev\u00eb dhe Medvegj\u00eb\" \/>\n<meta property=\"article:publisher\" content=\"https:\/\/www.facebook.com\/SluzbaKoordinacionogTelaVladeRepublikeSrbije\" \/>\n<meta property=\"article:published_time\" content=\"2020-04-21T00:00:00+00:00\" \/>\n<meta property=\"article:modified_time\" content=\"2024-07-30T18:05:31+00:00\" \/>\n<meta property=\"og:image\" content=\"https:\/\/kt.gov.rs\/wp-content\/uploads\/2024\/07\/1587458501_210420_2-5.jpg\" \/>\n\t<meta property=\"og:image:width\" content=\"315\" \/>\n\t<meta property=\"og:image:height\" content=\"230\" \/>\n\t<meta property=\"og:image:type\" content=\"image\/jpeg\" \/>\n<meta name=\"author\" content=\"ktmin\" \/>\n<meta name=\"twitter:card\" content=\"summary_large_image\" \/>\n<meta name=\"twitter:creator\" content=\"@kt_gov\" \/>\n<meta name=\"twitter:site\" content=\"@kt_gov\" \/>\n<meta name=\"twitter:label1\" content=\"Written by\" \/>\n\t<meta name=\"twitter:data1\" content=\"ktmin\" \/>\n\t<meta name=\"twitter:label2\" content=\"Est. reading time\" \/>\n\t<meta name=\"twitter:data2\" content=\"5 minutes\" \/>\n<script type=\"application\/ld+json\" class=\"yoast-schema-graph\">{\"@context\":\"https:\\\/\\\/schema.org\",\"@graph\":[{\"@type\":\"Article\",\"@id\":\"https:\\\/\\\/kt.gov.rs\\\/sq\\\/nga-sot-jane-te-qasura-kredite-per-bujqit-dhe-ndihma-ne-te-holla\\\/#article\",\"isPartOf\":{\"@id\":\"https:\\\/\\\/kt.gov.rs\\\/sq\\\/nga-sot-jane-te-qasura-kredite-per-bujqit-dhe-ndihma-ne-te-holla\\\/\"},\"author\":{\"name\":\"ktmin\",\"@id\":\"https:\\\/\\\/kt.gov.rs\\\/#\\\/schema\\\/person\\\/e426459ddb4173309103390602694571\"},\"headline\":\"NGA SOT JAN\u00cb T\u00cb QASURA KREDIT\u00cb P\u00cbR BUJQIT DHE NDIHMA N\u00cb T\u00cb HOLLA\",\"datePublished\":\"2020-04-21T00:00:00+00:00\",\"dateModified\":\"2024-07-30T18:05:31+00:00\",\"mainEntityOfPage\":{\"@id\":\"https:\\\/\\\/kt.gov.rs\\\/sq\\\/nga-sot-jane-te-qasura-kredite-per-bujqit-dhe-ndihma-ne-te-holla\\\/\"},\"wordCount\":991,\"publisher\":{\"@id\":\"https:\\\/\\\/kt.gov.rs\\\/#organization\"},\"image\":{\"@id\":\"https:\\\/\\\/kt.gov.rs\\\/sq\\\/nga-sot-jane-te-qasura-kredite-per-bujqit-dhe-ndihma-ne-te-holla\\\/#primaryimage\"},\"thumbnailUrl\":\"https:\\\/\\\/kt.gov.rs\\\/wp-content\\\/uploads\\\/2024\\\/07\\\/1587458501_210420_2-5.jpg\",\"articleSection\":[\"Lajme\"],\"inLanguage\":\"sq-AL\"},{\"@type\":\"WebPage\",\"@id\":\"https:\\\/\\\/kt.gov.rs\\\/sq\\\/nga-sot-jane-te-qasura-kredite-per-bujqit-dhe-ndihma-ne-te-holla\\\/\",\"url\":\"https:\\\/\\\/kt.gov.rs\\\/sq\\\/nga-sot-jane-te-qasura-kredite-per-bujqit-dhe-ndihma-ne-te-holla\\\/\",\"name\":\"NGA SOT JAN\u00cb T\u00cb QASURA KREDIT\u00cb P\u00cbR BUJQIT DHE NDIHMA N\u00cb T\u00cb HOLLA - Republika e S\u00ebrbis\u00eb Trupi Koordinues p\u00ebr komunat Bujanoc, Preshev\u00eb dhe Medvegj\u00eb\",\"isPartOf\":{\"@id\":\"https:\\\/\\\/kt.gov.rs\\\/#website\"},\"primaryImageOfPage\":{\"@id\":\"https:\\\/\\\/kt.gov.rs\\\/sq\\\/nga-sot-jane-te-qasura-kredite-per-bujqit-dhe-ndihma-ne-te-holla\\\/#primaryimage\"},\"image\":{\"@id\":\"https:\\\/\\\/kt.gov.rs\\\/sq\\\/nga-sot-jane-te-qasura-kredite-per-bujqit-dhe-ndihma-ne-te-holla\\\/#primaryimage\"},\"thumbnailUrl\":\"https:\\\/\\\/kt.gov.rs\\\/wp-content\\\/uploads\\\/2024\\\/07\\\/1587458501_210420_2-5.jpg\",\"datePublished\":\"2020-04-21T00:00:00+00:00\",\"dateModified\":\"2024-07-30T18:05:31+00:00\",\"breadcrumb\":{\"@id\":\"https:\\\/\\\/kt.gov.rs\\\/sq\\\/nga-sot-jane-te-qasura-kredite-per-bujqit-dhe-ndihma-ne-te-holla\\\/#breadcrumb\"},\"inLanguage\":\"sq-AL\",\"potentialAction\":[{\"@type\":\"ReadAction\",\"target\":[\"https:\\\/\\\/kt.gov.rs\\\/sq\\\/nga-sot-jane-te-qasura-kredite-per-bujqit-dhe-ndihma-ne-te-holla\\\/\"]}]},{\"@type\":\"ImageObject\",\"inLanguage\":\"sq-AL\",\"@id\":\"https:\\\/\\\/kt.gov.rs\\\/sq\\\/nga-sot-jane-te-qasura-kredite-per-bujqit-dhe-ndihma-ne-te-holla\\\/#primaryimage\",\"url\":\"https:\\\/\\\/kt.gov.rs\\\/wp-content\\\/uploads\\\/2024\\\/07\\\/1587458501_210420_2-5.jpg\",\"contentUrl\":\"https:\\\/\\\/kt.gov.rs\\\/wp-content\\\/uploads\\\/2024\\\/07\\\/1587458501_210420_2-5.jpg\",\"width\":315,\"height\":230},{\"@type\":\"BreadcrumbList\",\"@id\":\"https:\\\/\\\/kt.gov.rs\\\/sq\\\/nga-sot-jane-te-qasura-kredite-per-bujqit-dhe-ndihma-ne-te-holla\\\/#breadcrumb\",\"itemListElement\":[{\"@type\":\"ListItem\",\"position\":1,\"name\":\"\u041f\u043e\u0447\u0435\u0442\u043d\u0430\",\"item\":\"https:\\\/\\\/kt.gov.rs\\\/sq\\\/\"},{\"@type\":\"ListItem\",\"position\":2,\"name\":\"NGA SOT JAN\u00cb T\u00cb QASURA KREDIT\u00cb P\u00cbR BUJQIT DHE NDIHMA N\u00cb T\u00cb HOLLA\"}]},{\"@type\":\"WebSite\",\"@id\":\"https:\\\/\\\/kt.gov.rs\\\/#website\",\"url\":\"https:\\\/\\\/kt.gov.rs\\\/\",\"name\":\"\u041a\u043e\u043e\u0440\u0434\u0438\u043d\u0430\u0446\u0438\u043e\u043d\u043e \u0442\u0435\u043b\u043e \u0412\u043b\u0430\u0434\u0435 \u0420\u0435\u043f\u0443\u0431\u043b\u0438\u043a\u0435 \u0421\u0440\u0431\u0438\u0458\u0435 \u0437\u0430 \u043e\u043f\u0448\u0442\u0438\u043d\u0435 \u041f\u0440\u0435\u0448\u0435\u0432\u043e, \u0411\u0443\u0458\u0430\u043d\u043e\u0432\u0430\u0446 \u0438 \u041c\u0435\u0434\u0432\u0435\u0452a\",\"description\":\"\",\"publisher\":{\"@id\":\"https:\\\/\\\/kt.gov.rs\\\/#organization\"},\"alternateName\":\"\u041a\u043e\u043e\u0440\u0434\u0438\u043d\u0430\u0446\u0438\u043e\u043d\u043e \u0442\u0435\u043b\u043e\",\"potentialAction\":[{\"@type\":\"SearchAction\",\"target\":{\"@type\":\"EntryPoint\",\"urlTemplate\":\"https:\\\/\\\/kt.gov.rs\\\/?s={search_term_string}\"},\"query-input\":{\"@type\":\"PropertyValueSpecification\",\"valueRequired\":true,\"valueName\":\"search_term_string\"}}],\"inLanguage\":\"sq-AL\"},{\"@type\":\"Organization\",\"@id\":\"https:\\\/\\\/kt.gov.rs\\\/#organization\",\"name\":\"\u041a\u043e\u043e\u0440\u0434\u0438\u043d\u0430\u0446\u0438\u043e\u043d\u043e \u0442\u0435\u043b\u043e \u0412\u043b\u0430\u0434\u0435 \u0420\u0435\u043f\u0443\u0431\u043b\u0438\u043a\u0435 \u0421\u0440\u0431\u0438\u0458\u0435 \u0437\u0430 \u043e\u043f\u0448\u0442\u0438\u043d\u0435 \u041f\u0440\u0435\u0448\u0435\u0432\u043e, \u0411\u0443\u0458\u0430\u043d\u043e\u0432\u0430\u0446 \u0438 \u041c\u0435\u0434\u0432\u0435\u0452a\",\"alternateName\":\"\u041a\u043e\u043e\u0440\u0434\u0438\u043d\u0430\u0446\u0438\u043e\u043d\u043e \u0442\u0435\u043b\u043e\",\"url\":\"https:\\\/\\\/kt.gov.rs\\\/\",\"logo\":{\"@type\":\"ImageObject\",\"inLanguage\":\"sq-AL\",\"@id\":\"https:\\\/\\\/kt.gov.rs\\\/#\\\/schema\\\/logo\\\/image\\\/\",\"url\":\"https:\\\/\\\/kt.gov.rs\\\/wp-content\\\/uploads\\\/2024\\\/12\\\/koord2.jpg\",\"contentUrl\":\"https:\\\/\\\/kt.gov.rs\\\/wp-content\\\/uploads\\\/2024\\\/12\\\/koord2.jpg\",\"width\":640,\"height\":480,\"caption\":\"\u041a\u043e\u043e\u0440\u0434\u0438\u043d\u0430\u0446\u0438\u043e\u043d\u043e \u0442\u0435\u043b\u043e \u0412\u043b\u0430\u0434\u0435 \u0420\u0435\u043f\u0443\u0431\u043b\u0438\u043a\u0435 \u0421\u0440\u0431\u0438\u0458\u0435 \u0437\u0430 \u043e\u043f\u0448\u0442\u0438\u043d\u0435 \u041f\u0440\u0435\u0448\u0435\u0432\u043e, \u0411\u0443\u0458\u0430\u043d\u043e\u0432\u0430\u0446 \u0438 \u041c\u0435\u0434\u0432\u0435\u0452a\"},\"image\":{\"@id\":\"https:\\\/\\\/kt.gov.rs\\\/#\\\/schema\\\/logo\\\/image\\\/\"},\"sameAs\":[\"https:\\\/\\\/www.facebook.com\\\/SluzbaKoordinacionogTelaVladeRepublikeSrbije\",\"https:\\\/\\\/x.com\\\/kt_gov\",\"https:\\\/\\\/www.youtube.com\\\/@koordinacionotelo\"]},{\"@type\":\"Person\",\"@id\":\"https:\\\/\\\/kt.gov.rs\\\/#\\\/schema\\\/person\\\/e426459ddb4173309103390602694571\",\"name\":\"ktmin\",\"image\":{\"@type\":\"ImageObject\",\"inLanguage\":\"sq-AL\",\"@id\":\"https:\\\/\\\/secure.gravatar.com\\\/avatar\\\/3985c961109853010c3fbc7ba30365bfba5db3dd6c525831d9c595c7525a615a?s=96&d=mm&r=g\",\"url\":\"https:\\\/\\\/secure.gravatar.com\\\/avatar\\\/3985c961109853010c3fbc7ba30365bfba5db3dd6c525831d9c595c7525a615a?s=96&d=mm&r=g\",\"contentUrl\":\"https:\\\/\\\/secure.gravatar.com\\\/avatar\\\/3985c961109853010c3fbc7ba30365bfba5db3dd6c525831d9c595c7525a615a?s=96&d=mm&r=g\",\"caption\":\"ktmin\"},\"sameAs\":[\"https:\\\/\\\/kt.gov.rs\"],\"url\":\"https:\\\/\\\/kt.gov.rs\\\/sq\\\/author\\\/ktmin\\\/\"}]}<\/script>\n<!-- \/ Yoast SEO plugin. -->","yoast_head_json":{"title":"NGA SOT JAN\u00cb T\u00cb QASURA KREDIT\u00cb P\u00cbR BUJQIT DHE NDIHMA N\u00cb T\u00cb HOLLA - Republika e S\u00ebrbis\u00eb Trupi Koordinues p\u00ebr komunat Bujanoc, Preshev\u00eb dhe Medvegj\u00eb","robots":{"index":"index","follow":"follow","max-snippet":"max-snippet:-1","max-image-preview":"max-image-preview:large","max-video-preview":"max-video-preview:-1"},"canonical":"https:\/\/kt.gov.rs\/sq\/nga-sot-jane-te-qasura-kredite-per-bujqit-dhe-ndihma-ne-te-holla\/","og_locale":"sq_AL","og_type":"article","og_title":"NGA SOT JAN\u00cb T\u00cb QASURA KREDIT\u00cb P\u00cbR BUJQIT DHE NDIHMA N\u00cb T\u00cb HOLLA - Republika e S\u00ebrbis\u00eb Trupi Koordinues p\u00ebr komunat Bujanoc, Preshev\u00eb dhe Medvegj\u00eb","og_description":"Beograd -\u00a0Qeveria e Republik\u00ebs s\u00eb Serbis\u00eb ka miratuar Vendimin p\u00ebr P\u00ebrcaktimin e Skem\u00ebs s\u00eb Garancis\u00eb, si mas\u00eb e mb\u00ebshtetjes s\u00eb ekonomis\u00eb p\u00ebr zbutjen e pasojave t\u00eb pandemis\u00eb COVID-19, si dhe Vendimin p\u00ebr Ndihm\u00ebn Financiare p\u00ebr fermat dhe rregulloren p\u00ebr ndihm\u00ebn financiare p\u00ebr fermat p\u00ebrmes qasjes s\u00eb leht\u00ebsuar p\u00ebr p\u00ebrdorimin e kredis\u00eb n\u00eb kushtet e v\u00ebshtira ekonomike Covide-19.","og_url":"https:\/\/kt.gov.rs\/sq\/nga-sot-jane-te-qasura-kredite-per-bujqit-dhe-ndihma-ne-te-holla\/","og_site_name":"Republika e S\u00ebrbis\u00eb Trupi Koordinues p\u00ebr komunat Bujanoc, Preshev\u00eb dhe Medvegj\u00eb","article_publisher":"https:\/\/www.facebook.com\/SluzbaKoordinacionogTelaVladeRepublikeSrbije","article_published_time":"2020-04-21T00:00:00+00:00","article_modified_time":"2024-07-30T18:05:31+00:00","og_image":[{"width":315,"height":230,"url":"https:\/\/kt.gov.rs\/wp-content\/uploads\/2024\/07\/1587458501_210420_2-5.jpg","type":"image\/jpeg"}],"author":"ktmin","twitter_card":"summary_large_image","twitter_creator":"@kt_gov","twitter_site":"@kt_gov","twitter_misc":{"Written by":"ktmin","Est. reading time":"5 minutes"},"schema":{"@context":"https:\/\/schema.org","@graph":[{"@type":"Article","@id":"https:\/\/kt.gov.rs\/sq\/nga-sot-jane-te-qasura-kredite-per-bujqit-dhe-ndihma-ne-te-holla\/#article","isPartOf":{"@id":"https:\/\/kt.gov.rs\/sq\/nga-sot-jane-te-qasura-kredite-per-bujqit-dhe-ndihma-ne-te-holla\/"},"author":{"name":"ktmin","@id":"https:\/\/kt.gov.rs\/#\/schema\/person\/e426459ddb4173309103390602694571"},"headline":"NGA SOT JAN\u00cb T\u00cb QASURA KREDIT\u00cb P\u00cbR BUJQIT DHE NDIHMA N\u00cb T\u00cb HOLLA","datePublished":"2020-04-21T00:00:00+00:00","dateModified":"2024-07-30T18:05:31+00:00","mainEntityOfPage":{"@id":"https:\/\/kt.gov.rs\/sq\/nga-sot-jane-te-qasura-kredite-per-bujqit-dhe-ndihma-ne-te-holla\/"},"wordCount":991,"publisher":{"@id":"https:\/\/kt.gov.rs\/#organization"},"image":{"@id":"https:\/\/kt.gov.rs\/sq\/nga-sot-jane-te-qasura-kredite-per-bujqit-dhe-ndihma-ne-te-holla\/#primaryimage"},"thumbnailUrl":"https:\/\/kt.gov.rs\/wp-content\/uploads\/2024\/07\/1587458501_210420_2-5.jpg","articleSection":["Lajme"],"inLanguage":"sq-AL"},{"@type":"WebPage","@id":"https:\/\/kt.gov.rs\/sq\/nga-sot-jane-te-qasura-kredite-per-bujqit-dhe-ndihma-ne-te-holla\/","url":"https:\/\/kt.gov.rs\/sq\/nga-sot-jane-te-qasura-kredite-per-bujqit-dhe-ndihma-ne-te-holla\/","name":"NGA SOT JAN\u00cb T\u00cb QASURA KREDIT\u00cb P\u00cbR BUJQIT DHE NDIHMA N\u00cb T\u00cb HOLLA - Republika e S\u00ebrbis\u00eb Trupi Koordinues p\u00ebr komunat Bujanoc, Preshev\u00eb dhe Medvegj\u00eb","isPartOf":{"@id":"https:\/\/kt.gov.rs\/#website"},"primaryImageOfPage":{"@id":"https:\/\/kt.gov.rs\/sq\/nga-sot-jane-te-qasura-kredite-per-bujqit-dhe-ndihma-ne-te-holla\/#primaryimage"},"image":{"@id":"https:\/\/kt.gov.rs\/sq\/nga-sot-jane-te-qasura-kredite-per-bujqit-dhe-ndihma-ne-te-holla\/#primaryimage"},"thumbnailUrl":"https:\/\/kt.gov.rs\/wp-content\/uploads\/2024\/07\/1587458501_210420_2-5.jpg","datePublished":"2020-04-21T00:00:00+00:00","dateModified":"2024-07-30T18:05:31+00:00","breadcrumb":{"@id":"https:\/\/kt.gov.rs\/sq\/nga-sot-jane-te-qasura-kredite-per-bujqit-dhe-ndihma-ne-te-holla\/#breadcrumb"},"inLanguage":"sq-AL","potentialAction":[{"@type":"ReadAction","target":["https:\/\/kt.gov.rs\/sq\/nga-sot-jane-te-qasura-kredite-per-bujqit-dhe-ndihma-ne-te-holla\/"]}]},{"@type":"ImageObject","inLanguage":"sq-AL","@id":"https:\/\/kt.gov.rs\/sq\/nga-sot-jane-te-qasura-kredite-per-bujqit-dhe-ndihma-ne-te-holla\/#primaryimage","url":"https:\/\/kt.gov.rs\/wp-content\/uploads\/2024\/07\/1587458501_210420_2-5.jpg","contentUrl":"https:\/\/kt.gov.rs\/wp-content\/uploads\/2024\/07\/1587458501_210420_2-5.jpg","width":315,"height":230},{"@type":"BreadcrumbList","@id":"https:\/\/kt.gov.rs\/sq\/nga-sot-jane-te-qasura-kredite-per-bujqit-dhe-ndihma-ne-te-holla\/#breadcrumb","itemListElement":[{"@type":"ListItem","position":1,"name":"\u041f\u043e\u0447\u0435\u0442\u043d\u0430","item":"https:\/\/kt.gov.rs\/sq\/"},{"@type":"ListItem","position":2,"name":"NGA SOT JAN\u00cb T\u00cb QASURA KREDIT\u00cb P\u00cbR BUJQIT DHE NDIHMA N\u00cb T\u00cb HOLLA"}]},{"@type":"WebSite","@id":"https:\/\/kt.gov.rs\/#website","url":"https:\/\/kt.gov.rs\/","name":"\u041a\u043e\u043e\u0440\u0434\u0438\u043d\u0430\u0446\u0438\u043e\u043d\u043e \u0442\u0435\u043b\u043e \u0412\u043b\u0430\u0434\u0435 \u0420\u0435\u043f\u0443\u0431\u043b\u0438\u043a\u0435 \u0421\u0440\u0431\u0438\u0458\u0435 \u0437\u0430 \u043e\u043f\u0448\u0442\u0438\u043d\u0435 \u041f\u0440\u0435\u0448\u0435\u0432\u043e, \u0411\u0443\u0458\u0430\u043d\u043e\u0432\u0430\u0446 \u0438 \u041c\u0435\u0434\u0432\u0435\u0452a","description":"","publisher":{"@id":"https:\/\/kt.gov.rs\/#organization"},"alternateName":"\u041a\u043e\u043e\u0440\u0434\u0438\u043d\u0430\u0446\u0438\u043e\u043d\u043e \u0442\u0435\u043b\u043e","potentialAction":[{"@type":"SearchAction","target":{"@type":"EntryPoint","urlTemplate":"https:\/\/kt.gov.rs\/?s={search_term_string}"},"query-input":{"@type":"PropertyValueSpecification","valueRequired":true,"valueName":"search_term_string"}}],"inLanguage":"sq-AL"},{"@type":"Organization","@id":"https:\/\/kt.gov.rs\/#organization","name":"\u041a\u043e\u043e\u0440\u0434\u0438\u043d\u0430\u0446\u0438\u043e\u043d\u043e \u0442\u0435\u043b\u043e \u0412\u043b\u0430\u0434\u0435 \u0420\u0435\u043f\u0443\u0431\u043b\u0438\u043a\u0435 \u0421\u0440\u0431\u0438\u0458\u0435 \u0437\u0430 \u043e\u043f\u0448\u0442\u0438\u043d\u0435 \u041f\u0440\u0435\u0448\u0435\u0432\u043e, \u0411\u0443\u0458\u0430\u043d\u043e\u0432\u0430\u0446 \u0438 \u041c\u0435\u0434\u0432\u0435\u0452a","alternateName":"\u041a\u043e\u043e\u0440\u0434\u0438\u043d\u0430\u0446\u0438\u043e\u043d\u043e \u0442\u0435\u043b\u043e","url":"https:\/\/kt.gov.rs\/","logo":{"@type":"ImageObject","inLanguage":"sq-AL","@id":"https:\/\/kt.gov.rs\/#\/schema\/logo\/image\/","url":"https:\/\/kt.gov.rs\/wp-content\/uploads\/2024\/12\/koord2.jpg","contentUrl":"https:\/\/kt.gov.rs\/wp-content\/uploads\/2024\/12\/koord2.jpg","width":640,"height":480,"caption":"\u041a\u043e\u043e\u0440\u0434\u0438\u043d\u0430\u0446\u0438\u043e\u043d\u043e \u0442\u0435\u043b\u043e \u0412\u043b\u0430\u0434\u0435 \u0420\u0435\u043f\u0443\u0431\u043b\u0438\u043a\u0435 \u0421\u0440\u0431\u0438\u0458\u0435 \u0437\u0430 \u043e\u043f\u0448\u0442\u0438\u043d\u0435 \u041f\u0440\u0435\u0448\u0435\u0432\u043e, \u0411\u0443\u0458\u0430\u043d\u043e\u0432\u0430\u0446 \u0438 \u041c\u0435\u0434\u0432\u0435\u0452a"},"image":{"@id":"https:\/\/kt.gov.rs\/#\/schema\/logo\/image\/"},"sameAs":["https:\/\/www.facebook.com\/SluzbaKoordinacionogTelaVladeRepublikeSrbije","https:\/\/x.com\/kt_gov","https:\/\/www.youtube.com\/@koordinacionotelo"]},{"@type":"Person","@id":"https:\/\/kt.gov.rs\/#\/schema\/person\/e426459ddb4173309103390602694571","name":"ktmin","image":{"@type":"ImageObject","inLanguage":"sq-AL","@id":"https:\/\/secure.gravatar.com\/avatar\/3985c961109853010c3fbc7ba30365bfba5db3dd6c525831d9c595c7525a615a?s=96&d=mm&r=g","url":"https:\/\/secure.gravatar.com\/avatar\/3985c961109853010c3fbc7ba30365bfba5db3dd6c525831d9c595c7525a615a?s=96&d=mm&r=g","contentUrl":"https:\/\/secure.gravatar.com\/avatar\/3985c961109853010c3fbc7ba30365bfba5db3dd6c525831d9c595c7525a615a?s=96&d=mm&r=g","caption":"ktmin"},"sameAs":["https:\/\/kt.gov.rs"],"url":"https:\/\/kt.gov.rs\/sq\/author\/ktmin\/"}]}},"_links":{"self":[{"href":"https:\/\/kt.gov.rs\/sq\/wp-json\/wp\/v2\/posts\/113066","targetHints":{"allow":["GET"]}}],"collection":[{"href":"https:\/\/kt.gov.rs\/sq\/wp-json\/wp\/v2\/posts"}],"about":[{"href":"https:\/\/kt.gov.rs\/sq\/wp-json\/wp\/v2\/types\/post"}],"author":[{"embeddable":true,"href":"https:\/\/kt.gov.rs\/sq\/wp-json\/wp\/v2\/users\/1"}],"replies":[{"embeddable":true,"href":"https:\/\/kt.gov.rs\/sq\/wp-json\/wp\/v2\/comments?post=113066"}],"version-history":[{"count":1,"href":"https:\/\/kt.gov.rs\/sq\/wp-json\/wp\/v2\/posts\/113066\/revisions"}],"predecessor-version":[{"id":113070,"href":"https:\/\/kt.gov.rs\/sq\/wp-json\/wp\/v2\/posts\/113066\/revisions\/113070"}],"wp:featuredmedia":[{"embeddable":true,"href":"https:\/\/kt.gov.rs\/sq\/wp-json\/wp\/v2\/media\/113071"}],"wp:attachment":[{"href":"https:\/\/kt.gov.rs\/sq\/wp-json\/wp\/v2\/media?parent=113066"}],"wp:term":[{"taxonomy":"category","embeddable":true,"href":"https:\/\/kt.gov.rs\/sq\/wp-json\/wp\/v2\/categories?post=113066"},{"taxonomy":"post_tag","embeddable":true,"href":"https:\/\/kt.gov.rs\/sq\/wp-json\/wp\/v2\/tags?post=113066"}],"curies":[{"name":"wp","href":"https:\/\/api.w.org\/{rel}","templated":true}]}}