{"id":113050,"date":"2020-04-21T00:00:00","date_gmt":"2020-04-21T00:00:00","guid":{"rendered":"http:\/\/kt.printandscreen.rs\/ora-policore-per-pastrim-gjeneral-te-bujanocit-porosi-e-rendesishme-per-qytetaret\/"},"modified":"2024-07-30T18:05:30","modified_gmt":"2024-07-30T18:05:30","slug":"ora-policore-per-pastrim-gjeneral-te-bujanocit-porosi-e-rendesishme-per-qytetaret","status":"publish","type":"post","link":"https:\/\/kt.gov.rs\/sq\/ora-policore-per-pastrim-gjeneral-te-bujanocit-porosi-e-rendesishme-per-qytetaret\/","title":{"rendered":"ORA POLICORE P\u00cbR PASTRIM GJENERAL T\u00cb BUJANOCIT, POROSI E R\u00cbND\u00cbSISHME P\u00cbR QYTETAR\u00cbT"},"content":{"rendered":"<p>\n\t<strong><img decoding=\"async\" alt=\"\" src=\"https:\/\/kt.gov.rs\/wp-content\/uploads\/2024\/07\/1587458787_210420_4-4.jpg\" style=\"width: 315px; height: 230px; float: left;\" \/><\/strong><\/p>\n<p>\n\t<strong>Bujanoc \u2013<\/strong> E h\u00ebna, dita e fundit e or\u00ebs policore m\u00eb t\u00eb gjat\u00eb, u p\u00ebrdor p\u00ebr t\u00eb lar\u00eb plot\u00ebsisht rrug\u00ebn kryesore dhe trotuaret nga Sht\u00ebpia e Sh\u00ebndeti e deri tek rrethrrotullimi, p\u00ebr t\u00eb hequr mbeturinat dhe pastrimin e kapanxhave.<\/p>\n<p>\n\t&quot;\u00cbsht\u00eb punuar gjith\u00eb dit\u00ebn, nga m\u00ebngjesi deri von\u00eb nat\u00ebn,&quot; tha Rahim Salihi, shefi i Departamentit t\u00eb Zhvillimit dhe Investimeve, t\u00eb cil\u00ebn pun\u00eb e punoi me pun\u00ebtor\u00ebt e Komunalis\u00eb. \u00a0<\/p>\n<p>\n\tSalihi njofton se n\u00eb t\u00eb nj\u00ebjt\u00ebn m\u00ebnyr\u00eb, pjes\u00ebt e tjera t\u00eb rrug\u00ebs do t\u00eb lahen dhe pastrohen brenda dit\u00ebve n\u00eb vazhdim.<\/p>\n<p>\n\tAi u b\u00ebn thirrje qytetar\u00ebve q\u00eb t\u00eb jen\u00eb p\u00ebrgjegj\u00ebs, t\u00eb mos hedhin mbeturina aty ku nuk \u00ebsht\u00eb vendi, dhe se kjo \u00ebsht\u00eb n\u00eb t\u00eb mir\u00eb t\u00eb t\u00eb gjith\u00eb neve.<\/p>\n<p>\n\tSalihi deklaroi se \u00ebsht\u00eb pafund\u00ebsisht mir\u00ebnjoh\u00ebs p\u00ebr pun\u00ebtor\u00ebt e Komunalis\u00eb:<\/p>\n<p>\n\t&quot;Rregullimi i qytetit do t\u00eb vazhdojn\u00eb derisa t\u00eb kemi nj\u00eb qytet dhe komun\u00eb si shembull,&quot; tha Salihi.<\/p>\n<p>\n\t<strong>Burimi: Bujanova\u00e7ke dhe Trupi Koordinues<\/strong><\/p>\n<p>\n\t\u00a0<\/p>\n<p>\n\t\u00a0<\/p>\n","protected":false},"excerpt":{"rendered":"<p>Bujanoc \u2013\u00a0E h\u00ebna, dita e fundit e or\u00ebs policore m\u00eb t\u00eb gjat\u00eb, u p\u00ebrdor p\u00ebr t\u00eb lar\u00eb plot\u00ebsisht rrug\u00ebn kryesore dhe trotuaret nga Sht\u00ebpia e Sh\u00ebndeti e deri tek rrethrrotullimi, p\u00ebr t\u00eb hequr mbeturinat dhe pastrimin e kapanxhave.<\/p>\n","protected":false},"author":1,"featured_media":113055,"comment_status":"closed","ping_status":"closed","sticky":false,"template":"","format":"standard","meta":{"footnotes":""},"categories":[55],"tags":[],"class_list":["post-113050","post","type-post","status-publish","format-standard","has-post-thumbnail","hentry","category-lajme"],"yoast_head":"<!-- This site is optimized with the Yoast SEO plugin v27.5 - https:\/\/yoast.com\/product\/yoast-seo-wordpress\/ -->\n<title>ORA POLICORE P\u00cbR PASTRIM GJENERAL T\u00cb BUJANOCIT, POROSI E R\u00cbND\u00cbSISHME P\u00cbR QYTETAR\u00cbT - Republika e S\u00ebrbis\u00eb Trupi Koordinues p\u00ebr komunat Bujanoc, Preshev\u00eb dhe Medvegj\u00eb<\/title>\n<meta name=\"robots\" content=\"index, follow, max-snippet:-1, max-image-preview:large, max-video-preview:-1\" \/>\n<link rel=\"canonical\" href=\"https:\/\/kt.gov.rs\/sq\/ora-policore-per-pastrim-gjeneral-te-bujanocit-porosi-e-rendesishme-per-qytetaret\/\" \/>\n<meta property=\"og:locale\" content=\"sq_AL\" \/>\n<meta property=\"og:type\" content=\"article\" \/>\n<meta property=\"og:title\" content=\"ORA POLICORE P\u00cbR PASTRIM GJENERAL T\u00cb BUJANOCIT, POROSI E R\u00cbND\u00cbSISHME P\u00cbR QYTETAR\u00cbT - Republika e S\u00ebrbis\u00eb Trupi Koordinues p\u00ebr komunat Bujanoc, Preshev\u00eb dhe Medvegj\u00eb\" \/>\n<meta property=\"og:description\" content=\"Bujanoc -\u00a0E h\u00ebna, dita e fundit e or\u00ebs policore m\u00eb t\u00eb gjat\u00eb, u p\u00ebrdor p\u00ebr t\u00eb lar\u00eb plot\u00ebsisht rrug\u00ebn kryesore dhe trotuaret nga Sht\u00ebpia e Sh\u00ebndeti e deri tek rrethrrotullimi, p\u00ebr t\u00eb hequr mbeturinat dhe pastrimin e kapanxhave.\" \/>\n<meta property=\"og:url\" content=\"https:\/\/kt.gov.rs\/sq\/ora-policore-per-pastrim-gjeneral-te-bujanocit-porosi-e-rendesishme-per-qytetaret\/\" \/>\n<meta property=\"og:site_name\" content=\"Republika e S\u00ebrbis\u00eb Trupi Koordinues p\u00ebr komunat Bujanoc, Preshev\u00eb dhe Medvegj\u00eb\" \/>\n<meta property=\"article:publisher\" content=\"https:\/\/www.facebook.com\/SluzbaKoordinacionogTelaVladeRepublikeSrbije\" \/>\n<meta property=\"article:published_time\" content=\"2020-04-21T00:00:00+00:00\" \/>\n<meta property=\"article:modified_time\" content=\"2024-07-30T18:05:30+00:00\" \/>\n<meta property=\"og:image\" content=\"https:\/\/kt.gov.rs\/wp-content\/uploads\/2024\/07\/1587458787_210420_4-5.jpg\" \/>\n\t<meta property=\"og:image:width\" content=\"315\" \/>\n\t<meta property=\"og:image:height\" content=\"230\" \/>\n\t<meta property=\"og:image:type\" content=\"image\/jpeg\" \/>\n<meta name=\"author\" content=\"ktmin\" \/>\n<meta name=\"twitter:card\" content=\"summary_large_image\" \/>\n<meta name=\"twitter:creator\" content=\"@kt_gov\" \/>\n<meta name=\"twitter:site\" content=\"@kt_gov\" \/>\n<meta name=\"twitter:label1\" content=\"Written by\" \/>\n\t<meta name=\"twitter:data1\" content=\"ktmin\" \/>\n\t<meta name=\"twitter:label2\" content=\"Est. reading time\" \/>\n\t<meta name=\"twitter:data2\" content=\"1 minute\" \/>\n<script type=\"application\/ld+json\" class=\"yoast-schema-graph\">{\"@context\":\"https:\\\/\\\/schema.org\",\"@graph\":[{\"@type\":\"Article\",\"@id\":\"https:\\\/\\\/kt.gov.rs\\\/sq\\\/ora-policore-per-pastrim-gjeneral-te-bujanocit-porosi-e-rendesishme-per-qytetaret\\\/#article\",\"isPartOf\":{\"@id\":\"https:\\\/\\\/kt.gov.rs\\\/sq\\\/ora-policore-per-pastrim-gjeneral-te-bujanocit-porosi-e-rendesishme-per-qytetaret\\\/\"},\"author\":{\"name\":\"ktmin\",\"@id\":\"https:\\\/\\\/kt.gov.rs\\\/#\\\/schema\\\/person\\\/e426459ddb4173309103390602694571\"},\"headline\":\"ORA POLICORE P\u00cbR PASTRIM GJENERAL T\u00cb BUJANOCIT, POROSI E R\u00cbND\u00cbSISHME P\u00cbR QYTETAR\u00cbT\",\"datePublished\":\"2020-04-21T00:00:00+00:00\",\"dateModified\":\"2024-07-30T18:05:30+00:00\",\"mainEntityOfPage\":{\"@id\":\"https:\\\/\\\/kt.gov.rs\\\/sq\\\/ora-policore-per-pastrim-gjeneral-te-bujanocit-porosi-e-rendesishme-per-qytetaret\\\/\"},\"wordCount\":279,\"publisher\":{\"@id\":\"https:\\\/\\\/kt.gov.rs\\\/#organization\"},\"image\":{\"@id\":\"https:\\\/\\\/kt.gov.rs\\\/sq\\\/ora-policore-per-pastrim-gjeneral-te-bujanocit-porosi-e-rendesishme-per-qytetaret\\\/#primaryimage\"},\"thumbnailUrl\":\"https:\\\/\\\/kt.gov.rs\\\/wp-content\\\/uploads\\\/2024\\\/07\\\/1587458787_210420_4-5.jpg\",\"articleSection\":[\"Lajme\"],\"inLanguage\":\"sq-AL\"},{\"@type\":\"WebPage\",\"@id\":\"https:\\\/\\\/kt.gov.rs\\\/sq\\\/ora-policore-per-pastrim-gjeneral-te-bujanocit-porosi-e-rendesishme-per-qytetaret\\\/\",\"url\":\"https:\\\/\\\/kt.gov.rs\\\/sq\\\/ora-policore-per-pastrim-gjeneral-te-bujanocit-porosi-e-rendesishme-per-qytetaret\\\/\",\"name\":\"ORA POLICORE P\u00cbR PASTRIM GJENERAL T\u00cb BUJANOCIT, POROSI E R\u00cbND\u00cbSISHME P\u00cbR QYTETAR\u00cbT - Republika e S\u00ebrbis\u00eb Trupi Koordinues p\u00ebr komunat Bujanoc, Preshev\u00eb dhe Medvegj\u00eb\",\"isPartOf\":{\"@id\":\"https:\\\/\\\/kt.gov.rs\\\/#website\"},\"primaryImageOfPage\":{\"@id\":\"https:\\\/\\\/kt.gov.rs\\\/sq\\\/ora-policore-per-pastrim-gjeneral-te-bujanocit-porosi-e-rendesishme-per-qytetaret\\\/#primaryimage\"},\"image\":{\"@id\":\"https:\\\/\\\/kt.gov.rs\\\/sq\\\/ora-policore-per-pastrim-gjeneral-te-bujanocit-porosi-e-rendesishme-per-qytetaret\\\/#primaryimage\"},\"thumbnailUrl\":\"https:\\\/\\\/kt.gov.rs\\\/wp-content\\\/uploads\\\/2024\\\/07\\\/1587458787_210420_4-5.jpg\",\"datePublished\":\"2020-04-21T00:00:00+00:00\",\"dateModified\":\"2024-07-30T18:05:30+00:00\",\"breadcrumb\":{\"@id\":\"https:\\\/\\\/kt.gov.rs\\\/sq\\\/ora-policore-per-pastrim-gjeneral-te-bujanocit-porosi-e-rendesishme-per-qytetaret\\\/#breadcrumb\"},\"inLanguage\":\"sq-AL\",\"potentialAction\":[{\"@type\":\"ReadAction\",\"target\":[\"https:\\\/\\\/kt.gov.rs\\\/sq\\\/ora-policore-per-pastrim-gjeneral-te-bujanocit-porosi-e-rendesishme-per-qytetaret\\\/\"]}]},{\"@type\":\"ImageObject\",\"inLanguage\":\"sq-AL\",\"@id\":\"https:\\\/\\\/kt.gov.rs\\\/sq\\\/ora-policore-per-pastrim-gjeneral-te-bujanocit-porosi-e-rendesishme-per-qytetaret\\\/#primaryimage\",\"url\":\"https:\\\/\\\/kt.gov.rs\\\/wp-content\\\/uploads\\\/2024\\\/07\\\/1587458787_210420_4-5.jpg\",\"contentUrl\":\"https:\\\/\\\/kt.gov.rs\\\/wp-content\\\/uploads\\\/2024\\\/07\\\/1587458787_210420_4-5.jpg\",\"width\":315,\"height\":230},{\"@type\":\"BreadcrumbList\",\"@id\":\"https:\\\/\\\/kt.gov.rs\\\/sq\\\/ora-policore-per-pastrim-gjeneral-te-bujanocit-porosi-e-rendesishme-per-qytetaret\\\/#breadcrumb\",\"itemListElement\":[{\"@type\":\"ListItem\",\"position\":1,\"name\":\"\u041f\u043e\u0447\u0435\u0442\u043d\u0430\",\"item\":\"https:\\\/\\\/kt.gov.rs\\\/sq\\\/\"},{\"@type\":\"ListItem\",\"position\":2,\"name\":\"ORA POLICORE P\u00cbR PASTRIM GJENERAL T\u00cb BUJANOCIT, POROSI E R\u00cbND\u00cbSISHME P\u00cbR QYTETAR\u00cbT\"}]},{\"@type\":\"WebSite\",\"@id\":\"https:\\\/\\\/kt.gov.rs\\\/#website\",\"url\":\"https:\\\/\\\/kt.gov.rs\\\/\",\"name\":\"\u041a\u043e\u043e\u0440\u0434\u0438\u043d\u0430\u0446\u0438\u043e\u043d\u043e \u0442\u0435\u043b\u043e \u0412\u043b\u0430\u0434\u0435 \u0420\u0435\u043f\u0443\u0431\u043b\u0438\u043a\u0435 \u0421\u0440\u0431\u0438\u0458\u0435 \u0437\u0430 \u043e\u043f\u0448\u0442\u0438\u043d\u0435 \u041f\u0440\u0435\u0448\u0435\u0432\u043e, \u0411\u0443\u0458\u0430\u043d\u043e\u0432\u0430\u0446 \u0438 \u041c\u0435\u0434\u0432\u0435\u0452a\",\"description\":\"\",\"publisher\":{\"@id\":\"https:\\\/\\\/kt.gov.rs\\\/#organization\"},\"alternateName\":\"\u041a\u043e\u043e\u0440\u0434\u0438\u043d\u0430\u0446\u0438\u043e\u043d\u043e \u0442\u0435\u043b\u043e\",\"potentialAction\":[{\"@type\":\"SearchAction\",\"target\":{\"@type\":\"EntryPoint\",\"urlTemplate\":\"https:\\\/\\\/kt.gov.rs\\\/?s={search_term_string}\"},\"query-input\":{\"@type\":\"PropertyValueSpecification\",\"valueRequired\":true,\"valueName\":\"search_term_string\"}}],\"inLanguage\":\"sq-AL\"},{\"@type\":\"Organization\",\"@id\":\"https:\\\/\\\/kt.gov.rs\\\/#organization\",\"name\":\"\u041a\u043e\u043e\u0440\u0434\u0438\u043d\u0430\u0446\u0438\u043e\u043d\u043e \u0442\u0435\u043b\u043e \u0412\u043b\u0430\u0434\u0435 \u0420\u0435\u043f\u0443\u0431\u043b\u0438\u043a\u0435 \u0421\u0440\u0431\u0438\u0458\u0435 \u0437\u0430 \u043e\u043f\u0448\u0442\u0438\u043d\u0435 \u041f\u0440\u0435\u0448\u0435\u0432\u043e, \u0411\u0443\u0458\u0430\u043d\u043e\u0432\u0430\u0446 \u0438 \u041c\u0435\u0434\u0432\u0435\u0452a\",\"alternateName\":\"\u041a\u043e\u043e\u0440\u0434\u0438\u043d\u0430\u0446\u0438\u043e\u043d\u043e \u0442\u0435\u043b\u043e\",\"url\":\"https:\\\/\\\/kt.gov.rs\\\/\",\"logo\":{\"@type\":\"ImageObject\",\"inLanguage\":\"sq-AL\",\"@id\":\"https:\\\/\\\/kt.gov.rs\\\/#\\\/schema\\\/logo\\\/image\\\/\",\"url\":\"https:\\\/\\\/kt.gov.rs\\\/wp-content\\\/uploads\\\/2024\\\/12\\\/koord2.jpg\",\"contentUrl\":\"https:\\\/\\\/kt.gov.rs\\\/wp-content\\\/uploads\\\/2024\\\/12\\\/koord2.jpg\",\"width\":640,\"height\":480,\"caption\":\"\u041a\u043e\u043e\u0440\u0434\u0438\u043d\u0430\u0446\u0438\u043e\u043d\u043e \u0442\u0435\u043b\u043e \u0412\u043b\u0430\u0434\u0435 \u0420\u0435\u043f\u0443\u0431\u043b\u0438\u043a\u0435 \u0421\u0440\u0431\u0438\u0458\u0435 \u0437\u0430 \u043e\u043f\u0448\u0442\u0438\u043d\u0435 \u041f\u0440\u0435\u0448\u0435\u0432\u043e, \u0411\u0443\u0458\u0430\u043d\u043e\u0432\u0430\u0446 \u0438 \u041c\u0435\u0434\u0432\u0435\u0452a\"},\"image\":{\"@id\":\"https:\\\/\\\/kt.gov.rs\\\/#\\\/schema\\\/logo\\\/image\\\/\"},\"sameAs\":[\"https:\\\/\\\/www.facebook.com\\\/SluzbaKoordinacionogTelaVladeRepublikeSrbije\",\"https:\\\/\\\/x.com\\\/kt_gov\",\"https:\\\/\\\/www.youtube.com\\\/@koordinacionotelo\"]},{\"@type\":\"Person\",\"@id\":\"https:\\\/\\\/kt.gov.rs\\\/#\\\/schema\\\/person\\\/e426459ddb4173309103390602694571\",\"name\":\"ktmin\",\"image\":{\"@type\":\"ImageObject\",\"inLanguage\":\"sq-AL\",\"@id\":\"https:\\\/\\\/secure.gravatar.com\\\/avatar\\\/3985c961109853010c3fbc7ba30365bfba5db3dd6c525831d9c595c7525a615a?s=96&d=mm&r=g\",\"url\":\"https:\\\/\\\/secure.gravatar.com\\\/avatar\\\/3985c961109853010c3fbc7ba30365bfba5db3dd6c525831d9c595c7525a615a?s=96&d=mm&r=g\",\"contentUrl\":\"https:\\\/\\\/secure.gravatar.com\\\/avatar\\\/3985c961109853010c3fbc7ba30365bfba5db3dd6c525831d9c595c7525a615a?s=96&d=mm&r=g\",\"caption\":\"ktmin\"},\"sameAs\":[\"https:\\\/\\\/kt.gov.rs\"],\"url\":\"https:\\\/\\\/kt.gov.rs\\\/sq\\\/author\\\/ktmin\\\/\"}]}<\/script>\n<!-- \/ Yoast SEO plugin. -->","yoast_head_json":{"title":"ORA POLICORE P\u00cbR PASTRIM GJENERAL T\u00cb BUJANOCIT, POROSI E R\u00cbND\u00cbSISHME P\u00cbR QYTETAR\u00cbT - Republika e S\u00ebrbis\u00eb Trupi Koordinues p\u00ebr komunat Bujanoc, Preshev\u00eb dhe Medvegj\u00eb","robots":{"index":"index","follow":"follow","max-snippet":"max-snippet:-1","max-image-preview":"max-image-preview:large","max-video-preview":"max-video-preview:-1"},"canonical":"https:\/\/kt.gov.rs\/sq\/ora-policore-per-pastrim-gjeneral-te-bujanocit-porosi-e-rendesishme-per-qytetaret\/","og_locale":"sq_AL","og_type":"article","og_title":"ORA POLICORE P\u00cbR PASTRIM GJENERAL T\u00cb BUJANOCIT, POROSI E R\u00cbND\u00cbSISHME P\u00cbR QYTETAR\u00cbT - Republika e S\u00ebrbis\u00eb Trupi Koordinues p\u00ebr komunat Bujanoc, Preshev\u00eb dhe Medvegj\u00eb","og_description":"Bujanoc -\u00a0E h\u00ebna, dita e fundit e or\u00ebs policore m\u00eb t\u00eb gjat\u00eb, u p\u00ebrdor p\u00ebr t\u00eb lar\u00eb plot\u00ebsisht rrug\u00ebn kryesore dhe trotuaret nga Sht\u00ebpia e Sh\u00ebndeti e deri tek rrethrrotullimi, p\u00ebr t\u00eb hequr mbeturinat dhe pastrimin e kapanxhave.","og_url":"https:\/\/kt.gov.rs\/sq\/ora-policore-per-pastrim-gjeneral-te-bujanocit-porosi-e-rendesishme-per-qytetaret\/","og_site_name":"Republika e S\u00ebrbis\u00eb Trupi Koordinues p\u00ebr komunat Bujanoc, Preshev\u00eb dhe Medvegj\u00eb","article_publisher":"https:\/\/www.facebook.com\/SluzbaKoordinacionogTelaVladeRepublikeSrbije","article_published_time":"2020-04-21T00:00:00+00:00","article_modified_time":"2024-07-30T18:05:30+00:00","og_image":[{"width":315,"height":230,"url":"https:\/\/kt.gov.rs\/wp-content\/uploads\/2024\/07\/1587458787_210420_4-5.jpg","type":"image\/jpeg"}],"author":"ktmin","twitter_card":"summary_large_image","twitter_creator":"@kt_gov","twitter_site":"@kt_gov","twitter_misc":{"Written by":"ktmin","Est. reading time":"1 minute"},"schema":{"@context":"https:\/\/schema.org","@graph":[{"@type":"Article","@id":"https:\/\/kt.gov.rs\/sq\/ora-policore-per-pastrim-gjeneral-te-bujanocit-porosi-e-rendesishme-per-qytetaret\/#article","isPartOf":{"@id":"https:\/\/kt.gov.rs\/sq\/ora-policore-per-pastrim-gjeneral-te-bujanocit-porosi-e-rendesishme-per-qytetaret\/"},"author":{"name":"ktmin","@id":"https:\/\/kt.gov.rs\/#\/schema\/person\/e426459ddb4173309103390602694571"},"headline":"ORA POLICORE P\u00cbR PASTRIM GJENERAL T\u00cb BUJANOCIT, POROSI E R\u00cbND\u00cbSISHME P\u00cbR QYTETAR\u00cbT","datePublished":"2020-04-21T00:00:00+00:00","dateModified":"2024-07-30T18:05:30+00:00","mainEntityOfPage":{"@id":"https:\/\/kt.gov.rs\/sq\/ora-policore-per-pastrim-gjeneral-te-bujanocit-porosi-e-rendesishme-per-qytetaret\/"},"wordCount":279,"publisher":{"@id":"https:\/\/kt.gov.rs\/#organization"},"image":{"@id":"https:\/\/kt.gov.rs\/sq\/ora-policore-per-pastrim-gjeneral-te-bujanocit-porosi-e-rendesishme-per-qytetaret\/#primaryimage"},"thumbnailUrl":"https:\/\/kt.gov.rs\/wp-content\/uploads\/2024\/07\/1587458787_210420_4-5.jpg","articleSection":["Lajme"],"inLanguage":"sq-AL"},{"@type":"WebPage","@id":"https:\/\/kt.gov.rs\/sq\/ora-policore-per-pastrim-gjeneral-te-bujanocit-porosi-e-rendesishme-per-qytetaret\/","url":"https:\/\/kt.gov.rs\/sq\/ora-policore-per-pastrim-gjeneral-te-bujanocit-porosi-e-rendesishme-per-qytetaret\/","name":"ORA POLICORE P\u00cbR PASTRIM GJENERAL T\u00cb BUJANOCIT, POROSI E R\u00cbND\u00cbSISHME P\u00cbR QYTETAR\u00cbT - Republika e S\u00ebrbis\u00eb Trupi Koordinues p\u00ebr komunat Bujanoc, Preshev\u00eb dhe Medvegj\u00eb","isPartOf":{"@id":"https:\/\/kt.gov.rs\/#website"},"primaryImageOfPage":{"@id":"https:\/\/kt.gov.rs\/sq\/ora-policore-per-pastrim-gjeneral-te-bujanocit-porosi-e-rendesishme-per-qytetaret\/#primaryimage"},"image":{"@id":"https:\/\/kt.gov.rs\/sq\/ora-policore-per-pastrim-gjeneral-te-bujanocit-porosi-e-rendesishme-per-qytetaret\/#primaryimage"},"thumbnailUrl":"https:\/\/kt.gov.rs\/wp-content\/uploads\/2024\/07\/1587458787_210420_4-5.jpg","datePublished":"2020-04-21T00:00:00+00:00","dateModified":"2024-07-30T18:05:30+00:00","breadcrumb":{"@id":"https:\/\/kt.gov.rs\/sq\/ora-policore-per-pastrim-gjeneral-te-bujanocit-porosi-e-rendesishme-per-qytetaret\/#breadcrumb"},"inLanguage":"sq-AL","potentialAction":[{"@type":"ReadAction","target":["https:\/\/kt.gov.rs\/sq\/ora-policore-per-pastrim-gjeneral-te-bujanocit-porosi-e-rendesishme-per-qytetaret\/"]}]},{"@type":"ImageObject","inLanguage":"sq-AL","@id":"https:\/\/kt.gov.rs\/sq\/ora-policore-per-pastrim-gjeneral-te-bujanocit-porosi-e-rendesishme-per-qytetaret\/#primaryimage","url":"https:\/\/kt.gov.rs\/wp-content\/uploads\/2024\/07\/1587458787_210420_4-5.jpg","contentUrl":"https:\/\/kt.gov.rs\/wp-content\/uploads\/2024\/07\/1587458787_210420_4-5.jpg","width":315,"height":230},{"@type":"BreadcrumbList","@id":"https:\/\/kt.gov.rs\/sq\/ora-policore-per-pastrim-gjeneral-te-bujanocit-porosi-e-rendesishme-per-qytetaret\/#breadcrumb","itemListElement":[{"@type":"ListItem","position":1,"name":"\u041f\u043e\u0447\u0435\u0442\u043d\u0430","item":"https:\/\/kt.gov.rs\/sq\/"},{"@type":"ListItem","position":2,"name":"ORA POLICORE P\u00cbR PASTRIM GJENERAL T\u00cb BUJANOCIT, POROSI E R\u00cbND\u00cbSISHME P\u00cbR QYTETAR\u00cbT"}]},{"@type":"WebSite","@id":"https:\/\/kt.gov.rs\/#website","url":"https:\/\/kt.gov.rs\/","name":"\u041a\u043e\u043e\u0440\u0434\u0438\u043d\u0430\u0446\u0438\u043e\u043d\u043e \u0442\u0435\u043b\u043e \u0412\u043b\u0430\u0434\u0435 \u0420\u0435\u043f\u0443\u0431\u043b\u0438\u043a\u0435 \u0421\u0440\u0431\u0438\u0458\u0435 \u0437\u0430 \u043e\u043f\u0448\u0442\u0438\u043d\u0435 \u041f\u0440\u0435\u0448\u0435\u0432\u043e, \u0411\u0443\u0458\u0430\u043d\u043e\u0432\u0430\u0446 \u0438 \u041c\u0435\u0434\u0432\u0435\u0452a","description":"","publisher":{"@id":"https:\/\/kt.gov.rs\/#organization"},"alternateName":"\u041a\u043e\u043e\u0440\u0434\u0438\u043d\u0430\u0446\u0438\u043e\u043d\u043e \u0442\u0435\u043b\u043e","potentialAction":[{"@type":"SearchAction","target":{"@type":"EntryPoint","urlTemplate":"https:\/\/kt.gov.rs\/?s={search_term_string}"},"query-input":{"@type":"PropertyValueSpecification","valueRequired":true,"valueName":"search_term_string"}}],"inLanguage":"sq-AL"},{"@type":"Organization","@id":"https:\/\/kt.gov.rs\/#organization","name":"\u041a\u043e\u043e\u0440\u0434\u0438\u043d\u0430\u0446\u0438\u043e\u043d\u043e \u0442\u0435\u043b\u043e \u0412\u043b\u0430\u0434\u0435 \u0420\u0435\u043f\u0443\u0431\u043b\u0438\u043a\u0435 \u0421\u0440\u0431\u0438\u0458\u0435 \u0437\u0430 \u043e\u043f\u0448\u0442\u0438\u043d\u0435 \u041f\u0440\u0435\u0448\u0435\u0432\u043e, \u0411\u0443\u0458\u0430\u043d\u043e\u0432\u0430\u0446 \u0438 \u041c\u0435\u0434\u0432\u0435\u0452a","alternateName":"\u041a\u043e\u043e\u0440\u0434\u0438\u043d\u0430\u0446\u0438\u043e\u043d\u043e \u0442\u0435\u043b\u043e","url":"https:\/\/kt.gov.rs\/","logo":{"@type":"ImageObject","inLanguage":"sq-AL","@id":"https:\/\/kt.gov.rs\/#\/schema\/logo\/image\/","url":"https:\/\/kt.gov.rs\/wp-content\/uploads\/2024\/12\/koord2.jpg","contentUrl":"https:\/\/kt.gov.rs\/wp-content\/uploads\/2024\/12\/koord2.jpg","width":640,"height":480,"caption":"\u041a\u043e\u043e\u0440\u0434\u0438\u043d\u0430\u0446\u0438\u043e\u043d\u043e \u0442\u0435\u043b\u043e \u0412\u043b\u0430\u0434\u0435 \u0420\u0435\u043f\u0443\u0431\u043b\u0438\u043a\u0435 \u0421\u0440\u0431\u0438\u0458\u0435 \u0437\u0430 \u043e\u043f\u0448\u0442\u0438\u043d\u0435 \u041f\u0440\u0435\u0448\u0435\u0432\u043e, \u0411\u0443\u0458\u0430\u043d\u043e\u0432\u0430\u0446 \u0438 \u041c\u0435\u0434\u0432\u0435\u0452a"},"image":{"@id":"https:\/\/kt.gov.rs\/#\/schema\/logo\/image\/"},"sameAs":["https:\/\/www.facebook.com\/SluzbaKoordinacionogTelaVladeRepublikeSrbije","https:\/\/x.com\/kt_gov","https:\/\/www.youtube.com\/@koordinacionotelo"]},{"@type":"Person","@id":"https:\/\/kt.gov.rs\/#\/schema\/person\/e426459ddb4173309103390602694571","name":"ktmin","image":{"@type":"ImageObject","inLanguage":"sq-AL","@id":"https:\/\/secure.gravatar.com\/avatar\/3985c961109853010c3fbc7ba30365bfba5db3dd6c525831d9c595c7525a615a?s=96&d=mm&r=g","url":"https:\/\/secure.gravatar.com\/avatar\/3985c961109853010c3fbc7ba30365bfba5db3dd6c525831d9c595c7525a615a?s=96&d=mm&r=g","contentUrl":"https:\/\/secure.gravatar.com\/avatar\/3985c961109853010c3fbc7ba30365bfba5db3dd6c525831d9c595c7525a615a?s=96&d=mm&r=g","caption":"ktmin"},"sameAs":["https:\/\/kt.gov.rs"],"url":"https:\/\/kt.gov.rs\/sq\/author\/ktmin\/"}]}},"_links":{"self":[{"href":"https:\/\/kt.gov.rs\/sq\/wp-json\/wp\/v2\/posts\/113050","targetHints":{"allow":["GET"]}}],"collection":[{"href":"https:\/\/kt.gov.rs\/sq\/wp-json\/wp\/v2\/posts"}],"about":[{"href":"https:\/\/kt.gov.rs\/sq\/wp-json\/wp\/v2\/types\/post"}],"author":[{"embeddable":true,"href":"https:\/\/kt.gov.rs\/sq\/wp-json\/wp\/v2\/users\/1"}],"replies":[{"embeddable":true,"href":"https:\/\/kt.gov.rs\/sq\/wp-json\/wp\/v2\/comments?post=113050"}],"version-history":[{"count":1,"href":"https:\/\/kt.gov.rs\/sq\/wp-json\/wp\/v2\/posts\/113050\/revisions"}],"predecessor-version":[{"id":113054,"href":"https:\/\/kt.gov.rs\/sq\/wp-json\/wp\/v2\/posts\/113050\/revisions\/113054"}],"wp:featuredmedia":[{"embeddable":true,"href":"https:\/\/kt.gov.rs\/sq\/wp-json\/wp\/v2\/media\/113055"}],"wp:attachment":[{"href":"https:\/\/kt.gov.rs\/sq\/wp-json\/wp\/v2\/media?parent=113050"}],"wp:term":[{"taxonomy":"category","embeddable":true,"href":"https:\/\/kt.gov.rs\/sq\/wp-json\/wp\/v2\/categories?post=113050"},{"taxonomy":"post_tag","embeddable":true,"href":"https:\/\/kt.gov.rs\/sq\/wp-json\/wp\/v2\/tags?post=113050"}],"curies":[{"name":"wp","href":"https:\/\/api.w.org\/{rel}","templated":true}]}}