{"id":113026,"date":"2020-04-23T00:00:00","date_gmt":"2020-04-23T00:00:00","guid":{"rendered":"http:\/\/kt.printandscreen.rs\/shkolla-fillore-branko-radiceviq-eshte-gati-per-prove\/"},"modified":"2024-07-30T18:05:27","modified_gmt":"2024-07-30T18:05:27","slug":"shkolla-fillore-branko-radiceviq-eshte-gati-per-prove","status":"publish","type":"post","link":"https:\/\/kt.gov.rs\/sq\/shkolla-fillore-branko-radiceviq-eshte-gati-per-prove\/","title":{"rendered":"SHKOLLA FILLORE \u201cBRANKO RADICEVIQ\u201d \u00cbSHT\u00cb GATI P\u00cbR PROVE"},"content":{"rendered":"<p>\n\t<strong><img decoding=\"async\" alt=\"\" src=\"https:\/\/kt.gov.rs\/wp-content\/uploads\/2024\/07\/1587633702_230420_4-4.jpg\" style=\"width: 315px; height: 230px; float: left;\" \/><\/strong><\/p>\n<p>\n\t<strong>Bujanoc<\/strong>\u2013 T\u00eb gjith\u00eb 97 nx\u00ebn\u00ebs n\u00eb shkoll\u00ebn fillore Branko Radiceviq n\u00eb Bujanoc, t\u00eb cil\u00ebt kan\u00eb vijuar m\u00ebsime rregullisht q\u00eb nga fillimi i vitit shkollor, kan\u00eb kushtet p\u00ebr nj\u00eb prov\u00eb n\u00eb internet prov\u00eb e cila filloi t\u00eb m\u00ebrkur\u00ebn me nj\u00eb test t\u00eb gjuh\u00ebs amtare.<\/p>\n<p>\n\tSipas drejtorit t\u00eb shkoll\u00ebs Nenad Tasiq me angazhimin\u00a0 e kujdestar\u00ebve t\u00eb klasave problemet q\u00eb lidhen kryesisht me\u00a0 teknike, si\u00e7 jan\u00eb kompjuter\u00ebt, tablet\u00ebt, telefonat, Interneti, t\u00eb cilat u raportuan nga nj\u00eb num\u00ebr i vog\u00ebl i student\u00ebve u tejkaluan.<\/p>\n<p>\n\t&quot;Kishte disa nx\u00ebn\u00ebs q\u00eb kishin nevoj\u00eb p\u00ebr ndihm\u00ebn e shkoll\u00ebs. Disa nuk ishin q\u00eb nga koha e shpalljes s\u00eb gjendjes s\u00eb jasht\u00ebzakonshme, nd\u00ebrsa shum\u00eb pak prej tyre nuk kishin pajisjet e nevojshme ose lidhje n\u00eb internet.Mund t\u00eb them q\u00eb ne kemi zgjidhur t\u00eb gjitha problemet, n\u00eb m\u00ebnyr\u00eb q\u00eb t\u00eb mund t\u2019i d\u00ebrgonim ministris\u00eb nj\u00eb raport q\u00eb t\u00eb gjith\u00eb 97\u00a0 nx\u00ebn\u00ebs\u00a0 t\u00eb rregullt t\u00eb klas\u00ebs s\u00eb tet\u00eb kan\u00eb nj\u00eb pajisje teknike,internet dhe\u00a0 \u00a0jan\u00eb regjistruar\u00a0n\u00eb platform\u00ebn &quot;Klasa ime&quot;,tha Tasiq.<\/p>\n<p>\n\tAi theksoi se kujdestar\u00ebt e klas\u00ebs ishin n\u00eb komunikim t\u00eb vazhduesh\u00ebm me nx\u00ebn\u00ebsit, se ata kishin kaluar gjith\u00e7ka q\u00eb u nevojitej p\u00ebr t\u00eb punuar n\u00eb platform\u00eb dhe se ata do t\u00eb vazhdojn\u00eb t\u00eb komunikojn\u00eb vazhdimisht me nx\u00ebn\u00ebsit n\u00eb m\u00ebnyr\u00eb q\u00eb t\u00eb largojn\u00eb \u00e7do penges\u00eb menj\u00ebher\u00eb.<\/p>\n<p>\n\tTesti prove filloi t\u00eb m\u00ebrkur\u00ebn n\u00eb or\u00ebn tet\u00eb t\u00eb m\u00ebngjesit me testin e gjuh\u00ebs serbe dhe nx\u00ebn\u00ebsit do t\u00eb jen\u00eb n\u00eb gjendje t\u00eb aplikojn\u00eb p\u00ebr testin deri n\u00eb or\u00ebn 20.<\/p>\n<p>\n\tTesti i gjuh\u00ebs amtare do t\u00eb zgjas\u00eb 60 minuta nga momenti kur nx\u00ebn\u00ebsi regjistrohet n\u00eb platform\u00ebn &quot;Klasa ime&quot;.<\/p>\n<p>\n\tTesti i matematik\u00ebs \u00ebsht\u00eb t\u00eb enjten, nj\u00eb dit\u00eb m\u00eb von\u00eb testi i kombinuar.<\/p>\n<p>\n\tN\u00eb secil\u00ebn prej tri testeve do t\u00eb jet\u00eb 20 detyra, p\u00ebrve\u00e7 serbishtes dhe testi i kombinuar do t\u00eb zgjas\u00eb nj\u00eb or\u00eb, nd\u00ebrsa testi i matematik\u00ebs do t\u00eb zgjas\u00eb 90 minuta.<\/p>\n<p>\n\tNx\u00ebn\u00ebsit n\u00eb Serbi nuk do t\u00eb kthehen m\u00eb n\u00eb shkoll\u00eb p\u00ebr k\u00ebt\u00eb vit shkollor, dhe pushimet p\u00ebr shumic\u00ebn e nx\u00ebn\u00ebsve fillojn\u00eb n\u00eb fund t\u00eb majit, kur mbarojn\u00eb or\u00ebt e rregullta ose m\u00ebsimi online.<\/p>\n<p>\n\t<strong>Burimi: Bujanova\u00e7ke dhe Trupi Koordinues<\/strong><\/p>\n<p>\n\t\u00a0<\/p>\n","protected":false},"excerpt":{"rendered":"<p>Bujanoc- T\u00eb gjith\u00eb 97 nx\u00ebn\u00ebs n\u00eb shkoll\u00ebn fillore Branko Radiceviq n\u00eb Bujanoc, t\u00eb cil\u00ebt kan\u00eb vijuar m\u00ebsime rregullisht q\u00eb nga fillimi i vitit shkollor, kan\u00eb kushtet p\u00ebr nj\u00eb prov\u00eb n\u00eb internet prov\u00eb e cila filloi t\u00eb m\u00ebrkur\u00ebn me nj\u00eb test t\u00eb gjuh\u00ebs amtare.<\/p>\n","protected":false},"author":1,"featured_media":113031,"comment_status":"closed","ping_status":"closed","sticky":false,"template":"","format":"standard","meta":{"footnotes":""},"categories":[55],"tags":[],"class_list":["post-113026","post","type-post","status-publish","format-standard","has-post-thumbnail","hentry","category-lajme"],"yoast_head":"<!-- This site is optimized with the Yoast SEO plugin v27.5 - https:\/\/yoast.com\/product\/yoast-seo-wordpress\/ -->\n<title>SHKOLLA FILLORE &quot;BRANKO RADICEVIQ&quot; \u00cbSHT\u00cb GATI P\u00cbR PROVE - Republika e S\u00ebrbis\u00eb Trupi Koordinues p\u00ebr komunat Bujanoc, Preshev\u00eb dhe Medvegj\u00eb<\/title>\n<meta name=\"robots\" content=\"index, follow, max-snippet:-1, max-image-preview:large, max-video-preview:-1\" \/>\n<link rel=\"canonical\" href=\"https:\/\/kt.gov.rs\/sq\/shkolla-fillore-branko-radiceviq-eshte-gati-per-prove\/\" \/>\n<meta property=\"og:locale\" content=\"sq_AL\" \/>\n<meta property=\"og:type\" content=\"article\" \/>\n<meta property=\"og:title\" content=\"SHKOLLA FILLORE &quot;BRANKO RADICEVIQ&quot; \u00cbSHT\u00cb GATI P\u00cbR PROVE - Republika e S\u00ebrbis\u00eb Trupi Koordinues p\u00ebr komunat Bujanoc, Preshev\u00eb dhe Medvegj\u00eb\" \/>\n<meta property=\"og:description\" content=\"Bujanoc- T\u00eb gjith\u00eb 97 nx\u00ebn\u00ebs n\u00eb shkoll\u00ebn fillore Branko Radiceviq n\u00eb Bujanoc, t\u00eb cil\u00ebt kan\u00eb vijuar m\u00ebsime rregullisht q\u00eb nga fillimi i vitit shkollor, kan\u00eb kushtet p\u00ebr nj\u00eb prov\u00eb n\u00eb internet prov\u00eb e cila filloi t\u00eb m\u00ebrkur\u00ebn me nj\u00eb test t\u00eb gjuh\u00ebs amtare.\" \/>\n<meta property=\"og:url\" content=\"https:\/\/kt.gov.rs\/sq\/shkolla-fillore-branko-radiceviq-eshte-gati-per-prove\/\" \/>\n<meta property=\"og:site_name\" content=\"Republika e S\u00ebrbis\u00eb Trupi Koordinues p\u00ebr komunat Bujanoc, Preshev\u00eb dhe Medvegj\u00eb\" \/>\n<meta property=\"article:publisher\" content=\"https:\/\/www.facebook.com\/SluzbaKoordinacionogTelaVladeRepublikeSrbije\" \/>\n<meta property=\"article:published_time\" content=\"2020-04-23T00:00:00+00:00\" \/>\n<meta property=\"article:modified_time\" content=\"2024-07-30T18:05:27+00:00\" \/>\n<meta property=\"og:image\" content=\"https:\/\/kt.gov.rs\/wp-content\/uploads\/2024\/07\/1587633702_230420_4-5.jpg\" \/>\n\t<meta property=\"og:image:width\" content=\"315\" \/>\n\t<meta property=\"og:image:height\" content=\"230\" \/>\n\t<meta property=\"og:image:type\" content=\"image\/jpeg\" \/>\n<meta name=\"author\" content=\"ktmin\" \/>\n<meta name=\"twitter:card\" content=\"summary_large_image\" \/>\n<meta name=\"twitter:creator\" content=\"@kt_gov\" \/>\n<meta name=\"twitter:site\" content=\"@kt_gov\" \/>\n<meta name=\"twitter:label1\" content=\"Written by\" \/>\n\t<meta name=\"twitter:data1\" content=\"ktmin\" \/>\n\t<meta name=\"twitter:label2\" content=\"Est. reading time\" \/>\n\t<meta name=\"twitter:data2\" content=\"3 minutes\" \/>\n<script type=\"application\/ld+json\" class=\"yoast-schema-graph\">{\"@context\":\"https:\\\/\\\/schema.org\",\"@graph\":[{\"@type\":\"Article\",\"@id\":\"https:\\\/\\\/kt.gov.rs\\\/sq\\\/shkolla-fillore-branko-radiceviq-eshte-gati-per-prove\\\/#article\",\"isPartOf\":{\"@id\":\"https:\\\/\\\/kt.gov.rs\\\/sq\\\/shkolla-fillore-branko-radiceviq-eshte-gati-per-prove\\\/\"},\"author\":{\"name\":\"ktmin\",\"@id\":\"https:\\\/\\\/kt.gov.rs\\\/#\\\/schema\\\/person\\\/e426459ddb4173309103390602694571\"},\"headline\":\"SHKOLLA FILLORE \u201cBRANKO RADICEVIQ\u201d \u00cbSHT\u00cb GATI P\u00cbR PROVE\",\"datePublished\":\"2020-04-23T00:00:00+00:00\",\"dateModified\":\"2024-07-30T18:05:27+00:00\",\"mainEntityOfPage\":{\"@id\":\"https:\\\/\\\/kt.gov.rs\\\/sq\\\/shkolla-fillore-branko-radiceviq-eshte-gati-per-prove\\\/\"},\"wordCount\":598,\"publisher\":{\"@id\":\"https:\\\/\\\/kt.gov.rs\\\/#organization\"},\"image\":{\"@id\":\"https:\\\/\\\/kt.gov.rs\\\/sq\\\/shkolla-fillore-branko-radiceviq-eshte-gati-per-prove\\\/#primaryimage\"},\"thumbnailUrl\":\"https:\\\/\\\/kt.gov.rs\\\/wp-content\\\/uploads\\\/2024\\\/07\\\/1587633702_230420_4-5.jpg\",\"articleSection\":[\"Lajme\"],\"inLanguage\":\"sq-AL\"},{\"@type\":\"WebPage\",\"@id\":\"https:\\\/\\\/kt.gov.rs\\\/sq\\\/shkolla-fillore-branko-radiceviq-eshte-gati-per-prove\\\/\",\"url\":\"https:\\\/\\\/kt.gov.rs\\\/sq\\\/shkolla-fillore-branko-radiceviq-eshte-gati-per-prove\\\/\",\"name\":\"SHKOLLA FILLORE \\\"BRANKO RADICEVIQ\\\" \u00cbSHT\u00cb GATI P\u00cbR PROVE - Republika e S\u00ebrbis\u00eb Trupi Koordinues p\u00ebr komunat Bujanoc, Preshev\u00eb dhe Medvegj\u00eb\",\"isPartOf\":{\"@id\":\"https:\\\/\\\/kt.gov.rs\\\/#website\"},\"primaryImageOfPage\":{\"@id\":\"https:\\\/\\\/kt.gov.rs\\\/sq\\\/shkolla-fillore-branko-radiceviq-eshte-gati-per-prove\\\/#primaryimage\"},\"image\":{\"@id\":\"https:\\\/\\\/kt.gov.rs\\\/sq\\\/shkolla-fillore-branko-radiceviq-eshte-gati-per-prove\\\/#primaryimage\"},\"thumbnailUrl\":\"https:\\\/\\\/kt.gov.rs\\\/wp-content\\\/uploads\\\/2024\\\/07\\\/1587633702_230420_4-5.jpg\",\"datePublished\":\"2020-04-23T00:00:00+00:00\",\"dateModified\":\"2024-07-30T18:05:27+00:00\",\"breadcrumb\":{\"@id\":\"https:\\\/\\\/kt.gov.rs\\\/sq\\\/shkolla-fillore-branko-radiceviq-eshte-gati-per-prove\\\/#breadcrumb\"},\"inLanguage\":\"sq-AL\",\"potentialAction\":[{\"@type\":\"ReadAction\",\"target\":[\"https:\\\/\\\/kt.gov.rs\\\/sq\\\/shkolla-fillore-branko-radiceviq-eshte-gati-per-prove\\\/\"]}]},{\"@type\":\"ImageObject\",\"inLanguage\":\"sq-AL\",\"@id\":\"https:\\\/\\\/kt.gov.rs\\\/sq\\\/shkolla-fillore-branko-radiceviq-eshte-gati-per-prove\\\/#primaryimage\",\"url\":\"https:\\\/\\\/kt.gov.rs\\\/wp-content\\\/uploads\\\/2024\\\/07\\\/1587633702_230420_4-5.jpg\",\"contentUrl\":\"https:\\\/\\\/kt.gov.rs\\\/wp-content\\\/uploads\\\/2024\\\/07\\\/1587633702_230420_4-5.jpg\",\"width\":315,\"height\":230},{\"@type\":\"BreadcrumbList\",\"@id\":\"https:\\\/\\\/kt.gov.rs\\\/sq\\\/shkolla-fillore-branko-radiceviq-eshte-gati-per-prove\\\/#breadcrumb\",\"itemListElement\":[{\"@type\":\"ListItem\",\"position\":1,\"name\":\"\u041f\u043e\u0447\u0435\u0442\u043d\u0430\",\"item\":\"https:\\\/\\\/kt.gov.rs\\\/sq\\\/\"},{\"@type\":\"ListItem\",\"position\":2,\"name\":\"SHKOLLA FILLORE \u201cBRANKO RADICEVIQ\u201d \u00cbSHT\u00cb GATI P\u00cbR PROVE\"}]},{\"@type\":\"WebSite\",\"@id\":\"https:\\\/\\\/kt.gov.rs\\\/#website\",\"url\":\"https:\\\/\\\/kt.gov.rs\\\/\",\"name\":\"\u041a\u043e\u043e\u0440\u0434\u0438\u043d\u0430\u0446\u0438\u043e\u043d\u043e \u0442\u0435\u043b\u043e \u0412\u043b\u0430\u0434\u0435 \u0420\u0435\u043f\u0443\u0431\u043b\u0438\u043a\u0435 \u0421\u0440\u0431\u0438\u0458\u0435 \u0437\u0430 \u043e\u043f\u0448\u0442\u0438\u043d\u0435 \u041f\u0440\u0435\u0448\u0435\u0432\u043e, \u0411\u0443\u0458\u0430\u043d\u043e\u0432\u0430\u0446 \u0438 \u041c\u0435\u0434\u0432\u0435\u0452a\",\"description\":\"\",\"publisher\":{\"@id\":\"https:\\\/\\\/kt.gov.rs\\\/#organization\"},\"alternateName\":\"\u041a\u043e\u043e\u0440\u0434\u0438\u043d\u0430\u0446\u0438\u043e\u043d\u043e \u0442\u0435\u043b\u043e\",\"potentialAction\":[{\"@type\":\"SearchAction\",\"target\":{\"@type\":\"EntryPoint\",\"urlTemplate\":\"https:\\\/\\\/kt.gov.rs\\\/?s={search_term_string}\"},\"query-input\":{\"@type\":\"PropertyValueSpecification\",\"valueRequired\":true,\"valueName\":\"search_term_string\"}}],\"inLanguage\":\"sq-AL\"},{\"@type\":\"Organization\",\"@id\":\"https:\\\/\\\/kt.gov.rs\\\/#organization\",\"name\":\"\u041a\u043e\u043e\u0440\u0434\u0438\u043d\u0430\u0446\u0438\u043e\u043d\u043e \u0442\u0435\u043b\u043e \u0412\u043b\u0430\u0434\u0435 \u0420\u0435\u043f\u0443\u0431\u043b\u0438\u043a\u0435 \u0421\u0440\u0431\u0438\u0458\u0435 \u0437\u0430 \u043e\u043f\u0448\u0442\u0438\u043d\u0435 \u041f\u0440\u0435\u0448\u0435\u0432\u043e, \u0411\u0443\u0458\u0430\u043d\u043e\u0432\u0430\u0446 \u0438 \u041c\u0435\u0434\u0432\u0435\u0452a\",\"alternateName\":\"\u041a\u043e\u043e\u0440\u0434\u0438\u043d\u0430\u0446\u0438\u043e\u043d\u043e \u0442\u0435\u043b\u043e\",\"url\":\"https:\\\/\\\/kt.gov.rs\\\/\",\"logo\":{\"@type\":\"ImageObject\",\"inLanguage\":\"sq-AL\",\"@id\":\"https:\\\/\\\/kt.gov.rs\\\/#\\\/schema\\\/logo\\\/image\\\/\",\"url\":\"https:\\\/\\\/kt.gov.rs\\\/wp-content\\\/uploads\\\/2024\\\/12\\\/koord2.jpg\",\"contentUrl\":\"https:\\\/\\\/kt.gov.rs\\\/wp-content\\\/uploads\\\/2024\\\/12\\\/koord2.jpg\",\"width\":640,\"height\":480,\"caption\":\"\u041a\u043e\u043e\u0440\u0434\u0438\u043d\u0430\u0446\u0438\u043e\u043d\u043e \u0442\u0435\u043b\u043e \u0412\u043b\u0430\u0434\u0435 \u0420\u0435\u043f\u0443\u0431\u043b\u0438\u043a\u0435 \u0421\u0440\u0431\u0438\u0458\u0435 \u0437\u0430 \u043e\u043f\u0448\u0442\u0438\u043d\u0435 \u041f\u0440\u0435\u0448\u0435\u0432\u043e, \u0411\u0443\u0458\u0430\u043d\u043e\u0432\u0430\u0446 \u0438 \u041c\u0435\u0434\u0432\u0435\u0452a\"},\"image\":{\"@id\":\"https:\\\/\\\/kt.gov.rs\\\/#\\\/schema\\\/logo\\\/image\\\/\"},\"sameAs\":[\"https:\\\/\\\/www.facebook.com\\\/SluzbaKoordinacionogTelaVladeRepublikeSrbije\",\"https:\\\/\\\/x.com\\\/kt_gov\",\"https:\\\/\\\/www.youtube.com\\\/@koordinacionotelo\"]},{\"@type\":\"Person\",\"@id\":\"https:\\\/\\\/kt.gov.rs\\\/#\\\/schema\\\/person\\\/e426459ddb4173309103390602694571\",\"name\":\"ktmin\",\"image\":{\"@type\":\"ImageObject\",\"inLanguage\":\"sq-AL\",\"@id\":\"https:\\\/\\\/secure.gravatar.com\\\/avatar\\\/3985c961109853010c3fbc7ba30365bfba5db3dd6c525831d9c595c7525a615a?s=96&d=mm&r=g\",\"url\":\"https:\\\/\\\/secure.gravatar.com\\\/avatar\\\/3985c961109853010c3fbc7ba30365bfba5db3dd6c525831d9c595c7525a615a?s=96&d=mm&r=g\",\"contentUrl\":\"https:\\\/\\\/secure.gravatar.com\\\/avatar\\\/3985c961109853010c3fbc7ba30365bfba5db3dd6c525831d9c595c7525a615a?s=96&d=mm&r=g\",\"caption\":\"ktmin\"},\"sameAs\":[\"https:\\\/\\\/kt.gov.rs\"],\"url\":\"https:\\\/\\\/kt.gov.rs\\\/sq\\\/author\\\/ktmin\\\/\"}]}<\/script>\n<!-- \/ Yoast SEO plugin. -->","yoast_head_json":{"title":"SHKOLLA FILLORE \"BRANKO RADICEVIQ\" \u00cbSHT\u00cb GATI P\u00cbR PROVE - Republika e S\u00ebrbis\u00eb Trupi Koordinues p\u00ebr komunat Bujanoc, Preshev\u00eb dhe Medvegj\u00eb","robots":{"index":"index","follow":"follow","max-snippet":"max-snippet:-1","max-image-preview":"max-image-preview:large","max-video-preview":"max-video-preview:-1"},"canonical":"https:\/\/kt.gov.rs\/sq\/shkolla-fillore-branko-radiceviq-eshte-gati-per-prove\/","og_locale":"sq_AL","og_type":"article","og_title":"SHKOLLA FILLORE \"BRANKO RADICEVIQ\" \u00cbSHT\u00cb GATI P\u00cbR PROVE - Republika e S\u00ebrbis\u00eb Trupi Koordinues p\u00ebr komunat Bujanoc, Preshev\u00eb dhe Medvegj\u00eb","og_description":"Bujanoc- T\u00eb gjith\u00eb 97 nx\u00ebn\u00ebs n\u00eb shkoll\u00ebn fillore Branko Radiceviq n\u00eb Bujanoc, t\u00eb cil\u00ebt kan\u00eb vijuar m\u00ebsime rregullisht q\u00eb nga fillimi i vitit shkollor, kan\u00eb kushtet p\u00ebr nj\u00eb prov\u00eb n\u00eb internet prov\u00eb e cila filloi t\u00eb m\u00ebrkur\u00ebn me nj\u00eb test t\u00eb gjuh\u00ebs amtare.","og_url":"https:\/\/kt.gov.rs\/sq\/shkolla-fillore-branko-radiceviq-eshte-gati-per-prove\/","og_site_name":"Republika e S\u00ebrbis\u00eb Trupi Koordinues p\u00ebr komunat Bujanoc, Preshev\u00eb dhe Medvegj\u00eb","article_publisher":"https:\/\/www.facebook.com\/SluzbaKoordinacionogTelaVladeRepublikeSrbije","article_published_time":"2020-04-23T00:00:00+00:00","article_modified_time":"2024-07-30T18:05:27+00:00","og_image":[{"width":315,"height":230,"url":"https:\/\/kt.gov.rs\/wp-content\/uploads\/2024\/07\/1587633702_230420_4-5.jpg","type":"image\/jpeg"}],"author":"ktmin","twitter_card":"summary_large_image","twitter_creator":"@kt_gov","twitter_site":"@kt_gov","twitter_misc":{"Written by":"ktmin","Est. reading time":"3 minutes"},"schema":{"@context":"https:\/\/schema.org","@graph":[{"@type":"Article","@id":"https:\/\/kt.gov.rs\/sq\/shkolla-fillore-branko-radiceviq-eshte-gati-per-prove\/#article","isPartOf":{"@id":"https:\/\/kt.gov.rs\/sq\/shkolla-fillore-branko-radiceviq-eshte-gati-per-prove\/"},"author":{"name":"ktmin","@id":"https:\/\/kt.gov.rs\/#\/schema\/person\/e426459ddb4173309103390602694571"},"headline":"SHKOLLA FILLORE \u201cBRANKO RADICEVIQ\u201d \u00cbSHT\u00cb GATI P\u00cbR PROVE","datePublished":"2020-04-23T00:00:00+00:00","dateModified":"2024-07-30T18:05:27+00:00","mainEntityOfPage":{"@id":"https:\/\/kt.gov.rs\/sq\/shkolla-fillore-branko-radiceviq-eshte-gati-per-prove\/"},"wordCount":598,"publisher":{"@id":"https:\/\/kt.gov.rs\/#organization"},"image":{"@id":"https:\/\/kt.gov.rs\/sq\/shkolla-fillore-branko-radiceviq-eshte-gati-per-prove\/#primaryimage"},"thumbnailUrl":"https:\/\/kt.gov.rs\/wp-content\/uploads\/2024\/07\/1587633702_230420_4-5.jpg","articleSection":["Lajme"],"inLanguage":"sq-AL"},{"@type":"WebPage","@id":"https:\/\/kt.gov.rs\/sq\/shkolla-fillore-branko-radiceviq-eshte-gati-per-prove\/","url":"https:\/\/kt.gov.rs\/sq\/shkolla-fillore-branko-radiceviq-eshte-gati-per-prove\/","name":"SHKOLLA FILLORE \"BRANKO RADICEVIQ\" \u00cbSHT\u00cb GATI P\u00cbR PROVE - Republika e S\u00ebrbis\u00eb Trupi Koordinues p\u00ebr komunat Bujanoc, Preshev\u00eb dhe Medvegj\u00eb","isPartOf":{"@id":"https:\/\/kt.gov.rs\/#website"},"primaryImageOfPage":{"@id":"https:\/\/kt.gov.rs\/sq\/shkolla-fillore-branko-radiceviq-eshte-gati-per-prove\/#primaryimage"},"image":{"@id":"https:\/\/kt.gov.rs\/sq\/shkolla-fillore-branko-radiceviq-eshte-gati-per-prove\/#primaryimage"},"thumbnailUrl":"https:\/\/kt.gov.rs\/wp-content\/uploads\/2024\/07\/1587633702_230420_4-5.jpg","datePublished":"2020-04-23T00:00:00+00:00","dateModified":"2024-07-30T18:05:27+00:00","breadcrumb":{"@id":"https:\/\/kt.gov.rs\/sq\/shkolla-fillore-branko-radiceviq-eshte-gati-per-prove\/#breadcrumb"},"inLanguage":"sq-AL","potentialAction":[{"@type":"ReadAction","target":["https:\/\/kt.gov.rs\/sq\/shkolla-fillore-branko-radiceviq-eshte-gati-per-prove\/"]}]},{"@type":"ImageObject","inLanguage":"sq-AL","@id":"https:\/\/kt.gov.rs\/sq\/shkolla-fillore-branko-radiceviq-eshte-gati-per-prove\/#primaryimage","url":"https:\/\/kt.gov.rs\/wp-content\/uploads\/2024\/07\/1587633702_230420_4-5.jpg","contentUrl":"https:\/\/kt.gov.rs\/wp-content\/uploads\/2024\/07\/1587633702_230420_4-5.jpg","width":315,"height":230},{"@type":"BreadcrumbList","@id":"https:\/\/kt.gov.rs\/sq\/shkolla-fillore-branko-radiceviq-eshte-gati-per-prove\/#breadcrumb","itemListElement":[{"@type":"ListItem","position":1,"name":"\u041f\u043e\u0447\u0435\u0442\u043d\u0430","item":"https:\/\/kt.gov.rs\/sq\/"},{"@type":"ListItem","position":2,"name":"SHKOLLA FILLORE \u201cBRANKO RADICEVIQ\u201d \u00cbSHT\u00cb GATI P\u00cbR PROVE"}]},{"@type":"WebSite","@id":"https:\/\/kt.gov.rs\/#website","url":"https:\/\/kt.gov.rs\/","name":"\u041a\u043e\u043e\u0440\u0434\u0438\u043d\u0430\u0446\u0438\u043e\u043d\u043e \u0442\u0435\u043b\u043e \u0412\u043b\u0430\u0434\u0435 \u0420\u0435\u043f\u0443\u0431\u043b\u0438\u043a\u0435 \u0421\u0440\u0431\u0438\u0458\u0435 \u0437\u0430 \u043e\u043f\u0448\u0442\u0438\u043d\u0435 \u041f\u0440\u0435\u0448\u0435\u0432\u043e, \u0411\u0443\u0458\u0430\u043d\u043e\u0432\u0430\u0446 \u0438 \u041c\u0435\u0434\u0432\u0435\u0452a","description":"","publisher":{"@id":"https:\/\/kt.gov.rs\/#organization"},"alternateName":"\u041a\u043e\u043e\u0440\u0434\u0438\u043d\u0430\u0446\u0438\u043e\u043d\u043e \u0442\u0435\u043b\u043e","potentialAction":[{"@type":"SearchAction","target":{"@type":"EntryPoint","urlTemplate":"https:\/\/kt.gov.rs\/?s={search_term_string}"},"query-input":{"@type":"PropertyValueSpecification","valueRequired":true,"valueName":"search_term_string"}}],"inLanguage":"sq-AL"},{"@type":"Organization","@id":"https:\/\/kt.gov.rs\/#organization","name":"\u041a\u043e\u043e\u0440\u0434\u0438\u043d\u0430\u0446\u0438\u043e\u043d\u043e \u0442\u0435\u043b\u043e \u0412\u043b\u0430\u0434\u0435 \u0420\u0435\u043f\u0443\u0431\u043b\u0438\u043a\u0435 \u0421\u0440\u0431\u0438\u0458\u0435 \u0437\u0430 \u043e\u043f\u0448\u0442\u0438\u043d\u0435 \u041f\u0440\u0435\u0448\u0435\u0432\u043e, \u0411\u0443\u0458\u0430\u043d\u043e\u0432\u0430\u0446 \u0438 \u041c\u0435\u0434\u0432\u0435\u0452a","alternateName":"\u041a\u043e\u043e\u0440\u0434\u0438\u043d\u0430\u0446\u0438\u043e\u043d\u043e \u0442\u0435\u043b\u043e","url":"https:\/\/kt.gov.rs\/","logo":{"@type":"ImageObject","inLanguage":"sq-AL","@id":"https:\/\/kt.gov.rs\/#\/schema\/logo\/image\/","url":"https:\/\/kt.gov.rs\/wp-content\/uploads\/2024\/12\/koord2.jpg","contentUrl":"https:\/\/kt.gov.rs\/wp-content\/uploads\/2024\/12\/koord2.jpg","width":640,"height":480,"caption":"\u041a\u043e\u043e\u0440\u0434\u0438\u043d\u0430\u0446\u0438\u043e\u043d\u043e \u0442\u0435\u043b\u043e \u0412\u043b\u0430\u0434\u0435 \u0420\u0435\u043f\u0443\u0431\u043b\u0438\u043a\u0435 \u0421\u0440\u0431\u0438\u0458\u0435 \u0437\u0430 \u043e\u043f\u0448\u0442\u0438\u043d\u0435 \u041f\u0440\u0435\u0448\u0435\u0432\u043e, \u0411\u0443\u0458\u0430\u043d\u043e\u0432\u0430\u0446 \u0438 \u041c\u0435\u0434\u0432\u0435\u0452a"},"image":{"@id":"https:\/\/kt.gov.rs\/#\/schema\/logo\/image\/"},"sameAs":["https:\/\/www.facebook.com\/SluzbaKoordinacionogTelaVladeRepublikeSrbije","https:\/\/x.com\/kt_gov","https:\/\/www.youtube.com\/@koordinacionotelo"]},{"@type":"Person","@id":"https:\/\/kt.gov.rs\/#\/schema\/person\/e426459ddb4173309103390602694571","name":"ktmin","image":{"@type":"ImageObject","inLanguage":"sq-AL","@id":"https:\/\/secure.gravatar.com\/avatar\/3985c961109853010c3fbc7ba30365bfba5db3dd6c525831d9c595c7525a615a?s=96&d=mm&r=g","url":"https:\/\/secure.gravatar.com\/avatar\/3985c961109853010c3fbc7ba30365bfba5db3dd6c525831d9c595c7525a615a?s=96&d=mm&r=g","contentUrl":"https:\/\/secure.gravatar.com\/avatar\/3985c961109853010c3fbc7ba30365bfba5db3dd6c525831d9c595c7525a615a?s=96&d=mm&r=g","caption":"ktmin"},"sameAs":["https:\/\/kt.gov.rs"],"url":"https:\/\/kt.gov.rs\/sq\/author\/ktmin\/"}]}},"_links":{"self":[{"href":"https:\/\/kt.gov.rs\/sq\/wp-json\/wp\/v2\/posts\/113026","targetHints":{"allow":["GET"]}}],"collection":[{"href":"https:\/\/kt.gov.rs\/sq\/wp-json\/wp\/v2\/posts"}],"about":[{"href":"https:\/\/kt.gov.rs\/sq\/wp-json\/wp\/v2\/types\/post"}],"author":[{"embeddable":true,"href":"https:\/\/kt.gov.rs\/sq\/wp-json\/wp\/v2\/users\/1"}],"replies":[{"embeddable":true,"href":"https:\/\/kt.gov.rs\/sq\/wp-json\/wp\/v2\/comments?post=113026"}],"version-history":[{"count":1,"href":"https:\/\/kt.gov.rs\/sq\/wp-json\/wp\/v2\/posts\/113026\/revisions"}],"predecessor-version":[{"id":113030,"href":"https:\/\/kt.gov.rs\/sq\/wp-json\/wp\/v2\/posts\/113026\/revisions\/113030"}],"wp:featuredmedia":[{"embeddable":true,"href":"https:\/\/kt.gov.rs\/sq\/wp-json\/wp\/v2\/media\/113031"}],"wp:attachment":[{"href":"https:\/\/kt.gov.rs\/sq\/wp-json\/wp\/v2\/media?parent=113026"}],"wp:term":[{"taxonomy":"category","embeddable":true,"href":"https:\/\/kt.gov.rs\/sq\/wp-json\/wp\/v2\/categories?post=113026"},{"taxonomy":"post_tag","embeddable":true,"href":"https:\/\/kt.gov.rs\/sq\/wp-json\/wp\/v2\/tags?post=113026"}],"curies":[{"name":"wp","href":"https:\/\/api.w.org\/{rel}","templated":true}]}}