{"id":112962,"date":"2020-04-24T00:00:00","date_gmt":"2020-04-24T00:00:00","guid":{"rendered":"http:\/\/kt.printandscreen.rs\/me-ndihmen-e-platformes-jane-angazhuar-7-000-vullnetare\/"},"modified":"2024-07-30T18:05:21","modified_gmt":"2024-07-30T18:05:21","slug":"me-ndihmen-e-platformes-jane-angazhuar-7-000-vullnetare","status":"publish","type":"post","link":"https:\/\/kt.gov.rs\/sq\/me-ndihmen-e-platformes-jane-angazhuar-7-000-vullnetare\/","title":{"rendered":"ME NDIHM\u00cbN E PLATFORM\u00cbS JAN\u00cb ANGAZHUAR 7.000 VULLNETAR\u00cb"},"content":{"rendered":"<p>\n\t<img decoding=\"async\" alt=\"\" src=\"https:\/\/kt.gov.rs\/wp-content\/uploads\/2024\/07\/1587718660_240420_3-4.jpg\" style=\"width: 315px; height: 230px; float: left;\" \/><\/p>\n<p>\n\tFal\u00eb platform\u00ebs komb\u00ebtare \u201cB\u00ebhu Vullnetar\u201d (https:\/\/budivolonter.gov.rs\/) e lan\u00e7uar n\u00eb 24 mars, m\u00eb shum\u00eb se 7,000 njer\u00ebz n\u00eb 27 qytete dhe komuna jan\u00eb p\u00ebrfshir\u00eb n\u00eb ndihm\u00ebn e bashk\u00ebqytetar\u00ebve t\u00eb tyre p\u00ebr t&#39;u b\u00ebr\u00eb vullnetar\u00eb. Vullnetar\u00ebt jan\u00eb aktiv\u00eb n\u00eb t\u00eb gjith\u00eb Serbin\u00eb, me numrin m\u00eb t\u00eb madh jan\u00eb n\u00eb Beograd (24 p\u00ebrqind) dhe Novi Sad (15 p\u00ebrqind). Kur b\u00ebhet fjal\u00eb p\u00ebr qytete dhe qytete t\u00eb tjera, shumica e vullnetar\u00ebve jan\u00eb n\u00eb Zrenjanin (7 p\u00ebrqind) dhe Subotica (6 p\u00ebrqind), Kikinda dhe <strong>Leskoc <\/strong>(5 p\u00ebrqind), dhe Pan\u00e7ev\u00eb, <strong>Nish <\/strong>dhe Novi Pazar (4 p\u00ebrqind). Shumica e vullnetar\u00ebve jan\u00eb midis 20 dhe 40 vje\u00e7 (70 p\u00ebrqind), dhe jan\u00eb m\u00eb t\u00eb rinj se 20 vje\u00e7 (7 p\u00ebrqind).<\/p>\n<p>\n\t&quot;Fal\u00eb platform\u00ebs \u201cB\u00ebhu Vullnetar\u201d \u00ebsht\u00eb formuar nj\u00eb rrjet i sigurt i mb\u00ebshtetjes vullnetare p\u00ebr njer\u00ebzit mbi 65 vje\u00e7, t\u00eb cil\u00ebt jan\u00eb n\u00eb izolim t\u00eb detyruesh\u00ebm, si dhe qytetar\u00eb t\u00eb tjer\u00eb q\u00eb kan\u00eb nevoj\u00eb p\u00ebr k\u00ebt\u00eb lloj ndihme&quot;, tha Mihailo Jovanoviq, Drejtor i Zyr\u00ebs p\u00ebr Teknologji t\u00eb Informacionit dhe administrat\u00eb elektronike (ITE).<\/p>\n<p>\n\tAplikimet nga qytetar\u00ebt e interesuar q\u00eb d\u00ebshirojn\u00eb t\u00eb ndihmojn\u00eb dhe vullnetar\u00eb kontrollohen p\u00ebr t\u00eb parandaluar \u00e7do abuzim.<\/p>\n<p>\n\t&quot;Kur autoritetet miratojn\u00eb aplikimin, informacioni p\u00ebr vullnetar\u00ebt u p\u00ebrcillet qeverive lokale n\u00eb m\u00ebnyr\u00eb q\u00eb qytetet dhe qendrat komunale t\u00eb mund t&#39;i kontaktojn\u00eb ata dhe t\u00eb lidhen me qytetar\u00ebt q\u00eb kan\u00eb nevoj\u00eb p\u00ebr ndihm\u00ebn e tyre,&quot; shtoi Jovanoviq.<\/p>\n<p>\n\tDuke e lidhur k\u00ebt\u00eb platform\u00eb n\u00eb nj\u00eb qend\u00ebr kontakti telefonike, vullnetar\u00ebt q\u00eb nuk kan\u00eb njohuri dhe aft\u00ebsi dixhitale, si\u00e7 jan\u00eb ato pa qasje n\u00eb internet dhe qytetar\u00eb t\u00eb moshuar, jan\u00eb n\u00eb gjendje t\u00eb regjistrohen dhe t\u00eb angazhohen.<\/p>\n<p>\n\tT\u00eb gjith\u00eb t\u00eb interesuarit p\u00ebr vullnetariz\u00ebm mund t\u00eb aplikoj\u00eb akoma duke plot\u00ebsuar nj\u00eb k\u00ebrkes\u00eb n\u00eb https:\/\/budivolonter.gov.rs\/ ose duke thirrur Qendr\u00ebn e Kontaktit KOVID-19 falas n\u00eb numrin 19819, \u00e7do dit\u00eb nga 8 e m\u00ebngjesit deri n\u00eb ora 22.<\/p>\n<p>\n\tPlatforma e Aplikimit Vullnetar Komb\u00ebtar \u201cB\u00ebhu Vullnetar\u201d u zbatua nga Ministria e Sektorit t\u00eb Emergjencave t\u00eb Brendshme dhe Zyra p\u00ebr Teknologji Informacioni dhe Qeverisje Elektronike (ITE), n\u00eb bashk\u00ebpunim me Platform\u00ebn Krijuese t\u00eb Serbis\u00eb, me mb\u00ebshtetjen e Programit t\u00eb Kombeve t\u00eb Bashkuara p\u00ebr Zhvillim (UNDP).<\/p>\n<p>\n\t<strong>Burimi: Zyra p\u00ebr Teknologji Informative dhe Administrat\u00eb Elektronike dhe Trupi Koordinues<\/strong><\/p>\n<p>\n\t\u00a0<\/p>\n","protected":false},"excerpt":{"rendered":"<p>Fal\u00eb platform\u00ebs komb\u00ebtare \u201cB\u00ebhu Vullnetar\u201d (https:\/\/budivolonter.gov.rs\/) e lan\u00e7uar n\u00eb 24 mars, m\u00eb shum\u00eb se 7,000 njer\u00ebz n\u00eb 27 qytete dhe komuna jan\u00eb p\u00ebrfshir\u00eb n\u00eb ndihm\u00ebn e bashk\u00ebqytetar\u00ebve t\u00eb tyre p\u00ebr t&#39;u b\u00ebr\u00eb vullnetar\u00eb.<\/p>\n","protected":false},"author":1,"featured_media":112967,"comment_status":"closed","ping_status":"closed","sticky":false,"template":"","format":"standard","meta":{"footnotes":""},"categories":[55],"tags":[],"class_list":["post-112962","post","type-post","status-publish","format-standard","has-post-thumbnail","hentry","category-lajme"],"yoast_head":"<!-- This site is optimized with the Yoast SEO plugin v27.5 - https:\/\/yoast.com\/product\/yoast-seo-wordpress\/ -->\n<title>ME NDIHM\u00cbN E PLATFORM\u00cbS JAN\u00cb ANGAZHUAR 7.000 VULLNETAR\u00cb - Republika e S\u00ebrbis\u00eb Trupi Koordinues p\u00ebr komunat Bujanoc, Preshev\u00eb dhe Medvegj\u00eb<\/title>\n<meta name=\"robots\" content=\"index, follow, max-snippet:-1, max-image-preview:large, max-video-preview:-1\" \/>\n<link rel=\"canonical\" href=\"https:\/\/kt.gov.rs\/sq\/me-ndihmen-e-platformes-jane-angazhuar-7-000-vullnetare\/\" \/>\n<meta property=\"og:locale\" content=\"sq_AL\" \/>\n<meta property=\"og:type\" content=\"article\" \/>\n<meta property=\"og:title\" content=\"ME NDIHM\u00cbN E PLATFORM\u00cbS JAN\u00cb ANGAZHUAR 7.000 VULLNETAR\u00cb - Republika e S\u00ebrbis\u00eb Trupi Koordinues p\u00ebr komunat Bujanoc, Preshev\u00eb dhe Medvegj\u00eb\" \/>\n<meta property=\"og:description\" content=\"Fal\u00eb platform\u00ebs komb\u00ebtare \u201cB\u00ebhu Vullnetar\u201d (https:\/\/budivolonter.gov.rs\/) e lan\u00e7uar n\u00eb 24 mars, m\u00eb shum\u00eb se 7,000 njer\u00ebz n\u00eb 27 qytete dhe komuna jan\u00eb p\u00ebrfshir\u00eb n\u00eb ndihm\u00ebn e bashk\u00ebqytetar\u00ebve t\u00eb tyre p\u00ebr t&#039;u b\u00ebr\u00eb vullnetar\u00eb.\" \/>\n<meta property=\"og:url\" content=\"https:\/\/kt.gov.rs\/sq\/me-ndihmen-e-platformes-jane-angazhuar-7-000-vullnetare\/\" \/>\n<meta property=\"og:site_name\" content=\"Republika e S\u00ebrbis\u00eb Trupi Koordinues p\u00ebr komunat Bujanoc, Preshev\u00eb dhe Medvegj\u00eb\" \/>\n<meta property=\"article:publisher\" content=\"https:\/\/www.facebook.com\/SluzbaKoordinacionogTelaVladeRepublikeSrbije\" \/>\n<meta property=\"article:published_time\" content=\"2020-04-24T00:00:00+00:00\" \/>\n<meta property=\"article:modified_time\" content=\"2024-07-30T18:05:21+00:00\" \/>\n<meta property=\"og:image\" content=\"https:\/\/kt.gov.rs\/wp-content\/uploads\/2024\/07\/1587718660_240420_3-5.jpg\" \/>\n\t<meta property=\"og:image:width\" content=\"315\" \/>\n\t<meta property=\"og:image:height\" content=\"230\" \/>\n\t<meta property=\"og:image:type\" content=\"image\/jpeg\" \/>\n<meta name=\"author\" content=\"ktmin\" \/>\n<meta name=\"twitter:card\" content=\"summary_large_image\" \/>\n<meta name=\"twitter:creator\" content=\"@kt_gov\" \/>\n<meta name=\"twitter:site\" content=\"@kt_gov\" \/>\n<meta name=\"twitter:label1\" content=\"Written by\" \/>\n\t<meta name=\"twitter:data1\" content=\"ktmin\" \/>\n\t<meta name=\"twitter:label2\" content=\"Est. reading time\" \/>\n\t<meta name=\"twitter:data2\" content=\"3 minutes\" \/>\n<script type=\"application\/ld+json\" class=\"yoast-schema-graph\">{\"@context\":\"https:\\\/\\\/schema.org\",\"@graph\":[{\"@type\":\"Article\",\"@id\":\"https:\\\/\\\/kt.gov.rs\\\/sq\\\/me-ndihmen-e-platformes-jane-angazhuar-7-000-vullnetare\\\/#article\",\"isPartOf\":{\"@id\":\"https:\\\/\\\/kt.gov.rs\\\/sq\\\/me-ndihmen-e-platformes-jane-angazhuar-7-000-vullnetare\\\/\"},\"author\":{\"name\":\"ktmin\",\"@id\":\"https:\\\/\\\/kt.gov.rs\\\/#\\\/schema\\\/person\\\/e426459ddb4173309103390602694571\"},\"headline\":\"ME NDIHM\u00cbN E PLATFORM\u00cbS JAN\u00cb ANGAZHUAR 7.000 VULLNETAR\u00cb\",\"datePublished\":\"2020-04-24T00:00:00+00:00\",\"dateModified\":\"2024-07-30T18:05:21+00:00\",\"mainEntityOfPage\":{\"@id\":\"https:\\\/\\\/kt.gov.rs\\\/sq\\\/me-ndihmen-e-platformes-jane-angazhuar-7-000-vullnetare\\\/\"},\"wordCount\":584,\"publisher\":{\"@id\":\"https:\\\/\\\/kt.gov.rs\\\/#organization\"},\"image\":{\"@id\":\"https:\\\/\\\/kt.gov.rs\\\/sq\\\/me-ndihmen-e-platformes-jane-angazhuar-7-000-vullnetare\\\/#primaryimage\"},\"thumbnailUrl\":\"https:\\\/\\\/kt.gov.rs\\\/wp-content\\\/uploads\\\/2024\\\/07\\\/1587718660_240420_3-5.jpg\",\"articleSection\":[\"Lajme\"],\"inLanguage\":\"sq-AL\"},{\"@type\":\"WebPage\",\"@id\":\"https:\\\/\\\/kt.gov.rs\\\/sq\\\/me-ndihmen-e-platformes-jane-angazhuar-7-000-vullnetare\\\/\",\"url\":\"https:\\\/\\\/kt.gov.rs\\\/sq\\\/me-ndihmen-e-platformes-jane-angazhuar-7-000-vullnetare\\\/\",\"name\":\"ME NDIHM\u00cbN E PLATFORM\u00cbS JAN\u00cb ANGAZHUAR 7.000 VULLNETAR\u00cb - Republika e S\u00ebrbis\u00eb Trupi Koordinues p\u00ebr komunat Bujanoc, Preshev\u00eb dhe Medvegj\u00eb\",\"isPartOf\":{\"@id\":\"https:\\\/\\\/kt.gov.rs\\\/#website\"},\"primaryImageOfPage\":{\"@id\":\"https:\\\/\\\/kt.gov.rs\\\/sq\\\/me-ndihmen-e-platformes-jane-angazhuar-7-000-vullnetare\\\/#primaryimage\"},\"image\":{\"@id\":\"https:\\\/\\\/kt.gov.rs\\\/sq\\\/me-ndihmen-e-platformes-jane-angazhuar-7-000-vullnetare\\\/#primaryimage\"},\"thumbnailUrl\":\"https:\\\/\\\/kt.gov.rs\\\/wp-content\\\/uploads\\\/2024\\\/07\\\/1587718660_240420_3-5.jpg\",\"datePublished\":\"2020-04-24T00:00:00+00:00\",\"dateModified\":\"2024-07-30T18:05:21+00:00\",\"breadcrumb\":{\"@id\":\"https:\\\/\\\/kt.gov.rs\\\/sq\\\/me-ndihmen-e-platformes-jane-angazhuar-7-000-vullnetare\\\/#breadcrumb\"},\"inLanguage\":\"sq-AL\",\"potentialAction\":[{\"@type\":\"ReadAction\",\"target\":[\"https:\\\/\\\/kt.gov.rs\\\/sq\\\/me-ndihmen-e-platformes-jane-angazhuar-7-000-vullnetare\\\/\"]}]},{\"@type\":\"ImageObject\",\"inLanguage\":\"sq-AL\",\"@id\":\"https:\\\/\\\/kt.gov.rs\\\/sq\\\/me-ndihmen-e-platformes-jane-angazhuar-7-000-vullnetare\\\/#primaryimage\",\"url\":\"https:\\\/\\\/kt.gov.rs\\\/wp-content\\\/uploads\\\/2024\\\/07\\\/1587718660_240420_3-5.jpg\",\"contentUrl\":\"https:\\\/\\\/kt.gov.rs\\\/wp-content\\\/uploads\\\/2024\\\/07\\\/1587718660_240420_3-5.jpg\",\"width\":315,\"height\":230},{\"@type\":\"BreadcrumbList\",\"@id\":\"https:\\\/\\\/kt.gov.rs\\\/sq\\\/me-ndihmen-e-platformes-jane-angazhuar-7-000-vullnetare\\\/#breadcrumb\",\"itemListElement\":[{\"@type\":\"ListItem\",\"position\":1,\"name\":\"\u041f\u043e\u0447\u0435\u0442\u043d\u0430\",\"item\":\"https:\\\/\\\/kt.gov.rs\\\/sq\\\/\"},{\"@type\":\"ListItem\",\"position\":2,\"name\":\"ME NDIHM\u00cbN E PLATFORM\u00cbS JAN\u00cb ANGAZHUAR 7.000 VULLNETAR\u00cb\"}]},{\"@type\":\"WebSite\",\"@id\":\"https:\\\/\\\/kt.gov.rs\\\/#website\",\"url\":\"https:\\\/\\\/kt.gov.rs\\\/\",\"name\":\"\u041a\u043e\u043e\u0440\u0434\u0438\u043d\u0430\u0446\u0438\u043e\u043d\u043e \u0442\u0435\u043b\u043e \u0412\u043b\u0430\u0434\u0435 \u0420\u0435\u043f\u0443\u0431\u043b\u0438\u043a\u0435 \u0421\u0440\u0431\u0438\u0458\u0435 \u0437\u0430 \u043e\u043f\u0448\u0442\u0438\u043d\u0435 \u041f\u0440\u0435\u0448\u0435\u0432\u043e, \u0411\u0443\u0458\u0430\u043d\u043e\u0432\u0430\u0446 \u0438 \u041c\u0435\u0434\u0432\u0435\u0452a\",\"description\":\"\",\"publisher\":{\"@id\":\"https:\\\/\\\/kt.gov.rs\\\/#organization\"},\"alternateName\":\"\u041a\u043e\u043e\u0440\u0434\u0438\u043d\u0430\u0446\u0438\u043e\u043d\u043e \u0442\u0435\u043b\u043e\",\"potentialAction\":[{\"@type\":\"SearchAction\",\"target\":{\"@type\":\"EntryPoint\",\"urlTemplate\":\"https:\\\/\\\/kt.gov.rs\\\/?s={search_term_string}\"},\"query-input\":{\"@type\":\"PropertyValueSpecification\",\"valueRequired\":true,\"valueName\":\"search_term_string\"}}],\"inLanguage\":\"sq-AL\"},{\"@type\":\"Organization\",\"@id\":\"https:\\\/\\\/kt.gov.rs\\\/#organization\",\"name\":\"\u041a\u043e\u043e\u0440\u0434\u0438\u043d\u0430\u0446\u0438\u043e\u043d\u043e \u0442\u0435\u043b\u043e \u0412\u043b\u0430\u0434\u0435 \u0420\u0435\u043f\u0443\u0431\u043b\u0438\u043a\u0435 \u0421\u0440\u0431\u0438\u0458\u0435 \u0437\u0430 \u043e\u043f\u0448\u0442\u0438\u043d\u0435 \u041f\u0440\u0435\u0448\u0435\u0432\u043e, \u0411\u0443\u0458\u0430\u043d\u043e\u0432\u0430\u0446 \u0438 \u041c\u0435\u0434\u0432\u0435\u0452a\",\"alternateName\":\"\u041a\u043e\u043e\u0440\u0434\u0438\u043d\u0430\u0446\u0438\u043e\u043d\u043e \u0442\u0435\u043b\u043e\",\"url\":\"https:\\\/\\\/kt.gov.rs\\\/\",\"logo\":{\"@type\":\"ImageObject\",\"inLanguage\":\"sq-AL\",\"@id\":\"https:\\\/\\\/kt.gov.rs\\\/#\\\/schema\\\/logo\\\/image\\\/\",\"url\":\"https:\\\/\\\/kt.gov.rs\\\/wp-content\\\/uploads\\\/2024\\\/12\\\/koord2.jpg\",\"contentUrl\":\"https:\\\/\\\/kt.gov.rs\\\/wp-content\\\/uploads\\\/2024\\\/12\\\/koord2.jpg\",\"width\":640,\"height\":480,\"caption\":\"\u041a\u043e\u043e\u0440\u0434\u0438\u043d\u0430\u0446\u0438\u043e\u043d\u043e \u0442\u0435\u043b\u043e \u0412\u043b\u0430\u0434\u0435 \u0420\u0435\u043f\u0443\u0431\u043b\u0438\u043a\u0435 \u0421\u0440\u0431\u0438\u0458\u0435 \u0437\u0430 \u043e\u043f\u0448\u0442\u0438\u043d\u0435 \u041f\u0440\u0435\u0448\u0435\u0432\u043e, \u0411\u0443\u0458\u0430\u043d\u043e\u0432\u0430\u0446 \u0438 \u041c\u0435\u0434\u0432\u0435\u0452a\"},\"image\":{\"@id\":\"https:\\\/\\\/kt.gov.rs\\\/#\\\/schema\\\/logo\\\/image\\\/\"},\"sameAs\":[\"https:\\\/\\\/www.facebook.com\\\/SluzbaKoordinacionogTelaVladeRepublikeSrbije\",\"https:\\\/\\\/x.com\\\/kt_gov\",\"https:\\\/\\\/www.youtube.com\\\/@koordinacionotelo\"]},{\"@type\":\"Person\",\"@id\":\"https:\\\/\\\/kt.gov.rs\\\/#\\\/schema\\\/person\\\/e426459ddb4173309103390602694571\",\"name\":\"ktmin\",\"image\":{\"@type\":\"ImageObject\",\"inLanguage\":\"sq-AL\",\"@id\":\"https:\\\/\\\/secure.gravatar.com\\\/avatar\\\/3985c961109853010c3fbc7ba30365bfba5db3dd6c525831d9c595c7525a615a?s=96&d=mm&r=g\",\"url\":\"https:\\\/\\\/secure.gravatar.com\\\/avatar\\\/3985c961109853010c3fbc7ba30365bfba5db3dd6c525831d9c595c7525a615a?s=96&d=mm&r=g\",\"contentUrl\":\"https:\\\/\\\/secure.gravatar.com\\\/avatar\\\/3985c961109853010c3fbc7ba30365bfba5db3dd6c525831d9c595c7525a615a?s=96&d=mm&r=g\",\"caption\":\"ktmin\"},\"sameAs\":[\"https:\\\/\\\/kt.gov.rs\"],\"url\":\"https:\\\/\\\/kt.gov.rs\\\/sq\\\/author\\\/ktmin\\\/\"}]}<\/script>\n<!-- \/ Yoast SEO plugin. -->","yoast_head_json":{"title":"ME NDIHM\u00cbN E PLATFORM\u00cbS JAN\u00cb ANGAZHUAR 7.000 VULLNETAR\u00cb - Republika e S\u00ebrbis\u00eb Trupi Koordinues p\u00ebr komunat Bujanoc, Preshev\u00eb dhe Medvegj\u00eb","robots":{"index":"index","follow":"follow","max-snippet":"max-snippet:-1","max-image-preview":"max-image-preview:large","max-video-preview":"max-video-preview:-1"},"canonical":"https:\/\/kt.gov.rs\/sq\/me-ndihmen-e-platformes-jane-angazhuar-7-000-vullnetare\/","og_locale":"sq_AL","og_type":"article","og_title":"ME NDIHM\u00cbN E PLATFORM\u00cbS JAN\u00cb ANGAZHUAR 7.000 VULLNETAR\u00cb - Republika e S\u00ebrbis\u00eb Trupi Koordinues p\u00ebr komunat Bujanoc, Preshev\u00eb dhe Medvegj\u00eb","og_description":"Fal\u00eb platform\u00ebs komb\u00ebtare \u201cB\u00ebhu Vullnetar\u201d (https:\/\/budivolonter.gov.rs\/) e lan\u00e7uar n\u00eb 24 mars, m\u00eb shum\u00eb se 7,000 njer\u00ebz n\u00eb 27 qytete dhe komuna jan\u00eb p\u00ebrfshir\u00eb n\u00eb ndihm\u00ebn e bashk\u00ebqytetar\u00ebve t\u00eb tyre p\u00ebr t&#39;u b\u00ebr\u00eb vullnetar\u00eb.","og_url":"https:\/\/kt.gov.rs\/sq\/me-ndihmen-e-platformes-jane-angazhuar-7-000-vullnetare\/","og_site_name":"Republika e S\u00ebrbis\u00eb Trupi Koordinues p\u00ebr komunat Bujanoc, Preshev\u00eb dhe Medvegj\u00eb","article_publisher":"https:\/\/www.facebook.com\/SluzbaKoordinacionogTelaVladeRepublikeSrbije","article_published_time":"2020-04-24T00:00:00+00:00","article_modified_time":"2024-07-30T18:05:21+00:00","og_image":[{"width":315,"height":230,"url":"https:\/\/kt.gov.rs\/wp-content\/uploads\/2024\/07\/1587718660_240420_3-5.jpg","type":"image\/jpeg"}],"author":"ktmin","twitter_card":"summary_large_image","twitter_creator":"@kt_gov","twitter_site":"@kt_gov","twitter_misc":{"Written by":"ktmin","Est. reading time":"3 minutes"},"schema":{"@context":"https:\/\/schema.org","@graph":[{"@type":"Article","@id":"https:\/\/kt.gov.rs\/sq\/me-ndihmen-e-platformes-jane-angazhuar-7-000-vullnetare\/#article","isPartOf":{"@id":"https:\/\/kt.gov.rs\/sq\/me-ndihmen-e-platformes-jane-angazhuar-7-000-vullnetare\/"},"author":{"name":"ktmin","@id":"https:\/\/kt.gov.rs\/#\/schema\/person\/e426459ddb4173309103390602694571"},"headline":"ME NDIHM\u00cbN E PLATFORM\u00cbS JAN\u00cb ANGAZHUAR 7.000 VULLNETAR\u00cb","datePublished":"2020-04-24T00:00:00+00:00","dateModified":"2024-07-30T18:05:21+00:00","mainEntityOfPage":{"@id":"https:\/\/kt.gov.rs\/sq\/me-ndihmen-e-platformes-jane-angazhuar-7-000-vullnetare\/"},"wordCount":584,"publisher":{"@id":"https:\/\/kt.gov.rs\/#organization"},"image":{"@id":"https:\/\/kt.gov.rs\/sq\/me-ndihmen-e-platformes-jane-angazhuar-7-000-vullnetare\/#primaryimage"},"thumbnailUrl":"https:\/\/kt.gov.rs\/wp-content\/uploads\/2024\/07\/1587718660_240420_3-5.jpg","articleSection":["Lajme"],"inLanguage":"sq-AL"},{"@type":"WebPage","@id":"https:\/\/kt.gov.rs\/sq\/me-ndihmen-e-platformes-jane-angazhuar-7-000-vullnetare\/","url":"https:\/\/kt.gov.rs\/sq\/me-ndihmen-e-platformes-jane-angazhuar-7-000-vullnetare\/","name":"ME NDIHM\u00cbN E PLATFORM\u00cbS JAN\u00cb ANGAZHUAR 7.000 VULLNETAR\u00cb - Republika e S\u00ebrbis\u00eb Trupi Koordinues p\u00ebr komunat Bujanoc, Preshev\u00eb dhe Medvegj\u00eb","isPartOf":{"@id":"https:\/\/kt.gov.rs\/#website"},"primaryImageOfPage":{"@id":"https:\/\/kt.gov.rs\/sq\/me-ndihmen-e-platformes-jane-angazhuar-7-000-vullnetare\/#primaryimage"},"image":{"@id":"https:\/\/kt.gov.rs\/sq\/me-ndihmen-e-platformes-jane-angazhuar-7-000-vullnetare\/#primaryimage"},"thumbnailUrl":"https:\/\/kt.gov.rs\/wp-content\/uploads\/2024\/07\/1587718660_240420_3-5.jpg","datePublished":"2020-04-24T00:00:00+00:00","dateModified":"2024-07-30T18:05:21+00:00","breadcrumb":{"@id":"https:\/\/kt.gov.rs\/sq\/me-ndihmen-e-platformes-jane-angazhuar-7-000-vullnetare\/#breadcrumb"},"inLanguage":"sq-AL","potentialAction":[{"@type":"ReadAction","target":["https:\/\/kt.gov.rs\/sq\/me-ndihmen-e-platformes-jane-angazhuar-7-000-vullnetare\/"]}]},{"@type":"ImageObject","inLanguage":"sq-AL","@id":"https:\/\/kt.gov.rs\/sq\/me-ndihmen-e-platformes-jane-angazhuar-7-000-vullnetare\/#primaryimage","url":"https:\/\/kt.gov.rs\/wp-content\/uploads\/2024\/07\/1587718660_240420_3-5.jpg","contentUrl":"https:\/\/kt.gov.rs\/wp-content\/uploads\/2024\/07\/1587718660_240420_3-5.jpg","width":315,"height":230},{"@type":"BreadcrumbList","@id":"https:\/\/kt.gov.rs\/sq\/me-ndihmen-e-platformes-jane-angazhuar-7-000-vullnetare\/#breadcrumb","itemListElement":[{"@type":"ListItem","position":1,"name":"\u041f\u043e\u0447\u0435\u0442\u043d\u0430","item":"https:\/\/kt.gov.rs\/sq\/"},{"@type":"ListItem","position":2,"name":"ME NDIHM\u00cbN E PLATFORM\u00cbS JAN\u00cb ANGAZHUAR 7.000 VULLNETAR\u00cb"}]},{"@type":"WebSite","@id":"https:\/\/kt.gov.rs\/#website","url":"https:\/\/kt.gov.rs\/","name":"\u041a\u043e\u043e\u0440\u0434\u0438\u043d\u0430\u0446\u0438\u043e\u043d\u043e \u0442\u0435\u043b\u043e \u0412\u043b\u0430\u0434\u0435 \u0420\u0435\u043f\u0443\u0431\u043b\u0438\u043a\u0435 \u0421\u0440\u0431\u0438\u0458\u0435 \u0437\u0430 \u043e\u043f\u0448\u0442\u0438\u043d\u0435 \u041f\u0440\u0435\u0448\u0435\u0432\u043e, \u0411\u0443\u0458\u0430\u043d\u043e\u0432\u0430\u0446 \u0438 \u041c\u0435\u0434\u0432\u0435\u0452a","description":"","publisher":{"@id":"https:\/\/kt.gov.rs\/#organization"},"alternateName":"\u041a\u043e\u043e\u0440\u0434\u0438\u043d\u0430\u0446\u0438\u043e\u043d\u043e \u0442\u0435\u043b\u043e","potentialAction":[{"@type":"SearchAction","target":{"@type":"EntryPoint","urlTemplate":"https:\/\/kt.gov.rs\/?s={search_term_string}"},"query-input":{"@type":"PropertyValueSpecification","valueRequired":true,"valueName":"search_term_string"}}],"inLanguage":"sq-AL"},{"@type":"Organization","@id":"https:\/\/kt.gov.rs\/#organization","name":"\u041a\u043e\u043e\u0440\u0434\u0438\u043d\u0430\u0446\u0438\u043e\u043d\u043e \u0442\u0435\u043b\u043e \u0412\u043b\u0430\u0434\u0435 \u0420\u0435\u043f\u0443\u0431\u043b\u0438\u043a\u0435 \u0421\u0440\u0431\u0438\u0458\u0435 \u0437\u0430 \u043e\u043f\u0448\u0442\u0438\u043d\u0435 \u041f\u0440\u0435\u0448\u0435\u0432\u043e, \u0411\u0443\u0458\u0430\u043d\u043e\u0432\u0430\u0446 \u0438 \u041c\u0435\u0434\u0432\u0435\u0452a","alternateName":"\u041a\u043e\u043e\u0440\u0434\u0438\u043d\u0430\u0446\u0438\u043e\u043d\u043e \u0442\u0435\u043b\u043e","url":"https:\/\/kt.gov.rs\/","logo":{"@type":"ImageObject","inLanguage":"sq-AL","@id":"https:\/\/kt.gov.rs\/#\/schema\/logo\/image\/","url":"https:\/\/kt.gov.rs\/wp-content\/uploads\/2024\/12\/koord2.jpg","contentUrl":"https:\/\/kt.gov.rs\/wp-content\/uploads\/2024\/12\/koord2.jpg","width":640,"height":480,"caption":"\u041a\u043e\u043e\u0440\u0434\u0438\u043d\u0430\u0446\u0438\u043e\u043d\u043e \u0442\u0435\u043b\u043e \u0412\u043b\u0430\u0434\u0435 \u0420\u0435\u043f\u0443\u0431\u043b\u0438\u043a\u0435 \u0421\u0440\u0431\u0438\u0458\u0435 \u0437\u0430 \u043e\u043f\u0448\u0442\u0438\u043d\u0435 \u041f\u0440\u0435\u0448\u0435\u0432\u043e, \u0411\u0443\u0458\u0430\u043d\u043e\u0432\u0430\u0446 \u0438 \u041c\u0435\u0434\u0432\u0435\u0452a"},"image":{"@id":"https:\/\/kt.gov.rs\/#\/schema\/logo\/image\/"},"sameAs":["https:\/\/www.facebook.com\/SluzbaKoordinacionogTelaVladeRepublikeSrbije","https:\/\/x.com\/kt_gov","https:\/\/www.youtube.com\/@koordinacionotelo"]},{"@type":"Person","@id":"https:\/\/kt.gov.rs\/#\/schema\/person\/e426459ddb4173309103390602694571","name":"ktmin","image":{"@type":"ImageObject","inLanguage":"sq-AL","@id":"https:\/\/secure.gravatar.com\/avatar\/3985c961109853010c3fbc7ba30365bfba5db3dd6c525831d9c595c7525a615a?s=96&d=mm&r=g","url":"https:\/\/secure.gravatar.com\/avatar\/3985c961109853010c3fbc7ba30365bfba5db3dd6c525831d9c595c7525a615a?s=96&d=mm&r=g","contentUrl":"https:\/\/secure.gravatar.com\/avatar\/3985c961109853010c3fbc7ba30365bfba5db3dd6c525831d9c595c7525a615a?s=96&d=mm&r=g","caption":"ktmin"},"sameAs":["https:\/\/kt.gov.rs"],"url":"https:\/\/kt.gov.rs\/sq\/author\/ktmin\/"}]}},"_links":{"self":[{"href":"https:\/\/kt.gov.rs\/sq\/wp-json\/wp\/v2\/posts\/112962","targetHints":{"allow":["GET"]}}],"collection":[{"href":"https:\/\/kt.gov.rs\/sq\/wp-json\/wp\/v2\/posts"}],"about":[{"href":"https:\/\/kt.gov.rs\/sq\/wp-json\/wp\/v2\/types\/post"}],"author":[{"embeddable":true,"href":"https:\/\/kt.gov.rs\/sq\/wp-json\/wp\/v2\/users\/1"}],"replies":[{"embeddable":true,"href":"https:\/\/kt.gov.rs\/sq\/wp-json\/wp\/v2\/comments?post=112962"}],"version-history":[{"count":1,"href":"https:\/\/kt.gov.rs\/sq\/wp-json\/wp\/v2\/posts\/112962\/revisions"}],"predecessor-version":[{"id":112966,"href":"https:\/\/kt.gov.rs\/sq\/wp-json\/wp\/v2\/posts\/112962\/revisions\/112966"}],"wp:featuredmedia":[{"embeddable":true,"href":"https:\/\/kt.gov.rs\/sq\/wp-json\/wp\/v2\/media\/112967"}],"wp:attachment":[{"href":"https:\/\/kt.gov.rs\/sq\/wp-json\/wp\/v2\/media?parent=112962"}],"wp:term":[{"taxonomy":"category","embeddable":true,"href":"https:\/\/kt.gov.rs\/sq\/wp-json\/wp\/v2\/categories?post=112962"},{"taxonomy":"post_tag","embeddable":true,"href":"https:\/\/kt.gov.rs\/sq\/wp-json\/wp\/v2\/tags?post=112962"}],"curies":[{"name":"wp","href":"https:\/\/api.w.org\/{rel}","templated":true}]}}