{"id":112954,"date":"2020-04-28T00:00:00","date_gmt":"2020-04-28T00:00:00","guid":{"rendered":"http:\/\/kt.printandscreen.rs\/konkursi-shperblyes-magjia-ne-duart-e-arsimtareve-afati-31-maj-2020\/"},"modified":"2024-07-30T18:05:20","modified_gmt":"2024-07-30T18:05:20","slug":"konkursi-shperblyes-magjia-ne-duart-e-arsimtareve-afati-31-maj-2020","status":"publish","type":"post","link":"https:\/\/kt.gov.rs\/sq\/konkursi-shperblyes-magjia-ne-duart-e-arsimtareve-afati-31-maj-2020\/","title":{"rendered":"KONKURSI SHP\u00cbRBLYES \u201cMAGJIA N\u00cb DUART E ARSIMTAR\u00cbVE\u201d (AFATI: 31 MAJ 2020)"},"content":{"rendered":"<p>\n\t<img decoding=\"async\" alt=\"\" src=\"https:\/\/kt.gov.rs\/wp-content\/uploads\/2024\/07\/1588065588_280420_1-4.jpg\" style=\"width: 315px; height: 230px; float: left;\" \/><\/p>\n<p>\n\tNALED dhe Organizata p\u00ebr Zhvillimin e Sip\u00ebrmarrjes s\u00eb Karrier\u00ebs dhe Rinis\u00eb \u201cConnecting\u201d, n\u00eb bashk\u00ebpunim me Ministrin\u00eb e Arsimit, Shkenc\u00ebs dhe Teknologjis\u00eb, Entin p\u00ebr Avansimin e Arsimit, Sekretariatin Republikan p\u00ebr Politik\u00ebn Publike, dhe me mb\u00ebshtetjen e Agjencis\u00eb s\u00eb Shteteve t\u00eb Bashkuara p\u00ebr Zhvillim Nd\u00ebrkomb\u00ebtar (USAID) kan\u00eb shpallur konkurs p\u00ebr zgjedhjen e shembujve m\u00eb t\u00eb mir\u00eb t\u00eb m\u00ebsimit n\u00eb distanc\u00eb t\u00eb quajtur &quot;Magjia \u00ebsht\u00eb n\u00eb duart e arsimtar\u00ebve&quot;.<\/p>\n<p>\n\tDuke marr\u00eb rrethanat dhe ndryshimet e reja q\u00eb po ndodhin na nxisin t\u00eb adaptohemi vazhdimisht me to dhe t\u00eb m\u00ebsojm\u00eb vazhdimisht. Si pjes\u00eb e procesit arsimor q\u00eb punoi n\u00eb m\u00ebsojtoret brenda nat\u00ebs u zhvendos n\u00eb hap\u00ebsir\u00ebn elektronike, sfida e p\u00ebrshtatjes me t\u00eb \u00ebsht\u00eb nj\u00eb e madhe, por gjithashtu hap nj\u00eb mund\u00ebsi t\u00eb madhe p\u00ebr kreativitet dhe ide t\u00eb reja.<\/p>\n<p>\n\tDuke pasur parasysh q\u00eb inovacioni i demonstruar n\u00eb m\u00ebsimdh\u00ebnie n\u00eb kushte t\u00eb ndryshueshme meriton njohje t\u00eb gjer\u00eb sociale, t\u00eb ftohen t\u00eb gjith\u00eb m\u00ebsuesit dhe asistent\u00ebt profesional n\u00eb shkollat \u200b\u200bfillore dhe t\u00eb mesme publike ose private, t\u00eb cil\u00ebt kan\u00eb luajtur nj\u00eb rol kryesor n\u00eb hartimin dhe zbatimin e kurrikul\u00ebs specifike. format e m\u00ebsimit n\u00eb distanc\u00eb p\u00ebr t\u00eb marr\u00eb pjes\u00eb n\u00eb Konkursin duke plot\u00ebsuar formularin n\u00eb internet n\u00eb <a href=\"https:\/\/jpd.rs\/konkurs\" target=\"_blank\" rel=\"noopener\"><strong>jpd.rs\/konkurs<\/strong><\/a>\u00a0 dhe duke paraqitur nj\u00eb prezantim t\u00eb shkurt\u00ebr deri <strong>m\u00eb 31 maj 2020 m\u00eb s\u00eb voni.<\/strong><\/p>\n<p>\n\tJuria profesionale do t\u00eb zgjedh\u00eb t\u00eb pakt\u00ebn tre nga shembujt m\u00eb t\u00eb mir\u00eb t\u00eb m\u00ebsimit n\u00eb distanc\u00eb q\u00eb do t\u00eb jepen n\u00eb baz\u00eb t\u00eb kritereve t\u00eb paracaktuara, me mund\u00ebsin\u00eb e \u00e7mimeve shtes\u00eb. Nj\u00eb \u00e7mim i ve\u00e7ant\u00eb p\u00ebr audienc\u00ebn do t\u00eb jepet bazuar n\u00eb nj\u00eb votim t\u00eb audienc\u00ebs n\u00eb internet n\u00eb <a href=\"https:\/\/jpd.rs\/online-nastava\" target=\"_blank\" rel=\"noopener\"><strong>jpd.rs\/online-nastava<\/strong><\/a>.<\/p>\n<p>\n\t\u00c7mimi i par\u00eb \u00ebsht\u00eb nj\u00eb udh\u00ebtim studimi n\u00eb Finland\u00eb \/ Estoni dhe nj\u00eb laptop, nd\u00ebrsa \u00e7mimet e tjera p\u00ebrfshijn\u00eb nj\u00eb laptop, tablet\u00eb, smartphone dhe kupon\u00eb e-lib\u00ebr elektronik\u00eb nga botuesit Laguna \/ Delphi. T\u00eb gjith\u00eb shembujt e spikatur do t\u00eb p\u00ebrfshihen n\u00eb nj\u00eb baz\u00eb t\u00eb dh\u00ebnash t\u00eb vetme publike t\u00eb praktikave m\u00eb t\u00eb mira t\u00eb m\u00ebsimit n\u00eb distanc\u00eb.<\/p>\n<p>\n\t<strong><a href=\"file:\/\/\/C:\/Users\/Korisnik\/Local%20Settings\/Temporary%20Internet%20Files\/Content.Outlook\/ZKU8Q0FE\/%20Rregullat%20e%20konkursit%20jan%C3%AB%20n%C3%AB%20dispozicion%20n%C3%AB\">\u00a0\u041f\u0440\u0430\u0432\u0438\u043b\u0430 \u043a\u043e\u043d\u043a\u0443\u0440\u0441\u0430 \u0441\u0443 \u0434\u043e\u0441\u0442\u0443\u043f\u043d\u0430 \u043d\u0430 <\/a><\/strong>\u00a0<a href=\"https:\/\/zuov.gov.rs\/wp-content\/uploads\/2020\/04\/Pravila_konkursa-najbolj%D0%B0-nastav%D0%B0-na-daljinu2020-2.pdf\">https:\/\/zuov.gov.rs\/wp-content\/uploads\/2020\/04\/Pravila_konkursa-najbolj%D0%B0-nastav%D0%B0-na-daljinu2020-2.pdf<\/a><\/p>\n<p>\n\t<strong>Burimi: <a href=\"https:\/\/zuov.gov.rs\/nagradni-konkurs-za-izbor-najboljih-primera-nastave-na-daljinu-magija-je-u-rukama-nastavnika\/\" target=\"_blank\" rel=\"noopener\">zuov.gov.rs<\/a> dhe Trupi Koordinues<\/strong><\/p>\n<p>\n\t\u00a0<\/p>\n","protected":false},"excerpt":{"rendered":"<p>NALED dhe Organizata p\u00ebr Zhvillimin e Sip\u00ebrmarrjes s\u00eb Karrier\u00ebs dhe Rinis\u00eb \u201cConnecting\u201d, n\u00eb bashk\u00ebpunim me Ministrin\u00eb e Arsimit, Shkenc\u00ebs dhe Teknologjis\u00eb, Entin p\u00ebr Avansimin e Arsimit\u2026<\/p>\n","protected":false},"author":1,"featured_media":112959,"comment_status":"closed","ping_status":"closed","sticky":false,"template":"","format":"standard","meta":{"footnotes":""},"categories":[55],"tags":[],"class_list":["post-112954","post","type-post","status-publish","format-standard","has-post-thumbnail","hentry","category-lajme"],"yoast_head":"<!-- This site is optimized with the Yoast SEO plugin v27.5 - https:\/\/yoast.com\/product\/yoast-seo-wordpress\/ -->\n<title>KONKURSI SHP\u00cbRBLYES \u201cMAGJIA N\u00cb DUART E ARSIMTAR\u00cbVE\u201d (AFATI: 31 MAJ 2020) - Republika e S\u00ebrbis\u00eb Trupi Koordinues p\u00ebr komunat Bujanoc, Preshev\u00eb dhe Medvegj\u00eb<\/title>\n<meta name=\"robots\" content=\"index, follow, max-snippet:-1, max-image-preview:large, max-video-preview:-1\" \/>\n<link rel=\"canonical\" href=\"https:\/\/kt.gov.rs\/sq\/konkursi-shperblyes-magjia-ne-duart-e-arsimtareve-afati-31-maj-2020\/\" \/>\n<meta property=\"og:locale\" content=\"sq_AL\" \/>\n<meta property=\"og:type\" content=\"article\" \/>\n<meta property=\"og:title\" content=\"KONKURSI SHP\u00cbRBLYES \u201cMAGJIA N\u00cb DUART E ARSIMTAR\u00cbVE\u201d (AFATI: 31 MAJ 2020) - Republika e S\u00ebrbis\u00eb Trupi Koordinues p\u00ebr komunat Bujanoc, Preshev\u00eb dhe Medvegj\u00eb\" \/>\n<meta property=\"og:description\" content=\"NALED dhe Organizata p\u00ebr Zhvillimin e Sip\u00ebrmarrjes s\u00eb Karrier\u00ebs dhe Rinis\u00eb \u201cConnecting\u201d, n\u00eb bashk\u00ebpunim me Ministrin\u00eb e Arsimit, Shkenc\u00ebs dhe Teknologjis\u00eb, Entin p\u00ebr Avansimin e Arsimit...\" \/>\n<meta property=\"og:url\" content=\"https:\/\/kt.gov.rs\/sq\/konkursi-shperblyes-magjia-ne-duart-e-arsimtareve-afati-31-maj-2020\/\" \/>\n<meta property=\"og:site_name\" content=\"Republika e S\u00ebrbis\u00eb Trupi Koordinues p\u00ebr komunat Bujanoc, Preshev\u00eb dhe Medvegj\u00eb\" \/>\n<meta property=\"article:publisher\" content=\"https:\/\/www.facebook.com\/SluzbaKoordinacionogTelaVladeRepublikeSrbije\" \/>\n<meta property=\"article:published_time\" content=\"2020-04-28T00:00:00+00:00\" \/>\n<meta property=\"article:modified_time\" content=\"2024-07-30T18:05:20+00:00\" \/>\n<meta property=\"og:image\" content=\"https:\/\/kt.gov.rs\/wp-content\/uploads\/2024\/07\/1588065588_280420_1-5.jpg\" \/>\n\t<meta property=\"og:image:width\" content=\"315\" \/>\n\t<meta property=\"og:image:height\" content=\"230\" \/>\n\t<meta property=\"og:image:type\" content=\"image\/jpeg\" \/>\n<meta name=\"author\" content=\"ktmin\" \/>\n<meta name=\"twitter:card\" content=\"summary_large_image\" \/>\n<meta name=\"twitter:creator\" content=\"@kt_gov\" \/>\n<meta name=\"twitter:site\" content=\"@kt_gov\" \/>\n<meta name=\"twitter:label1\" content=\"Written by\" \/>\n\t<meta name=\"twitter:data1\" content=\"ktmin\" \/>\n\t<meta name=\"twitter:label2\" content=\"Est. reading time\" \/>\n\t<meta name=\"twitter:data2\" content=\"3 minutes\" \/>\n<script type=\"application\/ld+json\" class=\"yoast-schema-graph\">{\"@context\":\"https:\\\/\\\/schema.org\",\"@graph\":[{\"@type\":\"Article\",\"@id\":\"https:\\\/\\\/kt.gov.rs\\\/sq\\\/konkursi-shperblyes-magjia-ne-duart-e-arsimtareve-afati-31-maj-2020\\\/#article\",\"isPartOf\":{\"@id\":\"https:\\\/\\\/kt.gov.rs\\\/sq\\\/konkursi-shperblyes-magjia-ne-duart-e-arsimtareve-afati-31-maj-2020\\\/\"},\"author\":{\"name\":\"ktmin\",\"@id\":\"https:\\\/\\\/kt.gov.rs\\\/#\\\/schema\\\/person\\\/e426459ddb4173309103390602694571\"},\"headline\":\"KONKURSI SHP\u00cbRBLYES \u201cMAGJIA N\u00cb DUART E ARSIMTAR\u00cbVE\u201d (AFATI: 31 MAJ 2020)\",\"datePublished\":\"2020-04-28T00:00:00+00:00\",\"dateModified\":\"2024-07-30T18:05:20+00:00\",\"mainEntityOfPage\":{\"@id\":\"https:\\\/\\\/kt.gov.rs\\\/sq\\\/konkursi-shperblyes-magjia-ne-duart-e-arsimtareve-afati-31-maj-2020\\\/\"},\"wordCount\":575,\"publisher\":{\"@id\":\"https:\\\/\\\/kt.gov.rs\\\/#organization\"},\"image\":{\"@id\":\"https:\\\/\\\/kt.gov.rs\\\/sq\\\/konkursi-shperblyes-magjia-ne-duart-e-arsimtareve-afati-31-maj-2020\\\/#primaryimage\"},\"thumbnailUrl\":\"https:\\\/\\\/kt.gov.rs\\\/wp-content\\\/uploads\\\/2024\\\/07\\\/1588065588_280420_1-5.jpg\",\"articleSection\":[\"Lajme\"],\"inLanguage\":\"sq-AL\"},{\"@type\":\"WebPage\",\"@id\":\"https:\\\/\\\/kt.gov.rs\\\/sq\\\/konkursi-shperblyes-magjia-ne-duart-e-arsimtareve-afati-31-maj-2020\\\/\",\"url\":\"https:\\\/\\\/kt.gov.rs\\\/sq\\\/konkursi-shperblyes-magjia-ne-duart-e-arsimtareve-afati-31-maj-2020\\\/\",\"name\":\"KONKURSI SHP\u00cbRBLYES \u201cMAGJIA N\u00cb DUART E ARSIMTAR\u00cbVE\u201d (AFATI: 31 MAJ 2020) - Republika e S\u00ebrbis\u00eb Trupi Koordinues p\u00ebr komunat Bujanoc, Preshev\u00eb dhe Medvegj\u00eb\",\"isPartOf\":{\"@id\":\"https:\\\/\\\/kt.gov.rs\\\/#website\"},\"primaryImageOfPage\":{\"@id\":\"https:\\\/\\\/kt.gov.rs\\\/sq\\\/konkursi-shperblyes-magjia-ne-duart-e-arsimtareve-afati-31-maj-2020\\\/#primaryimage\"},\"image\":{\"@id\":\"https:\\\/\\\/kt.gov.rs\\\/sq\\\/konkursi-shperblyes-magjia-ne-duart-e-arsimtareve-afati-31-maj-2020\\\/#primaryimage\"},\"thumbnailUrl\":\"https:\\\/\\\/kt.gov.rs\\\/wp-content\\\/uploads\\\/2024\\\/07\\\/1588065588_280420_1-5.jpg\",\"datePublished\":\"2020-04-28T00:00:00+00:00\",\"dateModified\":\"2024-07-30T18:05:20+00:00\",\"breadcrumb\":{\"@id\":\"https:\\\/\\\/kt.gov.rs\\\/sq\\\/konkursi-shperblyes-magjia-ne-duart-e-arsimtareve-afati-31-maj-2020\\\/#breadcrumb\"},\"inLanguage\":\"sq-AL\",\"potentialAction\":[{\"@type\":\"ReadAction\",\"target\":[\"https:\\\/\\\/kt.gov.rs\\\/sq\\\/konkursi-shperblyes-magjia-ne-duart-e-arsimtareve-afati-31-maj-2020\\\/\"]}]},{\"@type\":\"ImageObject\",\"inLanguage\":\"sq-AL\",\"@id\":\"https:\\\/\\\/kt.gov.rs\\\/sq\\\/konkursi-shperblyes-magjia-ne-duart-e-arsimtareve-afati-31-maj-2020\\\/#primaryimage\",\"url\":\"https:\\\/\\\/kt.gov.rs\\\/wp-content\\\/uploads\\\/2024\\\/07\\\/1588065588_280420_1-5.jpg\",\"contentUrl\":\"https:\\\/\\\/kt.gov.rs\\\/wp-content\\\/uploads\\\/2024\\\/07\\\/1588065588_280420_1-5.jpg\",\"width\":315,\"height\":230},{\"@type\":\"BreadcrumbList\",\"@id\":\"https:\\\/\\\/kt.gov.rs\\\/sq\\\/konkursi-shperblyes-magjia-ne-duart-e-arsimtareve-afati-31-maj-2020\\\/#breadcrumb\",\"itemListElement\":[{\"@type\":\"ListItem\",\"position\":1,\"name\":\"\u041f\u043e\u0447\u0435\u0442\u043d\u0430\",\"item\":\"https:\\\/\\\/kt.gov.rs\\\/sq\\\/\"},{\"@type\":\"ListItem\",\"position\":2,\"name\":\"KONKURSI SHP\u00cbRBLYES \u201cMAGJIA N\u00cb DUART E ARSIMTAR\u00cbVE\u201d (AFATI: 31 MAJ 2020)\"}]},{\"@type\":\"WebSite\",\"@id\":\"https:\\\/\\\/kt.gov.rs\\\/#website\",\"url\":\"https:\\\/\\\/kt.gov.rs\\\/\",\"name\":\"\u041a\u043e\u043e\u0440\u0434\u0438\u043d\u0430\u0446\u0438\u043e\u043d\u043e \u0442\u0435\u043b\u043e \u0412\u043b\u0430\u0434\u0435 \u0420\u0435\u043f\u0443\u0431\u043b\u0438\u043a\u0435 \u0421\u0440\u0431\u0438\u0458\u0435 \u0437\u0430 \u043e\u043f\u0448\u0442\u0438\u043d\u0435 \u041f\u0440\u0435\u0448\u0435\u0432\u043e, \u0411\u0443\u0458\u0430\u043d\u043e\u0432\u0430\u0446 \u0438 \u041c\u0435\u0434\u0432\u0435\u0452a\",\"description\":\"\",\"publisher\":{\"@id\":\"https:\\\/\\\/kt.gov.rs\\\/#organization\"},\"alternateName\":\"\u041a\u043e\u043e\u0440\u0434\u0438\u043d\u0430\u0446\u0438\u043e\u043d\u043e \u0442\u0435\u043b\u043e\",\"potentialAction\":[{\"@type\":\"SearchAction\",\"target\":{\"@type\":\"EntryPoint\",\"urlTemplate\":\"https:\\\/\\\/kt.gov.rs\\\/?s={search_term_string}\"},\"query-input\":{\"@type\":\"PropertyValueSpecification\",\"valueRequired\":true,\"valueName\":\"search_term_string\"}}],\"inLanguage\":\"sq-AL\"},{\"@type\":\"Organization\",\"@id\":\"https:\\\/\\\/kt.gov.rs\\\/#organization\",\"name\":\"\u041a\u043e\u043e\u0440\u0434\u0438\u043d\u0430\u0446\u0438\u043e\u043d\u043e \u0442\u0435\u043b\u043e \u0412\u043b\u0430\u0434\u0435 \u0420\u0435\u043f\u0443\u0431\u043b\u0438\u043a\u0435 \u0421\u0440\u0431\u0438\u0458\u0435 \u0437\u0430 \u043e\u043f\u0448\u0442\u0438\u043d\u0435 \u041f\u0440\u0435\u0448\u0435\u0432\u043e, \u0411\u0443\u0458\u0430\u043d\u043e\u0432\u0430\u0446 \u0438 \u041c\u0435\u0434\u0432\u0435\u0452a\",\"alternateName\":\"\u041a\u043e\u043e\u0440\u0434\u0438\u043d\u0430\u0446\u0438\u043e\u043d\u043e \u0442\u0435\u043b\u043e\",\"url\":\"https:\\\/\\\/kt.gov.rs\\\/\",\"logo\":{\"@type\":\"ImageObject\",\"inLanguage\":\"sq-AL\",\"@id\":\"https:\\\/\\\/kt.gov.rs\\\/#\\\/schema\\\/logo\\\/image\\\/\",\"url\":\"https:\\\/\\\/kt.gov.rs\\\/wp-content\\\/uploads\\\/2024\\\/12\\\/koord2.jpg\",\"contentUrl\":\"https:\\\/\\\/kt.gov.rs\\\/wp-content\\\/uploads\\\/2024\\\/12\\\/koord2.jpg\",\"width\":640,\"height\":480,\"caption\":\"\u041a\u043e\u043e\u0440\u0434\u0438\u043d\u0430\u0446\u0438\u043e\u043d\u043e \u0442\u0435\u043b\u043e \u0412\u043b\u0430\u0434\u0435 \u0420\u0435\u043f\u0443\u0431\u043b\u0438\u043a\u0435 \u0421\u0440\u0431\u0438\u0458\u0435 \u0437\u0430 \u043e\u043f\u0448\u0442\u0438\u043d\u0435 \u041f\u0440\u0435\u0448\u0435\u0432\u043e, \u0411\u0443\u0458\u0430\u043d\u043e\u0432\u0430\u0446 \u0438 \u041c\u0435\u0434\u0432\u0435\u0452a\"},\"image\":{\"@id\":\"https:\\\/\\\/kt.gov.rs\\\/#\\\/schema\\\/logo\\\/image\\\/\"},\"sameAs\":[\"https:\\\/\\\/www.facebook.com\\\/SluzbaKoordinacionogTelaVladeRepublikeSrbije\",\"https:\\\/\\\/x.com\\\/kt_gov\",\"https:\\\/\\\/www.youtube.com\\\/@koordinacionotelo\"]},{\"@type\":\"Person\",\"@id\":\"https:\\\/\\\/kt.gov.rs\\\/#\\\/schema\\\/person\\\/e426459ddb4173309103390602694571\",\"name\":\"ktmin\",\"image\":{\"@type\":\"ImageObject\",\"inLanguage\":\"sq-AL\",\"@id\":\"https:\\\/\\\/secure.gravatar.com\\\/avatar\\\/3985c961109853010c3fbc7ba30365bfba5db3dd6c525831d9c595c7525a615a?s=96&d=mm&r=g\",\"url\":\"https:\\\/\\\/secure.gravatar.com\\\/avatar\\\/3985c961109853010c3fbc7ba30365bfba5db3dd6c525831d9c595c7525a615a?s=96&d=mm&r=g\",\"contentUrl\":\"https:\\\/\\\/secure.gravatar.com\\\/avatar\\\/3985c961109853010c3fbc7ba30365bfba5db3dd6c525831d9c595c7525a615a?s=96&d=mm&r=g\",\"caption\":\"ktmin\"},\"sameAs\":[\"https:\\\/\\\/kt.gov.rs\"],\"url\":\"https:\\\/\\\/kt.gov.rs\\\/sq\\\/author\\\/ktmin\\\/\"}]}<\/script>\n<!-- \/ Yoast SEO plugin. -->","yoast_head_json":{"title":"KONKURSI SHP\u00cbRBLYES \u201cMAGJIA N\u00cb DUART E ARSIMTAR\u00cbVE\u201d (AFATI: 31 MAJ 2020) - Republika e S\u00ebrbis\u00eb Trupi Koordinues p\u00ebr komunat Bujanoc, Preshev\u00eb dhe Medvegj\u00eb","robots":{"index":"index","follow":"follow","max-snippet":"max-snippet:-1","max-image-preview":"max-image-preview:large","max-video-preview":"max-video-preview:-1"},"canonical":"https:\/\/kt.gov.rs\/sq\/konkursi-shperblyes-magjia-ne-duart-e-arsimtareve-afati-31-maj-2020\/","og_locale":"sq_AL","og_type":"article","og_title":"KONKURSI SHP\u00cbRBLYES \u201cMAGJIA N\u00cb DUART E ARSIMTAR\u00cbVE\u201d (AFATI: 31 MAJ 2020) - Republika e S\u00ebrbis\u00eb Trupi Koordinues p\u00ebr komunat Bujanoc, Preshev\u00eb dhe Medvegj\u00eb","og_description":"NALED dhe Organizata p\u00ebr Zhvillimin e Sip\u00ebrmarrjes s\u00eb Karrier\u00ebs dhe Rinis\u00eb \u201cConnecting\u201d, n\u00eb bashk\u00ebpunim me Ministrin\u00eb e Arsimit, Shkenc\u00ebs dhe Teknologjis\u00eb, Entin p\u00ebr Avansimin e Arsimit...","og_url":"https:\/\/kt.gov.rs\/sq\/konkursi-shperblyes-magjia-ne-duart-e-arsimtareve-afati-31-maj-2020\/","og_site_name":"Republika e S\u00ebrbis\u00eb Trupi Koordinues p\u00ebr komunat Bujanoc, Preshev\u00eb dhe Medvegj\u00eb","article_publisher":"https:\/\/www.facebook.com\/SluzbaKoordinacionogTelaVladeRepublikeSrbije","article_published_time":"2020-04-28T00:00:00+00:00","article_modified_time":"2024-07-30T18:05:20+00:00","og_image":[{"width":315,"height":230,"url":"https:\/\/kt.gov.rs\/wp-content\/uploads\/2024\/07\/1588065588_280420_1-5.jpg","type":"image\/jpeg"}],"author":"ktmin","twitter_card":"summary_large_image","twitter_creator":"@kt_gov","twitter_site":"@kt_gov","twitter_misc":{"Written by":"ktmin","Est. reading time":"3 minutes"},"schema":{"@context":"https:\/\/schema.org","@graph":[{"@type":"Article","@id":"https:\/\/kt.gov.rs\/sq\/konkursi-shperblyes-magjia-ne-duart-e-arsimtareve-afati-31-maj-2020\/#article","isPartOf":{"@id":"https:\/\/kt.gov.rs\/sq\/konkursi-shperblyes-magjia-ne-duart-e-arsimtareve-afati-31-maj-2020\/"},"author":{"name":"ktmin","@id":"https:\/\/kt.gov.rs\/#\/schema\/person\/e426459ddb4173309103390602694571"},"headline":"KONKURSI SHP\u00cbRBLYES \u201cMAGJIA N\u00cb DUART E ARSIMTAR\u00cbVE\u201d (AFATI: 31 MAJ 2020)","datePublished":"2020-04-28T00:00:00+00:00","dateModified":"2024-07-30T18:05:20+00:00","mainEntityOfPage":{"@id":"https:\/\/kt.gov.rs\/sq\/konkursi-shperblyes-magjia-ne-duart-e-arsimtareve-afati-31-maj-2020\/"},"wordCount":575,"publisher":{"@id":"https:\/\/kt.gov.rs\/#organization"},"image":{"@id":"https:\/\/kt.gov.rs\/sq\/konkursi-shperblyes-magjia-ne-duart-e-arsimtareve-afati-31-maj-2020\/#primaryimage"},"thumbnailUrl":"https:\/\/kt.gov.rs\/wp-content\/uploads\/2024\/07\/1588065588_280420_1-5.jpg","articleSection":["Lajme"],"inLanguage":"sq-AL"},{"@type":"WebPage","@id":"https:\/\/kt.gov.rs\/sq\/konkursi-shperblyes-magjia-ne-duart-e-arsimtareve-afati-31-maj-2020\/","url":"https:\/\/kt.gov.rs\/sq\/konkursi-shperblyes-magjia-ne-duart-e-arsimtareve-afati-31-maj-2020\/","name":"KONKURSI SHP\u00cbRBLYES \u201cMAGJIA N\u00cb DUART E ARSIMTAR\u00cbVE\u201d (AFATI: 31 MAJ 2020) - Republika e S\u00ebrbis\u00eb Trupi Koordinues p\u00ebr komunat Bujanoc, Preshev\u00eb dhe Medvegj\u00eb","isPartOf":{"@id":"https:\/\/kt.gov.rs\/#website"},"primaryImageOfPage":{"@id":"https:\/\/kt.gov.rs\/sq\/konkursi-shperblyes-magjia-ne-duart-e-arsimtareve-afati-31-maj-2020\/#primaryimage"},"image":{"@id":"https:\/\/kt.gov.rs\/sq\/konkursi-shperblyes-magjia-ne-duart-e-arsimtareve-afati-31-maj-2020\/#primaryimage"},"thumbnailUrl":"https:\/\/kt.gov.rs\/wp-content\/uploads\/2024\/07\/1588065588_280420_1-5.jpg","datePublished":"2020-04-28T00:00:00+00:00","dateModified":"2024-07-30T18:05:20+00:00","breadcrumb":{"@id":"https:\/\/kt.gov.rs\/sq\/konkursi-shperblyes-magjia-ne-duart-e-arsimtareve-afati-31-maj-2020\/#breadcrumb"},"inLanguage":"sq-AL","potentialAction":[{"@type":"ReadAction","target":["https:\/\/kt.gov.rs\/sq\/konkursi-shperblyes-magjia-ne-duart-e-arsimtareve-afati-31-maj-2020\/"]}]},{"@type":"ImageObject","inLanguage":"sq-AL","@id":"https:\/\/kt.gov.rs\/sq\/konkursi-shperblyes-magjia-ne-duart-e-arsimtareve-afati-31-maj-2020\/#primaryimage","url":"https:\/\/kt.gov.rs\/wp-content\/uploads\/2024\/07\/1588065588_280420_1-5.jpg","contentUrl":"https:\/\/kt.gov.rs\/wp-content\/uploads\/2024\/07\/1588065588_280420_1-5.jpg","width":315,"height":230},{"@type":"BreadcrumbList","@id":"https:\/\/kt.gov.rs\/sq\/konkursi-shperblyes-magjia-ne-duart-e-arsimtareve-afati-31-maj-2020\/#breadcrumb","itemListElement":[{"@type":"ListItem","position":1,"name":"\u041f\u043e\u0447\u0435\u0442\u043d\u0430","item":"https:\/\/kt.gov.rs\/sq\/"},{"@type":"ListItem","position":2,"name":"KONKURSI SHP\u00cbRBLYES \u201cMAGJIA N\u00cb DUART E ARSIMTAR\u00cbVE\u201d (AFATI: 31 MAJ 2020)"}]},{"@type":"WebSite","@id":"https:\/\/kt.gov.rs\/#website","url":"https:\/\/kt.gov.rs\/","name":"\u041a\u043e\u043e\u0440\u0434\u0438\u043d\u0430\u0446\u0438\u043e\u043d\u043e \u0442\u0435\u043b\u043e \u0412\u043b\u0430\u0434\u0435 \u0420\u0435\u043f\u0443\u0431\u043b\u0438\u043a\u0435 \u0421\u0440\u0431\u0438\u0458\u0435 \u0437\u0430 \u043e\u043f\u0448\u0442\u0438\u043d\u0435 \u041f\u0440\u0435\u0448\u0435\u0432\u043e, \u0411\u0443\u0458\u0430\u043d\u043e\u0432\u0430\u0446 \u0438 \u041c\u0435\u0434\u0432\u0435\u0452a","description":"","publisher":{"@id":"https:\/\/kt.gov.rs\/#organization"},"alternateName":"\u041a\u043e\u043e\u0440\u0434\u0438\u043d\u0430\u0446\u0438\u043e\u043d\u043e \u0442\u0435\u043b\u043e","potentialAction":[{"@type":"SearchAction","target":{"@type":"EntryPoint","urlTemplate":"https:\/\/kt.gov.rs\/?s={search_term_string}"},"query-input":{"@type":"PropertyValueSpecification","valueRequired":true,"valueName":"search_term_string"}}],"inLanguage":"sq-AL"},{"@type":"Organization","@id":"https:\/\/kt.gov.rs\/#organization","name":"\u041a\u043e\u043e\u0440\u0434\u0438\u043d\u0430\u0446\u0438\u043e\u043d\u043e \u0442\u0435\u043b\u043e \u0412\u043b\u0430\u0434\u0435 \u0420\u0435\u043f\u0443\u0431\u043b\u0438\u043a\u0435 \u0421\u0440\u0431\u0438\u0458\u0435 \u0437\u0430 \u043e\u043f\u0448\u0442\u0438\u043d\u0435 \u041f\u0440\u0435\u0448\u0435\u0432\u043e, \u0411\u0443\u0458\u0430\u043d\u043e\u0432\u0430\u0446 \u0438 \u041c\u0435\u0434\u0432\u0435\u0452a","alternateName":"\u041a\u043e\u043e\u0440\u0434\u0438\u043d\u0430\u0446\u0438\u043e\u043d\u043e \u0442\u0435\u043b\u043e","url":"https:\/\/kt.gov.rs\/","logo":{"@type":"ImageObject","inLanguage":"sq-AL","@id":"https:\/\/kt.gov.rs\/#\/schema\/logo\/image\/","url":"https:\/\/kt.gov.rs\/wp-content\/uploads\/2024\/12\/koord2.jpg","contentUrl":"https:\/\/kt.gov.rs\/wp-content\/uploads\/2024\/12\/koord2.jpg","width":640,"height":480,"caption":"\u041a\u043e\u043e\u0440\u0434\u0438\u043d\u0430\u0446\u0438\u043e\u043d\u043e \u0442\u0435\u043b\u043e \u0412\u043b\u0430\u0434\u0435 \u0420\u0435\u043f\u0443\u0431\u043b\u0438\u043a\u0435 \u0421\u0440\u0431\u0438\u0458\u0435 \u0437\u0430 \u043e\u043f\u0448\u0442\u0438\u043d\u0435 \u041f\u0440\u0435\u0448\u0435\u0432\u043e, \u0411\u0443\u0458\u0430\u043d\u043e\u0432\u0430\u0446 \u0438 \u041c\u0435\u0434\u0432\u0435\u0452a"},"image":{"@id":"https:\/\/kt.gov.rs\/#\/schema\/logo\/image\/"},"sameAs":["https:\/\/www.facebook.com\/SluzbaKoordinacionogTelaVladeRepublikeSrbije","https:\/\/x.com\/kt_gov","https:\/\/www.youtube.com\/@koordinacionotelo"]},{"@type":"Person","@id":"https:\/\/kt.gov.rs\/#\/schema\/person\/e426459ddb4173309103390602694571","name":"ktmin","image":{"@type":"ImageObject","inLanguage":"sq-AL","@id":"https:\/\/secure.gravatar.com\/avatar\/3985c961109853010c3fbc7ba30365bfba5db3dd6c525831d9c595c7525a615a?s=96&d=mm&r=g","url":"https:\/\/secure.gravatar.com\/avatar\/3985c961109853010c3fbc7ba30365bfba5db3dd6c525831d9c595c7525a615a?s=96&d=mm&r=g","contentUrl":"https:\/\/secure.gravatar.com\/avatar\/3985c961109853010c3fbc7ba30365bfba5db3dd6c525831d9c595c7525a615a?s=96&d=mm&r=g","caption":"ktmin"},"sameAs":["https:\/\/kt.gov.rs"],"url":"https:\/\/kt.gov.rs\/sq\/author\/ktmin\/"}]}},"_links":{"self":[{"href":"https:\/\/kt.gov.rs\/sq\/wp-json\/wp\/v2\/posts\/112954","targetHints":{"allow":["GET"]}}],"collection":[{"href":"https:\/\/kt.gov.rs\/sq\/wp-json\/wp\/v2\/posts"}],"about":[{"href":"https:\/\/kt.gov.rs\/sq\/wp-json\/wp\/v2\/types\/post"}],"author":[{"embeddable":true,"href":"https:\/\/kt.gov.rs\/sq\/wp-json\/wp\/v2\/users\/1"}],"replies":[{"embeddable":true,"href":"https:\/\/kt.gov.rs\/sq\/wp-json\/wp\/v2\/comments?post=112954"}],"version-history":[{"count":1,"href":"https:\/\/kt.gov.rs\/sq\/wp-json\/wp\/v2\/posts\/112954\/revisions"}],"predecessor-version":[{"id":112958,"href":"https:\/\/kt.gov.rs\/sq\/wp-json\/wp\/v2\/posts\/112954\/revisions\/112958"}],"wp:featuredmedia":[{"embeddable":true,"href":"https:\/\/kt.gov.rs\/sq\/wp-json\/wp\/v2\/media\/112959"}],"wp:attachment":[{"href":"https:\/\/kt.gov.rs\/sq\/wp-json\/wp\/v2\/media?parent=112954"}],"wp:term":[{"taxonomy":"category","embeddable":true,"href":"https:\/\/kt.gov.rs\/sq\/wp-json\/wp\/v2\/categories?post=112954"},{"taxonomy":"post_tag","embeddable":true,"href":"https:\/\/kt.gov.rs\/sq\/wp-json\/wp\/v2\/tags?post=112954"}],"curies":[{"name":"wp","href":"https:\/\/api.w.org\/{rel}","templated":true}]}}