{"id":112906,"date":"2020-04-27T00:00:00","date_gmt":"2020-04-27T00:00:00","guid":{"rendered":"http:\/\/kt.printandscreen.rs\/ivanoviq-kemi-shperndare-600-pako-dhe-100-thase-miell-nga-buxheti-dhe-donacionet-tjera\/"},"modified":"2024-07-30T18:05:15","modified_gmt":"2024-07-30T18:05:15","slug":"ivanoviq-kemi-shperndare-600-pako-dhe-100-thase-miell-nga-buxheti-dhe-donacionet-tjera","status":"publish","type":"post","link":"https:\/\/kt.gov.rs\/sq\/ivanoviq-kemi-shperndare-600-pako-dhe-100-thase-miell-nga-buxheti-dhe-donacionet-tjera\/","title":{"rendered":"IVANOVIQ: KEMI SHP\u00cbRNDAR\u00cb 600 PAKO DHE 100 THAS\u00cb MIELL NGA BUXHETI DHE DONACIONET TJERA"},"content":{"rendered":"<p>\n\t<strong><img decoding=\"async\" alt=\"\" src=\"https:\/\/kt.gov.rs\/wp-content\/uploads\/2024\/07\/1587976730_270420_4-4.jpg\" style=\"width: 315px; height: 230px; float: left;\" \/><\/strong><\/p>\n<p>\n\t<strong>Medvegj\u00eb \u2013<\/strong>\u00a0Goran Ivanoviq, n\u00ebnkryetari i Komun\u00ebs s\u00eb Medvegj\u00ebs i cili gjithashtu drejtoi Shtabin p\u00ebr Situata t\u00eb Jasht\u00ebzakonshme tha se 600 pako humanitare dhe 100\u00a0thas\u00eb miell\u00a0 jan\u00eb shp\u00ebrndar\u00eb n\u00eb territorin e komun\u00ebs s\u00eb Medvegj\u00ebs t\u00eb cilat jan\u00eb financuar nga buxheti lokal.<\/p>\n<p>\n\t&quot;Komuna e Medvegj\u00ebs s\u00eb pari shp\u00ebrndau 500 pako p\u00ebr pensionist\u00ebt dhe personave t\u00eb rrezikuar social\u00eb nd\u00ebrsa K\u00ebshilli Komunal i komun\u00ebs s\u00eb Medvegj\u00ebs ndau 900.000 dinar\u00eb p\u00ebr blerjen e tyre,&quot; tha Ivanoviq.<\/p>\n<p>\n\t\u201cSecila pako kishte dy kilogram sheqer dhe miell, dy litra vaj, nj\u00eb kilogram krip\u00eb, dy pako makarona dhe gjasht\u00eb konzerva.N\u00eb kontigjentin e dyt\u00eb, kemi bler\u00eb nga k\u00ebto fonde dhe\u00a0 nj\u00ebqind pako dhe\u00a0 100\u00a0thas\u00eb miell\u00a0nga\u00a025kg.Kjo \u00ebsht\u00eb gjithsej 600 pako dhe nj\u00ebqind thas\u00eb miell, &quot;tha Ivanoviq.<\/p>\n<p>\n\tAi gjithashtu tha q\u00eb vlera e secil\u00ebs paket\u00eb ishte rreth 1.350 dinar\u00eb.<\/p>\n<p>\n\tU shp\u00ebrndan\u00eb edhe 65 paketa t\u00eb tjera, t\u00eb cilat ishin donacion i par\u00eb\u00a0 i Kompanis\u00eb Auto Moto &quot;Ivanoviq&quot; (50)\u00a0\u00a0 dhe kompanis\u00eb\u00a0 Pvetkoviq&quot; (15), 50 pako u dhuruan nga kompania &quot;Zlatni trag&quot;, si dhe 250 pako nga\u00a0 qum\u00ebshtorja\u00a0 Shabac, p\u00ebrkat\u00ebsisht miniera\u00a0\u00a0 &quot;Lece&quot;, &quot;tha Ivanoviq.<\/p>\n<p>\n\t<strong>Burimi: Jugpress dhe Trupi Koordinues<\/strong><\/p>\n<p>\n\t\u00a0<\/p>\n","protected":false},"excerpt":{"rendered":"<p>Medvegj\u00eb \u2013\u00a0Goran Ivanoviq, n\u00ebnkryetari i Komun\u00ebs s\u00eb Medvegj\u00ebs i cili gjithashtu drejtoi\u00a0Shtabin p\u00ebr Situata t\u00eb Jasht\u00ebzakonshme tha se 600 pako humanitare dhe\u00a0100\u00a0thas\u00eb miell\u00a0\u00a0jan\u00eb shp\u00ebrndar\u00eb n\u00eb territorin e komun\u00ebs s\u00eb Medvegj\u00ebs t\u00eb cilat jan\u00eb financuar nga buxheti lokal.<\/p>\n","protected":false},"author":1,"featured_media":112911,"comment_status":"closed","ping_status":"closed","sticky":false,"template":"","format":"standard","meta":{"footnotes":""},"categories":[55],"tags":[],"class_list":["post-112906","post","type-post","status-publish","format-standard","has-post-thumbnail","hentry","category-lajme"],"yoast_head":"<!-- This site is optimized with the Yoast SEO plugin v27.5 - https:\/\/yoast.com\/product\/yoast-seo-wordpress\/ -->\n<title>IVANOVIQ: KEMI SHP\u00cbRNDAR\u00cb 600 PAKO DHE 100 THAS\u00cb MIELL NGA BUXHETI DHE DONACIONET TJERA - Republika e S\u00ebrbis\u00eb Trupi Koordinues p\u00ebr komunat Bujanoc, Preshev\u00eb dhe Medvegj\u00eb<\/title>\n<meta name=\"robots\" content=\"index, follow, max-snippet:-1, max-image-preview:large, max-video-preview:-1\" \/>\n<link rel=\"canonical\" href=\"https:\/\/kt.gov.rs\/sq\/ivanoviq-kemi-shperndare-600-pako-dhe-100-thase-miell-nga-buxheti-dhe-donacionet-tjera\/\" \/>\n<meta property=\"og:locale\" content=\"sq_AL\" \/>\n<meta property=\"og:type\" content=\"article\" \/>\n<meta property=\"og:title\" content=\"IVANOVIQ: KEMI SHP\u00cbRNDAR\u00cb 600 PAKO DHE 100 THAS\u00cb MIELL NGA BUXHETI DHE DONACIONET TJERA - Republika e S\u00ebrbis\u00eb Trupi Koordinues p\u00ebr komunat Bujanoc, Preshev\u00eb dhe Medvegj\u00eb\" \/>\n<meta property=\"og:description\" content=\"Medvegj\u00eb \u2013\u00a0Goran Ivanoviq, n\u00ebnkryetari i Komun\u00ebs s\u00eb Medvegj\u00ebs i cili gjithashtu drejtoi\u00a0Shtabin p\u00ebr Situata t\u00eb Jasht\u00ebzakonshme tha se 600 pako humanitare dhe\u00a0100\u00a0thas\u00eb miell\u00a0\u00a0jan\u00eb shp\u00ebrndar\u00eb n\u00eb territorin e komun\u00ebs s\u00eb Medvegj\u00ebs t\u00eb cilat jan\u00eb financuar nga buxheti lokal.\" \/>\n<meta property=\"og:url\" content=\"https:\/\/kt.gov.rs\/sq\/ivanoviq-kemi-shperndare-600-pako-dhe-100-thase-miell-nga-buxheti-dhe-donacionet-tjera\/\" \/>\n<meta property=\"og:site_name\" content=\"Republika e S\u00ebrbis\u00eb Trupi Koordinues p\u00ebr komunat Bujanoc, Preshev\u00eb dhe Medvegj\u00eb\" \/>\n<meta property=\"article:publisher\" content=\"https:\/\/www.facebook.com\/SluzbaKoordinacionogTelaVladeRepublikeSrbije\" \/>\n<meta property=\"article:published_time\" content=\"2020-04-27T00:00:00+00:00\" \/>\n<meta property=\"article:modified_time\" content=\"2024-07-30T18:05:15+00:00\" \/>\n<meta property=\"og:image\" content=\"https:\/\/kt.gov.rs\/wp-content\/uploads\/2024\/07\/1587976730_270420_4-5.jpg\" \/>\n\t<meta property=\"og:image:width\" content=\"315\" \/>\n\t<meta property=\"og:image:height\" content=\"230\" \/>\n\t<meta property=\"og:image:type\" content=\"image\/jpeg\" \/>\n<meta name=\"author\" content=\"ktmin\" \/>\n<meta name=\"twitter:card\" content=\"summary_large_image\" \/>\n<meta name=\"twitter:creator\" content=\"@kt_gov\" \/>\n<meta name=\"twitter:site\" content=\"@kt_gov\" \/>\n<meta name=\"twitter:label1\" content=\"Written by\" \/>\n\t<meta name=\"twitter:data1\" content=\"ktmin\" \/>\n\t<meta name=\"twitter:label2\" content=\"Est. reading time\" \/>\n\t<meta name=\"twitter:data2\" content=\"1 minute\" \/>\n<script type=\"application\/ld+json\" class=\"yoast-schema-graph\">{\"@context\":\"https:\\\/\\\/schema.org\",\"@graph\":[{\"@type\":\"Article\",\"@id\":\"https:\\\/\\\/kt.gov.rs\\\/sq\\\/ivanoviq-kemi-shperndare-600-pako-dhe-100-thase-miell-nga-buxheti-dhe-donacionet-tjera\\\/#article\",\"isPartOf\":{\"@id\":\"https:\\\/\\\/kt.gov.rs\\\/sq\\\/ivanoviq-kemi-shperndare-600-pako-dhe-100-thase-miell-nga-buxheti-dhe-donacionet-tjera\\\/\"},\"author\":{\"name\":\"ktmin\",\"@id\":\"https:\\\/\\\/kt.gov.rs\\\/#\\\/schema\\\/person\\\/e426459ddb4173309103390602694571\"},\"headline\":\"IVANOVIQ: KEMI SHP\u00cbRNDAR\u00cb 600 PAKO DHE 100 THAS\u00cb MIELL NGA BUXHETI DHE DONACIONET TJERA\",\"datePublished\":\"2020-04-27T00:00:00+00:00\",\"dateModified\":\"2024-07-30T18:05:15+00:00\",\"mainEntityOfPage\":{\"@id\":\"https:\\\/\\\/kt.gov.rs\\\/sq\\\/ivanoviq-kemi-shperndare-600-pako-dhe-100-thase-miell-nga-buxheti-dhe-donacionet-tjera\\\/\"},\"wordCount\":296,\"publisher\":{\"@id\":\"https:\\\/\\\/kt.gov.rs\\\/#organization\"},\"image\":{\"@id\":\"https:\\\/\\\/kt.gov.rs\\\/sq\\\/ivanoviq-kemi-shperndare-600-pako-dhe-100-thase-miell-nga-buxheti-dhe-donacionet-tjera\\\/#primaryimage\"},\"thumbnailUrl\":\"https:\\\/\\\/kt.gov.rs\\\/wp-content\\\/uploads\\\/2024\\\/07\\\/1587976730_270420_4-5.jpg\",\"articleSection\":[\"Lajme\"],\"inLanguage\":\"sq-AL\"},{\"@type\":\"WebPage\",\"@id\":\"https:\\\/\\\/kt.gov.rs\\\/sq\\\/ivanoviq-kemi-shperndare-600-pako-dhe-100-thase-miell-nga-buxheti-dhe-donacionet-tjera\\\/\",\"url\":\"https:\\\/\\\/kt.gov.rs\\\/sq\\\/ivanoviq-kemi-shperndare-600-pako-dhe-100-thase-miell-nga-buxheti-dhe-donacionet-tjera\\\/\",\"name\":\"IVANOVIQ: KEMI SHP\u00cbRNDAR\u00cb 600 PAKO DHE 100 THAS\u00cb MIELL NGA BUXHETI DHE DONACIONET TJERA - Republika e S\u00ebrbis\u00eb Trupi Koordinues p\u00ebr komunat Bujanoc, Preshev\u00eb dhe Medvegj\u00eb\",\"isPartOf\":{\"@id\":\"https:\\\/\\\/kt.gov.rs\\\/#website\"},\"primaryImageOfPage\":{\"@id\":\"https:\\\/\\\/kt.gov.rs\\\/sq\\\/ivanoviq-kemi-shperndare-600-pako-dhe-100-thase-miell-nga-buxheti-dhe-donacionet-tjera\\\/#primaryimage\"},\"image\":{\"@id\":\"https:\\\/\\\/kt.gov.rs\\\/sq\\\/ivanoviq-kemi-shperndare-600-pako-dhe-100-thase-miell-nga-buxheti-dhe-donacionet-tjera\\\/#primaryimage\"},\"thumbnailUrl\":\"https:\\\/\\\/kt.gov.rs\\\/wp-content\\\/uploads\\\/2024\\\/07\\\/1587976730_270420_4-5.jpg\",\"datePublished\":\"2020-04-27T00:00:00+00:00\",\"dateModified\":\"2024-07-30T18:05:15+00:00\",\"breadcrumb\":{\"@id\":\"https:\\\/\\\/kt.gov.rs\\\/sq\\\/ivanoviq-kemi-shperndare-600-pako-dhe-100-thase-miell-nga-buxheti-dhe-donacionet-tjera\\\/#breadcrumb\"},\"inLanguage\":\"sq-AL\",\"potentialAction\":[{\"@type\":\"ReadAction\",\"target\":[\"https:\\\/\\\/kt.gov.rs\\\/sq\\\/ivanoviq-kemi-shperndare-600-pako-dhe-100-thase-miell-nga-buxheti-dhe-donacionet-tjera\\\/\"]}]},{\"@type\":\"ImageObject\",\"inLanguage\":\"sq-AL\",\"@id\":\"https:\\\/\\\/kt.gov.rs\\\/sq\\\/ivanoviq-kemi-shperndare-600-pako-dhe-100-thase-miell-nga-buxheti-dhe-donacionet-tjera\\\/#primaryimage\",\"url\":\"https:\\\/\\\/kt.gov.rs\\\/wp-content\\\/uploads\\\/2024\\\/07\\\/1587976730_270420_4-5.jpg\",\"contentUrl\":\"https:\\\/\\\/kt.gov.rs\\\/wp-content\\\/uploads\\\/2024\\\/07\\\/1587976730_270420_4-5.jpg\",\"width\":315,\"height\":230},{\"@type\":\"BreadcrumbList\",\"@id\":\"https:\\\/\\\/kt.gov.rs\\\/sq\\\/ivanoviq-kemi-shperndare-600-pako-dhe-100-thase-miell-nga-buxheti-dhe-donacionet-tjera\\\/#breadcrumb\",\"itemListElement\":[{\"@type\":\"ListItem\",\"position\":1,\"name\":\"\u041f\u043e\u0447\u0435\u0442\u043d\u0430\",\"item\":\"https:\\\/\\\/kt.gov.rs\\\/sq\\\/\"},{\"@type\":\"ListItem\",\"position\":2,\"name\":\"IVANOVIQ: KEMI SHP\u00cbRNDAR\u00cb 600 PAKO DHE 100 THAS\u00cb MIELL NGA BUXHETI DHE DONACIONET TJERA\"}]},{\"@type\":\"WebSite\",\"@id\":\"https:\\\/\\\/kt.gov.rs\\\/#website\",\"url\":\"https:\\\/\\\/kt.gov.rs\\\/\",\"name\":\"\u041a\u043e\u043e\u0440\u0434\u0438\u043d\u0430\u0446\u0438\u043e\u043d\u043e \u0442\u0435\u043b\u043e \u0412\u043b\u0430\u0434\u0435 \u0420\u0435\u043f\u0443\u0431\u043b\u0438\u043a\u0435 \u0421\u0440\u0431\u0438\u0458\u0435 \u0437\u0430 \u043e\u043f\u0448\u0442\u0438\u043d\u0435 \u041f\u0440\u0435\u0448\u0435\u0432\u043e, \u0411\u0443\u0458\u0430\u043d\u043e\u0432\u0430\u0446 \u0438 \u041c\u0435\u0434\u0432\u0435\u0452a\",\"description\":\"\",\"publisher\":{\"@id\":\"https:\\\/\\\/kt.gov.rs\\\/#organization\"},\"alternateName\":\"\u041a\u043e\u043e\u0440\u0434\u0438\u043d\u0430\u0446\u0438\u043e\u043d\u043e \u0442\u0435\u043b\u043e\",\"potentialAction\":[{\"@type\":\"SearchAction\",\"target\":{\"@type\":\"EntryPoint\",\"urlTemplate\":\"https:\\\/\\\/kt.gov.rs\\\/?s={search_term_string}\"},\"query-input\":{\"@type\":\"PropertyValueSpecification\",\"valueRequired\":true,\"valueName\":\"search_term_string\"}}],\"inLanguage\":\"sq-AL\"},{\"@type\":\"Organization\",\"@id\":\"https:\\\/\\\/kt.gov.rs\\\/#organization\",\"name\":\"\u041a\u043e\u043e\u0440\u0434\u0438\u043d\u0430\u0446\u0438\u043e\u043d\u043e \u0442\u0435\u043b\u043e \u0412\u043b\u0430\u0434\u0435 \u0420\u0435\u043f\u0443\u0431\u043b\u0438\u043a\u0435 \u0421\u0440\u0431\u0438\u0458\u0435 \u0437\u0430 \u043e\u043f\u0448\u0442\u0438\u043d\u0435 \u041f\u0440\u0435\u0448\u0435\u0432\u043e, \u0411\u0443\u0458\u0430\u043d\u043e\u0432\u0430\u0446 \u0438 \u041c\u0435\u0434\u0432\u0435\u0452a\",\"alternateName\":\"\u041a\u043e\u043e\u0440\u0434\u0438\u043d\u0430\u0446\u0438\u043e\u043d\u043e \u0442\u0435\u043b\u043e\",\"url\":\"https:\\\/\\\/kt.gov.rs\\\/\",\"logo\":{\"@type\":\"ImageObject\",\"inLanguage\":\"sq-AL\",\"@id\":\"https:\\\/\\\/kt.gov.rs\\\/#\\\/schema\\\/logo\\\/image\\\/\",\"url\":\"https:\\\/\\\/kt.gov.rs\\\/wp-content\\\/uploads\\\/2024\\\/12\\\/koord2.jpg\",\"contentUrl\":\"https:\\\/\\\/kt.gov.rs\\\/wp-content\\\/uploads\\\/2024\\\/12\\\/koord2.jpg\",\"width\":640,\"height\":480,\"caption\":\"\u041a\u043e\u043e\u0440\u0434\u0438\u043d\u0430\u0446\u0438\u043e\u043d\u043e \u0442\u0435\u043b\u043e \u0412\u043b\u0430\u0434\u0435 \u0420\u0435\u043f\u0443\u0431\u043b\u0438\u043a\u0435 \u0421\u0440\u0431\u0438\u0458\u0435 \u0437\u0430 \u043e\u043f\u0448\u0442\u0438\u043d\u0435 \u041f\u0440\u0435\u0448\u0435\u0432\u043e, \u0411\u0443\u0458\u0430\u043d\u043e\u0432\u0430\u0446 \u0438 \u041c\u0435\u0434\u0432\u0435\u0452a\"},\"image\":{\"@id\":\"https:\\\/\\\/kt.gov.rs\\\/#\\\/schema\\\/logo\\\/image\\\/\"},\"sameAs\":[\"https:\\\/\\\/www.facebook.com\\\/SluzbaKoordinacionogTelaVladeRepublikeSrbije\",\"https:\\\/\\\/x.com\\\/kt_gov\",\"https:\\\/\\\/www.youtube.com\\\/@koordinacionotelo\"]},{\"@type\":\"Person\",\"@id\":\"https:\\\/\\\/kt.gov.rs\\\/#\\\/schema\\\/person\\\/e426459ddb4173309103390602694571\",\"name\":\"ktmin\",\"image\":{\"@type\":\"ImageObject\",\"inLanguage\":\"sq-AL\",\"@id\":\"https:\\\/\\\/secure.gravatar.com\\\/avatar\\\/3985c961109853010c3fbc7ba30365bfba5db3dd6c525831d9c595c7525a615a?s=96&d=mm&r=g\",\"url\":\"https:\\\/\\\/secure.gravatar.com\\\/avatar\\\/3985c961109853010c3fbc7ba30365bfba5db3dd6c525831d9c595c7525a615a?s=96&d=mm&r=g\",\"contentUrl\":\"https:\\\/\\\/secure.gravatar.com\\\/avatar\\\/3985c961109853010c3fbc7ba30365bfba5db3dd6c525831d9c595c7525a615a?s=96&d=mm&r=g\",\"caption\":\"ktmin\"},\"sameAs\":[\"https:\\\/\\\/kt.gov.rs\"],\"url\":\"https:\\\/\\\/kt.gov.rs\\\/sq\\\/author\\\/ktmin\\\/\"}]}<\/script>\n<!-- \/ Yoast SEO plugin. -->","yoast_head_json":{"title":"IVANOVIQ: KEMI SHP\u00cbRNDAR\u00cb 600 PAKO DHE 100 THAS\u00cb MIELL NGA BUXHETI DHE DONACIONET TJERA - Republika e S\u00ebrbis\u00eb Trupi Koordinues p\u00ebr komunat Bujanoc, Preshev\u00eb dhe Medvegj\u00eb","robots":{"index":"index","follow":"follow","max-snippet":"max-snippet:-1","max-image-preview":"max-image-preview:large","max-video-preview":"max-video-preview:-1"},"canonical":"https:\/\/kt.gov.rs\/sq\/ivanoviq-kemi-shperndare-600-pako-dhe-100-thase-miell-nga-buxheti-dhe-donacionet-tjera\/","og_locale":"sq_AL","og_type":"article","og_title":"IVANOVIQ: KEMI SHP\u00cbRNDAR\u00cb 600 PAKO DHE 100 THAS\u00cb MIELL NGA BUXHETI DHE DONACIONET TJERA - Republika e S\u00ebrbis\u00eb Trupi Koordinues p\u00ebr komunat Bujanoc, Preshev\u00eb dhe Medvegj\u00eb","og_description":"Medvegj\u00eb \u2013\u00a0Goran Ivanoviq, n\u00ebnkryetari i Komun\u00ebs s\u00eb Medvegj\u00ebs i cili gjithashtu drejtoi\u00a0Shtabin p\u00ebr Situata t\u00eb Jasht\u00ebzakonshme tha se 600 pako humanitare dhe\u00a0100\u00a0thas\u00eb miell\u00a0\u00a0jan\u00eb shp\u00ebrndar\u00eb n\u00eb territorin e komun\u00ebs s\u00eb Medvegj\u00ebs t\u00eb cilat jan\u00eb financuar nga buxheti lokal.","og_url":"https:\/\/kt.gov.rs\/sq\/ivanoviq-kemi-shperndare-600-pako-dhe-100-thase-miell-nga-buxheti-dhe-donacionet-tjera\/","og_site_name":"Republika e S\u00ebrbis\u00eb Trupi Koordinues p\u00ebr komunat Bujanoc, Preshev\u00eb dhe Medvegj\u00eb","article_publisher":"https:\/\/www.facebook.com\/SluzbaKoordinacionogTelaVladeRepublikeSrbije","article_published_time":"2020-04-27T00:00:00+00:00","article_modified_time":"2024-07-30T18:05:15+00:00","og_image":[{"width":315,"height":230,"url":"https:\/\/kt.gov.rs\/wp-content\/uploads\/2024\/07\/1587976730_270420_4-5.jpg","type":"image\/jpeg"}],"author":"ktmin","twitter_card":"summary_large_image","twitter_creator":"@kt_gov","twitter_site":"@kt_gov","twitter_misc":{"Written by":"ktmin","Est. reading time":"1 minute"},"schema":{"@context":"https:\/\/schema.org","@graph":[{"@type":"Article","@id":"https:\/\/kt.gov.rs\/sq\/ivanoviq-kemi-shperndare-600-pako-dhe-100-thase-miell-nga-buxheti-dhe-donacionet-tjera\/#article","isPartOf":{"@id":"https:\/\/kt.gov.rs\/sq\/ivanoviq-kemi-shperndare-600-pako-dhe-100-thase-miell-nga-buxheti-dhe-donacionet-tjera\/"},"author":{"name":"ktmin","@id":"https:\/\/kt.gov.rs\/#\/schema\/person\/e426459ddb4173309103390602694571"},"headline":"IVANOVIQ: KEMI SHP\u00cbRNDAR\u00cb 600 PAKO DHE 100 THAS\u00cb MIELL NGA BUXHETI DHE DONACIONET TJERA","datePublished":"2020-04-27T00:00:00+00:00","dateModified":"2024-07-30T18:05:15+00:00","mainEntityOfPage":{"@id":"https:\/\/kt.gov.rs\/sq\/ivanoviq-kemi-shperndare-600-pako-dhe-100-thase-miell-nga-buxheti-dhe-donacionet-tjera\/"},"wordCount":296,"publisher":{"@id":"https:\/\/kt.gov.rs\/#organization"},"image":{"@id":"https:\/\/kt.gov.rs\/sq\/ivanoviq-kemi-shperndare-600-pako-dhe-100-thase-miell-nga-buxheti-dhe-donacionet-tjera\/#primaryimage"},"thumbnailUrl":"https:\/\/kt.gov.rs\/wp-content\/uploads\/2024\/07\/1587976730_270420_4-5.jpg","articleSection":["Lajme"],"inLanguage":"sq-AL"},{"@type":"WebPage","@id":"https:\/\/kt.gov.rs\/sq\/ivanoviq-kemi-shperndare-600-pako-dhe-100-thase-miell-nga-buxheti-dhe-donacionet-tjera\/","url":"https:\/\/kt.gov.rs\/sq\/ivanoviq-kemi-shperndare-600-pako-dhe-100-thase-miell-nga-buxheti-dhe-donacionet-tjera\/","name":"IVANOVIQ: KEMI SHP\u00cbRNDAR\u00cb 600 PAKO DHE 100 THAS\u00cb MIELL NGA BUXHETI DHE DONACIONET TJERA - Republika e S\u00ebrbis\u00eb Trupi Koordinues p\u00ebr komunat Bujanoc, Preshev\u00eb dhe Medvegj\u00eb","isPartOf":{"@id":"https:\/\/kt.gov.rs\/#website"},"primaryImageOfPage":{"@id":"https:\/\/kt.gov.rs\/sq\/ivanoviq-kemi-shperndare-600-pako-dhe-100-thase-miell-nga-buxheti-dhe-donacionet-tjera\/#primaryimage"},"image":{"@id":"https:\/\/kt.gov.rs\/sq\/ivanoviq-kemi-shperndare-600-pako-dhe-100-thase-miell-nga-buxheti-dhe-donacionet-tjera\/#primaryimage"},"thumbnailUrl":"https:\/\/kt.gov.rs\/wp-content\/uploads\/2024\/07\/1587976730_270420_4-5.jpg","datePublished":"2020-04-27T00:00:00+00:00","dateModified":"2024-07-30T18:05:15+00:00","breadcrumb":{"@id":"https:\/\/kt.gov.rs\/sq\/ivanoviq-kemi-shperndare-600-pako-dhe-100-thase-miell-nga-buxheti-dhe-donacionet-tjera\/#breadcrumb"},"inLanguage":"sq-AL","potentialAction":[{"@type":"ReadAction","target":["https:\/\/kt.gov.rs\/sq\/ivanoviq-kemi-shperndare-600-pako-dhe-100-thase-miell-nga-buxheti-dhe-donacionet-tjera\/"]}]},{"@type":"ImageObject","inLanguage":"sq-AL","@id":"https:\/\/kt.gov.rs\/sq\/ivanoviq-kemi-shperndare-600-pako-dhe-100-thase-miell-nga-buxheti-dhe-donacionet-tjera\/#primaryimage","url":"https:\/\/kt.gov.rs\/wp-content\/uploads\/2024\/07\/1587976730_270420_4-5.jpg","contentUrl":"https:\/\/kt.gov.rs\/wp-content\/uploads\/2024\/07\/1587976730_270420_4-5.jpg","width":315,"height":230},{"@type":"BreadcrumbList","@id":"https:\/\/kt.gov.rs\/sq\/ivanoviq-kemi-shperndare-600-pako-dhe-100-thase-miell-nga-buxheti-dhe-donacionet-tjera\/#breadcrumb","itemListElement":[{"@type":"ListItem","position":1,"name":"\u041f\u043e\u0447\u0435\u0442\u043d\u0430","item":"https:\/\/kt.gov.rs\/sq\/"},{"@type":"ListItem","position":2,"name":"IVANOVIQ: KEMI SHP\u00cbRNDAR\u00cb 600 PAKO DHE 100 THAS\u00cb MIELL NGA BUXHETI DHE DONACIONET TJERA"}]},{"@type":"WebSite","@id":"https:\/\/kt.gov.rs\/#website","url":"https:\/\/kt.gov.rs\/","name":"\u041a\u043e\u043e\u0440\u0434\u0438\u043d\u0430\u0446\u0438\u043e\u043d\u043e \u0442\u0435\u043b\u043e \u0412\u043b\u0430\u0434\u0435 \u0420\u0435\u043f\u0443\u0431\u043b\u0438\u043a\u0435 \u0421\u0440\u0431\u0438\u0458\u0435 \u0437\u0430 \u043e\u043f\u0448\u0442\u0438\u043d\u0435 \u041f\u0440\u0435\u0448\u0435\u0432\u043e, \u0411\u0443\u0458\u0430\u043d\u043e\u0432\u0430\u0446 \u0438 \u041c\u0435\u0434\u0432\u0435\u0452a","description":"","publisher":{"@id":"https:\/\/kt.gov.rs\/#organization"},"alternateName":"\u041a\u043e\u043e\u0440\u0434\u0438\u043d\u0430\u0446\u0438\u043e\u043d\u043e \u0442\u0435\u043b\u043e","potentialAction":[{"@type":"SearchAction","target":{"@type":"EntryPoint","urlTemplate":"https:\/\/kt.gov.rs\/?s={search_term_string}"},"query-input":{"@type":"PropertyValueSpecification","valueRequired":true,"valueName":"search_term_string"}}],"inLanguage":"sq-AL"},{"@type":"Organization","@id":"https:\/\/kt.gov.rs\/#organization","name":"\u041a\u043e\u043e\u0440\u0434\u0438\u043d\u0430\u0446\u0438\u043e\u043d\u043e \u0442\u0435\u043b\u043e \u0412\u043b\u0430\u0434\u0435 \u0420\u0435\u043f\u0443\u0431\u043b\u0438\u043a\u0435 \u0421\u0440\u0431\u0438\u0458\u0435 \u0437\u0430 \u043e\u043f\u0448\u0442\u0438\u043d\u0435 \u041f\u0440\u0435\u0448\u0435\u0432\u043e, \u0411\u0443\u0458\u0430\u043d\u043e\u0432\u0430\u0446 \u0438 \u041c\u0435\u0434\u0432\u0435\u0452a","alternateName":"\u041a\u043e\u043e\u0440\u0434\u0438\u043d\u0430\u0446\u0438\u043e\u043d\u043e \u0442\u0435\u043b\u043e","url":"https:\/\/kt.gov.rs\/","logo":{"@type":"ImageObject","inLanguage":"sq-AL","@id":"https:\/\/kt.gov.rs\/#\/schema\/logo\/image\/","url":"https:\/\/kt.gov.rs\/wp-content\/uploads\/2024\/12\/koord2.jpg","contentUrl":"https:\/\/kt.gov.rs\/wp-content\/uploads\/2024\/12\/koord2.jpg","width":640,"height":480,"caption":"\u041a\u043e\u043e\u0440\u0434\u0438\u043d\u0430\u0446\u0438\u043e\u043d\u043e \u0442\u0435\u043b\u043e \u0412\u043b\u0430\u0434\u0435 \u0420\u0435\u043f\u0443\u0431\u043b\u0438\u043a\u0435 \u0421\u0440\u0431\u0438\u0458\u0435 \u0437\u0430 \u043e\u043f\u0448\u0442\u0438\u043d\u0435 \u041f\u0440\u0435\u0448\u0435\u0432\u043e, \u0411\u0443\u0458\u0430\u043d\u043e\u0432\u0430\u0446 \u0438 \u041c\u0435\u0434\u0432\u0435\u0452a"},"image":{"@id":"https:\/\/kt.gov.rs\/#\/schema\/logo\/image\/"},"sameAs":["https:\/\/www.facebook.com\/SluzbaKoordinacionogTelaVladeRepublikeSrbije","https:\/\/x.com\/kt_gov","https:\/\/www.youtube.com\/@koordinacionotelo"]},{"@type":"Person","@id":"https:\/\/kt.gov.rs\/#\/schema\/person\/e426459ddb4173309103390602694571","name":"ktmin","image":{"@type":"ImageObject","inLanguage":"sq-AL","@id":"https:\/\/secure.gravatar.com\/avatar\/3985c961109853010c3fbc7ba30365bfba5db3dd6c525831d9c595c7525a615a?s=96&d=mm&r=g","url":"https:\/\/secure.gravatar.com\/avatar\/3985c961109853010c3fbc7ba30365bfba5db3dd6c525831d9c595c7525a615a?s=96&d=mm&r=g","contentUrl":"https:\/\/secure.gravatar.com\/avatar\/3985c961109853010c3fbc7ba30365bfba5db3dd6c525831d9c595c7525a615a?s=96&d=mm&r=g","caption":"ktmin"},"sameAs":["https:\/\/kt.gov.rs"],"url":"https:\/\/kt.gov.rs\/sq\/author\/ktmin\/"}]}},"_links":{"self":[{"href":"https:\/\/kt.gov.rs\/sq\/wp-json\/wp\/v2\/posts\/112906","targetHints":{"allow":["GET"]}}],"collection":[{"href":"https:\/\/kt.gov.rs\/sq\/wp-json\/wp\/v2\/posts"}],"about":[{"href":"https:\/\/kt.gov.rs\/sq\/wp-json\/wp\/v2\/types\/post"}],"author":[{"embeddable":true,"href":"https:\/\/kt.gov.rs\/sq\/wp-json\/wp\/v2\/users\/1"}],"replies":[{"embeddable":true,"href":"https:\/\/kt.gov.rs\/sq\/wp-json\/wp\/v2\/comments?post=112906"}],"version-history":[{"count":1,"href":"https:\/\/kt.gov.rs\/sq\/wp-json\/wp\/v2\/posts\/112906\/revisions"}],"predecessor-version":[{"id":112910,"href":"https:\/\/kt.gov.rs\/sq\/wp-json\/wp\/v2\/posts\/112906\/revisions\/112910"}],"wp:featuredmedia":[{"embeddable":true,"href":"https:\/\/kt.gov.rs\/sq\/wp-json\/wp\/v2\/media\/112911"}],"wp:attachment":[{"href":"https:\/\/kt.gov.rs\/sq\/wp-json\/wp\/v2\/media?parent=112906"}],"wp:term":[{"taxonomy":"category","embeddable":true,"href":"https:\/\/kt.gov.rs\/sq\/wp-json\/wp\/v2\/categories?post=112906"},{"taxonomy":"post_tag","embeddable":true,"href":"https:\/\/kt.gov.rs\/sq\/wp-json\/wp\/v2\/tags?post=112906"}],"curies":[{"name":"wp","href":"https:\/\/api.w.org\/{rel}","templated":true}]}}