{"id":112874,"date":"2020-04-27T00:00:00","date_gmt":"2020-04-27T00:00:00","guid":{"rendered":"http:\/\/kt.printandscreen.rs\/njeriu-yne-qe-jeton-ne-danimarke-ka-shperndare-95-pako-humanitare-ne-bujanoc\/"},"modified":"2024-07-30T18:05:12","modified_gmt":"2024-07-30T18:05:12","slug":"njeriu-yne-qe-jeton-ne-danimarke-ka-shperndare-95-pako-humanitare-ne-bujanoc","status":"publish","type":"post","link":"https:\/\/kt.gov.rs\/sq\/njeriu-yne-qe-jeton-ne-danimarke-ka-shperndare-95-pako-humanitare-ne-bujanoc\/","title":{"rendered":"NJERIU YN\u00cb Q\u00cb JETON N\u00cb DANIMARK\u00cb KA SHP\u00cbRNDAR\u00cb 95 PAKO HUMANITARE N\u00cb BUJANOC"},"content":{"rendered":"<p>\n\t<strong><img decoding=\"async\" alt=\"\" src=\"https:\/\/kt.gov.rs\/wp-content\/uploads\/2024\/07\/1587976777_270420_5-4.jpg\" style=\"width: 315px; height: 230px; float: left;\" \/><\/strong><\/p>\n<p>\n\t<strong>Bujanoc<\/strong>\u2013 Raim Bavtiari, njeriu yn\u00eb q\u00eb jeton n\u00eb Danimark\u00eb q\u00eb nga viti 1999, ka sjell\u00eb g\u00ebzim p\u00ebr 95 familje t\u00eb\u00a0 rrezikuara social\u00eb nga Bujanoci\u00a0 q\u00eb po jetojn\u00eb edhe m\u00eb\u00a0v\u00ebshtir\u00a0se zakonisht gjat\u00eb pandemis\u00eb\u00a0s\u00eb\u00a0koronavirusit.<\/p>\n<p>\n\tAi, s\u00eb bashku me gruan e tij Nexhmija Gushani, financuan dhe shp\u00ebrndan\u00eb po aq paketa ushqimor\u00eb.<\/p>\n<p>\n\tBavtijari \u00ebsht\u00eb nga Gjilani, ku ai para se t\u00eb shkojn\u00eb n\u00eb Danimark\u00eb erdhi n\u00eb Bujanoc dhe tani ai thot\u00eb q\u00eb \u00ebsht\u00eb n\u00eb gjendje t\u00eb p\u00ebrmbush\u00eb d\u00ebshir\u00ebn e tij dhe t\u00eb ndihmoj\u00eb banor\u00ebt e Bujanocit.<\/p>\n<p>\n\t&quot;Ky veprim \u00ebsht\u00eb humanitar dhe nuk ka asnj\u00eb lidhje me politik\u00ebn, sepse t\u00eb gjith\u00eb ata q\u00eb kan\u00eb nevoj\u00eb marrin ndihm\u00eb humanitare <em>, <\/em>rom\u00ebt\u00a0, shqiptar\u00ebt dhe serb\u00ebt\u201dtha Bavtijari.<\/p>\n<p>\n\tAi gjithashtu thot\u00eb se me miqt\u00eb e tij shkuan nga sht\u00ebpia n\u00eb sht\u00ebpi, p\u00ebr t\u00eb b\u00ebr\u00eb nj\u00eb list\u00eb p\u00ebr ndarjen e paketave.<\/p>\n<p>\n\tAtij iu dha ndihma logjistike nga Vuk Mitiq, pronari\u00a0i\u00a0restoranit\u00a0&quot;Te Ujku&quot;, me baban\u00eb e tij Draganin.<\/p>\n<p>\n\t&quot;Ne i dham\u00eb hap\u00ebsir\u00ebn sepse restoranti nuk funksionon sidoqoft\u00eb, k\u00ebshtu q\u00eb ne dhe miqt\u00eb tan\u00eb ndihmuam n\u00eb paketim dhe shp\u00ebrndarje sepse donim t\u00eb ndihmonim bashk\u00ebqytetar\u00ebt tan\u00eb pa marr\u00eb parasysh komb\u00ebsin\u00eb e tyre. Sepse, si\u00e7 tha Raim, t\u00eb gjith\u00eb marrin ndihm\u00ebn humanitare\u201dtha Matiq.<\/p>\n<p>\n\tBavtijari tha se po planifikon veprime t\u00eb ngjashme. K\u00ebt\u00eb her\u00eb, \u00e7do paket\u00eb p\u00ebrmbante sheqer, vaj, oriz, qese supash, krem \u200b\u200bkakao, biskota, makarona, kafe dhe nj\u00eb shishe pije freskuese.<\/p>\n<p>\n\t<strong>Burimi: Bujanova\u00e7ke dhe Trupi Koordinues<\/strong><\/p>\n<p>\n\t\u00a0<\/p>\n","protected":false},"excerpt":{"rendered":"<p>Bujanoc- Raim Bavtiari, njeriu yn\u00eb q\u00eb jeton n\u00eb Danimark\u00eb q\u00eb nga viti 1999, ka sjell\u00eb g\u00ebzim p\u00ebr 95 familje t\u00eb\u00a0 rrezikuara social\u00eb nga Bujanoci\u00a0 q\u00eb po jetojn\u00eb edhe m\u00eb\u00a0v\u00ebshtir\u00a0se zakonisht\u00a0gjat\u00eb\u00a0pandemis\u00eb\u00a0s\u00eb\u00a0koronavirusit.<\/p>\n","protected":false},"author":1,"featured_media":112879,"comment_status":"closed","ping_status":"closed","sticky":false,"template":"","format":"standard","meta":{"footnotes":""},"categories":[55],"tags":[],"class_list":["post-112874","post","type-post","status-publish","format-standard","has-post-thumbnail","hentry","category-lajme"],"yoast_head":"<!-- This site is optimized with the Yoast SEO plugin v27.5 - https:\/\/yoast.com\/product\/yoast-seo-wordpress\/ -->\n<title>NJERIU YN\u00cb Q\u00cb JETON N\u00cb DANIMARK\u00cb KA SHP\u00cbRNDAR\u00cb 95 PAKO HUMANITARE N\u00cb BUJANOC - Republika e S\u00ebrbis\u00eb Trupi Koordinues p\u00ebr komunat Bujanoc, Preshev\u00eb dhe Medvegj\u00eb<\/title>\n<meta name=\"robots\" content=\"index, follow, max-snippet:-1, max-image-preview:large, max-video-preview:-1\" \/>\n<link rel=\"canonical\" href=\"https:\/\/kt.gov.rs\/sq\/njeriu-yne-qe-jeton-ne-danimarke-ka-shperndare-95-pako-humanitare-ne-bujanoc\/\" \/>\n<meta property=\"og:locale\" content=\"sq_AL\" \/>\n<meta property=\"og:type\" content=\"article\" \/>\n<meta property=\"og:title\" content=\"NJERIU YN\u00cb Q\u00cb JETON N\u00cb DANIMARK\u00cb KA SHP\u00cbRNDAR\u00cb 95 PAKO HUMANITARE N\u00cb BUJANOC - Republika e S\u00ebrbis\u00eb Trupi Koordinues p\u00ebr komunat Bujanoc, Preshev\u00eb dhe Medvegj\u00eb\" \/>\n<meta property=\"og:description\" content=\"Bujanoc- Raim Bavtiari, njeriu yn\u00eb q\u00eb jeton n\u00eb Danimark\u00eb q\u00eb nga viti 1999, ka sjell\u00eb g\u00ebzim p\u00ebr 95 familje t\u00eb\u00a0 rrezikuara social\u00eb nga Bujanoci\u00a0 q\u00eb po jetojn\u00eb edhe m\u00eb\u00a0v\u00ebshtir\u00a0se zakonisht\u00a0gjat\u00eb\u00a0pandemis\u00eb\u00a0s\u00eb\u00a0koronavirusit.\" \/>\n<meta property=\"og:url\" content=\"https:\/\/kt.gov.rs\/sq\/njeriu-yne-qe-jeton-ne-danimarke-ka-shperndare-95-pako-humanitare-ne-bujanoc\/\" \/>\n<meta property=\"og:site_name\" content=\"Republika e S\u00ebrbis\u00eb Trupi Koordinues p\u00ebr komunat Bujanoc, Preshev\u00eb dhe Medvegj\u00eb\" \/>\n<meta property=\"article:publisher\" content=\"https:\/\/www.facebook.com\/SluzbaKoordinacionogTelaVladeRepublikeSrbije\" \/>\n<meta property=\"article:published_time\" content=\"2020-04-27T00:00:00+00:00\" \/>\n<meta property=\"article:modified_time\" content=\"2024-07-30T18:05:12+00:00\" \/>\n<meta property=\"og:image\" content=\"https:\/\/kt.gov.rs\/wp-content\/uploads\/2024\/07\/1587976777_270420_5-5.jpg\" \/>\n\t<meta property=\"og:image:width\" content=\"315\" \/>\n\t<meta property=\"og:image:height\" content=\"230\" \/>\n\t<meta property=\"og:image:type\" content=\"image\/jpeg\" \/>\n<meta name=\"author\" content=\"ktmin\" \/>\n<meta name=\"twitter:card\" content=\"summary_large_image\" \/>\n<meta name=\"twitter:creator\" content=\"@kt_gov\" \/>\n<meta name=\"twitter:site\" content=\"@kt_gov\" \/>\n<meta name=\"twitter:label1\" content=\"Written by\" \/>\n\t<meta name=\"twitter:data1\" content=\"ktmin\" \/>\n\t<meta name=\"twitter:label2\" content=\"Est. reading time\" \/>\n\t<meta name=\"twitter:data2\" content=\"2 minutes\" \/>\n<script type=\"application\/ld+json\" class=\"yoast-schema-graph\">{\"@context\":\"https:\\\/\\\/schema.org\",\"@graph\":[{\"@type\":\"Article\",\"@id\":\"https:\\\/\\\/kt.gov.rs\\\/sq\\\/njeriu-yne-qe-jeton-ne-danimarke-ka-shperndare-95-pako-humanitare-ne-bujanoc\\\/#article\",\"isPartOf\":{\"@id\":\"https:\\\/\\\/kt.gov.rs\\\/sq\\\/njeriu-yne-qe-jeton-ne-danimarke-ka-shperndare-95-pako-humanitare-ne-bujanoc\\\/\"},\"author\":{\"name\":\"ktmin\",\"@id\":\"https:\\\/\\\/kt.gov.rs\\\/#\\\/schema\\\/person\\\/e426459ddb4173309103390602694571\"},\"headline\":\"NJERIU YN\u00cb Q\u00cb JETON N\u00cb DANIMARK\u00cb KA SHP\u00cbRNDAR\u00cb 95 PAKO HUMANITARE N\u00cb BUJANOC\",\"datePublished\":\"2020-04-27T00:00:00+00:00\",\"dateModified\":\"2024-07-30T18:05:12+00:00\",\"mainEntityOfPage\":{\"@id\":\"https:\\\/\\\/kt.gov.rs\\\/sq\\\/njeriu-yne-qe-jeton-ne-danimarke-ka-shperndare-95-pako-humanitare-ne-bujanoc\\\/\"},\"wordCount\":382,\"publisher\":{\"@id\":\"https:\\\/\\\/kt.gov.rs\\\/#organization\"},\"image\":{\"@id\":\"https:\\\/\\\/kt.gov.rs\\\/sq\\\/njeriu-yne-qe-jeton-ne-danimarke-ka-shperndare-95-pako-humanitare-ne-bujanoc\\\/#primaryimage\"},\"thumbnailUrl\":\"https:\\\/\\\/kt.gov.rs\\\/wp-content\\\/uploads\\\/2024\\\/07\\\/1587976777_270420_5-5.jpg\",\"articleSection\":[\"Lajme\"],\"inLanguage\":\"sq-AL\"},{\"@type\":\"WebPage\",\"@id\":\"https:\\\/\\\/kt.gov.rs\\\/sq\\\/njeriu-yne-qe-jeton-ne-danimarke-ka-shperndare-95-pako-humanitare-ne-bujanoc\\\/\",\"url\":\"https:\\\/\\\/kt.gov.rs\\\/sq\\\/njeriu-yne-qe-jeton-ne-danimarke-ka-shperndare-95-pako-humanitare-ne-bujanoc\\\/\",\"name\":\"NJERIU YN\u00cb Q\u00cb JETON N\u00cb DANIMARK\u00cb KA SHP\u00cbRNDAR\u00cb 95 PAKO HUMANITARE N\u00cb BUJANOC - Republika e S\u00ebrbis\u00eb Trupi Koordinues p\u00ebr komunat Bujanoc, Preshev\u00eb dhe Medvegj\u00eb\",\"isPartOf\":{\"@id\":\"https:\\\/\\\/kt.gov.rs\\\/#website\"},\"primaryImageOfPage\":{\"@id\":\"https:\\\/\\\/kt.gov.rs\\\/sq\\\/njeriu-yne-qe-jeton-ne-danimarke-ka-shperndare-95-pako-humanitare-ne-bujanoc\\\/#primaryimage\"},\"image\":{\"@id\":\"https:\\\/\\\/kt.gov.rs\\\/sq\\\/njeriu-yne-qe-jeton-ne-danimarke-ka-shperndare-95-pako-humanitare-ne-bujanoc\\\/#primaryimage\"},\"thumbnailUrl\":\"https:\\\/\\\/kt.gov.rs\\\/wp-content\\\/uploads\\\/2024\\\/07\\\/1587976777_270420_5-5.jpg\",\"datePublished\":\"2020-04-27T00:00:00+00:00\",\"dateModified\":\"2024-07-30T18:05:12+00:00\",\"breadcrumb\":{\"@id\":\"https:\\\/\\\/kt.gov.rs\\\/sq\\\/njeriu-yne-qe-jeton-ne-danimarke-ka-shperndare-95-pako-humanitare-ne-bujanoc\\\/#breadcrumb\"},\"inLanguage\":\"sq-AL\",\"potentialAction\":[{\"@type\":\"ReadAction\",\"target\":[\"https:\\\/\\\/kt.gov.rs\\\/sq\\\/njeriu-yne-qe-jeton-ne-danimarke-ka-shperndare-95-pako-humanitare-ne-bujanoc\\\/\"]}]},{\"@type\":\"ImageObject\",\"inLanguage\":\"sq-AL\",\"@id\":\"https:\\\/\\\/kt.gov.rs\\\/sq\\\/njeriu-yne-qe-jeton-ne-danimarke-ka-shperndare-95-pako-humanitare-ne-bujanoc\\\/#primaryimage\",\"url\":\"https:\\\/\\\/kt.gov.rs\\\/wp-content\\\/uploads\\\/2024\\\/07\\\/1587976777_270420_5-5.jpg\",\"contentUrl\":\"https:\\\/\\\/kt.gov.rs\\\/wp-content\\\/uploads\\\/2024\\\/07\\\/1587976777_270420_5-5.jpg\",\"width\":315,\"height\":230},{\"@type\":\"BreadcrumbList\",\"@id\":\"https:\\\/\\\/kt.gov.rs\\\/sq\\\/njeriu-yne-qe-jeton-ne-danimarke-ka-shperndare-95-pako-humanitare-ne-bujanoc\\\/#breadcrumb\",\"itemListElement\":[{\"@type\":\"ListItem\",\"position\":1,\"name\":\"\u041f\u043e\u0447\u0435\u0442\u043d\u0430\",\"item\":\"https:\\\/\\\/kt.gov.rs\\\/sq\\\/\"},{\"@type\":\"ListItem\",\"position\":2,\"name\":\"NJERIU YN\u00cb Q\u00cb JETON N\u00cb DANIMARK\u00cb KA SHP\u00cbRNDAR\u00cb 95 PAKO HUMANITARE N\u00cb BUJANOC\"}]},{\"@type\":\"WebSite\",\"@id\":\"https:\\\/\\\/kt.gov.rs\\\/#website\",\"url\":\"https:\\\/\\\/kt.gov.rs\\\/\",\"name\":\"\u041a\u043e\u043e\u0440\u0434\u0438\u043d\u0430\u0446\u0438\u043e\u043d\u043e \u0442\u0435\u043b\u043e \u0412\u043b\u0430\u0434\u0435 \u0420\u0435\u043f\u0443\u0431\u043b\u0438\u043a\u0435 \u0421\u0440\u0431\u0438\u0458\u0435 \u0437\u0430 \u043e\u043f\u0448\u0442\u0438\u043d\u0435 \u041f\u0440\u0435\u0448\u0435\u0432\u043e, \u0411\u0443\u0458\u0430\u043d\u043e\u0432\u0430\u0446 \u0438 \u041c\u0435\u0434\u0432\u0435\u0452a\",\"description\":\"\",\"publisher\":{\"@id\":\"https:\\\/\\\/kt.gov.rs\\\/#organization\"},\"alternateName\":\"\u041a\u043e\u043e\u0440\u0434\u0438\u043d\u0430\u0446\u0438\u043e\u043d\u043e \u0442\u0435\u043b\u043e\",\"potentialAction\":[{\"@type\":\"SearchAction\",\"target\":{\"@type\":\"EntryPoint\",\"urlTemplate\":\"https:\\\/\\\/kt.gov.rs\\\/?s={search_term_string}\"},\"query-input\":{\"@type\":\"PropertyValueSpecification\",\"valueRequired\":true,\"valueName\":\"search_term_string\"}}],\"inLanguage\":\"sq-AL\"},{\"@type\":\"Organization\",\"@id\":\"https:\\\/\\\/kt.gov.rs\\\/#organization\",\"name\":\"\u041a\u043e\u043e\u0440\u0434\u0438\u043d\u0430\u0446\u0438\u043e\u043d\u043e \u0442\u0435\u043b\u043e \u0412\u043b\u0430\u0434\u0435 \u0420\u0435\u043f\u0443\u0431\u043b\u0438\u043a\u0435 \u0421\u0440\u0431\u0438\u0458\u0435 \u0437\u0430 \u043e\u043f\u0448\u0442\u0438\u043d\u0435 \u041f\u0440\u0435\u0448\u0435\u0432\u043e, \u0411\u0443\u0458\u0430\u043d\u043e\u0432\u0430\u0446 \u0438 \u041c\u0435\u0434\u0432\u0435\u0452a\",\"alternateName\":\"\u041a\u043e\u043e\u0440\u0434\u0438\u043d\u0430\u0446\u0438\u043e\u043d\u043e \u0442\u0435\u043b\u043e\",\"url\":\"https:\\\/\\\/kt.gov.rs\\\/\",\"logo\":{\"@type\":\"ImageObject\",\"inLanguage\":\"sq-AL\",\"@id\":\"https:\\\/\\\/kt.gov.rs\\\/#\\\/schema\\\/logo\\\/image\\\/\",\"url\":\"https:\\\/\\\/kt.gov.rs\\\/wp-content\\\/uploads\\\/2024\\\/12\\\/koord2.jpg\",\"contentUrl\":\"https:\\\/\\\/kt.gov.rs\\\/wp-content\\\/uploads\\\/2024\\\/12\\\/koord2.jpg\",\"width\":640,\"height\":480,\"caption\":\"\u041a\u043e\u043e\u0440\u0434\u0438\u043d\u0430\u0446\u0438\u043e\u043d\u043e \u0442\u0435\u043b\u043e \u0412\u043b\u0430\u0434\u0435 \u0420\u0435\u043f\u0443\u0431\u043b\u0438\u043a\u0435 \u0421\u0440\u0431\u0438\u0458\u0435 \u0437\u0430 \u043e\u043f\u0448\u0442\u0438\u043d\u0435 \u041f\u0440\u0435\u0448\u0435\u0432\u043e, \u0411\u0443\u0458\u0430\u043d\u043e\u0432\u0430\u0446 \u0438 \u041c\u0435\u0434\u0432\u0435\u0452a\"},\"image\":{\"@id\":\"https:\\\/\\\/kt.gov.rs\\\/#\\\/schema\\\/logo\\\/image\\\/\"},\"sameAs\":[\"https:\\\/\\\/www.facebook.com\\\/SluzbaKoordinacionogTelaVladeRepublikeSrbije\",\"https:\\\/\\\/x.com\\\/kt_gov\",\"https:\\\/\\\/www.youtube.com\\\/@koordinacionotelo\"]},{\"@type\":\"Person\",\"@id\":\"https:\\\/\\\/kt.gov.rs\\\/#\\\/schema\\\/person\\\/e426459ddb4173309103390602694571\",\"name\":\"ktmin\",\"image\":{\"@type\":\"ImageObject\",\"inLanguage\":\"sq-AL\",\"@id\":\"https:\\\/\\\/secure.gravatar.com\\\/avatar\\\/3985c961109853010c3fbc7ba30365bfba5db3dd6c525831d9c595c7525a615a?s=96&d=mm&r=g\",\"url\":\"https:\\\/\\\/secure.gravatar.com\\\/avatar\\\/3985c961109853010c3fbc7ba30365bfba5db3dd6c525831d9c595c7525a615a?s=96&d=mm&r=g\",\"contentUrl\":\"https:\\\/\\\/secure.gravatar.com\\\/avatar\\\/3985c961109853010c3fbc7ba30365bfba5db3dd6c525831d9c595c7525a615a?s=96&d=mm&r=g\",\"caption\":\"ktmin\"},\"sameAs\":[\"https:\\\/\\\/kt.gov.rs\"],\"url\":\"https:\\\/\\\/kt.gov.rs\\\/sq\\\/author\\\/ktmin\\\/\"}]}<\/script>\n<!-- \/ Yoast SEO plugin. -->","yoast_head_json":{"title":"NJERIU YN\u00cb Q\u00cb JETON N\u00cb DANIMARK\u00cb KA SHP\u00cbRNDAR\u00cb 95 PAKO HUMANITARE N\u00cb BUJANOC - Republika e S\u00ebrbis\u00eb Trupi Koordinues p\u00ebr komunat Bujanoc, Preshev\u00eb dhe Medvegj\u00eb","robots":{"index":"index","follow":"follow","max-snippet":"max-snippet:-1","max-image-preview":"max-image-preview:large","max-video-preview":"max-video-preview:-1"},"canonical":"https:\/\/kt.gov.rs\/sq\/njeriu-yne-qe-jeton-ne-danimarke-ka-shperndare-95-pako-humanitare-ne-bujanoc\/","og_locale":"sq_AL","og_type":"article","og_title":"NJERIU YN\u00cb Q\u00cb JETON N\u00cb DANIMARK\u00cb KA SHP\u00cbRNDAR\u00cb 95 PAKO HUMANITARE N\u00cb BUJANOC - Republika e S\u00ebrbis\u00eb Trupi Koordinues p\u00ebr komunat Bujanoc, Preshev\u00eb dhe Medvegj\u00eb","og_description":"Bujanoc- Raim Bavtiari, njeriu yn\u00eb q\u00eb jeton n\u00eb Danimark\u00eb q\u00eb nga viti 1999, ka sjell\u00eb g\u00ebzim p\u00ebr 95 familje t\u00eb\u00a0 rrezikuara social\u00eb nga Bujanoci\u00a0 q\u00eb po jetojn\u00eb edhe m\u00eb\u00a0v\u00ebshtir\u00a0se zakonisht\u00a0gjat\u00eb\u00a0pandemis\u00eb\u00a0s\u00eb\u00a0koronavirusit.","og_url":"https:\/\/kt.gov.rs\/sq\/njeriu-yne-qe-jeton-ne-danimarke-ka-shperndare-95-pako-humanitare-ne-bujanoc\/","og_site_name":"Republika e S\u00ebrbis\u00eb Trupi Koordinues p\u00ebr komunat Bujanoc, Preshev\u00eb dhe Medvegj\u00eb","article_publisher":"https:\/\/www.facebook.com\/SluzbaKoordinacionogTelaVladeRepublikeSrbije","article_published_time":"2020-04-27T00:00:00+00:00","article_modified_time":"2024-07-30T18:05:12+00:00","og_image":[{"width":315,"height":230,"url":"https:\/\/kt.gov.rs\/wp-content\/uploads\/2024\/07\/1587976777_270420_5-5.jpg","type":"image\/jpeg"}],"author":"ktmin","twitter_card":"summary_large_image","twitter_creator":"@kt_gov","twitter_site":"@kt_gov","twitter_misc":{"Written by":"ktmin","Est. reading time":"2 minutes"},"schema":{"@context":"https:\/\/schema.org","@graph":[{"@type":"Article","@id":"https:\/\/kt.gov.rs\/sq\/njeriu-yne-qe-jeton-ne-danimarke-ka-shperndare-95-pako-humanitare-ne-bujanoc\/#article","isPartOf":{"@id":"https:\/\/kt.gov.rs\/sq\/njeriu-yne-qe-jeton-ne-danimarke-ka-shperndare-95-pako-humanitare-ne-bujanoc\/"},"author":{"name":"ktmin","@id":"https:\/\/kt.gov.rs\/#\/schema\/person\/e426459ddb4173309103390602694571"},"headline":"NJERIU YN\u00cb Q\u00cb JETON N\u00cb DANIMARK\u00cb KA SHP\u00cbRNDAR\u00cb 95 PAKO HUMANITARE N\u00cb BUJANOC","datePublished":"2020-04-27T00:00:00+00:00","dateModified":"2024-07-30T18:05:12+00:00","mainEntityOfPage":{"@id":"https:\/\/kt.gov.rs\/sq\/njeriu-yne-qe-jeton-ne-danimarke-ka-shperndare-95-pako-humanitare-ne-bujanoc\/"},"wordCount":382,"publisher":{"@id":"https:\/\/kt.gov.rs\/#organization"},"image":{"@id":"https:\/\/kt.gov.rs\/sq\/njeriu-yne-qe-jeton-ne-danimarke-ka-shperndare-95-pako-humanitare-ne-bujanoc\/#primaryimage"},"thumbnailUrl":"https:\/\/kt.gov.rs\/wp-content\/uploads\/2024\/07\/1587976777_270420_5-5.jpg","articleSection":["Lajme"],"inLanguage":"sq-AL"},{"@type":"WebPage","@id":"https:\/\/kt.gov.rs\/sq\/njeriu-yne-qe-jeton-ne-danimarke-ka-shperndare-95-pako-humanitare-ne-bujanoc\/","url":"https:\/\/kt.gov.rs\/sq\/njeriu-yne-qe-jeton-ne-danimarke-ka-shperndare-95-pako-humanitare-ne-bujanoc\/","name":"NJERIU YN\u00cb Q\u00cb JETON N\u00cb DANIMARK\u00cb KA SHP\u00cbRNDAR\u00cb 95 PAKO HUMANITARE N\u00cb BUJANOC - Republika e S\u00ebrbis\u00eb Trupi Koordinues p\u00ebr komunat Bujanoc, Preshev\u00eb dhe Medvegj\u00eb","isPartOf":{"@id":"https:\/\/kt.gov.rs\/#website"},"primaryImageOfPage":{"@id":"https:\/\/kt.gov.rs\/sq\/njeriu-yne-qe-jeton-ne-danimarke-ka-shperndare-95-pako-humanitare-ne-bujanoc\/#primaryimage"},"image":{"@id":"https:\/\/kt.gov.rs\/sq\/njeriu-yne-qe-jeton-ne-danimarke-ka-shperndare-95-pako-humanitare-ne-bujanoc\/#primaryimage"},"thumbnailUrl":"https:\/\/kt.gov.rs\/wp-content\/uploads\/2024\/07\/1587976777_270420_5-5.jpg","datePublished":"2020-04-27T00:00:00+00:00","dateModified":"2024-07-30T18:05:12+00:00","breadcrumb":{"@id":"https:\/\/kt.gov.rs\/sq\/njeriu-yne-qe-jeton-ne-danimarke-ka-shperndare-95-pako-humanitare-ne-bujanoc\/#breadcrumb"},"inLanguage":"sq-AL","potentialAction":[{"@type":"ReadAction","target":["https:\/\/kt.gov.rs\/sq\/njeriu-yne-qe-jeton-ne-danimarke-ka-shperndare-95-pako-humanitare-ne-bujanoc\/"]}]},{"@type":"ImageObject","inLanguage":"sq-AL","@id":"https:\/\/kt.gov.rs\/sq\/njeriu-yne-qe-jeton-ne-danimarke-ka-shperndare-95-pako-humanitare-ne-bujanoc\/#primaryimage","url":"https:\/\/kt.gov.rs\/wp-content\/uploads\/2024\/07\/1587976777_270420_5-5.jpg","contentUrl":"https:\/\/kt.gov.rs\/wp-content\/uploads\/2024\/07\/1587976777_270420_5-5.jpg","width":315,"height":230},{"@type":"BreadcrumbList","@id":"https:\/\/kt.gov.rs\/sq\/njeriu-yne-qe-jeton-ne-danimarke-ka-shperndare-95-pako-humanitare-ne-bujanoc\/#breadcrumb","itemListElement":[{"@type":"ListItem","position":1,"name":"\u041f\u043e\u0447\u0435\u0442\u043d\u0430","item":"https:\/\/kt.gov.rs\/sq\/"},{"@type":"ListItem","position":2,"name":"NJERIU YN\u00cb Q\u00cb JETON N\u00cb DANIMARK\u00cb KA SHP\u00cbRNDAR\u00cb 95 PAKO HUMANITARE N\u00cb BUJANOC"}]},{"@type":"WebSite","@id":"https:\/\/kt.gov.rs\/#website","url":"https:\/\/kt.gov.rs\/","name":"\u041a\u043e\u043e\u0440\u0434\u0438\u043d\u0430\u0446\u0438\u043e\u043d\u043e \u0442\u0435\u043b\u043e \u0412\u043b\u0430\u0434\u0435 \u0420\u0435\u043f\u0443\u0431\u043b\u0438\u043a\u0435 \u0421\u0440\u0431\u0438\u0458\u0435 \u0437\u0430 \u043e\u043f\u0448\u0442\u0438\u043d\u0435 \u041f\u0440\u0435\u0448\u0435\u0432\u043e, \u0411\u0443\u0458\u0430\u043d\u043e\u0432\u0430\u0446 \u0438 \u041c\u0435\u0434\u0432\u0435\u0452a","description":"","publisher":{"@id":"https:\/\/kt.gov.rs\/#organization"},"alternateName":"\u041a\u043e\u043e\u0440\u0434\u0438\u043d\u0430\u0446\u0438\u043e\u043d\u043e \u0442\u0435\u043b\u043e","potentialAction":[{"@type":"SearchAction","target":{"@type":"EntryPoint","urlTemplate":"https:\/\/kt.gov.rs\/?s={search_term_string}"},"query-input":{"@type":"PropertyValueSpecification","valueRequired":true,"valueName":"search_term_string"}}],"inLanguage":"sq-AL"},{"@type":"Organization","@id":"https:\/\/kt.gov.rs\/#organization","name":"\u041a\u043e\u043e\u0440\u0434\u0438\u043d\u0430\u0446\u0438\u043e\u043d\u043e \u0442\u0435\u043b\u043e \u0412\u043b\u0430\u0434\u0435 \u0420\u0435\u043f\u0443\u0431\u043b\u0438\u043a\u0435 \u0421\u0440\u0431\u0438\u0458\u0435 \u0437\u0430 \u043e\u043f\u0448\u0442\u0438\u043d\u0435 \u041f\u0440\u0435\u0448\u0435\u0432\u043e, \u0411\u0443\u0458\u0430\u043d\u043e\u0432\u0430\u0446 \u0438 \u041c\u0435\u0434\u0432\u0435\u0452a","alternateName":"\u041a\u043e\u043e\u0440\u0434\u0438\u043d\u0430\u0446\u0438\u043e\u043d\u043e \u0442\u0435\u043b\u043e","url":"https:\/\/kt.gov.rs\/","logo":{"@type":"ImageObject","inLanguage":"sq-AL","@id":"https:\/\/kt.gov.rs\/#\/schema\/logo\/image\/","url":"https:\/\/kt.gov.rs\/wp-content\/uploads\/2024\/12\/koord2.jpg","contentUrl":"https:\/\/kt.gov.rs\/wp-content\/uploads\/2024\/12\/koord2.jpg","width":640,"height":480,"caption":"\u041a\u043e\u043e\u0440\u0434\u0438\u043d\u0430\u0446\u0438\u043e\u043d\u043e \u0442\u0435\u043b\u043e \u0412\u043b\u0430\u0434\u0435 \u0420\u0435\u043f\u0443\u0431\u043b\u0438\u043a\u0435 \u0421\u0440\u0431\u0438\u0458\u0435 \u0437\u0430 \u043e\u043f\u0448\u0442\u0438\u043d\u0435 \u041f\u0440\u0435\u0448\u0435\u0432\u043e, \u0411\u0443\u0458\u0430\u043d\u043e\u0432\u0430\u0446 \u0438 \u041c\u0435\u0434\u0432\u0435\u0452a"},"image":{"@id":"https:\/\/kt.gov.rs\/#\/schema\/logo\/image\/"},"sameAs":["https:\/\/www.facebook.com\/SluzbaKoordinacionogTelaVladeRepublikeSrbije","https:\/\/x.com\/kt_gov","https:\/\/www.youtube.com\/@koordinacionotelo"]},{"@type":"Person","@id":"https:\/\/kt.gov.rs\/#\/schema\/person\/e426459ddb4173309103390602694571","name":"ktmin","image":{"@type":"ImageObject","inLanguage":"sq-AL","@id":"https:\/\/secure.gravatar.com\/avatar\/3985c961109853010c3fbc7ba30365bfba5db3dd6c525831d9c595c7525a615a?s=96&d=mm&r=g","url":"https:\/\/secure.gravatar.com\/avatar\/3985c961109853010c3fbc7ba30365bfba5db3dd6c525831d9c595c7525a615a?s=96&d=mm&r=g","contentUrl":"https:\/\/secure.gravatar.com\/avatar\/3985c961109853010c3fbc7ba30365bfba5db3dd6c525831d9c595c7525a615a?s=96&d=mm&r=g","caption":"ktmin"},"sameAs":["https:\/\/kt.gov.rs"],"url":"https:\/\/kt.gov.rs\/sq\/author\/ktmin\/"}]}},"_links":{"self":[{"href":"https:\/\/kt.gov.rs\/sq\/wp-json\/wp\/v2\/posts\/112874","targetHints":{"allow":["GET"]}}],"collection":[{"href":"https:\/\/kt.gov.rs\/sq\/wp-json\/wp\/v2\/posts"}],"about":[{"href":"https:\/\/kt.gov.rs\/sq\/wp-json\/wp\/v2\/types\/post"}],"author":[{"embeddable":true,"href":"https:\/\/kt.gov.rs\/sq\/wp-json\/wp\/v2\/users\/1"}],"replies":[{"embeddable":true,"href":"https:\/\/kt.gov.rs\/sq\/wp-json\/wp\/v2\/comments?post=112874"}],"version-history":[{"count":1,"href":"https:\/\/kt.gov.rs\/sq\/wp-json\/wp\/v2\/posts\/112874\/revisions"}],"predecessor-version":[{"id":112878,"href":"https:\/\/kt.gov.rs\/sq\/wp-json\/wp\/v2\/posts\/112874\/revisions\/112878"}],"wp:featuredmedia":[{"embeddable":true,"href":"https:\/\/kt.gov.rs\/sq\/wp-json\/wp\/v2\/media\/112879"}],"wp:attachment":[{"href":"https:\/\/kt.gov.rs\/sq\/wp-json\/wp\/v2\/media?parent=112874"}],"wp:term":[{"taxonomy":"category","embeddable":true,"href":"https:\/\/kt.gov.rs\/sq\/wp-json\/wp\/v2\/categories?post=112874"},{"taxonomy":"post_tag","embeddable":true,"href":"https:\/\/kt.gov.rs\/sq\/wp-json\/wp\/v2\/tags?post=112874"}],"curies":[{"name":"wp","href":"https:\/\/api.w.org\/{rel}","templated":true}]}}