{"id":112826,"date":"2020-04-29T00:00:00","date_gmt":"2020-04-29T00:00:00","guid":{"rendered":"http:\/\/kt.printandscreen.rs\/mesimi-ne-shkollat-fillore-dhe-te-mesme-ne-serbi-do-te-perfundoje-me-31-maj\/"},"modified":"2024-07-30T18:05:05","modified_gmt":"2024-07-30T18:05:05","slug":"mesimi-ne-shkollat-fillore-dhe-te-mesme-ne-serbi-do-te-perfundoje-me-31-maj","status":"publish","type":"post","link":"https:\/\/kt.gov.rs\/sq\/mesimi-ne-shkollat-fillore-dhe-te-mesme-ne-serbi-do-te-perfundoje-me-31-maj\/","title":{"rendered":"M\u00cbSIMI N\u00cb SHKOLLAT FILLORE DHE T\u00cb MESME N\u00cb SERBI DO T\u00cb P\u00cbRFUNDOJ\u00cb M\u00cb 31 MAJ"},"content":{"rendered":"<p>\n\t<strong><img decoding=\"async\" alt=\"\" src=\"https:\/\/kt.gov.rs\/wp-content\/uploads\/2024\/07\/1588152473_290420_2-4.jpg\" style=\"width: 315px; height: 230px; float: left;\" \/><\/strong><\/p>\n<p>\n\t<strong>Beograd<\/strong>-Ministri i Arsimit, Mlladen Shar\u00e7evi\u00e7 tha q\u00eb m\u00ebsimet n\u00eb shkollat fillore dhe t\u00eb mesme n\u00eb Serbi do t\u00eb p\u00ebrfundojn\u00eb \u00a0n\u00eb 31 maj. \u00a0Ai tha p\u00ebr televizionin Prva se ligj\u00ebratat n\u00eb fakultete do t\u00eb p\u00ebrfundojn\u00eb \u00a0rreth 15 maj dhe dhe m\u00ebsimdh\u00ebnie p\u00ebr maturant\u00ebt m\u00eb 25 maj.<\/p>\n<p>\n\t\u00a0\u201cNga 1 qershori, ne mund t\u00eb p\u00ebrfundojm\u00eb disa pun\u00eb individuale dhe n\u00eb grupe t\u00eb vogla, pasi at\u00ebher\u00eb do t\u00eb kemi provime p\u00ebrfundimtare dhe pranuese \u201d, tha Ministri.<\/p>\n<p>\n\tNd\u00ebrsa foli p\u00ebr \u00a0<em>institucionet parashkollore<\/em>, Ministri i Arsimit \u00a0Mlladen Shar\u00e7evi\u00e7 deklaroi se ishte shum\u00eb her\u00ebt p\u00ebr t\u00eb marr\u00eb nj\u00eb vendim se kur <em>institucionet parashkollore do t\u00eb hapen<\/em>. Si\u00e7 tha ai nx\u00ebn\u00ebsit duhet t\u00eb jen\u00eb t\u00eb ndjesh\u00ebm dhe t\u00eb prisnin q\u00eb historia e virusit korona t\u00eb pushoj\u00eb pak.<\/p>\n<p>\n\t&quot;Matura \u00a0gjithashtu mund t\u00eb festohet n\u00eb fund t\u00eb qershorit dhe 28 qershori, \u00a0Vidovdani, \u00ebsht\u00eb nj\u00eb dat\u00eb e mir\u00eb. N\u00ebse b\u00ebhet n\u00eboborrin e shkoll\u00ebs mund t\u00eb festohet me maska ose pa maska, n\u00eb m\u00ebnyr\u00eb q\u00eb f\u00ebmij\u00ebt t\u00eb mos ken\u00eb nevoj\u00eb t\u00eb shkojn\u00eb n\u00eb hotele. Vajzat dhe djemt\u00eb mund t\u00eb vishen, t\u00eb vijn\u00eb n\u00eb shkoll\u00eb p\u00ebr t\u00eb b\u00ebr\u00eb fotografi, nd\u00ebrsa prind\u00ebrit e tyre do t\u00eb ken\u00eb nj\u00eb kujtim t\u00eb asaj dite \u00a0dhe t\u00eb gjith\u00eb do t\u00eb k\u00ebnaqen paksa. N\u00ebsene do t\u00eb jemi n\u00eb gjendje ta b\u00ebjm\u00eb \u201d, tha Ministri Shar\u00e7evi\u00e7.<\/p>\n<p>\n\t<strong>Burimi: RTV Ritam dhe Trupi Koordinues<\/strong><\/p>\n<p>\n\t\u00a0<\/p>\n","protected":false},"excerpt":{"rendered":"<p>Beograd-Ministri i Arsimit, Mlladen Shar\u00e7evi\u00e7 tha q\u00eb m\u00ebsimet n\u00eb shkollat fillore dhe t\u00eb mesme n\u00eb Serbi do t\u00eb p\u00ebrfundojn\u00eb \u00a0n\u00eb 31 maj. \u00a0Ai tha p\u00ebr televizionin Prva se ligj\u00ebratat n\u00eb fakultete do t\u00eb p\u00ebrfundojn\u00eb \u00a0rreth 15 maj dhe dhe m\u00ebsimdh\u00ebnie p\u00ebr maturant\u00ebt m\u00eb 25 maj.<\/p>\n","protected":false},"author":1,"featured_media":112831,"comment_status":"closed","ping_status":"closed","sticky":false,"template":"","format":"standard","meta":{"footnotes":""},"categories":[55],"tags":[],"class_list":["post-112826","post","type-post","status-publish","format-standard","has-post-thumbnail","hentry","category-lajme"],"yoast_head":"<!-- This site is optimized with the Yoast SEO plugin v27.5 - https:\/\/yoast.com\/product\/yoast-seo-wordpress\/ -->\n<title>M\u00cbSIMI N\u00cb SHKOLLAT FILLORE DHE T\u00cb MESME N\u00cb SERBI DO T\u00cb P\u00cbRFUNDOJ\u00cb M\u00cb 31 MAJ - Republika e S\u00ebrbis\u00eb Trupi Koordinues p\u00ebr komunat Bujanoc, Preshev\u00eb dhe Medvegj\u00eb<\/title>\n<meta name=\"robots\" content=\"index, follow, max-snippet:-1, max-image-preview:large, max-video-preview:-1\" \/>\n<link rel=\"canonical\" href=\"https:\/\/kt.gov.rs\/sq\/mesimi-ne-shkollat-fillore-dhe-te-mesme-ne-serbi-do-te-perfundoje-me-31-maj\/\" \/>\n<meta property=\"og:locale\" content=\"sq_AL\" \/>\n<meta property=\"og:type\" content=\"article\" \/>\n<meta property=\"og:title\" content=\"M\u00cbSIMI N\u00cb SHKOLLAT FILLORE DHE T\u00cb MESME N\u00cb SERBI DO T\u00cb P\u00cbRFUNDOJ\u00cb M\u00cb 31 MAJ - Republika e S\u00ebrbis\u00eb Trupi Koordinues p\u00ebr komunat Bujanoc, Preshev\u00eb dhe Medvegj\u00eb\" \/>\n<meta property=\"og:description\" content=\"Beograd-Ministri i Arsimit, Mlladen Shar\u00e7evi\u00e7 tha q\u00eb m\u00ebsimet n\u00eb shkollat fillore dhe t\u00eb mesme n\u00eb Serbi do t\u00eb p\u00ebrfundojn\u00eb \u00a0n\u00eb 31 maj. \u00a0Ai tha p\u00ebr televizionin Prva se ligj\u00ebratat n\u00eb fakultete do t\u00eb p\u00ebrfundojn\u00eb \u00a0rreth 15 maj dhe dhe m\u00ebsimdh\u00ebnie p\u00ebr maturant\u00ebt m\u00eb 25 maj.\" \/>\n<meta property=\"og:url\" content=\"https:\/\/kt.gov.rs\/sq\/mesimi-ne-shkollat-fillore-dhe-te-mesme-ne-serbi-do-te-perfundoje-me-31-maj\/\" \/>\n<meta property=\"og:site_name\" content=\"Republika e S\u00ebrbis\u00eb Trupi Koordinues p\u00ebr komunat Bujanoc, Preshev\u00eb dhe Medvegj\u00eb\" \/>\n<meta property=\"article:publisher\" content=\"https:\/\/www.facebook.com\/SluzbaKoordinacionogTelaVladeRepublikeSrbije\" \/>\n<meta property=\"article:published_time\" content=\"2020-04-29T00:00:00+00:00\" \/>\n<meta property=\"article:modified_time\" content=\"2024-07-30T18:05:05+00:00\" \/>\n<meta property=\"og:image\" content=\"https:\/\/kt.gov.rs\/wp-content\/uploads\/2024\/07\/1588152473_290420_2-5.jpg\" \/>\n\t<meta property=\"og:image:width\" content=\"315\" \/>\n\t<meta property=\"og:image:height\" content=\"230\" \/>\n\t<meta property=\"og:image:type\" content=\"image\/jpeg\" \/>\n<meta name=\"author\" content=\"ktmin\" \/>\n<meta name=\"twitter:card\" content=\"summary_large_image\" \/>\n<meta name=\"twitter:creator\" content=\"@kt_gov\" \/>\n<meta name=\"twitter:site\" content=\"@kt_gov\" \/>\n<meta name=\"twitter:label1\" content=\"Written by\" \/>\n\t<meta name=\"twitter:data1\" content=\"ktmin\" \/>\n\t<meta name=\"twitter:label2\" content=\"Est. reading time\" \/>\n\t<meta name=\"twitter:data2\" content=\"2 minutes\" \/>\n<script type=\"application\/ld+json\" class=\"yoast-schema-graph\">{\"@context\":\"https:\\\/\\\/schema.org\",\"@graph\":[{\"@type\":\"Article\",\"@id\":\"https:\\\/\\\/kt.gov.rs\\\/sq\\\/mesimi-ne-shkollat-fillore-dhe-te-mesme-ne-serbi-do-te-perfundoje-me-31-maj\\\/#article\",\"isPartOf\":{\"@id\":\"https:\\\/\\\/kt.gov.rs\\\/sq\\\/mesimi-ne-shkollat-fillore-dhe-te-mesme-ne-serbi-do-te-perfundoje-me-31-maj\\\/\"},\"author\":{\"name\":\"ktmin\",\"@id\":\"https:\\\/\\\/kt.gov.rs\\\/#\\\/schema\\\/person\\\/e426459ddb4173309103390602694571\"},\"headline\":\"M\u00cbSIMI N\u00cb SHKOLLAT FILLORE DHE T\u00cb MESME N\u00cb SERBI DO T\u00cb P\u00cbRFUNDOJ\u00cb M\u00cb 31 MAJ\",\"datePublished\":\"2020-04-29T00:00:00+00:00\",\"dateModified\":\"2024-07-30T18:05:05+00:00\",\"mainEntityOfPage\":{\"@id\":\"https:\\\/\\\/kt.gov.rs\\\/sq\\\/mesimi-ne-shkollat-fillore-dhe-te-mesme-ne-serbi-do-te-perfundoje-me-31-maj\\\/\"},\"wordCount\":378,\"publisher\":{\"@id\":\"https:\\\/\\\/kt.gov.rs\\\/#organization\"},\"image\":{\"@id\":\"https:\\\/\\\/kt.gov.rs\\\/sq\\\/mesimi-ne-shkollat-fillore-dhe-te-mesme-ne-serbi-do-te-perfundoje-me-31-maj\\\/#primaryimage\"},\"thumbnailUrl\":\"https:\\\/\\\/kt.gov.rs\\\/wp-content\\\/uploads\\\/2024\\\/07\\\/1588152473_290420_2-5.jpg\",\"articleSection\":[\"Lajme\"],\"inLanguage\":\"sq-AL\"},{\"@type\":\"WebPage\",\"@id\":\"https:\\\/\\\/kt.gov.rs\\\/sq\\\/mesimi-ne-shkollat-fillore-dhe-te-mesme-ne-serbi-do-te-perfundoje-me-31-maj\\\/\",\"url\":\"https:\\\/\\\/kt.gov.rs\\\/sq\\\/mesimi-ne-shkollat-fillore-dhe-te-mesme-ne-serbi-do-te-perfundoje-me-31-maj\\\/\",\"name\":\"M\u00cbSIMI N\u00cb SHKOLLAT FILLORE DHE T\u00cb MESME N\u00cb SERBI DO T\u00cb P\u00cbRFUNDOJ\u00cb M\u00cb 31 MAJ - Republika e S\u00ebrbis\u00eb Trupi Koordinues p\u00ebr komunat Bujanoc, Preshev\u00eb dhe Medvegj\u00eb\",\"isPartOf\":{\"@id\":\"https:\\\/\\\/kt.gov.rs\\\/#website\"},\"primaryImageOfPage\":{\"@id\":\"https:\\\/\\\/kt.gov.rs\\\/sq\\\/mesimi-ne-shkollat-fillore-dhe-te-mesme-ne-serbi-do-te-perfundoje-me-31-maj\\\/#primaryimage\"},\"image\":{\"@id\":\"https:\\\/\\\/kt.gov.rs\\\/sq\\\/mesimi-ne-shkollat-fillore-dhe-te-mesme-ne-serbi-do-te-perfundoje-me-31-maj\\\/#primaryimage\"},\"thumbnailUrl\":\"https:\\\/\\\/kt.gov.rs\\\/wp-content\\\/uploads\\\/2024\\\/07\\\/1588152473_290420_2-5.jpg\",\"datePublished\":\"2020-04-29T00:00:00+00:00\",\"dateModified\":\"2024-07-30T18:05:05+00:00\",\"breadcrumb\":{\"@id\":\"https:\\\/\\\/kt.gov.rs\\\/sq\\\/mesimi-ne-shkollat-fillore-dhe-te-mesme-ne-serbi-do-te-perfundoje-me-31-maj\\\/#breadcrumb\"},\"inLanguage\":\"sq-AL\",\"potentialAction\":[{\"@type\":\"ReadAction\",\"target\":[\"https:\\\/\\\/kt.gov.rs\\\/sq\\\/mesimi-ne-shkollat-fillore-dhe-te-mesme-ne-serbi-do-te-perfundoje-me-31-maj\\\/\"]}]},{\"@type\":\"ImageObject\",\"inLanguage\":\"sq-AL\",\"@id\":\"https:\\\/\\\/kt.gov.rs\\\/sq\\\/mesimi-ne-shkollat-fillore-dhe-te-mesme-ne-serbi-do-te-perfundoje-me-31-maj\\\/#primaryimage\",\"url\":\"https:\\\/\\\/kt.gov.rs\\\/wp-content\\\/uploads\\\/2024\\\/07\\\/1588152473_290420_2-5.jpg\",\"contentUrl\":\"https:\\\/\\\/kt.gov.rs\\\/wp-content\\\/uploads\\\/2024\\\/07\\\/1588152473_290420_2-5.jpg\",\"width\":315,\"height\":230},{\"@type\":\"BreadcrumbList\",\"@id\":\"https:\\\/\\\/kt.gov.rs\\\/sq\\\/mesimi-ne-shkollat-fillore-dhe-te-mesme-ne-serbi-do-te-perfundoje-me-31-maj\\\/#breadcrumb\",\"itemListElement\":[{\"@type\":\"ListItem\",\"position\":1,\"name\":\"\u041f\u043e\u0447\u0435\u0442\u043d\u0430\",\"item\":\"https:\\\/\\\/kt.gov.rs\\\/sq\\\/\"},{\"@type\":\"ListItem\",\"position\":2,\"name\":\"M\u00cbSIMI N\u00cb SHKOLLAT FILLORE DHE T\u00cb MESME N\u00cb SERBI DO T\u00cb P\u00cbRFUNDOJ\u00cb M\u00cb 31 MAJ\"}]},{\"@type\":\"WebSite\",\"@id\":\"https:\\\/\\\/kt.gov.rs\\\/#website\",\"url\":\"https:\\\/\\\/kt.gov.rs\\\/\",\"name\":\"\u041a\u043e\u043e\u0440\u0434\u0438\u043d\u0430\u0446\u0438\u043e\u043d\u043e \u0442\u0435\u043b\u043e \u0412\u043b\u0430\u0434\u0435 \u0420\u0435\u043f\u0443\u0431\u043b\u0438\u043a\u0435 \u0421\u0440\u0431\u0438\u0458\u0435 \u0437\u0430 \u043e\u043f\u0448\u0442\u0438\u043d\u0435 \u041f\u0440\u0435\u0448\u0435\u0432\u043e, \u0411\u0443\u0458\u0430\u043d\u043e\u0432\u0430\u0446 \u0438 \u041c\u0435\u0434\u0432\u0435\u0452a\",\"description\":\"\",\"publisher\":{\"@id\":\"https:\\\/\\\/kt.gov.rs\\\/#organization\"},\"alternateName\":\"\u041a\u043e\u043e\u0440\u0434\u0438\u043d\u0430\u0446\u0438\u043e\u043d\u043e \u0442\u0435\u043b\u043e\",\"potentialAction\":[{\"@type\":\"SearchAction\",\"target\":{\"@type\":\"EntryPoint\",\"urlTemplate\":\"https:\\\/\\\/kt.gov.rs\\\/?s={search_term_string}\"},\"query-input\":{\"@type\":\"PropertyValueSpecification\",\"valueRequired\":true,\"valueName\":\"search_term_string\"}}],\"inLanguage\":\"sq-AL\"},{\"@type\":\"Organization\",\"@id\":\"https:\\\/\\\/kt.gov.rs\\\/#organization\",\"name\":\"\u041a\u043e\u043e\u0440\u0434\u0438\u043d\u0430\u0446\u0438\u043e\u043d\u043e \u0442\u0435\u043b\u043e \u0412\u043b\u0430\u0434\u0435 \u0420\u0435\u043f\u0443\u0431\u043b\u0438\u043a\u0435 \u0421\u0440\u0431\u0438\u0458\u0435 \u0437\u0430 \u043e\u043f\u0448\u0442\u0438\u043d\u0435 \u041f\u0440\u0435\u0448\u0435\u0432\u043e, \u0411\u0443\u0458\u0430\u043d\u043e\u0432\u0430\u0446 \u0438 \u041c\u0435\u0434\u0432\u0435\u0452a\",\"alternateName\":\"\u041a\u043e\u043e\u0440\u0434\u0438\u043d\u0430\u0446\u0438\u043e\u043d\u043e \u0442\u0435\u043b\u043e\",\"url\":\"https:\\\/\\\/kt.gov.rs\\\/\",\"logo\":{\"@type\":\"ImageObject\",\"inLanguage\":\"sq-AL\",\"@id\":\"https:\\\/\\\/kt.gov.rs\\\/#\\\/schema\\\/logo\\\/image\\\/\",\"url\":\"https:\\\/\\\/kt.gov.rs\\\/wp-content\\\/uploads\\\/2024\\\/12\\\/koord2.jpg\",\"contentUrl\":\"https:\\\/\\\/kt.gov.rs\\\/wp-content\\\/uploads\\\/2024\\\/12\\\/koord2.jpg\",\"width\":640,\"height\":480,\"caption\":\"\u041a\u043e\u043e\u0440\u0434\u0438\u043d\u0430\u0446\u0438\u043e\u043d\u043e \u0442\u0435\u043b\u043e \u0412\u043b\u0430\u0434\u0435 \u0420\u0435\u043f\u0443\u0431\u043b\u0438\u043a\u0435 \u0421\u0440\u0431\u0438\u0458\u0435 \u0437\u0430 \u043e\u043f\u0448\u0442\u0438\u043d\u0435 \u041f\u0440\u0435\u0448\u0435\u0432\u043e, \u0411\u0443\u0458\u0430\u043d\u043e\u0432\u0430\u0446 \u0438 \u041c\u0435\u0434\u0432\u0435\u0452a\"},\"image\":{\"@id\":\"https:\\\/\\\/kt.gov.rs\\\/#\\\/schema\\\/logo\\\/image\\\/\"},\"sameAs\":[\"https:\\\/\\\/www.facebook.com\\\/SluzbaKoordinacionogTelaVladeRepublikeSrbije\",\"https:\\\/\\\/x.com\\\/kt_gov\",\"https:\\\/\\\/www.youtube.com\\\/@koordinacionotelo\"]},{\"@type\":\"Person\",\"@id\":\"https:\\\/\\\/kt.gov.rs\\\/#\\\/schema\\\/person\\\/e426459ddb4173309103390602694571\",\"name\":\"ktmin\",\"image\":{\"@type\":\"ImageObject\",\"inLanguage\":\"sq-AL\",\"@id\":\"https:\\\/\\\/secure.gravatar.com\\\/avatar\\\/3985c961109853010c3fbc7ba30365bfba5db3dd6c525831d9c595c7525a615a?s=96&d=mm&r=g\",\"url\":\"https:\\\/\\\/secure.gravatar.com\\\/avatar\\\/3985c961109853010c3fbc7ba30365bfba5db3dd6c525831d9c595c7525a615a?s=96&d=mm&r=g\",\"contentUrl\":\"https:\\\/\\\/secure.gravatar.com\\\/avatar\\\/3985c961109853010c3fbc7ba30365bfba5db3dd6c525831d9c595c7525a615a?s=96&d=mm&r=g\",\"caption\":\"ktmin\"},\"sameAs\":[\"https:\\\/\\\/kt.gov.rs\"],\"url\":\"https:\\\/\\\/kt.gov.rs\\\/sq\\\/author\\\/ktmin\\\/\"}]}<\/script>\n<!-- \/ Yoast SEO plugin. -->","yoast_head_json":{"title":"M\u00cbSIMI N\u00cb SHKOLLAT FILLORE DHE T\u00cb MESME N\u00cb SERBI DO T\u00cb P\u00cbRFUNDOJ\u00cb M\u00cb 31 MAJ - Republika e S\u00ebrbis\u00eb Trupi Koordinues p\u00ebr komunat Bujanoc, Preshev\u00eb dhe Medvegj\u00eb","robots":{"index":"index","follow":"follow","max-snippet":"max-snippet:-1","max-image-preview":"max-image-preview:large","max-video-preview":"max-video-preview:-1"},"canonical":"https:\/\/kt.gov.rs\/sq\/mesimi-ne-shkollat-fillore-dhe-te-mesme-ne-serbi-do-te-perfundoje-me-31-maj\/","og_locale":"sq_AL","og_type":"article","og_title":"M\u00cbSIMI N\u00cb SHKOLLAT FILLORE DHE T\u00cb MESME N\u00cb SERBI DO T\u00cb P\u00cbRFUNDOJ\u00cb M\u00cb 31 MAJ - Republika e S\u00ebrbis\u00eb Trupi Koordinues p\u00ebr komunat Bujanoc, Preshev\u00eb dhe Medvegj\u00eb","og_description":"Beograd-Ministri i Arsimit, Mlladen Shar\u00e7evi\u00e7 tha q\u00eb m\u00ebsimet n\u00eb shkollat fillore dhe t\u00eb mesme n\u00eb Serbi do t\u00eb p\u00ebrfundojn\u00eb \u00a0n\u00eb 31 maj. \u00a0Ai tha p\u00ebr televizionin Prva se ligj\u00ebratat n\u00eb fakultete do t\u00eb p\u00ebrfundojn\u00eb \u00a0rreth 15 maj dhe dhe m\u00ebsimdh\u00ebnie p\u00ebr maturant\u00ebt m\u00eb 25 maj.","og_url":"https:\/\/kt.gov.rs\/sq\/mesimi-ne-shkollat-fillore-dhe-te-mesme-ne-serbi-do-te-perfundoje-me-31-maj\/","og_site_name":"Republika e S\u00ebrbis\u00eb Trupi Koordinues p\u00ebr komunat Bujanoc, Preshev\u00eb dhe Medvegj\u00eb","article_publisher":"https:\/\/www.facebook.com\/SluzbaKoordinacionogTelaVladeRepublikeSrbije","article_published_time":"2020-04-29T00:00:00+00:00","article_modified_time":"2024-07-30T18:05:05+00:00","og_image":[{"width":315,"height":230,"url":"https:\/\/kt.gov.rs\/wp-content\/uploads\/2024\/07\/1588152473_290420_2-5.jpg","type":"image\/jpeg"}],"author":"ktmin","twitter_card":"summary_large_image","twitter_creator":"@kt_gov","twitter_site":"@kt_gov","twitter_misc":{"Written by":"ktmin","Est. reading time":"2 minutes"},"schema":{"@context":"https:\/\/schema.org","@graph":[{"@type":"Article","@id":"https:\/\/kt.gov.rs\/sq\/mesimi-ne-shkollat-fillore-dhe-te-mesme-ne-serbi-do-te-perfundoje-me-31-maj\/#article","isPartOf":{"@id":"https:\/\/kt.gov.rs\/sq\/mesimi-ne-shkollat-fillore-dhe-te-mesme-ne-serbi-do-te-perfundoje-me-31-maj\/"},"author":{"name":"ktmin","@id":"https:\/\/kt.gov.rs\/#\/schema\/person\/e426459ddb4173309103390602694571"},"headline":"M\u00cbSIMI N\u00cb SHKOLLAT FILLORE DHE T\u00cb MESME N\u00cb SERBI DO T\u00cb P\u00cbRFUNDOJ\u00cb M\u00cb 31 MAJ","datePublished":"2020-04-29T00:00:00+00:00","dateModified":"2024-07-30T18:05:05+00:00","mainEntityOfPage":{"@id":"https:\/\/kt.gov.rs\/sq\/mesimi-ne-shkollat-fillore-dhe-te-mesme-ne-serbi-do-te-perfundoje-me-31-maj\/"},"wordCount":378,"publisher":{"@id":"https:\/\/kt.gov.rs\/#organization"},"image":{"@id":"https:\/\/kt.gov.rs\/sq\/mesimi-ne-shkollat-fillore-dhe-te-mesme-ne-serbi-do-te-perfundoje-me-31-maj\/#primaryimage"},"thumbnailUrl":"https:\/\/kt.gov.rs\/wp-content\/uploads\/2024\/07\/1588152473_290420_2-5.jpg","articleSection":["Lajme"],"inLanguage":"sq-AL"},{"@type":"WebPage","@id":"https:\/\/kt.gov.rs\/sq\/mesimi-ne-shkollat-fillore-dhe-te-mesme-ne-serbi-do-te-perfundoje-me-31-maj\/","url":"https:\/\/kt.gov.rs\/sq\/mesimi-ne-shkollat-fillore-dhe-te-mesme-ne-serbi-do-te-perfundoje-me-31-maj\/","name":"M\u00cbSIMI N\u00cb SHKOLLAT FILLORE DHE T\u00cb MESME N\u00cb SERBI DO T\u00cb P\u00cbRFUNDOJ\u00cb M\u00cb 31 MAJ - Republika e S\u00ebrbis\u00eb Trupi Koordinues p\u00ebr komunat Bujanoc, Preshev\u00eb dhe Medvegj\u00eb","isPartOf":{"@id":"https:\/\/kt.gov.rs\/#website"},"primaryImageOfPage":{"@id":"https:\/\/kt.gov.rs\/sq\/mesimi-ne-shkollat-fillore-dhe-te-mesme-ne-serbi-do-te-perfundoje-me-31-maj\/#primaryimage"},"image":{"@id":"https:\/\/kt.gov.rs\/sq\/mesimi-ne-shkollat-fillore-dhe-te-mesme-ne-serbi-do-te-perfundoje-me-31-maj\/#primaryimage"},"thumbnailUrl":"https:\/\/kt.gov.rs\/wp-content\/uploads\/2024\/07\/1588152473_290420_2-5.jpg","datePublished":"2020-04-29T00:00:00+00:00","dateModified":"2024-07-30T18:05:05+00:00","breadcrumb":{"@id":"https:\/\/kt.gov.rs\/sq\/mesimi-ne-shkollat-fillore-dhe-te-mesme-ne-serbi-do-te-perfundoje-me-31-maj\/#breadcrumb"},"inLanguage":"sq-AL","potentialAction":[{"@type":"ReadAction","target":["https:\/\/kt.gov.rs\/sq\/mesimi-ne-shkollat-fillore-dhe-te-mesme-ne-serbi-do-te-perfundoje-me-31-maj\/"]}]},{"@type":"ImageObject","inLanguage":"sq-AL","@id":"https:\/\/kt.gov.rs\/sq\/mesimi-ne-shkollat-fillore-dhe-te-mesme-ne-serbi-do-te-perfundoje-me-31-maj\/#primaryimage","url":"https:\/\/kt.gov.rs\/wp-content\/uploads\/2024\/07\/1588152473_290420_2-5.jpg","contentUrl":"https:\/\/kt.gov.rs\/wp-content\/uploads\/2024\/07\/1588152473_290420_2-5.jpg","width":315,"height":230},{"@type":"BreadcrumbList","@id":"https:\/\/kt.gov.rs\/sq\/mesimi-ne-shkollat-fillore-dhe-te-mesme-ne-serbi-do-te-perfundoje-me-31-maj\/#breadcrumb","itemListElement":[{"@type":"ListItem","position":1,"name":"\u041f\u043e\u0447\u0435\u0442\u043d\u0430","item":"https:\/\/kt.gov.rs\/sq\/"},{"@type":"ListItem","position":2,"name":"M\u00cbSIMI N\u00cb SHKOLLAT FILLORE DHE T\u00cb MESME N\u00cb SERBI DO T\u00cb P\u00cbRFUNDOJ\u00cb M\u00cb 31 MAJ"}]},{"@type":"WebSite","@id":"https:\/\/kt.gov.rs\/#website","url":"https:\/\/kt.gov.rs\/","name":"\u041a\u043e\u043e\u0440\u0434\u0438\u043d\u0430\u0446\u0438\u043e\u043d\u043e \u0442\u0435\u043b\u043e \u0412\u043b\u0430\u0434\u0435 \u0420\u0435\u043f\u0443\u0431\u043b\u0438\u043a\u0435 \u0421\u0440\u0431\u0438\u0458\u0435 \u0437\u0430 \u043e\u043f\u0448\u0442\u0438\u043d\u0435 \u041f\u0440\u0435\u0448\u0435\u0432\u043e, \u0411\u0443\u0458\u0430\u043d\u043e\u0432\u0430\u0446 \u0438 \u041c\u0435\u0434\u0432\u0435\u0452a","description":"","publisher":{"@id":"https:\/\/kt.gov.rs\/#organization"},"alternateName":"\u041a\u043e\u043e\u0440\u0434\u0438\u043d\u0430\u0446\u0438\u043e\u043d\u043e \u0442\u0435\u043b\u043e","potentialAction":[{"@type":"SearchAction","target":{"@type":"EntryPoint","urlTemplate":"https:\/\/kt.gov.rs\/?s={search_term_string}"},"query-input":{"@type":"PropertyValueSpecification","valueRequired":true,"valueName":"search_term_string"}}],"inLanguage":"sq-AL"},{"@type":"Organization","@id":"https:\/\/kt.gov.rs\/#organization","name":"\u041a\u043e\u043e\u0440\u0434\u0438\u043d\u0430\u0446\u0438\u043e\u043d\u043e \u0442\u0435\u043b\u043e \u0412\u043b\u0430\u0434\u0435 \u0420\u0435\u043f\u0443\u0431\u043b\u0438\u043a\u0435 \u0421\u0440\u0431\u0438\u0458\u0435 \u0437\u0430 \u043e\u043f\u0448\u0442\u0438\u043d\u0435 \u041f\u0440\u0435\u0448\u0435\u0432\u043e, \u0411\u0443\u0458\u0430\u043d\u043e\u0432\u0430\u0446 \u0438 \u041c\u0435\u0434\u0432\u0435\u0452a","alternateName":"\u041a\u043e\u043e\u0440\u0434\u0438\u043d\u0430\u0446\u0438\u043e\u043d\u043e \u0442\u0435\u043b\u043e","url":"https:\/\/kt.gov.rs\/","logo":{"@type":"ImageObject","inLanguage":"sq-AL","@id":"https:\/\/kt.gov.rs\/#\/schema\/logo\/image\/","url":"https:\/\/kt.gov.rs\/wp-content\/uploads\/2024\/12\/koord2.jpg","contentUrl":"https:\/\/kt.gov.rs\/wp-content\/uploads\/2024\/12\/koord2.jpg","width":640,"height":480,"caption":"\u041a\u043e\u043e\u0440\u0434\u0438\u043d\u0430\u0446\u0438\u043e\u043d\u043e \u0442\u0435\u043b\u043e \u0412\u043b\u0430\u0434\u0435 \u0420\u0435\u043f\u0443\u0431\u043b\u0438\u043a\u0435 \u0421\u0440\u0431\u0438\u0458\u0435 \u0437\u0430 \u043e\u043f\u0448\u0442\u0438\u043d\u0435 \u041f\u0440\u0435\u0448\u0435\u0432\u043e, \u0411\u0443\u0458\u0430\u043d\u043e\u0432\u0430\u0446 \u0438 \u041c\u0435\u0434\u0432\u0435\u0452a"},"image":{"@id":"https:\/\/kt.gov.rs\/#\/schema\/logo\/image\/"},"sameAs":["https:\/\/www.facebook.com\/SluzbaKoordinacionogTelaVladeRepublikeSrbije","https:\/\/x.com\/kt_gov","https:\/\/www.youtube.com\/@koordinacionotelo"]},{"@type":"Person","@id":"https:\/\/kt.gov.rs\/#\/schema\/person\/e426459ddb4173309103390602694571","name":"ktmin","image":{"@type":"ImageObject","inLanguage":"sq-AL","@id":"https:\/\/secure.gravatar.com\/avatar\/3985c961109853010c3fbc7ba30365bfba5db3dd6c525831d9c595c7525a615a?s=96&d=mm&r=g","url":"https:\/\/secure.gravatar.com\/avatar\/3985c961109853010c3fbc7ba30365bfba5db3dd6c525831d9c595c7525a615a?s=96&d=mm&r=g","contentUrl":"https:\/\/secure.gravatar.com\/avatar\/3985c961109853010c3fbc7ba30365bfba5db3dd6c525831d9c595c7525a615a?s=96&d=mm&r=g","caption":"ktmin"},"sameAs":["https:\/\/kt.gov.rs"],"url":"https:\/\/kt.gov.rs\/sq\/author\/ktmin\/"}]}},"_links":{"self":[{"href":"https:\/\/kt.gov.rs\/sq\/wp-json\/wp\/v2\/posts\/112826","targetHints":{"allow":["GET"]}}],"collection":[{"href":"https:\/\/kt.gov.rs\/sq\/wp-json\/wp\/v2\/posts"}],"about":[{"href":"https:\/\/kt.gov.rs\/sq\/wp-json\/wp\/v2\/types\/post"}],"author":[{"embeddable":true,"href":"https:\/\/kt.gov.rs\/sq\/wp-json\/wp\/v2\/users\/1"}],"replies":[{"embeddable":true,"href":"https:\/\/kt.gov.rs\/sq\/wp-json\/wp\/v2\/comments?post=112826"}],"version-history":[{"count":1,"href":"https:\/\/kt.gov.rs\/sq\/wp-json\/wp\/v2\/posts\/112826\/revisions"}],"predecessor-version":[{"id":112830,"href":"https:\/\/kt.gov.rs\/sq\/wp-json\/wp\/v2\/posts\/112826\/revisions\/112830"}],"wp:featuredmedia":[{"embeddable":true,"href":"https:\/\/kt.gov.rs\/sq\/wp-json\/wp\/v2\/media\/112831"}],"wp:attachment":[{"href":"https:\/\/kt.gov.rs\/sq\/wp-json\/wp\/v2\/media?parent=112826"}],"wp:term":[{"taxonomy":"category","embeddable":true,"href":"https:\/\/kt.gov.rs\/sq\/wp-json\/wp\/v2\/categories?post=112826"},{"taxonomy":"post_tag","embeddable":true,"href":"https:\/\/kt.gov.rs\/sq\/wp-json\/wp\/v2\/tags?post=112826"}],"curies":[{"name":"wp","href":"https:\/\/api.w.org\/{rel}","templated":true}]}}