{"id":112802,"date":"2020-04-29T00:00:00","date_gmt":"2020-04-29T00:00:00","guid":{"rendered":"http:\/\/kt.printandscreen.rs\/sharcevic-kopshtet-mund-te-punojne-nga-11-maj-i-nevojshem-vertetimi-nga-prinderit-se-ata-duhet-te-shkojne-ne-pune\/"},"modified":"2024-07-30T18:05:03","modified_gmt":"2024-07-30T18:05:03","slug":"sharcevic-kopshtet-mund-te-punojne-nga-11-maj-i-nevojshem-vertetimi-nga-prinderit-se-ata-duhet-te-shkojne-ne-pune","status":"publish","type":"post","link":"https:\/\/kt.gov.rs\/sq\/sharcevic-kopshtet-mund-te-punojne-nga-11-maj-i-nevojshem-vertetimi-nga-prinderit-se-ata-duhet-te-shkojne-ne-pune\/","title":{"rendered":"SHAR\u00c7EVI\u00c7: KOPSHTET MUND T\u00cb PUNOJN\u00cb NGA 11 MAJ  I NEVOJSH\u00cbM V\u00cbRTETIMI NGA PRIND\u00cbRIT SE ATA DUHET T\u00cb SHKOJN\u00cb N\u00cb PUN\u00cb"},"content":{"rendered":"<p>\n\t<strong><img decoding=\"async\" alt=\"\" src=\"https:\/\/kt.gov.rs\/wp-content\/uploads\/2024\/07\/1588155849_290420_5-4.jpg\" style=\"width: 315px; height: 230px; float: left;\" \/><\/strong><\/p>\n<p>\n\t<strong>Beogarad<\/strong>\u2013 Si pjes\u00eb e leht\u00ebsimit t\u00eb masave t\u00eb jasht\u00ebzakonshme, Ministri i Arsimit, Mlladen Shar\u00e7evi\u00e7, njoftoi fillimin e funksionimit t\u00eb kopshteve nga 11 majise si do t\u00eb jet\u00eb m\u00eb e leht\u00eb p\u00ebr prind\u00ebrit me f\u00ebmij\u00eb deri n\u00eb mosh\u00ebn 12 vje\u00e7 t\u00eb shkojn\u00eb n\u00eb pun\u00eb, si t\u00eb mbarojn\u00eb provimin e matur\u00ebs s\u00eb vog\u00ebl dhe provimin pranues p\u00ebr pranimin n\u00eb fakultet.<\/p>\n<p>\n\t&quot;Relaksimi i p\u00ebrgjithsh\u00ebm i masave \u00ebsht\u00eb negociuar me ekspert\u00eb dhe vler\u00ebsohet se kopshtet mund t\u00eb fillojn\u00eb t\u00eb funksionojn\u00eb nga 11 maji. Megjithat\u00eb, nuk duhet t\u00eb jet\u00eb nj\u00eb kthim masiv i f\u00ebmij\u00ebve n\u00eb kopshte n\u00eb momentin e par\u00eb, por vet\u00ebm p\u00ebr nevojat e prind\u00ebrve t\u00eb cil\u00ebt kthehen n\u00eb pun\u00eb me kapacitet t\u00eb plot\u00eb .&quot;tha Ministri i Arsimit.<\/p>\n<p>\n\tAi shtoi se jan\u00eb rreth 225,000 f\u00ebmij\u00eb parashkollor\u00eb dhe se rreth 50 p\u00ebrqind e tyre pritet t\u00eb t\u00eb shkojn\u00eb n\u00eb kopshte.<\/p>\n<p>\n\t&quot;Analiza e profesionit thot\u00eb se grupe m\u00eb t\u00eb vogla do t\u00eb ishin t\u00eb sigurta me dezinfektimin e detyruesh\u00ebm t\u00eb hap\u00ebsir\u00ebs dhe respektimin e rregullave themelore t\u00eb siguris\u00eb, si\u00e7 jan\u00eb veshja me maska dhe doreza kur b\u00ebhet fjal\u00eb p\u00ebr edukator\u00ebt<em>&quot;<\/em>, tha ministri.<\/p>\n<p>\n\tAi shtoi se pes\u00eb qendra p\u00ebr prodhimin e dezinfektuesve jan\u00eb siguruar p\u00ebr kopshte, shkolla dhe fakultete n\u00eb Beograd, Kragujevac, Nish, Novi Sad dhe Valev. Si\u00e7 tha ai, shp\u00ebrndarja do t\u00eb ishte shum\u00eb m\u00eb e leht\u00eb n\u00eb at\u00eb m\u00ebnyr\u00eb.<\/p>\n<p>\n\tMinistri tha se tani po b\u00ebhet nj\u00eb vler\u00ebsim se sa edukator jan\u00eb n\u00eb gjendje t\u00eb punoj sepse ka edhe t\u00eb infektuar me Covid-19 ose t\u00eb angazhuar n\u00eb pun\u00eb t\u00eb tjera<em>.<\/em><\/p>\n<p>\n\t\u00cbsht\u00eb formuarnj\u00eb nj\u00eb Ekip Punues i cili, n\u00eb p\u00ebrputhje me rekomandimet e Shtabit t\u00eb Krizave, do t\u00eb p\u00ebrcaktoj\u00eb pjes\u00ebn praktike t\u00eb zbatimit t\u00eb masave. Ekipi p\u00ebrfshin p\u00ebrfaq\u00ebsues t\u00eb Ministris\u00eb s\u00eb Arsimit dhe tre sindikatave, Ministris\u00eb s\u00eb Sh\u00ebndet\u00ebsis\u00eb, Ministris\u00eb s\u00eb Pun\u00ebs,<em> <\/em>kabinetit t\u00eb\u00a0kryeministres dhe p\u00ebrfaq\u00ebsues t\u00eb vet\u00ebqeverisjes lokale.<\/p>\n<p>\n\t&quot;Prind\u00ebrit do t\u00eb duhet t\u00eb sjellin nj\u00eb konfirmim nga pun\u00ebdh\u00ebn\u00ebsi se duhet t\u00eb shkojn\u00eb n\u00eb pun\u00eb. Dhe kjo \u00ebsht\u00eb nj\u00eb mas\u00eb p\u00ebr t\u00eb parandaluar nj\u00eb kthim masiv, &quot;tha ministri.<\/p>\n<p>\n\tN\u00eb p\u00ebrputhje me t\u00eb nj\u00ebjtat masa, t\u00eb cilat kryesisht kan\u00eb p\u00ebr q\u00ebllim sigurin\u00eb dhe zvog\u00eblimin e p\u00ebrhapjes s\u00eb virusit, u mor edhe nj\u00eb vendim p\u00ebr\u00a0 nx\u00ebn\u00ebsit deri n\u00eb 12 vje\u00e7, prind\u00ebrit e t\u00eb cil\u00ebve ishin n\u00eb gjendje t\u00eb punonin nga sht\u00ebpia p\u00ebr shkak t\u00eb mosh\u00ebs.<\/p>\n<p>\n\t&quot;Nd\u00ebrsa ecim drejt procesit t\u00eb mbarimit t\u00eb gjendjes s\u00eb jasht\u00ebzakonshme dhe fillimit t\u00eb procesit t\u00eb kthimit n\u00eb pun\u00eb ne do t&#39;i ndihmojm\u00eb prind\u00ebrit me f\u00ebmij\u00eb deri n\u00eb 12 vje\u00e7, n\u00eb m\u00ebnyr\u00eb q\u00eb ata t\u00eb mos q\u00ebndrojn\u00eb vet\u00ebm n\u00eb sht\u00ebpi. Ne planifikojm\u00eb t\u00eb organizojm\u00eb kujdesin ditor n\u00eb shkolla, dhe vler\u00ebsohet se rreth 30 p\u00ebrqind e f\u00ebmij\u00ebve do t\u00eb p\u00ebrfitojn\u00eb nga ajo. Kjo mb\u00ebshtetje p\u00ebr prind\u00ebrit do t\u00eb filloj\u00eb m\u00eb 11 maj &quot;, tha Ministri Shar\u00e7evi\u00e7.<\/p>\n<p>\n\t<strong>Burimi:\u00a0Jugmedia,Blic dhe Trupi Koordinues<\/strong><\/p>\n<p>\n\t\u00a0<\/p>\n","protected":false},"excerpt":{"rendered":"<p>\u0411\u0435\u043e\u0433\u0440\u0430\u0434 \u2013 \u0423 \u043e\u043a\u0432\u0438\u0440\u0443 \u043f\u043e\u043f\u0443\u0448\u0442\u0430\u045a\u0430 \u043c\u0435\u0440\u0430 \u0442\u043e\u043a\u043e\u043c \u0432\u0430\u043d\u0440\u0435\u0434\u043d\u043e\u0433 \u0441\u0442\u0430\u045a\u0430, \u043c\u0438\u043d\u0438\u0441\u0442\u0430\u0440 \u043f\u0440\u043e\u0441\u0432\u0435\u0442\u0435, \u041c\u043b\u0430\u0434\u0435\u043d \u0428\u0430\u0440\u0447\u0435\u0432\u0438\u045b \u043d\u0430\u0458\u0430\u0432\u0438\u043e \u0458\u0435 \u043f\u043e\u0447\u0435\u0442\u0430\u043a \u0440\u0430\u0434\u0430 \u0432\u0440\u0442\u0438\u045b\u0430 \u043e\u0434 11. \u043c\u0430\u0458\u0430, \u0437\u0430\u0442\u0438\u043c \u043d\u0430 \u043a\u043e\u0458\u0438 \u043d\u0430\u0447\u0438\u043d \u045b\u0435 \u0431\u0438\u0442\u0438 \u043e\u043b\u0430\u043a\u0448\u0430\u043d\u043e \u0440\u043e\u0434\u0438\u0442\u0435\u0459\u0438\u043c\u0430 \u0441\u0430 \u0434\u0435\u0446\u043e\u043c \u0434\u043e 12 \u0433\u043e\u0434\u0438\u043d\u0430 \u043a\u043e\u0458\u0430 \u043a\u0440\u0435\u045b\u0443 \u043d\u0430 \u043f\u043e\u0441\u0430\u043e, \u0430\u043b\u0438 \u0438 \u043a\u0430\u043a\u043e \u045b\u0435 \u0441\u0435 \u043f\u043e\u043b\u0430\u0433\u0430\u0442\u0438 \u043c\u0430\u043b\u0430 \u043c\u0430\u0442\u0443\u0440\u0430 \u0438 \u043f\u0440\u0438\u0458\u0435\u043c\u043d\u0438 \u0437\u0430 \u0443\u043f\u0438\u0441 \u043d\u0430 \u0444\u0430\u043a\u0443\u043b\u0442\u0435\u0442.<\/p>\n","protected":false},"author":1,"featured_media":112807,"comment_status":"closed","ping_status":"closed","sticky":false,"template":"","format":"standard","meta":{"footnotes":""},"categories":[55],"tags":[],"class_list":["post-112802","post","type-post","status-publish","format-standard","has-post-thumbnail","hentry","category-lajme"],"yoast_head":"<!-- This site is optimized with the Yoast SEO plugin v27.5 - https:\/\/yoast.com\/product\/yoast-seo-wordpress\/ -->\n<title>SHAR\u00c7EVI\u00c7: KOPSHTET MUND T\u00cb PUNOJN\u00cb NGA 11 MAJ I NEVOJSH\u00cbM V\u00cbRTETIMI NGA PRIND\u00cbRIT SE ATA DUHET T\u00cb SHKOJN\u00cb N\u00cb PUN\u00cb - Republika e S\u00ebrbis\u00eb Trupi Koordinues p\u00ebr komunat Bujanoc, Preshev\u00eb dhe Medvegj\u00eb<\/title>\n<meta name=\"robots\" content=\"index, follow, max-snippet:-1, max-image-preview:large, max-video-preview:-1\" \/>\n<link rel=\"canonical\" href=\"https:\/\/kt.gov.rs\/sq\/sharcevic-kopshtet-mund-te-punojne-nga-11-maj-i-nevojshem-vertetimi-nga-prinderit-se-ata-duhet-te-shkojne-ne-pune\/\" \/>\n<meta property=\"og:locale\" content=\"sq_AL\" \/>\n<meta property=\"og:type\" content=\"article\" \/>\n<meta property=\"og:title\" content=\"SHAR\u00c7EVI\u00c7: KOPSHTET MUND T\u00cb PUNOJN\u00cb NGA 11 MAJ I NEVOJSH\u00cbM V\u00cbRTETIMI NGA PRIND\u00cbRIT SE ATA DUHET T\u00cb SHKOJN\u00cb N\u00cb PUN\u00cb - Republika e S\u00ebrbis\u00eb Trupi Koordinues p\u00ebr komunat Bujanoc, Preshev\u00eb dhe Medvegj\u00eb\" \/>\n<meta property=\"og:description\" content=\"\u0411\u0435\u043e\u0433\u0440\u0430\u0434 \u2013 \u0423 \u043e\u043a\u0432\u0438\u0440\u0443 \u043f\u043e\u043f\u0443\u0448\u0442\u0430\u045a\u0430 \u043c\u0435\u0440\u0430 \u0442\u043e\u043a\u043e\u043c \u0432\u0430\u043d\u0440\u0435\u0434\u043d\u043e\u0433 \u0441\u0442\u0430\u045a\u0430, \u043c\u0438\u043d\u0438\u0441\u0442\u0430\u0440 \u043f\u0440\u043e\u0441\u0432\u0435\u0442\u0435, \u041c\u043b\u0430\u0434\u0435\u043d \u0428\u0430\u0440\u0447\u0435\u0432\u0438\u045b \u043d\u0430\u0458\u0430\u0432\u0438\u043e \u0458\u0435 \u043f\u043e\u0447\u0435\u0442\u0430\u043a \u0440\u0430\u0434\u0430 \u0432\u0440\u0442\u0438\u045b\u0430 \u043e\u0434 11. \u043c\u0430\u0458\u0430, \u0437\u0430\u0442\u0438\u043c \u043d\u0430 \u043a\u043e\u0458\u0438 \u043d\u0430\u0447\u0438\u043d \u045b\u0435 \u0431\u0438\u0442\u0438 \u043e\u043b\u0430\u043a\u0448\u0430\u043d\u043e \u0440\u043e\u0434\u0438\u0442\u0435\u0459\u0438\u043c\u0430 \u0441\u0430 \u0434\u0435\u0446\u043e\u043c \u0434\u043e 12 \u0433\u043e\u0434\u0438\u043d\u0430 \u043a\u043e\u0458\u0430 \u043a\u0440\u0435\u045b\u0443 \u043d\u0430 \u043f\u043e\u0441\u0430\u043e, \u0430\u043b\u0438 \u0438 \u043a\u0430\u043a\u043e \u045b\u0435 \u0441\u0435 \u043f\u043e\u043b\u0430\u0433\u0430\u0442\u0438 \u043c\u0430\u043b\u0430 \u043c\u0430\u0442\u0443\u0440\u0430 \u0438 \u043f\u0440\u0438\u0458\u0435\u043c\u043d\u0438 \u0437\u0430 \u0443\u043f\u0438\u0441 \u043d\u0430 \u0444\u0430\u043a\u0443\u043b\u0442\u0435\u0442.\" \/>\n<meta property=\"og:url\" content=\"https:\/\/kt.gov.rs\/sq\/sharcevic-kopshtet-mund-te-punojne-nga-11-maj-i-nevojshem-vertetimi-nga-prinderit-se-ata-duhet-te-shkojne-ne-pune\/\" \/>\n<meta property=\"og:site_name\" content=\"Republika e S\u00ebrbis\u00eb Trupi Koordinues p\u00ebr komunat Bujanoc, Preshev\u00eb dhe Medvegj\u00eb\" \/>\n<meta property=\"article:publisher\" content=\"https:\/\/www.facebook.com\/SluzbaKoordinacionogTelaVladeRepublikeSrbije\" \/>\n<meta property=\"article:published_time\" content=\"2020-04-29T00:00:00+00:00\" \/>\n<meta property=\"article:modified_time\" content=\"2024-07-30T18:05:03+00:00\" \/>\n<meta property=\"og:image\" content=\"https:\/\/kt.gov.rs\/wp-content\/uploads\/2024\/07\/1588155849_290420_5-5.jpg\" \/>\n\t<meta property=\"og:image:width\" content=\"315\" \/>\n\t<meta property=\"og:image:height\" content=\"230\" \/>\n\t<meta property=\"og:image:type\" content=\"image\/jpeg\" \/>\n<meta name=\"author\" content=\"ktmin\" \/>\n<meta name=\"twitter:card\" content=\"summary_large_image\" \/>\n<meta name=\"twitter:creator\" content=\"@kt_gov\" \/>\n<meta name=\"twitter:site\" content=\"@kt_gov\" \/>\n<meta name=\"twitter:label1\" content=\"Written by\" \/>\n\t<meta name=\"twitter:data1\" content=\"ktmin\" \/>\n\t<meta name=\"twitter:label2\" content=\"Est. reading time\" \/>\n\t<meta name=\"twitter:data2\" content=\"4 minutes\" \/>\n<script type=\"application\/ld+json\" class=\"yoast-schema-graph\">{\"@context\":\"https:\\\/\\\/schema.org\",\"@graph\":[{\"@type\":\"Article\",\"@id\":\"https:\\\/\\\/kt.gov.rs\\\/sq\\\/sharcevic-kopshtet-mund-te-punojne-nga-11-maj-i-nevojshem-vertetimi-nga-prinderit-se-ata-duhet-te-shkojne-ne-pune\\\/#article\",\"isPartOf\":{\"@id\":\"https:\\\/\\\/kt.gov.rs\\\/sq\\\/sharcevic-kopshtet-mund-te-punojne-nga-11-maj-i-nevojshem-vertetimi-nga-prinderit-se-ata-duhet-te-shkojne-ne-pune\\\/\"},\"author\":{\"name\":\"ktmin\",\"@id\":\"https:\\\/\\\/kt.gov.rs\\\/#\\\/schema\\\/person\\\/e426459ddb4173309103390602694571\"},\"headline\":\"SHAR\u00c7EVI\u00c7: KOPSHTET MUND T\u00cb PUNOJN\u00cb NGA 11 MAJ I NEVOJSH\u00cbM V\u00cbRTETIMI NGA PRIND\u00cbRIT SE ATA DUHET T\u00cb SHKOJN\u00cb N\u00cb PUN\u00cb\",\"datePublished\":\"2020-04-29T00:00:00+00:00\",\"dateModified\":\"2024-07-30T18:05:03+00:00\",\"mainEntityOfPage\":{\"@id\":\"https:\\\/\\\/kt.gov.rs\\\/sq\\\/sharcevic-kopshtet-mund-te-punojne-nga-11-maj-i-nevojshem-vertetimi-nga-prinderit-se-ata-duhet-te-shkojne-ne-pune\\\/\"},\"wordCount\":784,\"publisher\":{\"@id\":\"https:\\\/\\\/kt.gov.rs\\\/#organization\"},\"image\":{\"@id\":\"https:\\\/\\\/kt.gov.rs\\\/sq\\\/sharcevic-kopshtet-mund-te-punojne-nga-11-maj-i-nevojshem-vertetimi-nga-prinderit-se-ata-duhet-te-shkojne-ne-pune\\\/#primaryimage\"},\"thumbnailUrl\":\"https:\\\/\\\/kt.gov.rs\\\/wp-content\\\/uploads\\\/2024\\\/07\\\/1588155849_290420_5-5.jpg\",\"articleSection\":[\"Lajme\"],\"inLanguage\":\"sq-AL\"},{\"@type\":\"WebPage\",\"@id\":\"https:\\\/\\\/kt.gov.rs\\\/sq\\\/sharcevic-kopshtet-mund-te-punojne-nga-11-maj-i-nevojshem-vertetimi-nga-prinderit-se-ata-duhet-te-shkojne-ne-pune\\\/\",\"url\":\"https:\\\/\\\/kt.gov.rs\\\/sq\\\/sharcevic-kopshtet-mund-te-punojne-nga-11-maj-i-nevojshem-vertetimi-nga-prinderit-se-ata-duhet-te-shkojne-ne-pune\\\/\",\"name\":\"SHAR\u00c7EVI\u00c7: KOPSHTET MUND T\u00cb PUNOJN\u00cb NGA 11 MAJ I NEVOJSH\u00cbM V\u00cbRTETIMI NGA PRIND\u00cbRIT SE ATA DUHET T\u00cb SHKOJN\u00cb N\u00cb PUN\u00cb - Republika e S\u00ebrbis\u00eb Trupi Koordinues p\u00ebr komunat Bujanoc, Preshev\u00eb dhe Medvegj\u00eb\",\"isPartOf\":{\"@id\":\"https:\\\/\\\/kt.gov.rs\\\/#website\"},\"primaryImageOfPage\":{\"@id\":\"https:\\\/\\\/kt.gov.rs\\\/sq\\\/sharcevic-kopshtet-mund-te-punojne-nga-11-maj-i-nevojshem-vertetimi-nga-prinderit-se-ata-duhet-te-shkojne-ne-pune\\\/#primaryimage\"},\"image\":{\"@id\":\"https:\\\/\\\/kt.gov.rs\\\/sq\\\/sharcevic-kopshtet-mund-te-punojne-nga-11-maj-i-nevojshem-vertetimi-nga-prinderit-se-ata-duhet-te-shkojne-ne-pune\\\/#primaryimage\"},\"thumbnailUrl\":\"https:\\\/\\\/kt.gov.rs\\\/wp-content\\\/uploads\\\/2024\\\/07\\\/1588155849_290420_5-5.jpg\",\"datePublished\":\"2020-04-29T00:00:00+00:00\",\"dateModified\":\"2024-07-30T18:05:03+00:00\",\"breadcrumb\":{\"@id\":\"https:\\\/\\\/kt.gov.rs\\\/sq\\\/sharcevic-kopshtet-mund-te-punojne-nga-11-maj-i-nevojshem-vertetimi-nga-prinderit-se-ata-duhet-te-shkojne-ne-pune\\\/#breadcrumb\"},\"inLanguage\":\"sq-AL\",\"potentialAction\":[{\"@type\":\"ReadAction\",\"target\":[\"https:\\\/\\\/kt.gov.rs\\\/sq\\\/sharcevic-kopshtet-mund-te-punojne-nga-11-maj-i-nevojshem-vertetimi-nga-prinderit-se-ata-duhet-te-shkojne-ne-pune\\\/\"]}]},{\"@type\":\"ImageObject\",\"inLanguage\":\"sq-AL\",\"@id\":\"https:\\\/\\\/kt.gov.rs\\\/sq\\\/sharcevic-kopshtet-mund-te-punojne-nga-11-maj-i-nevojshem-vertetimi-nga-prinderit-se-ata-duhet-te-shkojne-ne-pune\\\/#primaryimage\",\"url\":\"https:\\\/\\\/kt.gov.rs\\\/wp-content\\\/uploads\\\/2024\\\/07\\\/1588155849_290420_5-5.jpg\",\"contentUrl\":\"https:\\\/\\\/kt.gov.rs\\\/wp-content\\\/uploads\\\/2024\\\/07\\\/1588155849_290420_5-5.jpg\",\"width\":315,\"height\":230},{\"@type\":\"BreadcrumbList\",\"@id\":\"https:\\\/\\\/kt.gov.rs\\\/sq\\\/sharcevic-kopshtet-mund-te-punojne-nga-11-maj-i-nevojshem-vertetimi-nga-prinderit-se-ata-duhet-te-shkojne-ne-pune\\\/#breadcrumb\",\"itemListElement\":[{\"@type\":\"ListItem\",\"position\":1,\"name\":\"\u041f\u043e\u0447\u0435\u0442\u043d\u0430\",\"item\":\"https:\\\/\\\/kt.gov.rs\\\/sq\\\/\"},{\"@type\":\"ListItem\",\"position\":2,\"name\":\"SHAR\u00c7EVI\u00c7: KOPSHTET MUND T\u00cb PUNOJN\u00cb NGA 11 MAJ I NEVOJSH\u00cbM V\u00cbRTETIMI NGA PRIND\u00cbRIT SE ATA DUHET T\u00cb SHKOJN\u00cb N\u00cb PUN\u00cb\"}]},{\"@type\":\"WebSite\",\"@id\":\"https:\\\/\\\/kt.gov.rs\\\/#website\",\"url\":\"https:\\\/\\\/kt.gov.rs\\\/\",\"name\":\"\u041a\u043e\u043e\u0440\u0434\u0438\u043d\u0430\u0446\u0438\u043e\u043d\u043e \u0442\u0435\u043b\u043e \u0412\u043b\u0430\u0434\u0435 \u0420\u0435\u043f\u0443\u0431\u043b\u0438\u043a\u0435 \u0421\u0440\u0431\u0438\u0458\u0435 \u0437\u0430 \u043e\u043f\u0448\u0442\u0438\u043d\u0435 \u041f\u0440\u0435\u0448\u0435\u0432\u043e, \u0411\u0443\u0458\u0430\u043d\u043e\u0432\u0430\u0446 \u0438 \u041c\u0435\u0434\u0432\u0435\u0452a\",\"description\":\"\",\"publisher\":{\"@id\":\"https:\\\/\\\/kt.gov.rs\\\/#organization\"},\"alternateName\":\"\u041a\u043e\u043e\u0440\u0434\u0438\u043d\u0430\u0446\u0438\u043e\u043d\u043e \u0442\u0435\u043b\u043e\",\"potentialAction\":[{\"@type\":\"SearchAction\",\"target\":{\"@type\":\"EntryPoint\",\"urlTemplate\":\"https:\\\/\\\/kt.gov.rs\\\/?s={search_term_string}\"},\"query-input\":{\"@type\":\"PropertyValueSpecification\",\"valueRequired\":true,\"valueName\":\"search_term_string\"}}],\"inLanguage\":\"sq-AL\"},{\"@type\":\"Organization\",\"@id\":\"https:\\\/\\\/kt.gov.rs\\\/#organization\",\"name\":\"\u041a\u043e\u043e\u0440\u0434\u0438\u043d\u0430\u0446\u0438\u043e\u043d\u043e \u0442\u0435\u043b\u043e \u0412\u043b\u0430\u0434\u0435 \u0420\u0435\u043f\u0443\u0431\u043b\u0438\u043a\u0435 \u0421\u0440\u0431\u0438\u0458\u0435 \u0437\u0430 \u043e\u043f\u0448\u0442\u0438\u043d\u0435 \u041f\u0440\u0435\u0448\u0435\u0432\u043e, \u0411\u0443\u0458\u0430\u043d\u043e\u0432\u0430\u0446 \u0438 \u041c\u0435\u0434\u0432\u0435\u0452a\",\"alternateName\":\"\u041a\u043e\u043e\u0440\u0434\u0438\u043d\u0430\u0446\u0438\u043e\u043d\u043e \u0442\u0435\u043b\u043e\",\"url\":\"https:\\\/\\\/kt.gov.rs\\\/\",\"logo\":{\"@type\":\"ImageObject\",\"inLanguage\":\"sq-AL\",\"@id\":\"https:\\\/\\\/kt.gov.rs\\\/#\\\/schema\\\/logo\\\/image\\\/\",\"url\":\"https:\\\/\\\/kt.gov.rs\\\/wp-content\\\/uploads\\\/2024\\\/12\\\/koord2.jpg\",\"contentUrl\":\"https:\\\/\\\/kt.gov.rs\\\/wp-content\\\/uploads\\\/2024\\\/12\\\/koord2.jpg\",\"width\":640,\"height\":480,\"caption\":\"\u041a\u043e\u043e\u0440\u0434\u0438\u043d\u0430\u0446\u0438\u043e\u043d\u043e \u0442\u0435\u043b\u043e \u0412\u043b\u0430\u0434\u0435 \u0420\u0435\u043f\u0443\u0431\u043b\u0438\u043a\u0435 \u0421\u0440\u0431\u0438\u0458\u0435 \u0437\u0430 \u043e\u043f\u0448\u0442\u0438\u043d\u0435 \u041f\u0440\u0435\u0448\u0435\u0432\u043e, \u0411\u0443\u0458\u0430\u043d\u043e\u0432\u0430\u0446 \u0438 \u041c\u0435\u0434\u0432\u0435\u0452a\"},\"image\":{\"@id\":\"https:\\\/\\\/kt.gov.rs\\\/#\\\/schema\\\/logo\\\/image\\\/\"},\"sameAs\":[\"https:\\\/\\\/www.facebook.com\\\/SluzbaKoordinacionogTelaVladeRepublikeSrbije\",\"https:\\\/\\\/x.com\\\/kt_gov\",\"https:\\\/\\\/www.youtube.com\\\/@koordinacionotelo\"]},{\"@type\":\"Person\",\"@id\":\"https:\\\/\\\/kt.gov.rs\\\/#\\\/schema\\\/person\\\/e426459ddb4173309103390602694571\",\"name\":\"ktmin\",\"image\":{\"@type\":\"ImageObject\",\"inLanguage\":\"sq-AL\",\"@id\":\"https:\\\/\\\/secure.gravatar.com\\\/avatar\\\/3985c961109853010c3fbc7ba30365bfba5db3dd6c525831d9c595c7525a615a?s=96&d=mm&r=g\",\"url\":\"https:\\\/\\\/secure.gravatar.com\\\/avatar\\\/3985c961109853010c3fbc7ba30365bfba5db3dd6c525831d9c595c7525a615a?s=96&d=mm&r=g\",\"contentUrl\":\"https:\\\/\\\/secure.gravatar.com\\\/avatar\\\/3985c961109853010c3fbc7ba30365bfba5db3dd6c525831d9c595c7525a615a?s=96&d=mm&r=g\",\"caption\":\"ktmin\"},\"sameAs\":[\"https:\\\/\\\/kt.gov.rs\"],\"url\":\"https:\\\/\\\/kt.gov.rs\\\/sq\\\/author\\\/ktmin\\\/\"}]}<\/script>\n<!-- \/ Yoast SEO plugin. -->","yoast_head_json":{"title":"SHAR\u00c7EVI\u00c7: KOPSHTET MUND T\u00cb PUNOJN\u00cb NGA 11 MAJ I NEVOJSH\u00cbM V\u00cbRTETIMI NGA PRIND\u00cbRIT SE ATA DUHET T\u00cb SHKOJN\u00cb N\u00cb PUN\u00cb - Republika e S\u00ebrbis\u00eb Trupi Koordinues p\u00ebr komunat Bujanoc, Preshev\u00eb dhe Medvegj\u00eb","robots":{"index":"index","follow":"follow","max-snippet":"max-snippet:-1","max-image-preview":"max-image-preview:large","max-video-preview":"max-video-preview:-1"},"canonical":"https:\/\/kt.gov.rs\/sq\/sharcevic-kopshtet-mund-te-punojne-nga-11-maj-i-nevojshem-vertetimi-nga-prinderit-se-ata-duhet-te-shkojne-ne-pune\/","og_locale":"sq_AL","og_type":"article","og_title":"SHAR\u00c7EVI\u00c7: KOPSHTET MUND T\u00cb PUNOJN\u00cb NGA 11 MAJ I NEVOJSH\u00cbM V\u00cbRTETIMI NGA PRIND\u00cbRIT SE ATA DUHET T\u00cb SHKOJN\u00cb N\u00cb PUN\u00cb - Republika e S\u00ebrbis\u00eb Trupi Koordinues p\u00ebr komunat Bujanoc, Preshev\u00eb dhe Medvegj\u00eb","og_description":"\u0411\u0435\u043e\u0433\u0440\u0430\u0434 \u2013 \u0423 \u043e\u043a\u0432\u0438\u0440\u0443 \u043f\u043e\u043f\u0443\u0448\u0442\u0430\u045a\u0430 \u043c\u0435\u0440\u0430 \u0442\u043e\u043a\u043e\u043c \u0432\u0430\u043d\u0440\u0435\u0434\u043d\u043e\u0433 \u0441\u0442\u0430\u045a\u0430, \u043c\u0438\u043d\u0438\u0441\u0442\u0430\u0440 \u043f\u0440\u043e\u0441\u0432\u0435\u0442\u0435, \u041c\u043b\u0430\u0434\u0435\u043d \u0428\u0430\u0440\u0447\u0435\u0432\u0438\u045b \u043d\u0430\u0458\u0430\u0432\u0438\u043e \u0458\u0435 \u043f\u043e\u0447\u0435\u0442\u0430\u043a \u0440\u0430\u0434\u0430 \u0432\u0440\u0442\u0438\u045b\u0430 \u043e\u0434 11. \u043c\u0430\u0458\u0430, \u0437\u0430\u0442\u0438\u043c \u043d\u0430 \u043a\u043e\u0458\u0438 \u043d\u0430\u0447\u0438\u043d \u045b\u0435 \u0431\u0438\u0442\u0438 \u043e\u043b\u0430\u043a\u0448\u0430\u043d\u043e \u0440\u043e\u0434\u0438\u0442\u0435\u0459\u0438\u043c\u0430 \u0441\u0430 \u0434\u0435\u0446\u043e\u043c \u0434\u043e 12 \u0433\u043e\u0434\u0438\u043d\u0430 \u043a\u043e\u0458\u0430 \u043a\u0440\u0435\u045b\u0443 \u043d\u0430 \u043f\u043e\u0441\u0430\u043e, \u0430\u043b\u0438 \u0438 \u043a\u0430\u043a\u043e \u045b\u0435 \u0441\u0435 \u043f\u043e\u043b\u0430\u0433\u0430\u0442\u0438 \u043c\u0430\u043b\u0430 \u043c\u0430\u0442\u0443\u0440\u0430 \u0438 \u043f\u0440\u0438\u0458\u0435\u043c\u043d\u0438 \u0437\u0430 \u0443\u043f\u0438\u0441 \u043d\u0430 \u0444\u0430\u043a\u0443\u043b\u0442\u0435\u0442.","og_url":"https:\/\/kt.gov.rs\/sq\/sharcevic-kopshtet-mund-te-punojne-nga-11-maj-i-nevojshem-vertetimi-nga-prinderit-se-ata-duhet-te-shkojne-ne-pune\/","og_site_name":"Republika e S\u00ebrbis\u00eb Trupi Koordinues p\u00ebr komunat Bujanoc, Preshev\u00eb dhe Medvegj\u00eb","article_publisher":"https:\/\/www.facebook.com\/SluzbaKoordinacionogTelaVladeRepublikeSrbije","article_published_time":"2020-04-29T00:00:00+00:00","article_modified_time":"2024-07-30T18:05:03+00:00","og_image":[{"width":315,"height":230,"url":"https:\/\/kt.gov.rs\/wp-content\/uploads\/2024\/07\/1588155849_290420_5-5.jpg","type":"image\/jpeg"}],"author":"ktmin","twitter_card":"summary_large_image","twitter_creator":"@kt_gov","twitter_site":"@kt_gov","twitter_misc":{"Written by":"ktmin","Est. reading time":"4 minutes"},"schema":{"@context":"https:\/\/schema.org","@graph":[{"@type":"Article","@id":"https:\/\/kt.gov.rs\/sq\/sharcevic-kopshtet-mund-te-punojne-nga-11-maj-i-nevojshem-vertetimi-nga-prinderit-se-ata-duhet-te-shkojne-ne-pune\/#article","isPartOf":{"@id":"https:\/\/kt.gov.rs\/sq\/sharcevic-kopshtet-mund-te-punojne-nga-11-maj-i-nevojshem-vertetimi-nga-prinderit-se-ata-duhet-te-shkojne-ne-pune\/"},"author":{"name":"ktmin","@id":"https:\/\/kt.gov.rs\/#\/schema\/person\/e426459ddb4173309103390602694571"},"headline":"SHAR\u00c7EVI\u00c7: KOPSHTET MUND T\u00cb PUNOJN\u00cb NGA 11 MAJ I NEVOJSH\u00cbM V\u00cbRTETIMI NGA PRIND\u00cbRIT SE ATA DUHET T\u00cb SHKOJN\u00cb N\u00cb PUN\u00cb","datePublished":"2020-04-29T00:00:00+00:00","dateModified":"2024-07-30T18:05:03+00:00","mainEntityOfPage":{"@id":"https:\/\/kt.gov.rs\/sq\/sharcevic-kopshtet-mund-te-punojne-nga-11-maj-i-nevojshem-vertetimi-nga-prinderit-se-ata-duhet-te-shkojne-ne-pune\/"},"wordCount":784,"publisher":{"@id":"https:\/\/kt.gov.rs\/#organization"},"image":{"@id":"https:\/\/kt.gov.rs\/sq\/sharcevic-kopshtet-mund-te-punojne-nga-11-maj-i-nevojshem-vertetimi-nga-prinderit-se-ata-duhet-te-shkojne-ne-pune\/#primaryimage"},"thumbnailUrl":"https:\/\/kt.gov.rs\/wp-content\/uploads\/2024\/07\/1588155849_290420_5-5.jpg","articleSection":["Lajme"],"inLanguage":"sq-AL"},{"@type":"WebPage","@id":"https:\/\/kt.gov.rs\/sq\/sharcevic-kopshtet-mund-te-punojne-nga-11-maj-i-nevojshem-vertetimi-nga-prinderit-se-ata-duhet-te-shkojne-ne-pune\/","url":"https:\/\/kt.gov.rs\/sq\/sharcevic-kopshtet-mund-te-punojne-nga-11-maj-i-nevojshem-vertetimi-nga-prinderit-se-ata-duhet-te-shkojne-ne-pune\/","name":"SHAR\u00c7EVI\u00c7: KOPSHTET MUND T\u00cb PUNOJN\u00cb NGA 11 MAJ I NEVOJSH\u00cbM V\u00cbRTETIMI NGA PRIND\u00cbRIT SE ATA DUHET T\u00cb SHKOJN\u00cb N\u00cb PUN\u00cb - Republika e S\u00ebrbis\u00eb Trupi Koordinues p\u00ebr komunat Bujanoc, Preshev\u00eb dhe Medvegj\u00eb","isPartOf":{"@id":"https:\/\/kt.gov.rs\/#website"},"primaryImageOfPage":{"@id":"https:\/\/kt.gov.rs\/sq\/sharcevic-kopshtet-mund-te-punojne-nga-11-maj-i-nevojshem-vertetimi-nga-prinderit-se-ata-duhet-te-shkojne-ne-pune\/#primaryimage"},"image":{"@id":"https:\/\/kt.gov.rs\/sq\/sharcevic-kopshtet-mund-te-punojne-nga-11-maj-i-nevojshem-vertetimi-nga-prinderit-se-ata-duhet-te-shkojne-ne-pune\/#primaryimage"},"thumbnailUrl":"https:\/\/kt.gov.rs\/wp-content\/uploads\/2024\/07\/1588155849_290420_5-5.jpg","datePublished":"2020-04-29T00:00:00+00:00","dateModified":"2024-07-30T18:05:03+00:00","breadcrumb":{"@id":"https:\/\/kt.gov.rs\/sq\/sharcevic-kopshtet-mund-te-punojne-nga-11-maj-i-nevojshem-vertetimi-nga-prinderit-se-ata-duhet-te-shkojne-ne-pune\/#breadcrumb"},"inLanguage":"sq-AL","potentialAction":[{"@type":"ReadAction","target":["https:\/\/kt.gov.rs\/sq\/sharcevic-kopshtet-mund-te-punojne-nga-11-maj-i-nevojshem-vertetimi-nga-prinderit-se-ata-duhet-te-shkojne-ne-pune\/"]}]},{"@type":"ImageObject","inLanguage":"sq-AL","@id":"https:\/\/kt.gov.rs\/sq\/sharcevic-kopshtet-mund-te-punojne-nga-11-maj-i-nevojshem-vertetimi-nga-prinderit-se-ata-duhet-te-shkojne-ne-pune\/#primaryimage","url":"https:\/\/kt.gov.rs\/wp-content\/uploads\/2024\/07\/1588155849_290420_5-5.jpg","contentUrl":"https:\/\/kt.gov.rs\/wp-content\/uploads\/2024\/07\/1588155849_290420_5-5.jpg","width":315,"height":230},{"@type":"BreadcrumbList","@id":"https:\/\/kt.gov.rs\/sq\/sharcevic-kopshtet-mund-te-punojne-nga-11-maj-i-nevojshem-vertetimi-nga-prinderit-se-ata-duhet-te-shkojne-ne-pune\/#breadcrumb","itemListElement":[{"@type":"ListItem","position":1,"name":"\u041f\u043e\u0447\u0435\u0442\u043d\u0430","item":"https:\/\/kt.gov.rs\/sq\/"},{"@type":"ListItem","position":2,"name":"SHAR\u00c7EVI\u00c7: KOPSHTET MUND T\u00cb PUNOJN\u00cb NGA 11 MAJ I NEVOJSH\u00cbM V\u00cbRTETIMI NGA PRIND\u00cbRIT SE ATA DUHET T\u00cb SHKOJN\u00cb N\u00cb PUN\u00cb"}]},{"@type":"WebSite","@id":"https:\/\/kt.gov.rs\/#website","url":"https:\/\/kt.gov.rs\/","name":"\u041a\u043e\u043e\u0440\u0434\u0438\u043d\u0430\u0446\u0438\u043e\u043d\u043e \u0442\u0435\u043b\u043e \u0412\u043b\u0430\u0434\u0435 \u0420\u0435\u043f\u0443\u0431\u043b\u0438\u043a\u0435 \u0421\u0440\u0431\u0438\u0458\u0435 \u0437\u0430 \u043e\u043f\u0448\u0442\u0438\u043d\u0435 \u041f\u0440\u0435\u0448\u0435\u0432\u043e, \u0411\u0443\u0458\u0430\u043d\u043e\u0432\u0430\u0446 \u0438 \u041c\u0435\u0434\u0432\u0435\u0452a","description":"","publisher":{"@id":"https:\/\/kt.gov.rs\/#organization"},"alternateName":"\u041a\u043e\u043e\u0440\u0434\u0438\u043d\u0430\u0446\u0438\u043e\u043d\u043e \u0442\u0435\u043b\u043e","potentialAction":[{"@type":"SearchAction","target":{"@type":"EntryPoint","urlTemplate":"https:\/\/kt.gov.rs\/?s={search_term_string}"},"query-input":{"@type":"PropertyValueSpecification","valueRequired":true,"valueName":"search_term_string"}}],"inLanguage":"sq-AL"},{"@type":"Organization","@id":"https:\/\/kt.gov.rs\/#organization","name":"\u041a\u043e\u043e\u0440\u0434\u0438\u043d\u0430\u0446\u0438\u043e\u043d\u043e \u0442\u0435\u043b\u043e \u0412\u043b\u0430\u0434\u0435 \u0420\u0435\u043f\u0443\u0431\u043b\u0438\u043a\u0435 \u0421\u0440\u0431\u0438\u0458\u0435 \u0437\u0430 \u043e\u043f\u0448\u0442\u0438\u043d\u0435 \u041f\u0440\u0435\u0448\u0435\u0432\u043e, \u0411\u0443\u0458\u0430\u043d\u043e\u0432\u0430\u0446 \u0438 \u041c\u0435\u0434\u0432\u0435\u0452a","alternateName":"\u041a\u043e\u043e\u0440\u0434\u0438\u043d\u0430\u0446\u0438\u043e\u043d\u043e \u0442\u0435\u043b\u043e","url":"https:\/\/kt.gov.rs\/","logo":{"@type":"ImageObject","inLanguage":"sq-AL","@id":"https:\/\/kt.gov.rs\/#\/schema\/logo\/image\/","url":"https:\/\/kt.gov.rs\/wp-content\/uploads\/2024\/12\/koord2.jpg","contentUrl":"https:\/\/kt.gov.rs\/wp-content\/uploads\/2024\/12\/koord2.jpg","width":640,"height":480,"caption":"\u041a\u043e\u043e\u0440\u0434\u0438\u043d\u0430\u0446\u0438\u043e\u043d\u043e \u0442\u0435\u043b\u043e \u0412\u043b\u0430\u0434\u0435 \u0420\u0435\u043f\u0443\u0431\u043b\u0438\u043a\u0435 \u0421\u0440\u0431\u0438\u0458\u0435 \u0437\u0430 \u043e\u043f\u0448\u0442\u0438\u043d\u0435 \u041f\u0440\u0435\u0448\u0435\u0432\u043e, \u0411\u0443\u0458\u0430\u043d\u043e\u0432\u0430\u0446 \u0438 \u041c\u0435\u0434\u0432\u0435\u0452a"},"image":{"@id":"https:\/\/kt.gov.rs\/#\/schema\/logo\/image\/"},"sameAs":["https:\/\/www.facebook.com\/SluzbaKoordinacionogTelaVladeRepublikeSrbije","https:\/\/x.com\/kt_gov","https:\/\/www.youtube.com\/@koordinacionotelo"]},{"@type":"Person","@id":"https:\/\/kt.gov.rs\/#\/schema\/person\/e426459ddb4173309103390602694571","name":"ktmin","image":{"@type":"ImageObject","inLanguage":"sq-AL","@id":"https:\/\/secure.gravatar.com\/avatar\/3985c961109853010c3fbc7ba30365bfba5db3dd6c525831d9c595c7525a615a?s=96&d=mm&r=g","url":"https:\/\/secure.gravatar.com\/avatar\/3985c961109853010c3fbc7ba30365bfba5db3dd6c525831d9c595c7525a615a?s=96&d=mm&r=g","contentUrl":"https:\/\/secure.gravatar.com\/avatar\/3985c961109853010c3fbc7ba30365bfba5db3dd6c525831d9c595c7525a615a?s=96&d=mm&r=g","caption":"ktmin"},"sameAs":["https:\/\/kt.gov.rs"],"url":"https:\/\/kt.gov.rs\/sq\/author\/ktmin\/"}]}},"_links":{"self":[{"href":"https:\/\/kt.gov.rs\/sq\/wp-json\/wp\/v2\/posts\/112802","targetHints":{"allow":["GET"]}}],"collection":[{"href":"https:\/\/kt.gov.rs\/sq\/wp-json\/wp\/v2\/posts"}],"about":[{"href":"https:\/\/kt.gov.rs\/sq\/wp-json\/wp\/v2\/types\/post"}],"author":[{"embeddable":true,"href":"https:\/\/kt.gov.rs\/sq\/wp-json\/wp\/v2\/users\/1"}],"replies":[{"embeddable":true,"href":"https:\/\/kt.gov.rs\/sq\/wp-json\/wp\/v2\/comments?post=112802"}],"version-history":[{"count":1,"href":"https:\/\/kt.gov.rs\/sq\/wp-json\/wp\/v2\/posts\/112802\/revisions"}],"predecessor-version":[{"id":112806,"href":"https:\/\/kt.gov.rs\/sq\/wp-json\/wp\/v2\/posts\/112802\/revisions\/112806"}],"wp:featuredmedia":[{"embeddable":true,"href":"https:\/\/kt.gov.rs\/sq\/wp-json\/wp\/v2\/media\/112807"}],"wp:attachment":[{"href":"https:\/\/kt.gov.rs\/sq\/wp-json\/wp\/v2\/media?parent=112802"}],"wp:term":[{"taxonomy":"category","embeddable":true,"href":"https:\/\/kt.gov.rs\/sq\/wp-json\/wp\/v2\/categories?post=112802"},{"taxonomy":"post_tag","embeddable":true,"href":"https:\/\/kt.gov.rs\/sq\/wp-json\/wp\/v2\/tags?post=112802"}],"curies":[{"name":"wp","href":"https:\/\/api.w.org\/{rel}","templated":true}]}}