{"id":112770,"date":"2020-05-05T00:00:00","date_gmt":"2020-05-05T00:00:00","guid":{"rendered":"http:\/\/kt.printandscreen.rs\/konkursi-i-katert-rajonal-per-tregimin-e-shkurt-biber-afati-1-dhjetor-2020\/"},"modified":"2024-07-30T18:05:00","modified_gmt":"2024-07-30T18:05:00","slug":"konkursi-i-katert-rajonal-per-tregimin-e-shkurt-biber-afati-1-dhjetor-2020","status":"publish","type":"post","link":"https:\/\/kt.gov.rs\/sq\/konkursi-i-katert-rajonal-per-tregimin-e-shkurt-biber-afati-1-dhjetor-2020\/","title":{"rendered":"KONKURSI I KAT\u00cbRT RAJONAL P\u00cbR TREGIMIN E SHKURT BIBER (AFATI: 1 Dhjetor 2020)"},"content":{"rendered":"<p>\n\t<img decoding=\"async\" alt=\"\" src=\"https:\/\/kt.gov.rs\/wp-content\/uploads\/2024\/07\/1588667975_050520_3-4.jpg\" style=\"width: 315px; height: 230px; float: left;\" \/><\/p>\n<p>\n\t\u00cbsht\u00eb hapur konkursi i kat\u00ebrt p\u00ebr tregime t\u00eb shkurtra Biber. Punimet mund t\u00eb dor\u00ebzohen nga autor\u00eb q\u00eb shkruajn\u00eb n\u00eb gjuh\u00ebn serbe, shqipe, maqedonase, boshnjake, malazeze ose kroate, si dhe nga ata q\u00eb nuk i kan\u00eb botuar m\u00eb par\u00eb.<\/p>\n<p>\n\tTema e konkursit \u00ebsht\u00eb e zgjeruar. P\u00ebrve\u00e7 tregimeve q\u00eb diskutojn\u00eb pajtimin n\u00eb kontekstin e trash\u00ebgimis\u00eb s\u00eb luft\u00ebrave dhe dhun\u00ebs n\u00eb vendet e ish-Jugosllavis\u00eb, ekzistojn\u00eb edhe histori q\u00eb mund t\u00eb kontribuojn\u00eb p\u00ebr nj\u00eb mir\u00ebkuptim m\u00eb t\u00eb mir\u00eb midis njer\u00ebzve, uljen e urrejtjes dhe paragjykimeve, histori anti-luft\u00eb, histori q\u00eb merren me t\u00eb kaluar\u00ebn, dekonstruksion t\u00eb imazheve t\u00eb armiq\u00ebve, dhembshuri p\u00ebr t\u00eb tjer\u00ebt, histori t\u00eb guximshme, histori q\u00eb shtyjn\u00eb kufijt\u00eb dhe hapin rrug\u00ebn q\u00eb ne t\u00eb nd\u00ebrtojm\u00eb nj\u00eb t\u00eb ardhme m\u00eb t\u00eb sigurt dhe m\u00eb t\u00eb lir\u00eb p\u00ebr t\u00eb gjith\u00eb.<\/p>\n<p>\n\t<strong>Konkursi \u00ebsht\u00eb i hapur deri m\u00eb 1 dhjetor 2020.<\/strong><\/p>\n<p>\n\tAutor\u00ebt e tre tregimeve m\u00eb t\u00eb mira do t\u00eb marrin \u00e7mime n\u00eb t\u00eb holla.<\/p>\n<p>\n\tS\u00eb paku nj\u00ebzet punime t\u00eb zgjedhura do t\u00eb botohen n\u00eb nj\u00eb p\u00ebrmbledhje shum\u00ebgjuh\u00ebshe.<\/p>\n<p>\n\tKonkursi \u00ebsht\u00eb i organizuar nga Ekipi Biber, me mb\u00ebshtetjen e Qendr\u00ebs P\u00ebr Aksion Padhunsh\u00ebm Sarajev\u00eb-Beograd.<\/p>\n<p>\n\tM\u00eb shum\u00eb informacione n\u00eb lidhje me kushtet e konkursit dhe \u00e7mimet mund t\u00eb gjenden n\u00eb faqen Biber<\/p>\n<p>\n\t<a href=\"http:\/\/biber.nenasilje.org\/\" target=\"_blank\" rel=\"noopener\">http:\/\/biber.nenasilje.org<\/a><\/p>\n<p>\n\t<strong>Burimi: Biber dhe Trupi Koordinues<\/strong><\/p>\n<p>\n\t\u00a0<\/p>\n","protected":false},"excerpt":{"rendered":"<p>\u00cbsht\u00eb hapur konkursi i kat\u00ebrt p\u00ebr tregime t\u00eb shkurtra Biber. Punimet mund t\u00eb dor\u00ebzohen nga autor\u00eb q\u00eb shkruajn\u00eb n\u00eb gjuh\u00ebn serbe, shqipe, maqedonase, boshnjake, malazeze ose kroate, si dhe nga ata q\u00eb nuk i kan\u00eb botuar m\u00eb par\u00eb.<\/p>\n","protected":false},"author":1,"featured_media":112775,"comment_status":"closed","ping_status":"closed","sticky":false,"template":"","format":"standard","meta":{"footnotes":""},"categories":[55],"tags":[],"class_list":["post-112770","post","type-post","status-publish","format-standard","has-post-thumbnail","hentry","category-lajme"],"yoast_head":"<!-- This site is optimized with the Yoast SEO plugin v27.5 - https:\/\/yoast.com\/product\/yoast-seo-wordpress\/ -->\n<title>KONKURSI I KAT\u00cbRT RAJONAL P\u00cbR TREGIMIN E SHKURT BIBER (AFATI: 1 Dhjetor 2020) - Republika e S\u00ebrbis\u00eb Trupi Koordinues p\u00ebr komunat Bujanoc, Preshev\u00eb dhe Medvegj\u00eb<\/title>\n<meta name=\"robots\" content=\"index, follow, max-snippet:-1, max-image-preview:large, max-video-preview:-1\" \/>\n<link rel=\"canonical\" href=\"https:\/\/kt.gov.rs\/sq\/konkursi-i-katert-rajonal-per-tregimin-e-shkurt-biber-afati-1-dhjetor-2020\/\" \/>\n<meta property=\"og:locale\" content=\"sq_AL\" \/>\n<meta property=\"og:type\" content=\"article\" \/>\n<meta property=\"og:title\" content=\"KONKURSI I KAT\u00cbRT RAJONAL P\u00cbR TREGIMIN E SHKURT BIBER (AFATI: 1 Dhjetor 2020) - Republika e S\u00ebrbis\u00eb Trupi Koordinues p\u00ebr komunat Bujanoc, Preshev\u00eb dhe Medvegj\u00eb\" \/>\n<meta property=\"og:description\" content=\"\u00cbsht\u00eb hapur konkursi i kat\u00ebrt p\u00ebr tregime t\u00eb shkurtra Biber. Punimet mund t\u00eb dor\u00ebzohen nga autor\u00eb q\u00eb shkruajn\u00eb n\u00eb gjuh\u00ebn serbe, shqipe, maqedonase, boshnjake, malazeze ose kroate, si dhe nga ata q\u00eb nuk i kan\u00eb botuar m\u00eb par\u00eb.\" \/>\n<meta property=\"og:url\" content=\"https:\/\/kt.gov.rs\/sq\/konkursi-i-katert-rajonal-per-tregimin-e-shkurt-biber-afati-1-dhjetor-2020\/\" \/>\n<meta property=\"og:site_name\" content=\"Republika e S\u00ebrbis\u00eb Trupi Koordinues p\u00ebr komunat Bujanoc, Preshev\u00eb dhe Medvegj\u00eb\" \/>\n<meta property=\"article:publisher\" content=\"https:\/\/www.facebook.com\/SluzbaKoordinacionogTelaVladeRepublikeSrbije\" \/>\n<meta property=\"article:published_time\" content=\"2020-05-05T00:00:00+00:00\" \/>\n<meta property=\"article:modified_time\" content=\"2024-07-30T18:05:00+00:00\" \/>\n<meta property=\"og:image\" content=\"https:\/\/kt.gov.rs\/wp-content\/uploads\/2024\/07\/1588667975_050520_3-5.jpg\" \/>\n\t<meta property=\"og:image:width\" content=\"315\" \/>\n\t<meta property=\"og:image:height\" content=\"230\" \/>\n\t<meta property=\"og:image:type\" content=\"image\/jpeg\" \/>\n<meta name=\"author\" content=\"ktmin\" \/>\n<meta name=\"twitter:card\" content=\"summary_large_image\" \/>\n<meta name=\"twitter:creator\" content=\"@kt_gov\" \/>\n<meta name=\"twitter:site\" content=\"@kt_gov\" \/>\n<meta name=\"twitter:label1\" content=\"Written by\" \/>\n\t<meta name=\"twitter:data1\" content=\"ktmin\" \/>\n\t<meta name=\"twitter:label2\" content=\"Est. reading time\" \/>\n\t<meta name=\"twitter:data2\" content=\"2 minutes\" \/>\n<script type=\"application\/ld+json\" class=\"yoast-schema-graph\">{\"@context\":\"https:\\\/\\\/schema.org\",\"@graph\":[{\"@type\":\"Article\",\"@id\":\"https:\\\/\\\/kt.gov.rs\\\/sq\\\/konkursi-i-katert-rajonal-per-tregimin-e-shkurt-biber-afati-1-dhjetor-2020\\\/#article\",\"isPartOf\":{\"@id\":\"https:\\\/\\\/kt.gov.rs\\\/sq\\\/konkursi-i-katert-rajonal-per-tregimin-e-shkurt-biber-afati-1-dhjetor-2020\\\/\"},\"author\":{\"name\":\"ktmin\",\"@id\":\"https:\\\/\\\/kt.gov.rs\\\/#\\\/schema\\\/person\\\/e426459ddb4173309103390602694571\"},\"headline\":\"KONKURSI I KAT\u00cbRT RAJONAL P\u00cbR TREGIMIN E SHKURT BIBER (AFATI: 1 Dhjetor 2020)\",\"datePublished\":\"2020-05-05T00:00:00+00:00\",\"dateModified\":\"2024-07-30T18:05:00+00:00\",\"mainEntityOfPage\":{\"@id\":\"https:\\\/\\\/kt.gov.rs\\\/sq\\\/konkursi-i-katert-rajonal-per-tregimin-e-shkurt-biber-afati-1-dhjetor-2020\\\/\"},\"wordCount\":344,\"publisher\":{\"@id\":\"https:\\\/\\\/kt.gov.rs\\\/#organization\"},\"image\":{\"@id\":\"https:\\\/\\\/kt.gov.rs\\\/sq\\\/konkursi-i-katert-rajonal-per-tregimin-e-shkurt-biber-afati-1-dhjetor-2020\\\/#primaryimage\"},\"thumbnailUrl\":\"https:\\\/\\\/kt.gov.rs\\\/wp-content\\\/uploads\\\/2024\\\/07\\\/1588667975_050520_3-5.jpg\",\"articleSection\":[\"Lajme\"],\"inLanguage\":\"sq-AL\"},{\"@type\":\"WebPage\",\"@id\":\"https:\\\/\\\/kt.gov.rs\\\/sq\\\/konkursi-i-katert-rajonal-per-tregimin-e-shkurt-biber-afati-1-dhjetor-2020\\\/\",\"url\":\"https:\\\/\\\/kt.gov.rs\\\/sq\\\/konkursi-i-katert-rajonal-per-tregimin-e-shkurt-biber-afati-1-dhjetor-2020\\\/\",\"name\":\"KONKURSI I KAT\u00cbRT RAJONAL P\u00cbR TREGIMIN E SHKURT BIBER (AFATI: 1 Dhjetor 2020) - Republika e S\u00ebrbis\u00eb Trupi Koordinues p\u00ebr komunat Bujanoc, Preshev\u00eb dhe Medvegj\u00eb\",\"isPartOf\":{\"@id\":\"https:\\\/\\\/kt.gov.rs\\\/#website\"},\"primaryImageOfPage\":{\"@id\":\"https:\\\/\\\/kt.gov.rs\\\/sq\\\/konkursi-i-katert-rajonal-per-tregimin-e-shkurt-biber-afati-1-dhjetor-2020\\\/#primaryimage\"},\"image\":{\"@id\":\"https:\\\/\\\/kt.gov.rs\\\/sq\\\/konkursi-i-katert-rajonal-per-tregimin-e-shkurt-biber-afati-1-dhjetor-2020\\\/#primaryimage\"},\"thumbnailUrl\":\"https:\\\/\\\/kt.gov.rs\\\/wp-content\\\/uploads\\\/2024\\\/07\\\/1588667975_050520_3-5.jpg\",\"datePublished\":\"2020-05-05T00:00:00+00:00\",\"dateModified\":\"2024-07-30T18:05:00+00:00\",\"breadcrumb\":{\"@id\":\"https:\\\/\\\/kt.gov.rs\\\/sq\\\/konkursi-i-katert-rajonal-per-tregimin-e-shkurt-biber-afati-1-dhjetor-2020\\\/#breadcrumb\"},\"inLanguage\":\"sq-AL\",\"potentialAction\":[{\"@type\":\"ReadAction\",\"target\":[\"https:\\\/\\\/kt.gov.rs\\\/sq\\\/konkursi-i-katert-rajonal-per-tregimin-e-shkurt-biber-afati-1-dhjetor-2020\\\/\"]}]},{\"@type\":\"ImageObject\",\"inLanguage\":\"sq-AL\",\"@id\":\"https:\\\/\\\/kt.gov.rs\\\/sq\\\/konkursi-i-katert-rajonal-per-tregimin-e-shkurt-biber-afati-1-dhjetor-2020\\\/#primaryimage\",\"url\":\"https:\\\/\\\/kt.gov.rs\\\/wp-content\\\/uploads\\\/2024\\\/07\\\/1588667975_050520_3-5.jpg\",\"contentUrl\":\"https:\\\/\\\/kt.gov.rs\\\/wp-content\\\/uploads\\\/2024\\\/07\\\/1588667975_050520_3-5.jpg\",\"width\":315,\"height\":230},{\"@type\":\"BreadcrumbList\",\"@id\":\"https:\\\/\\\/kt.gov.rs\\\/sq\\\/konkursi-i-katert-rajonal-per-tregimin-e-shkurt-biber-afati-1-dhjetor-2020\\\/#breadcrumb\",\"itemListElement\":[{\"@type\":\"ListItem\",\"position\":1,\"name\":\"\u041f\u043e\u0447\u0435\u0442\u043d\u0430\",\"item\":\"https:\\\/\\\/kt.gov.rs\\\/sq\\\/\"},{\"@type\":\"ListItem\",\"position\":2,\"name\":\"KONKURSI I KAT\u00cbRT RAJONAL P\u00cbR TREGIMIN E SHKURT BIBER (AFATI: 1 Dhjetor 2020)\"}]},{\"@type\":\"WebSite\",\"@id\":\"https:\\\/\\\/kt.gov.rs\\\/#website\",\"url\":\"https:\\\/\\\/kt.gov.rs\\\/\",\"name\":\"\u041a\u043e\u043e\u0440\u0434\u0438\u043d\u0430\u0446\u0438\u043e\u043d\u043e \u0442\u0435\u043b\u043e \u0412\u043b\u0430\u0434\u0435 \u0420\u0435\u043f\u0443\u0431\u043b\u0438\u043a\u0435 \u0421\u0440\u0431\u0438\u0458\u0435 \u0437\u0430 \u043e\u043f\u0448\u0442\u0438\u043d\u0435 \u041f\u0440\u0435\u0448\u0435\u0432\u043e, \u0411\u0443\u0458\u0430\u043d\u043e\u0432\u0430\u0446 \u0438 \u041c\u0435\u0434\u0432\u0435\u0452a\",\"description\":\"\",\"publisher\":{\"@id\":\"https:\\\/\\\/kt.gov.rs\\\/#organization\"},\"alternateName\":\"\u041a\u043e\u043e\u0440\u0434\u0438\u043d\u0430\u0446\u0438\u043e\u043d\u043e \u0442\u0435\u043b\u043e\",\"potentialAction\":[{\"@type\":\"SearchAction\",\"target\":{\"@type\":\"EntryPoint\",\"urlTemplate\":\"https:\\\/\\\/kt.gov.rs\\\/?s={search_term_string}\"},\"query-input\":{\"@type\":\"PropertyValueSpecification\",\"valueRequired\":true,\"valueName\":\"search_term_string\"}}],\"inLanguage\":\"sq-AL\"},{\"@type\":\"Organization\",\"@id\":\"https:\\\/\\\/kt.gov.rs\\\/#organization\",\"name\":\"\u041a\u043e\u043e\u0440\u0434\u0438\u043d\u0430\u0446\u0438\u043e\u043d\u043e \u0442\u0435\u043b\u043e \u0412\u043b\u0430\u0434\u0435 \u0420\u0435\u043f\u0443\u0431\u043b\u0438\u043a\u0435 \u0421\u0440\u0431\u0438\u0458\u0435 \u0437\u0430 \u043e\u043f\u0448\u0442\u0438\u043d\u0435 \u041f\u0440\u0435\u0448\u0435\u0432\u043e, \u0411\u0443\u0458\u0430\u043d\u043e\u0432\u0430\u0446 \u0438 \u041c\u0435\u0434\u0432\u0435\u0452a\",\"alternateName\":\"\u041a\u043e\u043e\u0440\u0434\u0438\u043d\u0430\u0446\u0438\u043e\u043d\u043e \u0442\u0435\u043b\u043e\",\"url\":\"https:\\\/\\\/kt.gov.rs\\\/\",\"logo\":{\"@type\":\"ImageObject\",\"inLanguage\":\"sq-AL\",\"@id\":\"https:\\\/\\\/kt.gov.rs\\\/#\\\/schema\\\/logo\\\/image\\\/\",\"url\":\"https:\\\/\\\/kt.gov.rs\\\/wp-content\\\/uploads\\\/2024\\\/12\\\/koord2.jpg\",\"contentUrl\":\"https:\\\/\\\/kt.gov.rs\\\/wp-content\\\/uploads\\\/2024\\\/12\\\/koord2.jpg\",\"width\":640,\"height\":480,\"caption\":\"\u041a\u043e\u043e\u0440\u0434\u0438\u043d\u0430\u0446\u0438\u043e\u043d\u043e \u0442\u0435\u043b\u043e \u0412\u043b\u0430\u0434\u0435 \u0420\u0435\u043f\u0443\u0431\u043b\u0438\u043a\u0435 \u0421\u0440\u0431\u0438\u0458\u0435 \u0437\u0430 \u043e\u043f\u0448\u0442\u0438\u043d\u0435 \u041f\u0440\u0435\u0448\u0435\u0432\u043e, \u0411\u0443\u0458\u0430\u043d\u043e\u0432\u0430\u0446 \u0438 \u041c\u0435\u0434\u0432\u0435\u0452a\"},\"image\":{\"@id\":\"https:\\\/\\\/kt.gov.rs\\\/#\\\/schema\\\/logo\\\/image\\\/\"},\"sameAs\":[\"https:\\\/\\\/www.facebook.com\\\/SluzbaKoordinacionogTelaVladeRepublikeSrbije\",\"https:\\\/\\\/x.com\\\/kt_gov\",\"https:\\\/\\\/www.youtube.com\\\/@koordinacionotelo\"]},{\"@type\":\"Person\",\"@id\":\"https:\\\/\\\/kt.gov.rs\\\/#\\\/schema\\\/person\\\/e426459ddb4173309103390602694571\",\"name\":\"ktmin\",\"image\":{\"@type\":\"ImageObject\",\"inLanguage\":\"sq-AL\",\"@id\":\"https:\\\/\\\/secure.gravatar.com\\\/avatar\\\/3985c961109853010c3fbc7ba30365bfba5db3dd6c525831d9c595c7525a615a?s=96&d=mm&r=g\",\"url\":\"https:\\\/\\\/secure.gravatar.com\\\/avatar\\\/3985c961109853010c3fbc7ba30365bfba5db3dd6c525831d9c595c7525a615a?s=96&d=mm&r=g\",\"contentUrl\":\"https:\\\/\\\/secure.gravatar.com\\\/avatar\\\/3985c961109853010c3fbc7ba30365bfba5db3dd6c525831d9c595c7525a615a?s=96&d=mm&r=g\",\"caption\":\"ktmin\"},\"sameAs\":[\"https:\\\/\\\/kt.gov.rs\"],\"url\":\"https:\\\/\\\/kt.gov.rs\\\/sq\\\/author\\\/ktmin\\\/\"}]}<\/script>\n<!-- \/ Yoast SEO plugin. -->","yoast_head_json":{"title":"KONKURSI I KAT\u00cbRT RAJONAL P\u00cbR TREGIMIN E SHKURT BIBER (AFATI: 1 Dhjetor 2020) - Republika e S\u00ebrbis\u00eb Trupi Koordinues p\u00ebr komunat Bujanoc, Preshev\u00eb dhe Medvegj\u00eb","robots":{"index":"index","follow":"follow","max-snippet":"max-snippet:-1","max-image-preview":"max-image-preview:large","max-video-preview":"max-video-preview:-1"},"canonical":"https:\/\/kt.gov.rs\/sq\/konkursi-i-katert-rajonal-per-tregimin-e-shkurt-biber-afati-1-dhjetor-2020\/","og_locale":"sq_AL","og_type":"article","og_title":"KONKURSI I KAT\u00cbRT RAJONAL P\u00cbR TREGIMIN E SHKURT BIBER (AFATI: 1 Dhjetor 2020) - Republika e S\u00ebrbis\u00eb Trupi Koordinues p\u00ebr komunat Bujanoc, Preshev\u00eb dhe Medvegj\u00eb","og_description":"\u00cbsht\u00eb hapur konkursi i kat\u00ebrt p\u00ebr tregime t\u00eb shkurtra Biber. Punimet mund t\u00eb dor\u00ebzohen nga autor\u00eb q\u00eb shkruajn\u00eb n\u00eb gjuh\u00ebn serbe, shqipe, maqedonase, boshnjake, malazeze ose kroate, si dhe nga ata q\u00eb nuk i kan\u00eb botuar m\u00eb par\u00eb.","og_url":"https:\/\/kt.gov.rs\/sq\/konkursi-i-katert-rajonal-per-tregimin-e-shkurt-biber-afati-1-dhjetor-2020\/","og_site_name":"Republika e S\u00ebrbis\u00eb Trupi Koordinues p\u00ebr komunat Bujanoc, Preshev\u00eb dhe Medvegj\u00eb","article_publisher":"https:\/\/www.facebook.com\/SluzbaKoordinacionogTelaVladeRepublikeSrbije","article_published_time":"2020-05-05T00:00:00+00:00","article_modified_time":"2024-07-30T18:05:00+00:00","og_image":[{"width":315,"height":230,"url":"https:\/\/kt.gov.rs\/wp-content\/uploads\/2024\/07\/1588667975_050520_3-5.jpg","type":"image\/jpeg"}],"author":"ktmin","twitter_card":"summary_large_image","twitter_creator":"@kt_gov","twitter_site":"@kt_gov","twitter_misc":{"Written by":"ktmin","Est. reading time":"2 minutes"},"schema":{"@context":"https:\/\/schema.org","@graph":[{"@type":"Article","@id":"https:\/\/kt.gov.rs\/sq\/konkursi-i-katert-rajonal-per-tregimin-e-shkurt-biber-afati-1-dhjetor-2020\/#article","isPartOf":{"@id":"https:\/\/kt.gov.rs\/sq\/konkursi-i-katert-rajonal-per-tregimin-e-shkurt-biber-afati-1-dhjetor-2020\/"},"author":{"name":"ktmin","@id":"https:\/\/kt.gov.rs\/#\/schema\/person\/e426459ddb4173309103390602694571"},"headline":"KONKURSI I KAT\u00cbRT RAJONAL P\u00cbR TREGIMIN E SHKURT BIBER (AFATI: 1 Dhjetor 2020)","datePublished":"2020-05-05T00:00:00+00:00","dateModified":"2024-07-30T18:05:00+00:00","mainEntityOfPage":{"@id":"https:\/\/kt.gov.rs\/sq\/konkursi-i-katert-rajonal-per-tregimin-e-shkurt-biber-afati-1-dhjetor-2020\/"},"wordCount":344,"publisher":{"@id":"https:\/\/kt.gov.rs\/#organization"},"image":{"@id":"https:\/\/kt.gov.rs\/sq\/konkursi-i-katert-rajonal-per-tregimin-e-shkurt-biber-afati-1-dhjetor-2020\/#primaryimage"},"thumbnailUrl":"https:\/\/kt.gov.rs\/wp-content\/uploads\/2024\/07\/1588667975_050520_3-5.jpg","articleSection":["Lajme"],"inLanguage":"sq-AL"},{"@type":"WebPage","@id":"https:\/\/kt.gov.rs\/sq\/konkursi-i-katert-rajonal-per-tregimin-e-shkurt-biber-afati-1-dhjetor-2020\/","url":"https:\/\/kt.gov.rs\/sq\/konkursi-i-katert-rajonal-per-tregimin-e-shkurt-biber-afati-1-dhjetor-2020\/","name":"KONKURSI I KAT\u00cbRT RAJONAL P\u00cbR TREGIMIN E SHKURT BIBER (AFATI: 1 Dhjetor 2020) - Republika e S\u00ebrbis\u00eb Trupi Koordinues p\u00ebr komunat Bujanoc, Preshev\u00eb dhe Medvegj\u00eb","isPartOf":{"@id":"https:\/\/kt.gov.rs\/#website"},"primaryImageOfPage":{"@id":"https:\/\/kt.gov.rs\/sq\/konkursi-i-katert-rajonal-per-tregimin-e-shkurt-biber-afati-1-dhjetor-2020\/#primaryimage"},"image":{"@id":"https:\/\/kt.gov.rs\/sq\/konkursi-i-katert-rajonal-per-tregimin-e-shkurt-biber-afati-1-dhjetor-2020\/#primaryimage"},"thumbnailUrl":"https:\/\/kt.gov.rs\/wp-content\/uploads\/2024\/07\/1588667975_050520_3-5.jpg","datePublished":"2020-05-05T00:00:00+00:00","dateModified":"2024-07-30T18:05:00+00:00","breadcrumb":{"@id":"https:\/\/kt.gov.rs\/sq\/konkursi-i-katert-rajonal-per-tregimin-e-shkurt-biber-afati-1-dhjetor-2020\/#breadcrumb"},"inLanguage":"sq-AL","potentialAction":[{"@type":"ReadAction","target":["https:\/\/kt.gov.rs\/sq\/konkursi-i-katert-rajonal-per-tregimin-e-shkurt-biber-afati-1-dhjetor-2020\/"]}]},{"@type":"ImageObject","inLanguage":"sq-AL","@id":"https:\/\/kt.gov.rs\/sq\/konkursi-i-katert-rajonal-per-tregimin-e-shkurt-biber-afati-1-dhjetor-2020\/#primaryimage","url":"https:\/\/kt.gov.rs\/wp-content\/uploads\/2024\/07\/1588667975_050520_3-5.jpg","contentUrl":"https:\/\/kt.gov.rs\/wp-content\/uploads\/2024\/07\/1588667975_050520_3-5.jpg","width":315,"height":230},{"@type":"BreadcrumbList","@id":"https:\/\/kt.gov.rs\/sq\/konkursi-i-katert-rajonal-per-tregimin-e-shkurt-biber-afati-1-dhjetor-2020\/#breadcrumb","itemListElement":[{"@type":"ListItem","position":1,"name":"\u041f\u043e\u0447\u0435\u0442\u043d\u0430","item":"https:\/\/kt.gov.rs\/sq\/"},{"@type":"ListItem","position":2,"name":"KONKURSI I KAT\u00cbRT RAJONAL P\u00cbR TREGIMIN E SHKURT BIBER (AFATI: 1 Dhjetor 2020)"}]},{"@type":"WebSite","@id":"https:\/\/kt.gov.rs\/#website","url":"https:\/\/kt.gov.rs\/","name":"\u041a\u043e\u043e\u0440\u0434\u0438\u043d\u0430\u0446\u0438\u043e\u043d\u043e \u0442\u0435\u043b\u043e \u0412\u043b\u0430\u0434\u0435 \u0420\u0435\u043f\u0443\u0431\u043b\u0438\u043a\u0435 \u0421\u0440\u0431\u0438\u0458\u0435 \u0437\u0430 \u043e\u043f\u0448\u0442\u0438\u043d\u0435 \u041f\u0440\u0435\u0448\u0435\u0432\u043e, \u0411\u0443\u0458\u0430\u043d\u043e\u0432\u0430\u0446 \u0438 \u041c\u0435\u0434\u0432\u0435\u0452a","description":"","publisher":{"@id":"https:\/\/kt.gov.rs\/#organization"},"alternateName":"\u041a\u043e\u043e\u0440\u0434\u0438\u043d\u0430\u0446\u0438\u043e\u043d\u043e \u0442\u0435\u043b\u043e","potentialAction":[{"@type":"SearchAction","target":{"@type":"EntryPoint","urlTemplate":"https:\/\/kt.gov.rs\/?s={search_term_string}"},"query-input":{"@type":"PropertyValueSpecification","valueRequired":true,"valueName":"search_term_string"}}],"inLanguage":"sq-AL"},{"@type":"Organization","@id":"https:\/\/kt.gov.rs\/#organization","name":"\u041a\u043e\u043e\u0440\u0434\u0438\u043d\u0430\u0446\u0438\u043e\u043d\u043e \u0442\u0435\u043b\u043e \u0412\u043b\u0430\u0434\u0435 \u0420\u0435\u043f\u0443\u0431\u043b\u0438\u043a\u0435 \u0421\u0440\u0431\u0438\u0458\u0435 \u0437\u0430 \u043e\u043f\u0448\u0442\u0438\u043d\u0435 \u041f\u0440\u0435\u0448\u0435\u0432\u043e, \u0411\u0443\u0458\u0430\u043d\u043e\u0432\u0430\u0446 \u0438 \u041c\u0435\u0434\u0432\u0435\u0452a","alternateName":"\u041a\u043e\u043e\u0440\u0434\u0438\u043d\u0430\u0446\u0438\u043e\u043d\u043e \u0442\u0435\u043b\u043e","url":"https:\/\/kt.gov.rs\/","logo":{"@type":"ImageObject","inLanguage":"sq-AL","@id":"https:\/\/kt.gov.rs\/#\/schema\/logo\/image\/","url":"https:\/\/kt.gov.rs\/wp-content\/uploads\/2024\/12\/koord2.jpg","contentUrl":"https:\/\/kt.gov.rs\/wp-content\/uploads\/2024\/12\/koord2.jpg","width":640,"height":480,"caption":"\u041a\u043e\u043e\u0440\u0434\u0438\u043d\u0430\u0446\u0438\u043e\u043d\u043e \u0442\u0435\u043b\u043e \u0412\u043b\u0430\u0434\u0435 \u0420\u0435\u043f\u0443\u0431\u043b\u0438\u043a\u0435 \u0421\u0440\u0431\u0438\u0458\u0435 \u0437\u0430 \u043e\u043f\u0448\u0442\u0438\u043d\u0435 \u041f\u0440\u0435\u0448\u0435\u0432\u043e, \u0411\u0443\u0458\u0430\u043d\u043e\u0432\u0430\u0446 \u0438 \u041c\u0435\u0434\u0432\u0435\u0452a"},"image":{"@id":"https:\/\/kt.gov.rs\/#\/schema\/logo\/image\/"},"sameAs":["https:\/\/www.facebook.com\/SluzbaKoordinacionogTelaVladeRepublikeSrbije","https:\/\/x.com\/kt_gov","https:\/\/www.youtube.com\/@koordinacionotelo"]},{"@type":"Person","@id":"https:\/\/kt.gov.rs\/#\/schema\/person\/e426459ddb4173309103390602694571","name":"ktmin","image":{"@type":"ImageObject","inLanguage":"sq-AL","@id":"https:\/\/secure.gravatar.com\/avatar\/3985c961109853010c3fbc7ba30365bfba5db3dd6c525831d9c595c7525a615a?s=96&d=mm&r=g","url":"https:\/\/secure.gravatar.com\/avatar\/3985c961109853010c3fbc7ba30365bfba5db3dd6c525831d9c595c7525a615a?s=96&d=mm&r=g","contentUrl":"https:\/\/secure.gravatar.com\/avatar\/3985c961109853010c3fbc7ba30365bfba5db3dd6c525831d9c595c7525a615a?s=96&d=mm&r=g","caption":"ktmin"},"sameAs":["https:\/\/kt.gov.rs"],"url":"https:\/\/kt.gov.rs\/sq\/author\/ktmin\/"}]}},"_links":{"self":[{"href":"https:\/\/kt.gov.rs\/sq\/wp-json\/wp\/v2\/posts\/112770","targetHints":{"allow":["GET"]}}],"collection":[{"href":"https:\/\/kt.gov.rs\/sq\/wp-json\/wp\/v2\/posts"}],"about":[{"href":"https:\/\/kt.gov.rs\/sq\/wp-json\/wp\/v2\/types\/post"}],"author":[{"embeddable":true,"href":"https:\/\/kt.gov.rs\/sq\/wp-json\/wp\/v2\/users\/1"}],"replies":[{"embeddable":true,"href":"https:\/\/kt.gov.rs\/sq\/wp-json\/wp\/v2\/comments?post=112770"}],"version-history":[{"count":1,"href":"https:\/\/kt.gov.rs\/sq\/wp-json\/wp\/v2\/posts\/112770\/revisions"}],"predecessor-version":[{"id":112774,"href":"https:\/\/kt.gov.rs\/sq\/wp-json\/wp\/v2\/posts\/112770\/revisions\/112774"}],"wp:featuredmedia":[{"embeddable":true,"href":"https:\/\/kt.gov.rs\/sq\/wp-json\/wp\/v2\/media\/112775"}],"wp:attachment":[{"href":"https:\/\/kt.gov.rs\/sq\/wp-json\/wp\/v2\/media?parent=112770"}],"wp:term":[{"taxonomy":"category","embeddable":true,"href":"https:\/\/kt.gov.rs\/sq\/wp-json\/wp\/v2\/categories?post=112770"},{"taxonomy":"post_tag","embeddable":true,"href":"https:\/\/kt.gov.rs\/sq\/wp-json\/wp\/v2\/tags?post=112770"}],"curies":[{"name":"wp","href":"https:\/\/api.w.org\/{rel}","templated":true}]}}