{"id":112762,"date":"2020-05-05T00:00:00","date_gmt":"2020-05-05T00:00:00","guid":{"rendered":"http:\/\/kt.printandscreen.rs\/aksioni-i-organizuar-i-rregullimit-te-hapesirave-publike-tek-shtepia-e-shendetit\/"},"modified":"2024-07-30T18:04:59","modified_gmt":"2024-07-30T18:04:59","slug":"aksioni-i-organizuar-i-rregullimit-te-hapesirave-publike-tek-shtepia-e-shendetit","status":"publish","type":"post","link":"https:\/\/kt.gov.rs\/sq\/aksioni-i-organizuar-i-rregullimit-te-hapesirave-publike-tek-shtepia-e-shendetit\/","title":{"rendered":"AKSIONI I ORGANIZUAR I RREGULLIMIT T\u00cb HAP\u00cbSIRAVE PUBLIKE TEK SHT\u00cbPIA E SH\u00cbNDETIT"},"content":{"rendered":"<p>\n\t<strong><img decoding=\"async\" alt=\"\" src=\"https:\/\/kt.gov.rs\/wp-content\/uploads\/2024\/07\/1588668021_050520_4-4.jpg\" style=\"width: 315px; height: 230px; float: left;\" \/><\/strong><\/p>\n<p>\n\t<strong>Bujanoc \u2013<\/strong> Vet\u00ebqeverisja lokale vazhdon me pastrimin dhe rregullimin pranveror t\u00eb Bujanocit, sipas Rahim Salihit, kreut t\u00eb Departamentit Komunal p\u00ebr Investime dhe Zhvillim, dhe n\u00eb rend \u00ebsht\u00eb rregullimi dhe pastrimi i hap\u00ebsir\u00ebs tek Sht\u00ebpia e Sh\u00ebndetit n\u00eb Bujanoc. \u00a0<\/p>\n<p>\n\tDhjetra punonj\u00ebs t\u00eb NP Komunalia ishin angazhuar n\u00eb pastrimin e rrethit t\u00eb objektit qendror t\u00eb kujdesit sh\u00ebndet\u00ebsor n\u00eb komun\u00eb, e cila, sipas Salihit, ishte mjaft e l\u00ebn\u00eb pas dore.<\/p>\n<p>\n\t&quot;Si pjes\u00eb e operacionit t\u00eb pastrimit t\u00eb qytetit, i cili ka vazhduar p\u00ebr tre jav\u00eb, ne po pastrojm\u00eb plot\u00ebsisht zon\u00ebn p\u00ebrreth Sht\u00ebpis\u00eb s\u00eb Sh\u00ebndetit, p\u00ebr t\u00eb cil\u00ebn punonj\u00ebsit e objektit thon\u00eb se nuk \u00ebsht\u00eb pastruar me vite, si\u00e7 d\u00ebshmohet nga sasia e mbeturinave t\u00eb hedhura. Kjo l\u00ebvizje duhet t\u00eb mbahet, pavar\u00ebsisht situat\u00ebs me virusin korona\u201d, tha Salihi.<\/p>\n<p>\n\tSipas tij, pushteti vendor shfryt\u00ebzon situat\u00ebn e jasht\u00ebzakonshme dhe or\u00ebn policore p\u00ebr t\u00eb ngritur nivelin e past\u00ebrtis\u00eb s\u00eb hap\u00ebsirave publike n\u00eb qytet.<\/p>\n<p>\n\t&quot;Ne kemi hequr disa deponi t\u00eb egra, i kemi pastruar plot\u00ebsisht dhe kemi lar\u00eb rrug\u00ebn kryesore, dhe vazhdojm\u00eb p\u00ebrgjat\u00eb rrug\u00ebs s\u00eb Gjilanit, pastaj pjes\u00ebrisht n\u00eb hyrje t\u00eb qytetit, rrug\u00ebn drejt tregut t\u00eb qytetit, dhe n\u00eb fund do t\u00eb pastrohen plot\u00ebsisht rrug\u00ebt af\u00ebr kopshtit t\u00eb qytetit\u201d, njoftoi Salihi.<\/p>\n<p>\n\tN\u00eb bashk\u00ebpunim me Bashk\u00ebsin\u00eb Lokale t\u00eb T\u00ebrnocit t\u00eb Madh, \u00a0ka filluar edhe pastrimi i k\u00ebtij vendbanimi, dhe Salihi ka fal\u00ebnderuar ve\u00e7an\u00ebrisht nj\u00eb num\u00ebr t\u00eb madh t\u00eb vendasve q\u00eb kan\u00eb shprehur gatishm\u00ebrin\u00eb e tyre p\u00ebr t\u00eb b\u00ebr\u00eb vullnetar\u00eb n\u00eb aksione n\u00eb k\u00ebt\u00eb fshat.<\/p>\n<p>\n\t<strong>Burimi: Bujanova\u00e7ke dhe Trupi Koordinues<\/strong><\/p>\n<p>\n\t\u00a0<\/p>\n","protected":false},"excerpt":{"rendered":"<p>Bujanoc \u2013\u00a0Vet\u00ebqeverisja lokale vazhdon me pastrimin dhe rregullimin pranveror t\u00eb Bujanocit, sipas Rahim Salihit, kreut t\u00eb Departamentit Komunal p\u00ebr Investime dhe Zhvillim, dhe n\u00eb rend \u00ebsht\u00eb rregullimi dhe pastrimi i hap\u00ebsir\u00ebs tek Sht\u00ebpia e Sh\u00ebndetit n\u00eb Bujanoc.\u00a0\u00a0<\/p>\n","protected":false},"author":1,"featured_media":112767,"comment_status":"closed","ping_status":"closed","sticky":false,"template":"","format":"standard","meta":{"footnotes":""},"categories":[55],"tags":[],"class_list":["post-112762","post","type-post","status-publish","format-standard","has-post-thumbnail","hentry","category-lajme"],"yoast_head":"<!-- This site is optimized with the Yoast SEO plugin v27.5 - https:\/\/yoast.com\/product\/yoast-seo-wordpress\/ -->\n<title>AKSIONI I ORGANIZUAR I RREGULLIMIT T\u00cb HAP\u00cbSIRAVE PUBLIKE TEK SHT\u00cbPIA E SH\u00cbNDETIT - Republika e S\u00ebrbis\u00eb Trupi Koordinues p\u00ebr komunat Bujanoc, Preshev\u00eb dhe Medvegj\u00eb<\/title>\n<meta name=\"robots\" content=\"index, follow, max-snippet:-1, max-image-preview:large, max-video-preview:-1\" \/>\n<link rel=\"canonical\" href=\"https:\/\/kt.gov.rs\/sq\/aksioni-i-organizuar-i-rregullimit-te-hapesirave-publike-tek-shtepia-e-shendetit\/\" \/>\n<meta property=\"og:locale\" content=\"sq_AL\" \/>\n<meta property=\"og:type\" content=\"article\" \/>\n<meta property=\"og:title\" content=\"AKSIONI I ORGANIZUAR I RREGULLIMIT T\u00cb HAP\u00cbSIRAVE PUBLIKE TEK SHT\u00cbPIA E SH\u00cbNDETIT - Republika e S\u00ebrbis\u00eb Trupi Koordinues p\u00ebr komunat Bujanoc, Preshev\u00eb dhe Medvegj\u00eb\" \/>\n<meta property=\"og:description\" content=\"Bujanoc -\u00a0Vet\u00ebqeverisja lokale vazhdon me pastrimin dhe rregullimin pranveror t\u00eb Bujanocit, sipas Rahim Salihit, kreut t\u00eb Departamentit Komunal p\u00ebr Investime dhe Zhvillim, dhe n\u00eb rend \u00ebsht\u00eb rregullimi dhe pastrimi i hap\u00ebsir\u00ebs tek Sht\u00ebpia e Sh\u00ebndetit n\u00eb Bujanoc.\u00a0\u00a0\" \/>\n<meta property=\"og:url\" content=\"https:\/\/kt.gov.rs\/sq\/aksioni-i-organizuar-i-rregullimit-te-hapesirave-publike-tek-shtepia-e-shendetit\/\" \/>\n<meta property=\"og:site_name\" content=\"Republika e S\u00ebrbis\u00eb Trupi Koordinues p\u00ebr komunat Bujanoc, Preshev\u00eb dhe Medvegj\u00eb\" \/>\n<meta property=\"article:publisher\" content=\"https:\/\/www.facebook.com\/SluzbaKoordinacionogTelaVladeRepublikeSrbije\" \/>\n<meta property=\"article:published_time\" content=\"2020-05-05T00:00:00+00:00\" \/>\n<meta property=\"article:modified_time\" content=\"2024-07-30T18:04:59+00:00\" \/>\n<meta property=\"og:image\" content=\"https:\/\/kt.gov.rs\/wp-content\/uploads\/2024\/07\/1588668021_050520_4-5.jpg\" \/>\n\t<meta property=\"og:image:width\" content=\"315\" \/>\n\t<meta property=\"og:image:height\" content=\"230\" \/>\n\t<meta property=\"og:image:type\" content=\"image\/jpeg\" \/>\n<meta name=\"author\" content=\"ktmin\" \/>\n<meta name=\"twitter:card\" content=\"summary_large_image\" \/>\n<meta name=\"twitter:creator\" content=\"@kt_gov\" \/>\n<meta name=\"twitter:site\" content=\"@kt_gov\" \/>\n<meta name=\"twitter:label1\" content=\"Written by\" \/>\n\t<meta name=\"twitter:data1\" content=\"ktmin\" \/>\n\t<meta name=\"twitter:label2\" content=\"Est. reading time\" \/>\n\t<meta name=\"twitter:data2\" content=\"2 minutes\" \/>\n<script type=\"application\/ld+json\" class=\"yoast-schema-graph\">{\"@context\":\"https:\\\/\\\/schema.org\",\"@graph\":[{\"@type\":\"Article\",\"@id\":\"https:\\\/\\\/kt.gov.rs\\\/sq\\\/aksioni-i-organizuar-i-rregullimit-te-hapesirave-publike-tek-shtepia-e-shendetit\\\/#article\",\"isPartOf\":{\"@id\":\"https:\\\/\\\/kt.gov.rs\\\/sq\\\/aksioni-i-organizuar-i-rregullimit-te-hapesirave-publike-tek-shtepia-e-shendetit\\\/\"},\"author\":{\"name\":\"ktmin\",\"@id\":\"https:\\\/\\\/kt.gov.rs\\\/#\\\/schema\\\/person\\\/e426459ddb4173309103390602694571\"},\"headline\":\"AKSIONI I ORGANIZUAR I RREGULLIMIT T\u00cb HAP\u00cbSIRAVE PUBLIKE TEK SHT\u00cbPIA E SH\u00cbNDETIT\",\"datePublished\":\"2020-05-05T00:00:00+00:00\",\"dateModified\":\"2024-07-30T18:04:59+00:00\",\"mainEntityOfPage\":{\"@id\":\"https:\\\/\\\/kt.gov.rs\\\/sq\\\/aksioni-i-organizuar-i-rregullimit-te-hapesirave-publike-tek-shtepia-e-shendetit\\\/\"},\"wordCount\":424,\"publisher\":{\"@id\":\"https:\\\/\\\/kt.gov.rs\\\/#organization\"},\"image\":{\"@id\":\"https:\\\/\\\/kt.gov.rs\\\/sq\\\/aksioni-i-organizuar-i-rregullimit-te-hapesirave-publike-tek-shtepia-e-shendetit\\\/#primaryimage\"},\"thumbnailUrl\":\"https:\\\/\\\/kt.gov.rs\\\/wp-content\\\/uploads\\\/2024\\\/07\\\/1588668021_050520_4-5.jpg\",\"articleSection\":[\"Lajme\"],\"inLanguage\":\"sq-AL\"},{\"@type\":\"WebPage\",\"@id\":\"https:\\\/\\\/kt.gov.rs\\\/sq\\\/aksioni-i-organizuar-i-rregullimit-te-hapesirave-publike-tek-shtepia-e-shendetit\\\/\",\"url\":\"https:\\\/\\\/kt.gov.rs\\\/sq\\\/aksioni-i-organizuar-i-rregullimit-te-hapesirave-publike-tek-shtepia-e-shendetit\\\/\",\"name\":\"AKSIONI I ORGANIZUAR I RREGULLIMIT T\u00cb HAP\u00cbSIRAVE PUBLIKE TEK SHT\u00cbPIA E SH\u00cbNDETIT - Republika e S\u00ebrbis\u00eb Trupi Koordinues p\u00ebr komunat Bujanoc, Preshev\u00eb dhe Medvegj\u00eb\",\"isPartOf\":{\"@id\":\"https:\\\/\\\/kt.gov.rs\\\/#website\"},\"primaryImageOfPage\":{\"@id\":\"https:\\\/\\\/kt.gov.rs\\\/sq\\\/aksioni-i-organizuar-i-rregullimit-te-hapesirave-publike-tek-shtepia-e-shendetit\\\/#primaryimage\"},\"image\":{\"@id\":\"https:\\\/\\\/kt.gov.rs\\\/sq\\\/aksioni-i-organizuar-i-rregullimit-te-hapesirave-publike-tek-shtepia-e-shendetit\\\/#primaryimage\"},\"thumbnailUrl\":\"https:\\\/\\\/kt.gov.rs\\\/wp-content\\\/uploads\\\/2024\\\/07\\\/1588668021_050520_4-5.jpg\",\"datePublished\":\"2020-05-05T00:00:00+00:00\",\"dateModified\":\"2024-07-30T18:04:59+00:00\",\"breadcrumb\":{\"@id\":\"https:\\\/\\\/kt.gov.rs\\\/sq\\\/aksioni-i-organizuar-i-rregullimit-te-hapesirave-publike-tek-shtepia-e-shendetit\\\/#breadcrumb\"},\"inLanguage\":\"sq-AL\",\"potentialAction\":[{\"@type\":\"ReadAction\",\"target\":[\"https:\\\/\\\/kt.gov.rs\\\/sq\\\/aksioni-i-organizuar-i-rregullimit-te-hapesirave-publike-tek-shtepia-e-shendetit\\\/\"]}]},{\"@type\":\"ImageObject\",\"inLanguage\":\"sq-AL\",\"@id\":\"https:\\\/\\\/kt.gov.rs\\\/sq\\\/aksioni-i-organizuar-i-rregullimit-te-hapesirave-publike-tek-shtepia-e-shendetit\\\/#primaryimage\",\"url\":\"https:\\\/\\\/kt.gov.rs\\\/wp-content\\\/uploads\\\/2024\\\/07\\\/1588668021_050520_4-5.jpg\",\"contentUrl\":\"https:\\\/\\\/kt.gov.rs\\\/wp-content\\\/uploads\\\/2024\\\/07\\\/1588668021_050520_4-5.jpg\",\"width\":315,\"height\":230},{\"@type\":\"BreadcrumbList\",\"@id\":\"https:\\\/\\\/kt.gov.rs\\\/sq\\\/aksioni-i-organizuar-i-rregullimit-te-hapesirave-publike-tek-shtepia-e-shendetit\\\/#breadcrumb\",\"itemListElement\":[{\"@type\":\"ListItem\",\"position\":1,\"name\":\"\u041f\u043e\u0447\u0435\u0442\u043d\u0430\",\"item\":\"https:\\\/\\\/kt.gov.rs\\\/sq\\\/\"},{\"@type\":\"ListItem\",\"position\":2,\"name\":\"AKSIONI I ORGANIZUAR I RREGULLIMIT T\u00cb HAP\u00cbSIRAVE PUBLIKE TEK SHT\u00cbPIA E SH\u00cbNDETIT\"}]},{\"@type\":\"WebSite\",\"@id\":\"https:\\\/\\\/kt.gov.rs\\\/#website\",\"url\":\"https:\\\/\\\/kt.gov.rs\\\/\",\"name\":\"\u041a\u043e\u043e\u0440\u0434\u0438\u043d\u0430\u0446\u0438\u043e\u043d\u043e \u0442\u0435\u043b\u043e \u0412\u043b\u0430\u0434\u0435 \u0420\u0435\u043f\u0443\u0431\u043b\u0438\u043a\u0435 \u0421\u0440\u0431\u0438\u0458\u0435 \u0437\u0430 \u043e\u043f\u0448\u0442\u0438\u043d\u0435 \u041f\u0440\u0435\u0448\u0435\u0432\u043e, \u0411\u0443\u0458\u0430\u043d\u043e\u0432\u0430\u0446 \u0438 \u041c\u0435\u0434\u0432\u0435\u0452a\",\"description\":\"\",\"publisher\":{\"@id\":\"https:\\\/\\\/kt.gov.rs\\\/#organization\"},\"alternateName\":\"\u041a\u043e\u043e\u0440\u0434\u0438\u043d\u0430\u0446\u0438\u043e\u043d\u043e \u0442\u0435\u043b\u043e\",\"potentialAction\":[{\"@type\":\"SearchAction\",\"target\":{\"@type\":\"EntryPoint\",\"urlTemplate\":\"https:\\\/\\\/kt.gov.rs\\\/?s={search_term_string}\"},\"query-input\":{\"@type\":\"PropertyValueSpecification\",\"valueRequired\":true,\"valueName\":\"search_term_string\"}}],\"inLanguage\":\"sq-AL\"},{\"@type\":\"Organization\",\"@id\":\"https:\\\/\\\/kt.gov.rs\\\/#organization\",\"name\":\"\u041a\u043e\u043e\u0440\u0434\u0438\u043d\u0430\u0446\u0438\u043e\u043d\u043e \u0442\u0435\u043b\u043e \u0412\u043b\u0430\u0434\u0435 \u0420\u0435\u043f\u0443\u0431\u043b\u0438\u043a\u0435 \u0421\u0440\u0431\u0438\u0458\u0435 \u0437\u0430 \u043e\u043f\u0448\u0442\u0438\u043d\u0435 \u041f\u0440\u0435\u0448\u0435\u0432\u043e, \u0411\u0443\u0458\u0430\u043d\u043e\u0432\u0430\u0446 \u0438 \u041c\u0435\u0434\u0432\u0435\u0452a\",\"alternateName\":\"\u041a\u043e\u043e\u0440\u0434\u0438\u043d\u0430\u0446\u0438\u043e\u043d\u043e \u0442\u0435\u043b\u043e\",\"url\":\"https:\\\/\\\/kt.gov.rs\\\/\",\"logo\":{\"@type\":\"ImageObject\",\"inLanguage\":\"sq-AL\",\"@id\":\"https:\\\/\\\/kt.gov.rs\\\/#\\\/schema\\\/logo\\\/image\\\/\",\"url\":\"https:\\\/\\\/kt.gov.rs\\\/wp-content\\\/uploads\\\/2024\\\/12\\\/koord2.jpg\",\"contentUrl\":\"https:\\\/\\\/kt.gov.rs\\\/wp-content\\\/uploads\\\/2024\\\/12\\\/koord2.jpg\",\"width\":640,\"height\":480,\"caption\":\"\u041a\u043e\u043e\u0440\u0434\u0438\u043d\u0430\u0446\u0438\u043e\u043d\u043e \u0442\u0435\u043b\u043e \u0412\u043b\u0430\u0434\u0435 \u0420\u0435\u043f\u0443\u0431\u043b\u0438\u043a\u0435 \u0421\u0440\u0431\u0438\u0458\u0435 \u0437\u0430 \u043e\u043f\u0448\u0442\u0438\u043d\u0435 \u041f\u0440\u0435\u0448\u0435\u0432\u043e, \u0411\u0443\u0458\u0430\u043d\u043e\u0432\u0430\u0446 \u0438 \u041c\u0435\u0434\u0432\u0435\u0452a\"},\"image\":{\"@id\":\"https:\\\/\\\/kt.gov.rs\\\/#\\\/schema\\\/logo\\\/image\\\/\"},\"sameAs\":[\"https:\\\/\\\/www.facebook.com\\\/SluzbaKoordinacionogTelaVladeRepublikeSrbije\",\"https:\\\/\\\/x.com\\\/kt_gov\",\"https:\\\/\\\/www.youtube.com\\\/@koordinacionotelo\"]},{\"@type\":\"Person\",\"@id\":\"https:\\\/\\\/kt.gov.rs\\\/#\\\/schema\\\/person\\\/e426459ddb4173309103390602694571\",\"name\":\"ktmin\",\"image\":{\"@type\":\"ImageObject\",\"inLanguage\":\"sq-AL\",\"@id\":\"https:\\\/\\\/secure.gravatar.com\\\/avatar\\\/3985c961109853010c3fbc7ba30365bfba5db3dd6c525831d9c595c7525a615a?s=96&d=mm&r=g\",\"url\":\"https:\\\/\\\/secure.gravatar.com\\\/avatar\\\/3985c961109853010c3fbc7ba30365bfba5db3dd6c525831d9c595c7525a615a?s=96&d=mm&r=g\",\"contentUrl\":\"https:\\\/\\\/secure.gravatar.com\\\/avatar\\\/3985c961109853010c3fbc7ba30365bfba5db3dd6c525831d9c595c7525a615a?s=96&d=mm&r=g\",\"caption\":\"ktmin\"},\"sameAs\":[\"https:\\\/\\\/kt.gov.rs\"],\"url\":\"https:\\\/\\\/kt.gov.rs\\\/sq\\\/author\\\/ktmin\\\/\"}]}<\/script>\n<!-- \/ Yoast SEO plugin. -->","yoast_head_json":{"title":"AKSIONI I ORGANIZUAR I RREGULLIMIT T\u00cb HAP\u00cbSIRAVE PUBLIKE TEK SHT\u00cbPIA E SH\u00cbNDETIT - Republika e S\u00ebrbis\u00eb Trupi Koordinues p\u00ebr komunat Bujanoc, Preshev\u00eb dhe Medvegj\u00eb","robots":{"index":"index","follow":"follow","max-snippet":"max-snippet:-1","max-image-preview":"max-image-preview:large","max-video-preview":"max-video-preview:-1"},"canonical":"https:\/\/kt.gov.rs\/sq\/aksioni-i-organizuar-i-rregullimit-te-hapesirave-publike-tek-shtepia-e-shendetit\/","og_locale":"sq_AL","og_type":"article","og_title":"AKSIONI I ORGANIZUAR I RREGULLIMIT T\u00cb HAP\u00cbSIRAVE PUBLIKE TEK SHT\u00cbPIA E SH\u00cbNDETIT - Republika e S\u00ebrbis\u00eb Trupi Koordinues p\u00ebr komunat Bujanoc, Preshev\u00eb dhe Medvegj\u00eb","og_description":"Bujanoc -\u00a0Vet\u00ebqeverisja lokale vazhdon me pastrimin dhe rregullimin pranveror t\u00eb Bujanocit, sipas Rahim Salihit, kreut t\u00eb Departamentit Komunal p\u00ebr Investime dhe Zhvillim, dhe n\u00eb rend \u00ebsht\u00eb rregullimi dhe pastrimi i hap\u00ebsir\u00ebs tek Sht\u00ebpia e Sh\u00ebndetit n\u00eb Bujanoc.\u00a0\u00a0","og_url":"https:\/\/kt.gov.rs\/sq\/aksioni-i-organizuar-i-rregullimit-te-hapesirave-publike-tek-shtepia-e-shendetit\/","og_site_name":"Republika e S\u00ebrbis\u00eb Trupi Koordinues p\u00ebr komunat Bujanoc, Preshev\u00eb dhe Medvegj\u00eb","article_publisher":"https:\/\/www.facebook.com\/SluzbaKoordinacionogTelaVladeRepublikeSrbije","article_published_time":"2020-05-05T00:00:00+00:00","article_modified_time":"2024-07-30T18:04:59+00:00","og_image":[{"width":315,"height":230,"url":"https:\/\/kt.gov.rs\/wp-content\/uploads\/2024\/07\/1588668021_050520_4-5.jpg","type":"image\/jpeg"}],"author":"ktmin","twitter_card":"summary_large_image","twitter_creator":"@kt_gov","twitter_site":"@kt_gov","twitter_misc":{"Written by":"ktmin","Est. reading time":"2 minutes"},"schema":{"@context":"https:\/\/schema.org","@graph":[{"@type":"Article","@id":"https:\/\/kt.gov.rs\/sq\/aksioni-i-organizuar-i-rregullimit-te-hapesirave-publike-tek-shtepia-e-shendetit\/#article","isPartOf":{"@id":"https:\/\/kt.gov.rs\/sq\/aksioni-i-organizuar-i-rregullimit-te-hapesirave-publike-tek-shtepia-e-shendetit\/"},"author":{"name":"ktmin","@id":"https:\/\/kt.gov.rs\/#\/schema\/person\/e426459ddb4173309103390602694571"},"headline":"AKSIONI I ORGANIZUAR I RREGULLIMIT T\u00cb HAP\u00cbSIRAVE PUBLIKE TEK SHT\u00cbPIA E SH\u00cbNDETIT","datePublished":"2020-05-05T00:00:00+00:00","dateModified":"2024-07-30T18:04:59+00:00","mainEntityOfPage":{"@id":"https:\/\/kt.gov.rs\/sq\/aksioni-i-organizuar-i-rregullimit-te-hapesirave-publike-tek-shtepia-e-shendetit\/"},"wordCount":424,"publisher":{"@id":"https:\/\/kt.gov.rs\/#organization"},"image":{"@id":"https:\/\/kt.gov.rs\/sq\/aksioni-i-organizuar-i-rregullimit-te-hapesirave-publike-tek-shtepia-e-shendetit\/#primaryimage"},"thumbnailUrl":"https:\/\/kt.gov.rs\/wp-content\/uploads\/2024\/07\/1588668021_050520_4-5.jpg","articleSection":["Lajme"],"inLanguage":"sq-AL"},{"@type":"WebPage","@id":"https:\/\/kt.gov.rs\/sq\/aksioni-i-organizuar-i-rregullimit-te-hapesirave-publike-tek-shtepia-e-shendetit\/","url":"https:\/\/kt.gov.rs\/sq\/aksioni-i-organizuar-i-rregullimit-te-hapesirave-publike-tek-shtepia-e-shendetit\/","name":"AKSIONI I ORGANIZUAR I RREGULLIMIT T\u00cb HAP\u00cbSIRAVE PUBLIKE TEK SHT\u00cbPIA E SH\u00cbNDETIT - Republika e S\u00ebrbis\u00eb Trupi Koordinues p\u00ebr komunat Bujanoc, Preshev\u00eb dhe Medvegj\u00eb","isPartOf":{"@id":"https:\/\/kt.gov.rs\/#website"},"primaryImageOfPage":{"@id":"https:\/\/kt.gov.rs\/sq\/aksioni-i-organizuar-i-rregullimit-te-hapesirave-publike-tek-shtepia-e-shendetit\/#primaryimage"},"image":{"@id":"https:\/\/kt.gov.rs\/sq\/aksioni-i-organizuar-i-rregullimit-te-hapesirave-publike-tek-shtepia-e-shendetit\/#primaryimage"},"thumbnailUrl":"https:\/\/kt.gov.rs\/wp-content\/uploads\/2024\/07\/1588668021_050520_4-5.jpg","datePublished":"2020-05-05T00:00:00+00:00","dateModified":"2024-07-30T18:04:59+00:00","breadcrumb":{"@id":"https:\/\/kt.gov.rs\/sq\/aksioni-i-organizuar-i-rregullimit-te-hapesirave-publike-tek-shtepia-e-shendetit\/#breadcrumb"},"inLanguage":"sq-AL","potentialAction":[{"@type":"ReadAction","target":["https:\/\/kt.gov.rs\/sq\/aksioni-i-organizuar-i-rregullimit-te-hapesirave-publike-tek-shtepia-e-shendetit\/"]}]},{"@type":"ImageObject","inLanguage":"sq-AL","@id":"https:\/\/kt.gov.rs\/sq\/aksioni-i-organizuar-i-rregullimit-te-hapesirave-publike-tek-shtepia-e-shendetit\/#primaryimage","url":"https:\/\/kt.gov.rs\/wp-content\/uploads\/2024\/07\/1588668021_050520_4-5.jpg","contentUrl":"https:\/\/kt.gov.rs\/wp-content\/uploads\/2024\/07\/1588668021_050520_4-5.jpg","width":315,"height":230},{"@type":"BreadcrumbList","@id":"https:\/\/kt.gov.rs\/sq\/aksioni-i-organizuar-i-rregullimit-te-hapesirave-publike-tek-shtepia-e-shendetit\/#breadcrumb","itemListElement":[{"@type":"ListItem","position":1,"name":"\u041f\u043e\u0447\u0435\u0442\u043d\u0430","item":"https:\/\/kt.gov.rs\/sq\/"},{"@type":"ListItem","position":2,"name":"AKSIONI I ORGANIZUAR I RREGULLIMIT T\u00cb HAP\u00cbSIRAVE PUBLIKE TEK SHT\u00cbPIA E SH\u00cbNDETIT"}]},{"@type":"WebSite","@id":"https:\/\/kt.gov.rs\/#website","url":"https:\/\/kt.gov.rs\/","name":"\u041a\u043e\u043e\u0440\u0434\u0438\u043d\u0430\u0446\u0438\u043e\u043d\u043e \u0442\u0435\u043b\u043e \u0412\u043b\u0430\u0434\u0435 \u0420\u0435\u043f\u0443\u0431\u043b\u0438\u043a\u0435 \u0421\u0440\u0431\u0438\u0458\u0435 \u0437\u0430 \u043e\u043f\u0448\u0442\u0438\u043d\u0435 \u041f\u0440\u0435\u0448\u0435\u0432\u043e, \u0411\u0443\u0458\u0430\u043d\u043e\u0432\u0430\u0446 \u0438 \u041c\u0435\u0434\u0432\u0435\u0452a","description":"","publisher":{"@id":"https:\/\/kt.gov.rs\/#organization"},"alternateName":"\u041a\u043e\u043e\u0440\u0434\u0438\u043d\u0430\u0446\u0438\u043e\u043d\u043e \u0442\u0435\u043b\u043e","potentialAction":[{"@type":"SearchAction","target":{"@type":"EntryPoint","urlTemplate":"https:\/\/kt.gov.rs\/?s={search_term_string}"},"query-input":{"@type":"PropertyValueSpecification","valueRequired":true,"valueName":"search_term_string"}}],"inLanguage":"sq-AL"},{"@type":"Organization","@id":"https:\/\/kt.gov.rs\/#organization","name":"\u041a\u043e\u043e\u0440\u0434\u0438\u043d\u0430\u0446\u0438\u043e\u043d\u043e \u0442\u0435\u043b\u043e \u0412\u043b\u0430\u0434\u0435 \u0420\u0435\u043f\u0443\u0431\u043b\u0438\u043a\u0435 \u0421\u0440\u0431\u0438\u0458\u0435 \u0437\u0430 \u043e\u043f\u0448\u0442\u0438\u043d\u0435 \u041f\u0440\u0435\u0448\u0435\u0432\u043e, \u0411\u0443\u0458\u0430\u043d\u043e\u0432\u0430\u0446 \u0438 \u041c\u0435\u0434\u0432\u0435\u0452a","alternateName":"\u041a\u043e\u043e\u0440\u0434\u0438\u043d\u0430\u0446\u0438\u043e\u043d\u043e \u0442\u0435\u043b\u043e","url":"https:\/\/kt.gov.rs\/","logo":{"@type":"ImageObject","inLanguage":"sq-AL","@id":"https:\/\/kt.gov.rs\/#\/schema\/logo\/image\/","url":"https:\/\/kt.gov.rs\/wp-content\/uploads\/2024\/12\/koord2.jpg","contentUrl":"https:\/\/kt.gov.rs\/wp-content\/uploads\/2024\/12\/koord2.jpg","width":640,"height":480,"caption":"\u041a\u043e\u043e\u0440\u0434\u0438\u043d\u0430\u0446\u0438\u043e\u043d\u043e \u0442\u0435\u043b\u043e \u0412\u043b\u0430\u0434\u0435 \u0420\u0435\u043f\u0443\u0431\u043b\u0438\u043a\u0435 \u0421\u0440\u0431\u0438\u0458\u0435 \u0437\u0430 \u043e\u043f\u0448\u0442\u0438\u043d\u0435 \u041f\u0440\u0435\u0448\u0435\u0432\u043e, \u0411\u0443\u0458\u0430\u043d\u043e\u0432\u0430\u0446 \u0438 \u041c\u0435\u0434\u0432\u0435\u0452a"},"image":{"@id":"https:\/\/kt.gov.rs\/#\/schema\/logo\/image\/"},"sameAs":["https:\/\/www.facebook.com\/SluzbaKoordinacionogTelaVladeRepublikeSrbije","https:\/\/x.com\/kt_gov","https:\/\/www.youtube.com\/@koordinacionotelo"]},{"@type":"Person","@id":"https:\/\/kt.gov.rs\/#\/schema\/person\/e426459ddb4173309103390602694571","name":"ktmin","image":{"@type":"ImageObject","inLanguage":"sq-AL","@id":"https:\/\/secure.gravatar.com\/avatar\/3985c961109853010c3fbc7ba30365bfba5db3dd6c525831d9c595c7525a615a?s=96&d=mm&r=g","url":"https:\/\/secure.gravatar.com\/avatar\/3985c961109853010c3fbc7ba30365bfba5db3dd6c525831d9c595c7525a615a?s=96&d=mm&r=g","contentUrl":"https:\/\/secure.gravatar.com\/avatar\/3985c961109853010c3fbc7ba30365bfba5db3dd6c525831d9c595c7525a615a?s=96&d=mm&r=g","caption":"ktmin"},"sameAs":["https:\/\/kt.gov.rs"],"url":"https:\/\/kt.gov.rs\/sq\/author\/ktmin\/"}]}},"_links":{"self":[{"href":"https:\/\/kt.gov.rs\/sq\/wp-json\/wp\/v2\/posts\/112762","targetHints":{"allow":["GET"]}}],"collection":[{"href":"https:\/\/kt.gov.rs\/sq\/wp-json\/wp\/v2\/posts"}],"about":[{"href":"https:\/\/kt.gov.rs\/sq\/wp-json\/wp\/v2\/types\/post"}],"author":[{"embeddable":true,"href":"https:\/\/kt.gov.rs\/sq\/wp-json\/wp\/v2\/users\/1"}],"replies":[{"embeddable":true,"href":"https:\/\/kt.gov.rs\/sq\/wp-json\/wp\/v2\/comments?post=112762"}],"version-history":[{"count":1,"href":"https:\/\/kt.gov.rs\/sq\/wp-json\/wp\/v2\/posts\/112762\/revisions"}],"predecessor-version":[{"id":112766,"href":"https:\/\/kt.gov.rs\/sq\/wp-json\/wp\/v2\/posts\/112762\/revisions\/112766"}],"wp:featuredmedia":[{"embeddable":true,"href":"https:\/\/kt.gov.rs\/sq\/wp-json\/wp\/v2\/media\/112767"}],"wp:attachment":[{"href":"https:\/\/kt.gov.rs\/sq\/wp-json\/wp\/v2\/media?parent=112762"}],"wp:term":[{"taxonomy":"category","embeddable":true,"href":"https:\/\/kt.gov.rs\/sq\/wp-json\/wp\/v2\/categories?post=112762"},{"taxonomy":"post_tag","embeddable":true,"href":"https:\/\/kt.gov.rs\/sq\/wp-json\/wp\/v2\/tags?post=112762"}],"curies":[{"name":"wp","href":"https:\/\/api.w.org\/{rel}","templated":true}]}}